{"id":23890,"date":"2026-04-28T08:13:10","date_gmt":"2026-04-28T08:13:10","guid":{"rendered":"https:\/\/www.idealpropertymallorca.com\/blog\/sa-pedruscada\/"},"modified":"2026-04-28T08:13:11","modified_gmt":"2026-04-28T08:13:11","slug":"sa-pedruscada","status":"publish","type":"post","link":"https:\/\/www.idealpropertymallorca.com\/blog\/fr\/sa-pedruscada\/","title":{"rendered":"Sa Pedruscada : la crique de Majorque que tr\u00e8s peu connaissent"},"content":{"rendered":"\t\t<div data-elementor-type=\"wp-post\" data-elementor-id=\"23890\" class=\"elementor elementor-23890 elementor-23828\" data-elementor-post-type=\"post\">\n\t\t\t\t\t\t<section class=\"elementor-section elementor-top-section elementor-element elementor-element-3410ccc8 elementor-section-boxed elementor-section-height-default elementor-section-height-default\" data-id=\"3410ccc8\" data-element_type=\"section\" data-e-type=\"section\">\n\t\t\t\t\t\t<div class=\"elementor-container elementor-column-gap-default\">\n\t\t\t\t\t<div class=\"elementor-column elementor-col-100 elementor-top-column elementor-element elementor-element-3784cb46\" data-id=\"3784cb46\" data-element_type=\"column\" data-e-type=\"column\">\n\t\t\t<div class=\"elementor-widget-wrap elementor-element-populated\">\n\t\t\t\t\t\t<div class=\"elementor-element elementor-element-2ed8b696 elementor-widget elementor-widget-text-editor\" data-id=\"2ed8b696\" data-element_type=\"widget\" data-e-type=\"widget\" data-widget_type=\"text-editor.default\">\n\t\t\t\t<div class=\"elementor-widget-container\">\n\t\t\t\t\t\t\t\t\t<p style=\"font-weight: 400;\">Sa Pedruscada \u00e0 Capdepera est l&#8217;une de ces criques que vous connaissez soit parce que vous \u00eates de la r\u00e9gion, soit vous passerez probablement \u00e0 c\u00f4t\u00e9. <strong>Elle n&#8217;appara\u00eet g\u00e9n\u00e9ralement pas dans les <em>spots<\/em> touristiques, les actualit\u00e9s, les couvertures ni dans les guides conventionnels<\/strong>, mais nous allons vous en dire tellement de choses que nous sommes certains de pouvoir vous convaincre de venir la visiter et, bien s\u00fbr, de vous r\u00e9server une agr\u00e9able surprise !<\/p>\t\t\t\t\t\t\t\t<\/div>\n\t\t\t\t<\/div>\n\t\t\t\t\t<\/div>\n\t\t<\/div>\n\t\t\t\t\t<\/div>\n\t\t<\/section>\n\t\t\t\t<section class=\"elementor-section elementor-top-section elementor-element elementor-element-45ca702f elementor-section-boxed elementor-section-height-default elementor-section-height-default\" data-id=\"45ca702f\" data-element_type=\"section\" data-e-type=\"section\">\n\t\t\t\t\t\t<div class=\"elementor-container elementor-column-gap-default\">\n\t\t\t\t\t<div class=\"elementor-column elementor-col-100 elementor-top-column elementor-element elementor-element-7118918c\" data-id=\"7118918c\" data-element_type=\"column\" data-e-type=\"column\">\n\t\t\t<div class=\"elementor-widget-wrap elementor-element-populated\">\n\t\t\t\t\t\t<div class=\"elementor-element elementor-element-41343567 elementor-widget elementor-widget-table-of-contents\" data-id=\"41343567\" data-element_type=\"widget\" data-e-type=\"widget\" data-settings=\"{&quot;headings_by_tags&quot;:[&quot;h2&quot;],&quot;exclude_headings_by_selector&quot;:[],&quot;marker_view&quot;:&quot;bullets&quot;,&quot;icon&quot;:{&quot;value&quot;:&quot;&quot;,&quot;library&quot;:&quot;&quot;},&quot;no_headings_message&quot;:&quot;No headings were found on this page.&quot;,&quot;hierarchical_view&quot;:&quot;yes&quot;,&quot;min_height&quot;:{&quot;unit&quot;:&quot;px&quot;,&quot;size&quot;:&quot;&quot;,&quot;sizes&quot;:[]},&quot;min_height_tablet&quot;:{&quot;unit&quot;:&quot;px&quot;,&quot;size&quot;:&quot;&quot;,&quot;sizes&quot;:[]},&quot;min_height_mobile&quot;:{&quot;unit&quot;:&quot;px&quot;,&quot;size&quot;:&quot;&quot;,&quot;sizes&quot;:[]}}\" data-widget_type=\"table-of-contents.default\">\n\t\t\t\t<div class=\"elementor-widget-container\">\n\t\t\t\t\t\t\t\t\t<div class=\"elementor-toc__header\">\n\t\t\t\t\t\t<div class=\"elementor-toc__header-title\">\n\t\t\t\tSOMMAIRE\t\t\t<\/div>\n\t\t\t\t\t\t\t\t<\/div>\n\t\t\t\t<div id=\"elementor-toc__41343567\" class=\"elementor-toc__body\">\n\t\t\t<div class=\"elementor-toc__spinner-container\">\n\t\t\t\t<i class=\"elementor-toc__spinner eicon-animation-spin eicon-loading\" aria-hidden=\"true\"><\/i>\t\t\t<\/div>\n\t\t<\/div>\n\t\t\t\t\t\t<\/div>\n\t\t\t\t<\/div>\n\t\t\t\t\t<\/div>\n\t\t<\/div>\n\t\t\t\t\t<\/div>\n\t\t<\/section>\n\t\t\t\t<section class=\"elementor-section elementor-top-section elementor-element elementor-element-31065618 elementor-section-boxed elementor-section-height-default elementor-section-height-default\" data-id=\"31065618\" data-element_type=\"section\" data-e-type=\"section\">\n\t\t\t\t\t\t<div class=\"elementor-container elementor-column-gap-default\">\n\t\t\t\t\t<div class=\"elementor-column elementor-col-100 elementor-top-column elementor-element elementor-element-5f7b677b\" data-id=\"5f7b677b\" data-element_type=\"column\" data-e-type=\"column\">\n\t\t\t<div class=\"elementor-widget-wrap elementor-element-populated\">\n\t\t\t\t\t\t<div class=\"elementor-element elementor-element-4a91e085 elementor-widget elementor-widget-heading\" data-id=\"4a91e085\" data-element_type=\"widget\" data-e-type=\"widget\" data-widget_type=\"heading.default\">\n\t\t\t\t<div class=\"elementor-widget-container\">\n\t\t\t\t\t<h2 class=\"elementor-heading-title elementor-size-default\">Localisation et comment acc\u00e9der \u00e0 Sa Pedruscada depuis Capdepera<\/h2>\t\t\t\t<\/div>\n\t\t\t\t<\/div>\n\t\t\t\t<div class=\"elementor-element elementor-element-352903b elementor-widget elementor-widget-text-editor\" data-id=\"352903b\" data-element_type=\"widget\" data-e-type=\"widget\" data-widget_type=\"text-editor.default\">\n\t\t\t\t<div class=\"elementor-widget-container\">\n\t\t\t\t\t\t\t\t\t<p style=\"font-weight: 400;\">Cala Sa Pedruscada se trouve dans la commune de Capdepera \u2014 au nord-est de Majorque \u2014 \u00e0 seulement deux kilom\u00e8tres de <a href=\"https:\/\/www.idealpropertymallorca.com\/blog\/fr\/aventures-inoubliables-en-mediterranee-avec-des-jet-skis-a-mallorca\/cala-ratjada\/\">Cala Ratjada<\/a>, un centre touristique beaucoup plus connu et fr\u00e9quent\u00e9 par les voyageurs que le centre m\u00eame de Capdepera.<\/p><p style=\"font-weight: 400;\">La plage en elle-m\u00eame est un <strong>lieu petit et tranquille<\/strong> auquel il n&#8217;est pas difficile d&#8217;acc\u00e9der. Si vous venez en voiture depuis Capdepera, <strong>suivez les indications vers l&#8217;urbanisation Son Moll<\/strong> puis vers Sa Pedruscada ; vous pourrez vous garer dans les rues avoisinantes. <\/p><p style=\"font-weight: 400;\">Une autre option consiste \u00e0 vous garer \u00e0 Son Moll ou dans le centre de Cala Ratjada et \u00e0 vous approcher \u00e0 pied. En fait, <strong>aller \u00e0 pied est l&#8217;une des meilleures options pour d\u00e9couvrir les environs<\/strong>. Depuis la zone de la plage de Son Moll vers le sud, Sa Pedruscada se trouve \u00e0 environ 600 ou 700 m\u00e8tres \u00e0 pied et depuis Cala Ratjada \u00e0 moins de 2 km.  <\/p><p style=\"font-weight: 400;\">Vous pr\u00e9f\u00e9rez les transports en commun ? L&#8217;<strong>arr\u00eat de bus<\/strong> se trouve aux portes de la plage et la <strong>ligne 423<\/strong> y passe, reliant Sa Font de Sa Cala \u00e0 Cala Ratjada et vice versa. <\/p>\t\t\t\t\t\t\t\t<\/div>\n\t\t\t\t<\/div>\n\t\t\t\t<div class=\"elementor-element elementor-element-74899b5 elementor-widget elementor-widget-google_maps\" data-id=\"74899b5\" data-element_type=\"widget\" data-e-type=\"widget\" data-widget_type=\"google_maps.default\">\n\t\t\t\t<div class=\"elementor-widget-container\">\n\t\t\t\t\t\t\t<div class=\"elementor-custom-embed\">\n\t\t\t<iframe loading=\"lazy\"\n\t\t\t\t\tsrc=\"https:\/\/maps.google.com\/maps?q=sa%20pedruscada&#038;t=m&#038;z=12&#038;output=embed&#038;iwloc=near\"\n\t\t\t\t\ttitle=\"sa pedruscada\"\n\t\t\t\t\taria-label=\"sa pedruscada\"\n\t\t\t><\/iframe>\n\t\t<\/div>\n\t\t\t\t\t\t<\/div>\n\t\t\t\t<\/div>\n\t\t\t\t\t<\/div>\n\t\t<\/div>\n\t\t\t\t\t<\/div>\n\t\t<\/section>\n\t\t\t\t<section class=\"elementor-section elementor-top-section elementor-element elementor-element-231a5a7 elementor-section-boxed elementor-section-height-default elementor-section-height-default\" data-id=\"231a5a7\" data-element_type=\"section\" data-e-type=\"section\">\n\t\t\t\t\t\t<div class=\"elementor-container elementor-column-gap-default\">\n\t\t\t\t\t<div class=\"elementor-column elementor-col-100 elementor-top-column elementor-element elementor-element-a940a10\" data-id=\"a940a10\" data-element_type=\"column\" data-e-type=\"column\">\n\t\t\t<div class=\"elementor-widget-wrap elementor-element-populated\">\n\t\t\t\t\t\t<div class=\"elementor-element elementor-element-c062a78 elementor-widget elementor-widget-heading\" data-id=\"c062a78\" data-element_type=\"widget\" data-e-type=\"widget\" data-widget_type=\"heading.default\">\n\t\t\t\t<div class=\"elementor-widget-container\">\n\t\t\t\t\t<h2 class=\"elementor-heading-title elementor-size-default\">Caract\u00e9ristiques de Sa Pedruscada : sable, eau et fonds marins<\/h2>\t\t\t\t<\/div>\n\t\t\t\t<\/div>\n\t\t\t\t<div class=\"elementor-element elementor-element-9e5b434 elementor-widget elementor-widget-text-editor\" data-id=\"9e5b434\" data-element_type=\"widget\" data-e-type=\"widget\" data-widget_type=\"text-editor.default\">\n\t\t\t\t<div class=\"elementor-widget-container\">\n\t\t\t\t\t\t\t\t\t<p style=\"font-weight: 400;\">Nous n&#8217;allons pas vous mentir\u2026 Sa Pedruscada est petite. <strong>Elle a une forme triangulaire et mesure environ 20 m\u00e8tres de longueur.<\/strong><\/p><p style=\"font-weight: 400;\">Ne vous demandez-vous pas pourquoi elle s&#8217;appelle ainsi ? <strong>Elle doit son nom aux pierres et galets qui forment cette portion du littoral<\/strong>, comme il ne pouvait en \u00eatre autrement. Et quelque chose qui n&#8217;est pas implicite dans sa d\u00e9nomination, c&#8217;est l&#8217;eau, qui est propre et cristalline avec des fonds rocheux. N&#8217;attendez pas de grandes profondeurs, mais beaucoup de vie marine entre ses rochers.  <\/p>\t\t\t\t\t\t\t\t<\/div>\n\t\t\t\t<\/div>\n\t\t\t\t\t<\/div>\n\t\t<\/div>\n\t\t\t\t\t<\/div>\n\t\t<\/section>\n\t\t\t\t<section class=\"elementor-section elementor-top-section elementor-element elementor-element-06155d4 elementor-section-boxed elementor-section-height-default elementor-section-height-default\" data-id=\"06155d4\" data-element_type=\"section\" data-e-type=\"section\">\n\t\t\t\t\t\t<div class=\"elementor-container elementor-column-gap-default\">\n\t\t\t\t\t<div class=\"elementor-column elementor-col-100 elementor-top-column elementor-element elementor-element-838f726\" data-id=\"838f726\" data-element_type=\"column\" data-e-type=\"column\">\n\t\t\t<div class=\"elementor-widget-wrap elementor-element-populated\">\n\t\t\t\t\t\t<div class=\"elementor-element elementor-element-e5d308e elementor-widget elementor-widget-heading\" data-id=\"e5d308e\" data-element_type=\"widget\" data-e-type=\"widget\" data-widget_type=\"heading.default\">\n\t\t\t\t<div class=\"elementor-widget-container\">\n\t\t\t\t\t<h2 class=\"elementor-heading-title elementor-size-default\">Qu'est-ce qui rend Cala Sa Pedruscada sp\u00e9ciale ? <\/h2>\t\t\t\t<\/div>\n\t\t\t\t<\/div>\n\t\t\t\t<div class=\"elementor-element elementor-element-322a32f elementor-widget elementor-widget-text-editor\" data-id=\"322a32f\" data-element_type=\"widget\" data-e-type=\"widget\" data-widget_type=\"text-editor.default\">\n\t\t\t\t<div class=\"elementor-widget-container\">\n\t\t\t\t\t\t\t\t\t<p style=\"font-weight: 400;\">Ce qui rend Sa Pedruscada unique, ce sont les <strong>anciennes maisons de p\u00eacheurs, les petites barques qui l&#8217;entourent, les piscines naturelles de roche et la faible affluence<\/strong>. La premi\u00e8re ligne de plage se compose de rez-de-chauss\u00e9e anciens et d&#8217;une petite jet\u00e9e sur la marge droite qui sert parfois d&#8217;embarcad\u00e8re. <\/p><p style=\"font-weight: 400;\">Et si vous ne voulez pas venir prendre le soleil ici, venez le matin \u2014 de bonne heure \u2014 et admirez ses environs, ou en fin d&#8217;apr\u00e8s-midi et <strong>profitez du spectacle du soleil qui descend et change les tons<\/strong> \u2014 de plus en plus chauds \u2014 des pierres et de la mer.<\/p>\t\t\t\t\t\t\t\t<\/div>\n\t\t\t\t<\/div>\n\t\t\t\t<div class=\"elementor-element elementor-element-01dab87 elementor-widget elementor-widget-image\" data-id=\"01dab87\" data-element_type=\"widget\" data-e-type=\"widget\" data-widget_type=\"image.default\">\n\t\t\t\t<div class=\"elementor-widget-container\">\n\t\t\t\t\t\t\t\t\t\t\t\t\t\t\t<img decoding=\"async\" src=\"https:\/\/www.idealpropertymallorca.com\/blog\/wp-content\/uploads\/elementor\/thumbs\/Sa-Pedruscada-rmfny881jt133hslg55m2szppi0y56who80qfpvuy8.webp\" title=\"Sa-Pedruscada\" alt=\"Sa-Pedruscada\" loading=\"lazy\" \/>\t\t\t\t\t\t\t\t\t\t\t\t\t\t\t<\/div>\n\t\t\t\t<\/div>\n\t\t\t\t\t<\/div>\n\t\t<\/div>\n\t\t\t\t\t<\/div>\n\t\t<\/section>\n\t\t\t\t<section class=\"elementor-section elementor-top-section elementor-element elementor-element-4e1fa58 elementor-section-boxed elementor-section-height-default elementor-section-height-default\" data-id=\"4e1fa58\" data-element_type=\"section\" data-e-type=\"section\">\n\t\t\t\t\t\t<div class=\"elementor-container elementor-column-gap-default\">\n\t\t\t\t\t<div class=\"elementor-column elementor-col-100 elementor-top-column elementor-element elementor-element-aa86384\" data-id=\"aa86384\" data-element_type=\"column\" data-e-type=\"column\">\n\t\t\t<div class=\"elementor-widget-wrap elementor-element-populated\">\n\t\t\t\t\t\t<div class=\"elementor-element elementor-element-20cd4f9 elementor-widget elementor-widget-heading\" data-id=\"20cd4f9\" data-element_type=\"widget\" data-e-type=\"widget\" data-widget_type=\"heading.default\">\n\t\t\t\t<div class=\"elementor-widget-container\">\n\t\t\t\t\t<h2 class=\"elementor-heading-title elementor-size-default\">Services de Sa Pedruscada <\/h2>\t\t\t\t<\/div>\n\t\t\t\t<\/div>\n\t\t\t\t<div class=\"elementor-element elementor-element-90d3efd elementor-widget elementor-widget-text-editor\" data-id=\"90d3efd\" data-element_type=\"widget\" data-e-type=\"widget\" data-widget_type=\"text-editor.default\">\n\t\t\t\t<div class=\"elementor-widget-container\">\n\t\t\t\t\t\t\t\t\t<p style=\"font-weight: 400;\">Ce n&#8217;est une surprise pour personne que Sa Pedruscada <strong>manque totalement de services<\/strong>, c&#8217;est pourquoi peut-\u00eatre peu de personnes la choisissent pour passer leurs vacances \u00e0 Majorque. Cependant, <strong>en apportant de l&#8217;eau et quelque chose \u00e0 grignoter, vous pouvez passer ici l&#8217;apr\u00e8s-midi, la matin\u00e9e ou la journ\u00e9e enti\u00e8re et \u00eatre tr\u00e8s tranquille.<\/strong> <\/p><p style=\"font-weight: 400;\">Il n&#8217;y a pas de bars, de chiringuitos, de douches, de poubelles, de ma\u00eetre-nageur et pas non plus d&#8217;\u00e9tablissements de location de mat\u00e9riel pour pratiquer des activit\u00e9s aquatiques, de parasols ni de transats. Rien du tout. <\/p><p style=\"font-weight: 400;\">Et cela, loin d&#8217;\u00eatre un probl\u00e8me, fait partie de son charme. La r\u00e9compense est une crique pratiquement sans surfr\u00e9quentation, avec l&#8217;eau et la plage pratiquement rien que pour vous. <\/p>\t\t\t\t\t\t\t\t<\/div>\n\t\t\t\t<\/div>\n\t\t\t\t\t<\/div>\n\t\t<\/div>\n\t\t\t\t\t<\/div>\n\t\t<\/section>\n\t\t\t\t<section class=\"elementor-section elementor-top-section elementor-element elementor-element-219b130 elementor-section-boxed elementor-section-height-default elementor-section-height-default\" data-id=\"219b130\" data-element_type=\"section\" data-e-type=\"section\">\n\t\t\t\t\t\t<div class=\"elementor-container elementor-column-gap-default\">\n\t\t\t\t\t<div class=\"elementor-column elementor-col-100 elementor-top-column elementor-element elementor-element-163cb6a\" data-id=\"163cb6a\" data-element_type=\"column\" data-e-type=\"column\">\n\t\t\t<div class=\"elementor-widget-wrap elementor-element-populated\">\n\t\t\t\t\t\t<div class=\"elementor-element elementor-element-816f505 elementor-widget elementor-widget-heading\" data-id=\"816f505\" data-element_type=\"widget\" data-e-type=\"widget\" data-widget_type=\"heading.default\">\n\t\t\t\t<div class=\"elementor-widget-container\">\n\t\t\t\t\t<h2 class=\"elementor-heading-title elementor-size-default\">Que pouvez-vous faire \u00e0 Sa Pedruscada ? <\/h2>\t\t\t\t<\/div>\n\t\t\t\t<\/div>\n\t\t\t\t<div class=\"elementor-element elementor-element-1b85b6f elementor-widget elementor-widget-text-editor\" data-id=\"1b85b6f\" data-element_type=\"widget\" data-e-type=\"widget\" data-widget_type=\"text-editor.default\">\n\t\t\t\t<div class=\"elementor-widget-container\">\n\t\t\t\t\t\t\t\t\t<p style=\"font-weight: 400;\"><strong>Le snorkeling est sans aucun doute l&#8217;activit\u00e9 phare<\/strong>. Les fonds rocheux peu profonds sont id\u00e9aux pour pratiquer la plong\u00e9e de surface et, de plus, la clart\u00e9 de l&#8217;eau vous permettra de voir parfaitement la vie qui se cache entre les rochers. <\/p><p style=\"font-weight: 400;\">La <strong>randonn\u00e9e c\u00f4ti\u00e8re<\/strong> est une autre excellente option, car Sa Pedruscada fait partie de l&#8217;<strong>itin\u00e9raire entre Son Moll et Sa Font de Sa Cala<\/strong>, un parcours qui traverse de petites criques, d&#8217;anciennes demeures de vill\u00e9giature et de color\u00e9es maisons de p\u00eacheurs. Si nous vous avons incit\u00e9 plus t\u00f4t \u00e0 venir \u00e0 pied, ce sera pour une bonne raison. <\/p><p style=\"font-weight: 400;\">Et si vous avez votre propre embarcation ou si vous envisagez d&#8217;en louer une, la plateforme de la crique peut parfaitement vous servir pour mettre \u00e0 l&#8217;eau une barque de petites dimensions. Le port nautique le plus proche est le Club N\u00e0utic Cala Ratjada, \u00e0 un mille marin. <\/p>\t\t\t\t\t\t\t\t<\/div>\n\t\t\t\t<\/div>\n\t\t\t\t<div class=\"elementor-element elementor-element-8d0ecc9 elementor-widget elementor-widget-image\" data-id=\"8d0ecc9\" data-element_type=\"widget\" data-e-type=\"widget\" data-widget_type=\"image.default\">\n\t\t\t\t<div class=\"elementor-widget-container\">\n\t\t\t\t\t\t\t\t\t\t\t\t\t\t\t<img decoding=\"async\" src=\"https:\/\/www.idealpropertymallorca.com\/blog\/wp-content\/uploads\/elementor\/thumbs\/Sa-Pedruscada-mallorca-rmfo1r496fusmuo9v608xeyxwini0bw95o3a82npm8.webp\" title=\"Sa-Pedruscada-mallorca\" alt=\"Sa-Pedruscada-mallorca\" loading=\"lazy\" \/>\t\t\t\t\t\t\t\t\t\t\t\t\t\t\t<\/div>\n\t\t\t\t<\/div>\n\t\t\t\t\t<\/div>\n\t\t<\/div>\n\t\t\t\t\t<\/div>\n\t\t<\/section>\n\t\t\t\t<section class=\"elementor-section elementor-top-section elementor-element elementor-element-333331e elementor-section-boxed elementor-section-height-default elementor-section-height-default\" data-id=\"333331e\" data-element_type=\"section\" data-e-type=\"section\">\n\t\t\t\t\t\t<div class=\"elementor-container elementor-column-gap-default\">\n\t\t\t\t\t<div class=\"elementor-column elementor-col-100 elementor-top-column elementor-element elementor-element-8ffae9a\" data-id=\"8ffae9a\" data-element_type=\"column\" data-e-type=\"column\">\n\t\t\t<div class=\"elementor-widget-wrap elementor-element-populated\">\n\t\t\t\t\t\t<div class=\"elementor-element elementor-element-895889f elementor-widget elementor-widget-heading\" data-id=\"895889f\" data-element_type=\"widget\" data-e-type=\"widget\" data-widget_type=\"heading.default\">\n\t\t\t\t<div class=\"elementor-widget-container\">\n\t\t\t\t\t<h2 class=\"elementor-heading-title elementor-size-default\">Comment compl\u00e9ter la journ\u00e9e de visite \u00e0 Cala Sa Pedruscada <\/h2>\t\t\t\t<\/div>\n\t\t\t\t<\/div>\n\t\t\t\t<div class=\"elementor-element elementor-element-5637fcc elementor-widget elementor-widget-text-editor\" data-id=\"5637fcc\" data-element_type=\"widget\" data-e-type=\"widget\" data-widget_type=\"text-editor.default\">\n\t\t\t\t<div class=\"elementor-widget-container\">\n\t\t\t\t\t\t\t\t\t<p style=\"font-weight: 400;\">Sa Pedruscada est parfaite si vous envisagez de faire un parcours dans le nord-est de Majorque. L&#8217;id\u00e9al est de <strong>profiter de tout ce qu&#8217;il y a <\/strong><strong><a href=\"https:\/\/www.idealpropertymallorca.com\/blog\/fr\/que-voir-capdepera\/\">\u00e0 voir \u00e0 Capdepera<\/a><\/strong> : le <a href=\"https:\/\/www.idealpropertymallorca.com\/blog\/fr\/chateau-de-capdepera\/\">Ch\u00e2teau de Capdepera<\/a>, une forteresse m\u00e9di\u00e9vale du XIVe si\u00e8cle avec des vues spectaculaires, et aussi le <a href=\"https:\/\/www.idealpropertymallorca.com\/blog\/fr\/phare-de-capdepera\/\">Phare de Capdepera<\/a>, le point d&#8217;observation le plus \u00e9lev\u00e9 de la zone d&#8217;o\u00f9, par temps clair, on aper\u00e7oit Minorque. <\/p><p style=\"font-weight: 400;\">Un autre incontournable est de <strong>passer par <\/strong><strong><a href=\"https:\/\/www.idealpropertymallorca.com\/blog\/fr\/sa-font-de-sa-cala-mallorca\/\">Sa Font de Sa Cala<\/a><\/strong><strong>, une autre des <a href=\"https:\/\/www.idealpropertymallorca.com\/blog\/fr\/plages-capdepera\/\">plages de Capdepera<\/a><\/strong><strong> qui m\u00e9rite d&#8217;\u00eatre visit\u00e9e et qui, dans ce cas, dispose bien de services<\/strong> comme des douches, des toilettes, la location de hamacs et de parasols et m\u00eame un poste de secours.<\/p><p style=\"font-weight: 400;\">Et si vous voulez poursuivre l&#8217;itin\u00e9raire le long du littoral, vous ne pouvez pas manquer Cala Agulla ou Cala Mesquida.<\/p><p style=\"font-weight: 400;\">Quand viendra l&#8217;heure de d\u00e9jeuner, <strong>ne laissez pas passer l&#8217;occasion de go\u00fbter la <\/strong><strong><a href=\"https:\/\/www.idealpropertymallorca.com\/blog\/fr\/cusine-typique-de-mallorca-et-ce-quil-faut-manger-dans-les-iles\/\">cuisine typique de Majorque<\/a><\/strong> : un bon <em>tumbet<\/em> ou <em>tombet<\/em>, un <em>arr\u00f2s brut<\/em>, un poisson frais \u00e0 la majorquine ou la typique sobrasada.<\/p>\t\t\t\t\t\t\t\t<\/div>\n\t\t\t\t<\/div>\n\t\t\t\t\t<\/div>\n\t\t<\/div>\n\t\t\t\t\t<\/div>\n\t\t<\/section>\n\t\t\t\t<section class=\"elementor-section elementor-top-section elementor-element elementor-element-3bc3b26a elementor-section-boxed elementor-section-height-default elementor-section-height-default\" data-id=\"3bc3b26a\" data-element_type=\"section\" data-e-type=\"section\">\n\t\t\t\t\t\t<div class=\"elementor-container elementor-column-gap-default\">\n\t\t\t\t\t<div class=\"elementor-column elementor-col-100 elementor-top-column elementor-element elementor-element-4c633e59\" data-id=\"4c633e59\" data-element_type=\"column\" data-e-type=\"column\">\n\t\t\t<div class=\"elementor-widget-wrap elementor-element-populated\">\n\t\t\t\t\t\t<div class=\"elementor-element elementor-element-231896ff elementor-widget elementor-widget-heading\" data-id=\"231896ff\" data-element_type=\"widget\" data-e-type=\"widget\" data-widget_type=\"heading.default\">\n\t\t\t\t<div class=\"elementor-widget-container\">\n\t\t\t\t\t<h2 class=\"elementor-heading-title elementor-size-default\">Venez-vous visiter Sa Pedruscada ?<\/h2>\t\t\t\t<\/div>\n\t\t\t\t<\/div>\n\t\t\t\t<div class=\"elementor-element elementor-element-38f90332 elementor-widget elementor-widget-text-editor\" data-id=\"38f90332\" data-element_type=\"widget\" data-e-type=\"widget\" data-widget_type=\"text-editor.default\">\n\t\t\t\t<div class=\"elementor-widget-container\">\n\t\t\t\t\t\t\t\t\t<p style=\"font-weight: 400;\">Comme vous le voyez, Cala Sa Pedruscada n&#8217;est pas con\u00e7ue pour tous les publics ; seulement pour ceux qui veulent apporter leurs affaires et ramener les d\u00e9chets qu&#8217;ils g\u00e9n\u00e8rent et pour tous ceux qui recherchons <strong>une plage peu fr\u00e9quent\u00e9e et extr\u00eamement belle<\/strong>. \u00cates-vous l&#8217;un d&#8217;entre eux ? <\/p><p style=\"font-weight: 400;\">Alors trouvez un h\u00e9bergement pr\u00e8s de Sa Pedruscada et lancez-vous \u00e0 la d\u00e9couverte de la zone. Nous vous avons donn\u00e9 un aper\u00e7u de certaines des choses que vous pouvez faire par ici, mais faites-nous confiance si nous vous disons que la liste est interminable. Presque aussi longue que celle des h\u00e9bergements que nous avons chez <a href=\"https:\/\/www.idealpropertymallorca.com\/\">Ideal Property<\/a> \u00e0 Capdepera, Cala Ratjada, Cala Mesquida et \u00e0 Son Servera \u2014 qui est \u00e9galement tr\u00e8s proche \u2014.  <\/p><p style=\"font-weight: 400;\">Jetez-vous un \u0153il et r\u00e9servez le v\u00f4tre ? Il y a des maisons, des villas et des appartements pour tous les go\u00fbts et tous les besoins. <\/p>\t\t\t\t\t\t\t\t<\/div>\n\t\t\t\t<\/div>\n\t\t\t\t\t<\/div>\n\t\t<\/div>\n\t\t\t\t\t<\/div>\n\t\t<\/section>\n\t\t\t\t<section class=\"elementor-section elementor-top-section elementor-element elementor-element-49ede411 elementor-section-boxed elementor-section-height-default elementor-section-height-default\" data-id=\"49ede411\" data-element_type=\"section\" data-e-type=\"section\">\n\t\t\t\t\t\t<div class=\"elementor-container elementor-column-gap-default\">\n\t\t\t\t\t<div class=\"elementor-column elementor-col-100 elementor-top-column elementor-element elementor-element-40e01ec8\" data-id=\"40e01ec8\" data-element_type=\"column\" data-e-type=\"column\">\n\t\t\t<div class=\"elementor-widget-wrap elementor-element-populated\">\n\t\t\t\t\t\t<div class=\"elementor-element elementor-element-275cdf43 elementor-widget elementor-widget-shortcode\" data-id=\"275cdf43\" data-element_type=\"widget\" data-e-type=\"widget\" data-widget_type=\"shortcode.default\">\n\t\t\t\t<div class=\"elementor-widget-container\">\n\t\t\t\t\t\t\t<div class=\"elementor-shortcode\">\t\t<div data-elementor-type=\"section\" data-elementor-id=\"14672\" class=\"elementor elementor-14672 elementor-1954 elementor-1954\" data-elementor-post-type=\"elementor_library\">\n\t\t\t\t\t<section class=\"elementor-section elementor-top-section elementor-element elementor-element-5778b12d elementor-section-boxed elementor-section-height-default elementor-section-height-default\" data-id=\"5778b12d\" data-element_type=\"section\" data-e-type=\"section\">\n\t\t\t\t\t\t<div class=\"elementor-container elementor-column-gap-default\">\n\t\t\t\t\t<div class=\"elementor-column elementor-col-33 elementor-top-column elementor-element elementor-element-7b63db41\" data-id=\"7b63db41\" data-element_type=\"column\" data-e-type=\"column\">\n\t\t\t<div class=\"elementor-widget-wrap elementor-element-populated\">\n\t\t\t\t\t\t<div class=\"elementor-element elementor-element-6130cb39 elementor-align-center elementor-widget elementor-widget-button\" data-id=\"6130cb39\" data-element_type=\"widget\" data-e-type=\"widget\" data-widget_type=\"button.default\">\n\t\t\t\t<div class=\"elementor-widget-container\">\n\t\t\t\t\t\t\t\t\t<div class=\"elementor-button-wrapper\">\n\t\t\t\t\t<a class=\"elementor-button elementor-button-link elementor-size-sm\" href=\"https:\/\/www.idealpropertymallorca.com\/fr\/location-appartement-a-majorque\">\n\t\t\t\t\t\t<span class=\"elementor-button-content-wrapper\">\n\t\t\t\t\t\t\t\t\t<span class=\"elementor-button-text\">Appartements \u00e0 Majorque<\/span>\n\t\t\t\t\t<\/span>\n\t\t\t\t\t<\/a>\n\t\t\t\t<\/div>\n\t\t\t\t\t\t\t\t<\/div>\n\t\t\t\t<\/div>\n\t\t\t\t\t<\/div>\n\t\t<\/div>\n\t\t\t\t<div class=\"elementor-column elementor-col-33 elementor-top-column elementor-element elementor-element-22b4a260\" data-id=\"22b4a260\" data-element_type=\"column\" data-e-type=\"column\">\n\t\t\t<div class=\"elementor-widget-wrap elementor-element-populated\">\n\t\t\t\t\t\t<div class=\"elementor-element elementor-element-79a06728 elementor-align-center elementor-widget elementor-widget-button\" data-id=\"79a06728\" data-element_type=\"widget\" data-e-type=\"widget\" data-widget_type=\"button.default\">\n\t\t\t\t<div class=\"elementor-widget-container\">\n\t\t\t\t\t\t\t\t\t<div class=\"elementor-button-wrapper\">\n\t\t\t\t\t<a class=\"elementor-button elementor-button-link elementor-size-sm\" href=\"https:\/\/www.idealpropertymallorca.com\/fr\/location-maison-majorque\/\">\n\t\t\t\t\t\t<span class=\"elementor-button-content-wrapper\">\n\t\t\t\t\t\t\t\t\t<span class=\"elementor-button-text\">Maisons de vacances \u00e0 Majorque<\/span>\n\t\t\t\t\t<\/span>\n\t\t\t\t\t<\/a>\n\t\t\t\t<\/div>\n\t\t\t\t\t\t\t\t<\/div>\n\t\t\t\t<\/div>\n\t\t\t\t\t<\/div>\n\t\t<\/div>\n\t\t\t\t<div class=\"elementor-column elementor-col-33 elementor-top-column elementor-element elementor-element-6d69c362\" data-id=\"6d69c362\" data-element_type=\"column\" data-e-type=\"column\">\n\t\t\t<div class=\"elementor-widget-wrap elementor-element-populated\">\n\t\t\t\t\t\t<div class=\"elementor-element elementor-element-2baf2346 elementor-align-center elementor-widget elementor-widget-button\" data-id=\"2baf2346\" data-element_type=\"widget\" data-e-type=\"widget\" data-widget_type=\"button.default\">\n\t\t\t\t<div class=\"elementor-widget-container\">\n\t\t\t\t\t\t\t\t\t<div class=\"elementor-button-wrapper\">\n\t\t\t\t\t<a class=\"elementor-button elementor-button-link elementor-size-sm\" href=\"https:\/\/www.idealpropertymallorca.com\/fr\/finca-majorque\/\">\n\t\t\t\t\t\t<span class=\"elementor-button-content-wrapper\">\n\t\t\t\t\t\t\t\t\t<span class=\"elementor-button-text\">Propri\u00e9t\u00e9s rurales \u00e0 Majorque<\/span>\n\t\t\t\t\t<\/span>\n\t\t\t\t\t<\/a>\n\t\t\t\t<\/div>\n\t\t\t\t\t\t\t\t<\/div>\n\t\t\t\t<\/div>\n\t\t\t\t\t<\/div>\n\t\t<\/div>\n\t\t\t\t\t<\/div>\n\t\t<\/section>\n\t\t\t\t<\/div>\n\t\t<\/div>\n\t\t\t\t\t\t<\/div>\n\t\t\t\t<\/div>\n\t\t\t\t\t<\/div>\n\t\t<\/div>\n\t\t\t\t\t<\/div>\n\t\t<\/section>\n\t\t\t\t<\/div>\n\t\t","protected":false},"excerpt":{"rendered":"<p>Sa Pedruscada \u00e0 Capdepera est l&#8217;une de ces criques que vous connaissez soit parce que vous \u00eates de la r\u00e9gion, soit vous passerez probablement \u00e0 c\u00f4t\u00e9. Elle n&#8217;appara\u00eet g\u00e9n\u00e9ralement pas dans les spots touristiques, les actualit\u00e9s, les couvertures ni dans les guides conventionnels, mais nous allons vous en dire tellement de choses que nous sommes [&hellip;]<\/p>\n","protected":false},"author":8,"featured_media":23852,"comment_status":"open","ping_status":"open","sticky":false,"template":"","format":"standard","meta":{"footnotes":""},"categories":[762],"tags":[],"class_list":["post-23890","post","type-post","status-publish","format-standard","has-post-thumbnail","hentry","category-criques"],"yoast_head":"<!-- This site is optimized with the Yoast SEO plugin v27.4 - https:\/\/yoast.com\/product\/yoast-seo-wordpress\/ -->\n<title>Sa Pedruscada : la crique de Majorque que tr\u00e8s peu connaissent - Majorca Blog<\/title>\n<meta name=\"description\" content=\"Venez visiter Sa Pedruscada \u00e0 Capdepera, une petite crique peu connue et id\u00e9ale pour profiter du littoral, faire du snorkeling et explorer les environs.\" \/>\n<meta name=\"robots\" content=\"index, follow, max-snippet:-1, max-image-preview:large, max-video-preview:-1\" \/>\n<link rel=\"canonical\" href=\"https:\/\/www.idealpropertymallorca.com\/blog\/fr\/sa-pedruscada\/\" \/>\n<meta property=\"og:locale\" content=\"fr_FR\" \/>\n<meta property=\"og:type\" content=\"article\" \/>\n<meta property=\"og:title\" content=\"Sa Pedruscada : la crique de Majorque que tr\u00e8s peu connaissent - Majorca Blog\" \/>\n<meta property=\"og:description\" content=\"Venez visiter Sa Pedruscada \u00e0 Capdepera, une petite crique peu connue et id\u00e9ale pour profiter du littoral, faire du snorkeling et explorer les environs.\" \/>\n<meta property=\"og:url\" content=\"https:\/\/www.idealpropertymallorca.com\/blog\/fr\/sa-pedruscada\/\" \/>\n<meta property=\"og:site_name\" content=\"Majorca Blog\" \/>\n<meta property=\"article:published_time\" content=\"2026-04-28T08:13:10+00:00\" \/>\n<meta property=\"article:modified_time\" content=\"2026-04-28T08:13:11+00:00\" \/>\n<meta property=\"og:image\" content=\"https:\/\/www.idealpropertymallorca.com\/blog\/wp-content\/uploads\/2026\/04\/Sa-Pedruscada-visitar-mallorca-1-1.jpg\" \/>\n\t<meta property=\"og:image:width\" content=\"1655\" \/>\n\t<meta property=\"og:image:height\" content=\"642\" \/>\n\t<meta property=\"og:image:type\" content=\"image\/jpeg\" \/>\n<meta name=\"author\" content=\"Laura\" \/>\n<meta name=\"twitter:card\" content=\"summary_large_image\" \/>\n<meta name=\"twitter:label1\" content=\"Written by\" \/>\n\t<meta name=\"twitter:data1\" content=\"Laura\" \/>\n\t<meta name=\"twitter:label2\" content=\"Est. reading time\" \/>\n\t<meta name=\"twitter:data2\" content=\"6 minutes\" \/>\n<script type=\"application\/ld+json\" class=\"yoast-schema-graph\">{\"@context\":\"https:\\\/\\\/schema.org\",\"@graph\":[{\"@type\":\"Article\",\"@id\":\"https:\\\/\\\/www.idealpropertymallorca.com\\\/blog\\\/fr\\\/sa-pedruscada\\\/#article\",\"isPartOf\":{\"@id\":\"https:\\\/\\\/www.idealpropertymallorca.com\\\/blog\\\/fr\\\/sa-pedruscada\\\/\"},\"author\":{\"name\":\"Laura\",\"@id\":\"https:\\\/\\\/www.idealpropertymallorca.com\\\/blog\\\/fr\\\/#\\\/schema\\\/person\\\/53b99bcf6881b706ccaf30eb50de4c8e\"},\"headline\":\"Sa Pedruscada : la crique de Majorque que tr\u00e8s peu connaissent\",\"datePublished\":\"2026-04-28T08:13:10+00:00\",\"dateModified\":\"2026-04-28T08:13:11+00:00\",\"mainEntityOfPage\":{\"@id\":\"https:\\\/\\\/www.idealpropertymallorca.com\\\/blog\\\/fr\\\/sa-pedruscada\\\/\"},\"wordCount\":1173,\"commentCount\":0,\"publisher\":{\"@id\":\"https:\\\/\\\/www.idealpropertymallorca.com\\\/blog\\\/fr\\\/#organization\"},\"image\":{\"@id\":\"https:\\\/\\\/www.idealpropertymallorca.com\\\/blog\\\/fr\\\/sa-pedruscada\\\/#primaryimage\"},\"thumbnailUrl\":\"https:\\\/\\\/www.idealpropertymallorca.com\\\/blog\\\/wp-content\\\/uploads\\\/2026\\\/04\\\/Sa-Pedruscada-visitar-mallorca-1-1.jpg\",\"articleSection\":[\"Criques\"],\"inLanguage\":\"fr\",\"potentialAction\":[{\"@type\":\"CommentAction\",\"name\":\"Comment\",\"target\":[\"https:\\\/\\\/www.idealpropertymallorca.com\\\/blog\\\/fr\\\/sa-pedruscada\\\/#respond\"]}]},{\"@type\":\"WebPage\",\"@id\":\"https:\\\/\\\/www.idealpropertymallorca.com\\\/blog\\\/fr\\\/sa-pedruscada\\\/\",\"url\":\"https:\\\/\\\/www.idealpropertymallorca.com\\\/blog\\\/fr\\\/sa-pedruscada\\\/\",\"name\":\"Sa Pedruscada : la crique de Majorque que tr\u00e8s peu connaissent - Majorca Blog\",\"isPartOf\":{\"@id\":\"https:\\\/\\\/www.idealpropertymallorca.com\\\/blog\\\/fr\\\/#website\"},\"primaryImageOfPage\":{\"@id\":\"https:\\\/\\\/www.idealpropertymallorca.com\\\/blog\\\/fr\\\/sa-pedruscada\\\/#primaryimage\"},\"image\":{\"@id\":\"https:\\\/\\\/www.idealpropertymallorca.com\\\/blog\\\/fr\\\/sa-pedruscada\\\/#primaryimage\"},\"thumbnailUrl\":\"https:\\\/\\\/www.idealpropertymallorca.com\\\/blog\\\/wp-content\\\/uploads\\\/2026\\\/04\\\/Sa-Pedruscada-visitar-mallorca-1-1.jpg\",\"datePublished\":\"2026-04-28T08:13:10+00:00\",\"dateModified\":\"2026-04-28T08:13:11+00:00\",\"description\":\"Venez visiter Sa Pedruscada \u00e0 Capdepera, une petite crique peu connue et id\u00e9ale pour profiter du littoral, faire du snorkeling et explorer les environs.\",\"inLanguage\":\"fr\",\"potentialAction\":[{\"@type\":\"ReadAction\",\"target\":[\"https:\\\/\\\/www.idealpropertymallorca.com\\\/blog\\\/fr\\\/sa-pedruscada\\\/\"]}]},{\"@type\":\"ImageObject\",\"inLanguage\":\"fr\",\"@id\":\"https:\\\/\\\/www.idealpropertymallorca.com\\\/blog\\\/fr\\\/sa-pedruscada\\\/#primaryimage\",\"url\":\"https:\\\/\\\/www.idealpropertymallorca.com\\\/blog\\\/wp-content\\\/uploads\\\/2026\\\/04\\\/Sa-Pedruscada-visitar-mallorca-1-1.jpg\",\"contentUrl\":\"https:\\\/\\\/www.idealpropertymallorca.com\\\/blog\\\/wp-content\\\/uploads\\\/2026\\\/04\\\/Sa-Pedruscada-visitar-mallorca-1-1.jpg\",\"width\":1655,\"height\":642},{\"@type\":\"WebSite\",\"@id\":\"https:\\\/\\\/www.idealpropertymallorca.com\\\/blog\\\/fr\\\/#website\",\"url\":\"https:\\\/\\\/www.idealpropertymallorca.com\\\/blog\\\/fr\\\/\",\"name\":\"Majorca Blog\",\"description\":\"Find relevant tourist information to see and do on the island of Mallorca during your holiday. Discover the best places and tips!\",\"publisher\":{\"@id\":\"https:\\\/\\\/www.idealpropertymallorca.com\\\/blog\\\/fr\\\/#organization\"},\"potentialAction\":[{\"@type\":\"SearchAction\",\"target\":{\"@type\":\"EntryPoint\",\"urlTemplate\":\"https:\\\/\\\/www.idealpropertymallorca.com\\\/blog\\\/fr\\\/?s={search_term_string}\"},\"query-input\":{\"@type\":\"PropertyValueSpecification\",\"valueRequired\":true,\"valueName\":\"search_term_string\"}}],\"inLanguage\":\"fr\"},{\"@type\":\"Organization\",\"@id\":\"https:\\\/\\\/www.idealpropertymallorca.com\\\/blog\\\/fr\\\/#organization\",\"name\":\"Majorca Blog\",\"url\":\"https:\\\/\\\/www.idealpropertymallorca.com\\\/blog\\\/fr\\\/\",\"logo\":{\"@type\":\"ImageObject\",\"inLanguage\":\"fr\",\"@id\":\"https:\\\/\\\/www.idealpropertymallorca.com\\\/blog\\\/fr\\\/#\\\/schema\\\/logo\\\/image\\\/\",\"url\":\"https:\\\/\\\/www.idealpropertymallorca.com\\\/blog\\\/wp-content\\\/uploads\\\/2024\\\/10\\\/ideal-property-mallorca-blue-mobile.png\",\"contentUrl\":\"https:\\\/\\\/www.idealpropertymallorca.com\\\/blog\\\/wp-content\\\/uploads\\\/2024\\\/10\\\/ideal-property-mallorca-blue-mobile.png\",\"width\":500,\"height\":150,\"caption\":\"Majorca Blog\"},\"image\":{\"@id\":\"https:\\\/\\\/www.idealpropertymallorca.com\\\/blog\\\/fr\\\/#\\\/schema\\\/logo\\\/image\\\/\"}},{\"@type\":\"Person\",\"@id\":\"https:\\\/\\\/www.idealpropertymallorca.com\\\/blog\\\/fr\\\/#\\\/schema\\\/person\\\/53b99bcf6881b706ccaf30eb50de4c8e\",\"name\":\"Laura\",\"image\":{\"@type\":\"ImageObject\",\"inLanguage\":\"fr\",\"@id\":\"https:\\\/\\\/secure.gravatar.com\\\/avatar\\\/38b396224481eeb6edadb558d7e4a6d1ff1c8ba1e6abd3951e451527e107c96b?s=96&d=mm&r=g\",\"url\":\"https:\\\/\\\/secure.gravatar.com\\\/avatar\\\/38b396224481eeb6edadb558d7e4a6d1ff1c8ba1e6abd3951e451527e107c96b?s=96&d=mm&r=g\",\"contentUrl\":\"https:\\\/\\\/secure.gravatar.com\\\/avatar\\\/38b396224481eeb6edadb558d7e4a6d1ff1c8ba1e6abd3951e451527e107c96b?s=96&d=mm&r=g\",\"caption\":\"Laura\"}}]}<\/script>\n<!-- \/ Yoast SEO plugin. -->","yoast_head_json":{"title":"Sa Pedruscada : la crique de Majorque que tr\u00e8s peu connaissent - Majorca Blog","description":"Venez visiter Sa Pedruscada \u00e0 Capdepera, une petite crique peu connue et id\u00e9ale pour profiter du littoral, faire du snorkeling et explorer les environs.","robots":{"index":"index","follow":"follow","max-snippet":"max-snippet:-1","max-image-preview":"max-image-preview:large","max-video-preview":"max-video-preview:-1"},"canonical":"https:\/\/www.idealpropertymallorca.com\/blog\/fr\/sa-pedruscada\/","og_locale":"fr_FR","og_type":"article","og_title":"Sa Pedruscada : la crique de Majorque que tr\u00e8s peu connaissent - Majorca Blog","og_description":"Venez visiter Sa Pedruscada \u00e0 Capdepera, une petite crique peu connue et id\u00e9ale pour profiter du littoral, faire du snorkeling et explorer les environs.","og_url":"https:\/\/www.idealpropertymallorca.com\/blog\/fr\/sa-pedruscada\/","og_site_name":"Majorca Blog","article_published_time":"2026-04-28T08:13:10+00:00","article_modified_time":"2026-04-28T08:13:11+00:00","og_image":[{"width":1655,"height":642,"url":"https:\/\/www.idealpropertymallorca.com\/blog\/wp-content\/uploads\/2026\/04\/Sa-Pedruscada-visitar-mallorca-1-1.jpg","type":"image\/jpeg"}],"author":"Laura","twitter_card":"summary_large_image","twitter_misc":{"Written by":"Laura","Est. reading time":"6 minutes"},"schema":{"@context":"https:\/\/schema.org","@graph":[{"@type":"Article","@id":"https:\/\/www.idealpropertymallorca.com\/blog\/fr\/sa-pedruscada\/#article","isPartOf":{"@id":"https:\/\/www.idealpropertymallorca.com\/blog\/fr\/sa-pedruscada\/"},"author":{"name":"Laura","@id":"https:\/\/www.idealpropertymallorca.com\/blog\/fr\/#\/schema\/person\/53b99bcf6881b706ccaf30eb50de4c8e"},"headline":"Sa Pedruscada : la crique de Majorque que tr\u00e8s peu connaissent","datePublished":"2026-04-28T08:13:10+00:00","dateModified":"2026-04-28T08:13:11+00:00","mainEntityOfPage":{"@id":"https:\/\/www.idealpropertymallorca.com\/blog\/fr\/sa-pedruscada\/"},"wordCount":1173,"commentCount":0,"publisher":{"@id":"https:\/\/www.idealpropertymallorca.com\/blog\/fr\/#organization"},"image":{"@id":"https:\/\/www.idealpropertymallorca.com\/blog\/fr\/sa-pedruscada\/#primaryimage"},"thumbnailUrl":"https:\/\/www.idealpropertymallorca.com\/blog\/wp-content\/uploads\/2026\/04\/Sa-Pedruscada-visitar-mallorca-1-1.jpg","articleSection":["Criques"],"inLanguage":"fr","potentialAction":[{"@type":"CommentAction","name":"Comment","target":["https:\/\/www.idealpropertymallorca.com\/blog\/fr\/sa-pedruscada\/#respond"]}]},{"@type":"WebPage","@id":"https:\/\/www.idealpropertymallorca.com\/blog\/fr\/sa-pedruscada\/","url":"https:\/\/www.idealpropertymallorca.com\/blog\/fr\/sa-pedruscada\/","name":"Sa Pedruscada : la crique de Majorque que tr\u00e8s peu connaissent - Majorca Blog","isPartOf":{"@id":"https:\/\/www.idealpropertymallorca.com\/blog\/fr\/#website"},"primaryImageOfPage":{"@id":"https:\/\/www.idealpropertymallorca.com\/blog\/fr\/sa-pedruscada\/#primaryimage"},"image":{"@id":"https:\/\/www.idealpropertymallorca.com\/blog\/fr\/sa-pedruscada\/#primaryimage"},"thumbnailUrl":"https:\/\/www.idealpropertymallorca.com\/blog\/wp-content\/uploads\/2026\/04\/Sa-Pedruscada-visitar-mallorca-1-1.jpg","datePublished":"2026-04-28T08:13:10+00:00","dateModified":"2026-04-28T08:13:11+00:00","description":"Venez visiter Sa Pedruscada \u00e0 Capdepera, une petite crique peu connue et id\u00e9ale pour profiter du littoral, faire du snorkeling et explorer les environs.","inLanguage":"fr","potentialAction":[{"@type":"ReadAction","target":["https:\/\/www.idealpropertymallorca.com\/blog\/fr\/sa-pedruscada\/"]}]},{"@type":"ImageObject","inLanguage":"fr","@id":"https:\/\/www.idealpropertymallorca.com\/blog\/fr\/sa-pedruscada\/#primaryimage","url":"https:\/\/www.idealpropertymallorca.com\/blog\/wp-content\/uploads\/2026\/04\/Sa-Pedruscada-visitar-mallorca-1-1.jpg","contentUrl":"https:\/\/www.idealpropertymallorca.com\/blog\/wp-content\/uploads\/2026\/04\/Sa-Pedruscada-visitar-mallorca-1-1.jpg","width":1655,"height":642},{"@type":"WebSite","@id":"https:\/\/www.idealpropertymallorca.com\/blog\/fr\/#website","url":"https:\/\/www.idealpropertymallorca.com\/blog\/fr\/","name":"Majorca Blog","description":"Find relevant tourist information to see and do on the island of Mallorca during your holiday. Discover the best places and tips!","publisher":{"@id":"https:\/\/www.idealpropertymallorca.com\/blog\/fr\/#organization"},"potentialAction":[{"@type":"SearchAction","target":{"@type":"EntryPoint","urlTemplate":"https:\/\/www.idealpropertymallorca.com\/blog\/fr\/?s={search_term_string}"},"query-input":{"@type":"PropertyValueSpecification","valueRequired":true,"valueName":"search_term_string"}}],"inLanguage":"fr"},{"@type":"Organization","@id":"https:\/\/www.idealpropertymallorca.com\/blog\/fr\/#organization","name":"Majorca Blog","url":"https:\/\/www.idealpropertymallorca.com\/blog\/fr\/","logo":{"@type":"ImageObject","inLanguage":"fr","@id":"https:\/\/www.idealpropertymallorca.com\/blog\/fr\/#\/schema\/logo\/image\/","url":"https:\/\/www.idealpropertymallorca.com\/blog\/wp-content\/uploads\/2024\/10\/ideal-property-mallorca-blue-mobile.png","contentUrl":"https:\/\/www.idealpropertymallorca.com\/blog\/wp-content\/uploads\/2024\/10\/ideal-property-mallorca-blue-mobile.png","width":500,"height":150,"caption":"Majorca Blog"},"image":{"@id":"https:\/\/www.idealpropertymallorca.com\/blog\/fr\/#\/schema\/logo\/image\/"}},{"@type":"Person","@id":"https:\/\/www.idealpropertymallorca.com\/blog\/fr\/#\/schema\/person\/53b99bcf6881b706ccaf30eb50de4c8e","name":"Laura","image":{"@type":"ImageObject","inLanguage":"fr","@id":"https:\/\/secure.gravatar.com\/avatar\/38b396224481eeb6edadb558d7e4a6d1ff1c8ba1e6abd3951e451527e107c96b?s=96&d=mm&r=g","url":"https:\/\/secure.gravatar.com\/avatar\/38b396224481eeb6edadb558d7e4a6d1ff1c8ba1e6abd3951e451527e107c96b?s=96&d=mm&r=g","contentUrl":"https:\/\/secure.gravatar.com\/avatar\/38b396224481eeb6edadb558d7e4a6d1ff1c8ba1e6abd3951e451527e107c96b?s=96&d=mm&r=g","caption":"Laura"}}]}},"_links":{"self":[{"href":"https:\/\/www.idealpropertymallorca.com\/blog\/fr\/wp-json\/wp\/v2\/posts\/23890","targetHints":{"allow":["GET"]}}],"collection":[{"href":"https:\/\/www.idealpropertymallorca.com\/blog\/fr\/wp-json\/wp\/v2\/posts"}],"about":[{"href":"https:\/\/www.idealpropertymallorca.com\/blog\/fr\/wp-json\/wp\/v2\/types\/post"}],"author":[{"embeddable":true,"href":"https:\/\/www.idealpropertymallorca.com\/blog\/fr\/wp-json\/wp\/v2\/users\/8"}],"replies":[{"embeddable":true,"href":"https:\/\/www.idealpropertymallorca.com\/blog\/fr\/wp-json\/wp\/v2\/comments?post=23890"}],"version-history":[{"count":1,"href":"https:\/\/www.idealpropertymallorca.com\/blog\/fr\/wp-json\/wp\/v2\/posts\/23890\/revisions"}],"predecessor-version":[{"id":23891,"href":"https:\/\/www.idealpropertymallorca.com\/blog\/fr\/wp-json\/wp\/v2\/posts\/23890\/revisions\/23891"}],"wp:featuredmedia":[{"embeddable":true,"href":"https:\/\/www.idealpropertymallorca.com\/blog\/fr\/wp-json\/wp\/v2\/media\/23852"}],"wp:attachment":[{"href":"https:\/\/www.idealpropertymallorca.com\/blog\/fr\/wp-json\/wp\/v2\/media?parent=23890"}],"wp:term":[{"taxonomy":"category","embeddable":true,"href":"https:\/\/www.idealpropertymallorca.com\/blog\/fr\/wp-json\/wp\/v2\/categories?post=23890"},{"taxonomy":"post_tag","embeddable":true,"href":"https:\/\/www.idealpropertymallorca.com\/blog\/fr\/wp-json\/wp\/v2\/tags?post=23890"}],"curies":[{"name":"wp","href":"https:\/\/api.w.org\/{rel}","templated":true}]}}