{"id":23422,"date":"2026-01-27T11:56:50","date_gmt":"2026-01-27T11:56:50","guid":{"rendered":"https:\/\/www.idealpropertymallorca.com\/blog\/grottes-du-drach\/"},"modified":"2026-01-27T11:56:56","modified_gmt":"2026-01-27T11:56:56","slug":"grottes-du-drach","status":"publish","type":"post","link":"https:\/\/www.idealpropertymallorca.com\/blog\/fr\/grottes-du-drach\/","title":{"rendered":"Grottes du Drach : une visite incontournable lors de votre voyage \u00e0 Majorque"},"content":{"rendered":"\t\t<div data-elementor-type=\"wp-post\" data-elementor-id=\"23422\" class=\"elementor elementor-23422 elementor-23369\" data-elementor-post-type=\"post\">\n\t\t\t\t\t\t<section class=\"elementor-section elementor-top-section elementor-element elementor-element-28088eec elementor-section-boxed elementor-section-height-default elementor-section-height-default\" data-id=\"28088eec\" data-element_type=\"section\" data-e-type=\"section\">\n\t\t\t\t\t\t<div class=\"elementor-container elementor-column-gap-default\">\n\t\t\t\t\t<div class=\"elementor-column elementor-col-100 elementor-top-column elementor-element elementor-element-33783838\" data-id=\"33783838\" data-element_type=\"column\" data-e-type=\"column\">\n\t\t\t<div class=\"elementor-widget-wrap elementor-element-populated\">\n\t\t\t\t\t\t<div class=\"elementor-element elementor-element-51f6a77e elementor-widget elementor-widget-text-editor\" data-id=\"51f6a77e\" data-element_type=\"widget\" data-e-type=\"widget\" data-widget_type=\"text-editor.default\">\n\t\t\t\t<div class=\"elementor-widget-container\">\n\t\t\t\t\t\t\t\t\t<p style=\"font-weight: 400;\">Visiter les Grottes du Drach est l&#8217;un de ces projets qui ne n\u00e9cessitent pas trop de pr\u00e9sentation. Peu importe qu&#8217;il s&#8217;agisse de votre premier voyage sur l&#8217;\u00eele m\u00e9diterran\u00e9enne ou que vous soyez d\u00e9j\u00e0 venu d&#8217;autres fois ; peu importe \u00e9galement que vous veniez en couple, en famille ou seul.  <strong>P\u00e9n\u00e9trer dans ce monde souterrain est toujours une exp\u00e9rience impressionnante.<\/strong><\/p><p style=\"font-weight: 400;\">Car non, les Grottes du Drach ne sont pas seulement des grottes, elles sont l&#8217;une des grandes ic\u00f4nes naturelles de Majorque, <strong>o\u00f9 l&#8217;\u00eele montre son visage le plus silencieux, le plus profond et aussi le plus passionnant.<\/strong> Et oui, c&#8217;est l&#8217;un de ces endroits que vous devez visiter au moins une fois dans votre vie. Vous voulez en savoir plus ? <\/p>\t\t\t\t\t\t\t\t<\/div>\n\t\t\t\t<\/div>\n\t\t\t\t\t<\/div>\n\t\t<\/div>\n\t\t\t\t\t<\/div>\n\t\t<\/section>\n\t\t\t\t<section class=\"elementor-section elementor-top-section elementor-element elementor-element-2bae309d elementor-section-boxed elementor-section-height-default elementor-section-height-default\" data-id=\"2bae309d\" data-element_type=\"section\" data-e-type=\"section\">\n\t\t\t\t\t\t<div class=\"elementor-container elementor-column-gap-default\">\n\t\t\t\t\t<div class=\"elementor-column elementor-col-100 elementor-top-column elementor-element elementor-element-25b89fc6\" data-id=\"25b89fc6\" data-element_type=\"column\" data-e-type=\"column\">\n\t\t\t<div class=\"elementor-widget-wrap elementor-element-populated\">\n\t\t\t\t\t\t<div class=\"elementor-element elementor-element-5d008735 elementor-widget elementor-widget-table-of-contents\" data-id=\"5d008735\" data-element_type=\"widget\" data-e-type=\"widget\" data-settings=\"{&quot;headings_by_tags&quot;:[&quot;h2&quot;,&quot;h3&quot;],&quot;exclude_headings_by_selector&quot;:[],&quot;marker_view&quot;:&quot;bullets&quot;,&quot;icon&quot;:{&quot;value&quot;:&quot;&quot;,&quot;library&quot;:&quot;&quot;},&quot;no_headings_message&quot;:&quot;No headings were found on this page.&quot;,&quot;hierarchical_view&quot;:&quot;yes&quot;,&quot;min_height&quot;:{&quot;unit&quot;:&quot;px&quot;,&quot;size&quot;:&quot;&quot;,&quot;sizes&quot;:[]},&quot;min_height_tablet&quot;:{&quot;unit&quot;:&quot;px&quot;,&quot;size&quot;:&quot;&quot;,&quot;sizes&quot;:[]},&quot;min_height_mobile&quot;:{&quot;unit&quot;:&quot;px&quot;,&quot;size&quot;:&quot;&quot;,&quot;sizes&quot;:[]}}\" data-widget_type=\"table-of-contents.default\">\n\t\t\t\t<div class=\"elementor-widget-container\">\n\t\t\t\t\t\t\t\t\t<div class=\"elementor-toc__header\">\n\t\t\t\t\t\t<div class=\"elementor-toc__header-title\">\n\t\t\t\tSOMMAIRE\t\t\t<\/div>\n\t\t\t\t\t\t\t\t<\/div>\n\t\t\t\t<div id=\"elementor-toc__5d008735\" class=\"elementor-toc__body\">\n\t\t\t<div class=\"elementor-toc__spinner-container\">\n\t\t\t\t<i class=\"elementor-toc__spinner eicon-animation-spin eicon-loading\" aria-hidden=\"true\"><\/i>\t\t\t<\/div>\n\t\t<\/div>\n\t\t\t\t\t\t<\/div>\n\t\t\t\t<\/div>\n\t\t\t\t\t<\/div>\n\t\t<\/div>\n\t\t\t\t\t<\/div>\n\t\t<\/section>\n\t\t\t\t<section class=\"elementor-section elementor-top-section elementor-element elementor-element-29322562 elementor-section-boxed elementor-section-height-default elementor-section-height-default\" data-id=\"29322562\" data-element_type=\"section\" data-e-type=\"section\">\n\t\t\t\t\t\t<div class=\"elementor-container elementor-column-gap-default\">\n\t\t\t\t\t<div class=\"elementor-column elementor-col-100 elementor-top-column elementor-element elementor-element-33d0cc21\" data-id=\"33d0cc21\" data-element_type=\"column\" data-e-type=\"column\">\n\t\t\t<div class=\"elementor-widget-wrap elementor-element-populated\">\n\t\t\t\t\t\t<div class=\"elementor-element elementor-element-acde70a elementor-widget elementor-widget-heading\" data-id=\"acde70a\" data-element_type=\"widget\" data-e-type=\"widget\" data-widget_type=\"heading.default\">\n\t\t\t\t<div class=\"elementor-widget-container\">\n\t\t\t\t\t<h2 class=\"elementor-heading-title elementor-size-default\">O\u00f9 se trouvent les Grottes du Drach et pourquoi sont-elles si sp\u00e9ciales ? <\/h2>\t\t\t\t<\/div>\n\t\t\t\t<\/div>\n\t\t\t\t<div class=\"elementor-element elementor-element-6db42675 elementor-widget elementor-widget-text-editor\" data-id=\"6db42675\" data-element_type=\"widget\" data-e-type=\"widget\" data-widget_type=\"text-editor.default\">\n\t\t\t\t<div class=\"elementor-widget-container\">\n\t\t\t\t\t\t\t\t\t<p style=\"font-weight: 400;\">Les Grottes du Drach se trouvent sur la c\u00f4te est de l&#8217;\u00eele, tr\u00e8s pr\u00e8s de Porto Cristo. Leur emplacement est parfait si vous \u00eates h\u00e9berg\u00e9 dans des zones comme <a href=\"https:\/\/www.idealpropertymallorca.com\/blog\/cala-millor-mallorca\/\">Cala Millor<\/a>, Cala Bona, Sa Coma ou m\u00eame si vous venez d&#8217;autres points de l&#8217;\u00eele pour faire une excursion d&#8217;une demi-journ\u00e9e. <\/p><p style=\"font-weight: 400;\">Ce qui les rend sp\u00e9ciales, ce n&#8217;est pas seulement leur taille ou leur anciennet\u00e9, mais la combinaison d&#8217;\u00e9l\u00e9ments que vous allez y trouver. <strong>Vous y trouverez des formations rocheuses spectaculaires, d&#8217;immenses salles, des jeux de lumi\u00e8re et, comme grand protagoniste, l&#8217;un des plus grands lacs souterrains du monde.<\/strong> Le tout envelopp\u00e9 dans une atmosph\u00e8re qui en impose \u2014 et beaucoup \u2014 car les Grottes du Drach de Majorque se forment naturellement depuis des milliers d&#8217;ann\u00e9es, goutte \u00e0 goutte, rien n&#8217;est artificiel !<\/p>\t\t\t\t\t\t\t\t<\/div>\n\t\t\t\t<\/div>\n\t\t\t\t<div class=\"elementor-element elementor-element-964c971 elementor-widget elementor-widget-google_maps\" data-id=\"964c971\" data-element_type=\"widget\" data-e-type=\"widget\" data-widget_type=\"google_maps.default\">\n\t\t\t\t<div class=\"elementor-widget-container\">\n\t\t\t\t\t\t\t<div class=\"elementor-custom-embed\">\n\t\t\t<iframe loading=\"lazy\"\n\t\t\t\t\tsrc=\"https:\/\/maps.google.com\/maps?q=cuevas%20del%20drach&#038;t=m&#038;z=10&#038;output=embed&#038;iwloc=near\"\n\t\t\t\t\ttitle=\"cuevas del drach\"\n\t\t\t\t\taria-label=\"cuevas del drach\"\n\t\t\t><\/iframe>\n\t\t<\/div>\n\t\t\t\t\t\t<\/div>\n\t\t\t\t<\/div>\n\t\t\t\t\t<\/div>\n\t\t<\/div>\n\t\t\t\t\t<\/div>\n\t\t<\/section>\n\t\t\t\t<section class=\"elementor-section elementor-top-section elementor-element elementor-element-36cdcdd elementor-section-boxed elementor-section-height-default elementor-section-height-default\" data-id=\"36cdcdd\" data-element_type=\"section\" data-e-type=\"section\">\n\t\t\t\t\t\t<div class=\"elementor-container elementor-column-gap-default\">\n\t\t\t\t\t<div class=\"elementor-column elementor-col-100 elementor-top-column elementor-element elementor-element-7a016d6\" data-id=\"7a016d6\" data-element_type=\"column\" data-e-type=\"column\">\n\t\t\t<div class=\"elementor-widget-wrap elementor-element-populated\">\n\t\t\t\t\t\t<div class=\"elementor-element elementor-element-5c65083 elementor-widget elementor-widget-heading\" data-id=\"5c65083\" data-element_type=\"widget\" data-e-type=\"widget\" data-widget_type=\"heading.default\">\n\t\t\t\t<div class=\"elementor-widget-container\">\n\t\t\t\t\t<h2 class=\"elementor-heading-title elementor-size-default\">Comment se d\u00e9roule la visite des Grottes du Drach \u00e0 Majorque ? <\/h2>\t\t\t\t<\/div>\n\t\t\t\t<\/div>\n\t\t\t\t<div class=\"elementor-element elementor-element-30a001e elementor-widget elementor-widget-text-editor\" data-id=\"30a001e\" data-element_type=\"widget\" data-e-type=\"widget\" data-widget_type=\"text-editor.default\">\n\t\t\t\t<div class=\"elementor-widget-container\">\n\t\t\t\t\t\t\t\t\t<p style=\"font-weight: 400;\">L&#8217;exp\u00e9rience <strong>dure environ une heure et parcourt quelque 1 200 m\u00e8tres de galeries souterraines<\/strong> qui descendent jusqu&#8217;\u00e0 25 m\u00e8tres de profondeur. Mais rassurez-vous, car la temp\u00e9rature int\u00e9rieure reste stable tout au long de l&#8217;ann\u00e9e \u2014 entre 17 et 21\u00b0\u2014, de sorte que la visite est agr\u00e9able en toute saison. <\/p><p style=\"font-weight: 400;\"><strong>Pendant le parcours, vous passerez devant des milliers de formations qui ont pouss\u00e9 pendant des si\u00e8cles et qui transforment la grotte en un v\u00e9ritable spectacle naturel : recoins de roche, stalactites, stalagmites et petits \u00e9tangs int\u00e9rieurs, jusqu&#8217;\u00e0 atteindre le grand protagoniste de la visite : le lac g\u00e9ant.<\/strong><\/p><p style=\"font-weight: 400;\">Un guide vous accompagnera et vous expliquera des d\u00e9tails curieux sur la formation de la grotte, son histoire et ses dimensions.<\/p><p style=\"font-weight: 400;\">La visite est parfaitement organis\u00e9e ; les sentiers sont confortables, bien \u00e9clair\u00e9s et ne pr\u00e9sentent pas de grands d\u00e9nivel\u00e9s, ce qui en fait une visite peu exigeante physiquement.<\/p>\t\t\t\t\t\t\t\t<\/div>\n\t\t\t\t<\/div>\n\t\t\t\t\t<\/div>\n\t\t<\/div>\n\t\t\t\t\t<\/div>\n\t\t<\/section>\n\t\t\t\t<section class=\"elementor-section elementor-top-section elementor-element elementor-element-2fae2efe elementor-section-boxed elementor-section-height-default elementor-section-height-default\" data-id=\"2fae2efe\" data-element_type=\"section\" data-e-type=\"section\">\n\t\t\t\t\t\t<div class=\"elementor-container elementor-column-gap-default\">\n\t\t\t\t\t<div class=\"elementor-column elementor-col-100 elementor-top-column elementor-element elementor-element-45407de2\" data-id=\"45407de2\" data-element_type=\"column\" data-e-type=\"column\">\n\t\t\t<div class=\"elementor-widget-wrap elementor-element-populated\">\n\t\t\t\t\t\t<div class=\"elementor-element elementor-element-6b5a20fc elementor-widget elementor-widget-heading\" data-id=\"6b5a20fc\" data-element_type=\"widget\" data-e-type=\"widget\" data-widget_type=\"heading.default\">\n\t\t\t\t<div class=\"elementor-widget-container\">\n\t\t\t\t\t<h3 class=\"elementor-heading-title elementor-size-default\">Le lac Martel : le grand moment de la Grotte du Drach <\/h3>\t\t\t\t<\/div>\n\t\t\t\t<\/div>\n\t\t\t\t<div class=\"elementor-element elementor-element-483fd0a5 elementor-widget elementor-widget-text-editor\" data-id=\"483fd0a5\" data-element_type=\"widget\" data-e-type=\"widget\" data-widget_type=\"text-editor.default\">\n\t\t\t\t<div class=\"elementor-widget-container\">\n\t\t\t\t\t\t\t\t\t<p style=\"font-weight: 400;\">Il y a un point de la visite qui se taille la part du lion : le lac Martel. Arriver ici est saisissant. Soudain, <strong>vous allez tomber sur un lac souterrain \u00e9norme<\/strong>.  <\/p><p style=\"font-weight: 400;\">Cette masse d&#8217;eau ne se distingue pas seulement par sa taille \u2014 qui l&#8217;est aussi \u2014, mais par ce qui s&#8217;y passe. Pendant la visite et juste \u00e0 ce moment-l\u00e0, les lumi\u00e8res vont s&#8217;att\u00e9nuer pour laisser place \u00e0 un <strong>petit concert de musique classique interpr\u00e9t\u00e9 en direct depuis des barques.<\/strong> Il dure une dizaine de minutes et est spectaculaire. <\/p><p style=\"font-weight: 400;\">Et attendez, car apr\u00e8s le concert, c&#8217;est \u00e0 votre tour de monter en barque et de faire une petite promenade sur le lac.<\/p>\t\t\t\t\t\t\t\t<\/div>\n\t\t\t\t<\/div>\n\t\t\t\t<div class=\"elementor-element elementor-element-1a02237 elementor-widget elementor-widget-image\" data-id=\"1a02237\" data-element_type=\"widget\" data-e-type=\"widget\" data-widget_type=\"image.default\">\n\t\t\t\t<div class=\"elementor-widget-container\">\n\t\t\t\t\t\t\t\t\t\t\t\t\t\t\t<img fetchpriority=\"high\" decoding=\"async\" width=\"1255\" height=\"627\" src=\"https:\/\/www.idealpropertymallorca.com\/blog\/wp-content\/uploads\/2026\/01\/Cuevas-del-drach-lago-martel.jpg\" class=\"attachment-full size-full wp-image-23400\" alt=\"Cuevas-del-drach-lago-martel\" srcset=\"https:\/\/www.idealpropertymallorca.com\/blog\/wp-content\/uploads\/2026\/01\/Cuevas-del-drach-lago-martel.jpg 1255w, https:\/\/www.idealpropertymallorca.com\/blog\/wp-content\/uploads\/2026\/01\/Cuevas-del-drach-lago-martel-300x150.jpg 300w, https:\/\/www.idealpropertymallorca.com\/blog\/wp-content\/uploads\/2026\/01\/Cuevas-del-drach-lago-martel-1024x512.jpg 1024w, https:\/\/www.idealpropertymallorca.com\/blog\/wp-content\/uploads\/2026\/01\/Cuevas-del-drach-lago-martel-768x384.jpg 768w\" sizes=\"(max-width: 1255px) 100vw, 1255px\" \/>\t\t\t\t\t\t\t\t\t\t\t\t\t\t\t<\/div>\n\t\t\t\t<\/div>\n\t\t\t\t\t<\/div>\n\t\t<\/div>\n\t\t\t\t\t<\/div>\n\t\t<\/section>\n\t\t\t\t<section class=\"elementor-section elementor-top-section elementor-element elementor-element-cf8f44b elementor-section-boxed elementor-section-height-default elementor-section-height-default\" data-id=\"cf8f44b\" data-element_type=\"section\" data-e-type=\"section\">\n\t\t\t\t\t\t<div class=\"elementor-container elementor-column-gap-default\">\n\t\t\t\t\t<div class=\"elementor-column elementor-col-100 elementor-top-column elementor-element elementor-element-aecd807\" data-id=\"aecd807\" data-element_type=\"column\" data-e-type=\"column\">\n\t\t\t<div class=\"elementor-widget-wrap elementor-element-populated\">\n\t\t\t\t\t\t<div class=\"elementor-element elementor-element-fd6e153 elementor-widget elementor-widget-heading\" data-id=\"fd6e153\" data-element_type=\"widget\" data-e-type=\"widget\" data-widget_type=\"heading.default\">\n\t\t\t\t<div class=\"elementor-widget-container\">\n\t\t\t\t\t<h2 class=\"elementor-heading-title elementor-size-default\">Prix, entr\u00e9es et quelques curiosit\u00e9s \u00e0 conna\u00eetre<\/h2>\t\t\t\t<\/div>\n\t\t\t\t<\/div>\n\t\t\t\t<div class=\"elementor-element elementor-element-11c69f8 elementor-widget elementor-widget-text-editor\" data-id=\"11c69f8\" data-element_type=\"widget\" data-e-type=\"widget\" data-widget_type=\"text-editor.default\">\n\t\t\t\t<div class=\"elementor-widget-container\">\n\t\t\t\t\t\t\t\t\t<p style=\"font-weight: 400;\">Les entr\u00e9es peuvent \u00eatre achet\u00e9es en ligne ou sur place, bien qu&#8217;il soit pr\u00e9f\u00e9rable de le faire par Internet, car en plus de vous assurer une place, c&#8217;est un peu moins cher. Le prix pour les adultes est de 17,50 \u20ac en ligne et de 18,50 \u20ac au guichet. Dans le cas des enfants, le pass co\u00fbte 10,50 \u20ac si vous l&#8217;achetez en ligne et 11,50 \u20ac \u00e0 la billetterie.  <\/p><p style=\"font-weight: 400;\">Un fait important est que les grottes restent <strong>ferm\u00e9es en d\u00e9cembre et janvier<\/strong>, mais le reste de l&#8217;ann\u00e9e, elles fonctionnent normalement. Et non, <strong>la pluie n&#8217;affecte pas la visite<\/strong> du tout, c&#8217;est donc un plan parfait m\u00eame par temps nuageux ou pluvieux. <\/p><p style=\"font-weight: 400;\">En ce qui concerne le parcours, il y a des marches et des d\u00e9nivel\u00e9s, de sorte que l&#8217;acc\u00e8s avec des poussettes ou des fauteuils roulants n&#8217;est pas autoris\u00e9. Il est \u00e9galement interdit de fumer \u00e0 l&#8217;int\u00e9rieur et il est obligatoire de suivre les indications du personnel et de ne pas sortir des chemins balis\u00e9s. <strong>Ce que vous pourrez emporter, c&#8217;est un tas de photos souvenirs<\/strong>, bien s\u00fbr, toujours sans <em>flash<\/em>. <\/p><p style=\"font-weight: 400;\"><strong>Avec tout cela en t\u00eate, il ne vous reste plus qu&#8217;\u00e0 choisir un jour, <a href=\"https:\/\/www.cuevasdeldrach.com\/index.php\">acheter votre billet<\/a> et vous laisser surprendre.<\/strong><\/p>\t\t\t\t\t\t\t\t<\/div>\n\t\t\t\t<\/div>\n\t\t\t\t<div class=\"elementor-element elementor-element-dfa669a elementor-widget elementor-widget-image\" data-id=\"dfa669a\" data-element_type=\"widget\" data-e-type=\"widget\" data-widget_type=\"image.default\">\n\t\t\t\t<div class=\"elementor-widget-container\">\n\t\t\t\t\t\t\t\t\t\t\t\t\t\t\t<img decoding=\"async\" width=\"1232\" height=\"615\" src=\"https:\/\/www.idealpropertymallorca.com\/blog\/wp-content\/uploads\/2026\/01\/entradas-tickets-coves-drach-mallorca.jpg\" class=\"attachment-full size-full wp-image-23404\" alt=\"entradas-tickets-coves-drach-mallorca\" srcset=\"https:\/\/www.idealpropertymallorca.com\/blog\/wp-content\/uploads\/2026\/01\/entradas-tickets-coves-drach-mallorca.jpg 1232w, https:\/\/www.idealpropertymallorca.com\/blog\/wp-content\/uploads\/2026\/01\/entradas-tickets-coves-drach-mallorca-300x150.jpg 300w, https:\/\/www.idealpropertymallorca.com\/blog\/wp-content\/uploads\/2026\/01\/entradas-tickets-coves-drach-mallorca-1024x511.jpg 1024w, https:\/\/www.idealpropertymallorca.com\/blog\/wp-content\/uploads\/2026\/01\/entradas-tickets-coves-drach-mallorca-768x383.jpg 768w\" sizes=\"(max-width: 1232px) 100vw, 1232px\" \/>\t\t\t\t\t\t\t\t\t\t\t\t\t\t\t<\/div>\n\t\t\t\t<\/div>\n\t\t\t\t\t<\/div>\n\t\t<\/div>\n\t\t\t\t\t<\/div>\n\t\t<\/section>\n\t\t\t\t<section class=\"elementor-section elementor-top-section elementor-element elementor-element-436fcbb elementor-section-boxed elementor-section-height-default elementor-section-height-default\" data-id=\"436fcbb\" data-element_type=\"section\" data-e-type=\"section\">\n\t\t\t\t\t\t<div class=\"elementor-container elementor-column-gap-default\">\n\t\t\t\t\t<div class=\"elementor-column elementor-col-100 elementor-top-column elementor-element elementor-element-29ff99f\" data-id=\"29ff99f\" data-element_type=\"column\" data-e-type=\"column\">\n\t\t\t<div class=\"elementor-widget-wrap elementor-element-populated\">\n\t\t\t\t\t\t<div class=\"elementor-element elementor-element-c2a1cb5 elementor-widget elementor-widget-heading\" data-id=\"c2a1cb5\" data-element_type=\"widget\" data-e-type=\"widget\" data-widget_type=\"heading.default\">\n\t\t\t\t<div class=\"elementor-widget-container\">\n\t\t\t\t\t<h2 class=\"elementor-heading-title elementor-size-default\">Que faire apr\u00e8s avoir visit\u00e9 les Grottes du Drach \u00e0 Majorque ? <\/h2>\t\t\t\t<\/div>\n\t\t\t\t<\/div>\n\t\t\t\t<div class=\"elementor-element elementor-element-a48fe32 elementor-widget elementor-widget-text-editor\" data-id=\"a48fe32\" data-element_type=\"widget\" data-e-type=\"widget\" data-widget_type=\"text-editor.default\">\n\t\t\t\t<div class=\"elementor-widget-container\">\n\t\t\t\t\t\t\t\t\t<p style=\"font-weight: 400;\">Puisque vous \u00eates ici, cela vaut la peine de profiter de la journ\u00e9e et de continuer \u00e0 d\u00e9couvrir cette partie de l&#8217;\u00eele, qui a plus de projets qu&#8217;il n&#8217;y para\u00eet \u00e0 premi\u00e8re vue.<\/p><p style=\"font-weight: 400;\">Tr\u00e8s pr\u00e8s des grottes se trouve la <strong>Torre dels Falcons, une ancienne construction de surveillance avec des vues qui compensent la promenade.<\/strong><\/p><p style=\"font-weight: 400;\">Si le temps le permet, la chose logique est de se rapprocher de la mer. <strong>Vous pouvez choisir entre Cala Murta, une petite crique tranquille id\u00e9ale pour se d\u00e9connecter, ou la Playa de Porto Cristo, plus large et plus confortable. <\/strong>S&#8217;il fait chaud, c&#8217;est l&#8217;endroit id\u00e9al pour prendre le soleil ou se baigner ; et si le temps n&#8217;invite pas \u00e0 se mettre \u00e0 l&#8217;eau, vous pouvez toujours vous promener le long du rivage.<\/p><p style=\"font-weight: 400;\">Et vous ne pouvez pas non plus partir sans parcourir calmement la localit\u00e9 de Porto Cristo et prendre un verre au <a href=\"https:\/\/resto-bar.es\/\">RestoBar Porto Cristo<\/a>, une bonne option pour terminer la journ\u00e9e.<\/p>\t\t\t\t\t\t\t\t<\/div>\n\t\t\t\t<\/div>\n\t\t\t\t\t<\/div>\n\t\t<\/div>\n\t\t\t\t\t<\/div>\n\t\t<\/section>\n\t\t\t\t<section class=\"elementor-section elementor-top-section elementor-element elementor-element-cf224be elementor-section-boxed elementor-section-height-default elementor-section-height-default\" data-id=\"cf224be\" data-element_type=\"section\" data-e-type=\"section\">\n\t\t\t\t\t\t<div class=\"elementor-container elementor-column-gap-default\">\n\t\t\t\t\t<div class=\"elementor-column elementor-col-100 elementor-top-column elementor-element elementor-element-2f663733\" data-id=\"2f663733\" data-element_type=\"column\" data-e-type=\"column\">\n\t\t\t<div class=\"elementor-widget-wrap elementor-element-populated\">\n\t\t\t\t\t\t<div class=\"elementor-element elementor-element-56e3424e elementor-widget elementor-widget-heading\" data-id=\"56e3424e\" data-element_type=\"widget\" data-e-type=\"widget\" data-widget_type=\"heading.default\">\n\t\t\t\t<div class=\"elementor-widget-container\">\n\t\t\t\t\t<h2 class=\"elementor-heading-title elementor-size-default\">Ajoutez les Grottes du Drach \u00e0 votre itin\u00e9raire \u00e0 travers Majorque<\/h2>\t\t\t\t<\/div>\n\t\t\t\t<\/div>\n\t\t\t\t<div class=\"elementor-element elementor-element-6de6fa95 elementor-widget elementor-widget-text-editor\" data-id=\"6de6fa95\" data-element_type=\"widget\" data-e-type=\"widget\" data-widget_type=\"text-editor.default\">\n\t\t\t\t<div class=\"elementor-widget-container\">\n\t\t\t\t\t\t\t\t\t<p style=\"font-weight: 400;\">Il y a beaucoup de projets \u00e0 Majorque qui valent la peine, mais peu ont l&#8217;effet de surprise des Grottes du Drach. <strong>Elles ne d\u00e9pendent pas du climat, ne se d\u00e9modent pas et ne ressemblent \u00e0 rien de ce que vous avez vu auparavant sur l&#8217;\u00eele.<\/strong><\/p><p style=\"font-weight: 400;\">C&#8217;est ce type de visite qui s&#8217;int\u00e8gre parfaitement dans un voyage qui combine les <a href=\"https:\/\/www.idealpropertymallorca.com\/blog\/es\/calas-mallorca\/\">meilleures criques de Majorque<\/a> avec des <a href=\"https:\/\/www.idealpropertymallorca.com\/blog\/es\/rutas-mallorca\/\">itin\u00e9raires de randonn\u00e9e<\/a> et des <a href=\"https:\/\/www.idealpropertymallorca.com\/blog\/es\/miradores-mallorca\/\">points de vue spectaculaires<\/a>. Un plan diff\u00e9rent qui \u00e9quilibre ces journ\u00e9es de plage et de nature avec une exp\u00e9rience diff\u00e9rente sous terre. <\/p><p style=\"font-weight: 400;\">Si vous organisez votre voyage et que vous h\u00e9sitez sur ce qu&#8217;il faut inclure et ce qu&#8217;il faut laisser de c\u00f4t\u00e9, il n&#8217;y a pas grand-chose \u00e0 penser ici : <strong>les Grottes du Drach sont un oui retentissant.<\/strong> Tout comme les logements que nous avons \u00e0 <a href=\"https:\/\/www.idealpropertymallorca.com\/es\/\">Ideal Property<\/a>, appartements, maisons et villas qui s&#8217;int\u00e8grent parfaitement \u00e0 votre escapade \u00e0 Majorque.<\/p>\t\t\t\t\t\t\t\t<\/div>\n\t\t\t\t<\/div>\n\t\t\t\t\t<\/div>\n\t\t<\/div>\n\t\t\t\t\t<\/div>\n\t\t<\/section>\n\t\t\t\t<\/div>\n\t\t","protected":false},"excerpt":{"rendered":"<p>Visiter les Grottes du Drach est l&#8217;un de ces projets qui ne n\u00e9cessitent pas trop de pr\u00e9sentation. Peu importe qu&#8217;il s&#8217;agisse de votre premier voyage sur l&#8217;\u00eele m\u00e9diterran\u00e9enne ou que vous soyez d\u00e9j\u00e0 venu d&#8217;autres fois ; peu importe \u00e9galement que vous veniez en couple, en famille ou seul. P\u00e9n\u00e9trer dans ce monde souterrain est [&hellip;]<\/p>\n","protected":false},"author":8,"featured_media":23408,"comment_status":"open","ping_status":"open","sticky":false,"template":"","format":"standard","meta":{"footnotes":""},"categories":[758],"tags":[],"class_list":["post-23422","post","type-post","status-publish","format-standard","has-post-thumbnail","hentry","category-lieux-touristiques"],"yoast_head":"<!-- This site is optimized with the Yoast SEO plugin v27.4 - https:\/\/yoast.com\/product\/yoast-seo-wordpress\/ -->\n<title>Grottes du Drach : une visite incontournable lors de votre voyage \u00e0 Majorque - Majorca Blog<\/title>\n<meta name=\"description\" content=\"D\u00e9couvrez les Grottes du Drach \u00e0 Majorque et vivez une exp\u00e9rience sensationnelle en effectuant le parcours complet et en profitant de son lac souterrain.\" \/>\n<meta name=\"robots\" content=\"index, follow, max-snippet:-1, max-image-preview:large, max-video-preview:-1\" \/>\n<link rel=\"canonical\" href=\"https:\/\/www.idealpropertymallorca.com\/blog\/fr\/grottes-du-drach\/\" \/>\n<meta property=\"og:locale\" content=\"fr_FR\" \/>\n<meta property=\"og:type\" content=\"article\" \/>\n<meta property=\"og:title\" content=\"Grottes du Drach : une visite incontournable lors de votre voyage \u00e0 Majorque - Majorca Blog\" \/>\n<meta property=\"og:description\" content=\"D\u00e9couvrez les Grottes du Drach \u00e0 Majorque et vivez une exp\u00e9rience sensationnelle en effectuant le parcours complet et en profitant de son lac souterrain.\" \/>\n<meta property=\"og:url\" content=\"https:\/\/www.idealpropertymallorca.com\/blog\/fr\/grottes-du-drach\/\" \/>\n<meta property=\"og:site_name\" content=\"Majorca Blog\" \/>\n<meta property=\"article:published_time\" content=\"2026-01-27T11:56:50+00:00\" \/>\n<meta property=\"article:modified_time\" content=\"2026-01-27T11:56:56+00:00\" \/>\n<meta property=\"og:image\" content=\"https:\/\/www.idealpropertymallorca.com\/blog\/wp-content\/uploads\/2026\/01\/cuevas-del-drach-mallorca.jpg\" \/>\n\t<meta property=\"og:image:width\" content=\"2121\" \/>\n\t<meta property=\"og:image:height\" content=\"707\" \/>\n\t<meta property=\"og:image:type\" content=\"image\/jpeg\" \/>\n<meta name=\"author\" content=\"Laura\" \/>\n<meta name=\"twitter:card\" content=\"summary_large_image\" \/>\n<meta name=\"twitter:label1\" content=\"Written by\" \/>\n\t<meta name=\"twitter:data1\" content=\"Laura\" \/>\n\t<meta name=\"twitter:label2\" content=\"Est. reading time\" \/>\n\t<meta name=\"twitter:data2\" content=\"6 minutes\" \/>\n<script type=\"application\/ld+json\" class=\"yoast-schema-graph\">{\"@context\":\"https:\\\/\\\/schema.org\",\"@graph\":[{\"@type\":\"Article\",\"@id\":\"https:\\\/\\\/www.idealpropertymallorca.com\\\/blog\\\/fr\\\/grottes-du-drach\\\/#article\",\"isPartOf\":{\"@id\":\"https:\\\/\\\/www.idealpropertymallorca.com\\\/blog\\\/fr\\\/grottes-du-drach\\\/\"},\"author\":{\"name\":\"Laura\",\"@id\":\"https:\\\/\\\/www.idealpropertymallorca.com\\\/blog\\\/fr\\\/#\\\/schema\\\/person\\\/53b99bcf6881b706ccaf30eb50de4c8e\"},\"headline\":\"Grottes du Drach : une visite incontournable lors de votre voyage \u00e0 Majorque\",\"datePublished\":\"2026-01-27T11:56:50+00:00\",\"dateModified\":\"2026-01-27T11:56:56+00:00\",\"mainEntityOfPage\":{\"@id\":\"https:\\\/\\\/www.idealpropertymallorca.com\\\/blog\\\/fr\\\/grottes-du-drach\\\/\"},\"wordCount\":1193,\"commentCount\":0,\"publisher\":{\"@id\":\"https:\\\/\\\/www.idealpropertymallorca.com\\\/blog\\\/fr\\\/#organization\"},\"image\":{\"@id\":\"https:\\\/\\\/www.idealpropertymallorca.com\\\/blog\\\/fr\\\/grottes-du-drach\\\/#primaryimage\"},\"thumbnailUrl\":\"https:\\\/\\\/www.idealpropertymallorca.com\\\/blog\\\/wp-content\\\/uploads\\\/2026\\\/01\\\/cuevas-del-drach-mallorca.jpg\",\"articleSection\":[\"Lieux touristiques\"],\"inLanguage\":\"fr\",\"potentialAction\":[{\"@type\":\"CommentAction\",\"name\":\"Comment\",\"target\":[\"https:\\\/\\\/www.idealpropertymallorca.com\\\/blog\\\/fr\\\/grottes-du-drach\\\/#respond\"]}]},{\"@type\":\"WebPage\",\"@id\":\"https:\\\/\\\/www.idealpropertymallorca.com\\\/blog\\\/fr\\\/grottes-du-drach\\\/\",\"url\":\"https:\\\/\\\/www.idealpropertymallorca.com\\\/blog\\\/fr\\\/grottes-du-drach\\\/\",\"name\":\"Grottes du Drach : une visite incontournable lors de votre voyage \u00e0 Majorque - Majorca Blog\",\"isPartOf\":{\"@id\":\"https:\\\/\\\/www.idealpropertymallorca.com\\\/blog\\\/fr\\\/#website\"},\"primaryImageOfPage\":{\"@id\":\"https:\\\/\\\/www.idealpropertymallorca.com\\\/blog\\\/fr\\\/grottes-du-drach\\\/#primaryimage\"},\"image\":{\"@id\":\"https:\\\/\\\/www.idealpropertymallorca.com\\\/blog\\\/fr\\\/grottes-du-drach\\\/#primaryimage\"},\"thumbnailUrl\":\"https:\\\/\\\/www.idealpropertymallorca.com\\\/blog\\\/wp-content\\\/uploads\\\/2026\\\/01\\\/cuevas-del-drach-mallorca.jpg\",\"datePublished\":\"2026-01-27T11:56:50+00:00\",\"dateModified\":\"2026-01-27T11:56:56+00:00\",\"description\":\"D\u00e9couvrez les Grottes du Drach \u00e0 Majorque et vivez une exp\u00e9rience sensationnelle en effectuant le parcours complet et en profitant de son lac souterrain.\",\"inLanguage\":\"fr\",\"potentialAction\":[{\"@type\":\"ReadAction\",\"target\":[\"https:\\\/\\\/www.idealpropertymallorca.com\\\/blog\\\/fr\\\/grottes-du-drach\\\/\"]}]},{\"@type\":\"ImageObject\",\"inLanguage\":\"fr\",\"@id\":\"https:\\\/\\\/www.idealpropertymallorca.com\\\/blog\\\/fr\\\/grottes-du-drach\\\/#primaryimage\",\"url\":\"https:\\\/\\\/www.idealpropertymallorca.com\\\/blog\\\/wp-content\\\/uploads\\\/2026\\\/01\\\/cuevas-del-drach-mallorca.jpg\",\"contentUrl\":\"https:\\\/\\\/www.idealpropertymallorca.com\\\/blog\\\/wp-content\\\/uploads\\\/2026\\\/01\\\/cuevas-del-drach-mallorca.jpg\",\"width\":2121,\"height\":707,\"caption\":\"amazing photos of Drach Caves in Mallorca, Spain, Europe\"},{\"@type\":\"WebSite\",\"@id\":\"https:\\\/\\\/www.idealpropertymallorca.com\\\/blog\\\/fr\\\/#website\",\"url\":\"https:\\\/\\\/www.idealpropertymallorca.com\\\/blog\\\/fr\\\/\",\"name\":\"Majorca Blog\",\"description\":\"Find relevant tourist information to see and do on the island of Mallorca during your holiday. Discover the best places and tips!\",\"publisher\":{\"@id\":\"https:\\\/\\\/www.idealpropertymallorca.com\\\/blog\\\/fr\\\/#organization\"},\"potentialAction\":[{\"@type\":\"SearchAction\",\"target\":{\"@type\":\"EntryPoint\",\"urlTemplate\":\"https:\\\/\\\/www.idealpropertymallorca.com\\\/blog\\\/fr\\\/?s={search_term_string}\"},\"query-input\":{\"@type\":\"PropertyValueSpecification\",\"valueRequired\":true,\"valueName\":\"search_term_string\"}}],\"inLanguage\":\"fr\"},{\"@type\":\"Organization\",\"@id\":\"https:\\\/\\\/www.idealpropertymallorca.com\\\/blog\\\/fr\\\/#organization\",\"name\":\"Majorca Blog\",\"url\":\"https:\\\/\\\/www.idealpropertymallorca.com\\\/blog\\\/fr\\\/\",\"logo\":{\"@type\":\"ImageObject\",\"inLanguage\":\"fr\",\"@id\":\"https:\\\/\\\/www.idealpropertymallorca.com\\\/blog\\\/fr\\\/#\\\/schema\\\/logo\\\/image\\\/\",\"url\":\"https:\\\/\\\/www.idealpropertymallorca.com\\\/blog\\\/wp-content\\\/uploads\\\/2024\\\/10\\\/ideal-property-mallorca-blue-mobile.png\",\"contentUrl\":\"https:\\\/\\\/www.idealpropertymallorca.com\\\/blog\\\/wp-content\\\/uploads\\\/2024\\\/10\\\/ideal-property-mallorca-blue-mobile.png\",\"width\":500,\"height\":150,\"caption\":\"Majorca Blog\"},\"image\":{\"@id\":\"https:\\\/\\\/www.idealpropertymallorca.com\\\/blog\\\/fr\\\/#\\\/schema\\\/logo\\\/image\\\/\"}},{\"@type\":\"Person\",\"@id\":\"https:\\\/\\\/www.idealpropertymallorca.com\\\/blog\\\/fr\\\/#\\\/schema\\\/person\\\/53b99bcf6881b706ccaf30eb50de4c8e\",\"name\":\"Laura\",\"image\":{\"@type\":\"ImageObject\",\"inLanguage\":\"fr\",\"@id\":\"https:\\\/\\\/secure.gravatar.com\\\/avatar\\\/38b396224481eeb6edadb558d7e4a6d1ff1c8ba1e6abd3951e451527e107c96b?s=96&d=mm&r=g\",\"url\":\"https:\\\/\\\/secure.gravatar.com\\\/avatar\\\/38b396224481eeb6edadb558d7e4a6d1ff1c8ba1e6abd3951e451527e107c96b?s=96&d=mm&r=g\",\"contentUrl\":\"https:\\\/\\\/secure.gravatar.com\\\/avatar\\\/38b396224481eeb6edadb558d7e4a6d1ff1c8ba1e6abd3951e451527e107c96b?s=96&d=mm&r=g\",\"caption\":\"Laura\"}}]}<\/script>\n<!-- \/ Yoast SEO plugin. -->","yoast_head_json":{"title":"Grottes du Drach : une visite incontournable lors de votre voyage \u00e0 Majorque - Majorca Blog","description":"D\u00e9couvrez les Grottes du Drach \u00e0 Majorque et vivez une exp\u00e9rience sensationnelle en effectuant le parcours complet et en profitant de son lac souterrain.","robots":{"index":"index","follow":"follow","max-snippet":"max-snippet:-1","max-image-preview":"max-image-preview:large","max-video-preview":"max-video-preview:-1"},"canonical":"https:\/\/www.idealpropertymallorca.com\/blog\/fr\/grottes-du-drach\/","og_locale":"fr_FR","og_type":"article","og_title":"Grottes du Drach : une visite incontournable lors de votre voyage \u00e0 Majorque - Majorca Blog","og_description":"D\u00e9couvrez les Grottes du Drach \u00e0 Majorque et vivez une exp\u00e9rience sensationnelle en effectuant le parcours complet et en profitant de son lac souterrain.","og_url":"https:\/\/www.idealpropertymallorca.com\/blog\/fr\/grottes-du-drach\/","og_site_name":"Majorca Blog","article_published_time":"2026-01-27T11:56:50+00:00","article_modified_time":"2026-01-27T11:56:56+00:00","og_image":[{"width":2121,"height":707,"url":"https:\/\/www.idealpropertymallorca.com\/blog\/wp-content\/uploads\/2026\/01\/cuevas-del-drach-mallorca.jpg","type":"image\/jpeg"}],"author":"Laura","twitter_card":"summary_large_image","twitter_misc":{"Written by":"Laura","Est. reading time":"6 minutes"},"schema":{"@context":"https:\/\/schema.org","@graph":[{"@type":"Article","@id":"https:\/\/www.idealpropertymallorca.com\/blog\/fr\/grottes-du-drach\/#article","isPartOf":{"@id":"https:\/\/www.idealpropertymallorca.com\/blog\/fr\/grottes-du-drach\/"},"author":{"name":"Laura","@id":"https:\/\/www.idealpropertymallorca.com\/blog\/fr\/#\/schema\/person\/53b99bcf6881b706ccaf30eb50de4c8e"},"headline":"Grottes du Drach : une visite incontournable lors de votre voyage \u00e0 Majorque","datePublished":"2026-01-27T11:56:50+00:00","dateModified":"2026-01-27T11:56:56+00:00","mainEntityOfPage":{"@id":"https:\/\/www.idealpropertymallorca.com\/blog\/fr\/grottes-du-drach\/"},"wordCount":1193,"commentCount":0,"publisher":{"@id":"https:\/\/www.idealpropertymallorca.com\/blog\/fr\/#organization"},"image":{"@id":"https:\/\/www.idealpropertymallorca.com\/blog\/fr\/grottes-du-drach\/#primaryimage"},"thumbnailUrl":"https:\/\/www.idealpropertymallorca.com\/blog\/wp-content\/uploads\/2026\/01\/cuevas-del-drach-mallorca.jpg","articleSection":["Lieux touristiques"],"inLanguage":"fr","potentialAction":[{"@type":"CommentAction","name":"Comment","target":["https:\/\/www.idealpropertymallorca.com\/blog\/fr\/grottes-du-drach\/#respond"]}]},{"@type":"WebPage","@id":"https:\/\/www.idealpropertymallorca.com\/blog\/fr\/grottes-du-drach\/","url":"https:\/\/www.idealpropertymallorca.com\/blog\/fr\/grottes-du-drach\/","name":"Grottes du Drach : une visite incontournable lors de votre voyage \u00e0 Majorque - Majorca Blog","isPartOf":{"@id":"https:\/\/www.idealpropertymallorca.com\/blog\/fr\/#website"},"primaryImageOfPage":{"@id":"https:\/\/www.idealpropertymallorca.com\/blog\/fr\/grottes-du-drach\/#primaryimage"},"image":{"@id":"https:\/\/www.idealpropertymallorca.com\/blog\/fr\/grottes-du-drach\/#primaryimage"},"thumbnailUrl":"https:\/\/www.idealpropertymallorca.com\/blog\/wp-content\/uploads\/2026\/01\/cuevas-del-drach-mallorca.jpg","datePublished":"2026-01-27T11:56:50+00:00","dateModified":"2026-01-27T11:56:56+00:00","description":"D\u00e9couvrez les Grottes du Drach \u00e0 Majorque et vivez une exp\u00e9rience sensationnelle en effectuant le parcours complet et en profitant de son lac souterrain.","inLanguage":"fr","potentialAction":[{"@type":"ReadAction","target":["https:\/\/www.idealpropertymallorca.com\/blog\/fr\/grottes-du-drach\/"]}]},{"@type":"ImageObject","inLanguage":"fr","@id":"https:\/\/www.idealpropertymallorca.com\/blog\/fr\/grottes-du-drach\/#primaryimage","url":"https:\/\/www.idealpropertymallorca.com\/blog\/wp-content\/uploads\/2026\/01\/cuevas-del-drach-mallorca.jpg","contentUrl":"https:\/\/www.idealpropertymallorca.com\/blog\/wp-content\/uploads\/2026\/01\/cuevas-del-drach-mallorca.jpg","width":2121,"height":707,"caption":"amazing photos of Drach Caves in Mallorca, Spain, Europe"},{"@type":"WebSite","@id":"https:\/\/www.idealpropertymallorca.com\/blog\/fr\/#website","url":"https:\/\/www.idealpropertymallorca.com\/blog\/fr\/","name":"Majorca Blog","description":"Find relevant tourist information to see and do on the island of Mallorca during your holiday. Discover the best places and tips!","publisher":{"@id":"https:\/\/www.idealpropertymallorca.com\/blog\/fr\/#organization"},"potentialAction":[{"@type":"SearchAction","target":{"@type":"EntryPoint","urlTemplate":"https:\/\/www.idealpropertymallorca.com\/blog\/fr\/?s={search_term_string}"},"query-input":{"@type":"PropertyValueSpecification","valueRequired":true,"valueName":"search_term_string"}}],"inLanguage":"fr"},{"@type":"Organization","@id":"https:\/\/www.idealpropertymallorca.com\/blog\/fr\/#organization","name":"Majorca Blog","url":"https:\/\/www.idealpropertymallorca.com\/blog\/fr\/","logo":{"@type":"ImageObject","inLanguage":"fr","@id":"https:\/\/www.idealpropertymallorca.com\/blog\/fr\/#\/schema\/logo\/image\/","url":"https:\/\/www.idealpropertymallorca.com\/blog\/wp-content\/uploads\/2024\/10\/ideal-property-mallorca-blue-mobile.png","contentUrl":"https:\/\/www.idealpropertymallorca.com\/blog\/wp-content\/uploads\/2024\/10\/ideal-property-mallorca-blue-mobile.png","width":500,"height":150,"caption":"Majorca Blog"},"image":{"@id":"https:\/\/www.idealpropertymallorca.com\/blog\/fr\/#\/schema\/logo\/image\/"}},{"@type":"Person","@id":"https:\/\/www.idealpropertymallorca.com\/blog\/fr\/#\/schema\/person\/53b99bcf6881b706ccaf30eb50de4c8e","name":"Laura","image":{"@type":"ImageObject","inLanguage":"fr","@id":"https:\/\/secure.gravatar.com\/avatar\/38b396224481eeb6edadb558d7e4a6d1ff1c8ba1e6abd3951e451527e107c96b?s=96&d=mm&r=g","url":"https:\/\/secure.gravatar.com\/avatar\/38b396224481eeb6edadb558d7e4a6d1ff1c8ba1e6abd3951e451527e107c96b?s=96&d=mm&r=g","contentUrl":"https:\/\/secure.gravatar.com\/avatar\/38b396224481eeb6edadb558d7e4a6d1ff1c8ba1e6abd3951e451527e107c96b?s=96&d=mm&r=g","caption":"Laura"}}]}},"_links":{"self":[{"href":"https:\/\/www.idealpropertymallorca.com\/blog\/fr\/wp-json\/wp\/v2\/posts\/23422","targetHints":{"allow":["GET"]}}],"collection":[{"href":"https:\/\/www.idealpropertymallorca.com\/blog\/fr\/wp-json\/wp\/v2\/posts"}],"about":[{"href":"https:\/\/www.idealpropertymallorca.com\/blog\/fr\/wp-json\/wp\/v2\/types\/post"}],"author":[{"embeddable":true,"href":"https:\/\/www.idealpropertymallorca.com\/blog\/fr\/wp-json\/wp\/v2\/users\/8"}],"replies":[{"embeddable":true,"href":"https:\/\/www.idealpropertymallorca.com\/blog\/fr\/wp-json\/wp\/v2\/comments?post=23422"}],"version-history":[{"count":1,"href":"https:\/\/www.idealpropertymallorca.com\/blog\/fr\/wp-json\/wp\/v2\/posts\/23422\/revisions"}],"predecessor-version":[{"id":23423,"href":"https:\/\/www.idealpropertymallorca.com\/blog\/fr\/wp-json\/wp\/v2\/posts\/23422\/revisions\/23423"}],"wp:featuredmedia":[{"embeddable":true,"href":"https:\/\/www.idealpropertymallorca.com\/blog\/fr\/wp-json\/wp\/v2\/media\/23408"}],"wp:attachment":[{"href":"https:\/\/www.idealpropertymallorca.com\/blog\/fr\/wp-json\/wp\/v2\/media?parent=23422"}],"wp:term":[{"taxonomy":"category","embeddable":true,"href":"https:\/\/www.idealpropertymallorca.com\/blog\/fr\/wp-json\/wp\/v2\/categories?post=23422"},{"taxonomy":"post_tag","embeddable":true,"href":"https:\/\/www.idealpropertymallorca.com\/blog\/fr\/wp-json\/wp\/v2\/tags?post=23422"}],"curies":[{"name":"wp","href":"https:\/\/api.w.org\/{rel}","templated":true}]}}