{"id":23416,"date":"2026-01-27T11:53:42","date_gmt":"2026-01-27T11:53:42","guid":{"rendered":"https:\/\/www.idealpropertymallorca.com\/blog\/cala-bona\/"},"modified":"2026-01-27T11:53:45","modified_gmt":"2026-01-27T11:53:45","slug":"cala-bona","status":"publish","type":"post","link":"https:\/\/www.idealpropertymallorca.com\/blog\/fr\/cala-bona\/","title":{"rendered":"Cala Bona, l&#8217;une des grandes inconnues de Majorque"},"content":{"rendered":"\t\t<div data-elementor-type=\"wp-post\" data-elementor-id=\"23416\" class=\"elementor elementor-23416 elementor-23374\" data-elementor-post-type=\"post\">\n\t\t\t\t\t\t<section class=\"elementor-section elementor-top-section elementor-element elementor-element-7023b6e4 elementor-section-boxed elementor-section-height-default elementor-section-height-default\" data-id=\"7023b6e4\" data-element_type=\"section\" data-e-type=\"section\">\n\t\t\t\t\t\t<div class=\"elementor-container elementor-column-gap-default\">\n\t\t\t\t\t<div class=\"elementor-column elementor-col-100 elementor-top-column elementor-element elementor-element-5cff584d\" data-id=\"5cff584d\" data-element_type=\"column\" data-e-type=\"column\">\n\t\t\t<div class=\"elementor-widget-wrap elementor-element-populated\">\n\t\t\t\t\t\t<div class=\"elementor-element elementor-element-594d2fc2 elementor-widget elementor-widget-text-editor\" data-id=\"594d2fc2\" data-element_type=\"widget\" data-e-type=\"widget\" data-widget_type=\"text-editor.default\">\n\t\t\t\t<div class=\"elementor-widget-container\">\n\t\t\t\t\t\t\t\t\t<p style=\"font-weight: 400;\">Cala Bona est un petit noyau c\u00f4tier situ\u00e9 sur la c\u00f4te est de Majorque, connu pour son origine en tant que port de p\u00eacheurs. Nous n&#8217;allons pas vous mentir : <strong>ce n&#8217;est pas le protagoniste d&#8217;une carte postale typique de l&#8217;\u00eele ni un grand attrait touristique et c&#8217;est pr\u00e9cis\u00e9ment ce qui la rend si sp\u00e9ciale.<\/strong> <\/p><p style=\"font-weight: 400;\">Il vaut la peine de venir d\u00e9couvrir cette localit\u00e9 car c&#8217;est une alternative parfaite \u00e0 d&#8217;autres zones plus fr\u00e9quent\u00e9es. Si vous recherchez un endroit o\u00f9 s\u00e9journer en toute tranquillit\u00e9, o\u00f9 passer la journ\u00e9e ou o\u00f9 vous arr\u00eater pour manger, c&#8217;est ici ! Cala Bona a des plages, des criques, des restaurants et des activit\u00e9s pour tous les go\u00fbts.  <\/p>\t\t\t\t\t\t\t\t<\/div>\n\t\t\t\t<\/div>\n\t\t\t\t\t<\/div>\n\t\t<\/div>\n\t\t\t\t\t<\/div>\n\t\t<\/section>\n\t\t\t\t<section class=\"elementor-section elementor-top-section elementor-element elementor-element-425b8127 elementor-section-boxed elementor-section-height-default elementor-section-height-default\" data-id=\"425b8127\" data-element_type=\"section\" data-e-type=\"section\">\n\t\t\t\t\t\t<div class=\"elementor-container elementor-column-gap-default\">\n\t\t\t\t\t<div class=\"elementor-column elementor-col-100 elementor-top-column elementor-element elementor-element-3c54afb3\" data-id=\"3c54afb3\" data-element_type=\"column\" data-e-type=\"column\">\n\t\t\t<div class=\"elementor-widget-wrap elementor-element-populated\">\n\t\t\t\t\t\t<div class=\"elementor-element elementor-element-7b1a827f elementor-widget elementor-widget-table-of-contents\" data-id=\"7b1a827f\" data-element_type=\"widget\" data-e-type=\"widget\" data-settings=\"{&quot;headings_by_tags&quot;:[&quot;h2&quot;],&quot;exclude_headings_by_selector&quot;:[],&quot;marker_view&quot;:&quot;bullets&quot;,&quot;icon&quot;:{&quot;value&quot;:&quot;&quot;,&quot;library&quot;:&quot;&quot;},&quot;no_headings_message&quot;:&quot;No headings were found on this page.&quot;,&quot;hierarchical_view&quot;:&quot;yes&quot;,&quot;min_height&quot;:{&quot;unit&quot;:&quot;px&quot;,&quot;size&quot;:&quot;&quot;,&quot;sizes&quot;:[]},&quot;min_height_tablet&quot;:{&quot;unit&quot;:&quot;px&quot;,&quot;size&quot;:&quot;&quot;,&quot;sizes&quot;:[]},&quot;min_height_mobile&quot;:{&quot;unit&quot;:&quot;px&quot;,&quot;size&quot;:&quot;&quot;,&quot;sizes&quot;:[]}}\" data-widget_type=\"table-of-contents.default\">\n\t\t\t\t<div class=\"elementor-widget-container\">\n\t\t\t\t\t\t\t\t\t<div class=\"elementor-toc__header\">\n\t\t\t\t\t\t<div class=\"elementor-toc__header-title\">\n\t\t\t\tSOMMAIRE\t\t\t<\/div>\n\t\t\t\t\t\t\t\t<\/div>\n\t\t\t\t<div id=\"elementor-toc__7b1a827f\" class=\"elementor-toc__body\">\n\t\t\t<div class=\"elementor-toc__spinner-container\">\n\t\t\t\t<i class=\"elementor-toc__spinner eicon-animation-spin eicon-loading\" aria-hidden=\"true\"><\/i>\t\t\t<\/div>\n\t\t<\/div>\n\t\t\t\t\t\t<\/div>\n\t\t\t\t<\/div>\n\t\t\t\t\t<\/div>\n\t\t<\/div>\n\t\t\t\t\t<\/div>\n\t\t<\/section>\n\t\t\t\t<section class=\"elementor-section elementor-top-section elementor-element elementor-element-c75ae33 elementor-section-boxed elementor-section-height-default elementor-section-height-default\" data-id=\"c75ae33\" data-element_type=\"section\" data-e-type=\"section\">\n\t\t\t\t\t\t<div class=\"elementor-container elementor-column-gap-default\">\n\t\t\t\t\t<div class=\"elementor-column elementor-col-100 elementor-top-column elementor-element elementor-element-2817084f\" data-id=\"2817084f\" data-element_type=\"column\" data-e-type=\"column\">\n\t\t\t<div class=\"elementor-widget-wrap elementor-element-populated\">\n\t\t\t\t\t\t<div class=\"elementor-element elementor-element-2bdb4045 elementor-widget elementor-widget-heading\" data-id=\"2bdb4045\" data-element_type=\"widget\" data-e-type=\"widget\" data-widget_type=\"heading.default\">\n\t\t\t\t<div class=\"elementor-widget-container\">\n\t\t\t\t\t<h2 class=\"elementor-heading-title elementor-size-default\">Comment arriver et o\u00f9 se garer \u00e0 Cala Bona \u00e0 Majorque <\/h2>\t\t\t\t<\/div>\n\t\t\t\t<\/div>\n\t\t\t\t<div class=\"elementor-element elementor-element-3ede36ae elementor-widget elementor-widget-text-editor\" data-id=\"3ede36ae\" data-element_type=\"widget\" data-e-type=\"widget\" data-widget_type=\"text-editor.default\">\n\t\t\t\t<div class=\"elementor-widget-container\">\n\t\t\t\t\t\t\t\t\t<p style=\"font-weight: 400;\">Arriver \u00e0 Cala Bona est simple, et c&#8217;est un autre de ses points forts. Elle est bien connect\u00e9e que vous veniez de l&#8217;a\u00e9roport ou que vous vous d\u00e9placiez en voiture sur l&#8217;\u00eele. <\/p><p style=\"font-weight: 400;\"><strong>Depuis l&#8217;a\u00e9roport de Majorque, en voiture ou en moto, vous mettrez environ une heure pour arriver.<\/strong> Il vous suffit de prendre la route en direction de Manacor et de continuer ensuite vers Son Servera et Cala Bona. Plus facile\u2026 impossible ! <\/p><p style=\"font-weight: 400;\">Vous pouvez \u00e9galement arriver en transport public, bien que ce soit moins direct. <strong>Il existe des combinaisons de bus depuis Palma jusqu&#8217;\u00e0 Cala Bona<\/strong>, en prenant la ligne 401 \u2014jusqu&#8217;\u00e0 Cala Millor\u2014 et ensuite la 412. Le trajet complet dure environ deux heures. <\/p><p style=\"font-weight: 400;\">Une autre option est d&#8217;aller de Palma \u00e0 Manacor, en prenant la ligne de bus 501 ou le train T3, et une fois l\u00e0-bas, prendre le bus 412 jusqu&#8217;\u00e0 Cala Bona. C&#8217;est une alternative valable si vous n&#8217;\u00eates pas press\u00e9 et que vous pr\u00e9f\u00e9rez \u00e9viter la voiture. <\/p><p style=\"font-weight: 400;\">Quant \u00e0 o\u00f9 se garer, Cala Bona est une localit\u00e9 assez agr\u00e9able. N&#8217;\u00e9tant pas une zone surpeupl\u00e9e, <strong>il est relativement facile de trouver un parking dans la rue<\/strong>, surtout dans les zones r\u00e9sidentielles et un peu plus \u00e9loign\u00e9es de la promenade maritime. <\/p>\t\t\t\t\t\t\t\t<\/div>\n\t\t\t\t<\/div>\n\t\t\t\t<div class=\"elementor-element elementor-element-5c9bba7 elementor-widget elementor-widget-google_maps\" data-id=\"5c9bba7\" data-element_type=\"widget\" data-e-type=\"widget\" data-widget_type=\"google_maps.default\">\n\t\t\t\t<div class=\"elementor-widget-container\">\n\t\t\t\t\t\t\t<div class=\"elementor-custom-embed\">\n\t\t\t<iframe loading=\"lazy\"\n\t\t\t\t\tsrc=\"https:\/\/maps.google.com\/maps?q=cala%20bona%20mallorca&#038;t=m&#038;z=12&#038;output=embed&#038;iwloc=near\"\n\t\t\t\t\ttitle=\"cala bona mallorca\"\n\t\t\t\t\taria-label=\"cala bona mallorca\"\n\t\t\t><\/iframe>\n\t\t<\/div>\n\t\t\t\t\t\t<\/div>\n\t\t\t\t<\/div>\n\t\t\t\t\t<\/div>\n\t\t<\/div>\n\t\t\t\t\t<\/div>\n\t\t<\/section>\n\t\t<div class=\"elementor-element elementor-element-adb78f9 e-flex e-con-boxed e-con e-parent\" data-id=\"adb78f9\" data-element_type=\"container\" data-e-type=\"container\">\n\t\t\t\t\t<div class=\"e-con-inner\">\n\t\t<div class=\"elementor-element elementor-element-6cad822 e-con-full e-flex e-con e-child\" data-id=\"6cad822\" data-element_type=\"container\" data-e-type=\"container\">\n\t\t\t\t<div class=\"elementor-element elementor-element-9faaa2b elementor-widget elementor-widget-heading\" data-id=\"9faaa2b\" data-element_type=\"widget\" data-e-type=\"widget\" data-widget_type=\"heading.default\">\n\t\t\t\t<div class=\"elementor-widget-container\">\n\t\t\t\t\t<h2 class=\"elementor-heading-title elementor-size-default\">Que voir \u00e0 Cala Bona <\/h2>\t\t\t\t<\/div>\n\t\t\t\t<\/div>\n\t\t\t\t<div class=\"elementor-element elementor-element-157657c elementor-widget elementor-widget-text-editor\" data-id=\"157657c\" data-element_type=\"widget\" data-e-type=\"widget\" data-widget_type=\"text-editor.default\">\n\t\t\t\t<div class=\"elementor-widget-container\">\n\t\t\t\t\t\t\t\t\t<p style=\"font-weight: 400;\">La premi\u00e8re chose que vous devez savoir est que Cala Bona est une localit\u00e9 petite et tr\u00e8s tranquille et que cela fait partie de son charme. <strong>Ici, vous n&#8217;allez pas trouver une liste interminable de monuments ni de grandes attractions touristiques<\/strong>, et c&#8217;est pr\u00e9cis\u00e9ment pour cela qu&#8217;elle fonctionne si bien pour les vacances. On y respire la paix ! <\/p><p style=\"font-weight: 400;\">Le <strong>port de Cala Bona<\/strong> \u00e0 Majorque est, sans aucun doute, le point le plus int\u00e9ressant du noyau. Il conserve cet air d&#8217;ancien port de p\u00eache, avec de petites embarcations, des restaurants et des caf\u00e9t\u00e9rias et une ambiance tr\u00e8s agr\u00e9able pour se promener. C&#8217;est un bon endroit pour conna\u00eetre de pr\u00e8s les <em>lla\u00fcts<\/em>, les embarcations traditionnelles qui \u00e9taient utilis\u00e9es autrefois et qui font toujours partie du paysage du port.  <\/p><p>D&#8217;ici d\u00e9marre la <strong>promenade maritime, un autre des grands attraits de Cala Bona<\/strong> \u00e0 Majorque. La promenade se connecte directement avec <a href=\"https:\/\/www.idealpropertymallorca.com\/blog\/cala-millor-mallorca\/\">Cala Millor<\/a>, vous pouvez donc allonger la promenade autant que vous le souhaitez et profiter pour conna\u00eetre une autre localit\u00e9 proche avec plus d&#8217;ambiance. <\/p>\t\t\t\t\t\t\t\t<\/div>\n\t\t\t\t<\/div>\n\t\t\t\t<\/div>\n\t\t\t\t\t<\/div>\n\t\t\t\t<\/div>\n\t\t<div class=\"elementor-element elementor-element-18dbbd2 e-flex e-con-boxed e-con e-parent\" data-id=\"18dbbd2\" data-element_type=\"container\" data-e-type=\"container\">\n\t\t\t\t\t<div class=\"e-con-inner\">\n\t\t<div class=\"elementor-element elementor-element-2494165 e-con-full e-flex e-con e-child\" data-id=\"2494165\" data-element_type=\"container\" data-e-type=\"container\">\n\t\t\t\t<div class=\"elementor-element elementor-element-271874d elementor-widget elementor-widget-text-editor\" data-id=\"271874d\" data-element_type=\"widget\" data-e-type=\"widget\" data-widget_type=\"text-editor.default\">\n\t\t\t\t<div class=\"elementor-widget-container\">\n\t\t\t\t\t\t\t\t\t<p style=\"font-weight: 400;\">Mais attendez, car le plan le plus acclam\u00e9 \u00e0 Cala Bona est, sans aucun doute, de visiter les <a href=\"https:\/\/www.idealpropertymallorca.com\/blog\/es\/mejores-playas-en-mallorca\/?\">meilleures plages de Majorque<\/a>. La localit\u00e9 a une plage de sable qui porte son m\u00eame nom, mais nous ne vous la recommandons pas, elle est assez petite, avec le sable un peu trouble et elle est un peu n\u00e9glig\u00e9e. <\/p><p style=\"font-weight: 400;\"><strong>Celle qui vaut la peine \u2014et beaucoup\u2014 est la plage de Cala Millor. Il s&#8217;agit d&#8217;une plage ample, de sable fin et clair, avec des eaux propres et peu profondes <\/strong>, id\u00e9ale tant pour passer la journ\u00e9e avec calme que pour y aller en famille. De plus, elle dispose de services, de bars de plage et d&#8217;une promenade maritime longue et agr\u00e9able qui accompagne toute la plage. <\/p><p style=\"font-weight: 400;\">Et puisque vous \u00eates dans la zone, une autre visite int\u00e9ressante est de vous approcher du <strong>Castell de la Punta de n\u2019Amer, situ\u00e9 dans une zone naturelle prot\u00e9g\u00e9e.<\/strong> Ici se conservent les restes d&#8217;une tour de d\u00e9fense du XVIIe si\u00e8cle et l&#8217;environnement est parfait pour faire une promenade diff\u00e9rente, avec des vues ouvertes sur la mer et un paysage tr\u00e8s peu urbanis\u00e9.<\/p>\t\t\t\t\t\t\t\t<\/div>\n\t\t\t\t<\/div>\n\t\t\t\t<\/div>\n\t\t<div class=\"elementor-element elementor-element-4f0ad6e e-con-full e-flex e-con e-child\" data-id=\"4f0ad6e\" data-element_type=\"container\" data-e-type=\"container\">\n\t\t\t\t<div class=\"elementor-element elementor-element-0a58898 elementor-widget elementor-widget-image\" data-id=\"0a58898\" data-element_type=\"widget\" data-e-type=\"widget\" data-widget_type=\"image.default\">\n\t\t\t\t<div class=\"elementor-widget-container\">\n\t\t\t\t\t\t\t\t\t\t\t\t\t\t\t<img fetchpriority=\"high\" decoding=\"async\" width=\"800\" height=\"723\" src=\"https:\/\/www.idealpropertymallorca.com\/blog\/wp-content\/uploads\/2026\/01\/cala-bona-mallorca.webp\" class=\"attachment-large size-large wp-image-23385\" alt=\"cala-bona-mallorca\" srcset=\"https:\/\/www.idealpropertymallorca.com\/blog\/wp-content\/uploads\/2026\/01\/cala-bona-mallorca.webp 1023w, https:\/\/www.idealpropertymallorca.com\/blog\/wp-content\/uploads\/2026\/01\/cala-bona-mallorca-300x271.webp 300w, https:\/\/www.idealpropertymallorca.com\/blog\/wp-content\/uploads\/2026\/01\/cala-bona-mallorca-768x694.webp 768w\" sizes=\"(max-width: 800px) 100vw, 800px\" \/>\t\t\t\t\t\t\t\t\t\t\t\t\t\t\t<\/div>\n\t\t\t\t<\/div>\n\t\t\t\t<\/div>\n\t\t\t\t\t<\/div>\n\t\t\t\t<\/div>\n\t\t\t\t<section class=\"elementor-section elementor-top-section elementor-element elementor-element-551ee31 elementor-section-boxed elementor-section-height-default elementor-section-height-default\" data-id=\"551ee31\" data-element_type=\"section\" data-e-type=\"section\">\n\t\t\t\t\t\t<div class=\"elementor-container elementor-column-gap-default\">\n\t\t\t\t\t<div class=\"elementor-column elementor-col-100 elementor-top-column elementor-element elementor-element-f50af2e\" data-id=\"f50af2e\" data-element_type=\"column\" data-e-type=\"column\">\n\t\t\t<div class=\"elementor-widget-wrap elementor-element-populated\">\n\t\t\t\t\t\t<div class=\"elementor-element elementor-element-ec5f4ba elementor-widget elementor-widget-heading\" data-id=\"ec5f4ba\" data-element_type=\"widget\" data-e-type=\"widget\" data-widget_type=\"heading.default\">\n\t\t\t\t<div class=\"elementor-widget-container\">\n\t\t\t\t\t<h2 class=\"elementor-heading-title elementor-size-default\">Que faire \u00e0 Cala Bona <\/h2>\t\t\t\t<\/div>\n\t\t\t\t<\/div>\n\t\t\t\t<div class=\"elementor-element elementor-element-797ab92 elementor-widget elementor-widget-text-editor\" data-id=\"797ab92\" data-element_type=\"widget\" data-e-type=\"widget\" data-widget_type=\"text-editor.default\">\n\t\t\t\t<div class=\"elementor-widget-container\">\n\t\t\t\t\t\t\t\t\t<p style=\"font-weight: 400;\">Bien que Cala Bona soit une localit\u00e9 tranquille, cela ne signifie pas qu&#8217;elle manque d&#8217;activit\u00e9s. Au contraire. <\/p><p style=\"font-weight: 400;\">Si vous voyagez en famille, procurez-vous des entr\u00e9es pour <strong><a href=\"https:\/\/www.fantasyparkmallorca.com\/\">Fantasy Park<\/a>, un espace avec des attractions, des karts, des structures gonflables et des jeux pour pratiquement tous les \u00e2ges.<\/strong> C&#8217;est ce type d&#8217;activit\u00e9 que vous choisissez lorsque vous voulez viser juste et terminer la journ\u00e9e avec tout le monde content \u2014enfants et adultes\u2014.<\/p><p style=\"font-weight: 400;\">Un autre plan indispensable dans la zone est de <strong>visiter les Cuevas del Drach<\/strong>, \u00e0 Porto Cristo. Elles sont \u00e0 peu de distance et sont <strong>l&#8217;un des espaces naturels les plus spectaculaires de l&#8217;\u00eele, avec des lacs souterrains et des parcours qui impressionnent m\u00eame si vous avez d\u00e9j\u00e0 vu d&#8217;autres <\/strong><strong><a href=\"https:\/\/www.idealpropertymallorca.com\/blog\/es\/las-10-mejores-rutas-de-cuevas-en-mallorca\/?\">grottes de Majorque<\/a><\/strong><strong>.<\/strong> <\/p><p style=\"font-weight: 400;\">Et si vous avez envie de plus de mouvement, <strong>inscrivez-vous \u00e0 la V\u00eda Verde de Manacor \u00e0 Art\u00e0<\/strong>, \u00e0 pied ou \u00e0 v\u00e9lo. C&#8217;est un parcours facile, tr\u00e8s plat et avec un paysage tr\u00e8s agr\u00e9able. Si vous voulez augmenter un peu le niveau, vous avez \u00e9galement des options comme <strong>monter au Puig Penyal ou au Puig de Sa Font<\/strong>, des itin\u00e9raires simples mais un peu plus exigeants que la V\u00eda Verde.  <\/p><p style=\"font-weight: 400;\">Et si votre truc c&#8217;est le <a href=\"https:\/\/www.idealpropertymallorca.com\/blog\/golf-mallorca\/\">golf \u00e0 Majorque<\/a> \u2014et n&#8217;importe o\u00f9 sur la face de la terre\u2014\u2026 vous avez de la chance ! <strong>Tr\u00e8s pr\u00e8s, vous avez le <\/strong><strong><a href=\"https:\/\/www.pulagolf.com\/\">Pula Golf Resort<\/a><\/strong><strong>, l&#8217;un des terrains les plus connus de l&#8217;\u00eele<\/strong> et une tr\u00e8s bonne excuse pour consacrer quelques heures au <em>green<\/em>.<\/p>\t\t\t\t\t\t\t\t<\/div>\n\t\t\t\t<\/div>\n\t\t\t\t\t<\/div>\n\t\t<\/div>\n\t\t\t\t\t<\/div>\n\t\t<\/section>\n\t\t<div class=\"elementor-element elementor-element-3003652 e-flex e-con-boxed e-con e-parent\" data-id=\"3003652\" data-element_type=\"container\" data-e-type=\"container\">\n\t\t\t\t\t<div class=\"e-con-inner\">\n\t\t<div class=\"elementor-element elementor-element-694a797 e-con-full e-flex e-con e-child\" data-id=\"694a797\" data-element_type=\"container\" data-e-type=\"container\">\n\t\t\t\t<div class=\"elementor-element elementor-element-17551a9 elementor-widget elementor-widget-heading\" data-id=\"17551a9\" data-element_type=\"widget\" data-e-type=\"widget\" data-widget_type=\"heading.default\">\n\t\t\t\t<div class=\"elementor-widget-container\">\n\t\t\t\t\t<h2 class=\"elementor-heading-title elementor-size-default\">Que faire \u00e0 Cala Bona <\/h2>\t\t\t\t<\/div>\n\t\t\t\t<\/div>\n\t\t\t\t<div class=\"elementor-element elementor-element-9a2361c elementor-widget elementor-widget-text-editor\" data-id=\"9a2361c\" data-element_type=\"widget\" data-e-type=\"widget\" data-widget_type=\"text-editor.default\">\n\t\t\t\t<div class=\"elementor-widget-container\">\n\t\t\t\t\t\t\t\t\t<p style=\"font-weight: 400;\">Bien que Cala Bona soit une localit\u00e9 tranquille, cela ne signifie pas qu&#8217;elle manque d&#8217;activit\u00e9s. Au contraire. <\/p><p style=\"font-weight: 400;\">Si vous voyagez en famille, procurez-vous des entr\u00e9es pour <strong><a href=\"https:\/\/www.fantasyparkmallorca.com\/\">Fantasy Park<\/a>, un espace avec des attractions, des karts, des structures gonflables et des jeux pour pratiquement tous les \u00e2ges.<\/strong> C&#8217;est ce type d&#8217;activit\u00e9 que vous choisissez lorsque vous voulez viser juste et terminer la journ\u00e9e avec tout le monde content \u2014enfants et adultes\u2014.<\/p><p style=\"font-weight: 400;\">Un autre plan indispensable dans la zone est de <strong>visiter les Cuevas del Drach<\/strong>, \u00e0 Porto Cristo. Elles sont \u00e0 peu de distance et sont <strong>l&#8217;un des espaces naturels les plus spectaculaires de l&#8217;\u00eele, avec des lacs souterrains et des parcours qui impressionnent m\u00eame si vous avez d\u00e9j\u00e0 vu d&#8217;autres <\/strong><strong><a href=\"https:\/\/www.idealpropertymallorca.com\/blog\/es\/las-10-mejores-rutas-de-cuevas-en-mallorca\/?\">grottes de Majorque<\/a><\/strong><strong>.<\/strong> <\/p><p style=\"font-weight: 400;\">Et si vous avez envie de plus de mouvement, <strong>inscrivez-vous \u00e0 la V\u00eda Verde de Manacor \u00e0 Art\u00e0<\/strong>, \u00e0 pied ou \u00e0 v\u00e9lo. C&#8217;est un parcours facile, tr\u00e8s plat et avec un paysage tr\u00e8s agr\u00e9able. Si vous voulez augmenter un peu le niveau, vous avez \u00e9galement des options comme <strong>monter au Puig Penyal ou au Puig de Sa Font<\/strong>, des itin\u00e9raires simples mais un peu plus exigeants que la V\u00eda Verde.  <\/p><p style=\"font-weight: 400;\">Et si votre truc c&#8217;est le <a href=\"https:\/\/www.idealpropertymallorca.com\/blog\/golf-mallorca\/\">golf \u00e0 Majorque<\/a> \u2014et n&#8217;importe o\u00f9 sur la face de la terre\u2014\u2026 vous avez de la chance ! <strong>Tr\u00e8s pr\u00e8s, vous avez le <\/strong><strong><a href=\"https:\/\/www.pulagolf.com\/\">Pula Golf Resort<\/a><\/strong><strong>, l&#8217;un des terrains les plus connus de l&#8217;\u00eele<\/strong> et une tr\u00e8s bonne excuse pour consacrer quelques heures au <em>green<\/em>.<\/p>\t\t\t\t\t\t\t\t<\/div>\n\t\t\t\t<\/div>\n\t\t\t\t<\/div>\n\t\t\t\t\t<\/div>\n\t\t\t\t<\/div>\n\t\t\t\t<section class=\"elementor-section elementor-top-section elementor-element elementor-element-7332e16d elementor-section-boxed elementor-section-height-default elementor-section-height-default\" data-id=\"7332e16d\" data-element_type=\"section\" data-e-type=\"section\">\n\t\t\t\t\t\t<div class=\"elementor-container elementor-column-gap-default\">\n\t\t\t\t\t<div class=\"elementor-column elementor-col-100 elementor-top-column elementor-element elementor-element-27fc44e8\" data-id=\"27fc44e8\" data-element_type=\"column\" data-e-type=\"column\">\n\t\t\t<div class=\"elementor-widget-wrap elementor-element-populated\">\n\t\t\t\t\t\t<div class=\"elementor-element elementor-element-ac6227b elementor-widget elementor-widget-image\" data-id=\"ac6227b\" data-element_type=\"widget\" data-e-type=\"widget\" data-widget_type=\"image.default\">\n\t\t\t\t<div class=\"elementor-widget-container\">\n\t\t\t\t\t\t\t\t\t\t\t\t\t\t\t<img decoding=\"async\" src=\"https:\/\/www.idealpropertymallorca.com\/blog\/wp-content\/uploads\/elementor\/thumbs\/playa-cala-bona-ri2kjqf8ntikhk5naswjoo087zdi0hved1agbzgyuo.webp\" title=\"playa-cala-bona\" alt=\"playa-cala-bona\" loading=\"lazy\" \/>\t\t\t\t\t\t\t\t\t\t\t\t\t\t\t<\/div>\n\t\t\t\t<\/div>\n\t\t\t\t\t<\/div>\n\t\t<\/div>\n\t\t\t\t\t<\/div>\n\t\t<\/section>\n\t\t\t\t<section class=\"elementor-section elementor-top-section elementor-element elementor-element-a93ed82 elementor-section-boxed elementor-section-height-default elementor-section-height-default\" data-id=\"a93ed82\" data-element_type=\"section\" data-e-type=\"section\">\n\t\t\t\t\t\t<div class=\"elementor-container elementor-column-gap-default\">\n\t\t\t\t\t<div class=\"elementor-column elementor-col-100 elementor-top-column elementor-element elementor-element-808f4db\" data-id=\"808f4db\" data-element_type=\"column\" data-e-type=\"column\">\n\t\t\t<div class=\"elementor-widget-wrap elementor-element-populated\">\n\t\t\t\t\t\t<div class=\"elementor-element elementor-element-3deedc2 elementor-widget elementor-widget-heading\" data-id=\"3deedc2\" data-element_type=\"widget\" data-e-type=\"widget\" data-widget_type=\"heading.default\">\n\t\t\t\t<div class=\"elementor-widget-container\">\n\t\t\t\t\t<h2 class=\"elementor-heading-title elementor-size-default\">Tout ce dont vous avez besoin pour venir d\u00e9couvrir Cala Bona \u00e0 Majorque <\/h2>\t\t\t\t<\/div>\n\t\t\t\t<\/div>\n\t\t\t\t<div class=\"elementor-element elementor-element-381f030 elementor-widget elementor-widget-text-editor\" data-id=\"381f030\" data-element_type=\"widget\" data-e-type=\"widget\" data-widget_type=\"text-editor.default\">\n\t\t\t\t<div class=\"elementor-widget-container\">\n\t\t\t\t\t\t\t\t\t<p style=\"font-weight: 400;\">Pour qu&#8217;un s\u00e9jour de dix \u00e0 Cala Bona soit complet, il ne manque qu&#8217;une chose : savoir o\u00f9 bien manger. Et ici, il n&#8217;y a pas trop de d\u00e9bat, il y a un nom qui se distingue au-dessus du reste et qu&#8217;il est presque obligatoire de noter. <strong>Le restaurant Son Floriana vous fera profiter de produits de qualit\u00e9 et d&#8217;un d\u00e9vouement \u00e0 la cuisine exceptionnel<\/strong>.<\/p><p style=\"font-weight: 400;\">Et bien s\u00fbr, pour couronner l&#8217;exp\u00e9rience, il faut un h\u00e9bergement avec tout le confort. <strong>Chez <\/strong><strong><a href=\"https:\/\/www.idealpropertymallorca.com\/es\/\">Ideal Property<\/a><\/strong><strong>, nous pouvons vous aider avec deux options de luxe tr\u00e8s pr\u00e8s de Cala Bona <\/strong>qui fonctionnent \u00e0 merveille si vous recherchez de l&#8217;espace, de l&#8217;intimit\u00e9 et du repos : la <a href=\"https:\/\/www.idealpropertymallorca.com\/es\/alquiler\/finca-son-servera-finca-punta-ses-planes-en-mallorca-con-piscina-517894.html\">Finca Punta Ses Planes<\/a> ou la <a href=\"https:\/\/www.idealpropertymallorca.com\/es\/alquiler\/casa-manacor-finca-rosas-28-con-piscina-privada-en-mallorca-302924.html\">Finca Rosas<\/a>.<\/p><p style=\"font-weight: 400;\">Parce que lorsque vous avez bien mang\u00e9 et un bon endroit o\u00f9 dormir, Cala Bona se savoure encore plus.<\/p>\t\t\t\t\t\t\t\t<\/div>\n\t\t\t\t<\/div>\n\t\t\t\t\t<\/div>\n\t\t<\/div>\n\t\t\t\t\t<\/div>\n\t\t<\/section>\n\t\t\t\t<section class=\"elementor-section elementor-top-section elementor-element elementor-element-2383e38d elementor-section-boxed elementor-section-height-default elementor-section-height-default\" data-id=\"2383e38d\" data-element_type=\"section\" data-e-type=\"section\">\n\t\t\t\t\t\t<div class=\"elementor-container elementor-column-gap-default\">\n\t\t\t\t\t<div class=\"elementor-column elementor-col-100 elementor-top-column elementor-element elementor-element-b5280a9\" data-id=\"b5280a9\" data-element_type=\"column\" data-e-type=\"column\">\n\t\t\t<div class=\"elementor-widget-wrap elementor-element-populated\">\n\t\t\t\t\t\t<div class=\"elementor-element elementor-element-2305d7c1 elementor-widget elementor-widget-shortcode\" data-id=\"2305d7c1\" data-element_type=\"widget\" data-e-type=\"widget\" data-widget_type=\"shortcode.default\">\n\t\t\t\t<div class=\"elementor-widget-container\">\n\t\t\t\t\t\t\t<div class=\"elementor-shortcode\">\t\t<div data-elementor-type=\"section\" data-elementor-id=\"14672\" class=\"elementor elementor-14672 elementor-1954 elementor-1954\" data-elementor-post-type=\"elementor_library\">\n\t\t\t\t\t<section class=\"elementor-section elementor-top-section elementor-element elementor-element-5778b12d elementor-section-boxed elementor-section-height-default elementor-section-height-default\" data-id=\"5778b12d\" data-element_type=\"section\" data-e-type=\"section\">\n\t\t\t\t\t\t<div class=\"elementor-container elementor-column-gap-default\">\n\t\t\t\t\t<div class=\"elementor-column elementor-col-33 elementor-top-column elementor-element elementor-element-7b63db41\" data-id=\"7b63db41\" data-element_type=\"column\" data-e-type=\"column\">\n\t\t\t<div class=\"elementor-widget-wrap elementor-element-populated\">\n\t\t\t\t\t\t<div class=\"elementor-element elementor-element-6130cb39 elementor-align-center elementor-widget elementor-widget-button\" data-id=\"6130cb39\" data-element_type=\"widget\" data-e-type=\"widget\" data-widget_type=\"button.default\">\n\t\t\t\t<div class=\"elementor-widget-container\">\n\t\t\t\t\t\t\t\t\t<div class=\"elementor-button-wrapper\">\n\t\t\t\t\t<a class=\"elementor-button elementor-button-link elementor-size-sm\" href=\"https:\/\/www.idealpropertymallorca.com\/fr\/location-appartement-a-majorque\">\n\t\t\t\t\t\t<span class=\"elementor-button-content-wrapper\">\n\t\t\t\t\t\t\t\t\t<span class=\"elementor-button-text\">Appartements \u00e0 Majorque<\/span>\n\t\t\t\t\t<\/span>\n\t\t\t\t\t<\/a>\n\t\t\t\t<\/div>\n\t\t\t\t\t\t\t\t<\/div>\n\t\t\t\t<\/div>\n\t\t\t\t\t<\/div>\n\t\t<\/div>\n\t\t\t\t<div class=\"elementor-column elementor-col-33 elementor-top-column elementor-element elementor-element-22b4a260\" data-id=\"22b4a260\" data-element_type=\"column\" data-e-type=\"column\">\n\t\t\t<div class=\"elementor-widget-wrap elementor-element-populated\">\n\t\t\t\t\t\t<div class=\"elementor-element elementor-element-79a06728 elementor-align-center elementor-widget elementor-widget-button\" data-id=\"79a06728\" data-element_type=\"widget\" data-e-type=\"widget\" data-widget_type=\"button.default\">\n\t\t\t\t<div class=\"elementor-widget-container\">\n\t\t\t\t\t\t\t\t\t<div class=\"elementor-button-wrapper\">\n\t\t\t\t\t<a class=\"elementor-button elementor-button-link elementor-size-sm\" href=\"https:\/\/www.idealpropertymallorca.com\/fr\/location-maison-majorque\/\">\n\t\t\t\t\t\t<span class=\"elementor-button-content-wrapper\">\n\t\t\t\t\t\t\t\t\t<span class=\"elementor-button-text\">Maisons de vacances \u00e0 Majorque<\/span>\n\t\t\t\t\t<\/span>\n\t\t\t\t\t<\/a>\n\t\t\t\t<\/div>\n\t\t\t\t\t\t\t\t<\/div>\n\t\t\t\t<\/div>\n\t\t\t\t\t<\/div>\n\t\t<\/div>\n\t\t\t\t<div class=\"elementor-column elementor-col-33 elementor-top-column elementor-element elementor-element-6d69c362\" data-id=\"6d69c362\" data-element_type=\"column\" data-e-type=\"column\">\n\t\t\t<div class=\"elementor-widget-wrap elementor-element-populated\">\n\t\t\t\t\t\t<div class=\"elementor-element elementor-element-2baf2346 elementor-align-center elementor-widget elementor-widget-button\" data-id=\"2baf2346\" data-element_type=\"widget\" data-e-type=\"widget\" data-widget_type=\"button.default\">\n\t\t\t\t<div class=\"elementor-widget-container\">\n\t\t\t\t\t\t\t\t\t<div class=\"elementor-button-wrapper\">\n\t\t\t\t\t<a class=\"elementor-button elementor-button-link elementor-size-sm\" href=\"https:\/\/www.idealpropertymallorca.com\/fr\/finca-majorque\/\">\n\t\t\t\t\t\t<span class=\"elementor-button-content-wrapper\">\n\t\t\t\t\t\t\t\t\t<span class=\"elementor-button-text\">Propri\u00e9t\u00e9s rurales \u00e0 Majorque<\/span>\n\t\t\t\t\t<\/span>\n\t\t\t\t\t<\/a>\n\t\t\t\t<\/div>\n\t\t\t\t\t\t\t\t<\/div>\n\t\t\t\t<\/div>\n\t\t\t\t\t<\/div>\n\t\t<\/div>\n\t\t\t\t\t<\/div>\n\t\t<\/section>\n\t\t\t\t<\/div>\n\t\t<\/div>\n\t\t\t\t\t\t<\/div>\n\t\t\t\t<\/div>\n\t\t\t\t\t<\/div>\n\t\t<\/div>\n\t\t\t\t\t<\/div>\n\t\t<\/section>\n\t\t\t\t<\/div>\n\t\t","protected":false},"excerpt":{"rendered":"<p>Cala Bona est un petit noyau c\u00f4tier situ\u00e9 sur la c\u00f4te est de Majorque, connu pour son origine en tant que port de p\u00eacheurs. Nous n&#8217;allons pas vous mentir : ce n&#8217;est pas le protagoniste d&#8217;une carte postale typique de l&#8217;\u00eele ni un grand attrait touristique et c&#8217;est pr\u00e9cis\u00e9ment ce qui la rend si sp\u00e9ciale. [&hellip;]<\/p>\n","protected":false},"author":8,"featured_media":23389,"comment_status":"open","ping_status":"open","sticky":false,"template":"","format":"standard","meta":{"footnotes":""},"categories":[762],"tags":[],"class_list":["post-23416","post","type-post","status-publish","format-standard","has-post-thumbnail","hentry","category-criques"],"yoast_head":"<!-- This site is optimized with the Yoast SEO plugin v27.4 - https:\/\/yoast.com\/product\/yoast-seo-wordpress\/ -->\n<title>Cala Bona, l&#039;une des grandes inconnues de Majorque - Majorca Blog<\/title>\n<meta name=\"description\" content=\"Voyagez \u00e0 Cala Bona \u00e0 Majorque et d\u00e9couvrez une destination tranquille et agr\u00e9able avec des plages \u00e0 proximit\u00e9, de nombreuses activit\u00e9s de plein air et une bonne gastronomie.\" \/>\n<meta name=\"robots\" content=\"index, follow, max-snippet:-1, max-image-preview:large, max-video-preview:-1\" \/>\n<link rel=\"canonical\" href=\"https:\/\/www.idealpropertymallorca.com\/blog\/fr\/cala-bona\/\" \/>\n<meta property=\"og:locale\" content=\"fr_FR\" \/>\n<meta property=\"og:type\" content=\"article\" \/>\n<meta property=\"og:title\" content=\"Cala Bona, l&#039;une des grandes inconnues de Majorque - Majorca Blog\" \/>\n<meta property=\"og:description\" content=\"Voyagez \u00e0 Cala Bona \u00e0 Majorque et d\u00e9couvrez une destination tranquille et agr\u00e9able avec des plages \u00e0 proximit\u00e9, de nombreuses activit\u00e9s de plein air et une bonne gastronomie.\" \/>\n<meta property=\"og:url\" content=\"https:\/\/www.idealpropertymallorca.com\/blog\/fr\/cala-bona\/\" \/>\n<meta property=\"og:site_name\" content=\"Majorca Blog\" \/>\n<meta property=\"article:published_time\" content=\"2026-01-27T11:53:42+00:00\" \/>\n<meta property=\"article:modified_time\" content=\"2026-01-27T11:53:45+00:00\" \/>\n<meta property=\"og:image\" content=\"https:\/\/www.idealpropertymallorca.com\/blog\/wp-content\/uploads\/2026\/01\/Cala-bona-de-mallorca.webp\" \/>\n\t<meta property=\"og:image:width\" content=\"1360\" \/>\n\t<meta property=\"og:image:height\" content=\"907\" \/>\n\t<meta property=\"og:image:type\" content=\"image\/webp\" \/>\n<meta name=\"author\" content=\"Laura\" \/>\n<meta name=\"twitter:card\" content=\"summary_large_image\" \/>\n<meta name=\"twitter:label1\" content=\"Written by\" \/>\n\t<meta name=\"twitter:data1\" content=\"Laura\" \/>\n\t<meta name=\"twitter:label2\" content=\"Est. reading time\" \/>\n\t<meta name=\"twitter:data2\" content=\"7 minutes\" \/>\n<script type=\"application\/ld+json\" class=\"yoast-schema-graph\">{\"@context\":\"https:\\\/\\\/schema.org\",\"@graph\":[{\"@type\":\"Article\",\"@id\":\"https:\\\/\\\/www.idealpropertymallorca.com\\\/blog\\\/fr\\\/cala-bona\\\/#article\",\"isPartOf\":{\"@id\":\"https:\\\/\\\/www.idealpropertymallorca.com\\\/blog\\\/fr\\\/cala-bona\\\/\"},\"author\":{\"name\":\"Laura\",\"@id\":\"https:\\\/\\\/www.idealpropertymallorca.com\\\/blog\\\/fr\\\/#\\\/schema\\\/person\\\/53b99bcf6881b706ccaf30eb50de4c8e\"},\"headline\":\"Cala Bona, l&#8217;une des grandes inconnues de Majorque\",\"datePublished\":\"2026-01-27T11:53:42+00:00\",\"dateModified\":\"2026-01-27T11:53:45+00:00\",\"mainEntityOfPage\":{\"@id\":\"https:\\\/\\\/www.idealpropertymallorca.com\\\/blog\\\/fr\\\/cala-bona\\\/\"},\"wordCount\":1468,\"commentCount\":0,\"publisher\":{\"@id\":\"https:\\\/\\\/www.idealpropertymallorca.com\\\/blog\\\/fr\\\/#organization\"},\"image\":{\"@id\":\"https:\\\/\\\/www.idealpropertymallorca.com\\\/blog\\\/fr\\\/cala-bona\\\/#primaryimage\"},\"thumbnailUrl\":\"https:\\\/\\\/www.idealpropertymallorca.com\\\/blog\\\/wp-content\\\/uploads\\\/2026\\\/01\\\/Cala-bona-de-mallorca.webp\",\"articleSection\":[\"Criques\"],\"inLanguage\":\"fr\",\"potentialAction\":[{\"@type\":\"CommentAction\",\"name\":\"Comment\",\"target\":[\"https:\\\/\\\/www.idealpropertymallorca.com\\\/blog\\\/fr\\\/cala-bona\\\/#respond\"]}]},{\"@type\":\"WebPage\",\"@id\":\"https:\\\/\\\/www.idealpropertymallorca.com\\\/blog\\\/fr\\\/cala-bona\\\/\",\"url\":\"https:\\\/\\\/www.idealpropertymallorca.com\\\/blog\\\/fr\\\/cala-bona\\\/\",\"name\":\"Cala Bona, l'une des grandes inconnues de Majorque - Majorca Blog\",\"isPartOf\":{\"@id\":\"https:\\\/\\\/www.idealpropertymallorca.com\\\/blog\\\/fr\\\/#website\"},\"primaryImageOfPage\":{\"@id\":\"https:\\\/\\\/www.idealpropertymallorca.com\\\/blog\\\/fr\\\/cala-bona\\\/#primaryimage\"},\"image\":{\"@id\":\"https:\\\/\\\/www.idealpropertymallorca.com\\\/blog\\\/fr\\\/cala-bona\\\/#primaryimage\"},\"thumbnailUrl\":\"https:\\\/\\\/www.idealpropertymallorca.com\\\/blog\\\/wp-content\\\/uploads\\\/2026\\\/01\\\/Cala-bona-de-mallorca.webp\",\"datePublished\":\"2026-01-27T11:53:42+00:00\",\"dateModified\":\"2026-01-27T11:53:45+00:00\",\"description\":\"Voyagez \u00e0 Cala Bona \u00e0 Majorque et d\u00e9couvrez une destination tranquille et agr\u00e9able avec des plages \u00e0 proximit\u00e9, de nombreuses activit\u00e9s de plein air et une bonne gastronomie.\",\"inLanguage\":\"fr\",\"potentialAction\":[{\"@type\":\"ReadAction\",\"target\":[\"https:\\\/\\\/www.idealpropertymallorca.com\\\/blog\\\/fr\\\/cala-bona\\\/\"]}]},{\"@type\":\"ImageObject\",\"inLanguage\":\"fr\",\"@id\":\"https:\\\/\\\/www.idealpropertymallorca.com\\\/blog\\\/fr\\\/cala-bona\\\/#primaryimage\",\"url\":\"https:\\\/\\\/www.idealpropertymallorca.com\\\/blog\\\/wp-content\\\/uploads\\\/2026\\\/01\\\/Cala-bona-de-mallorca.webp\",\"contentUrl\":\"https:\\\/\\\/www.idealpropertymallorca.com\\\/blog\\\/wp-content\\\/uploads\\\/2026\\\/01\\\/Cala-bona-de-mallorca.webp\",\"width\":1360,\"height\":907,\"caption\":\"Cala bona de mallorca\"},{\"@type\":\"WebSite\",\"@id\":\"https:\\\/\\\/www.idealpropertymallorca.com\\\/blog\\\/fr\\\/#website\",\"url\":\"https:\\\/\\\/www.idealpropertymallorca.com\\\/blog\\\/fr\\\/\",\"name\":\"Majorca Blog\",\"description\":\"Find relevant tourist information to see and do on the island of Mallorca during your holiday. Discover the best places and tips!\",\"publisher\":{\"@id\":\"https:\\\/\\\/www.idealpropertymallorca.com\\\/blog\\\/fr\\\/#organization\"},\"potentialAction\":[{\"@type\":\"SearchAction\",\"target\":{\"@type\":\"EntryPoint\",\"urlTemplate\":\"https:\\\/\\\/www.idealpropertymallorca.com\\\/blog\\\/fr\\\/?s={search_term_string}\"},\"query-input\":{\"@type\":\"PropertyValueSpecification\",\"valueRequired\":true,\"valueName\":\"search_term_string\"}}],\"inLanguage\":\"fr\"},{\"@type\":\"Organization\",\"@id\":\"https:\\\/\\\/www.idealpropertymallorca.com\\\/blog\\\/fr\\\/#organization\",\"name\":\"Majorca Blog\",\"url\":\"https:\\\/\\\/www.idealpropertymallorca.com\\\/blog\\\/fr\\\/\",\"logo\":{\"@type\":\"ImageObject\",\"inLanguage\":\"fr\",\"@id\":\"https:\\\/\\\/www.idealpropertymallorca.com\\\/blog\\\/fr\\\/#\\\/schema\\\/logo\\\/image\\\/\",\"url\":\"https:\\\/\\\/www.idealpropertymallorca.com\\\/blog\\\/wp-content\\\/uploads\\\/2024\\\/10\\\/ideal-property-mallorca-blue-mobile.png\",\"contentUrl\":\"https:\\\/\\\/www.idealpropertymallorca.com\\\/blog\\\/wp-content\\\/uploads\\\/2024\\\/10\\\/ideal-property-mallorca-blue-mobile.png\",\"width\":500,\"height\":150,\"caption\":\"Majorca Blog\"},\"image\":{\"@id\":\"https:\\\/\\\/www.idealpropertymallorca.com\\\/blog\\\/fr\\\/#\\\/schema\\\/logo\\\/image\\\/\"}},{\"@type\":\"Person\",\"@id\":\"https:\\\/\\\/www.idealpropertymallorca.com\\\/blog\\\/fr\\\/#\\\/schema\\\/person\\\/53b99bcf6881b706ccaf30eb50de4c8e\",\"name\":\"Laura\",\"image\":{\"@type\":\"ImageObject\",\"inLanguage\":\"fr\",\"@id\":\"https:\\\/\\\/secure.gravatar.com\\\/avatar\\\/38b396224481eeb6edadb558d7e4a6d1ff1c8ba1e6abd3951e451527e107c96b?s=96&d=mm&r=g\",\"url\":\"https:\\\/\\\/secure.gravatar.com\\\/avatar\\\/38b396224481eeb6edadb558d7e4a6d1ff1c8ba1e6abd3951e451527e107c96b?s=96&d=mm&r=g\",\"contentUrl\":\"https:\\\/\\\/secure.gravatar.com\\\/avatar\\\/38b396224481eeb6edadb558d7e4a6d1ff1c8ba1e6abd3951e451527e107c96b?s=96&d=mm&r=g\",\"caption\":\"Laura\"}}]}<\/script>\n<!-- \/ Yoast SEO plugin. -->","yoast_head_json":{"title":"Cala Bona, l'une des grandes inconnues de Majorque - Majorca Blog","description":"Voyagez \u00e0 Cala Bona \u00e0 Majorque et d\u00e9couvrez une destination tranquille et agr\u00e9able avec des plages \u00e0 proximit\u00e9, de nombreuses activit\u00e9s de plein air et une bonne gastronomie.","robots":{"index":"index","follow":"follow","max-snippet":"max-snippet:-1","max-image-preview":"max-image-preview:large","max-video-preview":"max-video-preview:-1"},"canonical":"https:\/\/www.idealpropertymallorca.com\/blog\/fr\/cala-bona\/","og_locale":"fr_FR","og_type":"article","og_title":"Cala Bona, l'une des grandes inconnues de Majorque - Majorca Blog","og_description":"Voyagez \u00e0 Cala Bona \u00e0 Majorque et d\u00e9couvrez une destination tranquille et agr\u00e9able avec des plages \u00e0 proximit\u00e9, de nombreuses activit\u00e9s de plein air et une bonne gastronomie.","og_url":"https:\/\/www.idealpropertymallorca.com\/blog\/fr\/cala-bona\/","og_site_name":"Majorca Blog","article_published_time":"2026-01-27T11:53:42+00:00","article_modified_time":"2026-01-27T11:53:45+00:00","og_image":[{"width":1360,"height":907,"url":"https:\/\/www.idealpropertymallorca.com\/blog\/wp-content\/uploads\/2026\/01\/Cala-bona-de-mallorca.webp","type":"image\/webp"}],"author":"Laura","twitter_card":"summary_large_image","twitter_misc":{"Written by":"Laura","Est. reading time":"7 minutes"},"schema":{"@context":"https:\/\/schema.org","@graph":[{"@type":"Article","@id":"https:\/\/www.idealpropertymallorca.com\/blog\/fr\/cala-bona\/#article","isPartOf":{"@id":"https:\/\/www.idealpropertymallorca.com\/blog\/fr\/cala-bona\/"},"author":{"name":"Laura","@id":"https:\/\/www.idealpropertymallorca.com\/blog\/fr\/#\/schema\/person\/53b99bcf6881b706ccaf30eb50de4c8e"},"headline":"Cala Bona, l&#8217;une des grandes inconnues de Majorque","datePublished":"2026-01-27T11:53:42+00:00","dateModified":"2026-01-27T11:53:45+00:00","mainEntityOfPage":{"@id":"https:\/\/www.idealpropertymallorca.com\/blog\/fr\/cala-bona\/"},"wordCount":1468,"commentCount":0,"publisher":{"@id":"https:\/\/www.idealpropertymallorca.com\/blog\/fr\/#organization"},"image":{"@id":"https:\/\/www.idealpropertymallorca.com\/blog\/fr\/cala-bona\/#primaryimage"},"thumbnailUrl":"https:\/\/www.idealpropertymallorca.com\/blog\/wp-content\/uploads\/2026\/01\/Cala-bona-de-mallorca.webp","articleSection":["Criques"],"inLanguage":"fr","potentialAction":[{"@type":"CommentAction","name":"Comment","target":["https:\/\/www.idealpropertymallorca.com\/blog\/fr\/cala-bona\/#respond"]}]},{"@type":"WebPage","@id":"https:\/\/www.idealpropertymallorca.com\/blog\/fr\/cala-bona\/","url":"https:\/\/www.idealpropertymallorca.com\/blog\/fr\/cala-bona\/","name":"Cala Bona, l'une des grandes inconnues de Majorque - Majorca Blog","isPartOf":{"@id":"https:\/\/www.idealpropertymallorca.com\/blog\/fr\/#website"},"primaryImageOfPage":{"@id":"https:\/\/www.idealpropertymallorca.com\/blog\/fr\/cala-bona\/#primaryimage"},"image":{"@id":"https:\/\/www.idealpropertymallorca.com\/blog\/fr\/cala-bona\/#primaryimage"},"thumbnailUrl":"https:\/\/www.idealpropertymallorca.com\/blog\/wp-content\/uploads\/2026\/01\/Cala-bona-de-mallorca.webp","datePublished":"2026-01-27T11:53:42+00:00","dateModified":"2026-01-27T11:53:45+00:00","description":"Voyagez \u00e0 Cala Bona \u00e0 Majorque et d\u00e9couvrez une destination tranquille et agr\u00e9able avec des plages \u00e0 proximit\u00e9, de nombreuses activit\u00e9s de plein air et une bonne gastronomie.","inLanguage":"fr","potentialAction":[{"@type":"ReadAction","target":["https:\/\/www.idealpropertymallorca.com\/blog\/fr\/cala-bona\/"]}]},{"@type":"ImageObject","inLanguage":"fr","@id":"https:\/\/www.idealpropertymallorca.com\/blog\/fr\/cala-bona\/#primaryimage","url":"https:\/\/www.idealpropertymallorca.com\/blog\/wp-content\/uploads\/2026\/01\/Cala-bona-de-mallorca.webp","contentUrl":"https:\/\/www.idealpropertymallorca.com\/blog\/wp-content\/uploads\/2026\/01\/Cala-bona-de-mallorca.webp","width":1360,"height":907,"caption":"Cala bona de mallorca"},{"@type":"WebSite","@id":"https:\/\/www.idealpropertymallorca.com\/blog\/fr\/#website","url":"https:\/\/www.idealpropertymallorca.com\/blog\/fr\/","name":"Majorca Blog","description":"Find relevant tourist information to see and do on the island of Mallorca during your holiday. Discover the best places and tips!","publisher":{"@id":"https:\/\/www.idealpropertymallorca.com\/blog\/fr\/#organization"},"potentialAction":[{"@type":"SearchAction","target":{"@type":"EntryPoint","urlTemplate":"https:\/\/www.idealpropertymallorca.com\/blog\/fr\/?s={search_term_string}"},"query-input":{"@type":"PropertyValueSpecification","valueRequired":true,"valueName":"search_term_string"}}],"inLanguage":"fr"},{"@type":"Organization","@id":"https:\/\/www.idealpropertymallorca.com\/blog\/fr\/#organization","name":"Majorca Blog","url":"https:\/\/www.idealpropertymallorca.com\/blog\/fr\/","logo":{"@type":"ImageObject","inLanguage":"fr","@id":"https:\/\/www.idealpropertymallorca.com\/blog\/fr\/#\/schema\/logo\/image\/","url":"https:\/\/www.idealpropertymallorca.com\/blog\/wp-content\/uploads\/2024\/10\/ideal-property-mallorca-blue-mobile.png","contentUrl":"https:\/\/www.idealpropertymallorca.com\/blog\/wp-content\/uploads\/2024\/10\/ideal-property-mallorca-blue-mobile.png","width":500,"height":150,"caption":"Majorca Blog"},"image":{"@id":"https:\/\/www.idealpropertymallorca.com\/blog\/fr\/#\/schema\/logo\/image\/"}},{"@type":"Person","@id":"https:\/\/www.idealpropertymallorca.com\/blog\/fr\/#\/schema\/person\/53b99bcf6881b706ccaf30eb50de4c8e","name":"Laura","image":{"@type":"ImageObject","inLanguage":"fr","@id":"https:\/\/secure.gravatar.com\/avatar\/38b396224481eeb6edadb558d7e4a6d1ff1c8ba1e6abd3951e451527e107c96b?s=96&d=mm&r=g","url":"https:\/\/secure.gravatar.com\/avatar\/38b396224481eeb6edadb558d7e4a6d1ff1c8ba1e6abd3951e451527e107c96b?s=96&d=mm&r=g","contentUrl":"https:\/\/secure.gravatar.com\/avatar\/38b396224481eeb6edadb558d7e4a6d1ff1c8ba1e6abd3951e451527e107c96b?s=96&d=mm&r=g","caption":"Laura"}}]}},"_links":{"self":[{"href":"https:\/\/www.idealpropertymallorca.com\/blog\/fr\/wp-json\/wp\/v2\/posts\/23416","targetHints":{"allow":["GET"]}}],"collection":[{"href":"https:\/\/www.idealpropertymallorca.com\/blog\/fr\/wp-json\/wp\/v2\/posts"}],"about":[{"href":"https:\/\/www.idealpropertymallorca.com\/blog\/fr\/wp-json\/wp\/v2\/types\/post"}],"author":[{"embeddable":true,"href":"https:\/\/www.idealpropertymallorca.com\/blog\/fr\/wp-json\/wp\/v2\/users\/8"}],"replies":[{"embeddable":true,"href":"https:\/\/www.idealpropertymallorca.com\/blog\/fr\/wp-json\/wp\/v2\/comments?post=23416"}],"version-history":[{"count":1,"href":"https:\/\/www.idealpropertymallorca.com\/blog\/fr\/wp-json\/wp\/v2\/posts\/23416\/revisions"}],"predecessor-version":[{"id":23417,"href":"https:\/\/www.idealpropertymallorca.com\/blog\/fr\/wp-json\/wp\/v2\/posts\/23416\/revisions\/23417"}],"wp:featuredmedia":[{"embeddable":true,"href":"https:\/\/www.idealpropertymallorca.com\/blog\/fr\/wp-json\/wp\/v2\/media\/23389"}],"wp:attachment":[{"href":"https:\/\/www.idealpropertymallorca.com\/blog\/fr\/wp-json\/wp\/v2\/media?parent=23416"}],"wp:term":[{"taxonomy":"category","embeddable":true,"href":"https:\/\/www.idealpropertymallorca.com\/blog\/fr\/wp-json\/wp\/v2\/categories?post=23416"},{"taxonomy":"post_tag","embeddable":true,"href":"https:\/\/www.idealpropertymallorca.com\/blog\/fr\/wp-json\/wp\/v2\/tags?post=23416"}],"curies":[{"name":"wp","href":"https:\/\/api.w.org\/{rel}","templated":true}]}}