{"id":22137,"date":"2025-10-24T12:27:16","date_gmt":"2025-10-24T12:27:16","guid":{"rendered":"https:\/\/www.idealpropertymallorca.com\/blog\/que-voir-capdepera\/"},"modified":"2025-10-24T12:27:17","modified_gmt":"2025-10-24T12:27:17","slug":"que-voir-capdepera","status":"publish","type":"post","link":"https:\/\/www.idealpropertymallorca.com\/blog\/fr\/que-voir-capdepera\/","title":{"rendered":"Que voir \u00e0 Capdepera \u00e0 Majorque"},"content":{"rendered":"\t\t<div data-elementor-type=\"wp-post\" data-elementor-id=\"22137\" class=\"elementor elementor-22137 elementor-21830\" data-elementor-post-type=\"post\">\n\t\t\t\t\t\t<section class=\"elementor-section elementor-top-section elementor-element elementor-element-464b8cb1 elementor-section-boxed elementor-section-height-default elementor-section-height-default\" data-id=\"464b8cb1\" data-element_type=\"section\" data-e-type=\"section\">\n\t\t\t\t\t\t<div class=\"elementor-container elementor-column-gap-default\">\n\t\t\t\t\t<div class=\"elementor-column elementor-col-100 elementor-top-column elementor-element elementor-element-f9a396f\" data-id=\"f9a396f\" data-element_type=\"column\" data-e-type=\"column\">\n\t\t\t<div class=\"elementor-widget-wrap elementor-element-populated\">\n\t\t\t\t\t\t<div class=\"elementor-element elementor-element-c430559 elementor-widget elementor-widget-text-editor\" data-id=\"c430559\" data-element_type=\"widget\" data-e-type=\"widget\" data-widget_type=\"text-editor.default\">\n\t\t\t\t<div class=\"elementor-widget-container\">\n\t\t\t\t\t\t\t\t\t<p style=\"font-weight: 400;\">Si vous avez envie de d\u00e9couvrir l&#8217;une des facettes les plus tranquilles de Majorque, vous devez venir d\u00e9couvrir Capdepera. <strong>C&#8217;est l&#8217;un de ces villages qui n&#8217;ont pas besoin de grand-chose pour vous s\u00e9duire. <\/strong>Il est entour\u00e9 de paysages magnifiques, avec de nombreuses plages exceptionnelles et, comme si cela ne suffisait pas, il poss\u00e8de \u00e9galement un centre historique et un ch\u00e2teau incontournable.<\/p><p style=\"font-weight: 400;\">Continuez \u00e0 lire, nous allons vous dire tout ce qu&#8217;il faut voir \u00e0 Capdepera.<\/p>\t\t\t\t\t\t\t\t<\/div>\n\t\t\t\t<\/div>\n\t\t\t\t\t<\/div>\n\t\t<\/div>\n\t\t\t\t\t<\/div>\n\t\t<\/section>\n\t\t\t\t<section class=\"elementor-section elementor-top-section elementor-element elementor-element-70d8201 elementor-section-boxed elementor-section-height-default elementor-section-height-default\" data-id=\"70d8201\" data-element_type=\"section\" data-e-type=\"section\">\n\t\t\t\t\t\t<div class=\"elementor-container elementor-column-gap-default\">\n\t\t\t\t\t<div class=\"elementor-column elementor-col-100 elementor-top-column elementor-element elementor-element-60d5ba72\" data-id=\"60d5ba72\" data-element_type=\"column\" data-e-type=\"column\">\n\t\t\t<div class=\"elementor-widget-wrap elementor-element-populated\">\n\t\t\t\t\t\t<div class=\"elementor-element elementor-element-5e194300 elementor-widget elementor-widget-table-of-contents\" data-id=\"5e194300\" data-element_type=\"widget\" data-e-type=\"widget\" data-settings=\"{&quot;headings_by_tags&quot;:[&quot;h2&quot;],&quot;exclude_headings_by_selector&quot;:[],&quot;marker_view&quot;:&quot;bullets&quot;,&quot;icon&quot;:{&quot;value&quot;:&quot;&quot;,&quot;library&quot;:&quot;&quot;},&quot;no_headings_message&quot;:&quot;No headings were found on this page.&quot;,&quot;hierarchical_view&quot;:&quot;yes&quot;,&quot;min_height&quot;:{&quot;unit&quot;:&quot;px&quot;,&quot;size&quot;:&quot;&quot;,&quot;sizes&quot;:[]},&quot;min_height_tablet&quot;:{&quot;unit&quot;:&quot;px&quot;,&quot;size&quot;:&quot;&quot;,&quot;sizes&quot;:[]},&quot;min_height_mobile&quot;:{&quot;unit&quot;:&quot;px&quot;,&quot;size&quot;:&quot;&quot;,&quot;sizes&quot;:[]}}\" data-widget_type=\"table-of-contents.default\">\n\t\t\t\t<div class=\"elementor-widget-container\">\n\t\t\t\t\t\t\t\t\t<div class=\"elementor-toc__header\">\n\t\t\t\t\t\t<div class=\"elementor-toc__header-title\">\n\t\t\t\tSOMMAIRE\t\t\t<\/div>\n\t\t\t\t\t\t\t\t<\/div>\n\t\t\t\t<div id=\"elementor-toc__5e194300\" class=\"elementor-toc__body\">\n\t\t\t<div class=\"elementor-toc__spinner-container\">\n\t\t\t\t<i class=\"elementor-toc__spinner eicon-animation-spin eicon-loading\" aria-hidden=\"true\"><\/i>\t\t\t<\/div>\n\t\t<\/div>\n\t\t\t\t\t\t<\/div>\n\t\t\t\t<\/div>\n\t\t\t\t\t<\/div>\n\t\t<\/div>\n\t\t\t\t\t<\/div>\n\t\t<\/section>\n\t\t\t\t<section class=\"elementor-section elementor-top-section elementor-element elementor-element-1835a3fc elementor-section-boxed elementor-section-height-default elementor-section-height-default\" data-id=\"1835a3fc\" data-element_type=\"section\" data-e-type=\"section\">\n\t\t\t\t\t\t<div class=\"elementor-container elementor-column-gap-default\">\n\t\t\t\t\t<div class=\"elementor-column elementor-col-100 elementor-top-column elementor-element elementor-element-d6a4522\" data-id=\"d6a4522\" data-element_type=\"column\" data-e-type=\"column\">\n\t\t\t<div class=\"elementor-widget-wrap elementor-element-populated\">\n\t\t\t\t\t\t<div class=\"elementor-element elementor-element-54b62570 elementor-widget elementor-widget-heading\" data-id=\"54b62570\" data-element_type=\"widget\" data-e-type=\"widget\" data-widget_type=\"heading.default\">\n\t\t\t\t<div class=\"elementor-widget-container\">\n\t\t\t\t\t<h2 class=\"elementor-heading-title elementor-size-default\">O\u00f9 se trouve Capdepera et comment s'y rendre<\/h2>\t\t\t\t<\/div>\n\t\t\t\t<\/div>\n\t\t\t\t<div class=\"elementor-element elementor-element-5f5b506b elementor-widget elementor-widget-text-editor\" data-id=\"5f5b506b\" data-element_type=\"widget\" data-e-type=\"widget\" data-widget_type=\"text-editor.default\">\n\t\t\t\t<div class=\"elementor-widget-container\">\n\t\t\t\t\t\t\t\t\t<p>\u00c0 l&#8217;extr\u00e9mit\u00e9 nord-est de Majorque, entre montagnes et mer, vous attend Capdepera, un village \u00e0 l&#8217;\u00e2me m\u00e9di\u00e9vale et aux vues enchanteresses. \u00c0 seulement 80 kilom\u00e8tres de Palma, il est facile de s&#8217;y rendre en prenant la route Ma-15 en direction de Manacor et en continuant jusqu&#8217;\u00e0 Art\u00e0&nbsp;: en un peu plus d&#8217;une heure, vous vous prom\u00e8nerez dans ses rues pav\u00e9es et son imposant ch\u00e2teau. Si vous pr\u00e9f\u00e9rez les transports en commun, vous pouvez \u00e9galement vous y rendre confortablement en bus depuis la gare intermodale de Palma. Parfait pour une escapade authentique, avec des plages \u00e0 proximit\u00e9 comme Cala Ratjada ou Cala Mesquida qui compl\u00e8tent le plan id\u00e9al.   <\/p>\t\t\t\t\t\t\t\t<\/div>\n\t\t\t\t<\/div>\n\t\t\t\t<div class=\"elementor-element elementor-element-da47db2 elementor-widget elementor-widget-google_maps\" data-id=\"da47db2\" data-element_type=\"widget\" data-e-type=\"widget\" data-widget_type=\"google_maps.default\">\n\t\t\t\t<div class=\"elementor-widget-container\">\n\t\t\t\t\t\t\t<div class=\"elementor-custom-embed\">\n\t\t\t<iframe loading=\"lazy\"\n\t\t\t\t\tsrc=\"https:\/\/maps.google.com\/maps?q=capdepera&#038;t=m&#038;z=13&#038;output=embed&#038;iwloc=near\"\n\t\t\t\t\ttitle=\"capdepera\"\n\t\t\t\t\taria-label=\"capdepera\"\n\t\t\t><\/iframe>\n\t\t<\/div>\n\t\t\t\t\t\t<\/div>\n\t\t\t\t<\/div>\n\t\t\t\t\t<\/div>\n\t\t<\/div>\n\t\t\t\t\t<\/div>\n\t\t<\/section>\n\t\t\t\t<section class=\"elementor-section elementor-top-section elementor-element elementor-element-a5c6f82 elementor-section-boxed elementor-section-height-default elementor-section-height-default\" data-id=\"a5c6f82\" data-element_type=\"section\" data-e-type=\"section\">\n\t\t\t\t\t\t<div class=\"elementor-container elementor-column-gap-default\">\n\t\t\t\t\t<div class=\"elementor-column elementor-col-100 elementor-top-column elementor-element elementor-element-7d68d46\" data-id=\"7d68d46\" data-element_type=\"column\" data-e-type=\"column\">\n\t\t\t<div class=\"elementor-widget-wrap elementor-element-populated\">\n\t\t\t\t\t\t<div class=\"elementor-element elementor-element-4c115f2 elementor-widget elementor-widget-heading\" data-id=\"4c115f2\" data-element_type=\"widget\" data-e-type=\"widget\" data-widget_type=\"heading.default\">\n\t\t\t\t<div class=\"elementor-widget-container\">\n\t\t\t\t\t<h2 class=\"elementor-heading-title elementor-size-default\">Le ch\u00e2teau de Capdepera, l'un des joyaux de Majorque <\/h2>\t\t\t\t<\/div>\n\t\t\t\t<\/div>\n\t\t\t\t<div class=\"elementor-element elementor-element-204af22 elementor-widget elementor-widget-text-editor\" data-id=\"204af22\" data-element_type=\"widget\" data-e-type=\"widget\" data-widget_type=\"text-editor.default\">\n\t\t\t\t<div class=\"elementor-widget-container\">\n\t\t\t\t\t\t\t\t\t<p style=\"font-weight: 400;\">La premi\u00e8re chose qui va attirer votre attention, avant m\u00eame d&#8217;entrer dans le village, est le <a href=\"https:\/\/www.idealpropertymallorca.com\/blog\/fr\/chateau-de-capdepera\/\">ch\u00e2teau de Capdepera<\/a>. <strong>Il se trouve sur une colline et c&#8217;est l&#8217;une des forteresses les mieux conserv\u00e9es de Majorque.<\/strong> Et si vous vous posez la question&#8230; oui&nbsp;! Il vaut vraiment la peine de monter jusqu&#8217;\u00e0 lui. <\/p><p style=\"font-weight: 400;\">Vous traverserez des rues pav\u00e9es et de nombreuses maisons anciennes. Une fois en haut, vous pourrez apercevoir la M\u00e9diterran\u00e9e, les champs et m\u00eame Minorque si le temps est clair. Une fois \u00e0 l&#8217;int\u00e9rieur de l&#8217;enceinte, vous trouverez des remparts, des tours et une petite chapelle.  <\/p><p style=\"font-weight: 400;\"><strong>Et si vous pouvez venir en mai, plus pr\u00e9cis\u00e9ment le troisi\u00e8me week-end, vous co\u00efnciderez avec la c\u00e9l\u00e9bration de la Fira Medieval de Capdepera<\/strong>. C&#8217;est une v\u00e9ritable merveille&nbsp;! Des stands d&#8217;artisans et de nourriture sont install\u00e9s, et il y a de la musique, des jongleurs et des chevaliers partout.  <\/p>\t\t\t\t\t\t\t\t<\/div>\n\t\t\t\t<\/div>\n\t\t\t\t<div class=\"elementor-element elementor-element-fc41bee elementor-widget elementor-widget-image\" data-id=\"fc41bee\" data-element_type=\"widget\" data-e-type=\"widget\" data-widget_type=\"image.default\">\n\t\t\t\t<div class=\"elementor-widget-container\">\n\t\t\t\t\t\t\t\t\t\t\t\t\t\t\t<img fetchpriority=\"high\" decoding=\"async\" width=\"1254\" height=\"627\" src=\"https:\/\/www.idealpropertymallorca.com\/blog\/wp-content\/uploads\/2025\/10\/Castillo-de-capdepera.jpg\" class=\"attachment-full size-full wp-image-21849\" alt=\"Castillo-de-capdepera.jpg\" srcset=\"https:\/\/www.idealpropertymallorca.com\/blog\/wp-content\/uploads\/2025\/10\/Castillo-de-capdepera.jpg 1254w, https:\/\/www.idealpropertymallorca.com\/blog\/wp-content\/uploads\/2025\/10\/Castillo-de-capdepera-300x150.jpg 300w, https:\/\/www.idealpropertymallorca.com\/blog\/wp-content\/uploads\/2025\/10\/Castillo-de-capdepera-1024x512.jpg 1024w, https:\/\/www.idealpropertymallorca.com\/blog\/wp-content\/uploads\/2025\/10\/Castillo-de-capdepera-768x384.jpg 768w\" sizes=\"(max-width: 1254px) 100vw, 1254px\" \/>\t\t\t\t\t\t\t\t\t\t\t\t\t\t\t<\/div>\n\t\t\t\t<\/div>\n\t\t\t\t\t<\/div>\n\t\t<\/div>\n\t\t\t\t\t<\/div>\n\t\t<\/section>\n\t\t\t\t<section class=\"elementor-section elementor-top-section elementor-element elementor-element-295eb2f elementor-section-boxed elementor-section-height-default elementor-section-height-default\" data-id=\"295eb2f\" data-element_type=\"section\" data-e-type=\"section\">\n\t\t\t\t\t\t<div class=\"elementor-container elementor-column-gap-default\">\n\t\t\t\t\t<div class=\"elementor-column elementor-col-100 elementor-top-column elementor-element elementor-element-75ad763\" data-id=\"75ad763\" data-element_type=\"column\" data-e-type=\"column\">\n\t\t\t<div class=\"elementor-widget-wrap elementor-element-populated\">\n\t\t\t\t\t\t<div class=\"elementor-element elementor-element-c975adc elementor-widget elementor-widget-heading\" data-id=\"c975adc\" data-element_type=\"widget\" data-e-type=\"widget\" data-widget_type=\"heading.default\">\n\t\t\t\t<div class=\"elementor-widget-container\">\n\t\t\t\t\t<h2 class=\"elementor-heading-title elementor-size-default\">Promenez-vous dans sa vieille ville <\/h2>\t\t\t\t<\/div>\n\t\t\t\t<\/div>\n\t\t\t\t<div class=\"elementor-element elementor-element-339db45 elementor-widget elementor-widget-text-editor\" data-id=\"339db45\" data-element_type=\"widget\" data-e-type=\"widget\" data-widget_type=\"text-editor.default\">\n\t\t\t\t<div class=\"elementor-widget-container\">\n\t\t\t\t\t\t\t\t\t<p style=\"font-weight: 400;\">Apr\u00e8s le ch\u00e2teau, la meilleure chose \u00e0 voir \u00e0 Capdepera est sa vieille ville. Ses rues sont \u00e9troites et en pierre et les fa\u00e7ades des b\u00e2timents ont cette couleur dor\u00e9e si typique de l&#8217;\u00eele. <\/p><p style=\"font-weight: 400;\"><strong>Le centre n\u00e9vralgique du centre historique est la Pla\u00e7a de l&#8217;Orient<\/strong>, une place arbor\u00e9e id\u00e9ale pour go\u00fbter \u00e0 la <a href=\"https:\/\/www.idealpropertymallorca.com\/blog\/fr\/cusine-typique-de-mallorca-et-ce-quil-faut-manger-dans-les-iles\/\">cuisine typique de Majorque<\/a>. Nous vous recommandons de passer par le <a href=\"https:\/\/www.cafelorient.es\/\">Caf\u00e9 El Oriente<\/a>, o\u00f9 vous pouvez prendre des sandwichs, des <em>pa amb olis<\/em>, des tapas et des portions de toutes sortes. <\/p><p style=\"font-weight: 400;\"><strong>Et si votre visite du centre co\u00efncide avec un mercredi matin, vous avez de la chance&nbsp;! Vous tomberez sur le march\u00e9 hebdomadaire <\/strong>  o\u00f9 les habitants ach\u00e8tent des fruits, des l\u00e9gumes, des fleurs et des fromages. C&#8217;est l&#8217;endroit id\u00e9al pour go\u00fbter un peu de tout et acheter des souvenirs, de l&#8217;huile d&#8217;olive artisanale \u00e0 une pi\u00e8ce de c\u00e9ramique faite \u00e0 la main. <\/p><p style=\"font-weight: 400;\">Tout pr\u00e8s, vous ne pouvez pas non plus manquer un autre des classiques \u00e0 voir \u00e0 Capdepera&nbsp;: l&#8217;<strong>\u00e9glise de San Bartomeu<\/strong>, du XIVe&nbsp;si\u00e8cle. C&#8217;est l&#8217;un des meilleurs exemples de l&#8217;architecture traditionnelle des Bal\u00e9ares. <\/p><p style=\"font-weight: 400;\">Et bien que Capdepera soit petit, il y a beaucoup \u00e0 d\u00e9couvrir. Si vous avez envie de quelque chose de diff\u00e9rent, passez par le <strong>Museo de la Llata, d\u00e9di\u00e9 au tressage traditionnel des feuilles de palmier.<\/strong> C&#8217;est un artisanat typique de la r\u00e9gion et vous verrez ici comment \u00e9taient fabriqu\u00e9s \u00e0 la main des paniers, des chapeaux et des ustensiles de toutes sortes. <\/p>\t\t\t\t\t\t\t\t<\/div>\n\t\t\t\t<\/div>\n\t\t\t\t<div class=\"elementor-element elementor-element-51269af elementor-widget elementor-widget-image\" data-id=\"51269af\" data-element_type=\"widget\" data-e-type=\"widget\" data-widget_type=\"image.default\">\n\t\t\t\t<div class=\"elementor-widget-container\">\n\t\t\t\t\t\t\t\t\t\t\t\t\t\t\t<img decoding=\"async\" width=\"800\" height=\"400\" src=\"https:\/\/www.idealpropertymallorca.com\/blog\/wp-content\/uploads\/2025\/10\/Casco-antiguo-capdepera-1024x512.jpg\" class=\"attachment-large size-large wp-image-21854\" alt=\"Casco-antiguo-capdepera.jpg\" srcset=\"https:\/\/www.idealpropertymallorca.com\/blog\/wp-content\/uploads\/2025\/10\/Casco-antiguo-capdepera-1024x512.jpg 1024w, https:\/\/www.idealpropertymallorca.com\/blog\/wp-content\/uploads\/2025\/10\/Casco-antiguo-capdepera-300x150.jpg 300w, https:\/\/www.idealpropertymallorca.com\/blog\/wp-content\/uploads\/2025\/10\/Casco-antiguo-capdepera-768x384.jpg 768w, https:\/\/www.idealpropertymallorca.com\/blog\/wp-content\/uploads\/2025\/10\/Casco-antiguo-capdepera.jpg 1255w\" sizes=\"(max-width: 800px) 100vw, 800px\" \/>\t\t\t\t\t\t\t\t\t\t\t\t\t\t\t<\/div>\n\t\t\t\t<\/div>\n\t\t\t\t\t<\/div>\n\t\t<\/div>\n\t\t\t\t\t<\/div>\n\t\t<\/section>\n\t\t\t\t<section class=\"elementor-section elementor-top-section elementor-element elementor-element-937e930 elementor-section-boxed elementor-section-height-default elementor-section-height-default\" data-id=\"937e930\" data-element_type=\"section\" data-e-type=\"section\">\n\t\t\t\t\t\t<div class=\"elementor-container elementor-column-gap-default\">\n\t\t\t\t\t<div class=\"elementor-column elementor-col-100 elementor-top-column elementor-element elementor-element-2334269\" data-id=\"2334269\" data-element_type=\"column\" data-e-type=\"column\">\n\t\t\t<div class=\"elementor-widget-wrap elementor-element-populated\">\n\t\t\t\t\t\t<div class=\"elementor-element elementor-element-f854139 elementor-widget elementor-widget-heading\" data-id=\"f854139\" data-element_type=\"widget\" data-e-type=\"widget\" data-widget_type=\"heading.default\">\n\t\t\t\t<div class=\"elementor-widget-container\">\n\t\t\t\t\t<h2 class=\"elementor-heading-title elementor-size-default\">Criques pr\u00e8s de Capdepera \u00e0 ne pas manquer <\/h2>\t\t\t\t<\/div>\n\t\t\t\t<\/div>\n\t\t\t\t<div class=\"elementor-element elementor-element-7ad2f3f elementor-widget elementor-widget-text-editor\" data-id=\"7ad2f3f\" data-element_type=\"widget\" data-e-type=\"widget\" data-widget_type=\"text-editor.default\">\n\t\t\t\t<div class=\"elementor-widget-container\">\n\t\t\t\t\t\t\t\t\t<p style=\"font-weight: 400;\">Ce qui est bien \u00e0 Capdepera, c&#8217;est qu&#8217;en plus de son histoire, il y a \u00e0 deux pas certaines des <a href=\"https:\/\/www.idealpropertymallorca.com\/blog\/fr\/les-criques-de-mallorca-et-les-coins-les-plus-impressionnants-de-lile\/\">criques les plus spectaculaires de Majorque<\/a>. Si vous aimez la mer, <strong>vous allez halluciner avec Cala Agulla&nbsp;: une plage large, de sable blanc et aux eaux transparentes entour\u00e9e de pins<\/strong>. Elle est parfaite pour passer la journ\u00e9e, vous allonger au soleil ou vous baigner.  <\/p><p style=\"font-weight: 400;\">Et bien s\u00fbr, il ne faut pas oublier <strong>Cala Mesquida<\/strong>. Elle est sauvage, ouverte et avec un paysage de dunes impressionnant. Si vous aimez le surf ou si vous voulez profiter d&#8217;une plage plus naturelle, c&#8217;est le meilleur choix. Et si vous attendez la fin de l&#8217;apr\u00e8s-midi jusqu&#8217;\u00e0 ce que le soleil se couche, vous verrez comment la couleur de l&#8217;eau devient de plus en plus dor\u00e9e. Les couchers de soleil ici sont un d\u00e9lice.    <\/p><p style=\"font-weight: 400;\"><strong>Mais le joyau de la r\u00e9gion est <a href=\"https:\/\/www.idealpropertymallorca.com\/blog\/fr\/cala-ratjada\/\">Cala Ratjada<\/a>, le port de la commune. Ici, vous aurez le m\u00eame environnement naturel, mais avec de nombreux bars, des restaurants avec du poisson frais et des terrasses pour compl\u00e9ter le plan <\/strong>. De plus, c&#8217;est l&#8217;endroit id\u00e9al pour voir l&#8217;un des <a href=\"https:\/\/www.idealpropertymallorca.com\/blog\/fr\/levers-de-soleil-majorque\/\">plus beaux levers de soleil de Majorque<\/a>.<\/p><p style=\"font-weight: 400;\">Et si vous avez envie d&#8217;aller un peu plus loin, notez un autre arr\u00eat qui vaut vraiment la peine&nbsp;: <strong><a href=\"https:\/\/www.idealpropertymallorca.com\/blog\/cala-millor-mallorca\/\">Cala Millor<\/a><\/strong>. Elle se trouve \u00e0 seulement une vingtaine de minutes en voiture de Capdepera et c&#8217;est l&#8217;une des plages les plus longues et les plus belles de la zone est de Majorque. <\/p>\t\t\t\t\t\t\t\t<\/div>\n\t\t\t\t<\/div>\n\t\t\t\t<div class=\"elementor-element elementor-element-2d969e2 elementor-widget elementor-widget-image\" data-id=\"2d969e2\" data-element_type=\"widget\" data-e-type=\"widget\" data-widget_type=\"image.default\">\n\t\t\t\t<div class=\"elementor-widget-container\">\n\t\t\t\t\t\t\t\t\t\t\t\t\t\t\t<img decoding=\"async\" width=\"2121\" height=\"934\" src=\"https:\/\/www.idealpropertymallorca.com\/blog\/wp-content\/uploads\/2024\/04\/cala-ratjada.jpg\" class=\"attachment-full size-full wp-image-8113\" alt=\"cala-ratjada\" srcset=\"https:\/\/www.idealpropertymallorca.com\/blog\/wp-content\/uploads\/2024\/04\/cala-ratjada.jpg 2121w, https:\/\/www.idealpropertymallorca.com\/blog\/wp-content\/uploads\/2024\/04\/cala-ratjada-768x338.jpg 768w, https:\/\/www.idealpropertymallorca.com\/blog\/wp-content\/uploads\/2024\/04\/cala-ratjada-1536x676.jpg 1536w, https:\/\/www.idealpropertymallorca.com\/blog\/wp-content\/uploads\/2024\/04\/cala-ratjada-2048x902.jpg 2048w\" sizes=\"(max-width: 2121px) 100vw, 2121px\" \/>\t\t\t\t\t\t\t\t\t\t\t\t\t\t\t<\/div>\n\t\t\t\t<\/div>\n\t\t\t\t\t<\/div>\n\t\t<\/div>\n\t\t\t\t\t<\/div>\n\t\t<\/section>\n\t\t\t\t<section class=\"elementor-section elementor-top-section elementor-element elementor-element-f177b4d elementor-section-boxed elementor-section-height-default elementor-section-height-default\" data-id=\"f177b4d\" data-element_type=\"section\" data-e-type=\"section\">\n\t\t\t\t\t\t<div class=\"elementor-container elementor-column-gap-default\">\n\t\t\t\t\t<div class=\"elementor-column elementor-col-100 elementor-top-column elementor-element elementor-element-cca874a\" data-id=\"cca874a\" data-element_type=\"column\" data-e-type=\"column\">\n\t\t\t<div class=\"elementor-widget-wrap elementor-element-populated\">\n\t\t\t\t\t\t<div class=\"elementor-element elementor-element-6479887 elementor-widget elementor-widget-heading\" data-id=\"6479887\" data-element_type=\"widget\" data-e-type=\"widget\" data-widget_type=\"heading.default\">\n\t\t\t\t<div class=\"elementor-widget-container\">\n\t\t\t\t\t<h2 class=\"elementor-heading-title elementor-size-default\">Que voir dans les environs de Capdepera <\/h2>\t\t\t\t<\/div>\n\t\t\t\t<\/div>\n\t\t\t\t<div class=\"elementor-element elementor-element-8f0011d elementor-widget elementor-widget-text-editor\" data-id=\"8f0011d\" data-element_type=\"widget\" data-e-type=\"widget\" data-widget_type=\"text-editor.default\">\n\t\t\t\t<div class=\"elementor-widget-container\">\n\t\t\t\t\t\t\t\t\t<p style=\"font-weight: 400;\">S&#8217;il vous reste du temps \u2014 et vous devriez vous laisser un jour de plus \u2014, les environs de Capdepera sont \u00e9galement une merveille. <strong>\u00c0 seulement 15&nbsp;minutes en voiture se trouvent certaines des <a href=\"https:\/\/www.idealpropertymallorca.com\/blog\/fr\/les-10-meilleures-routes-de-grottes-a-mallorca\/\">grottes les plus impressionnantes de Majorque<\/a>&nbsp;: celles d&#8217;Art\u00e0<\/strong>.<\/p><p style=\"font-weight: 400;\">Vous pouvez \u00e9galement vous approcher de <strong>Canyamel<\/strong>, une zone c\u00f4ti\u00e8re avec une plage magnifique et une tour d\u00e9fensive du XIIIe&nbsp;si\u00e8cle, et si vous avez envie de quelque chose avec une ambiance plus boh\u00e8me, <strong>faites un tour \u00e0 Art\u00e0.<\/strong> C&#8217;est un village avec beaucoup de charme qui a un sanctuaire \u2014 celui de Sant Salvador \u2014 en haut et un march\u00e9 hebdomadaire le mardi qui vaut \u00e9galement la peine.<\/p><p style=\"font-weight: 400;\"><strong>Et si cela ne vous co\u00fbte rien de vous lever t\u00f4t, allez directement au phare de Capdepera<\/strong>. C&#8217;est le point le plus oriental de l&#8217;\u00eele et voir le lever du soleil d&#8217;ici est une exp\u00e9rience que vous n&#8217;oublierez pas. <\/p>\t\t\t\t\t\t\t\t<\/div>\n\t\t\t\t<\/div>\n\t\t\t\t\t<\/div>\n\t\t<\/div>\n\t\t\t\t\t<\/div>\n\t\t<\/section>\n\t\t\t\t<section class=\"elementor-section elementor-top-section elementor-element elementor-element-d9a5281 elementor-section-boxed elementor-section-height-default elementor-section-height-default\" data-id=\"d9a5281\" data-element_type=\"section\" data-e-type=\"section\">\n\t\t\t\t\t\t<div class=\"elementor-container elementor-column-gap-default\">\n\t\t\t\t\t<div class=\"elementor-column elementor-col-100 elementor-top-column elementor-element elementor-element-a555357\" data-id=\"a555357\" data-element_type=\"column\" data-e-type=\"column\">\n\t\t\t<div class=\"elementor-widget-wrap elementor-element-populated\">\n\t\t\t\t\t\t<div class=\"elementor-element elementor-element-df2fb04 elementor-widget elementor-widget-heading\" data-id=\"df2fb04\" data-element_type=\"widget\" data-e-type=\"widget\" data-widget_type=\"heading.default\">\n\t\t\t\t<div class=\"elementor-widget-container\">\n\t\t\t\t\t<h2 class=\"elementor-heading-title elementor-size-default\">Pourquoi devez-vous venir \u00e0 Capdepera <\/h2>\t\t\t\t<\/div>\n\t\t\t\t<\/div>\n\t\t\t\t<div class=\"elementor-element elementor-element-78b0c77 elementor-widget elementor-widget-text-editor\" data-id=\"78b0c77\" data-element_type=\"widget\" data-e-type=\"widget\" data-widget_type=\"text-editor.default\">\n\t\t\t\t<div class=\"elementor-widget-container\">\n\t\t\t\t\t\t\t\t\t<p style=\"font-weight: 400;\">Si vous voulez profiter des petits d\u00e9tails et renouer avec la partie la plus simple et la plus belle de Majorque, vous avez beaucoup \u00e0 voir \u00e0 Capdepera. Ici, vous pouvez commencer la journ\u00e9e avec le son des cloches du village tout en prenant un <em>pa amb oli<\/em>, continuer en montant au ch\u00e2teau, vous baigner \u00e0 Cala Ratjada avant de manger un riz au bord de la plage et finir l&#8217;apr\u00e8s-midi en regardant le soleil se coucher. <\/p><p style=\"font-weight: 400;\"><strong>Et pour parfaire la journ\u00e9e, rien de tel que de s\u00e9journer avec <a href=\"https:\/\/www.idealpropertymallorca.com\/es\/\">Ideal Property<\/a>. Nous avons des maisons et des villas en pleine nature et aussi \u00e0 deux pas de la mer, avec piscine priv\u00e9e, terrasses et tout ce dont vous avez besoin pour vous sentir comme chez vous. <\/strong><\/p><p style=\"font-weight: 400;\">Bien que le mieux en choisissant Capdepera est que vous n&#8217;allez pas seulement profiter de ce qu&#8217;il y a dans la localit\u00e9&nbsp;: vous pourrez \u00e9galement explorer facilement le nord et l&#8217;est de Majorque.<\/p><p style=\"font-weight: 400;\">Alors allez, pr\u00e9parez votre valise, il y a une infinit\u00e9 de choses \u00e0 voir \u00e0 Capdepera et ses environs et&#8230; ils vous attendent&nbsp;!<\/p>\t\t\t\t\t\t\t\t<\/div>\n\t\t\t\t<\/div>\n\t\t\t\t\t<\/div>\n\t\t<\/div>\n\t\t\t\t\t<\/div>\n\t\t<\/section>\n\t\t\t\t<\/div>\n\t\t","protected":false},"excerpt":{"rendered":"<p>Si vous avez envie de d\u00e9couvrir l&#8217;une des facettes les plus tranquilles de Majorque, vous devez venir d\u00e9couvrir Capdepera. C&#8217;est l&#8217;un de ces villages qui n&#8217;ont pas besoin de grand-chose pour vous s\u00e9duire. Il est entour\u00e9 de paysages magnifiques, avec de nombreuses plages exceptionnelles et, comme si cela ne suffisait pas, il poss\u00e8de \u00e9galement un [&hellip;]<\/p>\n","protected":false},"author":8,"featured_media":21862,"comment_status":"open","ping_status":"open","sticky":false,"template":"","format":"standard","meta":{"footnotes":""},"categories":[726],"tags":[],"class_list":["post-22137","post","type-post","status-publish","format-standard","has-post-thumbnail","hentry","category-villes-et-villages"],"yoast_head":"<!-- This site is optimized with the Yoast SEO plugin v27.4 - https:\/\/yoast.com\/product\/yoast-seo-wordpress\/ -->\n<title>Que voir \u00e0 Capdepera \u00e0 Majorque - Majorca Blog<\/title>\n<meta name=\"description\" content=\"Venez d\u00e9couvrir ce qu&#039;il faut voir \u00e0 Capdepera \u00e0 Majorque, une localit\u00e9 avec une vieille ville magnifique, un ch\u00e2teau m\u00e9di\u00e9val et de nombreuses criques et plages \u00e0 proximit\u00e9.\" \/>\n<meta name=\"robots\" content=\"index, follow, max-snippet:-1, max-image-preview:large, max-video-preview:-1\" \/>\n<link rel=\"canonical\" href=\"https:\/\/www.idealpropertymallorca.com\/blog\/fr\/que-voir-capdepera\/\" \/>\n<meta property=\"og:locale\" content=\"fr_FR\" \/>\n<meta property=\"og:type\" content=\"article\" \/>\n<meta property=\"og:title\" content=\"Que voir \u00e0 Capdepera \u00e0 Majorque - Majorca Blog\" \/>\n<meta property=\"og:description\" content=\"Venez d\u00e9couvrir ce qu&#039;il faut voir \u00e0 Capdepera \u00e0 Majorque, une localit\u00e9 avec une vieille ville magnifique, un ch\u00e2teau m\u00e9di\u00e9val et de nombreuses criques et plages \u00e0 proximit\u00e9.\" \/>\n<meta property=\"og:url\" content=\"https:\/\/www.idealpropertymallorca.com\/blog\/fr\/que-voir-capdepera\/\" \/>\n<meta property=\"og:site_name\" content=\"Majorca Blog\" \/>\n<meta property=\"article:published_time\" content=\"2025-10-24T12:27:16+00:00\" \/>\n<meta property=\"article:modified_time\" content=\"2025-10-24T12:27:17+00:00\" \/>\n<meta property=\"og:image\" content=\"https:\/\/www.idealpropertymallorca.com\/blog\/wp-content\/uploads\/2025\/10\/que-ver-capdepera.jpg\" \/>\n\t<meta property=\"og:image:width\" content=\"2119\" \/>\n\t<meta property=\"og:image:height\" content=\"706\" \/>\n\t<meta property=\"og:image:type\" content=\"image\/jpeg\" \/>\n<meta name=\"author\" content=\"Laura\" \/>\n<meta name=\"twitter:card\" content=\"summary_large_image\" \/>\n<meta name=\"twitter:label1\" content=\"Written by\" \/>\n\t<meta name=\"twitter:data1\" content=\"Laura\" \/>\n\t<meta name=\"twitter:label2\" content=\"Est. reading time\" \/>\n\t<meta name=\"twitter:data2\" content=\"6 minutes\" \/>\n<script type=\"application\/ld+json\" class=\"yoast-schema-graph\">{\"@context\":\"https:\\\/\\\/schema.org\",\"@graph\":[{\"@type\":\"Article\",\"@id\":\"https:\\\/\\\/www.idealpropertymallorca.com\\\/blog\\\/fr\\\/que-voir-capdepera\\\/#article\",\"isPartOf\":{\"@id\":\"https:\\\/\\\/www.idealpropertymallorca.com\\\/blog\\\/fr\\\/que-voir-capdepera\\\/\"},\"author\":{\"name\":\"Laura\",\"@id\":\"https:\\\/\\\/www.idealpropertymallorca.com\\\/blog\\\/fr\\\/#\\\/schema\\\/person\\\/53b99bcf6881b706ccaf30eb50de4c8e\"},\"headline\":\"Que voir \u00e0 Capdepera \u00e0 Majorque\",\"datePublished\":\"2025-10-24T12:27:16+00:00\",\"dateModified\":\"2025-10-24T12:27:17+00:00\",\"mainEntityOfPage\":{\"@id\":\"https:\\\/\\\/www.idealpropertymallorca.com\\\/blog\\\/fr\\\/que-voir-capdepera\\\/\"},\"wordCount\":1312,\"commentCount\":0,\"publisher\":{\"@id\":\"https:\\\/\\\/www.idealpropertymallorca.com\\\/blog\\\/fr\\\/#organization\"},\"image\":{\"@id\":\"https:\\\/\\\/www.idealpropertymallorca.com\\\/blog\\\/fr\\\/que-voir-capdepera\\\/#primaryimage\"},\"thumbnailUrl\":\"https:\\\/\\\/www.idealpropertymallorca.com\\\/blog\\\/wp-content\\\/uploads\\\/2025\\\/10\\\/que-ver-capdepera.jpg\",\"articleSection\":[\"Villes et villages\"],\"inLanguage\":\"fr\",\"potentialAction\":[{\"@type\":\"CommentAction\",\"name\":\"Comment\",\"target\":[\"https:\\\/\\\/www.idealpropertymallorca.com\\\/blog\\\/fr\\\/que-voir-capdepera\\\/#respond\"]}]},{\"@type\":\"WebPage\",\"@id\":\"https:\\\/\\\/www.idealpropertymallorca.com\\\/blog\\\/fr\\\/que-voir-capdepera\\\/\",\"url\":\"https:\\\/\\\/www.idealpropertymallorca.com\\\/blog\\\/fr\\\/que-voir-capdepera\\\/\",\"name\":\"Que voir \u00e0 Capdepera \u00e0 Majorque - Majorca Blog\",\"isPartOf\":{\"@id\":\"https:\\\/\\\/www.idealpropertymallorca.com\\\/blog\\\/fr\\\/#website\"},\"primaryImageOfPage\":{\"@id\":\"https:\\\/\\\/www.idealpropertymallorca.com\\\/blog\\\/fr\\\/que-voir-capdepera\\\/#primaryimage\"},\"image\":{\"@id\":\"https:\\\/\\\/www.idealpropertymallorca.com\\\/blog\\\/fr\\\/que-voir-capdepera\\\/#primaryimage\"},\"thumbnailUrl\":\"https:\\\/\\\/www.idealpropertymallorca.com\\\/blog\\\/wp-content\\\/uploads\\\/2025\\\/10\\\/que-ver-capdepera.jpg\",\"datePublished\":\"2025-10-24T12:27:16+00:00\",\"dateModified\":\"2025-10-24T12:27:17+00:00\",\"description\":\"Venez d\u00e9couvrir ce qu'il faut voir \u00e0 Capdepera \u00e0 Majorque, une localit\u00e9 avec une vieille ville magnifique, un ch\u00e2teau m\u00e9di\u00e9val et de nombreuses criques et plages \u00e0 proximit\u00e9.\",\"inLanguage\":\"fr\",\"potentialAction\":[{\"@type\":\"ReadAction\",\"target\":[\"https:\\\/\\\/www.idealpropertymallorca.com\\\/blog\\\/fr\\\/que-voir-capdepera\\\/\"]}]},{\"@type\":\"ImageObject\",\"inLanguage\":\"fr\",\"@id\":\"https:\\\/\\\/www.idealpropertymallorca.com\\\/blog\\\/fr\\\/que-voir-capdepera\\\/#primaryimage\",\"url\":\"https:\\\/\\\/www.idealpropertymallorca.com\\\/blog\\\/wp-content\\\/uploads\\\/2025\\\/10\\\/que-ver-capdepera.jpg\",\"contentUrl\":\"https:\\\/\\\/www.idealpropertymallorca.com\\\/blog\\\/wp-content\\\/uploads\\\/2025\\\/10\\\/que-ver-capdepera.jpg\",\"width\":2119,\"height\":706,\"caption\":\"Capdepera Castle in Capdepera, Mallorca, Balearic Islands, Spain.\"},{\"@type\":\"WebSite\",\"@id\":\"https:\\\/\\\/www.idealpropertymallorca.com\\\/blog\\\/fr\\\/#website\",\"url\":\"https:\\\/\\\/www.idealpropertymallorca.com\\\/blog\\\/fr\\\/\",\"name\":\"Majorca Blog\",\"description\":\"Find relevant tourist information to see and do on the island of Mallorca during your holiday. Discover the best places and tips!\",\"publisher\":{\"@id\":\"https:\\\/\\\/www.idealpropertymallorca.com\\\/blog\\\/fr\\\/#organization\"},\"potentialAction\":[{\"@type\":\"SearchAction\",\"target\":{\"@type\":\"EntryPoint\",\"urlTemplate\":\"https:\\\/\\\/www.idealpropertymallorca.com\\\/blog\\\/fr\\\/?s={search_term_string}\"},\"query-input\":{\"@type\":\"PropertyValueSpecification\",\"valueRequired\":true,\"valueName\":\"search_term_string\"}}],\"inLanguage\":\"fr\"},{\"@type\":\"Organization\",\"@id\":\"https:\\\/\\\/www.idealpropertymallorca.com\\\/blog\\\/fr\\\/#organization\",\"name\":\"Majorca Blog\",\"url\":\"https:\\\/\\\/www.idealpropertymallorca.com\\\/blog\\\/fr\\\/\",\"logo\":{\"@type\":\"ImageObject\",\"inLanguage\":\"fr\",\"@id\":\"https:\\\/\\\/www.idealpropertymallorca.com\\\/blog\\\/fr\\\/#\\\/schema\\\/logo\\\/image\\\/\",\"url\":\"https:\\\/\\\/www.idealpropertymallorca.com\\\/blog\\\/wp-content\\\/uploads\\\/2024\\\/10\\\/ideal-property-mallorca-blue-mobile.png\",\"contentUrl\":\"https:\\\/\\\/www.idealpropertymallorca.com\\\/blog\\\/wp-content\\\/uploads\\\/2024\\\/10\\\/ideal-property-mallorca-blue-mobile.png\",\"width\":500,\"height\":150,\"caption\":\"Majorca Blog\"},\"image\":{\"@id\":\"https:\\\/\\\/www.idealpropertymallorca.com\\\/blog\\\/fr\\\/#\\\/schema\\\/logo\\\/image\\\/\"}},{\"@type\":\"Person\",\"@id\":\"https:\\\/\\\/www.idealpropertymallorca.com\\\/blog\\\/fr\\\/#\\\/schema\\\/person\\\/53b99bcf6881b706ccaf30eb50de4c8e\",\"name\":\"Laura\",\"image\":{\"@type\":\"ImageObject\",\"inLanguage\":\"fr\",\"@id\":\"https:\\\/\\\/secure.gravatar.com\\\/avatar\\\/38b396224481eeb6edadb558d7e4a6d1ff1c8ba1e6abd3951e451527e107c96b?s=96&d=mm&r=g\",\"url\":\"https:\\\/\\\/secure.gravatar.com\\\/avatar\\\/38b396224481eeb6edadb558d7e4a6d1ff1c8ba1e6abd3951e451527e107c96b?s=96&d=mm&r=g\",\"contentUrl\":\"https:\\\/\\\/secure.gravatar.com\\\/avatar\\\/38b396224481eeb6edadb558d7e4a6d1ff1c8ba1e6abd3951e451527e107c96b?s=96&d=mm&r=g\",\"caption\":\"Laura\"}}]}<\/script>\n<!-- \/ Yoast SEO plugin. -->","yoast_head_json":{"title":"Que voir \u00e0 Capdepera \u00e0 Majorque - Majorca Blog","description":"Venez d\u00e9couvrir ce qu'il faut voir \u00e0 Capdepera \u00e0 Majorque, une localit\u00e9 avec une vieille ville magnifique, un ch\u00e2teau m\u00e9di\u00e9val et de nombreuses criques et plages \u00e0 proximit\u00e9.","robots":{"index":"index","follow":"follow","max-snippet":"max-snippet:-1","max-image-preview":"max-image-preview:large","max-video-preview":"max-video-preview:-1"},"canonical":"https:\/\/www.idealpropertymallorca.com\/blog\/fr\/que-voir-capdepera\/","og_locale":"fr_FR","og_type":"article","og_title":"Que voir \u00e0 Capdepera \u00e0 Majorque - Majorca Blog","og_description":"Venez d\u00e9couvrir ce qu'il faut voir \u00e0 Capdepera \u00e0 Majorque, une localit\u00e9 avec une vieille ville magnifique, un ch\u00e2teau m\u00e9di\u00e9val et de nombreuses criques et plages \u00e0 proximit\u00e9.","og_url":"https:\/\/www.idealpropertymallorca.com\/blog\/fr\/que-voir-capdepera\/","og_site_name":"Majorca Blog","article_published_time":"2025-10-24T12:27:16+00:00","article_modified_time":"2025-10-24T12:27:17+00:00","og_image":[{"width":2119,"height":706,"url":"https:\/\/www.idealpropertymallorca.com\/blog\/wp-content\/uploads\/2025\/10\/que-ver-capdepera.jpg","type":"image\/jpeg"}],"author":"Laura","twitter_card":"summary_large_image","twitter_misc":{"Written by":"Laura","Est. reading time":"6 minutes"},"schema":{"@context":"https:\/\/schema.org","@graph":[{"@type":"Article","@id":"https:\/\/www.idealpropertymallorca.com\/blog\/fr\/que-voir-capdepera\/#article","isPartOf":{"@id":"https:\/\/www.idealpropertymallorca.com\/blog\/fr\/que-voir-capdepera\/"},"author":{"name":"Laura","@id":"https:\/\/www.idealpropertymallorca.com\/blog\/fr\/#\/schema\/person\/53b99bcf6881b706ccaf30eb50de4c8e"},"headline":"Que voir \u00e0 Capdepera \u00e0 Majorque","datePublished":"2025-10-24T12:27:16+00:00","dateModified":"2025-10-24T12:27:17+00:00","mainEntityOfPage":{"@id":"https:\/\/www.idealpropertymallorca.com\/blog\/fr\/que-voir-capdepera\/"},"wordCount":1312,"commentCount":0,"publisher":{"@id":"https:\/\/www.idealpropertymallorca.com\/blog\/fr\/#organization"},"image":{"@id":"https:\/\/www.idealpropertymallorca.com\/blog\/fr\/que-voir-capdepera\/#primaryimage"},"thumbnailUrl":"https:\/\/www.idealpropertymallorca.com\/blog\/wp-content\/uploads\/2025\/10\/que-ver-capdepera.jpg","articleSection":["Villes et villages"],"inLanguage":"fr","potentialAction":[{"@type":"CommentAction","name":"Comment","target":["https:\/\/www.idealpropertymallorca.com\/blog\/fr\/que-voir-capdepera\/#respond"]}]},{"@type":"WebPage","@id":"https:\/\/www.idealpropertymallorca.com\/blog\/fr\/que-voir-capdepera\/","url":"https:\/\/www.idealpropertymallorca.com\/blog\/fr\/que-voir-capdepera\/","name":"Que voir \u00e0 Capdepera \u00e0 Majorque - Majorca Blog","isPartOf":{"@id":"https:\/\/www.idealpropertymallorca.com\/blog\/fr\/#website"},"primaryImageOfPage":{"@id":"https:\/\/www.idealpropertymallorca.com\/blog\/fr\/que-voir-capdepera\/#primaryimage"},"image":{"@id":"https:\/\/www.idealpropertymallorca.com\/blog\/fr\/que-voir-capdepera\/#primaryimage"},"thumbnailUrl":"https:\/\/www.idealpropertymallorca.com\/blog\/wp-content\/uploads\/2025\/10\/que-ver-capdepera.jpg","datePublished":"2025-10-24T12:27:16+00:00","dateModified":"2025-10-24T12:27:17+00:00","description":"Venez d\u00e9couvrir ce qu'il faut voir \u00e0 Capdepera \u00e0 Majorque, une localit\u00e9 avec une vieille ville magnifique, un ch\u00e2teau m\u00e9di\u00e9val et de nombreuses criques et plages \u00e0 proximit\u00e9.","inLanguage":"fr","potentialAction":[{"@type":"ReadAction","target":["https:\/\/www.idealpropertymallorca.com\/blog\/fr\/que-voir-capdepera\/"]}]},{"@type":"ImageObject","inLanguage":"fr","@id":"https:\/\/www.idealpropertymallorca.com\/blog\/fr\/que-voir-capdepera\/#primaryimage","url":"https:\/\/www.idealpropertymallorca.com\/blog\/wp-content\/uploads\/2025\/10\/que-ver-capdepera.jpg","contentUrl":"https:\/\/www.idealpropertymallorca.com\/blog\/wp-content\/uploads\/2025\/10\/que-ver-capdepera.jpg","width":2119,"height":706,"caption":"Capdepera Castle in Capdepera, Mallorca, Balearic Islands, Spain."},{"@type":"WebSite","@id":"https:\/\/www.idealpropertymallorca.com\/blog\/fr\/#website","url":"https:\/\/www.idealpropertymallorca.com\/blog\/fr\/","name":"Majorca Blog","description":"Find relevant tourist information to see and do on the island of Mallorca during your holiday. Discover the best places and tips!","publisher":{"@id":"https:\/\/www.idealpropertymallorca.com\/blog\/fr\/#organization"},"potentialAction":[{"@type":"SearchAction","target":{"@type":"EntryPoint","urlTemplate":"https:\/\/www.idealpropertymallorca.com\/blog\/fr\/?s={search_term_string}"},"query-input":{"@type":"PropertyValueSpecification","valueRequired":true,"valueName":"search_term_string"}}],"inLanguage":"fr"},{"@type":"Organization","@id":"https:\/\/www.idealpropertymallorca.com\/blog\/fr\/#organization","name":"Majorca Blog","url":"https:\/\/www.idealpropertymallorca.com\/blog\/fr\/","logo":{"@type":"ImageObject","inLanguage":"fr","@id":"https:\/\/www.idealpropertymallorca.com\/blog\/fr\/#\/schema\/logo\/image\/","url":"https:\/\/www.idealpropertymallorca.com\/blog\/wp-content\/uploads\/2024\/10\/ideal-property-mallorca-blue-mobile.png","contentUrl":"https:\/\/www.idealpropertymallorca.com\/blog\/wp-content\/uploads\/2024\/10\/ideal-property-mallorca-blue-mobile.png","width":500,"height":150,"caption":"Majorca Blog"},"image":{"@id":"https:\/\/www.idealpropertymallorca.com\/blog\/fr\/#\/schema\/logo\/image\/"}},{"@type":"Person","@id":"https:\/\/www.idealpropertymallorca.com\/blog\/fr\/#\/schema\/person\/53b99bcf6881b706ccaf30eb50de4c8e","name":"Laura","image":{"@type":"ImageObject","inLanguage":"fr","@id":"https:\/\/secure.gravatar.com\/avatar\/38b396224481eeb6edadb558d7e4a6d1ff1c8ba1e6abd3951e451527e107c96b?s=96&d=mm&r=g","url":"https:\/\/secure.gravatar.com\/avatar\/38b396224481eeb6edadb558d7e4a6d1ff1c8ba1e6abd3951e451527e107c96b?s=96&d=mm&r=g","contentUrl":"https:\/\/secure.gravatar.com\/avatar\/38b396224481eeb6edadb558d7e4a6d1ff1c8ba1e6abd3951e451527e107c96b?s=96&d=mm&r=g","caption":"Laura"}}]}},"_links":{"self":[{"href":"https:\/\/www.idealpropertymallorca.com\/blog\/fr\/wp-json\/wp\/v2\/posts\/22137","targetHints":{"allow":["GET"]}}],"collection":[{"href":"https:\/\/www.idealpropertymallorca.com\/blog\/fr\/wp-json\/wp\/v2\/posts"}],"about":[{"href":"https:\/\/www.idealpropertymallorca.com\/blog\/fr\/wp-json\/wp\/v2\/types\/post"}],"author":[{"embeddable":true,"href":"https:\/\/www.idealpropertymallorca.com\/blog\/fr\/wp-json\/wp\/v2\/users\/8"}],"replies":[{"embeddable":true,"href":"https:\/\/www.idealpropertymallorca.com\/blog\/fr\/wp-json\/wp\/v2\/comments?post=22137"}],"version-history":[{"count":1,"href":"https:\/\/www.idealpropertymallorca.com\/blog\/fr\/wp-json\/wp\/v2\/posts\/22137\/revisions"}],"predecessor-version":[{"id":22138,"href":"https:\/\/www.idealpropertymallorca.com\/blog\/fr\/wp-json\/wp\/v2\/posts\/22137\/revisions\/22138"}],"wp:featuredmedia":[{"embeddable":true,"href":"https:\/\/www.idealpropertymallorca.com\/blog\/fr\/wp-json\/wp\/v2\/media\/21862"}],"wp:attachment":[{"href":"https:\/\/www.idealpropertymallorca.com\/blog\/fr\/wp-json\/wp\/v2\/media?parent=22137"}],"wp:term":[{"taxonomy":"category","embeddable":true,"href":"https:\/\/www.idealpropertymallorca.com\/blog\/fr\/wp-json\/wp\/v2\/categories?post=22137"},{"taxonomy":"post_tag","embeddable":true,"href":"https:\/\/www.idealpropertymallorca.com\/blog\/fr\/wp-json\/wp\/v2\/tags?post=22137"}],"curies":[{"name":"wp","href":"https:\/\/api.w.org\/{rel}","templated":true}]}}