{"id":22131,"date":"2025-10-24T12:26:01","date_gmt":"2025-10-24T12:26:01","guid":{"rendered":"https:\/\/www.idealpropertymallorca.com\/blog\/pollenca-golf-club-mallorca\/"},"modified":"2025-10-24T12:26:03","modified_gmt":"2025-10-24T12:26:03","slug":"pollenca-golf-club-mallorca","status":"publish","type":"post","link":"https:\/\/www.idealpropertymallorca.com\/blog\/fr\/pollenca-golf-club-mallorca\/","title":{"rendered":"Venez d\u00e9couvrir le Pollen\u00e7a Golf Club \u00e0 Majorque"},"content":{"rendered":"\t\t<div data-elementor-type=\"wp-post\" data-elementor-id=\"22131\" class=\"elementor elementor-22131 elementor-21825\" data-elementor-post-type=\"post\">\n\t\t\t\t\t\t<section class=\"elementor-section elementor-top-section elementor-element elementor-element-7616e1d0 elementor-section-boxed elementor-section-height-default elementor-section-height-default\" data-id=\"7616e1d0\" data-element_type=\"section\" data-e-type=\"section\">\n\t\t\t\t\t\t<div class=\"elementor-container elementor-column-gap-default\">\n\t\t\t\t\t<div class=\"elementor-column elementor-col-100 elementor-top-column elementor-element elementor-element-4c699b7f\" data-id=\"4c699b7f\" data-element_type=\"column\" data-e-type=\"column\">\n\t\t\t<div class=\"elementor-widget-wrap elementor-element-populated\">\n\t\t\t\t\t\t<div class=\"elementor-element elementor-element-5b92b918 elementor-widget elementor-widget-text-editor\" data-id=\"5b92b918\" data-element_type=\"widget\" data-e-type=\"widget\" data-widget_type=\"text-editor.default\">\n\t\t\t\t<div class=\"elementor-widget-container\">\n\t\t\t\t\t\t\t\t\t<p style=\"font-weight: 400;\">Majorque surprend toujours, mais il existe des endroits o\u00f9 l&#8217;\u00eele peut vous prouver qu&#8217;elle est encore plus sp\u00e9ciale, et l&#8217;un d&#8217;eux est le Pollen\u00e7a Golf Club. <strong>Il est situ\u00e9 au nord de l&#8217;\u00eele et existe depuis 1986, compl\u00e9tant l&#8217;offre touristique de Pollen\u00e7a<\/strong>, l&#8217;une des communes les plus charmantes de Majorque.<\/p><p style=\"font-weight: 400;\">Que vous soyez un passionn\u00e9 de golf ou que vous veniez essayer ce sport pour la premi\u00e8re fois, c&#8217;est l&#8217;endroit id\u00e9al pour le faire. <strong>Le parcours est technique mais agr\u00e9able et le cadre est vraiment exceptionnel.<\/strong><\/p><p style=\"font-weight: 400;\">Vous voulez en savoir plus&nbsp;?<\/p>\t\t\t\t\t\t\t\t<\/div>\n\t\t\t\t<\/div>\n\t\t\t\t\t<\/div>\n\t\t<\/div>\n\t\t\t\t\t<\/div>\n\t\t<\/section>\n\t\t\t\t<section class=\"elementor-section elementor-top-section elementor-element elementor-element-719db4ff elementor-section-boxed elementor-section-height-default elementor-section-height-default\" data-id=\"719db4ff\" data-element_type=\"section\" data-e-type=\"section\">\n\t\t\t\t\t\t<div class=\"elementor-container elementor-column-gap-default\">\n\t\t\t\t\t<div class=\"elementor-column elementor-col-100 elementor-top-column elementor-element elementor-element-18cf7bf6\" data-id=\"18cf7bf6\" data-element_type=\"column\" data-e-type=\"column\">\n\t\t\t<div class=\"elementor-widget-wrap elementor-element-populated\">\n\t\t\t\t\t\t<div class=\"elementor-element elementor-element-6c0acda5 elementor-widget elementor-widget-table-of-contents\" data-id=\"6c0acda5\" data-element_type=\"widget\" data-e-type=\"widget\" data-settings=\"{&quot;headings_by_tags&quot;:[&quot;h2&quot;],&quot;exclude_headings_by_selector&quot;:[],&quot;marker_view&quot;:&quot;bullets&quot;,&quot;icon&quot;:{&quot;value&quot;:&quot;&quot;,&quot;library&quot;:&quot;&quot;},&quot;no_headings_message&quot;:&quot;No headings were found on this page.&quot;,&quot;hierarchical_view&quot;:&quot;yes&quot;,&quot;min_height&quot;:{&quot;unit&quot;:&quot;px&quot;,&quot;size&quot;:&quot;&quot;,&quot;sizes&quot;:[]},&quot;min_height_tablet&quot;:{&quot;unit&quot;:&quot;px&quot;,&quot;size&quot;:&quot;&quot;,&quot;sizes&quot;:[]},&quot;min_height_mobile&quot;:{&quot;unit&quot;:&quot;px&quot;,&quot;size&quot;:&quot;&quot;,&quot;sizes&quot;:[]}}\" data-widget_type=\"table-of-contents.default\">\n\t\t\t\t<div class=\"elementor-widget-container\">\n\t\t\t\t\t\t\t\t\t<div class=\"elementor-toc__header\">\n\t\t\t\t\t\t<div class=\"elementor-toc__header-title\">\n\t\t\t\tSOMMAIRE\t\t\t<\/div>\n\t\t\t\t\t\t\t\t<\/div>\n\t\t\t\t<div id=\"elementor-toc__6c0acda5\" class=\"elementor-toc__body\">\n\t\t\t<div class=\"elementor-toc__spinner-container\">\n\t\t\t\t<i class=\"elementor-toc__spinner eicon-animation-spin eicon-loading\" aria-hidden=\"true\"><\/i>\t\t\t<\/div>\n\t\t<\/div>\n\t\t\t\t\t\t<\/div>\n\t\t\t\t<\/div>\n\t\t\t\t\t<\/div>\n\t\t<\/div>\n\t\t\t\t\t<\/div>\n\t\t<\/section>\n\t\t\t\t<section class=\"elementor-section elementor-top-section elementor-element elementor-element-4f7d5e5f elementor-section-boxed elementor-section-height-default elementor-section-height-default\" data-id=\"4f7d5e5f\" data-element_type=\"section\" data-e-type=\"section\">\n\t\t\t\t\t\t<div class=\"elementor-container elementor-column-gap-default\">\n\t\t\t\t\t<div class=\"elementor-column elementor-col-100 elementor-top-column elementor-element elementor-element-1d3b3401\" data-id=\"1d3b3401\" data-element_type=\"column\" data-e-type=\"column\">\n\t\t\t<div class=\"elementor-widget-wrap elementor-element-populated\">\n\t\t\t\t\t\t<div class=\"elementor-element elementor-element-378d3b74 elementor-widget elementor-widget-heading\" data-id=\"378d3b74\" data-element_type=\"widget\" data-e-type=\"widget\" data-widget_type=\"heading.default\">\n\t\t\t\t<div class=\"elementor-widget-container\">\n\t\t\t\t\t<h2 class=\"elementor-heading-title elementor-size-default\">O\u00f9 il se trouve et comment s'y rendre <\/h2>\t\t\t\t<\/div>\n\t\t\t\t<\/div>\n\t\t\t\t<div class=\"elementor-element elementor-element-5e67e4d4 elementor-widget elementor-widget-text-editor\" data-id=\"5e67e4d4\" data-element_type=\"widget\" data-e-type=\"widget\" data-widget_type=\"text-editor.default\">\n\t\t\t\t<div class=\"elementor-widget-container\">\n\t\t\t\t\t\t\t\t\t<p style=\"font-weight: 400;\">Le Pollen\u00e7a Golf Club ne pourrait pas \u00eatre mieux situ\u00e9&nbsp;: il se trouve dans le domaine de Ca&#8217;n Porquer, \u00e0 l&#8217;entr\u00e9e du village. Et c&#8217;est important, car d&#8217;ici, les vues sont dignes d&#8217;une carte postale&nbsp;: <strong>\u00e0 l&#8217;ouest, vous pouvez apercevoir la Serra de Tramuntana et \u00e0 l&#8217;est, la <\/strong><a href=\"https:\/\/www.idealpropertymallorca.com\/blog\/fr\/bahia-pollensa-2\/\"><strong>baie de Pollen\u00e7a<\/strong><\/a><strong> et celle d&#8217;Alc\u00fadia, deux des paysages les plus beaux du nord de Majorque.<\/strong> <\/p><p style=\"font-weight: 400;\">Il est tr\u00e8s facile de s&#8217;y rendre. Si vous venez de Palma, il vous suffit de prendre la Ma-13 en direction d&#8217;Alc\u00fadia. En 40 minutes environ, vous vous garerez devant le club. Et si vous venez d&#8217;Alc\u00fadia ou de <g id=\"gid_0\"><g id=\"gid_1\">Port de Pollen\u00e7a<\/g><\/g>, cela ne vous prendra que 10 minutes. En arrivant, vous trouverez un grand parking o\u00f9 vous pourrez laisser votre voiture.    <\/p><p style=\"font-weight: 400;\">De plus, la route qui vous m\u00e8ne au terrain est un petit cadeau en soi&nbsp;: elle est bord\u00e9e d&#8217;amandiers, de champs d&#8217;oliviers et de vues qui vous rappellent pourquoi Majorque est si attachante.<\/p>\t\t\t\t\t\t\t\t<\/div>\n\t\t\t\t<\/div>\n\t\t\t\t<div class=\"elementor-element elementor-element-f501bc9 elementor-widget elementor-widget-google_maps\" data-id=\"f501bc9\" data-element_type=\"widget\" data-e-type=\"widget\" data-widget_type=\"google_maps.default\">\n\t\t\t\t<div class=\"elementor-widget-container\">\n\t\t\t\t\t\t\t<div class=\"elementor-custom-embed\">\n\t\t\t<iframe loading=\"lazy\"\n\t\t\t\t\tsrc=\"https:\/\/maps.google.com\/maps?q=pollen%C3%A7a%20golf%20club&#038;t=m&#038;z=10&#038;output=embed&#038;iwloc=near\"\n\t\t\t\t\ttitle=\"pollen\u00e7a golf club\"\n\t\t\t\t\taria-label=\"pollen\u00e7a golf club\"\n\t\t\t><\/iframe>\n\t\t<\/div>\n\t\t\t\t\t\t<\/div>\n\t\t\t\t<\/div>\n\t\t\t\t\t<\/div>\n\t\t<\/div>\n\t\t\t\t\t<\/div>\n\t\t<\/section>\n\t\t\t\t<section class=\"elementor-section elementor-top-section elementor-element elementor-element-a14640b elementor-section-boxed elementor-section-height-default elementor-section-height-default\" data-id=\"a14640b\" data-element_type=\"section\" data-e-type=\"section\">\n\t\t\t\t\t\t<div class=\"elementor-container elementor-column-gap-default\">\n\t\t\t\t\t<div class=\"elementor-column elementor-col-100 elementor-top-column elementor-element elementor-element-3a59263\" data-id=\"3a59263\" data-element_type=\"column\" data-e-type=\"column\">\n\t\t\t<div class=\"elementor-widget-wrap elementor-element-populated\">\n\t\t\t\t\t\t<div class=\"elementor-element elementor-element-50f2c64 elementor-widget elementor-widget-heading\" data-id=\"50f2c64\" data-element_type=\"widget\" data-e-type=\"widget\" data-widget_type=\"heading.default\">\n\t\t\t\t<div class=\"elementor-widget-container\">\n\t\t\t\t\t<h2 class=\"elementor-heading-title elementor-size-default\">Caract\u00e9ristiques du terrain de golf de Pollen\u00e7a <\/h2>\t\t\t\t<\/div>\n\t\t\t\t<\/div>\n\t\t\t\t<div class=\"elementor-element elementor-element-63ccb47 elementor-widget elementor-widget-text-editor\" data-id=\"63ccb47\" data-element_type=\"widget\" data-e-type=\"widget\" data-widget_type=\"text-editor.default\">\n\t\t\t\t<div class=\"elementor-widget-container\">\n\t\t\t\t\t\t\t\t\t<p style=\"font-weight: 400;\">Contrairement \u00e0 d&#8217;autres terrains de l&#8217;\u00eele, le Pollen\u00e7a Golf Club compte 9 trous et un parcours adapt\u00e9 \u00e0 tous les niveaux. De plus, <strong>deux d&#8217;entre eux sont parmi les plus longs de Majorque.<\/strong> On dirait que la partie va \u00eatre passionnante, non&nbsp;? <\/p><p style=\"font-weight: 400;\"><strong>Le terrain a un par de 35&nbsp;\u2014&nbsp;70 pour 18&nbsp;trous&nbsp;\u2014 et est compos\u00e9 de trois&nbsp;trous par&nbsp;3, deux&nbsp;trous par&nbsp;5 et quatre&nbsp;trous par&nbsp;4.<\/strong> Cette configuration \u00e9quilibre les tron\u00e7ons courts et longs, id\u00e9al pour pratiquer diff\u00e9rents coups et strat\u00e9gies. De plus, les <em>greens<\/em> sont tr\u00e8s bien entretenus&nbsp;\u2014&nbsp;rapides et francs&nbsp;\u2014 et les obstacles sont totalement naturels. <\/p><p style=\"font-weight: 400;\">Sur le parcours, vous aurez l&#8217;impression d&#8217;\u00eatre \u00e0 Majorque gr\u00e2ce \u00e0 sa v\u00e9g\u00e9tation&nbsp;: arbres, broussailles m\u00e9diterran\u00e9ennes et deux&nbsp;lacs qui entrent en jeu dans plusieurs&nbsp;trous. Et si vous voyagez avec des amis ou de la famille qui ne pratiquent pas, ils pourront vous accompagner en <em>buggy<\/em> et profiter du paysage. <\/p><p style=\"font-weight: 400;\">Un autre point positif&nbsp;? Le Pollen\u00e7a Golf Club est un endroit tranquille, avec un accueil chaleureux et familial, parfait si vous recherchez la qualit\u00e9 sans stress ni foule. Et si vous venez le d\u00e9couvrir, <strong>ne partez pas sans profiter de l&#8217;un des <\/strong><a href=\"https:\/\/www.idealpropertymallorca.com\/blog\/fr\/ou-voir-le-coucher-de-soleil-a-mallorca\/\"><strong>plus beaux couchers de soleil de Majorque<\/strong><\/a><strong>&nbsp;! Depuis la zone de jeu, les vues sont spectaculaires.<\/strong> Une fin de journ\u00e9e qui, sans aucun doute, vaut autant que la partie.  <\/p>\t\t\t\t\t\t\t\t<\/div>\n\t\t\t\t<\/div>\n\t\t\t\t<div class=\"elementor-element elementor-element-bce3035 elementor-widget elementor-widget-image\" data-id=\"bce3035\" data-element_type=\"widget\" data-e-type=\"widget\" data-widget_type=\"image.default\">\n\t\t\t\t<div class=\"elementor-widget-container\">\n\t\t\t\t\t\t\t\t\t\t\t\t\t\t\t<img decoding=\"async\" src=\"https:\/\/www.idealpropertymallorca.com\/blog\/wp-content\/uploads\/elementor\/thumbs\/Pollenca-golf-club-rdal2plww5rrj0pi02fl2y0coypnms0tf03rw56eeo.webp\" title=\"Pollenca-golf-club\" alt=\"Pollenca-golf-club\" loading=\"lazy\" \/>\t\t\t\t\t\t\t\t\t\t\t\t\t\t\t<\/div>\n\t\t\t\t<\/div>\n\t\t\t\t\t<\/div>\n\t\t<\/div>\n\t\t\t\t\t<\/div>\n\t\t<\/section>\n\t\t\t\t<section class=\"elementor-section elementor-top-section elementor-element elementor-element-49a21fa elementor-section-boxed elementor-section-height-default elementor-section-height-default\" data-id=\"49a21fa\" data-element_type=\"section\" data-e-type=\"section\">\n\t\t\t\t\t\t<div class=\"elementor-container elementor-column-gap-default\">\n\t\t\t\t\t<div class=\"elementor-column elementor-col-100 elementor-top-column elementor-element elementor-element-f2c8316\" data-id=\"f2c8316\" data-element_type=\"column\" data-e-type=\"column\">\n\t\t\t<div class=\"elementor-widget-wrap elementor-element-populated\">\n\t\t\t\t\t\t<div class=\"elementor-element elementor-element-6f6ba18 elementor-widget elementor-widget-heading\" data-id=\"6f6ba18\" data-element_type=\"widget\" data-e-type=\"widget\" data-widget_type=\"heading.default\">\n\t\t\t\t<div class=\"elementor-widget-container\">\n\t\t\t\t\t<h2 class=\"elementor-heading-title elementor-size-default\">Services et installations du club <\/h2>\t\t\t\t<\/div>\n\t\t\t\t<\/div>\n\t\t\t\t<div class=\"elementor-element elementor-element-24a2ab4 elementor-widget elementor-widget-text-editor\" data-id=\"24a2ab4\" data-element_type=\"widget\" data-e-type=\"widget\" data-widget_type=\"text-editor.default\">\n\t\t\t\t<div class=\"elementor-widget-container\">\n\t\t\t\t\t\t\t\t\t<p style=\"font-weight: 400;\">Bien que le terrain soit le protagoniste, Golf Pollen\u00e7a offre bien plus que cela. Il dispose d&#8217;un <g id=\"gid_0\">club house avec terrasse et vue sur le terrain<\/g>, parfait pour se reposer entre deux&nbsp;trous. Et \u00e0 la sortie du premier d\u00e9fi du parcours, vous trouverez un <strong>restaurant<\/strong> o\u00f9 vous pourrez prendre un caf\u00e9, un sandwich ou un repas complet tout en contemplant les montagnes et les <em>fairways<\/em>. <strong>Sur la carte, vous trouverez des plats m\u00e9diterran\u00e9ens et des <em>snacks<\/em> de toutes sortes.<\/strong>  <\/p><p style=\"font-weight: 400;\">Si vous venez sans \u00e9quipement, que vous ne l&#8217;avez pas encore ou que vous voulez essayer du nouveau mat\u00e9riel, le club propose \u00e9galement un service de location de clubs et de <em>buggies<\/em>.<\/p><p style=\"font-weight: 400;\">Et si vous voulez am\u00e9liorer votre jeu, l&#8217;<strong>acad\u00e9mie de golf<\/strong> utilise la m\u00e9thode <em>Golf Natural Guidance<\/em>, d\u00e9velopp\u00e9e par l&#8217;instructeur Toni Planells, qui combine \u00e9valuation initiale, vision \u00e0 360\u00b0 et apprentissage bas\u00e9 sur le jeu r\u00e9el. <strong>Elle propose des cours d&#8217;initiation, des cours de perfectionnement et des programmes pour les groupes et pour le public junior.<\/strong> Vous vous inscrivez&nbsp;?<\/p>\t\t\t\t\t\t\t\t<\/div>\n\t\t\t\t<\/div>\n\t\t\t\t\t<\/div>\n\t\t<\/div>\n\t\t\t\t\t<\/div>\n\t\t<\/section>\n\t\t\t\t<section class=\"elementor-section elementor-top-section elementor-element elementor-element-85cf2c0 elementor-section-boxed elementor-section-height-default elementor-section-height-default\" data-id=\"85cf2c0\" data-element_type=\"section\" data-e-type=\"section\">\n\t\t\t\t\t\t<div class=\"elementor-container elementor-column-gap-default\">\n\t\t\t\t\t<div class=\"elementor-column elementor-col-50 elementor-top-column elementor-element elementor-element-6b36be7\" data-id=\"6b36be7\" data-element_type=\"column\" data-e-type=\"column\">\n\t\t\t<div class=\"elementor-widget-wrap elementor-element-populated\">\n\t\t\t\t\t\t<div class=\"elementor-element elementor-element-bb9c733 elementor-widget elementor-widget-heading\" data-id=\"bb9c733\" data-element_type=\"widget\" data-e-type=\"widget\" data-widget_type=\"heading.default\">\n\t\t\t\t<div class=\"elementor-widget-container\">\n\t\t\t\t\t<h2 class=\"elementor-heading-title elementor-size-default\">Tarifs du Pollen\u00e7a Golf Club <\/h2>\t\t\t\t<\/div>\n\t\t\t\t<\/div>\n\t\t\t\t<div class=\"elementor-element elementor-element-0da1d38 elementor-widget elementor-widget-text-editor\" data-id=\"0da1d38\" data-element_type=\"widget\" data-e-type=\"widget\" data-widget_type=\"text-editor.default\">\n\t\t\t\t<div class=\"elementor-widget-container\">\n\t\t\t\t\t\t\t\t\t<p style=\"font-weight: 400;\">Les tarifs varient selon la saison, il est donc pr\u00e9f\u00e9rable de consulter les <a href=\"https:\/\/golfpollensa.com\/es\/precios-golf-mallorca\/\">prix sur son site web officiel<\/a> pour ne pas avoir de surprises.<\/p><p style=\"font-weight: 400;\">Pour vous donner une id\u00e9e, <strong>en haute saison<\/strong>&nbsp;\u2014&nbsp;du&nbsp;15&nbsp;mars au&nbsp;21&nbsp;novembre&nbsp;\u2014 <strong>le <em>green fee<\/em> de&nbsp;9&nbsp;trous co\u00fbte&nbsp;45&nbsp;\u20ac, celui de&nbsp;18&nbsp;trous&nbsp;75&nbsp;\u20ac, la location de clubs entre&nbsp;18 et&nbsp;25&nbsp;\u20ac et un <em>buggy<\/em>&nbsp;25 ou&nbsp;35&nbsp;\u20ac.<\/strong><\/p><p style=\"font-weight: 400;\">En basse saison&nbsp;\u2014&nbsp;du&nbsp;22&nbsp;novembre au&nbsp;14&nbsp;mars&nbsp;\u2014 les prix sont plus ajust\u00e9s&nbsp;: 40&nbsp;\u20ac pour&nbsp;9&nbsp;trous et&nbsp;55&nbsp;\u20ac pour&nbsp;18&nbsp;trous, avec les m\u00eames prix de location de clubs et de <em>buggies<\/em>.<\/p><p style=\"font-weight: 400;\">Il existe \u00e9galement un <em>bon d&#8217;achat<\/em> avec des r\u00e9ductions si vous voulez revenir et une zone de pratique o\u00f9 vous pouvez acheter un seau de&nbsp;50&nbsp;balles pour&nbsp;5&nbsp;\u20ac et acc\u00e9der au terrain pour&nbsp;7&nbsp;\u20ac de plus. De plus, <strong>il y a un <em>pro shop<\/em> o\u00f9 vous pouvez trouver des v\u00eatements, des accessoires et des souvenirs.<\/strong> <\/p>\t\t\t\t\t\t\t\t<\/div>\n\t\t\t\t<\/div>\n\t\t\t\t\t<\/div>\n\t\t<\/div>\n\t\t\t\t<div class=\"elementor-column elementor-col-50 elementor-top-column elementor-element elementor-element-8f51373\" data-id=\"8f51373\" data-element_type=\"column\" data-e-type=\"column\">\n\t\t\t<div class=\"elementor-widget-wrap elementor-element-populated\">\n\t\t\t\t\t\t<div class=\"elementor-element elementor-element-5781e93 elementor-widget elementor-widget-image\" data-id=\"5781e93\" data-element_type=\"widget\" data-e-type=\"widget\" data-widget_type=\"image.default\">\n\t\t\t\t<div class=\"elementor-widget-container\">\n\t\t\t\t\t\t\t\t\t\t\t\t\t\t\t<img decoding=\"async\" src=\"\" title=\"\" alt=\"course golf club pollen\u00e7a mallorca\" loading=\"lazy\" \/>\t\t\t\t\t\t\t\t\t\t\t\t\t\t\t<\/div>\n\t\t\t\t<\/div>\n\t\t\t\t\t<\/div>\n\t\t<\/div>\n\t\t\t\t\t<\/div>\n\t\t<\/section>\n\t\t\t\t<section class=\"elementor-section elementor-top-section elementor-element elementor-element-78f3007 elementor-section-boxed elementor-section-height-default elementor-section-height-default\" data-id=\"78f3007\" data-element_type=\"section\" data-e-type=\"section\">\n\t\t\t\t\t\t<div class=\"elementor-container elementor-column-gap-default\">\n\t\t\t\t\t<div class=\"elementor-column elementor-col-100 elementor-top-column elementor-element elementor-element-b63dd8b\" data-id=\"b63dd8b\" data-element_type=\"column\" data-e-type=\"column\">\n\t\t\t<div class=\"elementor-widget-wrap elementor-element-populated\">\n\t\t\t\t\t\t<div class=\"elementor-element elementor-element-68c0ab9 elementor-widget elementor-widget-heading\" data-id=\"68c0ab9\" data-element_type=\"widget\" data-e-type=\"widget\" data-widget_type=\"heading.default\">\n\t\t\t\t<div class=\"elementor-widget-container\">\n\t\t\t\t\t<h2 class=\"elementor-heading-title elementor-size-default\">Comment r\u00e9server <\/h2>\t\t\t\t<\/div>\n\t\t\t\t<\/div>\n\t\t\t\t<div class=\"elementor-element elementor-element-8f4ef23 elementor-widget elementor-widget-text-editor\" data-id=\"8f4ef23\" data-element_type=\"widget\" data-e-type=\"widget\" data-widget_type=\"text-editor.default\">\n\t\t\t\t<div class=\"elementor-widget-container\">\n\t\t\t\t\t\t\t\t\t<p style=\"font-weight: 400;\">Il est tr\u00e8s facile de r\u00e9server votre partie au Pollen\u00e7a Golf Club<strong>. Le  <\/strong><a href=\"https:\/\/golfpollensa.com\/\"><strong>site web officiel<\/strong><\/a><strong> vous permet de choisir le jour, l&#8217;heure et les extras tels que la location de clubs ou de <em>buggy<\/em>.<\/strong> Et oui, vous pouvez voir la disponibilit\u00e9 en temps r\u00e9el. Le Club de Golf de Pollen\u00e7a ne va vous mettre aucun obstacle pour profiter de votre partie. <\/p><p style=\"font-weight: 400;\">Si vous pr\u00e9f\u00e9rez une autre m\u00e9thode, vous pouvez \u00e9galement appeler par t\u00e9l\u00e9phone&nbsp;\u2014&nbsp;au +34&nbsp;683&nbsp;248&nbsp;469&nbsp;\u2014 ou envoyer un courriel \u00e0 <a href=\"mailto:rec@golfpollensa.com\">rec@golfpollensa.com<\/a> pour effectuer la r\u00e9servation.<\/p>\t\t\t\t\t\t\t\t<\/div>\n\t\t\t\t<\/div>\n\t\t\t\t\t<\/div>\n\t\t<\/div>\n\t\t\t\t\t<\/div>\n\t\t<\/section>\n\t\t\t\t<section class=\"elementor-section elementor-top-section elementor-element elementor-element-2b755fa5 elementor-section-boxed elementor-section-height-default elementor-section-height-default\" data-id=\"2b755fa5\" data-element_type=\"section\" data-e-type=\"section\">\n\t\t\t\t\t\t<div class=\"elementor-container elementor-column-gap-default\">\n\t\t\t\t\t<div class=\"elementor-column elementor-col-100 elementor-top-column elementor-element elementor-element-2af2f44\" data-id=\"2af2f44\" data-element_type=\"column\" data-e-type=\"column\">\n\t\t\t<div class=\"elementor-widget-wrap elementor-element-populated\">\n\t\t\t\t\t\t<div class=\"elementor-element elementor-element-4b3dc0fc elementor-widget elementor-widget-heading\" data-id=\"4b3dc0fc\" data-element_type=\"widget\" data-e-type=\"widget\" data-widget_type=\"heading.default\">\n\t\t\t\t<div class=\"elementor-widget-container\">\n\t\t\t\t\t<h2 class=\"elementor-heading-title elementor-size-default\">Vous venez jouer au Club de Golf de Pollen\u00e7a&nbsp;? <\/h2>\t\t\t\t<\/div>\n\t\t\t\t<\/div>\n\t\t\t\t<div class=\"elementor-element elementor-element-330054b0 elementor-widget elementor-widget-text-editor\" data-id=\"330054b0\" data-element_type=\"widget\" data-e-type=\"widget\" data-widget_type=\"text-editor.default\">\n\t\t\t\t<div class=\"elementor-widget-container\">\n\t\t\t\t\t\t\t\t\t<p style=\"font-weight: 400;\">Faire une partie de <a href=\"https:\/\/www.idealpropertymallorca.com\/blog\/golf-mallorca\/\">golf \u00e0 Majorque<\/a> ici n&#8217;est que le d\u00e9but. On ne vient pas seulement dans cette localit\u00e9 pour profiter du sport, mais aussi de l&#8217;environnement et de beaucoup de choses <a href=\"https:\/\/www.idealpropertymallorca.com\/blog\/fr\/guide-des-12-sites-a-voir-a-pollensa\/\">\u00e0 voir \u00e0 Pollen\u00e7a<\/a>. <\/p><p style=\"font-weight: 400;\">Et si vous restez quelques jours, c&#8217;est encore mieux. <strong>Vous pourrez s\u00e9journer avec <\/strong><a href=\"https:\/\/www.idealpropertymallorca.com\/es\/\"><strong>Ideal Property<\/strong><\/a><strong> dans une villa de charme ou dans une maison traditionnelle et l&#8217;utiliser comme point de d\u00e9part pour explorer l&#8217;\u00eele \u00e0 votre guise.<\/strong><\/p><p style=\"font-weight: 400;\">De l\u00e0, vous avez tout \u00e0 proximit\u00e9&nbsp;: les <a href=\"https:\/\/www.idealpropertymallorca.com\/blog\/fr\/les-criques-de-mallorca-et-les-coins-les-plus-impressionnants-de-lile\/calas-mallorca\/\">meilleures criques de Majorque<\/a>, des points de vue avec des vues incroyables et d&#8217;autres clubs de golf \u00e0 Majorque qui valent la peine d&#8217;\u00eatre connus.<\/p><p style=\"font-weight: 400;\">Venez, jouez, reposez-vous et d\u00e9couvrez Majorque comme elle le m\u00e9rite&nbsp;!<\/p>\t\t\t\t\t\t\t\t<\/div>\n\t\t\t\t<\/div>\n\t\t\t\t\t<\/div>\n\t\t<\/div>\n\t\t\t\t\t<\/div>\n\t\t<\/section>\n\t\t\t\t<section class=\"elementor-section elementor-top-section elementor-element elementor-element-6d2f6bac elementor-section-boxed elementor-section-height-default elementor-section-height-default\" data-id=\"6d2f6bac\" data-element_type=\"section\" data-e-type=\"section\">\n\t\t\t\t\t\t<div class=\"elementor-container elementor-column-gap-default\">\n\t\t\t\t\t<div class=\"elementor-column elementor-col-33 elementor-top-column elementor-element elementor-element-2da98e92\" data-id=\"2da98e92\" data-element_type=\"column\" data-e-type=\"column\" data-settings=\"{&quot;background_background&quot;:&quot;classic&quot;}\">\n\t\t\t<div class=\"elementor-widget-wrap elementor-element-populated\">\n\t\t\t\t\t\t<div class=\"elementor-element elementor-element-77c226c0 elementor-align-center elementor-widget elementor-widget-button\" data-id=\"77c226c0\" data-element_type=\"widget\" data-e-type=\"widget\" data-widget_type=\"button.default\">\n\t\t\t\t<div class=\"elementor-widget-container\">\n\t\t\t\t\t\t\t\t\t<div class=\"elementor-button-wrapper\">\n\t\t\t\t\t<a class=\"elementor-button elementor-button-link elementor-size-sm\" href=\"https:\/\/www.idealpropertymallorca.com\/es\/alquiler\/fincas-pollensa-c22d459611\/vista-lista\/\">\n\t\t\t\t\t\t<span class=\"elementor-button-content-wrapper\">\n\t\t\t\t\t\t\t\t\t<span class=\"elementor-button-text\">Fincas rurales \u00e0 Pollen\u00e7a<\/span>\n\t\t\t\t\t<\/span>\n\t\t\t\t\t<\/a>\n\t\t\t\t<\/div>\n\t\t\t\t\t\t\t\t<\/div>\n\t\t\t\t<\/div>\n\t\t\t\t\t<\/div>\n\t\t<\/div>\n\t\t\t\t<div class=\"elementor-column elementor-col-33 elementor-top-column elementor-element elementor-element-40866fb7\" data-id=\"40866fb7\" data-element_type=\"column\" data-e-type=\"column\" data-settings=\"{&quot;background_background&quot;:&quot;classic&quot;}\">\n\t\t\t<div class=\"elementor-widget-wrap elementor-element-populated\">\n\t\t\t\t\t\t<div class=\"elementor-element elementor-element-6c9b5a3c elementor-align-center elementor-widget elementor-widget-button\" data-id=\"6c9b5a3c\" data-element_type=\"widget\" data-e-type=\"widget\" data-widget_type=\"button.default\">\n\t\t\t\t<div class=\"elementor-widget-container\">\n\t\t\t\t\t\t\t\t\t<div class=\"elementor-button-wrapper\">\n\t\t\t\t\t<a class=\"elementor-button elementor-button-link elementor-size-sm\" href=\"https:\/\/www.idealpropertymallorca.com\/es\/alquiler\/apartamentos-puerto-pollensa-c1d459709\/vista-lista\/\">\n\t\t\t\t\t\t<span class=\"elementor-button-content-wrapper\">\n\t\t\t\t\t\t\t\t\t<span class=\"elementor-button-text\">Appartements \u00e0 Pollen\u00e7a<\/span>\n\t\t\t\t\t<\/span>\n\t\t\t\t\t<\/a>\n\t\t\t\t<\/div>\n\t\t\t\t\t\t\t\t<\/div>\n\t\t\t\t<\/div>\n\t\t\t\t\t<\/div>\n\t\t<\/div>\n\t\t\t\t<div class=\"elementor-column elementor-col-33 elementor-top-column elementor-element elementor-element-23523549\" data-id=\"23523549\" data-element_type=\"column\" data-e-type=\"column\" data-settings=\"{&quot;background_background&quot;:&quot;classic&quot;}\">\n\t\t\t<div class=\"elementor-widget-wrap elementor-element-populated\">\n\t\t\t\t\t\t<div class=\"elementor-element elementor-element-274bb059 elementor-align-center elementor-widget elementor-widget-button\" data-id=\"274bb059\" data-element_type=\"widget\" data-e-type=\"widget\" data-widget_type=\"button.default\">\n\t\t\t\t<div class=\"elementor-widget-container\">\n\t\t\t\t\t\t\t\t\t<div class=\"elementor-button-wrapper\">\n\t\t\t\t\t<a class=\"elementor-button elementor-button-link elementor-size-sm\" href=\"https:\/\/www.idealpropertymallorca.com\/es\/alquiler\/casas-pollensa-c19d459611\/vista-lista\/\">\n\t\t\t\t\t\t<span class=\"elementor-button-content-wrapper\">\n\t\t\t\t\t\t\t\t\t<span class=\"elementor-button-text\">Maisons de vacances \u00e0 Pollen\u00e7a<\/span>\n\t\t\t\t\t<\/span>\n\t\t\t\t\t<\/a>\n\t\t\t\t<\/div>\n\t\t\t\t\t\t\t\t<\/div>\n\t\t\t\t<\/div>\n\t\t\t\t\t<\/div>\n\t\t<\/div>\n\t\t\t\t\t<\/div>\n\t\t<\/section>\n\t\t\t\t<section class=\"elementor-section elementor-top-section elementor-element elementor-element-642278cd elementor-section-boxed elementor-section-height-default elementor-section-height-default\" data-id=\"642278cd\" data-element_type=\"section\" data-e-type=\"section\">\n\t\t\t\t\t\t<div class=\"elementor-container elementor-column-gap-default\">\n\t\t\t\t\t<div class=\"elementor-column elementor-col-33 elementor-top-column elementor-element elementor-element-2f1c0479\" data-id=\"2f1c0479\" data-element_type=\"column\" data-e-type=\"column\" data-settings=\"{&quot;background_background&quot;:&quot;classic&quot;}\">\n\t\t\t<div class=\"elementor-widget-wrap elementor-element-populated\">\n\t\t\t\t\t\t<div class=\"elementor-element elementor-element-f312633 elementor-align-center elementor-widget elementor-widget-button\" data-id=\"f312633\" data-element_type=\"widget\" data-e-type=\"widget\" data-widget_type=\"button.default\">\n\t\t\t\t<div class=\"elementor-widget-container\">\n\t\t\t\t\t\t\t\t\t<div class=\"elementor-button-wrapper\">\n\t\t\t\t\t<a class=\"elementor-button elementor-button-link elementor-size-sm\" href=\"https:\/\/www.idealpropertymallorca.com\/es\/alquiler\/fincas-pollensa-c22d459611\/vista-lista\/\">\n\t\t\t\t\t\t<span class=\"elementor-button-content-wrapper\">\n\t\t\t\t\t\t\t\t\t<span class=\"elementor-button-text\">Fincas rurales \u00e0 Pollen\u00e7a<\/span>\n\t\t\t\t\t<\/span>\n\t\t\t\t\t<\/a>\n\t\t\t\t<\/div>\n\t\t\t\t\t\t\t\t<\/div>\n\t\t\t\t<\/div>\n\t\t\t\t\t<\/div>\n\t\t<\/div>\n\t\t\t\t<div class=\"elementor-column elementor-col-33 elementor-top-column elementor-element elementor-element-43a59923\" data-id=\"43a59923\" data-element_type=\"column\" data-e-type=\"column\" data-settings=\"{&quot;background_background&quot;:&quot;classic&quot;}\">\n\t\t\t<div class=\"elementor-widget-wrap elementor-element-populated\">\n\t\t\t\t\t\t<div class=\"elementor-element elementor-element-67005312 elementor-align-center elementor-widget elementor-widget-button\" data-id=\"67005312\" data-element_type=\"widget\" data-e-type=\"widget\" data-widget_type=\"button.default\">\n\t\t\t\t<div class=\"elementor-widget-container\">\n\t\t\t\t\t\t\t\t\t<div class=\"elementor-button-wrapper\">\n\t\t\t\t\t<a class=\"elementor-button elementor-button-link elementor-size-sm\" href=\"https:\/\/www.idealpropertymallorca.com\/es\/alquiler\/apartamentos-puerto-pollensa-c1d459709\/vista-lista\/\">\n\t\t\t\t\t\t<span class=\"elementor-button-content-wrapper\">\n\t\t\t\t\t\t\t\t\t<span class=\"elementor-button-text\">Appartements \u00e0 Pollen\u00e7a<\/span>\n\t\t\t\t\t<\/span>\n\t\t\t\t\t<\/a>\n\t\t\t\t<\/div>\n\t\t\t\t\t\t\t\t<\/div>\n\t\t\t\t<\/div>\n\t\t\t\t\t<\/div>\n\t\t<\/div>\n\t\t\t\t<div class=\"elementor-column elementor-col-33 elementor-top-column elementor-element elementor-element-18bebb60\" data-id=\"18bebb60\" data-element_type=\"column\" data-e-type=\"column\" data-settings=\"{&quot;background_background&quot;:&quot;classic&quot;}\">\n\t\t\t<div class=\"elementor-widget-wrap elementor-element-populated\">\n\t\t\t\t\t\t<div class=\"elementor-element elementor-element-3cdce991 elementor-align-center elementor-widget elementor-widget-button\" data-id=\"3cdce991\" data-element_type=\"widget\" data-e-type=\"widget\" data-widget_type=\"button.default\">\n\t\t\t\t<div class=\"elementor-widget-container\">\n\t\t\t\t\t\t\t\t\t<div class=\"elementor-button-wrapper\">\n\t\t\t\t\t<a class=\"elementor-button elementor-button-link elementor-size-sm\" href=\"https:\/\/www.idealpropertymallorca.com\/es\/alquiler\/casas-pollensa-c19d459611\/vista-lista\/\">\n\t\t\t\t\t\t<span class=\"elementor-button-content-wrapper\">\n\t\t\t\t\t\t\t\t\t<span class=\"elementor-button-text\">Maisons de vacances \u00e0 Pollen\u00e7a<\/span>\n\t\t\t\t\t<\/span>\n\t\t\t\t\t<\/a>\n\t\t\t\t<\/div>\n\t\t\t\t\t\t\t\t<\/div>\n\t\t\t\t<\/div>\n\t\t\t\t\t<\/div>\n\t\t<\/div>\n\t\t\t\t\t<\/div>\n\t\t<\/section>\n\t\t\t\t<section class=\"elementor-section elementor-top-section elementor-element elementor-element-4180ca8e elementor-section-boxed elementor-section-height-default elementor-section-height-default\" data-id=\"4180ca8e\" data-element_type=\"section\" data-e-type=\"section\">\n\t\t\t\t\t\t<div class=\"elementor-container elementor-column-gap-default\">\n\t\t\t\t\t<div class=\"elementor-column elementor-col-33 elementor-top-column elementor-element elementor-element-7f25dc9a\" data-id=\"7f25dc9a\" data-element_type=\"column\" data-e-type=\"column\" data-settings=\"{&quot;background_background&quot;:&quot;classic&quot;}\">\n\t\t\t<div class=\"elementor-widget-wrap elementor-element-populated\">\n\t\t\t\t\t\t<div class=\"elementor-element elementor-element-2cf150a7 elementor-align-center elementor-widget elementor-widget-button\" data-id=\"2cf150a7\" data-element_type=\"widget\" data-e-type=\"widget\" data-widget_type=\"button.default\">\n\t\t\t\t<div class=\"elementor-widget-container\">\n\t\t\t\t\t\t\t\t\t<div class=\"elementor-button-wrapper\">\n\t\t\t\t\t<a class=\"elementor-button elementor-button-link elementor-size-sm\" href=\"https:\/\/www.idealpropertymallorca.com\/es\/alquiler\/fincas-pollensa-c22d459611\/vista-lista\/\">\n\t\t\t\t\t\t<span class=\"elementor-button-content-wrapper\">\n\t\t\t\t\t\t\t\t\t<span class=\"elementor-button-text\">Fincas rurales \u00e0 Pollen\u00e7a<\/span>\n\t\t\t\t\t<\/span>\n\t\t\t\t\t<\/a>\n\t\t\t\t<\/div>\n\t\t\t\t\t\t\t\t<\/div>\n\t\t\t\t<\/div>\n\t\t\t\t\t<\/div>\n\t\t<\/div>\n\t\t\t\t<div class=\"elementor-column elementor-col-33 elementor-top-column elementor-element elementor-element-282e2d69\" data-id=\"282e2d69\" data-element_type=\"column\" data-e-type=\"column\" data-settings=\"{&quot;background_background&quot;:&quot;classic&quot;}\">\n\t\t\t<div class=\"elementor-widget-wrap elementor-element-populated\">\n\t\t\t\t\t\t<div class=\"elementor-element elementor-element-30609fba elementor-align-center elementor-widget elementor-widget-button\" data-id=\"30609fba\" data-element_type=\"widget\" data-e-type=\"widget\" data-widget_type=\"button.default\">\n\t\t\t\t<div class=\"elementor-widget-container\">\n\t\t\t\t\t\t\t\t\t<div class=\"elementor-button-wrapper\">\n\t\t\t\t\t<a class=\"elementor-button elementor-button-link elementor-size-sm\" href=\"https:\/\/www.idealpropertymallorca.com\/es\/alquiler\/apartamentos-puerto-pollensa-c1d459709\/vista-lista\/\">\n\t\t\t\t\t\t<span class=\"elementor-button-content-wrapper\">\n\t\t\t\t\t\t\t\t\t<span class=\"elementor-button-text\">Appartements \u00e0 Pollen\u00e7a<\/span>\n\t\t\t\t\t<\/span>\n\t\t\t\t\t<\/a>\n\t\t\t\t<\/div>\n\t\t\t\t\t\t\t\t<\/div>\n\t\t\t\t<\/div>\n\t\t\t\t\t<\/div>\n\t\t<\/div>\n\t\t\t\t<div class=\"elementor-column elementor-col-33 elementor-top-column elementor-element elementor-element-4858e531\" data-id=\"4858e531\" data-element_type=\"column\" data-e-type=\"column\" data-settings=\"{&quot;background_background&quot;:&quot;classic&quot;}\">\n\t\t\t<div class=\"elementor-widget-wrap elementor-element-populated\">\n\t\t\t\t\t\t<div class=\"elementor-element elementor-element-7f70e496 elementor-align-center elementor-widget elementor-widget-button\" data-id=\"7f70e496\" data-element_type=\"widget\" data-e-type=\"widget\" data-widget_type=\"button.default\">\n\t\t\t\t<div class=\"elementor-widget-container\">\n\t\t\t\t\t\t\t\t\t<div class=\"elementor-button-wrapper\">\n\t\t\t\t\t<a class=\"elementor-button elementor-button-link elementor-size-sm\" href=\"https:\/\/www.idealpropertymallorca.com\/es\/alquiler\/casas-pollensa-c19d459611\/vista-lista\/\">\n\t\t\t\t\t\t<span class=\"elementor-button-content-wrapper\">\n\t\t\t\t\t\t\t\t\t<span class=\"elementor-button-text\">Maisons de vacances \u00e0 Pollen\u00e7a<\/span>\n\t\t\t\t\t<\/span>\n\t\t\t\t\t<\/a>\n\t\t\t\t<\/div>\n\t\t\t\t\t\t\t\t<\/div>\n\t\t\t\t<\/div>\n\t\t\t\t\t<\/div>\n\t\t<\/div>\n\t\t\t\t\t<\/div>\n\t\t<\/section>\n\t\t\t\t<section class=\"elementor-section elementor-top-section elementor-element elementor-element-d792751 elementor-section-boxed elementor-section-height-default elementor-section-height-default\" data-id=\"d792751\" data-element_type=\"section\" data-e-type=\"section\">\n\t\t\t\t\t\t<div class=\"elementor-container elementor-column-gap-default\">\n\t\t\t\t\t<div class=\"elementor-column elementor-col-33 elementor-top-column elementor-element elementor-element-27014e9b\" data-id=\"27014e9b\" data-element_type=\"column\" data-e-type=\"column\" data-settings=\"{&quot;background_background&quot;:&quot;classic&quot;}\">\n\t\t\t<div class=\"elementor-widget-wrap elementor-element-populated\">\n\t\t\t\t\t\t<div class=\"elementor-element elementor-element-48bb7d05 elementor-align-center elementor-widget elementor-widget-button\" data-id=\"48bb7d05\" data-element_type=\"widget\" data-e-type=\"widget\" data-widget_type=\"button.default\">\n\t\t\t\t<div class=\"elementor-widget-container\">\n\t\t\t\t\t\t\t\t\t<div class=\"elementor-button-wrapper\">\n\t\t\t\t\t<a class=\"elementor-button elementor-button-link elementor-size-sm\" href=\"https:\/\/www.idealpropertymallorca.com\/es\/alquiler\/fincas-pollensa-c22d459611\/vista-lista\/\">\n\t\t\t\t\t\t<span class=\"elementor-button-content-wrapper\">\n\t\t\t\t\t\t\t\t\t<span class=\"elementor-button-text\">Fincas rurales \u00e0 Pollen\u00e7a<\/span>\n\t\t\t\t\t<\/span>\n\t\t\t\t\t<\/a>\n\t\t\t\t<\/div>\n\t\t\t\t\t\t\t\t<\/div>\n\t\t\t\t<\/div>\n\t\t\t\t\t<\/div>\n\t\t<\/div>\n\t\t\t\t<div class=\"elementor-column elementor-col-33 elementor-top-column elementor-element elementor-element-6bbab4d1\" data-id=\"6bbab4d1\" data-element_type=\"column\" data-e-type=\"column\" data-settings=\"{&quot;background_background&quot;:&quot;classic&quot;}\">\n\t\t\t<div class=\"elementor-widget-wrap elementor-element-populated\">\n\t\t\t\t\t\t<div class=\"elementor-element elementor-element-49558553 elementor-align-center elementor-widget elementor-widget-button\" data-id=\"49558553\" data-element_type=\"widget\" data-e-type=\"widget\" data-widget_type=\"button.default\">\n\t\t\t\t<div class=\"elementor-widget-container\">\n\t\t\t\t\t\t\t\t\t<div class=\"elementor-button-wrapper\">\n\t\t\t\t\t<a class=\"elementor-button elementor-button-link elementor-size-sm\" href=\"https:\/\/www.idealpropertymallorca.com\/es\/alquiler\/apartamentos-puerto-pollensa-c1d459709\/vista-lista\/\">\n\t\t\t\t\t\t<span class=\"elementor-button-content-wrapper\">\n\t\t\t\t\t\t\t\t\t<span class=\"elementor-button-text\">Appartements \u00e0 Pollen\u00e7a<\/span>\n\t\t\t\t\t<\/span>\n\t\t\t\t\t<\/a>\n\t\t\t\t<\/div>\n\t\t\t\t\t\t\t\t<\/div>\n\t\t\t\t<\/div>\n\t\t\t\t\t<\/div>\n\t\t<\/div>\n\t\t\t\t<div class=\"elementor-column elementor-col-33 elementor-top-column elementor-element elementor-element-271aa086\" data-id=\"271aa086\" data-element_type=\"column\" data-e-type=\"column\" data-settings=\"{&quot;background_background&quot;:&quot;classic&quot;}\">\n\t\t\t<div class=\"elementor-widget-wrap elementor-element-populated\">\n\t\t\t\t\t\t<div class=\"elementor-element elementor-element-5363615 elementor-align-center elementor-widget elementor-widget-button\" data-id=\"5363615\" data-element_type=\"widget\" data-e-type=\"widget\" data-widget_type=\"button.default\">\n\t\t\t\t<div class=\"elementor-widget-container\">\n\t\t\t\t\t\t\t\t\t<div class=\"elementor-button-wrapper\">\n\t\t\t\t\t<a class=\"elementor-button elementor-button-link elementor-size-sm\" href=\"https:\/\/www.idealpropertymallorca.com\/es\/alquiler\/casas-pollensa-c19d459611\/vista-lista\/\">\n\t\t\t\t\t\t<span class=\"elementor-button-content-wrapper\">\n\t\t\t\t\t\t\t\t\t<span class=\"elementor-button-text\">Maisons de vacances \u00e0 Pollen\u00e7a<\/span>\n\t\t\t\t\t<\/span>\n\t\t\t\t\t<\/a>\n\t\t\t\t<\/div>\n\t\t\t\t\t\t\t\t<\/div>\n\t\t\t\t<\/div>\n\t\t\t\t\t<\/div>\n\t\t<\/div>\n\t\t\t\t\t<\/div>\n\t\t<\/section>\n\t\t\t\t<\/div>\n\t\t","protected":false},"excerpt":{"rendered":"<p>Majorque surprend toujours, mais il existe des endroits o\u00f9 l&#8217;\u00eele peut vous prouver qu&#8217;elle est encore plus sp\u00e9ciale, et l&#8217;un d&#8217;eux est le Pollen\u00e7a Golf Club. Il est situ\u00e9 au nord de l&#8217;\u00eele et existe depuis 1986, compl\u00e9tant l&#8217;offre touristique de Pollen\u00e7a, l&#8217;une des communes les plus charmantes de Majorque. Que vous soyez un passionn\u00e9 [&hellip;]<\/p>\n","protected":false},"author":8,"featured_media":22124,"comment_status":"open","ping_status":"open","sticky":false,"template":"","format":"standard","meta":{"footnotes":""},"categories":[738,407],"tags":[],"class_list":["post-22131","post","type-post","status-publish","format-standard","has-post-thumbnail","hentry","category-activites-pour-la-famille","category-extra-fr"],"yoast_head":"<!-- This site is optimized with the Yoast SEO plugin v27.4 - https:\/\/yoast.com\/product\/yoast-seo-wordpress\/ -->\n<title>Venez d\u00e9couvrir le Pollen\u00e7a Golf Club \u00e0 Majorque - Majorca Blog<\/title>\n<meta name=\"description\" content=\"Explorez le Club de Golf de Pollen\u00e7a, un parcours pour tous les publics situ\u00e9 dans un cadre spectaculaire, parfait pour jouer et se d\u00e9tendre \u00e0 Majorque.\" \/>\n<meta name=\"robots\" content=\"index, follow, max-snippet:-1, max-image-preview:large, max-video-preview:-1\" \/>\n<link rel=\"canonical\" href=\"https:\/\/www.idealpropertymallorca.com\/blog\/fr\/pollenca-golf-club-mallorca\/\" \/>\n<meta property=\"og:locale\" content=\"fr_FR\" \/>\n<meta property=\"og:type\" content=\"article\" \/>\n<meta property=\"og:title\" content=\"Venez d\u00e9couvrir le Pollen\u00e7a Golf Club \u00e0 Majorque - Majorca Blog\" \/>\n<meta property=\"og:description\" content=\"Explorez le Club de Golf de Pollen\u00e7a, un parcours pour tous les publics situ\u00e9 dans un cadre spectaculaire, parfait pour jouer et se d\u00e9tendre \u00e0 Majorque.\" \/>\n<meta property=\"og:url\" content=\"https:\/\/www.idealpropertymallorca.com\/blog\/fr\/pollenca-golf-club-mallorca\/\" \/>\n<meta property=\"og:site_name\" content=\"Majorca Blog\" \/>\n<meta property=\"article:published_time\" content=\"2025-10-24T12:26:01+00:00\" \/>\n<meta property=\"article:modified_time\" content=\"2025-10-24T12:26:03+00:00\" \/>\n<meta property=\"og:image\" content=\"https:\/\/www.idealpropertymallorca.com\/blog\/wp-content\/uploads\/2025\/10\/Golf-de-Pollenca.jpg\" \/>\n\t<meta property=\"og:image:width\" content=\"1920\" \/>\n\t<meta property=\"og:image:height\" content=\"1000\" \/>\n\t<meta property=\"og:image:type\" content=\"image\/jpeg\" \/>\n<meta name=\"author\" content=\"Laura\" \/>\n<meta name=\"twitter:card\" content=\"summary_large_image\" \/>\n<meta name=\"twitter:label1\" content=\"Written by\" \/>\n\t<meta name=\"twitter:data1\" content=\"Laura\" \/>\n\t<meta name=\"twitter:label2\" content=\"Est. reading time\" \/>\n\t<meta name=\"twitter:data2\" content=\"6 minutes\" \/>\n<script type=\"application\/ld+json\" class=\"yoast-schema-graph\">{\"@context\":\"https:\\\/\\\/schema.org\",\"@graph\":[{\"@type\":\"Article\",\"@id\":\"https:\\\/\\\/www.idealpropertymallorca.com\\\/blog\\\/fr\\\/pollenca-golf-club-mallorca\\\/#article\",\"isPartOf\":{\"@id\":\"https:\\\/\\\/www.idealpropertymallorca.com\\\/blog\\\/fr\\\/pollenca-golf-club-mallorca\\\/\"},\"author\":{\"name\":\"Laura\",\"@id\":\"https:\\\/\\\/www.idealpropertymallorca.com\\\/blog\\\/fr\\\/#\\\/schema\\\/person\\\/53b99bcf6881b706ccaf30eb50de4c8e\"},\"headline\":\"Venez d\u00e9couvrir le Pollen\u00e7a Golf Club \u00e0 Majorque\",\"datePublished\":\"2025-10-24T12:26:01+00:00\",\"dateModified\":\"2025-10-24T12:26:03+00:00\",\"mainEntityOfPage\":{\"@id\":\"https:\\\/\\\/www.idealpropertymallorca.com\\\/blog\\\/fr\\\/pollenca-golf-club-mallorca\\\/\"},\"wordCount\":1244,\"commentCount\":0,\"publisher\":{\"@id\":\"https:\\\/\\\/www.idealpropertymallorca.com\\\/blog\\\/fr\\\/#organization\"},\"image\":{\"@id\":\"https:\\\/\\\/www.idealpropertymallorca.com\\\/blog\\\/fr\\\/pollenca-golf-club-mallorca\\\/#primaryimage\"},\"thumbnailUrl\":\"https:\\\/\\\/www.idealpropertymallorca.com\\\/blog\\\/wp-content\\\/uploads\\\/2025\\\/10\\\/Golf-de-Pollenca.jpg\",\"articleSection\":[\"Activit\u00e9s pour la famille\",\"Extra\"],\"inLanguage\":\"fr\",\"potentialAction\":[{\"@type\":\"CommentAction\",\"name\":\"Comment\",\"target\":[\"https:\\\/\\\/www.idealpropertymallorca.com\\\/blog\\\/fr\\\/pollenca-golf-club-mallorca\\\/#respond\"]}]},{\"@type\":\"WebPage\",\"@id\":\"https:\\\/\\\/www.idealpropertymallorca.com\\\/blog\\\/fr\\\/pollenca-golf-club-mallorca\\\/\",\"url\":\"https:\\\/\\\/www.idealpropertymallorca.com\\\/blog\\\/fr\\\/pollenca-golf-club-mallorca\\\/\",\"name\":\"Venez d\u00e9couvrir le Pollen\u00e7a Golf Club \u00e0 Majorque - Majorca Blog\",\"isPartOf\":{\"@id\":\"https:\\\/\\\/www.idealpropertymallorca.com\\\/blog\\\/fr\\\/#website\"},\"primaryImageOfPage\":{\"@id\":\"https:\\\/\\\/www.idealpropertymallorca.com\\\/blog\\\/fr\\\/pollenca-golf-club-mallorca\\\/#primaryimage\"},\"image\":{\"@id\":\"https:\\\/\\\/www.idealpropertymallorca.com\\\/blog\\\/fr\\\/pollenca-golf-club-mallorca\\\/#primaryimage\"},\"thumbnailUrl\":\"https:\\\/\\\/www.idealpropertymallorca.com\\\/blog\\\/wp-content\\\/uploads\\\/2025\\\/10\\\/Golf-de-Pollenca.jpg\",\"datePublished\":\"2025-10-24T12:26:01+00:00\",\"dateModified\":\"2025-10-24T12:26:03+00:00\",\"description\":\"Explorez le Club de Golf de Pollen\u00e7a, un parcours pour tous les publics situ\u00e9 dans un cadre spectaculaire, parfait pour jouer et se d\u00e9tendre \u00e0 Majorque.\",\"inLanguage\":\"fr\",\"potentialAction\":[{\"@type\":\"ReadAction\",\"target\":[\"https:\\\/\\\/www.idealpropertymallorca.com\\\/blog\\\/fr\\\/pollenca-golf-club-mallorca\\\/\"]}]},{\"@type\":\"ImageObject\",\"inLanguage\":\"fr\",\"@id\":\"https:\\\/\\\/www.idealpropertymallorca.com\\\/blog\\\/fr\\\/pollenca-golf-club-mallorca\\\/#primaryimage\",\"url\":\"https:\\\/\\\/www.idealpropertymallorca.com\\\/blog\\\/wp-content\\\/uploads\\\/2025\\\/10\\\/Golf-de-Pollenca.jpg\",\"contentUrl\":\"https:\\\/\\\/www.idealpropertymallorca.com\\\/blog\\\/wp-content\\\/uploads\\\/2025\\\/10\\\/Golf-de-Pollenca.jpg\",\"width\":1920,\"height\":1000,\"caption\":\"Golf de Pollen\u00e7a\"},{\"@type\":\"WebSite\",\"@id\":\"https:\\\/\\\/www.idealpropertymallorca.com\\\/blog\\\/fr\\\/#website\",\"url\":\"https:\\\/\\\/www.idealpropertymallorca.com\\\/blog\\\/fr\\\/\",\"name\":\"Majorca Blog\",\"description\":\"Find relevant tourist information to see and do on the island of Mallorca during your holiday. Discover the best places and tips!\",\"publisher\":{\"@id\":\"https:\\\/\\\/www.idealpropertymallorca.com\\\/blog\\\/fr\\\/#organization\"},\"potentialAction\":[{\"@type\":\"SearchAction\",\"target\":{\"@type\":\"EntryPoint\",\"urlTemplate\":\"https:\\\/\\\/www.idealpropertymallorca.com\\\/blog\\\/fr\\\/?s={search_term_string}\"},\"query-input\":{\"@type\":\"PropertyValueSpecification\",\"valueRequired\":true,\"valueName\":\"search_term_string\"}}],\"inLanguage\":\"fr\"},{\"@type\":\"Organization\",\"@id\":\"https:\\\/\\\/www.idealpropertymallorca.com\\\/blog\\\/fr\\\/#organization\",\"name\":\"Majorca Blog\",\"url\":\"https:\\\/\\\/www.idealpropertymallorca.com\\\/blog\\\/fr\\\/\",\"logo\":{\"@type\":\"ImageObject\",\"inLanguage\":\"fr\",\"@id\":\"https:\\\/\\\/www.idealpropertymallorca.com\\\/blog\\\/fr\\\/#\\\/schema\\\/logo\\\/image\\\/\",\"url\":\"https:\\\/\\\/www.idealpropertymallorca.com\\\/blog\\\/wp-content\\\/uploads\\\/2024\\\/10\\\/ideal-property-mallorca-blue-mobile.png\",\"contentUrl\":\"https:\\\/\\\/www.idealpropertymallorca.com\\\/blog\\\/wp-content\\\/uploads\\\/2024\\\/10\\\/ideal-property-mallorca-blue-mobile.png\",\"width\":500,\"height\":150,\"caption\":\"Majorca Blog\"},\"image\":{\"@id\":\"https:\\\/\\\/www.idealpropertymallorca.com\\\/blog\\\/fr\\\/#\\\/schema\\\/logo\\\/image\\\/\"}},{\"@type\":\"Person\",\"@id\":\"https:\\\/\\\/www.idealpropertymallorca.com\\\/blog\\\/fr\\\/#\\\/schema\\\/person\\\/53b99bcf6881b706ccaf30eb50de4c8e\",\"name\":\"Laura\",\"image\":{\"@type\":\"ImageObject\",\"inLanguage\":\"fr\",\"@id\":\"https:\\\/\\\/secure.gravatar.com\\\/avatar\\\/38b396224481eeb6edadb558d7e4a6d1ff1c8ba1e6abd3951e451527e107c96b?s=96&d=mm&r=g\",\"url\":\"https:\\\/\\\/secure.gravatar.com\\\/avatar\\\/38b396224481eeb6edadb558d7e4a6d1ff1c8ba1e6abd3951e451527e107c96b?s=96&d=mm&r=g\",\"contentUrl\":\"https:\\\/\\\/secure.gravatar.com\\\/avatar\\\/38b396224481eeb6edadb558d7e4a6d1ff1c8ba1e6abd3951e451527e107c96b?s=96&d=mm&r=g\",\"caption\":\"Laura\"}}]}<\/script>\n<!-- \/ Yoast SEO plugin. -->","yoast_head_json":{"title":"Venez d\u00e9couvrir le Pollen\u00e7a Golf Club \u00e0 Majorque - Majorca Blog","description":"Explorez le Club de Golf de Pollen\u00e7a, un parcours pour tous les publics situ\u00e9 dans un cadre spectaculaire, parfait pour jouer et se d\u00e9tendre \u00e0 Majorque.","robots":{"index":"index","follow":"follow","max-snippet":"max-snippet:-1","max-image-preview":"max-image-preview:large","max-video-preview":"max-video-preview:-1"},"canonical":"https:\/\/www.idealpropertymallorca.com\/blog\/fr\/pollenca-golf-club-mallorca\/","og_locale":"fr_FR","og_type":"article","og_title":"Venez d\u00e9couvrir le Pollen\u00e7a Golf Club \u00e0 Majorque - Majorca Blog","og_description":"Explorez le Club de Golf de Pollen\u00e7a, un parcours pour tous les publics situ\u00e9 dans un cadre spectaculaire, parfait pour jouer et se d\u00e9tendre \u00e0 Majorque.","og_url":"https:\/\/www.idealpropertymallorca.com\/blog\/fr\/pollenca-golf-club-mallorca\/","og_site_name":"Majorca Blog","article_published_time":"2025-10-24T12:26:01+00:00","article_modified_time":"2025-10-24T12:26:03+00:00","og_image":[{"width":1920,"height":1000,"url":"https:\/\/www.idealpropertymallorca.com\/blog\/wp-content\/uploads\/2025\/10\/Golf-de-Pollenca.jpg","type":"image\/jpeg"}],"author":"Laura","twitter_card":"summary_large_image","twitter_misc":{"Written by":"Laura","Est. reading time":"6 minutes"},"schema":{"@context":"https:\/\/schema.org","@graph":[{"@type":"Article","@id":"https:\/\/www.idealpropertymallorca.com\/blog\/fr\/pollenca-golf-club-mallorca\/#article","isPartOf":{"@id":"https:\/\/www.idealpropertymallorca.com\/blog\/fr\/pollenca-golf-club-mallorca\/"},"author":{"name":"Laura","@id":"https:\/\/www.idealpropertymallorca.com\/blog\/fr\/#\/schema\/person\/53b99bcf6881b706ccaf30eb50de4c8e"},"headline":"Venez d\u00e9couvrir le Pollen\u00e7a Golf Club \u00e0 Majorque","datePublished":"2025-10-24T12:26:01+00:00","dateModified":"2025-10-24T12:26:03+00:00","mainEntityOfPage":{"@id":"https:\/\/www.idealpropertymallorca.com\/blog\/fr\/pollenca-golf-club-mallorca\/"},"wordCount":1244,"commentCount":0,"publisher":{"@id":"https:\/\/www.idealpropertymallorca.com\/blog\/fr\/#organization"},"image":{"@id":"https:\/\/www.idealpropertymallorca.com\/blog\/fr\/pollenca-golf-club-mallorca\/#primaryimage"},"thumbnailUrl":"https:\/\/www.idealpropertymallorca.com\/blog\/wp-content\/uploads\/2025\/10\/Golf-de-Pollenca.jpg","articleSection":["Activit\u00e9s pour la famille","Extra"],"inLanguage":"fr","potentialAction":[{"@type":"CommentAction","name":"Comment","target":["https:\/\/www.idealpropertymallorca.com\/blog\/fr\/pollenca-golf-club-mallorca\/#respond"]}]},{"@type":"WebPage","@id":"https:\/\/www.idealpropertymallorca.com\/blog\/fr\/pollenca-golf-club-mallorca\/","url":"https:\/\/www.idealpropertymallorca.com\/blog\/fr\/pollenca-golf-club-mallorca\/","name":"Venez d\u00e9couvrir le Pollen\u00e7a Golf Club \u00e0 Majorque - Majorca Blog","isPartOf":{"@id":"https:\/\/www.idealpropertymallorca.com\/blog\/fr\/#website"},"primaryImageOfPage":{"@id":"https:\/\/www.idealpropertymallorca.com\/blog\/fr\/pollenca-golf-club-mallorca\/#primaryimage"},"image":{"@id":"https:\/\/www.idealpropertymallorca.com\/blog\/fr\/pollenca-golf-club-mallorca\/#primaryimage"},"thumbnailUrl":"https:\/\/www.idealpropertymallorca.com\/blog\/wp-content\/uploads\/2025\/10\/Golf-de-Pollenca.jpg","datePublished":"2025-10-24T12:26:01+00:00","dateModified":"2025-10-24T12:26:03+00:00","description":"Explorez le Club de Golf de Pollen\u00e7a, un parcours pour tous les publics situ\u00e9 dans un cadre spectaculaire, parfait pour jouer et se d\u00e9tendre \u00e0 Majorque.","inLanguage":"fr","potentialAction":[{"@type":"ReadAction","target":["https:\/\/www.idealpropertymallorca.com\/blog\/fr\/pollenca-golf-club-mallorca\/"]}]},{"@type":"ImageObject","inLanguage":"fr","@id":"https:\/\/www.idealpropertymallorca.com\/blog\/fr\/pollenca-golf-club-mallorca\/#primaryimage","url":"https:\/\/www.idealpropertymallorca.com\/blog\/wp-content\/uploads\/2025\/10\/Golf-de-Pollenca.jpg","contentUrl":"https:\/\/www.idealpropertymallorca.com\/blog\/wp-content\/uploads\/2025\/10\/Golf-de-Pollenca.jpg","width":1920,"height":1000,"caption":"Golf de Pollen\u00e7a"},{"@type":"WebSite","@id":"https:\/\/www.idealpropertymallorca.com\/blog\/fr\/#website","url":"https:\/\/www.idealpropertymallorca.com\/blog\/fr\/","name":"Majorca Blog","description":"Find relevant tourist information to see and do on the island of Mallorca during your holiday. Discover the best places and tips!","publisher":{"@id":"https:\/\/www.idealpropertymallorca.com\/blog\/fr\/#organization"},"potentialAction":[{"@type":"SearchAction","target":{"@type":"EntryPoint","urlTemplate":"https:\/\/www.idealpropertymallorca.com\/blog\/fr\/?s={search_term_string}"},"query-input":{"@type":"PropertyValueSpecification","valueRequired":true,"valueName":"search_term_string"}}],"inLanguage":"fr"},{"@type":"Organization","@id":"https:\/\/www.idealpropertymallorca.com\/blog\/fr\/#organization","name":"Majorca Blog","url":"https:\/\/www.idealpropertymallorca.com\/blog\/fr\/","logo":{"@type":"ImageObject","inLanguage":"fr","@id":"https:\/\/www.idealpropertymallorca.com\/blog\/fr\/#\/schema\/logo\/image\/","url":"https:\/\/www.idealpropertymallorca.com\/blog\/wp-content\/uploads\/2024\/10\/ideal-property-mallorca-blue-mobile.png","contentUrl":"https:\/\/www.idealpropertymallorca.com\/blog\/wp-content\/uploads\/2024\/10\/ideal-property-mallorca-blue-mobile.png","width":500,"height":150,"caption":"Majorca Blog"},"image":{"@id":"https:\/\/www.idealpropertymallorca.com\/blog\/fr\/#\/schema\/logo\/image\/"}},{"@type":"Person","@id":"https:\/\/www.idealpropertymallorca.com\/blog\/fr\/#\/schema\/person\/53b99bcf6881b706ccaf30eb50de4c8e","name":"Laura","image":{"@type":"ImageObject","inLanguage":"fr","@id":"https:\/\/secure.gravatar.com\/avatar\/38b396224481eeb6edadb558d7e4a6d1ff1c8ba1e6abd3951e451527e107c96b?s=96&d=mm&r=g","url":"https:\/\/secure.gravatar.com\/avatar\/38b396224481eeb6edadb558d7e4a6d1ff1c8ba1e6abd3951e451527e107c96b?s=96&d=mm&r=g","contentUrl":"https:\/\/secure.gravatar.com\/avatar\/38b396224481eeb6edadb558d7e4a6d1ff1c8ba1e6abd3951e451527e107c96b?s=96&d=mm&r=g","caption":"Laura"}}]}},"_links":{"self":[{"href":"https:\/\/www.idealpropertymallorca.com\/blog\/fr\/wp-json\/wp\/v2\/posts\/22131","targetHints":{"allow":["GET"]}}],"collection":[{"href":"https:\/\/www.idealpropertymallorca.com\/blog\/fr\/wp-json\/wp\/v2\/posts"}],"about":[{"href":"https:\/\/www.idealpropertymallorca.com\/blog\/fr\/wp-json\/wp\/v2\/types\/post"}],"author":[{"embeddable":true,"href":"https:\/\/www.idealpropertymallorca.com\/blog\/fr\/wp-json\/wp\/v2\/users\/8"}],"replies":[{"embeddable":true,"href":"https:\/\/www.idealpropertymallorca.com\/blog\/fr\/wp-json\/wp\/v2\/comments?post=22131"}],"version-history":[{"count":1,"href":"https:\/\/www.idealpropertymallorca.com\/blog\/fr\/wp-json\/wp\/v2\/posts\/22131\/revisions"}],"predecessor-version":[{"id":22132,"href":"https:\/\/www.idealpropertymallorca.com\/blog\/fr\/wp-json\/wp\/v2\/posts\/22131\/revisions\/22132"}],"wp:featuredmedia":[{"embeddable":true,"href":"https:\/\/www.idealpropertymallorca.com\/blog\/fr\/wp-json\/wp\/v2\/media\/22124"}],"wp:attachment":[{"href":"https:\/\/www.idealpropertymallorca.com\/blog\/fr\/wp-json\/wp\/v2\/media?parent=22131"}],"wp:term":[{"taxonomy":"category","embeddable":true,"href":"https:\/\/www.idealpropertymallorca.com\/blog\/fr\/wp-json\/wp\/v2\/categories?post=22131"},{"taxonomy":"post_tag","embeddable":true,"href":"https:\/\/www.idealpropertymallorca.com\/blog\/fr\/wp-json\/wp\/v2\/tags?post=22131"}],"curies":[{"name":"wp","href":"https:\/\/api.w.org\/{rel}","templated":true}]}}