{"id":19067,"date":"2025-04-28T13:59:34","date_gmt":"2025-04-28T13:59:34","guid":{"rendered":"https:\/\/www.idealpropertymallorca.com\/blog\/?p=19067"},"modified":"2025-04-29T06:59:11","modified_gmt":"2025-04-29T06:59:11","slug":"montgolfieres-a-mallorca","status":"publish","type":"post","link":"https:\/\/www.idealpropertymallorca.com\/blog\/fr\/montgolfieres-a-mallorca\/","title":{"rendered":"Montgolfi\u00e8res \u00e0 Mallorca: voyager au-dessus des nuages"},"content":{"rendered":"\t\t<div data-elementor-type=\"wp-post\" data-elementor-id=\"19067\" class=\"elementor elementor-19067 elementor-193\" data-elementor-post-type=\"post\">\n\t\t\t\t\t\t<section class=\"elementor-section elementor-top-section elementor-element elementor-element-3bd8d4e elementor-section-boxed elementor-section-height-default elementor-section-height-default\" data-id=\"3bd8d4e\" data-element_type=\"section\" data-e-type=\"section\">\n\t\t\t\t\t\t<div class=\"elementor-container elementor-column-gap-default\">\n\t\t\t\t\t<div class=\"elementor-column elementor-col-100 elementor-top-column elementor-element elementor-element-0f68932\" data-id=\"0f68932\" data-element_type=\"column\" data-e-type=\"column\">\n\t\t\t<div class=\"elementor-widget-wrap elementor-element-populated\">\n\t\t\t\t\t\t<div class=\"elementor-element elementor-element-81dc3b6 elementor-widget elementor-widget-text-editor\" data-id=\"81dc3b6\" data-element_type=\"widget\" data-e-type=\"widget\" data-widget_type=\"text-editor.default\">\n\t\t\t\t<div class=\"elementor-widget-container\">\n\t\t\t\t\t\t\t\t\t<p>La montgolfi\u00e8re \u00e0 Mallorca offre un moyen unique et \u00e9poustouflant d&#8217;explorer les superbes paysages de l&#8217;\u00eele. Survolez en douceur les paysages pittoresques, les vignobles et les eaux turquoises, et profitez de vues imprenables sur le littoral et les montagnes. Que vous soyez amateur de sensations fortes ou simplement \u00e0 la recherche d&#8217;une escapade sereine, un vol en montgolfi\u00e8re \u00e0 Mallorca vous promet une exp\u00e9rience inoubliable, alliant aventure et tranquillit\u00e9 d&#8217;une mani\u00e8re vraiment magique. Les conditions m\u00e9t\u00e9orologiques favorables et le relief vari\u00e9 de l&#8217;\u00eele en font la destination id\u00e9ale pour cette aventure captivante. Partez donc \u00e0 l&#8217;aventure avec nous et si vous voulez en savoir plus&#8230; <strong>lisez la suite!<\/strong><\/p>\t\t\t\t\t\t\t\t<\/div>\n\t\t\t\t<\/div>\n\t\t\t\t\t<\/div>\n\t\t<\/div>\n\t\t\t\t\t<\/div>\n\t\t<\/section>\n\t\t\t\t<section class=\"elementor-section elementor-top-section elementor-element elementor-element-8dfb938 elementor-section-boxed elementor-section-height-default elementor-section-height-default\" data-id=\"8dfb938\" data-element_type=\"section\" data-e-type=\"section\">\n\t\t\t\t\t\t<div class=\"elementor-container elementor-column-gap-default\">\n\t\t\t\t\t<div class=\"elementor-column elementor-col-100 elementor-top-column elementor-element elementor-element-d8f8dd6\" data-id=\"d8f8dd6\" data-element_type=\"column\" data-e-type=\"column\">\n\t\t\t<div class=\"elementor-widget-wrap elementor-element-populated\">\n\t\t\t\t\t\t<div class=\"elementor-element elementor-element-1c116c9 elementor-widget elementor-widget-heading\" data-id=\"1c116c9\" data-element_type=\"widget\" data-e-type=\"widget\" data-widget_type=\"heading.default\">\n\t\t\t\t<div class=\"elementor-widget-container\">\n\t\t\t\t\t<h2 class=\"elementor-heading-title elementor-size-default\">Pourquoi la montgolfi\u00e8re \u00e0 Mallorca est-elle la meilleure exp\u00e9rience ? <\/h2>\t\t\t\t<\/div>\n\t\t\t\t<\/div>\n\t\t\t\t<div class=\"elementor-element elementor-element-5c91e13 elementor-widget elementor-widget-text-editor\" data-id=\"5c91e13\" data-element_type=\"widget\" data-e-type=\"widget\" data-widget_type=\"text-editor.default\">\n\t\t\t\t<div class=\"elementor-widget-container\">\n\t\t\t\t\t\t\t\t\t<p>L&#8217;exp\u00e9rience d&#8217;un vol en montgolfi\u00e8re \u00e0 Mallorca se distingue comme l&#8217;une des meilleures exp\u00e9riences pour plusieurs raisons convaincantes:<\/p><p><strong>Vues spectaculaires:<\/strong> s&#8217;\u00e9lever au-dessus de l&#8217;\u00eele offre des vues panoramiques \u00e0 couper le souffle sur les paysages \u00e9poustouflants de Mallorca, de ses eaux turquoise et de ses plages dor\u00e9es \u00e0 sa campagne luxuriante et \u00e0 ses montagnes spectaculaires.<\/p><p><strong>S\u00e9r\u00e9nit\u00e9 in\u00e9gal\u00e9e:<\/strong> le vol doux et tranquille permet de s&#8217;\u00e9vader sereinement de l&#8217;agitation de la vie quotidienne. La tranquillit\u00e9 du ciel cr\u00e9e un sentiment unique de calme et de d\u00e9tente.<\/p><p><strong>Aventure et tranquillit\u00e9:<\/strong> \u00e9quilibrant l&#8217;aventure et la tranquillit\u00e9, un vol en montgolfi\u00e8re combine le frisson de l&#8217;ascension dans le ciel et la tranquillit\u00e9 du vol plan\u00e9, cr\u00e9ant ainsi une exp\u00e9rience harmonieuse et inoubliable.<\/p><p><strong>Connexion avec la nature:<\/strong> flotter dans les nuages favorise une connexion profonde avec la nature. Observer la beaut\u00e9 de Mallorca depuis cette perspective unique permet d&#8217;appr\u00e9cier profond\u00e9ment ses merveilles naturelles.<\/p><p><strong>Des moments inoubliables:<\/strong> les souvenirs forg\u00e9s lors d&#8217;un vol en montgolfi\u00e8re restent \u00e0 jamais grav\u00e9s dans votre m\u00e9moire. Partager cette exp\u00e9rience avec des proches ou m\u00eame en solo cr\u00e9e des moments qui restent grav\u00e9s dans le c\u0153ur.<\/p><p><strong>Perfectionnement personnel:<\/strong> surmonter la peur du vide ou de l&#8217;avion ajoute un \u00e9l\u00e9ment de perfectionnement personnel \u00e0 l&#8217;exp\u00e9rience. C&#8217;est une occasion de se d\u00e9couvrir et de s&#8217;\u00e9panouir.<\/p><p><strong>Opportunit\u00e9s photographiques:<\/strong> Capturez la magie de Mallorca vue d&#8217;en haut gr\u00e2ce \u00e0 des photographies a\u00e9riennes \u00e9poustouflantes. Les angles uniques et les couleurs vives cr\u00e9ent des tr\u00e9sors photographiques qui r\u00e9sument le voyage.<\/p><p><strong>C\u00e9l\u00e9brations sp\u00e9ciales:<\/strong> qu&#8217;il s&#8217;agisse d&#8217;un anniversaire ou d&#8217;une demande en mariage, un vol en montgolfi\u00e8re ajoute une touche d&#8217;enchantement aux occasions sp\u00e9ciales, les rendant encore plus inoubliables.<\/p>\t\t\t\t\t\t\t\t<\/div>\n\t\t\t\t<\/div>\n\t\t\t\t\t<\/div>\n\t\t<\/div>\n\t\t\t\t\t<\/div>\n\t\t<\/section>\n\t\t\t\t<section class=\"elementor-section elementor-top-section elementor-element elementor-element-18f4f3d elementor-section-boxed elementor-section-height-default elementor-section-height-default\" data-id=\"18f4f3d\" data-element_type=\"section\" data-e-type=\"section\">\n\t\t\t\t\t\t<div class=\"elementor-container elementor-column-gap-default\">\n\t\t\t\t\t<div class=\"elementor-column elementor-col-50 elementor-top-column elementor-element elementor-element-bb21440\" data-id=\"bb21440\" data-element_type=\"column\" data-e-type=\"column\">\n\t\t\t<div class=\"elementor-widget-wrap elementor-element-populated\">\n\t\t\t\t\t\t<div class=\"elementor-element elementor-element-d70fdce elementor-widget elementor-widget-image\" data-id=\"d70fdce\" data-element_type=\"widget\" data-e-type=\"widget\" data-widget_type=\"image.default\">\n\t\t\t\t<div class=\"elementor-widget-container\">\n\t\t\t\t\t\t\t\t\t\t\t\t\t\t\t<img fetchpriority=\"high\" decoding=\"async\" width=\"724\" height=\"483\" src=\"https:\/\/www.idealpropertymallorca.com\/blog\/wp-content\/uploads\/2023\/08\/hot-airballoon-mallorca-1.jpg\" class=\"attachment-large size-large wp-image-3942\" alt=\"\" \/>\t\t\t\t\t\t\t\t\t\t\t\t\t\t\t<\/div>\n\t\t\t\t<\/div>\n\t\t\t\t\t<\/div>\n\t\t<\/div>\n\t\t\t\t<div class=\"elementor-column elementor-col-50 elementor-top-column elementor-element elementor-element-bf2179a\" data-id=\"bf2179a\" data-element_type=\"column\" data-e-type=\"column\">\n\t\t\t<div class=\"elementor-widget-wrap elementor-element-populated\">\n\t\t\t\t\t\t<div class=\"elementor-element elementor-element-67f4ce1 elementor-widget elementor-widget-image\" data-id=\"67f4ce1\" data-element_type=\"widget\" data-e-type=\"widget\" data-widget_type=\"image.default\">\n\t\t\t\t<div class=\"elementor-widget-container\">\n\t\t\t\t\t\t\t\t\t\t\t\t\t\t\t<img decoding=\"async\" width=\"788\" height=\"443\" src=\"https:\/\/www.idealpropertymallorca.com\/blog\/wp-content\/uploads\/2023\/08\/couples-air-balloon-mallorca-1.jpg\" class=\"attachment-large size-large wp-image-3945\" alt=\"\" srcset=\"https:\/\/www.idealpropertymallorca.com\/blog\/wp-content\/uploads\/2023\/08\/couples-air-balloon-mallorca-1.jpg 788w, https:\/\/www.idealpropertymallorca.com\/blog\/wp-content\/uploads\/2023\/08\/couples-air-balloon-mallorca-1-768x432.jpg 768w\" sizes=\"(max-width: 788px) 100vw, 788px\" \/>\t\t\t\t\t\t\t\t\t\t\t\t\t\t\t<\/div>\n\t\t\t\t<\/div>\n\t\t\t\t\t<\/div>\n\t\t<\/div>\n\t\t\t\t\t<\/div>\n\t\t<\/section>\n\t\t\t\t<section class=\"elementor-section elementor-top-section elementor-element elementor-element-da82e45 elementor-section-boxed elementor-section-height-default elementor-section-height-default\" data-id=\"da82e45\" data-element_type=\"section\" data-e-type=\"section\">\n\t\t\t\t\t\t<div class=\"elementor-container elementor-column-gap-default\">\n\t\t\t\t\t<div class=\"elementor-column elementor-col-100 elementor-top-column elementor-element elementor-element-55eb193\" data-id=\"55eb193\" data-element_type=\"column\" data-e-type=\"column\">\n\t\t\t<div class=\"elementor-widget-wrap elementor-element-populated\">\n\t\t\t\t\t\t<div class=\"elementor-element elementor-element-f078c8f elementor-widget elementor-widget-heading\" data-id=\"f078c8f\" data-element_type=\"widget\" data-e-type=\"widget\" data-widget_type=\"heading.default\">\n\t\t\t\t<div class=\"elementor-widget-container\">\n\t\t\t\t\t<h2 class=\"elementor-heading-title elementor-size-default\">Nous vous pr\u00e9sentons le meilleur service de montgolfi\u00e8re \u00e0 Mallorca<\/h2>\t\t\t\t<\/div>\n\t\t\t\t<\/div>\n\t\t\t\t<div class=\"elementor-element elementor-element-a915fe1 elementor-widget elementor-widget-text-editor\" data-id=\"a915fe1\" data-element_type=\"widget\" data-e-type=\"widget\" data-widget_type=\"text-editor.default\">\n\t\t\t\t<div class=\"elementor-widget-container\">\n\t\t\t\t\t\t\t\t\t<p><strong>Mallorca Balloons,<\/strong> fond\u00e9 en 1988, a \u00e9t\u00e9 un pionnier de la montgolfi\u00e8re sur l&#8217;\u00eele et des vols de passagers \u00e0 l&#8217;\u00e9chelle nationale. La s\u00e9curit\u00e9 \u00e9tant une priorit\u00e9, les pilotes sont soumis \u00e0 des contr\u00f4les annuels supervis\u00e9s par l&#8217;aviation civile. Ils disposent d&#8217;un terrain officiel pour la pratique de la montgolfi\u00e8re, ce qui t\u00e9moigne de notre engagement en faveur du confort des passagers. Leurs normes de s\u00e9curit\u00e9 \u00e9lev\u00e9es sont reconnues en Europe. L&#8217;organisation de r\u00e9gates internationales, de championnats et de comp\u00e9titions europ\u00e9ennes fait partie des faits marquants. Sa flotte de huit ballons peut accueillir des groupes de toutes tailles. Les pilotes ont \u00e9t\u00e9 r\u00e9compens\u00e9s lors de championnats espagnols et internationaux, ce qui t\u00e9moigne de notre excellence dans ce domaine.<\/p>\t\t\t\t\t\t\t\t<\/div>\n\t\t\t\t<\/div>\n\t\t\t\t\t<\/div>\n\t\t<\/div>\n\t\t\t\t\t<\/div>\n\t\t<\/section>\n\t\t\t\t<section class=\"elementor-section elementor-top-section elementor-element elementor-element-c83781a elementor-section-boxed elementor-section-height-default elementor-section-height-default\" data-id=\"c83781a\" data-element_type=\"section\" data-e-type=\"section\">\n\t\t\t\t\t\t<div class=\"elementor-container elementor-column-gap-default\">\n\t\t\t\t\t<div class=\"elementor-column elementor-col-100 elementor-top-column elementor-element elementor-element-37a6f61\" data-id=\"37a6f61\" data-element_type=\"column\" data-e-type=\"column\">\n\t\t\t<div class=\"elementor-widget-wrap elementor-element-populated\">\n\t\t\t\t\t\t<div class=\"elementor-element elementor-element-59bc934 elementor-widget elementor-widget-heading\" data-id=\"59bc934\" data-element_type=\"widget\" data-e-type=\"widget\" data-widget_type=\"heading.default\">\n\t\t\t\t<div class=\"elementor-widget-container\">\n\t\t\t\t\t<h4 class=\"elementor-heading-title elementor-size-default\">L'offre<\/h4>\t\t\t\t<\/div>\n\t\t\t\t<\/div>\n\t\t\t\t\t<\/div>\n\t\t<\/div>\n\t\t\t\t\t<\/div>\n\t\t<\/section>\n\t\t\t\t<section class=\"elementor-section elementor-top-section elementor-element elementor-element-0ae2d40 elementor-section-boxed elementor-section-height-default elementor-section-height-default\" data-id=\"0ae2d40\" data-element_type=\"section\" data-e-type=\"section\">\n\t\t\t\t\t\t<div class=\"elementor-container elementor-column-gap-default\">\n\t\t\t\t\t<div class=\"elementor-column elementor-col-50 elementor-top-column elementor-element elementor-element-54ba151\" data-id=\"54ba151\" data-element_type=\"column\" data-e-type=\"column\">\n\t\t\t<div class=\"elementor-widget-wrap elementor-element-populated\">\n\t\t\t\t\t\t<div class=\"elementor-element elementor-element-6aecfc6 elementor-widget elementor-widget-heading\" data-id=\"6aecfc6\" data-element_type=\"widget\" data-e-type=\"widget\" data-widget_type=\"heading.default\">\n\t\t\t\t<div class=\"elementor-widget-container\">\n\t\t\t\t\t<h3 class=\"elementor-heading-title elementor-size-default\">1. vols en montgolfi\u00e8re<\/h3>\t\t\t\t<\/div>\n\t\t\t\t<\/div>\n\t\t\t\t<div class=\"elementor-element elementor-element-6fe85ca elementor-widget elementor-widget-text-editor\" data-id=\"6fe85ca\" data-element_type=\"widget\" data-e-type=\"widget\" data-widget_type=\"text-editor.default\">\n\t\t\t\t<div class=\"elementor-widget-container\">\n\t\t\t\t\t\t\t\t\t<p>L&#8217;exp\u00e9rience commence \u00e0 l&#8217;a\u00e9roport officiel de Manacor, le seul approuv\u00e9 par l&#8217;aviation civile. L&#8217;\u00e9quipe explique les d\u00e9tails et la s\u00e9curit\u00e9 avec chaleur. Participez \u00e0 la construction des ballons et cr\u00e9ez des souvenirs inoubliables. Imaginez-vous en train de flotter romantiquement avec votre partenaire, en contemplant Mallorca.<\/p><p>D\u00e9collage en douceur, vol serein : un voyage romantique et lib\u00e9rateur. Des pilotes exp\u00e9riment\u00e9s partagent leurs connaissances. Atterrissage en douceur, assist\u00e9 par l&#8217;\u00e9quipe au sol. Profitez du bapt\u00eame de l&#8217;air, des certificats, du petit-d\u00e9jeuner buffet \u00e0 l&#8217;a\u00e9roport.<\/p>\t\t\t\t\t\t\t\t<\/div>\n\t\t\t\t<\/div>\n\t\t\t\t\t<\/div>\n\t\t<\/div>\n\t\t\t\t<div class=\"elementor-column elementor-col-50 elementor-top-column elementor-element elementor-element-c5b0058\" data-id=\"c5b0058\" data-element_type=\"column\" data-e-type=\"column\">\n\t\t\t<div class=\"elementor-widget-wrap elementor-element-populated\">\n\t\t\t\t\t\t<div class=\"elementor-element elementor-element-9c9f4e6 elementor-widget elementor-widget-image\" data-id=\"9c9f4e6\" data-element_type=\"widget\" data-e-type=\"widget\" data-widget_type=\"image.default\">\n\t\t\t\t<div class=\"elementor-widget-container\">\n\t\t\t\t\t\t\t\t\t\t\t\t\t\t\t<img decoding=\"async\" width=\"724\" height=\"483\" src=\"https:\/\/www.idealpropertymallorca.com\/blog\/wp-content\/uploads\/2023\/08\/air-balloon-mallorca-loads-of-people-1.jpg\" class=\"attachment-large size-large wp-image-3949\" alt=\"\" \/>\t\t\t\t\t\t\t\t\t\t\t\t\t\t\t<\/div>\n\t\t\t\t<\/div>\n\t\t\t\t\t<\/div>\n\t\t<\/div>\n\t\t\t\t\t<\/div>\n\t\t<\/section>\n\t\t\t\t<section class=\"elementor-section elementor-top-section elementor-element elementor-element-f95b4b0 elementor-section-boxed elementor-section-height-default elementor-section-height-default\" data-id=\"f95b4b0\" data-element_type=\"section\" data-e-type=\"section\">\n\t\t\t\t\t\t<div class=\"elementor-container elementor-column-gap-default\">\n\t\t\t\t\t<div class=\"elementor-column elementor-col-50 elementor-top-column elementor-element elementor-element-8d1fafc\" data-id=\"8d1fafc\" data-element_type=\"column\" data-e-type=\"column\">\n\t\t\t<div class=\"elementor-widget-wrap elementor-element-populated\">\n\t\t\t\t\t\t<div class=\"elementor-element elementor-element-327d248 elementor-widget elementor-widget-image\" data-id=\"327d248\" data-element_type=\"widget\" data-e-type=\"widget\" data-widget_type=\"image.default\">\n\t\t\t\t<div class=\"elementor-widget-container\">\n\t\t\t\t\t\t\t\t\t\t\t\t\t\t\t<img loading=\"lazy\" decoding=\"async\" width=\"788\" height=\"443\" src=\"https:\/\/www.idealpropertymallorca.com\/blog\/wp-content\/uploads\/2023\/08\/couples-super-sweet-mallorca-air-balloon-1.jpg\" class=\"attachment-large size-large wp-image-3952\" alt=\"\" srcset=\"https:\/\/www.idealpropertymallorca.com\/blog\/wp-content\/uploads\/2023\/08\/couples-super-sweet-mallorca-air-balloon-1.jpg 788w, https:\/\/www.idealpropertymallorca.com\/blog\/wp-content\/uploads\/2023\/08\/couples-super-sweet-mallorca-air-balloon-1-768x432.jpg 768w\" sizes=\"(max-width: 788px) 100vw, 788px\" \/>\t\t\t\t\t\t\t\t\t\t\t\t\t\t\t<\/div>\n\t\t\t\t<\/div>\n\t\t\t\t\t<\/div>\n\t\t<\/div>\n\t\t\t\t<div class=\"elementor-column elementor-col-50 elementor-top-column elementor-element elementor-element-77f7939\" data-id=\"77f7939\" data-element_type=\"column\" data-e-type=\"column\">\n\t\t\t<div class=\"elementor-widget-wrap elementor-element-populated\">\n\t\t\t\t\t\t<div class=\"elementor-element elementor-element-b77b6be elementor-widget elementor-widget-heading\" data-id=\"b77b6be\" data-element_type=\"widget\" data-e-type=\"widget\" data-widget_type=\"heading.default\">\n\t\t\t\t<div class=\"elementor-widget-container\">\n\t\t\t\t\t<h3 class=\"elementor-heading-title elementor-size-default\">2. vols sp\u00e9ciaux <\/h3>\t\t\t\t<\/div>\n\t\t\t\t<\/div>\n\t\t\t\t<div class=\"elementor-element elementor-element-39d54bf elementor-widget elementor-widget-text-editor\" data-id=\"39d54bf\" data-element_type=\"widget\" data-e-type=\"widget\" data-widget_type=\"text-editor.default\">\n\t\t\t\t<div class=\"elementor-widget-container\">\n\t\t\t\t\t\t\t\t\t<p><strong>Vols charters:<\/strong> vols exclusifs pour les couples ou les personnes en qu\u00eate de solitude, avec possibilit\u00e9 de petit-d\u00e9jeuner et transferts en h\u00e9licopt\u00e8re.<\/p><p><strong>Vol au clair de lune:<\/strong> exp\u00e9rience unique au lever du soleil, avec possibilit\u00e9 de petit-d\u00e9jeuner et transfert en h\u00e9licopt\u00e8re.<\/p><p><strong>Montagnes de Tramuntana:<\/strong> vol aventureux au-dessus des montagnes de Tramuntana, avec des vues \u00e0 couper le souffle.<\/p><p><strong>Vol romantique en montgolfi\u00e8re avec les amandiers en fleurs:<\/strong> vols en janvier-f\u00e9vrier pour voir les amandiers en fleurs, parfaits pour la romance.<\/p><p><strong>Vol en ballon au-dessus de Palma:<\/strong> exclusivement pour les r\u00e9sidents, au-dessus de lieux embl\u00e9matiques, non disponible de juin \u00e0 septembre.<\/p>\t\t\t\t\t\t\t\t<\/div>\n\t\t\t\t<\/div>\n\t\t\t\t\t<\/div>\n\t\t<\/div>\n\t\t\t\t\t<\/div>\n\t\t<\/section>\n\t\t\t\t<section class=\"elementor-section elementor-top-section elementor-element elementor-element-65d9353 elementor-section-boxed elementor-section-height-default elementor-section-height-default\" data-id=\"65d9353\" data-element_type=\"section\" data-e-type=\"section\">\n\t\t\t\t\t\t<div class=\"elementor-container elementor-column-gap-default\">\n\t\t\t\t\t<div class=\"elementor-column elementor-col-50 elementor-top-column elementor-element elementor-element-94a0221\" data-id=\"94a0221\" data-element_type=\"column\" data-e-type=\"column\">\n\t\t\t<div class=\"elementor-widget-wrap elementor-element-populated\">\n\t\t\t\t\t\t<div class=\"elementor-element elementor-element-fc485e1 elementor-widget elementor-widget-heading\" data-id=\"fc485e1\" data-element_type=\"widget\" data-e-type=\"widget\" data-widget_type=\"heading.default\">\n\t\t\t\t<div class=\"elementor-widget-container\">\n\t\t\t\t\t<h3 class=\"elementor-heading-title elementor-size-default\">3. Constitution d'une \u00e9quipe <\/h3>\t\t\t\t<\/div>\n\t\t\t\t<\/div>\n\t\t\t\t<div class=\"elementor-element elementor-element-39a8b2a elementor-widget elementor-widget-text-editor\" data-id=\"39a8b2a\" data-element_type=\"widget\" data-e-type=\"widget\" data-widget_type=\"text-editor.default\">\n\t\t\t\t<div class=\"elementor-widget-container\">\n\t\t\t\t\t\t\t\t\t<div class=\"flex-1 overflow-hidden\"><div class=\"react-scroll-to-bottom--css-wzigm-79elbk h-full dark:bg-gray-800\"><div class=\"react-scroll-to-bottom--css-wzigm-1n7m0yu\"><div class=\"flex flex-col text-sm dark:bg-gray-800\"><div class=\"group w-full text-token-text-primary border-b border-black\/10 dark:border-gray-900\/50 bg-gray-50 dark:bg-[#444654]\"><div class=\"flex p-4 gap-4 text-base md:gap-6 md:max-w-2xl lg:max-w-[38rem] xl:max-w-3xl md:py-6 lg:px-0 m-auto\"><div class=\"relative flex w-[calc(100%-50px)] flex-col gap-1 md:gap-3 lg:w-[calc(100%-115px)]\"><div class=\"flex flex-grow flex-col gap-3\"><div class=\"min-h-[20px] flex flex-col items-start gap-3 overflow-x-auto whitespace-pre-wrap break-words\"><div class=\"markdown prose w-full break-words dark:prose-invert light\"><p>Mallorca Balloons incarne l&#8217;esprit d&#8217;\u00e9quipe par le montage et le d\u00e9montage collaboratif des ballons, favorisant la joie et l&#8217;unit\u00e9. Leurs pilotes, qui parlent couramment 9 langues et sont class\u00e9s 25e au monde, transmettent leurs comp\u00e9tences en mati\u00e8re de montgolfi\u00e8re. Si vous n&#8217;optez pas pour le team building, choisissez \u00ab Watch &amp; Go \u00bb pour une exp\u00e9rience passager dans le confort, mais \u00e0 un co\u00fbt plus \u00e9lev\u00e9.<\/p><\/div><\/div><\/div><\/div><\/div><\/div><\/div><\/div><\/div><\/div>\t\t\t\t\t\t\t\t<\/div>\n\t\t\t\t<\/div>\n\t\t\t\t\t<\/div>\n\t\t<\/div>\n\t\t\t\t<div class=\"elementor-column elementor-col-50 elementor-top-column elementor-element elementor-element-b018c2e\" data-id=\"b018c2e\" data-element_type=\"column\" data-e-type=\"column\">\n\t\t\t<div class=\"elementor-widget-wrap elementor-element-populated\">\n\t\t\t\t\t\t<div class=\"elementor-element elementor-element-7768f5f elementor-widget elementor-widget-image\" data-id=\"7768f5f\" data-element_type=\"widget\" data-e-type=\"widget\" data-widget_type=\"image.default\">\n\t\t\t\t<div class=\"elementor-widget-container\">\n\t\t\t\t\t\t\t\t\t\t\t\t\t\t\t<img loading=\"lazy\" decoding=\"async\" width=\"724\" height=\"483\" src=\"https:\/\/www.idealpropertymallorca.com\/blog\/wp-content\/uploads\/2023\/08\/team-building-hot-air-balloon-mallorca-1.jpg\" class=\"attachment-large size-large wp-image-3955\" alt=\"\" \/>\t\t\t\t\t\t\t\t\t\t\t\t\t\t\t<\/div>\n\t\t\t\t<\/div>\n\t\t\t\t\t<\/div>\n\t\t<\/div>\n\t\t\t\t\t<\/div>\n\t\t<\/section>\n\t\t\t\t<section class=\"elementor-section elementor-top-section elementor-element elementor-element-25e5126 elementor-section-boxed elementor-section-height-default elementor-section-height-default\" data-id=\"25e5126\" data-element_type=\"section\" data-e-type=\"section\">\n\t\t\t\t\t\t<div class=\"elementor-container elementor-column-gap-default\">\n\t\t\t\t\t<div class=\"elementor-column elementor-col-50 elementor-top-column elementor-element elementor-element-bafbe0d\" data-id=\"bafbe0d\" data-element_type=\"column\" data-e-type=\"column\">\n\t\t\t<div class=\"elementor-widget-wrap elementor-element-populated\">\n\t\t\t\t\t\t<div class=\"elementor-element elementor-element-d50d889 elementor-widget elementor-widget-image\" data-id=\"d50d889\" data-element_type=\"widget\" data-e-type=\"widget\" data-widget_type=\"image.default\">\n\t\t\t\t<div class=\"elementor-widget-container\">\n\t\t\t\t\t\t\t\t\t\t\t\t\t\t\t<img loading=\"lazy\" decoding=\"async\" width=\"726\" height=\"481\" src=\"https:\/\/www.idealpropertymallorca.com\/blog\/wp-content\/uploads\/2023\/08\/girl-watching-mallorca-in-the-hot-air-balloon-1.jpg\" class=\"attachment-large size-large wp-image-3958\" alt=\"\" \/>\t\t\t\t\t\t\t\t\t\t\t\t\t\t\t<\/div>\n\t\t\t\t<\/div>\n\t\t\t\t\t<\/div>\n\t\t<\/div>\n\t\t\t\t<div class=\"elementor-column elementor-col-50 elementor-top-column elementor-element elementor-element-ac74c58\" data-id=\"ac74c58\" data-element_type=\"column\" data-e-type=\"column\">\n\t\t\t<div class=\"elementor-widget-wrap elementor-element-populated\">\n\t\t\t\t\t\t<div class=\"elementor-element elementor-element-b263e79 elementor-widget elementor-widget-heading\" data-id=\"b263e79\" data-element_type=\"widget\" data-e-type=\"widget\" data-widget_type=\"heading.default\">\n\t\t\t\t<div class=\"elementor-widget-container\">\n\t\t\t\t\t<h3 class=\"elementor-heading-title elementor-size-default\">4.priv\u00e9 + ramassage<\/h3>\t\t\t\t<\/div>\n\t\t\t\t<\/div>\n\t\t\t\t<div class=\"elementor-element elementor-element-30ab105 elementor-widget elementor-widget-text-editor\" data-id=\"30ab105\" data-element_type=\"widget\" data-e-type=\"widget\" data-widget_type=\"text-editor.default\">\n\t\t\t\t<div class=\"elementor-widget-container\">\n\t\t\t\t\t\t\t\t\t<p>Mallorca Balloons propose la prise en charge \u00e0 l&#8217;h\u00f4tel et le transport facultatif jusqu&#8217;au lieu du vol. Les vols sont disponibles le matin et l&#8217;apr\u00e8s-midi, les vols du matin \u00e9tant recommand\u00e9s pour leur qualit\u00e9, leur s\u00e9curit\u00e9, leur dur\u00e9e plus longue et leur rentabilit\u00e9.<\/p><p>L&#8217;entreprise propose \u00e9galement un service \u00ab apr\u00e8s-vol \u00bb : un petit-d\u00e9jeuner facultatif avec des boissons. L&#8217;a\u00e9roport priv\u00e9 pour ballons est id\u00e9alement situ\u00e9 \u00e0 proximit\u00e9 de la sortie 44 de l&#8217;autoroute MA.15 (Palma-Manacor). Le centre dispose d&#8217;une salle pour les pr\u00e9sentations ou les discussions et, \u00e0 l&#8217;ext\u00e9rieur, d&#8217;un porche et d&#8217;un espace barbecue pour les r\u00e9unions, les boissons et le petit-d\u00e9jeuner (en option).<\/p>\t\t\t\t\t\t\t\t<\/div>\n\t\t\t\t<\/div>\n\t\t\t\t\t<\/div>\n\t\t<\/div>\n\t\t\t\t\t<\/div>\n\t\t<\/section>\n\t\t\t\t<section class=\"elementor-section elementor-top-section elementor-element elementor-element-99bfbc1 elementor-section-boxed elementor-section-height-default elementor-section-height-default\" data-id=\"99bfbc1\" data-element_type=\"section\" data-e-type=\"section\">\n\t\t\t\t\t\t<div class=\"elementor-container elementor-column-gap-default\">\n\t\t\t\t\t<div class=\"elementor-column elementor-col-100 elementor-top-column elementor-element elementor-element-2913c81\" data-id=\"2913c81\" data-element_type=\"column\" data-e-type=\"column\">\n\t\t\t<div class=\"elementor-widget-wrap elementor-element-populated\">\n\t\t\t\t\t\t<div class=\"elementor-element elementor-element-8fb3827 elementor-widget elementor-widget-text-editor\" data-id=\"8fb3827\" data-element_type=\"widget\" data-e-type=\"widget\" data-widget_type=\"text-editor.default\">\n\t\t\t\t<div class=\"elementor-widget-container\">\n\t\t\t\t\t\t\t\t\t<p>Si vous r\u00e9servez au nom de Ideal Property Mallorca, vous recevrez une <strong>offre sp\u00e9ciale de 5%!<\/strong><\/p>\t\t\t\t\t\t\t\t<\/div>\n\t\t\t\t<\/div>\n\t\t\t\t\t<\/div>\n\t\t<\/div>\n\t\t\t\t\t<\/div>\n\t\t<\/section>\n\t\t\t\t<section class=\"elementor-section elementor-top-section elementor-element elementor-element-7808ec8 elementor-section-boxed elementor-section-height-default elementor-section-height-default\" data-id=\"7808ec8\" data-element_type=\"section\" data-e-type=\"section\">\n\t\t\t\t\t\t<div class=\"elementor-container elementor-column-gap-default\">\n\t\t\t\t\t<div class=\"elementor-column elementor-col-100 elementor-top-column elementor-element elementor-element-c1eff47\" data-id=\"c1eff47\" data-element_type=\"column\" data-e-type=\"column\">\n\t\t\t<div class=\"elementor-widget-wrap elementor-element-populated\">\n\t\t\t\t\t\t<div class=\"elementor-element elementor-element-d57d70d elementor-align-center elementor-widget elementor-widget-button\" data-id=\"d57d70d\" data-element_type=\"widget\" data-e-type=\"widget\" data-widget_type=\"button.default\">\n\t\t\t\t<div class=\"elementor-widget-container\">\n\t\t\t\t\t\t\t\t\t<div class=\"elementor-button-wrapper\">\n\t\t\t\t\t<a class=\"elementor-button elementor-button-link elementor-size-sm\" href=\"https:\/\/booking.mallorcaballoons.com\/index.php?R2wwYjBpZGlvbWE9RVMmcGFydG5lcj05NiZjcmM9MjBHbDBiMA==\">\n\t\t\t\t\t\t<span class=\"elementor-button-content-wrapper\">\n\t\t\t\t\t\t\t\t\t<span class=\"elementor-button-text\">R\u00e9servez d\u00e8s maintenant et survolez vos r\u00eaves!<\/span>\n\t\t\t\t\t<\/span>\n\t\t\t\t\t<\/a>\n\t\t\t\t<\/div>\n\t\t\t\t\t\t\t\t<\/div>\n\t\t\t\t<\/div>\n\t\t\t\t\t<\/div>\n\t\t<\/div>\n\t\t\t\t\t<\/div>\n\t\t<\/section>\n\t\t\t\t<section class=\"elementor-section elementor-top-section elementor-element elementor-element-5ce1c2d elementor-section-boxed elementor-section-height-default elementor-section-height-default\" data-id=\"5ce1c2d\" data-element_type=\"section\" data-e-type=\"section\">\n\t\t\t\t\t\t<div class=\"elementor-container elementor-column-gap-default\">\n\t\t\t\t\t<div class=\"elementor-column elementor-col-100 elementor-top-column elementor-element elementor-element-f073048\" data-id=\"f073048\" data-element_type=\"column\" data-e-type=\"column\">\n\t\t\t<div class=\"elementor-widget-wrap elementor-element-populated\">\n\t\t\t\t\t\t<div class=\"elementor-element elementor-element-554071f elementor-widget elementor-widget-heading\" data-id=\"554071f\" data-element_type=\"widget\" data-e-type=\"widget\" data-widget_type=\"heading.default\">\n\t\t\t\t<div class=\"elementor-widget-container\">\n\t\t\t\t\t<h2 class=\"elementor-heading-title elementor-size-default\">Vous le savez maintenant : la montgolfi\u00e8re \u00e0 Mallorca est une activit\u00e9 \u00e0 ne pas manquer! <\/h2>\t\t\t\t<\/div>\n\t\t\t\t<\/div>\n\t\t\t\t<div class=\"elementor-element elementor-element-6582398 elementor-widget elementor-widget-text-editor\" data-id=\"6582398\" data-element_type=\"widget\" data-e-type=\"widget\" data-widget_type=\"text-editor.default\">\n\t\t\t\t<div class=\"elementor-widget-container\">\n\t\t\t\t\t\t\t\t\t<p>Mallorca est sans aucun doute un endroit id\u00e9al pour faire beaucoup de choses. Les attractions vari\u00e9es de Mallorca vont bien au-del\u00e0 de la montgolfi\u00e8re. Avec ses paysages \u00e9poustouflants, sa culture dynamique et ses activit\u00e9s vari\u00e9es, l&#8217;\u00eele offre quelque chose \u00e0 chacun. Qu&#8217;il s&#8217;agisse d&#8217;explorer des villes historiques, de se laisser tenter par la gastronomie locale, de vivre des aventures en plein air ou de se d\u00e9tendre sur des plages immacul\u00e9es, Mallorca garantit une exp\u00e9rience compl\u00e8te et enrichissante. Que vous soyez \u00e0 la recherche d&#8217;une immersion culturelle, d&#8217;une exploration en plein air ou d&#8217;une d\u00e9tente, Mallorca a tout ce qu&#8217;il faut, ce qui en fait une destination exceptionnelle au-del\u00e0 des cieux.<\/p><p>Chez <strong>Ideal Property Mallorca<\/strong>, nous voulons vous offrir uniquement le meilleur car nous savons \u00e0 quel point vous le m\u00e9ritez, c&#8217;est pourquoi nous vous conseillons de r\u00e9server l&#8217;un de nos h\u00e9bergements :<\/p>\t\t\t\t\t\t\t\t<\/div>\n\t\t\t\t<\/div>\n\t\t\t\t\t<\/div>\n\t\t<\/div>\n\t\t\t\t\t<\/div>\n\t\t<\/section>\n\t\t\t\t<section class=\"elementor-section elementor-top-section elementor-element elementor-element-d621b98 elementor-section-boxed elementor-section-height-default elementor-section-height-default\" data-id=\"d621b98\" data-element_type=\"section\" data-e-type=\"section\">\n\t\t\t\t\t\t<div class=\"elementor-container elementor-column-gap-default\">\n\t\t\t\t\t<div class=\"elementor-column elementor-col-33 elementor-top-column elementor-element elementor-element-c50db1f\" data-id=\"c50db1f\" data-element_type=\"column\" data-e-type=\"column\">\n\t\t\t<div class=\"elementor-widget-wrap elementor-element-populated\">\n\t\t\t\t\t\t<div class=\"elementor-element elementor-element-ae960b7 elementor-cta--skin-cover elementor-cta--valign-middle elementor-widget__width-initial elementor-animated-content elementor-bg-transform elementor-bg-transform-zoom-in elementor-widget elementor-widget-call-to-action\" data-id=\"ae960b7\" data-element_type=\"widget\" data-e-type=\"widget\" data-widget_type=\"call-to-action.default\">\n\t\t\t\t<div class=\"elementor-widget-container\">\n\t\t\t\t\t\t\t<a class=\"elementor-cta\" href=\"https:\/\/www.idealpropertymallorca.com\/fr\/location\/locations-alcudia-d1098\/tag-plage\/\">\n\t\t\t\t\t<div class=\"elementor-cta__bg-wrapper\">\n\t\t\t\t<div class=\"elementor-cta__bg elementor-bg\" style=\"background-image: url(https:\/\/www.idealpropertymallorca.com\/blog\/wp-content\/uploads\/2023\/08\/accomodation-ALcudia-380x350.png);\" role=\"img\" aria-label=\"accomodation-ALcudia.png\"><\/div>\n\t\t\t\t<div class=\"elementor-cta__bg-overlay\"><\/div>\n\t\t\t<\/div>\n\t\t\t\t\t\t\t<div class=\"elementor-cta__content\">\n\t\t\t\t\n\t\t\t\t\t\t\t\t\t<h2 class=\"elementor-cta__title elementor-cta__content-item elementor-content-item elementor-animated-item--grow\">\n\t\t\t\t\t\tLogement Alcudia beach\t\t\t\t\t<\/h2>\n\t\t\t\t\n\t\t\t\t\t\t\t\t\t<div class=\"elementor-cta__description elementor-cta__content-item elementor-content-item elementor-animated-item--grow\">\n\t\t\t\t\t\tL'h\u00e9bergement le plus exquis que vous trouverez \u00e0 Alcudia\t\t\t\t\t<\/div>\n\t\t\t\t\n\t\t\t\t\t\t\t\t\t<div class=\"elementor-cta__button-wrapper elementor-cta__content-item elementor-content-item elementor-animated-item--grow\">\n\t\t\t\t\t<span class=\"elementor-cta__button elementor-button elementor-size-md\">\n\t\t\t\t\t\tPlongez dans l'aventure!\t\t\t\t\t<\/span>\n\t\t\t\t\t<\/div>\n\t\t\t\t\t\t\t<\/div>\n\t\t\t\t\t\t<\/a>\n\t\t\t\t\t\t<\/div>\n\t\t\t\t<\/div>\n\t\t\t\t\t<\/div>\n\t\t<\/div>\n\t\t\t\t<div class=\"elementor-column elementor-col-33 elementor-top-column elementor-element elementor-element-16b504f\" data-id=\"16b504f\" data-element_type=\"column\" data-e-type=\"column\">\n\t\t\t<div class=\"elementor-widget-wrap elementor-element-populated\">\n\t\t\t\t\t\t<div class=\"elementor-element elementor-element-06e5d77 elementor-cta--skin-cover elementor-widget__width-initial elementor-animated-content elementor-bg-transform elementor-bg-transform-zoom-in elementor-widget elementor-widget-call-to-action\" data-id=\"06e5d77\" data-element_type=\"widget\" data-e-type=\"widget\" data-widget_type=\"call-to-action.default\">\n\t\t\t\t<div class=\"elementor-widget-container\">\n\t\t\t\t\t\t\t<a class=\"elementor-cta\" href=\"https:\/\/www.idealpropertymallorca.com\/fr\/location\/locations-can-picafort-d459612\/\">\n\t\t\t\t\t<div class=\"elementor-cta__bg-wrapper\">\n\t\t\t\t<div class=\"elementor-cta__bg elementor-bg\" style=\"background-image: url(https:\/\/www.idealpropertymallorca.com\/blog\/wp-content\/uploads\/2023\/08\/fruit-and-accomodation-380x350.png);\" role=\"img\" aria-label=\"fruit-and-accomodation.png\"><\/div>\n\t\t\t\t<div class=\"elementor-cta__bg-overlay\"><\/div>\n\t\t\t<\/div>\n\t\t\t\t\t\t\t<div class=\"elementor-cta__content\">\n\t\t\t\t\n\t\t\t\t\t\t\t\t\t<h2 class=\"elementor-cta__title elementor-cta__content-item elementor-content-item elementor-animated-item--grow\">\n\t\t\t\t\t\tH\u00e9bergement \u00e0 Can Picafort\t\t\t\t\t<\/h2>\n\t\t\t\t\n\t\t\t\t\t\t\t\t\t<div class=\"elementor-cta__description elementor-cta__content-item elementor-content-item elementor-animated-item--grow\">\n\t\t\t\t\t\tTombez sous le charme de nos magnifiques h\u00e9bergements \u00e0 Can Picafort\t\t\t\t\t<\/div>\n\t\t\t\t\n\t\t\t\t\t\t\t\t\t<div class=\"elementor-cta__button-wrapper elementor-cta__content-item elementor-content-item elementor-animated-item--grow\">\n\t\t\t\t\t<span class=\"elementor-cta__button elementor-button elementor-size-md\">\n\t\t\t\t\t\tJetez un coup d'\u0153il\t\t\t\t\t<\/span>\n\t\t\t\t\t<\/div>\n\t\t\t\t\t\t\t<\/div>\n\t\t\t\t\t\t<\/a>\n\t\t\t\t\t\t<\/div>\n\t\t\t\t<\/div>\n\t\t\t\t\t<\/div>\n\t\t<\/div>\n\t\t\t\t<div class=\"elementor-column elementor-col-33 elementor-top-column elementor-element elementor-element-cb92c5b\" data-id=\"cb92c5b\" data-element_type=\"column\" data-e-type=\"column\">\n\t\t\t<div class=\"elementor-widget-wrap elementor-element-populated\">\n\t\t\t\t\t\t<div class=\"elementor-element elementor-element-a5c066d elementor-cta--skin-cover elementor-animated-content elementor-bg-transform elementor-bg-transform-zoom-in elementor-widget elementor-widget-call-to-action\" data-id=\"a5c066d\" data-element_type=\"widget\" data-e-type=\"widget\" data-widget_type=\"call-to-action.default\">\n\t\t\t\t<div class=\"elementor-widget-container\">\n\t\t\t\t\t\t\t<a class=\"elementor-cta\" href=\"https:\/\/www.idealpropertymallorca.com\/fr\/location\/locations-inca-d408363\/\">\n\t\t\t\t\t<div class=\"elementor-cta__bg-wrapper\">\n\t\t\t\t<div class=\"elementor-cta__bg elementor-bg\" style=\"background-image: url(https:\/\/www.idealpropertymallorca.com\/blog\/wp-content\/uploads\/2023\/08\/Diseno-sin-titulo-32-1.png);\" role=\"img\" aria-label=\"Diseno-sin-titulo-32-1.png\"><\/div>\n\t\t\t\t<div class=\"elementor-cta__bg-overlay\"><\/div>\n\t\t\t<\/div>\n\t\t\t\t\t\t\t<div class=\"elementor-cta__content\">\n\t\t\t\t\n\t\t\t\t\t\t\t\t\t<h2 class=\"elementor-cta__title elementor-cta__content-item elementor-content-item elementor-animated-item--grow\">\n\t\t\t\t\t\tH\u00e9bergement \u00e0 Inca\t\t\t\t\t<\/h2>\n\t\t\t\t\n\t\t\t\t\t\t\t\t\t<div class=\"elementor-cta__description elementor-cta__content-item elementor-content-item elementor-animated-item--grow\">\n\t\t\t\t\t\tLe meilleur h\u00e9bergement que vous m\u00e9ritez \u00e0 Inca\t\t\t\t\t<\/div>\n\t\t\t\t\n\t\t\t\t\t\t\t\t\t<div class=\"elementor-cta__button-wrapper elementor-cta__content-item elementor-content-item elementor-animated-item--grow\">\n\t\t\t\t\t<span class=\"elementor-cta__button elementor-button elementor-size-md\">\n\t\t\t\t\t\tD\u00e9couvrez-le maintenant!\t\t\t\t\t<\/span>\n\t\t\t\t\t<\/div>\n\t\t\t\t\t\t\t<\/div>\n\t\t\t\t\t\t<\/a>\n\t\t\t\t\t\t<\/div>\n\t\t\t\t<\/div>\n\t\t\t\t\t<\/div>\n\t\t<\/div>\n\t\t\t\t\t<\/div>\n\t\t<\/section>\n\t\t\t\t<\/div>\n\t\t","protected":false},"excerpt":{"rendered":"<p>La montgolfi\u00e8re \u00e0 Mallorca offre un moyen unique et \u00e9poustouflant d&#8217;explorer les superbes paysages de l&#8217;\u00eele. Survolez en douceur les paysages pittoresques, les vignobles et les eaux turquoises, et profitez de vues imprenables sur le littoral et les montagnes. Que vous soyez amateur de sensations fortes ou simplement \u00e0 la recherche d&#8217;une escapade sereine, un [&hellip;]<\/p>\n","protected":false},"author":9,"featured_media":19078,"comment_status":"open","ping_status":"open","sticky":false,"template":"","format":"standard","meta":{"footnotes":""},"categories":[736],"tags":[],"class_list":["post-19067","post","type-post","status-publish","format-standard","has-post-thumbnail","hentry","category-sports-d-aventure"],"yoast_head":"<!-- This site is optimized with the Yoast SEO plugin v27.4 - https:\/\/yoast.com\/product\/yoast-seo-wordpress\/ -->\n<title>Montgolfi\u00e8res \u00e0 Mallorca: Volez plus haut que les nuages!<\/title>\n<meta name=\"description\" content=\"Excursion en montgolfi\u00e8re \u00e0 Mallorca. Vivez une exp\u00e9rience inoubliable - r\u00e9servez votre aventure d\u00e8s maintenant!\" \/>\n<meta name=\"robots\" content=\"index, follow, max-snippet:-1, max-image-preview:large, max-video-preview:-1\" \/>\n<link rel=\"canonical\" href=\"https:\/\/www.idealpropertymallorca.com\/blog\/fr\/montgolfieres-a-mallorca\/\" \/>\n<meta property=\"og:locale\" content=\"fr_FR\" \/>\n<meta property=\"og:type\" content=\"article\" \/>\n<meta property=\"og:title\" content=\"Montgolfi\u00e8res \u00e0 Mallorca: Volez plus haut que les nuages!\" \/>\n<meta property=\"og:description\" content=\"Excursion en montgolfi\u00e8re \u00e0 Mallorca. Vivez une exp\u00e9rience inoubliable - r\u00e9servez votre aventure d\u00e8s maintenant!\" \/>\n<meta property=\"og:url\" content=\"https:\/\/www.idealpropertymallorca.com\/blog\/fr\/montgolfieres-a-mallorca\/\" \/>\n<meta property=\"og:site_name\" content=\"Majorca Blog\" \/>\n<meta property=\"article:published_time\" content=\"2025-04-28T13:59:34+00:00\" \/>\n<meta property=\"article:modified_time\" content=\"2025-04-29T06:59:11+00:00\" \/>\n<meta property=\"og:image\" content=\"https:\/\/www.idealpropertymallorca.com\/blog\/wp-content\/uploads\/2023\/08\/globos-mallorca.jpg\" \/>\n\t<meta property=\"og:image:width\" content=\"1920\" \/>\n\t<meta property=\"og:image:height\" content=\"500\" \/>\n\t<meta property=\"og:image:type\" content=\"image\/jpeg\" \/>\n<meta name=\"author\" content=\"Tatiana\" \/>\n<meta name=\"twitter:card\" content=\"summary_large_image\" \/>\n<meta name=\"twitter:label1\" content=\"Written by\" \/>\n\t<meta name=\"twitter:data1\" content=\"Tatiana\" \/>\n\t<meta name=\"twitter:label2\" content=\"Est. reading time\" \/>\n\t<meta name=\"twitter:data2\" content=\"7 minutes\" \/>\n<script type=\"application\/ld+json\" class=\"yoast-schema-graph\">{\"@context\":\"https:\\\/\\\/schema.org\",\"@graph\":[{\"@type\":\"Article\",\"@id\":\"https:\\\/\\\/www.idealpropertymallorca.com\\\/blog\\\/fr\\\/montgolfieres-a-mallorca\\\/#article\",\"isPartOf\":{\"@id\":\"https:\\\/\\\/www.idealpropertymallorca.com\\\/blog\\\/fr\\\/montgolfieres-a-mallorca\\\/\"},\"author\":{\"name\":\"Tatiana\",\"@id\":\"https:\\\/\\\/www.idealpropertymallorca.com\\\/blog\\\/fr\\\/#\\\/schema\\\/person\\\/3e6672008494e754197397c523aac13d\"},\"headline\":\"Montgolfi\u00e8res \u00e0 Mallorca: voyager au-dessus des nuages\",\"datePublished\":\"2025-04-28T13:59:34+00:00\",\"dateModified\":\"2025-04-29T06:59:11+00:00\",\"mainEntityOfPage\":{\"@id\":\"https:\\\/\\\/www.idealpropertymallorca.com\\\/blog\\\/fr\\\/montgolfieres-a-mallorca\\\/\"},\"wordCount\":1272,\"commentCount\":0,\"publisher\":{\"@id\":\"https:\\\/\\\/www.idealpropertymallorca.com\\\/blog\\\/fr\\\/#organization\"},\"image\":{\"@id\":\"https:\\\/\\\/www.idealpropertymallorca.com\\\/blog\\\/fr\\\/montgolfieres-a-mallorca\\\/#primaryimage\"},\"thumbnailUrl\":\"https:\\\/\\\/www.idealpropertymallorca.com\\\/blog\\\/wp-content\\\/uploads\\\/2023\\\/08\\\/globos-mallorca.jpg\",\"articleSection\":[\"Sports d'aventure\"],\"inLanguage\":\"fr\",\"potentialAction\":[{\"@type\":\"CommentAction\",\"name\":\"Comment\",\"target\":[\"https:\\\/\\\/www.idealpropertymallorca.com\\\/blog\\\/fr\\\/montgolfieres-a-mallorca\\\/#respond\"]}]},{\"@type\":\"WebPage\",\"@id\":\"https:\\\/\\\/www.idealpropertymallorca.com\\\/blog\\\/fr\\\/montgolfieres-a-mallorca\\\/\",\"url\":\"https:\\\/\\\/www.idealpropertymallorca.com\\\/blog\\\/fr\\\/montgolfieres-a-mallorca\\\/\",\"name\":\"Montgolfi\u00e8res \u00e0 Mallorca: Volez plus haut que les nuages!\",\"isPartOf\":{\"@id\":\"https:\\\/\\\/www.idealpropertymallorca.com\\\/blog\\\/fr\\\/#website\"},\"primaryImageOfPage\":{\"@id\":\"https:\\\/\\\/www.idealpropertymallorca.com\\\/blog\\\/fr\\\/montgolfieres-a-mallorca\\\/#primaryimage\"},\"image\":{\"@id\":\"https:\\\/\\\/www.idealpropertymallorca.com\\\/blog\\\/fr\\\/montgolfieres-a-mallorca\\\/#primaryimage\"},\"thumbnailUrl\":\"https:\\\/\\\/www.idealpropertymallorca.com\\\/blog\\\/wp-content\\\/uploads\\\/2023\\\/08\\\/globos-mallorca.jpg\",\"datePublished\":\"2025-04-28T13:59:34+00:00\",\"dateModified\":\"2025-04-29T06:59:11+00:00\",\"description\":\"Excursion en montgolfi\u00e8re \u00e0 Mallorca. Vivez une exp\u00e9rience inoubliable - r\u00e9servez votre aventure d\u00e8s maintenant!\",\"inLanguage\":\"fr\",\"potentialAction\":[{\"@type\":\"ReadAction\",\"target\":[\"https:\\\/\\\/www.idealpropertymallorca.com\\\/blog\\\/fr\\\/montgolfieres-a-mallorca\\\/\"]}]},{\"@type\":\"ImageObject\",\"inLanguage\":\"fr\",\"@id\":\"https:\\\/\\\/www.idealpropertymallorca.com\\\/blog\\\/fr\\\/montgolfieres-a-mallorca\\\/#primaryimage\",\"url\":\"https:\\\/\\\/www.idealpropertymallorca.com\\\/blog\\\/wp-content\\\/uploads\\\/2023\\\/08\\\/globos-mallorca.jpg\",\"contentUrl\":\"https:\\\/\\\/www.idealpropertymallorca.com\\\/blog\\\/wp-content\\\/uploads\\\/2023\\\/08\\\/globos-mallorca.jpg\",\"width\":1920,\"height\":500},{\"@type\":\"WebSite\",\"@id\":\"https:\\\/\\\/www.idealpropertymallorca.com\\\/blog\\\/fr\\\/#website\",\"url\":\"https:\\\/\\\/www.idealpropertymallorca.com\\\/blog\\\/fr\\\/\",\"name\":\"Majorca Blog\",\"description\":\"Find relevant tourist information to see and do on the island of Mallorca during your holiday. Discover the best places and tips!\",\"publisher\":{\"@id\":\"https:\\\/\\\/www.idealpropertymallorca.com\\\/blog\\\/fr\\\/#organization\"},\"potentialAction\":[{\"@type\":\"SearchAction\",\"target\":{\"@type\":\"EntryPoint\",\"urlTemplate\":\"https:\\\/\\\/www.idealpropertymallorca.com\\\/blog\\\/fr\\\/?s={search_term_string}\"},\"query-input\":{\"@type\":\"PropertyValueSpecification\",\"valueRequired\":true,\"valueName\":\"search_term_string\"}}],\"inLanguage\":\"fr\"},{\"@type\":\"Organization\",\"@id\":\"https:\\\/\\\/www.idealpropertymallorca.com\\\/blog\\\/fr\\\/#organization\",\"name\":\"Majorca Blog\",\"url\":\"https:\\\/\\\/www.idealpropertymallorca.com\\\/blog\\\/fr\\\/\",\"logo\":{\"@type\":\"ImageObject\",\"inLanguage\":\"fr\",\"@id\":\"https:\\\/\\\/www.idealpropertymallorca.com\\\/blog\\\/fr\\\/#\\\/schema\\\/logo\\\/image\\\/\",\"url\":\"https:\\\/\\\/www.idealpropertymallorca.com\\\/blog\\\/wp-content\\\/uploads\\\/2024\\\/10\\\/ideal-property-mallorca-blue-mobile.png\",\"contentUrl\":\"https:\\\/\\\/www.idealpropertymallorca.com\\\/blog\\\/wp-content\\\/uploads\\\/2024\\\/10\\\/ideal-property-mallorca-blue-mobile.png\",\"width\":500,\"height\":150,\"caption\":\"Majorca Blog\"},\"image\":{\"@id\":\"https:\\\/\\\/www.idealpropertymallorca.com\\\/blog\\\/fr\\\/#\\\/schema\\\/logo\\\/image\\\/\"}},{\"@type\":\"Person\",\"@id\":\"https:\\\/\\\/www.idealpropertymallorca.com\\\/blog\\\/fr\\\/#\\\/schema\\\/person\\\/3e6672008494e754197397c523aac13d\",\"name\":\"Tatiana\",\"image\":{\"@type\":\"ImageObject\",\"inLanguage\":\"fr\",\"@id\":\"https:\\\/\\\/secure.gravatar.com\\\/avatar\\\/d1f7a61926f15609398032f2f6a1b823942e417fe09d2f38c4cf50bc1d193691?s=96&d=mm&r=g\",\"url\":\"https:\\\/\\\/secure.gravatar.com\\\/avatar\\\/d1f7a61926f15609398032f2f6a1b823942e417fe09d2f38c4cf50bc1d193691?s=96&d=mm&r=g\",\"contentUrl\":\"https:\\\/\\\/secure.gravatar.com\\\/avatar\\\/d1f7a61926f15609398032f2f6a1b823942e417fe09d2f38c4cf50bc1d193691?s=96&d=mm&r=g\",\"caption\":\"Tatiana\"}}]}<\/script>\n<!-- \/ Yoast SEO plugin. -->","yoast_head_json":{"title":"Montgolfi\u00e8res \u00e0 Mallorca: Volez plus haut que les nuages!","description":"Excursion en montgolfi\u00e8re \u00e0 Mallorca. Vivez une exp\u00e9rience inoubliable - r\u00e9servez votre aventure d\u00e8s maintenant!","robots":{"index":"index","follow":"follow","max-snippet":"max-snippet:-1","max-image-preview":"max-image-preview:large","max-video-preview":"max-video-preview:-1"},"canonical":"https:\/\/www.idealpropertymallorca.com\/blog\/fr\/montgolfieres-a-mallorca\/","og_locale":"fr_FR","og_type":"article","og_title":"Montgolfi\u00e8res \u00e0 Mallorca: Volez plus haut que les nuages!","og_description":"Excursion en montgolfi\u00e8re \u00e0 Mallorca. Vivez une exp\u00e9rience inoubliable - r\u00e9servez votre aventure d\u00e8s maintenant!","og_url":"https:\/\/www.idealpropertymallorca.com\/blog\/fr\/montgolfieres-a-mallorca\/","og_site_name":"Majorca Blog","article_published_time":"2025-04-28T13:59:34+00:00","article_modified_time":"2025-04-29T06:59:11+00:00","og_image":[{"width":1920,"height":500,"url":"https:\/\/www.idealpropertymallorca.com\/blog\/wp-content\/uploads\/2023\/08\/globos-mallorca.jpg","type":"image\/jpeg"}],"author":"Tatiana","twitter_card":"summary_large_image","twitter_misc":{"Written by":"Tatiana","Est. reading time":"7 minutes"},"schema":{"@context":"https:\/\/schema.org","@graph":[{"@type":"Article","@id":"https:\/\/www.idealpropertymallorca.com\/blog\/fr\/montgolfieres-a-mallorca\/#article","isPartOf":{"@id":"https:\/\/www.idealpropertymallorca.com\/blog\/fr\/montgolfieres-a-mallorca\/"},"author":{"name":"Tatiana","@id":"https:\/\/www.idealpropertymallorca.com\/blog\/fr\/#\/schema\/person\/3e6672008494e754197397c523aac13d"},"headline":"Montgolfi\u00e8res \u00e0 Mallorca: voyager au-dessus des nuages","datePublished":"2025-04-28T13:59:34+00:00","dateModified":"2025-04-29T06:59:11+00:00","mainEntityOfPage":{"@id":"https:\/\/www.idealpropertymallorca.com\/blog\/fr\/montgolfieres-a-mallorca\/"},"wordCount":1272,"commentCount":0,"publisher":{"@id":"https:\/\/www.idealpropertymallorca.com\/blog\/fr\/#organization"},"image":{"@id":"https:\/\/www.idealpropertymallorca.com\/blog\/fr\/montgolfieres-a-mallorca\/#primaryimage"},"thumbnailUrl":"https:\/\/www.idealpropertymallorca.com\/blog\/wp-content\/uploads\/2023\/08\/globos-mallorca.jpg","articleSection":["Sports d'aventure"],"inLanguage":"fr","potentialAction":[{"@type":"CommentAction","name":"Comment","target":["https:\/\/www.idealpropertymallorca.com\/blog\/fr\/montgolfieres-a-mallorca\/#respond"]}]},{"@type":"WebPage","@id":"https:\/\/www.idealpropertymallorca.com\/blog\/fr\/montgolfieres-a-mallorca\/","url":"https:\/\/www.idealpropertymallorca.com\/blog\/fr\/montgolfieres-a-mallorca\/","name":"Montgolfi\u00e8res \u00e0 Mallorca: Volez plus haut que les nuages!","isPartOf":{"@id":"https:\/\/www.idealpropertymallorca.com\/blog\/fr\/#website"},"primaryImageOfPage":{"@id":"https:\/\/www.idealpropertymallorca.com\/blog\/fr\/montgolfieres-a-mallorca\/#primaryimage"},"image":{"@id":"https:\/\/www.idealpropertymallorca.com\/blog\/fr\/montgolfieres-a-mallorca\/#primaryimage"},"thumbnailUrl":"https:\/\/www.idealpropertymallorca.com\/blog\/wp-content\/uploads\/2023\/08\/globos-mallorca.jpg","datePublished":"2025-04-28T13:59:34+00:00","dateModified":"2025-04-29T06:59:11+00:00","description":"Excursion en montgolfi\u00e8re \u00e0 Mallorca. Vivez une exp\u00e9rience inoubliable - r\u00e9servez votre aventure d\u00e8s maintenant!","inLanguage":"fr","potentialAction":[{"@type":"ReadAction","target":["https:\/\/www.idealpropertymallorca.com\/blog\/fr\/montgolfieres-a-mallorca\/"]}]},{"@type":"ImageObject","inLanguage":"fr","@id":"https:\/\/www.idealpropertymallorca.com\/blog\/fr\/montgolfieres-a-mallorca\/#primaryimage","url":"https:\/\/www.idealpropertymallorca.com\/blog\/wp-content\/uploads\/2023\/08\/globos-mallorca.jpg","contentUrl":"https:\/\/www.idealpropertymallorca.com\/blog\/wp-content\/uploads\/2023\/08\/globos-mallorca.jpg","width":1920,"height":500},{"@type":"WebSite","@id":"https:\/\/www.idealpropertymallorca.com\/blog\/fr\/#website","url":"https:\/\/www.idealpropertymallorca.com\/blog\/fr\/","name":"Majorca Blog","description":"Find relevant tourist information to see and do on the island of Mallorca during your holiday. Discover the best places and tips!","publisher":{"@id":"https:\/\/www.idealpropertymallorca.com\/blog\/fr\/#organization"},"potentialAction":[{"@type":"SearchAction","target":{"@type":"EntryPoint","urlTemplate":"https:\/\/www.idealpropertymallorca.com\/blog\/fr\/?s={search_term_string}"},"query-input":{"@type":"PropertyValueSpecification","valueRequired":true,"valueName":"search_term_string"}}],"inLanguage":"fr"},{"@type":"Organization","@id":"https:\/\/www.idealpropertymallorca.com\/blog\/fr\/#organization","name":"Majorca Blog","url":"https:\/\/www.idealpropertymallorca.com\/blog\/fr\/","logo":{"@type":"ImageObject","inLanguage":"fr","@id":"https:\/\/www.idealpropertymallorca.com\/blog\/fr\/#\/schema\/logo\/image\/","url":"https:\/\/www.idealpropertymallorca.com\/blog\/wp-content\/uploads\/2024\/10\/ideal-property-mallorca-blue-mobile.png","contentUrl":"https:\/\/www.idealpropertymallorca.com\/blog\/wp-content\/uploads\/2024\/10\/ideal-property-mallorca-blue-mobile.png","width":500,"height":150,"caption":"Majorca Blog"},"image":{"@id":"https:\/\/www.idealpropertymallorca.com\/blog\/fr\/#\/schema\/logo\/image\/"}},{"@type":"Person","@id":"https:\/\/www.idealpropertymallorca.com\/blog\/fr\/#\/schema\/person\/3e6672008494e754197397c523aac13d","name":"Tatiana","image":{"@type":"ImageObject","inLanguage":"fr","@id":"https:\/\/secure.gravatar.com\/avatar\/d1f7a61926f15609398032f2f6a1b823942e417fe09d2f38c4cf50bc1d193691?s=96&d=mm&r=g","url":"https:\/\/secure.gravatar.com\/avatar\/d1f7a61926f15609398032f2f6a1b823942e417fe09d2f38c4cf50bc1d193691?s=96&d=mm&r=g","contentUrl":"https:\/\/secure.gravatar.com\/avatar\/d1f7a61926f15609398032f2f6a1b823942e417fe09d2f38c4cf50bc1d193691?s=96&d=mm&r=g","caption":"Tatiana"}}]}},"_links":{"self":[{"href":"https:\/\/www.idealpropertymallorca.com\/blog\/fr\/wp-json\/wp\/v2\/posts\/19067","targetHints":{"allow":["GET"]}}],"collection":[{"href":"https:\/\/www.idealpropertymallorca.com\/blog\/fr\/wp-json\/wp\/v2\/posts"}],"about":[{"href":"https:\/\/www.idealpropertymallorca.com\/blog\/fr\/wp-json\/wp\/v2\/types\/post"}],"author":[{"embeddable":true,"href":"https:\/\/www.idealpropertymallorca.com\/blog\/fr\/wp-json\/wp\/v2\/users\/9"}],"replies":[{"embeddable":true,"href":"https:\/\/www.idealpropertymallorca.com\/blog\/fr\/wp-json\/wp\/v2\/comments?post=19067"}],"version-history":[{"count":13,"href":"https:\/\/www.idealpropertymallorca.com\/blog\/fr\/wp-json\/wp\/v2\/posts\/19067\/revisions"}],"predecessor-version":[{"id":19093,"href":"https:\/\/www.idealpropertymallorca.com\/blog\/fr\/wp-json\/wp\/v2\/posts\/19067\/revisions\/19093"}],"wp:featuredmedia":[{"embeddable":true,"href":"https:\/\/www.idealpropertymallorca.com\/blog\/fr\/wp-json\/wp\/v2\/media\/19078"}],"wp:attachment":[{"href":"https:\/\/www.idealpropertymallorca.com\/blog\/fr\/wp-json\/wp\/v2\/media?parent=19067"}],"wp:term":[{"taxonomy":"category","embeddable":true,"href":"https:\/\/www.idealpropertymallorca.com\/blog\/fr\/wp-json\/wp\/v2\/categories?post=19067"},{"taxonomy":"post_tag","embeddable":true,"href":"https:\/\/www.idealpropertymallorca.com\/blog\/fr\/wp-json\/wp\/v2\/tags?post=19067"}],"curies":[{"name":"wp","href":"https:\/\/api.w.org\/{rel}","templated":true}]}}