{"id":19051,"date":"2025-04-29T06:23:40","date_gmt":"2025-04-29T06:23:40","guid":{"rendered":"https:\/\/www.idealpropertymallorca.com\/blog\/?p=19051"},"modified":"2025-08-25T07:17:24","modified_gmt":"2025-08-25T07:17:24","slug":"venez-decouvrir-tout-ce-quoffre-la-baie-de-pollenca","status":"publish","type":"post","link":"https:\/\/www.idealpropertymallorca.com\/blog\/fr\/venez-decouvrir-tout-ce-quoffre-la-baie-de-pollenca\/","title":{"rendered":"Venez d\u00e9couvrir tout ce qu\u2019offre la baie de Pollen\u00e7a"},"content":{"rendered":"\t\t<div data-elementor-type=\"wp-post\" data-elementor-id=\"19051\" class=\"elementor elementor-19051 elementor-18907\" data-elementor-post-type=\"post\">\n\t\t\t\t\t\t<section class=\"elementor-section elementor-top-section elementor-element elementor-element-1ced1d4d elementor-section-boxed elementor-section-height-default elementor-section-height-default\" data-id=\"1ced1d4d\" data-element_type=\"section\" data-e-type=\"section\">\n\t\t\t\t\t\t<div class=\"elementor-container elementor-column-gap-default\">\n\t\t\t\t\t<div class=\"elementor-column elementor-col-100 elementor-top-column elementor-element elementor-element-3278d5c8\" data-id=\"3278d5c8\" data-element_type=\"column\" data-e-type=\"column\">\n\t\t\t<div class=\"elementor-widget-wrap elementor-element-populated\">\n\t\t\t\t\t\t<div class=\"elementor-element elementor-element-3bf706f0 elementor-widget elementor-widget-text-editor\" data-id=\"3bf706f0\" data-element_type=\"widget\" data-e-type=\"widget\" data-widget_type=\"text-editor.default\">\n\t\t\t\t<div class=\"elementor-widget-container\">\n\t\t\t\t\t\t\t\t\t<p>Si vous recherchez une destination \u00e0 Majorque o\u00f9 r\u00e8gnent la tranquillit\u00e9, la proximit\u00e9 de la mer et o\u00f9 le temps semble ralentir&#8230; Alors la Baie de Pollen\u00e7a est faite pour vous !<\/p><p>Situ\u00e9e au nord de l&#8217;\u00eele, elle s\u00e9duit non seulement par ses paysages magnifiques, mais aussi par son atmosph\u00e8re d\u00e9tendue. <strong>C\u2019est une destination id\u00e9ale \u00e0 d\u00e9couvrir en famille, en amoureux, entre amis ou m\u00eame en solo<\/strong>. Alors, pr\u00eat.e pour l\u2019aventure ?<\/p>\t\t\t\t\t\t\t\t<\/div>\n\t\t\t\t<\/div>\n\t\t\t\t\t<\/div>\n\t\t<\/div>\n\t\t\t\t\t<\/div>\n\t\t<\/section>\n\t\t\t\t<section class=\"elementor-section elementor-top-section elementor-element elementor-element-9c73613 elementor-section-boxed elementor-section-height-default elementor-section-height-default\" data-id=\"9c73613\" data-element_type=\"section\" data-e-type=\"section\">\n\t\t\t\t\t\t<div class=\"elementor-container elementor-column-gap-default\">\n\t\t\t\t\t<div class=\"elementor-column elementor-col-100 elementor-top-column elementor-element elementor-element-9f7cb24\" data-id=\"9f7cb24\" data-element_type=\"column\" data-e-type=\"column\">\n\t\t\t<div class=\"elementor-widget-wrap elementor-element-populated\">\n\t\t\t\t\t\t<div class=\"elementor-element elementor-element-5cff4f21 elementor-widget elementor-widget-table-of-contents\" data-id=\"5cff4f21\" data-element_type=\"widget\" data-e-type=\"widget\" data-settings=\"{&quot;headings_by_tags&quot;:[&quot;h2&quot;],&quot;exclude_headings_by_selector&quot;:[],&quot;marker_view&quot;:&quot;bullets&quot;,&quot;icon&quot;:{&quot;value&quot;:&quot;&quot;,&quot;library&quot;:&quot;&quot;},&quot;no_headings_message&quot;:&quot;No headings were found on this page.&quot;,&quot;hierarchical_view&quot;:&quot;yes&quot;,&quot;min_height&quot;:{&quot;unit&quot;:&quot;px&quot;,&quot;size&quot;:&quot;&quot;,&quot;sizes&quot;:[]},&quot;min_height_tablet&quot;:{&quot;unit&quot;:&quot;px&quot;,&quot;size&quot;:&quot;&quot;,&quot;sizes&quot;:[]},&quot;min_height_mobile&quot;:{&quot;unit&quot;:&quot;px&quot;,&quot;size&quot;:&quot;&quot;,&quot;sizes&quot;:[]}}\" data-widget_type=\"table-of-contents.default\">\n\t\t\t\t<div class=\"elementor-widget-container\">\n\t\t\t\t\t\t\t\t\t<div class=\"elementor-toc__header\">\n\t\t\t\t\t\t<div class=\"elementor-toc__header-title\">\n\t\t\t\tINDEX\t\t\t<\/div>\n\t\t\t\t\t\t\t\t<\/div>\n\t\t\t\t<div id=\"elementor-toc__5cff4f21\" class=\"elementor-toc__body\">\n\t\t\t<div class=\"elementor-toc__spinner-container\">\n\t\t\t\t<i class=\"elementor-toc__spinner eicon-animation-spin eicon-loading\" aria-hidden=\"true\"><\/i>\t\t\t<\/div>\n\t\t<\/div>\n\t\t\t\t\t\t<\/div>\n\t\t\t\t<\/div>\n\t\t\t\t\t<\/div>\n\t\t<\/div>\n\t\t\t\t\t<\/div>\n\t\t<\/section>\n\t\t\t\t<section class=\"elementor-section elementor-top-section elementor-element elementor-element-f08a961 elementor-section-boxed elementor-section-height-default elementor-section-height-default\" data-id=\"f08a961\" data-element_type=\"section\" data-e-type=\"section\">\n\t\t\t\t\t\t<div class=\"elementor-container elementor-column-gap-default\">\n\t\t\t\t\t<div class=\"elementor-column elementor-col-100 elementor-top-column elementor-element elementor-element-6fd81468\" data-id=\"6fd81468\" data-element_type=\"column\" data-e-type=\"column\">\n\t\t\t<div class=\"elementor-widget-wrap elementor-element-populated\">\n\t\t\t\t\t\t<div class=\"elementor-element elementor-element-541d0474 elementor-widget elementor-widget-heading\" data-id=\"541d0474\" data-element_type=\"widget\" data-e-type=\"widget\" data-widget_type=\"heading.default\">\n\t\t\t\t<div class=\"elementor-widget-container\">\n\t\t\t\t\t<h2 class=\"elementor-heading-title elementor-size-default\">La beaut\u00e9 naturelle et les paysages de la Baie de Pollen\u00e7a vont vous \u00e9merveiller<\/h2>\t\t\t\t<\/div>\n\t\t\t\t<\/div>\n\t\t\t\t<div class=\"elementor-element elementor-element-239c5a6a elementor-widget elementor-widget-text-editor\" data-id=\"239c5a6a\" data-element_type=\"widget\" data-e-type=\"widget\" data-widget_type=\"text-editor.default\">\n\t\t\t\t<div class=\"elementor-widget-container\">\n\t\t\t\t\t\t\t\t\t<p>La baie de Pollensa, d\u00e9limit\u00e9e par les impressionnants Cap de Formentor et Cap des Pinar, se compose de <strong>longues plages de sable, propose tout ce dont vous avez besoin pour les sports nautiques, deux ports de plaisance, une offre gastronomique vari\u00e9e et des vues \u00e0 couper <\/strong><strong>le souffle \u00e0 chaque instant.<\/strong><\/p><p>Ses rives abritent la ville de Port de Pollen\u00e7a, l&#8217;une des destinations phares de l&#8217;\u00eele et un lieu privil\u00e9gi\u00e9 par de nombreux visiteurs, mais aussi par les majorquins, pour y passer l&#8217;\u00e9t\u00e9. Pourquoi ? Bien que tr\u00e8s touristique, l\u2019endroit a su conserver son authenticit\u00e9 de village de p\u00eacheurs, avec une atmosph\u00e8re paisible et chaleureuse qui fait tout son charme.<\/p><p>Un autre atout de taille de la Baie de Pollen\u00e7a : elle est bord\u00e9e par la majestueuse <strong>Serra de Tramuntana<\/strong>, et la baie elle-m\u00eame fait office de mirador naturel sur la mer, avec en toile de fond l&#8217;\u00eelot embl\u00e9matique d&#8217;Es Colomer. Une image que vous n&#8217;oublierez pas de sit\u00f4t et qui, bien s\u00fbr, se retrouvera dans votre galerie photo.<\/p><p>Vous souhaitez en savoir plus sur quoi faire et que visiter \u00e0 Majorque, voici un <a href=\"https:\/\/www.idealpropertymallorca.com\/blog\/fr\/guide-des-12-sites-a-voir-a-pollensa\/\">guide des 12 lieux incontournables \u00e0 visiter \u00e0 Pollen\u00e7a<\/a>.<\/p>\t\t\t\t\t\t\t\t<\/div>\n\t\t\t\t<\/div>\n\t\t\t\t\t<\/div>\n\t\t<\/div>\n\t\t\t\t\t<\/div>\n\t\t<\/section>\n\t\t<div class=\"elementor-element elementor-element-798267c e-flex e-con-boxed e-con e-parent\" data-id=\"798267c\" data-element_type=\"container\" data-e-type=\"container\">\n\t\t\t\t\t<div class=\"e-con-inner\">\n\t\t<div class=\"elementor-element elementor-element-50b9fdd e-con-full e-flex e-con e-child\" data-id=\"50b9fdd\" data-element_type=\"container\" data-e-type=\"container\">\n\t\t<div class=\"elementor-element elementor-element-e64504e e-con-full e-flex e-con e-child\" data-id=\"e64504e\" data-element_type=\"container\" data-e-type=\"container\">\n\t\t\t\t<div class=\"elementor-element elementor-element-00cfeb6 elementor-widget elementor-widget-image\" data-id=\"00cfeb6\" data-element_type=\"widget\" data-e-type=\"widget\" data-widget_type=\"image.default\">\n\t\t\t\t<div class=\"elementor-widget-container\">\n\t\t\t\t\t\t\t\t\t\t\t\t\t\t\t<img fetchpriority=\"high\" decoding=\"async\" width=\"1254\" height=\"626\" src=\"https:\/\/www.idealpropertymallorca.com\/blog\/wp-content\/uploads\/2025\/04\/bahia-de-pollensa.jpg\" class=\"attachment-full size-full wp-image-18971\" alt=\"bahia-de-pollensa.jpg\" srcset=\"https:\/\/www.idealpropertymallorca.com\/blog\/wp-content\/uploads\/2025\/04\/bahia-de-pollensa.jpg 1254w, https:\/\/www.idealpropertymallorca.com\/blog\/wp-content\/uploads\/2025\/04\/bahia-de-pollensa-300x150.jpg 300w, https:\/\/www.idealpropertymallorca.com\/blog\/wp-content\/uploads\/2025\/04\/bahia-de-pollensa-1024x511.jpg 1024w, https:\/\/www.idealpropertymallorca.com\/blog\/wp-content\/uploads\/2025\/04\/bahia-de-pollensa-768x383.jpg 768w\" sizes=\"(max-width: 1254px) 100vw, 1254px\" \/>\t\t\t\t\t\t\t\t\t\t\t\t\t\t\t<\/div>\n\t\t\t\t<\/div>\n\t\t\t\t<\/div>\n\t\t<div class=\"elementor-element elementor-element-24e7358 e-con-full e-flex e-con e-child\" data-id=\"24e7358\" data-element_type=\"container\" data-e-type=\"container\">\n\t\t\t\t<div class=\"elementor-element elementor-element-91c0f76 elementor-widget elementor-widget-image\" data-id=\"91c0f76\" data-element_type=\"widget\" data-e-type=\"widget\" data-widget_type=\"image.default\">\n\t\t\t\t<div class=\"elementor-widget-container\">\n\t\t\t\t\t\t\t\t\t\t\t\t\t\t\t<img decoding=\"async\" width=\"1265\" height=\"632\" src=\"https:\/\/www.idealpropertymallorca.com\/blog\/wp-content\/uploads\/2025\/04\/bahia-pollensa.jpg\" class=\"attachment-full size-full wp-image-18963\" alt=\"bahia-pollensa\" srcset=\"https:\/\/www.idealpropertymallorca.com\/blog\/wp-content\/uploads\/2025\/04\/bahia-pollensa.jpg 1265w, https:\/\/www.idealpropertymallorca.com\/blog\/wp-content\/uploads\/2025\/04\/bahia-pollensa-300x150.jpg 300w, https:\/\/www.idealpropertymallorca.com\/blog\/wp-content\/uploads\/2025\/04\/bahia-pollensa-1024x512.jpg 1024w, https:\/\/www.idealpropertymallorca.com\/blog\/wp-content\/uploads\/2025\/04\/bahia-pollensa-768x384.jpg 768w\" sizes=\"(max-width: 1265px) 100vw, 1265px\" \/>\t\t\t\t\t\t\t\t\t\t\t\t\t\t\t<\/div>\n\t\t\t\t<\/div>\n\t\t\t\t<\/div>\n\t\t\t\t<\/div>\n\t\t\t\t\t<\/div>\n\t\t\t\t<\/div>\n\t\t\t\t<section class=\"elementor-section elementor-top-section elementor-element elementor-element-84ebe71 elementor-section-boxed elementor-section-height-default elementor-section-height-default\" data-id=\"84ebe71\" data-element_type=\"section\" data-e-type=\"section\">\n\t\t\t\t\t\t<div class=\"elementor-container elementor-column-gap-default\">\n\t\t\t\t\t<div class=\"elementor-column elementor-col-100 elementor-top-column elementor-element elementor-element-c3f4b3b\" data-id=\"c3f4b3b\" data-element_type=\"column\" data-e-type=\"column\">\n\t\t\t<div class=\"elementor-widget-wrap elementor-element-populated\">\n\t\t\t\t\t\t<div class=\"elementor-element elementor-element-c75a30d elementor-widget elementor-widget-heading\" data-id=\"c75a30d\" data-element_type=\"widget\" data-e-type=\"widget\" data-widget_type=\"heading.default\">\n\t\t\t\t<div class=\"elementor-widget-container\">\n\t\t\t\t\t<h2 class=\"elementor-heading-title elementor-size-default\">Activit\u00e9s et sports nautiques sur la Baie de Pollen\u00e7a <\/h2>\t\t\t\t<\/div>\n\t\t\t\t<\/div>\n\t\t\t\t<div class=\"elementor-element elementor-element-bdbd690 elementor-widget elementor-widget-text-editor\" data-id=\"bdbd690\" data-element_type=\"widget\" data-e-type=\"widget\" data-widget_type=\"text-editor.default\">\n\t\t\t\t<div class=\"elementor-widget-container\">\n\t\t\t\t\t\t\t\t\t<p>Vous \u00eates un amateur de sports nautiques ? Vous \u00eates au bon endroit ! Gr\u00e2ce \u00e0 ses eaux calmes, la baie est <strong>id\u00e9ale pour la pratique du paddle surf, du kayak, de la planche \u00e0 voile ou du d\u00e9riveur.<\/strong> De ce fait, au port de Pollen\u00e7a, vous retrouverez plusieurs \u00e9coles nautiques avec des options aussi bien pour les d\u00e9butants que pour les experts. Toutes les conditions sont r\u00e9unies pour que vous trouviez une option adapt\u00e9e \u00e0 votre niveau !<\/p><p><strong>Vous pouvez \u00e9galement louer un catamaran ou vous inscrire \u00e0 une <\/strong><a href=\"https:\/\/www.idealpropertymallorca.com\/blog\/fr\/les-meilleures-excursions-en-bateau-a-mallorca\/\"><strong>excursion en bateau<\/strong><\/a><strong>.<\/strong> Et que diriez-vous d\u2019embarquer pour une croisi\u00e8re au coucher du soleil, une coupe de champagne \u00e0 la main ? Les itin\u00e9raires vers Sa Dragonera, Cala Murta ou Cala Figuera en bateau sont les plus pris\u00e9s, mais si vous le souhaitez, vous pouvez \u00e9galement concevoir le v\u00f4tre.<\/p><p>Et pour ceux qui pr\u00e9f\u00e8rent la terre ferme, <strong>la r\u00e9gion propose de magnifiques itin\u00e9raires pour le cyclisme, de randonn\u00e9e et des excursions<\/strong> comme l\u2019ascension du Puig de Mar\u00eda, qui offre, en plus de son histoire et de son c\u00f4t\u00e9 spirituel, des vues panoramiques \u00e0 couper le souffle sur toute la baie \u2014 et non pas par fatigue.<\/p>\t\t\t\t\t\t\t\t<\/div>\n\t\t\t\t<\/div>\n\t\t\t\t\t<\/div>\n\t\t<\/div>\n\t\t\t\t\t<\/div>\n\t\t<\/section>\n\t\t<div class=\"elementor-element elementor-element-747be65 e-flex e-con-boxed e-con e-parent\" data-id=\"747be65\" data-element_type=\"container\" data-e-type=\"container\">\n\t\t\t\t\t<div class=\"e-con-inner\">\n\t\t\t\t<div class=\"elementor-element elementor-element-055ac7e elementor-grid-3 elementor-grid-tablet-2 elementor-grid-mobile-1 elementor-posts--thumbnail-top elementor-card-shadow-yes elementor-posts__hover-gradient elementor-widget elementor-widget-posts\" data-id=\"055ac7e\" data-element_type=\"widget\" data-e-type=\"widget\" data-settings=\"{&quot;cards_columns&quot;:&quot;3&quot;,&quot;cards_columns_tablet&quot;:&quot;2&quot;,&quot;cards_columns_mobile&quot;:&quot;1&quot;,&quot;cards_row_gap&quot;:{&quot;unit&quot;:&quot;px&quot;,&quot;size&quot;:35,&quot;sizes&quot;:[]},&quot;cards_row_gap_tablet&quot;:{&quot;unit&quot;:&quot;px&quot;,&quot;size&quot;:&quot;&quot;,&quot;sizes&quot;:[]},&quot;cards_row_gap_mobile&quot;:{&quot;unit&quot;:&quot;px&quot;,&quot;size&quot;:&quot;&quot;,&quot;sizes&quot;:[]}}\" data-widget_type=\"posts.cards\">\n\t\t\t\t<div class=\"elementor-widget-container\">\n\t\t\t\t\t\t\t<div class=\"elementor-posts-container elementor-posts elementor-posts--skin-cards elementor-grid\" role=\"list\">\n\t\t\t\t<article class=\"elementor-post elementor-grid-item post-20510 post type-post status-publish format-standard has-post-thumbnail hentry category-extra-fr\" role=\"listitem\">\n\t\t\t<div class=\"elementor-post__card\">\n\t\t\t\t<a class=\"elementor-post__thumbnail__link\" href=\"https:\/\/www.idealpropertymallorca.com\/blog\/fr\/les-fetes-de-la-patrona-de-pollenca\/\" tabindex=\"-1\" ><div class=\"elementor-post__thumbnail\"><img decoding=\"async\" width=\"768\" height=\"384\" src=\"https:\/\/www.idealpropertymallorca.com\/blog\/wp-content\/uploads\/2024\/06\/La-Patrona-de-Pollenca-768x384.png\" class=\"attachment-medium_large size-medium_large wp-image-20511\" alt=\"La Patrona de Pollen\u00e7a\" srcset=\"https:\/\/www.idealpropertymallorca.com\/blog\/wp-content\/uploads\/2024\/06\/La-Patrona-de-Pollenca-768x384.png 768w, https:\/\/www.idealpropertymallorca.com\/blog\/wp-content\/uploads\/2024\/06\/La-Patrona-de-Pollenca.png 935w\" sizes=\"(max-width: 768px) 100vw, 768px\" \/><\/div><\/a>\n\t\t\t\t<div class=\"elementor-post__text\">\n\t\t\t\t<h3 class=\"elementor-post__title\">\n\t\t\t<a href=\"https:\/\/www.idealpropertymallorca.com\/blog\/fr\/les-fetes-de-la-patrona-de-pollenca\/\" >\n\t\t\t\tLes f\u00eates de la Patrona \u00e0 Pollen\u00e7a\t\t\t<\/a>\n\t\t<\/h3>\n\t\t\n\t\t<a class=\"elementor-post__read-more\" href=\"https:\/\/www.idealpropertymallorca.com\/blog\/fr\/les-fetes-de-la-patrona-de-pollenca\/\" aria-label=\"Read more about Les f\u00eates de la Patrona \u00e0 Pollen\u00e7a\" tabindex=\"-1\" >\n\t\t\tContinuer \u00e0 lire\t\t<\/a>\n\n\t\t\t\t<\/div>\n\t\t\t\t\t<\/div>\n\t\t<\/article>\n\t\t\t\t<article class=\"elementor-post elementor-grid-item post-20345 post type-post status-publish format-standard has-post-thumbnail hentry category-towns-and-cities\" role=\"listitem\">\n\t\t\t<div class=\"elementor-post__card\">\n\t\t\t\t<a class=\"elementor-post__thumbnail__link\" href=\"https:\/\/www.idealpropertymallorca.com\/blog\/fr\/plage-port-de-pollenca\/\" tabindex=\"-1\" ><div class=\"elementor-post__thumbnail\"><img loading=\"lazy\" decoding=\"async\" width=\"768\" height=\"256\" src=\"https:\/\/www.idealpropertymallorca.com\/blog\/wp-content\/uploads\/2025\/06\/ver-playa-pollenca-768x256.jpg\" class=\"attachment-medium_large size-medium_large wp-image-20308\" alt=\"ver-playa-pollenca.jpg\" srcset=\"https:\/\/www.idealpropertymallorca.com\/blog\/wp-content\/uploads\/2025\/06\/ver-playa-pollenca-768x256.jpg 768w, https:\/\/www.idealpropertymallorca.com\/blog\/wp-content\/uploads\/2025\/06\/ver-playa-pollenca-300x100.jpg 300w, https:\/\/www.idealpropertymallorca.com\/blog\/wp-content\/uploads\/2025\/06\/ver-playa-pollenca-1024x341.jpg 1024w, https:\/\/www.idealpropertymallorca.com\/blog\/wp-content\/uploads\/2025\/06\/ver-playa-pollenca-1536x512.jpg 1536w, https:\/\/www.idealpropertymallorca.com\/blog\/wp-content\/uploads\/2025\/06\/ver-playa-pollenca-2048x682.jpg 2048w\" sizes=\"(max-width: 768px) 100vw, 768px\" \/><\/div><\/a>\n\t\t\t\t<div class=\"elementor-post__text\">\n\t\t\t\t<h3 class=\"elementor-post__title\">\n\t\t\t<a href=\"https:\/\/www.idealpropertymallorca.com\/blog\/fr\/plage-port-de-pollenca\/\" >\n\t\t\t\tLa plage de Port de Pollen\u00e7a : la plage pavillon bleu qui a tout pour plaire\t\t\t<\/a>\n\t\t<\/h3>\n\t\t\n\t\t<a class=\"elementor-post__read-more\" href=\"https:\/\/www.idealpropertymallorca.com\/blog\/fr\/plage-port-de-pollenca\/\" aria-label=\"Read more about La plage de Port de Pollen\u00e7a : la plage pavillon bleu qui a tout pour plaire\" tabindex=\"-1\" >\n\t\t\tContinuer \u00e0 lire\t\t<\/a>\n\n\t\t\t\t<\/div>\n\t\t\t\t\t<\/div>\n\t\t<\/article>\n\t\t\t\t<article class=\"elementor-post elementor-grid-item post-13595 post type-post status-publish format-standard has-post-thumbnail hentry category-villes-et-villages\" role=\"listitem\">\n\t\t\t<div class=\"elementor-post__card\">\n\t\t\t\t<a class=\"elementor-post__thumbnail__link\" href=\"https:\/\/www.idealpropertymallorca.com\/blog\/fr\/guide-des-12-sites-a-voir-a-pollensa\/\" tabindex=\"-1\" ><div class=\"elementor-post__thumbnail\"><img loading=\"lazy\" decoding=\"async\" width=\"768\" height=\"288\" src=\"https:\/\/www.idealpropertymallorca.com\/blog\/wp-content\/uploads\/2023\/04\/12-lugares-que-ver-en-pollensa-768x288.jpg\" class=\"attachment-medium_large size-medium_large wp-image-13597\" alt=\"Conoce Pollensa y sus encantos\" srcset=\"https:\/\/www.idealpropertymallorca.com\/blog\/wp-content\/uploads\/2023\/04\/12-lugares-que-ver-en-pollensa-768x288.jpg 768w, https:\/\/www.idealpropertymallorca.com\/blog\/wp-content\/uploads\/2023\/04\/12-lugares-que-ver-en-pollensa-1536x576.jpg 1536w, https:\/\/www.idealpropertymallorca.com\/blog\/wp-content\/uploads\/2023\/04\/12-lugares-que-ver-en-pollensa.jpg 1920w\" sizes=\"(max-width: 768px) 100vw, 768px\" \/><\/div><\/a>\n\t\t\t\t<div class=\"elementor-post__text\">\n\t\t\t\t<h3 class=\"elementor-post__title\">\n\t\t\t<a href=\"https:\/\/www.idealpropertymallorca.com\/blog\/fr\/guide-des-12-sites-a-voir-a-pollensa\/\" >\n\t\t\t\tGuide des 12 sites \u00e0 voir \u00e0 Pollensa\t\t\t<\/a>\n\t\t<\/h3>\n\t\t\n\t\t<a class=\"elementor-post__read-more\" href=\"https:\/\/www.idealpropertymallorca.com\/blog\/fr\/guide-des-12-sites-a-voir-a-pollensa\/\" aria-label=\"Read more about Guide des 12 sites \u00e0 voir \u00e0 Pollensa\" tabindex=\"-1\" >\n\t\t\tContinuer \u00e0 lire\t\t<\/a>\n\n\t\t\t\t<\/div>\n\t\t\t\t\t<\/div>\n\t\t<\/article>\n\t\t\t\t<\/div>\n\t\t\n\t\t\t\t\t\t<\/div>\n\t\t\t\t<\/div>\n\t\t\t\t\t<\/div>\n\t\t\t\t<\/div>\n\t\t\t\t<section class=\"elementor-section elementor-top-section elementor-element elementor-element-e758e76 elementor-section-boxed elementor-section-height-default elementor-section-height-default\" data-id=\"e758e76\" data-element_type=\"section\" data-e-type=\"section\">\n\t\t\t\t\t\t<div class=\"elementor-container elementor-column-gap-default\">\n\t\t\t\t\t<div class=\"elementor-column elementor-col-100 elementor-top-column elementor-element elementor-element-d7edc28\" data-id=\"d7edc28\" data-element_type=\"column\" data-e-type=\"column\">\n\t\t\t<div class=\"elementor-widget-wrap elementor-element-populated\">\n\t\t\t\t\t\t<div class=\"elementor-element elementor-element-28c06df elementor-widget elementor-widget-heading\" data-id=\"28c06df\" data-element_type=\"widget\" data-e-type=\"widget\" data-widget_type=\"heading.default\">\n\t\t\t\t<div class=\"elementor-widget-container\">\n\t\t\t\t\t<h2 class=\"elementor-heading-title elementor-size-default\">O\u00f9 bien manger dans la Baie de Pollen\u00e7a ?<\/h2>\t\t\t\t<\/div>\n\t\t\t\t<\/div>\n\t\t\t\t<div class=\"elementor-element elementor-element-99ae15b elementor-widget elementor-widget-text-editor\" data-id=\"99ae15b\" data-element_type=\"widget\" data-e-type=\"widget\" data-widget_type=\"text-editor.default\">\n\t\t\t\t<div class=\"elementor-widget-container\">\n\t\t\t\t\t\t\t\t\t<p>Impossible de parler de la baie de Pollen\u00e7a sans \u00e9voquer sa gastronomie.<\/p><p>\u00c0 Pollen\u00e7a, le <strong>restaurant Celler El Mol\u00ed<\/strong> est un classique, o\u00f9 la cuisine majorquine traditionnelle et la qualit\u00e9 des produits sont \u00e0 l&#8217;honneur\u00a0; de plus, Le menu du midi est \u00e0 d\u00e9couvrir absolument. Pour une ambiance plus d\u00e9tendue, le <strong>Bar Nou<\/strong> propose d\u2019excellentes tapas maison comme le <em>tumbet<\/em> ou le <em>frito mallorqu\u00edn<\/em>, \u00e0 des prix tr\u00e8s abordables. Pour une exp\u00e9rience plus romantique et pleine de charme, essayez <strong>La Font del Gall<\/strong>, o\u00f9 la <em>coca mallorquina<\/em> et le cochon de lait sont \u00e0 go\u00fbter absolument.<\/p><p>Au port de Pollen\u00e7a, l\u2019offre est plus cosmopolite. Vous pourrez d\u00e9guster un traditionnel <em>pa amb oli<\/em> ou un riz majorquin \u00e0 la <strong>Bodega Can Ferr\u00e0<\/strong>, savourer une paella v\u00e9g\u00e9tarienne ou encore un <em>frito mallorqu\u00edn<\/em> chez <strong>Zarzales<\/strong>. Envie de quelque chose d&#8217;un peu plus \u00e9pic\u00e9 ? L\u2019<strong>Himalaya Indian Nepalese<\/strong> est une agr\u00e9able surprise, avec ses saveurs relev\u00e9es et de d\u00e9licieux plats comme le poulet<em> tikka masala <\/em>qui ravira les amateurs d\u2019\u00e9pices.<\/p><p>Peu importe vos go\u00fbts, vous \u00eates assur\u00e9 de bien manger sur l\u2019\u00eele.<\/p>\t\t\t\t\t\t\t\t<\/div>\n\t\t\t\t<\/div>\n\t\t\t\t\t<\/div>\n\t\t<\/div>\n\t\t\t\t\t<\/div>\n\t\t<\/section>\n\t\t<div class=\"elementor-element elementor-element-03b83cc e-flex e-con-boxed e-con e-parent\" data-id=\"03b83cc\" data-element_type=\"container\" data-e-type=\"container\">\n\t\t\t\t\t<div class=\"e-con-inner\">\n\t\t\t\t<div class=\"elementor-element elementor-element-ee80a6b elementor-widget elementor-widget-grid\" data-id=\"ee80a6b\" data-element_type=\"widget\" data-e-type=\"widget\" data-widget_type=\"grid.default\">\n\t\t\t\t<div class=\"elementor-widget-container\">\n\t\t\t\t\t\t\t<div class=\"its--row alojamientos-recomendados\">\n\n\t\t\t<div class=\"alojamientos-recomendados-container\">\n\n\t\t\t\t\t\n\t\t\t\t\t<a href=\"https:\/\/www.idealpropertymallorca.com\/fr\/location\/domaine-pollensa-la-caseta-299291.html\" rel=\"nofollow\" style=\"width: 32%;\">\n\t\t\t\t\t\t<div class=\"apartamento-box\">\n\t\t\t\t\t\t\t<div class=\"imagen_recomendados\">\n\t\t\t\t\t\t\t\t<img decoding=\"async\" src=\"https:\/\/crs.avantio.com\/fotos\/2\/157069175069552473988e58cc0e1a3706403709a1\/big157069177457fc54e5c0cbc2afea5906af21b5821f.jpg\" alt=\"Finca majorquine La Caseta \u00e0 Pollensa piscine\">\n\t\t\t\t\t\t\t<\/div>\n\t\t\t\t\t\t\t<div class=\"info\">\n\t\t\t\t\t\t\t\t<div class=\"ubicacion\">\n\t\t\t\t\t\t\t\t\t<i class=\"fa-solid fa-location-dot icono-mapa\"><\/i><span class=\"ubicacion-texto\">Pollensa - Dpt. Mallorca<\/span>\n\t\t\t\t\t\t\t\t<\/div>\n\t\t\t\t\t\t\t\t<H4 class=\"titulo-alojamiento\">\n\t\t\t\t\t\t\t\t\tFinca majorquine La Caseta \u00e0 Pollensa piscine\t\t\t\t\t\t\t\t<\/H4>\n\t\t\t\t\t\t\t\t<p class=\"precio-alojamiento\">\u00c0 partir de <span class=\"precio\">137.50\u20ac<\/span> par nuit<\/p>\n\t\t\t\t\t\t\t<\/div>\n\t\t\t\t\t\t<\/div>\n\t\t\t\t\t<\/a> \n\t\t\t\t\t\t\n\t\t\t\t\t<a href=\"https:\/\/www.idealpropertymallorca.com\/fr\/location\/maison-pollensa-can-bennassar-299556.html\" rel=\"nofollow\" style=\"width: 32%;\">\n\t\t\t\t\t\t<div class=\"apartamento-box\">\n\t\t\t\t\t\t\t<div class=\"imagen_recomendados\">\n\t\t\t\t\t\t\t\t<img decoding=\"async\" src=\"https:\/\/crs.avantio.com\/fotos\/2\/157106065120b8285bed7401077aaf5fd04b0afaa4\/big15710606534673d861ee7891c84b2e0fdb6ae230b5.jpg\" alt=\"Maison \u00e0 Pollensa Can Bennassar pr\u00e8s de la plage\">\n\t\t\t\t\t\t\t<\/div>\n\t\t\t\t\t\t\t<div class=\"info\">\n\t\t\t\t\t\t\t\t<div class=\"ubicacion\">\n\t\t\t\t\t\t\t\t\t<i class=\"fa-solid fa-location-dot icono-mapa\"><\/i><span class=\"ubicacion-texto\">Pollensa - Dpt. Mallorca<\/span>\n\t\t\t\t\t\t\t\t<\/div>\n\t\t\t\t\t\t\t\t<H4 class=\"titulo-alojamiento\">\n\t\t\t\t\t\t\t\t\tMaison \u00e0 Pollensa Can Bennassar pr\u00e8s de la plage\t\t\t\t\t\t\t\t<\/H4>\n\t\t\t\t\t\t\t\t<p class=\"precio-alojamiento\">\u00c0 partir de <span class=\"precio\">143.00\u20ac<\/span> par nuit<\/p>\n\t\t\t\t\t\t\t<\/div>\n\t\t\t\t\t\t<\/div>\n\t\t\t\t\t<\/a> \n\t\t\t\t\t\t\n\t\t\t\t\t<a href=\"https:\/\/www.idealpropertymallorca.com\/fr\/location\/maison-puerto-pollensa-llenaire-302015.html\" rel=\"nofollow\" style=\"width: 32%;\">\n\t\t\t\t\t\t<div class=\"apartamento-box\">\n\t\t\t\t\t\t\t<div class=\"imagen_recomendados\">\n\t\t\t\t\t\t\t\t<img decoding=\"async\" src=\"https:\/\/crs.avantio.com\/fotos\/2\/1572876498d4dc2da7d05d08dae89d8e9f51bb117b\/big157287650207be4af7536d91a375335173ef3a6361.jpg\" alt=\"Maison Puerto Pollensa Llenaire avec piscine\">\n\t\t\t\t\t\t\t<\/div>\n\t\t\t\t\t\t\t<div class=\"info\">\n\t\t\t\t\t\t\t\t<div class=\"ubicacion\">\n\t\t\t\t\t\t\t\t\t<i class=\"fa-solid fa-location-dot icono-mapa\"><\/i><span class=\"ubicacion-texto\">Puerto Pollensa - Dpt. Mallorca<\/span>\n\t\t\t\t\t\t\t\t<\/div>\n\t\t\t\t\t\t\t\t<H4 class=\"titulo-alojamiento\">\n\t\t\t\t\t\t\t\t\tMaison Puerto Pollensa Llenaire avec piscine\t\t\t\t\t\t\t\t<\/H4>\n\t\t\t\t\t\t\t\t<p class=\"precio-alojamiento\">\u00c0 partir de <span class=\"precio\">388.30\u20ac<\/span> par nuit<\/p>\n\t\t\t\t\t\t\t<\/div>\n\t\t\t\t\t\t<\/div>\n\t\t\t\t\t<\/a> \n\t\t\t\t\t\t\t\t<\/div>\n\t\t\t<\/div>\n\t\t\t\t\t\t<\/div>\n\t\t\t\t<\/div>\n\t\t\t\t\t<\/div>\n\t\t\t\t<\/div>\n\t\t\t\t<section class=\"elementor-section elementor-top-section elementor-element elementor-element-cd3f839 elementor-section-boxed elementor-section-height-default elementor-section-height-default\" data-id=\"cd3f839\" data-element_type=\"section\" data-e-type=\"section\">\n\t\t\t\t\t\t<div class=\"elementor-container elementor-column-gap-default\">\n\t\t\t\t\t<div class=\"elementor-column elementor-col-100 elementor-top-column elementor-element elementor-element-774ba30\" data-id=\"774ba30\" data-element_type=\"column\" data-e-type=\"column\">\n\t\t\t<div class=\"elementor-widget-wrap elementor-element-populated\">\n\t\t\t\t\t\t<div class=\"elementor-element elementor-element-6c04cd9 elementor-widget elementor-widget-heading\" data-id=\"6c04cd9\" data-element_type=\"widget\" data-e-type=\"widget\" data-widget_type=\"heading.default\">\n\t\t\t\t<div class=\"elementor-widget-container\">\n\t\t\t\t\t<h2 class=\"elementor-heading-title elementor-size-default\">Comment se rendre \u00e0 la baie de Pollen\u00e7a<\/h2>\t\t\t\t<\/div>\n\t\t\t\t<\/div>\n\t\t\t\t\t<\/div>\n\t\t<\/div>\n\t\t\t\t\t<\/div>\n\t\t<\/section>\n\t\t\t\t<section class=\"elementor-section elementor-top-section elementor-element elementor-element-08d8f82 elementor-section-boxed elementor-section-height-default elementor-section-height-default\" data-id=\"08d8f82\" data-element_type=\"section\" data-e-type=\"section\">\n\t\t\t\t\t\t<div class=\"elementor-container elementor-column-gap-default\">\n\t\t\t\t\t<div class=\"elementor-column elementor-col-50 elementor-top-column elementor-element elementor-element-5eef678\" data-id=\"5eef678\" data-element_type=\"column\" data-e-type=\"column\">\n\t\t\t<div class=\"elementor-widget-wrap elementor-element-populated\">\n\t\t\t\t\t\t<div class=\"elementor-element elementor-element-b90b643 elementor-widget elementor-widget-text-editor\" data-id=\"b90b643\" data-element_type=\"widget\" data-e-type=\"widget\" data-widget_type=\"text-editor.default\">\n\t\t\t\t<div class=\"elementor-widget-container\">\n\t\t\t\t\t\t\t\t\t<p><strong>Depuis Palma de Majorque, la baie est \u00e0 environ 60 km.<\/strong> En voiture, il faut un peu plus d\u2019une heure et le trajet est tr\u00e8s agr\u00e9able. Si vous pr\u00e9f\u00e9rez les transports en commun, il existe des bus directs depuis la <strong>gare intermodale de Palma<\/strong> qui vous d\u00e9posent soit \u00e0 Pollen\u00e7a soit \u00e0 son port.<\/p><p>Pour plus de confort, vous pouvez aussi r\u00e9server un transport priv\u00e9 depuis l\u2019a\u00e9roport. Ce n\u2019est pas l&#8217;option la plus \u00e9conomique, mais cela vous fait gagner du temps et vous commencerez votre voyage du bon pied. <strong>Une fois sur place, vous pourrez facilement vous d\u00e9placer \u00e0 pied ou \u00e0 v\u00e9lo.<\/strong> Avec son terrain plat, la baie se pr\u00eate parfaitement aux promenades tranquilles\u00a0; de plus, tout est \u00e0 proximit\u00e9.<\/p><p>Par ailleurs, si vous louez une voiture, c\u2019est encore mieux ! Vous pourrez visiter d\u2019autres merveilles du nord de Majorque comme Alcudia, Cala Sant Vicen\u00e7, Formentor ou Lluc, le tout \u00e0 deux pas de l\u00e0, sans que vous d\u00e9pendiez des horaires des transports en commun.<\/p>\t\t\t\t\t\t\t\t<\/div>\n\t\t\t\t<\/div>\n\t\t\t\t\t<\/div>\n\t\t<\/div>\n\t\t\t\t<div class=\"elementor-column elementor-col-50 elementor-top-column elementor-element elementor-element-ab15aa6\" data-id=\"ab15aa6\" data-element_type=\"column\" data-e-type=\"column\">\n\t\t\t<div class=\"elementor-widget-wrap elementor-element-populated\">\n\t\t\t\t\t\t<div class=\"elementor-element elementor-element-107e133 elementor-widget elementor-widget-google_maps\" data-id=\"107e133\" data-element_type=\"widget\" data-e-type=\"widget\" data-widget_type=\"google_maps.default\">\n\t\t\t\t<div class=\"elementor-widget-container\">\n\t\t\t\t\t\t\t<div class=\"elementor-custom-embed\">\n\t\t\t<iframe loading=\"lazy\"\n\t\t\t\t\tsrc=\"https:\/\/maps.google.com\/maps?q=Badia%20de%20Pollen%C3%A7a&#038;t=m&#038;z=11&#038;output=embed&#038;iwloc=near\"\n\t\t\t\t\ttitle=\"Badia de Pollen\u00e7a\"\n\t\t\t\t\taria-label=\"Badia de Pollen\u00e7a\"\n\t\t\t><\/iframe>\n\t\t<\/div>\n\t\t\t\t\t\t<\/div>\n\t\t\t\t<\/div>\n\t\t\t\t\t<\/div>\n\t\t<\/div>\n\t\t\t\t\t<\/div>\n\t\t<\/section>\n\t\t\t\t<section class=\"elementor-section elementor-top-section elementor-element elementor-element-5185bbb6 elementor-section-boxed elementor-section-height-default elementor-section-height-default\" data-id=\"5185bbb6\" data-element_type=\"section\" data-e-type=\"section\">\n\t\t\t\t\t\t<div class=\"elementor-container elementor-column-gap-default\">\n\t\t\t\t\t<div class=\"elementor-column elementor-col-100 elementor-top-column elementor-element elementor-element-56669b27\" data-id=\"56669b27\" data-element_type=\"column\" data-e-type=\"column\">\n\t\t\t<div class=\"elementor-widget-wrap elementor-element-populated\">\n\t\t\t\t\t\t<div class=\"elementor-element elementor-element-5fe7e9b6 elementor-widget elementor-widget-heading\" data-id=\"5fe7e9b6\" data-element_type=\"widget\" data-e-type=\"widget\" data-widget_type=\"heading.default\">\n\t\t\t\t<div class=\"elementor-widget-container\">\n\t\t\t\t\t<h2 class=\"elementor-heading-title elementor-size-default\">Pourquoi visiter la baie de Pollen\u00e7a ?<\/h2>\t\t\t\t<\/div>\n\t\t\t\t<\/div>\n\t\t\t\t<div class=\"elementor-element elementor-element-17e30a00 elementor-widget elementor-widget-text-editor\" data-id=\"17e30a00\" data-element_type=\"widget\" data-e-type=\"widget\" data-widget_type=\"text-editor.default\">\n\t\t\t\t<div class=\"elementor-widget-container\">\n\t\t\t\t\t\t\t\t\t<p>Si vous recherchez une exp\u00e9rience authentique \u00e0 Majorque, loin du tumulte quotidien, entour\u00e9 d&#8217;un paysage de carte postale et avec tout le charme du nord de l&#8217;\u00eele&#8230; Vous savez o\u00f9 vous rendre pour vos prochaines vacances ! La baie de Pollen\u00e7a vous accueillera \u00e0 bras ouverts\u00a0: vous ne serez pas d\u00e9\u00e7u.<\/p><p>Afin de vivre l&#8217;exp\u00e9rience de A \u00e0 Z, pourquoi ne pas s\u00e9journer \u00e0 Pollen\u00e7a\u00a0? Une large gamme d&#8217;h\u00e9bergements vous est propos\u00e9e, en passant <strong>des villas priv\u00e9es telles que <\/strong><a href=\"https:\/\/www.idealpropertymallorca.com\/fr\/location\/domaine-pollensa-finca-majorquine-la-caseta-a-pollensa-avec-piscine-299291.html\"><strong>La Caseta<\/strong><\/a><strong>, aux maisons traditionnelles majorquines ou aux appartements avec vue sur mer.<\/strong> Chez Ideal Property, nous avons exactement ce que vous cherchez pour que vos vacances \u00e0 Majorque se d\u00e9roulent exactement comme vous les esp\u00e9rez : agr\u00e9ables, uniques et avec tout ce qu&#8217;il faut \u00e0 port\u00e9e de main.<\/p><p>Alors, n&#8217;attendez plus : parcourez notre site en quelques <a href=\"https:\/\/www.idealpropertymallorca.com\/fr\/\">clics<\/a>, choisissez votre logement, et laissez-vous tenter par la magie de la Baie de Pollen\u00e7a.<\/p>\t\t\t\t\t\t\t\t<\/div>\n\t\t\t\t<\/div>\n\t\t\t\t\t<\/div>\n\t\t<\/div>\n\t\t\t\t\t<\/div>\n\t\t<\/section>\n\t\t\t\t<section class=\"elementor-section elementor-top-section elementor-element elementor-element-232b3ca0 elementor-section-boxed elementor-section-height-default elementor-section-height-default\" data-id=\"232b3ca0\" data-element_type=\"section\" data-e-type=\"section\">\n\t\t\t\t\t\t<div class=\"elementor-container elementor-column-gap-default\">\n\t\t\t\t\t<div class=\"elementor-column elementor-col-33 elementor-top-column elementor-element elementor-element-2ecffdfb\" data-id=\"2ecffdfb\" data-element_type=\"column\" data-e-type=\"column\" data-settings=\"{&quot;background_background&quot;:&quot;classic&quot;}\">\n\t\t\t<div class=\"elementor-widget-wrap elementor-element-populated\">\n\t\t\t\t\t\t<div class=\"elementor-element elementor-element-6b057d02 elementor-align-center elementor-widget elementor-widget-button\" data-id=\"6b057d02\" data-element_type=\"widget\" data-e-type=\"widget\" data-widget_type=\"button.default\">\n\t\t\t\t<div class=\"elementor-widget-container\">\n\t\t\t\t\t\t\t\t\t<div class=\"elementor-button-wrapper\">\n\t\t\t\t\t<a class=\"elementor-button elementor-button-link elementor-size-sm\" href=\"https:\/\/www.idealpropertymallorca.com\/fr\/location\/domaine-pollensa-c22d459611\/\">\n\t\t\t\t\t\t<span class=\"elementor-button-content-wrapper\">\n\t\t\t\t\t\t\t\t\t<span class=\"elementor-button-text\">Domaines \u00e0  Pollen\u00e7a<\/span>\n\t\t\t\t\t<\/span>\n\t\t\t\t\t<\/a>\n\t\t\t\t<\/div>\n\t\t\t\t\t\t\t\t<\/div>\n\t\t\t\t<\/div>\n\t\t\t\t\t<\/div>\n\t\t<\/div>\n\t\t\t\t<div class=\"elementor-column elementor-col-33 elementor-top-column elementor-element elementor-element-560acf94\" data-id=\"560acf94\" data-element_type=\"column\" data-e-type=\"column\" data-settings=\"{&quot;background_background&quot;:&quot;classic&quot;}\">\n\t\t\t<div class=\"elementor-widget-wrap elementor-element-populated\">\n\t\t\t\t\t\t<div class=\"elementor-element elementor-element-109dc866 elementor-align-center elementor-widget elementor-widget-button\" data-id=\"109dc866\" data-element_type=\"widget\" data-e-type=\"widget\" data-widget_type=\"button.default\">\n\t\t\t\t<div class=\"elementor-widget-container\">\n\t\t\t\t\t\t\t\t\t<div class=\"elementor-button-wrapper\">\n\t\t\t\t\t<a class=\"elementor-button elementor-button-link elementor-size-sm\" href=\"https:\/\/www.idealpropertymallorca.com\/fr\/location\/appartements-puerto-pollensa-c1d459709\/\">\n\t\t\t\t\t\t<span class=\"elementor-button-content-wrapper\">\n\t\t\t\t\t\t\t\t\t<span class=\"elementor-button-text\">Appartements \u00e0 Pollen\u00e7a<\/span>\n\t\t\t\t\t<\/span>\n\t\t\t\t\t<\/a>\n\t\t\t\t<\/div>\n\t\t\t\t\t\t\t\t<\/div>\n\t\t\t\t<\/div>\n\t\t\t\t\t<\/div>\n\t\t<\/div>\n\t\t\t\t<div class=\"elementor-column elementor-col-33 elementor-top-column elementor-element elementor-element-5d1f0875\" data-id=\"5d1f0875\" data-element_type=\"column\" data-e-type=\"column\" data-settings=\"{&quot;background_background&quot;:&quot;classic&quot;}\">\n\t\t\t<div class=\"elementor-widget-wrap elementor-element-populated\">\n\t\t\t\t\t\t<div class=\"elementor-element elementor-element-2063df6a elementor-align-center elementor-widget elementor-widget-button\" data-id=\"2063df6a\" data-element_type=\"widget\" data-e-type=\"widget\" data-widget_type=\"button.default\">\n\t\t\t\t<div class=\"elementor-widget-container\">\n\t\t\t\t\t\t\t\t\t<div class=\"elementor-button-wrapper\">\n\t\t\t\t\t<a class=\"elementor-button elementor-button-link elementor-size-sm\" href=\"https:\/\/www.idealpropertymallorca.com\/fr\/location\/maisons-pollensa-c19d459611\/\">\n\t\t\t\t\t\t<span class=\"elementor-button-content-wrapper\">\n\t\t\t\t\t\t\t\t\t<span class=\"elementor-button-text\">Maisons de vacances \u00e0 Pollen\u00e7a<\/span>\n\t\t\t\t\t<\/span>\n\t\t\t\t\t<\/a>\n\t\t\t\t<\/div>\n\t\t\t\t\t\t\t\t<\/div>\n\t\t\t\t<\/div>\n\t\t\t\t\t<\/div>\n\t\t<\/div>\n\t\t\t\t\t<\/div>\n\t\t<\/section>\n\t\t\t\t<\/div>\n\t\t","protected":false},"excerpt":{"rendered":"<p>Si vous recherchez une destination \u00e0 Majorque o\u00f9 r\u00e8gnent la tranquillit\u00e9, la proximit\u00e9 de la mer et o\u00f9 le temps semble ralentir&#8230; Alors la Baie<\/p>\n","protected":false},"author":3,"featured_media":18967,"comment_status":"open","ping_status":"open","sticky":false,"template":"","format":"standard","meta":{"footnotes":""},"categories":[118],"tags":[],"class_list":["post-19051","post","type-post","status-publish","format-standard","has-post-thumbnail","hentry","category-beaches-3"],"yoast_head":"<!-- This site is optimized with the Yoast SEO plugin v27.4 - https:\/\/yoast.com\/product\/yoast-seo-wordpress\/ -->\n<title>Venez d\u00e9couvrir tout ce qu\u2019offre la baie de Pollen\u00e7a - Majorca Blog<\/title>\n<meta name=\"description\" content=\"La baie de Pollen\u00e7a allie mer, montagne et tradition dans un cadre propice \u00e0 la d\u00e9tente et \u00e0 la d\u00e9couverte de Majorque.\" \/>\n<meta name=\"robots\" content=\"index, follow, max-snippet:-1, max-image-preview:large, max-video-preview:-1\" \/>\n<link rel=\"canonical\" href=\"https:\/\/www.idealpropertymallorca.com\/blog\/fr\/venez-decouvrir-tout-ce-quoffre-la-baie-de-pollenca\/\" \/>\n<meta property=\"og:locale\" content=\"fr_FR\" \/>\n<meta property=\"og:type\" content=\"article\" \/>\n<meta property=\"og:title\" content=\"Venez d\u00e9couvrir tout ce qu\u2019offre la baie de Pollen\u00e7a - Majorca Blog\" \/>\n<meta property=\"og:description\" content=\"La baie de Pollen\u00e7a allie mer, montagne et tradition dans un cadre propice \u00e0 la d\u00e9tente et \u00e0 la d\u00e9couverte de Majorque.\" \/>\n<meta property=\"og:url\" content=\"https:\/\/www.idealpropertymallorca.com\/blog\/fr\/venez-decouvrir-tout-ce-quoffre-la-baie-de-pollenca\/\" \/>\n<meta property=\"og:site_name\" content=\"Majorca Blog\" \/>\n<meta property=\"article:published_time\" content=\"2025-04-29T06:23:40+00:00\" \/>\n<meta property=\"article:modified_time\" content=\"2025-08-25T07:17:24+00:00\" \/>\n<meta property=\"og:image\" content=\"https:\/\/www.idealpropertymallorca.com\/blog\/wp-content\/uploads\/2025\/04\/Badia-de-Pollenca.jpg\" \/>\n\t<meta property=\"og:image:width\" content=\"1920\" \/>\n\t<meta property=\"og:image:height\" content=\"641\" \/>\n\t<meta property=\"og:image:type\" content=\"image\/jpeg\" \/>\n<meta name=\"author\" content=\"digitalservices\" \/>\n<meta name=\"twitter:card\" content=\"summary_large_image\" \/>\n<meta name=\"twitter:label1\" content=\"Written by\" \/>\n\t<meta name=\"twitter:data1\" content=\"digitalservices\" \/>\n\t<meta name=\"twitter:label2\" content=\"Est. reading time\" \/>\n\t<meta name=\"twitter:data2\" content=\"8 minutes\" \/>\n<script type=\"application\/ld+json\" class=\"yoast-schema-graph\">{\"@context\":\"https:\\\/\\\/schema.org\",\"@graph\":[{\"@type\":\"Article\",\"@id\":\"https:\\\/\\\/www.idealpropertymallorca.com\\\/blog\\\/fr\\\/venez-decouvrir-tout-ce-quoffre-la-baie-de-pollenca\\\/#article\",\"isPartOf\":{\"@id\":\"https:\\\/\\\/www.idealpropertymallorca.com\\\/blog\\\/fr\\\/venez-decouvrir-tout-ce-quoffre-la-baie-de-pollenca\\\/\"},\"author\":{\"name\":\"digitalservices\",\"@id\":\"https:\\\/\\\/www.idealpropertymallorca.com\\\/blog\\\/fr\\\/#\\\/schema\\\/person\\\/8afda339a8de0d6db90fffb895f38917\"},\"headline\":\"Venez d\u00e9couvrir tout ce qu\u2019offre la baie de Pollen\u00e7a\",\"datePublished\":\"2025-04-29T06:23:40+00:00\",\"dateModified\":\"2025-08-25T07:17:24+00:00\",\"mainEntityOfPage\":{\"@id\":\"https:\\\/\\\/www.idealpropertymallorca.com\\\/blog\\\/fr\\\/venez-decouvrir-tout-ce-quoffre-la-baie-de-pollenca\\\/\"},\"wordCount\":1145,\"commentCount\":0,\"publisher\":{\"@id\":\"https:\\\/\\\/www.idealpropertymallorca.com\\\/blog\\\/fr\\\/#organization\"},\"image\":{\"@id\":\"https:\\\/\\\/www.idealpropertymallorca.com\\\/blog\\\/fr\\\/venez-decouvrir-tout-ce-quoffre-la-baie-de-pollenca\\\/#primaryimage\"},\"thumbnailUrl\":\"https:\\\/\\\/www.idealpropertymallorca.com\\\/blog\\\/wp-content\\\/uploads\\\/2025\\\/04\\\/Badia-de-Pollenca.jpg\",\"articleSection\":[\"Beaches\"],\"inLanguage\":\"fr\",\"potentialAction\":[{\"@type\":\"CommentAction\",\"name\":\"Comment\",\"target\":[\"https:\\\/\\\/www.idealpropertymallorca.com\\\/blog\\\/fr\\\/venez-decouvrir-tout-ce-quoffre-la-baie-de-pollenca\\\/#respond\"]}]},{\"@type\":\"WebPage\",\"@id\":\"https:\\\/\\\/www.idealpropertymallorca.com\\\/blog\\\/fr\\\/venez-decouvrir-tout-ce-quoffre-la-baie-de-pollenca\\\/\",\"url\":\"https:\\\/\\\/www.idealpropertymallorca.com\\\/blog\\\/fr\\\/venez-decouvrir-tout-ce-quoffre-la-baie-de-pollenca\\\/\",\"name\":\"Venez d\u00e9couvrir tout ce qu\u2019offre la baie de Pollen\u00e7a - Majorca Blog\",\"isPartOf\":{\"@id\":\"https:\\\/\\\/www.idealpropertymallorca.com\\\/blog\\\/fr\\\/#website\"},\"primaryImageOfPage\":{\"@id\":\"https:\\\/\\\/www.idealpropertymallorca.com\\\/blog\\\/fr\\\/venez-decouvrir-tout-ce-quoffre-la-baie-de-pollenca\\\/#primaryimage\"},\"image\":{\"@id\":\"https:\\\/\\\/www.idealpropertymallorca.com\\\/blog\\\/fr\\\/venez-decouvrir-tout-ce-quoffre-la-baie-de-pollenca\\\/#primaryimage\"},\"thumbnailUrl\":\"https:\\\/\\\/www.idealpropertymallorca.com\\\/blog\\\/wp-content\\\/uploads\\\/2025\\\/04\\\/Badia-de-Pollenca.jpg\",\"datePublished\":\"2025-04-29T06:23:40+00:00\",\"dateModified\":\"2025-08-25T07:17:24+00:00\",\"description\":\"La baie de Pollen\u00e7a allie mer, montagne et tradition dans un cadre propice \u00e0 la d\u00e9tente et \u00e0 la d\u00e9couverte de Majorque.\",\"inLanguage\":\"fr\",\"potentialAction\":[{\"@type\":\"ReadAction\",\"target\":[\"https:\\\/\\\/www.idealpropertymallorca.com\\\/blog\\\/fr\\\/venez-decouvrir-tout-ce-quoffre-la-baie-de-pollenca\\\/\"]}]},{\"@type\":\"ImageObject\",\"inLanguage\":\"fr\",\"@id\":\"https:\\\/\\\/www.idealpropertymallorca.com\\\/blog\\\/fr\\\/venez-decouvrir-tout-ce-quoffre-la-baie-de-pollenca\\\/#primaryimage\",\"url\":\"https:\\\/\\\/www.idealpropertymallorca.com\\\/blog\\\/wp-content\\\/uploads\\\/2025\\\/04\\\/Badia-de-Pollenca.jpg\",\"contentUrl\":\"https:\\\/\\\/www.idealpropertymallorca.com\\\/blog\\\/wp-content\\\/uploads\\\/2025\\\/04\\\/Badia-de-Pollenca.jpg\",\"width\":1920,\"height\":641,\"caption\":\"Badia de Pollen\u00e7a\"},{\"@type\":\"WebSite\",\"@id\":\"https:\\\/\\\/www.idealpropertymallorca.com\\\/blog\\\/fr\\\/#website\",\"url\":\"https:\\\/\\\/www.idealpropertymallorca.com\\\/blog\\\/fr\\\/\",\"name\":\"Majorca Blog\",\"description\":\"Find relevant tourist information to see and do on the island of Mallorca during your holiday. Discover the best places and tips!\",\"publisher\":{\"@id\":\"https:\\\/\\\/www.idealpropertymallorca.com\\\/blog\\\/fr\\\/#organization\"},\"potentialAction\":[{\"@type\":\"SearchAction\",\"target\":{\"@type\":\"EntryPoint\",\"urlTemplate\":\"https:\\\/\\\/www.idealpropertymallorca.com\\\/blog\\\/fr\\\/?s={search_term_string}\"},\"query-input\":{\"@type\":\"PropertyValueSpecification\",\"valueRequired\":true,\"valueName\":\"search_term_string\"}}],\"inLanguage\":\"fr\"},{\"@type\":\"Organization\",\"@id\":\"https:\\\/\\\/www.idealpropertymallorca.com\\\/blog\\\/fr\\\/#organization\",\"name\":\"Majorca Blog\",\"url\":\"https:\\\/\\\/www.idealpropertymallorca.com\\\/blog\\\/fr\\\/\",\"logo\":{\"@type\":\"ImageObject\",\"inLanguage\":\"fr\",\"@id\":\"https:\\\/\\\/www.idealpropertymallorca.com\\\/blog\\\/fr\\\/#\\\/schema\\\/logo\\\/image\\\/\",\"url\":\"https:\\\/\\\/www.idealpropertymallorca.com\\\/blog\\\/wp-content\\\/uploads\\\/2024\\\/10\\\/ideal-property-mallorca-blue-mobile.png\",\"contentUrl\":\"https:\\\/\\\/www.idealpropertymallorca.com\\\/blog\\\/wp-content\\\/uploads\\\/2024\\\/10\\\/ideal-property-mallorca-blue-mobile.png\",\"width\":500,\"height\":150,\"caption\":\"Majorca Blog\"},\"image\":{\"@id\":\"https:\\\/\\\/www.idealpropertymallorca.com\\\/blog\\\/fr\\\/#\\\/schema\\\/logo\\\/image\\\/\"}},{\"@type\":\"Person\",\"@id\":\"https:\\\/\\\/www.idealpropertymallorca.com\\\/blog\\\/fr\\\/#\\\/schema\\\/person\\\/8afda339a8de0d6db90fffb895f38917\",\"name\":\"digitalservices\",\"image\":{\"@type\":\"ImageObject\",\"inLanguage\":\"fr\",\"@id\":\"https:\\\/\\\/secure.gravatar.com\\\/avatar\\\/af30f88a1904294c1f3eb09a9d7903eec4ffa18fa2cf40c28a8681014ecdfc20?s=96&d=mm&r=g\",\"url\":\"https:\\\/\\\/secure.gravatar.com\\\/avatar\\\/af30f88a1904294c1f3eb09a9d7903eec4ffa18fa2cf40c28a8681014ecdfc20?s=96&d=mm&r=g\",\"contentUrl\":\"https:\\\/\\\/secure.gravatar.com\\\/avatar\\\/af30f88a1904294c1f3eb09a9d7903eec4ffa18fa2cf40c28a8681014ecdfc20?s=96&d=mm&r=g\",\"caption\":\"digitalservices\"}}]}<\/script>\n<!-- \/ Yoast SEO plugin. -->","yoast_head_json":{"title":"Venez d\u00e9couvrir tout ce qu\u2019offre la baie de Pollen\u00e7a - Majorca Blog","description":"La baie de Pollen\u00e7a allie mer, montagne et tradition dans un cadre propice \u00e0 la d\u00e9tente et \u00e0 la d\u00e9couverte de Majorque.","robots":{"index":"index","follow":"follow","max-snippet":"max-snippet:-1","max-image-preview":"max-image-preview:large","max-video-preview":"max-video-preview:-1"},"canonical":"https:\/\/www.idealpropertymallorca.com\/blog\/fr\/venez-decouvrir-tout-ce-quoffre-la-baie-de-pollenca\/","og_locale":"fr_FR","og_type":"article","og_title":"Venez d\u00e9couvrir tout ce qu\u2019offre la baie de Pollen\u00e7a - Majorca Blog","og_description":"La baie de Pollen\u00e7a allie mer, montagne et tradition dans un cadre propice \u00e0 la d\u00e9tente et \u00e0 la d\u00e9couverte de Majorque.","og_url":"https:\/\/www.idealpropertymallorca.com\/blog\/fr\/venez-decouvrir-tout-ce-quoffre-la-baie-de-pollenca\/","og_site_name":"Majorca Blog","article_published_time":"2025-04-29T06:23:40+00:00","article_modified_time":"2025-08-25T07:17:24+00:00","og_image":[{"width":1920,"height":641,"url":"https:\/\/www.idealpropertymallorca.com\/blog\/wp-content\/uploads\/2025\/04\/Badia-de-Pollenca.jpg","type":"image\/jpeg"}],"author":"digitalservices","twitter_card":"summary_large_image","twitter_misc":{"Written by":"digitalservices","Est. reading time":"8 minutes"},"schema":{"@context":"https:\/\/schema.org","@graph":[{"@type":"Article","@id":"https:\/\/www.idealpropertymallorca.com\/blog\/fr\/venez-decouvrir-tout-ce-quoffre-la-baie-de-pollenca\/#article","isPartOf":{"@id":"https:\/\/www.idealpropertymallorca.com\/blog\/fr\/venez-decouvrir-tout-ce-quoffre-la-baie-de-pollenca\/"},"author":{"name":"digitalservices","@id":"https:\/\/www.idealpropertymallorca.com\/blog\/fr\/#\/schema\/person\/8afda339a8de0d6db90fffb895f38917"},"headline":"Venez d\u00e9couvrir tout ce qu\u2019offre la baie de Pollen\u00e7a","datePublished":"2025-04-29T06:23:40+00:00","dateModified":"2025-08-25T07:17:24+00:00","mainEntityOfPage":{"@id":"https:\/\/www.idealpropertymallorca.com\/blog\/fr\/venez-decouvrir-tout-ce-quoffre-la-baie-de-pollenca\/"},"wordCount":1145,"commentCount":0,"publisher":{"@id":"https:\/\/www.idealpropertymallorca.com\/blog\/fr\/#organization"},"image":{"@id":"https:\/\/www.idealpropertymallorca.com\/blog\/fr\/venez-decouvrir-tout-ce-quoffre-la-baie-de-pollenca\/#primaryimage"},"thumbnailUrl":"https:\/\/www.idealpropertymallorca.com\/blog\/wp-content\/uploads\/2025\/04\/Badia-de-Pollenca.jpg","articleSection":["Beaches"],"inLanguage":"fr","potentialAction":[{"@type":"CommentAction","name":"Comment","target":["https:\/\/www.idealpropertymallorca.com\/blog\/fr\/venez-decouvrir-tout-ce-quoffre-la-baie-de-pollenca\/#respond"]}]},{"@type":"WebPage","@id":"https:\/\/www.idealpropertymallorca.com\/blog\/fr\/venez-decouvrir-tout-ce-quoffre-la-baie-de-pollenca\/","url":"https:\/\/www.idealpropertymallorca.com\/blog\/fr\/venez-decouvrir-tout-ce-quoffre-la-baie-de-pollenca\/","name":"Venez d\u00e9couvrir tout ce qu\u2019offre la baie de Pollen\u00e7a - Majorca Blog","isPartOf":{"@id":"https:\/\/www.idealpropertymallorca.com\/blog\/fr\/#website"},"primaryImageOfPage":{"@id":"https:\/\/www.idealpropertymallorca.com\/blog\/fr\/venez-decouvrir-tout-ce-quoffre-la-baie-de-pollenca\/#primaryimage"},"image":{"@id":"https:\/\/www.idealpropertymallorca.com\/blog\/fr\/venez-decouvrir-tout-ce-quoffre-la-baie-de-pollenca\/#primaryimage"},"thumbnailUrl":"https:\/\/www.idealpropertymallorca.com\/blog\/wp-content\/uploads\/2025\/04\/Badia-de-Pollenca.jpg","datePublished":"2025-04-29T06:23:40+00:00","dateModified":"2025-08-25T07:17:24+00:00","description":"La baie de Pollen\u00e7a allie mer, montagne et tradition dans un cadre propice \u00e0 la d\u00e9tente et \u00e0 la d\u00e9couverte de Majorque.","inLanguage":"fr","potentialAction":[{"@type":"ReadAction","target":["https:\/\/www.idealpropertymallorca.com\/blog\/fr\/venez-decouvrir-tout-ce-quoffre-la-baie-de-pollenca\/"]}]},{"@type":"ImageObject","inLanguage":"fr","@id":"https:\/\/www.idealpropertymallorca.com\/blog\/fr\/venez-decouvrir-tout-ce-quoffre-la-baie-de-pollenca\/#primaryimage","url":"https:\/\/www.idealpropertymallorca.com\/blog\/wp-content\/uploads\/2025\/04\/Badia-de-Pollenca.jpg","contentUrl":"https:\/\/www.idealpropertymallorca.com\/blog\/wp-content\/uploads\/2025\/04\/Badia-de-Pollenca.jpg","width":1920,"height":641,"caption":"Badia de Pollen\u00e7a"},{"@type":"WebSite","@id":"https:\/\/www.idealpropertymallorca.com\/blog\/fr\/#website","url":"https:\/\/www.idealpropertymallorca.com\/blog\/fr\/","name":"Majorca Blog","description":"Find relevant tourist information to see and do on the island of Mallorca during your holiday. Discover the best places and tips!","publisher":{"@id":"https:\/\/www.idealpropertymallorca.com\/blog\/fr\/#organization"},"potentialAction":[{"@type":"SearchAction","target":{"@type":"EntryPoint","urlTemplate":"https:\/\/www.idealpropertymallorca.com\/blog\/fr\/?s={search_term_string}"},"query-input":{"@type":"PropertyValueSpecification","valueRequired":true,"valueName":"search_term_string"}}],"inLanguage":"fr"},{"@type":"Organization","@id":"https:\/\/www.idealpropertymallorca.com\/blog\/fr\/#organization","name":"Majorca Blog","url":"https:\/\/www.idealpropertymallorca.com\/blog\/fr\/","logo":{"@type":"ImageObject","inLanguage":"fr","@id":"https:\/\/www.idealpropertymallorca.com\/blog\/fr\/#\/schema\/logo\/image\/","url":"https:\/\/www.idealpropertymallorca.com\/blog\/wp-content\/uploads\/2024\/10\/ideal-property-mallorca-blue-mobile.png","contentUrl":"https:\/\/www.idealpropertymallorca.com\/blog\/wp-content\/uploads\/2024\/10\/ideal-property-mallorca-blue-mobile.png","width":500,"height":150,"caption":"Majorca Blog"},"image":{"@id":"https:\/\/www.idealpropertymallorca.com\/blog\/fr\/#\/schema\/logo\/image\/"}},{"@type":"Person","@id":"https:\/\/www.idealpropertymallorca.com\/blog\/fr\/#\/schema\/person\/8afda339a8de0d6db90fffb895f38917","name":"digitalservices","image":{"@type":"ImageObject","inLanguage":"fr","@id":"https:\/\/secure.gravatar.com\/avatar\/af30f88a1904294c1f3eb09a9d7903eec4ffa18fa2cf40c28a8681014ecdfc20?s=96&d=mm&r=g","url":"https:\/\/secure.gravatar.com\/avatar\/af30f88a1904294c1f3eb09a9d7903eec4ffa18fa2cf40c28a8681014ecdfc20?s=96&d=mm&r=g","contentUrl":"https:\/\/secure.gravatar.com\/avatar\/af30f88a1904294c1f3eb09a9d7903eec4ffa18fa2cf40c28a8681014ecdfc20?s=96&d=mm&r=g","caption":"digitalservices"}}]}},"_links":{"self":[{"href":"https:\/\/www.idealpropertymallorca.com\/blog\/fr\/wp-json\/wp\/v2\/posts\/19051","targetHints":{"allow":["GET"]}}],"collection":[{"href":"https:\/\/www.idealpropertymallorca.com\/blog\/fr\/wp-json\/wp\/v2\/posts"}],"about":[{"href":"https:\/\/www.idealpropertymallorca.com\/blog\/fr\/wp-json\/wp\/v2\/types\/post"}],"author":[{"embeddable":true,"href":"https:\/\/www.idealpropertymallorca.com\/blog\/fr\/wp-json\/wp\/v2\/users\/3"}],"replies":[{"embeddable":true,"href":"https:\/\/www.idealpropertymallorca.com\/blog\/fr\/wp-json\/wp\/v2\/comments?post=19051"}],"version-history":[{"count":19,"href":"https:\/\/www.idealpropertymallorca.com\/blog\/fr\/wp-json\/wp\/v2\/posts\/19051\/revisions"}],"predecessor-version":[{"id":21462,"href":"https:\/\/www.idealpropertymallorca.com\/blog\/fr\/wp-json\/wp\/v2\/posts\/19051\/revisions\/21462"}],"wp:featuredmedia":[{"embeddable":true,"href":"https:\/\/www.idealpropertymallorca.com\/blog\/fr\/wp-json\/wp\/v2\/media\/18967"}],"wp:attachment":[{"href":"https:\/\/www.idealpropertymallorca.com\/blog\/fr\/wp-json\/wp\/v2\/media?parent=19051"}],"wp:term":[{"taxonomy":"category","embeddable":true,"href":"https:\/\/www.idealpropertymallorca.com\/blog\/fr\/wp-json\/wp\/v2\/categories?post=19051"},{"taxonomy":"post_tag","embeddable":true,"href":"https:\/\/www.idealpropertymallorca.com\/blog\/fr\/wp-json\/wp\/v2\/tags?post=19051"}],"curies":[{"name":"wp","href":"https:\/\/api.w.org\/{rel}","templated":true}]}}