{"id":19045,"date":"2025-04-22T09:20:39","date_gmt":"2025-04-22T09:20:39","guid":{"rendered":"https:\/\/www.idealpropertymallorca.com\/blog\/?p=19045"},"modified":"2025-04-29T06:59:21","modified_gmt":"2025-04-29T06:59:21","slug":"lascension-du-puig-tomir-lun-des-sommets-avec-les-meilleurs-panoramas-de-majorque","status":"publish","type":"post","link":"https:\/\/www.idealpropertymallorca.com\/blog\/fr\/lascension-du-puig-tomir-lun-des-sommets-avec-les-meilleurs-panoramas-de-majorque\/","title":{"rendered":"L\u2019ascension du Puig Tomir, l&#8217;un des sommets avec les meilleurs panoramas de Majorque"},"content":{"rendered":"\t\t<div data-elementor-type=\"wp-post\" data-elementor-id=\"19045\" class=\"elementor elementor-19045 elementor-18956\" data-elementor-post-type=\"post\">\n\t\t\t\t\t\t<section class=\"elementor-section elementor-top-section elementor-element elementor-element-3270d08c elementor-section-boxed elementor-section-height-default elementor-section-height-default\" data-id=\"3270d08c\" data-element_type=\"section\" data-e-type=\"section\">\n\t\t\t\t\t\t<div class=\"elementor-container elementor-column-gap-default\">\n\t\t\t\t\t<div class=\"elementor-column elementor-col-100 elementor-top-column elementor-element elementor-element-23464b10\" data-id=\"23464b10\" data-element_type=\"column\" data-e-type=\"column\">\n\t\t\t<div class=\"elementor-widget-wrap elementor-element-populated\">\n\t\t\t\t\t\t<div class=\"elementor-element elementor-element-1b754e61 elementor-widget elementor-widget-text-editor\" data-id=\"1b754e61\" data-element_type=\"widget\" data-e-type=\"widget\" data-widget_type=\"text-editor.default\">\n\t\t\t\t<div class=\"elementor-widget-container\">\n\t\t\t\t\t\t\t\t\t<p>Si vous aimez la vraie randonn\u00e9e, celle qui m\u00eale nature, d\u00e9fi physique et paysages \u00e0 couper le souffle, retenez ce nom :\u00a0le Puig Tomir.<\/p><p>Avec une altitude de 1 104 m\u00e8tres, <strong>c&#8217;est le plus haut sommet de la partie nord de la Serra de Tramuntana<\/strong>, et ce n&#8217;est pas un hasard si son nom vient du mot majorquin <em>tot mir<\/em> &#8211; je vois tout -.\u00a0<strong>De l\u00e0-haut, on peut voir pratiquement toute l&#8217;\u00eele de Majorque : la baie de Pollensa, Alcudia, Formentor, le centre de l&#8217;\u00eele et m\u00eame Minorque<\/strong>, si le jour et le temps sont bons.<\/p><p>Le plus beau, c&#8217;est que cette excursion a tout pour elle : des sentiers charg\u00e9s d&#8217;histoire, des for\u00eats de ch\u00eanes verts, des vestiges ethnographiques, un brin d&#8217;aventure et, bien s\u00fbr, des panoramas qui justifient chaque goutte de sueur. Et si vous ne voulez pas la faire seul, vous pouvez opter pour une visite guid\u00e9e. Mais tout d&#8217;abord, venons-en au but\u00a0: Pourquoi faire l\u2019ascension du Puig Tomir\u00a0?<\/p>\t\t\t\t\t\t\t\t<\/div>\n\t\t\t\t<\/div>\n\t\t\t\t\t<\/div>\n\t\t<\/div>\n\t\t\t\t\t<\/div>\n\t\t<\/section>\n\t\t\t\t<section class=\"elementor-section elementor-top-section elementor-element elementor-element-64567254 elementor-section-boxed elementor-section-height-default elementor-section-height-default\" data-id=\"64567254\" data-element_type=\"section\" data-e-type=\"section\">\n\t\t\t\t\t\t<div class=\"elementor-container elementor-column-gap-default\">\n\t\t\t\t\t<div class=\"elementor-column elementor-col-100 elementor-top-column elementor-element elementor-element-162153af\" data-id=\"162153af\" data-element_type=\"column\" data-e-type=\"column\">\n\t\t\t<div class=\"elementor-widget-wrap elementor-element-populated\">\n\t\t\t\t\t\t<div class=\"elementor-element elementor-element-bec73a0 elementor-widget elementor-widget-table-of-contents\" data-id=\"bec73a0\" data-element_type=\"widget\" data-e-type=\"widget\" data-settings=\"{&quot;headings_by_tags&quot;:[&quot;h2&quot;,&quot;h3&quot;],&quot;exclude_headings_by_selector&quot;:[],&quot;marker_view&quot;:&quot;bullets&quot;,&quot;icon&quot;:{&quot;value&quot;:&quot;&quot;,&quot;library&quot;:&quot;&quot;},&quot;no_headings_message&quot;:&quot;No headings were found on this page.&quot;,&quot;hierarchical_view&quot;:&quot;yes&quot;,&quot;min_height&quot;:{&quot;unit&quot;:&quot;px&quot;,&quot;size&quot;:&quot;&quot;,&quot;sizes&quot;:[]},&quot;min_height_tablet&quot;:{&quot;unit&quot;:&quot;px&quot;,&quot;size&quot;:&quot;&quot;,&quot;sizes&quot;:[]},&quot;min_height_mobile&quot;:{&quot;unit&quot;:&quot;px&quot;,&quot;size&quot;:&quot;&quot;,&quot;sizes&quot;:[]}}\" data-widget_type=\"table-of-contents.default\">\n\t\t\t\t<div class=\"elementor-widget-container\">\n\t\t\t\t\t\t\t\t\t<div class=\"elementor-toc__header\">\n\t\t\t\t\t\t<div class=\"elementor-toc__header-title\">\n\t\t\t\tINDEX\t\t\t<\/div>\n\t\t\t\t\t\t\t\t<\/div>\n\t\t\t\t<div id=\"elementor-toc__bec73a0\" class=\"elementor-toc__body\">\n\t\t\t<div class=\"elementor-toc__spinner-container\">\n\t\t\t\t<i class=\"elementor-toc__spinner eicon-animation-spin eicon-loading\" aria-hidden=\"true\"><\/i>\t\t\t<\/div>\n\t\t<\/div>\n\t\t\t\t\t\t<\/div>\n\t\t\t\t<\/div>\n\t\t\t\t\t<\/div>\n\t\t<\/div>\n\t\t\t\t\t<\/div>\n\t\t<\/section>\n\t\t\t\t<section class=\"elementor-section elementor-top-section elementor-element elementor-element-5647bf4a elementor-section-boxed elementor-section-height-default elementor-section-height-default\" data-id=\"5647bf4a\" data-element_type=\"section\" data-e-type=\"section\">\n\t\t\t\t\t\t<div class=\"elementor-container elementor-column-gap-default\">\n\t\t\t\t\t<div class=\"elementor-column elementor-col-100 elementor-top-column elementor-element elementor-element-1fd203e7\" data-id=\"1fd203e7\" data-element_type=\"column\" data-e-type=\"column\">\n\t\t\t<div class=\"elementor-widget-wrap elementor-element-populated\">\n\t\t\t\t\t\t<div class=\"elementor-element elementor-element-4924224a elementor-widget elementor-widget-heading\" data-id=\"4924224a\" data-element_type=\"widget\" data-e-type=\"widget\" data-widget_type=\"heading.default\">\n\t\t\t\t<div class=\"elementor-widget-container\">\n\t\t\t\t\t<h2 class=\"elementor-heading-title elementor-size-default\">Qu'est-ce qui rend le Puig Tomir si sp\u00e9cial ?<\/h2>\t\t\t\t<\/div>\n\t\t\t\t<\/div>\n\t\t\t\t<div class=\"elementor-element elementor-element-7bb5a460 elementor-widget elementor-widget-text-editor\" data-id=\"7bb5a460\" data-element_type=\"widget\" data-e-type=\"widget\" data-widget_type=\"text-editor.default\">\n\t\t\t\t<div class=\"elementor-widget-container\">\n\t\t\t\t\t\t\t\t\t<p>Le Puig Tomir est sp\u00e9cial pour de nombreuses raisons. Tout d&#8217;abord, sa situation g\u00e9ographique strat\u00e9gique en fait un <strong>point de vue naturel exceptionnel<\/strong>. Du sommet, on peut voir la mer des deux c\u00f4t\u00e9s de l&#8217;\u00eele, le relief de la Serra de Tramuntana qui se profile en silhouette sur le ciel et des villages qui ressemblent \u00e0 des maquettes.<\/p><p>Mais il l&#8217;est aussi pour l&#8217;exp\u00e9rience en elle-m\u00eame. En effet, on n\u2019y vient pas seulement pour faire une randonn\u00e9e, mais aussi pour se rapprocher de la montagne et de la nature. Vous allez marcher le long d&#8217;anciens sentiers battus, franchir des falaises et des affleurements rocheux, \u00e9couter le chant des oiseaux et, si vous avez de la chance, apercevoir quelques ch\u00e8vres sauvages sur les falaises.<\/p><p>En outre, les environs sont charg\u00e9s d&#8217;histoire : le long de l&#8217;itin\u00e9raire, vous pourrez voir des <em>cases de neu<\/em> &#8211; d&#8217;anciennes constructions utilis\u00e9es pour stocker la neige -, des hameaux de montagne comme celui de Fart\u00e0ritx et des passages qui ont \u00e9t\u00e9 utilis\u00e9s pendant des si\u00e8cles pour relier les villages de la Serra de Tramuntana.\u00a0<strong>Et nous n&#8217;allons pas vous mentir, l&#8217;ascension du Tomir est exigeante, certes, mais elle vous le rend bien.<\/strong><\/p>\t\t\t\t\t\t\t\t<\/div>\n\t\t\t\t<\/div>\n\t\t\t\t\t<\/div>\n\t\t<\/div>\n\t\t\t\t\t<\/div>\n\t\t<\/section>\n\t\t\t\t<section class=\"elementor-section elementor-top-section elementor-element elementor-element-8f447c3 elementor-section-boxed elementor-section-height-default elementor-section-height-default\" data-id=\"8f447c3\" data-element_type=\"section\" data-e-type=\"section\">\n\t\t\t\t\t\t<div class=\"elementor-container elementor-column-gap-default\">\n\t\t\t\t\t<div class=\"elementor-column elementor-col-100 elementor-top-column elementor-element elementor-element-b032568\" data-id=\"b032568\" data-element_type=\"column\" data-e-type=\"column\">\n\t\t\t<div class=\"elementor-widget-wrap\">\n\t\t\t\t\t\t\t<\/div>\n\t\t<\/div>\n\t\t\t\t\t<\/div>\n\t\t<\/section>\n\t\t\t\t<section class=\"elementor-section elementor-top-section elementor-element elementor-element-0614ff8 elementor-section-boxed elementor-section-height-default elementor-section-height-default\" data-id=\"0614ff8\" data-element_type=\"section\" data-e-type=\"section\">\n\t\t\t\t\t\t<div class=\"elementor-container elementor-column-gap-default\">\n\t\t\t\t\t<div class=\"elementor-column elementor-col-100 elementor-top-column elementor-element elementor-element-35728e4\" data-id=\"35728e4\" data-element_type=\"column\" data-e-type=\"column\">\n\t\t\t<div class=\"elementor-widget-wrap elementor-element-populated\">\n\t\t\t\t\t\t<div class=\"elementor-element elementor-element-f534c28 elementor-widget elementor-widget-heading\" data-id=\"f534c28\" data-element_type=\"widget\" data-e-type=\"widget\" data-widget_type=\"heading.default\">\n\t\t\t\t<div class=\"elementor-widget-container\">\n\t\t\t\t\t<h2 class=\"elementor-heading-title elementor-size-default\">Parcours et sentiers conseill\u00e9s pour l\u2019ascension du Puig de Tomir<\/h2>\t\t\t\t<\/div>\n\t\t\t\t<\/div>\n\t\t\t\t<div class=\"elementor-element elementor-element-a6dc5bb elementor-widget elementor-widget-text-editor\" data-id=\"a6dc5bb\" data-element_type=\"widget\" data-e-type=\"widget\" data-widget_type=\"text-editor.default\">\n\t\t\t\t<div class=\"elementor-widget-container\">\n\t\t\t\t\t\t\t\t\t<p>Voici deux parcours pour atteindre ce sommet de la Serra de Tramuntana : l&#8217;un est un itin\u00e9raire classique, exigeant mais tr\u00e8s agr\u00e9able, et l&#8217;autre est con\u00e7u pour les randonneurs qui souhaitent vivre des \u00e9motions fortes. Lequel vous donne envie ?<\/p>\t\t\t\t\t\t\t\t<\/div>\n\t\t\t\t<\/div>\n\t\t\t\t\t<\/div>\n\t\t<\/div>\n\t\t\t\t\t<\/div>\n\t\t<\/section>\n\t\t\t\t<section class=\"elementor-section elementor-top-section elementor-element elementor-element-4a460a8d elementor-section-boxed elementor-section-height-default elementor-section-height-default\" data-id=\"4a460a8d\" data-element_type=\"section\" data-e-type=\"section\">\n\t\t\t\t\t\t<div class=\"elementor-container elementor-column-gap-default\">\n\t\t\t\t\t<div class=\"elementor-column elementor-col-100 elementor-top-column elementor-element elementor-element-2db31470\" data-id=\"2db31470\" data-element_type=\"column\" data-e-type=\"column\">\n\t\t\t<div class=\"elementor-widget-wrap elementor-element-populated\">\n\t\t\t\t\t\t<div class=\"elementor-element elementor-element-149ebcf elementor-widget elementor-widget-heading\" data-id=\"149ebcf\" data-element_type=\"widget\" data-e-type=\"widget\" data-widget_type=\"heading.default\">\n\t\t\t\t<div class=\"elementor-widget-container\">\n\t\t\t\t\t<h3 class=\"elementor-heading-title elementor-size-default\">Ascension classique de Cam\u00ed Vell de Lluc \u00e0 Pollensa<\/h3>\t\t\t\t<\/div>\n\t\t\t\t<\/div>\n\t\t\t\t<div class=\"elementor-element elementor-element-0b0f60c elementor-widget elementor-widget-image\" data-id=\"0b0f60c\" data-element_type=\"widget\" data-e-type=\"widget\" data-widget_type=\"image.default\">\n\t\t\t\t<div class=\"elementor-widget-container\">\n\t\t\t\t\t\t\t\t\t\t\t\t\t\t\t<img fetchpriority=\"high\" decoding=\"async\" width=\"1254\" height=\"626\" src=\"https:\/\/www.idealpropertymallorca.com\/blog\/wp-content\/uploads\/2025\/04\/Puig-Tomir.jpg\" class=\"attachment-full size-full wp-image-18981\" alt=\"Puig-Tomir.jpg\" srcset=\"https:\/\/www.idealpropertymallorca.com\/blog\/wp-content\/uploads\/2025\/04\/Puig-Tomir.jpg 1254w, https:\/\/www.idealpropertymallorca.com\/blog\/wp-content\/uploads\/2025\/04\/Puig-Tomir-300x150.jpg 300w, https:\/\/www.idealpropertymallorca.com\/blog\/wp-content\/uploads\/2025\/04\/Puig-Tomir-1024x511.jpg 1024w, https:\/\/www.idealpropertymallorca.com\/blog\/wp-content\/uploads\/2025\/04\/Puig-Tomir-768x383.jpg 768w\" sizes=\"(max-width: 1254px) 100vw, 1254px\" \/>\t\t\t\t\t\t\t\t\t\t\t\t\t\t\t<\/div>\n\t\t\t\t<\/div>\n\t\t\t\t<div class=\"elementor-element elementor-element-36b010c6 elementor-widget elementor-widget-text-editor\" data-id=\"36b010c6\" data-element_type=\"widget\" data-e-type=\"widget\" data-widget_type=\"text-editor.default\">\n\t\t\t\t<div class=\"elementor-widget-container\">\n\t\t\t\t\t\t\t\t\t<p>L&#8217;un des itin\u00e9raires les plus complets et les plus beaux pour gravir le Puig Tomir commence par l&#8217;ancien chemin entre Pollensa et Lluc, connu sous le nom de Ses Voltes.\u00a0<strong>Il est id\u00e9al pour les randonneurs avec une bonne condition physique.<\/strong><\/p><p>Depuis la for\u00eat de ch\u00eanes verts de Ses Voltes commence l&#8217;ascension, qui passe par des tron\u00e7ons rocheux, des vestiges architecturaux ruraux et des espaces offrant des paysages impressionnants. La descente passe par la Casa de Nieve del Tomir et les anciennes fermes de Fart\u00e0ritx, pour se terminer par une marche tranquille.<\/p><p><strong>Le parcours est circulaire et dure environ six heures.<\/strong> Sa longueur est de 14 km, et nous consid\u00e9rons qu&#8217;il est de difficult\u00e9 moyenne. Oserez-vous escalader le Puig Tomir, qui culmine \u00e0 1 104 m\u00e8tres, en empruntant ce sentier ?<\/p>\t\t\t\t\t\t\t\t<\/div>\n\t\t\t\t<\/div>\n\t\t\t\t\t<\/div>\n\t\t<\/div>\n\t\t\t\t\t<\/div>\n\t\t<\/section>\n\t\t\t\t<section class=\"elementor-section elementor-top-section elementor-element elementor-element-8aa78cc elementor-section-boxed elementor-section-height-default elementor-section-height-default\" data-id=\"8aa78cc\" data-element_type=\"section\" data-e-type=\"section\">\n\t\t\t\t\t\t<div class=\"elementor-container elementor-column-gap-default\">\n\t\t\t\t\t<div class=\"elementor-column elementor-col-100 elementor-top-column elementor-element elementor-element-080404b\" data-id=\"080404b\" data-element_type=\"column\" data-e-type=\"column\">\n\t\t\t<div class=\"elementor-widget-wrap elementor-element-populated\">\n\t\t\t\t\t\t<div class=\"elementor-element elementor-element-19cdfdf elementor-widget elementor-widget-heading\" data-id=\"19cdfdf\" data-element_type=\"widget\" data-e-type=\"widget\" data-widget_type=\"heading.default\">\n\t\t\t\t<div class=\"elementor-widget-container\">\n\t\t\t\t\t<h3 class=\"elementor-heading-title elementor-size-default\">Variante au Paso del Diablo<\/h3>\t\t\t\t<\/div>\n\t\t\t\t<\/div>\n\t\t\t\t<div class=\"elementor-element elementor-element-79a90e7 elementor-widget elementor-widget-text-editor\" data-id=\"79a90e7\" data-element_type=\"widget\" data-e-type=\"widget\" data-widget_type=\"text-editor.default\">\n\t\t\t\t<div class=\"elementor-widget-container\">\n\t\t\t\t\t\t\t\t\t<p>Pour les plus aventureux et ceux qui n&#8217;ont pas le vertige, il existe un itin\u00e9raire alternatif connu sous le nom de Paso del Diablo (col du diable en fran\u00e7ais), qui allie adr\u00e9naline et vues \u00e0 couper le souffle.<\/p><p><strong>Il est un peu plus court que le pr\u00e9c\u00e9dent &#8211; 13,3 km &#8211; mais il vous prendra plus de temps : environ huit heures. Et soyez pr\u00e9venus, nous classerons ce parcours dans la cat\u00e9gorie des randonn\u00e9es difficiles.<\/strong><\/p><p>L&#8217;ascension se fait par un col l\u00e9g\u00e8rement sur\u00e9lev\u00e9, mais sans grandes complications techniques. Mais attention \u00e0 la descente : elle se fait par le Pas des Pedregaret -aussi appel\u00e9 <em>des Cable<\/em>&#8211; et comporte des passages am\u00e9nag\u00e9s avec des grappins et des cha\u00eenes. Une exp\u00e9rience intense et diff\u00e9rente, r\u00e9serv\u00e9e aux randonneurs bien entra\u00een\u00e9s et \u00e0 ceux qui ont la t\u00eate froide.<\/p><p><strong>L&#8217;itin\u00e9raire complet est le suivant\u00a0: Casas de Menut, Binifald\u00f3, Cam\u00ed Vell Lluc-Pollen\u00e7a, Paso del Diablo, Casa de Nieve, sommet du Puig Tomir, Pas des Pedregaret, Coll d\u2019en Pelat et retour \u00e0 Menut.<\/strong><\/p><p>Et si vous n&#8217;aimez pas devoir vous orienter seul ou si vous pr\u00e9f\u00e9rez vivre l&#8217;exp\u00e9rience en toute tranquillit\u00e9, vous pouvez gravir le Puig Tomir dans le cadre d&#8217;une excursion guid\u00e9e. Les prix sont d&#8217;environ 300 euros pour les groupes jusqu&#8217;\u00e0 4 personnes et, si vous \u00eates plus de 5, d&#8217;environ 75 euros par personne. Tout est organis\u00e9, avec un guide local, des informations sur la flore, la faune et la culture, et le plus important : sans avoir peur de se perdre ou de devoir surveiller le GPS.<\/p>\t\t\t\t\t\t\t\t<\/div>\n\t\t\t\t<\/div>\n\t\t\t\t\t<\/div>\n\t\t<\/div>\n\t\t\t\t\t<\/div>\n\t\t<\/section>\n\t\t\t\t<section class=\"elementor-section elementor-top-section elementor-element elementor-element-457839f elementor-section-boxed elementor-section-height-default elementor-section-height-default\" data-id=\"457839f\" data-element_type=\"section\" data-e-type=\"section\">\n\t\t\t\t\t\t<div class=\"elementor-container elementor-column-gap-default\">\n\t\t\t\t\t<div class=\"elementor-column elementor-col-100 elementor-top-column elementor-element elementor-element-ec9e16b\" data-id=\"ec9e16b\" data-element_type=\"column\" data-e-type=\"column\">\n\t\t\t<div class=\"elementor-widget-wrap elementor-element-populated\">\n\t\t\t\t\t\t<div class=\"elementor-element elementor-element-98d924f elementor-widget elementor-widget-image\" data-id=\"98d924f\" data-element_type=\"widget\" data-e-type=\"widget\" data-widget_type=\"image.default\">\n\t\t\t\t<div class=\"elementor-widget-container\">\n\t\t\t\t\t\t\t\t\t\t\t\t\t\t\t<img decoding=\"async\" width=\"1254\" height=\"627\" src=\"https:\/\/www.idealpropertymallorca.com\/blog\/wp-content\/uploads\/2025\/04\/subir-Puig-Tomir.jpg\" class=\"attachment-full size-full wp-image-18985\" alt=\"subir-Puig-Tomir\" srcset=\"https:\/\/www.idealpropertymallorca.com\/blog\/wp-content\/uploads\/2025\/04\/subir-Puig-Tomir.jpg 1254w, https:\/\/www.idealpropertymallorca.com\/blog\/wp-content\/uploads\/2025\/04\/subir-Puig-Tomir-300x150.jpg 300w, https:\/\/www.idealpropertymallorca.com\/blog\/wp-content\/uploads\/2025\/04\/subir-Puig-Tomir-1024x512.jpg 1024w, https:\/\/www.idealpropertymallorca.com\/blog\/wp-content\/uploads\/2025\/04\/subir-Puig-Tomir-768x384.jpg 768w\" sizes=\"(max-width: 1254px) 100vw, 1254px\" \/>\t\t\t\t\t\t\t\t\t\t\t\t\t\t\t<\/div>\n\t\t\t\t<\/div>\n\t\t\t\t\t<\/div>\n\t\t<\/div>\n\t\t\t\t\t<\/div>\n\t\t<\/section>\n\t\t\t\t<section class=\"elementor-section elementor-top-section elementor-element elementor-element-c4e8bda elementor-section-boxed elementor-section-height-default elementor-section-height-default\" data-id=\"c4e8bda\" data-element_type=\"section\" data-e-type=\"section\">\n\t\t\t\t\t\t<div class=\"elementor-container elementor-column-gap-default\">\n\t\t\t\t\t<div class=\"elementor-column elementor-col-100 elementor-top-column elementor-element elementor-element-929a91a\" data-id=\"929a91a\" data-element_type=\"column\" data-e-type=\"column\">\n\t\t\t<div class=\"elementor-widget-wrap elementor-element-populated\">\n\t\t\t\t\t\t<div class=\"elementor-element elementor-element-8110c0e elementor-widget elementor-widget-heading\" data-id=\"8110c0e\" data-element_type=\"widget\" data-e-type=\"widget\" data-widget_type=\"heading.default\">\n\t\t\t\t<div class=\"elementor-widget-container\">\n\t\t\t\t\t<h2 class=\"elementor-heading-title elementor-size-default\">Comment y parvenir et se pr\u00e9parer<\/h2>\t\t\t\t<\/div>\n\t\t\t\t<\/div>\n\t\t\t\t<div class=\"elementor-element elementor-element-a83ea80 elementor-widget elementor-widget-text-editor\" data-id=\"a83ea80\" data-element_type=\"widget\" data-e-type=\"widget\" data-widget_type=\"text-editor.default\">\n\t\t\t\t<div class=\"elementor-widget-container\">\n\t\t\t\t\t\t\t\t\t<p>Que vous s\u00e9journiez \u00e0 Pollensa, Alcudia, que vous soyez en <a href=\"https:\/\/www.idealpropertymallorca.com\/blog\/es\/vacaciones-can-picafort\/\">vacances \u00e0 Can Picafort<\/a> ou que vous veniez de Palma, il est tr\u00e8s facile de se rendre au d\u00e9part du Puig Tomir. Cependant, avant de vous lancer dans une telle aventure, vous devez tenir compte de certains \u00e9l\u00e9ments car, bien qu&#8217;il ne s&#8217;agisse pas d&#8217;un itin\u00e9raire technique, il requiert une certaine pr\u00e9paration, notamment en ce qui concerne la mani\u00e8re de s&#8217;y rendre et ce qu&#8217;il faut emporter avec soi.<\/p><p>Le point de d\u00e9part le plus commun pour commencer l&#8217;ascension est le Coll de sa Batalla ou Casas de Binifald\u00f3, situ\u00e9 dans la commune d&#8217;Escorca, en plein c\u0153ur de la Serra de Tramuntana.\u00a0<strong>Si vous venez de Palma, le trajet en voiture dure environ une heure<\/strong>, et il y a un petit parking \u00e0 c\u00f4t\u00e9 du restaurant Coll, \u00e0 l&#8217;endroit m\u00eame o\u00f9 commence le sentier.<\/p><p>Depuis le nord de l&#8217;\u00eele, les trajets sont encore plus courts.\u00a0<strong>Depuis Pollensa, vous y serez en 25 minutes environ, depuis Alcudia en une demi-heure et depuis Can Picafort en 40 minutes maximum.\u00a0<\/strong>La route est magnifique : avec des lacets, des for\u00eats et des panoramas qui vous mettent dans l&#8217;ambiance avant m\u00eame que vous ne commenciez \u00e0 marcher.<\/p><p>Vous pr\u00e9f\u00e9rez vous passer de votre voiture et venir en transports en commun ? Dans ce cas, vous devrez prendre un bus jusqu&#8217;\u00e0 Inca et, de l\u00e0, un autre jusqu&#8217;\u00e0 Lluc. Cependant, v\u00e9rifiez bien les horaires, car ils ne sont pas tr\u00e8s fr\u00e9quents et il se peut que vous deviez vous lever t\u00f4t. Depuis Lluc, vous pouvez rejoindre le d\u00e9but de l&#8217;itin\u00e9raire \u00e0 pied en 20 \u00e0 30 minutes environ.<\/p>\t\t\t\t\t\t\t\t<\/div>\n\t\t\t\t<\/div>\n\t\t\t\t\t<\/div>\n\t\t<\/div>\n\t\t\t\t\t<\/div>\n\t\t<\/section>\n\t\t\t\t<section class=\"elementor-section elementor-top-section elementor-element elementor-element-05b059f elementor-section-boxed elementor-section-height-default elementor-section-height-default\" data-id=\"05b059f\" data-element_type=\"section\" data-e-type=\"section\">\n\t\t\t\t\t\t<div class=\"elementor-container elementor-column-gap-default\">\n\t\t\t\t\t<div class=\"elementor-column elementor-col-50 elementor-top-column elementor-element elementor-element-ea815ee\" data-id=\"ea815ee\" data-element_type=\"column\" data-e-type=\"column\">\n\t\t\t<div class=\"elementor-widget-wrap elementor-element-populated\">\n\t\t\t\t\t\t<div class=\"elementor-element elementor-element-c7748a6 elementor-widget elementor-widget-text-editor\" data-id=\"c7748a6\" data-element_type=\"widget\" data-e-type=\"widget\" data-widget_type=\"text-editor.default\">\n\t\t\t\t<div class=\"elementor-widget-container\">\n\t\t\t\t\t\t\t\t\t<p>En ce qui concerne l&#8217;\u00e9quipement, il y a quelques \u00e9l\u00e9ments que vous devez imp\u00e9rativement avoir dans votre sac \u00e0 dos. Le plus important : <strong>emportez au moins 1,5 litre d&#8217;eau par personne, car il n&#8217;y a pas de fontaines le long du chemin<\/strong>. Pr\u00e9voyez \u00e9galement des b\u00e2tons de trekking &#8211; ils vous seront tr\u00e8s utiles dans les descentes -, des chaussures de montagne avec de bonnes semelles, un chapeau ou une visi\u00e8re, une protection solaire et une veste. M\u00eame si la journ\u00e9e est ensoleill\u00e9e, le vent peut vous surprendre au sommet.<\/p><p>En parlant de m\u00e9t\u00e9o, un autre point important : ces itin\u00e9raires et d&#8217;autres <a href=\"https\u00a0:\/www.idealpropertymallorca.com\/blog\/es\/rutas-mallorca\/\">\u00e0 Majorque<\/a> peuvent \u00eatre r\u00e9alis\u00e9s \u00e0 n&#8217;importe quel moment de l&#8217;ann\u00e9e, mais nous ne recommandons pas de faire l\u2019ascension au beau milieu de l&#8217;\u00e9t\u00e9. Les temp\u00e9ratures \u00e9lev\u00e9es et l&#8217;exposition au soleil peuvent transformer une belle excursion en une exp\u00e9rience p\u00e9nible. Les meilleures saisons pour escalader le Puig Tomir \u00e0 Majorque sont le printemps, l&#8217;automne et les premiers mois de l&#8217;hiver, lorsque le temps est plus doux et que les paysages sont les plus spectaculaires.<\/p>\t\t\t\t\t\t\t\t<\/div>\n\t\t\t\t<\/div>\n\t\t\t\t\t<\/div>\n\t\t<\/div>\n\t\t\t\t<div class=\"elementor-column elementor-col-50 elementor-top-column elementor-element elementor-element-9bf0bda\" data-id=\"9bf0bda\" data-element_type=\"column\" data-e-type=\"column\">\n\t\t\t<div class=\"elementor-widget-wrap elementor-element-populated\">\n\t\t\t\t\t\t<div class=\"elementor-element elementor-element-82829f0 elementor-widget elementor-widget-google_maps\" data-id=\"82829f0\" data-element_type=\"widget\" data-e-type=\"widget\" data-widget_type=\"google_maps.default\">\n\t\t\t\t<div class=\"elementor-widget-container\">\n\t\t\t\t\t\t\t<div class=\"elementor-custom-embed\">\n\t\t\t<iframe loading=\"lazy\"\n\t\t\t\t\tsrc=\"https:\/\/maps.google.com\/maps?q=puig%20tomir&#038;t=m&#038;z=10&#038;output=embed&#038;iwloc=near\"\n\t\t\t\t\ttitle=\"puig tomir\"\n\t\t\t\t\taria-label=\"puig tomir\"\n\t\t\t><\/iframe>\n\t\t<\/div>\n\t\t\t\t\t\t<\/div>\n\t\t\t\t<\/div>\n\t\t\t\t\t<\/div>\n\t\t<\/div>\n\t\t\t\t\t<\/div>\n\t\t<\/section>\n\t\t\t\t<section class=\"elementor-section elementor-top-section elementor-element elementor-element-1cf0fe1f elementor-section-boxed elementor-section-height-default elementor-section-height-default\" data-id=\"1cf0fe1f\" data-element_type=\"section\" data-e-type=\"section\">\n\t\t\t\t\t\t<div class=\"elementor-container elementor-column-gap-default\">\n\t\t\t\t\t<div class=\"elementor-column elementor-col-100 elementor-top-column elementor-element elementor-element-2cccd8e2\" data-id=\"2cccd8e2\" data-element_type=\"column\" data-e-type=\"column\">\n\t\t\t<div class=\"elementor-widget-wrap elementor-element-populated\">\n\t\t\t\t\t\t<div class=\"elementor-element elementor-element-5d1429f8 elementor-widget elementor-widget-heading\" data-id=\"5d1429f8\" data-element_type=\"widget\" data-e-type=\"widget\" data-widget_type=\"heading.default\">\n\t\t\t\t<div class=\"elementor-widget-container\">\n\t\t\t\t\t<h2 class=\"elementor-heading-title elementor-size-default\">\u00c0 quoi s\u2019attendre de l\u2019ascension du Puig Tomir<\/h2>\t\t\t\t<\/div>\n\t\t\t\t<\/div>\n\t\t\t\t<div class=\"elementor-element elementor-element-2f761f14 elementor-widget elementor-widget-text-editor\" data-id=\"2f761f14\" data-element_type=\"widget\" data-e-type=\"widget\" data-widget_type=\"text-editor.default\">\n\t\t\t\t<div class=\"elementor-widget-container\">\n\t\t\t\t\t\t\t\t\t<p>Grimper le Puig Tomir fait partie de ces excursions dont on se souvient longtemps apr\u00e8s \u00eatre rentr\u00e9 chez soi. Car il ne s&#8217;agit pas seulement d&#8217;atteindre un sommet de plus de mille m\u00e8tres, mais aussi de vivre et de profiter du voyage jusqu&#8217;au sommet.<\/p><p>Chaque tron\u00e7on du sentier apporte quelque chose de diff\u00e9rent. Parfois, c&#8217;est une vue panoramique qui vous laisse sans voix, parfois c&#8217;est un mur de pierres arides qui vous rappelle le pass\u00e9 rural de l&#8217;\u00eele. Et lorsque vous atteignez enfin le sommet, le silence, le vent et la vue qui s&#8217;offre devant vous &#8211; avec la Serra de Tramuntana d&#8217;un c\u00f4t\u00e9 et la baie d&#8217;Alc\u00fadia de l&#8217;autre &#8211; font que l&#8217;effort en valait la peine.\u00a0<strong>Vous \u00eates sur l&#8217;un des sommets les plus \u00e9lev\u00e9s du nord de Majorque, et \u00e7a se voit\u00a0!<\/strong><\/p><p>Cependant, pour profiter pleinement de cette exp\u00e9rience, il y a un aspect \u00e0 ne pas n\u00e9gliger : le repos. Les sentiers du Puig Tomir, qu&#8217;il s&#8217;agisse de la voie classique ou du Paso del Diablo, demandent de l&#8217;\u00e9nergie, une bonne forme physique et une t\u00eate bien faite. Et pour cela,\u00a0<strong>il est imp\u00e9ratif de bien <\/strong><strong>se reposer bien avant et apr\u00e8s l\u2019ascension<\/strong>. Id\u00e9alement, il faut chercher un h\u00e9bergement \u00e0 proximit\u00e9, afin d&#8217;\u00e9viter les longs trajets, d&#8217;\u00eatre au d\u00e9part t\u00f4t le matin et de revenir sans se presser.<\/p><p>C&#8217;est l\u00e0 qu&#8217;intervient <a href=\"https:\/\/www.idealpropertymallorca.com\/\">Ideal Property<\/a>, avec sa grande s\u00e9lection de logements pr\u00e8s du Puig Tomir : des maisons charmantes, bien \u00e9quip\u00e9es, en pleine nature et parfaites pour que vous puissiez vous amuser au maximum.<\/p><p><strong>Parce qu&#8217;en fin de compte, c&#8217;est de cela qu&#8217;il s&#8217;agit : profiter de la journ\u00e9e, se rapprocher de la nature et savourer le temps sans regarder le temps qui passe.<\/strong>\u00a0Et pour cela, \u00eatre bien log\u00e9 pr\u00e8s du Tomir peut faire la diff\u00e9rence entre une bonne excursion&#8230; et une exp\u00e9rience inoubliable.<\/p><p>Si vous cherchez un itin\u00e9raire qui allie aventure, beaut\u00e9, histoire et montagne, le Puig Tomir m\u00e9rite votre attention.\u00a0Alors, \u00e7a vous tente ?<\/p>\t\t\t\t\t\t\t\t<\/div>\n\t\t\t\t<\/div>\n\t\t\t\t\t<\/div>\n\t\t<\/div>\n\t\t\t\t\t<\/div>\n\t\t<\/section>\n\t\t\t\t<section class=\"elementor-section elementor-top-section elementor-element elementor-element-994b1b2 elementor-section-boxed elementor-section-height-default elementor-section-height-default\" data-id=\"994b1b2\" data-element_type=\"section\" data-e-type=\"section\">\n\t\t\t\t\t\t<div class=\"elementor-container elementor-column-gap-default\">\n\t\t\t\t\t<div class=\"elementor-column elementor-col-33 elementor-top-column elementor-element elementor-element-43115340\" data-id=\"43115340\" data-element_type=\"column\" data-e-type=\"column\" data-settings=\"{&quot;background_background&quot;:&quot;classic&quot;}\">\n\t\t\t<div class=\"elementor-widget-wrap elementor-element-populated\">\n\t\t\t\t\t\t<div class=\"elementor-element elementor-element-3b5cb668 elementor-align-center elementor-widget elementor-widget-button\" data-id=\"3b5cb668\" data-element_type=\"widget\" data-e-type=\"widget\" data-widget_type=\"button.default\">\n\t\t\t\t<div class=\"elementor-widget-container\">\n\t\t\t\t\t\t\t\t\t<div class=\"elementor-button-wrapper\">\n\t\t\t\t\t<a class=\"elementor-button elementor-button-link elementor-size-sm\" href=\"https:\/\/www.idealpropertymallorca.com\/es\/alquiler-vacacional-puerto-alcudia\/\">\n\t\t\t\t\t\t<span class=\"elementor-button-content-wrapper\">\n\t\t\t\t\t\t\t\t\t<span class=\"elementor-button-text\">Logements \u00e0 Port Alcudia<\/span>\n\t\t\t\t\t<\/span>\n\t\t\t\t\t<\/a>\n\t\t\t\t<\/div>\n\t\t\t\t\t\t\t\t<\/div>\n\t\t\t\t<\/div>\n\t\t\t\t\t<\/div>\n\t\t<\/div>\n\t\t\t\t<div class=\"elementor-column elementor-col-33 elementor-top-column elementor-element elementor-element-dfc5569\" data-id=\"dfc5569\" data-element_type=\"column\" data-e-type=\"column\" data-settings=\"{&quot;background_background&quot;:&quot;classic&quot;}\">\n\t\t\t<div class=\"elementor-widget-wrap elementor-element-populated\">\n\t\t\t\t\t\t<div class=\"elementor-element elementor-element-6c68ea6a elementor-align-center elementor-widget elementor-widget-button\" data-id=\"6c68ea6a\" data-element_type=\"widget\" data-e-type=\"widget\" data-widget_type=\"button.default\">\n\t\t\t\t<div class=\"elementor-widget-container\">\n\t\t\t\t\t\t\t\t\t<div class=\"elementor-button-wrapper\">\n\t\t\t\t\t<a class=\"elementor-button elementor-button-link elementor-size-sm\" href=\"https:\/\/www.idealpropertymallorca.com\/es\/alquiler-vacacional-en-sa-pobla\/\">\n\t\t\t\t\t\t<span class=\"elementor-button-content-wrapper\">\n\t\t\t\t\t\t\t\t\t<span class=\"elementor-button-text\">Logements \u00e0 Sa Pobla<\/span>\n\t\t\t\t\t<\/span>\n\t\t\t\t\t<\/a>\n\t\t\t\t<\/div>\n\t\t\t\t\t\t\t\t<\/div>\n\t\t\t\t<\/div>\n\t\t\t\t\t<\/div>\n\t\t<\/div>\n\t\t\t\t<div class=\"elementor-column elementor-col-33 elementor-top-column elementor-element elementor-element-142bb78\" data-id=\"142bb78\" data-element_type=\"column\" data-e-type=\"column\" data-settings=\"{&quot;background_background&quot;:&quot;classic&quot;}\">\n\t\t\t<div class=\"elementor-widget-wrap elementor-element-populated\">\n\t\t\t\t\t\t<div class=\"elementor-element elementor-element-353dcb9e elementor-align-center elementor-widget elementor-widget-button\" data-id=\"353dcb9e\" data-element_type=\"widget\" data-e-type=\"widget\" data-widget_type=\"button.default\">\n\t\t\t\t<div class=\"elementor-widget-container\">\n\t\t\t\t\t\t\t\t\t<div class=\"elementor-button-wrapper\">\n\t\t\t\t\t<a class=\"elementor-button elementor-button-link elementor-size-sm\" href=\"https:\/\/www.idealpropertymallorca.com\/es\/casas-apartamentos-en-playa-de-muro\/\">\n\t\t\t\t\t\t<span class=\"elementor-button-content-wrapper\">\n\t\t\t\t\t\t\t\t\t<span class=\"elementor-button-text\">Logements \u00e0 Playa de Muro<\/span>\n\t\t\t\t\t<\/span>\n\t\t\t\t\t<\/a>\n\t\t\t\t<\/div>\n\t\t\t\t\t\t\t\t<\/div>\n\t\t\t\t<\/div>\n\t\t\t\t\t<\/div>\n\t\t<\/div>\n\t\t\t\t\t<\/div>\n\t\t<\/section>\n\t\t\t\t<\/div>\n\t\t","protected":false},"excerpt":{"rendered":"<p>Si vous aimez la vraie randonn\u00e9e, celle qui m\u00eale nature, d\u00e9fi physique et paysages \u00e0 couper le souffle, retenez ce nom :\u00a0le Puig Tomir. Avec une altitude de 1 104 m\u00e8tres, c&#8217;est le plus haut sommet de la partie nord de la Serra de Tramuntana, et ce n&#8217;est pas un hasard si son nom vient [&hellip;]<\/p>\n","protected":false},"author":3,"featured_media":18989,"comment_status":"open","ping_status":"open","sticky":false,"template":"","format":"standard","meta":{"footnotes":""},"categories":[736],"tags":[],"class_list":["post-19045","post","type-post","status-publish","format-standard","has-post-thumbnail","hentry","category-sports-d-aventure"],"yoast_head":"<!-- This site is optimized with the Yoast SEO plugin v27.4 - https:\/\/yoast.com\/product\/yoast-seo-wordpress\/ -->\n<title>L\u2019ascension du Puig Tomir | Ideal Property Mallorca<\/title>\n<meta name=\"description\" content=\"Explorez Puig Tomir, l&#039;un des sommets les plus spectaculaires de Majorque, avec des itin\u00e9raires difficiles lors de vos prochaines vacances.\" \/>\n<meta name=\"robots\" content=\"index, follow, max-snippet:-1, max-image-preview:large, max-video-preview:-1\" \/>\n<link rel=\"canonical\" href=\"https:\/\/www.idealpropertymallorca.com\/blog\/fr\/lascension-du-puig-tomir-lun-des-sommets-avec-les-meilleurs-panoramas-de-majorque\/\" \/>\n<meta property=\"og:locale\" content=\"fr_FR\" \/>\n<meta property=\"og:type\" content=\"article\" \/>\n<meta property=\"og:title\" content=\"L\u2019ascension du Puig Tomir | Ideal Property Mallorca\" \/>\n<meta property=\"og:description\" content=\"Explorez Puig Tomir, l&#039;un des sommets les plus spectaculaires de Majorque, avec des itin\u00e9raires difficiles lors de vos prochaines vacances.\" \/>\n<meta property=\"og:url\" content=\"https:\/\/www.idealpropertymallorca.com\/blog\/fr\/lascension-du-puig-tomir-lun-des-sommets-avec-les-meilleurs-panoramas-de-majorque\/\" \/>\n<meta property=\"og:site_name\" content=\"Majorca Blog\" \/>\n<meta property=\"article:published_time\" content=\"2025-04-22T09:20:39+00:00\" \/>\n<meta property=\"article:modified_time\" content=\"2025-04-29T06:59:21+00:00\" \/>\n<meta property=\"og:image\" content=\"https:\/\/www.idealpropertymallorca.com\/blog\/wp-content\/uploads\/2025\/04\/Puig-Tomir-subir.jpg\" \/>\n\t<meta property=\"og:image:width\" content=\"1920\" \/>\n\t<meta property=\"og:image:height\" content=\"640\" \/>\n\t<meta property=\"og:image:type\" content=\"image\/jpeg\" \/>\n<meta name=\"author\" content=\"digitalservices\" \/>\n<meta name=\"twitter:card\" content=\"summary_large_image\" \/>\n<meta name=\"twitter:label1\" content=\"Written by\" \/>\n\t<meta name=\"twitter:data1\" content=\"digitalservices\" \/>\n\t<meta name=\"twitter:label2\" content=\"Est. reading time\" \/>\n\t<meta name=\"twitter:data2\" content=\"8 minutes\" \/>\n<script type=\"application\/ld+json\" class=\"yoast-schema-graph\">{\"@context\":\"https:\\\/\\\/schema.org\",\"@graph\":[{\"@type\":\"Article\",\"@id\":\"https:\\\/\\\/www.idealpropertymallorca.com\\\/blog\\\/fr\\\/lascension-du-puig-tomir-lun-des-sommets-avec-les-meilleurs-panoramas-de-majorque\\\/#article\",\"isPartOf\":{\"@id\":\"https:\\\/\\\/www.idealpropertymallorca.com\\\/blog\\\/fr\\\/lascension-du-puig-tomir-lun-des-sommets-avec-les-meilleurs-panoramas-de-majorque\\\/\"},\"author\":{\"name\":\"digitalservices\",\"@id\":\"https:\\\/\\\/www.idealpropertymallorca.com\\\/blog\\\/fr\\\/#\\\/schema\\\/person\\\/8afda339a8de0d6db90fffb895f38917\"},\"headline\":\"L\u2019ascension du Puig Tomir, l&#8217;un des sommets avec les meilleurs panoramas de Majorque\",\"datePublished\":\"2025-04-22T09:20:39+00:00\",\"dateModified\":\"2025-04-29T06:59:21+00:00\",\"mainEntityOfPage\":{\"@id\":\"https:\\\/\\\/www.idealpropertymallorca.com\\\/blog\\\/fr\\\/lascension-du-puig-tomir-lun-des-sommets-avec-les-meilleurs-panoramas-de-majorque\\\/\"},\"wordCount\":1802,\"commentCount\":0,\"publisher\":{\"@id\":\"https:\\\/\\\/www.idealpropertymallorca.com\\\/blog\\\/fr\\\/#organization\"},\"image\":{\"@id\":\"https:\\\/\\\/www.idealpropertymallorca.com\\\/blog\\\/fr\\\/lascension-du-puig-tomir-lun-des-sommets-avec-les-meilleurs-panoramas-de-majorque\\\/#primaryimage\"},\"thumbnailUrl\":\"https:\\\/\\\/www.idealpropertymallorca.com\\\/blog\\\/wp-content\\\/uploads\\\/2025\\\/04\\\/Puig-Tomir-subir.jpg\",\"articleSection\":[\"Sports d'aventure\"],\"inLanguage\":\"fr\",\"potentialAction\":[{\"@type\":\"CommentAction\",\"name\":\"Comment\",\"target\":[\"https:\\\/\\\/www.idealpropertymallorca.com\\\/blog\\\/fr\\\/lascension-du-puig-tomir-lun-des-sommets-avec-les-meilleurs-panoramas-de-majorque\\\/#respond\"]}]},{\"@type\":\"WebPage\",\"@id\":\"https:\\\/\\\/www.idealpropertymallorca.com\\\/blog\\\/fr\\\/lascension-du-puig-tomir-lun-des-sommets-avec-les-meilleurs-panoramas-de-majorque\\\/\",\"url\":\"https:\\\/\\\/www.idealpropertymallorca.com\\\/blog\\\/fr\\\/lascension-du-puig-tomir-lun-des-sommets-avec-les-meilleurs-panoramas-de-majorque\\\/\",\"name\":\"L\u2019ascension du Puig Tomir | Ideal Property Mallorca\",\"isPartOf\":{\"@id\":\"https:\\\/\\\/www.idealpropertymallorca.com\\\/blog\\\/fr\\\/#website\"},\"primaryImageOfPage\":{\"@id\":\"https:\\\/\\\/www.idealpropertymallorca.com\\\/blog\\\/fr\\\/lascension-du-puig-tomir-lun-des-sommets-avec-les-meilleurs-panoramas-de-majorque\\\/#primaryimage\"},\"image\":{\"@id\":\"https:\\\/\\\/www.idealpropertymallorca.com\\\/blog\\\/fr\\\/lascension-du-puig-tomir-lun-des-sommets-avec-les-meilleurs-panoramas-de-majorque\\\/#primaryimage\"},\"thumbnailUrl\":\"https:\\\/\\\/www.idealpropertymallorca.com\\\/blog\\\/wp-content\\\/uploads\\\/2025\\\/04\\\/Puig-Tomir-subir.jpg\",\"datePublished\":\"2025-04-22T09:20:39+00:00\",\"dateModified\":\"2025-04-29T06:59:21+00:00\",\"description\":\"Explorez Puig Tomir, l'un des sommets les plus spectaculaires de Majorque, avec des itin\u00e9raires difficiles lors de vos prochaines vacances.\",\"inLanguage\":\"fr\",\"potentialAction\":[{\"@type\":\"ReadAction\",\"target\":[\"https:\\\/\\\/www.idealpropertymallorca.com\\\/blog\\\/fr\\\/lascension-du-puig-tomir-lun-des-sommets-avec-les-meilleurs-panoramas-de-majorque\\\/\"]}]},{\"@type\":\"ImageObject\",\"inLanguage\":\"fr\",\"@id\":\"https:\\\/\\\/www.idealpropertymallorca.com\\\/blog\\\/fr\\\/lascension-du-puig-tomir-lun-des-sommets-avec-les-meilleurs-panoramas-de-majorque\\\/#primaryimage\",\"url\":\"https:\\\/\\\/www.idealpropertymallorca.com\\\/blog\\\/wp-content\\\/uploads\\\/2025\\\/04\\\/Puig-Tomir-subir.jpg\",\"contentUrl\":\"https:\\\/\\\/www.idealpropertymallorca.com\\\/blog\\\/wp-content\\\/uploads\\\/2025\\\/04\\\/Puig-Tomir-subir.jpg\",\"width\":1920,\"height\":640,\"caption\":\"Puig Tomir subir\"},{\"@type\":\"WebSite\",\"@id\":\"https:\\\/\\\/www.idealpropertymallorca.com\\\/blog\\\/fr\\\/#website\",\"url\":\"https:\\\/\\\/www.idealpropertymallorca.com\\\/blog\\\/fr\\\/\",\"name\":\"Majorca Blog\",\"description\":\"Find relevant tourist information to see and do on the island of Mallorca during your holiday. Discover the best places and tips!\",\"publisher\":{\"@id\":\"https:\\\/\\\/www.idealpropertymallorca.com\\\/blog\\\/fr\\\/#organization\"},\"potentialAction\":[{\"@type\":\"SearchAction\",\"target\":{\"@type\":\"EntryPoint\",\"urlTemplate\":\"https:\\\/\\\/www.idealpropertymallorca.com\\\/blog\\\/fr\\\/?s={search_term_string}\"},\"query-input\":{\"@type\":\"PropertyValueSpecification\",\"valueRequired\":true,\"valueName\":\"search_term_string\"}}],\"inLanguage\":\"fr\"},{\"@type\":\"Organization\",\"@id\":\"https:\\\/\\\/www.idealpropertymallorca.com\\\/blog\\\/fr\\\/#organization\",\"name\":\"Majorca Blog\",\"url\":\"https:\\\/\\\/www.idealpropertymallorca.com\\\/blog\\\/fr\\\/\",\"logo\":{\"@type\":\"ImageObject\",\"inLanguage\":\"fr\",\"@id\":\"https:\\\/\\\/www.idealpropertymallorca.com\\\/blog\\\/fr\\\/#\\\/schema\\\/logo\\\/image\\\/\",\"url\":\"https:\\\/\\\/www.idealpropertymallorca.com\\\/blog\\\/wp-content\\\/uploads\\\/2024\\\/10\\\/ideal-property-mallorca-blue-mobile.png\",\"contentUrl\":\"https:\\\/\\\/www.idealpropertymallorca.com\\\/blog\\\/wp-content\\\/uploads\\\/2024\\\/10\\\/ideal-property-mallorca-blue-mobile.png\",\"width\":500,\"height\":150,\"caption\":\"Majorca Blog\"},\"image\":{\"@id\":\"https:\\\/\\\/www.idealpropertymallorca.com\\\/blog\\\/fr\\\/#\\\/schema\\\/logo\\\/image\\\/\"}},{\"@type\":\"Person\",\"@id\":\"https:\\\/\\\/www.idealpropertymallorca.com\\\/blog\\\/fr\\\/#\\\/schema\\\/person\\\/8afda339a8de0d6db90fffb895f38917\",\"name\":\"digitalservices\",\"image\":{\"@type\":\"ImageObject\",\"inLanguage\":\"fr\",\"@id\":\"https:\\\/\\\/secure.gravatar.com\\\/avatar\\\/af30f88a1904294c1f3eb09a9d7903eec4ffa18fa2cf40c28a8681014ecdfc20?s=96&d=mm&r=g\",\"url\":\"https:\\\/\\\/secure.gravatar.com\\\/avatar\\\/af30f88a1904294c1f3eb09a9d7903eec4ffa18fa2cf40c28a8681014ecdfc20?s=96&d=mm&r=g\",\"contentUrl\":\"https:\\\/\\\/secure.gravatar.com\\\/avatar\\\/af30f88a1904294c1f3eb09a9d7903eec4ffa18fa2cf40c28a8681014ecdfc20?s=96&d=mm&r=g\",\"caption\":\"digitalservices\"}}]}<\/script>\n<!-- \/ Yoast SEO plugin. -->","yoast_head_json":{"title":"L\u2019ascension du Puig Tomir | Ideal Property Mallorca","description":"Explorez Puig Tomir, l'un des sommets les plus spectaculaires de Majorque, avec des itin\u00e9raires difficiles lors de vos prochaines vacances.","robots":{"index":"index","follow":"follow","max-snippet":"max-snippet:-1","max-image-preview":"max-image-preview:large","max-video-preview":"max-video-preview:-1"},"canonical":"https:\/\/www.idealpropertymallorca.com\/blog\/fr\/lascension-du-puig-tomir-lun-des-sommets-avec-les-meilleurs-panoramas-de-majorque\/","og_locale":"fr_FR","og_type":"article","og_title":"L\u2019ascension du Puig Tomir | Ideal Property Mallorca","og_description":"Explorez Puig Tomir, l'un des sommets les plus spectaculaires de Majorque, avec des itin\u00e9raires difficiles lors de vos prochaines vacances.","og_url":"https:\/\/www.idealpropertymallorca.com\/blog\/fr\/lascension-du-puig-tomir-lun-des-sommets-avec-les-meilleurs-panoramas-de-majorque\/","og_site_name":"Majorca Blog","article_published_time":"2025-04-22T09:20:39+00:00","article_modified_time":"2025-04-29T06:59:21+00:00","og_image":[{"width":1920,"height":640,"url":"https:\/\/www.idealpropertymallorca.com\/blog\/wp-content\/uploads\/2025\/04\/Puig-Tomir-subir.jpg","type":"image\/jpeg"}],"author":"digitalservices","twitter_card":"summary_large_image","twitter_misc":{"Written by":"digitalservices","Est. reading time":"8 minutes"},"schema":{"@context":"https:\/\/schema.org","@graph":[{"@type":"Article","@id":"https:\/\/www.idealpropertymallorca.com\/blog\/fr\/lascension-du-puig-tomir-lun-des-sommets-avec-les-meilleurs-panoramas-de-majorque\/#article","isPartOf":{"@id":"https:\/\/www.idealpropertymallorca.com\/blog\/fr\/lascension-du-puig-tomir-lun-des-sommets-avec-les-meilleurs-panoramas-de-majorque\/"},"author":{"name":"digitalservices","@id":"https:\/\/www.idealpropertymallorca.com\/blog\/fr\/#\/schema\/person\/8afda339a8de0d6db90fffb895f38917"},"headline":"L\u2019ascension du Puig Tomir, l&#8217;un des sommets avec les meilleurs panoramas de Majorque","datePublished":"2025-04-22T09:20:39+00:00","dateModified":"2025-04-29T06:59:21+00:00","mainEntityOfPage":{"@id":"https:\/\/www.idealpropertymallorca.com\/blog\/fr\/lascension-du-puig-tomir-lun-des-sommets-avec-les-meilleurs-panoramas-de-majorque\/"},"wordCount":1802,"commentCount":0,"publisher":{"@id":"https:\/\/www.idealpropertymallorca.com\/blog\/fr\/#organization"},"image":{"@id":"https:\/\/www.idealpropertymallorca.com\/blog\/fr\/lascension-du-puig-tomir-lun-des-sommets-avec-les-meilleurs-panoramas-de-majorque\/#primaryimage"},"thumbnailUrl":"https:\/\/www.idealpropertymallorca.com\/blog\/wp-content\/uploads\/2025\/04\/Puig-Tomir-subir.jpg","articleSection":["Sports d'aventure"],"inLanguage":"fr","potentialAction":[{"@type":"CommentAction","name":"Comment","target":["https:\/\/www.idealpropertymallorca.com\/blog\/fr\/lascension-du-puig-tomir-lun-des-sommets-avec-les-meilleurs-panoramas-de-majorque\/#respond"]}]},{"@type":"WebPage","@id":"https:\/\/www.idealpropertymallorca.com\/blog\/fr\/lascension-du-puig-tomir-lun-des-sommets-avec-les-meilleurs-panoramas-de-majorque\/","url":"https:\/\/www.idealpropertymallorca.com\/blog\/fr\/lascension-du-puig-tomir-lun-des-sommets-avec-les-meilleurs-panoramas-de-majorque\/","name":"L\u2019ascension du Puig Tomir | Ideal Property Mallorca","isPartOf":{"@id":"https:\/\/www.idealpropertymallorca.com\/blog\/fr\/#website"},"primaryImageOfPage":{"@id":"https:\/\/www.idealpropertymallorca.com\/blog\/fr\/lascension-du-puig-tomir-lun-des-sommets-avec-les-meilleurs-panoramas-de-majorque\/#primaryimage"},"image":{"@id":"https:\/\/www.idealpropertymallorca.com\/blog\/fr\/lascension-du-puig-tomir-lun-des-sommets-avec-les-meilleurs-panoramas-de-majorque\/#primaryimage"},"thumbnailUrl":"https:\/\/www.idealpropertymallorca.com\/blog\/wp-content\/uploads\/2025\/04\/Puig-Tomir-subir.jpg","datePublished":"2025-04-22T09:20:39+00:00","dateModified":"2025-04-29T06:59:21+00:00","description":"Explorez Puig Tomir, l'un des sommets les plus spectaculaires de Majorque, avec des itin\u00e9raires difficiles lors de vos prochaines vacances.","inLanguage":"fr","potentialAction":[{"@type":"ReadAction","target":["https:\/\/www.idealpropertymallorca.com\/blog\/fr\/lascension-du-puig-tomir-lun-des-sommets-avec-les-meilleurs-panoramas-de-majorque\/"]}]},{"@type":"ImageObject","inLanguage":"fr","@id":"https:\/\/www.idealpropertymallorca.com\/blog\/fr\/lascension-du-puig-tomir-lun-des-sommets-avec-les-meilleurs-panoramas-de-majorque\/#primaryimage","url":"https:\/\/www.idealpropertymallorca.com\/blog\/wp-content\/uploads\/2025\/04\/Puig-Tomir-subir.jpg","contentUrl":"https:\/\/www.idealpropertymallorca.com\/blog\/wp-content\/uploads\/2025\/04\/Puig-Tomir-subir.jpg","width":1920,"height":640,"caption":"Puig Tomir subir"},{"@type":"WebSite","@id":"https:\/\/www.idealpropertymallorca.com\/blog\/fr\/#website","url":"https:\/\/www.idealpropertymallorca.com\/blog\/fr\/","name":"Majorca Blog","description":"Find relevant tourist information to see and do on the island of Mallorca during your holiday. Discover the best places and tips!","publisher":{"@id":"https:\/\/www.idealpropertymallorca.com\/blog\/fr\/#organization"},"potentialAction":[{"@type":"SearchAction","target":{"@type":"EntryPoint","urlTemplate":"https:\/\/www.idealpropertymallorca.com\/blog\/fr\/?s={search_term_string}"},"query-input":{"@type":"PropertyValueSpecification","valueRequired":true,"valueName":"search_term_string"}}],"inLanguage":"fr"},{"@type":"Organization","@id":"https:\/\/www.idealpropertymallorca.com\/blog\/fr\/#organization","name":"Majorca Blog","url":"https:\/\/www.idealpropertymallorca.com\/blog\/fr\/","logo":{"@type":"ImageObject","inLanguage":"fr","@id":"https:\/\/www.idealpropertymallorca.com\/blog\/fr\/#\/schema\/logo\/image\/","url":"https:\/\/www.idealpropertymallorca.com\/blog\/wp-content\/uploads\/2024\/10\/ideal-property-mallorca-blue-mobile.png","contentUrl":"https:\/\/www.idealpropertymallorca.com\/blog\/wp-content\/uploads\/2024\/10\/ideal-property-mallorca-blue-mobile.png","width":500,"height":150,"caption":"Majorca Blog"},"image":{"@id":"https:\/\/www.idealpropertymallorca.com\/blog\/fr\/#\/schema\/logo\/image\/"}},{"@type":"Person","@id":"https:\/\/www.idealpropertymallorca.com\/blog\/fr\/#\/schema\/person\/8afda339a8de0d6db90fffb895f38917","name":"digitalservices","image":{"@type":"ImageObject","inLanguage":"fr","@id":"https:\/\/secure.gravatar.com\/avatar\/af30f88a1904294c1f3eb09a9d7903eec4ffa18fa2cf40c28a8681014ecdfc20?s=96&d=mm&r=g","url":"https:\/\/secure.gravatar.com\/avatar\/af30f88a1904294c1f3eb09a9d7903eec4ffa18fa2cf40c28a8681014ecdfc20?s=96&d=mm&r=g","contentUrl":"https:\/\/secure.gravatar.com\/avatar\/af30f88a1904294c1f3eb09a9d7903eec4ffa18fa2cf40c28a8681014ecdfc20?s=96&d=mm&r=g","caption":"digitalservices"}}]}},"_links":{"self":[{"href":"https:\/\/www.idealpropertymallorca.com\/blog\/fr\/wp-json\/wp\/v2\/posts\/19045","targetHints":{"allow":["GET"]}}],"collection":[{"href":"https:\/\/www.idealpropertymallorca.com\/blog\/fr\/wp-json\/wp\/v2\/posts"}],"about":[{"href":"https:\/\/www.idealpropertymallorca.com\/blog\/fr\/wp-json\/wp\/v2\/types\/post"}],"author":[{"embeddable":true,"href":"https:\/\/www.idealpropertymallorca.com\/blog\/fr\/wp-json\/wp\/v2\/users\/3"}],"replies":[{"embeddable":true,"href":"https:\/\/www.idealpropertymallorca.com\/blog\/fr\/wp-json\/wp\/v2\/comments?post=19045"}],"version-history":[{"count":11,"href":"https:\/\/www.idealpropertymallorca.com\/blog\/fr\/wp-json\/wp\/v2\/posts\/19045\/revisions"}],"predecessor-version":[{"id":19113,"href":"https:\/\/www.idealpropertymallorca.com\/blog\/fr\/wp-json\/wp\/v2\/posts\/19045\/revisions\/19113"}],"wp:featuredmedia":[{"embeddable":true,"href":"https:\/\/www.idealpropertymallorca.com\/blog\/fr\/wp-json\/wp\/v2\/media\/18989"}],"wp:attachment":[{"href":"https:\/\/www.idealpropertymallorca.com\/blog\/fr\/wp-json\/wp\/v2\/media?parent=19045"}],"wp:term":[{"taxonomy":"category","embeddable":true,"href":"https:\/\/www.idealpropertymallorca.com\/blog\/fr\/wp-json\/wp\/v2\/categories?post=19045"},{"taxonomy":"post_tag","embeddable":true,"href":"https:\/\/www.idealpropertymallorca.com\/blog\/fr\/wp-json\/wp\/v2\/tags?post=19045"}],"curies":[{"name":"wp","href":"https:\/\/api.w.org\/{rel}","templated":true}]}}