{"id":17966,"date":"2025-02-24T13:48:43","date_gmt":"2025-02-24T13:48:43","guid":{"rendered":"https:\/\/www.idealpropertymallorca.com\/blog\/?p=17966"},"modified":"2025-04-08T10:13:04","modified_gmt":"2025-04-08T10:13:04","slug":"majorque-en-fevrier-une-escapade-memorable","status":"publish","type":"post","link":"https:\/\/www.idealpropertymallorca.com\/blog\/fr\/majorque-en-fevrier-une-escapade-memorable\/","title":{"rendered":"Majorque en f\u00e9vrier: une escapade m\u00e9morable"},"content":{"rendered":"\t\t<div data-elementor-type=\"wp-post\" data-elementor-id=\"17966\" class=\"elementor elementor-17966 elementor-4776\" data-elementor-post-type=\"post\">\n\t\t\t\t\t\t<section class=\"elementor-section elementor-top-section elementor-element elementor-element-31082c0a elementor-section-boxed elementor-section-height-default elementor-section-height-default\" data-id=\"31082c0a\" data-element_type=\"section\" data-e-type=\"section\">\n\t\t\t\t\t\t<div class=\"elementor-container elementor-column-gap-default\">\n\t\t\t\t\t<div class=\"elementor-column elementor-col-100 elementor-top-column elementor-element elementor-element-6e9787c0\" data-id=\"6e9787c0\" data-element_type=\"column\" data-e-type=\"column\">\n\t\t\t<div class=\"elementor-widget-wrap elementor-element-populated\">\n\t\t\t\t\t\t<div class=\"elementor-element elementor-element-432bbb27 elementor-widget elementor-widget-text-editor\" data-id=\"432bbb27\" data-element_type=\"widget\" data-e-type=\"widget\" data-widget_type=\"text-editor.default\">\n\t\t\t\t<div class=\"elementor-widget-container\">\n\t\t\t\t\t\t\t\t\t<p>Dans la derni\u00e8re ligne droite de l&#8217;hiver, le <strong>temps \u00e0 Majorque en f\u00e9vrier<\/strong> est parfait pour pr\u00e9parer une escapade seul, entre amis ou en famille. Les temp\u00e9ratures commencent \u00e0 s&#8217;adoucir, tandis que la probabilit\u00e9 de pluie diminue. C&#8217;est sans aucun doute le mois id\u00e9al pour profiter de l&#8217;\u00eele sans l&#8217;agitation de la saison estivale. Et le mieux, c&#8217;est que vous ne manquerez pas de projets.<\/p>\t\t\t\t\t\t\t\t<\/div>\n\t\t\t\t<\/div>\n\t\t\t\t\t<\/div>\n\t\t<\/div>\n\t\t\t\t\t<\/div>\n\t\t<\/section>\n\t\t\t\t<section class=\"elementor-section elementor-top-section elementor-element elementor-element-302dc23f elementor-section-boxed elementor-section-height-default elementor-section-height-default\" data-id=\"302dc23f\" data-element_type=\"section\" data-e-type=\"section\">\n\t\t\t\t\t\t<div class=\"elementor-container elementor-column-gap-default\">\n\t\t\t\t\t<div class=\"elementor-column elementor-col-100 elementor-top-column elementor-element elementor-element-52ebcd87\" data-id=\"52ebcd87\" data-element_type=\"column\" data-e-type=\"column\">\n\t\t\t<div class=\"elementor-widget-wrap elementor-element-populated\">\n\t\t\t\t\t\t<div class=\"elementor-element elementor-element-4a6b8899 elementor-widget elementor-widget-table-of-contents\" data-id=\"4a6b8899\" data-element_type=\"widget\" data-e-type=\"widget\" data-settings=\"{&quot;headings_by_tags&quot;:[&quot;h2&quot;],&quot;exclude_headings_by_selector&quot;:[],&quot;marker_view&quot;:&quot;bullets&quot;,&quot;icon&quot;:{&quot;value&quot;:&quot;&quot;,&quot;library&quot;:&quot;&quot;},&quot;no_headings_message&quot;:&quot;No se ha encontrado ning\\u00fan encabezado en esta p\\u00e1gina.&quot;,&quot;hierarchical_view&quot;:&quot;yes&quot;,&quot;min_height&quot;:{&quot;unit&quot;:&quot;px&quot;,&quot;size&quot;:&quot;&quot;,&quot;sizes&quot;:[]},&quot;min_height_tablet&quot;:{&quot;unit&quot;:&quot;px&quot;,&quot;size&quot;:&quot;&quot;,&quot;sizes&quot;:[]},&quot;min_height_mobile&quot;:{&quot;unit&quot;:&quot;px&quot;,&quot;size&quot;:&quot;&quot;,&quot;sizes&quot;:[]}}\" data-widget_type=\"table-of-contents.default\">\n\t\t\t\t<div class=\"elementor-widget-container\">\n\t\t\t\t\t\t\t\t\t<div class=\"elementor-toc__header\">\n\t\t\t\t\t\t<div class=\"elementor-toc__header-title\">\n\t\t\t\tINDEX\t\t\t<\/div>\n\t\t\t\t\t\t\t\t<\/div>\n\t\t\t\t<div id=\"elementor-toc__4a6b8899\" class=\"elementor-toc__body\">\n\t\t\t<div class=\"elementor-toc__spinner-container\">\n\t\t\t\t<i class=\"elementor-toc__spinner eicon-animation-spin eicon-loading\" aria-hidden=\"true\"><\/i>\t\t\t<\/div>\n\t\t<\/div>\n\t\t\t\t\t\t<\/div>\n\t\t\t\t<\/div>\n\t\t\t\t\t<\/div>\n\t\t<\/div>\n\t\t\t\t\t<\/div>\n\t\t<\/section>\n\t\t\t\t<section class=\"elementor-section elementor-top-section elementor-element elementor-element-4b4a73d0 elementor-section-boxed elementor-section-height-default elementor-section-height-default\" data-id=\"4b4a73d0\" data-element_type=\"section\" data-e-type=\"section\">\n\t\t\t\t\t\t<div class=\"elementor-container elementor-column-gap-default\">\n\t\t\t\t\t<div class=\"elementor-column elementor-col-100 elementor-top-column elementor-element elementor-element-237afd0e\" data-id=\"237afd0e\" data-element_type=\"column\" data-e-type=\"column\">\n\t\t\t<div class=\"elementor-widget-wrap elementor-element-populated\">\n\t\t\t\t\t\t<div class=\"elementor-element elementor-element-2047be4b elementor-widget elementor-widget-heading\" data-id=\"2047be4b\" data-element_type=\"widget\" data-e-type=\"widget\" data-widget_type=\"heading.default\">\n\t\t\t\t<div class=\"elementor-widget-container\">\n\t\t\t\t\t<h2 class=\"elementor-heading-title elementor-size-default\">Explorer Palma de Majorque en f\u00e9vrier<\/h2>\t\t\t\t<\/div>\n\t\t\t\t<\/div>\n\t\t\t\t<div class=\"elementor-element elementor-element-3581f94d elementor-widget elementor-widget-text-editor\" data-id=\"3581f94d\" data-element_type=\"widget\" data-e-type=\"widget\" data-widget_type=\"text-editor.default\">\n\t\t\t\t<div class=\"elementor-widget-container\">\n\t\t\t\t\t\t\t\t\t<p>Lors de votre s\u00e9jour dans la capitale de l&#8217;\u00eele de Majorque, vous aurez l&#8217;occasion de d\u00e9couvrir ses principales rues et places. Nous vous recommandons de commencer par le quartier historique, o\u00f9 se trouvent de nombreux points d&#8217;int\u00e9r\u00eat touristique. Parmi ceux-ci, citons la <strong>cath\u00e9drale de Palma<\/strong>, connue sous le nom de La Seu, et le <strong>palais royal de l&#8217;Almudaina<\/strong>.<\/p><p>Faites une halte sur la place <strong>Plaza Mayor<\/strong> pour reprendre des forces dans l&#8217;un de ses caf\u00e9s, puis reprenez votre promenade autour du port. Des centaines de bateaux s&#8217;amarrent \u00e0 ses quais, dont la taille contraste avec celle des grands navires de croisi\u00e8re qui font escale au m\u00eame quai.<\/p><p>Par ailleurs, si vous \u00eates passionn\u00e9 par le monde de l&#8217;art, profitez-en pour visiter la <a href=\"https:\/\/miromallorca.com\/en\/\">Fundaci\u00f3 Mir\u00f3<\/a>. Les visites personnalis\u00e9es et exclusives vous permettront de conna\u00eetre le Mir\u00f3 le plus intime gr\u00e2ce au directeur de cette fondation et au petit-fils de l&#8217;artiste.<\/p>\t\t\t\t\t\t\t\t<\/div>\n\t\t\t\t<\/div>\n\t\t\t\t\t<\/div>\n\t\t<\/div>\n\t\t\t\t\t<\/div>\n\t\t<\/section>\n\t\t\t\t<section class=\"elementor-section elementor-top-section elementor-element elementor-element-708532f elementor-section-boxed elementor-section-height-default elementor-section-height-default\" data-id=\"708532f\" data-element_type=\"section\" data-e-type=\"section\">\n\t\t\t\t\t\t<div class=\"elementor-container elementor-column-gap-default\">\n\t\t\t\t\t<div class=\"elementor-column elementor-col-100 elementor-top-column elementor-element elementor-element-81bdc43\" data-id=\"81bdc43\" data-element_type=\"column\" data-e-type=\"column\">\n\t\t\t<div class=\"elementor-widget-wrap elementor-element-populated\">\n\t\t\t\t\t\t<div class=\"elementor-element elementor-element-4772016 elementor-widget elementor-widget-heading\" data-id=\"4772016\" data-element_type=\"widget\" data-e-type=\"widget\" data-widget_type=\"heading.default\">\n\t\t\t\t<div class=\"elementor-widget-container\">\n\t\t\t\t\t<h2 class=\"elementor-heading-title elementor-size-default\">Itin\u00e9raires de randonn\u00e9e en f\u00e9vrier \u00e0 Majorque<\/h2>\t\t\t\t<\/div>\n\t\t\t\t<\/div>\n\t\t\t\t<div class=\"elementor-element elementor-element-ebb1ec5 elementor-widget elementor-widget-text-editor\" data-id=\"ebb1ec5\" data-element_type=\"widget\" data-e-type=\"widget\" data-widget_type=\"text-editor.default\">\n\t\t\t\t<div class=\"elementor-widget-container\">\n\t\t\t\t\t\t\t\t\t<p>La nature vous offre la possibilit\u00e9 de d\u00e9couvrir une autre facette, moins connue, de Majorque en f\u00e9vrier. Pour ce faire, choisissez l&#8217;un de ces <a href=\"https:\/\/www.idealpropertymallorca.com\/blog\/fr\/itineraires-de-mallorca-le-guide-pour-explorer-lile-a-pied\/\">itin\u00e9raires de randonn\u00e9e<\/a>, par exemple:<\/p><p>&#8211; <strong>L&#8217;itin\u00e9raire du ravin de Barranco de Biniaraix<\/strong>. Bien qu&#8217;il pr\u00e9sente un d\u00e9nivel\u00e9 d&#8217;environ 700 m\u00e8tres, ce n&#8217;est pas un parcours compliqu\u00e9. Il s&#8217;agit d&#8217;un chemin pav\u00e9 qui offre des vues impressionnantes sur la gorge du torrent.<\/p><p>&#8211; <strong>La route des plages<\/strong>. Cet itin\u00e9raire suit les diff\u00e9rents sentiers du parc naturel de Llevant, d&#8217;o\u00f9 l&#8217;on peut voir diff\u00e9rentes criques pr\u00e9serv\u00e9es. Les vues sur la mer vous s\u00e9duiront.<\/p><p>&#8211; <strong>Itin\u00e9raire du Torrent de Pareis.<\/strong> D&#8217;un niveau de difficult\u00e9 \u00e9lev\u00e9, cet itin\u00e9raire traverse un canyon et une gorge pour aboutir \u00e0 une plage, celle de Sa Calobra. C&#8217;est un v\u00e9ritable film.<\/p><p>Avant de partir, n&#8217;oubliez pas de v\u00e9rifier le <strong>temps qu&#8217;il fait \u00e0 Majorque <\/strong>en f\u00e9vrier.<\/p>\t\t\t\t\t\t\t\t<\/div>\n\t\t\t\t<\/div>\n\t\t\t\t\t<\/div>\n\t\t<\/div>\n\t\t\t\t\t<\/div>\n\t\t<\/section>\n\t\t\t\t<section class=\"elementor-section elementor-top-section elementor-element elementor-element-b623f03 elementor-section-boxed elementor-section-height-default elementor-section-height-default\" data-id=\"b623f03\" data-element_type=\"section\" data-e-type=\"section\">\n\t\t\t\t\t\t<div class=\"elementor-container elementor-column-gap-default\">\n\t\t\t\t\t<div class=\"elementor-column elementor-col-100 elementor-top-column elementor-element elementor-element-0dae0bf\" data-id=\"0dae0bf\" data-element_type=\"column\" data-e-type=\"column\">\n\t\t\t<div class=\"elementor-widget-wrap elementor-element-populated\">\n\t\t\t\t\t\t<div class=\"elementor-element elementor-element-860024b elementor-widget elementor-widget-image\" data-id=\"860024b\" data-element_type=\"widget\" data-e-type=\"widget\" data-widget_type=\"image.default\">\n\t\t\t\t<div class=\"elementor-widget-container\">\n\t\t\t\t\t\t\t\t\t\t\t\t\t\t\t<img fetchpriority=\"high\" decoding=\"async\" width=\"800\" height=\"336\" src=\"https:\/\/www.idealpropertymallorca.com\/blog\/wp-content\/uploads\/2023\/12\/senderismo-mallorca-en-febrero-1500x630.jpg\" class=\"attachment-large size-large wp-image-17588\" alt=\"\" \/>\t\t\t\t\t\t\t\t\t\t\t\t\t\t\t<\/div>\n\t\t\t\t<\/div>\n\t\t\t\t\t<\/div>\n\t\t<\/div>\n\t\t\t\t\t<\/div>\n\t\t<\/section>\n\t\t\t\t<section class=\"elementor-section elementor-top-section elementor-element elementor-element-d10a7bf elementor-section-boxed elementor-section-height-default elementor-section-height-default\" data-id=\"d10a7bf\" data-element_type=\"section\" data-e-type=\"section\">\n\t\t\t\t\t\t<div class=\"elementor-container elementor-column-gap-default\">\n\t\t\t\t\t<div class=\"elementor-column elementor-col-100 elementor-top-column elementor-element elementor-element-0d75803\" data-id=\"0d75803\" data-element_type=\"column\" data-e-type=\"column\">\n\t\t\t<div class=\"elementor-widget-wrap elementor-element-populated\">\n\t\t\t\t\t\t<div class=\"elementor-element elementor-element-9a86688 elementor-widget elementor-widget-heading\" data-id=\"9a86688\" data-element_type=\"widget\" data-e-type=\"widget\" data-widget_type=\"heading.default\">\n\t\t\t\t<div class=\"elementor-widget-container\">\n\t\t\t\t\t<h2 class=\"elementor-heading-title elementor-size-default\">Visiter des caves \u00e0 Majorque\n<\/h2>\t\t\t\t<\/div>\n\t\t\t\t<\/div>\n\t\t\t\t<div class=\"elementor-element elementor-element-8958a23 elementor-widget elementor-widget-text-editor\" data-id=\"8958a23\" data-element_type=\"widget\" data-e-type=\"widget\" data-widget_type=\"text-editor.default\">\n\t\t\t\t<div class=\"elementor-widget-container\">\n\t\t\t\t\t\t\t\t\t<p>Les amateurs d&#8217;\u0153notourisme trouveront sur l&#8217;\u00eele une s\u00e9rie de caves qui valent la peine d&#8217;\u00eatre visit\u00e9es. Si c&#8217;est votre cas et que vous ne savez toujours pas quoi faire \u00e0 <strong>Majorque en f\u00e9vrier<\/strong>, profitez-en pour tracer votre propre route des vins.<\/p><p>Pour commencer, arr\u00eatez-vous \u00e0 <strong>Mesquida Mora<\/strong>, qui s&#8217;est fait conna\u00eetre pour les techniques durables qu&#8217;elle utilise. Vous pourrez visiter ce domaine biodynamique et profiter de d\u00e9gustations accompagn\u00e9es de biscuits et d&#8217;un assortiment de fromages.<\/p><p>La <strong>Bodegas Miquel Oliver<\/strong> vous ouvrira \u00e9galement ses portes pour vous faire d\u00e9couvrir son histoire prim\u00e9e. Ses responsables vous proposent quatre visites pour vous familiariser avec ses 13 \u00e9tiquettes de vin diff\u00e9rentes.<\/p><p>La cave <strong>Bodegas Son Puig<\/strong> s&#8217;appuie sur plus de quatre si\u00e8cles d&#8217;histoire et ses propri\u00e9taires n&#8217;h\u00e9sitent pas \u00e0 partager leurs connaissances avec le public. Leur production se caract\u00e9rise par son caract\u00e8re artisanal et limit\u00e9.<\/p><p>Le domaine <strong>Maci\u00e0 Batle<\/strong>, de renomm\u00e9e internationale, m\u00e9rite une mention sp\u00e9ciale. Des raisins de qualit\u00e9 sup\u00e9rieure donnent naissance \u00e0 des vins magnifiques, tr\u00e8s appr\u00e9ci\u00e9s des experts.<\/p>\t\t\t\t\t\t\t\t<\/div>\n\t\t\t\t<\/div>\n\t\t\t\t\t<\/div>\n\t\t<\/div>\n\t\t\t\t\t<\/div>\n\t\t<\/section>\n\t\t\t\t<section class=\"elementor-section elementor-top-section elementor-element elementor-element-b34a8a2 elementor-section-boxed elementor-section-height-default elementor-section-height-default\" data-id=\"b34a8a2\" data-element_type=\"section\" data-e-type=\"section\">\n\t\t\t\t\t\t<div class=\"elementor-container elementor-column-gap-default\">\n\t\t\t\t\t<div class=\"elementor-column elementor-col-100 elementor-top-column elementor-element elementor-element-fb02f8c\" data-id=\"fb02f8c\" data-element_type=\"column\" data-e-type=\"column\">\n\t\t\t<div class=\"elementor-widget-wrap elementor-element-populated\">\n\t\t\t\t\t\t<div class=\"elementor-element elementor-element-9b38b1a elementor-widget elementor-widget-heading\" data-id=\"9b38b1a\" data-element_type=\"widget\" data-e-type=\"widget\" data-widget_type=\"heading.default\">\n\t\t\t\t<div class=\"elementor-widget-container\">\n\t\t\t\t\t<h2 class=\"elementor-heading-title elementor-size-default\">March\u00e9s locaux \u00e0 Majorque en f\u00e9vrier<\/h2>\t\t\t\t<\/div>\n\t\t\t\t<\/div>\n\t\t\t\t<div class=\"elementor-element elementor-element-45f0944 elementor-widget elementor-widget-text-editor\" data-id=\"45f0944\" data-element_type=\"widget\" data-e-type=\"widget\" data-widget_type=\"text-editor.default\">\n\t\t\t\t<div class=\"elementor-widget-container\">\n\t\t\t\t\t\t\t\t\t<p>L&#8217;offre est aussi large que vari\u00e9e. Dans la deuxi\u00e8me moiti\u00e9 de f\u00e9vrier (les vendredis et samedis), la Plaza Mayor accueille un <strong>march\u00e9 artisanal<\/strong>. Des chapeaux, des v\u00eatements, des accessoires, des c\u00e9ramiques, etc. sont en vente sur les \u00e9tals.<\/p><p>Auparavant, le premier week-end du mois, le domaine Ca S&#8217;Hereu de Son Servera accueille la<strong> foire aux amandiers en fleurs<\/strong>. Cet arbre est le point commun des articles que l&#8217;on peut acheter. D&#8217;autre part, les <strong>march\u00e9s permanents et les march\u00e9s gastronomiques<\/strong> prolif\u00e8rent dans la ville. Il s&#8217;agit notamment du march\u00e9 de Llevant, du march\u00e9 de l&#8217;Olivar, du march\u00e9 de Pere Garau, du march\u00e9 gastronomique de 1930, du march\u00e9 de Ca&#8217;n Pastilla, etc.<\/p>\t\t\t\t\t\t\t\t<\/div>\n\t\t\t\t<\/div>\n\t\t\t\t\t<\/div>\n\t\t<\/div>\n\t\t\t\t\t<\/div>\n\t\t<\/section>\n\t\t\t\t<section class=\"elementor-section elementor-top-section elementor-element elementor-element-b08ef1a elementor-section-boxed elementor-section-height-default elementor-section-height-default\" data-id=\"b08ef1a\" data-element_type=\"section\" data-e-type=\"section\">\n\t\t\t\t\t\t<div class=\"elementor-container elementor-column-gap-default\">\n\t\t\t\t\t<div class=\"elementor-column elementor-col-100 elementor-top-column elementor-element elementor-element-decf280\" data-id=\"decf280\" data-element_type=\"column\" data-e-type=\"column\">\n\t\t\t<div class=\"elementor-widget-wrap elementor-element-populated\">\n\t\t\t\t\t\t<div class=\"elementor-element elementor-element-3e5f3cf elementor-widget elementor-widget-image\" data-id=\"3e5f3cf\" data-element_type=\"widget\" data-e-type=\"widget\" data-widget_type=\"image.default\">\n\t\t\t\t<div class=\"elementor-widget-container\">\n\t\t\t\t\t\t\t\t\t\t\t\t\t\t\t<img decoding=\"async\" width=\"800\" height=\"336\" src=\"https:\/\/www.idealpropertymallorca.com\/blog\/wp-content\/uploads\/2023\/12\/mercadillos-de-febrero-en-mallorca-1500x630.jpg\" class=\"attachment-large size-large wp-image-17969\" alt=\"\" \/>\t\t\t\t\t\t\t\t\t\t\t\t\t\t\t<\/div>\n\t\t\t\t<\/div>\n\t\t\t\t\t<\/div>\n\t\t<\/div>\n\t\t\t\t\t<\/div>\n\t\t<\/section>\n\t\t\t\t<section class=\"elementor-section elementor-top-section elementor-element elementor-element-42410fe elementor-section-boxed elementor-section-height-default elementor-section-height-default\" data-id=\"42410fe\" data-element_type=\"section\" data-e-type=\"section\">\n\t\t\t\t\t\t<div class=\"elementor-container elementor-column-gap-default\">\n\t\t\t\t\t<div class=\"elementor-column elementor-col-100 elementor-top-column elementor-element elementor-element-e3fe2ca\" data-id=\"e3fe2ca\" data-element_type=\"column\" data-e-type=\"column\">\n\t\t\t<div class=\"elementor-widget-wrap elementor-element-populated\">\n\t\t\t\t\t\t<div class=\"elementor-element elementor-element-5d3f27f elementor-widget elementor-widget-heading\" data-id=\"5d3f27f\" data-element_type=\"widget\" data-e-type=\"widget\" data-widget_type=\"heading.default\">\n\t\t\t\t<div class=\"elementor-widget-container\">\n\t\t\t\t\t<h2 class=\"elementor-heading-title elementor-size-default\">Spas: bien-\u00eatre et relaxation\n<\/h2>\t\t\t\t<\/div>\n\t\t\t\t<\/div>\n\t\t\t\t<div class=\"elementor-element elementor-element-5d1aa1c elementor-widget elementor-widget-text-editor\" data-id=\"5d1aa1c\" data-element_type=\"widget\" data-e-type=\"widget\" data-widget_type=\"text-editor.default\">\n\t\t\t\t<div class=\"elementor-widget-container\">\n\t\t\t\t\t\t\t\t\t<p>Ind\u00e9pendamment du temps qu&#8217;il fait \u00e0 <strong>Majorque en f\u00e9vrier<\/strong>, ce plan est toujours tentant. C&#8217;est pourquoi, si vous souhaitez vous d\u00e9connecter de votre routine, vous reposer, vous d\u00e9tendre ou suivre diff\u00e9rents traitements, optez pour un spa. Le Fontsanta Hotel Thermal Spa &amp; Wellness dispose des seules <strong>eaux thermales de Majorque<\/strong>.<\/p><p>Le Belmond La Residencia, quant \u00e0 lui, se distingue par la grande vari\u00e9t\u00e9 de ses <strong>propositions th\u00e9rapeutiques<\/strong>. Mais si vous recherchez un traitement personnalis\u00e9, rendez-vous au Castillo de Son Vida. L&#8217;<strong>approche holistique<\/strong> se retrouve \u00e0 l&#8217;Arabella Spa du St. Regis Mardavall, tandis que le Valparaiso Palace Hotel &amp; Spa promet des exp\u00e9riences m\u00e9morables.<\/p>\t\t\t\t\t\t\t\t<\/div>\n\t\t\t\t<\/div>\n\t\t\t\t\t<\/div>\n\t\t<\/div>\n\t\t\t\t\t<\/div>\n\t\t<\/section>\n\t\t\t\t<section class=\"elementor-section elementor-top-section elementor-element elementor-element-30d0b991 elementor-section-boxed elementor-section-height-default elementor-section-height-default\" data-id=\"30d0b991\" data-element_type=\"section\" data-e-type=\"section\">\n\t\t\t\t\t\t<div class=\"elementor-container elementor-column-gap-default\">\n\t\t\t\t\t<div class=\"elementor-column elementor-col-100 elementor-top-column elementor-element elementor-element-56d276b8\" data-id=\"56d276b8\" data-element_type=\"column\" data-e-type=\"column\">\n\t\t\t<div class=\"elementor-widget-wrap elementor-element-populated\">\n\t\t\t\t\t\t<div class=\"elementor-element elementor-element-4343b03f elementor-widget elementor-widget-heading\" data-id=\"4343b03f\" data-element_type=\"widget\" data-e-type=\"widget\" data-widget_type=\"heading.default\">\n\t\t\t\t<div class=\"elementor-widget-container\">\n\t\t\t\t\t<h2 class=\"elementor-heading-title elementor-size-default\">Venez profiter de Majorque en f\u00e9vrier\n<\/h2>\t\t\t\t<\/div>\n\t\t\t\t<\/div>\n\t\t\t\t<div class=\"elementor-element elementor-element-52db8823 elementor-widget elementor-widget-text-editor\" data-id=\"52db8823\" data-element_type=\"widget\" data-e-type=\"widget\" data-widget_type=\"text-editor.default\">\n\t\t\t\t<div class=\"elementor-widget-container\">\n\t\t\t\t\t\t\t\t\t<p>Outre les projets que nous vous avons concoct\u00e9s dans ce billet, il en existe bien d&#8217;autres: que diriez-vous d&#8217;observer l<strong>a floraison des amandiers ou de faire<\/strong> une promenade en <a href=\"https:\/\/www.idealpropertymallorca.com\/blog\/fr\/excursion-en-bateau-prive-a-mallorca-decouvrez-lile-en-exclusivite\/\">bateau<\/a>? Et si vous vous laissiez s\u00e9duire par les restaurants \u00e9toil\u00e9s? Vous serez \u00e9galement fascin\u00e9 par les couchers de soleil sur les plages.<\/p><p>Profitez <strong>au maximum du temps qu&#8217;il fait \u00e0 Majorque en f\u00e9vrier<\/strong> pour vous \u00e9vader sans les foules qui visitent l&#8217;\u00eele les derniers mois&#8230; Nous vous attendons avec impatience!<\/p>\t\t\t\t\t\t\t\t<\/div>\n\t\t\t\t<\/div>\n\t\t\t\t\t<\/div>\n\t\t<\/div>\n\t\t\t\t\t<\/div>\n\t\t<\/section>\n\t\t\t\t<section class=\"elementor-section elementor-top-section elementor-element elementor-element-6df462f elementor-section-boxed elementor-section-height-default elementor-section-height-default\" data-id=\"6df462f\" data-element_type=\"section\" data-e-type=\"section\">\n\t\t\t\t\t\t<div class=\"elementor-container elementor-column-gap-default\">\n\t\t\t\t\t<div class=\"elementor-column elementor-col-33 elementor-top-column elementor-element elementor-element-5a57a6e6\" data-id=\"5a57a6e6\" data-element_type=\"column\" data-e-type=\"column\">\n\t\t\t<div class=\"elementor-widget-wrap elementor-element-populated\">\n\t\t\t\t\t\t<div class=\"elementor-element elementor-element-6b6d1b24 elementor-align-center elementor-widget elementor-widget-button\" data-id=\"6b6d1b24\" data-element_type=\"widget\" data-e-type=\"widget\" data-widget_type=\"button.default\">\n\t\t\t\t<div class=\"elementor-widget-container\">\n\t\t\t\t\t\t\t\t\t<div class=\"elementor-button-wrapper\">\n\t\t\t\t\t<a class=\"elementor-button elementor-button-link elementor-size-sm\" href=\"https:\/\/www.idealpropertymallorca.com\/fr\/location-appartement-a-majorque\">\n\t\t\t\t\t\t<span class=\"elementor-button-content-wrapper\">\n\t\t\t\t\t\t\t\t\t<span class=\"elementor-button-text\">Appartements \u00e0 Mallorca<\/span>\n\t\t\t\t\t<\/span>\n\t\t\t\t\t<\/a>\n\t\t\t\t<\/div>\n\t\t\t\t\t\t\t\t<\/div>\n\t\t\t\t<\/div>\n\t\t\t\t\t<\/div>\n\t\t<\/div>\n\t\t\t\t<div class=\"elementor-column elementor-col-33 elementor-top-column elementor-element elementor-element-51ef424f\" data-id=\"51ef424f\" data-element_type=\"column\" data-e-type=\"column\">\n\t\t\t<div class=\"elementor-widget-wrap elementor-element-populated\">\n\t\t\t\t\t\t<div class=\"elementor-element elementor-element-321b70d6 elementor-align-center elementor-widget elementor-widget-button\" data-id=\"321b70d6\" data-element_type=\"widget\" data-e-type=\"widget\" data-widget_type=\"button.default\">\n\t\t\t\t<div class=\"elementor-widget-container\">\n\t\t\t\t\t\t\t\t\t<div class=\"elementor-button-wrapper\">\n\t\t\t\t\t<a class=\"elementor-button elementor-button-link elementor-size-sm\" href=\"https:\/\/www.idealpropertymallorca.com\/fr\/location-maison-majorque\/\">\n\t\t\t\t\t\t<span class=\"elementor-button-content-wrapper\">\n\t\t\t\t\t\t\t\t\t<span class=\"elementor-button-text\">Maisons de vacances \u00e0 Mallorca<\/span>\n\t\t\t\t\t<\/span>\n\t\t\t\t\t<\/a>\n\t\t\t\t<\/div>\n\t\t\t\t\t\t\t\t<\/div>\n\t\t\t\t<\/div>\n\t\t\t\t\t<\/div>\n\t\t<\/div>\n\t\t\t\t<div class=\"elementor-column elementor-col-33 elementor-top-column elementor-element elementor-element-50874e31\" data-id=\"50874e31\" data-element_type=\"column\" data-e-type=\"column\">\n\t\t\t<div class=\"elementor-widget-wrap elementor-element-populated\">\n\t\t\t\t\t\t<div class=\"elementor-element elementor-element-2507d69e elementor-align-center elementor-widget elementor-widget-button\" data-id=\"2507d69e\" data-element_type=\"widget\" data-e-type=\"widget\" data-widget_type=\"button.default\">\n\t\t\t\t<div class=\"elementor-widget-container\">\n\t\t\t\t\t\t\t\t\t<div class=\"elementor-button-wrapper\">\n\t\t\t\t\t<a class=\"elementor-button elementor-button-link elementor-size-sm\" href=\"https:\/\/www.idealpropertymallorca.com\/fr\/finca-majorque\/\">\n\t\t\t\t\t\t<span class=\"elementor-button-content-wrapper\">\n\t\t\t\t\t\t\t\t\t<span class=\"elementor-button-text\">Propri\u00e9t\u00e9s rurales \u00e0 Mallorca<\/span>\n\t\t\t\t\t<\/span>\n\t\t\t\t\t<\/a>\n\t\t\t\t<\/div>\n\t\t\t\t\t\t\t\t<\/div>\n\t\t\t\t<\/div>\n\t\t\t\t\t<\/div>\n\t\t<\/div>\n\t\t\t\t\t<\/div>\n\t\t<\/section>\n\t\t\t\t<\/div>\n\t\t","protected":false},"excerpt":{"rendered":"<p>Dans la derni\u00e8re ligne droite de l&#8217;hiver, le temps \u00e0 Majorque en f\u00e9vrier est parfait pour pr\u00e9parer une escapade seul, entre amis ou en famille. Les temp\u00e9ratures commencent \u00e0 s&#8217;adoucir, tandis que la probabilit\u00e9 de pluie diminue. C&#8217;est sans aucun doute le mois id\u00e9al pour profiter de l&#8217;\u00eele sans l&#8217;agitation de la saison estivale. Et [&hellip;]<\/p>\n","protected":false},"author":9,"featured_media":17968,"comment_status":"open","ping_status":"open","sticky":false,"template":"","format":"standard","meta":{"footnotes":""},"categories":[649],"tags":[],"class_list":["post-17966","post","type-post","status-publish","format-standard","has-post-thumbnail","hentry","category-climat"],"yoast_head":"<!-- This site is optimized with the Yoast SEO plugin v27.4 - https:\/\/yoast.com\/product\/yoast-seo-wordpress\/ -->\n<title>Majorque en f\u00e9vrier: une escapade m\u00e9morable - Majorca Blog<\/title>\n<meta name=\"description\" content=\"Profitez de Majorque en f\u00e9vrier pour voyager sur cette \u00eele et passer des vacances pleines de projets inoubliables.\" \/>\n<meta name=\"robots\" content=\"index, follow, max-snippet:-1, max-image-preview:large, max-video-preview:-1\" \/>\n<link rel=\"canonical\" href=\"https:\/\/www.idealpropertymallorca.com\/blog\/fr\/majorque-en-fevrier-une-escapade-memorable\/\" \/>\n<meta property=\"og:locale\" content=\"fr_FR\" \/>\n<meta property=\"og:type\" content=\"article\" \/>\n<meta property=\"og:title\" content=\"Majorque en f\u00e9vrier: une escapade m\u00e9morable - Majorca Blog\" \/>\n<meta property=\"og:description\" content=\"Profitez de Majorque en f\u00e9vrier pour voyager sur cette \u00eele et passer des vacances pleines de projets inoubliables.\" \/>\n<meta property=\"og:url\" content=\"https:\/\/www.idealpropertymallorca.com\/blog\/fr\/majorque-en-fevrier-une-escapade-memorable\/\" \/>\n<meta property=\"og:site_name\" content=\"Majorca Blog\" \/>\n<meta property=\"article:published_time\" content=\"2025-02-24T13:48:43+00:00\" \/>\n<meta property=\"article:modified_time\" content=\"2025-04-08T10:13:04+00:00\" \/>\n<meta property=\"og:image\" content=\"https:\/\/www.idealpropertymallorca.com\/blog\/wp-content\/uploads\/2023\/12\/Mallorca-en-febrero.jpg\" \/>\n\t<meta property=\"og:image:width\" content=\"1920\" \/>\n\t<meta property=\"og:image:height\" content=\"500\" \/>\n\t<meta property=\"og:image:type\" content=\"image\/jpeg\" \/>\n<meta name=\"author\" content=\"Tatiana\" \/>\n<meta name=\"twitter:card\" content=\"summary_large_image\" \/>\n<meta name=\"twitter:label1\" content=\"Written by\" \/>\n\t<meta name=\"twitter:data1\" content=\"Tatiana\" \/>\n\t<meta name=\"twitter:label2\" content=\"Est. reading time\" \/>\n\t<meta name=\"twitter:data2\" content=\"5 minutes\" \/>\n<script type=\"application\/ld+json\" class=\"yoast-schema-graph\">{\"@context\":\"https:\\\/\\\/schema.org\",\"@graph\":[{\"@type\":\"Article\",\"@id\":\"https:\\\/\\\/www.idealpropertymallorca.com\\\/blog\\\/fr\\\/majorque-en-fevrier-une-escapade-memorable\\\/#article\",\"isPartOf\":{\"@id\":\"https:\\\/\\\/www.idealpropertymallorca.com\\\/blog\\\/fr\\\/majorque-en-fevrier-une-escapade-memorable\\\/\"},\"author\":{\"name\":\"Tatiana\",\"@id\":\"https:\\\/\\\/www.idealpropertymallorca.com\\\/blog\\\/fr\\\/#\\\/schema\\\/person\\\/3e6672008494e754197397c523aac13d\"},\"headline\":\"Majorque en f\u00e9vrier: une escapade m\u00e9morable\",\"datePublished\":\"2025-02-24T13:48:43+00:00\",\"dateModified\":\"2025-04-08T10:13:04+00:00\",\"mainEntityOfPage\":{\"@id\":\"https:\\\/\\\/www.idealpropertymallorca.com\\\/blog\\\/fr\\\/majorque-en-fevrier-une-escapade-memorable\\\/\"},\"wordCount\":990,\"commentCount\":0,\"publisher\":{\"@id\":\"https:\\\/\\\/www.idealpropertymallorca.com\\\/blog\\\/fr\\\/#organization\"},\"image\":{\"@id\":\"https:\\\/\\\/www.idealpropertymallorca.com\\\/blog\\\/fr\\\/majorque-en-fevrier-une-escapade-memorable\\\/#primaryimage\"},\"thumbnailUrl\":\"https:\\\/\\\/www.idealpropertymallorca.com\\\/blog\\\/wp-content\\\/uploads\\\/2023\\\/12\\\/Mallorca-en-febrero.jpg\",\"articleSection\":[\"Climat\"],\"inLanguage\":\"fr\",\"potentialAction\":[{\"@type\":\"CommentAction\",\"name\":\"Comment\",\"target\":[\"https:\\\/\\\/www.idealpropertymallorca.com\\\/blog\\\/fr\\\/majorque-en-fevrier-une-escapade-memorable\\\/#respond\"]}]},{\"@type\":\"WebPage\",\"@id\":\"https:\\\/\\\/www.idealpropertymallorca.com\\\/blog\\\/fr\\\/majorque-en-fevrier-une-escapade-memorable\\\/\",\"url\":\"https:\\\/\\\/www.idealpropertymallorca.com\\\/blog\\\/fr\\\/majorque-en-fevrier-une-escapade-memorable\\\/\",\"name\":\"Majorque en f\u00e9vrier: une escapade m\u00e9morable - Majorca Blog\",\"isPartOf\":{\"@id\":\"https:\\\/\\\/www.idealpropertymallorca.com\\\/blog\\\/fr\\\/#website\"},\"primaryImageOfPage\":{\"@id\":\"https:\\\/\\\/www.idealpropertymallorca.com\\\/blog\\\/fr\\\/majorque-en-fevrier-une-escapade-memorable\\\/#primaryimage\"},\"image\":{\"@id\":\"https:\\\/\\\/www.idealpropertymallorca.com\\\/blog\\\/fr\\\/majorque-en-fevrier-une-escapade-memorable\\\/#primaryimage\"},\"thumbnailUrl\":\"https:\\\/\\\/www.idealpropertymallorca.com\\\/blog\\\/wp-content\\\/uploads\\\/2023\\\/12\\\/Mallorca-en-febrero.jpg\",\"datePublished\":\"2025-02-24T13:48:43+00:00\",\"dateModified\":\"2025-04-08T10:13:04+00:00\",\"description\":\"Profitez de Majorque en f\u00e9vrier pour voyager sur cette \u00eele et passer des vacances pleines de projets inoubliables.\",\"inLanguage\":\"fr\",\"potentialAction\":[{\"@type\":\"ReadAction\",\"target\":[\"https:\\\/\\\/www.idealpropertymallorca.com\\\/blog\\\/fr\\\/majorque-en-fevrier-une-escapade-memorable\\\/\"]}]},{\"@type\":\"ImageObject\",\"inLanguage\":\"fr\",\"@id\":\"https:\\\/\\\/www.idealpropertymallorca.com\\\/blog\\\/fr\\\/majorque-en-fevrier-une-escapade-memorable\\\/#primaryimage\",\"url\":\"https:\\\/\\\/www.idealpropertymallorca.com\\\/blog\\\/wp-content\\\/uploads\\\/2023\\\/12\\\/Mallorca-en-febrero.jpg\",\"contentUrl\":\"https:\\\/\\\/www.idealpropertymallorca.com\\\/blog\\\/wp-content\\\/uploads\\\/2023\\\/12\\\/Mallorca-en-febrero.jpg\",\"width\":1920,\"height\":500},{\"@type\":\"WebSite\",\"@id\":\"https:\\\/\\\/www.idealpropertymallorca.com\\\/blog\\\/fr\\\/#website\",\"url\":\"https:\\\/\\\/www.idealpropertymallorca.com\\\/blog\\\/fr\\\/\",\"name\":\"Majorca Blog\",\"description\":\"Find relevant tourist information to see and do on the island of Mallorca during your holiday. Discover the best places and tips!\",\"publisher\":{\"@id\":\"https:\\\/\\\/www.idealpropertymallorca.com\\\/blog\\\/fr\\\/#organization\"},\"potentialAction\":[{\"@type\":\"SearchAction\",\"target\":{\"@type\":\"EntryPoint\",\"urlTemplate\":\"https:\\\/\\\/www.idealpropertymallorca.com\\\/blog\\\/fr\\\/?s={search_term_string}\"},\"query-input\":{\"@type\":\"PropertyValueSpecification\",\"valueRequired\":true,\"valueName\":\"search_term_string\"}}],\"inLanguage\":\"fr\"},{\"@type\":\"Organization\",\"@id\":\"https:\\\/\\\/www.idealpropertymallorca.com\\\/blog\\\/fr\\\/#organization\",\"name\":\"Majorca Blog\",\"url\":\"https:\\\/\\\/www.idealpropertymallorca.com\\\/blog\\\/fr\\\/\",\"logo\":{\"@type\":\"ImageObject\",\"inLanguage\":\"fr\",\"@id\":\"https:\\\/\\\/www.idealpropertymallorca.com\\\/blog\\\/fr\\\/#\\\/schema\\\/logo\\\/image\\\/\",\"url\":\"https:\\\/\\\/www.idealpropertymallorca.com\\\/blog\\\/wp-content\\\/uploads\\\/2024\\\/10\\\/ideal-property-mallorca-blue-mobile.png\",\"contentUrl\":\"https:\\\/\\\/www.idealpropertymallorca.com\\\/blog\\\/wp-content\\\/uploads\\\/2024\\\/10\\\/ideal-property-mallorca-blue-mobile.png\",\"width\":500,\"height\":150,\"caption\":\"Majorca Blog\"},\"image\":{\"@id\":\"https:\\\/\\\/www.idealpropertymallorca.com\\\/blog\\\/fr\\\/#\\\/schema\\\/logo\\\/image\\\/\"}},{\"@type\":\"Person\",\"@id\":\"https:\\\/\\\/www.idealpropertymallorca.com\\\/blog\\\/fr\\\/#\\\/schema\\\/person\\\/3e6672008494e754197397c523aac13d\",\"name\":\"Tatiana\",\"image\":{\"@type\":\"ImageObject\",\"inLanguage\":\"fr\",\"@id\":\"https:\\\/\\\/secure.gravatar.com\\\/avatar\\\/d1f7a61926f15609398032f2f6a1b823942e417fe09d2f38c4cf50bc1d193691?s=96&d=mm&r=g\",\"url\":\"https:\\\/\\\/secure.gravatar.com\\\/avatar\\\/d1f7a61926f15609398032f2f6a1b823942e417fe09d2f38c4cf50bc1d193691?s=96&d=mm&r=g\",\"contentUrl\":\"https:\\\/\\\/secure.gravatar.com\\\/avatar\\\/d1f7a61926f15609398032f2f6a1b823942e417fe09d2f38c4cf50bc1d193691?s=96&d=mm&r=g\",\"caption\":\"Tatiana\"}}]}<\/script>\n<!-- \/ Yoast SEO plugin. -->","yoast_head_json":{"title":"Majorque en f\u00e9vrier: une escapade m\u00e9morable - Majorca Blog","description":"Profitez de Majorque en f\u00e9vrier pour voyager sur cette \u00eele et passer des vacances pleines de projets inoubliables.","robots":{"index":"index","follow":"follow","max-snippet":"max-snippet:-1","max-image-preview":"max-image-preview:large","max-video-preview":"max-video-preview:-1"},"canonical":"https:\/\/www.idealpropertymallorca.com\/blog\/fr\/majorque-en-fevrier-une-escapade-memorable\/","og_locale":"fr_FR","og_type":"article","og_title":"Majorque en f\u00e9vrier: une escapade m\u00e9morable - Majorca Blog","og_description":"Profitez de Majorque en f\u00e9vrier pour voyager sur cette \u00eele et passer des vacances pleines de projets inoubliables.","og_url":"https:\/\/www.idealpropertymallorca.com\/blog\/fr\/majorque-en-fevrier-une-escapade-memorable\/","og_site_name":"Majorca Blog","article_published_time":"2025-02-24T13:48:43+00:00","article_modified_time":"2025-04-08T10:13:04+00:00","og_image":[{"width":1920,"height":500,"url":"https:\/\/www.idealpropertymallorca.com\/blog\/wp-content\/uploads\/2023\/12\/Mallorca-en-febrero.jpg","type":"image\/jpeg"}],"author":"Tatiana","twitter_card":"summary_large_image","twitter_misc":{"Written by":"Tatiana","Est. reading time":"5 minutes"},"schema":{"@context":"https:\/\/schema.org","@graph":[{"@type":"Article","@id":"https:\/\/www.idealpropertymallorca.com\/blog\/fr\/majorque-en-fevrier-une-escapade-memorable\/#article","isPartOf":{"@id":"https:\/\/www.idealpropertymallorca.com\/blog\/fr\/majorque-en-fevrier-une-escapade-memorable\/"},"author":{"name":"Tatiana","@id":"https:\/\/www.idealpropertymallorca.com\/blog\/fr\/#\/schema\/person\/3e6672008494e754197397c523aac13d"},"headline":"Majorque en f\u00e9vrier: une escapade m\u00e9morable","datePublished":"2025-02-24T13:48:43+00:00","dateModified":"2025-04-08T10:13:04+00:00","mainEntityOfPage":{"@id":"https:\/\/www.idealpropertymallorca.com\/blog\/fr\/majorque-en-fevrier-une-escapade-memorable\/"},"wordCount":990,"commentCount":0,"publisher":{"@id":"https:\/\/www.idealpropertymallorca.com\/blog\/fr\/#organization"},"image":{"@id":"https:\/\/www.idealpropertymallorca.com\/blog\/fr\/majorque-en-fevrier-une-escapade-memorable\/#primaryimage"},"thumbnailUrl":"https:\/\/www.idealpropertymallorca.com\/blog\/wp-content\/uploads\/2023\/12\/Mallorca-en-febrero.jpg","articleSection":["Climat"],"inLanguage":"fr","potentialAction":[{"@type":"CommentAction","name":"Comment","target":["https:\/\/www.idealpropertymallorca.com\/blog\/fr\/majorque-en-fevrier-une-escapade-memorable\/#respond"]}]},{"@type":"WebPage","@id":"https:\/\/www.idealpropertymallorca.com\/blog\/fr\/majorque-en-fevrier-une-escapade-memorable\/","url":"https:\/\/www.idealpropertymallorca.com\/blog\/fr\/majorque-en-fevrier-une-escapade-memorable\/","name":"Majorque en f\u00e9vrier: une escapade m\u00e9morable - Majorca Blog","isPartOf":{"@id":"https:\/\/www.idealpropertymallorca.com\/blog\/fr\/#website"},"primaryImageOfPage":{"@id":"https:\/\/www.idealpropertymallorca.com\/blog\/fr\/majorque-en-fevrier-une-escapade-memorable\/#primaryimage"},"image":{"@id":"https:\/\/www.idealpropertymallorca.com\/blog\/fr\/majorque-en-fevrier-une-escapade-memorable\/#primaryimage"},"thumbnailUrl":"https:\/\/www.idealpropertymallorca.com\/blog\/wp-content\/uploads\/2023\/12\/Mallorca-en-febrero.jpg","datePublished":"2025-02-24T13:48:43+00:00","dateModified":"2025-04-08T10:13:04+00:00","description":"Profitez de Majorque en f\u00e9vrier pour voyager sur cette \u00eele et passer des vacances pleines de projets inoubliables.","inLanguage":"fr","potentialAction":[{"@type":"ReadAction","target":["https:\/\/www.idealpropertymallorca.com\/blog\/fr\/majorque-en-fevrier-une-escapade-memorable\/"]}]},{"@type":"ImageObject","inLanguage":"fr","@id":"https:\/\/www.idealpropertymallorca.com\/blog\/fr\/majorque-en-fevrier-une-escapade-memorable\/#primaryimage","url":"https:\/\/www.idealpropertymallorca.com\/blog\/wp-content\/uploads\/2023\/12\/Mallorca-en-febrero.jpg","contentUrl":"https:\/\/www.idealpropertymallorca.com\/blog\/wp-content\/uploads\/2023\/12\/Mallorca-en-febrero.jpg","width":1920,"height":500},{"@type":"WebSite","@id":"https:\/\/www.idealpropertymallorca.com\/blog\/fr\/#website","url":"https:\/\/www.idealpropertymallorca.com\/blog\/fr\/","name":"Majorca Blog","description":"Find relevant tourist information to see and do on the island of Mallorca during your holiday. Discover the best places and tips!","publisher":{"@id":"https:\/\/www.idealpropertymallorca.com\/blog\/fr\/#organization"},"potentialAction":[{"@type":"SearchAction","target":{"@type":"EntryPoint","urlTemplate":"https:\/\/www.idealpropertymallorca.com\/blog\/fr\/?s={search_term_string}"},"query-input":{"@type":"PropertyValueSpecification","valueRequired":true,"valueName":"search_term_string"}}],"inLanguage":"fr"},{"@type":"Organization","@id":"https:\/\/www.idealpropertymallorca.com\/blog\/fr\/#organization","name":"Majorca Blog","url":"https:\/\/www.idealpropertymallorca.com\/blog\/fr\/","logo":{"@type":"ImageObject","inLanguage":"fr","@id":"https:\/\/www.idealpropertymallorca.com\/blog\/fr\/#\/schema\/logo\/image\/","url":"https:\/\/www.idealpropertymallorca.com\/blog\/wp-content\/uploads\/2024\/10\/ideal-property-mallorca-blue-mobile.png","contentUrl":"https:\/\/www.idealpropertymallorca.com\/blog\/wp-content\/uploads\/2024\/10\/ideal-property-mallorca-blue-mobile.png","width":500,"height":150,"caption":"Majorca Blog"},"image":{"@id":"https:\/\/www.idealpropertymallorca.com\/blog\/fr\/#\/schema\/logo\/image\/"}},{"@type":"Person","@id":"https:\/\/www.idealpropertymallorca.com\/blog\/fr\/#\/schema\/person\/3e6672008494e754197397c523aac13d","name":"Tatiana","image":{"@type":"ImageObject","inLanguage":"fr","@id":"https:\/\/secure.gravatar.com\/avatar\/d1f7a61926f15609398032f2f6a1b823942e417fe09d2f38c4cf50bc1d193691?s=96&d=mm&r=g","url":"https:\/\/secure.gravatar.com\/avatar\/d1f7a61926f15609398032f2f6a1b823942e417fe09d2f38c4cf50bc1d193691?s=96&d=mm&r=g","contentUrl":"https:\/\/secure.gravatar.com\/avatar\/d1f7a61926f15609398032f2f6a1b823942e417fe09d2f38c4cf50bc1d193691?s=96&d=mm&r=g","caption":"Tatiana"}}]}},"_links":{"self":[{"href":"https:\/\/www.idealpropertymallorca.com\/blog\/fr\/wp-json\/wp\/v2\/posts\/17966","targetHints":{"allow":["GET"]}}],"collection":[{"href":"https:\/\/www.idealpropertymallorca.com\/blog\/fr\/wp-json\/wp\/v2\/posts"}],"about":[{"href":"https:\/\/www.idealpropertymallorca.com\/blog\/fr\/wp-json\/wp\/v2\/types\/post"}],"author":[{"embeddable":true,"href":"https:\/\/www.idealpropertymallorca.com\/blog\/fr\/wp-json\/wp\/v2\/users\/9"}],"replies":[{"embeddable":true,"href":"https:\/\/www.idealpropertymallorca.com\/blog\/fr\/wp-json\/wp\/v2\/comments?post=17966"}],"version-history":[{"count":13,"href":"https:\/\/www.idealpropertymallorca.com\/blog\/fr\/wp-json\/wp\/v2\/posts\/17966\/revisions"}],"predecessor-version":[{"id":18761,"href":"https:\/\/www.idealpropertymallorca.com\/blog\/fr\/wp-json\/wp\/v2\/posts\/17966\/revisions\/18761"}],"wp:featuredmedia":[{"embeddable":true,"href":"https:\/\/www.idealpropertymallorca.com\/blog\/fr\/wp-json\/wp\/v2\/media\/17968"}],"wp:attachment":[{"href":"https:\/\/www.idealpropertymallorca.com\/blog\/fr\/wp-json\/wp\/v2\/media?parent=17966"}],"wp:term":[{"taxonomy":"category","embeddable":true,"href":"https:\/\/www.idealpropertymallorca.com\/blog\/fr\/wp-json\/wp\/v2\/categories?post=17966"},{"taxonomy":"post_tag","embeddable":true,"href":"https:\/\/www.idealpropertymallorca.com\/blog\/fr\/wp-json\/wp\/v2\/tags?post=17966"}],"curies":[{"name":"wp","href":"https:\/\/api.w.org\/{rel}","templated":true}]}}