{"id":17496,"date":"2025-02-24T14:38:25","date_gmt":"2025-02-24T14:38:25","guid":{"rendered":"https:\/\/www.idealpropertymallorca.com\/blog\/?p=17496"},"modified":"2025-03-07T11:44:27","modified_gmt":"2025-03-07T11:44:27","slug":"baie-alcudia","status":"publish","type":"post","link":"https:\/\/www.idealpropertymallorca.com\/blog\/fr\/baie-alcudia\/","title":{"rendered":"Profitez de la baie d&#8217;Alcudia \u00e0 Majorque"},"content":{"rendered":"\t\t<div data-elementor-type=\"wp-post\" data-elementor-id=\"17496\" class=\"elementor elementor-17496 elementor-17366\" data-elementor-post-type=\"post\">\n\t\t\t\t\t\t<section class=\"elementor-section elementor-top-section elementor-element elementor-element-30964267 elementor-section-boxed elementor-section-height-default elementor-section-height-default\" data-id=\"30964267\" data-element_type=\"section\" data-e-type=\"section\">\n\t\t\t\t\t\t<div class=\"elementor-container elementor-column-gap-default\">\n\t\t\t\t\t<div class=\"elementor-column elementor-col-100 elementor-top-column elementor-element elementor-element-24fd801c\" data-id=\"24fd801c\" data-element_type=\"column\" data-e-type=\"column\">\n\t\t\t<div class=\"elementor-widget-wrap elementor-element-populated\">\n\t\t\t\t\t\t<div class=\"elementor-element elementor-element-650b1f6b elementor-widget elementor-widget-text-editor\" data-id=\"650b1f6b\" data-element_type=\"widget\" data-e-type=\"widget\" data-widget_type=\"text-editor.default\">\n\t\t\t\t<div class=\"elementor-widget-container\">\n\t\t\t\t\t\t\t\t\t<p>La baie d&#8217;Alcudia, situ\u00e9e au nord-est de Majorque, est l&#8217;une des destinations les plus charmantes de l&#8217;\u00eele, et si vous \u00eates ici en train de lire ces lignes, c&#8217;est que vous l&#8217;avez d\u00e9j\u00e0 compris et que vous \u00eates venu le confirmer. La c\u00f4te s&#8217;\u00e9tend sur 30 kilom\u00e8tres et combine des plages de sable blanc, des eaux cristallines et des paysages naturels \u00e0 couper le souffle. Il s&#8217;agit sans aucun doute d&#8217;<strong>un endroit id\u00e9al de la M\u00e9diterran\u00e9e pour une escapade ou un voyage<\/strong> ; que vous soyez \u00e0 la recherche de repos, d&#8217;aventure ou de culture, la baie d&#8217;Alcudia a tout ce qu&#8217;il vous faut.<\/p><p>Si vous planifiez vos vacances et que vous vous demandez o\u00f9 aller \u00e0 Majorque, nous allons vous donner la r\u00e9ponse. D\u00e9couvrez tout ce que la baie d&#8217;Alcudia a \u00e0 vous offrir !<\/p>\t\t\t\t\t\t\t\t<\/div>\n\t\t\t\t<\/div>\n\t\t\t\t\t<\/div>\n\t\t<\/div>\n\t\t\t\t\t<\/div>\n\t\t<\/section>\n\t\t\t\t<section class=\"elementor-section elementor-top-section elementor-element elementor-element-7abc7679 elementor-section-boxed elementor-section-height-default elementor-section-height-default\" data-id=\"7abc7679\" data-element_type=\"section\" data-e-type=\"section\">\n\t\t\t\t\t\t<div class=\"elementor-container elementor-column-gap-default\">\n\t\t\t\t\t<div class=\"elementor-column elementor-col-100 elementor-top-column elementor-element elementor-element-438b41ad\" data-id=\"438b41ad\" data-element_type=\"column\" data-e-type=\"column\">\n\t\t\t<div class=\"elementor-widget-wrap elementor-element-populated\">\n\t\t\t\t\t\t<div class=\"elementor-element elementor-element-140d94b9 elementor-widget elementor-widget-table-of-contents\" data-id=\"140d94b9\" data-element_type=\"widget\" data-e-type=\"widget\" data-settings=\"{&quot;headings_by_tags&quot;:[&quot;h2&quot;,&quot;h3&quot;],&quot;exclude_headings_by_selector&quot;:[],&quot;marker_view&quot;:&quot;bullets&quot;,&quot;icon&quot;:{&quot;value&quot;:&quot;&quot;,&quot;library&quot;:&quot;&quot;},&quot;no_headings_message&quot;:&quot;No headings were found on this page.&quot;,&quot;hierarchical_view&quot;:&quot;yes&quot;,&quot;min_height&quot;:{&quot;unit&quot;:&quot;px&quot;,&quot;size&quot;:&quot;&quot;,&quot;sizes&quot;:[]},&quot;min_height_tablet&quot;:{&quot;unit&quot;:&quot;px&quot;,&quot;size&quot;:&quot;&quot;,&quot;sizes&quot;:[]},&quot;min_height_mobile&quot;:{&quot;unit&quot;:&quot;px&quot;,&quot;size&quot;:&quot;&quot;,&quot;sizes&quot;:[]}}\" data-widget_type=\"table-of-contents.default\">\n\t\t\t\t<div class=\"elementor-widget-container\">\n\t\t\t\t\t\t\t\t\t<div class=\"elementor-toc__header\">\n\t\t\t\t\t\t<div class=\"elementor-toc__header-title\">\n\t\t\t\tSommaire\t\t\t<\/div>\n\t\t\t\t\t\t\t\t<\/div>\n\t\t\t\t<div id=\"elementor-toc__140d94b9\" class=\"elementor-toc__body\">\n\t\t\t<div class=\"elementor-toc__spinner-container\">\n\t\t\t\t<i class=\"elementor-toc__spinner eicon-animation-spin eicon-loading\" aria-hidden=\"true\"><\/i>\t\t\t<\/div>\n\t\t<\/div>\n\t\t\t\t\t\t<\/div>\n\t\t\t\t<\/div>\n\t\t\t\t\t<\/div>\n\t\t<\/div>\n\t\t\t\t\t<\/div>\n\t\t<\/section>\n\t\t\t\t<section class=\"elementor-section elementor-top-section elementor-element elementor-element-62511c78 elementor-section-boxed elementor-section-height-default elementor-section-height-default\" data-id=\"62511c78\" data-element_type=\"section\" data-e-type=\"section\">\n\t\t\t\t\t\t<div class=\"elementor-container elementor-column-gap-default\">\n\t\t\t\t\t<div class=\"elementor-column elementor-col-100 elementor-top-column elementor-element elementor-element-b793e8a\" data-id=\"b793e8a\" data-element_type=\"column\" data-e-type=\"column\">\n\t\t\t<div class=\"elementor-widget-wrap elementor-element-populated\">\n\t\t\t\t\t\t<div class=\"elementor-element elementor-element-5efa345e elementor-widget elementor-widget-heading\" data-id=\"5efa345e\" data-element_type=\"widget\" data-e-type=\"widget\" data-widget_type=\"heading.default\">\n\t\t\t\t<div class=\"elementor-widget-container\">\n\t\t\t\t\t<h2 class=\"elementor-heading-title elementor-size-default\">Les plus belles plages sont sur la baie d'Alcudia<\/h2>\t\t\t\t<\/div>\n\t\t\t\t<\/div>\n\t\t\t\t<div class=\"elementor-element elementor-element-658bb535 elementor-widget elementor-widget-text-editor\" data-id=\"658bb535\" data-element_type=\"widget\" data-e-type=\"widget\" data-widget_type=\"text-editor.default\">\n\t\t\t\t<div class=\"elementor-widget-container\">\n\t\t\t\t\t\t\t\t\t<p>C&#8217;est dans cette baie que se trouvent les <a href=\"https:\/\/www.idealpropertymallorca.com\/blog\/es\/cuales-son-las-calas-y-las-playas-de-alcudia-mas-impactantes\/\">plages et les criques les plus impressionnantes d&#8217;Alcudia<\/a> et de Majorque, et ce n&#8217;est pas un hasard. <strong>Vous y trouverez des plages de sable pour tous les go\u00fbts<\/strong>, des plages anim\u00e9es avec de nombreux bars et terrasses aux criques tr\u00e8s tranquilles o\u00f9 vous pourrez passer l&#8217;apr\u00e8s-midi. Nous allons vous parler de quelques-unes d&#8217;entre elles.<\/p>\t\t\t\t\t\t\t\t<\/div>\n\t\t\t\t<\/div>\n\t\t\t\t\t<\/div>\n\t\t<\/div>\n\t\t\t\t\t<\/div>\n\t\t<\/section>\n\t\t\t\t<section class=\"elementor-section elementor-top-section elementor-element elementor-element-2339801 elementor-section-boxed elementor-section-height-default elementor-section-height-default\" data-id=\"2339801\" data-element_type=\"section\" data-e-type=\"section\">\n\t\t\t\t\t\t<div class=\"elementor-container elementor-column-gap-default\">\n\t\t\t\t\t<div class=\"elementor-column elementor-col-50 elementor-top-column elementor-element elementor-element-8fb7b90\" data-id=\"8fb7b90\" data-element_type=\"column\" data-e-type=\"column\">\n\t\t\t<div class=\"elementor-widget-wrap elementor-element-populated\">\n\t\t\t\t\t\t<div class=\"elementor-element elementor-element-5942962d elementor-widget elementor-widget-heading\" data-id=\"5942962d\" data-element_type=\"widget\" data-e-type=\"widget\" data-widget_type=\"heading.default\">\n\t\t\t\t<div class=\"elementor-widget-container\">\n\t\t\t\t\t<h3 class=\"elementor-heading-title elementor-size-default\">La Plage d'Alcudia<\/h3>\t\t\t\t<\/div>\n\t\t\t\t<\/div>\n\t\t\t\t<div class=\"elementor-element elementor-element-2557285 elementor-widget elementor-widget-image\" data-id=\"2557285\" data-element_type=\"widget\" data-e-type=\"widget\" data-widget_type=\"image.default\">\n\t\t\t\t<div class=\"elementor-widget-container\">\n\t\t\t\t\t\t\t\t\t\t\t\t\t\t\t<img decoding=\"async\" src=\"https:\/\/www.idealpropertymallorca.com\/blog\/wp-content\/uploads\/elementor\/thumbs\/playa-alcudia-2-r1n0uwa9yimln7s8migo48ubuuhgq3vcivx688lodc.jpg\" title=\"Summer holiday on tropical beach. Palm trees, blue sky.. Playa de Muro, Spain\" alt=\"playa-alcudia-\" loading=\"lazy\" \/>\t\t\t\t\t\t\t\t\t\t\t\t\t\t\t<\/div>\n\t\t\t\t<\/div>\n\t\t\t\t<div class=\"elementor-element elementor-element-73b79663 elementor-widget elementor-widget-text-editor\" data-id=\"73b79663\" data-element_type=\"widget\" data-e-type=\"widget\" data-widget_type=\"text-editor.default\">\n\t\t\t\t<div class=\"elementor-widget-container\">\n\t\t\t\t\t\t\t\t\t<p>C&#8217;est la plus longue plage de Majorque ; elle ne compte pas moins de 7 kilom\u00e8tres de sable fin et d&#8217;eaux peu profondes ;<strong> elle est parfaite si vous venez en famille<\/strong>.<\/p><p>De plus, elle dispose de tous les services que vous pouvez imaginer : location de chaises longues, restaurants, activit\u00e9s nautiques &#8211; encadr\u00e9es ou non &#8211; et aires de jeux pour les plus petits. Et apr\u00e8s avoir pass\u00e9 du temps sur la plage, vous pouvez aussi vous promener le long de la promenade, un vrai r\u00e9gal, surtout au coucher du soleil.<\/p>\t\t\t\t\t\t\t\t<\/div>\n\t\t\t\t<\/div>\n\t\t\t\t\t<\/div>\n\t\t<\/div>\n\t\t\t\t<div class=\"elementor-column elementor-col-50 elementor-top-column elementor-element elementor-element-17f9af6\" data-id=\"17f9af6\" data-element_type=\"column\" data-e-type=\"column\">\n\t\t\t<div class=\"elementor-widget-wrap elementor-element-populated\">\n\t\t\t\t\t\t<div class=\"elementor-element elementor-element-3edf507 elementor-widget elementor-widget-heading\" data-id=\"3edf507\" data-element_type=\"widget\" data-e-type=\"widget\" data-widget_type=\"heading.default\">\n\t\t\t\t<div class=\"elementor-widget-container\">\n\t\t\t\t\t<h3 class=\"elementor-heading-title elementor-size-default\">La Plage de Muro<\/h3>\t\t\t\t<\/div>\n\t\t\t\t<\/div>\n\t\t\t\t<div class=\"elementor-element elementor-element-1d05d41 elementor-widget elementor-widget-image\" data-id=\"1d05d41\" data-element_type=\"widget\" data-e-type=\"widget\" data-widget_type=\"image.default\">\n\t\t\t\t<div class=\"elementor-widget-container\">\n\t\t\t\t\t\t\t\t\t\t\t\t\t\t\t<img decoding=\"async\" src=\"https:\/\/www.idealpropertymallorca.com\/blog\/wp-content\/uploads\/elementor\/thumbs\/playa-del-muro-r1n0ca3cln55p8tqbyro8fyob48r9wyqaqrz1y7dls.jpg\" title=\"Landscape with boardwalk in Platja de Muro, Alcudia\" alt=\"playa-del-muro.jpg\" loading=\"lazy\" \/>\t\t\t\t\t\t\t\t\t\t\t\t\t\t\t<\/div>\n\t\t\t\t<\/div>\n\t\t\t\t<div class=\"elementor-element elementor-element-78327ed elementor-widget elementor-widget-text-editor\" data-id=\"78327ed\" data-element_type=\"widget\" data-e-type=\"widget\" data-widget_type=\"text-editor.default\">\n\t\t\t\t<div class=\"elementor-widget-container\">\n\t\t\t\t\t\t\t\t\t<p>Cette plage<strong> est consid\u00e9r\u00e9e comme l&#8217;une des plus belles d&#8217;Europe<\/strong> et est un v\u00e9ritable spectacle naturel. Son sable est blanc et ses eaux sont d&#8217;un bleu turquoise indescriptible. Vous y trouverez des zones plus anim\u00e9es pr\u00e8s des h\u00f4tels et des bars de plage et d&#8217;autres zones plus calmes, id\u00e9ales pour profiter d&#8217;un peu de tranquillit\u00e9.<\/p>\t\t\t\t\t\t\t\t<\/div>\n\t\t\t\t<\/div>\n\t\t\t\t\t<\/div>\n\t\t<\/div>\n\t\t\t\t\t<\/div>\n\t\t<\/section>\n\t\t\t\t<section class=\"elementor-section elementor-top-section elementor-element elementor-element-df7fdfd elementor-section-boxed elementor-section-height-default elementor-section-height-default\" data-id=\"df7fdfd\" data-element_type=\"section\" data-e-type=\"section\">\n\t\t\t\t\t\t<div class=\"elementor-container elementor-column-gap-default\">\n\t\t\t\t\t<div class=\"elementor-column elementor-col-100 elementor-top-column elementor-element elementor-element-04039f3\" data-id=\"04039f3\" data-element_type=\"column\" data-e-type=\"column\">\n\t\t\t<div class=\"elementor-widget-wrap\">\n\t\t\t\t\t\t\t<\/div>\n\t\t<\/div>\n\t\t\t\t\t<\/div>\n\t\t<\/section>\n\t\t\t\t<section class=\"elementor-section elementor-top-section elementor-element elementor-element-e5c6275 elementor-section-boxed elementor-section-height-default elementor-section-height-default\" data-id=\"e5c6275\" data-element_type=\"section\" data-e-type=\"section\">\n\t\t\t\t\t\t<div class=\"elementor-container elementor-column-gap-default\">\n\t\t\t\t\t<div class=\"elementor-column elementor-col-50 elementor-top-column elementor-element elementor-element-3ed8635\" data-id=\"3ed8635\" data-element_type=\"column\" data-e-type=\"column\">\n\t\t\t<div class=\"elementor-widget-wrap elementor-element-populated\">\n\t\t\t\t\t\t<div class=\"elementor-element elementor-element-abb687f elementor-widget elementor-widget-heading\" data-id=\"abb687f\" data-element_type=\"widget\" data-e-type=\"widget\" data-widget_type=\"heading.default\">\n\t\t\t\t<div class=\"elementor-widget-container\">\n\t\t\t\t\t<h3 class=\"elementor-heading-title elementor-size-default\">La Cala Poncet<\/h3>\t\t\t\t<\/div>\n\t\t\t\t<\/div>\n\t\t\t\t<div class=\"elementor-element elementor-element-18ffd50 elementor-widget elementor-widget-image\" data-id=\"18ffd50\" data-element_type=\"widget\" data-e-type=\"widget\" data-widget_type=\"image.default\">\n\t\t\t\t<div class=\"elementor-widget-container\">\n\t\t\t\t\t\t\t\t\t\t\t\t\t\t\t<img fetchpriority=\"high\" decoding=\"async\" width=\"724\" height=\"483\" src=\"https:\/\/www.idealpropertymallorca.com\/blog\/wp-content\/uploads\/2025\/02\/Cala-Poncet.jpg\" class=\"attachment-large size-large wp-image-17429\" alt=\"Cala-Poncet\" srcset=\"https:\/\/www.idealpropertymallorca.com\/blog\/wp-content\/uploads\/2025\/02\/Cala-Poncet.jpg 724w, https:\/\/www.idealpropertymallorca.com\/blog\/wp-content\/uploads\/2025\/02\/Cala-Poncet-300x200.jpg 300w\" sizes=\"(max-width: 724px) 100vw, 724px\" \/>\t\t\t\t\t\t\t\t\t\t\t\t\t\t\t<\/div>\n\t\t\t\t<\/div>\n\t\t\t\t<div class=\"elementor-element elementor-element-f9736b6 elementor-widget elementor-widget-text-editor\" data-id=\"f9736b6\" data-element_type=\"widget\" data-e-type=\"widget\" data-widget_type=\"text-editor.default\">\n\t\t\t\t<div class=\"elementor-widget-container\">\n\t\t\t\t\t\t\t\t\t<p>Si vous pr\u00e9f\u00e9rez un endroit encore plus calme, la Cala Poncet est la solution id\u00e9ale. Cette petite crique aux eaux transparentes est <strong>parfaite pour une journ\u00e9e tranquille et presque en solitaire<\/strong>. Pas de serviettes \u00e0 c\u00f4t\u00e9 de vous. Bien entendu, il n&#8217;y a pas d\u2019infrastructures, alors emportez tout ce dont vous avez besoin.<\/p>\t\t\t\t\t\t\t\t<\/div>\n\t\t\t\t<\/div>\n\t\t\t\t\t<\/div>\n\t\t<\/div>\n\t\t\t\t<div class=\"elementor-column elementor-col-50 elementor-top-column elementor-element elementor-element-04840c4\" data-id=\"04840c4\" data-element_type=\"column\" data-e-type=\"column\">\n\t\t\t<div class=\"elementor-widget-wrap elementor-element-populated\">\n\t\t\t\t\t\t<div class=\"elementor-element elementor-element-e016e48 elementor-widget elementor-widget-heading\" data-id=\"e016e48\" data-element_type=\"widget\" data-e-type=\"widget\" data-widget_type=\"heading.default\">\n\t\t\t\t<div class=\"elementor-widget-container\">\n\t\t\t\t\t<h3 class=\"elementor-heading-title elementor-size-default\">Es Com\u00fa<\/h3>\t\t\t\t<\/div>\n\t\t\t\t<\/div>\n\t\t\t\t<div class=\"elementor-element elementor-element-b5d9c33 elementor-widget elementor-widget-image\" data-id=\"b5d9c33\" data-element_type=\"widget\" data-e-type=\"widget\" data-widget_type=\"image.default\">\n\t\t\t\t<div class=\"elementor-widget-container\">\n\t\t\t\t\t\t\t\t\t\t\t\t\t\t\t<img decoding=\"async\" src=\"https:\/\/www.idealpropertymallorca.com\/blog\/wp-content\/uploads\/elementor\/thumbs\/alcudia-cala-playa-sant-pere-mallorca-ql6vwglusdlf309bkmoln3gd6oubfwmx1w0ux5pcww.jpg\" title=\"alcudia-cala-playa-sant-pere-mallorca.jpg\" alt=\"alcudia-cala-playa-sant-pere-mallorca.jpg\" loading=\"lazy\" \/>\t\t\t\t\t\t\t\t\t\t\t\t\t\t\t<\/div>\n\t\t\t\t<\/div>\n\t\t\t\t<div class=\"elementor-element elementor-element-1cb87dd elementor-widget elementor-widget-text-editor\" data-id=\"1cb87dd\" data-element_type=\"widget\" data-e-type=\"widget\" data-widget_type=\"text-editor.default\">\n\t\t\t\t<div class=\"elementor-widget-container\">\n\t\t\t\t\t\t\t\t\t<p>Et pour terminer cette liste, nous nous devions de vous parler d&#8217;Es Com\u00fa, une petite plage nich\u00e9e dans le parc naturel de S&#8217;Albufera. <strong>Elle est totalement intacte, entour\u00e9e de dunes et de pin\u00e8des.<\/strong> Le seul inconv\u00e9nient ? Vous devrez marcher une vingtaine de minutes pour y acc\u00e9der, mais la r\u00e9compense sera au rendez-vous : un environnement naturel unique et beaucoup moins fr\u00e9quent\u00e9 que les autres plages de la baie d&#8217;Alcudia.<\/p>\t\t\t\t\t\t\t\t<\/div>\n\t\t\t\t<\/div>\n\t\t\t\t\t<\/div>\n\t\t<\/div>\n\t\t\t\t\t<\/div>\n\t\t<\/section>\n\t\t\t\t<section class=\"elementor-section elementor-top-section elementor-element elementor-element-8c63031 elementor-section-boxed elementor-section-height-default elementor-section-height-default\" data-id=\"8c63031\" data-element_type=\"section\" data-e-type=\"section\">\n\t\t\t\t\t\t<div class=\"elementor-container elementor-column-gap-default\">\n\t\t\t\t\t<div class=\"elementor-column elementor-col-100 elementor-top-column elementor-element elementor-element-daf72f2\" data-id=\"daf72f2\" data-element_type=\"column\" data-e-type=\"column\">\n\t\t\t<div class=\"elementor-widget-wrap elementor-element-populated\">\n\t\t\t\t\t\t<div class=\"elementor-element elementor-element-cc93c74 elementor-widget elementor-widget-heading\" data-id=\"cc93c74\" data-element_type=\"widget\" data-e-type=\"widget\" data-widget_type=\"heading.default\">\n\t\t\t\t<div class=\"elementor-widget-container\">\n\t\t\t\t\t<h2 class=\"elementor-heading-title elementor-size-default\">Les activit\u00e9s et les sports nautiques ne manquent pas non plus<\/h2>\t\t\t\t<\/div>\n\t\t\t\t<\/div>\n\t\t\t\t<div class=\"elementor-element elementor-element-da79de4 elementor-widget elementor-widget-text-editor\" data-id=\"da79de4\" data-element_type=\"widget\" data-e-type=\"widget\" data-widget_type=\"text-editor.default\">\n\t\t\t\t<div class=\"elementor-widget-container\">\n\t\t\t\t\t\t\t\t\t<p>La baie d&#8217;Alcudia n&#8217;est pas seulement un paradis pour se d\u00e9tendre, c&#8217;est aussi un <strong>endroit id\u00e9al si vous \u00eates en qu\u00eate d&#8217;aventure ou si vous souhaitez pratiquer ou essayer des sports nautiques<\/strong>. Il y a des offres pour tous les \u00e2ges, tous les go\u00fbts et tous les budgets.<\/p><p>Explorer la baie depuis l&#8217;eau repr\u00e9sente une exp\u00e9rience inoubliable. Vous pouvez opter pour une <strong>croisi\u00e8re en catamaran, une excursion en bateau \u00e0 fond de verre ou m\u00eame louer un hors-bord priv\u00e9<\/strong>. Nombre de ces excursions pr\u00e9voient des arr\u00eats pour nager ou faire de la plong\u00e9e en apn\u00e9e dans des criques isol\u00e9es et explorer les fonds marins.<\/p><p>Et si vous pr\u00e9f\u00e9rez faire une <a href=\"https:\/\/www.idealpropertymallorca.com\/blog\/es\/que-hacer-en-alcudia-actividades\/\">activit\u00e9 plus active \u00e0 Alcudia<\/a>, la <strong>location d&#8217;un kayak ou d&#8217;un paddle board<\/strong> est une excellente option pour se d\u00e9placer \u00e0 son propre rythme et d\u00e9couvrir la baie d&#8217;Alcudia par ses propres moyens.<\/p><p>Nous ne pouvions pas oublier de vous dire que cette r\u00e9gion de Majorque est l&#8217;un des meilleurs endroits pour <strong>pratiquer le <em>kitesurf<\/em> et la planche \u00e0 voile<\/strong> ; il y a du vent &#8211; agr\u00e9able &#8211; tout le temps. Sur la plage de Muro, vous trouverez des \u00e9coles et des centres de location de mat\u00e9riel.<\/p><p>Mais tout ne sera pas forc\u00e9ment synonyme de sport aquatique. Les environs, tels que le parc naturel de S&#8217;Albufera et les routes menant au cap de Formentor, sont id\u00e9aux pour faire de la randonn\u00e9e ou du v\u00e9lo et d\u00e9couvrir les paysages les plus sauvages de Majorque.<\/p>\t\t\t\t\t\t\t\t<\/div>\n\t\t\t\t<\/div>\n\t\t\t\t\t<\/div>\n\t\t<\/div>\n\t\t\t\t\t<\/div>\n\t\t<\/section>\n\t\t\t\t<section class=\"elementor-section elementor-top-section elementor-element elementor-element-bbd0d3f elementor-section-boxed elementor-section-height-default elementor-section-height-default\" data-id=\"bbd0d3f\" data-element_type=\"section\" data-e-type=\"section\">\n\t\t\t\t\t\t<div class=\"elementor-container elementor-column-gap-default\">\n\t\t\t\t\t<div class=\"elementor-column elementor-col-100 elementor-top-column elementor-element elementor-element-f30c842\" data-id=\"f30c842\" data-element_type=\"column\" data-e-type=\"column\">\n\t\t\t<div class=\"elementor-widget-wrap elementor-element-populated\">\n\t\t\t\t\t\t<div class=\"elementor-element elementor-element-3e808e8 elementor-widget elementor-widget-image\" data-id=\"3e808e8\" data-element_type=\"widget\" data-e-type=\"widget\" data-widget_type=\"image.default\">\n\t\t\t\t<div class=\"elementor-widget-container\">\n\t\t\t\t\t\t\t\t\t\t\t\t\t\t\t<img decoding=\"async\" src=\"https:\/\/www.idealpropertymallorca.com\/blog\/wp-content\/uploads\/elementor\/thumbs\/kayak-en-varques-manacor-qc1y8dz93mu1fdo7nf3qcicwshcmdp1b6xz1b5vskw.jpg\" title=\"kayak en varques manacor\" alt=\"kayak en varques manacor\" loading=\"lazy\" \/>\t\t\t\t\t\t\t\t\t\t\t\t\t\t\t<\/div>\n\t\t\t\t<\/div>\n\t\t\t\t\t<\/div>\n\t\t<\/div>\n\t\t\t\t\t<\/div>\n\t\t<\/section>\n\t\t\t\t<section class=\"elementor-section elementor-top-section elementor-element elementor-element-159ebf7 elementor-section-boxed elementor-section-height-default elementor-section-height-default\" data-id=\"159ebf7\" data-element_type=\"section\" data-e-type=\"section\">\n\t\t\t\t\t\t<div class=\"elementor-container elementor-column-gap-default\">\n\t\t\t\t\t<div class=\"elementor-column elementor-col-100 elementor-top-column elementor-element elementor-element-64f0dea\" data-id=\"64f0dea\" data-element_type=\"column\" data-e-type=\"column\">\n\t\t\t<div class=\"elementor-widget-wrap elementor-element-populated\">\n\t\t\t\t\t\t<div class=\"elementor-element elementor-element-88d77ac elementor-widget elementor-widget-heading\" data-id=\"88d77ac\" data-element_type=\"widget\" data-e-type=\"widget\" data-widget_type=\"heading.default\">\n\t\t\t\t<div class=\"elementor-widget-container\">\n\t\t\t\t\t<h2 class=\"elementor-heading-title elementor-size-default\">Bien manger fait \u00e9galement partie des activit\u00e9s sportives d'Alcudia<\/h2>\t\t\t\t<\/div>\n\t\t\t\t<\/div>\n\t\t\t\t<div class=\"elementor-element elementor-element-4654e10 elementor-widget elementor-widget-text-editor\" data-id=\"4654e10\" data-element_type=\"widget\" data-e-type=\"widget\" data-widget_type=\"text-editor.default\">\n\t\t\t\t<div class=\"elementor-widget-container\">\n\t\t\t\t\t\t\t\t\t<p>La baie d&#8217;Alcudia compte de nombreux restaurants, bars et bars \u00e0 tapas pour tous les go\u00fbts et tous les budgets. C&#8217;est d&#8217;ailleurs l&#8217;un de ses principaux attraits et <strong>vous ne pourrez pas partir sans avoir go\u00fbt\u00e9 aux plats traditionnels majorquins<\/strong> et \u00e0 la cuisine internationale qu&#8217;ils savent pr\u00e9parer.<\/p><p>Il faut absolument go\u00fbter des sp\u00e9cialit\u00e9s comme le <em>pa amb oli<\/em>, la sobrasada et le <em>frit mallorqu\u00ed<\/em> dans des endroits comme le Bistro del Jard\u00edn ou Can Costa. Et si vous pouvez ajouter une bonne paella au programme, ce n&#8217;est pas mal non plus.<\/p><p>De plus, si vous vous trouvez dans la baie d&#8217;Alcudia un dimanche ou un mardi, n&#8217;h\u00e9sitez pas \u00e0 faire un tour au march\u00e9 hebdomadaire. Vous pourrez y acheter de nombreux produits frais et y d\u00e9guster des snacks ou des tapas.<\/p>\t\t\t\t\t\t\t\t<\/div>\n\t\t\t\t<\/div>\n\t\t\t\t\t<\/div>\n\t\t<\/div>\n\t\t\t\t\t<\/div>\n\t\t<\/section>\n\t\t\t\t<section class=\"elementor-section elementor-top-section elementor-element elementor-element-d5bd741 elementor-section-boxed elementor-section-height-default elementor-section-height-default\" data-id=\"d5bd741\" data-element_type=\"section\" data-e-type=\"section\">\n\t\t\t\t\t\t<div class=\"elementor-container elementor-column-gap-default\">\n\t\t\t\t\t<div class=\"elementor-column elementor-col-100 elementor-top-column elementor-element elementor-element-13734a8\" data-id=\"13734a8\" data-element_type=\"column\" data-e-type=\"column\">\n\t\t\t<div class=\"elementor-widget-wrap elementor-element-populated\">\n\t\t\t\t\t\t<div class=\"elementor-element elementor-element-3f547ce elementor-widget elementor-widget-heading\" data-id=\"3f547ce\" data-element_type=\"widget\" data-e-type=\"widget\" data-widget_type=\"heading.default\">\n\t\t\t\t<div class=\"elementor-widget-container\">\n\t\t\t\t\t<h2 class=\"elementor-heading-title elementor-size-default\">Le programme culturel n'est pas en reste<\/h2>\t\t\t\t<\/div>\n\t\t\t\t<\/div>\n\t\t\t\t\t<\/div>\n\t\t<\/div>\n\t\t\t\t\t<\/div>\n\t\t<\/section>\n\t\t\t\t<section class=\"elementor-section elementor-top-section elementor-element elementor-element-f4753ad elementor-section-boxed elementor-section-height-default elementor-section-height-default\" data-id=\"f4753ad\" data-element_type=\"section\" data-e-type=\"section\">\n\t\t\t\t\t\t<div class=\"elementor-container elementor-column-gap-default\">\n\t\t\t\t\t<div class=\"elementor-column elementor-col-50 elementor-top-column elementor-element elementor-element-9a97218\" data-id=\"9a97218\" data-element_type=\"column\" data-e-type=\"column\">\n\t\t\t<div class=\"elementor-widget-wrap elementor-element-populated\">\n\t\t\t\t\t\t<div class=\"elementor-element elementor-element-60e085d elementor-widget elementor-widget-text-editor\" data-id=\"60e085d\" data-element_type=\"widget\" data-e-type=\"widget\" data-widget_type=\"text-editor.default\">\n\t\t\t\t<div class=\"elementor-widget-container\">\n\t\t\t\t\t\t\t\t\t<p>La baie d&#8217;Alcudia, ce n&#8217;est pas seulement du soleil et de la plage, c&#8217;est aussi de la culture. <strong>Pendant l&#8217;\u00e9t\u00e9, de nombreux concerts et repr\u00e9sentations th\u00e9\u00e2trales en plein air sont organis\u00e9s, ainsi que des activit\u00e9s sur les plages et ailleurs dans la ville<\/strong>, comme au mus\u00e9e d&#8217;Alcudia, o\u00f9 plusieurs expositions sont \u00e9galement pr\u00e9sent\u00e9es.<\/p><p>En outre, vous pouvez vous promener dans la cit\u00e9 romaine de Pollentia ou d\u00e9couvrir la vieille ville en empruntant des itin\u00e9raires culturels ou en vous promenant seul et profiter des innombrables march\u00e9s gastronomiques qui y sont organis\u00e9s.<\/p><p>La culture est sans aucun doute v\u00e9cue pleinement ici, ce qui apporte \u00e0 vos vacances ce petit quelque chose dont vous avez besoin.<\/p>\t\t\t\t\t\t\t\t<\/div>\n\t\t\t\t<\/div>\n\t\t\t\t\t<\/div>\n\t\t<\/div>\n\t\t\t\t<div class=\"elementor-column elementor-col-50 elementor-top-column elementor-element elementor-element-ffc494f\" data-id=\"ffc494f\" data-element_type=\"column\" data-e-type=\"column\">\n\t\t\t<div class=\"elementor-widget-wrap elementor-element-populated\">\n\t\t\t\t\t\t<div class=\"elementor-element elementor-element-79349cc elementor-widget elementor-widget-image\" data-id=\"79349cc\" data-element_type=\"widget\" data-e-type=\"widget\" data-widget_type=\"image.default\">\n\t\t\t\t<div class=\"elementor-widget-container\">\n\t\t\t\t\t\t\t\t\t\t\t\t\t\t\t<img decoding=\"async\" width=\"600\" height=\"280\" src=\"https:\/\/www.idealpropertymallorca.com\/blog\/wp-content\/uploads\/2023\/10\/pueblo-alcudia.jpg\" class=\"attachment-full size-full wp-image-4633\" alt=\"pueblo-alcudia\" \/>\t\t\t\t\t\t\t\t\t\t\t\t\t\t\t<\/div>\n\t\t\t\t<\/div>\n\t\t\t\t\t<\/div>\n\t\t<\/div>\n\t\t\t\t\t<\/div>\n\t\t<\/section>\n\t\t\t\t<section class=\"elementor-section elementor-top-section elementor-element elementor-element-2cc578cf elementor-section-boxed elementor-section-height-default elementor-section-height-default\" data-id=\"2cc578cf\" data-element_type=\"section\" data-e-type=\"section\">\n\t\t\t\t\t\t<div class=\"elementor-container elementor-column-gap-default\">\n\t\t\t\t\t<div class=\"elementor-column elementor-col-100 elementor-top-column elementor-element elementor-element-4c2051a1\" data-id=\"4c2051a1\" data-element_type=\"column\" data-e-type=\"column\">\n\t\t\t<div class=\"elementor-widget-wrap elementor-element-populated\">\n\t\t\t\t\t\t<div class=\"elementor-element elementor-element-f250a90 elementor-widget elementor-widget-heading\" data-id=\"f250a90\" data-element_type=\"widget\" data-e-type=\"widget\" data-widget_type=\"heading.default\">\n\t\t\t\t<div class=\"elementor-widget-container\">\n\t\t\t\t\t<h2 class=\"elementor-heading-title elementor-size-default\">Que manque-t-il pour que votre s\u00e9jour dans la baie d'Alcudia soit parfait ?<\/h2>\t\t\t\t<\/div>\n\t\t\t\t<\/div>\n\t\t\t\t<div class=\"elementor-element elementor-element-2ba9c0c0 elementor-widget elementor-widget-text-editor\" data-id=\"2ba9c0c0\" data-element_type=\"widget\" data-e-type=\"widget\" data-widget_type=\"text-editor.default\">\n\t\t\t\t<div class=\"elementor-widget-container\">\n\t\t\t\t\t\t\t\t\t<p>Vous avez d\u00e9j\u00e0 choisi l&#8217;\u00e9l\u00e9ment le plus important, \u00e0 savoir votre destination, mais il faut bien reconna\u00eetre qu&#8217;<strong>aucun voyage n&#8217;est vraiment agr\u00e9able s&#8217;il n&#8217;est pas accompagn\u00e9 d&#8217;un endroit o\u00f9 se reposer<\/strong>. Un bon h\u00e9bergement peut faire la diff\u00e9rence entre un bon voyage et un voyage m\u00e9diocre.<\/p><p>Et si en plus vous trouvez un endroit o\u00f9 chaque d\u00e9tail est con\u00e7u pour que vous vous sentiez comme chez vous, et o\u00f9 le confort et l&#8217;emplacement vous permettent d&#8217;\u00eatre au c\u0153ur de la baie d&#8217;Alcudia, c&#8217;est encore mieux, n&#8217;est-ce pas ? C&#8217;est ce que vous trouverez chez <a href=\"https:\/\/www.idealpropertymallorca.com\/\">Ideal Properties Mallorca<\/a>, et bien plus encore. Nous avons des appartements, des maisons et des villas qui allient charme, confort et emplacement de luxe. Qu&#8217;attendez-vous pour r\u00e9server le v\u00f4tre ?<\/p>\t\t\t\t\t\t\t\t<\/div>\n\t\t\t\t<\/div>\n\t\t\t\t\t<\/div>\n\t\t<\/div>\n\t\t\t\t\t<\/div>\n\t\t<\/section>\n\t\t\t\t<section class=\"elementor-section elementor-top-section elementor-element elementor-element-8223e26 elementor-section-boxed elementor-section-height-default elementor-section-height-default\" data-id=\"8223e26\" data-element_type=\"section\" data-e-type=\"section\">\n\t\t\t\t\t\t<div class=\"elementor-container elementor-column-gap-default\">\n\t\t\t\t\t<div class=\"elementor-column elementor-col-100 elementor-top-column elementor-element elementor-element-5bad52e7\" data-id=\"5bad52e7\" data-element_type=\"column\" data-e-type=\"column\">\n\t\t\t<div class=\"elementor-widget-wrap elementor-element-populated\">\n\t\t\t\t\t\t<div class=\"elementor-element elementor-element-7fe8d172 elementor-widget elementor-widget-shortcode\" data-id=\"7fe8d172\" data-element_type=\"widget\" data-e-type=\"widget\" data-widget_type=\"shortcode.default\">\n\t\t\t\t<div class=\"elementor-widget-container\">\n\t\t\t\t\t\t\t<div class=\"elementor-shortcode\">\t\t<div data-elementor-type=\"section\" data-elementor-id=\"14625\" class=\"elementor elementor-14625 elementor-1780 elementor-1780\" data-elementor-post-type=\"elementor_library\">\n\t\t\t\t\t<section class=\"elementor-section elementor-top-section elementor-element elementor-element-1220119 elementor-section-boxed elementor-section-height-default elementor-section-height-default\" data-id=\"1220119\" data-element_type=\"section\" data-e-type=\"section\">\n\t\t\t\t\t\t<div class=\"elementor-container elementor-column-gap-default\">\n\t\t\t\t\t<div class=\"elementor-column elementor-col-33 elementor-top-column elementor-element elementor-element-12d0123\" data-id=\"12d0123\" data-element_type=\"column\" data-e-type=\"column\" data-settings=\"{&quot;background_background&quot;:&quot;classic&quot;}\">\n\t\t\t<div class=\"elementor-widget-wrap elementor-element-populated\">\n\t\t\t\t\t\t<div class=\"elementor-element elementor-element-3a18427 elementor-align-center elementor-widget elementor-widget-button\" data-id=\"3a18427\" data-element_type=\"widget\" data-e-type=\"widget\" data-widget_type=\"button.default\">\n\t\t\t\t<div class=\"elementor-widget-container\">\n\t\t\t\t\t\t\t\t\t<div class=\"elementor-button-wrapper\">\n\t\t\t\t\t<a class=\"elementor-button elementor-button-link elementor-size-sm\" href=\"https:\/\/www.idealpropertymallorca.com\/fr\/alcudia-finca\/\">\n\t\t\t\t\t\t<span class=\"elementor-button-content-wrapper\">\n\t\t\t\t\t\t\t\t\t<span class=\"elementor-button-text\">Domaines \u00e0 Alcudia<\/span>\n\t\t\t\t\t<\/span>\n\t\t\t\t\t<\/a>\n\t\t\t\t<\/div>\n\t\t\t\t\t\t\t\t<\/div>\n\t\t\t\t<\/div>\n\t\t\t\t\t<\/div>\n\t\t<\/div>\n\t\t\t\t<div class=\"elementor-column elementor-col-33 elementor-top-column elementor-element elementor-element-5bec8ae\" data-id=\"5bec8ae\" data-element_type=\"column\" data-e-type=\"column\" data-settings=\"{&quot;background_background&quot;:&quot;classic&quot;}\">\n\t\t\t<div class=\"elementor-widget-wrap elementor-element-populated\">\n\t\t\t\t\t\t<div class=\"elementor-element elementor-element-a16db98 elementor-align-center elementor-widget elementor-widget-button\" data-id=\"a16db98\" data-element_type=\"widget\" data-e-type=\"widget\" data-widget_type=\"button.default\">\n\t\t\t\t<div class=\"elementor-widget-container\">\n\t\t\t\t\t\t\t\t\t<div class=\"elementor-button-wrapper\">\n\t\t\t\t\t<a class=\"elementor-button elementor-button-link elementor-size-sm\" href=\"https:\/\/www.idealpropertymallorca.com\/fr\/location-appartement-alcudia\">\n\t\t\t\t\t\t<span class=\"elementor-button-content-wrapper\">\n\t\t\t\t\t\t\t\t\t<span class=\"elementor-button-text\">Appartements \u00e0 Alc\u00fadia<\/span>\n\t\t\t\t\t<\/span>\n\t\t\t\t\t<\/a>\n\t\t\t\t<\/div>\n\t\t\t\t\t\t\t\t<\/div>\n\t\t\t\t<\/div>\n\t\t\t\t\t<\/div>\n\t\t<\/div>\n\t\t\t\t<div class=\"elementor-column elementor-col-33 elementor-top-column elementor-element elementor-element-085835e\" data-id=\"085835e\" data-element_type=\"column\" data-e-type=\"column\" data-settings=\"{&quot;background_background&quot;:&quot;classic&quot;}\">\n\t\t\t<div class=\"elementor-widget-wrap elementor-element-populated\">\n\t\t\t\t\t\t<div class=\"elementor-element elementor-element-0c1f9b4 elementor-align-center elementor-widget elementor-widget-button\" data-id=\"0c1f9b4\" data-element_type=\"widget\" data-e-type=\"widget\" data-widget_type=\"button.default\">\n\t\t\t\t<div class=\"elementor-widget-container\">\n\t\t\t\t\t\t\t\t\t<div class=\"elementor-button-wrapper\">\n\t\t\t\t\t<a class=\"elementor-button elementor-button-link elementor-size-sm\" href=\"https:\/\/www.idealpropertymallorca.com\/fr\/location-maison-alcudia\">\n\t\t\t\t\t\t<span class=\"elementor-button-content-wrapper\">\n\t\t\t\t\t\t\t\t\t<span class=\"elementor-button-text\">Maisons de vacances \u00e0 Alcudia<\/span>\n\t\t\t\t\t<\/span>\n\t\t\t\t\t<\/a>\n\t\t\t\t<\/div>\n\t\t\t\t\t\t\t\t<\/div>\n\t\t\t\t<\/div>\n\t\t\t\t\t<\/div>\n\t\t<\/div>\n\t\t\t\t\t<\/div>\n\t\t<\/section>\n\t\t\t\t<\/div>\n\t\t<\/div>\n\t\t\t\t\t\t<\/div>\n\t\t\t\t<\/div>\n\t\t\t\t\t<\/div>\n\t\t<\/div>\n\t\t\t\t\t<\/div>\n\t\t<\/section>\n\t\t\t\t<\/div>\n\t\t","protected":false},"excerpt":{"rendered":"<p>La baie d&#8217;Alcudia, situ\u00e9e au nord-est de Majorque, est l&#8217;une des destinations les plus charmantes de l&#8217;\u00eele, et si vous \u00eates ici en train de lire ces lignes, c&#8217;est que vous l&#8217;avez d\u00e9j\u00e0 compris et que vous \u00eates venu le confirmer. La c\u00f4te s&#8217;\u00e9tend sur 30 kilom\u00e8tres et combine des plages de sable blanc, des [&hellip;]<\/p>\n","protected":false},"author":3,"featured_media":17437,"comment_status":"open","ping_status":"open","sticky":false,"template":"","format":"standard","meta":{"footnotes":""},"categories":[427],"tags":[],"class_list":["post-17496","post","type-post","status-publish","format-standard","has-post-thumbnail","hentry","category-plages"],"yoast_head":"<!-- This site is optimized with the Yoast SEO plugin v27.4 - https:\/\/yoast.com\/product\/yoast-seo-wordpress\/ -->\n<title>Profitez de la baie d&#039;Alcudia \u00e0 Majorque - Majorca Blog<\/title>\n<meta name=\"description\" content=\"Explorez la baie d&#039;Alcudia \u00e0 Majorque. Profitez de ses plages et de ses activit\u00e9s dans un environnement unique. Venez d\u00e9couvrir ce coin m\u00e9diterran\u00e9en !\" \/>\n<meta name=\"robots\" content=\"index, follow, max-snippet:-1, max-image-preview:large, max-video-preview:-1\" \/>\n<link rel=\"canonical\" href=\"https:\/\/www.idealpropertymallorca.com\/blog\/fr\/baie-alcudia\/\" \/>\n<meta property=\"og:locale\" content=\"fr_FR\" \/>\n<meta property=\"og:type\" content=\"article\" \/>\n<meta property=\"og:title\" content=\"Profitez de la baie d&#039;Alcudia \u00e0 Majorque - Majorca Blog\" \/>\n<meta property=\"og:description\" content=\"Explorez la baie d&#039;Alcudia \u00e0 Majorque. Profitez de ses plages et de ses activit\u00e9s dans un environnement unique. Venez d\u00e9couvrir ce coin m\u00e9diterran\u00e9en !\" \/>\n<meta property=\"og:url\" content=\"https:\/\/www.idealpropertymallorca.com\/blog\/fr\/baie-alcudia\/\" \/>\n<meta property=\"og:site_name\" content=\"Majorca Blog\" \/>\n<meta property=\"article:published_time\" content=\"2025-02-24T14:38:25+00:00\" \/>\n<meta property=\"article:modified_time\" content=\"2025-03-07T11:44:27+00:00\" \/>\n<meta property=\"og:image\" content=\"https:\/\/www.idealpropertymallorca.com\/blog\/wp-content\/uploads\/2025\/02\/bahia-alcudia.jpg\" \/>\n\t<meta property=\"og:image:width\" content=\"1920\" \/>\n\t<meta property=\"og:image:height\" content=\"696\" \/>\n\t<meta property=\"og:image:type\" content=\"image\/jpeg\" \/>\n<meta name=\"author\" content=\"digitalservices\" \/>\n<meta name=\"twitter:card\" content=\"summary_large_image\" \/>\n<meta name=\"twitter:label1\" content=\"Written by\" \/>\n\t<meta name=\"twitter:data1\" content=\"digitalservices\" \/>\n\t<meta name=\"twitter:label2\" content=\"Est. reading time\" \/>\n\t<meta name=\"twitter:data2\" content=\"8 minutes\" \/>\n<script type=\"application\/ld+json\" class=\"yoast-schema-graph\">{\"@context\":\"https:\\\/\\\/schema.org\",\"@graph\":[{\"@type\":\"Article\",\"@id\":\"https:\\\/\\\/www.idealpropertymallorca.com\\\/blog\\\/fr\\\/baie-alcudia\\\/#article\",\"isPartOf\":{\"@id\":\"https:\\\/\\\/www.idealpropertymallorca.com\\\/blog\\\/fr\\\/baie-alcudia\\\/\"},\"author\":{\"name\":\"digitalservices\",\"@id\":\"https:\\\/\\\/www.idealpropertymallorca.com\\\/blog\\\/fr\\\/#\\\/schema\\\/person\\\/8afda339a8de0d6db90fffb895f38917\"},\"headline\":\"Profitez de la baie d&#8217;Alcudia \u00e0 Majorque\",\"datePublished\":\"2025-02-24T14:38:25+00:00\",\"dateModified\":\"2025-03-07T11:44:27+00:00\",\"mainEntityOfPage\":{\"@id\":\"https:\\\/\\\/www.idealpropertymallorca.com\\\/blog\\\/fr\\\/baie-alcudia\\\/\"},\"wordCount\":1293,\"commentCount\":0,\"publisher\":{\"@id\":\"https:\\\/\\\/www.idealpropertymallorca.com\\\/blog\\\/fr\\\/#organization\"},\"image\":{\"@id\":\"https:\\\/\\\/www.idealpropertymallorca.com\\\/blog\\\/fr\\\/baie-alcudia\\\/#primaryimage\"},\"thumbnailUrl\":\"https:\\\/\\\/www.idealpropertymallorca.com\\\/blog\\\/wp-content\\\/uploads\\\/2025\\\/02\\\/bahia-alcudia.jpg\",\"articleSection\":[\"Plages\"],\"inLanguage\":\"fr\",\"potentialAction\":[{\"@type\":\"CommentAction\",\"name\":\"Comment\",\"target\":[\"https:\\\/\\\/www.idealpropertymallorca.com\\\/blog\\\/fr\\\/baie-alcudia\\\/#respond\"]}]},{\"@type\":\"WebPage\",\"@id\":\"https:\\\/\\\/www.idealpropertymallorca.com\\\/blog\\\/fr\\\/baie-alcudia\\\/\",\"url\":\"https:\\\/\\\/www.idealpropertymallorca.com\\\/blog\\\/fr\\\/baie-alcudia\\\/\",\"name\":\"Profitez de la baie d'Alcudia \u00e0 Majorque - Majorca Blog\",\"isPartOf\":{\"@id\":\"https:\\\/\\\/www.idealpropertymallorca.com\\\/blog\\\/fr\\\/#website\"},\"primaryImageOfPage\":{\"@id\":\"https:\\\/\\\/www.idealpropertymallorca.com\\\/blog\\\/fr\\\/baie-alcudia\\\/#primaryimage\"},\"image\":{\"@id\":\"https:\\\/\\\/www.idealpropertymallorca.com\\\/blog\\\/fr\\\/baie-alcudia\\\/#primaryimage\"},\"thumbnailUrl\":\"https:\\\/\\\/www.idealpropertymallorca.com\\\/blog\\\/wp-content\\\/uploads\\\/2025\\\/02\\\/bahia-alcudia.jpg\",\"datePublished\":\"2025-02-24T14:38:25+00:00\",\"dateModified\":\"2025-03-07T11:44:27+00:00\",\"description\":\"Explorez la baie d'Alcudia \u00e0 Majorque. Profitez de ses plages et de ses activit\u00e9s dans un environnement unique. Venez d\u00e9couvrir ce coin m\u00e9diterran\u00e9en !\",\"inLanguage\":\"fr\",\"potentialAction\":[{\"@type\":\"ReadAction\",\"target\":[\"https:\\\/\\\/www.idealpropertymallorca.com\\\/blog\\\/fr\\\/baie-alcudia\\\/\"]}]},{\"@type\":\"ImageObject\",\"inLanguage\":\"fr\",\"@id\":\"https:\\\/\\\/www.idealpropertymallorca.com\\\/blog\\\/fr\\\/baie-alcudia\\\/#primaryimage\",\"url\":\"https:\\\/\\\/www.idealpropertymallorca.com\\\/blog\\\/wp-content\\\/uploads\\\/2025\\\/02\\\/bahia-alcudia.jpg\",\"contentUrl\":\"https:\\\/\\\/www.idealpropertymallorca.com\\\/blog\\\/wp-content\\\/uploads\\\/2025\\\/02\\\/bahia-alcudia.jpg\",\"width\":1920,\"height\":696,\"caption\":\"bahia-alcudia\"},{\"@type\":\"WebSite\",\"@id\":\"https:\\\/\\\/www.idealpropertymallorca.com\\\/blog\\\/fr\\\/#website\",\"url\":\"https:\\\/\\\/www.idealpropertymallorca.com\\\/blog\\\/fr\\\/\",\"name\":\"Majorca Blog\",\"description\":\"Find relevant tourist information to see and do on the island of Mallorca during your holiday. Discover the best places and tips!\",\"publisher\":{\"@id\":\"https:\\\/\\\/www.idealpropertymallorca.com\\\/blog\\\/fr\\\/#organization\"},\"potentialAction\":[{\"@type\":\"SearchAction\",\"target\":{\"@type\":\"EntryPoint\",\"urlTemplate\":\"https:\\\/\\\/www.idealpropertymallorca.com\\\/blog\\\/fr\\\/?s={search_term_string}\"},\"query-input\":{\"@type\":\"PropertyValueSpecification\",\"valueRequired\":true,\"valueName\":\"search_term_string\"}}],\"inLanguage\":\"fr\"},{\"@type\":\"Organization\",\"@id\":\"https:\\\/\\\/www.idealpropertymallorca.com\\\/blog\\\/fr\\\/#organization\",\"name\":\"Majorca Blog\",\"url\":\"https:\\\/\\\/www.idealpropertymallorca.com\\\/blog\\\/fr\\\/\",\"logo\":{\"@type\":\"ImageObject\",\"inLanguage\":\"fr\",\"@id\":\"https:\\\/\\\/www.idealpropertymallorca.com\\\/blog\\\/fr\\\/#\\\/schema\\\/logo\\\/image\\\/\",\"url\":\"https:\\\/\\\/www.idealpropertymallorca.com\\\/blog\\\/wp-content\\\/uploads\\\/2024\\\/10\\\/ideal-property-mallorca-blue-mobile.png\",\"contentUrl\":\"https:\\\/\\\/www.idealpropertymallorca.com\\\/blog\\\/wp-content\\\/uploads\\\/2024\\\/10\\\/ideal-property-mallorca-blue-mobile.png\",\"width\":500,\"height\":150,\"caption\":\"Majorca Blog\"},\"image\":{\"@id\":\"https:\\\/\\\/www.idealpropertymallorca.com\\\/blog\\\/fr\\\/#\\\/schema\\\/logo\\\/image\\\/\"}},{\"@type\":\"Person\",\"@id\":\"https:\\\/\\\/www.idealpropertymallorca.com\\\/blog\\\/fr\\\/#\\\/schema\\\/person\\\/8afda339a8de0d6db90fffb895f38917\",\"name\":\"digitalservices\",\"image\":{\"@type\":\"ImageObject\",\"inLanguage\":\"fr\",\"@id\":\"https:\\\/\\\/secure.gravatar.com\\\/avatar\\\/af30f88a1904294c1f3eb09a9d7903eec4ffa18fa2cf40c28a8681014ecdfc20?s=96&d=mm&r=g\",\"url\":\"https:\\\/\\\/secure.gravatar.com\\\/avatar\\\/af30f88a1904294c1f3eb09a9d7903eec4ffa18fa2cf40c28a8681014ecdfc20?s=96&d=mm&r=g\",\"contentUrl\":\"https:\\\/\\\/secure.gravatar.com\\\/avatar\\\/af30f88a1904294c1f3eb09a9d7903eec4ffa18fa2cf40c28a8681014ecdfc20?s=96&d=mm&r=g\",\"caption\":\"digitalservices\"}}]}<\/script>\n<!-- \/ Yoast SEO plugin. -->","yoast_head_json":{"title":"Profitez de la baie d'Alcudia \u00e0 Majorque - Majorca Blog","description":"Explorez la baie d'Alcudia \u00e0 Majorque. Profitez de ses plages et de ses activit\u00e9s dans un environnement unique. Venez d\u00e9couvrir ce coin m\u00e9diterran\u00e9en !","robots":{"index":"index","follow":"follow","max-snippet":"max-snippet:-1","max-image-preview":"max-image-preview:large","max-video-preview":"max-video-preview:-1"},"canonical":"https:\/\/www.idealpropertymallorca.com\/blog\/fr\/baie-alcudia\/","og_locale":"fr_FR","og_type":"article","og_title":"Profitez de la baie d'Alcudia \u00e0 Majorque - Majorca Blog","og_description":"Explorez la baie d'Alcudia \u00e0 Majorque. Profitez de ses plages et de ses activit\u00e9s dans un environnement unique. Venez d\u00e9couvrir ce coin m\u00e9diterran\u00e9en !","og_url":"https:\/\/www.idealpropertymallorca.com\/blog\/fr\/baie-alcudia\/","og_site_name":"Majorca Blog","article_published_time":"2025-02-24T14:38:25+00:00","article_modified_time":"2025-03-07T11:44:27+00:00","og_image":[{"width":1920,"height":696,"url":"https:\/\/www.idealpropertymallorca.com\/blog\/wp-content\/uploads\/2025\/02\/bahia-alcudia.jpg","type":"image\/jpeg"}],"author":"digitalservices","twitter_card":"summary_large_image","twitter_misc":{"Written by":"digitalservices","Est. reading time":"8 minutes"},"schema":{"@context":"https:\/\/schema.org","@graph":[{"@type":"Article","@id":"https:\/\/www.idealpropertymallorca.com\/blog\/fr\/baie-alcudia\/#article","isPartOf":{"@id":"https:\/\/www.idealpropertymallorca.com\/blog\/fr\/baie-alcudia\/"},"author":{"name":"digitalservices","@id":"https:\/\/www.idealpropertymallorca.com\/blog\/fr\/#\/schema\/person\/8afda339a8de0d6db90fffb895f38917"},"headline":"Profitez de la baie d&#8217;Alcudia \u00e0 Majorque","datePublished":"2025-02-24T14:38:25+00:00","dateModified":"2025-03-07T11:44:27+00:00","mainEntityOfPage":{"@id":"https:\/\/www.idealpropertymallorca.com\/blog\/fr\/baie-alcudia\/"},"wordCount":1293,"commentCount":0,"publisher":{"@id":"https:\/\/www.idealpropertymallorca.com\/blog\/fr\/#organization"},"image":{"@id":"https:\/\/www.idealpropertymallorca.com\/blog\/fr\/baie-alcudia\/#primaryimage"},"thumbnailUrl":"https:\/\/www.idealpropertymallorca.com\/blog\/wp-content\/uploads\/2025\/02\/bahia-alcudia.jpg","articleSection":["Plages"],"inLanguage":"fr","potentialAction":[{"@type":"CommentAction","name":"Comment","target":["https:\/\/www.idealpropertymallorca.com\/blog\/fr\/baie-alcudia\/#respond"]}]},{"@type":"WebPage","@id":"https:\/\/www.idealpropertymallorca.com\/blog\/fr\/baie-alcudia\/","url":"https:\/\/www.idealpropertymallorca.com\/blog\/fr\/baie-alcudia\/","name":"Profitez de la baie d'Alcudia \u00e0 Majorque - Majorca Blog","isPartOf":{"@id":"https:\/\/www.idealpropertymallorca.com\/blog\/fr\/#website"},"primaryImageOfPage":{"@id":"https:\/\/www.idealpropertymallorca.com\/blog\/fr\/baie-alcudia\/#primaryimage"},"image":{"@id":"https:\/\/www.idealpropertymallorca.com\/blog\/fr\/baie-alcudia\/#primaryimage"},"thumbnailUrl":"https:\/\/www.idealpropertymallorca.com\/blog\/wp-content\/uploads\/2025\/02\/bahia-alcudia.jpg","datePublished":"2025-02-24T14:38:25+00:00","dateModified":"2025-03-07T11:44:27+00:00","description":"Explorez la baie d'Alcudia \u00e0 Majorque. Profitez de ses plages et de ses activit\u00e9s dans un environnement unique. Venez d\u00e9couvrir ce coin m\u00e9diterran\u00e9en !","inLanguage":"fr","potentialAction":[{"@type":"ReadAction","target":["https:\/\/www.idealpropertymallorca.com\/blog\/fr\/baie-alcudia\/"]}]},{"@type":"ImageObject","inLanguage":"fr","@id":"https:\/\/www.idealpropertymallorca.com\/blog\/fr\/baie-alcudia\/#primaryimage","url":"https:\/\/www.idealpropertymallorca.com\/blog\/wp-content\/uploads\/2025\/02\/bahia-alcudia.jpg","contentUrl":"https:\/\/www.idealpropertymallorca.com\/blog\/wp-content\/uploads\/2025\/02\/bahia-alcudia.jpg","width":1920,"height":696,"caption":"bahia-alcudia"},{"@type":"WebSite","@id":"https:\/\/www.idealpropertymallorca.com\/blog\/fr\/#website","url":"https:\/\/www.idealpropertymallorca.com\/blog\/fr\/","name":"Majorca Blog","description":"Find relevant tourist information to see and do on the island of Mallorca during your holiday. Discover the best places and tips!","publisher":{"@id":"https:\/\/www.idealpropertymallorca.com\/blog\/fr\/#organization"},"potentialAction":[{"@type":"SearchAction","target":{"@type":"EntryPoint","urlTemplate":"https:\/\/www.idealpropertymallorca.com\/blog\/fr\/?s={search_term_string}"},"query-input":{"@type":"PropertyValueSpecification","valueRequired":true,"valueName":"search_term_string"}}],"inLanguage":"fr"},{"@type":"Organization","@id":"https:\/\/www.idealpropertymallorca.com\/blog\/fr\/#organization","name":"Majorca Blog","url":"https:\/\/www.idealpropertymallorca.com\/blog\/fr\/","logo":{"@type":"ImageObject","inLanguage":"fr","@id":"https:\/\/www.idealpropertymallorca.com\/blog\/fr\/#\/schema\/logo\/image\/","url":"https:\/\/www.idealpropertymallorca.com\/blog\/wp-content\/uploads\/2024\/10\/ideal-property-mallorca-blue-mobile.png","contentUrl":"https:\/\/www.idealpropertymallorca.com\/blog\/wp-content\/uploads\/2024\/10\/ideal-property-mallorca-blue-mobile.png","width":500,"height":150,"caption":"Majorca Blog"},"image":{"@id":"https:\/\/www.idealpropertymallorca.com\/blog\/fr\/#\/schema\/logo\/image\/"}},{"@type":"Person","@id":"https:\/\/www.idealpropertymallorca.com\/blog\/fr\/#\/schema\/person\/8afda339a8de0d6db90fffb895f38917","name":"digitalservices","image":{"@type":"ImageObject","inLanguage":"fr","@id":"https:\/\/secure.gravatar.com\/avatar\/af30f88a1904294c1f3eb09a9d7903eec4ffa18fa2cf40c28a8681014ecdfc20?s=96&d=mm&r=g","url":"https:\/\/secure.gravatar.com\/avatar\/af30f88a1904294c1f3eb09a9d7903eec4ffa18fa2cf40c28a8681014ecdfc20?s=96&d=mm&r=g","contentUrl":"https:\/\/secure.gravatar.com\/avatar\/af30f88a1904294c1f3eb09a9d7903eec4ffa18fa2cf40c28a8681014ecdfc20?s=96&d=mm&r=g","caption":"digitalservices"}}]}},"_links":{"self":[{"href":"https:\/\/www.idealpropertymallorca.com\/blog\/fr\/wp-json\/wp\/v2\/posts\/17496","targetHints":{"allow":["GET"]}}],"collection":[{"href":"https:\/\/www.idealpropertymallorca.com\/blog\/fr\/wp-json\/wp\/v2\/posts"}],"about":[{"href":"https:\/\/www.idealpropertymallorca.com\/blog\/fr\/wp-json\/wp\/v2\/types\/post"}],"author":[{"embeddable":true,"href":"https:\/\/www.idealpropertymallorca.com\/blog\/fr\/wp-json\/wp\/v2\/users\/3"}],"replies":[{"embeddable":true,"href":"https:\/\/www.idealpropertymallorca.com\/blog\/fr\/wp-json\/wp\/v2\/comments?post=17496"}],"version-history":[{"count":9,"href":"https:\/\/www.idealpropertymallorca.com\/blog\/fr\/wp-json\/wp\/v2\/posts\/17496\/revisions"}],"predecessor-version":[{"id":17985,"href":"https:\/\/www.idealpropertymallorca.com\/blog\/fr\/wp-json\/wp\/v2\/posts\/17496\/revisions\/17985"}],"wp:featuredmedia":[{"embeddable":true,"href":"https:\/\/www.idealpropertymallorca.com\/blog\/fr\/wp-json\/wp\/v2\/media\/17437"}],"wp:attachment":[{"href":"https:\/\/www.idealpropertymallorca.com\/blog\/fr\/wp-json\/wp\/v2\/media?parent=17496"}],"wp:term":[{"taxonomy":"category","embeddable":true,"href":"https:\/\/www.idealpropertymallorca.com\/blog\/fr\/wp-json\/wp\/v2\/categories?post=17496"},{"taxonomy":"post_tag","embeddable":true,"href":"https:\/\/www.idealpropertymallorca.com\/blog\/fr\/wp-json\/wp\/v2\/tags?post=17496"}],"curies":[{"name":"wp","href":"https:\/\/api.w.org\/{rel}","templated":true}]}}