{"id":14448,"date":"2024-11-05T13:42:24","date_gmt":"2024-11-05T13:42:24","guid":{"rendered":"https:\/\/www.idealpropertymallorca.com\/blog\/?p=14448"},"modified":"2025-03-07T11:48:18","modified_gmt":"2025-03-07T11:48:18","slug":"mon-daventura-aventures-inoubliables-sur-le-camino","status":"publish","type":"post","link":"https:\/\/www.idealpropertymallorca.com\/blog\/fr\/mon-daventura-aventures-inoubliables-sur-le-camino\/","title":{"rendered":"Mon d&#8217;Aventura: Aventures inoubliables sur le Camino"},"content":{"rendered":"\t\t<div data-elementor-type=\"wp-post\" data-elementor-id=\"14448\" class=\"elementor elementor-14448 elementor-306\" data-elementor-post-type=\"post\">\n\t\t\t\t\t\t<section class=\"elementor-section elementor-top-section elementor-element elementor-element-8ecd504 elementor-section-boxed elementor-section-height-default elementor-section-height-default\" data-id=\"8ecd504\" data-element_type=\"section\" data-e-type=\"section\">\n\t\t\t\t\t\t<div class=\"elementor-container elementor-column-gap-default\">\n\t\t\t\t\t<div class=\"elementor-column elementor-col-100 elementor-top-column elementor-element elementor-element-9f9e242\" data-id=\"9f9e242\" data-element_type=\"column\" data-e-type=\"column\">\n\t\t\t<div class=\"elementor-widget-wrap elementor-element-populated\">\n\t\t\t\t\t\t<div class=\"elementor-element elementor-element-fea197d elementor-widget elementor-widget-text-editor\" data-id=\"fea197d\" data-element_type=\"widget\" data-e-type=\"widget\" data-widget_type=\"text-editor.default\">\n\t\t\t\t<div class=\"elementor-widget-container\">\n\t\t\t\t\t\t\t\t\t<p>Embarquez pour une aventure rocheuse sans pr\u00e9c\u00e9dent \u00e0 Mallorca avec Mon d&#8217;Aventura. Partez \u00e0 la conqu\u00eate de falaises majestueuses, escaladez des parois rocheuses abruptes, plongez et p\u00e9n\u00e9trez dans des grottes exotiques et faites l&#8217;exp\u00e9rience de la mont\u00e9e d&#8217;adr\u00e9naline que procure l&#8217;exploration verticale. Si vous \u00eates un v\u00e9ritable aventurier et que vous voulez voir des choses que personne n&#8217;a jamais vues auparavant, lisez la suite!<\/p>\t\t\t\t\t\t\t\t<\/div>\n\t\t\t\t<\/div>\n\t\t\t\t\t<\/div>\n\t\t<\/div>\n\t\t\t\t\t<\/div>\n\t\t<\/section>\n\t\t\t\t<section class=\"elementor-section elementor-top-section elementor-element elementor-element-e8a38e3 elementor-section-boxed elementor-section-height-default elementor-section-height-default\" data-id=\"e8a38e3\" data-element_type=\"section\" data-e-type=\"section\">\n\t\t\t\t\t\t<div class=\"elementor-container elementor-column-gap-default\">\n\t\t\t\t\t<div class=\"elementor-column elementor-col-100 elementor-top-column elementor-element elementor-element-e1f1c76\" data-id=\"e1f1c76\" data-element_type=\"column\" data-e-type=\"column\">\n\t\t\t<div class=\"elementor-widget-wrap elementor-element-populated\">\n\t\t\t\t\t\t<div class=\"elementor-element elementor-element-79a458e elementor-widget elementor-widget-heading\" data-id=\"79a458e\" data-element_type=\"widget\" data-e-type=\"widget\" data-widget_type=\"heading.default\">\n\t\t\t\t<div class=\"elementor-widget-container\">\n\t\t\t\t\t<h2 class=\"elementor-heading-title elementor-size-default\">Pourquoi envisager des aventures d'alpinisme \u00e0 Mallorca?<\/h2>\t\t\t\t<\/div>\n\t\t\t\t<\/div>\n\t\t\t\t<div class=\"elementor-element elementor-element-edce32e elementor-widget elementor-widget-text-editor\" data-id=\"edce32e\" data-element_type=\"widget\" data-e-type=\"widget\" data-widget_type=\"text-editor.default\">\n\t\t\t\t<div class=\"elementor-widget-container\">\n\t\t\t\t\t\t\t\t\t<p><strong>Terrain vari\u00e9:<\/strong> Mallorca offre une grande vari\u00e9t\u00e9 de sites d&#8217;escalade, des falaises de calcaire aux rochers en bord de mer, offrant des d\u00e9fis aux grimpeurs de tous niveaux.<\/p><p><strong>Paysages spectaculaires:<\/strong> grimper avec la mer M\u00e9diterran\u00e9e en toile de fond et des vues c\u00f4ti\u00e8res \u00e0 couper le souffle cr\u00e9e une atmosph\u00e8re inoubliable.<\/p><p><strong>Voies de classe mondiale<\/strong>: Mallorca est connue pour ses voies d&#8217;escalade bien \u00e9tablies qui conviennent aussi bien aux d\u00e9butants qu&#8217;aux experts, garantissant une exp\u00e9rience satisfaisante pour tous les grimpeurs.<\/p><p><strong>Climat doux:<\/strong> le climat m\u00e9diterran\u00e9en de Mallorca offre des conditions favorables \u00e0 l&#8217;escalade tout au long de l&#8217;ann\u00e9e, ce qui permet de pratiquer ce sport en diff\u00e9rentes saisons.<\/p><p><strong>Acc\u00e8s \u00e0 la nature: <\/strong>l&#8217;escalade \u00e0 Mallorca offre la possibilit\u00e9 de s&#8217;immerger dans la beaut\u00e9 naturelle de l&#8217;\u00eele, ce qui favorise un lien profond avec l&#8217;environnement.<\/p>\t\t\t\t\t\t\t\t<\/div>\n\t\t\t\t<\/div>\n\t\t\t\t<div class=\"elementor-element elementor-element-5e3fc68 elementor-widget elementor-widget-text-editor\" data-id=\"5e3fc68\" data-element_type=\"widget\" data-e-type=\"widget\" data-widget_type=\"text-editor.default\">\n\t\t\t\t<div class=\"elementor-widget-container\">\n\t\t\t\t\t\t\t\t\t<p><strong>Encadrement professionnel:<\/strong> les guides locaux et les \u00e9coles d&#8217;escalade dispensent un enseignement sp\u00e9cialis\u00e9 et garantissent votre s\u00e9curit\u00e9, ce qui vous permet de profiter pleinement de l&#8217;exp\u00e9rience.<\/p><p><strong>Des moments inoubliables:<\/strong> l&#8217;escalade \u00e0 Mallorca cr\u00e9e des souvenirs durables, qu&#8217;il s&#8217;agisse de conqu\u00e9rir une voie difficile, d&#8217;admirer des vues \u00e0 couper le souffle ou de partager des histoires avec d&#8217;autres grimpeurs.<\/p><p><strong>D\u00e9veloppement personnel:<\/strong> les d\u00e9fis pos\u00e9s par les diverses voies d&#8217;escalade de Mallorca peuvent conduire au d\u00e9veloppement personnel, \u00e0 la d\u00e9couverte de soi et \u00e0 un plus grand sentiment d&#8217;accomplissement.<\/p><p><strong>D\u00e9tente:<\/strong> laissez le stress de la vie quotidienne derri\u00e8re vous en vous concentrant sur les exigences physiques et mentales de l&#8217;escalade dans cet environnement magnifique.<\/p>\t\t\t\t\t\t\t\t<\/div>\n\t\t\t\t<\/div>\n\t\t\t\t\t<\/div>\n\t\t<\/div>\n\t\t\t\t\t<\/div>\n\t\t<\/section>\n\t\t\t\t<section class=\"elementor-section elementor-top-section elementor-element elementor-element-a2f0c17 elementor-section-boxed elementor-section-height-default elementor-section-height-default\" data-id=\"a2f0c17\" data-element_type=\"section\" data-e-type=\"section\">\n\t\t\t\t\t\t<div class=\"elementor-container elementor-column-gap-default\">\n\t\t\t\t\t<div class=\"elementor-column elementor-col-50 elementor-top-column elementor-element elementor-element-4661371\" data-id=\"4661371\" data-element_type=\"column\" data-e-type=\"column\">\n\t\t\t<div class=\"elementor-widget-wrap elementor-element-populated\">\n\t\t\t\t\t\t<div class=\"elementor-element elementor-element-1db631f elementor-widget elementor-widget-image\" data-id=\"1db631f\" data-element_type=\"widget\" data-e-type=\"widget\" data-widget_type=\"image.default\">\n\t\t\t\t<div class=\"elementor-widget-container\">\n\t\t\t\t\t\t\t\t\t\t\t\t<figure class=\"wp-caption\">\n\t\t\t\t\t\t\t\t\t\t<img fetchpriority=\"high\" decoding=\"async\" width=\"724\" height=\"483\" src=\"https:\/\/www.idealpropertymallorca.com\/blog\/wp-content\/uploads\/2023\/08\/rock-climbing-with-friends.jpg\" class=\"attachment-large size-large wp-image-3644\" alt=\"Drei Freunde beim Klettern in Mallorca\" \/>\t\t\t\t\t\t\t\t\t\t\t<figcaption class=\"widget-image-caption wp-caption-text\">Trois amis font de l'escalade \u00e0 Mallorca<\/figcaption>\n\t\t\t\t\t\t\t\t\t\t<\/figure>\n\t\t\t\t\t\t\t\t\t<\/div>\n\t\t\t\t<\/div>\n\t\t\t\t\t<\/div>\n\t\t<\/div>\n\t\t\t\t<div class=\"elementor-column elementor-col-50 elementor-top-column elementor-element elementor-element-56712a1\" data-id=\"56712a1\" data-element_type=\"column\" data-e-type=\"column\">\n\t\t\t<div class=\"elementor-widget-wrap elementor-element-populated\">\n\t\t\t\t\t\t<div class=\"elementor-element elementor-element-6ea4a84 elementor-widget elementor-widget-image\" data-id=\"6ea4a84\" data-element_type=\"widget\" data-e-type=\"widget\" data-widget_type=\"image.default\">\n\t\t\t\t<div class=\"elementor-widget-container\">\n\t\t\t\t\t\t\t\t\t\t\t\t<figure class=\"wp-caption\">\n\t\t\t\t\t\t\t\t\t\t<img decoding=\"async\" width=\"724\" height=\"483\" src=\"https:\/\/www.idealpropertymallorca.com\/blog\/wp-content\/uploads\/2023\/08\/Rock-Climbing-Mallorca-2.jpg\" class=\"attachment-large size-large wp-image-3647\" alt=\"Einer der besten Pl\u00e4tze zum Klettern: Mallorca\" \/>\t\t\t\t\t\t\t\t\t\t\t<figcaption class=\"widget-image-caption wp-caption-text\">L'un des meilleurs endroits pour faire de l'escalade: Mallorca<\/figcaption>\n\t\t\t\t\t\t\t\t\t\t<\/figure>\n\t\t\t\t\t\t\t\t\t<\/div>\n\t\t\t\t<\/div>\n\t\t\t\t\t<\/div>\n\t\t<\/div>\n\t\t\t\t\t<\/div>\n\t\t<\/section>\n\t\t\t\t<section class=\"elementor-section elementor-top-section elementor-element elementor-element-603e6d6 elementor-section-boxed elementor-section-height-default elementor-section-height-default\" data-id=\"603e6d6\" data-element_type=\"section\" data-e-type=\"section\">\n\t\t\t\t\t\t<div class=\"elementor-container elementor-column-gap-default\">\n\t\t\t\t\t<div class=\"elementor-column elementor-col-100 elementor-top-column elementor-element elementor-element-72bbf22\" data-id=\"72bbf22\" data-element_type=\"column\" data-e-type=\"column\">\n\t\t\t<div class=\"elementor-widget-wrap elementor-element-populated\">\n\t\t\t\t\t\t<div class=\"elementor-element elementor-element-1f05921 elementor-widget elementor-widget-heading\" data-id=\"1f05921\" data-element_type=\"widget\" data-e-type=\"widget\" data-widget_type=\"heading.default\">\n\t\t\t\t<div class=\"elementor-widget-container\">\n\t\t\t\t\t<h2 class=\"elementor-heading-title elementor-size-default\">D\u00e9couvrez la Sierra Tramuntana avec Mon d'Aventura.<\/h2>\t\t\t\t<\/div>\n\t\t\t\t<\/div>\n\t\t\t\t\t<\/div>\n\t\t<\/div>\n\t\t\t\t\t<\/div>\n\t\t<\/section>\n\t\t\t\t<section class=\"elementor-section elementor-top-section elementor-element elementor-element-6e58dd8 elementor-section-boxed elementor-section-height-default elementor-section-height-default\" data-id=\"6e58dd8\" data-element_type=\"section\" data-e-type=\"section\">\n\t\t\t\t\t\t<div class=\"elementor-container elementor-column-gap-default\">\n\t\t\t\t\t<div class=\"elementor-column elementor-col-100 elementor-top-column elementor-element elementor-element-5abde65\" data-id=\"5abde65\" data-element_type=\"column\" data-e-type=\"column\">\n\t\t\t<div class=\"elementor-widget-wrap elementor-element-populated\">\n\t\t\t\t\t\t<div class=\"elementor-element elementor-element-2b5ea43 elementor-widget elementor-widget-text-editor\" data-id=\"2b5ea43\" data-element_type=\"widget\" data-e-type=\"widget\" data-widget_type=\"text-editor.default\">\n\t\t\t\t<div class=\"elementor-widget-container\">\n\t\t\t\t\t\t\t\t\t<p>Explorer les montagnes de Tramuntana \u00e0 Mallorca est une aventure sans pareille qui allie nature, histoire et paysages \u00e0 couper le souffle. Avec Mon d Aventura, vous pouvez tout voir. Voici pourquoi les activit\u00e9s dans cette cha\u00eene de montagnes sont incontournables:<\/p><p><strong>Des paysages spectaculaires:<\/strong> la cha\u00eene de montagnes de la Tramuntana est inscrite au patrimoine mondial de l&#8217;UNESCO et est c\u00e9l\u00e8bre pour sa beaut\u00e9 sauvage. Des pics imposants, des vall\u00e9es profondes, des collines en terrasses et d&#8217;anciennes oliveraies cr\u00e9ent une toile de fond \u00e9poustouflante pour vos activit\u00e9s de plein air.<\/p><p><strong>Patrimoine culturel:<\/strong> outre les merveilles naturelles, la Serra de Tramuntana poss\u00e8de un riche patrimoine culturel. D\u00e9couvrez les anciennes terrasses, les maisons traditionnelles en pierre et les monast\u00e8res historiques qui refl\u00e8tent le pass\u00e9 de la r\u00e9gion.<\/p><p><strong>Des vues c\u00f4ti\u00e8res \u00e9poustouflantes:<\/strong> la Serra de Tramuntana \u00e9tant parall\u00e8le \u00e0 la c\u00f4te, de nombreuses activit\u00e9s offrent des vues sur le bleu de la M\u00e9diterran\u00e9e. Ce m\u00e9lange unique de montagnes et de mer cr\u00e9e un contraste inoubliable.<\/p><p><strong>Nature et faune:<\/strong> Plongez dans la diversit\u00e9 de la flore et de la faune de Mallorca, avec des possibilit\u00e9s d&#8217;apercevoir des plantes et des animaux indig\u00e8nes, des oiseaux de proie impressionnants \u00e0 la v\u00e9g\u00e9tation m\u00e9diterran\u00e9enne unique.<\/p><p><strong>Photographie et relaxation:<\/strong> que vous soyez un photographe passionn\u00e9 ou que vous recherchiez simplement des moments de tranquillit\u00e9, les montagnes de Tramuntana offrent d&#8217;innombrables possibilit\u00e9s de capturer des vues \u00e0 couper le souffle et de profiter d&#8217;une contemplation paisible.<\/p>\t\t\t\t\t\t\t\t<\/div>\n\t\t\t\t<\/div>\n\t\t\t\t\t<\/div>\n\t\t<\/div>\n\t\t\t\t\t<\/div>\n\t\t<\/section>\n\t\t\t\t<section class=\"elementor-section elementor-top-section elementor-element elementor-element-4497dfa elementor-section-boxed elementor-section-height-default elementor-section-height-default\" data-id=\"4497dfa\" data-element_type=\"section\" data-e-type=\"section\">\n\t\t\t\t\t\t<div class=\"elementor-container elementor-column-gap-default\">\n\t\t\t\t\t<div class=\"elementor-column elementor-col-33 elementor-top-column elementor-element elementor-element-9f6658e\" data-id=\"9f6658e\" data-element_type=\"column\" data-e-type=\"column\">\n\t\t\t<div class=\"elementor-widget-wrap elementor-element-populated\">\n\t\t\t\t\t\t<div class=\"elementor-element elementor-element-b3b678d elementor-widget elementor-widget-image\" data-id=\"b3b678d\" data-element_type=\"widget\" data-e-type=\"widget\" data-widget_type=\"image.default\">\n\t\t\t\t<div class=\"elementor-widget-container\">\n\t\t\t\t\t\t\t\t\t\t\t\t\t\t\t<img decoding=\"async\" width=\"724\" height=\"483\" src=\"https:\/\/www.idealpropertymallorca.com\/blog\/wp-content\/uploads\/2023\/08\/Serra-tramuntana.jpg\" class=\"attachment-large size-large wp-image-3650\" alt=\"\" \/>\t\t\t\t\t\t\t\t\t\t\t\t\t\t\t<\/div>\n\t\t\t\t<\/div>\n\t\t\t\t\t<\/div>\n\t\t<\/div>\n\t\t\t\t<div class=\"elementor-column elementor-col-33 elementor-top-column elementor-element elementor-element-7e29fca\" data-id=\"7e29fca\" data-element_type=\"column\" data-e-type=\"column\">\n\t\t\t<div class=\"elementor-widget-wrap elementor-element-populated\">\n\t\t\t\t\t\t<div class=\"elementor-element elementor-element-bc59ace elementor-widget elementor-widget-image\" data-id=\"bc59ace\" data-element_type=\"widget\" data-e-type=\"widget\" data-widget_type=\"image.default\">\n\t\t\t\t<div class=\"elementor-widget-container\">\n\t\t\t\t\t\t\t\t\t\t\t\t\t\t\t<img loading=\"lazy\" decoding=\"async\" width=\"724\" height=\"483\" src=\"https:\/\/www.idealpropertymallorca.com\/blog\/wp-content\/uploads\/2023\/08\/casa-tramuntana.jpg\" class=\"attachment-large size-large wp-image-3653\" alt=\"\" \/>\t\t\t\t\t\t\t\t\t\t\t\t\t\t\t<\/div>\n\t\t\t\t<\/div>\n\t\t\t\t\t<\/div>\n\t\t<\/div>\n\t\t\t\t<div class=\"elementor-column elementor-col-33 elementor-top-column elementor-element elementor-element-c059140\" data-id=\"c059140\" data-element_type=\"column\" data-e-type=\"column\">\n\t\t\t<div class=\"elementor-widget-wrap elementor-element-populated\">\n\t\t\t\t\t\t<div class=\"elementor-element elementor-element-2f2b3aa elementor-widget elementor-widget-image\" data-id=\"2f2b3aa\" data-element_type=\"widget\" data-e-type=\"widget\" data-widget_type=\"image.default\">\n\t\t\t\t<div class=\"elementor-widget-container\">\n\t\t\t\t\t\t\t\t\t\t\t\t\t\t\t<img loading=\"lazy\" decoding=\"async\" width=\"724\" height=\"483\" src=\"https:\/\/www.idealpropertymallorca.com\/blog\/wp-content\/uploads\/2023\/08\/vistas-increibles-serra-tramuntana.jpg\" class=\"attachment-large size-large wp-image-3656\" alt=\"\" \/>\t\t\t\t\t\t\t\t\t\t\t\t\t\t\t<\/div>\n\t\t\t\t<\/div>\n\t\t\t\t\t<\/div>\n\t\t<\/div>\n\t\t\t\t\t<\/div>\n\t\t<\/section>\n\t\t\t\t<section class=\"elementor-section elementor-top-section elementor-element elementor-element-7d87644 elementor-section-boxed elementor-section-height-default elementor-section-height-default\" data-id=\"7d87644\" data-element_type=\"section\" data-e-type=\"section\">\n\t\t\t\t\t\t<div class=\"elementor-container elementor-column-gap-default\">\n\t\t\t\t\t<div class=\"elementor-column elementor-col-100 elementor-top-column elementor-element elementor-element-b068cef\" data-id=\"b068cef\" data-element_type=\"column\" data-e-type=\"column\">\n\t\t\t<div class=\"elementor-widget-wrap elementor-element-populated\">\n\t\t\t\t\t\t<div class=\"elementor-element elementor-element-7fa62d6 elementor-widget elementor-widget-heading\" data-id=\"7fa62d6\" data-element_type=\"widget\" data-e-type=\"widget\" data-widget_type=\"heading.default\">\n\t\t\t\t<div class=\"elementor-widget-container\">\n\t\t\t\t\t<h2 class=\"elementor-heading-title elementor-size-default\">Parlons de notre principal service d'aventure \u00e0 Mallorca: Mon d'Aventura.<\/h2>\t\t\t\t<\/div>\n\t\t\t\t<\/div>\n\t\t\t\t\t<\/div>\n\t\t<\/div>\n\t\t\t\t\t<\/div>\n\t\t<\/section>\n\t\t\t\t<section class=\"elementor-section elementor-top-section elementor-element elementor-element-68a9e21 elementor-section-boxed elementor-section-height-default elementor-section-height-default\" data-id=\"68a9e21\" data-element_type=\"section\" data-e-type=\"section\">\n\t\t\t\t\t\t<div class=\"elementor-container elementor-column-gap-default\">\n\t\t\t\t\t<div class=\"elementor-column elementor-col-100 elementor-top-column elementor-element elementor-element-43767c7\" data-id=\"43767c7\" data-element_type=\"column\" data-e-type=\"column\">\n\t\t\t<div class=\"elementor-widget-wrap elementor-element-populated\">\n\t\t\t\t\t\t<div class=\"elementor-element elementor-element-20402a1 elementor-widget elementor-widget-text-editor\" data-id=\"20402a1\" data-element_type=\"widget\" data-e-type=\"widget\" data-widget_type=\"text-editor.default\">\n\t\t\t\t<div class=\"elementor-widget-container\">\n\t\t\t\t\t\t\t\t\t<p>Mon d&#8217;Aventura propose une gamme vari\u00e9e d&#8217;activit\u00e9s de plein air passionnantes \u00e0 Mallorca, ainsi que de l&#8217;escalade. Avec leur \u00e9quipe d&#8217;experts, vous pourrez voir tous les paysages incroyables que les montagnes de Tramuntana et d&#8217;autres ont \u00e0 offrir:<\/p><p><strong>Kayak \u00e0 Mallorca:<\/strong> Explorez le magnifique littoral et les eaux cristallines de Mallorca en kayak. Pagayez le long de c\u00f4tes pittoresques et d\u00e9couvrez des criques cach\u00e9es et des paysages magnifiques.<\/p><p><strong>Coasteering et saut de falaise:<\/strong> faites l&#8217;exp\u00e9rience du coasteering, une activit\u00e9 unique qui combine la natation, l&#8217;escalade et le saut de falaise. Traversez des c\u00f4tes accident\u00e9es, explorez des grottes marines et faites des sauts audacieux dans la mer.<\/p><p><strong>Excursion en bateau dans la<\/strong> <strong>grotte<\/strong> <strong>bleue:<\/strong> embarquez pour une excursion en bateau vers la fascinante grotte bleue. Assistez au jeu captivant de la lumi\u00e8re et de l&#8217;eau dans les teintes bleues saisissantes de la grotte, cr\u00e9ant ainsi une exp\u00e9rience magique et m\u00e9morable.<\/p><p><strong>Escalade en eau profonde et en solitaire:<\/strong> Testez vos talents d&#8217;escaladeur sur les c\u00e9l\u00e8bres falaises de Mallorca. Vivez l&#8217;aventure de l&#8217;escalade en solitaire en eau profonde, o\u00f9 vous grimpez sans corde au-dessus de l&#8217;eau profonde, ce qui ajoute un niveau d&#8217;excitation suppl\u00e9mentaire.<\/p><p><strong>Grottes d&#8217;eau et sp\u00e9l\u00e9ologie:<\/strong> plongez dans le monde de la sp\u00e9l\u00e9ologie et explorez des grottes d&#8217;eau souterraines complexes. D\u00e9couvrez les merveilles g\u00e9ologiques de Mallorca en empruntant des passages souterrains et en vous \u00e9merveillant devant des formations rocheuses uniques.<\/p>\t\t\t\t\t\t\t\t<\/div>\n\t\t\t\t<\/div>\n\t\t\t\t\t<\/div>\n\t\t<\/div>\n\t\t\t\t\t<\/div>\n\t\t<\/section>\n\t\t\t\t<section class=\"elementor-section elementor-top-section elementor-element elementor-element-9ca8aa0 elementor-section-boxed elementor-section-height-default elementor-section-height-default\" data-id=\"9ca8aa0\" data-element_type=\"section\" data-e-type=\"section\">\n\t\t\t\t\t\t<div class=\"elementor-container elementor-column-gap-default\">\n\t\t\t\t\t<div class=\"elementor-column elementor-col-100 elementor-top-column elementor-element elementor-element-a139516\" data-id=\"a139516\" data-element_type=\"column\" data-e-type=\"column\">\n\t\t\t<div class=\"elementor-widget-wrap elementor-element-populated\">\n\t\t\t\t\t\t<div class=\"elementor-element elementor-element-0c9a3c6 elementor-widget elementor-widget-video\" data-id=\"0c9a3c6\" data-element_type=\"widget\" data-e-type=\"widget\" data-settings=\"{&quot;youtube_url&quot;:&quot;https:\\\/\\\/www.youtube.com\\\/watch?v=5sYqKXxt_gA&amp;t=5s&quot;,&quot;video_type&quot;:&quot;youtube&quot;,&quot;controls&quot;:&quot;yes&quot;}\" data-widget_type=\"video.default\">\n\t\t\t\t<div class=\"elementor-widget-container\">\n\t\t\t\t\t\t\t<div class=\"elementor-wrapper elementor-open-inline\">\n\t\t\t<div class=\"elementor-video\"><\/div>\t\t<\/div>\n\t\t\t\t\t\t<\/div>\n\t\t\t\t<\/div>\n\t\t\t\t\t<\/div>\n\t\t<\/div>\n\t\t\t\t\t<\/div>\n\t\t<\/section>\n\t\t\t\t<section class=\"elementor-section elementor-top-section elementor-element elementor-element-1c379c0 elementor-section-boxed elementor-section-height-default elementor-section-height-default\" data-id=\"1c379c0\" data-element_type=\"section\" data-e-type=\"section\">\n\t\t\t\t\t\t<div class=\"elementor-container elementor-column-gap-default\">\n\t\t\t\t\t<div class=\"elementor-column elementor-col-100 elementor-top-column elementor-element elementor-element-92b7f48\" data-id=\"92b7f48\" data-element_type=\"column\" data-e-type=\"column\">\n\t\t\t<div class=\"elementor-widget-wrap elementor-element-populated\">\n\t\t\t\t\t\t<div class=\"elementor-element elementor-element-0e8cbd0 elementor-widget elementor-widget-text-editor\" data-id=\"0e8cbd0\" data-element_type=\"widget\" data-e-type=\"widget\" data-widget_type=\"text-editor.default\">\n\t\t\t\t<div class=\"elementor-widget-container\">\n\t\t\t\t\t\t\t\t\t<p>Les offres de Mon d&#8217;Aventura promettent un m\u00e9lange d&#8217;adr\u00e9naline, d&#8217;exploration et de connexion avec la nature, le tout dans les magnifiques paysages de Mallorca. Que vous soyez \u00e0 la recherche d&#8217;une pouss\u00e9e d&#8217;adr\u00e9naline, d&#8217;une exp\u00e9rience tranquille en kayak ou du frisson du saut d&#8217;une falaise, leurs diverses activit\u00e9s r\u00e9pondent \u00e0 une grande vari\u00e9t\u00e9 de pr\u00e9f\u00e9rences en mati\u00e8re d&#8217;aventure.<\/p><p>Si vous r\u00e9servez au nom de Ideal Property Mallorca, vous b\u00e9n\u00e9ficierez d&#8217;une offre sp\u00e9ciale de <strong>5 %<\/strong>!<\/p>\t\t\t\t\t\t\t\t<\/div>\n\t\t\t\t<\/div>\n\t\t\t\t\t<\/div>\n\t\t<\/div>\n\t\t\t\t\t<\/div>\n\t\t<\/section>\n\t\t\t\t<section class=\"elementor-section elementor-top-section elementor-element elementor-element-19c8623 elementor-section-boxed elementor-section-height-default elementor-section-height-default\" data-id=\"19c8623\" data-element_type=\"section\" data-e-type=\"section\">\n\t\t\t\t\t\t<div class=\"elementor-container elementor-column-gap-default\">\n\t\t\t\t\t<div class=\"elementor-column elementor-col-100 elementor-top-column elementor-element elementor-element-a993f03\" data-id=\"a993f03\" data-element_type=\"column\" data-e-type=\"column\">\n\t\t\t<div class=\"elementor-widget-wrap elementor-element-populated\">\n\t\t\t\t\t\t<div class=\"elementor-element elementor-element-016fdf6 elementor-align-center elementor-widget elementor-widget-button\" data-id=\"016fdf6\" data-element_type=\"widget\" data-e-type=\"widget\" data-widget_type=\"button.default\">\n\t\t\t\t<div class=\"elementor-widget-container\">\n\t\t\t\t\t\t\t\t\t<div class=\"elementor-button-wrapper\">\n\t\t\t\t\t<a class=\"elementor-button elementor-button-link elementor-size-sm\" href=\"https:\/\/www.reservaonline.support\/monaventura\/bs\/index.html?&#038;Cod=CA-53851\">\n\t\t\t\t\t\t<span class=\"elementor-button-content-wrapper\">\n\t\t\t\t\t\t\t\t\t<span class=\"elementor-button-text\">R\u00e9servez d\u00e8s maintenant la meilleure aventure<\/span>\n\t\t\t\t\t<\/span>\n\t\t\t\t\t<\/a>\n\t\t\t\t<\/div>\n\t\t\t\t\t\t\t\t<\/div>\n\t\t\t\t<\/div>\n\t\t\t\t\t<\/div>\n\t\t<\/div>\n\t\t\t\t\t<\/div>\n\t\t<\/section>\n\t\t\t\t<section class=\"elementor-section elementor-top-section elementor-element elementor-element-94cf541 elementor-section-boxed elementor-section-height-default elementor-section-height-default\" data-id=\"94cf541\" data-element_type=\"section\" data-e-type=\"section\">\n\t\t\t\t\t\t<div class=\"elementor-container elementor-column-gap-default\">\n\t\t\t\t\t<div class=\"elementor-column elementor-col-100 elementor-top-column elementor-element elementor-element-be6083e\" data-id=\"be6083e\" data-element_type=\"column\" data-e-type=\"column\">\n\t\t\t<div class=\"elementor-widget-wrap elementor-element-populated\">\n\t\t\t\t\t\t<div class=\"elementor-element elementor-element-8616c94 elementor-widget elementor-widget-heading\" data-id=\"8616c94\" data-element_type=\"widget\" data-e-type=\"widget\" data-widget_type=\"heading.default\">\n\t\t\t\t<div class=\"elementor-widget-container\">\n\t\t\t\t\t<h2 class=\"elementor-heading-title elementor-size-default\">Les aventures les plus incroyables avec Mon d'Aventura.<\/h2>\t\t\t\t<\/div>\n\t\t\t\t<\/div>\n\t\t\t\t\t<\/div>\n\t\t<\/div>\n\t\t\t\t\t<\/div>\n\t\t<\/section>\n\t\t\t\t<section class=\"elementor-section elementor-top-section elementor-element elementor-element-cdab873 elementor-section-boxed elementor-section-height-default elementor-section-height-default\" data-id=\"cdab873\" data-element_type=\"section\" data-e-type=\"section\">\n\t\t\t\t\t\t<div class=\"elementor-container elementor-column-gap-default\">\n\t\t\t\t\t<div class=\"elementor-column elementor-col-100 elementor-top-column elementor-element elementor-element-9ace828\" data-id=\"9ace828\" data-element_type=\"column\" data-e-type=\"column\">\n\t\t\t<div class=\"elementor-widget-wrap elementor-element-populated\">\n\t\t\t\t\t\t<div class=\"elementor-element elementor-element-34c59ac elementor-widget elementor-widget-text-editor\" data-id=\"34c59ac\" data-element_type=\"widget\" data-e-type=\"widget\" data-widget_type=\"text-editor.default\">\n\t\t\t\t<div class=\"elementor-widget-container\">\n\t\t\t\t\t\t\t\t\t<p>En bref, Mallorca, avec ses paysages \u00e0 couper le souffle, est un paradis pour tous les amateurs de voyages et d&#8217;aventures. La visite de la Serra de Tramuntana est une immersion dans le c\u0153ur et l&#8217;\u00e2me de Mallorca, o\u00f9 les merveilles naturelles, le patrimoine culturel et les aventures en plein air se rencontrent. C&#8217;est un voyage qui r\u00e9v\u00e8le les multiples facettes de la beaut\u00e9 de l&#8217;\u00eele et qui laisse une trace ind\u00e9l\u00e9bile dans la m\u00e9moire de chaque voyageur. Le climat chaud de l&#8217;\u00eele et la douce brise marine cr\u00e9ent des conditions id\u00e9ales tout au long de l&#8217;ann\u00e9e, vous invitant \u00e0 explorer des criques cach\u00e9es, \u00e0 chevaucher les vagues et \u00e0 vous immerger dans la beaut\u00e9 de ce paradis. Que vous soyez d\u00e9butant ou sportif exp\u00e9riment\u00e9, l&#8217;infrastructure bien d\u00e9velopp\u00e9e de Mallorca, les instructeurs exp\u00e9riment\u00e9s et les paysages naturels \u00e0 couper le souffle vous garantissent une exp\u00e9rience inoubliable et palpitante \u00e0 chaque fois que vous vous \u00e9lancez sur la Sierra.<br \/>Ideal Property Mallorca propose un large \u00e9ventail de locations de vacances \u00e0 proximit\u00e9 des montagnes de Tramuntana. Faire de l&#8217;escalade pendant une journ\u00e9e enti\u00e8re sous un soleil de plomb peut s&#8217;av\u00e9rer difficile, et il est important de noter l&#8217;importance d&#8217;avoir un h\u00e9bergement confortable \u00e0 proximit\u00e9 des montagnes de Tramuntana.<\/p>\t\t\t\t\t\t\t\t<\/div>\n\t\t\t\t<\/div>\n\t\t\t\t<div class=\"elementor-element elementor-element-6347e2e elementor-widget elementor-widget-text-editor\" data-id=\"6347e2e\" data-element_type=\"widget\" data-e-type=\"widget\" data-widget_type=\"text-editor.default\">\n\t\t\t\t<div class=\"elementor-widget-container\">\n\t\t\t\t\t\t\t\t\t<p><strong>Si vous voulez en savoir plus sur ce qu&#8217;il faut faire dans la Sierra Tramuntana, nous avons quelques <a href=\"https:\/\/www.idealpropertymallorca.com\/blog\/es\/guia-de-los-12-lugares-mas-increibles-que-ver-en-pollensa\/\">conseils <\/a>\u00e0 vous donner \u00e0 Pollensa, situ\u00e9e dans la cha\u00eene de montagnes de la Sierra Tramuntana.<\/strong><\/p><p><strong>Pour que votre exp\u00e9rience soit des plus agr\u00e9ables, nous vous recommandons d&#8217;opter pour l&#8217;une de nos superbes locations disponibles pr\u00e8s de la Sierra Tramuntana :<\/strong><\/p>\t\t\t\t\t\t\t\t<\/div>\n\t\t\t\t<\/div>\n\t\t\t\t\t<\/div>\n\t\t<\/div>\n\t\t\t\t\t<\/div>\n\t\t<\/section>\n\t\t\t\t<section class=\"elementor-section elementor-top-section elementor-element elementor-element-367da325 elementor-section-boxed elementor-section-height-default elementor-section-height-default\" data-id=\"367da325\" data-element_type=\"section\" data-e-type=\"section\">\n\t\t\t\t\t\t<div class=\"elementor-container elementor-column-gap-default\">\n\t\t\t\t\t<div class=\"elementor-column elementor-col-33 elementor-top-column elementor-element elementor-element-491a7ede\" data-id=\"491a7ede\" data-element_type=\"column\" data-e-type=\"column\" data-settings=\"{&quot;background_background&quot;:&quot;classic&quot;}\">\n\t\t\t<div class=\"elementor-widget-wrap elementor-element-populated\">\n\t\t\t\t\t\t<div class=\"elementor-element elementor-element-44f3b0a elementor-align-center elementor-widget elementor-widget-button\" data-id=\"44f3b0a\" data-element_type=\"widget\" data-e-type=\"widget\" data-widget_type=\"button.default\">\n\t\t\t\t<div class=\"elementor-widget-container\">\n\t\t\t\t\t\t\t\t\t<div class=\"elementor-button-wrapper\">\n\t\t\t\t\t<a class=\"elementor-button elementor-button-link elementor-size-sm\" href=\"https:\/\/www.idealpropertymallorca.com\/fr\/alcudia-finca\/\">\n\t\t\t\t\t\t<span class=\"elementor-button-content-wrapper\">\n\t\t\t\t\t\t\t\t\t<span class=\"elementor-button-text\">Domaines \u00e0 Alcudia<\/span>\n\t\t\t\t\t<\/span>\n\t\t\t\t\t<\/a>\n\t\t\t\t<\/div>\n\t\t\t\t\t\t\t\t<\/div>\n\t\t\t\t<\/div>\n\t\t\t\t\t<\/div>\n\t\t<\/div>\n\t\t\t\t<div class=\"elementor-column elementor-col-33 elementor-top-column elementor-element elementor-element-418b5cf2\" data-id=\"418b5cf2\" data-element_type=\"column\" data-e-type=\"column\" data-settings=\"{&quot;background_background&quot;:&quot;classic&quot;}\">\n\t\t\t<div class=\"elementor-widget-wrap elementor-element-populated\">\n\t\t\t\t\t\t<div class=\"elementor-element elementor-element-17c798a0 elementor-align-center elementor-widget elementor-widget-button\" data-id=\"17c798a0\" data-element_type=\"widget\" data-e-type=\"widget\" data-widget_type=\"button.default\">\n\t\t\t\t<div class=\"elementor-widget-container\">\n\t\t\t\t\t\t\t\t\t<div class=\"elementor-button-wrapper\">\n\t\t\t\t\t<a class=\"elementor-button elementor-button-link elementor-size-sm\" href=\"https:\/\/www.idealpropertymallorca.com\/fr\/location-appartement-alcudia\">\n\t\t\t\t\t\t<span class=\"elementor-button-content-wrapper\">\n\t\t\t\t\t\t\t\t\t<span class=\"elementor-button-text\">Appartements \u00e0 Alc\u00fadia<\/span>\n\t\t\t\t\t<\/span>\n\t\t\t\t\t<\/a>\n\t\t\t\t<\/div>\n\t\t\t\t\t\t\t\t<\/div>\n\t\t\t\t<\/div>\n\t\t\t\t\t<\/div>\n\t\t<\/div>\n\t\t\t\t<div class=\"elementor-column elementor-col-33 elementor-top-column elementor-element elementor-element-70473b7a\" data-id=\"70473b7a\" data-element_type=\"column\" data-e-type=\"column\" data-settings=\"{&quot;background_background&quot;:&quot;classic&quot;}\">\n\t\t\t<div class=\"elementor-widget-wrap elementor-element-populated\">\n\t\t\t\t\t\t<div class=\"elementor-element elementor-element-53d5019b elementor-align-center elementor-widget elementor-widget-button\" data-id=\"53d5019b\" data-element_type=\"widget\" data-e-type=\"widget\" data-widget_type=\"button.default\">\n\t\t\t\t<div class=\"elementor-widget-container\">\n\t\t\t\t\t\t\t\t\t<div class=\"elementor-button-wrapper\">\n\t\t\t\t\t<a class=\"elementor-button elementor-button-link elementor-size-sm\" href=\"https:\/\/www.idealpropertymallorca.com\/fr\/location-maison-alcudia\">\n\t\t\t\t\t\t<span class=\"elementor-button-content-wrapper\">\n\t\t\t\t\t\t\t\t\t<span class=\"elementor-button-text\">Maisons de vacances \u00e0 Alcudia<\/span>\n\t\t\t\t\t<\/span>\n\t\t\t\t\t<\/a>\n\t\t\t\t<\/div>\n\t\t\t\t\t\t\t\t<\/div>\n\t\t\t\t<\/div>\n\t\t\t\t\t<\/div>\n\t\t<\/div>\n\t\t\t\t\t<\/div>\n\t\t<\/section>\n\t\t\t\t<\/div>\n\t\t","protected":false},"excerpt":{"rendered":"<p>Embarquez pour une aventure rocheuse sans pr\u00e9c\u00e9dent \u00e0 Mallorca avec Mon d&#8217;Aventura. Partez \u00e0 la conqu\u00eate de falaises majestueuses, escaladez des parois rocheuses abruptes, plongez et p\u00e9n\u00e9trez dans des grottes exotiques et faites l&#8217;exp\u00e9rience de la mont\u00e9e d&#8217;adr\u00e9naline que procure l&#8217;exploration verticale. Si vous \u00eates un v\u00e9ritable aventurier et que vous voulez voir des choses [&hellip;]<\/p>\n","protected":false},"author":9,"featured_media":14459,"comment_status":"open","ping_status":"open","sticky":false,"template":"","format":"standard","meta":{"footnotes":""},"categories":[738],"tags":[],"class_list":["post-14448","post","type-post","status-publish","format-standard","has-post-thumbnail","hentry","category-activites-pour-la-famille"],"yoast_head":"<!-- This site is optimized with the Yoast SEO plugin v27.4 - https:\/\/yoast.com\/product\/yoast-seo-wordpress\/ -->\n<title>Mon d&#039;Aventura Mallorca: Vivez une aventure unique<\/title>\n<meta name=\"description\" content=\"D\u00e9couvrez des aventures passionnantes dans les montagnes de Tramuntana avec Mon d&#039;Aventura Mallorca - r\u00e9servez d\u00e8s maintenant!\" \/>\n<meta name=\"robots\" content=\"index, follow, max-snippet:-1, max-image-preview:large, max-video-preview:-1\" \/>\n<link rel=\"canonical\" href=\"https:\/\/www.idealpropertymallorca.com\/blog\/fr\/mon-daventura-aventures-inoubliables-sur-le-camino\/\" \/>\n<meta property=\"og:locale\" content=\"fr_FR\" \/>\n<meta property=\"og:type\" content=\"article\" \/>\n<meta property=\"og:title\" content=\"Mon d&#039;Aventura Mallorca: Vivez une aventure unique\" \/>\n<meta property=\"og:description\" content=\"D\u00e9couvrez des aventures passionnantes dans les montagnes de Tramuntana avec Mon d&#039;Aventura Mallorca - r\u00e9servez d\u00e8s maintenant!\" \/>\n<meta property=\"og:url\" content=\"https:\/\/www.idealpropertymallorca.com\/blog\/fr\/mon-daventura-aventures-inoubliables-sur-le-camino\/\" \/>\n<meta property=\"og:site_name\" content=\"Majorca Blog\" \/>\n<meta property=\"article:published_time\" content=\"2024-11-05T13:42:24+00:00\" \/>\n<meta property=\"article:modified_time\" content=\"2025-03-07T11:48:18+00:00\" \/>\n<meta property=\"og:image\" content=\"https:\/\/www.idealpropertymallorca.com\/blog\/wp-content\/uploads\/2022\/04\/Rock-climbing-girl-in-Mallorca.jpg\" \/>\n\t<meta property=\"og:image:width\" content=\"1920\" \/>\n\t<meta property=\"og:image:height\" content=\"500\" \/>\n\t<meta property=\"og:image:type\" content=\"image\/jpeg\" \/>\n<meta name=\"author\" content=\"Tatiana\" \/>\n<meta name=\"twitter:card\" content=\"summary_large_image\" \/>\n<meta name=\"twitter:label1\" content=\"Written by\" \/>\n\t<meta name=\"twitter:data1\" content=\"Tatiana\" \/>\n\t<meta name=\"twitter:label2\" content=\"Est. reading time\" \/>\n\t<meta name=\"twitter:data2\" content=\"7 minutes\" \/>\n<script type=\"application\/ld+json\" class=\"yoast-schema-graph\">{\"@context\":\"https:\\\/\\\/schema.org\",\"@graph\":[{\"@type\":\"Article\",\"@id\":\"https:\\\/\\\/www.idealpropertymallorca.com\\\/blog\\\/fr\\\/mon-daventura-aventures-inoubliables-sur-le-camino\\\/#article\",\"isPartOf\":{\"@id\":\"https:\\\/\\\/www.idealpropertymallorca.com\\\/blog\\\/fr\\\/mon-daventura-aventures-inoubliables-sur-le-camino\\\/\"},\"author\":{\"name\":\"Tatiana\",\"@id\":\"https:\\\/\\\/www.idealpropertymallorca.com\\\/blog\\\/fr\\\/#\\\/schema\\\/person\\\/3e6672008494e754197397c523aac13d\"},\"headline\":\"Mon d&#8217;Aventura: Aventures inoubliables sur le Camino\",\"datePublished\":\"2024-11-05T13:42:24+00:00\",\"dateModified\":\"2025-03-07T11:48:18+00:00\",\"mainEntityOfPage\":{\"@id\":\"https:\\\/\\\/www.idealpropertymallorca.com\\\/blog\\\/fr\\\/mon-daventura-aventures-inoubliables-sur-le-camino\\\/\"},\"wordCount\":1366,\"commentCount\":0,\"publisher\":{\"@id\":\"https:\\\/\\\/www.idealpropertymallorca.com\\\/blog\\\/fr\\\/#organization\"},\"image\":{\"@id\":\"https:\\\/\\\/www.idealpropertymallorca.com\\\/blog\\\/fr\\\/mon-daventura-aventures-inoubliables-sur-le-camino\\\/#primaryimage\"},\"thumbnailUrl\":\"https:\\\/\\\/www.idealpropertymallorca.com\\\/blog\\\/wp-content\\\/uploads\\\/2022\\\/04\\\/Rock-climbing-girl-in-Mallorca.jpg\",\"articleSection\":[\"Activit\u00e9s pour la famille\"],\"inLanguage\":\"fr\",\"potentialAction\":[{\"@type\":\"CommentAction\",\"name\":\"Comment\",\"target\":[\"https:\\\/\\\/www.idealpropertymallorca.com\\\/blog\\\/fr\\\/mon-daventura-aventures-inoubliables-sur-le-camino\\\/#respond\"]}]},{\"@type\":\"WebPage\",\"@id\":\"https:\\\/\\\/www.idealpropertymallorca.com\\\/blog\\\/fr\\\/mon-daventura-aventures-inoubliables-sur-le-camino\\\/\",\"url\":\"https:\\\/\\\/www.idealpropertymallorca.com\\\/blog\\\/fr\\\/mon-daventura-aventures-inoubliables-sur-le-camino\\\/\",\"name\":\"Mon d'Aventura Mallorca: Vivez une aventure unique\",\"isPartOf\":{\"@id\":\"https:\\\/\\\/www.idealpropertymallorca.com\\\/blog\\\/fr\\\/#website\"},\"primaryImageOfPage\":{\"@id\":\"https:\\\/\\\/www.idealpropertymallorca.com\\\/blog\\\/fr\\\/mon-daventura-aventures-inoubliables-sur-le-camino\\\/#primaryimage\"},\"image\":{\"@id\":\"https:\\\/\\\/www.idealpropertymallorca.com\\\/blog\\\/fr\\\/mon-daventura-aventures-inoubliables-sur-le-camino\\\/#primaryimage\"},\"thumbnailUrl\":\"https:\\\/\\\/www.idealpropertymallorca.com\\\/blog\\\/wp-content\\\/uploads\\\/2022\\\/04\\\/Rock-climbing-girl-in-Mallorca.jpg\",\"datePublished\":\"2024-11-05T13:42:24+00:00\",\"dateModified\":\"2025-03-07T11:48:18+00:00\",\"description\":\"D\u00e9couvrez des aventures passionnantes dans les montagnes de Tramuntana avec Mon d'Aventura Mallorca - r\u00e9servez d\u00e8s maintenant!\",\"inLanguage\":\"fr\",\"potentialAction\":[{\"@type\":\"ReadAction\",\"target\":[\"https:\\\/\\\/www.idealpropertymallorca.com\\\/blog\\\/fr\\\/mon-daventura-aventures-inoubliables-sur-le-camino\\\/\"]}]},{\"@type\":\"ImageObject\",\"inLanguage\":\"fr\",\"@id\":\"https:\\\/\\\/www.idealpropertymallorca.com\\\/blog\\\/fr\\\/mon-daventura-aventures-inoubliables-sur-le-camino\\\/#primaryimage\",\"url\":\"https:\\\/\\\/www.idealpropertymallorca.com\\\/blog\\\/wp-content\\\/uploads\\\/2022\\\/04\\\/Rock-climbing-girl-in-Mallorca.jpg\",\"contentUrl\":\"https:\\\/\\\/www.idealpropertymallorca.com\\\/blog\\\/wp-content\\\/uploads\\\/2022\\\/04\\\/Rock-climbing-girl-in-Mallorca.jpg\",\"width\":1920,\"height\":500},{\"@type\":\"WebSite\",\"@id\":\"https:\\\/\\\/www.idealpropertymallorca.com\\\/blog\\\/fr\\\/#website\",\"url\":\"https:\\\/\\\/www.idealpropertymallorca.com\\\/blog\\\/fr\\\/\",\"name\":\"Majorca Blog\",\"description\":\"Find relevant tourist information to see and do on the island of Mallorca during your holiday. Discover the best places and tips!\",\"publisher\":{\"@id\":\"https:\\\/\\\/www.idealpropertymallorca.com\\\/blog\\\/fr\\\/#organization\"},\"potentialAction\":[{\"@type\":\"SearchAction\",\"target\":{\"@type\":\"EntryPoint\",\"urlTemplate\":\"https:\\\/\\\/www.idealpropertymallorca.com\\\/blog\\\/fr\\\/?s={search_term_string}\"},\"query-input\":{\"@type\":\"PropertyValueSpecification\",\"valueRequired\":true,\"valueName\":\"search_term_string\"}}],\"inLanguage\":\"fr\"},{\"@type\":\"Organization\",\"@id\":\"https:\\\/\\\/www.idealpropertymallorca.com\\\/blog\\\/fr\\\/#organization\",\"name\":\"Majorca Blog\",\"url\":\"https:\\\/\\\/www.idealpropertymallorca.com\\\/blog\\\/fr\\\/\",\"logo\":{\"@type\":\"ImageObject\",\"inLanguage\":\"fr\",\"@id\":\"https:\\\/\\\/www.idealpropertymallorca.com\\\/blog\\\/fr\\\/#\\\/schema\\\/logo\\\/image\\\/\",\"url\":\"https:\\\/\\\/www.idealpropertymallorca.com\\\/blog\\\/wp-content\\\/uploads\\\/2024\\\/10\\\/ideal-property-mallorca-blue-mobile.png\",\"contentUrl\":\"https:\\\/\\\/www.idealpropertymallorca.com\\\/blog\\\/wp-content\\\/uploads\\\/2024\\\/10\\\/ideal-property-mallorca-blue-mobile.png\",\"width\":500,\"height\":150,\"caption\":\"Majorca Blog\"},\"image\":{\"@id\":\"https:\\\/\\\/www.idealpropertymallorca.com\\\/blog\\\/fr\\\/#\\\/schema\\\/logo\\\/image\\\/\"}},{\"@type\":\"Person\",\"@id\":\"https:\\\/\\\/www.idealpropertymallorca.com\\\/blog\\\/fr\\\/#\\\/schema\\\/person\\\/3e6672008494e754197397c523aac13d\",\"name\":\"Tatiana\",\"image\":{\"@type\":\"ImageObject\",\"inLanguage\":\"fr\",\"@id\":\"https:\\\/\\\/secure.gravatar.com\\\/avatar\\\/d1f7a61926f15609398032f2f6a1b823942e417fe09d2f38c4cf50bc1d193691?s=96&d=mm&r=g\",\"url\":\"https:\\\/\\\/secure.gravatar.com\\\/avatar\\\/d1f7a61926f15609398032f2f6a1b823942e417fe09d2f38c4cf50bc1d193691?s=96&d=mm&r=g\",\"contentUrl\":\"https:\\\/\\\/secure.gravatar.com\\\/avatar\\\/d1f7a61926f15609398032f2f6a1b823942e417fe09d2f38c4cf50bc1d193691?s=96&d=mm&r=g\",\"caption\":\"Tatiana\"}}]}<\/script>\n<!-- \/ Yoast SEO plugin. -->","yoast_head_json":{"title":"Mon d'Aventura Mallorca: Vivez une aventure unique","description":"D\u00e9couvrez des aventures passionnantes dans les montagnes de Tramuntana avec Mon d'Aventura Mallorca - r\u00e9servez d\u00e8s maintenant!","robots":{"index":"index","follow":"follow","max-snippet":"max-snippet:-1","max-image-preview":"max-image-preview:large","max-video-preview":"max-video-preview:-1"},"canonical":"https:\/\/www.idealpropertymallorca.com\/blog\/fr\/mon-daventura-aventures-inoubliables-sur-le-camino\/","og_locale":"fr_FR","og_type":"article","og_title":"Mon d'Aventura Mallorca: Vivez une aventure unique","og_description":"D\u00e9couvrez des aventures passionnantes dans les montagnes de Tramuntana avec Mon d'Aventura Mallorca - r\u00e9servez d\u00e8s maintenant!","og_url":"https:\/\/www.idealpropertymallorca.com\/blog\/fr\/mon-daventura-aventures-inoubliables-sur-le-camino\/","og_site_name":"Majorca Blog","article_published_time":"2024-11-05T13:42:24+00:00","article_modified_time":"2025-03-07T11:48:18+00:00","og_image":[{"width":1920,"height":500,"url":"https:\/\/www.idealpropertymallorca.com\/blog\/wp-content\/uploads\/2022\/04\/Rock-climbing-girl-in-Mallorca.jpg","type":"image\/jpeg"}],"author":"Tatiana","twitter_card":"summary_large_image","twitter_misc":{"Written by":"Tatiana","Est. reading time":"7 minutes"},"schema":{"@context":"https:\/\/schema.org","@graph":[{"@type":"Article","@id":"https:\/\/www.idealpropertymallorca.com\/blog\/fr\/mon-daventura-aventures-inoubliables-sur-le-camino\/#article","isPartOf":{"@id":"https:\/\/www.idealpropertymallorca.com\/blog\/fr\/mon-daventura-aventures-inoubliables-sur-le-camino\/"},"author":{"name":"Tatiana","@id":"https:\/\/www.idealpropertymallorca.com\/blog\/fr\/#\/schema\/person\/3e6672008494e754197397c523aac13d"},"headline":"Mon d&#8217;Aventura: Aventures inoubliables sur le Camino","datePublished":"2024-11-05T13:42:24+00:00","dateModified":"2025-03-07T11:48:18+00:00","mainEntityOfPage":{"@id":"https:\/\/www.idealpropertymallorca.com\/blog\/fr\/mon-daventura-aventures-inoubliables-sur-le-camino\/"},"wordCount":1366,"commentCount":0,"publisher":{"@id":"https:\/\/www.idealpropertymallorca.com\/blog\/fr\/#organization"},"image":{"@id":"https:\/\/www.idealpropertymallorca.com\/blog\/fr\/mon-daventura-aventures-inoubliables-sur-le-camino\/#primaryimage"},"thumbnailUrl":"https:\/\/www.idealpropertymallorca.com\/blog\/wp-content\/uploads\/2022\/04\/Rock-climbing-girl-in-Mallorca.jpg","articleSection":["Activit\u00e9s pour la famille"],"inLanguage":"fr","potentialAction":[{"@type":"CommentAction","name":"Comment","target":["https:\/\/www.idealpropertymallorca.com\/blog\/fr\/mon-daventura-aventures-inoubliables-sur-le-camino\/#respond"]}]},{"@type":"WebPage","@id":"https:\/\/www.idealpropertymallorca.com\/blog\/fr\/mon-daventura-aventures-inoubliables-sur-le-camino\/","url":"https:\/\/www.idealpropertymallorca.com\/blog\/fr\/mon-daventura-aventures-inoubliables-sur-le-camino\/","name":"Mon d'Aventura Mallorca: Vivez une aventure unique","isPartOf":{"@id":"https:\/\/www.idealpropertymallorca.com\/blog\/fr\/#website"},"primaryImageOfPage":{"@id":"https:\/\/www.idealpropertymallorca.com\/blog\/fr\/mon-daventura-aventures-inoubliables-sur-le-camino\/#primaryimage"},"image":{"@id":"https:\/\/www.idealpropertymallorca.com\/blog\/fr\/mon-daventura-aventures-inoubliables-sur-le-camino\/#primaryimage"},"thumbnailUrl":"https:\/\/www.idealpropertymallorca.com\/blog\/wp-content\/uploads\/2022\/04\/Rock-climbing-girl-in-Mallorca.jpg","datePublished":"2024-11-05T13:42:24+00:00","dateModified":"2025-03-07T11:48:18+00:00","description":"D\u00e9couvrez des aventures passionnantes dans les montagnes de Tramuntana avec Mon d'Aventura Mallorca - r\u00e9servez d\u00e8s maintenant!","inLanguage":"fr","potentialAction":[{"@type":"ReadAction","target":["https:\/\/www.idealpropertymallorca.com\/blog\/fr\/mon-daventura-aventures-inoubliables-sur-le-camino\/"]}]},{"@type":"ImageObject","inLanguage":"fr","@id":"https:\/\/www.idealpropertymallorca.com\/blog\/fr\/mon-daventura-aventures-inoubliables-sur-le-camino\/#primaryimage","url":"https:\/\/www.idealpropertymallorca.com\/blog\/wp-content\/uploads\/2022\/04\/Rock-climbing-girl-in-Mallorca.jpg","contentUrl":"https:\/\/www.idealpropertymallorca.com\/blog\/wp-content\/uploads\/2022\/04\/Rock-climbing-girl-in-Mallorca.jpg","width":1920,"height":500},{"@type":"WebSite","@id":"https:\/\/www.idealpropertymallorca.com\/blog\/fr\/#website","url":"https:\/\/www.idealpropertymallorca.com\/blog\/fr\/","name":"Majorca Blog","description":"Find relevant tourist information to see and do on the island of Mallorca during your holiday. Discover the best places and tips!","publisher":{"@id":"https:\/\/www.idealpropertymallorca.com\/blog\/fr\/#organization"},"potentialAction":[{"@type":"SearchAction","target":{"@type":"EntryPoint","urlTemplate":"https:\/\/www.idealpropertymallorca.com\/blog\/fr\/?s={search_term_string}"},"query-input":{"@type":"PropertyValueSpecification","valueRequired":true,"valueName":"search_term_string"}}],"inLanguage":"fr"},{"@type":"Organization","@id":"https:\/\/www.idealpropertymallorca.com\/blog\/fr\/#organization","name":"Majorca Blog","url":"https:\/\/www.idealpropertymallorca.com\/blog\/fr\/","logo":{"@type":"ImageObject","inLanguage":"fr","@id":"https:\/\/www.idealpropertymallorca.com\/blog\/fr\/#\/schema\/logo\/image\/","url":"https:\/\/www.idealpropertymallorca.com\/blog\/wp-content\/uploads\/2024\/10\/ideal-property-mallorca-blue-mobile.png","contentUrl":"https:\/\/www.idealpropertymallorca.com\/blog\/wp-content\/uploads\/2024\/10\/ideal-property-mallorca-blue-mobile.png","width":500,"height":150,"caption":"Majorca Blog"},"image":{"@id":"https:\/\/www.idealpropertymallorca.com\/blog\/fr\/#\/schema\/logo\/image\/"}},{"@type":"Person","@id":"https:\/\/www.idealpropertymallorca.com\/blog\/fr\/#\/schema\/person\/3e6672008494e754197397c523aac13d","name":"Tatiana","image":{"@type":"ImageObject","inLanguage":"fr","@id":"https:\/\/secure.gravatar.com\/avatar\/d1f7a61926f15609398032f2f6a1b823942e417fe09d2f38c4cf50bc1d193691?s=96&d=mm&r=g","url":"https:\/\/secure.gravatar.com\/avatar\/d1f7a61926f15609398032f2f6a1b823942e417fe09d2f38c4cf50bc1d193691?s=96&d=mm&r=g","contentUrl":"https:\/\/secure.gravatar.com\/avatar\/d1f7a61926f15609398032f2f6a1b823942e417fe09d2f38c4cf50bc1d193691?s=96&d=mm&r=g","caption":"Tatiana"}}]}},"_links":{"self":[{"href":"https:\/\/www.idealpropertymallorca.com\/blog\/fr\/wp-json\/wp\/v2\/posts\/14448","targetHints":{"allow":["GET"]}}],"collection":[{"href":"https:\/\/www.idealpropertymallorca.com\/blog\/fr\/wp-json\/wp\/v2\/posts"}],"about":[{"href":"https:\/\/www.idealpropertymallorca.com\/blog\/fr\/wp-json\/wp\/v2\/types\/post"}],"author":[{"embeddable":true,"href":"https:\/\/www.idealpropertymallorca.com\/blog\/fr\/wp-json\/wp\/v2\/users\/9"}],"replies":[{"embeddable":true,"href":"https:\/\/www.idealpropertymallorca.com\/blog\/fr\/wp-json\/wp\/v2\/comments?post=14448"}],"version-history":[{"count":8,"href":"https:\/\/www.idealpropertymallorca.com\/blog\/fr\/wp-json\/wp\/v2\/posts\/14448\/revisions"}],"predecessor-version":[{"id":15649,"href":"https:\/\/www.idealpropertymallorca.com\/blog\/fr\/wp-json\/wp\/v2\/posts\/14448\/revisions\/15649"}],"wp:featuredmedia":[{"embeddable":true,"href":"https:\/\/www.idealpropertymallorca.com\/blog\/fr\/wp-json\/wp\/v2\/media\/14459"}],"wp:attachment":[{"href":"https:\/\/www.idealpropertymallorca.com\/blog\/fr\/wp-json\/wp\/v2\/media?parent=14448"}],"wp:term":[{"taxonomy":"category","embeddable":true,"href":"https:\/\/www.idealpropertymallorca.com\/blog\/fr\/wp-json\/wp\/v2\/categories?post=14448"},{"taxonomy":"post_tag","embeddable":true,"href":"https:\/\/www.idealpropertymallorca.com\/blog\/fr\/wp-json\/wp\/v2\/tags?post=14448"}],"curies":[{"name":"wp","href":"https:\/\/api.w.org\/{rel}","templated":true}]}}