{"id":14238,"date":"2024-10-25T12:56:31","date_gmt":"2024-10-25T12:56:31","guid":{"rendered":"https:\/\/www.idealpropertymallorca.com\/blog\/?p=14238"},"modified":"2025-03-07T11:49:18","modified_gmt":"2025-03-07T11:49:18","slug":"ou-voir-les-dauphins-a-mallorca","status":"publish","type":"post","link":"https:\/\/www.idealpropertymallorca.com\/blog\/fr\/ou-voir-les-dauphins-a-mallorca\/","title":{"rendered":"O\u00f9 voir les dauphins \u00e0 Mallorca"},"content":{"rendered":"\t\t<div data-elementor-type=\"wp-post\" data-elementor-id=\"14238\" class=\"elementor elementor-14238 elementor-12206\" data-elementor-post-type=\"post\">\n\t\t\t\t\t\t<section class=\"elementor-section elementor-top-section elementor-element elementor-element-24b6764 elementor-section-boxed elementor-section-height-default elementor-section-height-default\" data-id=\"24b6764\" data-element_type=\"section\" data-e-type=\"section\">\n\t\t\t\t\t\t<div class=\"elementor-container elementor-column-gap-default\">\n\t\t\t\t\t<div class=\"elementor-column elementor-col-100 elementor-top-column elementor-element elementor-element-76ca87b\" data-id=\"76ca87b\" data-element_type=\"column\" data-e-type=\"column\">\n\t\t\t<div class=\"elementor-widget-wrap elementor-element-populated\">\n\t\t\t\t\t\t<div class=\"elementor-element elementor-element-22d49da elementor-widget elementor-widget-text-editor\" data-id=\"22d49da\" data-element_type=\"widget\" data-e-type=\"widget\" data-widget_type=\"text-editor.default\">\n\t\t\t\t<div class=\"elementor-widget-container\">\n\t\t\t\t\t\t\t\t\t<p>Si vous cherchez \u00e0 <b>vivre une exp\u00e9rience inoubliable sur l&#8217;\u00eele de Mallorca<\/b>, non seulement vous profiterez de paysages spectaculaires, mais vous aurez \u00e9galement l&#8217;occasion de voir des dauphins dans leur habitat naturel. Mallorca, en particulier dans sa zone nord, est une destination parfaite pour louer une propri\u00e9t\u00e9 et profiter des merveilles que l&#8217;\u00eele a \u00e0 offrir, y compris l&#8217;observation des dauphins. <b>Si vous voulez savoir o\u00f9 voir les dauphins \u00e0 Mallorca, lisez ce qui suit<\/b>!<\/p>\t\t\t\t\t\t\t\t<\/div>\n\t\t\t\t<\/div>\n\t\t\t\t\t<\/div>\n\t\t<\/div>\n\t\t\t\t\t<\/div>\n\t\t<\/section>\n\t\t\t\t<section class=\"elementor-section elementor-top-section elementor-element elementor-element-0ef3255 elementor-section-boxed elementor-section-height-default elementor-section-height-default\" data-id=\"0ef3255\" data-element_type=\"section\" data-e-type=\"section\">\n\t\t\t\t\t\t<div class=\"elementor-container elementor-column-gap-default\">\n\t\t\t\t\t<div class=\"elementor-column elementor-col-100 elementor-top-column elementor-element elementor-element-7e033f6\" data-id=\"7e033f6\" data-element_type=\"column\" data-e-type=\"column\">\n\t\t\t<div class=\"elementor-widget-wrap elementor-element-populated\">\n\t\t\t\t\t\t<div class=\"elementor-element elementor-element-e100b5b elementor-widget elementor-widget-image\" data-id=\"e100b5b\" data-element_type=\"widget\" data-e-type=\"widget\" data-widget_type=\"image.default\">\n\t\t\t\t<div class=\"elementor-widget-container\">\n\t\t\t\t\t\t\t\t\t\t\t\t\t\t\t<img fetchpriority=\"high\" decoding=\"async\" width=\"754\" height=\"390\" src=\"https:\/\/www.idealpropertymallorca.com\/blog\/wp-content\/uploads\/2024\/08\/delfines-mallorca.jpg\" class=\"attachment-medium_large size-medium_large wp-image-12214\" alt=\"avistamiento delfines mallorca\" \/>\t\t\t\t\t\t\t\t\t\t\t\t\t\t\t<\/div>\n\t\t\t\t<\/div>\n\t\t\t\t\t<\/div>\n\t\t<\/div>\n\t\t\t\t\t<\/div>\n\t\t<\/section>\n\t\t\t\t<section class=\"elementor-section elementor-top-section elementor-element elementor-element-f6316de elementor-section-boxed elementor-section-height-default elementor-section-height-default\" data-id=\"f6316de\" data-element_type=\"section\" data-e-type=\"section\">\n\t\t\t\t\t\t<div class=\"elementor-container elementor-column-gap-default\">\n\t\t\t\t\t<div class=\"elementor-column elementor-col-100 elementor-top-column elementor-element elementor-element-4690375\" data-id=\"4690375\" data-element_type=\"column\" data-e-type=\"column\">\n\t\t\t<div class=\"elementor-widget-wrap elementor-element-populated\">\n\t\t\t\t\t\t<div class=\"elementor-element elementor-element-60a1dda elementor-widget elementor-widget-text-editor\" data-id=\"60a1dda\" data-element_type=\"widget\" data-e-type=\"widget\" data-widget_type=\"text-editor.default\">\n\t\t\t\t<div class=\"elementor-widget-container\">\n\t\t\t\t\t\t\t\t\t<p>Les <b>dauphins \u00e0 Mallorca<\/b> sont des cr\u00e9atures \u00e9tonnantes, connues pour leur <b>sociabilit\u00e9 et leur charisme<\/b>. Ces c\u00e9tac\u00e9s communiquent gr\u00e2ce \u00e0 un <b>langage unique<\/b> bas\u00e9 sur l&#8217;\u00e9mission de sons complexes qui leur permettent d&#8217;interagir et de se localiser. En outre, ils <b>\u00e9tablissent des liens \u00e9troits au sein de leur communaut\u00e9<\/b>, soignant et prot\u00e9geant les membres bless\u00e9s ou malades. Ce comportement, associ\u00e9 \u00e0 leur cortex c\u00e9r\u00e9bral avanc\u00e9, fait que les dauphins sont <b>consid\u00e9r\u00e9s comme l&#8217;un des animaux les plus intelligents de la plan\u00e8te<\/b>.<\/p><p>Une autre caract\u00e9ristique remarquable des dauphins est leur <b>tendance \u00e0 se d\u00e9placer en grands groupes dans l&#8217;oc\u00e9an<\/b>, ce qui les rend faciles \u00e0 rep\u00e9rer et en fait un spectacle fascinant gr\u00e2ce \u00e0 leurs sauts acrobatiques au-dessus de l&#8217;eau. Selon les experts, ces sauts leur permettent d&#8217;\u00e9conomiser de l&#8217;\u00e9nergie, car se d\u00e9placer dans l&#8217;air demande moins d&#8217;efforts que de se d\u00e9placer sous l&#8217;eau. Ils leur permettent \u00e9galement d&#8217;identifier la pr\u00e9sence d&#8217;oiseaux, comme les mouettes, qui signalent la proximit\u00e9 de nourriture, comme les poissons et les mollusques, ainsi que de respirer et d&#8217;augmenter leur vitesse.<\/p>\t\t\t\t\t\t\t\t<\/div>\n\t\t\t\t<\/div>\n\t\t\t\t\t<\/div>\n\t\t<\/div>\n\t\t\t\t\t<\/div>\n\t\t<\/section>\n\t\t\t\t<section class=\"elementor-section elementor-top-section elementor-element elementor-element-d65f5f4 elementor-section-boxed elementor-section-height-default elementor-section-height-default\" data-id=\"d65f5f4\" data-element_type=\"section\" data-e-type=\"section\">\n\t\t\t\t\t\t<div class=\"elementor-container elementor-column-gap-default\">\n\t\t\t\t\t<div class=\"elementor-column elementor-col-100 elementor-top-column elementor-element elementor-element-4c94421\" data-id=\"4c94421\" data-element_type=\"column\" data-e-type=\"column\">\n\t\t\t<div class=\"elementor-widget-wrap elementor-element-populated\">\n\t\t\t\t\t\t<div class=\"elementor-element elementor-element-cbe3a0c elementor-widget elementor-widget-heading\" data-id=\"cbe3a0c\" data-element_type=\"widget\" data-e-type=\"widget\" data-widget_type=\"heading.default\">\n\t\t\t\t<div class=\"elementor-widget-container\">\n\t\t\t\t\t<h2 class=\"elementor-heading-title elementor-size-default\">Les dauphins dans le monde<\/h2>\t\t\t\t<\/div>\n\t\t\t\t<\/div>\n\t\t\t\t\t<\/div>\n\t\t<\/div>\n\t\t\t\t\t<\/div>\n\t\t<\/section>\n\t\t\t\t<section class=\"elementor-section elementor-top-section elementor-element elementor-element-81f26ae elementor-section-boxed elementor-section-height-default elementor-section-height-default\" data-id=\"81f26ae\" data-element_type=\"section\" data-e-type=\"section\">\n\t\t\t\t\t\t<div class=\"elementor-container elementor-column-gap-default\">\n\t\t\t\t\t<div class=\"elementor-column elementor-col-100 elementor-top-column elementor-element elementor-element-171bb08\" data-id=\"171bb08\" data-element_type=\"column\" data-e-type=\"column\">\n\t\t\t<div class=\"elementor-widget-wrap elementor-element-populated\">\n\t\t\t\t\t\t<div class=\"elementor-element elementor-element-62a101e elementor-widget elementor-widget-text-editor\" data-id=\"62a101e\" data-element_type=\"widget\" data-e-type=\"widget\" data-widget_type=\"text-editor.default\">\n\t\t\t\t<div class=\"elementor-widget-container\">\n\t\t\t\t\t\t\t\t\t<p>Il existe <b>plus de 30 esp\u00e8ces de dauphins<\/b> dans le monde, depuis les eaux temp\u00e9r\u00e9es et tropicales de l&#8217;Atlantique jusqu&#8217;au fleuve Amazone. Ces fascinants c\u00e9tac\u00e9s peuvent \u00eatre observ\u00e9s au Mexique, en Floride, aux Bahamas, \u00e0 Cuba, au Portugal, en Espa\u00f1a, \u00e0 Dubai et en Australia. Dans les eaux des Bal\u00e9ares, <b>l&#8217;esp\u00e8ce la plus courante est le dauphin \u00e0 rayures blanches<\/b>, mais il est \u00e9galement possible d&#8217;<b>apercevoir des grands dauphins<\/b>, reconnaissables \u00e0 leur nageoire en forme de croissant.<\/p>\t\t\t\t\t\t\t\t<\/div>\n\t\t\t\t<\/div>\n\t\t\t\t\t<\/div>\n\t\t<\/div>\n\t\t\t\t\t<\/div>\n\t\t<\/section>\n\t\t\t\t<section class=\"elementor-section elementor-top-section elementor-element elementor-element-12487dc elementor-section-boxed elementor-section-height-default elementor-section-height-default\" data-id=\"12487dc\" data-element_type=\"section\" data-e-type=\"section\">\n\t\t\t\t\t\t<div class=\"elementor-container elementor-column-gap-default\">\n\t\t\t\t\t<div class=\"elementor-column elementor-col-100 elementor-top-column elementor-element elementor-element-db2cdc7\" data-id=\"db2cdc7\" data-element_type=\"column\" data-e-type=\"column\">\n\t\t\t<div class=\"elementor-widget-wrap elementor-element-populated\">\n\t\t\t\t\t\t<div class=\"elementor-element elementor-element-eeb4aa4 elementor-widget elementor-widget-image\" data-id=\"eeb4aa4\" data-element_type=\"widget\" data-e-type=\"widget\" data-widget_type=\"image.default\">\n\t\t\t\t<div class=\"elementor-widget-container\">\n\t\t\t\t\t\t\t\t\t\t\t\t\t\t\t<img decoding=\"async\" width=\"768\" height=\"432\" src=\"https:\/\/www.idealpropertymallorca.com\/blog\/wp-content\/uploads\/2024\/08\/tipos-de-delfines-768x432.png\" class=\"attachment-medium_large size-medium_large wp-image-12218\" alt=\"tipos de delfines\" srcset=\"https:\/\/www.idealpropertymallorca.com\/blog\/wp-content\/uploads\/2024\/08\/tipos-de-delfines-768x432.png 768w, https:\/\/www.idealpropertymallorca.com\/blog\/wp-content\/uploads\/2024\/08\/tipos-de-delfines.png 900w\" sizes=\"(max-width: 768px) 100vw, 768px\" \/>\t\t\t\t\t\t\t\t\t\t\t\t\t\t\t<\/div>\n\t\t\t\t<\/div>\n\t\t\t\t\t<\/div>\n\t\t<\/div>\n\t\t\t\t\t<\/div>\n\t\t<\/section>\n\t\t\t\t<section class=\"elementor-section elementor-top-section elementor-element elementor-element-5be93b8 elementor-section-boxed elementor-section-height-default elementor-section-height-default\" data-id=\"5be93b8\" data-element_type=\"section\" data-e-type=\"section\">\n\t\t\t\t\t\t<div class=\"elementor-container elementor-column-gap-default\">\n\t\t\t\t\t<div class=\"elementor-column elementor-col-100 elementor-top-column elementor-element elementor-element-246204b\" data-id=\"246204b\" data-element_type=\"column\" data-e-type=\"column\">\n\t\t\t<div class=\"elementor-widget-wrap elementor-element-populated\">\n\t\t\t\t\t\t<div class=\"elementor-element elementor-element-703a561 elementor-widget elementor-widget-heading\" data-id=\"703a561\" data-element_type=\"widget\" data-e-type=\"widget\" data-widget_type=\"heading.default\">\n\t\t\t\t<div class=\"elementor-widget-container\">\n\t\t\t\t\t<h2 class=\"elementor-heading-title elementor-size-default\">Guide d'observation des dauphins \u00e0 Mallorca<\/h2>\t\t\t\t<\/div>\n\t\t\t\t<\/div>\n\t\t\t\t\t<\/div>\n\t\t<\/div>\n\t\t\t\t\t<\/div>\n\t\t<\/section>\n\t\t\t\t<section class=\"elementor-section elementor-top-section elementor-element elementor-element-798c9b7 elementor-section-boxed elementor-section-height-default elementor-section-height-default\" data-id=\"798c9b7\" data-element_type=\"section\" data-e-type=\"section\">\n\t\t\t\t\t\t<div class=\"elementor-container elementor-column-gap-default\">\n\t\t\t\t\t<div class=\"elementor-column elementor-col-100 elementor-top-column elementor-element elementor-element-1111154\" data-id=\"1111154\" data-element_type=\"column\" data-e-type=\"column\">\n\t\t\t<div class=\"elementor-widget-wrap elementor-element-populated\">\n\t\t\t\t\t\t<div class=\"elementor-element elementor-element-929cee7 elementor-widget elementor-widget-heading\" data-id=\"929cee7\" data-element_type=\"widget\" data-e-type=\"widget\" data-widget_type=\"heading.default\">\n\t\t\t\t<div class=\"elementor-widget-container\">\n\t\t\t\t\t<h3 class=\"elementor-heading-title elementor-size-default\">Alcudia et Puerto Pollen\u00e7a<\/h3>\t\t\t\t<\/div>\n\t\t\t\t<\/div>\n\t\t\t\t\t<\/div>\n\t\t<\/div>\n\t\t\t\t\t<\/div>\n\t\t<\/section>\n\t\t\t\t<section class=\"elementor-section elementor-top-section elementor-element elementor-element-8edea6a elementor-section-boxed elementor-section-height-default elementor-section-height-default\" data-id=\"8edea6a\" data-element_type=\"section\" data-e-type=\"section\">\n\t\t\t\t\t\t<div class=\"elementor-container elementor-column-gap-default\">\n\t\t\t\t\t<div class=\"elementor-column elementor-col-50 elementor-top-column elementor-element elementor-element-5038c51\" data-id=\"5038c51\" data-element_type=\"column\" data-e-type=\"column\">\n\t\t\t<div class=\"elementor-widget-wrap elementor-element-populated\">\n\t\t\t\t\t\t<div class=\"elementor-element elementor-element-3339ecd elementor-widget elementor-widget-text-editor\" data-id=\"3339ecd\" data-element_type=\"widget\" data-e-type=\"widget\" data-widget_type=\"text-editor.default\">\n\t\t\t\t<div class=\"elementor-widget-container\">\n\t\t\t\t\t\t\t\t\t<p><strong>\u00c0 Mallorca<\/strong>, en particulier dans le nord de l&#8217;\u00eele, il existe plusieurs endroits id\u00e9aux pour observer ces magnifiques animaux. Le<strong>cap Formentor<\/strong> est l&#8217;un des endroits les plus recommand\u00e9s pour voir les dauphins \u00e0 Mallorca. Les bateaux partent t\u00f4t le matin du <a href=\"https:\/\/excursions-lamallorca.com\/es\/ausfluege\/delfin-tour-ab-port-de-pollenca\/\">port de Pollen\u00e7a<\/a> et d&#8217;<a href=\"https:\/\/excursions-lamallorca.com\/es\/ausfluege\/delfin-bootstour-ab-alcudia\/\">Alc\u00fadia<\/a>, offrant une <b>exp\u00e9rience doublement spectaculaire<\/b>: l&#8217;observation des dauphins et le lever du soleil dans un cadre incomparable.<\/p>\t\t\t\t\t\t\t\t<\/div>\n\t\t\t\t<\/div>\n\t\t\t\t\t<\/div>\n\t\t<\/div>\n\t\t\t\t<div class=\"elementor-column elementor-col-50 elementor-top-column elementor-element elementor-element-0ca4fb6\" data-id=\"0ca4fb6\" data-element_type=\"column\" data-e-type=\"column\">\n\t\t\t<div class=\"elementor-widget-wrap elementor-element-populated\">\n\t\t\t\t\t\t<div class=\"elementor-element elementor-element-a1abbc1 elementor-widget elementor-widget-image\" data-id=\"a1abbc1\" data-element_type=\"widget\" data-e-type=\"widget\" data-widget_type=\"image.default\">\n\t\t\t\t<div class=\"elementor-widget-container\">\n\t\t\t\t\t\t\t\t\t\t\t\t\t\t\t<img decoding=\"async\" width=\"800\" height=\"447\" src=\"https:\/\/www.idealpropertymallorca.com\/blog\/wp-content\/uploads\/2024\/08\/delfines-puerto-pollensa.png\" class=\"attachment-large size-large wp-image-12225\" alt=\"delfines puerto Pollen\u00e7a\" srcset=\"https:\/\/www.idealpropertymallorca.com\/blog\/wp-content\/uploads\/2024\/08\/delfines-puerto-pollensa.png 1012w, https:\/\/www.idealpropertymallorca.com\/blog\/wp-content\/uploads\/2024\/08\/delfines-puerto-pollensa-768x429.png 768w\" sizes=\"(max-width: 800px) 100vw, 800px\" \/>\t\t\t\t\t\t\t\t\t\t\t\t\t\t\t<\/div>\n\t\t\t\t<\/div>\n\t\t\t\t\t<\/div>\n\t\t<\/div>\n\t\t\t\t\t<\/div>\n\t\t<\/section>\n\t\t\t\t<section class=\"elementor-section elementor-top-section elementor-element elementor-element-657a064 elementor-section-boxed elementor-section-height-default elementor-section-height-default\" data-id=\"657a064\" data-element_type=\"section\" data-e-type=\"section\">\n\t\t\t\t\t\t<div class=\"elementor-container elementor-column-gap-default\">\n\t\t\t\t\t<div class=\"elementor-column elementor-col-100 elementor-top-column elementor-element elementor-element-5272b28\" data-id=\"5272b28\" data-element_type=\"column\" data-e-type=\"column\">\n\t\t\t<div class=\"elementor-widget-wrap elementor-element-populated\">\n\t\t\t\t\t\t<div class=\"elementor-element elementor-element-413feae elementor-widget elementor-widget-heading\" data-id=\"413feae\" data-element_type=\"widget\" data-e-type=\"widget\" data-widget_type=\"heading.default\">\n\t\t\t\t<div class=\"elementor-widget-container\">\n\t\t\t\t\t<h3 class=\"elementor-heading-title elementor-size-default\">Peguera<\/h3>\t\t\t\t<\/div>\n\t\t\t\t<\/div>\n\t\t\t\t\t<\/div>\n\t\t<\/div>\n\t\t\t\t\t<\/div>\n\t\t<\/section>\n\t\t\t\t<section class=\"elementor-section elementor-top-section elementor-element elementor-element-b64560a elementor-section-boxed elementor-section-height-default elementor-section-height-default\" data-id=\"b64560a\" data-element_type=\"section\" data-e-type=\"section\">\n\t\t\t\t\t\t<div class=\"elementor-container elementor-column-gap-default\">\n\t\t\t\t\t<div class=\"elementor-column elementor-col-50 elementor-top-column elementor-element elementor-element-2cd3310\" data-id=\"2cd3310\" data-element_type=\"column\" data-e-type=\"column\">\n\t\t\t<div class=\"elementor-widget-wrap elementor-element-populated\">\n\t\t\t\t\t\t<div class=\"elementor-element elementor-element-4b6f53a elementor-widget elementor-widget-text-editor\" data-id=\"4b6f53a\" data-element_type=\"widget\" data-e-type=\"widget\" data-widget_type=\"text-editor.default\">\n\t\t\t\t<div class=\"elementor-widget-container\">\n\t\t\t\t\t\t\t\t\t<p>Un autre endroit exceptionnel pour voir les dauphins \u00e0 Mallorca est <a href=\"https:\/\/excursions-lamallorca.com\/fr\/ausfluege\/delfin-tour-ab-paguera\/\">Peguera<\/a>, situ\u00e9 dans le <strong>sud-ouest de l&#8217;\u00eele<\/strong>. Bien qu&#8217;elle ne soit pas situ\u00e9e au nord, sa proximit\u00e9 avec Palma et ses nombreuses attractions en font <b>un<\/b><strong>choix populaire pour les visiteurs de l&#8217;\u00eele<\/strong>. La zone de Peguera, avec ses eaux profondes, est id\u00e9ale pour observer les dauphins qui sautent dans la mer.<\/p>\t\t\t\t\t\t\t\t<\/div>\n\t\t\t\t<\/div>\n\t\t\t\t\t<\/div>\n\t\t<\/div>\n\t\t\t\t<div class=\"elementor-column elementor-col-50 elementor-top-column elementor-element elementor-element-ca7c8f5\" data-id=\"ca7c8f5\" data-element_type=\"column\" data-e-type=\"column\">\n\t\t\t<div class=\"elementor-widget-wrap elementor-element-populated\">\n\t\t\t\t\t\t<div class=\"elementor-element elementor-element-8f094c1 elementor-widget elementor-widget-image\" data-id=\"8f094c1\" data-element_type=\"widget\" data-e-type=\"widget\" data-widget_type=\"image.default\">\n\t\t\t\t<div class=\"elementor-widget-container\">\n\t\t\t\t\t\t\t\t\t\t\t\t\t\t\t<img loading=\"lazy\" decoding=\"async\" width=\"688\" height=\"455\" src=\"https:\/\/www.idealpropertymallorca.com\/blog\/wp-content\/uploads\/2024\/08\/delfines-peguera.png\" class=\"attachment-large size-large wp-image-12229\" alt=\"delfines peguera\" \/>\t\t\t\t\t\t\t\t\t\t\t\t\t\t\t<\/div>\n\t\t\t\t<\/div>\n\t\t\t\t\t<\/div>\n\t\t<\/div>\n\t\t\t\t\t<\/div>\n\t\t<\/section>\n\t\t\t\t<section class=\"elementor-section elementor-top-section elementor-element elementor-element-828dcd0 elementor-section-boxed elementor-section-height-default elementor-section-height-default\" data-id=\"828dcd0\" data-element_type=\"section\" data-e-type=\"section\">\n\t\t\t\t\t\t<div class=\"elementor-container elementor-column-gap-default\">\n\t\t\t\t\t<div class=\"elementor-column elementor-col-100 elementor-top-column elementor-element elementor-element-0f36cfe\" data-id=\"0f36cfe\" data-element_type=\"column\" data-e-type=\"column\">\n\t\t\t<div class=\"elementor-widget-wrap elementor-element-populated\">\n\t\t\t\t\t\t<div class=\"elementor-element elementor-element-358fdb7 elementor-widget elementor-widget-heading\" data-id=\"358fdb7\" data-element_type=\"widget\" data-e-type=\"widget\" data-widget_type=\"heading.default\">\n\t\t\t\t<div class=\"elementor-widget-container\">\n\t\t\t\t\t<h3 class=\"elementor-heading-title elementor-size-default\">Andratx<\/h3>\t\t\t\t<\/div>\n\t\t\t\t<\/div>\n\t\t\t\t\t<\/div>\n\t\t<\/div>\n\t\t\t\t\t<\/div>\n\t\t<\/section>\n\t\t\t\t<section class=\"elementor-section elementor-top-section elementor-element elementor-element-46a7f74 elementor-section-boxed elementor-section-height-default elementor-section-height-default\" data-id=\"46a7f74\" data-element_type=\"section\" data-e-type=\"section\">\n\t\t\t\t\t\t<div class=\"elementor-container elementor-column-gap-default\">\n\t\t\t\t\t<div class=\"elementor-column elementor-col-50 elementor-top-column elementor-element elementor-element-ea6ba22\" data-id=\"ea6ba22\" data-element_type=\"column\" data-e-type=\"column\">\n\t\t\t<div class=\"elementor-widget-wrap elementor-element-populated\">\n\t\t\t\t\t\t<div class=\"elementor-element elementor-element-65e3ad9 elementor-widget elementor-widget-text-editor\" data-id=\"65e3ad9\" data-element_type=\"widget\" data-e-type=\"widget\" data-widget_type=\"text-editor.default\">\n\t\t\t\t<div class=\"elementor-widget-container\">\n\t\t\t\t\t\t\t\t\t<p>\u00c0 Andratx, \u00e9galement pr\u00e8s de Palma, il existe des excursions en bateau \u00e0 partir de <a href=\"https:\/\/excursions-lamallorca.com\/fr\/ausfluege\/delfin-tour-ab-camp-de-mar\/\">Camp de Mar<\/a>, une excellente option pour l&#8217;observation des dauphins \u00e0 Mallorca. Ces excursions, qui <b>comprennent des bateaux avec vision sous-marine<\/b>, permettent d&#8217;<b> observer les dauphins et autres c\u00e9tac\u00e9s<\/b> \u00e0 la fois \u00e0 la surface et sous l&#8217;eau, ce qui ajoute une dimension suppl\u00e9mentaire \u00e0 l&#8217;exp\u00e9rience.<\/p>\t\t\t\t\t\t\t\t<\/div>\n\t\t\t\t<\/div>\n\t\t\t\t\t<\/div>\n\t\t<\/div>\n\t\t\t\t<div class=\"elementor-column elementor-col-50 elementor-top-column elementor-element elementor-element-d29ff2b\" data-id=\"d29ff2b\" data-element_type=\"column\" data-e-type=\"column\">\n\t\t\t<div class=\"elementor-widget-wrap elementor-element-populated\">\n\t\t\t\t\t\t<div class=\"elementor-element elementor-element-ae97c63 elementor-widget elementor-widget-image\" data-id=\"ae97c63\" data-element_type=\"widget\" data-e-type=\"widget\" data-widget_type=\"image.default\">\n\t\t\t\t<div class=\"elementor-widget-container\">\n\t\t\t\t\t\t\t\t\t\t\t\t\t\t\t<img loading=\"lazy\" decoding=\"async\" width=\"800\" height=\"536\" src=\"https:\/\/www.idealpropertymallorca.com\/blog\/wp-content\/uploads\/2024\/08\/delfines-camp-de-mar-941x630.png\" class=\"attachment-large size-large wp-image-12239\" alt=\"camp de mar andratx\" \/>\t\t\t\t\t\t\t\t\t\t\t\t\t\t\t<\/div>\n\t\t\t\t<\/div>\n\t\t\t\t\t<\/div>\n\t\t<\/div>\n\t\t\t\t\t<\/div>\n\t\t<\/section>\n\t\t\t\t<section class=\"elementor-section elementor-top-section elementor-element elementor-element-4c71db6 elementor-section-boxed elementor-section-height-default elementor-section-height-default\" data-id=\"4c71db6\" data-element_type=\"section\" data-e-type=\"section\">\n\t\t\t\t\t\t<div class=\"elementor-container elementor-column-gap-default\">\n\t\t\t\t\t<div class=\"elementor-column elementor-col-100 elementor-top-column elementor-element elementor-element-49afeb6\" data-id=\"49afeb6\" data-element_type=\"column\" data-e-type=\"column\">\n\t\t\t<div class=\"elementor-widget-wrap elementor-element-populated\">\n\t\t\t\t\t\t<div class=\"elementor-element elementor-element-6289ccc elementor-widget elementor-widget-heading\" data-id=\"6289ccc\" data-element_type=\"widget\" data-e-type=\"widget\" data-widget_type=\"heading.default\">\n\t\t\t\t<div class=\"elementor-widget-container\">\n\t\t\t\t\t<h3 class=\"elementor-heading-title elementor-size-default\">Parc national de Cabrera<\/h3>\t\t\t\t<\/div>\n\t\t\t\t<\/div>\n\t\t\t\t\t<\/div>\n\t\t<\/div>\n\t\t\t\t\t<\/div>\n\t\t<\/section>\n\t\t\t\t<section class=\"elementor-section elementor-top-section elementor-element elementor-element-dc3c8b1 elementor-section-boxed elementor-section-height-default elementor-section-height-default\" data-id=\"dc3c8b1\" data-element_type=\"section\" data-e-type=\"section\">\n\t\t\t\t\t\t<div class=\"elementor-container elementor-column-gap-default\">\n\t\t\t\t\t<div class=\"elementor-column elementor-col-50 elementor-top-column elementor-element elementor-element-a837ca1\" data-id=\"a837ca1\" data-element_type=\"column\" data-e-type=\"column\">\n\t\t\t<div class=\"elementor-widget-wrap elementor-element-populated\">\n\t\t\t\t\t\t<div class=\"elementor-element elementor-element-ad084fb elementor-widget elementor-widget-text-editor\" data-id=\"ad084fb\" data-element_type=\"widget\" data-e-type=\"widget\" data-widget_type=\"text-editor.default\">\n\t\t\t\t<div class=\"elementor-widget-container\">\n\t\t\t\t\t\t\t\t\t<p>Si vous \u00eates \u00e0 la recherche d&#8217;un <b>plan plus exclusif<\/b>, envisagez de louer un yacht depuis n&#8217;importe quel endroit de Mallorca pour vous rendre au parc national de Cabrera ou r\u00e9servez l&#8217;une des <a href=\"https:\/\/www.excursionsacabrera.es\/en\">excursions<\/a> propos\u00e9es par le parc. Ce <b>petit archipel est un joyau \u00e9cologique<\/b> o\u00f9 vous rencontrerez probablement des dauphins \u00e0 l&#8217;aller et au retour.<\/p>\t\t\t\t\t\t\t\t<\/div>\n\t\t\t\t<\/div>\n\t\t\t\t\t<\/div>\n\t\t<\/div>\n\t\t\t\t<div class=\"elementor-column elementor-col-50 elementor-top-column elementor-element elementor-element-12214a2\" data-id=\"12214a2\" data-element_type=\"column\" data-e-type=\"column\">\n\t\t\t<div class=\"elementor-widget-wrap elementor-element-populated\">\n\t\t\t\t\t\t<div class=\"elementor-element elementor-element-4e12c9e elementor-widget elementor-widget-image\" data-id=\"4e12c9e\" data-element_type=\"widget\" data-e-type=\"widget\" data-widget_type=\"image.default\">\n\t\t\t\t<div class=\"elementor-widget-container\">\n\t\t\t\t\t\t\t\t\t\t\t\t\t\t\t<img loading=\"lazy\" decoding=\"async\" width=\"661\" height=\"434\" src=\"https:\/\/www.idealpropertymallorca.com\/blog\/wp-content\/uploads\/2024\/08\/delfines-cabrera.png\" class=\"attachment-large size-large wp-image-12249\" alt=\"delfines cabrera\" \/>\t\t\t\t\t\t\t\t\t\t\t\t\t\t\t<\/div>\n\t\t\t\t<\/div>\n\t\t\t\t\t<\/div>\n\t\t<\/div>\n\t\t\t\t\t<\/div>\n\t\t<\/section>\n\t\t\t\t<section class=\"elementor-section elementor-top-section elementor-element elementor-element-fcc1c12 elementor-section-boxed elementor-section-height-default elementor-section-height-default\" data-id=\"fcc1c12\" data-element_type=\"section\" data-e-type=\"section\">\n\t\t\t\t\t\t<div class=\"elementor-container elementor-column-gap-default\">\n\t\t\t\t\t<div class=\"elementor-column elementor-col-100 elementor-top-column elementor-element elementor-element-20e857f\" data-id=\"20e857f\" data-element_type=\"column\" data-e-type=\"column\">\n\t\t\t<div class=\"elementor-widget-wrap elementor-element-populated\">\n\t\t\t\t\t\t<div class=\"elementor-element elementor-element-2fd9c7e elementor-widget elementor-widget-heading\" data-id=\"2fd9c7e\" data-element_type=\"widget\" data-e-type=\"widget\" data-widget_type=\"heading.default\">\n\t\t\t\t<div class=\"elementor-widget-container\">\n\t\t\t\t\t<h3 class=\"elementor-heading-title elementor-size-default\">Marineland<\/h3>\t\t\t\t<\/div>\n\t\t\t\t<\/div>\n\t\t\t\t\t<\/div>\n\t\t<\/div>\n\t\t\t\t\t<\/div>\n\t\t<\/section>\n\t\t\t\t<section class=\"elementor-section elementor-top-section elementor-element elementor-element-8c72ade elementor-section-boxed elementor-section-height-default elementor-section-height-default\" data-id=\"8c72ade\" data-element_type=\"section\" data-e-type=\"section\">\n\t\t\t\t\t\t<div class=\"elementor-container elementor-column-gap-default\">\n\t\t\t\t\t<div class=\"elementor-column elementor-col-50 elementor-top-column elementor-element elementor-element-d002ae4\" data-id=\"d002ae4\" data-element_type=\"column\" data-e-type=\"column\">\n\t\t\t<div class=\"elementor-widget-wrap elementor-element-populated\">\n\t\t\t\t\t\t<div class=\"elementor-element elementor-element-635f4e7 elementor-widget elementor-widget-text-editor\" data-id=\"635f4e7\" data-element_type=\"widget\" data-e-type=\"widget\" data-widget_type=\"text-editor.default\">\n\t\t\t\t<div class=\"elementor-widget-container\">\n\t\t\t\t\t\t\t\t\t<p>Enfin, pour une <strong>activit\u00e9 familiale<\/strong>, surtout si vous voyagez avec de jeunes enfants, une visite \u00e0 <a href=\"https:\/\/www.idealpropertymallorca.com\/blog\/fr\/parcs-a-theme-a-mallorca\/\">Marineland<\/a> peut \u00eatre parfaite. Ce delphinarium <b>propose des spectacles en direct avec des dauphins et d&#8217;autres animaux marins<\/b>, offrant ainsi une occasion unique d&#8217;interagir avec ces animaux \u00e9tonnants.<\/p>\t\t\t\t\t\t\t\t<\/div>\n\t\t\t\t<\/div>\n\t\t\t\t\t<\/div>\n\t\t<\/div>\n\t\t\t\t<div class=\"elementor-column elementor-col-50 elementor-top-column elementor-element elementor-element-416013e\" data-id=\"416013e\" data-element_type=\"column\" data-e-type=\"column\">\n\t\t\t<div class=\"elementor-widget-wrap elementor-element-populated\">\n\t\t\t\t\t\t<div class=\"elementor-element elementor-element-32e9e22 elementor-widget elementor-widget-image\" data-id=\"32e9e22\" data-element_type=\"widget\" data-e-type=\"widget\" data-widget_type=\"image.default\">\n\t\t\t\t<div class=\"elementor-widget-container\">\n\t\t\t\t\t\t\t\t\t\t\t\t\t\t\t<img loading=\"lazy\" decoding=\"async\" width=\"768\" height=\"558\" src=\"https:\/\/www.idealpropertymallorca.com\/blog\/wp-content\/uploads\/2024\/08\/marineland-768x558.png\" class=\"attachment-medium_large size-medium_large wp-image-12253\" alt=\"marineland\" srcset=\"https:\/\/www.idealpropertymallorca.com\/blog\/wp-content\/uploads\/2024\/08\/marineland-768x558.png 768w, https:\/\/www.idealpropertymallorca.com\/blog\/wp-content\/uploads\/2024\/08\/marineland.png 792w\" sizes=\"(max-width: 768px) 100vw, 768px\" \/>\t\t\t\t\t\t\t\t\t\t\t\t\t\t\t<\/div>\n\t\t\t\t<\/div>\n\t\t\t\t\t<\/div>\n\t\t<\/div>\n\t\t\t\t\t<\/div>\n\t\t<\/section>\n\t\t\t\t<section class=\"elementor-section elementor-top-section elementor-element elementor-element-d20f4c2 elementor-section-boxed elementor-section-height-default elementor-section-height-default\" data-id=\"d20f4c2\" data-element_type=\"section\" data-e-type=\"section\">\n\t\t\t\t\t\t<div class=\"elementor-container elementor-column-gap-default\">\n\t\t\t\t\t<div class=\"elementor-column elementor-col-100 elementor-top-column elementor-element elementor-element-d06d6e1\" data-id=\"d06d6e1\" data-element_type=\"column\" data-e-type=\"column\">\n\t\t\t<div class=\"elementor-widget-wrap elementor-element-populated\">\n\t\t\t\t\t\t<div class=\"elementor-element elementor-element-3604de6 elementor-widget elementor-widget-heading\" data-id=\"3604de6\" data-element_type=\"widget\" data-e-type=\"widget\" data-widget_type=\"heading.default\">\n\t\t\t\t<div class=\"elementor-widget-container\">\n\t\t\t\t\t<h2 class=\"elementor-heading-title elementor-size-default\">Profitez des dauphins \u00e0 Mallorca avec Ideal Property Mallorca<\/h2>\t\t\t\t<\/div>\n\t\t\t\t<\/div>\n\t\t\t\t\t<\/div>\n\t\t<\/div>\n\t\t\t\t\t<\/div>\n\t\t<\/section>\n\t\t\t\t<section class=\"elementor-section elementor-top-section elementor-element elementor-element-16b627e elementor-section-boxed elementor-section-height-default elementor-section-height-default\" data-id=\"16b627e\" data-element_type=\"section\" data-e-type=\"section\">\n\t\t\t\t\t\t<div class=\"elementor-container elementor-column-gap-default\">\n\t\t\t\t\t<div class=\"elementor-column elementor-col-100 elementor-top-column elementor-element elementor-element-dec41fe\" data-id=\"dec41fe\" data-element_type=\"column\" data-e-type=\"column\">\n\t\t\t<div class=\"elementor-widget-wrap elementor-element-populated\">\n\t\t\t\t\t\t<div class=\"elementor-element elementor-element-4cdf2f0 elementor-widget elementor-widget-text-editor\" data-id=\"4cdf2f0\" data-element_type=\"widget\" data-e-type=\"widget\" data-widget_type=\"text-editor.default\">\n\t\t\t\t<div class=\"elementor-widget-container\">\n\t\t\t\t\t\t\t\t\t<p>Ainsi, si vous envisagez de <b>louer une propri\u00e9t\u00e9 \u00e0 Mallorca<\/b>, vous vous assurerez non seulement des vacances dans un <b>endroit paradisiaque<\/b>, mais aussi la possibilit\u00e9 de vivre l&#8217;exp\u00e9rience inoubliable de voir des dauphins \u00e0 Mallorca. Ne manquez pas cela!<\/p><p>Avec <a href=\"https:\/\/www.idealpropertymallorca.com\/fr\/location\/location-locations-d0\/\"><strong>Ideal Property Mallorca<\/strong><\/a>, vous pouvez choisir entre des villas luxueuses avec vue sur la mer ou des maisons rurales accueillantes, pour que votre s\u00e9jour soit aussi confortable qu&#8217;inoubliable. Depuis le confort de votre maison, vous serez \u00e0 proximit\u00e9 des meilleurs endroits pour profiter de ce spectacle marin &#8211; <strong>ne le manquez pas!<\/strong><\/p>\t\t\t\t\t\t\t\t<\/div>\n\t\t\t\t<\/div>\n\t\t\t\t\t<\/div>\n\t\t<\/div>\n\t\t\t\t\t<\/div>\n\t\t<\/section>\n\t\t\t\t<section class=\"elementor-section elementor-top-section elementor-element elementor-element-48eb2bf5 elementor-section-boxed elementor-section-height-default elementor-section-height-default\" data-id=\"48eb2bf5\" data-element_type=\"section\" data-e-type=\"section\">\n\t\t\t\t\t\t<div class=\"elementor-container elementor-column-gap-default\">\n\t\t\t\t\t<div class=\"elementor-column elementor-col-33 elementor-top-column elementor-element elementor-element-29840dd\" data-id=\"29840dd\" data-element_type=\"column\" data-e-type=\"column\" data-settings=\"{&quot;background_background&quot;:&quot;classic&quot;}\">\n\t\t\t<div class=\"elementor-widget-wrap elementor-element-populated\">\n\t\t\t\t\t\t<div class=\"elementor-element elementor-element-725e23e5 elementor-align-center elementor-widget elementor-widget-button\" data-id=\"725e23e5\" data-element_type=\"widget\" data-e-type=\"widget\" data-widget_type=\"button.default\">\n\t\t\t\t<div class=\"elementor-widget-container\">\n\t\t\t\t\t\t\t\t\t<div class=\"elementor-button-wrapper\">\n\t\t\t\t\t<a class=\"elementor-button elementor-button-link elementor-size-sm\" href=\"\">\n\t\t\t\t\t\t<span class=\"elementor-button-content-wrapper\">\n\t\t\t\t\t\t\t\t\t<span class=\"elementor-button-text\">Logement \u00e0 Mallorca<\/span>\n\t\t\t\t\t<\/span>\n\t\t\t\t\t<\/a>\n\t\t\t\t<\/div>\n\t\t\t\t\t\t\t\t<\/div>\n\t\t\t\t<\/div>\n\t\t\t\t\t<\/div>\n\t\t<\/div>\n\t\t\t\t<div class=\"elementor-column elementor-col-33 elementor-top-column elementor-element elementor-element-43d69a6a\" data-id=\"43d69a6a\" data-element_type=\"column\" data-e-type=\"column\" data-settings=\"{&quot;background_background&quot;:&quot;classic&quot;}\">\n\t\t\t<div class=\"elementor-widget-wrap elementor-element-populated\">\n\t\t\t\t\t\t<div class=\"elementor-element elementor-element-1defea4d elementor-align-center elementor-widget elementor-widget-button\" data-id=\"1defea4d\" data-element_type=\"widget\" data-e-type=\"widget\" data-widget_type=\"button.default\">\n\t\t\t\t<div class=\"elementor-widget-container\">\n\t\t\t\t\t\t\t\t\t<div class=\"elementor-button-wrapper\">\n\t\t\t\t\t<a class=\"elementor-button elementor-button-link elementor-size-sm\" href=\"https:\/\/www.idealpropertymallorca.com\/fr\/location\/locations-alcudia-d1098\/\">\n\t\t\t\t\t\t<span class=\"elementor-button-content-wrapper\">\n\t\t\t\t\t\t\t\t\t<span class=\"elementor-button-text\">Logement \u00e0 Alcudia<\/span>\n\t\t\t\t\t<\/span>\n\t\t\t\t\t<\/a>\n\t\t\t\t<\/div>\n\t\t\t\t\t\t\t\t<\/div>\n\t\t\t\t<\/div>\n\t\t\t\t\t<\/div>\n\t\t<\/div>\n\t\t\t\t<div class=\"elementor-column elementor-col-33 elementor-top-column elementor-element elementor-element-4fbdcd61\" data-id=\"4fbdcd61\" data-element_type=\"column\" data-e-type=\"column\" data-settings=\"{&quot;background_background&quot;:&quot;classic&quot;}\">\n\t\t\t<div class=\"elementor-widget-wrap elementor-element-populated\">\n\t\t\t\t\t\t<div class=\"elementor-element elementor-element-3c4d6e39 elementor-align-center elementor-widget elementor-widget-button\" data-id=\"3c4d6e39\" data-element_type=\"widget\" data-e-type=\"widget\" data-widget_type=\"button.default\">\n\t\t\t\t<div class=\"elementor-widget-container\">\n\t\t\t\t\t\t\t\t\t<div class=\"elementor-button-wrapper\">\n\t\t\t\t\t<a class=\"elementor-button elementor-button-link elementor-size-sm\" href=\"https:\/\/www.idealpropertymallorca.com\/fr\/location\/locations-pollensa-d459611\/\">\n\t\t\t\t\t\t<span class=\"elementor-button-content-wrapper\">\n\t\t\t\t\t\t\t\t\t<span class=\"elementor-button-text\">Logement \u00e0 Pollensa<\/span>\n\t\t\t\t\t<\/span>\n\t\t\t\t\t<\/a>\n\t\t\t\t<\/div>\n\t\t\t\t\t\t\t\t<\/div>\n\t\t\t\t<\/div>\n\t\t\t\t\t<\/div>\n\t\t<\/div>\n\t\t\t\t\t<\/div>\n\t\t<\/section>\n\t\t\t\t<\/div>\n\t\t","protected":false},"excerpt":{"rendered":"<p>Si vous cherchez \u00e0 vivre une exp\u00e9rience inoubliable sur l&#8217;\u00eele de Mallorca, non seulement vous profiterez de paysages spectaculaires, mais vous aurez \u00e9galement l&#8217;occasion de voir des dauphins dans leur habitat naturel. Mallorca, en particulier dans sa zone nord, est une destination parfaite pour louer une propri\u00e9t\u00e9 et profiter des merveilles que l&#8217;\u00eele a \u00e0 [&hellip;]<\/p>\n","protected":false},"author":9,"featured_media":12266,"comment_status":"open","ping_status":"open","sticky":false,"template":"","format":"standard","meta":{"footnotes":""},"categories":[738],"tags":[],"class_list":["post-14238","post","type-post","status-publish","format-standard","has-post-thumbnail","hentry","category-activites-pour-la-famille"],"yoast_head":"<!-- This site is optimized with the Yoast SEO plugin v27.4 - https:\/\/yoast.com\/product\/yoast-seo-wordpress\/ -->\n<title>O\u00f9 voir les dauphins \u00e0 Mallorca - Majorca Blog<\/title>\n<meta name=\"description\" content=\"Vacances inoubliables \u00e0 Mallorca, vivez l&#039;exp\u00e9rience unique d&#039;observer les dauphins dans leur habitat naturel et d\u00e9couvrez la magie de l&#039;\u00eele!\" \/>\n<meta name=\"robots\" content=\"index, follow, max-snippet:-1, max-image-preview:large, max-video-preview:-1\" \/>\n<link rel=\"canonical\" href=\"https:\/\/www.idealpropertymallorca.com\/blog\/fr\/ou-voir-les-dauphins-a-mallorca\/\" \/>\n<meta property=\"og:locale\" content=\"fr_FR\" \/>\n<meta property=\"og:type\" content=\"article\" \/>\n<meta property=\"og:title\" content=\"O\u00f9 voir les dauphins \u00e0 Mallorca - Majorca Blog\" \/>\n<meta property=\"og:description\" content=\"Vacances inoubliables \u00e0 Mallorca, vivez l&#039;exp\u00e9rience unique d&#039;observer les dauphins dans leur habitat naturel et d\u00e9couvrez la magie de l&#039;\u00eele!\" \/>\n<meta property=\"og:url\" content=\"https:\/\/www.idealpropertymallorca.com\/blog\/fr\/ou-voir-les-dauphins-a-mallorca\/\" \/>\n<meta property=\"og:site_name\" content=\"Majorca Blog\" \/>\n<meta property=\"article:published_time\" content=\"2024-10-25T12:56:31+00:00\" \/>\n<meta property=\"article:modified_time\" content=\"2025-03-07T11:49:18+00:00\" \/>\n<meta property=\"og:image\" content=\"https:\/\/www.idealpropertymallorca.com\/blog\/wp-content\/uploads\/2024\/08\/ver-delfines-mallorca-1-1.jpg\" \/>\n\t<meta property=\"og:image:width\" content=\"1622\" \/>\n\t<meta property=\"og:image:height\" content=\"819\" \/>\n\t<meta property=\"og:image:type\" content=\"image\/jpeg\" \/>\n<meta name=\"author\" content=\"Tatiana\" \/>\n<meta name=\"twitter:card\" content=\"summary_large_image\" \/>\n<meta name=\"twitter:label1\" content=\"Written by\" \/>\n\t<meta name=\"twitter:data1\" content=\"Tatiana\" \/>\n\t<meta name=\"twitter:label2\" content=\"Est. reading time\" \/>\n\t<meta name=\"twitter:data2\" content=\"6 minutes\" \/>\n<script type=\"application\/ld+json\" class=\"yoast-schema-graph\">{\"@context\":\"https:\\\/\\\/schema.org\",\"@graph\":[{\"@type\":\"Article\",\"@id\":\"https:\\\/\\\/www.idealpropertymallorca.com\\\/blog\\\/fr\\\/ou-voir-les-dauphins-a-mallorca\\\/#article\",\"isPartOf\":{\"@id\":\"https:\\\/\\\/www.idealpropertymallorca.com\\\/blog\\\/fr\\\/ou-voir-les-dauphins-a-mallorca\\\/\"},\"author\":{\"name\":\"Tatiana\",\"@id\":\"https:\\\/\\\/www.idealpropertymallorca.com\\\/blog\\\/fr\\\/#\\\/schema\\\/person\\\/3e6672008494e754197397c523aac13d\"},\"headline\":\"O\u00f9 voir les dauphins \u00e0 Mallorca\",\"datePublished\":\"2024-10-25T12:56:31+00:00\",\"dateModified\":\"2025-03-07T11:49:18+00:00\",\"mainEntityOfPage\":{\"@id\":\"https:\\\/\\\/www.idealpropertymallorca.com\\\/blog\\\/fr\\\/ou-voir-les-dauphins-a-mallorca\\\/\"},\"wordCount\":805,\"commentCount\":0,\"publisher\":{\"@id\":\"https:\\\/\\\/www.idealpropertymallorca.com\\\/blog\\\/fr\\\/#organization\"},\"image\":{\"@id\":\"https:\\\/\\\/www.idealpropertymallorca.com\\\/blog\\\/fr\\\/ou-voir-les-dauphins-a-mallorca\\\/#primaryimage\"},\"thumbnailUrl\":\"https:\\\/\\\/www.idealpropertymallorca.com\\\/blog\\\/wp-content\\\/uploads\\\/2024\\\/08\\\/ver-delfines-mallorca-1-1.jpg\",\"articleSection\":[\"Activit\u00e9s pour la famille\"],\"inLanguage\":\"fr\",\"potentialAction\":[{\"@type\":\"CommentAction\",\"name\":\"Comment\",\"target\":[\"https:\\\/\\\/www.idealpropertymallorca.com\\\/blog\\\/fr\\\/ou-voir-les-dauphins-a-mallorca\\\/#respond\"]}]},{\"@type\":\"WebPage\",\"@id\":\"https:\\\/\\\/www.idealpropertymallorca.com\\\/blog\\\/fr\\\/ou-voir-les-dauphins-a-mallorca\\\/\",\"url\":\"https:\\\/\\\/www.idealpropertymallorca.com\\\/blog\\\/fr\\\/ou-voir-les-dauphins-a-mallorca\\\/\",\"name\":\"O\u00f9 voir les dauphins \u00e0 Mallorca - Majorca Blog\",\"isPartOf\":{\"@id\":\"https:\\\/\\\/www.idealpropertymallorca.com\\\/blog\\\/fr\\\/#website\"},\"primaryImageOfPage\":{\"@id\":\"https:\\\/\\\/www.idealpropertymallorca.com\\\/blog\\\/fr\\\/ou-voir-les-dauphins-a-mallorca\\\/#primaryimage\"},\"image\":{\"@id\":\"https:\\\/\\\/www.idealpropertymallorca.com\\\/blog\\\/fr\\\/ou-voir-les-dauphins-a-mallorca\\\/#primaryimage\"},\"thumbnailUrl\":\"https:\\\/\\\/www.idealpropertymallorca.com\\\/blog\\\/wp-content\\\/uploads\\\/2024\\\/08\\\/ver-delfines-mallorca-1-1.jpg\",\"datePublished\":\"2024-10-25T12:56:31+00:00\",\"dateModified\":\"2025-03-07T11:49:18+00:00\",\"description\":\"Vacances inoubliables \u00e0 Mallorca, vivez l'exp\u00e9rience unique d'observer les dauphins dans leur habitat naturel et d\u00e9couvrez la magie de l'\u00eele!\",\"inLanguage\":\"fr\",\"potentialAction\":[{\"@type\":\"ReadAction\",\"target\":[\"https:\\\/\\\/www.idealpropertymallorca.com\\\/blog\\\/fr\\\/ou-voir-les-dauphins-a-mallorca\\\/\"]}]},{\"@type\":\"ImageObject\",\"inLanguage\":\"fr\",\"@id\":\"https:\\\/\\\/www.idealpropertymallorca.com\\\/blog\\\/fr\\\/ou-voir-les-dauphins-a-mallorca\\\/#primaryimage\",\"url\":\"https:\\\/\\\/www.idealpropertymallorca.com\\\/blog\\\/wp-content\\\/uploads\\\/2024\\\/08\\\/ver-delfines-mallorca-1-1.jpg\",\"contentUrl\":\"https:\\\/\\\/www.idealpropertymallorca.com\\\/blog\\\/wp-content\\\/uploads\\\/2024\\\/08\\\/ver-delfines-mallorca-1-1.jpg\",\"width\":1622,\"height\":819,\"caption\":\"delfines en Mallorca\"},{\"@type\":\"WebSite\",\"@id\":\"https:\\\/\\\/www.idealpropertymallorca.com\\\/blog\\\/fr\\\/#website\",\"url\":\"https:\\\/\\\/www.idealpropertymallorca.com\\\/blog\\\/fr\\\/\",\"name\":\"Majorca Blog\",\"description\":\"Find relevant tourist information to see and do on the island of Mallorca during your holiday. Discover the best places and tips!\",\"publisher\":{\"@id\":\"https:\\\/\\\/www.idealpropertymallorca.com\\\/blog\\\/fr\\\/#organization\"},\"potentialAction\":[{\"@type\":\"SearchAction\",\"target\":{\"@type\":\"EntryPoint\",\"urlTemplate\":\"https:\\\/\\\/www.idealpropertymallorca.com\\\/blog\\\/fr\\\/?s={search_term_string}\"},\"query-input\":{\"@type\":\"PropertyValueSpecification\",\"valueRequired\":true,\"valueName\":\"search_term_string\"}}],\"inLanguage\":\"fr\"},{\"@type\":\"Organization\",\"@id\":\"https:\\\/\\\/www.idealpropertymallorca.com\\\/blog\\\/fr\\\/#organization\",\"name\":\"Majorca Blog\",\"url\":\"https:\\\/\\\/www.idealpropertymallorca.com\\\/blog\\\/fr\\\/\",\"logo\":{\"@type\":\"ImageObject\",\"inLanguage\":\"fr\",\"@id\":\"https:\\\/\\\/www.idealpropertymallorca.com\\\/blog\\\/fr\\\/#\\\/schema\\\/logo\\\/image\\\/\",\"url\":\"https:\\\/\\\/www.idealpropertymallorca.com\\\/blog\\\/wp-content\\\/uploads\\\/2024\\\/10\\\/ideal-property-mallorca-blue-mobile.png\",\"contentUrl\":\"https:\\\/\\\/www.idealpropertymallorca.com\\\/blog\\\/wp-content\\\/uploads\\\/2024\\\/10\\\/ideal-property-mallorca-blue-mobile.png\",\"width\":500,\"height\":150,\"caption\":\"Majorca Blog\"},\"image\":{\"@id\":\"https:\\\/\\\/www.idealpropertymallorca.com\\\/blog\\\/fr\\\/#\\\/schema\\\/logo\\\/image\\\/\"}},{\"@type\":\"Person\",\"@id\":\"https:\\\/\\\/www.idealpropertymallorca.com\\\/blog\\\/fr\\\/#\\\/schema\\\/person\\\/3e6672008494e754197397c523aac13d\",\"name\":\"Tatiana\",\"image\":{\"@type\":\"ImageObject\",\"inLanguage\":\"fr\",\"@id\":\"https:\\\/\\\/secure.gravatar.com\\\/avatar\\\/d1f7a61926f15609398032f2f6a1b823942e417fe09d2f38c4cf50bc1d193691?s=96&d=mm&r=g\",\"url\":\"https:\\\/\\\/secure.gravatar.com\\\/avatar\\\/d1f7a61926f15609398032f2f6a1b823942e417fe09d2f38c4cf50bc1d193691?s=96&d=mm&r=g\",\"contentUrl\":\"https:\\\/\\\/secure.gravatar.com\\\/avatar\\\/d1f7a61926f15609398032f2f6a1b823942e417fe09d2f38c4cf50bc1d193691?s=96&d=mm&r=g\",\"caption\":\"Tatiana\"}}]}<\/script>\n<!-- \/ Yoast SEO plugin. -->","yoast_head_json":{"title":"O\u00f9 voir les dauphins \u00e0 Mallorca - Majorca Blog","description":"Vacances inoubliables \u00e0 Mallorca, vivez l'exp\u00e9rience unique d'observer les dauphins dans leur habitat naturel et d\u00e9couvrez la magie de l'\u00eele!","robots":{"index":"index","follow":"follow","max-snippet":"max-snippet:-1","max-image-preview":"max-image-preview:large","max-video-preview":"max-video-preview:-1"},"canonical":"https:\/\/www.idealpropertymallorca.com\/blog\/fr\/ou-voir-les-dauphins-a-mallorca\/","og_locale":"fr_FR","og_type":"article","og_title":"O\u00f9 voir les dauphins \u00e0 Mallorca - Majorca Blog","og_description":"Vacances inoubliables \u00e0 Mallorca, vivez l'exp\u00e9rience unique d'observer les dauphins dans leur habitat naturel et d\u00e9couvrez la magie de l'\u00eele!","og_url":"https:\/\/www.idealpropertymallorca.com\/blog\/fr\/ou-voir-les-dauphins-a-mallorca\/","og_site_name":"Majorca Blog","article_published_time":"2024-10-25T12:56:31+00:00","article_modified_time":"2025-03-07T11:49:18+00:00","og_image":[{"width":1622,"height":819,"url":"https:\/\/www.idealpropertymallorca.com\/blog\/wp-content\/uploads\/2024\/08\/ver-delfines-mallorca-1-1.jpg","type":"image\/jpeg"}],"author":"Tatiana","twitter_card":"summary_large_image","twitter_misc":{"Written by":"Tatiana","Est. reading time":"6 minutes"},"schema":{"@context":"https:\/\/schema.org","@graph":[{"@type":"Article","@id":"https:\/\/www.idealpropertymallorca.com\/blog\/fr\/ou-voir-les-dauphins-a-mallorca\/#article","isPartOf":{"@id":"https:\/\/www.idealpropertymallorca.com\/blog\/fr\/ou-voir-les-dauphins-a-mallorca\/"},"author":{"name":"Tatiana","@id":"https:\/\/www.idealpropertymallorca.com\/blog\/fr\/#\/schema\/person\/3e6672008494e754197397c523aac13d"},"headline":"O\u00f9 voir les dauphins \u00e0 Mallorca","datePublished":"2024-10-25T12:56:31+00:00","dateModified":"2025-03-07T11:49:18+00:00","mainEntityOfPage":{"@id":"https:\/\/www.idealpropertymallorca.com\/blog\/fr\/ou-voir-les-dauphins-a-mallorca\/"},"wordCount":805,"commentCount":0,"publisher":{"@id":"https:\/\/www.idealpropertymallorca.com\/blog\/fr\/#organization"},"image":{"@id":"https:\/\/www.idealpropertymallorca.com\/blog\/fr\/ou-voir-les-dauphins-a-mallorca\/#primaryimage"},"thumbnailUrl":"https:\/\/www.idealpropertymallorca.com\/blog\/wp-content\/uploads\/2024\/08\/ver-delfines-mallorca-1-1.jpg","articleSection":["Activit\u00e9s pour la famille"],"inLanguage":"fr","potentialAction":[{"@type":"CommentAction","name":"Comment","target":["https:\/\/www.idealpropertymallorca.com\/blog\/fr\/ou-voir-les-dauphins-a-mallorca\/#respond"]}]},{"@type":"WebPage","@id":"https:\/\/www.idealpropertymallorca.com\/blog\/fr\/ou-voir-les-dauphins-a-mallorca\/","url":"https:\/\/www.idealpropertymallorca.com\/blog\/fr\/ou-voir-les-dauphins-a-mallorca\/","name":"O\u00f9 voir les dauphins \u00e0 Mallorca - Majorca Blog","isPartOf":{"@id":"https:\/\/www.idealpropertymallorca.com\/blog\/fr\/#website"},"primaryImageOfPage":{"@id":"https:\/\/www.idealpropertymallorca.com\/blog\/fr\/ou-voir-les-dauphins-a-mallorca\/#primaryimage"},"image":{"@id":"https:\/\/www.idealpropertymallorca.com\/blog\/fr\/ou-voir-les-dauphins-a-mallorca\/#primaryimage"},"thumbnailUrl":"https:\/\/www.idealpropertymallorca.com\/blog\/wp-content\/uploads\/2024\/08\/ver-delfines-mallorca-1-1.jpg","datePublished":"2024-10-25T12:56:31+00:00","dateModified":"2025-03-07T11:49:18+00:00","description":"Vacances inoubliables \u00e0 Mallorca, vivez l'exp\u00e9rience unique d'observer les dauphins dans leur habitat naturel et d\u00e9couvrez la magie de l'\u00eele!","inLanguage":"fr","potentialAction":[{"@type":"ReadAction","target":["https:\/\/www.idealpropertymallorca.com\/blog\/fr\/ou-voir-les-dauphins-a-mallorca\/"]}]},{"@type":"ImageObject","inLanguage":"fr","@id":"https:\/\/www.idealpropertymallorca.com\/blog\/fr\/ou-voir-les-dauphins-a-mallorca\/#primaryimage","url":"https:\/\/www.idealpropertymallorca.com\/blog\/wp-content\/uploads\/2024\/08\/ver-delfines-mallorca-1-1.jpg","contentUrl":"https:\/\/www.idealpropertymallorca.com\/blog\/wp-content\/uploads\/2024\/08\/ver-delfines-mallorca-1-1.jpg","width":1622,"height":819,"caption":"delfines en Mallorca"},{"@type":"WebSite","@id":"https:\/\/www.idealpropertymallorca.com\/blog\/fr\/#website","url":"https:\/\/www.idealpropertymallorca.com\/blog\/fr\/","name":"Majorca Blog","description":"Find relevant tourist information to see and do on the island of Mallorca during your holiday. Discover the best places and tips!","publisher":{"@id":"https:\/\/www.idealpropertymallorca.com\/blog\/fr\/#organization"},"potentialAction":[{"@type":"SearchAction","target":{"@type":"EntryPoint","urlTemplate":"https:\/\/www.idealpropertymallorca.com\/blog\/fr\/?s={search_term_string}"},"query-input":{"@type":"PropertyValueSpecification","valueRequired":true,"valueName":"search_term_string"}}],"inLanguage":"fr"},{"@type":"Organization","@id":"https:\/\/www.idealpropertymallorca.com\/blog\/fr\/#organization","name":"Majorca Blog","url":"https:\/\/www.idealpropertymallorca.com\/blog\/fr\/","logo":{"@type":"ImageObject","inLanguage":"fr","@id":"https:\/\/www.idealpropertymallorca.com\/blog\/fr\/#\/schema\/logo\/image\/","url":"https:\/\/www.idealpropertymallorca.com\/blog\/wp-content\/uploads\/2024\/10\/ideal-property-mallorca-blue-mobile.png","contentUrl":"https:\/\/www.idealpropertymallorca.com\/blog\/wp-content\/uploads\/2024\/10\/ideal-property-mallorca-blue-mobile.png","width":500,"height":150,"caption":"Majorca Blog"},"image":{"@id":"https:\/\/www.idealpropertymallorca.com\/blog\/fr\/#\/schema\/logo\/image\/"}},{"@type":"Person","@id":"https:\/\/www.idealpropertymallorca.com\/blog\/fr\/#\/schema\/person\/3e6672008494e754197397c523aac13d","name":"Tatiana","image":{"@type":"ImageObject","inLanguage":"fr","@id":"https:\/\/secure.gravatar.com\/avatar\/d1f7a61926f15609398032f2f6a1b823942e417fe09d2f38c4cf50bc1d193691?s=96&d=mm&r=g","url":"https:\/\/secure.gravatar.com\/avatar\/d1f7a61926f15609398032f2f6a1b823942e417fe09d2f38c4cf50bc1d193691?s=96&d=mm&r=g","contentUrl":"https:\/\/secure.gravatar.com\/avatar\/d1f7a61926f15609398032f2f6a1b823942e417fe09d2f38c4cf50bc1d193691?s=96&d=mm&r=g","caption":"Tatiana"}}]}},"_links":{"self":[{"href":"https:\/\/www.idealpropertymallorca.com\/blog\/fr\/wp-json\/wp\/v2\/posts\/14238","targetHints":{"allow":["GET"]}}],"collection":[{"href":"https:\/\/www.idealpropertymallorca.com\/blog\/fr\/wp-json\/wp\/v2\/posts"}],"about":[{"href":"https:\/\/www.idealpropertymallorca.com\/blog\/fr\/wp-json\/wp\/v2\/types\/post"}],"author":[{"embeddable":true,"href":"https:\/\/www.idealpropertymallorca.com\/blog\/fr\/wp-json\/wp\/v2\/users\/9"}],"replies":[{"embeddable":true,"href":"https:\/\/www.idealpropertymallorca.com\/blog\/fr\/wp-json\/wp\/v2\/comments?post=14238"}],"version-history":[{"count":10,"href":"https:\/\/www.idealpropertymallorca.com\/blog\/fr\/wp-json\/wp\/v2\/posts\/14238\/revisions"}],"predecessor-version":[{"id":14248,"href":"https:\/\/www.idealpropertymallorca.com\/blog\/fr\/wp-json\/wp\/v2\/posts\/14238\/revisions\/14248"}],"wp:featuredmedia":[{"embeddable":true,"href":"https:\/\/www.idealpropertymallorca.com\/blog\/fr\/wp-json\/wp\/v2\/media\/12266"}],"wp:attachment":[{"href":"https:\/\/www.idealpropertymallorca.com\/blog\/fr\/wp-json\/wp\/v2\/media?parent=14238"}],"wp:term":[{"taxonomy":"category","embeddable":true,"href":"https:\/\/www.idealpropertymallorca.com\/blog\/fr\/wp-json\/wp\/v2\/categories?post=14238"},{"taxonomy":"post_tag","embeddable":true,"href":"https:\/\/www.idealpropertymallorca.com\/blog\/fr\/wp-json\/wp\/v2\/tags?post=14238"}],"curies":[{"name":"wp","href":"https:\/\/api.w.org\/{rel}","templated":true}]}}