{"id":13848,"date":"2024-10-15T10:19:19","date_gmt":"2024-10-15T10:19:19","guid":{"rendered":"https:\/\/www.idealpropertymallorca.com\/blog\/?p=13848"},"modified":"2024-10-15T10:27:40","modified_gmt":"2024-10-15T10:27:40","slug":"decouvrez-la-foire-de-pollenca-un-melange-de-culture-et-de-tradition","status":"publish","type":"post","link":"https:\/\/www.idealpropertymallorca.com\/blog\/fr\/decouvrez-la-foire-de-pollenca-un-melange-de-culture-et-de-tradition\/","title":{"rendered":"D\u00e9couvrez la foire de Pollen\u00e7a: un m\u00e9lange de culture et de tradition"},"content":{"rendered":"\t\t<div data-elementor-type=\"wp-post\" data-elementor-id=\"13848\" class=\"elementor elementor-13848 elementor-13779\" data-elementor-post-type=\"post\">\n\t\t\t\t\t\t<section class=\"elementor-section elementor-top-section elementor-element elementor-element-0bd2863 elementor-section-boxed elementor-section-height-default elementor-section-height-default\" data-id=\"0bd2863\" data-element_type=\"section\" data-e-type=\"section\">\n\t\t\t\t\t\t<div class=\"elementor-container elementor-column-gap-default\">\n\t\t\t\t\t<div class=\"elementor-column elementor-col-100 elementor-top-column elementor-element elementor-element-227bf6a\" data-id=\"227bf6a\" data-element_type=\"column\" data-e-type=\"column\">\n\t\t\t<div class=\"elementor-widget-wrap elementor-element-populated\">\n\t\t\t\t\t\t<div class=\"elementor-element elementor-element-05b5f5b elementor-widget elementor-widget-heading\" data-id=\"05b5f5b\" data-element_type=\"widget\" data-e-type=\"widget\" data-widget_type=\"heading.default\">\n\t\t\t\t<div class=\"elementor-widget-container\">\n\t\t\t\t\t<h2 class=\"elementor-heading-title elementor-size-default\">Qu'est-ce que la foire de Pollen\u00e7a?<\/h2>\t\t\t\t<\/div>\n\t\t\t\t<\/div>\n\t\t\t\t<div class=\"elementor-element elementor-element-5c65691 elementor-widget elementor-widget-text-editor\" data-id=\"5c65691\" data-element_type=\"widget\" data-e-type=\"widget\" data-widget_type=\"text-editor.default\">\n\t\t\t\t<div class=\"elementor-widget-container\">\n\t\t\t\t\t\t\t\t\t<p>La<strong> foire de Pollen\u00e7a<\/strong> est un \u00e9v\u00e9nement annuel qui c\u00e9l\u00e8bre le riche patrimoine culturel de Majorque. Elle a lieu le <strong>deuxi\u00e8me week-end de novembre<\/strong> et attire de nombreux visiteurs d\u00e9sireux de profiter de ses diverses activit\u00e9s et traditions locales. La <a href=\"https:\/\/lafiradepollenca.com\/\">foire<\/a> est une excellente vitrine pour l&#8217;artisanat, la gastronomie et la culture de la r\u00e9gion, ce qui en fait une exp\u00e9rience inoubliable pour tous.<\/p>\t\t\t\t\t\t\t\t<\/div>\n\t\t\t\t<\/div>\n\t\t\t\t\t<\/div>\n\t\t<\/div>\n\t\t\t\t\t<\/div>\n\t\t<\/section>\n\t\t\t\t<section class=\"elementor-section elementor-top-section elementor-element elementor-element-8b99472 elementor-section-boxed elementor-section-height-default elementor-section-height-default\" data-id=\"8b99472\" data-element_type=\"section\" data-e-type=\"section\">\n\t\t\t\t\t\t<div class=\"elementor-container elementor-column-gap-default\">\n\t\t\t\t\t<div class=\"elementor-column elementor-col-100 elementor-top-column elementor-element elementor-element-629807a\" data-id=\"629807a\" data-element_type=\"column\" data-e-type=\"column\">\n\t\t\t<div class=\"elementor-widget-wrap elementor-element-populated\">\n\t\t\t\t\t\t<div class=\"elementor-element elementor-element-d13ba67 elementor-widget elementor-widget-heading\" data-id=\"d13ba67\" data-element_type=\"widget\" data-e-type=\"widget\" data-widget_type=\"heading.default\">\n\t\t\t\t<div class=\"elementor-widget-container\">\n\t\t\t\t\t<h2 class=\"elementor-heading-title elementor-size-default\">Que voir \u00e0 la foire de Pollen\u00e7a?<\/h2>\t\t\t\t<\/div>\n\t\t\t\t<\/div>\n\t\t\t\t\t<\/div>\n\t\t<\/div>\n\t\t\t\t\t<\/div>\n\t\t<\/section>\n\t\t\t\t<section class=\"elementor-section elementor-top-section elementor-element elementor-element-7bcbd75 elementor-section-boxed elementor-section-height-default elementor-section-height-default\" data-id=\"7bcbd75\" data-element_type=\"section\" data-e-type=\"section\">\n\t\t\t\t\t\t<div class=\"elementor-container elementor-column-gap-default\">\n\t\t\t\t\t<div class=\"elementor-column elementor-col-100 elementor-top-column elementor-element elementor-element-ed30f78\" data-id=\"ed30f78\" data-element_type=\"column\" data-e-type=\"column\">\n\t\t\t<div class=\"elementor-widget-wrap elementor-element-populated\">\n\t\t\t\t\t\t<div class=\"elementor-element elementor-element-97be01e elementor-widget elementor-widget-heading\" data-id=\"97be01e\" data-element_type=\"widget\" data-e-type=\"widget\" data-widget_type=\"heading.default\">\n\t\t\t\t<div class=\"elementor-widget-container\">\n\t\t\t\t\t<h3 class=\"elementor-heading-title elementor-size-default\">Foire de l'artisanat<\/h3>\t\t\t\t<\/div>\n\t\t\t\t<\/div>\n\t\t\t\t<div class=\"elementor-element elementor-element-468c23e elementor-widget elementor-widget-text-editor\" data-id=\"468c23e\" data-element_type=\"widget\" data-e-type=\"widget\" data-widget_type=\"text-editor.default\">\n\t\t\t\t<div class=\"elementor-widget-container\">\n\t\t\t\t\t\t\t\t\t<p>L&#8217;un des temps forts de la foire de Pollen\u00e7a est la<strong> Muestra de Artesan\u00eda<\/strong> (<em>foire de l&#8217;artisanat<\/em>), qui se tient dans <strong>l&#8217;\u00e9glise de Sant Domingo<\/strong>. Les visiteurs peuvent y d\u00e9couvrir une <strong>vari\u00e9t\u00e9 de produits fabriqu\u00e9s par des artisans locaux talentueux<\/strong>. Des c\u00e9ramiques peintes \u00e0 la main aux bijoux uniques, chaque stand offre la possibilit\u00e9 d&#8217;acheter des pi\u00e8ces qui <strong>refl\u00e8tent la culture et la tradition de l&#8217;\u00eele<\/strong>. Cet espace n&#8217;est pas seulement un march\u00e9, mais aussi un lieu de rencontre o\u00f9 les visiteurs peuvent interagir avec les cr\u00e9ateurs et apprendre leurs techniques.<\/p>\t\t\t\t\t\t\t\t<\/div>\n\t\t\t\t<\/div>\n\t\t\t\t\t<\/div>\n\t\t<\/div>\n\t\t\t\t\t<\/div>\n\t\t<\/section>\n\t\t\t\t<section class=\"elementor-section elementor-top-section elementor-element elementor-element-73d59a4 elementor-section-boxed elementor-section-height-default elementor-section-height-default\" data-id=\"73d59a4\" data-element_type=\"section\" data-e-type=\"section\">\n\t\t\t\t\t\t<div class=\"elementor-container elementor-column-gap-default\">\n\t\t\t\t\t<div class=\"elementor-column elementor-col-100 elementor-top-column elementor-element elementor-element-c5881d4\" data-id=\"c5881d4\" data-element_type=\"column\" data-e-type=\"column\">\n\t\t\t<div class=\"elementor-widget-wrap elementor-element-populated\">\n\t\t\t\t\t\t<div class=\"elementor-element elementor-element-44bbfed elementor-widget elementor-widget-image\" data-id=\"44bbfed\" data-element_type=\"widget\" data-e-type=\"widget\" data-widget_type=\"image.default\">\n\t\t\t\t<div class=\"elementor-widget-container\">\n\t\t\t\t\t\t\t\t\t\t\t\t\t\t\t<img fetchpriority=\"high\" decoding=\"async\" width=\"800\" height=\"263\" src=\"https:\/\/www.idealpropertymallorca.com\/blog\/wp-content\/uploads\/2024\/10\/feria-pollenca-artesania-1920x630.jpeg\" class=\"attachment-large size-large wp-image-13809\" alt=\"feria pollen\u00e7a artesania\" \/>\t\t\t\t\t\t\t\t\t\t\t\t\t\t\t<\/div>\n\t\t\t\t<\/div>\n\t\t\t\t\t<\/div>\n\t\t<\/div>\n\t\t\t\t\t<\/div>\n\t\t<\/section>\n\t\t\t\t<section class=\"elementor-section elementor-top-section elementor-element elementor-element-9f9c2d2 elementor-section-boxed elementor-section-height-default elementor-section-height-default\" data-id=\"9f9c2d2\" data-element_type=\"section\" data-e-type=\"section\">\n\t\t\t\t\t\t<div class=\"elementor-container elementor-column-gap-default\">\n\t\t\t\t\t<div class=\"elementor-column elementor-col-50 elementor-top-column elementor-element elementor-element-2bdeeb9\" data-id=\"2bdeeb9\" data-element_type=\"column\" data-e-type=\"column\">\n\t\t\t<div class=\"elementor-widget-wrap elementor-element-populated\">\n\t\t\t\t\t\t<div class=\"elementor-element elementor-element-c199f2e elementor-widget elementor-widget-heading\" data-id=\"c199f2e\" data-element_type=\"widget\" data-e-type=\"widget\" data-widget_type=\"heading.default\">\n\t\t\t\t<div class=\"elementor-widget-container\">\n\t\t\t\t\t<h3 class=\"elementor-heading-title elementor-size-default\">Activit\u00e9s culturelles<\/h3>\t\t\t\t<\/div>\n\t\t\t\t<\/div>\n\t\t\t\t<div class=\"elementor-element elementor-element-a52a349 elementor-widget elementor-widget-text-editor\" data-id=\"a52a349\" data-element_type=\"widget\" data-e-type=\"widget\" data-widget_type=\"text-editor.default\">\n\t\t\t\t<div class=\"elementor-widget-container\">\n\t\t\t\t\t\t\t\t\t<p>Outre la foire artisanale, la foire de Pollen\u00e7a propose un <strong>programme riche en activit\u00e9s culturelles<\/strong>. Il y aura des<strong> ateliers interactifs<\/strong> o\u00f9 les participants pourront apprendre \u00e0 fabriquer des objets artisanaux traditionnels, ainsi que des spectacles musicaux comprenant des danses et de la musique en direct. Ces activit\u00e9s s&#8217;adressent aussi bien <strong>aux adultes qu&#8217;aux enfants<\/strong> et favorisent une ambiance festive et familiale dans laquelle tout le monde peut participer et s&#8217;amuser. Des c\u00e9r\u00e9monies de <strong>remise de prix, des portes ouvertes, des pi\u00e8ces de th\u00e9\u00e2tre, des concerts, des courses et des d\u00e9monstrations sont \u00e9galement pr\u00e9vus<\/strong>.<\/p>\t\t\t\t\t\t\t\t<\/div>\n\t\t\t\t<\/div>\n\t\t\t\t\t<\/div>\n\t\t<\/div>\n\t\t\t\t<div class=\"elementor-column elementor-col-50 elementor-top-column elementor-element elementor-element-d00f856\" data-id=\"d00f856\" data-element_type=\"column\" data-e-type=\"column\">\n\t\t\t<div class=\"elementor-widget-wrap elementor-element-populated\">\n\t\t\t\t\t\t<div class=\"elementor-element elementor-element-d4db95c elementor-widget elementor-widget-image\" data-id=\"d4db95c\" data-element_type=\"widget\" data-e-type=\"widget\" data-widget_type=\"image.default\">\n\t\t\t\t<div class=\"elementor-widget-container\">\n\t\t\t\t\t\t\t\t\t\t\t\t\t\t\t<img decoding=\"async\" width=\"768\" height=\"512\" src=\"https:\/\/www.idealpropertymallorca.com\/blog\/wp-content\/uploads\/2024\/10\/feria-pollenca-cultura-768x512.jpeg\" class=\"attachment-medium_large size-medium_large wp-image-13821\" alt=\"feria pollen\u00e7a cultura\" srcset=\"https:\/\/www.idealpropertymallorca.com\/blog\/wp-content\/uploads\/2024\/10\/feria-pollenca-cultura-768x512.jpeg 768w, https:\/\/www.idealpropertymallorca.com\/blog\/wp-content\/uploads\/2024\/10\/feria-pollenca-cultura-1536x1023.jpeg 1536w, https:\/\/www.idealpropertymallorca.com\/blog\/wp-content\/uploads\/2024\/10\/feria-pollenca-cultura.jpeg 1600w\" sizes=\"(max-width: 768px) 100vw, 768px\" \/>\t\t\t\t\t\t\t\t\t\t\t\t\t\t\t<\/div>\n\t\t\t\t<\/div>\n\t\t\t\t\t<\/div>\n\t\t<\/div>\n\t\t\t\t\t<\/div>\n\t\t<\/section>\n\t\t\t\t<section class=\"elementor-section elementor-top-section elementor-element elementor-element-eef8864 elementor-section-boxed elementor-section-height-default elementor-section-height-default\" data-id=\"eef8864\" data-element_type=\"section\" data-e-type=\"section\">\n\t\t\t\t\t\t<div class=\"elementor-container elementor-column-gap-default\">\n\t\t\t\t\t<div class=\"elementor-column elementor-col-50 elementor-top-column elementor-element elementor-element-d07cbe4\" data-id=\"d07cbe4\" data-element_type=\"column\" data-e-type=\"column\">\n\t\t\t<div class=\"elementor-widget-wrap elementor-element-populated\">\n\t\t\t\t\t\t<div class=\"elementor-element elementor-element-7308829 elementor-widget elementor-widget-heading\" data-id=\"7308829\" data-element_type=\"widget\" data-e-type=\"widget\" data-widget_type=\"heading.default\">\n\t\t\t\t<div class=\"elementor-widget-container\">\n\t\t\t\t\t<h3 class=\"elementor-heading-title elementor-size-default\">\u00c9chantillons d'animaux<\/h3>\t\t\t\t<\/div>\n\t\t\t\t<\/div>\n\t\t\t\t<div class=\"elementor-element elementor-element-55668de elementor-widget elementor-widget-text-editor\" data-id=\"55668de\" data-element_type=\"widget\" data-e-type=\"widget\" data-widget_type=\"text-editor.default\">\n\t\t\t\t<div class=\"elementor-widget-container\">\n\t\t\t\t\t\t\t\t\t<p>La <a href=\"https:\/\/lafiradepollenca.com\/\">foire de Pollen\u00e7a<\/a> propose une <strong>exposition attrayante d&#8217;animaux<\/strong>, o\u00f9 les visiteurs peuvent d\u00e9couvrir une vari\u00e9t\u00e9 d&#8217;esp\u00e8ces typiques. Des moutons aux ch\u00e8vres en passant par les volailles, tous les animaux sont expos\u00e9s, donnant un aper\u00e7u complet de la vie rurale. Les \u00e9leveurs locaux sont disponibles pour r\u00e9pondre aux questions, partager leurs connaissances et leur passion pour le soin des animaux. Ce lien <strong>avec la nature et l&#8217;agriculture<\/strong> renforce l&#8217;identit\u00e9 culturelle de Pollen\u00e7a et permet aux visiteurs de vivre une <strong>exp\u00e9rience authentique et immersive<\/strong>.<\/p>\t\t\t\t\t\t\t\t<\/div>\n\t\t\t\t<\/div>\n\t\t\t\t\t<\/div>\n\t\t<\/div>\n\t\t\t\t<div class=\"elementor-column elementor-col-50 elementor-top-column elementor-element elementor-element-c3469dc\" data-id=\"c3469dc\" data-element_type=\"column\" data-e-type=\"column\">\n\t\t\t<div class=\"elementor-widget-wrap elementor-element-populated\">\n\t\t\t\t\t\t<div class=\"elementor-element elementor-element-36e0d2a elementor-widget elementor-widget-image\" data-id=\"36e0d2a\" data-element_type=\"widget\" data-e-type=\"widget\" data-widget_type=\"image.default\">\n\t\t\t\t<div class=\"elementor-widget-container\">\n\t\t\t\t\t\t\t\t\t\t\t\t\t\t\t<img decoding=\"async\" width=\"800\" height=\"442\" src=\"https:\/\/www.idealpropertymallorca.com\/blog\/wp-content\/uploads\/2024\/10\/feria-pollenca-animales-1139x630.png\" class=\"attachment-large size-large wp-image-13825\" alt=\"feria pollen\u00e7a animales\" \/>\t\t\t\t\t\t\t\t\t\t\t\t\t\t\t<\/div>\n\t\t\t\t<\/div>\n\t\t\t\t\t<\/div>\n\t\t<\/div>\n\t\t\t\t\t<\/div>\n\t\t<\/section>\n\t\t\t\t<section class=\"elementor-section elementor-top-section elementor-element elementor-element-48cd318 elementor-section-boxed elementor-section-height-default elementor-section-height-default\" data-id=\"48cd318\" data-element_type=\"section\" data-e-type=\"section\">\n\t\t\t\t\t\t<div class=\"elementor-container elementor-column-gap-default\">\n\t\t\t\t\t<div class=\"elementor-column elementor-col-50 elementor-top-column elementor-element elementor-element-59fb51d\" data-id=\"59fb51d\" data-element_type=\"column\" data-e-type=\"column\">\n\t\t\t<div class=\"elementor-widget-wrap elementor-element-populated\">\n\t\t\t\t\t\t<div class=\"elementor-element elementor-element-27f422d elementor-widget elementor-widget-heading\" data-id=\"27f422d\" data-element_type=\"widget\" data-e-type=\"widget\" data-widget_type=\"heading.default\">\n\t\t\t\t<div class=\"elementor-widget-container\">\n\t\t\t\t\t<h3 class=\"elementor-heading-title elementor-size-default\">Attractions<\/h3>\t\t\t\t<\/div>\n\t\t\t\t<\/div>\n\t\t\t\t<div class=\"elementor-element elementor-element-7f63360 elementor-widget elementor-widget-text-editor\" data-id=\"7f63360\" data-element_type=\"widget\" data-e-type=\"widget\" data-widget_type=\"text-editor.default\">\n\t\t\t\t<div class=\"elementor-widget-container\">\n\t\t\t\t\t\t\t\t\t<p>Les <b>attractions <\/b>de la foire de Pollen\u00e7a font partie int\u00e9grante de l&#8217;ambiance festive et sont con\u00e7ues pour <b>divertir les enfants et les adultes<\/b>. Bien que le nombre de man\u00e8ges soit limit\u00e9, chacun d&#8217;entre eux est soigneusement s\u00e9lectionn\u00e9 pour<strong> garantir le plaisir et l&#8217;excitation<\/strong>. Les plus jeunes pourront profiter de man\u00e8ges qui leur procureront des moments de joie et de rire. La combinaison de la tradition culturelle et du divertissement moderne fait de la foire de Pollen\u00e7a un \u00e9v\u00e9nement \u00e0 ne pas manquer.<\/p>\t\t\t\t\t\t\t\t<\/div>\n\t\t\t\t<\/div>\n\t\t\t\t\t<\/div>\n\t\t<\/div>\n\t\t\t\t<div class=\"elementor-column elementor-col-50 elementor-top-column elementor-element elementor-element-7686845\" data-id=\"7686845\" data-element_type=\"column\" data-e-type=\"column\">\n\t\t\t<div class=\"elementor-widget-wrap elementor-element-populated\">\n\t\t\t\t\t\t<div class=\"elementor-element elementor-element-d24b0ed elementor-widget elementor-widget-image\" data-id=\"d24b0ed\" data-element_type=\"widget\" data-e-type=\"widget\" data-widget_type=\"image.default\">\n\t\t\t\t<div class=\"elementor-widget-container\">\n\t\t\t\t\t\t\t\t\t\t\t\t\t\t\t<img loading=\"lazy\" decoding=\"async\" width=\"800\" height=\"374\" src=\"https:\/\/www.idealpropertymallorca.com\/blog\/wp-content\/uploads\/2024\/10\/Feria-de-Pollenca-atracciones-1347x630.png\" class=\"attachment-large size-large wp-image-13813\" alt=\"Feria de Pollen\u00e7a atracciones\" \/>\t\t\t\t\t\t\t\t\t\t\t\t\t\t\t<\/div>\n\t\t\t\t<\/div>\n\t\t\t\t\t<\/div>\n\t\t<\/div>\n\t\t\t\t\t<\/div>\n\t\t<\/section>\n\t\t\t\t<section class=\"elementor-section elementor-top-section elementor-element elementor-element-816a496 elementor-section-boxed elementor-section-height-default elementor-section-height-default\" data-id=\"816a496\" data-element_type=\"section\" data-e-type=\"section\">\n\t\t\t\t\t\t<div class=\"elementor-container elementor-column-gap-default\">\n\t\t\t\t\t<div class=\"elementor-column elementor-col-50 elementor-top-column elementor-element elementor-element-36f44c4\" data-id=\"36f44c4\" data-element_type=\"column\" data-e-type=\"column\">\n\t\t\t<div class=\"elementor-widget-wrap elementor-element-populated\">\n\t\t\t\t\t\t<div class=\"elementor-element elementor-element-6eb767b elementor-widget elementor-widget-heading\" data-id=\"6eb767b\" data-element_type=\"widget\" data-e-type=\"widget\" data-widget_type=\"heading.default\">\n\t\t\t\t<div class=\"elementor-widget-container\">\n\t\t\t\t\t<h3 class=\"elementor-heading-title elementor-size-default\">Gastronomie<\/h3>\t\t\t\t<\/div>\n\t\t\t\t<\/div>\n\t\t\t\t<div class=\"elementor-element elementor-element-2846482 elementor-widget elementor-widget-text-editor\" data-id=\"2846482\" data-element_type=\"widget\" data-e-type=\"widget\" data-widget_type=\"text-editor.default\">\n\t\t\t\t<div class=\"elementor-widget-container\">\n\t\t\t\t\t\t\t\t\t<p>Enfin, il ne faut pas oublier<strong> la gastronomie locale<\/strong>, qui joue un r\u00f4le fondamental dans la foire de Pollen\u00e7a. Les visiteurs auront l&#8217;occasion de d\u00e9guster une<strong> vari\u00e9t\u00e9 de plats typiques<\/strong>, y compris des d\u00e9lices majorquins tels que la sobrasada et l&#8217;ensaimada. Cette exp\u00e9rience culinaire compl\u00e8te parfaitement les autres activit\u00e9s, faisant de la foire une v\u00e9ritable f\u00eate des sens.<\/p>\t\t\t\t\t\t\t\t<\/div>\n\t\t\t\t<\/div>\n\t\t\t\t\t<\/div>\n\t\t<\/div>\n\t\t\t\t<div class=\"elementor-column elementor-col-50 elementor-top-column elementor-element elementor-element-3f24e49\" data-id=\"3f24e49\" data-element_type=\"column\" data-e-type=\"column\">\n\t\t\t<div class=\"elementor-widget-wrap elementor-element-populated\">\n\t\t\t\t\t\t<div class=\"elementor-element elementor-element-ee752e2 elementor-widget elementor-widget-image\" data-id=\"ee752e2\" data-element_type=\"widget\" data-e-type=\"widget\" data-widget_type=\"image.default\">\n\t\t\t\t<div class=\"elementor-widget-container\">\n\t\t\t\t\t\t\t\t\t\t\t\t\t\t\t<img loading=\"lazy\" decoding=\"async\" width=\"768\" height=\"599\" src=\"https:\/\/www.idealpropertymallorca.com\/blog\/wp-content\/uploads\/2024\/10\/Feria-de-Pollenca-gastronomia-768x599.png\" class=\"attachment-medium_large size-medium_large wp-image-13817\" alt=\"Feria de Pollen\u00e7a gastronomia\" srcset=\"https:\/\/www.idealpropertymallorca.com\/blog\/wp-content\/uploads\/2024\/10\/Feria-de-Pollenca-gastronomia-768x599.png 768w, https:\/\/www.idealpropertymallorca.com\/blog\/wp-content\/uploads\/2024\/10\/Feria-de-Pollenca-gastronomia.png 811w\" sizes=\"(max-width: 768px) 100vw, 768px\" \/>\t\t\t\t\t\t\t\t\t\t\t\t\t\t\t<\/div>\n\t\t\t\t<\/div>\n\t\t\t\t\t<\/div>\n\t\t<\/div>\n\t\t\t\t\t<\/div>\n\t\t<\/section>\n\t\t\t\t<section class=\"elementor-section elementor-top-section elementor-element elementor-element-2109c64 elementor-section-boxed elementor-section-height-default elementor-section-height-default\" data-id=\"2109c64\" data-element_type=\"section\" data-e-type=\"section\">\n\t\t\t\t\t\t<div class=\"elementor-container elementor-column-gap-default\">\n\t\t\t\t\t<div class=\"elementor-column elementor-col-100 elementor-top-column elementor-element elementor-element-5bbf61c\" data-id=\"5bbf61c\" data-element_type=\"column\" data-e-type=\"column\">\n\t\t\t<div class=\"elementor-widget-wrap elementor-element-populated\">\n\t\t\t\t\t\t<div class=\"elementor-element elementor-element-90c143d elementor-widget elementor-widget-heading\" data-id=\"90c143d\" data-element_type=\"widget\" data-e-type=\"widget\" data-widget_type=\"heading.default\">\n\t\t\t\t<div class=\"elementor-widget-container\">\n\t\t\t\t\t<h2 class=\"elementor-heading-title elementor-size-default\">Venez d\u00e9couvrir la Foire de Pollen\u00e7a en 2024!<\/h2>\t\t\t\t<\/div>\n\t\t\t\t<\/div>\n\t\t\t\t<div class=\"elementor-element elementor-element-211deb9 elementor-widget elementor-widget-text-editor\" data-id=\"211deb9\" data-element_type=\"widget\" data-e-type=\"widget\" data-widget_type=\"text-editor.default\">\n\t\t\t\t<div class=\"elementor-widget-container\">\n\t\t\t\t\t\t\t\t\t<p>Pour profiter pleinement de cet \u00e9v\u00e9nement et de tout ce que <a href=\"https:\/\/www.idealpropertymallorca.com\/fr\/location\/locations-pollensa-d459611\/\">Pollen\u00e7a<\/a> a \u00e0 offrir, pensez \u00e0 <strong>louer une maison<\/strong> de vacances dans la r\u00e9gion. Vous pourrez ainsi vivre la foire de Pollen\u00e7a et d\u00e9couvrir la beaut\u00e9 de Mallorca \u00e0 votre rythme, en cr\u00e9ant des souvenirs inoubliables dans un environnement accueillant et confortable. Louez votre maison avec <strong>Ideal Property Mallorca<\/strong> et rendez votre s\u00e9jour encore plus sp\u00e9cial ! Pour en savoir plus, visitez notre site <a href=\"https:\/\/www.idealpropertymallorca.com\/fr\/location\/location-locations-d0\/\">Web<\/a>.<\/p>\t\t\t\t\t\t\t\t<\/div>\n\t\t\t\t<\/div>\n\t\t\t\t\t<\/div>\n\t\t<\/div>\n\t\t\t\t\t<\/div>\n\t\t<\/section>\n\t\t\t\t<section class=\"elementor-section elementor-top-section elementor-element elementor-element-510c924f elementor-section-boxed elementor-section-height-default elementor-section-height-default\" data-id=\"510c924f\" data-element_type=\"section\" data-e-type=\"section\">\n\t\t\t\t\t\t<div class=\"elementor-container elementor-column-gap-default\">\n\t\t\t\t\t<div class=\"elementor-column elementor-col-33 elementor-top-column elementor-element elementor-element-7526ece4\" data-id=\"7526ece4\" data-element_type=\"column\" data-e-type=\"column\" data-settings=\"{&quot;background_background&quot;:&quot;classic&quot;}\">\n\t\t\t<div class=\"elementor-widget-wrap elementor-element-populated\">\n\t\t\t\t\t\t<div class=\"elementor-element elementor-element-36a5f636 elementor-align-center elementor-widget elementor-widget-button\" data-id=\"36a5f636\" data-element_type=\"widget\" data-e-type=\"widget\" data-widget_type=\"button.default\">\n\t\t\t\t<div class=\"elementor-widget-container\">\n\t\t\t\t\t\t\t\t\t<div class=\"elementor-button-wrapper\">\n\t\t\t\t\t<a class=\"elementor-button elementor-button-link elementor-size-sm\" href=\"\">\n\t\t\t\t\t\t<span class=\"elementor-button-content-wrapper\">\n\t\t\t\t\t\t\t\t\t<span class=\"elementor-button-text\">Logement \u00e0 Mallorca<\/span>\n\t\t\t\t\t<\/span>\n\t\t\t\t\t<\/a>\n\t\t\t\t<\/div>\n\t\t\t\t\t\t\t\t<\/div>\n\t\t\t\t<\/div>\n\t\t\t\t\t<\/div>\n\t\t<\/div>\n\t\t\t\t<div class=\"elementor-column elementor-col-33 elementor-top-column elementor-element elementor-element-5559b93c\" data-id=\"5559b93c\" data-element_type=\"column\" data-e-type=\"column\" data-settings=\"{&quot;background_background&quot;:&quot;classic&quot;}\">\n\t\t\t<div class=\"elementor-widget-wrap elementor-element-populated\">\n\t\t\t\t\t\t<div class=\"elementor-element elementor-element-4a9ed856 elementor-align-center elementor-widget elementor-widget-button\" data-id=\"4a9ed856\" data-element_type=\"widget\" data-e-type=\"widget\" data-widget_type=\"button.default\">\n\t\t\t\t<div class=\"elementor-widget-container\">\n\t\t\t\t\t\t\t\t\t<div class=\"elementor-button-wrapper\">\n\t\t\t\t\t<a class=\"elementor-button elementor-button-link elementor-size-sm\" href=\"https:\/\/www.idealpropertymallorca.com\/fr\/location\/locations-alcudia-d1098\/\">\n\t\t\t\t\t\t<span class=\"elementor-button-content-wrapper\">\n\t\t\t\t\t\t\t\t\t<span class=\"elementor-button-text\">Maisons \u00e0 Alcudia<\/span>\n\t\t\t\t\t<\/span>\n\t\t\t\t\t<\/a>\n\t\t\t\t<\/div>\n\t\t\t\t\t\t\t\t<\/div>\n\t\t\t\t<\/div>\n\t\t\t\t\t<\/div>\n\t\t<\/div>\n\t\t\t\t<div class=\"elementor-column elementor-col-33 elementor-top-column elementor-element elementor-element-20b7c56c\" data-id=\"20b7c56c\" data-element_type=\"column\" data-e-type=\"column\" data-settings=\"{&quot;background_background&quot;:&quot;classic&quot;}\">\n\t\t\t<div class=\"elementor-widget-wrap elementor-element-populated\">\n\t\t\t\t\t\t<div class=\"elementor-element elementor-element-11134efb elementor-align-center elementor-widget elementor-widget-button\" data-id=\"11134efb\" data-element_type=\"widget\" data-e-type=\"widget\" data-widget_type=\"button.default\">\n\t\t\t\t<div class=\"elementor-widget-container\">\n\t\t\t\t\t\t\t\t\t<div class=\"elementor-button-wrapper\">\n\t\t\t\t\t<a class=\"elementor-button elementor-button-link elementor-size-sm\" href=\"https:\/\/www.idealpropertymallorca.com\/fr\/location\/locations-pollensa-d459611\/\">\n\t\t\t\t\t\t<span class=\"elementor-button-content-wrapper\">\n\t\t\t\t\t\t\t\t\t<span class=\"elementor-button-text\">Logement \u00e0 Pollensa<\/span>\n\t\t\t\t\t<\/span>\n\t\t\t\t\t<\/a>\n\t\t\t\t<\/div>\n\t\t\t\t\t\t\t\t<\/div>\n\t\t\t\t<\/div>\n\t\t\t\t\t<\/div>\n\t\t<\/div>\n\t\t\t\t\t<\/div>\n\t\t<\/section>\n\t\t\t\t<\/div>\n\t\t","protected":false},"excerpt":{"rendered":"<p>Qu&#8217;est-ce que la foire de Pollen\u00e7a? La foire de Pollen\u00e7a est un \u00e9v\u00e9nement annuel qui c\u00e9l\u00e8bre le riche patrimoine culturel de Majorque. Elle a lieu le deuxi\u00e8me week-end de novembre et attire de nombreux visiteurs d\u00e9sireux de profiter de ses diverses activit\u00e9s et traditions locales. La foire est une excellente vitrine pour l&#8217;artisanat, la gastronomie [&hellip;]<\/p>\n","protected":false},"author":9,"featured_media":13786,"comment_status":"open","ping_status":"open","sticky":false,"template":"","format":"standard","meta":{"footnotes":""},"categories":[52],"tags":[],"class_list":["post-13848","post","type-post","status-publish","format-standard","has-post-thumbnail","hentry","category-extra-en"],"yoast_head":"<!-- This site is optimized with the Yoast SEO plugin v27.4 - https:\/\/yoast.com\/product\/yoast-seo-wordpress\/ -->\n<title>Foire de Pollen\u00e7a: un m\u00e9lange de culture et de tradition<\/title>\n<meta name=\"description\" content=\"D\u00e9couvrez la foire de Pollen\u00e7a, un \u00e9v\u00e9nement avec de l&#039;artisanat, des activit\u00e9s culturelles, des attractions et de la gastronomie locale.\" \/>\n<meta name=\"robots\" content=\"index, follow, max-snippet:-1, max-image-preview:large, max-video-preview:-1\" \/>\n<link rel=\"canonical\" href=\"https:\/\/www.idealpropertymallorca.com\/blog\/fr\/decouvrez-la-foire-de-pollenca-un-melange-de-culture-et-de-tradition\/\" \/>\n<meta property=\"og:locale\" content=\"fr_FR\" \/>\n<meta property=\"og:type\" content=\"article\" \/>\n<meta property=\"og:title\" content=\"Foire de Pollen\u00e7a: un m\u00e9lange de culture et de tradition\" \/>\n<meta property=\"og:description\" content=\"D\u00e9couvrez la foire de Pollen\u00e7a, un \u00e9v\u00e9nement avec de l&#039;artisanat, des activit\u00e9s culturelles, des attractions et de la gastronomie locale.\" \/>\n<meta property=\"og:url\" content=\"https:\/\/www.idealpropertymallorca.com\/blog\/fr\/decouvrez-la-foire-de-pollenca-un-melange-de-culture-et-de-tradition\/\" \/>\n<meta property=\"og:site_name\" content=\"Majorca Blog\" \/>\n<meta property=\"article:published_time\" content=\"2024-10-15T10:19:19+00:00\" \/>\n<meta property=\"article:modified_time\" content=\"2024-10-15T10:27:40+00:00\" \/>\n<meta property=\"og:image\" content=\"https:\/\/www.idealpropertymallorca.com\/blog\/wp-content\/uploads\/2024\/10\/Captura-de-pantalla-2024-10-14-195226.png\" \/>\n\t<meta property=\"og:image:width\" content=\"1283\" \/>\n\t<meta property=\"og:image:height\" content=\"551\" \/>\n\t<meta property=\"og:image:type\" content=\"image\/png\" \/>\n<meta name=\"author\" content=\"Tatiana\" \/>\n<meta name=\"twitter:card\" content=\"summary_large_image\" \/>\n<meta name=\"twitter:label1\" content=\"Written by\" \/>\n\t<meta name=\"twitter:data1\" content=\"Tatiana\" \/>\n\t<meta name=\"twitter:label2\" content=\"Est. reading time\" \/>\n\t<meta name=\"twitter:data2\" content=\"4 minutes\" \/>\n<script type=\"application\/ld+json\" class=\"yoast-schema-graph\">{\"@context\":\"https:\\\/\\\/schema.org\",\"@graph\":[{\"@type\":\"Article\",\"@id\":\"https:\\\/\\\/www.idealpropertymallorca.com\\\/blog\\\/fr\\\/decouvrez-la-foire-de-pollenca-un-melange-de-culture-et-de-tradition\\\/#article\",\"isPartOf\":{\"@id\":\"https:\\\/\\\/www.idealpropertymallorca.com\\\/blog\\\/fr\\\/decouvrez-la-foire-de-pollenca-un-melange-de-culture-et-de-tradition\\\/\"},\"author\":{\"name\":\"Tatiana\",\"@id\":\"https:\\\/\\\/www.idealpropertymallorca.com\\\/blog\\\/fr\\\/#\\\/schema\\\/person\\\/3e6672008494e754197397c523aac13d\"},\"headline\":\"D\u00e9couvrez la foire de Pollen\u00e7a: un m\u00e9lange de culture et de tradition\",\"datePublished\":\"2024-10-15T10:19:19+00:00\",\"dateModified\":\"2024-10-15T10:27:40+00:00\",\"mainEntityOfPage\":{\"@id\":\"https:\\\/\\\/www.idealpropertymallorca.com\\\/blog\\\/fr\\\/decouvrez-la-foire-de-pollenca-un-melange-de-culture-et-de-tradition\\\/\"},\"wordCount\":680,\"commentCount\":0,\"publisher\":{\"@id\":\"https:\\\/\\\/www.idealpropertymallorca.com\\\/blog\\\/fr\\\/#organization\"},\"image\":{\"@id\":\"https:\\\/\\\/www.idealpropertymallorca.com\\\/blog\\\/fr\\\/decouvrez-la-foire-de-pollenca-un-melange-de-culture-et-de-tradition\\\/#primaryimage\"},\"thumbnailUrl\":\"https:\\\/\\\/www.idealpropertymallorca.com\\\/blog\\\/wp-content\\\/uploads\\\/2024\\\/10\\\/Captura-de-pantalla-2024-10-14-195226.png\",\"articleSection\":[\"Extra\"],\"inLanguage\":\"fr\",\"potentialAction\":[{\"@type\":\"CommentAction\",\"name\":\"Comment\",\"target\":[\"https:\\\/\\\/www.idealpropertymallorca.com\\\/blog\\\/fr\\\/decouvrez-la-foire-de-pollenca-un-melange-de-culture-et-de-tradition\\\/#respond\"]}]},{\"@type\":\"WebPage\",\"@id\":\"https:\\\/\\\/www.idealpropertymallorca.com\\\/blog\\\/fr\\\/decouvrez-la-foire-de-pollenca-un-melange-de-culture-et-de-tradition\\\/\",\"url\":\"https:\\\/\\\/www.idealpropertymallorca.com\\\/blog\\\/fr\\\/decouvrez-la-foire-de-pollenca-un-melange-de-culture-et-de-tradition\\\/\",\"name\":\"Foire de Pollen\u00e7a: un m\u00e9lange de culture et de tradition\",\"isPartOf\":{\"@id\":\"https:\\\/\\\/www.idealpropertymallorca.com\\\/blog\\\/fr\\\/#website\"},\"primaryImageOfPage\":{\"@id\":\"https:\\\/\\\/www.idealpropertymallorca.com\\\/blog\\\/fr\\\/decouvrez-la-foire-de-pollenca-un-melange-de-culture-et-de-tradition\\\/#primaryimage\"},\"image\":{\"@id\":\"https:\\\/\\\/www.idealpropertymallorca.com\\\/blog\\\/fr\\\/decouvrez-la-foire-de-pollenca-un-melange-de-culture-et-de-tradition\\\/#primaryimage\"},\"thumbnailUrl\":\"https:\\\/\\\/www.idealpropertymallorca.com\\\/blog\\\/wp-content\\\/uploads\\\/2024\\\/10\\\/Captura-de-pantalla-2024-10-14-195226.png\",\"datePublished\":\"2024-10-15T10:19:19+00:00\",\"dateModified\":\"2024-10-15T10:27:40+00:00\",\"description\":\"D\u00e9couvrez la foire de Pollen\u00e7a, un \u00e9v\u00e9nement avec de l'artisanat, des activit\u00e9s culturelles, des attractions et de la gastronomie locale.\",\"inLanguage\":\"fr\",\"potentialAction\":[{\"@type\":\"ReadAction\",\"target\":[\"https:\\\/\\\/www.idealpropertymallorca.com\\\/blog\\\/fr\\\/decouvrez-la-foire-de-pollenca-un-melange-de-culture-et-de-tradition\\\/\"]}]},{\"@type\":\"ImageObject\",\"inLanguage\":\"fr\",\"@id\":\"https:\\\/\\\/www.idealpropertymallorca.com\\\/blog\\\/fr\\\/decouvrez-la-foire-de-pollenca-un-melange-de-culture-et-de-tradition\\\/#primaryimage\",\"url\":\"https:\\\/\\\/www.idealpropertymallorca.com\\\/blog\\\/wp-content\\\/uploads\\\/2024\\\/10\\\/Captura-de-pantalla-2024-10-14-195226.png\",\"contentUrl\":\"https:\\\/\\\/www.idealpropertymallorca.com\\\/blog\\\/wp-content\\\/uploads\\\/2024\\\/10\\\/Captura-de-pantalla-2024-10-14-195226.png\",\"width\":1283,\"height\":551,\"caption\":\"la fira pollen\u00e7a\"},{\"@type\":\"WebSite\",\"@id\":\"https:\\\/\\\/www.idealpropertymallorca.com\\\/blog\\\/fr\\\/#website\",\"url\":\"https:\\\/\\\/www.idealpropertymallorca.com\\\/blog\\\/fr\\\/\",\"name\":\"Majorca Blog\",\"description\":\"Find relevant tourist information to see and do on the island of Mallorca during your holiday. Discover the best places and tips!\",\"publisher\":{\"@id\":\"https:\\\/\\\/www.idealpropertymallorca.com\\\/blog\\\/fr\\\/#organization\"},\"potentialAction\":[{\"@type\":\"SearchAction\",\"target\":{\"@type\":\"EntryPoint\",\"urlTemplate\":\"https:\\\/\\\/www.idealpropertymallorca.com\\\/blog\\\/fr\\\/?s={search_term_string}\"},\"query-input\":{\"@type\":\"PropertyValueSpecification\",\"valueRequired\":true,\"valueName\":\"search_term_string\"}}],\"inLanguage\":\"fr\"},{\"@type\":\"Organization\",\"@id\":\"https:\\\/\\\/www.idealpropertymallorca.com\\\/blog\\\/fr\\\/#organization\",\"name\":\"Majorca Blog\",\"url\":\"https:\\\/\\\/www.idealpropertymallorca.com\\\/blog\\\/fr\\\/\",\"logo\":{\"@type\":\"ImageObject\",\"inLanguage\":\"fr\",\"@id\":\"https:\\\/\\\/www.idealpropertymallorca.com\\\/blog\\\/fr\\\/#\\\/schema\\\/logo\\\/image\\\/\",\"url\":\"https:\\\/\\\/www.idealpropertymallorca.com\\\/blog\\\/wp-content\\\/uploads\\\/2024\\\/10\\\/ideal-property-mallorca-blue-mobile.png\",\"contentUrl\":\"https:\\\/\\\/www.idealpropertymallorca.com\\\/blog\\\/wp-content\\\/uploads\\\/2024\\\/10\\\/ideal-property-mallorca-blue-mobile.png\",\"width\":500,\"height\":150,\"caption\":\"Majorca Blog\"},\"image\":{\"@id\":\"https:\\\/\\\/www.idealpropertymallorca.com\\\/blog\\\/fr\\\/#\\\/schema\\\/logo\\\/image\\\/\"}},{\"@type\":\"Person\",\"@id\":\"https:\\\/\\\/www.idealpropertymallorca.com\\\/blog\\\/fr\\\/#\\\/schema\\\/person\\\/3e6672008494e754197397c523aac13d\",\"name\":\"Tatiana\",\"image\":{\"@type\":\"ImageObject\",\"inLanguage\":\"fr\",\"@id\":\"https:\\\/\\\/secure.gravatar.com\\\/avatar\\\/d1f7a61926f15609398032f2f6a1b823942e417fe09d2f38c4cf50bc1d193691?s=96&d=mm&r=g\",\"url\":\"https:\\\/\\\/secure.gravatar.com\\\/avatar\\\/d1f7a61926f15609398032f2f6a1b823942e417fe09d2f38c4cf50bc1d193691?s=96&d=mm&r=g\",\"contentUrl\":\"https:\\\/\\\/secure.gravatar.com\\\/avatar\\\/d1f7a61926f15609398032f2f6a1b823942e417fe09d2f38c4cf50bc1d193691?s=96&d=mm&r=g\",\"caption\":\"Tatiana\"}}]}<\/script>\n<!-- \/ Yoast SEO plugin. -->","yoast_head_json":{"title":"Foire de Pollen\u00e7a: un m\u00e9lange de culture et de tradition","description":"D\u00e9couvrez la foire de Pollen\u00e7a, un \u00e9v\u00e9nement avec de l'artisanat, des activit\u00e9s culturelles, des attractions et de la gastronomie locale.","robots":{"index":"index","follow":"follow","max-snippet":"max-snippet:-1","max-image-preview":"max-image-preview:large","max-video-preview":"max-video-preview:-1"},"canonical":"https:\/\/www.idealpropertymallorca.com\/blog\/fr\/decouvrez-la-foire-de-pollenca-un-melange-de-culture-et-de-tradition\/","og_locale":"fr_FR","og_type":"article","og_title":"Foire de Pollen\u00e7a: un m\u00e9lange de culture et de tradition","og_description":"D\u00e9couvrez la foire de Pollen\u00e7a, un \u00e9v\u00e9nement avec de l'artisanat, des activit\u00e9s culturelles, des attractions et de la gastronomie locale.","og_url":"https:\/\/www.idealpropertymallorca.com\/blog\/fr\/decouvrez-la-foire-de-pollenca-un-melange-de-culture-et-de-tradition\/","og_site_name":"Majorca Blog","article_published_time":"2024-10-15T10:19:19+00:00","article_modified_time":"2024-10-15T10:27:40+00:00","og_image":[{"width":1283,"height":551,"url":"https:\/\/www.idealpropertymallorca.com\/blog\/wp-content\/uploads\/2024\/10\/Captura-de-pantalla-2024-10-14-195226.png","type":"image\/png"}],"author":"Tatiana","twitter_card":"summary_large_image","twitter_misc":{"Written by":"Tatiana","Est. reading time":"4 minutes"},"schema":{"@context":"https:\/\/schema.org","@graph":[{"@type":"Article","@id":"https:\/\/www.idealpropertymallorca.com\/blog\/fr\/decouvrez-la-foire-de-pollenca-un-melange-de-culture-et-de-tradition\/#article","isPartOf":{"@id":"https:\/\/www.idealpropertymallorca.com\/blog\/fr\/decouvrez-la-foire-de-pollenca-un-melange-de-culture-et-de-tradition\/"},"author":{"name":"Tatiana","@id":"https:\/\/www.idealpropertymallorca.com\/blog\/fr\/#\/schema\/person\/3e6672008494e754197397c523aac13d"},"headline":"D\u00e9couvrez la foire de Pollen\u00e7a: un m\u00e9lange de culture et de tradition","datePublished":"2024-10-15T10:19:19+00:00","dateModified":"2024-10-15T10:27:40+00:00","mainEntityOfPage":{"@id":"https:\/\/www.idealpropertymallorca.com\/blog\/fr\/decouvrez-la-foire-de-pollenca-un-melange-de-culture-et-de-tradition\/"},"wordCount":680,"commentCount":0,"publisher":{"@id":"https:\/\/www.idealpropertymallorca.com\/blog\/fr\/#organization"},"image":{"@id":"https:\/\/www.idealpropertymallorca.com\/blog\/fr\/decouvrez-la-foire-de-pollenca-un-melange-de-culture-et-de-tradition\/#primaryimage"},"thumbnailUrl":"https:\/\/www.idealpropertymallorca.com\/blog\/wp-content\/uploads\/2024\/10\/Captura-de-pantalla-2024-10-14-195226.png","articleSection":["Extra"],"inLanguage":"fr","potentialAction":[{"@type":"CommentAction","name":"Comment","target":["https:\/\/www.idealpropertymallorca.com\/blog\/fr\/decouvrez-la-foire-de-pollenca-un-melange-de-culture-et-de-tradition\/#respond"]}]},{"@type":"WebPage","@id":"https:\/\/www.idealpropertymallorca.com\/blog\/fr\/decouvrez-la-foire-de-pollenca-un-melange-de-culture-et-de-tradition\/","url":"https:\/\/www.idealpropertymallorca.com\/blog\/fr\/decouvrez-la-foire-de-pollenca-un-melange-de-culture-et-de-tradition\/","name":"Foire de Pollen\u00e7a: un m\u00e9lange de culture et de tradition","isPartOf":{"@id":"https:\/\/www.idealpropertymallorca.com\/blog\/fr\/#website"},"primaryImageOfPage":{"@id":"https:\/\/www.idealpropertymallorca.com\/blog\/fr\/decouvrez-la-foire-de-pollenca-un-melange-de-culture-et-de-tradition\/#primaryimage"},"image":{"@id":"https:\/\/www.idealpropertymallorca.com\/blog\/fr\/decouvrez-la-foire-de-pollenca-un-melange-de-culture-et-de-tradition\/#primaryimage"},"thumbnailUrl":"https:\/\/www.idealpropertymallorca.com\/blog\/wp-content\/uploads\/2024\/10\/Captura-de-pantalla-2024-10-14-195226.png","datePublished":"2024-10-15T10:19:19+00:00","dateModified":"2024-10-15T10:27:40+00:00","description":"D\u00e9couvrez la foire de Pollen\u00e7a, un \u00e9v\u00e9nement avec de l'artisanat, des activit\u00e9s culturelles, des attractions et de la gastronomie locale.","inLanguage":"fr","potentialAction":[{"@type":"ReadAction","target":["https:\/\/www.idealpropertymallorca.com\/blog\/fr\/decouvrez-la-foire-de-pollenca-un-melange-de-culture-et-de-tradition\/"]}]},{"@type":"ImageObject","inLanguage":"fr","@id":"https:\/\/www.idealpropertymallorca.com\/blog\/fr\/decouvrez-la-foire-de-pollenca-un-melange-de-culture-et-de-tradition\/#primaryimage","url":"https:\/\/www.idealpropertymallorca.com\/blog\/wp-content\/uploads\/2024\/10\/Captura-de-pantalla-2024-10-14-195226.png","contentUrl":"https:\/\/www.idealpropertymallorca.com\/blog\/wp-content\/uploads\/2024\/10\/Captura-de-pantalla-2024-10-14-195226.png","width":1283,"height":551,"caption":"la fira pollen\u00e7a"},{"@type":"WebSite","@id":"https:\/\/www.idealpropertymallorca.com\/blog\/fr\/#website","url":"https:\/\/www.idealpropertymallorca.com\/blog\/fr\/","name":"Majorca Blog","description":"Find relevant tourist information to see and do on the island of Mallorca during your holiday. Discover the best places and tips!","publisher":{"@id":"https:\/\/www.idealpropertymallorca.com\/blog\/fr\/#organization"},"potentialAction":[{"@type":"SearchAction","target":{"@type":"EntryPoint","urlTemplate":"https:\/\/www.idealpropertymallorca.com\/blog\/fr\/?s={search_term_string}"},"query-input":{"@type":"PropertyValueSpecification","valueRequired":true,"valueName":"search_term_string"}}],"inLanguage":"fr"},{"@type":"Organization","@id":"https:\/\/www.idealpropertymallorca.com\/blog\/fr\/#organization","name":"Majorca Blog","url":"https:\/\/www.idealpropertymallorca.com\/blog\/fr\/","logo":{"@type":"ImageObject","inLanguage":"fr","@id":"https:\/\/www.idealpropertymallorca.com\/blog\/fr\/#\/schema\/logo\/image\/","url":"https:\/\/www.idealpropertymallorca.com\/blog\/wp-content\/uploads\/2024\/10\/ideal-property-mallorca-blue-mobile.png","contentUrl":"https:\/\/www.idealpropertymallorca.com\/blog\/wp-content\/uploads\/2024\/10\/ideal-property-mallorca-blue-mobile.png","width":500,"height":150,"caption":"Majorca Blog"},"image":{"@id":"https:\/\/www.idealpropertymallorca.com\/blog\/fr\/#\/schema\/logo\/image\/"}},{"@type":"Person","@id":"https:\/\/www.idealpropertymallorca.com\/blog\/fr\/#\/schema\/person\/3e6672008494e754197397c523aac13d","name":"Tatiana","image":{"@type":"ImageObject","inLanguage":"fr","@id":"https:\/\/secure.gravatar.com\/avatar\/d1f7a61926f15609398032f2f6a1b823942e417fe09d2f38c4cf50bc1d193691?s=96&d=mm&r=g","url":"https:\/\/secure.gravatar.com\/avatar\/d1f7a61926f15609398032f2f6a1b823942e417fe09d2f38c4cf50bc1d193691?s=96&d=mm&r=g","contentUrl":"https:\/\/secure.gravatar.com\/avatar\/d1f7a61926f15609398032f2f6a1b823942e417fe09d2f38c4cf50bc1d193691?s=96&d=mm&r=g","caption":"Tatiana"}}]}},"_links":{"self":[{"href":"https:\/\/www.idealpropertymallorca.com\/blog\/fr\/wp-json\/wp\/v2\/posts\/13848","targetHints":{"allow":["GET"]}}],"collection":[{"href":"https:\/\/www.idealpropertymallorca.com\/blog\/fr\/wp-json\/wp\/v2\/posts"}],"about":[{"href":"https:\/\/www.idealpropertymallorca.com\/blog\/fr\/wp-json\/wp\/v2\/types\/post"}],"author":[{"embeddable":true,"href":"https:\/\/www.idealpropertymallorca.com\/blog\/fr\/wp-json\/wp\/v2\/users\/9"}],"replies":[{"embeddable":true,"href":"https:\/\/www.idealpropertymallorca.com\/blog\/fr\/wp-json\/wp\/v2\/comments?post=13848"}],"version-history":[{"count":4,"href":"https:\/\/www.idealpropertymallorca.com\/blog\/fr\/wp-json\/wp\/v2\/posts\/13848\/revisions"}],"predecessor-version":[{"id":13852,"href":"https:\/\/www.idealpropertymallorca.com\/blog\/fr\/wp-json\/wp\/v2\/posts\/13848\/revisions\/13852"}],"wp:featuredmedia":[{"embeddable":true,"href":"https:\/\/www.idealpropertymallorca.com\/blog\/fr\/wp-json\/wp\/v2\/media\/13786"}],"wp:attachment":[{"href":"https:\/\/www.idealpropertymallorca.com\/blog\/fr\/wp-json\/wp\/v2\/media?parent=13848"}],"wp:term":[{"taxonomy":"category","embeddable":true,"href":"https:\/\/www.idealpropertymallorca.com\/blog\/fr\/wp-json\/wp\/v2\/categories?post=13848"},{"taxonomy":"post_tag","embeddable":true,"href":"https:\/\/www.idealpropertymallorca.com\/blog\/fr\/wp-json\/wp\/v2\/tags?post=13848"}],"curies":[{"name":"wp","href":"https:\/\/api.w.org\/{rel}","templated":true}]}}