{"id":13595,"date":"2024-11-14T11:23:49","date_gmt":"2024-11-14T11:23:49","guid":{"rendered":"https:\/\/www.idealpropertymallorca.com\/blog\/?p=13595"},"modified":"2025-07-17T11:07:12","modified_gmt":"2025-07-17T11:07:12","slug":"guide-des-12-sites-a-voir-a-pollensa","status":"publish","type":"post","link":"https:\/\/www.idealpropertymallorca.com\/blog\/fr\/guide-des-12-sites-a-voir-a-pollensa\/","title":{"rendered":"Guide des 12 sites \u00e0 voir \u00e0 Pollensa"},"content":{"rendered":"\t\t<div data-elementor-type=\"wp-post\" data-elementor-id=\"13595\" class=\"elementor elementor-13595 elementor-1490\" data-elementor-post-type=\"post\">\n\t\t\t\t\t\t<section class=\"elementor-section elementor-top-section elementor-element elementor-element-2702e6f elementor-section-boxed elementor-section-height-default elementor-section-height-default\" data-id=\"2702e6f\" data-element_type=\"section\" data-e-type=\"section\">\n\t\t\t\t\t\t<div class=\"elementor-container elementor-column-gap-default\">\n\t\t\t\t\t<div class=\"elementor-column elementor-col-100 elementor-top-column elementor-element elementor-element-28a39a8\" data-id=\"28a39a8\" data-element_type=\"column\" data-e-type=\"column\">\n\t\t\t<div class=\"elementor-widget-wrap elementor-element-populated\">\n\t\t\t\t\t\t<div class=\"elementor-element elementor-element-e49c7a0 elementor-widget elementor-widget-text-editor\" data-id=\"e49c7a0\" data-element_type=\"widget\" data-e-type=\"widget\" data-widget_type=\"text-editor.default\">\n\t\t\t\t<div class=\"elementor-widget-container\">\n\t\t\t\t\t\t\t\t\t<p>Vous pensez aux meilleures choses \u00e0 faire et \u00e0 voir \u00e0 Pollensa? D\u00e9couvrez les 12 meilleurs endroits avec Ideal Property.<\/p><p><strong>Pollensa<\/strong> est l&#8217;une des destinations touristiques les plus compl\u00e8tes et les plus recommandables de Mallorca. Cette ville de plus de 3 000 ans d&#8217;histoire et de 15 000 habitants est situ\u00e9e au nord de l&#8217;\u00eele, o\u00f9 elle offre un large \u00e9ventail d&#8217;exp\u00e9riences.<\/p><p>Elle offre des plages paradisiaques aux eaux turquoises, des paysages \u00e9poustouflants, des rues pav\u00e9es charg\u00e9es d&#8217;histoire, des services et des loisirs uniques. Vous voulez savoir quels sont ceux que vous ne devez pas manquer?<\/p>\t\t\t\t\t\t\t\t<\/div>\n\t\t\t\t<\/div>\n\t\t\t\t\t<\/div>\n\t\t<\/div>\n\t\t\t\t\t<\/div>\n\t\t<\/section>\n\t\t\t\t<section class=\"elementor-section elementor-top-section elementor-element elementor-element-d9d9d4b elementor-section-boxed elementor-section-height-default elementor-section-height-default\" data-id=\"d9d9d4b\" data-element_type=\"section\" data-e-type=\"section\">\n\t\t\t\t\t\t<div class=\"elementor-container elementor-column-gap-default\">\n\t\t\t\t\t<div class=\"elementor-column elementor-col-33 elementor-top-column elementor-element elementor-element-673aa0b\" data-id=\"673aa0b\" data-element_type=\"column\" data-e-type=\"column\">\n\t\t\t<div class=\"elementor-widget-wrap elementor-element-populated\">\n\t\t\t\t\t\t<div class=\"elementor-element elementor-element-52db7f4 elementor-widget elementor-widget-heading\" data-id=\"52db7f4\" data-element_type=\"widget\" data-e-type=\"widget\" data-widget_type=\"heading.default\">\n\t\t\t\t<div class=\"elementor-widget-container\">\n\t\t\t\t\t<h2 class=\"elementor-heading-title elementor-size-default\">1. Le port de Pollensa<\/h2>\t\t\t\t<\/div>\n\t\t\t\t<\/div>\n\t\t\t\t<div class=\"elementor-element elementor-element-6de7bf4 elementor-widget elementor-widget-text-editor\" data-id=\"6de7bf4\" data-element_type=\"widget\" data-e-type=\"widget\" data-widget_type=\"text-editor.default\">\n\t\t\t\t<div class=\"elementor-widget-container\">\n\t\t\t\t\t\t\t\t\t<p>En \u00e9t\u00e9, c&#8217;est le c\u0153ur de la ville, o\u00f9 se concentrent <strong>l&#8217;animation, l&#8217;atmosph\u00e8re et le plus grand nombre d&#8217;activit\u00e9s de loisirs<\/strong>. Sa plage de d\u00e9tente est situ\u00e9e \u00e0 c\u00f4t\u00e9 des zones r\u00e9serv\u00e9es aux sports nautiques. Vous y trouverez \u00e9galement une longue promenade qui m\u00e8ne au port de plaisance. Il faut absolument s&#8217;y promener, regarder les bateaux et profiter des terrasses environnantes. Vous pourrez \u00e9galement admirer les impressionnants hydravions qui s&#8217;entra\u00eenent sur la base militaire.<\/p>\t\t\t\t\t\t\t\t<\/div>\n\t\t\t\t<\/div>\n\t\t\t\t\t<\/div>\n\t\t<\/div>\n\t\t\t\t<div class=\"elementor-column elementor-col-66 elementor-top-column elementor-element elementor-element-4c287c1\" data-id=\"4c287c1\" data-element_type=\"column\" data-e-type=\"column\">\n\t\t\t<div class=\"elementor-widget-wrap elementor-element-populated\">\n\t\t\t\t\t\t<div class=\"elementor-element elementor-element-8ecad23 elementor-widget elementor-widget-image\" data-id=\"8ecad23\" data-element_type=\"widget\" data-e-type=\"widget\" data-widget_type=\"image.default\">\n\t\t\t\t<div class=\"elementor-widget-container\">\n\t\t\t\t\t\t\t\t\t\t\t\t\t\t\t<img fetchpriority=\"high\" decoding=\"async\" width=\"800\" height=\"393\" src=\"https:\/\/www.idealpropertymallorca.com\/blog\/wp-content\/uploads\/2023\/04\/port-de-pollensa-atardecer.jpg\" class=\"attachment-large size-large wp-image-13607\" alt=\"port-de-pollensa-atardecer\" srcset=\"https:\/\/www.idealpropertymallorca.com\/blog\/wp-content\/uploads\/2023\/04\/port-de-pollensa-atardecer.jpg 1280w, https:\/\/www.idealpropertymallorca.com\/blog\/wp-content\/uploads\/2023\/04\/port-de-pollensa-atardecer-768x377.jpg 768w\" sizes=\"(max-width: 800px) 100vw, 800px\" \/>\t\t\t\t\t\t\t\t\t\t\t\t\t\t\t<\/div>\n\t\t\t\t<\/div>\n\t\t\t\t\t<\/div>\n\t\t<\/div>\n\t\t\t\t\t<\/div>\n\t\t<\/section>\n\t\t\t\t<section class=\"elementor-section elementor-top-section elementor-element elementor-element-b6ec78e elementor-section-boxed elementor-section-height-default elementor-section-height-default\" data-id=\"b6ec78e\" data-element_type=\"section\" data-e-type=\"section\">\n\t\t\t\t\t\t<div class=\"elementor-container elementor-column-gap-default\">\n\t\t\t\t\t<div class=\"elementor-column elementor-col-66 elementor-top-column elementor-element elementor-element-2f46b68\" data-id=\"2f46b68\" data-element_type=\"column\" data-e-type=\"column\">\n\t\t\t<div class=\"elementor-widget-wrap elementor-element-populated\">\n\t\t\t\t\t\t<div class=\"elementor-element elementor-element-c506af5 elementor-widget elementor-widget-image\" data-id=\"c506af5\" data-element_type=\"widget\" data-e-type=\"widget\" data-widget_type=\"image.default\">\n\t\t\t\t<div class=\"elementor-widget-container\">\n\t\t\t\t\t\t\t\t\t\t\t\t\t\t\t<img decoding=\"async\" width=\"700\" height=\"342\" src=\"https:\/\/www.idealpropertymallorca.com\/blog\/wp-content\/uploads\/2023\/04\/que-ver-pollensa-la-fortaleza.jpg\" class=\"attachment-large size-large wp-image-13608\" alt=\"\" \/>\t\t\t\t\t\t\t\t\t\t\t\t\t\t\t<\/div>\n\t\t\t\t<\/div>\n\t\t\t\t\t<\/div>\n\t\t<\/div>\n\t\t\t\t<div class=\"elementor-column elementor-col-33 elementor-top-column elementor-element elementor-element-810bb89\" data-id=\"810bb89\" data-element_type=\"column\" data-e-type=\"column\">\n\t\t\t<div class=\"elementor-widget-wrap elementor-element-populated\">\n\t\t\t\t\t\t<div class=\"elementor-element elementor-element-0612897 elementor-widget elementor-widget-heading\" data-id=\"0612897\" data-element_type=\"widget\" data-e-type=\"widget\" data-widget_type=\"heading.default\">\n\t\t\t\t<div class=\"elementor-widget-container\">\n\t\t\t\t\t<h2 class=\"elementor-heading-title elementor-size-default\">2. La forteresse de Pollensa<\/h2>\t\t\t\t<\/div>\n\t\t\t\t<\/div>\n\t\t\t\t<div class=\"elementor-element elementor-element-fba3cb3 elementor-widget elementor-widget-text-editor\" data-id=\"fba3cb3\" data-element_type=\"widget\" data-e-type=\"widget\" data-widget_type=\"text-editor.default\">\n\t\t\t\t<div class=\"elementor-widget-container\">\n\t\t\t\t\t\t\t\t\t<p>Bien qu&#8217;elle ait d&#8217;abord \u00e9t\u00e9<strong> une tour de guet et un point de d\u00e9fense contre les pirates<\/strong>, elle est devenue, au d\u00e9but du XXe si\u00e8cle, un lieu de r\u00e9sidence pour les artistes. Datant du XVIIe si\u00e8cle, <strong>La Fortaleza<\/strong> est consid\u00e9r\u00e9e comme l&#8217;une des propri\u00e9t\u00e9s les plus ch\u00e8res d&#8217;Espagne et offre un spectacle fascinant. Si vous souhaitez la visiter, vous pouvez r\u00e9server et manger dans son <a href=\"https:\/\/caprocat.com\/fr\/restaurant-la-fortaleza\/\">restaurant<\/a>.<\/p>\t\t\t\t\t\t\t\t<\/div>\n\t\t\t\t<\/div>\n\t\t\t\t\t<\/div>\n\t\t<\/div>\n\t\t\t\t\t<\/div>\n\t\t<\/section>\n\t\t\t\t<section class=\"elementor-section elementor-top-section elementor-element elementor-element-05ebafc elementor-section-boxed elementor-section-height-default elementor-section-height-default\" data-id=\"05ebafc\" data-element_type=\"section\" data-e-type=\"section\">\n\t\t\t\t\t\t<div class=\"elementor-container elementor-column-gap-default\">\n\t\t\t\t\t<div class=\"elementor-column elementor-col-33 elementor-top-column elementor-element elementor-element-cac6c67\" data-id=\"cac6c67\" data-element_type=\"column\" data-e-type=\"column\">\n\t\t\t<div class=\"elementor-widget-wrap elementor-element-populated\">\n\t\t\t\t\t\t<div class=\"elementor-element elementor-element-0af2398 elementor-widget elementor-widget-heading\" data-id=\"0af2398\" data-element_type=\"widget\" data-e-type=\"widget\" data-widget_type=\"heading.default\">\n\t\t\t\t<div class=\"elementor-widget-container\">\n\t\t\t\t\t<h2 class=\"elementor-heading-title elementor-size-default\">3. Baie de Pollensa<\/h2>\t\t\t\t<\/div>\n\t\t\t\t<\/div>\n\t\t\t\t<div class=\"elementor-element elementor-element-03b0398 elementor-widget elementor-widget-text-editor\" data-id=\"03b0398\" data-element_type=\"widget\" data-e-type=\"widget\" data-widget_type=\"text-editor.default\">\n\t\t\t\t<div class=\"elementor-widget-container\">\n\t\t\t\t\t\t\t\t\t<p>Le lien avec la M\u00e9diterran\u00e9e dans cette r\u00e9gion est r\u00e9parti entre les deux villes principales: <strong>Pollensa et Alcudia<\/strong>. Toutes deux sont de tr\u00e8s belles villes, proches de plages naturelles uniques, comme la Cala de San Vicente. La <strong>baie de Pollensa<\/strong> offre de nombreux itin\u00e9raires pour les cyclistes amateurs et professionnels.<\/p>\t\t\t\t\t\t\t\t<\/div>\n\t\t\t\t<\/div>\n\t\t\t\t\t<\/div>\n\t\t<\/div>\n\t\t\t\t<div class=\"elementor-column elementor-col-66 elementor-top-column elementor-element elementor-element-9243f93\" data-id=\"9243f93\" data-element_type=\"column\" data-e-type=\"column\">\n\t\t\t<div class=\"elementor-widget-wrap elementor-element-populated\">\n\t\t\t\t\t\t<div class=\"elementor-element elementor-element-45a837a elementor-widget elementor-widget-image\" data-id=\"45a837a\" data-element_type=\"widget\" data-e-type=\"widget\" data-widget_type=\"image.default\">\n\t\t\t\t<div class=\"elementor-widget-container\">\n\t\t\t\t\t\t\t\t\t\t\t\t\t\t\t<img decoding=\"async\" width=\"800\" height=\"393\" src=\"https:\/\/www.idealpropertymallorca.com\/blog\/wp-content\/uploads\/2023\/04\/bahia-de-pollensa.jpg\" class=\"attachment-large size-large wp-image-13598\" alt=\"\" srcset=\"https:\/\/www.idealpropertymallorca.com\/blog\/wp-content\/uploads\/2023\/04\/bahia-de-pollensa.jpg 1280w, https:\/\/www.idealpropertymallorca.com\/blog\/wp-content\/uploads\/2023\/04\/bahia-de-pollensa-768x377.jpg 768w\" sizes=\"(max-width: 800px) 100vw, 800px\" \/>\t\t\t\t\t\t\t\t\t\t\t\t\t\t\t<\/div>\n\t\t\t\t<\/div>\n\t\t\t\t\t<\/div>\n\t\t<\/div>\n\t\t\t\t\t<\/div>\n\t\t<\/section>\n\t\t\t\t<section class=\"elementor-section elementor-top-section elementor-element elementor-element-5952995 elementor-section-boxed elementor-section-height-default elementor-section-height-default\" data-id=\"5952995\" data-element_type=\"section\" data-e-type=\"section\">\n\t\t\t\t\t\t<div class=\"elementor-container elementor-column-gap-default\">\n\t\t\t\t\t<div class=\"elementor-column elementor-col-66 elementor-top-column elementor-element elementor-element-efaaefb\" data-id=\"efaaefb\" data-element_type=\"column\" data-e-type=\"column\">\n\t\t\t<div class=\"elementor-widget-wrap elementor-element-populated\">\n\t\t\t\t\t\t<div class=\"elementor-element elementor-element-82fafe6 elementor-widget elementor-widget-image\" data-id=\"82fafe6\" data-element_type=\"widget\" data-e-type=\"widget\" data-widget_type=\"image.default\">\n\t\t\t\t<div class=\"elementor-widget-container\">\n\t\t\t\t\t\t\t\t\t\t\t\t\t\t\t<img loading=\"lazy\" decoding=\"async\" width=\"700\" height=\"342\" src=\"https:\/\/www.idealpropertymallorca.com\/blog\/wp-content\/uploads\/2023\/04\/cala-san-vicente-en-pollensa-mallorca.jpg\" class=\"attachment-large size-large wp-image-13609\" alt=\"\" \/>\t\t\t\t\t\t\t\t\t\t\t\t\t\t\t<\/div>\n\t\t\t\t<\/div>\n\t\t\t\t\t<\/div>\n\t\t<\/div>\n\t\t\t\t<div class=\"elementor-column elementor-col-33 elementor-top-column elementor-element elementor-element-b2f46bb\" data-id=\"b2f46bb\" data-element_type=\"column\" data-e-type=\"column\">\n\t\t\t<div class=\"elementor-widget-wrap elementor-element-populated\">\n\t\t\t\t\t\t<div class=\"elementor-element elementor-element-777b208 elementor-widget elementor-widget-heading\" data-id=\"777b208\" data-element_type=\"widget\" data-e-type=\"widget\" data-widget_type=\"heading.default\">\n\t\t\t\t<div class=\"elementor-widget-container\">\n\t\t\t\t\t<h2 class=\"elementor-heading-title elementor-size-default\">4. Baie de San Vicente \u00e0 Pollensa<\/h2>\t\t\t\t<\/div>\n\t\t\t\t<\/div>\n\t\t\t\t<div class=\"elementor-element elementor-element-8f29169 elementor-widget elementor-widget-text-editor\" data-id=\"8f29169\" data-element_type=\"widget\" data-e-type=\"widget\" data-widget_type=\"text-editor.default\">\n\t\t\t\t<div class=\"elementor-widget-container\">\n\t\t\t\t\t\t\t\t\t<p>Situ\u00e9e au nord-ouest de Mallorca, elle se distingue par la transparence cristalline de ses eaux, ses falaises imposantes et ses formidables panoramas. C&#8217;est le havre maritime id\u00e9al pour les <strong>amateurs de baignades sauvages<\/strong>. Si vous pr\u00e9f\u00e9rez profiter du sable et d&#8217;une ambiance familiale, essayez Cala Barques ou Cala Molins; si vous souhaitez une plage plus intime, Cala Clara est id\u00e9ale ; en revanche, si vous voulez profiter d&#8217;une crique rocheuse o\u00f9 le facteur principal est la nature, allez \u00e0 Cala Carb\u00f3. Cependant, les jours de vent, il est interdit de se baigner ici \u00e0 cause du danger des vagues. Vous voulez faire de la plong\u00e9e? C&#8217;est un excellent endroit.<\/p>\t\t\t\t\t\t\t\t<\/div>\n\t\t\t\t<\/div>\n\t\t\t\t\t<\/div>\n\t\t<\/div>\n\t\t\t\t\t<\/div>\n\t\t<\/section>\n\t\t\t\t<section class=\"elementor-section elementor-top-section elementor-element elementor-element-037052e elementor-section-boxed elementor-section-height-default elementor-section-height-default\" data-id=\"037052e\" data-element_type=\"section\" data-e-type=\"section\">\n\t\t\t\t\t\t<div class=\"elementor-container elementor-column-gap-default\">\n\t\t\t\t\t<div class=\"elementor-column elementor-col-33 elementor-top-column elementor-element elementor-element-6b9045d\" data-id=\"6b9045d\" data-element_type=\"column\" data-e-type=\"column\">\n\t\t\t<div class=\"elementor-widget-wrap elementor-element-populated\">\n\t\t\t\t\t\t<div class=\"elementor-element elementor-element-2cbca28 elementor-widget elementor-widget-heading\" data-id=\"2cbca28\" data-element_type=\"widget\" data-e-type=\"widget\" data-widget_type=\"heading.default\">\n\t\t\t\t<div class=\"elementor-widget-container\">\n\t\t\t\t\t<h2 class=\"elementor-heading-title elementor-size-default\">5. El Calvario, l'histoire de Pollensa<\/h2>\t\t\t\t<\/div>\n\t\t\t\t<\/div>\n\t\t\t\t<div class=\"elementor-element elementor-element-3ae1daf elementor-widget elementor-widget-text-editor\" data-id=\"3ae1daf\" data-element_type=\"widget\" data-e-type=\"widget\" data-widget_type=\"text-editor.default\">\n\t\t\t\t<div class=\"elementor-widget-container\">\n\t\t\t\t\t\t\t\t\t<p>Relevez le d\u00e9fi de cette promenade d&#8217;une quarantaine de minutes qui, en plus d&#8217;\u00eatre une activit\u00e9 physique exigeante, est un v\u00e9ritable r\u00e9gal pour les sens. Au sommet, vous trouverez deux points de vue, dont l&#8217;un est assez cach\u00e9, \u00e0 vous de le trouver ! Vous pourrez \u00e9galement voir l&#8217;\u00e9glise du Calvaire qui, au cours de l&#8217;histoire, est pass\u00e9e entre diff\u00e9rentes mains, comme celle des Templiers. Au total, <b>365 marches, une pour chaque jour de l&#8217;ann\u00e9e<\/b>, vous attendent parmi les cypr\u00e8s et les croix, ainsi que de belles vues panoramiques. Vous pouvez \u00e9galement monter ou descendre la pente du belv\u00e9d\u00e8re o\u00f9 se trouvent les 14 croix que, selon la tradition chr\u00e9tienne, J\u00e9sus-Christ a endur\u00e9es sur son chemin vers le mont Golgotha o\u00f9 il a \u00e9t\u00e9 crucifi\u00e9.<\/p><p>Le Calvaire est id\u00e9al \u00e0 visiter pendant la Semaine Sainte, car tous les vendredis saints, il accueille la descente de croix, l&#8217;un des \u00e9v\u00e9nements les plus importants de la Semaine Sainte majorquine, o\u00f9 l&#8217;on peut assister \u00e0 la procession repr\u00e9sentant la descente du Christ.<\/p>\t\t\t\t\t\t\t\t<\/div>\n\t\t\t\t<\/div>\n\t\t\t\t\t<\/div>\n\t\t<\/div>\n\t\t\t\t<div class=\"elementor-column elementor-col-66 elementor-top-column elementor-element elementor-element-876b832\" data-id=\"876b832\" data-element_type=\"column\" data-e-type=\"column\">\n\t\t\t<div class=\"elementor-widget-wrap elementor-element-populated\">\n\t\t\t\t\t\t<div class=\"elementor-element elementor-element-90fd965 elementor-widget__width-initial elementor-widget elementor-widget-image\" data-id=\"90fd965\" data-element_type=\"widget\" data-e-type=\"widget\" data-widget_type=\"image.default\">\n\t\t\t\t<div class=\"elementor-widget-container\">\n\t\t\t\t\t\t\t\t\t\t\t\t\t\t\t<img loading=\"lazy\" decoding=\"async\" width=\"700\" height=\"342\" src=\"https:\/\/www.idealpropertymallorca.com\/blog\/wp-content\/uploads\/2023\/04\/el-calvario-pollensa-que-ver.jpg\" class=\"attachment-large size-large wp-image-13602\" alt=\"\" \/>\t\t\t\t\t\t\t\t\t\t\t\t\t\t\t<\/div>\n\t\t\t\t<\/div>\n\t\t\t\t\t<\/div>\n\t\t<\/div>\n\t\t\t\t\t<\/div>\n\t\t<\/section>\n\t\t\t\t<section class=\"elementor-section elementor-top-section elementor-element elementor-element-b12988c elementor-section-boxed elementor-section-height-default elementor-section-height-default\" data-id=\"b12988c\" data-element_type=\"section\" data-e-type=\"section\">\n\t\t\t\t\t\t<div class=\"elementor-container elementor-column-gap-default\">\n\t\t\t\t\t<div class=\"elementor-column elementor-col-66 elementor-top-column elementor-element elementor-element-e91c5f4\" data-id=\"e91c5f4\" data-element_type=\"column\" data-e-type=\"column\">\n\t\t\t<div class=\"elementor-widget-wrap elementor-element-populated\">\n\t\t\t\t\t\t<div class=\"elementor-element elementor-element-092fbea elementor-widget elementor-widget-image\" data-id=\"092fbea\" data-element_type=\"widget\" data-e-type=\"widget\" data-widget_type=\"image.default\">\n\t\t\t\t<div class=\"elementor-widget-container\">\n\t\t\t\t\t\t\t\t\t\t\t\t\t\t\t<img loading=\"lazy\" decoding=\"async\" width=\"700\" height=\"342\" src=\"https:\/\/www.idealpropertymallorca.com\/blog\/wp-content\/uploads\/2023\/04\/convento-santo-domingo-pollensa.jpg\" class=\"attachment-large size-large wp-image-13610\" alt=\"\" \/>\t\t\t\t\t\t\t\t\t\t\t\t\t\t\t<\/div>\n\t\t\t\t<\/div>\n\t\t\t\t\t<\/div>\n\t\t<\/div>\n\t\t\t\t<div class=\"elementor-column elementor-col-33 elementor-top-column elementor-element elementor-element-c9c7c05\" data-id=\"c9c7c05\" data-element_type=\"column\" data-e-type=\"column\">\n\t\t\t<div class=\"elementor-widget-wrap elementor-element-populated\">\n\t\t\t\t\t\t<div class=\"elementor-element elementor-element-39431ff elementor-widget elementor-widget-heading\" data-id=\"39431ff\" data-element_type=\"widget\" data-e-type=\"widget\" data-widget_type=\"heading.default\">\n\t\t\t\t<div class=\"elementor-widget-container\">\n\t\t\t\t\t<h2 class=\"elementor-heading-title elementor-size-default\">6. Le couvent de Santo Domingo<\/h2>\t\t\t\t<\/div>\n\t\t\t\t<\/div>\n\t\t\t\t<div class=\"elementor-element elementor-element-19e3afd elementor-widget elementor-widget-text-editor\" data-id=\"19e3afd\" data-element_type=\"widget\" data-e-type=\"widget\" data-widget_type=\"text-editor.default\">\n\t\t\t\t<div class=\"elementor-widget-container\">\n\t\t\t\t\t\t\t\t\t<p>Les amateurs d&#8217;art, de culture et de sites religieux appr\u00e9cieront cette visite charismatique. Elle comprend non seulementa\u00a0<strong>le mus\u00e9e de Pollensa<\/strong>\u00a0et ses nombreuses \u0153uvres d&#8217;art, mais aussi le clo\u00eetre baroque. Construit entre 1558 et 1616, cet \u00e9difice accueille un festival de musique classique, le Festival de Pollen\u00e7a. Dans le mus\u00e9e, vous trouverez le c\u00e9l\u00e8bre mandala que le Dala\u00ef Lama et ses moines bouddhistes ont offert au peuple majorquin lors de leur visite \u00e0 l&#8217;\u00e9t\u00e9 1990.<\/p>\t\t\t\t\t\t\t\t<\/div>\n\t\t\t\t<\/div>\n\t\t\t\t\t<\/div>\n\t\t<\/div>\n\t\t\t\t\t<\/div>\n\t\t<\/section>\n\t\t\t\t<section class=\"elementor-section elementor-top-section elementor-element elementor-element-31c6aea elementor-section-boxed elementor-section-height-default elementor-section-height-default\" data-id=\"31c6aea\" data-element_type=\"section\" data-e-type=\"section\">\n\t\t\t\t\t\t<div class=\"elementor-container elementor-column-gap-default\">\n\t\t\t\t\t<div class=\"elementor-column elementor-col-100 elementor-top-column elementor-element elementor-element-021f6fe\" data-id=\"021f6fe\" data-element_type=\"column\" data-e-type=\"column\">\n\t\t\t<div class=\"elementor-widget-wrap elementor-element-populated\">\n\t\t\t\t\t\t<div class=\"elementor-element elementor-element-5002bca elementor-button-info elementor-align-justify elementor-widget elementor-widget-button\" data-id=\"5002bca\" data-element_type=\"widget\" data-e-type=\"widget\" data-widget_type=\"button.default\">\n\t\t\t\t<div class=\"elementor-widget-container\">\n\t\t\t\t\t\t\t\t\t<div class=\"elementor-button-wrapper\">\n\t\t\t\t\t<a class=\"elementor-button elementor-button-link elementor-size-sm\" href=\"https:\/\/www.idealpropertymallorca.com\/blog\/fr\/les-fetes-de-la-patrona-de-pollenca\/\">\n\t\t\t\t\t\t<span class=\"elementor-button-content-wrapper\">\n\t\t\t\t\t\t<span class=\"elementor-button-icon\">\n\t\t\t\t<i aria-hidden=\"true\" class=\"far fa-star\"><\/i>\t\t\t<\/span>\n\t\t\t\t\t\t\t\t\t<span class=\"elementor-button-text\">Tout savoir sur les festivit\u00e9s de La Patrona Pollen\u00e7a<\/span>\n\t\t\t\t\t<\/span>\n\t\t\t\t\t<\/a>\n\t\t\t\t<\/div>\n\t\t\t\t\t\t\t\t<\/div>\n\t\t\t\t<\/div>\n\t\t\t\t\t<\/div>\n\t\t<\/div>\n\t\t\t\t\t<\/div>\n\t\t<\/section>\n\t\t\t\t<section class=\"elementor-section elementor-top-section elementor-element elementor-element-b339296 elementor-section-boxed elementor-section-height-default elementor-section-height-default\" data-id=\"b339296\" data-element_type=\"section\" data-e-type=\"section\">\n\t\t\t\t\t\t<div class=\"elementor-container elementor-column-gap-default\">\n\t\t\t\t\t<div class=\"elementor-column elementor-col-33 elementor-top-column elementor-element elementor-element-69cd61c\" data-id=\"69cd61c\" data-element_type=\"column\" data-e-type=\"column\">\n\t\t\t<div class=\"elementor-widget-wrap elementor-element-populated\">\n\t\t\t\t\t\t<div class=\"elementor-element elementor-element-5ca9f81 elementor-widget elementor-widget-heading\" data-id=\"5ca9f81\" data-element_type=\"widget\" data-e-type=\"widget\" data-widget_type=\"heading.default\">\n\t\t\t\t<div class=\"elementor-widget-container\">\n\t\t\t\t\t<h2 class=\"elementor-heading-title elementor-size-default\">7. Place principale de Pollensa<\/h2>\t\t\t\t<\/div>\n\t\t\t\t<\/div>\n\t\t\t\t<div class=\"elementor-element elementor-element-ab92518 elementor-widget elementor-widget-text-editor\" data-id=\"ab92518\" data-element_type=\"widget\" data-e-type=\"widget\" data-widget_type=\"text-editor.default\">\n\t\t\t\t<div class=\"elementor-widget-container\">\n\t\t\t\t\t\t\t\t\t<p>C&#8217;est l&#8217;un des lieux les plus importants de la ville. En plus d&#8217;\u00eatre un centre de divertissement et d&#8217;activit\u00e9s sociales, il comprend <strong>l&#8217;\u00e9glise paroissiale du XVIIe si\u00e8cle<\/strong>, des terrasses tranquilles, des restaurants, des caf\u00e9s et, le dimanche, une agitation particuli\u00e8re &#8211; c&#8217;est le jour du march\u00e9 et tout est en effervescence autour de cet endroit!<\/p>\t\t\t\t\t\t\t\t<\/div>\n\t\t\t\t<\/div>\n\t\t\t\t\t<\/div>\n\t\t<\/div>\n\t\t\t\t<div class=\"elementor-column elementor-col-66 elementor-top-column elementor-element elementor-element-c150126\" data-id=\"c150126\" data-element_type=\"column\" data-e-type=\"column\">\n\t\t\t<div class=\"elementor-widget-wrap elementor-element-populated\">\n\t\t\t\t\t\t<div class=\"elementor-element elementor-element-e16c3b1 elementor-widget elementor-widget-image\" data-id=\"e16c3b1\" data-element_type=\"widget\" data-e-type=\"widget\" data-widget_type=\"image.default\">\n\t\t\t\t<div class=\"elementor-widget-container\">\n\t\t\t\t\t\t\t\t\t\t\t\t\t\t\t<img loading=\"lazy\" decoding=\"async\" width=\"700\" height=\"342\" src=\"https:\/\/www.idealpropertymallorca.com\/blog\/wp-content\/uploads\/2023\/04\/plaza-mayor-pollensa-lugares-que-ver.jpg\" class=\"attachment-large size-large wp-image-13611\" alt=\"\" \/>\t\t\t\t\t\t\t\t\t\t\t\t\t\t\t<\/div>\n\t\t\t\t<\/div>\n\t\t\t\t\t<\/div>\n\t\t<\/div>\n\t\t\t\t\t<\/div>\n\t\t<\/section>\n\t\t\t\t<section class=\"elementor-section elementor-top-section elementor-element elementor-element-e4ca97e elementor-section-boxed elementor-section-height-default elementor-section-height-default\" data-id=\"e4ca97e\" data-element_type=\"section\" data-e-type=\"section\">\n\t\t\t\t\t\t<div class=\"elementor-container elementor-column-gap-default\">\n\t\t\t\t\t<div class=\"elementor-column elementor-col-66 elementor-top-column elementor-element elementor-element-29da075\" data-id=\"29da075\" data-element_type=\"column\" data-e-type=\"column\">\n\t\t\t<div class=\"elementor-widget-wrap elementor-element-populated\">\n\t\t\t\t\t\t<div class=\"elementor-element elementor-element-4f0fd30 elementor-widget elementor-widget-image\" data-id=\"4f0fd30\" data-element_type=\"widget\" data-e-type=\"widget\" data-widget_type=\"image.default\">\n\t\t\t\t<div class=\"elementor-widget-container\">\n\t\t\t\t\t\t\t\t\t\t\t\t\t\t\t<img loading=\"lazy\" decoding=\"async\" width=\"700\" height=\"342\" src=\"https:\/\/www.idealpropertymallorca.com\/blog\/wp-content\/uploads\/2023\/04\/mercado-pollensa.jpg\" class=\"attachment-large size-large wp-image-13612\" alt=\"\" \/>\t\t\t\t\t\t\t\t\t\t\t\t\t\t\t<\/div>\n\t\t\t\t<\/div>\n\t\t\t\t\t<\/div>\n\t\t<\/div>\n\t\t\t\t<div class=\"elementor-column elementor-col-33 elementor-top-column elementor-element elementor-element-3940f2b\" data-id=\"3940f2b\" data-element_type=\"column\" data-e-type=\"column\">\n\t\t\t<div class=\"elementor-widget-wrap elementor-element-populated\">\n\t\t\t\t\t\t<div class=\"elementor-element elementor-element-199010d elementor-widget elementor-widget-heading\" data-id=\"199010d\" data-element_type=\"widget\" data-e-type=\"widget\" data-widget_type=\"heading.default\">\n\t\t\t\t<div class=\"elementor-widget-container\">\n\t\t\t\t\t<h2 class=\"elementor-heading-title elementor-size-default\">8. March\u00e9 de Pollensa<\/h2>\t\t\t\t<\/div>\n\t\t\t\t<\/div>\n\t\t\t\t<div class=\"elementor-element elementor-element-16b2ec6 elementor-widget elementor-widget-text-editor\" data-id=\"16b2ec6\" data-element_type=\"widget\" data-e-type=\"widget\" data-widget_type=\"text-editor.default\">\n\t\t\t\t<div class=\"elementor-widget-container\">\n\t\t\t\t\t\t\t\t\t<p>Il ne faut pas manquer ce haut lieu du commerce o\u00f9 se c\u00f4toient <strong>alimentation, textiles, chaussures et artisanat<\/strong> de tous horizons. Il se tient le dimanche sur la Plaza Mayor, toujours tr\u00e8s fr\u00e9quent\u00e9e, entre 8 h et 13 h 30. Visitez le <strong>march\u00e9 de Pollensa<\/strong> et go\u00fbtez aux produits frais locaux!<\/p>\t\t\t\t\t\t\t\t<\/div>\n\t\t\t\t<\/div>\n\t\t\t\t\t<\/div>\n\t\t<\/div>\n\t\t\t\t\t<\/div>\n\t\t<\/section>\n\t\t\t\t<section class=\"elementor-section elementor-top-section elementor-element elementor-element-65d7e11 elementor-section-boxed elementor-section-height-default elementor-section-height-default\" data-id=\"65d7e11\" data-element_type=\"section\" data-e-type=\"section\">\n\t\t\t\t\t\t<div class=\"elementor-container elementor-column-gap-default\">\n\t\t\t\t\t<div class=\"elementor-column elementor-col-33 elementor-top-column elementor-element elementor-element-ef10bf1\" data-id=\"ef10bf1\" data-element_type=\"column\" data-e-type=\"column\">\n\t\t\t<div class=\"elementor-widget-wrap elementor-element-populated\">\n\t\t\t\t\t\t<div class=\"elementor-element elementor-element-07c5431 elementor-widget elementor-widget-heading\" data-id=\"07c5431\" data-element_type=\"widget\" data-e-type=\"widget\" data-widget_type=\"heading.default\">\n\t\t\t\t<div class=\"elementor-widget-container\">\n\t\t\t\t\t<h2 class=\"elementor-heading-title elementor-size-default\">9. Le cap Formentor et la nature de Pollensa<\/h2>\t\t\t\t<\/div>\n\t\t\t\t<\/div>\n\t\t\t\t<div class=\"elementor-element elementor-element-842d00d elementor-widget elementor-widget-text-editor\" data-id=\"842d00d\" data-element_type=\"widget\" data-e-type=\"widget\" data-widget_type=\"text-editor.default\">\n\t\t\t\t<div class=\"elementor-widget-container\">\n\t\t\t\t\t\t\t\t\t<p>Cette excursion d&#8217;une demi-heure en voiture vous conduira \u00e0 des points de vue uniques, comme Es Colomer et Talaia d&#8217;albertcutx. Vous verrez sans doute <strong>les plus belles vues des Bal\u00e9ares<\/strong>, surtout si vous les admirez au coucher du soleil depuis le phare du Faro de Formentor. Profitez de l&#8217;excursion pour vous baigner \u00e0 Playa de Formentor ou \u00e0 Cala Figuera.<\/p><p>Plus d&#8217;informations <a href=\"https:\/\/pollensa.com\/fr\/\">ici<\/a>.<\/p>\t\t\t\t\t\t\t\t<\/div>\n\t\t\t\t<\/div>\n\t\t\t\t\t<\/div>\n\t\t<\/div>\n\t\t\t\t<div class=\"elementor-column elementor-col-66 elementor-top-column elementor-element elementor-element-27deb74\" data-id=\"27deb74\" data-element_type=\"column\" data-e-type=\"column\">\n\t\t\t<div class=\"elementor-widget-wrap elementor-element-populated\">\n\t\t\t\t\t\t<div class=\"elementor-element elementor-element-2530550 elementor-widget elementor-widget-image\" data-id=\"2530550\" data-element_type=\"widget\" data-e-type=\"widget\" data-widget_type=\"image.default\">\n\t\t\t\t<div class=\"elementor-widget-container\">\n\t\t\t\t\t\t\t\t\t\t\t\t\t\t\t<img loading=\"lazy\" decoding=\"async\" width=\"700\" height=\"342\" src=\"https:\/\/www.idealpropertymallorca.com\/blog\/wp-content\/uploads\/2023\/04\/pollensa-cabo-formentor-mallorca.jpg\" class=\"attachment-large size-large wp-image-13604\" alt=\"\" \/>\t\t\t\t\t\t\t\t\t\t\t\t\t\t\t<\/div>\n\t\t\t\t<\/div>\n\t\t\t\t\t<\/div>\n\t\t<\/div>\n\t\t\t\t\t<\/div>\n\t\t<\/section>\n\t\t\t\t<section class=\"elementor-section elementor-top-section elementor-element elementor-element-ef8e57e elementor-section-boxed elementor-section-height-default elementor-section-height-default\" data-id=\"ef8e57e\" data-element_type=\"section\" data-e-type=\"section\">\n\t\t\t\t\t\t<div class=\"elementor-container elementor-column-gap-default\">\n\t\t\t\t\t<div class=\"elementor-column elementor-col-66 elementor-top-column elementor-element elementor-element-6a509c6\" data-id=\"6a509c6\" data-element_type=\"column\" data-e-type=\"column\">\n\t\t\t<div class=\"elementor-widget-wrap elementor-element-populated\">\n\t\t\t\t\t\t<div class=\"elementor-element elementor-element-a59ad84 elementor-widget elementor-widget-image\" data-id=\"a59ad84\" data-element_type=\"widget\" data-e-type=\"widget\" data-widget_type=\"image.default\">\n\t\t\t\t<div class=\"elementor-widget-container\">\n\t\t\t\t\t\t\t\t\t\t\t\t\t\t\t<img loading=\"lazy\" decoding=\"async\" width=\"700\" height=\"342\" src=\"https:\/\/www.idealpropertymallorca.com\/blog\/wp-content\/uploads\/2023\/04\/cala-murta-lugares-pollensa-mallorca.jpg\" class=\"attachment-large size-large wp-image-13600\" alt=\"\" \/>\t\t\t\t\t\t\t\t\t\t\t\t\t\t\t<\/div>\n\t\t\t\t<\/div>\n\t\t\t\t\t<\/div>\n\t\t<\/div>\n\t\t\t\t<div class=\"elementor-column elementor-col-33 elementor-top-column elementor-element elementor-element-cdbe2c0\" data-id=\"cdbe2c0\" data-element_type=\"column\" data-e-type=\"column\">\n\t\t\t<div class=\"elementor-widget-wrap elementor-element-populated\">\n\t\t\t\t\t\t<div class=\"elementor-element elementor-element-5d58826 elementor-widget elementor-widget-heading\" data-id=\"5d58826\" data-element_type=\"widget\" data-e-type=\"widget\" data-widget_type=\"heading.default\">\n\t\t\t\t<div class=\"elementor-widget-container\">\n\t\t\t\t\t<h2 class=\"elementor-heading-title elementor-size-default\">10. Cala Murta, le coin cach\u00e9 de Pollensa<\/h2>\t\t\t\t<\/div>\n\t\t\t\t<\/div>\n\t\t\t\t<div class=\"elementor-element elementor-element-04ddb92 elementor-widget elementor-widget-text-editor\" data-id=\"04ddb92\" data-element_type=\"widget\" data-e-type=\"widget\" data-widget_type=\"text-editor.default\">\n\t\t\t\t<div class=\"elementor-widget-container\">\n\t\t\t\t\t\t\t\t\t<p>Situ\u00e9 \u00e0 une vingtaine de kilom\u00e8tres de <b>Puerto de Pollensa<\/b>, il s&#8217;agit d&#8217;un surprenant bras de mer qui atteint 180 m\u00e8tres \u00e0 l&#8217;int\u00e9rieur des terres. La zone de baignade est situ\u00e9e <b>entre une v\u00e9g\u00e9tation luxuriante et des falaises imposantes<\/b>. Le spectacle chromatique des eaux bleues et de la for\u00eat verte est fascinant. Il assure la tranquillit\u00e9, peut-\u00eatre parce que son acc\u00e8s n&#8217;est pas du tout facile.<\/p>\t\t\t\t\t\t\t\t<\/div>\n\t\t\t\t<\/div>\n\t\t\t\t\t<\/div>\n\t\t<\/div>\n\t\t\t\t\t<\/div>\n\t\t<\/section>\n\t\t\t\t<section class=\"elementor-section elementor-top-section elementor-element elementor-element-0090e4d elementor-section-boxed elementor-section-height-default elementor-section-height-default\" data-id=\"0090e4d\" data-element_type=\"section\" data-e-type=\"section\">\n\t\t\t\t\t\t<div class=\"elementor-container elementor-column-gap-default\">\n\t\t\t\t\t<div class=\"elementor-column elementor-col-33 elementor-top-column elementor-element elementor-element-deb4cc1\" data-id=\"deb4cc1\" data-element_type=\"column\" data-e-type=\"column\">\n\t\t\t<div class=\"elementor-widget-wrap elementor-element-populated\">\n\t\t\t\t\t\t<div class=\"elementor-element elementor-element-25f969f elementor-widget elementor-widget-heading\" data-id=\"25f969f\" data-element_type=\"widget\" data-e-type=\"widget\" data-widget_type=\"heading.default\">\n\t\t\t\t<div class=\"elementor-widget-container\">\n\t\t\t\t\t<h2 class=\"elementor-heading-title elementor-size-default\">11. Jardins Joan March<\/h2>\t\t\t\t<\/div>\n\t\t\t\t<\/div>\n\t\t\t\t<div class=\"elementor-element elementor-element-e8c7902 elementor-widget elementor-widget-text-editor\" data-id=\"e8c7902\" data-element_type=\"widget\" data-e-type=\"widget\" data-widget_type=\"text-editor.default\">\n\t\t\t\t<div class=\"elementor-widget-container\">\n\t\t\t\t\t\t\t\t\t<p>Une promenade dans ces beaux jardins vous m\u00e8nera \u00e0 la statue de Joan Mas, un h\u00e9ros local, tout en profitant de la v\u00e9g\u00e9tation indig\u00e8ne. Mais <strong>l&#8217;\u00e9l\u00e9ment le plus important est la tour Desbrull<\/strong>. De style gothique, elle faisait partie de la demeure de la famille qui lui a donn\u00e9 son nom. Ne la manquez pas et prenez une photo de vous \u00e0 c\u00f4t\u00e9 d&#8217;elle pour vos r\u00e9seaux sociaux.<\/p>\t\t\t\t\t\t\t\t<\/div>\n\t\t\t\t<\/div>\n\t\t\t\t\t<\/div>\n\t\t<\/div>\n\t\t\t\t<div class=\"elementor-column elementor-col-66 elementor-top-column elementor-element elementor-element-f189567\" data-id=\"f189567\" data-element_type=\"column\" data-e-type=\"column\">\n\t\t\t<div class=\"elementor-widget-wrap elementor-element-populated\">\n\t\t\t\t\t\t<div class=\"elementor-element elementor-element-070e903 elementor-widget elementor-widget-image\" data-id=\"070e903\" data-element_type=\"widget\" data-e-type=\"widget\" data-widget_type=\"image.default\">\n\t\t\t\t<div class=\"elementor-widget-container\">\n\t\t\t\t\t\t\t\t\t\t\t\t\t\t\t<img loading=\"lazy\" decoding=\"async\" width=\"700\" height=\"342\" src=\"https:\/\/www.idealpropertymallorca.com\/blog\/wp-content\/uploads\/2023\/04\/jardines-joan-march-pollensa.jpg\" class=\"attachment-large size-large wp-image-13613\" alt=\"\" \/>\t\t\t\t\t\t\t\t\t\t\t\t\t\t\t<\/div>\n\t\t\t\t<\/div>\n\t\t\t\t\t<\/div>\n\t\t<\/div>\n\t\t\t\t\t<\/div>\n\t\t<\/section>\n\t\t\t\t<section class=\"elementor-section elementor-top-section elementor-element elementor-element-2eea5f2 elementor-section-boxed elementor-section-height-default elementor-section-height-default\" data-id=\"2eea5f2\" data-element_type=\"section\" data-e-type=\"section\">\n\t\t\t\t\t\t<div class=\"elementor-container elementor-column-gap-default\">\n\t\t\t\t\t<div class=\"elementor-column elementor-col-33 elementor-top-column elementor-element elementor-element-70505d4\" data-id=\"70505d4\" data-element_type=\"column\" data-e-type=\"column\">\n\t\t\t<div class=\"elementor-widget-wrap elementor-element-populated\">\n\t\t\t\t\t\t<div class=\"elementor-element elementor-element-01e12a9 elementor-widget elementor-widget-image\" data-id=\"01e12a9\" data-element_type=\"widget\" data-e-type=\"widget\" data-widget_type=\"image.default\">\n\t\t\t\t<div class=\"elementor-widget-container\">\n\t\t\t\t\t\t\t\t\t\t\t\t\t\t\t<img loading=\"lazy\" decoding=\"async\" width=\"600\" height=\"600\" src=\"https:\/\/www.idealpropertymallorca.com\/blog\/wp-content\/uploads\/2023\/04\/necropolis-cala-varques-pollensa.jpg\" class=\"attachment-large size-large wp-image-13603\" alt=\"\" srcset=\"https:\/\/www.idealpropertymallorca.com\/blog\/wp-content\/uploads\/2023\/04\/necropolis-cala-varques-pollensa.jpg 600w, https:\/\/www.idealpropertymallorca.com\/blog\/wp-content\/uploads\/2023\/04\/necropolis-cala-varques-pollensa-150x150.jpg 150w, https:\/\/www.idealpropertymallorca.com\/blog\/wp-content\/uploads\/2023\/04\/necropolis-cala-varques-pollensa-90x90.jpg 90w\" sizes=\"(max-width: 600px) 100vw, 600px\" \/>\t\t\t\t\t\t\t\t\t\t\t\t\t\t\t<\/div>\n\t\t\t\t<\/div>\n\t\t\t\t\t<\/div>\n\t\t<\/div>\n\t\t\t\t<div class=\"elementor-column elementor-col-33 elementor-top-column elementor-element elementor-element-ccf6af0\" data-id=\"ccf6af0\" data-element_type=\"column\" data-e-type=\"column\">\n\t\t\t<div class=\"elementor-widget-wrap elementor-element-populated\">\n\t\t\t\t\t\t<div class=\"elementor-element elementor-element-8fa920e elementor-widget elementor-widget-image\" data-id=\"8fa920e\" data-element_type=\"widget\" data-e-type=\"widget\" data-widget_type=\"image.default\">\n\t\t\t\t<div class=\"elementor-widget-container\">\n\t\t\t\t\t\t\t\t\t\t\t\t\t\t\t<img decoding=\"async\" src=\"https:\/\/www.idealpropertymallorca.com\/blog\/wp-content\/uploads\/elementor\/thumbs\/Cuevas-Alzinaret-qkph0rusj9xciwm11e6gebdhfsuxpiut222y3m6gls.jpeg\" title=\"Cuevas Alzinaret\" alt=\"Cuevas Alzinaret\" loading=\"lazy\" \/>\t\t\t\t\t\t\t\t\t\t\t\t\t\t\t<\/div>\n\t\t\t\t<\/div>\n\t\t\t\t\t<\/div>\n\t\t<\/div>\n\t\t\t\t<div class=\"elementor-column elementor-col-33 elementor-top-column elementor-element elementor-element-aea846c\" data-id=\"aea846c\" data-element_type=\"column\" data-e-type=\"column\">\n\t\t\t<div class=\"elementor-widget-wrap elementor-element-populated\">\n\t\t\t\t\t\t<div class=\"elementor-element elementor-element-e55c32f elementor-widget elementor-widget-heading\" data-id=\"e55c32f\" data-element_type=\"widget\" data-e-type=\"widget\" data-widget_type=\"heading.default\">\n\t\t\t\t<div class=\"elementor-widget-container\">\n\t\t\t\t\t<h2 class=\"elementor-heading-title elementor-size-default\">12. Grottes de l'Alzinaret<\/h2>\t\t\t\t<\/div>\n\t\t\t\t<\/div>\n\t\t\t\t<div class=\"elementor-element elementor-element-9adfe49 elementor-widget elementor-widget-text-editor\" data-id=\"9adfe49\" data-element_type=\"widget\" data-e-type=\"widget\" data-widget_type=\"text-editor.default\">\n\t\t\t\t<div class=\"elementor-widget-container\">\n\t\t\t\t\t\t\t\t\t<p>Les <b>grottes de Cala de Sant Vicen\u00e7 <\/b>repr\u00e9sentent le complexe fun\u00e9raire pr\u00e9-talayotique le plus remarquable de Mallorca, bien qu&#8217;elles aient malheureusement \u00e9t\u00e9 pill\u00e9es depuis l&#8217;Antiquit\u00e9, ce qui t\u00e9moigne de leur caract\u00e8re fun\u00e9raire. Ces grottes constituent une n\u00e9cropole de l&#8217;\u00e2ge du <b>bronze moyen<\/b>, situ\u00e9e dans un environnement qui pouvait avoir une signification sacr\u00e9e. Au fil des ans, treize grottes ont \u00e9t\u00e9 identifi\u00e9es, mais cinq d&#8217;entre elles ont malheureusement \u00e9t\u00e9 d\u00e9truites. Un sentier permet de visiter les six grottes les plus spectaculaires, chacune pr\u00e9sentant des caract\u00e9ristiques diff\u00e9rentes.<\/p>\t\t\t\t\t\t\t\t<\/div>\n\t\t\t\t<\/div>\n\t\t\t\t\t<\/div>\n\t\t<\/div>\n\t\t\t\t\t<\/div>\n\t\t<\/section>\n\t\t\t\t<section class=\"elementor-section elementor-top-section elementor-element elementor-element-6be97b0 elementor-section-boxed elementor-section-height-default elementor-section-height-default\" data-id=\"6be97b0\" data-element_type=\"section\" data-e-type=\"section\">\n\t\t\t\t\t\t<div class=\"elementor-container elementor-column-gap-default\">\n\t\t\t\t\t<div class=\"elementor-column elementor-col-100 elementor-top-column elementor-element elementor-element-9849a71\" data-id=\"9849a71\" data-element_type=\"column\" data-e-type=\"column\">\n\t\t\t<div class=\"elementor-widget-wrap elementor-element-populated\">\n\t\t\t\t\t\t<div class=\"elementor-element elementor-element-fe10840 elementor-widget elementor-widget-heading\" data-id=\"fe10840\" data-element_type=\"widget\" data-e-type=\"widget\" data-widget_type=\"heading.default\">\n\t\t\t\t<div class=\"elementor-widget-container\">\n\t\t\t\t\t<h2 class=\"elementor-heading-title elementor-size-default\">Y a-t-il un endroit \u00e0 Pollensa que vous n'avez pas envie de visiter \n? Nous adorons ces 12 endroits \u00e0 ne pas manquer.<\/h2>\t\t\t\t<\/div>\n\t\t\t\t<\/div>\n\t\t\t\t<div class=\"elementor-element elementor-element-2934c1c elementor-widget elementor-widget-text-editor\" data-id=\"2934c1c\" data-element_type=\"widget\" data-e-type=\"widget\" data-widget_type=\"text-editor.default\">\n\t\t\t\t<div class=\"elementor-widget-container\">\n\t\t\t\t\t\t\t\t\t<p>N&#8217;avez-vous pas envie de visiter ce paradis ? <b>Les\u00a0<\/b><a href=\"https:\/\/www.idealpropertymallorca.com\/fr\/location\/locations-pollensa-d459611\/\" target=\"_blank\" rel=\"noopener\"><b>logements \u00e0 Pollensa<\/b><\/a><b>\u00a0sont merveilleux<\/b>. Vous trouverez chez Ideal Property Mallorca des fincas, des maisons et des villas de la plus haute qualit\u00e9. Pourquoi ne pas commencer par jeter un coup d&#8217;\u0153il \u00e0 la finca La Rosaleda et Es Moli? Vous trouverez rapidement ce que vous cherchez. D\u00e9couvrez les meilleurs endroits de Pollensa et s\u00e9journez \u00e0 proximit\u00e9 pour les d\u00e9couvrir. Passez des vacances inoubliables dans l&#8217;un de nos <a href=\"https:\/\/www.idealpropertymallorca.com\/fr\/location\/locations-dpt-mallorca-e21\/\">h\u00e9bergements \u00e0 Mallorca<\/a>\u00a0pour les voyageurs exigeants!<\/p>\t\t\t\t\t\t\t\t<\/div>\n\t\t\t\t<\/div>\n\t\t\t\t\t<\/div>\n\t\t<\/div>\n\t\t\t\t\t<\/div>\n\t\t<\/section>\n\t\t\t\t<section class=\"elementor-section elementor-top-section elementor-element elementor-element-ac490e2 elementor-section-boxed elementor-section-height-default elementor-section-height-default\" data-id=\"ac490e2\" data-element_type=\"section\" data-e-type=\"section\">\n\t\t\t\t\t\t<div class=\"elementor-container elementor-column-gap-default\">\n\t\t\t\t\t<div class=\"elementor-column elementor-col-100 elementor-top-column elementor-element elementor-element-3effd8f\" data-id=\"3effd8f\" data-element_type=\"column\" data-e-type=\"column\">\n\t\t\t<div class=\"elementor-widget-wrap elementor-element-populated\">\n\t\t\t\t\t\t<div class=\"elementor-element elementor-element-4f045da elementor-widget elementor-widget-heading\" data-id=\"4f045da\" data-element_type=\"widget\" data-e-type=\"widget\" data-widget_type=\"heading.default\">\n\t\t\t\t<div class=\"elementor-widget-container\">\n\t\t\t\t\t<h2 class=\"elementor-heading-title elementor-size-default\">R\u00e9servez une location de vacances pour profiter de Mallorca<\/h2>\t\t\t\t<\/div>\n\t\t\t\t<\/div>\n\t\t\t\t\t<\/div>\n\t\t<\/div>\n\t\t\t\t\t<\/div>\n\t\t<\/section>\n\t\t\t\t<section class=\"elementor-section elementor-top-section elementor-element elementor-element-53dc496f elementor-section-boxed elementor-section-height-default elementor-section-height-default\" data-id=\"53dc496f\" data-element_type=\"section\" data-e-type=\"section\">\n\t\t\t\t\t\t<div class=\"elementor-container elementor-column-gap-default\">\n\t\t\t\t\t<div class=\"elementor-column elementor-col-33 elementor-top-column elementor-element elementor-element-2e25bb1a\" data-id=\"2e25bb1a\" data-element_type=\"column\" data-e-type=\"column\" data-settings=\"{&quot;background_background&quot;:&quot;classic&quot;}\">\n\t\t\t<div class=\"elementor-widget-wrap elementor-element-populated\">\n\t\t\t\t\t\t<div class=\"elementor-element elementor-element-480c8856 elementor-align-center elementor-widget elementor-widget-button\" data-id=\"480c8856\" data-element_type=\"widget\" data-e-type=\"widget\" data-widget_type=\"button.default\">\n\t\t\t\t<div class=\"elementor-widget-container\">\n\t\t\t\t\t\t\t\t\t<div class=\"elementor-button-wrapper\">\n\t\t\t\t\t<a class=\"elementor-button elementor-button-link elementor-size-sm\" href=\"https:\/\/www.idealpropertymallorca.com\/fr\/logement-port-alcudia\/\">\n\t\t\t\t\t\t<span class=\"elementor-button-content-wrapper\">\n\t\t\t\t\t\t\t\t\t<span class=\"elementor-button-text\">H\u00e9bergement \u00e0 Port Alcudia<\/span>\n\t\t\t\t\t<\/span>\n\t\t\t\t\t<\/a>\n\t\t\t\t<\/div>\n\t\t\t\t\t\t\t\t<\/div>\n\t\t\t\t<\/div>\n\t\t\t\t\t<\/div>\n\t\t<\/div>\n\t\t\t\t<div class=\"elementor-column elementor-col-33 elementor-top-column elementor-element elementor-element-6c8a6db6\" data-id=\"6c8a6db6\" data-element_type=\"column\" data-e-type=\"column\" data-settings=\"{&quot;background_background&quot;:&quot;classic&quot;}\">\n\t\t\t<div class=\"elementor-widget-wrap elementor-element-populated\">\n\t\t\t\t\t\t<div class=\"elementor-element elementor-element-419c3a0f elementor-align-center elementor-widget elementor-widget-button\" data-id=\"419c3a0f\" data-element_type=\"widget\" data-e-type=\"widget\" data-widget_type=\"button.default\">\n\t\t\t\t<div class=\"elementor-widget-container\">\n\t\t\t\t\t\t\t\t\t<div class=\"elementor-button-wrapper\">\n\t\t\t\t\t<a class=\"elementor-button elementor-button-link elementor-size-sm\" href=\"https:\/\/www.idealpropertymallorca.com\/fr\/location-sa-pobla\/\">\n\t\t\t\t\t\t<span class=\"elementor-button-content-wrapper\">\n\t\t\t\t\t\t\t\t\t<span class=\"elementor-button-text\">H\u00e9bergement \u00e0 Sa Pobla<\/span>\n\t\t\t\t\t<\/span>\n\t\t\t\t\t<\/a>\n\t\t\t\t<\/div>\n\t\t\t\t\t\t\t\t<\/div>\n\t\t\t\t<\/div>\n\t\t\t\t\t<\/div>\n\t\t<\/div>\n\t\t\t\t<div class=\"elementor-column elementor-col-33 elementor-top-column elementor-element elementor-element-124b5be\" data-id=\"124b5be\" data-element_type=\"column\" data-e-type=\"column\" data-settings=\"{&quot;background_background&quot;:&quot;classic&quot;}\">\n\t\t\t<div class=\"elementor-widget-wrap elementor-element-populated\">\n\t\t\t\t\t\t<div class=\"elementor-element elementor-element-4444dfb3 elementor-align-center elementor-widget elementor-widget-button\" data-id=\"4444dfb3\" data-element_type=\"widget\" data-e-type=\"widget\" data-widget_type=\"button.default\">\n\t\t\t\t<div class=\"elementor-widget-container\">\n\t\t\t\t\t\t\t\t\t<div class=\"elementor-button-wrapper\">\n\t\t\t\t\t<a class=\"elementor-button elementor-button-link elementor-size-sm\" href=\"https:\/\/www.idealpropertymallorca.com\/fr\/maison-appartement-playa-de-muro\/\">\n\t\t\t\t\t\t<span class=\"elementor-button-content-wrapper\">\n\t\t\t\t\t\t\t\t\t<span class=\"elementor-button-text\">H\u00e9bergement \u00e0 Playa de Muro<\/span>\n\t\t\t\t\t<\/span>\n\t\t\t\t\t<\/a>\n\t\t\t\t<\/div>\n\t\t\t\t\t\t\t\t<\/div>\n\t\t\t\t<\/div>\n\t\t\t\t\t<\/div>\n\t\t<\/div>\n\t\t\t\t\t<\/div>\n\t\t<\/section>\n\t\t\t\t<\/div>\n\t\t","protected":false},"excerpt":{"rendered":"<p>Vous pensez aux meilleures choses \u00e0 faire et \u00e0 voir \u00e0 Pollensa? D\u00e9couvrez les 12 meilleurs endroits avec Ideal Property. Pollensa est l&#8217;une des destinations touristiques les plus compl\u00e8tes et les plus recommandables de Mallorca. Cette ville de plus de 3 000 ans d&#8217;histoire et de 15 000 habitants est situ\u00e9e au nord de l&#8217;\u00eele, [&hellip;]<\/p>\n","protected":false},"author":9,"featured_media":13597,"comment_status":"open","ping_status":"open","sticky":false,"template":"","format":"standard","meta":{"footnotes":""},"categories":[726],"tags":[],"class_list":["post-13595","post","type-post","status-publish","format-standard","has-post-thumbnail","hentry","category-villes-et-villages"],"yoast_head":"<!-- This site is optimized with the Yoast SEO plugin v27.4 - https:\/\/yoast.com\/product\/yoast-seo-wordpress\/ -->\n<title>Guide des 12 sites les plus incroyables \u00e0 voir \u00e0 Pollensa<\/title>\n<meta name=\"description\" content=\"Passez des vacances uniques \u00e0 Pollensa. Vous souhaitez d\u00e9couvrir quels sont les principaux sites \u00e0 voir \u00e0 Pollensa ? C&#039;est ici.\" \/>\n<meta name=\"robots\" content=\"index, follow, max-snippet:-1, max-image-preview:large, max-video-preview:-1\" \/>\n<link rel=\"canonical\" href=\"https:\/\/www.idealpropertymallorca.com\/blog\/fr\/guide-des-12-sites-a-voir-a-pollensa\/\" \/>\n<meta property=\"og:locale\" content=\"fr_FR\" \/>\n<meta property=\"og:type\" content=\"article\" \/>\n<meta property=\"og:title\" content=\"Guide des 12 sites les plus incroyables \u00e0 voir \u00e0 Pollensa\" \/>\n<meta property=\"og:description\" content=\"Passez des vacances uniques \u00e0 Pollensa. Vous souhaitez d\u00e9couvrir quels sont les principaux sites \u00e0 voir \u00e0 Pollensa ? C&#039;est ici.\" \/>\n<meta property=\"og:url\" content=\"https:\/\/www.idealpropertymallorca.com\/blog\/fr\/guide-des-12-sites-a-voir-a-pollensa\/\" \/>\n<meta property=\"og:site_name\" content=\"Majorca Blog\" \/>\n<meta property=\"article:published_time\" content=\"2024-11-14T11:23:49+00:00\" \/>\n<meta property=\"article:modified_time\" content=\"2025-07-17T11:07:12+00:00\" \/>\n<meta property=\"og:image\" content=\"https:\/\/www.idealpropertymallorca.com\/blog\/wp-content\/uploads\/2023\/04\/12-lugares-que-ver-en-pollensa.jpg\" \/>\n\t<meta property=\"og:image:width\" content=\"1920\" \/>\n\t<meta property=\"og:image:height\" content=\"720\" \/>\n\t<meta property=\"og:image:type\" content=\"image\/jpeg\" \/>\n<meta name=\"author\" content=\"Tatiana\" \/>\n<meta name=\"twitter:card\" content=\"summary_large_image\" \/>\n<meta name=\"twitter:label1\" content=\"Written by\" \/>\n\t<meta name=\"twitter:data1\" content=\"Tatiana\" \/>\n\t<meta name=\"twitter:label2\" content=\"Est. reading time\" \/>\n\t<meta name=\"twitter:data2\" content=\"9 minutes\" \/>\n<script type=\"application\/ld+json\" class=\"yoast-schema-graph\">{\"@context\":\"https:\\\/\\\/schema.org\",\"@graph\":[{\"@type\":\"Article\",\"@id\":\"https:\\\/\\\/www.idealpropertymallorca.com\\\/blog\\\/fr\\\/guide-des-12-sites-a-voir-a-pollensa\\\/#article\",\"isPartOf\":{\"@id\":\"https:\\\/\\\/www.idealpropertymallorca.com\\\/blog\\\/fr\\\/guide-des-12-sites-a-voir-a-pollensa\\\/\"},\"author\":{\"name\":\"Tatiana\",\"@id\":\"https:\\\/\\\/www.idealpropertymallorca.com\\\/blog\\\/fr\\\/#\\\/schema\\\/person\\\/3e6672008494e754197397c523aac13d\"},\"headline\":\"Guide des 12 sites \u00e0 voir \u00e0 Pollensa\",\"datePublished\":\"2024-11-14T11:23:49+00:00\",\"dateModified\":\"2025-07-17T11:07:12+00:00\",\"mainEntityOfPage\":{\"@id\":\"https:\\\/\\\/www.idealpropertymallorca.com\\\/blog\\\/fr\\\/guide-des-12-sites-a-voir-a-pollensa\\\/\"},\"wordCount\":1349,\"commentCount\":0,\"publisher\":{\"@id\":\"https:\\\/\\\/www.idealpropertymallorca.com\\\/blog\\\/fr\\\/#organization\"},\"image\":{\"@id\":\"https:\\\/\\\/www.idealpropertymallorca.com\\\/blog\\\/fr\\\/guide-des-12-sites-a-voir-a-pollensa\\\/#primaryimage\"},\"thumbnailUrl\":\"https:\\\/\\\/www.idealpropertymallorca.com\\\/blog\\\/wp-content\\\/uploads\\\/2023\\\/04\\\/12-lugares-que-ver-en-pollensa.jpg\",\"articleSection\":[\"Villes et villages\"],\"inLanguage\":\"fr\",\"potentialAction\":[{\"@type\":\"CommentAction\",\"name\":\"Comment\",\"target\":[\"https:\\\/\\\/www.idealpropertymallorca.com\\\/blog\\\/fr\\\/guide-des-12-sites-a-voir-a-pollensa\\\/#respond\"]}]},{\"@type\":\"WebPage\",\"@id\":\"https:\\\/\\\/www.idealpropertymallorca.com\\\/blog\\\/fr\\\/guide-des-12-sites-a-voir-a-pollensa\\\/\",\"url\":\"https:\\\/\\\/www.idealpropertymallorca.com\\\/blog\\\/fr\\\/guide-des-12-sites-a-voir-a-pollensa\\\/\",\"name\":\"Guide des 12 sites les plus incroyables \u00e0 voir \u00e0 Pollensa\",\"isPartOf\":{\"@id\":\"https:\\\/\\\/www.idealpropertymallorca.com\\\/blog\\\/fr\\\/#website\"},\"primaryImageOfPage\":{\"@id\":\"https:\\\/\\\/www.idealpropertymallorca.com\\\/blog\\\/fr\\\/guide-des-12-sites-a-voir-a-pollensa\\\/#primaryimage\"},\"image\":{\"@id\":\"https:\\\/\\\/www.idealpropertymallorca.com\\\/blog\\\/fr\\\/guide-des-12-sites-a-voir-a-pollensa\\\/#primaryimage\"},\"thumbnailUrl\":\"https:\\\/\\\/www.idealpropertymallorca.com\\\/blog\\\/wp-content\\\/uploads\\\/2023\\\/04\\\/12-lugares-que-ver-en-pollensa.jpg\",\"datePublished\":\"2024-11-14T11:23:49+00:00\",\"dateModified\":\"2025-07-17T11:07:12+00:00\",\"description\":\"Passez des vacances uniques \u00e0 Pollensa. Vous souhaitez d\u00e9couvrir quels sont les principaux sites \u00e0 voir \u00e0 Pollensa ? C'est ici.\",\"inLanguage\":\"fr\",\"potentialAction\":[{\"@type\":\"ReadAction\",\"target\":[\"https:\\\/\\\/www.idealpropertymallorca.com\\\/blog\\\/fr\\\/guide-des-12-sites-a-voir-a-pollensa\\\/\"]}]},{\"@type\":\"ImageObject\",\"inLanguage\":\"fr\",\"@id\":\"https:\\\/\\\/www.idealpropertymallorca.com\\\/blog\\\/fr\\\/guide-des-12-sites-a-voir-a-pollensa\\\/#primaryimage\",\"url\":\"https:\\\/\\\/www.idealpropertymallorca.com\\\/blog\\\/wp-content\\\/uploads\\\/2023\\\/04\\\/12-lugares-que-ver-en-pollensa.jpg\",\"contentUrl\":\"https:\\\/\\\/www.idealpropertymallorca.com\\\/blog\\\/wp-content\\\/uploads\\\/2023\\\/04\\\/12-lugares-que-ver-en-pollensa.jpg\",\"width\":1920,\"height\":720,\"caption\":\"Conoce Pollensa y sus encantos\"},{\"@type\":\"WebSite\",\"@id\":\"https:\\\/\\\/www.idealpropertymallorca.com\\\/blog\\\/fr\\\/#website\",\"url\":\"https:\\\/\\\/www.idealpropertymallorca.com\\\/blog\\\/fr\\\/\",\"name\":\"Majorca Blog\",\"description\":\"Find relevant tourist information to see and do on the island of Mallorca during your holiday. Discover the best places and tips!\",\"publisher\":{\"@id\":\"https:\\\/\\\/www.idealpropertymallorca.com\\\/blog\\\/fr\\\/#organization\"},\"potentialAction\":[{\"@type\":\"SearchAction\",\"target\":{\"@type\":\"EntryPoint\",\"urlTemplate\":\"https:\\\/\\\/www.idealpropertymallorca.com\\\/blog\\\/fr\\\/?s={search_term_string}\"},\"query-input\":{\"@type\":\"PropertyValueSpecification\",\"valueRequired\":true,\"valueName\":\"search_term_string\"}}],\"inLanguage\":\"fr\"},{\"@type\":\"Organization\",\"@id\":\"https:\\\/\\\/www.idealpropertymallorca.com\\\/blog\\\/fr\\\/#organization\",\"name\":\"Majorca Blog\",\"url\":\"https:\\\/\\\/www.idealpropertymallorca.com\\\/blog\\\/fr\\\/\",\"logo\":{\"@type\":\"ImageObject\",\"inLanguage\":\"fr\",\"@id\":\"https:\\\/\\\/www.idealpropertymallorca.com\\\/blog\\\/fr\\\/#\\\/schema\\\/logo\\\/image\\\/\",\"url\":\"https:\\\/\\\/www.idealpropertymallorca.com\\\/blog\\\/wp-content\\\/uploads\\\/2024\\\/10\\\/ideal-property-mallorca-blue-mobile.png\",\"contentUrl\":\"https:\\\/\\\/www.idealpropertymallorca.com\\\/blog\\\/wp-content\\\/uploads\\\/2024\\\/10\\\/ideal-property-mallorca-blue-mobile.png\",\"width\":500,\"height\":150,\"caption\":\"Majorca Blog\"},\"image\":{\"@id\":\"https:\\\/\\\/www.idealpropertymallorca.com\\\/blog\\\/fr\\\/#\\\/schema\\\/logo\\\/image\\\/\"}},{\"@type\":\"Person\",\"@id\":\"https:\\\/\\\/www.idealpropertymallorca.com\\\/blog\\\/fr\\\/#\\\/schema\\\/person\\\/3e6672008494e754197397c523aac13d\",\"name\":\"Tatiana\",\"image\":{\"@type\":\"ImageObject\",\"inLanguage\":\"fr\",\"@id\":\"https:\\\/\\\/secure.gravatar.com\\\/avatar\\\/d1f7a61926f15609398032f2f6a1b823942e417fe09d2f38c4cf50bc1d193691?s=96&d=mm&r=g\",\"url\":\"https:\\\/\\\/secure.gravatar.com\\\/avatar\\\/d1f7a61926f15609398032f2f6a1b823942e417fe09d2f38c4cf50bc1d193691?s=96&d=mm&r=g\",\"contentUrl\":\"https:\\\/\\\/secure.gravatar.com\\\/avatar\\\/d1f7a61926f15609398032f2f6a1b823942e417fe09d2f38c4cf50bc1d193691?s=96&d=mm&r=g\",\"caption\":\"Tatiana\"}}]}<\/script>\n<!-- \/ Yoast SEO plugin. -->","yoast_head_json":{"title":"Guide des 12 sites les plus incroyables \u00e0 voir \u00e0 Pollensa","description":"Passez des vacances uniques \u00e0 Pollensa. Vous souhaitez d\u00e9couvrir quels sont les principaux sites \u00e0 voir \u00e0 Pollensa ? C'est ici.","robots":{"index":"index","follow":"follow","max-snippet":"max-snippet:-1","max-image-preview":"max-image-preview:large","max-video-preview":"max-video-preview:-1"},"canonical":"https:\/\/www.idealpropertymallorca.com\/blog\/fr\/guide-des-12-sites-a-voir-a-pollensa\/","og_locale":"fr_FR","og_type":"article","og_title":"Guide des 12 sites les plus incroyables \u00e0 voir \u00e0 Pollensa","og_description":"Passez des vacances uniques \u00e0 Pollensa. Vous souhaitez d\u00e9couvrir quels sont les principaux sites \u00e0 voir \u00e0 Pollensa ? C'est ici.","og_url":"https:\/\/www.idealpropertymallorca.com\/blog\/fr\/guide-des-12-sites-a-voir-a-pollensa\/","og_site_name":"Majorca Blog","article_published_time":"2024-11-14T11:23:49+00:00","article_modified_time":"2025-07-17T11:07:12+00:00","og_image":[{"width":1920,"height":720,"url":"https:\/\/www.idealpropertymallorca.com\/blog\/wp-content\/uploads\/2023\/04\/12-lugares-que-ver-en-pollensa.jpg","type":"image\/jpeg"}],"author":"Tatiana","twitter_card":"summary_large_image","twitter_misc":{"Written by":"Tatiana","Est. reading time":"9 minutes"},"schema":{"@context":"https:\/\/schema.org","@graph":[{"@type":"Article","@id":"https:\/\/www.idealpropertymallorca.com\/blog\/fr\/guide-des-12-sites-a-voir-a-pollensa\/#article","isPartOf":{"@id":"https:\/\/www.idealpropertymallorca.com\/blog\/fr\/guide-des-12-sites-a-voir-a-pollensa\/"},"author":{"name":"Tatiana","@id":"https:\/\/www.idealpropertymallorca.com\/blog\/fr\/#\/schema\/person\/3e6672008494e754197397c523aac13d"},"headline":"Guide des 12 sites \u00e0 voir \u00e0 Pollensa","datePublished":"2024-11-14T11:23:49+00:00","dateModified":"2025-07-17T11:07:12+00:00","mainEntityOfPage":{"@id":"https:\/\/www.idealpropertymallorca.com\/blog\/fr\/guide-des-12-sites-a-voir-a-pollensa\/"},"wordCount":1349,"commentCount":0,"publisher":{"@id":"https:\/\/www.idealpropertymallorca.com\/blog\/fr\/#organization"},"image":{"@id":"https:\/\/www.idealpropertymallorca.com\/blog\/fr\/guide-des-12-sites-a-voir-a-pollensa\/#primaryimage"},"thumbnailUrl":"https:\/\/www.idealpropertymallorca.com\/blog\/wp-content\/uploads\/2023\/04\/12-lugares-que-ver-en-pollensa.jpg","articleSection":["Villes et villages"],"inLanguage":"fr","potentialAction":[{"@type":"CommentAction","name":"Comment","target":["https:\/\/www.idealpropertymallorca.com\/blog\/fr\/guide-des-12-sites-a-voir-a-pollensa\/#respond"]}]},{"@type":"WebPage","@id":"https:\/\/www.idealpropertymallorca.com\/blog\/fr\/guide-des-12-sites-a-voir-a-pollensa\/","url":"https:\/\/www.idealpropertymallorca.com\/blog\/fr\/guide-des-12-sites-a-voir-a-pollensa\/","name":"Guide des 12 sites les plus incroyables \u00e0 voir \u00e0 Pollensa","isPartOf":{"@id":"https:\/\/www.idealpropertymallorca.com\/blog\/fr\/#website"},"primaryImageOfPage":{"@id":"https:\/\/www.idealpropertymallorca.com\/blog\/fr\/guide-des-12-sites-a-voir-a-pollensa\/#primaryimage"},"image":{"@id":"https:\/\/www.idealpropertymallorca.com\/blog\/fr\/guide-des-12-sites-a-voir-a-pollensa\/#primaryimage"},"thumbnailUrl":"https:\/\/www.idealpropertymallorca.com\/blog\/wp-content\/uploads\/2023\/04\/12-lugares-que-ver-en-pollensa.jpg","datePublished":"2024-11-14T11:23:49+00:00","dateModified":"2025-07-17T11:07:12+00:00","description":"Passez des vacances uniques \u00e0 Pollensa. Vous souhaitez d\u00e9couvrir quels sont les principaux sites \u00e0 voir \u00e0 Pollensa ? C'est ici.","inLanguage":"fr","potentialAction":[{"@type":"ReadAction","target":["https:\/\/www.idealpropertymallorca.com\/blog\/fr\/guide-des-12-sites-a-voir-a-pollensa\/"]}]},{"@type":"ImageObject","inLanguage":"fr","@id":"https:\/\/www.idealpropertymallorca.com\/blog\/fr\/guide-des-12-sites-a-voir-a-pollensa\/#primaryimage","url":"https:\/\/www.idealpropertymallorca.com\/blog\/wp-content\/uploads\/2023\/04\/12-lugares-que-ver-en-pollensa.jpg","contentUrl":"https:\/\/www.idealpropertymallorca.com\/blog\/wp-content\/uploads\/2023\/04\/12-lugares-que-ver-en-pollensa.jpg","width":1920,"height":720,"caption":"Conoce Pollensa y sus encantos"},{"@type":"WebSite","@id":"https:\/\/www.idealpropertymallorca.com\/blog\/fr\/#website","url":"https:\/\/www.idealpropertymallorca.com\/blog\/fr\/","name":"Majorca Blog","description":"Find relevant tourist information to see and do on the island of Mallorca during your holiday. Discover the best places and tips!","publisher":{"@id":"https:\/\/www.idealpropertymallorca.com\/blog\/fr\/#organization"},"potentialAction":[{"@type":"SearchAction","target":{"@type":"EntryPoint","urlTemplate":"https:\/\/www.idealpropertymallorca.com\/blog\/fr\/?s={search_term_string}"},"query-input":{"@type":"PropertyValueSpecification","valueRequired":true,"valueName":"search_term_string"}}],"inLanguage":"fr"},{"@type":"Organization","@id":"https:\/\/www.idealpropertymallorca.com\/blog\/fr\/#organization","name":"Majorca Blog","url":"https:\/\/www.idealpropertymallorca.com\/blog\/fr\/","logo":{"@type":"ImageObject","inLanguage":"fr","@id":"https:\/\/www.idealpropertymallorca.com\/blog\/fr\/#\/schema\/logo\/image\/","url":"https:\/\/www.idealpropertymallorca.com\/blog\/wp-content\/uploads\/2024\/10\/ideal-property-mallorca-blue-mobile.png","contentUrl":"https:\/\/www.idealpropertymallorca.com\/blog\/wp-content\/uploads\/2024\/10\/ideal-property-mallorca-blue-mobile.png","width":500,"height":150,"caption":"Majorca Blog"},"image":{"@id":"https:\/\/www.idealpropertymallorca.com\/blog\/fr\/#\/schema\/logo\/image\/"}},{"@type":"Person","@id":"https:\/\/www.idealpropertymallorca.com\/blog\/fr\/#\/schema\/person\/3e6672008494e754197397c523aac13d","name":"Tatiana","image":{"@type":"ImageObject","inLanguage":"fr","@id":"https:\/\/secure.gravatar.com\/avatar\/d1f7a61926f15609398032f2f6a1b823942e417fe09d2f38c4cf50bc1d193691?s=96&d=mm&r=g","url":"https:\/\/secure.gravatar.com\/avatar\/d1f7a61926f15609398032f2f6a1b823942e417fe09d2f38c4cf50bc1d193691?s=96&d=mm&r=g","contentUrl":"https:\/\/secure.gravatar.com\/avatar\/d1f7a61926f15609398032f2f6a1b823942e417fe09d2f38c4cf50bc1d193691?s=96&d=mm&r=g","caption":"Tatiana"}}]}},"_links":{"self":[{"href":"https:\/\/www.idealpropertymallorca.com\/blog\/fr\/wp-json\/wp\/v2\/posts\/13595","targetHints":{"allow":["GET"]}}],"collection":[{"href":"https:\/\/www.idealpropertymallorca.com\/blog\/fr\/wp-json\/wp\/v2\/posts"}],"about":[{"href":"https:\/\/www.idealpropertymallorca.com\/blog\/fr\/wp-json\/wp\/v2\/types\/post"}],"author":[{"embeddable":true,"href":"https:\/\/www.idealpropertymallorca.com\/blog\/fr\/wp-json\/wp\/v2\/users\/9"}],"replies":[{"embeddable":true,"href":"https:\/\/www.idealpropertymallorca.com\/blog\/fr\/wp-json\/wp\/v2\/comments?post=13595"}],"version-history":[{"count":25,"href":"https:\/\/www.idealpropertymallorca.com\/blog\/fr\/wp-json\/wp\/v2\/posts\/13595\/revisions"}],"predecessor-version":[{"id":20564,"href":"https:\/\/www.idealpropertymallorca.com\/blog\/fr\/wp-json\/wp\/v2\/posts\/13595\/revisions\/20564"}],"wp:featuredmedia":[{"embeddable":true,"href":"https:\/\/www.idealpropertymallorca.com\/blog\/fr\/wp-json\/wp\/v2\/media\/13597"}],"wp:attachment":[{"href":"https:\/\/www.idealpropertymallorca.com\/blog\/fr\/wp-json\/wp\/v2\/media?parent=13595"}],"wp:term":[{"taxonomy":"category","embeddable":true,"href":"https:\/\/www.idealpropertymallorca.com\/blog\/fr\/wp-json\/wp\/v2\/categories?post=13595"},{"taxonomy":"post_tag","embeddable":true,"href":"https:\/\/www.idealpropertymallorca.com\/blog\/fr\/wp-json\/wp\/v2\/tags?post=13595"}],"curies":[{"name":"wp","href":"https:\/\/api.w.org\/{rel}","templated":true}]}}