{"id":13047,"date":"2024-09-23T17:48:28","date_gmt":"2024-09-23T17:48:28","guid":{"rendered":"https:\/\/www.idealpropertymallorca.com\/blog\/?p=13047"},"modified":"2025-03-07T11:50:34","modified_gmt":"2025-03-07T11:50:34","slug":"cyclisme-a-mallorca-tout-ce-quil-faut-savoir","status":"publish","type":"post","link":"https:\/\/www.idealpropertymallorca.com\/blog\/fr\/cyclisme-a-mallorca-tout-ce-quil-faut-savoir\/","title":{"rendered":"Cyclisme \u00e0 Mallorca, tout ce qu&#8217;il faut savoir"},"content":{"rendered":"\t\t<div data-elementor-type=\"wp-post\" data-elementor-id=\"13047\" class=\"elementor elementor-13047 elementor-1799\" data-elementor-post-type=\"post\">\n\t\t\t\t\t\t<section class=\"elementor-section elementor-top-section elementor-element elementor-element-12c652b9 elementor-section-boxed elementor-section-height-default elementor-section-height-default\" data-id=\"12c652b9\" data-element_type=\"section\" data-e-type=\"section\">\n\t\t\t\t\t\t<div class=\"elementor-container elementor-column-gap-default\">\n\t\t\t\t\t<div class=\"elementor-column elementor-col-100 elementor-top-column elementor-element elementor-element-23ddd1c1\" data-id=\"23ddd1c1\" data-element_type=\"column\" data-e-type=\"column\">\n\t\t\t<div class=\"elementor-widget-wrap elementor-element-populated\">\n\t\t\t\t\t\t<div class=\"elementor-element elementor-element-29f49355 elementor-widget elementor-widget-text-editor\" data-id=\"29f49355\" data-element_type=\"widget\" data-e-type=\"widget\" data-widget_type=\"text-editor.default\">\n\t\t\t\t<div class=\"elementor-widget-container\">\n\t\t\t\t\t\t\t\t\t<p>L&#8217;\u00eele de Mallorca, situ\u00e9e dans l&#8217;archipel espagnol des Bal\u00e9ares, offre une combinaison unique de paysages magnifiques, d&#8217;un climat agr\u00e9able et d&#8217;un vaste r\u00e9seau de routes et de pistes cyclables qui en font une destination id\u00e9ale pour les amateurs de cyclisme.<\/p>\n<p>Mallorca dispose d&#8217;une grande vari\u00e9t\u00e9 d&#8217;itin\u00e9raires et de pistes pour les cyclistes de tous niveaux. Que vous soyez un cycliste amateur ou professionnel, vous trouverez des options qui vous conviendront.<\/p>\t\t\t\t\t\t\t\t<\/div>\n\t\t\t\t<\/div>\n\t\t\t\t<div class=\"elementor-element elementor-element-475dab8 elementor-widget elementor-widget-image\" data-id=\"475dab8\" data-element_type=\"widget\" data-e-type=\"widget\" data-widget_type=\"image.default\">\n\t\t\t\t<div class=\"elementor-widget-container\">\n\t\t\t\t\t\t\t\t\t\t\t\t\t\t\t<img fetchpriority=\"high\" decoding=\"async\" width=\"800\" height=\"375\" src=\"https:\/\/www.idealpropertymallorca.com\/blog\/wp-content\/uploads\/2023\/05\/ciclismo-challenge-mallorca.jpg\" class=\"attachment-large size-large wp-image-13051\" alt=\"\" srcset=\"https:\/\/www.idealpropertymallorca.com\/blog\/wp-content\/uploads\/2023\/05\/ciclismo-challenge-mallorca.jpg 960w, https:\/\/www.idealpropertymallorca.com\/blog\/wp-content\/uploads\/2023\/05\/ciclismo-challenge-mallorca-768x360.jpg 768w\" sizes=\"(max-width: 800px) 100vw, 800px\" \/>\t\t\t\t\t\t\t\t\t\t\t\t\t\t\t<\/div>\n\t\t\t\t<\/div>\n\t\t\t\t\t<\/div>\n\t\t<\/div>\n\t\t\t\t\t<\/div>\n\t\t<\/section>\n\t\t\t\t<section class=\"elementor-section elementor-top-section elementor-element elementor-element-e0d0edf elementor-section-boxed elementor-section-height-default elementor-section-height-default\" data-id=\"e0d0edf\" data-element_type=\"section\" data-e-type=\"section\">\n\t\t\t\t\t\t<div class=\"elementor-container elementor-column-gap-default\">\n\t\t\t\t\t<div class=\"elementor-column elementor-col-100 elementor-top-column elementor-element elementor-element-ce9446d\" data-id=\"ce9446d\" data-element_type=\"column\" data-e-type=\"column\">\n\t\t\t<div class=\"elementor-widget-wrap elementor-element-populated\">\n\t\t\t\t\t\t<div class=\"elementor-element elementor-element-67bbcdb elementor-widget elementor-widget-heading\" data-id=\"67bbcdb\" data-element_type=\"widget\" data-e-type=\"widget\" data-widget_type=\"heading.default\">\n\t\t\t\t<div class=\"elementor-widget-container\">\n\t\t\t\t\t<h2 class=\"elementor-heading-title elementor-size-default\">Nous vous proposons les itin\u00e9raires cyclistes les plus populaires de Mallorca:<\/h2>\t\t\t\t<\/div>\n\t\t\t\t<\/div>\n\t\t\t\t\t<\/div>\n\t\t<\/div>\n\t\t\t\t\t<\/div>\n\t\t<\/section>\n\t\t\t\t<section class=\"elementor-section elementor-top-section elementor-element elementor-element-68058d9 elementor-section-boxed elementor-section-height-default elementor-section-height-default\" data-id=\"68058d9\" data-element_type=\"section\" data-e-type=\"section\">\n\t\t\t\t\t\t<div class=\"elementor-container elementor-column-gap-default\">\n\t\t\t\t\t<div class=\"elementor-column elementor-col-100 elementor-top-column elementor-element elementor-element-02b3297\" data-id=\"02b3297\" data-element_type=\"column\" data-e-type=\"column\">\n\t\t\t<div class=\"elementor-widget-wrap elementor-element-populated\">\n\t\t\t\t\t\t<div class=\"elementor-element elementor-element-dafcac4 elementor-widget elementor-widget-heading\" data-id=\"dafcac4\" data-element_type=\"widget\" data-e-type=\"widget\" data-widget_type=\"heading.default\">\n\t\t\t\t<div class=\"elementor-widget-container\">\n\t\t\t\t\t<h3 class=\"elementor-heading-title elementor-size-default\">Itin\u00e9raire cycliste de la Serra de Tramuntana<\/h3>\t\t\t\t<\/div>\n\t\t\t\t<\/div>\n\t\t\t\t\t<\/div>\n\t\t<\/div>\n\t\t\t\t\t<\/div>\n\t\t<\/section>\n\t\t\t\t<section class=\"elementor-section elementor-top-section elementor-element elementor-element-59d2efd elementor-section-boxed elementor-section-height-default elementor-section-height-default\" data-id=\"59d2efd\" data-element_type=\"section\" data-e-type=\"section\">\n\t\t\t\t\t\t<div class=\"elementor-container elementor-column-gap-default\">\n\t\t\t\t\t<div class=\"elementor-column elementor-col-50 elementor-top-column elementor-element elementor-element-c73bdbb\" data-id=\"c73bdbb\" data-element_type=\"column\" data-e-type=\"column\">\n\t\t\t<div class=\"elementor-widget-wrap elementor-element-populated\">\n\t\t\t\t\t\t<div class=\"elementor-element elementor-element-dcbb4bb elementor-widget elementor-widget-text-editor\" data-id=\"dcbb4bb\" data-element_type=\"widget\" data-e-type=\"widget\" data-widget_type=\"text-editor.default\">\n\t\t\t\t<div class=\"elementor-widget-container\">\n\t\t\t\t\t\t\t\t\t<p>Il s&#8217;agit de l&#8217;un des itin\u00e9raires cyclistes les plus populaires de Mallorca, en raison de sa beaut\u00e9 naturelle spectaculaire et de ses routes de montagne difficiles.<\/p>\n<p><strong>D<\/strong><b>istance et dur\u00e9e:<\/b> L&#8217;itin\u00e9raire complet de la Serra de Tramuntana fait environ 150 kilom\u00e8tres. La dur\u00e9e de l&#8217;itin\u00e9raire peut varier en fonction de votre condition physique et de votre vitesse de p\u00e9dalage, mais en moyenne, il faut compter entre 6 et 8 heures pour le parcourir.<\/p>\n<p><strong>Principales villes et points de d\u00e9part:<\/strong> la route longe la Serra de Tramuntana et traverse plusieurs villes et villages pittoresques. Les points de d\u00e9part les plus courants sont Palma de Mallorca, Andratx, S\u00f3ller et Pollen\u00e7a.<\/p>\n<p><strong>Profil des routes et du terrain:<\/strong> L&#8217;itin\u00e9raire de la Serra de Tramuntana se caract\u00e9rise par des routes sinueuses et serpentines \u00e0 travers les montagnes. Le terrain est montagneux, avec de nombreuses mont\u00e9es et descentes abruptes, ce qui en fait un itin\u00e9raire difficile. Vous profiterez de vues panoramiques \u00e0 couper le souffle sur les falaises, les vall\u00e9es et la mer M\u00e9diterran\u00e9e.<\/p>\n<p><strong>Points forts:<\/strong> Le long de la route, vous trouverez plusieurs points forts qui m\u00e9ritent d&#8217;\u00eatre visit\u00e9s, comme le port de S\u00f3ller, le village pittoresque de Valldemossa, le Mirador de ses Barques, le Puig Major (le point le plus haut de Mallorca) et le beau village de Dei\u00e0.<\/p>\n<p><strong>Eau et repos:<\/strong> le long de la route, vous trouverez des villages et des villes o\u00f9 vous pourrez vous approvisionner en eau, en nourriture et vous reposer si n\u00e9cessaire. Veillez \u00e0 emporter suffisamment d&#8217;eau et d&#8217;aliments \u00e9nerg\u00e9tiques, en particulier sur les tron\u00e7ons les plus \u00e9loign\u00e9s de la route.<\/p>\n<p><strong>S\u00e9curit\u00e9 et pr\u00e9cautions:<\/strong> La route de la Serra de Tramuntana est belle mais exigeante, il est donc important de prendre des mesures de s\u00e9curit\u00e9. Veillez \u00e0 emporter des outils de r\u00e9paration de base, tels qu&#8217;un kit de r\u00e9paration de pneus et une pompe, et \u00e0 porter des \u00e9quipements de protection appropri\u00e9s, tels qu&#8217;un casque et des phares. Respectez le code de la route et faites attention aux v\u00e9hicules sur la route, car certains tron\u00e7ons peuvent \u00eatre \u00e9troits et sinueux.<\/p>\n<p>N&#8217;oubliez pas que la route de la Serra de Tramuntana est difficile, il est donc conseill\u00e9 d&#8217;\u00eatre en bonne condition physique et d&#8217;avoir de l&#8217;exp\u00e9rience en VTT avant de s&#8217;y engager. Vous pouvez \u00e9galement envisager d&#8217;engager un guide local ou de participer \u00e0 des circuits organis\u00e9s afin de profiter au maximum de l&#8217;exp\u00e9rience et de voir les points forts de la route. Profitez d&#8217;une excursion \u00e0 v\u00e9lo passionnante \u00e0 travers la magnifique Serra de Tramuntana!<\/p>\t\t\t\t\t\t\t\t<\/div>\n\t\t\t\t<\/div>\n\t\t\t\t\t<\/div>\n\t\t<\/div>\n\t\t\t\t<div class=\"elementor-column elementor-col-50 elementor-top-column elementor-element elementor-element-156b41b\" data-id=\"156b41b\" data-element_type=\"column\" data-e-type=\"column\">\n\t\t\t<div class=\"elementor-widget-wrap elementor-element-populated\">\n\t\t\t\t\t\t<div class=\"elementor-element elementor-element-657b1d3 elementor-widget elementor-widget-image\" data-id=\"657b1d3\" data-element_type=\"widget\" data-e-type=\"widget\" data-widget_type=\"image.default\">\n\t\t\t\t<div class=\"elementor-widget-container\">\n\t\t\t\t\t\t\t\t\t\t\t\t<figure class=\"wp-caption\">\n\t\t\t\t\t\t\t\t\t\t<img decoding=\"async\" width=\"600\" height=\"600\" src=\"https:\/\/www.idealpropertymallorca.com\/blog\/wp-content\/uploads\/2023\/05\/rutas-de-ciclismo-duras-en-mallorca.jpg\" class=\"attachment-large size-large wp-image-13057\" alt=\"\" srcset=\"https:\/\/www.idealpropertymallorca.com\/blog\/wp-content\/uploads\/2023\/05\/rutas-de-ciclismo-duras-en-mallorca.jpg 600w, https:\/\/www.idealpropertymallorca.com\/blog\/wp-content\/uploads\/2023\/05\/rutas-de-ciclismo-duras-en-mallorca-150x150.jpg 150w, https:\/\/www.idealpropertymallorca.com\/blog\/wp-content\/uploads\/2023\/05\/rutas-de-ciclismo-duras-en-mallorca-90x90.jpg 90w\" sizes=\"(max-width: 600px) 100vw, 600px\" \/>\t\t\t\t\t\t\t\t\t\t\t<figcaption class=\"widget-image-caption wp-caption-text\">Carretera de Sa Calobra, un paradis pour les cyclistes les plus exigeants<\/figcaption>\n\t\t\t\t\t\t\t\t\t\t<\/figure>\n\t\t\t\t\t\t\t\t\t<\/div>\n\t\t\t\t<\/div>\n\t\t\t\t<div class=\"elementor-element elementor-element-cf9aba0 elementor-widget elementor-widget-image\" data-id=\"cf9aba0\" data-element_type=\"widget\" data-e-type=\"widget\" data-widget_type=\"image.default\">\n\t\t\t\t<div class=\"elementor-widget-container\">\n\t\t\t\t\t\t\t\t\t\t\t\t<figure class=\"wp-caption\">\n\t\t\t\t\t\t\t\t\t\t<img decoding=\"async\" width=\"600\" height=\"600\" src=\"https:\/\/www.idealpropertymallorca.com\/blog\/wp-content\/uploads\/2023\/05\/rutas-mallorca-ciclismo.jpg\" class=\"attachment-large size-large wp-image-13058\" alt=\"\" srcset=\"https:\/\/www.idealpropertymallorca.com\/blog\/wp-content\/uploads\/2023\/05\/rutas-mallorca-ciclismo.jpg 600w, https:\/\/www.idealpropertymallorca.com\/blog\/wp-content\/uploads\/2023\/05\/rutas-mallorca-ciclismo-150x150.jpg 150w, https:\/\/www.idealpropertymallorca.com\/blog\/wp-content\/uploads\/2023\/05\/rutas-mallorca-ciclismo-90x90.jpg 90w\" sizes=\"(max-width: 600px) 100vw, 600px\" \/>\t\t\t\t\t\t\t\t\t\t\t<figcaption class=\"widget-image-caption wp-caption-text\">Itin\u00e9raire cycliste dans la Sierra Tramuntana Mallorca<\/figcaption>\n\t\t\t\t\t\t\t\t\t\t<\/figure>\n\t\t\t\t\t\t\t\t\t<\/div>\n\t\t\t\t<\/div>\n\t\t\t\t\t<\/div>\n\t\t<\/div>\n\t\t\t\t\t<\/div>\n\t\t<\/section>\n\t\t\t\t<section class=\"elementor-section elementor-top-section elementor-element elementor-element-bbc912a elementor-section-boxed elementor-section-height-default elementor-section-height-default\" data-id=\"bbc912a\" data-element_type=\"section\" data-e-type=\"section\">\n\t\t\t\t\t\t<div class=\"elementor-container elementor-column-gap-default\">\n\t\t\t\t\t<div class=\"elementor-column elementor-col-100 elementor-top-column elementor-element elementor-element-684bd9c\" data-id=\"684bd9c\" data-element_type=\"column\" data-e-type=\"column\">\n\t\t\t<div class=\"elementor-widget-wrap elementor-element-populated\">\n\t\t\t\t\t\t<div class=\"elementor-element elementor-element-b56968c elementor-widget elementor-widget-heading\" data-id=\"b56968c\" data-element_type=\"widget\" data-e-type=\"widget\" data-widget_type=\"heading.default\">\n\t\t\t\t<div class=\"elementor-widget-container\">\n\t\t\t\t\t<h3 class=\"elementor-heading-title elementor-size-default\">Itin\u00e9raire du Cap de Formentor dans le nord de Mallorca<\/h3>\t\t\t\t<\/div>\n\t\t\t\t<\/div>\n\t\t\t\t\t<\/div>\n\t\t<\/div>\n\t\t\t\t\t<\/div>\n\t\t<\/section>\n\t\t\t\t<section class=\"elementor-section elementor-top-section elementor-element elementor-element-e2af425 elementor-section-boxed elementor-section-height-default elementor-section-height-default\" data-id=\"e2af425\" data-element_type=\"section\" data-e-type=\"section\">\n\t\t\t\t\t\t<div class=\"elementor-container elementor-column-gap-default\">\n\t\t\t\t\t<div class=\"elementor-column elementor-col-50 elementor-top-column elementor-element elementor-element-6e86e4e\" data-id=\"6e86e4e\" data-element_type=\"column\" data-e-type=\"column\">\n\t\t\t<div class=\"elementor-widget-wrap elementor-element-populated\">\n\t\t\t\t\t\t<div class=\"elementor-element elementor-element-9b6e5d2 elementor-widget elementor-widget-text-editor\" data-id=\"9b6e5d2\" data-element_type=\"widget\" data-e-type=\"widget\" data-widget_type=\"text-editor.default\">\n\t\t\t\t<div class=\"elementor-widget-container\">\n\t\t\t\t\t\t\t\t\t<p><strong>Distance et dur\u00e9e:<\/strong> La distance totale de l&#8217;itin\u00e9raire depuis la ville d&#8217;Alc\u00fadia jusqu&#8217;au Cap de Formentor et retour est d&#8217;environ 50 kilom\u00e8tres. La dur\u00e9e de l&#8217;itin\u00e9raire peut varier en fonction de la vitesse de p\u00e9dalage et du temps d&#8217;arr\u00eat aux points d&#8217;int\u00e9r\u00eat, mais il faut g\u00e9n\u00e9ralement compter entre 3 et 4 heures.<\/p>\n<p><strong>Point de d\u00e9part:<\/strong> L&#8217;itin\u00e9raire commence g\u00e9n\u00e9ralement dans la ville d&#8217;Alc\u00fadia, au nord de Mallorca. De l\u00e0, vous emprunterez la route MA-2210 qui vous m\u00e8nera \u00e0 travers de magnifiques paysages c\u00f4tiers jusqu&#8217;au Cap de Formentor.<\/p>\n<p><strong>Profil des routes et du terrain:<\/strong> L&#8217;itin\u00e9raire se caract\u00e9rise par des routes \u00e9troites et sinueuses qui longent la c\u00f4te et grimpent sur les collines de la p\u00e9ninsule de Formentor. Le terrain est vallonn\u00e9, avec des mont\u00e9es raides et des descentes rapides. Au fur et \u00e0 mesure de votre progression, vous pourrez admirer des vues \u00e9poustouflantes sur la mer, les falaises abruptes et les for\u00eats m\u00e9diterran\u00e9ennes.<\/p>\n<p><strong>Faro del Cap de Formentor:<\/strong> Le point culminant de l&#8217;itin\u00e9raire est le phare de Faro del Cap de Formentor, situ\u00e9 \u00e0 la pointe nord de la p\u00e9ninsule. Le phare offre des vues panoramiques \u00e0 couper le souffle sur la mer M\u00e9diterran\u00e9e et les formations rocheuses qui entourent le cap. C&#8217;est un endroit id\u00e9al pour s&#8217;arr\u00eater, prendre des photos et profiter d&#8217;un repos bien m\u00e9rit\u00e9 avant le retour.<\/p>\n<p><strong>Rafra\u00eechissements et repos:<\/strong> le long de la route, vous trouverez quelques endroits o\u00f9 vous pourrez vous ravitailler en eau et en nourriture, tels que des restaurants et des kiosques sur les plages avoisinantes. Cependant, il est conseill\u00e9 d&#8217;emporter suffisamment d&#8217;eau et d&#8217;aliments \u00e9nerg\u00e9tiques, car certains tron\u00e7ons sont d\u00e9pourvus de services.<\/p>\n<p><strong>Pr\u00e9cautions et s\u00e9curit\u00e9:<\/strong> La route du Cap de Formentor \u00e9tant tr\u00e8s fr\u00e9quent\u00e9e, il est possible qu&#8217;il y ait un trafic de v\u00e9hicules, surtout pendant les mois d&#8217;\u00e9t\u00e9. Il est important de faire attention aux v\u00e9hicules et de respecter le code de la route. Veillez \u00e0 porter des \u00e9quipements de protection, comme un casque et des feux, et \u00e0 utiliser des signaux et des feux pour indiquer vos mouvements aux autres conducteurs.<\/p>\t\t\t\t\t\t\t\t<\/div>\n\t\t\t\t<\/div>\n\t\t\t\t\t<\/div>\n\t\t<\/div>\n\t\t\t\t<div class=\"elementor-column elementor-col-50 elementor-top-column elementor-element elementor-element-6aee7d4\" data-id=\"6aee7d4\" data-element_type=\"column\" data-e-type=\"column\">\n\t\t\t<div class=\"elementor-widget-wrap elementor-element-populated\">\n\t\t\t\t\t\t<div class=\"elementor-element elementor-element-a833bca elementor-widget elementor-widget-image\" data-id=\"a833bca\" data-element_type=\"widget\" data-e-type=\"widget\" data-widget_type=\"image.default\">\n\t\t\t\t<div class=\"elementor-widget-container\">\n\t\t\t\t\t\t\t\t\t\t\t\t<figure class=\"wp-caption\">\n\t\t\t\t\t\t\t\t\t\t<img loading=\"lazy\" decoding=\"async\" width=\"600\" height=\"600\" src=\"https:\/\/www.idealpropertymallorca.com\/blog\/wp-content\/uploads\/2023\/05\/ruta-ciclista-cap-de-formentor.jpg\" class=\"attachment-large size-large wp-image-13056\" alt=\"\" srcset=\"https:\/\/www.idealpropertymallorca.com\/blog\/wp-content\/uploads\/2023\/05\/ruta-ciclista-cap-de-formentor.jpg 600w, https:\/\/www.idealpropertymallorca.com\/blog\/wp-content\/uploads\/2023\/05\/ruta-ciclista-cap-de-formentor-150x150.jpg 150w, https:\/\/www.idealpropertymallorca.com\/blog\/wp-content\/uploads\/2023\/05\/ruta-ciclista-cap-de-formentor-90x90.jpg 90w\" sizes=\"(max-width: 600px) 100vw, 600px\" \/>\t\t\t\t\t\t\t\t\t\t\t<figcaption class=\"widget-image-caption wp-caption-text\">Itin\u00e9raire cycliste vers le cap de Formentor au nord de Mallorca<\/figcaption>\n\t\t\t\t\t\t\t\t\t\t<\/figure>\n\t\t\t\t\t\t\t\t\t<\/div>\n\t\t\t\t<\/div>\n\t\t\t\t<div class=\"elementor-element elementor-element-6043a8b elementor-widget elementor-widget-text-editor\" data-id=\"6043a8b\" data-element_type=\"widget\" data-e-type=\"widget\" data-widget_type=\"text-editor.default\">\n\t\t\t\t<div class=\"elementor-widget-container\">\n\t\t\t\t\t\t\t\t\t<p><strong>N&#8217;oubliez pas<\/strong> que la route du Cap de Formentor peut \u00eatre exigeante en raison des mont\u00e9es abruptes et du terrain montagneux. Il est conseill\u00e9 d&#8217;\u00eatre en bonne condition physique et d&#8217;avoir une exp\u00e9rience du cyclisme avant de l&#8217;entreprendre. V\u00e9rifiez \u00e9galement les conditions m\u00e9t\u00e9orologiques avant de commencer, car le vent peut \u00eatre fort dans la r\u00e9gion du cap.<\/p>\n<p>Profitez de la beaut\u00e9 naturelle et des vues \u00e0 couper le souffle qu&#8217;offre la route du Cap de Formentor en explorant l&#8217;un des endroits les plus embl\u00e9matiques du cyclisme \u00e0 Mallorca &#8211; amusez-vous bien et soyez prudent pendant votre aventure!<\/p>\t\t\t\t\t\t\t\t<\/div>\n\t\t\t\t<\/div>\n\t\t\t\t\t<\/div>\n\t\t<\/div>\n\t\t\t\t\t<\/div>\n\t\t<\/section>\n\t\t\t\t<section class=\"elementor-section elementor-top-section elementor-element elementor-element-b7d2e28 elementor-section-boxed elementor-section-height-default elementor-section-height-default\" data-id=\"b7d2e28\" data-element_type=\"section\" data-e-type=\"section\">\n\t\t\t\t\t\t<div class=\"elementor-container elementor-column-gap-default\">\n\t\t\t\t\t<div class=\"elementor-column elementor-col-100 elementor-top-column elementor-element elementor-element-87bd338\" data-id=\"87bd338\" data-element_type=\"column\" data-e-type=\"column\">\n\t\t\t<div class=\"elementor-widget-wrap elementor-element-populated\">\n\t\t\t\t\t\t<div class=\"elementor-element elementor-element-ab222d3 elementor-widget elementor-widget-heading\" data-id=\"ab222d3\" data-element_type=\"widget\" data-e-type=\"widget\" data-widget_type=\"heading.default\">\n\t\t\t\t<div class=\"elementor-widget-container\">\n\t\t\t\t\t<h3 class=\"elementor-heading-title elementor-size-default\">L'itin\u00e9raire cyclable de Playa de Palma<\/h3>\t\t\t\t<\/div>\n\t\t\t\t<\/div>\n\t\t\t\t\t<\/div>\n\t\t<\/div>\n\t\t\t\t\t<\/div>\n\t\t<\/section>\n\t\t\t\t<section class=\"elementor-section elementor-top-section elementor-element elementor-element-5e9b2de elementor-section-boxed elementor-section-height-default elementor-section-height-default\" data-id=\"5e9b2de\" data-element_type=\"section\" data-e-type=\"section\">\n\t\t\t\t\t\t<div class=\"elementor-container elementor-column-gap-default\">\n\t\t\t\t\t<div class=\"elementor-column elementor-col-50 elementor-top-column elementor-element elementor-element-a8dc00d\" data-id=\"a8dc00d\" data-element_type=\"column\" data-e-type=\"column\">\n\t\t\t<div class=\"elementor-widget-wrap elementor-element-populated\">\n\t\t\t\t\t\t<div class=\"elementor-element elementor-element-e060f62 elementor-widget elementor-widget-text-editor\" data-id=\"e060f62\" data-element_type=\"widget\" data-e-type=\"widget\" data-widget_type=\"text-editor.default\">\n\t\t\t\t<div class=\"elementor-widget-container\">\n\t\t\t\t\t\t\t\t\t<p>C&#8217;est l&#8217;option id\u00e9ale si vous recherchez un itin\u00e9raire plus plat et plus d\u00e9contract\u00e9 \u00e0 Mallorca. Voici quelques d\u00e9tails et points forts de cet itin\u00e9raire:<\/p>\n<p><strong>Distance et dur\u00e9e:<\/strong> L&#8217;itin\u00e9raire Playa de Palma a une longueur approximative de 25 kilom\u00e8tres. La dur\u00e9e de l&#8217;itin\u00e9raire d\u00e9pend de votre rythme de p\u00e9dalage et des arr\u00eats que vous ferez, mais il faut g\u00e9n\u00e9ralement compter entre 1 et 2 heures pour le parcourir.<\/p>\n<p><strong>Point de d\u00e9part:<\/strong> La route cycliste commence \u00e0 Playa de Palma, une zone touristique populaire situ\u00e9e \u00e0 l&#8217;est de Palma de Mallorca. Vous pouvez commencer le parcours sur la promenade du front de mer de Playa de Palma et vous diriger vers l&#8217;est.<\/p>\n<p><strong>Profil des routes et du terrain:<\/strong> L&#8217;itin\u00e9raire de Playa de Palma emprunte principalement la promenade du front de mer et la route Ma-19, qui longe la c\u00f4te. Le terrain est essentiellement plat, sans beaucoup de pentes raides, ce qui en fait un itin\u00e9raire accessible aux cyclistes de diff\u00e9rents niveaux.<\/p>\n<p><strong>Points d&#8217;int\u00e9r\u00eat:<\/strong> Le long de l&#8217;itin\u00e9raire, vous b\u00e9n\u00e9ficierez de belles vues sur la mer et passerez devant plusieurs plages et de charmants villages c\u00f4tiers. Can Pastilla, El Arenal, Ciudad Jard\u00edn et Portixol sont quelques-uns des points d&#8217;int\u00e9r\u00eat de cette route. Vous pourrez \u00e9galement vous arr\u00eater dans les nombreux bars et restaurants de la plage pour faire une pause et contempler la mer.<\/p>\n<p><strong>Services et ravitaillement:<\/strong> le long de la route, vous trouverez de nombreux \u00e9tablissements o\u00f9 vous pourrez vous ravitailler en eau, en nourriture et vous reposer si n\u00e9cessaire. Des magasins de location de v\u00e9los et des ateliers sont \u00e9galement disponibles dans la r\u00e9gion pour r\u00e9pondre \u00e0 tous vos besoins en mati\u00e8re de cyclisme.<\/p>\t\t\t\t\t\t\t\t<\/div>\n\t\t\t\t<\/div>\n\t\t\t\t\t<\/div>\n\t\t<\/div>\n\t\t\t\t<div class=\"elementor-column elementor-col-50 elementor-top-column elementor-element elementor-element-c912810\" data-id=\"c912810\" data-element_type=\"column\" data-e-type=\"column\">\n\t\t\t<div class=\"elementor-widget-wrap elementor-element-populated\">\n\t\t\t\t\t\t<div class=\"elementor-element elementor-element-a342691 elementor-widget elementor-widget-image\" data-id=\"a342691\" data-element_type=\"widget\" data-e-type=\"widget\" data-widget_type=\"image.default\">\n\t\t\t\t<div class=\"elementor-widget-container\">\n\t\t\t\t\t\t\t\t\t\t\t\t<figure class=\"wp-caption\">\n\t\t\t\t\t\t\t\t\t\t<img loading=\"lazy\" decoding=\"async\" width=\"600\" height=\"600\" src=\"https:\/\/www.idealpropertymallorca.com\/blog\/wp-content\/uploads\/2023\/05\/mallorca-ciclista-rutas.jpg\" class=\"attachment-large size-large wp-image-13053\" alt=\"\" srcset=\"https:\/\/www.idealpropertymallorca.com\/blog\/wp-content\/uploads\/2023\/05\/mallorca-ciclista-rutas.jpg 600w, https:\/\/www.idealpropertymallorca.com\/blog\/wp-content\/uploads\/2023\/05\/mallorca-ciclista-rutas-150x150.jpg 150w, https:\/\/www.idealpropertymallorca.com\/blog\/wp-content\/uploads\/2023\/05\/mallorca-ciclista-rutas-90x90.jpg 90w\" sizes=\"(max-width: 600px) 100vw, 600px\" \/>\t\t\t\t\t\t\t\t\t\t\t<figcaption class=\"widget-image-caption wp-caption-text\">Femme cycliste arrivant dans un village de Mallorca<\/figcaption>\n\t\t\t\t\t\t\t\t\t\t<\/figure>\n\t\t\t\t\t\t\t\t\t<\/div>\n\t\t\t\t<\/div>\n\t\t\t\t<div class=\"elementor-element elementor-element-12158cf elementor-widget elementor-widget-text-editor\" data-id=\"12158cf\" data-element_type=\"widget\" data-e-type=\"widget\" data-widget_type=\"text-editor.default\">\n\t\t\t\t<div class=\"elementor-widget-container\">\n\t\t\t\t\t\t\t\t\t<p><strong>S\u00e9curit\u00e9 et pr\u00e9cautions:<\/strong> Bien que l&#8217;itin\u00e9raire de Playa de Palma soit relativement plat et direct, il est important de respecter les r\u00e8gles de s\u00e9curit\u00e9 routi\u00e8re et de faire attention \u00e0 la circulation dans les zones les plus fr\u00e9quent\u00e9es. Portez un casque et un \u00e9quipement de protection, et respectez les panneaux de signalisation \u00e0 tout moment.<\/p>\n<p><strong>N&#8217;oubliez pas<\/strong> d&#8217;appr\u00e9cier le paysage c\u00f4tier et de profiter des occasions de vous d\u00e9tendre sur les belles plages de la r\u00e9gion. L&#8217;itin\u00e9raire de Playa de Palma est id\u00e9al pour se d\u00e9tendre \u00e0 v\u00e9lo tout en profitant de l&#8217;environnement maritime &#8211; amusez-vous et profitez de l&#8217;itin\u00e9raire en faisant du v\u00e9lo \u00e0 Mallorca!<\/p>\t\t\t\t\t\t\t\t<\/div>\n\t\t\t\t<\/div>\n\t\t\t\t\t<\/div>\n\t\t<\/div>\n\t\t\t\t\t<\/div>\n\t\t<\/section>\n\t\t\t\t<section class=\"elementor-section elementor-top-section elementor-element elementor-element-7e95d90 elementor-section-boxed elementor-section-height-default elementor-section-height-default\" data-id=\"7e95d90\" data-element_type=\"section\" data-e-type=\"section\">\n\t\t\t\t\t\t<div class=\"elementor-container elementor-column-gap-default\">\n\t\t\t\t\t<div class=\"elementor-column elementor-col-100 elementor-top-column elementor-element elementor-element-d37aab1\" data-id=\"d37aab1\" data-element_type=\"column\" data-e-type=\"column\">\n\t\t\t<div class=\"elementor-widget-wrap elementor-element-populated\">\n\t\t\t\t\t\t<div class=\"elementor-element elementor-element-e466a69 elementor-widget elementor-widget-heading\" data-id=\"e466a69\" data-element_type=\"widget\" data-e-type=\"widget\" data-widget_type=\"heading.default\">\n\t\t\t\t<div class=\"elementor-widget-container\">\n\t\t\t\t\t<h3 class=\"elementor-heading-title elementor-size-default\">Itin\u00e9raire cycliste du Puig Major \u00e0 Mallorca<\/h3>\t\t\t\t<\/div>\n\t\t\t\t<\/div>\n\t\t\t\t\t<\/div>\n\t\t<\/div>\n\t\t\t\t\t<\/div>\n\t\t<\/section>\n\t\t\t\t<section class=\"elementor-section elementor-top-section elementor-element elementor-element-de76b5c elementor-section-boxed elementor-section-height-default elementor-section-height-default\" data-id=\"de76b5c\" data-element_type=\"section\" data-e-type=\"section\">\n\t\t\t\t\t\t<div class=\"elementor-container elementor-column-gap-default\">\n\t\t\t\t\t<div class=\"elementor-column elementor-col-50 elementor-top-column elementor-element elementor-element-41d10f3\" data-id=\"41d10f3\" data-element_type=\"column\" data-e-type=\"column\">\n\t\t\t<div class=\"elementor-widget-wrap elementor-element-populated\">\n\t\t\t\t\t\t<div class=\"elementor-element elementor-element-efb8a6e elementor-widget elementor-widget-text-editor\" data-id=\"efb8a6e\" data-element_type=\"widget\" data-e-type=\"widget\" data-widget_type=\"text-editor.default\">\n\t\t\t\t<div class=\"elementor-widget-container\">\n\t\t\t\t\t\t\t\t\t<p>Un itin\u00e9raire difficile mais gratifiant qui vous emm\u00e8ne au point culminant de Mallorca, le Puig Major. Voici quelques d\u00e9tails et points forts de cet itin\u00e9raire :<\/p>\n<p><strong>Distance et dur\u00e9e:<\/strong> La distance totale de la ville de S\u00f3ller au Puig Major et retour est d&#8217;environ 60 kilom\u00e8tres. La dur\u00e9e de l&#8217;itin\u00e9raire d\u00e9pend de votre condition physique et de votre vitesse de p\u00e9dalage, mais il faut g\u00e9n\u00e9ralement compter entre 4 et 6 heures.<\/p>\n<p><strong>Point de d\u00e9part:<\/strong> L&#8217;itin\u00e9raire commence g\u00e9n\u00e9ralement dans la ville de S\u00f3ller, situ\u00e9e sur la c\u00f4te nord-ouest de Mallorca. De l\u00e0, vous emprunterez la route Ma-10 qui vous conduira \u00e0 travers la Serra de Tramuntana jusqu&#8217;au Puig Major.<\/p>\n<p><strong>Profil des routes et du terrain:<\/strong> L&#8217;itin\u00e9raire se caract\u00e9rise par un terrain montagneux et des routes escarp\u00e9es et sinueuses lors de la mont\u00e9e vers le Puig Major. La route Ma-10 est connue pour ses virages en \u00e9pingle \u00e0 cheveux et ses d\u00e9nivel\u00e9s importants. Pr\u00e9parez-vous \u00e0 des mont\u00e9es difficiles et \u00e0 des descentes rapides sur votre chemin vers le sommet.<\/p>\n<p><strong>Puig Major:<\/strong> le Puig Major est le point le plus \u00e9lev\u00e9 de l&#8217;\u00eele, avec une altitude de 1 445 m\u00e8tres. En atteignant le sommet, vous serez r\u00e9compens\u00e9 par des vues panoramiques \u00e0 couper le souffle sur la Serra de Tramuntana et ses environs. C&#8217;est un endroit id\u00e9al pour se reposer, prendre des photos et profiter de la s\u00e9r\u00e9nit\u00e9 des montagnes.<\/p>\n<p><strong>Eau et repos:<\/strong> tout au long du parcours, vous trouverez des villages et des aires de repos o\u00f9 vous pourrez faire le plein d&#8217;eau et de nourriture. Il est conseill\u00e9 d&#8217;emporter suffisamment d&#8217;eau et d&#8217;aliments \u00e9nerg\u00e9tiques, car certains tron\u00e7ons de la route peuvent \u00eatre isol\u00e9s et moins bien desservis.<\/p>\n<p><strong>S\u00e9curit\u00e9 et pr\u00e9cautions:<\/strong> L&#8217;itin\u00e9raire du Puig Major est difficile et n\u00e9cessite une bonne condition physique et une exp\u00e9rience du v\u00e9lo de montagne. Veillez \u00e0 emporter des outils de r\u00e9paration de base pour votre v\u00e9lo, tels qu&#8217;un kit de r\u00e9paration de pneus et une pompe. Portez un \u00e9quipement de protection appropri\u00e9, comme un casque et des lumi\u00e8res, et respectez le code de la route \u00e0 tout moment.<\/p>\t\t\t\t\t\t\t\t<\/div>\n\t\t\t\t<\/div>\n\t\t\t\t\t<\/div>\n\t\t<\/div>\n\t\t\t\t<div class=\"elementor-column elementor-col-50 elementor-top-column elementor-element elementor-element-83f2cc5\" data-id=\"83f2cc5\" data-element_type=\"column\" data-e-type=\"column\">\n\t\t\t<div class=\"elementor-widget-wrap elementor-element-populated\">\n\t\t\t\t\t\t<div class=\"elementor-element elementor-element-83330bd elementor-widget elementor-widget-image\" data-id=\"83330bd\" data-element_type=\"widget\" data-e-type=\"widget\" data-widget_type=\"image.default\">\n\t\t\t\t<div class=\"elementor-widget-container\">\n\t\t\t\t\t\t\t\t\t\t\t\t\t\t\t<img loading=\"lazy\" decoding=\"async\" width=\"600\" height=\"600\" src=\"https:\/\/www.idealpropertymallorca.com\/blog\/wp-content\/uploads\/2023\/05\/practicar-ciclsimo-en-mallorca.jpg\" class=\"attachment-large size-large wp-image-13054\" alt=\"\" srcset=\"https:\/\/www.idealpropertymallorca.com\/blog\/wp-content\/uploads\/2023\/05\/practicar-ciclsimo-en-mallorca.jpg 600w, https:\/\/www.idealpropertymallorca.com\/blog\/wp-content\/uploads\/2023\/05\/practicar-ciclsimo-en-mallorca-150x150.jpg 150w, https:\/\/www.idealpropertymallorca.com\/blog\/wp-content\/uploads\/2023\/05\/practicar-ciclsimo-en-mallorca-90x90.jpg 90w\" sizes=\"(max-width: 600px) 100vw, 600px\" \/>\t\t\t\t\t\t\t\t\t\t\t\t\t\t\t<\/div>\n\t\t\t\t<\/div>\n\t\t\t\t<div class=\"elementor-element elementor-element-165f322 elementor-widget elementor-widget-text-editor\" data-id=\"165f322\" data-element_type=\"widget\" data-e-type=\"widget\" data-widget_type=\"text-editor.default\">\n\t\t\t\t<div class=\"elementor-widget-container\">\n\t\t\t\t\t\t\t\t\t<p><strong>N<\/strong><b>&#8216;oubliez pas que la piste cyclable du Puig Major<\/b> comporte une part importante d&#8217;escalade et de terrain montagneux. Il est donc important d&#8217;\u00eatre physiquement pr\u00e9par\u00e9 et d&#8217;avoir l&#8217;exp\u00e9rience de la pratique du v\u00e9lo dans ces conditions. Vous pouvez \u00e9galement envisager d&#8217;engager un guide local ou de participer \u00e0 des circuits organis\u00e9s pour une exp\u00e9rience plus s\u00fbre et plus enrichissante.<\/p>\n<p>Profitez des vues \u00e0 couper le souffle et du d\u00e9fi qu&#8217;offre la route du Puig Major en explorant les majestueuses montagnes de Mallorca \u00e0 v\u00e9lo &#8211; amusez-vous et profitez de la balade !<\/p>\t\t\t\t\t\t\t\t<\/div>\n\t\t\t\t<\/div>\n\t\t\t\t\t<\/div>\n\t\t<\/div>\n\t\t\t\t\t<\/div>\n\t\t<\/section>\n\t\t\t\t<section class=\"elementor-section elementor-top-section elementor-element elementor-element-147d744 elementor-section-boxed elementor-section-height-default elementor-section-height-default\" data-id=\"147d744\" data-element_type=\"section\" data-e-type=\"section\">\n\t\t\t\t\t\t<div class=\"elementor-container elementor-column-gap-default\">\n\t\t\t\t\t<div class=\"elementor-column elementor-col-100 elementor-top-column elementor-element elementor-element-76fd178\" data-id=\"76fd178\" data-element_type=\"column\" data-e-type=\"column\">\n\t\t\t<div class=\"elementor-widget-wrap elementor-element-populated\">\n\t\t\t\t\t\t<div class=\"elementor-element elementor-element-5a1bfb7 elementor-widget elementor-widget-image\" data-id=\"5a1bfb7\" data-element_type=\"widget\" data-e-type=\"widget\" data-widget_type=\"image.default\">\n\t\t\t\t<div class=\"elementor-widget-container\">\n\t\t\t\t\t\t\t\t\t\t\t\t<figure class=\"wp-caption\">\n\t\t\t\t\t\t\t\t\t\t<img loading=\"lazy\" decoding=\"async\" width=\"800\" height=\"375\" src=\"https:\/\/www.idealpropertymallorca.com\/blog\/wp-content\/uploads\/2023\/05\/ruta-ciclismo-palma-de-mallorca.jpg\" class=\"attachment-large size-large wp-image-13055\" alt=\"\" srcset=\"https:\/\/www.idealpropertymallorca.com\/blog\/wp-content\/uploads\/2023\/05\/ruta-ciclismo-palma-de-mallorca.jpg 960w, https:\/\/www.idealpropertymallorca.com\/blog\/wp-content\/uploads\/2023\/05\/ruta-ciclismo-palma-de-mallorca-768x360.jpg 768w\" sizes=\"(max-width: 800px) 100vw, 800px\" \/>\t\t\t\t\t\t\t\t\t\t\t<figcaption class=\"widget-image-caption wp-caption-text\">Itin\u00e9raire cycliste vers Palma de Mallorca<\/figcaption>\n\t\t\t\t\t\t\t\t\t\t<\/figure>\n\t\t\t\t\t\t\t\t\t<\/div>\n\t\t\t\t<\/div>\n\t\t\t\t\t<\/div>\n\t\t<\/div>\n\t\t\t\t\t<\/div>\n\t\t<\/section>\n\t\t\t\t<section class=\"elementor-section elementor-top-section elementor-element elementor-element-2c0213ee elementor-section-boxed elementor-section-height-default elementor-section-height-default\" data-id=\"2c0213ee\" data-element_type=\"section\" data-e-type=\"section\">\n\t\t\t\t\t\t<div class=\"elementor-container elementor-column-gap-default\">\n\t\t\t\t\t<div class=\"elementor-column elementor-col-100 elementor-top-column elementor-element elementor-element-2056c0c9\" data-id=\"2056c0c9\" data-element_type=\"column\" data-e-type=\"column\">\n\t\t\t<div class=\"elementor-widget-wrap elementor-element-populated\">\n\t\t\t\t\t\t<div class=\"elementor-element elementor-element-1de036c elementor-widget elementor-widget-heading\" data-id=\"1de036c\" data-element_type=\"widget\" data-e-type=\"widget\" data-widget_type=\"heading.default\">\n\t\t\t\t<div class=\"elementor-widget-container\">\n\t\t\t\t\t<h2 class=\"elementor-heading-title elementor-size-default\">Principaux \u00e9v\u00e9nements et courses cyclistes \u00e0 Mallorca<\/h2>\t\t\t\t<\/div>\n\t\t\t\t<\/div>\n\t\t\t\t<div class=\"elementor-element elementor-element-334b409e elementor-widget elementor-widget-text-editor\" data-id=\"334b409e\" data-element_type=\"widget\" data-e-type=\"widget\" data-widget_type=\"text-editor.default\">\n\t\t\t\t<div class=\"elementor-widget-container\">\n\t\t\t\t\t\t\t\t\t<p class=\"p1\">Mallorca accueille plusieurs \u00e9v\u00e9nements et courses cyclistes importants tout au long de l&#8217;ann\u00e9e. Voici quelques-unes des plus importantes:<\/p>\t\t\t\t\t\t\t\t<\/div>\n\t\t\t\t<\/div>\n\t\t\t\t\t<\/div>\n\t\t<\/div>\n\t\t\t\t\t<\/div>\n\t\t<\/section>\n\t\t\t\t<section class=\"elementor-section elementor-top-section elementor-element elementor-element-6ea468c elementor-section-boxed elementor-section-height-default elementor-section-height-default\" data-id=\"6ea468c\" data-element_type=\"section\" data-e-type=\"section\">\n\t\t\t\t\t\t<div class=\"elementor-container elementor-column-gap-default\">\n\t\t\t\t\t<div class=\"elementor-column elementor-col-25 elementor-top-column elementor-element elementor-element-abae1fc\" data-id=\"abae1fc\" data-element_type=\"column\" data-e-type=\"column\">\n\t\t\t<div class=\"elementor-widget-wrap elementor-element-populated\">\n\t\t\t\t\t\t<div class=\"elementor-element elementor-element-cc8c64d elementor-widget elementor-widget-heading\" data-id=\"cc8c64d\" data-element_type=\"widget\" data-e-type=\"widget\" data-widget_type=\"heading.default\">\n\t\t\t\t<div class=\"elementor-widget-container\">\n\t\t\t\t\t<h3 class=\"elementor-heading-title elementor-size-default\">Mallorca 312<\/h3>\t\t\t\t<\/div>\n\t\t\t\t<\/div>\n\t\t\t\t<div class=\"elementor-element elementor-element-7634fd9 elementor-widget elementor-widget-text-editor\" data-id=\"7634fd9\" data-element_type=\"widget\" data-e-type=\"widget\" data-widget_type=\"text-editor.default\">\n\t\t\t\t<div class=\"elementor-widget-container\">\n\t\t\t\t\t\t\t\t\t<p class=\"p1\">Il s&#8217;agit de l&#8217;une des courses cyclistes de longue distance les plus c\u00e9l\u00e8bres de Mallorca. L&#8217;itin\u00e9raire a une distance de 312 kilom\u00e8tres et couvre toute l&#8217;\u00eele, y compris la Serra de Tramuntana. La Mallorca 312 attire des cyclistes du monde entier et offre diff\u00e9rentes options de distance pour convenir \u00e0 diff\u00e9rents niveaux d&#8217;habilet\u00e9 cycliste.<\/p>\t\t\t\t\t\t\t\t<\/div>\n\t\t\t\t<\/div>\n\t\t\t\t<div class=\"elementor-element elementor-element-507efe6 elementor-widget elementor-widget-image\" data-id=\"507efe6\" data-element_type=\"widget\" data-e-type=\"widget\" data-widget_type=\"image.default\">\n\t\t\t\t<div class=\"elementor-widget-container\">\n\t\t\t\t\t\t\t\t\t\t\t\t\t\t\t<img loading=\"lazy\" decoding=\"async\" width=\"600\" height=\"600\" src=\"https:\/\/www.idealpropertymallorca.com\/blog\/wp-content\/uploads\/2023\/05\/carrera-ciclismo-mallorca-312.jpg\" class=\"attachment-large size-large wp-image-13059\" alt=\"\" srcset=\"https:\/\/www.idealpropertymallorca.com\/blog\/wp-content\/uploads\/2023\/05\/carrera-ciclismo-mallorca-312.jpg 600w, https:\/\/www.idealpropertymallorca.com\/blog\/wp-content\/uploads\/2023\/05\/carrera-ciclismo-mallorca-312-150x150.jpg 150w, https:\/\/www.idealpropertymallorca.com\/blog\/wp-content\/uploads\/2023\/05\/carrera-ciclismo-mallorca-312-90x90.jpg 90w\" sizes=\"(max-width: 600px) 100vw, 600px\" \/>\t\t\t\t\t\t\t\t\t\t\t\t\t\t\t<\/div>\n\t\t\t\t<\/div>\n\t\t\t\t\t<\/div>\n\t\t<\/div>\n\t\t\t\t<div class=\"elementor-column elementor-col-25 elementor-top-column elementor-element elementor-element-a90f549\" data-id=\"a90f549\" data-element_type=\"column\" data-e-type=\"column\">\n\t\t\t<div class=\"elementor-widget-wrap elementor-element-populated\">\n\t\t\t\t\t\t<div class=\"elementor-element elementor-element-833fb19 elementor-widget elementor-widget-heading\" data-id=\"833fb19\" data-element_type=\"widget\" data-e-type=\"widget\" data-widget_type=\"heading.default\">\n\t\t\t\t<div class=\"elementor-widget-container\">\n\t\t\t\t\t<h3 class=\"elementor-heading-title elementor-size-default\">Mallorca Challenge<\/h3>\t\t\t\t<\/div>\n\t\t\t\t<\/div>\n\t\t\t\t<div class=\"elementor-element elementor-element-40515ce elementor-widget elementor-widget-text-editor\" data-id=\"40515ce\" data-element_type=\"widget\" data-e-type=\"widget\" data-widget_type=\"text-editor.default\">\n\t\t\t\t<div class=\"elementor-widget-container\">\n\t\t\t\t\t\t\t\t\t<p class=\"p1\">S\u00e9rie de courses cyclistes professionnelles qui se d\u00e9roulent \u00e0 Mallorca au d\u00e9but de la saison. Elle se compose de plusieurs \u00e9tapes et attire des \u00e9quipes et des cyclistes professionnels de renom. Chaque \u00e9tape traverse diff\u00e9rentes parties de l&#8217;\u00eele, notamment des montagnes et des c\u00f4tes, et met les jambes \u00e0 rude \u00e9preuve \u00e0 chaque kilom\u00e8tre.<\/p>\t\t\t\t\t\t\t\t<\/div>\n\t\t\t\t<\/div>\n\t\t\t\t<div class=\"elementor-element elementor-element-5512882 elementor-widget elementor-widget-image\" data-id=\"5512882\" data-element_type=\"widget\" data-e-type=\"widget\" data-widget_type=\"image.default\">\n\t\t\t\t<div class=\"elementor-widget-container\">\n\t\t\t\t\t\t\t\t\t\t\t\t\t\t\t<img loading=\"lazy\" decoding=\"async\" width=\"600\" height=\"600\" src=\"https:\/\/www.idealpropertymallorca.com\/blog\/wp-content\/uploads\/2023\/05\/mallorca-challenge-ciclismo.jpg\" class=\"attachment-large size-large wp-image-13063\" alt=\"\" srcset=\"https:\/\/www.idealpropertymallorca.com\/blog\/wp-content\/uploads\/2023\/05\/mallorca-challenge-ciclismo.jpg 600w, https:\/\/www.idealpropertymallorca.com\/blog\/wp-content\/uploads\/2023\/05\/mallorca-challenge-ciclismo-150x150.jpg 150w, https:\/\/www.idealpropertymallorca.com\/blog\/wp-content\/uploads\/2023\/05\/mallorca-challenge-ciclismo-90x90.jpg 90w\" sizes=\"(max-width: 600px) 100vw, 600px\" \/>\t\t\t\t\t\t\t\t\t\t\t\t\t\t\t<\/div>\n\t\t\t\t<\/div>\n\t\t\t\t\t<\/div>\n\t\t<\/div>\n\t\t\t\t<div class=\"elementor-column elementor-col-25 elementor-top-column elementor-element elementor-element-ea5a469\" data-id=\"ea5a469\" data-element_type=\"column\" data-e-type=\"column\">\n\t\t\t<div class=\"elementor-widget-wrap elementor-element-populated\">\n\t\t\t\t\t\t<div class=\"elementor-element elementor-element-3d91deb elementor-widget elementor-widget-heading\" data-id=\"3d91deb\" data-element_type=\"widget\" data-e-type=\"widget\" data-widget_type=\"heading.default\">\n\t\t\t\t<div class=\"elementor-widget-container\">\n\t\t\t\t\t<h3 class=\"elementor-heading-title elementor-size-default\">Mallorca Classic<\/h3>\t\t\t\t<\/div>\n\t\t\t\t<\/div>\n\t\t\t\t<div class=\"elementor-element elementor-element-0344f74 elementor-widget elementor-widget-text-editor\" data-id=\"0344f74\" data-element_type=\"widget\" data-e-type=\"widget\" data-widget_type=\"text-editor.default\">\n\t\t\t\t<div class=\"elementor-widget-container\">\n\t\t\t\t\t\t\t\t\t<p class=\"p1\">Il s&#8217;agit d&#8217;un \u00e9v\u00e9nement cyclotouristique qui combine la passion du cyclisme classique et le tourisme \u00e0 Mallorca. Les participants ont l&#8217;occasion de profiter de paysages magnifiques tout en roulant sur des bicyclettes classiques d&#8217;\u00e9poque. Outre l&#8217;itin\u00e9raire lui-m\u00eame, l&#8217;\u00e9v\u00e9nement propose des activit\u00e9s li\u00e9es \u00e0 la culture du cyclisme et \u00e0 l&#8217;histoire de l&#8217;\u00eele.<\/p>\t\t\t\t\t\t\t\t<\/div>\n\t\t\t\t<\/div>\n\t\t\t\t<div class=\"elementor-element elementor-element-09c5366 elementor-widget elementor-widget-image\" data-id=\"09c5366\" data-element_type=\"widget\" data-e-type=\"widget\" data-widget_type=\"image.default\">\n\t\t\t\t<div class=\"elementor-widget-container\">\n\t\t\t\t\t\t\t\t\t\t\t\t\t\t\t<img loading=\"lazy\" decoding=\"async\" width=\"600\" height=\"600\" src=\"https:\/\/www.idealpropertymallorca.com\/blog\/wp-content\/uploads\/2023\/05\/mallorca-classic-ciclismo.jpg\" class=\"attachment-large size-large wp-image-13062\" alt=\"\" srcset=\"https:\/\/www.idealpropertymallorca.com\/blog\/wp-content\/uploads\/2023\/05\/mallorca-classic-ciclismo.jpg 600w, https:\/\/www.idealpropertymallorca.com\/blog\/wp-content\/uploads\/2023\/05\/mallorca-classic-ciclismo-150x150.jpg 150w, https:\/\/www.idealpropertymallorca.com\/blog\/wp-content\/uploads\/2023\/05\/mallorca-classic-ciclismo-90x90.jpg 90w\" sizes=\"(max-width: 600px) 100vw, 600px\" \/>\t\t\t\t\t\t\t\t\t\t\t\t\t\t\t<\/div>\n\t\t\t\t<\/div>\n\t\t\t\t\t<\/div>\n\t\t<\/div>\n\t\t\t\t<div class=\"elementor-column elementor-col-25 elementor-top-column elementor-element elementor-element-bd143f5\" data-id=\"bd143f5\" data-element_type=\"column\" data-e-type=\"column\">\n\t\t\t<div class=\"elementor-widget-wrap elementor-element-populated\">\n\t\t\t\t\t\t<div class=\"elementor-element elementor-element-10b5543 elementor-widget elementor-widget-heading\" data-id=\"10b5543\" data-element_type=\"widget\" data-e-type=\"widget\" data-widget_type=\"heading.default\">\n\t\t\t\t<div class=\"elementor-widget-container\">\n\t\t\t\t\t<h3 class=\"elementor-heading-title elementor-size-default\">Triathlon 140.6<br><\/h3>\t\t\t\t<\/div>\n\t\t\t\t<\/div>\n\t\t\t\t<div class=\"elementor-element elementor-element-e3d368d elementor-widget elementor-widget-text-editor\" data-id=\"e3d368d\" data-element_type=\"widget\" data-e-type=\"widget\" data-widget_type=\"text-editor.default\">\n\t\t\t\t<div class=\"elementor-widget-container\">\n\t\t\t\t\t\t\t\t\t<p class=\"p1\">Bien qu&#8217;il ne s&#8217;agisse pas exclusivement d&#8217;une course cycliste, le triathlon 140.6 de Mallorca est un \u00e9v\u00e9nement exceptionnel qui comprend une \u00e9tape cycliste. Il s&#8217;agit d&#8217;un triathlon longue distance comprenant 3,8 km de natation, 180 km de v\u00e9lo et un marathon de 42,2 km. Les cyclistes b\u00e9n\u00e9ficient d&#8217;un parcours difficile \u00e0 travers l&#8217;\u00eele de Mallorca.<\/p>\t\t\t\t\t\t\t\t<\/div>\n\t\t\t\t<\/div>\n\t\t\t\t<div class=\"elementor-element elementor-element-0d8f3ff elementor-widget elementor-widget-image\" data-id=\"0d8f3ff\" data-element_type=\"widget\" data-e-type=\"widget\" data-widget_type=\"image.default\">\n\t\t\t\t<div class=\"elementor-widget-container\">\n\t\t\t\t\t\t\t\t\t\t\t\t\t\t\t<img loading=\"lazy\" decoding=\"async\" width=\"600\" height=\"600\" src=\"https:\/\/www.idealpropertymallorca.com\/blog\/wp-content\/uploads\/2023\/05\/Mallorca-140.6-Triathlon.jpg\" class=\"attachment-large size-large wp-image-13061\" alt=\"\" srcset=\"https:\/\/www.idealpropertymallorca.com\/blog\/wp-content\/uploads\/2023\/05\/Mallorca-140.6-Triathlon.jpg 600w, https:\/\/www.idealpropertymallorca.com\/blog\/wp-content\/uploads\/2023\/05\/Mallorca-140.6-Triathlon-150x150.jpg 150w, https:\/\/www.idealpropertymallorca.com\/blog\/wp-content\/uploads\/2023\/05\/Mallorca-140.6-Triathlon-90x90.jpg 90w\" sizes=\"(max-width: 600px) 100vw, 600px\" \/>\t\t\t\t\t\t\t\t\t\t\t\t\t\t\t<\/div>\n\t\t\t\t<\/div>\n\t\t\t\t\t<\/div>\n\t\t<\/div>\n\t\t\t\t\t<\/div>\n\t\t<\/section>\n\t\t\t\t<section class=\"elementor-section elementor-top-section elementor-element elementor-element-5e671206 elementor-section-boxed elementor-section-height-default elementor-section-height-default\" data-id=\"5e671206\" data-element_type=\"section\" data-e-type=\"section\">\n\t\t\t\t\t\t<div class=\"elementor-container elementor-column-gap-default\">\n\t\t\t\t\t<div class=\"elementor-column elementor-col-100 elementor-top-column elementor-element elementor-element-152d4f46\" data-id=\"152d4f46\" data-element_type=\"column\" data-e-type=\"column\">\n\t\t\t<div class=\"elementor-widget-wrap elementor-element-populated\">\n\t\t\t\t\t\t<div class=\"elementor-element elementor-element-371746c6 elementor-widget elementor-widget-heading\" data-id=\"371746c6\" data-element_type=\"widget\" data-e-type=\"widget\" data-widget_type=\"heading.default\">\n\t\t\t\t<div class=\"elementor-widget-container\">\n\t\t\t\t\t<h2 class=\"elementor-heading-title elementor-size-default\">Cyclisme \u00e0 Mallorca<\/h2>\t\t\t\t<\/div>\n\t\t\t\t<\/div>\n\t\t\t\t<div class=\"elementor-element elementor-element-4fe18658 elementor-widget elementor-widget-text-editor\" data-id=\"4fe18658\" data-element_type=\"widget\" data-e-type=\"widget\" data-widget_type=\"text-editor.default\">\n\t\t\t\t<div class=\"elementor-widget-container\">\n\t\t\t\t\t\t\t\t\t<p>En plus de ces itin\u00e9raires, Mallorca offre une vaste infrastructure cycliste, avec des magasins de location de v\u00e9los, des ateliers, des guides touristiques et des h\u00f4tels qui r\u00e9pondent aux besoins des cyclistes. De nombreux \u00e9v\u00e9nements et comp\u00e9titions cyclistes sont \u00e9galement organis\u00e9s tout au long de l&#8217;ann\u00e9e, t\u00e9moignant de la passion de l&#8217;\u00eele pour ce sport.<\/p><p>Il est important de conna\u00eetre les r\u00e8gles de s\u00e9curit\u00e9 routi\u00e8re et de respecter les r\u00e9glementations locales lorsque vous faites du v\u00e9lo \u00e0 Mallorca. Veillez \u00e0 porter un \u00e9quipement appropri\u00e9, tel qu&#8217;un casque, des feux et un gilet r\u00e9fl\u00e9chissant, et \u00e0 respecter la signalisation routi\u00e8re.<\/p><p>En r\u00e9sum\u00e9, Mallorca est un paradis pour les amateurs de cyclisme, avec une grande vari\u00e9t\u00e9 d&#8217;itin\u00e9raires, des paysages spectaculaires et des services sp\u00e9cialis\u00e9s pour tirer le meilleur parti de cette activit\u00e9. Profitez de vos promenades \u00e0 v\u00e9lo sur la belle \u00eele de Mallorca!<\/p><p>Si vous voulez profiter de l&#8217;\u00eele avec style, nous vous proposons les meilleures options d&#8217;h\u00e9bergement pour tous les budgets, des simples appartements aux fincas de luxe, trouvez l&#8217;endroit id\u00e9al pour explorer l&#8217;\u00eele.<\/p>\t\t\t\t\t\t\t\t<\/div>\n\t\t\t\t<\/div>\n\t\t\t\t\t<\/div>\n\t\t<\/div>\n\t\t\t\t\t<\/div>\n\t\t<\/section>\n\t\t\t\t<section class=\"elementor-section elementor-top-section elementor-element elementor-element-ce148f2 elementor-section-boxed elementor-section-height-default elementor-section-height-default\" data-id=\"ce148f2\" data-element_type=\"section\" data-e-type=\"section\">\n\t\t\t\t\t\t<div class=\"elementor-container elementor-column-gap-default\">\n\t\t\t\t\t<div class=\"elementor-column elementor-col-100 elementor-top-column elementor-element elementor-element-7ea98d2\" data-id=\"7ea98d2\" data-element_type=\"column\" data-e-type=\"column\">\n\t\t\t<div class=\"elementor-widget-wrap elementor-element-populated\">\n\t\t\t\t\t\t<div class=\"elementor-element elementor-element-c37d81f elementor-widget elementor-widget-shortcode\" data-id=\"c37d81f\" data-element_type=\"widget\" data-e-type=\"widget\" data-widget_type=\"shortcode.default\">\n\t\t\t\t<div class=\"elementor-widget-container\">\n\t\t\t\t\t\t\t<div class=\"elementor-shortcode\">\t\t<div data-elementor-type=\"section\" data-elementor-id=\"14672\" class=\"elementor elementor-14672 elementor-1954 elementor-1954\" data-elementor-post-type=\"elementor_library\">\n\t\t\t\t\t<section class=\"elementor-section elementor-top-section elementor-element elementor-element-5778b12d elementor-section-boxed elementor-section-height-default elementor-section-height-default\" data-id=\"5778b12d\" data-element_type=\"section\" data-e-type=\"section\">\n\t\t\t\t\t\t<div class=\"elementor-container elementor-column-gap-default\">\n\t\t\t\t\t<div class=\"elementor-column elementor-col-33 elementor-top-column elementor-element elementor-element-7b63db41\" data-id=\"7b63db41\" data-element_type=\"column\" data-e-type=\"column\">\n\t\t\t<div class=\"elementor-widget-wrap elementor-element-populated\">\n\t\t\t\t\t\t<div class=\"elementor-element elementor-element-6130cb39 elementor-align-center elementor-widget elementor-widget-button\" data-id=\"6130cb39\" data-element_type=\"widget\" data-e-type=\"widget\" data-widget_type=\"button.default\">\n\t\t\t\t<div class=\"elementor-widget-container\">\n\t\t\t\t\t\t\t\t\t<div class=\"elementor-button-wrapper\">\n\t\t\t\t\t<a class=\"elementor-button elementor-button-link elementor-size-sm\" href=\"https:\/\/www.idealpropertymallorca.com\/fr\/location-appartement-a-majorque\">\n\t\t\t\t\t\t<span class=\"elementor-button-content-wrapper\">\n\t\t\t\t\t\t\t\t\t<span class=\"elementor-button-text\">Appartements \u00e0 Majorque<\/span>\n\t\t\t\t\t<\/span>\n\t\t\t\t\t<\/a>\n\t\t\t\t<\/div>\n\t\t\t\t\t\t\t\t<\/div>\n\t\t\t\t<\/div>\n\t\t\t\t\t<\/div>\n\t\t<\/div>\n\t\t\t\t<div class=\"elementor-column elementor-col-33 elementor-top-column elementor-element elementor-element-22b4a260\" data-id=\"22b4a260\" data-element_type=\"column\" data-e-type=\"column\">\n\t\t\t<div class=\"elementor-widget-wrap elementor-element-populated\">\n\t\t\t\t\t\t<div class=\"elementor-element elementor-element-79a06728 elementor-align-center elementor-widget elementor-widget-button\" data-id=\"79a06728\" data-element_type=\"widget\" data-e-type=\"widget\" data-widget_type=\"button.default\">\n\t\t\t\t<div class=\"elementor-widget-container\">\n\t\t\t\t\t\t\t\t\t<div class=\"elementor-button-wrapper\">\n\t\t\t\t\t<a class=\"elementor-button elementor-button-link elementor-size-sm\" href=\"https:\/\/www.idealpropertymallorca.com\/fr\/location-maison-majorque\/\">\n\t\t\t\t\t\t<span class=\"elementor-button-content-wrapper\">\n\t\t\t\t\t\t\t\t\t<span class=\"elementor-button-text\">Maisons de vacances \u00e0 Majorque<\/span>\n\t\t\t\t\t<\/span>\n\t\t\t\t\t<\/a>\n\t\t\t\t<\/div>\n\t\t\t\t\t\t\t\t<\/div>\n\t\t\t\t<\/div>\n\t\t\t\t\t<\/div>\n\t\t<\/div>\n\t\t\t\t<div class=\"elementor-column elementor-col-33 elementor-top-column elementor-element elementor-element-6d69c362\" data-id=\"6d69c362\" data-element_type=\"column\" data-e-type=\"column\">\n\t\t\t<div class=\"elementor-widget-wrap elementor-element-populated\">\n\t\t\t\t\t\t<div class=\"elementor-element elementor-element-2baf2346 elementor-align-center elementor-widget elementor-widget-button\" data-id=\"2baf2346\" data-element_type=\"widget\" data-e-type=\"widget\" data-widget_type=\"button.default\">\n\t\t\t\t<div class=\"elementor-widget-container\">\n\t\t\t\t\t\t\t\t\t<div class=\"elementor-button-wrapper\">\n\t\t\t\t\t<a class=\"elementor-button elementor-button-link elementor-size-sm\" href=\"https:\/\/www.idealpropertymallorca.com\/fr\/finca-majorque\/\">\n\t\t\t\t\t\t<span class=\"elementor-button-content-wrapper\">\n\t\t\t\t\t\t\t\t\t<span class=\"elementor-button-text\">Propri\u00e9t\u00e9s rurales \u00e0 Majorque<\/span>\n\t\t\t\t\t<\/span>\n\t\t\t\t\t<\/a>\n\t\t\t\t<\/div>\n\t\t\t\t\t\t\t\t<\/div>\n\t\t\t\t<\/div>\n\t\t\t\t\t<\/div>\n\t\t<\/div>\n\t\t\t\t\t<\/div>\n\t\t<\/section>\n\t\t\t\t<\/div>\n\t\t<\/div>\n\t\t\t\t\t\t<\/div>\n\t\t\t\t<\/div>\n\t\t\t\t\t<\/div>\n\t\t<\/div>\n\t\t\t\t\t<\/div>\n\t\t<\/section>\n\t\t\t\t<\/div>\n\t\t","protected":false},"excerpt":{"rendered":"<p>L&#8217;\u00eele de Mallorca, situ\u00e9e dans l&#8217;archipel espagnol des Bal\u00e9ares, offre une combinaison unique de paysages magnifiques, d&#8217;un climat agr\u00e9able et d&#8217;un vaste r\u00e9seau de routes et de pistes cyclables qui en font une destination id\u00e9ale pour les amateurs de cyclisme. Mallorca dispose d&#8217;une grande vari\u00e9t\u00e9 d&#8217;itin\u00e9raires et de pistes pour les cyclistes de tous niveaux. [&hellip;]<\/p>\n","protected":false},"author":9,"featured_media":13049,"comment_status":"open","ping_status":"open","sticky":false,"template":"","format":"standard","meta":{"footnotes":""},"categories":[736],"tags":[],"class_list":["post-13047","post","type-post","status-publish","format-standard","has-post-thumbnail","hentry","category-sports-d-aventure"],"yoast_head":"<!-- This site is optimized with the Yoast SEO plugin v27.4 - https:\/\/yoast.com\/product\/yoast-seo-wordpress\/ -->\n<title>Cyclisme \u00e0 Mallorca, tout ce qu&#039;il faut savoir - Majorca Blog<\/title>\n<meta name=\"description\" content=\"Mallorca dispose d&#039;une vari\u00e9t\u00e9 d&#039;itin\u00e9raires cyclables pour tous les go\u00fbts. Si vous \u00eates cycliste, d\u00e9couvrez Mallorca, ici!\" \/>\n<meta name=\"robots\" content=\"index, follow, max-snippet:-1, max-image-preview:large, max-video-preview:-1\" \/>\n<link rel=\"canonical\" href=\"https:\/\/www.idealpropertymallorca.com\/blog\/fr\/cyclisme-a-mallorca-tout-ce-quil-faut-savoir\/\" \/>\n<meta property=\"og:locale\" content=\"fr_FR\" \/>\n<meta property=\"og:type\" content=\"article\" \/>\n<meta property=\"og:title\" content=\"Cyclisme \u00e0 Mallorca, tout ce qu&#039;il faut savoir - Majorca Blog\" \/>\n<meta property=\"og:description\" content=\"Mallorca dispose d&#039;une vari\u00e9t\u00e9 d&#039;itin\u00e9raires cyclables pour tous les go\u00fbts. Si vous \u00eates cycliste, d\u00e9couvrez Mallorca, ici!\" \/>\n<meta property=\"og:url\" content=\"https:\/\/www.idealpropertymallorca.com\/blog\/fr\/cyclisme-a-mallorca-tout-ce-quil-faut-savoir\/\" \/>\n<meta property=\"og:site_name\" content=\"Majorca Blog\" \/>\n<meta property=\"article:published_time\" content=\"2024-09-23T17:48:28+00:00\" \/>\n<meta property=\"article:modified_time\" content=\"2025-03-07T11:50:34+00:00\" \/>\n<meta property=\"og:image\" content=\"https:\/\/www.idealpropertymallorca.com\/blog\/wp-content\/uploads\/2023\/05\/ciclismo-en-mallorca.jpg\" \/>\n\t<meta property=\"og:image:width\" content=\"1920\" \/>\n\t<meta property=\"og:image:height\" content=\"700\" \/>\n\t<meta property=\"og:image:type\" content=\"image\/jpeg\" \/>\n<meta name=\"author\" content=\"Tatiana\" \/>\n<meta name=\"twitter:card\" content=\"summary_large_image\" \/>\n<meta name=\"twitter:label1\" content=\"Written by\" \/>\n\t<meta name=\"twitter:data1\" content=\"Tatiana\" \/>\n\t<meta name=\"twitter:label2\" content=\"Est. reading time\" \/>\n\t<meta name=\"twitter:data2\" content=\"14 minutes\" \/>\n<script type=\"application\/ld+json\" class=\"yoast-schema-graph\">{\"@context\":\"https:\\\/\\\/schema.org\",\"@graph\":[{\"@type\":\"Article\",\"@id\":\"https:\\\/\\\/www.idealpropertymallorca.com\\\/blog\\\/fr\\\/cyclisme-a-mallorca-tout-ce-quil-faut-savoir\\\/#article\",\"isPartOf\":{\"@id\":\"https:\\\/\\\/www.idealpropertymallorca.com\\\/blog\\\/fr\\\/cyclisme-a-mallorca-tout-ce-quil-faut-savoir\\\/\"},\"author\":{\"name\":\"Tatiana\",\"@id\":\"https:\\\/\\\/www.idealpropertymallorca.com\\\/blog\\\/fr\\\/#\\\/schema\\\/person\\\/3e6672008494e754197397c523aac13d\"},\"headline\":\"Cyclisme \u00e0 Mallorca, tout ce qu&#8217;il faut savoir\",\"datePublished\":\"2024-09-23T17:48:28+00:00\",\"dateModified\":\"2025-03-07T11:50:34+00:00\",\"mainEntityOfPage\":{\"@id\":\"https:\\\/\\\/www.idealpropertymallorca.com\\\/blog\\\/fr\\\/cyclisme-a-mallorca-tout-ce-quil-faut-savoir\\\/\"},\"wordCount\":2563,\"commentCount\":0,\"publisher\":{\"@id\":\"https:\\\/\\\/www.idealpropertymallorca.com\\\/blog\\\/fr\\\/#organization\"},\"image\":{\"@id\":\"https:\\\/\\\/www.idealpropertymallorca.com\\\/blog\\\/fr\\\/cyclisme-a-mallorca-tout-ce-quil-faut-savoir\\\/#primaryimage\"},\"thumbnailUrl\":\"https:\\\/\\\/www.idealpropertymallorca.com\\\/blog\\\/wp-content\\\/uploads\\\/2023\\\/05\\\/ciclismo-en-mallorca.jpg\",\"articleSection\":[\"Sports d'aventure\"],\"inLanguage\":\"fr\",\"potentialAction\":[{\"@type\":\"CommentAction\",\"name\":\"Comment\",\"target\":[\"https:\\\/\\\/www.idealpropertymallorca.com\\\/blog\\\/fr\\\/cyclisme-a-mallorca-tout-ce-quil-faut-savoir\\\/#respond\"]}]},{\"@type\":\"WebPage\",\"@id\":\"https:\\\/\\\/www.idealpropertymallorca.com\\\/blog\\\/fr\\\/cyclisme-a-mallorca-tout-ce-quil-faut-savoir\\\/\",\"url\":\"https:\\\/\\\/www.idealpropertymallorca.com\\\/blog\\\/fr\\\/cyclisme-a-mallorca-tout-ce-quil-faut-savoir\\\/\",\"name\":\"Cyclisme \u00e0 Mallorca, tout ce qu'il faut savoir - Majorca Blog\",\"isPartOf\":{\"@id\":\"https:\\\/\\\/www.idealpropertymallorca.com\\\/blog\\\/fr\\\/#website\"},\"primaryImageOfPage\":{\"@id\":\"https:\\\/\\\/www.idealpropertymallorca.com\\\/blog\\\/fr\\\/cyclisme-a-mallorca-tout-ce-quil-faut-savoir\\\/#primaryimage\"},\"image\":{\"@id\":\"https:\\\/\\\/www.idealpropertymallorca.com\\\/blog\\\/fr\\\/cyclisme-a-mallorca-tout-ce-quil-faut-savoir\\\/#primaryimage\"},\"thumbnailUrl\":\"https:\\\/\\\/www.idealpropertymallorca.com\\\/blog\\\/wp-content\\\/uploads\\\/2023\\\/05\\\/ciclismo-en-mallorca.jpg\",\"datePublished\":\"2024-09-23T17:48:28+00:00\",\"dateModified\":\"2025-03-07T11:50:34+00:00\",\"description\":\"Mallorca dispose d'une vari\u00e9t\u00e9 d'itin\u00e9raires cyclables pour tous les go\u00fbts. Si vous \u00eates cycliste, d\u00e9couvrez Mallorca, ici!\",\"inLanguage\":\"fr\",\"potentialAction\":[{\"@type\":\"ReadAction\",\"target\":[\"https:\\\/\\\/www.idealpropertymallorca.com\\\/blog\\\/fr\\\/cyclisme-a-mallorca-tout-ce-quil-faut-savoir\\\/\"]}]},{\"@type\":\"ImageObject\",\"inLanguage\":\"fr\",\"@id\":\"https:\\\/\\\/www.idealpropertymallorca.com\\\/blog\\\/fr\\\/cyclisme-a-mallorca-tout-ce-quil-faut-savoir\\\/#primaryimage\",\"url\":\"https:\\\/\\\/www.idealpropertymallorca.com\\\/blog\\\/wp-content\\\/uploads\\\/2023\\\/05\\\/ciclismo-en-mallorca.jpg\",\"contentUrl\":\"https:\\\/\\\/www.idealpropertymallorca.com\\\/blog\\\/wp-content\\\/uploads\\\/2023\\\/05\\\/ciclismo-en-mallorca.jpg\",\"width\":1920,\"height\":700},{\"@type\":\"WebSite\",\"@id\":\"https:\\\/\\\/www.idealpropertymallorca.com\\\/blog\\\/fr\\\/#website\",\"url\":\"https:\\\/\\\/www.idealpropertymallorca.com\\\/blog\\\/fr\\\/\",\"name\":\"Majorca Blog\",\"description\":\"Find relevant tourist information to see and do on the island of Mallorca during your holiday. Discover the best places and tips!\",\"publisher\":{\"@id\":\"https:\\\/\\\/www.idealpropertymallorca.com\\\/blog\\\/fr\\\/#organization\"},\"potentialAction\":[{\"@type\":\"SearchAction\",\"target\":{\"@type\":\"EntryPoint\",\"urlTemplate\":\"https:\\\/\\\/www.idealpropertymallorca.com\\\/blog\\\/fr\\\/?s={search_term_string}\"},\"query-input\":{\"@type\":\"PropertyValueSpecification\",\"valueRequired\":true,\"valueName\":\"search_term_string\"}}],\"inLanguage\":\"fr\"},{\"@type\":\"Organization\",\"@id\":\"https:\\\/\\\/www.idealpropertymallorca.com\\\/blog\\\/fr\\\/#organization\",\"name\":\"Majorca Blog\",\"url\":\"https:\\\/\\\/www.idealpropertymallorca.com\\\/blog\\\/fr\\\/\",\"logo\":{\"@type\":\"ImageObject\",\"inLanguage\":\"fr\",\"@id\":\"https:\\\/\\\/www.idealpropertymallorca.com\\\/blog\\\/fr\\\/#\\\/schema\\\/logo\\\/image\\\/\",\"url\":\"https:\\\/\\\/www.idealpropertymallorca.com\\\/blog\\\/wp-content\\\/uploads\\\/2024\\\/10\\\/ideal-property-mallorca-blue-mobile.png\",\"contentUrl\":\"https:\\\/\\\/www.idealpropertymallorca.com\\\/blog\\\/wp-content\\\/uploads\\\/2024\\\/10\\\/ideal-property-mallorca-blue-mobile.png\",\"width\":500,\"height\":150,\"caption\":\"Majorca Blog\"},\"image\":{\"@id\":\"https:\\\/\\\/www.idealpropertymallorca.com\\\/blog\\\/fr\\\/#\\\/schema\\\/logo\\\/image\\\/\"}},{\"@type\":\"Person\",\"@id\":\"https:\\\/\\\/www.idealpropertymallorca.com\\\/blog\\\/fr\\\/#\\\/schema\\\/person\\\/3e6672008494e754197397c523aac13d\",\"name\":\"Tatiana\",\"image\":{\"@type\":\"ImageObject\",\"inLanguage\":\"fr\",\"@id\":\"https:\\\/\\\/secure.gravatar.com\\\/avatar\\\/d1f7a61926f15609398032f2f6a1b823942e417fe09d2f38c4cf50bc1d193691?s=96&d=mm&r=g\",\"url\":\"https:\\\/\\\/secure.gravatar.com\\\/avatar\\\/d1f7a61926f15609398032f2f6a1b823942e417fe09d2f38c4cf50bc1d193691?s=96&d=mm&r=g\",\"contentUrl\":\"https:\\\/\\\/secure.gravatar.com\\\/avatar\\\/d1f7a61926f15609398032f2f6a1b823942e417fe09d2f38c4cf50bc1d193691?s=96&d=mm&r=g\",\"caption\":\"Tatiana\"}}]}<\/script>\n<!-- \/ Yoast SEO plugin. -->","yoast_head_json":{"title":"Cyclisme \u00e0 Mallorca, tout ce qu'il faut savoir - Majorca Blog","description":"Mallorca dispose d'une vari\u00e9t\u00e9 d'itin\u00e9raires cyclables pour tous les go\u00fbts. Si vous \u00eates cycliste, d\u00e9couvrez Mallorca, ici!","robots":{"index":"index","follow":"follow","max-snippet":"max-snippet:-1","max-image-preview":"max-image-preview:large","max-video-preview":"max-video-preview:-1"},"canonical":"https:\/\/www.idealpropertymallorca.com\/blog\/fr\/cyclisme-a-mallorca-tout-ce-quil-faut-savoir\/","og_locale":"fr_FR","og_type":"article","og_title":"Cyclisme \u00e0 Mallorca, tout ce qu'il faut savoir - Majorca Blog","og_description":"Mallorca dispose d'une vari\u00e9t\u00e9 d'itin\u00e9raires cyclables pour tous les go\u00fbts. Si vous \u00eates cycliste, d\u00e9couvrez Mallorca, ici!","og_url":"https:\/\/www.idealpropertymallorca.com\/blog\/fr\/cyclisme-a-mallorca-tout-ce-quil-faut-savoir\/","og_site_name":"Majorca Blog","article_published_time":"2024-09-23T17:48:28+00:00","article_modified_time":"2025-03-07T11:50:34+00:00","og_image":[{"width":1920,"height":700,"url":"https:\/\/www.idealpropertymallorca.com\/blog\/wp-content\/uploads\/2023\/05\/ciclismo-en-mallorca.jpg","type":"image\/jpeg"}],"author":"Tatiana","twitter_card":"summary_large_image","twitter_misc":{"Written by":"Tatiana","Est. reading time":"14 minutes"},"schema":{"@context":"https:\/\/schema.org","@graph":[{"@type":"Article","@id":"https:\/\/www.idealpropertymallorca.com\/blog\/fr\/cyclisme-a-mallorca-tout-ce-quil-faut-savoir\/#article","isPartOf":{"@id":"https:\/\/www.idealpropertymallorca.com\/blog\/fr\/cyclisme-a-mallorca-tout-ce-quil-faut-savoir\/"},"author":{"name":"Tatiana","@id":"https:\/\/www.idealpropertymallorca.com\/blog\/fr\/#\/schema\/person\/3e6672008494e754197397c523aac13d"},"headline":"Cyclisme \u00e0 Mallorca, tout ce qu&#8217;il faut savoir","datePublished":"2024-09-23T17:48:28+00:00","dateModified":"2025-03-07T11:50:34+00:00","mainEntityOfPage":{"@id":"https:\/\/www.idealpropertymallorca.com\/blog\/fr\/cyclisme-a-mallorca-tout-ce-quil-faut-savoir\/"},"wordCount":2563,"commentCount":0,"publisher":{"@id":"https:\/\/www.idealpropertymallorca.com\/blog\/fr\/#organization"},"image":{"@id":"https:\/\/www.idealpropertymallorca.com\/blog\/fr\/cyclisme-a-mallorca-tout-ce-quil-faut-savoir\/#primaryimage"},"thumbnailUrl":"https:\/\/www.idealpropertymallorca.com\/blog\/wp-content\/uploads\/2023\/05\/ciclismo-en-mallorca.jpg","articleSection":["Sports d'aventure"],"inLanguage":"fr","potentialAction":[{"@type":"CommentAction","name":"Comment","target":["https:\/\/www.idealpropertymallorca.com\/blog\/fr\/cyclisme-a-mallorca-tout-ce-quil-faut-savoir\/#respond"]}]},{"@type":"WebPage","@id":"https:\/\/www.idealpropertymallorca.com\/blog\/fr\/cyclisme-a-mallorca-tout-ce-quil-faut-savoir\/","url":"https:\/\/www.idealpropertymallorca.com\/blog\/fr\/cyclisme-a-mallorca-tout-ce-quil-faut-savoir\/","name":"Cyclisme \u00e0 Mallorca, tout ce qu'il faut savoir - Majorca Blog","isPartOf":{"@id":"https:\/\/www.idealpropertymallorca.com\/blog\/fr\/#website"},"primaryImageOfPage":{"@id":"https:\/\/www.idealpropertymallorca.com\/blog\/fr\/cyclisme-a-mallorca-tout-ce-quil-faut-savoir\/#primaryimage"},"image":{"@id":"https:\/\/www.idealpropertymallorca.com\/blog\/fr\/cyclisme-a-mallorca-tout-ce-quil-faut-savoir\/#primaryimage"},"thumbnailUrl":"https:\/\/www.idealpropertymallorca.com\/blog\/wp-content\/uploads\/2023\/05\/ciclismo-en-mallorca.jpg","datePublished":"2024-09-23T17:48:28+00:00","dateModified":"2025-03-07T11:50:34+00:00","description":"Mallorca dispose d'une vari\u00e9t\u00e9 d'itin\u00e9raires cyclables pour tous les go\u00fbts. Si vous \u00eates cycliste, d\u00e9couvrez Mallorca, ici!","inLanguage":"fr","potentialAction":[{"@type":"ReadAction","target":["https:\/\/www.idealpropertymallorca.com\/blog\/fr\/cyclisme-a-mallorca-tout-ce-quil-faut-savoir\/"]}]},{"@type":"ImageObject","inLanguage":"fr","@id":"https:\/\/www.idealpropertymallorca.com\/blog\/fr\/cyclisme-a-mallorca-tout-ce-quil-faut-savoir\/#primaryimage","url":"https:\/\/www.idealpropertymallorca.com\/blog\/wp-content\/uploads\/2023\/05\/ciclismo-en-mallorca.jpg","contentUrl":"https:\/\/www.idealpropertymallorca.com\/blog\/wp-content\/uploads\/2023\/05\/ciclismo-en-mallorca.jpg","width":1920,"height":700},{"@type":"WebSite","@id":"https:\/\/www.idealpropertymallorca.com\/blog\/fr\/#website","url":"https:\/\/www.idealpropertymallorca.com\/blog\/fr\/","name":"Majorca Blog","description":"Find relevant tourist information to see and do on the island of Mallorca during your holiday. Discover the best places and tips!","publisher":{"@id":"https:\/\/www.idealpropertymallorca.com\/blog\/fr\/#organization"},"potentialAction":[{"@type":"SearchAction","target":{"@type":"EntryPoint","urlTemplate":"https:\/\/www.idealpropertymallorca.com\/blog\/fr\/?s={search_term_string}"},"query-input":{"@type":"PropertyValueSpecification","valueRequired":true,"valueName":"search_term_string"}}],"inLanguage":"fr"},{"@type":"Organization","@id":"https:\/\/www.idealpropertymallorca.com\/blog\/fr\/#organization","name":"Majorca Blog","url":"https:\/\/www.idealpropertymallorca.com\/blog\/fr\/","logo":{"@type":"ImageObject","inLanguage":"fr","@id":"https:\/\/www.idealpropertymallorca.com\/blog\/fr\/#\/schema\/logo\/image\/","url":"https:\/\/www.idealpropertymallorca.com\/blog\/wp-content\/uploads\/2024\/10\/ideal-property-mallorca-blue-mobile.png","contentUrl":"https:\/\/www.idealpropertymallorca.com\/blog\/wp-content\/uploads\/2024\/10\/ideal-property-mallorca-blue-mobile.png","width":500,"height":150,"caption":"Majorca Blog"},"image":{"@id":"https:\/\/www.idealpropertymallorca.com\/blog\/fr\/#\/schema\/logo\/image\/"}},{"@type":"Person","@id":"https:\/\/www.idealpropertymallorca.com\/blog\/fr\/#\/schema\/person\/3e6672008494e754197397c523aac13d","name":"Tatiana","image":{"@type":"ImageObject","inLanguage":"fr","@id":"https:\/\/secure.gravatar.com\/avatar\/d1f7a61926f15609398032f2f6a1b823942e417fe09d2f38c4cf50bc1d193691?s=96&d=mm&r=g","url":"https:\/\/secure.gravatar.com\/avatar\/d1f7a61926f15609398032f2f6a1b823942e417fe09d2f38c4cf50bc1d193691?s=96&d=mm&r=g","contentUrl":"https:\/\/secure.gravatar.com\/avatar\/d1f7a61926f15609398032f2f6a1b823942e417fe09d2f38c4cf50bc1d193691?s=96&d=mm&r=g","caption":"Tatiana"}}]}},"_links":{"self":[{"href":"https:\/\/www.idealpropertymallorca.com\/blog\/fr\/wp-json\/wp\/v2\/posts\/13047","targetHints":{"allow":["GET"]}}],"collection":[{"href":"https:\/\/www.idealpropertymallorca.com\/blog\/fr\/wp-json\/wp\/v2\/posts"}],"about":[{"href":"https:\/\/www.idealpropertymallorca.com\/blog\/fr\/wp-json\/wp\/v2\/types\/post"}],"author":[{"embeddable":true,"href":"https:\/\/www.idealpropertymallorca.com\/blog\/fr\/wp-json\/wp\/v2\/users\/9"}],"replies":[{"embeddable":true,"href":"https:\/\/www.idealpropertymallorca.com\/blog\/fr\/wp-json\/wp\/v2\/comments?post=13047"}],"version-history":[{"count":53,"href":"https:\/\/www.idealpropertymallorca.com\/blog\/fr\/wp-json\/wp\/v2\/posts\/13047\/revisions"}],"predecessor-version":[{"id":15945,"href":"https:\/\/www.idealpropertymallorca.com\/blog\/fr\/wp-json\/wp\/v2\/posts\/13047\/revisions\/15945"}],"wp:featuredmedia":[{"embeddable":true,"href":"https:\/\/www.idealpropertymallorca.com\/blog\/fr\/wp-json\/wp\/v2\/media\/13049"}],"wp:attachment":[{"href":"https:\/\/www.idealpropertymallorca.com\/blog\/fr\/wp-json\/wp\/v2\/media?parent=13047"}],"wp:term":[{"taxonomy":"category","embeddable":true,"href":"https:\/\/www.idealpropertymallorca.com\/blog\/fr\/wp-json\/wp\/v2\/categories?post=13047"},{"taxonomy":"post_tag","embeddable":true,"href":"https:\/\/www.idealpropertymallorca.com\/blog\/fr\/wp-json\/wp\/v2\/tags?post=13047"}],"curies":[{"name":"wp","href":"https:\/\/api.w.org\/{rel}","templated":true}]}}