{"id":12400,"date":"2024-08-30T08:14:10","date_gmt":"2024-08-30T08:14:10","guid":{"rendered":"https:\/\/www.idealpropertymallorca.com\/blog\/?p=12400"},"modified":"2025-04-08T09:58:12","modified_gmt":"2025-04-08T09:58:12","slug":"majorque-en-octobre","status":"publish","type":"post","link":"https:\/\/www.idealpropertymallorca.com\/blog\/fr\/majorque-en-octobre\/","title":{"rendered":"Venez visiter Majorque en octobre"},"content":{"rendered":"\t\t<div data-elementor-type=\"wp-post\" data-elementor-id=\"12400\" class=\"elementor elementor-12400 elementor-12191\" data-elementor-post-type=\"post\">\n\t\t\t\t\t\t<section class=\"elementor-section elementor-top-section elementor-element elementor-element-4bc74b38 elementor-section-boxed elementor-section-height-default elementor-section-height-default\" data-id=\"4bc74b38\" data-element_type=\"section\" data-e-type=\"section\">\n\t\t\t\t\t\t<div class=\"elementor-container elementor-column-gap-default\">\n\t\t\t\t\t<div class=\"elementor-column elementor-col-100 elementor-top-column elementor-element elementor-element-1f96ce88\" data-id=\"1f96ce88\" data-element_type=\"column\" data-e-type=\"column\">\n\t\t\t<div class=\"elementor-widget-wrap elementor-element-populated\">\n\t\t\t\t\t\t<div class=\"elementor-element elementor-element-7d218c1e elementor-widget elementor-widget-text-editor\" data-id=\"7d218c1e\" data-element_type=\"widget\" data-e-type=\"widget\" data-widget_type=\"text-editor.default\">\n\t\t\t\t<div class=\"elementor-widget-container\">\n\t\t\t\t\t\t\t\t\t<p><span style=\"font-weight: 400;\">Vous pensez venir visiter Majorque en octobre\u2009? Cette \u00eele est une destination qui attire des visiteurs tout au long de l\u2019ann\u00e9e, et bien que son apog\u00e9e se situe pendant les mois d\u2019\u00e9t\u00e9, le mois d\u2019octobre est parfait pour l\u2019explorer avec un temps agr\u00e9able et \u00e9chapper \u00e0 la haute saison tout en offrant le m\u00eame charme.<\/span><\/p><p><span style=\"font-weight: 400;\">Nous vous en disons plus\u2009!<\/span><\/p>\t\t\t\t\t\t\t\t<\/div>\n\t\t\t\t<\/div>\n\t\t\t\t\t<\/div>\n\t\t<\/div>\n\t\t\t\t\t<\/div>\n\t\t<\/section>\n\t\t\t\t<section class=\"elementor-section elementor-top-section elementor-element elementor-element-7ee119fb elementor-section-boxed elementor-section-height-default elementor-section-height-default\" data-id=\"7ee119fb\" data-element_type=\"section\" data-e-type=\"section\">\n\t\t\t\t\t\t<div class=\"elementor-container elementor-column-gap-default\">\n\t\t\t\t\t<div class=\"elementor-column elementor-col-100 elementor-top-column elementor-element elementor-element-e387ae1\" data-id=\"e387ae1\" data-element_type=\"column\" data-e-type=\"column\">\n\t\t\t<div class=\"elementor-widget-wrap elementor-element-populated\">\n\t\t\t\t\t\t<div class=\"elementor-element elementor-element-4be2ee78 elementor-widget elementor-widget-table-of-contents\" data-id=\"4be2ee78\" data-element_type=\"widget\" data-e-type=\"widget\" data-settings=\"{&quot;headings_by_tags&quot;:[&quot;h2&quot;,&quot;h3&quot;],&quot;exclude_headings_by_selector&quot;:[],&quot;marker_view&quot;:&quot;bullets&quot;,&quot;icon&quot;:{&quot;value&quot;:&quot;&quot;,&quot;library&quot;:&quot;&quot;},&quot;no_headings_message&quot;:&quot;Aucun titre n\\u2019a \\u00e9t\\u00e9 trouv\\u00e9 sur cette page.&quot;,&quot;hierarchical_view&quot;:&quot;yes&quot;,&quot;min_height&quot;:{&quot;unit&quot;:&quot;px&quot;,&quot;size&quot;:&quot;&quot;,&quot;sizes&quot;:[]},&quot;min_height_tablet&quot;:{&quot;unit&quot;:&quot;px&quot;,&quot;size&quot;:&quot;&quot;,&quot;sizes&quot;:[]},&quot;min_height_mobile&quot;:{&quot;unit&quot;:&quot;px&quot;,&quot;size&quot;:&quot;&quot;,&quot;sizes&quot;:[]}}\" data-widget_type=\"table-of-contents.default\">\n\t\t\t\t<div class=\"elementor-widget-container\">\n\t\t\t\t\t\t\t\t\t<div class=\"elementor-toc__header\">\n\t\t\t\t\t\t<div class=\"elementor-toc__header-title\">\n\t\t\t\tSommaire\t\t\t<\/div>\n\t\t\t\t\t\t\t\t<\/div>\n\t\t\t\t<div id=\"elementor-toc__4be2ee78\" class=\"elementor-toc__body\">\n\t\t\t<div class=\"elementor-toc__spinner-container\">\n\t\t\t\t<i class=\"elementor-toc__spinner eicon-animation-spin eicon-loading\" aria-hidden=\"true\"><\/i>\t\t\t<\/div>\n\t\t<\/div>\n\t\t\t\t\t\t<\/div>\n\t\t\t\t<\/div>\n\t\t\t\t\t<\/div>\n\t\t<\/div>\n\t\t\t\t\t<\/div>\n\t\t<\/section>\n\t\t\t\t<section class=\"elementor-section elementor-top-section elementor-element elementor-element-0a02e19 elementor-section-boxed elementor-section-height-default elementor-section-height-default\" data-id=\"0a02e19\" data-element_type=\"section\" data-e-type=\"section\">\n\t\t\t\t\t\t<div class=\"elementor-container elementor-column-gap-default\">\n\t\t\t\t\t<div class=\"elementor-column elementor-col-100 elementor-top-column elementor-element elementor-element-4ab9aab\" data-id=\"4ab9aab\" data-element_type=\"column\" data-e-type=\"column\">\n\t\t\t<div class=\"elementor-widget-wrap elementor-element-populated\">\n\t\t\t\t\t\t<div class=\"elementor-element elementor-element-7f12754 elementor-widget elementor-widget-heading\" data-id=\"7f12754\" data-element_type=\"widget\" data-e-type=\"widget\" data-widget_type=\"heading.default\">\n\t\t\t\t<div class=\"elementor-widget-container\">\n\t\t\t\t\t<h2 class=\"elementor-heading-title elementor-size-default\">Le temps et les conditions \u00e0 Majorque en octobre sont excellents\n<\/h2>\t\t\t\t<\/div>\n\t\t\t\t<\/div>\n\t\t\t\t<div class=\"elementor-element elementor-element-8aad2e0 elementor-widget elementor-widget-text-editor\" data-id=\"8aad2e0\" data-element_type=\"widget\" data-e-type=\"widget\" data-widget_type=\"text-editor.default\">\n\t\t\t\t<div class=\"elementor-widget-container\">\n\t\t\t\t\t\t\t\t\t<p><span style=\"font-weight: 400;\">Le temps \u00e0 Majorque en octobre est tr\u00e8s agr\u00e9able et doux. <\/span><b>Les temp\u00e9ratures oscillent entre environ 15\u00b0 la nuit et 25\u00b0 le jour<\/b><span style=\"font-weight: 400;\">, ce qui est id\u00e9al pour profiter des activit\u00e9s de plein air sans la chaleur \u00e9touffante de l\u2019\u00e9t\u00e9. La mer est encore chaude (environ 23\u00a0\u00b0C), ce qui vous permet de vous baigner si vous le souhaitez. Pr\u00e9parez-vous cependant, car il pleut parfois en automne. Le nombre moyen de jours gris varie entre cinq et sept jours par mois.<\/span><\/p>\t\t\t\t\t\t\t\t<\/div>\n\t\t\t\t<\/div>\n\t\t\t\t\t<\/div>\n\t\t<\/div>\n\t\t\t\t\t<\/div>\n\t\t<\/section>\n\t\t\t\t<section class=\"elementor-section elementor-top-section elementor-element elementor-element-b1983a7 elementor-section-boxed elementor-section-height-default elementor-section-height-default\" data-id=\"b1983a7\" data-element_type=\"section\" data-e-type=\"section\">\n\t\t\t\t\t\t<div class=\"elementor-container elementor-column-gap-default\">\n\t\t\t\t\t<div class=\"elementor-column elementor-col-100 elementor-top-column elementor-element elementor-element-bbc966c\" data-id=\"bbc966c\" data-element_type=\"column\" data-e-type=\"column\">\n\t\t\t<div class=\"elementor-widget-wrap elementor-element-populated\">\n\t\t\t\t\t\t<div class=\"elementor-element elementor-element-29b65bb elementor-widget elementor-widget-image\" data-id=\"29b65bb\" data-element_type=\"widget\" data-e-type=\"widget\" data-widget_type=\"image.default\">\n\t\t\t\t<div class=\"elementor-widget-container\">\n\t\t\t\t\t\t\t\t\t\t\t\t\t\t\t<img fetchpriority=\"high\" decoding=\"async\" width=\"1267\" height=\"633\" src=\"https:\/\/www.idealpropertymallorca.com\/blog\/wp-content\/uploads\/2024\/08\/mallorca-otono.jpg\" class=\"attachment-full size-full wp-image-12297\" alt=\"mallorca-otono\" srcset=\"https:\/\/www.idealpropertymallorca.com\/blog\/wp-content\/uploads\/2024\/08\/mallorca-otono.jpg 1267w, https:\/\/www.idealpropertymallorca.com\/blog\/wp-content\/uploads\/2024\/08\/mallorca-otono-768x384.jpg 768w\" sizes=\"(max-width: 1267px) 100vw, 1267px\" \/>\t\t\t\t\t\t\t\t\t\t\t\t\t\t\t<\/div>\n\t\t\t\t<\/div>\n\t\t\t\t\t<\/div>\n\t\t<\/div>\n\t\t\t\t\t<\/div>\n\t\t<\/section>\n\t\t\t\t<section class=\"elementor-section elementor-top-section elementor-element elementor-element-59cd575e elementor-section-boxed elementor-section-height-default elementor-section-height-default\" data-id=\"59cd575e\" data-element_type=\"section\" data-e-type=\"section\">\n\t\t\t\t\t\t<div class=\"elementor-container elementor-column-gap-default\">\n\t\t\t\t\t<div class=\"elementor-column elementor-col-100 elementor-top-column elementor-element elementor-element-33424f85\" data-id=\"33424f85\" data-element_type=\"column\" data-e-type=\"column\">\n\t\t\t<div class=\"elementor-widget-wrap elementor-element-populated\">\n\t\t\t\t\t\t<div class=\"elementor-element elementor-element-3a89b332 elementor-widget elementor-widget-heading\" data-id=\"3a89b332\" data-element_type=\"widget\" data-e-type=\"widget\" data-widget_type=\"heading.default\">\n\t\t\t\t<div class=\"elementor-widget-container\">\n\t\t\t\t\t<h2 class=\"elementor-heading-title elementor-size-default\">Que faire \u00e0 Majorque en octobre\u2009?\n<\/h2>\t\t\t\t<\/div>\n\t\t\t\t<\/div>\n\t\t\t\t<div class=\"elementor-element elementor-element-78bb46c5 elementor-widget elementor-widget-text-editor\" data-id=\"78bb46c5\" data-element_type=\"widget\" data-e-type=\"widget\" data-widget_type=\"text-editor.default\">\n\t\t\t\t<div class=\"elementor-widget-container\">\n\t\t\t\t\t\t\t\t\t<p><span style=\"font-weight: 400;\">Le mois d\u2019octobre, bien que n\u2019\u00e9tant pas un mois d\u2019\u00e9t\u00e9, est toujours riche en activit\u00e9s et en \u00e9v\u00e9nements. Parmi ceux-ci, citons la traditionnelle <\/span><b>foire de la Sobrasada \u00e0 Campos<\/b><span style=\"font-weight: 400;\">, o\u00f9 vous pourrez d\u00e9guster cette d\u00e9licieuse sp\u00e9cialit\u00e9 de charcuterie typique de l\u2019\u00eele\u2009; <\/span><b>la Fira de la Llampuga ou foire aux dorades <\/b><span style=\"font-weight: 400;\">\u00e0 <\/span><a href=\"https:\/\/www.idealpropertymallorca.com\/blog\/es\/cala-ratjada\/\"><span style=\"font-weight: 400;\">Cala Ratjada<\/span><\/a><span style=\"font-weight: 400;\">, une f\u00eate qui c\u00e9l\u00e8bre l\u2019arriv\u00e9e de la d\u00e9licieuse dorade dans l\u2019\u00eele\u2009; la <\/span><b>Fira de la Tardor \u00e0 Pollen\u00e7a<\/b><span style=\"font-weight: 400;\">, qui c\u00e9l\u00e8bre l\u2019arriv\u00e9e de l\u2019automne avec de nombreux produits de saison, de l\u2019artisanat et une tr\u00e8s bonne ambiance\u2009; ou encore les<\/span> <a href=\"https:\/\/www.idealpropertymallorca.com\/blog\/es\/fiestas-de-sant-pere-en-mallorca\/\"><span style=\"font-weight: 400;\">festivit\u00e9s de Sant Pere<\/span><\/a><span style=\"font-weight: 400;\"> \u00e0 Alcudia ou \u00e0 Palma.<\/span><\/p><p><span style=\"font-weight: 400;\">C\u2019est \u00e9galement le <\/span><b>mois id\u00e9al pour faire de la randonn\u00e9e et profiter de tous les sentiers de la cha\u00eene de montagnes de Tramuntana<\/b><span style=\"font-weight: 400;\">, comme le c\u00e9l\u00e8bre <\/span><b>itin\u00e9raire de Sa Calobra<\/b><span style=\"font-weight: 400;\">, qui part de la r\u00e9gion d\u2019Escorca et longe l\u2019impressionnant ravin du Torrent de Pareis jusqu\u2019\u00e0 la plage, ou la <\/span><b>route de Dei\u00e0 \u00e0 S\u00f3ller<\/b><span style=\"font-weight: 400;\">, qui relie les deux villages par d\u2019anciens chemins de pierre, en passant par des oliveraies, des for\u00eats de ch\u00eanes verts et avec des vues privil\u00e9gi\u00e9es sur la mer M\u00e9diterran\u00e9e.<\/span><\/p><p><span style=\"font-weight: 400;\">Et si vous pr\u00e9f\u00e9rez un autre sport, en octobre, <\/span><b>vous pourrez \u00e9galement jouer au tennis <\/b><span style=\"font-weight: 400;\">sur l\u2019un des meilleurs courts de l\u2019\u00eele. Vous pouvez aussi <\/span><a href=\"https:\/\/www.idealpropertymallorca.com\/blog\/es\/golf-mallorca\/\"><span style=\"font-weight: 400;\">jouer au golf \u00e0 Mallorca<\/span><\/a><span style=\"font-weight: 400;\">, un paradis pour ce sport de pr\u00e9cision, <\/span><b>faire d\u2019innombrables randonn\u00e9es \u00e0 v\u00e9lo, monter \u00e0 cheval <\/b><span style=\"font-weight: 400;\">ou m\u00eame <\/span><a href=\"https:\/\/www.idealpropertymallorca.com\/blog\/es\/catamaran-alcudia\/\"><span style=\"font-weight: 400;\">d\u00e9couvrir Mallorca en catamaran<\/span><\/a><span style=\"font-weight: 400;\">.<\/span><\/p><p><span style=\"font-weight: 400;\">Le <\/span><b>mois d\u2019octobre \u00e0 Majorque est \u00e9galement un paradis pour les amateurs de vin, <\/b><span style=\"font-weight: 400;\">car, profitant de la saison des vendanges, les caves organisent davantage de visites et de d\u00e9gustations, comme \u00e0 la cave Jos\u00e9 L. Ferrer de Binissalem ou \u00e0 la cave \u00c1nima Negra de Felanitx.<\/span><\/p>\t\t\t\t\t\t\t\t<\/div>\n\t\t\t\t<\/div>\n\t\t\t\t\t<\/div>\n\t\t<\/div>\n\t\t\t\t\t<\/div>\n\t\t<\/section>\n\t\t\t\t<section class=\"elementor-section elementor-top-section elementor-element elementor-element-af54801 elementor-section-boxed elementor-section-height-default elementor-section-height-default\" data-id=\"af54801\" data-element_type=\"section\" data-e-type=\"section\">\n\t\t\t\t\t\t<div class=\"elementor-container elementor-column-gap-default\">\n\t\t\t\t\t<div class=\"elementor-column elementor-col-100 elementor-top-column elementor-element elementor-element-7116bed\" data-id=\"7116bed\" data-element_type=\"column\" data-e-type=\"column\">\n\t\t\t<div class=\"elementor-widget-wrap elementor-element-populated\">\n\t\t\t\t\t\t<div class=\"elementor-element elementor-element-eeb8e91 elementor-widget elementor-widget-heading\" data-id=\"eeb8e91\" data-element_type=\"widget\" data-e-type=\"widget\" data-widget_type=\"heading.default\">\n\t\t\t\t<div class=\"elementor-widget-container\">\n\t\t\t\t\t<h2 class=\"elementor-heading-title elementor-size-default\">Les lieux incontournables \u00e0 visiter \u00e0 Majorque en automne\n<\/h2>\t\t\t\t<\/div>\n\t\t\t\t<\/div>\n\t\t\t\t<div class=\"elementor-element elementor-element-d1ea0cf elementor-widget elementor-widget-text-editor\" data-id=\"d1ea0cf\" data-element_type=\"widget\" data-e-type=\"widget\" data-widget_type=\"text-editor.default\">\n\t\t\t\t<div class=\"elementor-widget-container\">\n\t\t\t\t\t\t\t\t\t<p><b>Majorque en octobre vous offre l\u2019opportunit\u00e9 d\u2019explorer les lieux les plus embl\u00e9matiques de l\u2019\u00eele sans la foule habituelle de l\u2019\u00e9t\u00e9<\/b><span style=\"font-weight: 400;\">. Parmi les lieux \u00e0 ne pas manquer, citons la cath\u00e9drale de Palma, \u00e9galement connue sous le nom de La Seu\u2009; le ch\u00e2teau de Bellver, qui offre une vue impressionnante sur la baie\u2009; les <\/span><a href=\"https:\/\/www.idealpropertymallorca.com\/blog\/es\/pueblos-bonitos-mallorca\/\"><span style=\"font-weight: 400;\">villages les plus pittoresques de l\u2019\u00eele<\/span><\/a><span style=\"font-weight: 400;\">, comme Valldemossa\u2009; le ch\u00e2teau de Capdepera\u2009; la forteresse de Sant Salvador \u00e0 Art\u00e0\u2009; la d\u00e9couverte de la vieille ville d\u2019Alcudia ou encore la promenade du port de Pollen\u00e7a.<\/span><\/p><p><span style=\"font-weight: 400;\">Et <\/span><b>vous ne pouvez pas quitter Majorque sans visiter certaines de ses plages impressionnantes <\/b><span style=\"font-weight: 400;\">comme Es Trenc, Formentor et profiter de l\u2019occasion pour grimper jusqu\u2019\u00e0 son phare, ou Muro, <\/span><b>et aller dans les criques <\/b><span style=\"font-weight: 400;\">comme Mondrag\u00f3, Varqu\u00e9s ou <\/span><a href=\"https:\/\/www.idealpropertymallorca.com\/blog\/es\/cala-millor-mallorca\/\"><span style=\"font-weight: 400;\">Cala Millor.<\/span><\/a><\/p>\t\t\t\t\t\t\t\t<\/div>\n\t\t\t\t<\/div>\n\t\t\t\t\t<\/div>\n\t\t<\/div>\n\t\t\t\t\t<\/div>\n\t\t<\/section>\n\t\t\t\t<section class=\"elementor-section elementor-top-section elementor-element elementor-element-eeb11cc elementor-section-boxed elementor-section-height-default elementor-section-height-default\" data-id=\"eeb11cc\" data-element_type=\"section\" data-e-type=\"section\">\n\t\t\t\t\t\t<div class=\"elementor-container elementor-column-gap-default\">\n\t\t\t\t\t<div class=\"elementor-column elementor-col-100 elementor-top-column elementor-element elementor-element-300d4df\" data-id=\"300d4df\" data-element_type=\"column\" data-e-type=\"column\">\n\t\t\t<div class=\"elementor-widget-wrap elementor-element-populated\">\n\t\t\t\t\t\t<div class=\"elementor-element elementor-element-bedc032 elementor-widget elementor-widget-image\" data-id=\"bedc032\" data-element_type=\"widget\" data-e-type=\"widget\" data-widget_type=\"image.default\">\n\t\t\t\t<div class=\"elementor-widget-container\">\n\t\t\t\t\t\t\t\t\t\t\t\t\t\t\t<img decoding=\"async\" width=\"1254\" height=\"627\" src=\"https:\/\/www.idealpropertymallorca.com\/blog\/wp-content\/uploads\/2024\/08\/visitar-calas-mallorca-octubre.jpg\" class=\"attachment-full size-full wp-image-12293\" alt=\"visitar-calas-mallorca-octubre\" srcset=\"https:\/\/www.idealpropertymallorca.com\/blog\/wp-content\/uploads\/2024\/08\/visitar-calas-mallorca-octubre.jpg 1254w, https:\/\/www.idealpropertymallorca.com\/blog\/wp-content\/uploads\/2024\/08\/visitar-calas-mallorca-octubre-768x384.jpg 768w\" sizes=\"(max-width: 1254px) 100vw, 1254px\" \/>\t\t\t\t\t\t\t\t\t\t\t\t\t\t\t<\/div>\n\t\t\t\t<\/div>\n\t\t\t\t\t<\/div>\n\t\t<\/div>\n\t\t\t\t\t<\/div>\n\t\t<\/section>\n\t\t\t\t<section class=\"elementor-section elementor-top-section elementor-element elementor-element-dc2f508 elementor-section-boxed elementor-section-height-default elementor-section-height-default\" data-id=\"dc2f508\" data-element_type=\"section\" data-e-type=\"section\">\n\t\t\t\t\t\t<div class=\"elementor-container elementor-column-gap-default\">\n\t\t\t\t\t<div class=\"elementor-column elementor-col-100 elementor-top-column elementor-element elementor-element-0dfd227\" data-id=\"0dfd227\" data-element_type=\"column\" data-e-type=\"column\">\n\t\t\t<div class=\"elementor-widget-wrap elementor-element-populated\">\n\t\t\t\t\t\t<div class=\"elementor-element elementor-element-77abfa1 elementor-widget elementor-widget-heading\" data-id=\"77abfa1\" data-element_type=\"widget\" data-e-type=\"widget\" data-widget_type=\"heading.default\">\n\t\t\t\t<div class=\"elementor-widget-container\">\n\t\t\t\t\t<h2 class=\"elementor-heading-title elementor-size-default\">Conseils pour profiter au mieux de votre visite\n<\/h2>\t\t\t\t<\/div>\n\t\t\t\t<\/div>\n\t\t\t\t<div class=\"elementor-element elementor-element-2b54f9b elementor-widget elementor-widget-text-editor\" data-id=\"2b54f9b\" data-element_type=\"widget\" data-e-type=\"widget\" data-widget_type=\"text-editor.default\">\n\t\t\t\t<div class=\"elementor-widget-container\">\n\t\t\t\t\t\t\t\t\t<p><span style=\"font-weight: 400;\">Pour profiter au mieux de votre visite \u00e0 Majorque en octobre, outre les activit\u00e9s pr\u00e9vues et le temps qu\u2019il fera, vous devez organiser votre voyage. En basse saison, <\/span><b>les horaires des principales attractions des villes peuvent changer<\/b><span style=\"font-weight: 400;\">, de m\u00eame que ceux des transports publics\u2009; v\u00e9rifiez-les avant ou pensez \u00e0 louer une voiture, ce qui vous permettra d\u2019explorer l\u2019\u00eele \u00e0 votre rythme.<\/span><\/p><p><span style=\"font-weight: 400;\">Et dans votre valise\u2009? Prenez un peu de tout. <\/span><b>L\u2019id\u00e9al est d\u2019emporter des v\u00eatements l\u00e9gers et des v\u00eatements utiles en cas de pluie<\/b><span style=\"font-weight: 400;\">. Oh, et quelque chose de chaud pour les soir\u00e9es, quand il fait un peu plus frais. En fonction des activit\u00e9s que vous allez faire \u00e0 Mallorca, vous devrez ajouter d\u2019autres choses\u00a0: de bonnes chaussures si vous faites de la randonn\u00e9e, un maillot de bain si vous pr\u00e9voyez de vous baigner dans l\u2019une de ses criques ou sur l\u2019une de ses plages&#8230; bref, tout ce que vous voulez\u2009!<\/span><\/p><p><b>N\u2019oubliez pas non plus le chapeau et la cr\u00e8me solaire\u2009<\/b><span style=\"font-weight: 400;\">; vous pouvez les oublier en faisant votre valise parce que vous voyagez en automne, mais ils sont plus que n\u00e9cessaires pour venir \u00e0 Majorque en octobre.<\/span><\/p>\t\t\t\t\t\t\t\t<\/div>\n\t\t\t\t<\/div>\n\t\t\t\t\t<\/div>\n\t\t<\/div>\n\t\t\t\t\t<\/div>\n\t\t<\/section>\n\t\t\t\t<section class=\"elementor-section elementor-top-section elementor-element elementor-element-6fbf4f2 elementor-section-boxed elementor-section-height-default elementor-section-height-default\" data-id=\"6fbf4f2\" data-element_type=\"section\" data-e-type=\"section\">\n\t\t\t\t\t\t<div class=\"elementor-container elementor-column-gap-default\">\n\t\t\t\t\t<div class=\"elementor-column elementor-col-100 elementor-top-column elementor-element elementor-element-5bbf9ee\" data-id=\"5bbf9ee\" data-element_type=\"column\" data-e-type=\"column\">\n\t\t\t<div class=\"elementor-widget-wrap elementor-element-populated\">\n\t\t\t\t\t\t<div class=\"elementor-element elementor-element-d2a84f7 elementor-widget elementor-widget-heading\" data-id=\"d2a84f7\" data-element_type=\"widget\" data-e-type=\"widget\" data-widget_type=\"heading.default\">\n\t\t\t\t<div class=\"elementor-widget-container\">\n\t\t\t\t\t<h2 class=\"elementor-heading-title elementor-size-default\">La gastronomie majorquine est excellente \u00e0 cette \u00e9poque de l\u2019ann\u00e9e\n<\/h2>\t\t\t\t<\/div>\n\t\t\t\t<\/div>\n\t\t\t\t<div class=\"elementor-element elementor-element-b63d431 elementor-widget elementor-widget-text-editor\" data-id=\"b63d431\" data-element_type=\"widget\" data-e-type=\"widget\" data-widget_type=\"text-editor.default\">\n\t\t\t\t<div class=\"elementor-widget-container\">\n\t\t\t\t\t\t\t\t\t<p><span style=\"font-weight: 400;\">En octobre, la gastronomie majorquine continue d\u2019\u00eatre m\u00e9diterran\u00e9enne et elle est \u00e0 son meilleur niveau. \u00c0 cette \u00e9poque de l\u2019ann\u00e9e, la cuisine majorquine est pleine de produits de saison, comme les champignons, les amandes et une grande vari\u00e9t\u00e9 de fruits et l\u00e9gumes frais comme les figues, les grenades et le chou fris\u00e9.<\/span><\/p><p><span style=\"font-weight: 400;\">En fait, les <\/span><b>champignons jouent un r\u00f4le important dans la gastronomie pendant le mois d\u2019octobre<\/b><span style=\"font-weight: 400;\">, au moment o\u00f9 commence la saison de la cueillette des champignons. Vous trouverez dans de nombreux restaurants et bars des sp\u00e9cialit\u00e9s qui les ajoutent dans des plats mijot\u00e9s, des \u0153ufs brouill\u00e9s et des plats de riz, le typique \u00ab\u2009arr\u00f2s brut\u2009\u00bb\u2009; les utiliser en \u00e9t\u00e9 est plus inhabituel.<\/span><\/p><p><b>Qu\u2019en est-il des amandes\u2009? Ces fruits secs sont r\u00e9colt\u00e9s \u00e0 la fin de l\u2019\u00e9t\u00e9 et au d\u00e9but de l\u2019automne et sont \u00e9galement utilis\u00e9s dans de nombreux desserts traditionnels <\/b><span style=\"font-weight: 400;\">tels que le \u00ab\u2009gat\u00f3 de almendra\u2009\u00bb, une g\u00e9noise tr\u00e8s spongieuse qui est g\u00e9n\u00e9ralement servie avec de la cr\u00e8me glac\u00e9e.<\/span><\/p><p><span style=\"font-weight: 400;\">Le mois d\u2019octobre est \u00e9galement une bonne p\u00e9riode pour d\u00e9guster les \u00ab\u2009<\/span><b>ensaimadas\u2009\u00bb<\/b><span style=\"font-weight: 400;\">, une friandise tr\u00e8s populaire \u00e0 Majorque, ou la \u00ab\u2009<\/span><b>sobrasada\u2009\u00bb<\/b><span style=\"font-weight: 400;\">, une charcuterie traditionnelle majorquine \u00e0 base de porc, de paprika et d\u2019\u00e9pices. <\/span><b>Ces deux sp\u00e9cialit\u00e9s peuvent \u00eatre d\u00e9gust\u00e9es tout au long de l\u2019ann\u00e9e, mais en octobre, vous ne pouvez pas les manquer.<\/b><\/p>\t\t\t\t\t\t\t\t<\/div>\n\t\t\t\t<\/div>\n\t\t\t\t\t<\/div>\n\t\t<\/div>\n\t\t\t\t\t<\/div>\n\t\t<\/section>\n\t\t\t\t<section class=\"elementor-section elementor-top-section elementor-element elementor-element-d300adb elementor-section-boxed elementor-section-height-default elementor-section-height-default\" data-id=\"d300adb\" data-element_type=\"section\" data-e-type=\"section\">\n\t\t\t\t\t\t<div class=\"elementor-container elementor-column-gap-default\">\n\t\t\t\t\t<div class=\"elementor-column elementor-col-100 elementor-top-column elementor-element elementor-element-aeb1c99\" data-id=\"aeb1c99\" data-element_type=\"column\" data-e-type=\"column\">\n\t\t\t<div class=\"elementor-widget-wrap elementor-element-populated\">\n\t\t\t\t\t\t<div class=\"elementor-element elementor-element-6abdd6e elementor-widget elementor-widget-image\" data-id=\"6abdd6e\" data-element_type=\"widget\" data-e-type=\"widget\" data-widget_type=\"image.default\">\n\t\t\t\t<div class=\"elementor-widget-container\">\n\t\t\t\t\t\t\t\t\t\t\t\t\t\t\t<img decoding=\"async\" width=\"1920\" height=\"750\" src=\"https:\/\/www.idealpropertymallorca.com\/blog\/wp-content\/uploads\/2023\/07\/ensaimadas-comida-tipica-de-mallorca.jpg\" class=\"attachment-full size-full wp-image-14431\" alt=\"\" srcset=\"https:\/\/www.idealpropertymallorca.com\/blog\/wp-content\/uploads\/2023\/07\/ensaimadas-comida-tipica-de-mallorca.jpg 1920w, https:\/\/www.idealpropertymallorca.com\/blog\/wp-content\/uploads\/2023\/07\/ensaimadas-comida-tipica-de-mallorca-768x300.jpg 768w, https:\/\/www.idealpropertymallorca.com\/blog\/wp-content\/uploads\/2023\/07\/ensaimadas-comida-tipica-de-mallorca-1536x600.jpg 1536w\" sizes=\"(max-width: 1920px) 100vw, 1920px\" \/>\t\t\t\t\t\t\t\t\t\t\t\t\t\t\t<\/div>\n\t\t\t\t<\/div>\n\t\t\t\t\t<\/div>\n\t\t<\/div>\n\t\t\t\t\t<\/div>\n\t\t<\/section>\n\t\t\t\t<section class=\"elementor-section elementor-top-section elementor-element elementor-element-3a32a078 elementor-section-boxed elementor-section-height-default elementor-section-height-default\" data-id=\"3a32a078\" data-element_type=\"section\" data-e-type=\"section\">\n\t\t\t\t\t\t<div class=\"elementor-container elementor-column-gap-default\">\n\t\t\t\t\t<div class=\"elementor-column elementor-col-100 elementor-top-column elementor-element elementor-element-3cccacd9\" data-id=\"3cccacd9\" data-element_type=\"column\" data-e-type=\"column\">\n\t\t\t<div class=\"elementor-widget-wrap elementor-element-populated\">\n\t\t\t\t\t\t<div class=\"elementor-element elementor-element-2077f353 elementor-widget elementor-widget-heading\" data-id=\"2077f353\" data-element_type=\"widget\" data-e-type=\"widget\" data-widget_type=\"heading.default\">\n\t\t\t\t<div class=\"elementor-widget-container\">\n\t\t\t\t\t<h2 class=\"elementor-heading-title elementor-size-default\">Vous venez \u00e0 Majorque en octobre\u2009?\n<\/h2>\t\t\t\t<\/div>\n\t\t\t\t<\/div>\n\t\t\t\t<div class=\"elementor-element elementor-element-2d1cf66c elementor-widget elementor-widget-text-editor\" data-id=\"2d1cf66c\" data-element_type=\"widget\" data-e-type=\"widget\" data-widget_type=\"text-editor.default\">\n\t\t\t\t<div class=\"elementor-widget-container\">\n\t\t\t\t\t\t\t\t\t<p><span style=\"font-weight: 400;\">Majorque en automne est une destination qui combine le meilleur de la nature, de la culture et de la gastronomie, avec des temp\u00e9ratures tr\u00e8s agr\u00e9ables et de nombreuses activit\u00e9s. C\u2019est peut-\u00eatre ce qui vous attire le plus dans un voyage \u00e0 Majorque en octobre, n\u2019est-ce pas\u2009?<\/span><\/p><p><span style=\"font-weight: 400;\">Attendez, car nous avons quelque chose qui pourrait attirer encore plus votre attention\u00a0: la foule d\u2019h\u00e9bergements que nous avons dans Ideal Properties, de sorte que, lorsque vous d\u00e9cidez de visiter Mallorca, vous pouvez le faire avec tout le confort et sans perdre de temps \u00e0 chercher un endroit o\u00f9 loger.<\/span><\/p><p><span style=\"font-weight: 400;\">\u00c7a vous va\u2009? Alors, jetez un coup d\u2019\u0153il \u00e0 <\/span><a href=\"https:\/\/www.idealpropertymallorca.com\/es\/\"><span style=\"font-weight: 400;\">notre site web<\/span><\/a><span style=\"font-weight: 400;\"> et trouvez l\u2019h\u00e9bergement id\u00e9al pour votre voyage \u00e0 Mallorca en octobre, \u00e0 bient\u00f4t\u2009!<\/span><\/p>\t\t\t\t\t\t\t\t<\/div>\n\t\t\t\t<\/div>\n\t\t\t\t\t<\/div>\n\t\t<\/div>\n\t\t\t\t\t<\/div>\n\t\t<\/section>\n\t\t\t\t<section class=\"elementor-section elementor-top-section elementor-element elementor-element-5a1022f6 elementor-section-boxed elementor-section-height-default elementor-section-height-default\" data-id=\"5a1022f6\" data-element_type=\"section\" data-e-type=\"section\">\n\t\t\t\t\t\t<div class=\"elementor-container elementor-column-gap-default\">\n\t\t\t\t\t<div class=\"elementor-column elementor-col-33 elementor-top-column elementor-element elementor-element-5a5747e6\" data-id=\"5a5747e6\" data-element_type=\"column\" data-e-type=\"column\">\n\t\t\t<div class=\"elementor-widget-wrap elementor-element-populated\">\n\t\t\t\t\t\t<div class=\"elementor-element elementor-element-38d3cf49 elementor-align-center elementor-widget elementor-widget-button\" data-id=\"38d3cf49\" data-element_type=\"widget\" data-e-type=\"widget\" data-widget_type=\"button.default\">\n\t\t\t\t<div class=\"elementor-widget-container\">\n\t\t\t\t\t\t\t\t\t<div class=\"elementor-button-wrapper\">\n\t\t\t\t\t<a class=\"elementor-button elementor-button-link elementor-size-sm\" href=\"https:\/\/www.idealpropertymallorca.com\/fr\/location-appartement-a-majorque\">\n\t\t\t\t\t\t<span class=\"elementor-button-content-wrapper\">\n\t\t\t\t\t\t\t\t\t<span class=\"elementor-button-text\">Appartements \u00e0 Majorque<\/span>\n\t\t\t\t\t<\/span>\n\t\t\t\t\t<\/a>\n\t\t\t\t<\/div>\n\t\t\t\t\t\t\t\t<\/div>\n\t\t\t\t<\/div>\n\t\t\t\t\t<\/div>\n\t\t<\/div>\n\t\t\t\t<div class=\"elementor-column elementor-col-33 elementor-top-column elementor-element elementor-element-464477e8\" data-id=\"464477e8\" data-element_type=\"column\" data-e-type=\"column\">\n\t\t\t<div class=\"elementor-widget-wrap elementor-element-populated\">\n\t\t\t\t\t\t<div class=\"elementor-element elementor-element-221224fb elementor-align-center elementor-widget elementor-widget-button\" data-id=\"221224fb\" data-element_type=\"widget\" data-e-type=\"widget\" data-widget_type=\"button.default\">\n\t\t\t\t<div class=\"elementor-widget-container\">\n\t\t\t\t\t\t\t\t\t<div class=\"elementor-button-wrapper\">\n\t\t\t\t\t<a class=\"elementor-button elementor-button-link elementor-size-sm\" href=\"https:\/\/www.idealpropertymallorca.com\/fr\/location-maison-majorque\/\">\n\t\t\t\t\t\t<span class=\"elementor-button-content-wrapper\">\n\t\t\t\t\t\t\t\t\t<span class=\"elementor-button-text\">Maisons de vacances \u00e0 Majorque<\/span>\n\t\t\t\t\t<\/span>\n\t\t\t\t\t<\/a>\n\t\t\t\t<\/div>\n\t\t\t\t\t\t\t\t<\/div>\n\t\t\t\t<\/div>\n\t\t\t\t\t<\/div>\n\t\t<\/div>\n\t\t\t\t<div class=\"elementor-column elementor-col-33 elementor-top-column elementor-element elementor-element-7be8e258\" data-id=\"7be8e258\" data-element_type=\"column\" data-e-type=\"column\">\n\t\t\t<div class=\"elementor-widget-wrap elementor-element-populated\">\n\t\t\t\t\t\t<div class=\"elementor-element elementor-element-474cb857 elementor-align-center elementor-widget elementor-widget-button\" data-id=\"474cb857\" data-element_type=\"widget\" data-e-type=\"widget\" data-widget_type=\"button.default\">\n\t\t\t\t<div class=\"elementor-widget-container\">\n\t\t\t\t\t\t\t\t\t<div class=\"elementor-button-wrapper\">\n\t\t\t\t\t<a class=\"elementor-button elementor-button-link elementor-size-sm\" href=\"https:\/\/www.idealpropertymallorca.com\/fr\/finca-majorque\/\">\n\t\t\t\t\t\t<span class=\"elementor-button-content-wrapper\">\n\t\t\t\t\t\t\t\t\t<span class=\"elementor-button-text\">Propri\u00e9t\u00e9s rurales \u00e0 Majorque<\/span>\n\t\t\t\t\t<\/span>\n\t\t\t\t\t<\/a>\n\t\t\t\t<\/div>\n\t\t\t\t\t\t\t\t<\/div>\n\t\t\t\t<\/div>\n\t\t\t\t\t<\/div>\n\t\t<\/div>\n\t\t\t\t\t<\/div>\n\t\t<\/section>\n\t\t\t\t<\/div>\n\t\t","protected":false},"excerpt":{"rendered":"<p>Vous pensez venir visiter Mallorca en octobre\u2009? Cette \u00eele est une destination qui attire des visiteurs tout au long de l\u2019ann\u00e9e, et bien que son apog\u00e9e se situe pendant les mois d\u2019\u00e9t\u00e9, le mois d\u2019octobre est parfait pour l\u2019explorer avec un temps agr\u00e9able et \u00e9chapper \u00e0 la haute saison tout en offrant le m\u00eame charme. [&hellip;]<\/p>\n","protected":false},"author":3,"featured_media":12301,"comment_status":"open","ping_status":"open","sticky":false,"template":"","format":"standard","meta":{"footnotes":""},"categories":[649],"tags":[],"class_list":["post-12400","post","type-post","status-publish","format-standard","has-post-thumbnail","hentry","category-climat"],"yoast_head":"<!-- This site is optimized with the Yoast SEO plugin v27.4 - https:\/\/yoast.com\/product\/yoast-seo-wordpress\/ -->\n<title>Venez visiter Majorque en octobre - Majorca Blog<\/title>\n<meta name=\"description\" content=\"Venez visiter Majorque en Octobre: un temps doux, moins de touristes et une beaut\u00e9 naturelle \u00e0 son meilleur.\" \/>\n<meta name=\"robots\" content=\"index, follow, max-snippet:-1, max-image-preview:large, max-video-preview:-1\" \/>\n<link rel=\"canonical\" href=\"https:\/\/www.idealpropertymallorca.com\/blog\/fr\/majorque-en-octobre\/\" \/>\n<meta property=\"og:locale\" content=\"fr_FR\" \/>\n<meta property=\"og:type\" content=\"article\" \/>\n<meta property=\"og:title\" content=\"Venez visiter Majorque en octobre - Majorca Blog\" \/>\n<meta property=\"og:description\" content=\"Venez visiter Majorque en Octobre: un temps doux, moins de touristes et une beaut\u00e9 naturelle \u00e0 son meilleur.\" \/>\n<meta property=\"og:url\" content=\"https:\/\/www.idealpropertymallorca.com\/blog\/fr\/majorque-en-octobre\/\" \/>\n<meta property=\"og:site_name\" content=\"Majorca Blog\" \/>\n<meta property=\"article:published_time\" content=\"2024-08-30T08:14:10+00:00\" \/>\n<meta property=\"article:modified_time\" content=\"2025-04-08T09:58:12+00:00\" \/>\n<meta property=\"og:image\" content=\"https:\/\/www.idealpropertymallorca.com\/blog\/wp-content\/uploads\/2024\/08\/mallorca-octubre.jpg\" \/>\n\t<meta property=\"og:image:width\" content=\"1920\" \/>\n\t<meta property=\"og:image:height\" content=\"640\" \/>\n\t<meta property=\"og:image:type\" content=\"image\/jpeg\" \/>\n<meta name=\"author\" content=\"digitalservices\" \/>\n<meta name=\"twitter:card\" content=\"summary_large_image\" \/>\n<meta name=\"twitter:label1\" content=\"Written by\" \/>\n\t<meta name=\"twitter:data1\" content=\"digitalservices\" \/>\n\t<meta name=\"twitter:label2\" content=\"Est. reading time\" \/>\n\t<meta name=\"twitter:data2\" content=\"7 minutes\" \/>\n<script type=\"application\/ld+json\" class=\"yoast-schema-graph\">{\"@context\":\"https:\\\/\\\/schema.org\",\"@graph\":[{\"@type\":\"Article\",\"@id\":\"https:\\\/\\\/www.idealpropertymallorca.com\\\/blog\\\/fr\\\/majorque-en-octobre\\\/#article\",\"isPartOf\":{\"@id\":\"https:\\\/\\\/www.idealpropertymallorca.com\\\/blog\\\/fr\\\/majorque-en-octobre\\\/\"},\"author\":{\"name\":\"digitalservices\",\"@id\":\"https:\\\/\\\/www.idealpropertymallorca.com\\\/blog\\\/fr\\\/#\\\/schema\\\/person\\\/8afda339a8de0d6db90fffb895f38917\"},\"headline\":\"Venez visiter Majorque en octobre\",\"datePublished\":\"2024-08-30T08:14:10+00:00\",\"dateModified\":\"2025-04-08T09:58:12+00:00\",\"mainEntityOfPage\":{\"@id\":\"https:\\\/\\\/www.idealpropertymallorca.com\\\/blog\\\/fr\\\/majorque-en-octobre\\\/\"},\"wordCount\":1262,\"commentCount\":0,\"publisher\":{\"@id\":\"https:\\\/\\\/www.idealpropertymallorca.com\\\/blog\\\/fr\\\/#organization\"},\"image\":{\"@id\":\"https:\\\/\\\/www.idealpropertymallorca.com\\\/blog\\\/fr\\\/majorque-en-octobre\\\/#primaryimage\"},\"thumbnailUrl\":\"https:\\\/\\\/www.idealpropertymallorca.com\\\/blog\\\/wp-content\\\/uploads\\\/2024\\\/08\\\/mallorca-octubre.jpg\",\"articleSection\":[\"Climat\"],\"inLanguage\":\"fr\",\"potentialAction\":[{\"@type\":\"CommentAction\",\"name\":\"Comment\",\"target\":[\"https:\\\/\\\/www.idealpropertymallorca.com\\\/blog\\\/fr\\\/majorque-en-octobre\\\/#respond\"]}]},{\"@type\":\"WebPage\",\"@id\":\"https:\\\/\\\/www.idealpropertymallorca.com\\\/blog\\\/fr\\\/majorque-en-octobre\\\/\",\"url\":\"https:\\\/\\\/www.idealpropertymallorca.com\\\/blog\\\/fr\\\/majorque-en-octobre\\\/\",\"name\":\"Venez visiter Majorque en octobre - Majorca Blog\",\"isPartOf\":{\"@id\":\"https:\\\/\\\/www.idealpropertymallorca.com\\\/blog\\\/fr\\\/#website\"},\"primaryImageOfPage\":{\"@id\":\"https:\\\/\\\/www.idealpropertymallorca.com\\\/blog\\\/fr\\\/majorque-en-octobre\\\/#primaryimage\"},\"image\":{\"@id\":\"https:\\\/\\\/www.idealpropertymallorca.com\\\/blog\\\/fr\\\/majorque-en-octobre\\\/#primaryimage\"},\"thumbnailUrl\":\"https:\\\/\\\/www.idealpropertymallorca.com\\\/blog\\\/wp-content\\\/uploads\\\/2024\\\/08\\\/mallorca-octubre.jpg\",\"datePublished\":\"2024-08-30T08:14:10+00:00\",\"dateModified\":\"2025-04-08T09:58:12+00:00\",\"description\":\"Venez visiter Majorque en Octobre: un temps doux, moins de touristes et une beaut\u00e9 naturelle \u00e0 son meilleur.\",\"inLanguage\":\"fr\",\"potentialAction\":[{\"@type\":\"ReadAction\",\"target\":[\"https:\\\/\\\/www.idealpropertymallorca.com\\\/blog\\\/fr\\\/majorque-en-octobre\\\/\"]}]},{\"@type\":\"ImageObject\",\"inLanguage\":\"fr\",\"@id\":\"https:\\\/\\\/www.idealpropertymallorca.com\\\/blog\\\/fr\\\/majorque-en-octobre\\\/#primaryimage\",\"url\":\"https:\\\/\\\/www.idealpropertymallorca.com\\\/blog\\\/wp-content\\\/uploads\\\/2024\\\/08\\\/mallorca-octubre.jpg\",\"contentUrl\":\"https:\\\/\\\/www.idealpropertymallorca.com\\\/blog\\\/wp-content\\\/uploads\\\/2024\\\/08\\\/mallorca-octubre.jpg\",\"width\":1920,\"height\":640,\"caption\":\"mallorca octubre\"},{\"@type\":\"WebSite\",\"@id\":\"https:\\\/\\\/www.idealpropertymallorca.com\\\/blog\\\/fr\\\/#website\",\"url\":\"https:\\\/\\\/www.idealpropertymallorca.com\\\/blog\\\/fr\\\/\",\"name\":\"Majorca Blog\",\"description\":\"Find relevant tourist information to see and do on the island of Mallorca during your holiday. Discover the best places and tips!\",\"publisher\":{\"@id\":\"https:\\\/\\\/www.idealpropertymallorca.com\\\/blog\\\/fr\\\/#organization\"},\"potentialAction\":[{\"@type\":\"SearchAction\",\"target\":{\"@type\":\"EntryPoint\",\"urlTemplate\":\"https:\\\/\\\/www.idealpropertymallorca.com\\\/blog\\\/fr\\\/?s={search_term_string}\"},\"query-input\":{\"@type\":\"PropertyValueSpecification\",\"valueRequired\":true,\"valueName\":\"search_term_string\"}}],\"inLanguage\":\"fr\"},{\"@type\":\"Organization\",\"@id\":\"https:\\\/\\\/www.idealpropertymallorca.com\\\/blog\\\/fr\\\/#organization\",\"name\":\"Majorca Blog\",\"url\":\"https:\\\/\\\/www.idealpropertymallorca.com\\\/blog\\\/fr\\\/\",\"logo\":{\"@type\":\"ImageObject\",\"inLanguage\":\"fr\",\"@id\":\"https:\\\/\\\/www.idealpropertymallorca.com\\\/blog\\\/fr\\\/#\\\/schema\\\/logo\\\/image\\\/\",\"url\":\"https:\\\/\\\/www.idealpropertymallorca.com\\\/blog\\\/wp-content\\\/uploads\\\/2024\\\/10\\\/ideal-property-mallorca-blue-mobile.png\",\"contentUrl\":\"https:\\\/\\\/www.idealpropertymallorca.com\\\/blog\\\/wp-content\\\/uploads\\\/2024\\\/10\\\/ideal-property-mallorca-blue-mobile.png\",\"width\":500,\"height\":150,\"caption\":\"Majorca Blog\"},\"image\":{\"@id\":\"https:\\\/\\\/www.idealpropertymallorca.com\\\/blog\\\/fr\\\/#\\\/schema\\\/logo\\\/image\\\/\"}},{\"@type\":\"Person\",\"@id\":\"https:\\\/\\\/www.idealpropertymallorca.com\\\/blog\\\/fr\\\/#\\\/schema\\\/person\\\/8afda339a8de0d6db90fffb895f38917\",\"name\":\"digitalservices\",\"image\":{\"@type\":\"ImageObject\",\"inLanguage\":\"fr\",\"@id\":\"https:\\\/\\\/secure.gravatar.com\\\/avatar\\\/af30f88a1904294c1f3eb09a9d7903eec4ffa18fa2cf40c28a8681014ecdfc20?s=96&d=mm&r=g\",\"url\":\"https:\\\/\\\/secure.gravatar.com\\\/avatar\\\/af30f88a1904294c1f3eb09a9d7903eec4ffa18fa2cf40c28a8681014ecdfc20?s=96&d=mm&r=g\",\"contentUrl\":\"https:\\\/\\\/secure.gravatar.com\\\/avatar\\\/af30f88a1904294c1f3eb09a9d7903eec4ffa18fa2cf40c28a8681014ecdfc20?s=96&d=mm&r=g\",\"caption\":\"digitalservices\"}}]}<\/script>\n<!-- \/ Yoast SEO plugin. -->","yoast_head_json":{"title":"Venez visiter Majorque en octobre - Majorca Blog","description":"Venez visiter Majorque en Octobre: un temps doux, moins de touristes et une beaut\u00e9 naturelle \u00e0 son meilleur.","robots":{"index":"index","follow":"follow","max-snippet":"max-snippet:-1","max-image-preview":"max-image-preview:large","max-video-preview":"max-video-preview:-1"},"canonical":"https:\/\/www.idealpropertymallorca.com\/blog\/fr\/majorque-en-octobre\/","og_locale":"fr_FR","og_type":"article","og_title":"Venez visiter Majorque en octobre - Majorca Blog","og_description":"Venez visiter Majorque en Octobre: un temps doux, moins de touristes et une beaut\u00e9 naturelle \u00e0 son meilleur.","og_url":"https:\/\/www.idealpropertymallorca.com\/blog\/fr\/majorque-en-octobre\/","og_site_name":"Majorca Blog","article_published_time":"2024-08-30T08:14:10+00:00","article_modified_time":"2025-04-08T09:58:12+00:00","og_image":[{"width":1920,"height":640,"url":"https:\/\/www.idealpropertymallorca.com\/blog\/wp-content\/uploads\/2024\/08\/mallorca-octubre.jpg","type":"image\/jpeg"}],"author":"digitalservices","twitter_card":"summary_large_image","twitter_misc":{"Written by":"digitalservices","Est. reading time":"7 minutes"},"schema":{"@context":"https:\/\/schema.org","@graph":[{"@type":"Article","@id":"https:\/\/www.idealpropertymallorca.com\/blog\/fr\/majorque-en-octobre\/#article","isPartOf":{"@id":"https:\/\/www.idealpropertymallorca.com\/blog\/fr\/majorque-en-octobre\/"},"author":{"name":"digitalservices","@id":"https:\/\/www.idealpropertymallorca.com\/blog\/fr\/#\/schema\/person\/8afda339a8de0d6db90fffb895f38917"},"headline":"Venez visiter Majorque en octobre","datePublished":"2024-08-30T08:14:10+00:00","dateModified":"2025-04-08T09:58:12+00:00","mainEntityOfPage":{"@id":"https:\/\/www.idealpropertymallorca.com\/blog\/fr\/majorque-en-octobre\/"},"wordCount":1262,"commentCount":0,"publisher":{"@id":"https:\/\/www.idealpropertymallorca.com\/blog\/fr\/#organization"},"image":{"@id":"https:\/\/www.idealpropertymallorca.com\/blog\/fr\/majorque-en-octobre\/#primaryimage"},"thumbnailUrl":"https:\/\/www.idealpropertymallorca.com\/blog\/wp-content\/uploads\/2024\/08\/mallorca-octubre.jpg","articleSection":["Climat"],"inLanguage":"fr","potentialAction":[{"@type":"CommentAction","name":"Comment","target":["https:\/\/www.idealpropertymallorca.com\/blog\/fr\/majorque-en-octobre\/#respond"]}]},{"@type":"WebPage","@id":"https:\/\/www.idealpropertymallorca.com\/blog\/fr\/majorque-en-octobre\/","url":"https:\/\/www.idealpropertymallorca.com\/blog\/fr\/majorque-en-octobre\/","name":"Venez visiter Majorque en octobre - Majorca Blog","isPartOf":{"@id":"https:\/\/www.idealpropertymallorca.com\/blog\/fr\/#website"},"primaryImageOfPage":{"@id":"https:\/\/www.idealpropertymallorca.com\/blog\/fr\/majorque-en-octobre\/#primaryimage"},"image":{"@id":"https:\/\/www.idealpropertymallorca.com\/blog\/fr\/majorque-en-octobre\/#primaryimage"},"thumbnailUrl":"https:\/\/www.idealpropertymallorca.com\/blog\/wp-content\/uploads\/2024\/08\/mallorca-octubre.jpg","datePublished":"2024-08-30T08:14:10+00:00","dateModified":"2025-04-08T09:58:12+00:00","description":"Venez visiter Majorque en Octobre: un temps doux, moins de touristes et une beaut\u00e9 naturelle \u00e0 son meilleur.","inLanguage":"fr","potentialAction":[{"@type":"ReadAction","target":["https:\/\/www.idealpropertymallorca.com\/blog\/fr\/majorque-en-octobre\/"]}]},{"@type":"ImageObject","inLanguage":"fr","@id":"https:\/\/www.idealpropertymallorca.com\/blog\/fr\/majorque-en-octobre\/#primaryimage","url":"https:\/\/www.idealpropertymallorca.com\/blog\/wp-content\/uploads\/2024\/08\/mallorca-octubre.jpg","contentUrl":"https:\/\/www.idealpropertymallorca.com\/blog\/wp-content\/uploads\/2024\/08\/mallorca-octubre.jpg","width":1920,"height":640,"caption":"mallorca octubre"},{"@type":"WebSite","@id":"https:\/\/www.idealpropertymallorca.com\/blog\/fr\/#website","url":"https:\/\/www.idealpropertymallorca.com\/blog\/fr\/","name":"Majorca Blog","description":"Find relevant tourist information to see and do on the island of Mallorca during your holiday. Discover the best places and tips!","publisher":{"@id":"https:\/\/www.idealpropertymallorca.com\/blog\/fr\/#organization"},"potentialAction":[{"@type":"SearchAction","target":{"@type":"EntryPoint","urlTemplate":"https:\/\/www.idealpropertymallorca.com\/blog\/fr\/?s={search_term_string}"},"query-input":{"@type":"PropertyValueSpecification","valueRequired":true,"valueName":"search_term_string"}}],"inLanguage":"fr"},{"@type":"Organization","@id":"https:\/\/www.idealpropertymallorca.com\/blog\/fr\/#organization","name":"Majorca Blog","url":"https:\/\/www.idealpropertymallorca.com\/blog\/fr\/","logo":{"@type":"ImageObject","inLanguage":"fr","@id":"https:\/\/www.idealpropertymallorca.com\/blog\/fr\/#\/schema\/logo\/image\/","url":"https:\/\/www.idealpropertymallorca.com\/blog\/wp-content\/uploads\/2024\/10\/ideal-property-mallorca-blue-mobile.png","contentUrl":"https:\/\/www.idealpropertymallorca.com\/blog\/wp-content\/uploads\/2024\/10\/ideal-property-mallorca-blue-mobile.png","width":500,"height":150,"caption":"Majorca Blog"},"image":{"@id":"https:\/\/www.idealpropertymallorca.com\/blog\/fr\/#\/schema\/logo\/image\/"}},{"@type":"Person","@id":"https:\/\/www.idealpropertymallorca.com\/blog\/fr\/#\/schema\/person\/8afda339a8de0d6db90fffb895f38917","name":"digitalservices","image":{"@type":"ImageObject","inLanguage":"fr","@id":"https:\/\/secure.gravatar.com\/avatar\/af30f88a1904294c1f3eb09a9d7903eec4ffa18fa2cf40c28a8681014ecdfc20?s=96&d=mm&r=g","url":"https:\/\/secure.gravatar.com\/avatar\/af30f88a1904294c1f3eb09a9d7903eec4ffa18fa2cf40c28a8681014ecdfc20?s=96&d=mm&r=g","contentUrl":"https:\/\/secure.gravatar.com\/avatar\/af30f88a1904294c1f3eb09a9d7903eec4ffa18fa2cf40c28a8681014ecdfc20?s=96&d=mm&r=g","caption":"digitalservices"}}]}},"_links":{"self":[{"href":"https:\/\/www.idealpropertymallorca.com\/blog\/fr\/wp-json\/wp\/v2\/posts\/12400","targetHints":{"allow":["GET"]}}],"collection":[{"href":"https:\/\/www.idealpropertymallorca.com\/blog\/fr\/wp-json\/wp\/v2\/posts"}],"about":[{"href":"https:\/\/www.idealpropertymallorca.com\/blog\/fr\/wp-json\/wp\/v2\/types\/post"}],"author":[{"embeddable":true,"href":"https:\/\/www.idealpropertymallorca.com\/blog\/fr\/wp-json\/wp\/v2\/users\/3"}],"replies":[{"embeddable":true,"href":"https:\/\/www.idealpropertymallorca.com\/blog\/fr\/wp-json\/wp\/v2\/comments?post=12400"}],"version-history":[{"count":17,"href":"https:\/\/www.idealpropertymallorca.com\/blog\/fr\/wp-json\/wp\/v2\/posts\/12400\/revisions"}],"predecessor-version":[{"id":18748,"href":"https:\/\/www.idealpropertymallorca.com\/blog\/fr\/wp-json\/wp\/v2\/posts\/12400\/revisions\/18748"}],"wp:featuredmedia":[{"embeddable":true,"href":"https:\/\/www.idealpropertymallorca.com\/blog\/fr\/wp-json\/wp\/v2\/media\/12301"}],"wp:attachment":[{"href":"https:\/\/www.idealpropertymallorca.com\/blog\/fr\/wp-json\/wp\/v2\/media?parent=12400"}],"wp:term":[{"taxonomy":"category","embeddable":true,"href":"https:\/\/www.idealpropertymallorca.com\/blog\/fr\/wp-json\/wp\/v2\/categories?post=12400"},{"taxonomy":"post_tag","embeddable":true,"href":"https:\/\/www.idealpropertymallorca.com\/blog\/fr\/wp-json\/wp\/v2\/tags?post=12400"}],"curies":[{"name":"wp","href":"https:\/\/api.w.org\/{rel}","templated":true}]}}