{"id":7142,"date":"2024-04-13T09:14:56","date_gmt":"2024-04-13T09:14:56","guid":{"rendered":"https:\/\/www.idealpropertymallorca.com\/blog\/?p=7142"},"modified":"2025-03-07T11:56:54","modified_gmt":"2025-03-07T11:56:54","slug":"top-10-planes-gratuitos-en-mallorca","status":"publish","type":"post","link":"https:\/\/www.idealpropertymallorca.com\/blog\/es\/top-10-planes-gratuitos-en-mallorca\/","title":{"rendered":"Top 10 planes gratuitos en Mallorca"},"content":{"rendered":"\t\t<div data-elementor-type=\"wp-post\" data-elementor-id=\"7142\" class=\"elementor elementor-7142\" data-elementor-post-type=\"post\">\n\t\t\t\t\t\t<section class=\"elementor-section elementor-top-section elementor-element elementor-element-d642fa2 elementor-section-boxed elementor-section-height-default elementor-section-height-default\" data-id=\"d642fa2\" data-element_type=\"section\" data-e-type=\"section\">\n\t\t\t\t\t\t<div class=\"elementor-container elementor-column-gap-default\">\n\t\t\t\t\t<div class=\"elementor-column elementor-col-100 elementor-top-column elementor-element elementor-element-f7a4974\" data-id=\"f7a4974\" data-element_type=\"column\" data-e-type=\"column\">\n\t\t\t<div class=\"elementor-widget-wrap elementor-element-populated\">\n\t\t\t\t\t\t<div class=\"elementor-element elementor-element-d9d052a elementor-widget elementor-widget-text-editor\" data-id=\"d9d052a\" data-element_type=\"widget\" data-e-type=\"widget\" data-widget_type=\"text-editor.default\">\n\t\t\t\t<div class=\"elementor-widget-container\">\n\t\t\t\t\t\t\t\t\t<p>Mallorca te brinda una amplia gama de experiencias sin afectar tu bolsillo, desde sus <a href=\"https:\/\/www.idealpropertymallorca.com\/blog\/es\/cuales-son-las-calas-y-las-playas-de-alcudia-mas-impactantes\/\">playas de arena dorada<\/a>&nbsp; hasta sus pintorescos mercados, pasando por impresionantes <a href=\"https:\/\/www.idealpropertymallorca.com\/blog\/es\/rutas-mallorca\/\">paisajes naturales<\/a>&nbsp;y sitios hist\u00f3ricos en esta isla mediterr\u00e1nea que respira diversi\u00f3n. Con una variedad tan extensa de actividades asequibles, tu viaje a Mallorca puede estar lleno de emocionantes planes sin exceder tu presupuesto.&nbsp;<\/p>\n<p>Para exprimir al m\u00e1ximo tus d\u00edas en la isla, es crucial encontrar el balance adecuado entre costos y entretenimiento, y en este sentido, Mallorca facilita enormemente esta tarea. Aqu\u00ed te presentamos diez sugerencias de actividades culturales que puedes disfrutar en Mallorca&nbsp;<span style=\"font-size: 11.0pt; line-height: 107%; font-family: 'Calibri',sans-serif;\">con un presupuesto m\u00e1s limitado<\/span>, perfectas para planificar tus pr\u00f3ximas vacaciones. \u00bfListo para un d\u00eda lleno de aventuras y descubrimientos?<strong> Sigue leyendo para descubrir sitios para visitar en Mallorca gratis.<\/strong><\/p>\t\t\t\t\t\t\t\t<\/div>\n\t\t\t\t<\/div>\n\t\t\t\t\t<\/div>\n\t\t<\/div>\n\t\t\t\t\t<\/div>\n\t\t<\/section>\n\t\t\t\t<section class=\"elementor-section elementor-top-section elementor-element elementor-element-e9fc303 elementor-section-boxed elementor-section-height-default elementor-section-height-default\" data-id=\"e9fc303\" data-element_type=\"section\" data-e-type=\"section\">\n\t\t\t\t\t\t<div class=\"elementor-container elementor-column-gap-default\">\n\t\t\t\t\t<div class=\"elementor-column elementor-col-100 elementor-top-column elementor-element elementor-element-463fb1c\" data-id=\"463fb1c\" data-element_type=\"column\" data-e-type=\"column\">\n\t\t\t<div class=\"elementor-widget-wrap elementor-element-populated\">\n\t\t\t\t\t\t<div class=\"elementor-element elementor-element-87e1073 elementor-widget elementor-widget-heading\" data-id=\"87e1073\" data-element_type=\"widget\" data-e-type=\"widget\" data-widget_type=\"heading.default\">\n\t\t\t\t<div class=\"elementor-widget-container\">\n\t\t\t\t\t<h2 class=\"elementor-heading-title elementor-size-default\">Castillo Museo de San Carlos, exposici\u00f3n militar<\/h2>\t\t\t\t<\/div>\n\t\t\t\t<\/div>\n\t\t\t\t\t<\/div>\n\t\t<\/div>\n\t\t\t\t\t<\/div>\n\t\t<\/section>\n\t\t\t\t<section class=\"elementor-section elementor-top-section elementor-element elementor-element-df49563 elementor-section-boxed elementor-section-height-default elementor-section-height-default\" data-id=\"df49563\" data-element_type=\"section\" data-e-type=\"section\">\n\t\t\t\t\t\t<div class=\"elementor-container elementor-column-gap-default\">\n\t\t\t\t\t<div class=\"elementor-column elementor-col-50 elementor-top-column elementor-element elementor-element-b9b1835\" data-id=\"b9b1835\" data-element_type=\"column\" data-e-type=\"column\">\n\t\t\t<div class=\"elementor-widget-wrap elementor-element-populated\">\n\t\t\t\t\t\t<div class=\"elementor-element elementor-element-c9812fb elementor-widget__width-initial elementor-widget elementor-widget-text-editor\" data-id=\"c9812fb\" data-element_type=\"widget\" data-e-type=\"widget\" data-widget_type=\"text-editor.default\">\n\t\t\t\t<div class=\"elementor-widget-container\">\n\t\t\t\t\t\t\t\t\t<p>El <a href=\"http:\/\/www.castillomuseosancarlos.com\/\">Castillo de San Carlos<\/a>&nbsp; fue construido a principios del siglo XVII para proteger Porto Pi, el antiguo puerto natural de Palma. Desde tiempos inmemoriales, este enclave protegi\u00f3 a las embarcaciones comerciales del azote de la pirater\u00eda en el Mediterr\u00e1neo. \u00bfSab\u00edas que su construcci\u00f3n se remonta al siglo XVII por orden de Felipe III? Desde entonces, ha sido testigo de ampliaciones y transformaciones que lo han convertido en un emblema de la defensa naval.<\/p>\n<p>Hoy en d\u00eda, el <strong>Castillo de San Carlos<\/strong> es mucho m\u00e1s que una fortaleza hist\u00f3rica: es el hogar del <a href=\"https:\/\/ejercito.defensa.gob.es\/unidades\/Madrid\/ihycm\/Museos\/baleares.html\">Museo Hist\u00f3rico Militar de San Carlos<\/a>. Con una vasta colecci\u00f3n que abarca desde la Antig\u00fcedad hasta nuestros d\u00edas, explora sus 1.270 m2 de exposiciones fascinantes. Admira la puerta original del castillo del siglo XVII, sum\u00e9rgete en la historia de la Infanter\u00eda espa\u00f1ola y descubre la colecci\u00f3n Llorente de armas antiguas en la Sala 1.<\/p>\n<p>Pero eso no es todo: el museo tambi\u00e9n rinde homenaje al legado del <em>General Weyler<\/em> y ofrece una ventana a las guerras de <em>Cuba y Filipinas<\/em>. \u00bfInteresado en la <em>Guerra de la Independencia<\/em> o la historia de los prisioneros de guerra franceses en la <em>isla de Cabrera<\/em>? Aqu\u00ed encontrar\u00e1s una narrativa cautivadora que abarca diversos aspectos de la historia militar.<\/p>\n<p>\u00a1Y eso no es todo! Desde su creaci\u00f3n en 1997, el Consorcio del Castillo de San Carlos se ha dedicado a preservar y promover la rica historia de este lugar, con la participaci\u00f3n activa de diversas administraciones como el Ministerio de Defensa, el Govern de les Illes Balears, el Consell Insular de Mallorca y el Ajuntament de Palma.<\/p>\n<p>Al\u00f3jate en <a href=\"https:\/\/www.idealpropertymallorca.com\/es\/alquiler\/alquileres-mallorca-e21\/\">Mallorca<\/a>&nbsp;con nosotros y disfruta de un viaje a trav\u00e9s del tiempo en el Castillo de San Carlos, donde la historia cobra vida y el legado militar perdura. \u00a1Te esperamos para una experiencia inolvidable!<\/p>\t\t\t\t\t\t\t\t<\/div>\n\t\t\t\t<\/div>\n\t\t\t\t\t<\/div>\n\t\t<\/div>\n\t\t\t\t<div class=\"elementor-column elementor-col-50 elementor-top-column elementor-element elementor-element-d606b2f\" data-id=\"d606b2f\" data-element_type=\"column\" data-e-type=\"column\">\n\t\t\t<div class=\"elementor-widget-wrap elementor-element-populated\">\n\t\t\t\t\t\t<div class=\"elementor-element elementor-element-8a5db82 elementor-widget elementor-widget-image\" data-id=\"8a5db82\" data-element_type=\"widget\" data-e-type=\"widget\" data-widget_type=\"image.default\">\n\t\t\t\t<div class=\"elementor-widget-container\">\n\t\t\t\t\t\t\t\t\t\t\t\t\t\t\t<img fetchpriority=\"high\" decoding=\"async\" width=\"800\" height=\"447\" src=\"https:\/\/www.idealpropertymallorca.com\/blog\/wp-content\/uploads\/2024\/03\/Castillo-San-Carlos.png\" class=\"attachment-large size-large wp-image-7218\" alt=\"Castillo San Carlos\" srcset=\"https:\/\/www.idealpropertymallorca.com\/blog\/wp-content\/uploads\/2024\/03\/Castillo-San-Carlos.png 876w, https:\/\/www.idealpropertymallorca.com\/blog\/wp-content\/uploads\/2024\/03\/Castillo-San-Carlos-768x429.png 768w\" sizes=\"(max-width: 800px) 100vw, 800px\" \/>\t\t\t\t\t\t\t\t\t\t\t\t\t\t\t<\/div>\n\t\t\t\t<\/div>\n\t\t\t\t<div class=\"elementor-element elementor-element-9876814 elementor-widget elementor-widget-text-editor\" data-id=\"9876814\" data-element_type=\"widget\" data-e-type=\"widget\" data-widget_type=\"text-editor.default\">\n\t\t\t\t<div class=\"elementor-widget-container\">\n\t\t\t\t\t\t\t\t\t<ul><li>Horario:<ul><li>De martes a domingo de 10:00 a 14:00 horas.<\/li><li>Festivos y lunes: cerrado.<\/li><\/ul><\/li><li>Precio: Entrada gratuita.<\/li><li>Donde: Ctra. Dic de l&#8217;OesT, s\/n, Ponent, 07015 Palma.<ul><li>Ver en <a href=\"https:\/\/maps.app.goo.gl\/kXSNK7agqiEnE9qq7\">Google maps<\/a>.\u00a0<\/li><\/ul><\/li><\/ul>\t\t\t\t\t\t\t\t<\/div>\n\t\t\t\t<\/div>\n\t\t\t\t\t<\/div>\n\t\t<\/div>\n\t\t\t\t\t<\/div>\n\t\t<\/section>\n\t\t\t\t<section class=\"elementor-section elementor-top-section elementor-element elementor-element-c7721e1 elementor-section-boxed elementor-section-height-default elementor-section-height-default\" data-id=\"c7721e1\" data-element_type=\"section\" data-e-type=\"section\">\n\t\t\t\t\t\t<div class=\"elementor-container elementor-column-gap-default\">\n\t\t\t\t\t<div class=\"elementor-column elementor-col-50 elementor-top-column elementor-element elementor-element-c18b5e4\" data-id=\"c18b5e4\" data-element_type=\"column\" data-e-type=\"column\">\n\t\t\t<div class=\"elementor-widget-wrap elementor-element-populated\">\n\t\t\t\t\t\t<div class=\"elementor-element elementor-element-e1c40e3 elementor-widget elementor-widget-image\" data-id=\"e1c40e3\" data-element_type=\"widget\" data-e-type=\"widget\" data-widget_type=\"image.default\">\n\t\t\t\t<div class=\"elementor-widget-container\">\n\t\t\t\t\t\t\t\t\t\t\t\t\t\t\t<img decoding=\"async\" width=\"800\" height=\"531\" src=\"https:\/\/www.idealpropertymallorca.com\/blog\/wp-content\/uploads\/2024\/03\/Castillo-San-Carlos-2.png\" class=\"attachment-large size-large wp-image-7230\" alt=\"Castillo San Carlos\" srcset=\"https:\/\/www.idealpropertymallorca.com\/blog\/wp-content\/uploads\/2024\/03\/Castillo-San-Carlos-2.png 809w, https:\/\/www.idealpropertymallorca.com\/blog\/wp-content\/uploads\/2024\/03\/Castillo-San-Carlos-2-768x510.png 768w\" sizes=\"(max-width: 800px) 100vw, 800px\" \/>\t\t\t\t\t\t\t\t\t\t\t\t\t\t\t<\/div>\n\t\t\t\t<\/div>\n\t\t\t\t\t<\/div>\n\t\t<\/div>\n\t\t\t\t<div class=\"elementor-column elementor-col-50 elementor-top-column elementor-element elementor-element-50ff583\" data-id=\"50ff583\" data-element_type=\"column\" data-e-type=\"column\">\n\t\t\t<div class=\"elementor-widget-wrap elementor-element-populated\">\n\t\t\t\t\t\t<div class=\"elementor-element elementor-element-b124186 elementor-widget elementor-widget-image\" data-id=\"b124186\" data-element_type=\"widget\" data-e-type=\"widget\" data-widget_type=\"image.default\">\n\t\t\t\t<div class=\"elementor-widget-container\">\n\t\t\t\t\t\t\t\t\t\t\t\t\t\t\t<img decoding=\"async\" width=\"609\" height=\"541\" src=\"https:\/\/www.idealpropertymallorca.com\/blog\/wp-content\/uploads\/2024\/03\/Castillo-san-Carlos-Mapa.png\" class=\"attachment-large size-large wp-image-7215\" alt=\"Castillo san Carlos Mapa\" \/>\t\t\t\t\t\t\t\t\t\t\t\t\t\t\t<\/div>\n\t\t\t\t<\/div>\n\t\t\t\t\t<\/div>\n\t\t<\/div>\n\t\t\t\t\t<\/div>\n\t\t<\/section>\n\t\t\t\t<section class=\"elementor-section elementor-top-section elementor-element elementor-element-4af0e8a elementor-section-boxed elementor-section-height-default elementor-section-height-default\" data-id=\"4af0e8a\" data-element_type=\"section\" data-e-type=\"section\">\n\t\t\t\t\t\t<div class=\"elementor-container elementor-column-gap-default\">\n\t\t\t\t\t<div class=\"elementor-column elementor-col-100 elementor-top-column elementor-element elementor-element-302e14b\" data-id=\"302e14b\" data-element_type=\"column\" data-e-type=\"column\">\n\t\t\t<div class=\"elementor-widget-wrap elementor-element-populated\">\n\t\t\t\t\t\t<div class=\"elementor-element elementor-element-c5df565 elementor-widget elementor-widget-heading\" data-id=\"c5df565\" data-element_type=\"widget\" data-e-type=\"widget\" data-widget_type=\"heading.default\">\n\t\t\t\t<div class=\"elementor-widget-container\">\n\t\t\t\t\t<h2 class=\"elementor-heading-title elementor-size-default\">Faro de Porto P\u00ed<\/h2>\t\t\t\t<\/div>\n\t\t\t\t<\/div>\n\t\t\t\t\t<\/div>\n\t\t<\/div>\n\t\t\t\t\t<\/div>\n\t\t<\/section>\n\t\t\t\t<section class=\"elementor-section elementor-top-section elementor-element elementor-element-89d4bc9 elementor-section-boxed elementor-section-height-default elementor-section-height-default\" data-id=\"89d4bc9\" data-element_type=\"section\" data-e-type=\"section\">\n\t\t\t\t\t\t<div class=\"elementor-container elementor-column-gap-default\">\n\t\t\t\t\t<div class=\"elementor-column elementor-col-50 elementor-top-column elementor-element elementor-element-4a0a606\" data-id=\"4a0a606\" data-element_type=\"column\" data-e-type=\"column\">\n\t\t\t<div class=\"elementor-widget-wrap elementor-element-populated\">\n\t\t\t\t\t\t<div class=\"elementor-element elementor-element-0b7e0d0 elementor-widget elementor-widget-text-editor\" data-id=\"0b7e0d0\" data-element_type=\"widget\" data-e-type=\"widget\" data-widget_type=\"text-editor.default\">\n\t\t\t\t<div class=\"elementor-widget-container\">\n\t\t\t\t\t\t\t\t\t<p>A 41 metros sobre el nivel del mar se alza el <strong>tercer faro m\u00e1s antiguo<\/strong> en funcionamiento del mundo <a href=\"https:\/\/farsdebalears.com\/es\/faro\/faro-de-portopi?language_content_entity=es\">El Faro de Porto Pi<\/a>, tras la torre de H\u00e9rcules en Galicia y la Linterna de G\u00e9nova. Documentado desde el 12 de septiembre de 1300 en el testamento del Rey Jaime II de Mallorca, conservado en la Biblioteca Nacional de Par\u00eds, originalmente se ubicaba extramuros, cerca de la antigua entrada a la fortaleza de San Carlos.<\/p><p>El traslado a su ubicaci\u00f3n actual ocurri\u00f3 en 1617, debido a los da\u00f1os causados por las salvas de los ca\u00f1ones del castillo de San Carlos. Antiguamente, hab\u00eda cuatro torres que cerraban el puerto con una cadena. Tras el traslado, el faro se situ\u00f3 sobre la Torre de Se\u00f1ales, usada desde el siglo XV para indicar la procedencia y n\u00famero de barcos que entraban al puerto.<\/p><p>Uno de los desaf\u00edos fue asegurar que la luz del faro fuera visible para los barcos sin exponer la torre a ataques enemigos. Adem\u00e1s de funcionar como faro, la torre realizaba tareas de se\u00f1alizaci\u00f3n hasta 1971. En 1807, se instal\u00f3 una \u00f3ptica giratoria de reverberos, convirti\u00e9ndose en uno de los cuatro faros espa\u00f1oles con esta tecnolog\u00eda. La electrificaci\u00f3n se realiz\u00f3 en 1918, y en 1927 se reemplaz\u00f3 la \u00f3ptica.<\/p><p>El faro alberga una exposici\u00f3n permanente de <a href=\"https:\/\/www.portsdebalears.com\/sites\/default\/files\/relacionados\/Revista%20faro%20Portopi%CC%81.pdf\">se\u00f1ales mar\u00edtimas<\/a>, destacando por su colecci\u00f3n de material de alumbrado mar\u00edtimo. Aunque se apag\u00f3 en 1972 debido al desarrollo del puerto y la red de balizamiento, se volvi\u00f3 a encender en 1977 por su importancia hist\u00f3rica, siendo declarado <a href=\"https:\/\/www.cultura.gob.es\/planes-nacionales\/eu\/dam\/jcr:d252961c-9f75-42fe-8264-d28ab0d63b01\/catalogofaros.pdf\">Monumento Hist\u00f3rico-Art\u00edstico<\/a> en 1983.<\/p><p>Aprovecha el verano en Mallorca con esta excursi\u00f3n \u00fanica y un alojamiento inigualable en <a href=\"https:\/\/www.idealpropertymallorca.com\/es\/alquiler\/alquileres-mallorca-e21\/\">Ideal Property Mallorca<\/a>.\u00a0<\/p><p>\u00a1El faro de Porto P\u00ed y el Museo de San Carlos est\u00e1n a pocos minutos uno del otro, aprovecha y ve a los dos para tener una experiencia mucho mas divertida!<\/p>\t\t\t\t\t\t\t\t<\/div>\n\t\t\t\t<\/div>\n\t\t\t\t\t<\/div>\n\t\t<\/div>\n\t\t\t\t<div class=\"elementor-column elementor-col-50 elementor-top-column elementor-element elementor-element-7ac752b\" data-id=\"7ac752b\" data-element_type=\"column\" data-e-type=\"column\">\n\t\t\t<div class=\"elementor-widget-wrap elementor-element-populated\">\n\t\t\t\t\t\t<div class=\"elementor-element elementor-element-44909e7 elementor-widget elementor-widget-image\" data-id=\"44909e7\" data-element_type=\"widget\" data-e-type=\"widget\" data-widget_type=\"image.default\">\n\t\t\t\t<div class=\"elementor-widget-container\">\n\t\t\t\t\t\t\t\t\t\t\t\t\t\t\t<img loading=\"lazy\" decoding=\"async\" width=\"800\" height=\"531\" src=\"https:\/\/www.idealpropertymallorca.com\/blog\/wp-content\/uploads\/2024\/03\/Faro-de-portopi-2.png\" class=\"attachment-large size-large wp-image-7233\" alt=\"Faro de portopi\" srcset=\"https:\/\/www.idealpropertymallorca.com\/blog\/wp-content\/uploads\/2024\/03\/Faro-de-portopi-2.png 901w, https:\/\/www.idealpropertymallorca.com\/blog\/wp-content\/uploads\/2024\/03\/Faro-de-portopi-2-768x510.png 768w\" sizes=\"(max-width: 800px) 100vw, 800px\" \/>\t\t\t\t\t\t\t\t\t\t\t\t\t\t\t<\/div>\n\t\t\t\t<\/div>\n\t\t\t\t<div class=\"elementor-element elementor-element-765a895 elementor-widget elementor-widget-text-editor\" data-id=\"765a895\" data-element_type=\"widget\" data-e-type=\"widget\" data-widget_type=\"text-editor.default\">\n\t\t\t\t<div class=\"elementor-widget-container\">\n\t\t\t\t\t\t\t\t\t<ul><li>Horario:<ul><li>De mi\u00e9rcoles a viernes de 10:00 a 15:00 horas y de 16:00 a 19:00 horas.<\/li><li>S\u00e1bados de 10:00 a 15:00 horas.<\/li><li>Formulario de reserva de visitas pulsa <a href=\"https:\/\/farsdebalears.com\/es\/visita-exposicion-faro-de-portopi\">aqu\u00ed<\/a>.<\/li><\/ul><\/li><li>Precio: Entrada gratuita.<\/li><li>Donde: Ctra. Arsenal, 3E, Ponent, 07015 Palma.<ul><li>Ver en <a href=\"https:\/\/maps.app.goo.gl\/U926vfr17pP9s5rd6\">Google maps<\/a>.\u00a0<\/li><\/ul><\/li><\/ul>\t\t\t\t\t\t\t\t<\/div>\n\t\t\t\t<\/div>\n\t\t\t\t\t<\/div>\n\t\t<\/div>\n\t\t\t\t\t<\/div>\n\t\t<\/section>\n\t\t\t\t<section class=\"elementor-section elementor-top-section elementor-element elementor-element-83903e8 elementor-section-boxed elementor-section-height-default elementor-section-height-default\" data-id=\"83903e8\" data-element_type=\"section\" data-e-type=\"section\">\n\t\t\t\t\t\t<div class=\"elementor-container elementor-column-gap-default\">\n\t\t\t\t\t<div class=\"elementor-column elementor-col-50 elementor-top-column elementor-element elementor-element-f04fbc6\" data-id=\"f04fbc6\" data-element_type=\"column\" data-e-type=\"column\">\n\t\t\t<div class=\"elementor-widget-wrap elementor-element-populated\">\n\t\t\t\t\t\t<div class=\"elementor-element elementor-element-f744c10 elementor-widget elementor-widget-image\" data-id=\"f744c10\" data-element_type=\"widget\" data-e-type=\"widget\" data-widget_type=\"image.default\">\n\t\t\t\t<div class=\"elementor-widget-container\">\n\t\t\t\t\t\t\t\t\t\t\t\t\t\t\t<img loading=\"lazy\" decoding=\"async\" width=\"800\" height=\"431\" src=\"https:\/\/www.idealpropertymallorca.com\/blog\/wp-content\/uploads\/2024\/03\/Faro-de-portopi.png\" class=\"attachment-large size-large wp-image-7224\" alt=\"Faro de portopi\" srcset=\"https:\/\/www.idealpropertymallorca.com\/blog\/wp-content\/uploads\/2024\/03\/Faro-de-portopi.png 1020w, https:\/\/www.idealpropertymallorca.com\/blog\/wp-content\/uploads\/2024\/03\/Faro-de-portopi-768x414.png 768w\" sizes=\"(max-width: 800px) 100vw, 800px\" \/>\t\t\t\t\t\t\t\t\t\t\t\t\t\t\t<\/div>\n\t\t\t\t<\/div>\n\t\t\t\t\t<\/div>\n\t\t<\/div>\n\t\t\t\t<div class=\"elementor-column elementor-col-50 elementor-top-column elementor-element elementor-element-cac719f\" data-id=\"cac719f\" data-element_type=\"column\" data-e-type=\"column\">\n\t\t\t<div class=\"elementor-widget-wrap elementor-element-populated\">\n\t\t\t\t\t\t<div class=\"elementor-element elementor-element-8489e5c elementor-widget elementor-widget-image\" data-id=\"8489e5c\" data-element_type=\"widget\" data-e-type=\"widget\" data-widget_type=\"image.default\">\n\t\t\t\t<div class=\"elementor-widget-container\">\n\t\t\t\t\t\t\t\t\t\t\t\t\t\t\t<img loading=\"lazy\" decoding=\"async\" width=\"727\" height=\"507\" src=\"https:\/\/www.idealpropertymallorca.com\/blog\/wp-content\/uploads\/2024\/03\/Faro-Portopi-mapa.png\" class=\"attachment-large size-large wp-image-7221\" alt=\"Faro Portopi mapa\" \/>\t\t\t\t\t\t\t\t\t\t\t\t\t\t\t<\/div>\n\t\t\t\t<\/div>\n\t\t\t\t\t<\/div>\n\t\t<\/div>\n\t\t\t\t\t<\/div>\n\t\t<\/section>\n\t\t\t\t<section class=\"elementor-section elementor-top-section elementor-element elementor-element-28670c8 elementor-section-boxed elementor-section-height-default elementor-section-height-default\" data-id=\"28670c8\" data-element_type=\"section\" data-e-type=\"section\">\n\t\t\t\t\t\t<div class=\"elementor-container elementor-column-gap-default\">\n\t\t\t\t\t<div class=\"elementor-column elementor-col-100 elementor-top-column elementor-element elementor-element-b2f8e91\" data-id=\"b2f8e91\" data-element_type=\"column\" data-e-type=\"column\">\n\t\t\t<div class=\"elementor-widget-wrap elementor-element-populated\">\n\t\t\t\t\t\t<div class=\"elementor-element elementor-element-73a247d elementor-widget elementor-widget-heading\" data-id=\"73a247d\" data-element_type=\"widget\" data-e-type=\"widget\" data-widget_type=\"heading.default\">\n\t\t\t\t<div class=\"elementor-widget-container\">\n\t\t\t\t\t<h2 class=\"elementor-heading-title elementor-size-default\">Es Baluard<\/h2>\t\t\t\t<\/div>\n\t\t\t\t<\/div>\n\t\t\t\t\t<\/div>\n\t\t<\/div>\n\t\t\t\t\t<\/div>\n\t\t<\/section>\n\t\t\t\t<section class=\"elementor-section elementor-top-section elementor-element elementor-element-7066133 elementor-section-boxed elementor-section-height-default elementor-section-height-default\" data-id=\"7066133\" data-element_type=\"section\" data-e-type=\"section\">\n\t\t\t\t\t\t<div class=\"elementor-container elementor-column-gap-default\">\n\t\t\t\t\t<div class=\"elementor-column elementor-col-50 elementor-top-column elementor-element elementor-element-df82fa3\" data-id=\"df82fa3\" data-element_type=\"column\" data-e-type=\"column\">\n\t\t\t<div class=\"elementor-widget-wrap elementor-element-populated\">\n\t\t\t\t\t\t<div class=\"elementor-element elementor-element-2c4bc10 elementor-widget elementor-widget-text-editor\" data-id=\"2c4bc10\" data-element_type=\"widget\" data-e-type=\"widget\" data-widget_type=\"text-editor.default\">\n\t\t\t\t<div class=\"elementor-widget-container\">\n\t\t\t\t\t\t\t\t\t<p><a href=\"https:\/\/www.esbaluard.org\/\">Es Baluard<\/a> es un destacado museo de arte moderno y contempor\u00e1neo en Mallorca. Su sede principal, situada sobre las antiguas murallas en el n\u00famero 10 de la Porta de Santa Catalina, fue inaugurada el 30 de enero de 2004. Con una extensi\u00f3n total de <a href=\"https:\/\/www.esbaluard.org\/museo\/historia-complejo-cultural\/\">5.000 metros cuadrados<\/a>, la mitad de los cuales se dedican a exposiciones, este espacio distribuye en tres plantas conectadas por rampas, claraboyas y amplios ventanales interiores.<\/p><p>Construido en hormig\u00f3n y vidrio, el Es Baluard Museu d\u2019Art Modern i Contemporani de Palma alberga una impresionante colecci\u00f3n de m\u00e1s de 700 obras, la mayor\u00eda datadas desde finales del siglo XIX hasta la actualidad.<\/p><p>La diversidad de expresiones art\u00edsticas en Es Baluard incluye no solo pintura, sino tambi\u00e9n escultura, fotograf\u00eda, v\u00eddeo, instalaci\u00f3n y obra sobre papel.<\/p><p>Adem\u00e1s de sus exhibiciones, <b>Es Baluard<\/b> cuenta con espacios adicionales que enriquecen la experiencia cultural. El Aljub, un antiguo aljibe del siglo XVII transformado en sala de exposiciones, y Les Arcs, un espacio para el intercambio de ideas y trabajos entre colectivos ciudadanos y entidades sociales, son solo algunos ejemplos.<\/p><p>El<b> Mirador<\/b> ofrece una vista panor\u00e1mica excepcional de la Catedral, el Paseo Mar\u00edtimo y el barrio del Puig de Sant Pere. Asimismo, la terraza al aire libre sobre el antiguo Aljub, junto con la torre de la muralla, proporciona un escenario impresionante para eventos al aire libre.<\/p><p>Para los amantes de la gastronom\u00eda, <b>el restaurante<\/b> de Es Baluard, situado en la muralla, ofrece una experiencia culinaria que tambi\u00e9n rinde homenaje al arte del buen comer, con unas vistas magn\u00edficas sobre la bah\u00eda de Palma.<\/p><p>Aunque el precio de la entrada no es 100% gratuito los viernes tienen una promoci\u00f3n donde los visitantes elijen el precio de la entrada.<\/p><p>Cultur\u00edzate en Mallorca con este museo repelo de distintas obras \u00fanicas, referente del arte contempor\u00e1neo y encuentra un alojamiento ideal en<a href=\"https:\/\/www.idealpropertymallorca.com\/es\/alquiler\/alquileres-mallorca-e21\/\"> Ideal Property Mallorca<\/a>.<\/p>\t\t\t\t\t\t\t\t<\/div>\n\t\t\t\t<\/div>\n\t\t\t\t\t<\/div>\n\t\t<\/div>\n\t\t\t\t<div class=\"elementor-column elementor-col-50 elementor-top-column elementor-element elementor-element-086177f\" data-id=\"086177f\" data-element_type=\"column\" data-e-type=\"column\">\n\t\t\t<div class=\"elementor-widget-wrap elementor-element-populated\">\n\t\t\t\t\t\t<div class=\"elementor-element elementor-element-689bb32 elementor-widget elementor-widget-image\" data-id=\"689bb32\" data-element_type=\"widget\" data-e-type=\"widget\" data-widget_type=\"image.default\">\n\t\t\t\t<div class=\"elementor-widget-container\">\n\t\t\t\t\t\t\t\t\t\t\t\t\t\t\t<img loading=\"lazy\" decoding=\"async\" width=\"800\" height=\"440\" src=\"https:\/\/www.idealpropertymallorca.com\/blog\/wp-content\/uploads\/2024\/03\/Es-Baluard-2-1146x630.png\" class=\"attachment-large size-large wp-image-7236\" alt=\"Es Baluard\" \/>\t\t\t\t\t\t\t\t\t\t\t\t\t\t\t<\/div>\n\t\t\t\t<\/div>\n\t\t\t\t<div class=\"elementor-element elementor-element-ffce448 elementor-widget elementor-widget-text-editor\" data-id=\"ffce448\" data-element_type=\"widget\" data-e-type=\"widget\" data-widget_type=\"text-editor.default\">\n\t\t\t\t<div class=\"elementor-widget-container\">\n\t\t\t\t\t\t\t\t\t<ul><li>Horario<strong>:<\/strong><ul><li>De martes a s\u00e1bado de 10:00 a 20:00 horas.<\/li><li>Domingo de 10:00 a 15:00 horas.<\/li><li>La taquilla permanece abierta hasta 30 minutos antes de la hora de cierre.<\/li><\/ul><\/li><li>Precio<b>: <\/b><ul><li>Entrada los viernes &#8220;<a href=\"https:\/\/www.esbaluard.org\/noticias\/los-viernes-tu-entrada-a-partir-de-10-centimos\/\">Tu decideixes<\/a>&#8220;: A partir de 0,10 euros.<\/li><li>Entrada general: 6 euros.<\/li><li>Exposici\u00f3n temporal: 4,00 euros.<\/li><li>Si vienes en bici: 2,00 euros.<\/li><li>Revisa las tarifas <a href=\"https:\/\/www.esbaluard.org\/visita\/\">aqu\u00ed<\/a>\u00a0donde podras ver en que opciones es gratuito.<\/li><\/ul><\/li><li>Donde<b>:<\/b> Pla\u00e7a de la Porta de Santa Catalina, 10, Centre, 07012 Palma.<ul><li>Ver en <a href=\"https:\/\/maps.app.goo.gl\/epZYvoPbT5hbDY3M9\">Google maps<\/a>.\u00a0<\/li><\/ul><\/li><\/ul>\t\t\t\t\t\t\t\t<\/div>\n\t\t\t\t<\/div>\n\t\t\t\t\t<\/div>\n\t\t<\/div>\n\t\t\t\t\t<\/div>\n\t\t<\/section>\n\t\t\t\t<section class=\"elementor-section elementor-top-section elementor-element elementor-element-eee5984 elementor-section-boxed elementor-section-height-default elementor-section-height-default\" data-id=\"eee5984\" data-element_type=\"section\" data-e-type=\"section\">\n\t\t\t\t\t\t<div class=\"elementor-container elementor-column-gap-default\">\n\t\t\t\t\t<div class=\"elementor-column elementor-col-50 elementor-top-column elementor-element elementor-element-8ec6057\" data-id=\"8ec6057\" data-element_type=\"column\" data-e-type=\"column\">\n\t\t\t<div class=\"elementor-widget-wrap elementor-element-populated\">\n\t\t\t\t\t\t<div class=\"elementor-element elementor-element-d2beebb elementor-widget elementor-widget-image\" data-id=\"d2beebb\" data-element_type=\"widget\" data-e-type=\"widget\" data-widget_type=\"image.default\">\n\t\t\t\t<div class=\"elementor-widget-container\">\n\t\t\t\t\t\t\t\t\t\t\t\t\t\t\t<img loading=\"lazy\" decoding=\"async\" width=\"800\" height=\"442\" src=\"https:\/\/www.idealpropertymallorca.com\/blog\/wp-content\/uploads\/2024\/03\/Es-Baluard.png\" class=\"attachment-large size-large wp-image-7189\" alt=\"Es Baluard\" srcset=\"https:\/\/www.idealpropertymallorca.com\/blog\/wp-content\/uploads\/2024\/03\/Es-Baluard.png 1085w, https:\/\/www.idealpropertymallorca.com\/blog\/wp-content\/uploads\/2024\/03\/Es-Baluard-768x425.png 768w\" sizes=\"(max-width: 800px) 100vw, 800px\" \/>\t\t\t\t\t\t\t\t\t\t\t\t\t\t\t<\/div>\n\t\t\t\t<\/div>\n\t\t\t\t\t<\/div>\n\t\t<\/div>\n\t\t\t\t<div class=\"elementor-column elementor-col-50 elementor-top-column elementor-element elementor-element-2c70c7d\" data-id=\"2c70c7d\" data-element_type=\"column\" data-e-type=\"column\">\n\t\t\t<div class=\"elementor-widget-wrap elementor-element-populated\">\n\t\t\t\t\t\t<div class=\"elementor-element elementor-element-1286e0e elementor-widget elementor-widget-image\" data-id=\"1286e0e\" data-element_type=\"widget\" data-e-type=\"widget\" data-widget_type=\"image.default\">\n\t\t\t\t<div class=\"elementor-widget-container\">\n\t\t\t\t\t\t\t\t\t\t\t\t\t\t\t<img loading=\"lazy\" decoding=\"async\" width=\"683\" height=\"568\" src=\"https:\/\/www.idealpropertymallorca.com\/blog\/wp-content\/uploads\/2024\/03\/Es-Baluard-mapa.png\" class=\"attachment-large size-large wp-image-7192\" alt=\"Es Baluard mapa\" \/>\t\t\t\t\t\t\t\t\t\t\t\t\t\t\t<\/div>\n\t\t\t\t<\/div>\n\t\t\t\t\t<\/div>\n\t\t<\/div>\n\t\t\t\t\t<\/div>\n\t\t<\/section>\n\t\t\t\t<section class=\"elementor-section elementor-top-section elementor-element elementor-element-be7b0ec elementor-section-boxed elementor-section-height-default elementor-section-height-default\" data-id=\"be7b0ec\" data-element_type=\"section\" data-e-type=\"section\">\n\t\t\t\t\t\t<div class=\"elementor-container elementor-column-gap-default\">\n\t\t\t\t\t<div class=\"elementor-column elementor-col-100 elementor-top-column elementor-element elementor-element-53b08a3\" data-id=\"53b08a3\" data-element_type=\"column\" data-e-type=\"column\">\n\t\t\t<div class=\"elementor-widget-wrap elementor-element-populated\">\n\t\t\t\t\t\t<div class=\"elementor-element elementor-element-e24ae36 elementor-button-info elementor-align-justify elementor-widget elementor-widget-button\" data-id=\"e24ae36\" data-element_type=\"widget\" data-e-type=\"widget\" data-widget_type=\"button.default\">\n\t\t\t\t<div class=\"elementor-widget-container\">\n\t\t\t\t\t\t\t\t\t<div class=\"elementor-button-wrapper\">\n\t\t\t\t\t<a class=\"elementor-button elementor-button-link elementor-size-sm\" href=\"https:\/\/www.idealpropertymallorca.com\/blog\/es\/guia-de-los-12-lugares-mas-increibles-que-ver-en-pollensa\/\">\n\t\t\t\t\t\t<span class=\"elementor-button-content-wrapper\">\n\t\t\t\t\t\t<span class=\"elementor-button-icon\">\n\t\t\t\t<i aria-hidden=\"true\" class=\"far fa-star\"><\/i>\t\t\t<\/span>\n\t\t\t\t\t\t\t\t\t<span class=\"elementor-button-text\">Accede a la gu\u00eda de los 12 lugares que ver en Pollensa<\/span>\n\t\t\t\t\t<\/span>\n\t\t\t\t\t<\/a>\n\t\t\t\t<\/div>\n\t\t\t\t\t\t\t\t<\/div>\n\t\t\t\t<\/div>\n\t\t\t\t\t<\/div>\n\t\t<\/div>\n\t\t\t\t\t<\/div>\n\t\t<\/section>\n\t\t\t\t<section class=\"elementor-section elementor-top-section elementor-element elementor-element-d2ea91d elementor-section-boxed elementor-section-height-default elementor-section-height-default\" data-id=\"d2ea91d\" data-element_type=\"section\" data-e-type=\"section\">\n\t\t\t\t\t\t<div class=\"elementor-container elementor-column-gap-default\">\n\t\t\t\t\t<div class=\"elementor-column elementor-col-100 elementor-top-column elementor-element elementor-element-d25636d\" data-id=\"d25636d\" data-element_type=\"column\" data-e-type=\"column\">\n\t\t\t<div class=\"elementor-widget-wrap elementor-element-populated\">\n\t\t\t\t\t\t<div class=\"elementor-element elementor-element-e8873fd elementor-widget elementor-widget-heading\" data-id=\"e8873fd\" data-element_type=\"widget\" data-e-type=\"widget\" data-widget_type=\"heading.default\">\n\t\t\t\t<div class=\"elementor-widget-container\">\n\t\t\t\t\t<h2 class=\"elementor-heading-title elementor-size-default\">El Castillo de Bellver<\/h2>\t\t\t\t<\/div>\n\t\t\t\t<\/div>\n\t\t\t\t\t<\/div>\n\t\t<\/div>\n\t\t\t\t\t<\/div>\n\t\t<\/section>\n\t\t\t\t<section class=\"elementor-section elementor-top-section elementor-element elementor-element-d1769c9 elementor-section-boxed elementor-section-height-default elementor-section-height-default\" data-id=\"d1769c9\" data-element_type=\"section\" data-e-type=\"section\">\n\t\t\t\t\t\t<div class=\"elementor-container elementor-column-gap-default\">\n\t\t\t\t\t<div class=\"elementor-column elementor-col-50 elementor-top-column elementor-element elementor-element-b4039ee\" data-id=\"b4039ee\" data-element_type=\"column\" data-e-type=\"column\">\n\t\t\t<div class=\"elementor-widget-wrap elementor-element-populated\">\n\t\t\t\t\t\t<div class=\"elementor-element elementor-element-22f9fe8 elementor-widget elementor-widget-text-editor\" data-id=\"22f9fe8\" data-element_type=\"widget\" data-e-type=\"widget\" data-widget_type=\"text-editor.default\">\n\t\t\t\t<div class=\"elementor-widget-container\">\n\t\t\t\t\t\t\t\t\t<p>El <a href=\"https:\/\/castelldebellver.palma.es\/es\/\">Castillo de Bellver<\/a>, erigido entre 1300 y 1311 por orden de Jaime II, es mucho m\u00e1s que una fortaleza medieval: es un tesoro hist\u00f3rico y arquitect\u00f3nico. Su posici\u00f3n estrat\u00e9gica en lo alto de una colina ofrece vistas panor\u00e1micas incomparables de la Bah\u00eda de Palma y la imponente cordillera de la Tramuntana. Este castillo circular, \u00fanico en Espa\u00f1a, es una joya del g\u00f3tico catal\u00e1n que te transportar\u00e1 a \u00e9pocas pasadas.<\/p><p>Adem\u00e1s de su fascinante arquitectura, el <strong>Castillo de Bellver <\/strong>alberga un museo que recoge artefactos romanos, \u00e1rabes y espa\u00f1oles, as\u00ed como una serie de habitaciones que narran la historia de la isla a lo largo de los siglos. Desde el patio de armas, con sus arcos rom\u00e1nicos, hasta la capilla del castillo, cada rinc\u00f3n respira historia y misterio.<\/p><p>El castillo fue <b>originalmente concebido como residencia real<\/b> y alberg\u00f3 a los tres reyes de Mallorca en breves per\u00edodos: Jaime II, Sancho I y Jaime III. A finales del siglo XIV, Juan I de Arag\u00f3n y su corte ocuparon el castillo temporalmente, buscando refugio de la peste que azotaba Barcelona.<\/p><p>En<b> 1717<\/b>, el castillo fue transformado en prisi\u00f3n militar. Entre <b>1802 y 1808<\/b>, Gaspar Melchor de Jovellanos, ministro de Hacienda y de Gracia y Justicia bajo el reinado de Carlos IV, estuvo encarcelado en una de las habitaciones del primer piso. El castillo fue tambi\u00e9n prisi\u00f3n de numerosos soldados y oficiales franceses vencidos en la Batalla de Bail\u00e9n. En <b>1817<\/b> fue fusilado el general Lacy, cabecilla de una fallida revoluci\u00f3n liberal. En <b>1821<\/b> el castillo fue temporalmente convertido en f\u00e1brica de moneda. Adem\u00e1s, <b>durante la Guerra Civil Espa\u00f1ola<\/b> (1936-1938), m\u00e1s de 800 republicanos estuvieron prisioneros en Bellver.<\/p><p>Posteriormente, <b>en 1931<\/b>, el Estado cedi\u00f3 el edificio y el bosque al Excelent\u00edsimo Ayuntamiento de Palma, que lo convirti\u00f3 en sede del Museo de Historia de la Ciudad y de la Colecci\u00f3n Despuig de escultura cl\u00e1sica. Desde entonces, el castillo ha sido escenario de numerosas actividades culturales y l\u00fadicas organizadas por el Ayuntamiento de Palma.<\/p><p>Durante los c\u00e1lidos atardeceres de verano, el castillo cobra vida con c<b>onciertos al aire libre en su impresionante patio<\/b>, bajo un manto de estrellas, ofreciendo una experiencia \u00fanica que sumerge a sus visitantes en la magia de Mallorca.<\/p><p>Ya sea que te apasione la historia, la fotograf\u00eda o simplemente disfrutar de <b>vistas espectaculares<\/b>, una visita al Castillo de Bellver es imprescindible durante tu estancia en <a href=\"https:\/\/www.idealpropertymallorca.com\/es\/alquiler\/alquileres-mallorca-e21\/\">Mallorca<\/a>. Sum\u00e9rgete en la grandeza de este lugar emblem\u00e1tico y d\u00e9jate cautivar por su encanto atemporal.<\/p><p>Descubre los encantos de los <b>Jardines de Bellver<\/b>, situados junto a la majestuosa <strong>C<\/strong><b>atedral de Palma de Mallorca<\/b>, estos exuberantes jardines bot\u00e1nicos son un oasis urbano que invita a explorar. Llenos de una variada flora, desde \u00e1rboles hasta flores ex\u00f3ticas, y habitados por una diversidad de aves y otros animales, son el lugar perfecto para disfrutar de un d\u00eda inolvidable.<\/p>\t\t\t\t\t\t\t\t<\/div>\n\t\t\t\t<\/div>\n\t\t\t\t\t<\/div>\n\t\t<\/div>\n\t\t\t\t<div class=\"elementor-column elementor-col-50 elementor-top-column elementor-element elementor-element-da2d489\" data-id=\"da2d489\" data-element_type=\"column\" data-e-type=\"column\">\n\t\t\t<div class=\"elementor-widget-wrap elementor-element-populated\">\n\t\t\t\t\t\t<div class=\"elementor-element elementor-element-eeb69c2 elementor-widget elementor-widget-image\" data-id=\"eeb69c2\" data-element_type=\"widget\" data-e-type=\"widget\" data-widget_type=\"image.default\">\n\t\t\t\t<div class=\"elementor-widget-container\">\n\t\t\t\t\t\t\t\t\t\t\t\t\t\t\t<img loading=\"lazy\" decoding=\"async\" width=\"768\" height=\"523\" src=\"https:\/\/www.idealpropertymallorca.com\/blog\/wp-content\/uploads\/2024\/03\/Castillo-Bellver-2.png\" class=\"attachment-large size-large wp-image-7248\" alt=\"Castillo Bellver\" \/>\t\t\t\t\t\t\t\t\t\t\t\t\t\t\t<\/div>\n\t\t\t\t<\/div>\n\t\t\t\t<div class=\"elementor-element elementor-element-01e3586 elementor-widget elementor-widget-text-editor\" data-id=\"01e3586\" data-element_type=\"widget\" data-e-type=\"widget\" data-widget_type=\"text-editor.default\">\n\t\t\t\t<div class=\"elementor-widget-container\">\n\t\t\t\t\t\t\t\t\t<ul><li>Horario:<ul><li><strong>Desde abril hasta septiembre<\/strong>:<ul><li>De martes a s\u00e1bado: de 10:00 a 19:00 horas.<\/li><li>Domingos y festivos: de 10:00 a 15:00 horas.<\/li><\/ul><\/li><li><strong>Desde octubre hasta marzo<\/strong>:<ul><li>De martes a s\u00e1bado: de 10:00 a 18:00 horas.<\/li><li>Domingos y festivos: de 10:00 a 15:00 horas.<\/li><\/ul><\/li><\/ul><\/li><li>Precio:<ul><li>Entrada general: 4,00 euros (reducida 2,00 euros).<\/li><li>Entrada los <a href=\"https:\/\/castelldebellver.palma.es\/es\/-\/horarios-y-precios-del-castell-de-bellver-?redirect=%2Fes%2Fvisita\">domingos<\/a>: <b>Gratuita.<\/b><\/li><li>Revisa las tarifas <a href=\"https:\/\/castelldebellver.palma.es\/es\/-\/horarios-y-precios-del-castell-de-bellver-?redirect=%2Fes%2Fvisita\">aqu\u00ed<\/a>\u00a0donde podr\u00e1s ver en que opciones es gratuito.<\/li><\/ul><\/li><li>Donde<strong>:<\/strong> C\\ Camilo Jos\u00e9 Cela, s\/n, Ponent, 07014 Palma.<ul><li>Ver en <a href=\"https:\/\/maps.app.goo.gl\/4oZY5Vd6asPNKQto6\">Google maps<\/a>.\u00a0<\/li><\/ul><\/li><\/ul>\t\t\t\t\t\t\t\t<\/div>\n\t\t\t\t<\/div>\n\t\t\t\t\t<\/div>\n\t\t<\/div>\n\t\t\t\t\t<\/div>\n\t\t<\/section>\n\t\t\t\t<section class=\"elementor-section elementor-top-section elementor-element elementor-element-bdf6be8 elementor-section-boxed elementor-section-height-default elementor-section-height-default\" data-id=\"bdf6be8\" data-element_type=\"section\" data-e-type=\"section\">\n\t\t\t\t\t\t<div class=\"elementor-container elementor-column-gap-default\">\n\t\t\t\t\t<div class=\"elementor-column elementor-col-50 elementor-top-column elementor-element elementor-element-0885fdf\" data-id=\"0885fdf\" data-element_type=\"column\" data-e-type=\"column\">\n\t\t\t<div class=\"elementor-widget-wrap elementor-element-populated\">\n\t\t\t\t\t\t<div class=\"elementor-element elementor-element-1536b94 elementor-widget elementor-widget-image\" data-id=\"1536b94\" data-element_type=\"widget\" data-e-type=\"widget\" data-widget_type=\"image.default\">\n\t\t\t\t<div class=\"elementor-widget-container\">\n\t\t\t\t\t\t\t\t\t\t\t\t\t\t\t<img loading=\"lazy\" decoding=\"async\" width=\"799\" height=\"530\" src=\"https:\/\/www.idealpropertymallorca.com\/blog\/wp-content\/uploads\/2024\/03\/Castillo-Bellver.png\" class=\"attachment-large size-large wp-image-7251\" alt=\"Castillo Bellver\" srcset=\"https:\/\/www.idealpropertymallorca.com\/blog\/wp-content\/uploads\/2024\/03\/Castillo-Bellver.png 799w, https:\/\/www.idealpropertymallorca.com\/blog\/wp-content\/uploads\/2024\/03\/Castillo-Bellver-768x509.png 768w\" sizes=\"(max-width: 799px) 100vw, 799px\" \/>\t\t\t\t\t\t\t\t\t\t\t\t\t\t\t<\/div>\n\t\t\t\t<\/div>\n\t\t\t\t\t<\/div>\n\t\t<\/div>\n\t\t\t\t<div class=\"elementor-column elementor-col-50 elementor-top-column elementor-element elementor-element-57a50e9\" data-id=\"57a50e9\" data-element_type=\"column\" data-e-type=\"column\">\n\t\t\t<div class=\"elementor-widget-wrap elementor-element-populated\">\n\t\t\t\t\t\t<div class=\"elementor-element elementor-element-c041710 elementor-widget__width-initial elementor-widget elementor-widget-image\" data-id=\"c041710\" data-element_type=\"widget\" data-e-type=\"widget\" data-widget_type=\"image.default\">\n\t\t\t\t<div class=\"elementor-widget-container\">\n\t\t\t\t\t\t\t\t\t\t\t\t\t\t\t<img loading=\"lazy\" decoding=\"async\" width=\"552\" height=\"483\" src=\"https:\/\/www.idealpropertymallorca.com\/blog\/wp-content\/uploads\/2024\/03\/castillo-Bellver-mapa-1.png\" class=\"attachment-large size-large wp-image-7263\" alt=\"castillo Bellver\" \/>\t\t\t\t\t\t\t\t\t\t\t\t\t\t\t<\/div>\n\t\t\t\t<\/div>\n\t\t\t\t\t<\/div>\n\t\t<\/div>\n\t\t\t\t\t<\/div>\n\t\t<\/section>\n\t\t\t\t<section class=\"elementor-section elementor-top-section elementor-element elementor-element-4b5d029 elementor-section-boxed elementor-section-height-default elementor-section-height-default\" data-id=\"4b5d029\" data-element_type=\"section\" data-e-type=\"section\">\n\t\t\t\t\t\t<div class=\"elementor-container elementor-column-gap-default\">\n\t\t\t\t\t<div class=\"elementor-column elementor-col-100 elementor-top-column elementor-element elementor-element-2b17549\" data-id=\"2b17549\" data-element_type=\"column\" data-e-type=\"column\">\n\t\t\t<div class=\"elementor-widget-wrap elementor-element-populated\">\n\t\t\t\t\t\t<div class=\"elementor-element elementor-element-7952c23 elementor-widget elementor-widget-heading\" data-id=\"7952c23\" data-element_type=\"widget\" data-e-type=\"widget\" data-widget_type=\"heading.default\">\n\t\t\t\t<div class=\"elementor-widget-container\">\n\t\t\t\t\t<h2 class=\"elementor-heading-title elementor-size-default\">Museo Sa Bassa Blanca<\/h2>\t\t\t\t<\/div>\n\t\t\t\t<\/div>\n\t\t\t\t\t<\/div>\n\t\t<\/div>\n\t\t\t\t\t<\/div>\n\t\t<\/section>\n\t\t\t\t<section class=\"elementor-section elementor-top-section elementor-element elementor-element-7cc72f4 elementor-section-boxed elementor-section-height-default elementor-section-height-default\" data-id=\"7cc72f4\" data-element_type=\"section\" data-e-type=\"section\">\n\t\t\t\t\t\t<div class=\"elementor-container elementor-column-gap-default\">\n\t\t\t\t\t<div class=\"elementor-column elementor-col-50 elementor-top-column elementor-element elementor-element-bb14736\" data-id=\"bb14736\" data-element_type=\"column\" data-e-type=\"column\">\n\t\t\t<div class=\"elementor-widget-wrap elementor-element-populated\">\n\t\t\t\t\t\t<div class=\"elementor-element elementor-element-637e774 elementor-widget elementor-widget-text-editor\" data-id=\"637e774\" data-element_type=\"widget\" data-e-type=\"widget\" data-widget_type=\"text-editor.default\">\n\t\t\t\t<div class=\"elementor-widget-container\">\n\t\t\t\t\t\t\t\t\t<p>El <a href=\"https:\/\/www.msbb.org\/\">Museo Sa Bassa Blanca<\/a>\u00a0fusiona arte, naturaleza y arquitectura en un entorno armonioso. Con su dise\u00f1o de muros blancos, b\u00f3vedas y c\u00fapulas tradicionales, rodeado de jardines y fuentes, ofrece una experiencia multisensorial.<\/p><p>Destacan su artesonado mud\u00e9jar del siglo XV declarado Bien de Inter\u00e9s Cultural y su <a href=\"https:\/\/www.msbb.org\/espacios\/jardin-de-rosas\">jard\u00edn de rosas<\/a>\u00a0dise\u00f1ado por Yannick Vu, con m\u00e1s de cien variedades antiguas e inglesas. El mirador combina perfectamente arte y naturaleza donde se puede apreciar una vista panor\u00e1mica de la bah\u00eda de Alcudia.<\/p><p>Dentro del edificio principal del <b>Museo Sa Bassa Blanca<\/b>, dise\u00f1ado por el arquitecto egipcio Hassan Fathy, los visitantes pueden disfrutar de una colecci\u00f3n de arte moderno y contempor\u00e1neo.<\/p><p>Dentro de un antiguo aljibe adaptado para exposiciones, se encuentra una de las colecciones m\u00e1s originales de Europa conocida como <a href=\"https:\/\/www.msbb.org\/espacios\/nins\">Nins<\/a>. La cual est\u00e1 formada por una muestra de m\u00e1s de 150 retratos de ni\u00f1os procedentes de diversos pa\u00edses del siglo XVI al XIX y muestra la evoluci\u00f3n de los trajes, accesorios, juguetes y otros elementos de la vida cuotidiana de estos ni\u00f1os.<\/p><p>La Fundaci\u00f3n <b>Yannick y Ben Jakober<\/b> se centra en conservar y restaurar el Patrimonio Hist\u00f3rico Espa\u00f1ol, adem\u00e1s de promover las Bellas Artes, especialmente la pintura y la escultura, a trav\u00e9s de exposiciones y actividades.<\/p><p>La Fundaci\u00f3n cuenta con un Parque Zool\u00f3gico con grandes obras de granito creadas por Ben Jakober y Yannick Vu, ubicadas en los jardines que rodean al museo. El <a href=\"https:\/\/www.msbb.org\/espacios\/parque-de-esculturas\">parque de esculturas<\/a>, recrea animales inspirados en piezas arqueol\u00f3gicas de todo el mundo.<\/p><p>Por \u00faltimo, el espacio <a href=\"https:\/\/www.msbb.org\/espacios\/espacio-sokrates\">SoKraTES<\/a>, desaf\u00eda los conceptos museogr\u00e1ficos tradicionales, exhibiendo obras contempor\u00e1neas junto a objetos curiosos como un Rinoceronte Lanudo del Pleistoceno Superior, m\u00e1scaras rituales del Nepal o T\u00edbet, pinturas contempor\u00e1neas y una cortina de 10.000 cristales de Swaroski entre otras obras.<\/p><p>Adem\u00e1s, el museo cuenta con <b>diferentes actividades<\/b> para acercar al arte y la naturaleza a todo tipo de p\u00fablico. Y una cafeter\u00eda con un encanto \u00fanico que invita a desayunar un delicioso <i>brunch<\/i>.<\/p><p>No dudes en disfrutar de esta experiencia \u00fanica en Alcudia. Encuentra tu alojamiento en <a href=\"https:\/\/www.idealpropertymallorca.com\/es\/alquiler\/alquileres-alcudia-d1098\/vista-lista\/\">Ideal Property Mallorca<\/a> y sum\u00e9rgete en unas vacaciones llenas de sol, playa y cultura.<\/p>\t\t\t\t\t\t\t\t<\/div>\n\t\t\t\t<\/div>\n\t\t\t\t\t<\/div>\n\t\t<\/div>\n\t\t\t\t<div class=\"elementor-column elementor-col-50 elementor-top-column elementor-element elementor-element-83d810b\" data-id=\"83d810b\" data-element_type=\"column\" data-e-type=\"column\">\n\t\t\t<div class=\"elementor-widget-wrap elementor-element-populated\">\n\t\t\t\t\t\t<div class=\"elementor-element elementor-element-9bbf46f elementor-widget elementor-widget-image\" data-id=\"9bbf46f\" data-element_type=\"widget\" data-e-type=\"widget\" data-widget_type=\"image.default\">\n\t\t\t\t<div class=\"elementor-widget-container\">\n\t\t\t\t\t\t\t\t\t\t\t\t\t\t\t<img loading=\"lazy\" decoding=\"async\" width=\"768\" height=\"425\" src=\"https:\/\/www.idealpropertymallorca.com\/blog\/wp-content\/uploads\/2024\/04\/museo-sa-bassa-blanca-2-1-768x425.png\" class=\"attachment-medium_large size-medium_large wp-image-7900\" alt=\"Museo Sa Bassa Blanca\" srcset=\"https:\/\/www.idealpropertymallorca.com\/blog\/wp-content\/uploads\/2024\/04\/museo-sa-bassa-blanca-2-1-768x425.png 768w, https:\/\/www.idealpropertymallorca.com\/blog\/wp-content\/uploads\/2024\/04\/museo-sa-bassa-blanca-2-1.png 888w\" sizes=\"(max-width: 768px) 100vw, 768px\" \/>\t\t\t\t\t\t\t\t\t\t\t\t\t\t\t<\/div>\n\t\t\t\t<\/div>\n\t\t\t\t<div class=\"elementor-element elementor-element-3c5a8e4 elementor-widget elementor-widget-text-editor\" data-id=\"3c5a8e4\" data-element_type=\"widget\" data-e-type=\"widget\" data-widget_type=\"text-editor.default\">\n\t\t\t\t<div class=\"elementor-widget-container\">\n\t\t\t\t\t\t\t\t\t<ul><li>Horario:<ul><li>De martes a s\u00e1bado de 10:00 a 18:00 horas.<\/li><li>Domingo de 10:00 a 15:00 horas.<\/li><\/ul><\/li><li>Precio:<ul><li><b>Parque de Esculturas y Jard\u00edn de Rosas<\/b>:<ul><li>Entrada general: 7,00 euros (reducida: 5,00 euros).<\/li><\/ul><\/li><li>Visita a <b>Nins\/Sokrates + Parque de Esculturas y Jard\u00edn de Rosas<\/b>:<ul><li>Entrada general: 12,00 euros (reducida: 10,00 euros).<\/li><\/ul><\/li><li><b>Visita Dialogada a la Casa Hassan Fathy<\/b>:<ul><li>Entrada general: 28,00 euros (reducida: 20,00 euros).<\/li><\/ul><\/li><li>Entrada gratuita: menores de 7 a\u00f1os y personas discapacitadas acreditadas..<\/li><li>Entrada los martes: gratuita.<\/li><li>Revisa las tarifas <a href=\"https:\/\/www.msbb.org\/informacion-general\/horarios-y-tarifas\/\">aqu\u00ed<\/a>.\u00a0<\/li><\/ul><\/li><li>Donde<strong>: <\/strong>Camino del Collbaix, s\/n, 07400 Alc\u00fadia.<ul><li>Ver en <a href=\"https:\/\/maps.app.goo.gl\/ztkV8KrUH9xBQe749\">Google maps<\/a>.\u00a0<\/li><\/ul><\/li><\/ul>\t\t\t\t\t\t\t\t<\/div>\n\t\t\t\t<\/div>\n\t\t\t\t\t<\/div>\n\t\t<\/div>\n\t\t\t\t\t<\/div>\n\t\t<\/section>\n\t\t\t\t<section class=\"elementor-section elementor-top-section elementor-element elementor-element-6411786 elementor-section-boxed elementor-section-height-default elementor-section-height-default\" data-id=\"6411786\" data-element_type=\"section\" data-e-type=\"section\">\n\t\t\t\t\t\t<div class=\"elementor-container elementor-column-gap-default\">\n\t\t\t\t\t<div class=\"elementor-column elementor-col-50 elementor-top-column elementor-element elementor-element-870e70c\" data-id=\"870e70c\" data-element_type=\"column\" data-e-type=\"column\">\n\t\t\t<div class=\"elementor-widget-wrap elementor-element-populated\">\n\t\t\t\t\t\t<div class=\"elementor-element elementor-element-b5b6d6a elementor-widget elementor-widget-image\" data-id=\"b5b6d6a\" data-element_type=\"widget\" data-e-type=\"widget\" data-widget_type=\"image.default\">\n\t\t\t\t<div class=\"elementor-widget-container\">\n\t\t\t\t\t\t\t\t\t\t\t\t\t\t\t<img loading=\"lazy\" decoding=\"async\" width=\"791\" height=\"630\" src=\"https:\/\/www.idealpropertymallorca.com\/blog\/wp-content\/uploads\/2024\/04\/museo-sa-bassa-blanca.png\" class=\"attachment-large size-large wp-image-7903\" alt=\"museo sa bassa blanca\" srcset=\"https:\/\/www.idealpropertymallorca.com\/blog\/wp-content\/uploads\/2024\/04\/museo-sa-bassa-blanca.png 791w, https:\/\/www.idealpropertymallorca.com\/blog\/wp-content\/uploads\/2024\/04\/museo-sa-bassa-blanca-768x612.png 768w\" sizes=\"(max-width: 791px) 100vw, 791px\" \/>\t\t\t\t\t\t\t\t\t\t\t\t\t\t\t<\/div>\n\t\t\t\t<\/div>\n\t\t\t\t\t<\/div>\n\t\t<\/div>\n\t\t\t\t<div class=\"elementor-column elementor-col-50 elementor-top-column elementor-element elementor-element-9d32935\" data-id=\"9d32935\" data-element_type=\"column\" data-e-type=\"column\">\n\t\t\t<div class=\"elementor-widget-wrap elementor-element-populated\">\n\t\t\t\t\t\t<div class=\"elementor-element elementor-element-c19865d elementor-widget__width-initial elementor-widget elementor-widget-image\" data-id=\"c19865d\" data-element_type=\"widget\" data-e-type=\"widget\" data-widget_type=\"image.default\">\n\t\t\t\t<div class=\"elementor-widget-container\">\n\t\t\t\t\t\t\t\t\t\t\t\t\t\t\t<img loading=\"lazy\" decoding=\"async\" width=\"800\" height=\"581\" src=\"https:\/\/www.idealpropertymallorca.com\/blog\/wp-content\/uploads\/2024\/04\/museo-sa-bassa-blanca-mapa-868x630.png\" class=\"attachment-large size-large wp-image-7906\" alt=\"museo sa bassa blanca mapa\" \/>\t\t\t\t\t\t\t\t\t\t\t\t\t\t\t<\/div>\n\t\t\t\t<\/div>\n\t\t\t\t\t<\/div>\n\t\t<\/div>\n\t\t\t\t\t<\/div>\n\t\t<\/section>\n\t\t\t\t<section class=\"elementor-section elementor-top-section elementor-element elementor-element-7f79cd4 elementor-section-boxed elementor-section-height-default elementor-section-height-default\" data-id=\"7f79cd4\" data-element_type=\"section\" data-e-type=\"section\">\n\t\t\t\t\t\t<div class=\"elementor-container elementor-column-gap-default\">\n\t\t\t\t\t<div class=\"elementor-column elementor-col-100 elementor-top-column elementor-element elementor-element-f807a9f\" data-id=\"f807a9f\" data-element_type=\"column\" data-e-type=\"column\">\n\t\t\t<div class=\"elementor-widget-wrap elementor-element-populated\">\n\t\t\t\t\t\t<div class=\"elementor-element elementor-element-d0d59c6 elementor-widget elementor-widget-heading\" data-id=\"d0d59c6\" data-element_type=\"widget\" data-e-type=\"widget\" data-widget_type=\"heading.default\">\n\t\t\t\t<div class=\"elementor-widget-container\">\n\t\t\t\t\t<h2 class=\"elementor-heading-title elementor-size-default\">Jardines del Palacio de Marivent<\/h2>\t\t\t\t<\/div>\n\t\t\t\t<\/div>\n\t\t\t\t\t<\/div>\n\t\t<\/div>\n\t\t\t\t\t<\/div>\n\t\t<\/section>\n\t\t\t\t<section class=\"elementor-section elementor-top-section elementor-element elementor-element-966c2b5 elementor-section-boxed elementor-section-height-default elementor-section-height-default\" data-id=\"966c2b5\" data-element_type=\"section\" data-e-type=\"section\">\n\t\t\t\t\t\t<div class=\"elementor-container elementor-column-gap-default\">\n\t\t\t\t\t<div class=\"elementor-column elementor-col-50 elementor-top-column elementor-element elementor-element-dbf37b5\" data-id=\"dbf37b5\" data-element_type=\"column\" data-e-type=\"column\">\n\t\t\t<div class=\"elementor-widget-wrap elementor-element-populated\">\n\t\t\t\t\t\t<div class=\"elementor-element elementor-element-fc3eaf6 elementor-widget elementor-widget-text-editor\" data-id=\"fc3eaf6\" data-element_type=\"widget\" data-e-type=\"widget\" data-widget_type=\"text-editor.default\">\n\t\t\t\t<div class=\"elementor-widget-container\">\n\t\t\t\t\t\t\t\t\t<p>Los <a href=\"https:\/\/universomallorca.com\/jardins-de-marivent\/\">Jardines del Palacio de Marivent<\/a> atraen visitantes durante todo el a\u00f1o, ofreciendo una experiencia \u00fanica en un entorno espectacular. Construido entre 1923 y 1925, el Palacio de Marivent se alza majestuoso sobre la bah\u00eda de Palma, invitando a todos a descubrir su belleza. Incluso la Familia Real elige este lugar para sus vacaciones en ocasiones.<\/p><p>Los jardines fueron dise\u00f1ados por <b>Ioannes de Saridakis<\/b>, conocido cari\u00f1osamente como Joan de Saridakis en Mallorca. Un amante del arte y la pintura, Saridakis habr\u00eda estado encantado de saber que desde 2017 sus jardines se han convertido en un museo al aire libre, accesible para todos. Es importante destacar que estos jardines fueron concebidos originalmente como una residencia privada. Aunque Saridakis dise\u00f1\u00f3 tanto la casa como los jardines, confi\u00f3 la ejecuci\u00f3n al arquitecto Guillem Forteza.<\/p><p>\u00a0En 1973, la casa se convirti\u00f3 en <b>Palacio Real<\/b> y cerr\u00f3 sus puertas al p\u00fablico. Sin embargo, tras una larga disputa legal con los herederos de Saridakis, en 1978 se resolvi\u00f3 que el espacio no deber\u00eda ser exclusivamente una residencia privada, sino un lugar accesible para el disfrute p\u00fablico como un museo de arte.<\/p><p>Visitar los <b>jardines del palacio<\/b> es una experiencia relajante y gratuita en Mallorca. Aqu\u00ed, los visitantes pueden descubrir m\u00e1s de 40 especies vegetales aut\u00f3ctonas, acompa\u00f1adas por 12 imponentes esculturas de bronce creadas por Joan Mir\u00f3. Algunas de estas esculturas, como &#8220;Personaje&#8221;, han sido exhibidas en museos internacionales.<\/p><p>Los jardines ofrecen una estructura ordenada y geom\u00e9trica, perfecta para pasear y disfrutar de la naturaleza en un d\u00eda soleado de verano. Es una actividad ideal para parejas o familias, y una excelente opci\u00f3n para excursiones con ni\u00f1os en Mallorca.<\/p><p>Aunque los jardines no son una atracci\u00f3n principal, son un destino encantador si te encuentras en la zona. Sin duda, una <b>visita breve<\/b> vale la pena para aquellos que pasan cerca.<\/p><p>\u00a1No te pierdas esta visita increible en Mallorca! Encuentra tu alojamiento perfecto en<a href=\"https:\/\/www.idealpropertymallorca.com\/es\/alquiler\/alquileres-alcudia-d1098\/vista-lista\/\"> Ideal Property Mallorca<\/a>\u00a0y encuentra en unas vacaciones repletas de sol, playa, cultura e historia de la isla.<\/p>\t\t\t\t\t\t\t\t<\/div>\n\t\t\t\t<\/div>\n\t\t\t\t\t<\/div>\n\t\t<\/div>\n\t\t\t\t<div class=\"elementor-column elementor-col-50 elementor-top-column elementor-element elementor-element-6bf8cc9\" data-id=\"6bf8cc9\" data-element_type=\"column\" data-e-type=\"column\">\n\t\t\t<div class=\"elementor-widget-wrap elementor-element-populated\">\n\t\t\t\t\t\t<div class=\"elementor-element elementor-element-776263c elementor-widget elementor-widget-image\" data-id=\"776263c\" data-element_type=\"widget\" data-e-type=\"widget\" data-widget_type=\"image.default\">\n\t\t\t\t<div class=\"elementor-widget-container\">\n\t\t\t\t\t\t\t\t\t\t\t\t\t\t\t<img loading=\"lazy\" decoding=\"async\" width=\"768\" height=\"506\" src=\"https:\/\/www.idealpropertymallorca.com\/blog\/wp-content\/uploads\/2024\/04\/Jardines-Marivent-768x506.jpg\" class=\"attachment-medium_large size-medium_large wp-image-7923\" alt=\"Jardines Marivent\" srcset=\"https:\/\/www.idealpropertymallorca.com\/blog\/wp-content\/uploads\/2024\/04\/Jardines-Marivent-768x506.jpg 768w, https:\/\/www.idealpropertymallorca.com\/blog\/wp-content\/uploads\/2024\/04\/Jardines-Marivent.jpg 1152w\" sizes=\"(max-width: 768px) 100vw, 768px\" \/>\t\t\t\t\t\t\t\t\t\t\t\t\t\t\t<\/div>\n\t\t\t\t<\/div>\n\t\t\t\t<div class=\"elementor-element elementor-element-cb726fa elementor-widget elementor-widget-text-editor\" data-id=\"cb726fa\" data-element_type=\"widget\" data-e-type=\"widget\" data-widget_type=\"text-editor.default\">\n\t\t\t\t<div class=\"elementor-widget-container\">\n\t\t\t\t\t\t\t\t\t<ul><li>Horario:<ul><li>Horario de invierno: Del 1 de octubre al 30 de abril: 9:00h a 16.30h<\/li><li>Horario de verano: Del 1 de mayo al 30 de septiembre: 9:00h a 20:00 h.<\/li><li>Cerrado durante Semana Santa y del 15 de Julio al 15 de septiembre.<\/li><\/ul><\/li><li>Precio:<ul><li>Entrada gratuita.<\/li><\/ul><\/li><li>Donde: Avinguda de Joan Mir\u00f3, 229, Ponent, 07015 Palma.<ul><li>Ver en <a href=\"https:\/\/maps.app.goo.gl\/26nHTbuLdBoPBDpp6\">Google maps<\/a>.\u00a0<\/li><\/ul><\/li><\/ul>\t\t\t\t\t\t\t\t<\/div>\n\t\t\t\t<\/div>\n\t\t\t\t\t<\/div>\n\t\t<\/div>\n\t\t\t\t\t<\/div>\n\t\t<\/section>\n\t\t\t\t<section class=\"elementor-section elementor-top-section elementor-element elementor-element-9543683 elementor-section-boxed elementor-section-height-default elementor-section-height-default\" data-id=\"9543683\" data-element_type=\"section\" data-e-type=\"section\">\n\t\t\t\t\t\t<div class=\"elementor-container elementor-column-gap-default\">\n\t\t\t\t\t<div class=\"elementor-column elementor-col-50 elementor-top-column elementor-element elementor-element-e0c8430\" data-id=\"e0c8430\" data-element_type=\"column\" data-e-type=\"column\">\n\t\t\t<div class=\"elementor-widget-wrap elementor-element-populated\">\n\t\t\t\t\t\t<div class=\"elementor-element elementor-element-dd6a795 elementor-widget elementor-widget-image\" data-id=\"dd6a795\" data-element_type=\"widget\" data-e-type=\"widget\" data-widget_type=\"image.default\">\n\t\t\t\t<div class=\"elementor-widget-container\">\n\t\t\t\t\t\t\t\t\t\t\t\t\t\t\t<img loading=\"lazy\" decoding=\"async\" width=\"765\" height=\"512\" src=\"https:\/\/www.idealpropertymallorca.com\/blog\/wp-content\/uploads\/2024\/04\/Jardines-Marivent-2.png\" class=\"attachment-full size-full wp-image-7932\" alt=\"Jardines Marivent\" \/>\t\t\t\t\t\t\t\t\t\t\t\t\t\t\t<\/div>\n\t\t\t\t<\/div>\n\t\t\t\t\t<\/div>\n\t\t<\/div>\n\t\t\t\t<div class=\"elementor-column elementor-col-50 elementor-top-column elementor-element elementor-element-b025911\" data-id=\"b025911\" data-element_type=\"column\" data-e-type=\"column\">\n\t\t\t<div class=\"elementor-widget-wrap elementor-element-populated\">\n\t\t\t\t\t\t<div class=\"elementor-element elementor-element-a52bc19 elementor-widget__width-initial elementor-widget elementor-widget-image\" data-id=\"a52bc19\" data-element_type=\"widget\" data-e-type=\"widget\" data-widget_type=\"image.default\">\n\t\t\t\t<div class=\"elementor-widget-container\">\n\t\t\t\t\t\t\t\t\t\t\t\t\t\t\t<img loading=\"lazy\" decoding=\"async\" width=\"650\" height=\"558\" src=\"https:\/\/www.idealpropertymallorca.com\/blog\/wp-content\/uploads\/2024\/04\/Jardines-Marivent-mapa.png\" class=\"attachment-large size-large wp-image-7929\" alt=\"Jardines Marivent\" \/>\t\t\t\t\t\t\t\t\t\t\t\t\t\t\t<\/div>\n\t\t\t\t<\/div>\n\t\t\t\t\t<\/div>\n\t\t<\/div>\n\t\t\t\t\t<\/div>\n\t\t<\/section>\n\t\t\t\t<section class=\"elementor-section elementor-top-section elementor-element elementor-element-89ef827 elementor-section-boxed elementor-section-height-default elementor-section-height-default\" data-id=\"89ef827\" data-element_type=\"section\" data-e-type=\"section\">\n\t\t\t\t\t\t<div class=\"elementor-container elementor-column-gap-default\">\n\t\t\t\t\t<div class=\"elementor-column elementor-col-100 elementor-top-column elementor-element elementor-element-6a907cb\" data-id=\"6a907cb\" data-element_type=\"column\" data-e-type=\"column\">\n\t\t\t<div class=\"elementor-widget-wrap elementor-element-populated\">\n\t\t\t\t\t\t<div class=\"elementor-element elementor-element-61486d0 elementor-widget elementor-widget-heading\" data-id=\"61486d0\" data-element_type=\"widget\" data-e-type=\"widget\" data-widget_type=\"heading.default\">\n\t\t\t\t<div class=\"elementor-widget-container\">\n\t\t\t\t\t<h2 class=\"elementor-heading-title elementor-size-default\">Castell d'Alar\u00f3<\/h2>\t\t\t\t<\/div>\n\t\t\t\t<\/div>\n\t\t\t\t\t<\/div>\n\t\t<\/div>\n\t\t\t\t\t<\/div>\n\t\t<\/section>\n\t\t\t\t<section class=\"elementor-section elementor-top-section elementor-element elementor-element-851b8a8 elementor-section-boxed elementor-section-height-default elementor-section-height-default\" data-id=\"851b8a8\" data-element_type=\"section\" data-e-type=\"section\">\n\t\t\t\t\t\t<div class=\"elementor-container elementor-column-gap-default\">\n\t\t\t\t\t<div class=\"elementor-column elementor-col-50 elementor-top-column elementor-element elementor-element-e1e8fcc\" data-id=\"e1e8fcc\" data-element_type=\"column\" data-e-type=\"column\">\n\t\t\t<div class=\"elementor-widget-wrap elementor-element-populated\">\n\t\t\t\t\t\t<div class=\"elementor-element elementor-element-44ea1c4 elementor-widget elementor-widget-text-editor\" data-id=\"44ea1c4\" data-element_type=\"widget\" data-e-type=\"widget\" data-widget_type=\"text-editor.default\">\n\t\t\t\t<div class=\"elementor-widget-container\">\n\t\t\t\t\t\t\t\t\t<p>La excursi\u00f3n al <a href=\"https:\/\/visit.ajalaro.net\/es_ES\/castell\">Castell de Alar\u00f3<\/a>&nbsp;es una experiencia que deja una huella imborrable gracias a las espectaculares vistas que aguardan en la cima. Lo fascinante de esta aventura es que puede emprenderse desde varios puntos de partida, adapt\u00e1ndose as\u00ed a las capacidades de cada grupo o a las edades de los ni\u00f1os.<\/p>\n<p>El <b>Castell d\u2019Alar\u00f3<\/b> es un magn\u00edfico ejemplo de \u00abcastell roquer\u00bb o castillo rocoso, situado en lo alto de una monta\u00f1a, aprovechando la topograf\u00eda para erigirse como una fortaleza inexpugnable. Sus murallas, estrat\u00e9gicamente construidas para cerrar el per\u00edmetro de la cima, combinan rocas, acantilados y murallas, formando un recinto imponente sobre la monta\u00f1a. De hecho, es uno de los tres castillos rocosos que a\u00fan se conservan en Mallorca, siendo el \u00fanico de acceso libre en la actualidad.<\/p>\n<p>Despu\u00e9s de llegar al encantador pueblo de <b>Alar\u00f3<\/b> y pasar la gasolinera, encontraremos las primeras indicaciones que nos guiar\u00e1n hacia nuestra meta. Siguiendo las se\u00f1ales, saldremos del pueblo y, tras unos pocos kil\u00f3metros, encontraremos la carretera de ascenso al castillo a nuestra izquierda. Una vez en el inicio de esta carretera, a unos 3 km de distancia. Al llegar, veremos dos <strong>amplias zonas de estacionamiento disponibles<\/strong>.<\/p>\n<p>A partir de aqu\u00ed, nos espera un agradable paseo de aproximadamente 70 minutos a trav\u00e9s de una exuberante vegetaci\u00f3n, donde destacan los madro\u00f1os con sus frutos de intenso color rojo. La primera parte del camino transcurre por carretera, con la posibilidad de tomar algunos atajos que nos llevar\u00e1n al pie de la subida al castillo. Un indicador nos informar\u00e1 que estamos a solo 30 minutos de nuestro destino a paso de senderista. Esta parte del recorrido puede ser m\u00e1s exigente, con escaleras y cuestas empinadas. Una vez arriba, nos aguardan vistas espectaculares en un entorno natural incomparable.<\/p>\n<p>Al subir un poco m\u00e1s, llegaremos al <strong>Oratorio<\/strong> y al restaurante, donde podremos disfrutar de una merecida comida (esencial hacer reserva previa). Aqu\u00ed encontraremos una gran explanada y amplias zonas para jugar y pasar el resto del d\u00eda.<\/p>\n<p><strong>Seg\u00fan la leyenda<\/strong>, en el punto m\u00e1s escarpado, donde comienzan las escaleras, hay una marca redonda en una roca cerca del portal del antemuro, atribuida a la pisada del caballo del Rey Jaume I. Se dice que el Rey se alz\u00f3 contra sus enemigos con tal fuerza que dej\u00f3 sus huellas en la piedra, y que la sangre derramada ti\u00f1\u00f3 de anaranjado las pe\u00f1as al atardecer. Una historia fascinante que a\u00f1ade un toque m\u00e1gico a esta incre\u00edble aventura.<\/p>\n<p>Si quieres disfrutar de estas vistas impresionantes una excursi\u00f3n al Castillo d&#8217;Alar\u00f3 es esencial durante tu estancia en <a href=\"https:\/\/www.idealpropertymallorca.com\/es\/alquiler\/alquileres-mallorca-e21\/\">Mallorca<\/a>. Descubre la majestuosidad de este sitio emblem\u00e1tico y d\u00e9jate cautivar por su encanto perdurable.<\/p>\t\t\t\t\t\t\t\t<\/div>\n\t\t\t\t<\/div>\n\t\t\t\t\t<\/div>\n\t\t<\/div>\n\t\t\t\t<div class=\"elementor-column elementor-col-50 elementor-top-column elementor-element elementor-element-993cdc7\" data-id=\"993cdc7\" data-element_type=\"column\" data-e-type=\"column\">\n\t\t\t<div class=\"elementor-widget-wrap elementor-element-populated\">\n\t\t\t\t\t\t<div class=\"elementor-element elementor-element-dc95be0 elementor-widget elementor-widget-image\" data-id=\"dc95be0\" data-element_type=\"widget\" data-e-type=\"widget\" data-widget_type=\"image.default\">\n\t\t\t\t<div class=\"elementor-widget-container\">\n\t\t\t\t\t\t\t\t\t\t\t\t\t\t\t<img loading=\"lazy\" decoding=\"async\" width=\"768\" height=\"576\" src=\"https:\/\/www.idealpropertymallorca.com\/blog\/wp-content\/uploads\/2024\/04\/Castillo-de-Alaro-768x576.jpg\" class=\"attachment-medium_large size-medium_large wp-image-7941\" alt=\"Castillo de Alaro\" srcset=\"https:\/\/www.idealpropertymallorca.com\/blog\/wp-content\/uploads\/2024\/04\/Castillo-de-Alaro-768x576.jpg 768w, https:\/\/www.idealpropertymallorca.com\/blog\/wp-content\/uploads\/2024\/04\/Castillo-de-Alaro.jpg 1280w\" sizes=\"(max-width: 768px) 100vw, 768px\" \/>\t\t\t\t\t\t\t\t\t\t\t\t\t\t\t<\/div>\n\t\t\t\t<\/div>\n\t\t\t\t<div class=\"elementor-element elementor-element-8c9a6f9 elementor-widget elementor-widget-text-editor\" data-id=\"8c9a6f9\" data-element_type=\"widget\" data-e-type=\"widget\" data-widget_type=\"text-editor.default\">\n\t\t\t\t<div class=\"elementor-widget-container\">\n\t\t\t\t\t\t\t\t\t<ul><li>Horario:<ul><li>Parking: Abierto 24 horas.<\/li><li>Restaurante: martes a domingo: 10:00 horas a 19:00 horas.<\/li><\/ul><\/li><li>Precio:<ul><li>Entrada gratuita.<\/li><\/ul><\/li><li>Donde: 07340 Alar\u00f3.<ul><li>Ver en <a href=\"https:\/\/maps.app.goo.gl\/U6QQD2KonJS2F7f19\">Google maps<\/a>.\u00a0<\/li><\/ul><\/li><\/ul>\t\t\t\t\t\t\t\t<\/div>\n\t\t\t\t<\/div>\n\t\t\t\t\t<\/div>\n\t\t<\/div>\n\t\t\t\t\t<\/div>\n\t\t<\/section>\n\t\t\t\t<section class=\"elementor-section elementor-top-section elementor-element elementor-element-8c947c8 elementor-section-boxed elementor-section-height-default elementor-section-height-default\" data-id=\"8c947c8\" data-element_type=\"section\" data-e-type=\"section\">\n\t\t\t\t\t\t<div class=\"elementor-container elementor-column-gap-default\">\n\t\t\t\t\t<div class=\"elementor-column elementor-col-50 elementor-top-column elementor-element elementor-element-c3ce557\" data-id=\"c3ce557\" data-element_type=\"column\" data-e-type=\"column\">\n\t\t\t<div class=\"elementor-widget-wrap elementor-element-populated\">\n\t\t\t\t\t\t<div class=\"elementor-element elementor-element-d332953 elementor-widget elementor-widget-image\" data-id=\"d332953\" data-element_type=\"widget\" data-e-type=\"widget\" data-widget_type=\"image.default\">\n\t\t\t\t<div class=\"elementor-widget-container\">\n\t\t\t\t\t\t\t\t\t\t\t\t\t\t\t<img loading=\"lazy\" decoding=\"async\" width=\"430\" height=\"344\" src=\"https:\/\/www.idealpropertymallorca.com\/blog\/wp-content\/uploads\/2024\/04\/Castillo-de-Alaro-2.jpg\" class=\"attachment-full size-full wp-image-7944\" alt=\"Castillo de Alaro\" \/>\t\t\t\t\t\t\t\t\t\t\t\t\t\t\t<\/div>\n\t\t\t\t<\/div>\n\t\t\t\t\t<\/div>\n\t\t<\/div>\n\t\t\t\t<div class=\"elementor-column elementor-col-50 elementor-top-column elementor-element elementor-element-79dc20d\" data-id=\"79dc20d\" data-element_type=\"column\" data-e-type=\"column\">\n\t\t\t<div class=\"elementor-widget-wrap elementor-element-populated\">\n\t\t\t\t\t\t<div class=\"elementor-element elementor-element-559c37f elementor-widget__width-initial elementor-widget elementor-widget-image\" data-id=\"559c37f\" data-element_type=\"widget\" data-e-type=\"widget\" data-widget_type=\"image.default\">\n\t\t\t\t<div class=\"elementor-widget-container\">\n\t\t\t\t\t\t\t\t\t\t\t\t\t\t\t<img loading=\"lazy\" decoding=\"async\" width=\"740\" height=\"594\" src=\"https:\/\/www.idealpropertymallorca.com\/blog\/wp-content\/uploads\/2024\/04\/Castillo-de-Alaro-mapa.png\" class=\"attachment-large size-large wp-image-7947\" alt=\"Castillo de Alaro\" \/>\t\t\t\t\t\t\t\t\t\t\t\t\t\t\t<\/div>\n\t\t\t\t<\/div>\n\t\t\t\t\t<\/div>\n\t\t<\/div>\n\t\t\t\t\t<\/div>\n\t\t<\/section>\n\t\t\t\t<section class=\"elementor-section elementor-top-section elementor-element elementor-element-e4136ee elementor-section-boxed elementor-section-height-default elementor-section-height-default\" data-id=\"e4136ee\" data-element_type=\"section\" data-e-type=\"section\">\n\t\t\t\t\t\t<div class=\"elementor-container elementor-column-gap-default\">\n\t\t\t\t\t<div class=\"elementor-column elementor-col-100 elementor-top-column elementor-element elementor-element-a35095e\" data-id=\"a35095e\" data-element_type=\"column\" data-e-type=\"column\">\n\t\t\t<div class=\"elementor-widget-wrap elementor-element-populated\">\n\t\t\t\t\t\t<div class=\"elementor-element elementor-element-4d3d041 elementor-widget elementor-widget-heading\" data-id=\"4d3d041\" data-element_type=\"widget\" data-e-type=\"widget\" data-widget_type=\"heading.default\">\n\t\t\t\t<div class=\"elementor-widget-container\">\n\t\t\t\t\t<h2 class=\"elementor-heading-title elementor-size-default\">Palacio de la Almudaina<\/h2>\t\t\t\t<\/div>\n\t\t\t\t<\/div>\n\t\t\t\t\t<\/div>\n\t\t<\/div>\n\t\t\t\t\t<\/div>\n\t\t<\/section>\n\t\t\t\t<section class=\"elementor-section elementor-top-section elementor-element elementor-element-cc88a52 elementor-section-boxed elementor-section-height-default elementor-section-height-default\" data-id=\"cc88a52\" data-element_type=\"section\" data-e-type=\"section\">\n\t\t\t\t\t\t<div class=\"elementor-container elementor-column-gap-default\">\n\t\t\t\t\t<div class=\"elementor-column elementor-col-50 elementor-top-column elementor-element elementor-element-e757f9b\" data-id=\"e757f9b\" data-element_type=\"column\" data-e-type=\"column\">\n\t\t\t<div class=\"elementor-widget-wrap elementor-element-populated\">\n\t\t\t\t\t\t<div class=\"elementor-element elementor-element-9a4fbf6 elementor-widget elementor-widget-text-editor\" data-id=\"9a4fbf6\" data-element_type=\"widget\" data-e-type=\"widget\" data-widget_type=\"text-editor.default\">\n\t\t\t\t<div class=\"elementor-widget-container\">\n\t\t\t\t\t\t\t\t\t<p>\u00a1Descubre el esplendor del <a href=\"https:\/\/www.patrimonionacional.es\/visita\/palacio-real-de-la-almudaina\">Palacio Real de la Almudaina<\/a>\u00a0en Mallorca durante tu pr\u00f3xima visita a la capital! Sum\u00e9rgete en la historia mientras exploras este emblem\u00e1tico palacio, que alguna vez fue la sede del Reino de Mallorca y ahora sirve como residencia oficial de los Reyes durante sus estancias en la isla.<\/p><p>Durante tu recorrido por el palacio, marav\u00edllate con el magn\u00edfico Patio de Honor, los Ba\u00f1os \u00c1rabes y el impresionante Sal\u00f3n G\u00f3tico, adornado con sus caracter\u00edsticos arcos. <b>Este es uno de los planes gratis en Mallorca m\u00e1s populares que puede realizarse los mi\u00e9rcoles o los domingos de 15:00 a 18:00<\/b>.<\/p><p>La <b>Almudaina<\/b>, ubicada en un entorno bell\u00edsimo, ha sido testigo de las diversas civilizaciones que han dejado su huella en la isla a lo largo de los siglos adapt\u00e1ndose a los gustos y necesidades. Desde los tiempos talay\u00f3ticos hasta la ocupaci\u00f3n romana, este lugar respira historia y cultura.<\/p><p>Construido inicialmente en estilo musulm\u00e1n en 1281, el palacio fue posteriormente remodelado por el rey Jaime II en su forma actual, adoptando elementos del g\u00f3tico levantino. Durante tu visita, podr\u00e1s admirar el mobiliario original y la exquisita decoraci\u00f3n que te transportar\u00e1n a la \u00e9poca de esplendor del palacio.<\/p><p>No te pierdas los aposentos reales, que parecen haberse detenido en el tiempo, ni la impresionante <b>Capilla de Santa Ana<\/b>, una joya del g\u00f3tico que merece toda tu atenci\u00f3n.<\/p><p>El<b> Palacio Real de la Almudaina<\/b> es uno de los lugares imprescindibles para visitar en Mallorca, por lo que suele estar siempre lleno de visitantes. Disfruta de esta experiencia \u00fanica y completa tu viaje con un alojamiento inigualable en <a href=\"https:\/\/www.idealpropertymallorca.com\/es\/alquiler\/alquileres-mallorca-e21\/\">Ideal Property Mallorca<\/a>. Aprovecha el verano al m\u00e1ximo en Mallorca con esta combinaci\u00f3n perfecta. \u00a1Haz tu reserva ahora!<\/p>\t\t\t\t\t\t\t\t<\/div>\n\t\t\t\t<\/div>\n\t\t\t\t\t<\/div>\n\t\t<\/div>\n\t\t\t\t<div class=\"elementor-column elementor-col-50 elementor-top-column elementor-element elementor-element-5103b85\" data-id=\"5103b85\" data-element_type=\"column\" data-e-type=\"column\">\n\t\t\t<div class=\"elementor-widget-wrap elementor-element-populated\">\n\t\t\t\t\t\t<div class=\"elementor-element elementor-element-254541d elementor-widget elementor-widget-image\" data-id=\"254541d\" data-element_type=\"widget\" data-e-type=\"widget\" data-widget_type=\"image.default\">\n\t\t\t\t<div class=\"elementor-widget-container\">\n\t\t\t\t\t\t\t\t\t\t\t\t\t\t\t<img loading=\"lazy\" decoding=\"async\" width=\"1259\" height=\"800\" src=\"https:\/\/www.idealpropertymallorca.com\/blog\/wp-content\/uploads\/2024\/04\/palacio-almudaina-1.jpg\" class=\"attachment-full size-full wp-image-7968\" alt=\"palacio almudaina\" srcset=\"https:\/\/www.idealpropertymallorca.com\/blog\/wp-content\/uploads\/2024\/04\/palacio-almudaina-1.jpg 1259w, https:\/\/www.idealpropertymallorca.com\/blog\/wp-content\/uploads\/2024\/04\/palacio-almudaina-1-768x488.jpg 768w\" sizes=\"(max-width: 1259px) 100vw, 1259px\" \/>\t\t\t\t\t\t\t\t\t\t\t\t\t\t\t<\/div>\n\t\t\t\t<\/div>\n\t\t\t\t<div class=\"elementor-element elementor-element-c79c636 elementor-widget elementor-widget-text-editor\" data-id=\"c79c636\" data-element_type=\"widget\" data-e-type=\"widget\" data-widget_type=\"text-editor.default\">\n\t\t\t\t<div class=\"elementor-widget-container\">\n\t\t\t\t\t\t\t\t\t<ul><li>Horario:<ul><li>De martes a domingo de 10:00 horas a 19:00 horas.<\/li><li>Palacio real: abierto hasta las 18:00 horas.<\/li><\/ul><\/li><li>Precio:<ul><li>Tarifa B\u00e1sica 7 euros. (reducida 4 euros)<\/li><li>Tarifa gratuita: los mi\u00e9rcoles y domingos de 15:00 horas a 19:00 horas. Revisa las condiciones <a href=\"https:\/\/tickets.patrimonionacional.es\/es\/tickets\/palacio-almudaina\">aqu\u00ed<\/a>.\u00a0<\/li><\/ul><\/li><li>Donde: Carrer del Palau Reial, s\/n, Centre, 07001 Palma.<ul><li>Ver en <a href=\"https:\/\/maps.app.goo.gl\/MxXvB2UQya9m4brD7\">Google maps<\/a>.\u00a0<\/li><\/ul><\/li><\/ul>\t\t\t\t\t\t\t\t<\/div>\n\t\t\t\t<\/div>\n\t\t\t\t\t<\/div>\n\t\t<\/div>\n\t\t\t\t\t<\/div>\n\t\t<\/section>\n\t\t\t\t<section class=\"elementor-section elementor-top-section elementor-element elementor-element-003166d elementor-section-boxed elementor-section-height-default elementor-section-height-default\" data-id=\"003166d\" data-element_type=\"section\" data-e-type=\"section\">\n\t\t\t\t\t\t<div class=\"elementor-container elementor-column-gap-default\">\n\t\t\t\t\t<div class=\"elementor-column elementor-col-50 elementor-top-column elementor-element elementor-element-d8ef1ee\" data-id=\"d8ef1ee\" data-element_type=\"column\" data-e-type=\"column\">\n\t\t\t<div class=\"elementor-widget-wrap elementor-element-populated\">\n\t\t\t\t\t\t<div class=\"elementor-element elementor-element-7ea53f4 elementor-widget elementor-widget-image\" data-id=\"7ea53f4\" data-element_type=\"widget\" data-e-type=\"widget\" data-widget_type=\"image.default\">\n\t\t\t\t<div class=\"elementor-widget-container\">\n\t\t\t\t\t\t\t\t\t\t\t\t\t\t\t<img loading=\"lazy\" decoding=\"async\" width=\"850\" height=\"567\" src=\"https:\/\/www.idealpropertymallorca.com\/blog\/wp-content\/uploads\/2024\/04\/palacio-almudaina-2.jpg\" class=\"attachment-full size-full wp-image-7971\" alt=\"palacio almudaina\" srcset=\"https:\/\/www.idealpropertymallorca.com\/blog\/wp-content\/uploads\/2024\/04\/palacio-almudaina-2.jpg 850w, https:\/\/www.idealpropertymallorca.com\/blog\/wp-content\/uploads\/2024\/04\/palacio-almudaina-2-768x512.jpg 768w\" sizes=\"(max-width: 850px) 100vw, 850px\" \/>\t\t\t\t\t\t\t\t\t\t\t\t\t\t\t<\/div>\n\t\t\t\t<\/div>\n\t\t\t\t\t<\/div>\n\t\t<\/div>\n\t\t\t\t<div class=\"elementor-column elementor-col-50 elementor-top-column elementor-element elementor-element-414869c\" data-id=\"414869c\" data-element_type=\"column\" data-e-type=\"column\">\n\t\t\t<div class=\"elementor-widget-wrap elementor-element-populated\">\n\t\t\t\t\t\t<div class=\"elementor-element elementor-element-afaa6d2 elementor-widget__width-initial elementor-widget elementor-widget-image\" data-id=\"afaa6d2\" data-element_type=\"widget\" data-e-type=\"widget\" data-widget_type=\"image.default\">\n\t\t\t\t<div class=\"elementor-widget-container\">\n\t\t\t\t\t\t\t\t\t\t\t\t\t\t\t<img decoding=\"async\" src=\"https:\/\/www.idealpropertymallorca.com\/blog\/wp-content\/uploads\/2024\/04\/palacio-almudaina-mapa-657x430.png\" title=\"palacio almudaina mapa\" alt=\"palacio almudaina\" loading=\"lazy\" \/>\t\t\t\t\t\t\t\t\t\t\t\t\t\t\t<\/div>\n\t\t\t\t<\/div>\n\t\t\t\t\t<\/div>\n\t\t<\/div>\n\t\t\t\t\t<\/div>\n\t\t<\/section>\n\t\t\t\t<section class=\"elementor-section elementor-top-section elementor-element elementor-element-0bcec9f elementor-section-boxed elementor-section-height-default elementor-section-height-default\" data-id=\"0bcec9f\" data-element_type=\"section\" data-e-type=\"section\">\n\t\t\t\t\t\t<div class=\"elementor-container elementor-column-gap-default\">\n\t\t\t\t\t<div class=\"elementor-column elementor-col-100 elementor-top-column elementor-element elementor-element-2491aef\" data-id=\"2491aef\" data-element_type=\"column\" data-e-type=\"column\">\n\t\t\t<div class=\"elementor-widget-wrap elementor-element-populated\">\n\t\t\t\t\t\t<div class=\"elementor-element elementor-element-2b6fea0 elementor-widget elementor-widget-heading\" data-id=\"2b6fea0\" data-element_type=\"widget\" data-e-type=\"widget\" data-widget_type=\"heading.default\">\n\t\t\t\t<div class=\"elementor-widget-container\">\n\t\t\t\t\t<h3 class=\"elementor-heading-title elementor-size-default\">Catedral de Palma: La Seu<\/h3>\t\t\t\t<\/div>\n\t\t\t\t<\/div>\n\t\t\t\t\t<\/div>\n\t\t<\/div>\n\t\t\t\t\t<\/div>\n\t\t<\/section>\n\t\t\t\t<section class=\"elementor-section elementor-top-section elementor-element elementor-element-cff65b5 elementor-section-boxed elementor-section-height-default elementor-section-height-default\" data-id=\"cff65b5\" data-element_type=\"section\" data-e-type=\"section\">\n\t\t\t\t\t\t<div class=\"elementor-container elementor-column-gap-default\">\n\t\t\t\t\t<div class=\"elementor-column elementor-col-50 elementor-top-column elementor-element elementor-element-068c791\" data-id=\"068c791\" data-element_type=\"column\" data-e-type=\"column\">\n\t\t\t<div class=\"elementor-widget-wrap elementor-element-populated\">\n\t\t\t\t\t\t<div class=\"elementor-element elementor-element-3f4769e elementor-widget elementor-widget-text-editor\" data-id=\"3f4769e\" data-element_type=\"widget\" data-e-type=\"widget\" data-widget_type=\"text-editor.default\">\n\t\t\t\t<div class=\"elementor-widget-container\">\n\t\t\t\t\t\t\t\t\t<p>Tambi\u00e9n conocida como la Seu, la <a href=\"https:\/\/catedraldemallorca.org\/\">Catedral de Palma de Mallorca<\/a> es la construcci\u00f3n m\u00e1s emblem\u00e1tica de Mallorca, un conjunto arquitect\u00f3nico construido a lo largo de varios siglos para convertirse en una aut\u00e9ntica obra de arte que te dejar\u00e1 sin aliento.<\/p><p>Construida hace casi 800 a\u00f1os en un estilo g\u00f3tico mediterr\u00e1neo, la Catedral se alza en el lugar donde una vez estuvo la antigua mezquita de la isla. Enclavada junto al mar, hoy se encuentra abrazada por el encantador &#8220;Parc de la Mar&#8221;, un oasis con un lago artificial que realza su belleza.<\/p><p>En su interior, te maravillar\u00e1s con una de las naves m\u00e1s altas del g\u00f3tico europeo, con una altura impresionante de 45 metros. Destacamos algunos puntos imperdibles durante tu visita:<\/p><ul><li>El <b>&#8220;Ojo g\u00f3tico&#8221;<\/b>: El roset\u00f3n mayor, con casi 14 metros de di\u00e1metro, proyecta una luz casi m\u00e1gica en el interior, vistiendo las paredes del templo con brillo y color.<\/li><li><b>Portal de El Mirador<\/b>: Una obra arquitect\u00f3nica monumental en la fachada sur, que asombra con sus m\u00e1s de 15 metros de altura.<\/li><li><b>Campanas<\/b>: La catedral alberga 9 campanas, cada una con su propio nombre. Destaca &#8220;N&#8217;Eloi&#8221;, con un di\u00e1metro de dos metros y un peso de m\u00e1s de 4.500 kilos.<\/li><li>Las <b>terrazas<\/b>: Descubre las impresionantes vistas desde las alturas, ofreciendo un panorama sin igual de la ciudad.<\/li><\/ul><p>Dos d\u00edas especiales, el 2 de febrero y el 11 de noviembre, ofrecen un espect\u00e1culo \u00fanico cuando los rayos de sol atraviesan el roset\u00f3n, creando un efecto lum\u00ednico en forma de &#8220;ocho&#8221;.<\/p><p>\u00a1Y no te preocupes por el acceso! Los residentes de Mallorca disfrutan de entrada gratuita todo el a\u00f1o, y los domingos por la tarde la entrada es libre para todos. Adem\u00e1s, asistir a misa o a alg\u00fan servicio religioso tambi\u00e9n te brinda acceso gratuito.<\/p><p>\u00danete a nosotros en <a href=\"https:\/\/www.idealpropertymallorca.com\/es\/alquiler\/alquileres-mallorca-e21\/\">Mallorca<\/a> y vive una experiencia inolvidable en la Catedral de Mallorca, donde la historia cobra vida. \u00a1Te esperamos para un viaje a trav\u00e9s del tiempo!<\/p>\t\t\t\t\t\t\t\t<\/div>\n\t\t\t\t<\/div>\n\t\t\t\t\t<\/div>\n\t\t<\/div>\n\t\t\t\t<div class=\"elementor-column elementor-col-50 elementor-top-column elementor-element elementor-element-c0a65df\" data-id=\"c0a65df\" data-element_type=\"column\" data-e-type=\"column\">\n\t\t\t<div class=\"elementor-widget-wrap elementor-element-populated\">\n\t\t\t\t\t\t<div class=\"elementor-element elementor-element-7664c91 elementor-widget elementor-widget-image\" data-id=\"7664c91\" data-element_type=\"widget\" data-e-type=\"widget\" data-widget_type=\"image.default\">\n\t\t\t\t<div class=\"elementor-widget-container\">\n\t\t\t\t\t\t\t\t\t\t\t\t\t\t\t<img loading=\"lazy\" decoding=\"async\" width=\"1098\" height=\"732\" src=\"https:\/\/www.idealpropertymallorca.com\/blog\/wp-content\/uploads\/2024\/04\/La-Seu.jpg\" class=\"attachment-full size-full wp-image-7983\" alt=\"La Seu\" srcset=\"https:\/\/www.idealpropertymallorca.com\/blog\/wp-content\/uploads\/2024\/04\/La-Seu.jpg 1098w, https:\/\/www.idealpropertymallorca.com\/blog\/wp-content\/uploads\/2024\/04\/La-Seu-768x512.jpg 768w\" sizes=\"(max-width: 1098px) 100vw, 1098px\" \/>\t\t\t\t\t\t\t\t\t\t\t\t\t\t\t<\/div>\n\t\t\t\t<\/div>\n\t\t\t\t<div class=\"elementor-element elementor-element-d96862d elementor-widget elementor-widget-text-editor\" data-id=\"d96862d\" data-element_type=\"widget\" data-e-type=\"widget\" data-widget_type=\"text-editor.default\">\n\t\t\t\t<div class=\"elementor-widget-container\">\n\t\t\t\t\t\t\t\t\t<ul><li>Horario:<ul><li>Horario de noviembre a marzo:<ul><li>De lunes a viernes de 10:00 horas a 15:15 horas.<\/li><\/ul><\/li><li>Horario de abril a octubre:<ul><li>De lunes a viernes de 10:00 horas a 17:15 horas.<\/li><\/ul><\/li><li>S\u00e1bados de 10:00 a 14:15 horas.<\/li><li>Domingo: solo abierto para cultos, misas y visitantes.<\/li><li>Festivos consulta en la <a href=\"https:\/\/catedraldemallorca.org\/visitas\/horarios\/\">web<\/a>.<\/li><\/ul><\/li><li>Precio:<ul><li>Visita catedral + MASM: 10 euros.<\/li><li>Visita guiada : 30 euros.<\/li><li>Domingos: Gratuita por las tardes.<\/li><li>Otras visitas <a href=\"https:\/\/catedraldemallorca.entradasdemuseos.com\/\">aqu\u00ed<\/a>.\u00a0<\/li><\/ul><\/li><li>Donde: Pla\u00e7a de la Seu, s\/n, Centre, 07001 Palma.<br \/><ul><li>Ver en <a href=\"https:\/\/maps.app.goo.gl\/mCyrZ2rTMw2EGuNv5\">Google maps<\/a>.\u00a0<\/li><\/ul><\/li><\/ul>\t\t\t\t\t\t\t\t<\/div>\n\t\t\t\t<\/div>\n\t\t\t\t\t<\/div>\n\t\t<\/div>\n\t\t\t\t\t<\/div>\n\t\t<\/section>\n\t\t\t\t<section class=\"elementor-section elementor-top-section elementor-element elementor-element-6b19ad4 elementor-section-boxed elementor-section-height-default elementor-section-height-default\" data-id=\"6b19ad4\" data-element_type=\"section\" data-e-type=\"section\">\n\t\t\t\t\t\t<div class=\"elementor-container elementor-column-gap-default\">\n\t\t\t\t\t<div class=\"elementor-column elementor-col-50 elementor-top-column elementor-element elementor-element-42f9d0d\" data-id=\"42f9d0d\" data-element_type=\"column\" data-e-type=\"column\">\n\t\t\t<div class=\"elementor-widget-wrap elementor-element-populated\">\n\t\t\t\t\t\t<div class=\"elementor-element elementor-element-d99435e elementor-widget elementor-widget-image\" data-id=\"d99435e\" data-element_type=\"widget\" data-e-type=\"widget\" data-widget_type=\"image.default\">\n\t\t\t\t<div class=\"elementor-widget-container\">\n\t\t\t\t\t\t\t\t\t\t\t\t\t\t\t<img loading=\"lazy\" decoding=\"async\" width=\"1280\" height=\"853\" src=\"https:\/\/www.idealpropertymallorca.com\/blog\/wp-content\/uploads\/2024\/04\/La-Seu-2.jpg\" class=\"attachment-full size-full wp-image-7986\" alt=\"La Seu\" srcset=\"https:\/\/www.idealpropertymallorca.com\/blog\/wp-content\/uploads\/2024\/04\/La-Seu-2.jpg 1280w, https:\/\/www.idealpropertymallorca.com\/blog\/wp-content\/uploads\/2024\/04\/La-Seu-2-768x512.jpg 768w\" sizes=\"(max-width: 1280px) 100vw, 1280px\" \/>\t\t\t\t\t\t\t\t\t\t\t\t\t\t\t<\/div>\n\t\t\t\t<\/div>\n\t\t\t\t\t<\/div>\n\t\t<\/div>\n\t\t\t\t<div class=\"elementor-column elementor-col-50 elementor-top-column elementor-element elementor-element-b218f45\" data-id=\"b218f45\" data-element_type=\"column\" data-e-type=\"column\">\n\t\t\t<div class=\"elementor-widget-wrap elementor-element-populated\">\n\t\t\t\t\t\t<div class=\"elementor-element elementor-element-236f3c9 elementor-widget__width-initial elementor-widget elementor-widget-image\" data-id=\"236f3c9\" data-element_type=\"widget\" data-e-type=\"widget\" data-widget_type=\"image.default\">\n\t\t\t\t<div class=\"elementor-widget-container\">\n\t\t\t\t\t\t\t\t\t\t\t\t\t\t\t<img decoding=\"async\" src=\"https:\/\/www.idealpropertymallorca.com\/blog\/wp-content\/uploads\/2024\/04\/la-seu-mapa-751x430.png\" title=\"la seu mapa\" alt=\"La Seu\" loading=\"lazy\" \/>\t\t\t\t\t\t\t\t\t\t\t\t\t\t\t<\/div>\n\t\t\t\t<\/div>\n\t\t\t\t\t<\/div>\n\t\t<\/div>\n\t\t\t\t\t<\/div>\n\t\t<\/section>\n\t\t\t\t<section class=\"elementor-section elementor-top-section elementor-element elementor-element-fafeb59 elementor-section-boxed elementor-section-height-default elementor-section-height-default\" data-id=\"fafeb59\" data-element_type=\"section\" data-e-type=\"section\">\n\t\t\t\t\t\t<div class=\"elementor-container elementor-column-gap-default\">\n\t\t\t\t\t<div class=\"elementor-column elementor-col-100 elementor-top-column elementor-element elementor-element-ee74930\" data-id=\"ee74930\" data-element_type=\"column\" data-e-type=\"column\">\n\t\t\t<div class=\"elementor-widget-wrap elementor-element-populated\">\n\t\t\t\t\t\t<div class=\"elementor-element elementor-element-138ddc0 elementor-widget elementor-widget-heading\" data-id=\"138ddc0\" data-element_type=\"widget\" data-e-type=\"widget\" data-widget_type=\"heading.default\">\n\t\t\t\t<div class=\"elementor-widget-container\">\n\t\t\t\t\t<h2 class=\"elementor-heading-title elementor-size-default\">Finca Son Real y su Necropolis<\/h2>\t\t\t\t<\/div>\n\t\t\t\t<\/div>\n\t\t\t\t\t<\/div>\n\t\t<\/div>\n\t\t\t\t\t<\/div>\n\t\t<\/section>\n\t\t\t\t<section class=\"elementor-section elementor-top-section elementor-element elementor-element-3a54058 elementor-section-boxed elementor-section-height-default elementor-section-height-default\" data-id=\"3a54058\" data-element_type=\"section\" data-e-type=\"section\">\n\t\t\t\t\t\t<div class=\"elementor-container elementor-column-gap-default\">\n\t\t\t\t\t<div class=\"elementor-column elementor-col-50 elementor-top-column elementor-element elementor-element-ce268e0\" data-id=\"ce268e0\" data-element_type=\"column\" data-e-type=\"column\">\n\t\t\t<div class=\"elementor-widget-wrap elementor-element-populated\">\n\t\t\t\t\t\t<div class=\"elementor-element elementor-element-084d51f elementor-widget elementor-widget-text-editor\" data-id=\"084d51f\" data-element_type=\"widget\" data-e-type=\"widget\" data-widget_type=\"text-editor.default\">\n\t\t\t\t<div class=\"elementor-widget-container\">\n\t\t\t\t\t\t\t\t\t<p>\u00a1Ven a la fascinante <a href=\"https:\/\/es.balearsnatura.com\/parque_natural\/finca-publica-de-son-real\/\">Finca p\u00fablica de Son Real<\/a>, un tesoro oculto en Mallorca que te sorprender\u00e1 en cada rinc\u00f3n! Entra en un mundo de historia y naturaleza donde encontrar\u00e1s una mezcla perfecta de emocionantes aventuras y relajaci\u00f3n en familia, \u00a1y lo mejor de todo es que la entrada es gratuita todos los d\u00edas!<\/p><p>En esta finca, te espera una <b>experiencia \u00fanica <\/b>que incluye la observaci\u00f3n de animales, emocionantes senderos para hacer senderismo, un cautivador centro de interpretaci\u00f3n y la misteriosa Necr\u00f3polis de Son Real. Esta \u00faltima, una joya arqueol\u00f3gica \u00fanica en el Mediterr\u00e1neo occidental, te transportar\u00e1 a la cultura talay\u00f3tica con sus impresionantes tumbas y construcciones a peque\u00f1a escala. Desde agujeros subterr\u00e1neos con formas variadas hasta vestigios que datan de la Edad del Hierro y la \u00e9poca romana, cada paso revela los secretos de antiguas civilizaciones.<\/p><p>Con m\u00e1s de 100 tumbas preservadas y evidencia de casi 300 individuos, la <b>Necr\u00f3polis<\/b> ofrece un fascinante vistazo a la vida y rituales de la sociedad aristocr\u00e1tica de la \u00e9poca. Adem\u00e1s de los restos humanos, se han descubierto objetos ornamentales y utensilios cotidianos, proporcionando una ventana \u00fanica al pasado.<\/p><p>Una manera encantadora de explorar la Necr\u00f3polis es siguiendo una <b>ruta costera<\/b> que te lleva a trav\u00e9s de playas v\u00edrgenes y panoramas impresionantes. Desde las tumbas hasta las antiguas casas convertidas en el Centro de Interpretaci\u00f3n, cada parada es una oportunidad para sumergirse en la historia y la belleza natural de la regi\u00f3n.<\/p><p>La ruta es <b>accesible para todos<\/b>, ideal para pasear en bicicleta y perfecta en cualquier \u00e9poca del a\u00f1o. Con un punto de partida conveniente en el Torrent de Son Baul\u00f3, la aventura comienza con vistas panor\u00e1micas de los impresionantes cabos y la isla Des Porros.<\/p><p>Al llegar al <b>Centro de Interpretaci\u00f3n<\/b>, las antiguas casas de la finca cobran vida con explicaciones detalladas y actividades interactivas que cautivan a grandes y peque\u00f1os por igual. No olvides llevar calzado y ropa adecuada para la ocasi\u00f3n, as\u00ed como agua y algo de picoteo para disfrutar en el camino.<\/p><p>Con horarios convenientes de visita, <b>la Necr\u00f3polis de Son Real<\/b> es una parada obligada para quienes buscan sumergirse en la rica historia de las Islas Baleares. Aprovecha al m\u00e1ximo tu verano en Mallorca con esta emocionante excursi\u00f3n y aseg\u00farate de encontrar un alojamiento inigualable con <a href=\"https:\/\/www.idealpropertymallorca.com\/es\/alquiler\/alquileres-mallorca-e21\/\">Ideal Property Mallorca<\/a>. \u00a1No te pierdas esta oportunidad \u00fanica de explorar y descubrir!<\/p>\t\t\t\t\t\t\t\t<\/div>\n\t\t\t\t<\/div>\n\t\t\t\t\t<\/div>\n\t\t<\/div>\n\t\t\t\t<div class=\"elementor-column elementor-col-50 elementor-top-column elementor-element elementor-element-c8cc961\" data-id=\"c8cc961\" data-element_type=\"column\" data-e-type=\"column\">\n\t\t\t<div class=\"elementor-widget-wrap elementor-element-populated\">\n\t\t\t\t\t\t<div class=\"elementor-element elementor-element-c6719a0 elementor-widget elementor-widget-image\" data-id=\"c6719a0\" data-element_type=\"widget\" data-e-type=\"widget\" data-widget_type=\"image.default\">\n\t\t\t\t<div class=\"elementor-widget-container\">\n\t\t\t\t\t\t\t\t\t\t\t\t\t\t\t<img loading=\"lazy\" decoding=\"async\" width=\"1200\" height=\"675\" src=\"https:\/\/www.idealpropertymallorca.com\/blog\/wp-content\/uploads\/2024\/04\/finca-son-real.jpg\" class=\"attachment-full size-full wp-image-7995\" alt=\"finca son real\" srcset=\"https:\/\/www.idealpropertymallorca.com\/blog\/wp-content\/uploads\/2024\/04\/finca-son-real.jpg 1200w, https:\/\/www.idealpropertymallorca.com\/blog\/wp-content\/uploads\/2024\/04\/finca-son-real-768x432.jpg 768w\" sizes=\"(max-width: 1200px) 100vw, 1200px\" \/>\t\t\t\t\t\t\t\t\t\t\t\t\t\t\t<\/div>\n\t\t\t\t<\/div>\n\t\t\t\t<div class=\"elementor-element elementor-element-4201309 elementor-widget elementor-widget-text-editor\" data-id=\"4201309\" data-element_type=\"widget\" data-e-type=\"widget\" data-widget_type=\"text-editor.default\">\n\t\t\t\t<div class=\"elementor-widget-container\">\n\t\t\t\t\t\t\t\t\t<ul><li>Horario:<ul><li>Centro de informaci\u00f3n de Son Real: abierto todos los d\u00edas de la semana de 9:00 horas a 16:00 horas.<\/li><li>Centro de interpretaci\u00f3n y museo arqueol\u00f3gico: abierto todos los d\u00edas de la semana de 9:30 horas a 15:30 horas.<\/li><li>Excepto 24, 25 y 31 de diciembre, 1 y 6 enero.<\/li><\/ul><\/li><li>Precio:<ul><li>Entrada gratuita<\/li><\/ul><\/li><li>Donde: Diseminado Son Real, 158, 07459 Santa Margalida.<ul><li>Ver en <a href=\"https:\/\/maps.app.goo.gl\/j3VgtyG5b4ryzMGm8\">Google maps<\/a>.\u00a0<\/li><\/ul><\/li><\/ul>\t\t\t\t\t\t\t\t<\/div>\n\t\t\t\t<\/div>\n\t\t\t\t\t<\/div>\n\t\t<\/div>\n\t\t\t\t\t<\/div>\n\t\t<\/section>\n\t\t\t\t<section class=\"elementor-section elementor-top-section elementor-element elementor-element-afa6455 elementor-section-boxed elementor-section-height-default elementor-section-height-default\" data-id=\"afa6455\" data-element_type=\"section\" data-e-type=\"section\">\n\t\t\t\t\t\t<div class=\"elementor-container elementor-column-gap-default\">\n\t\t\t\t\t<div class=\"elementor-column elementor-col-50 elementor-top-column elementor-element elementor-element-233cfe8\" data-id=\"233cfe8\" data-element_type=\"column\" data-e-type=\"column\">\n\t\t\t<div class=\"elementor-widget-wrap elementor-element-populated\">\n\t\t\t\t\t\t<div class=\"elementor-element elementor-element-e0142ed elementor-widget elementor-widget-image\" data-id=\"e0142ed\" data-element_type=\"widget\" data-e-type=\"widget\" data-widget_type=\"image.default\">\n\t\t\t\t<div class=\"elementor-widget-container\">\n\t\t\t\t\t\t\t\t\t\t\t\t\t\t\t<img loading=\"lazy\" decoding=\"async\" width=\"889\" height=\"597\" src=\"https:\/\/www.idealpropertymallorca.com\/blog\/wp-content\/uploads\/2024\/04\/finca-son-real-2.png\" class=\"attachment-full size-full wp-image-7998\" alt=\"finca son real\" srcset=\"https:\/\/www.idealpropertymallorca.com\/blog\/wp-content\/uploads\/2024\/04\/finca-son-real-2.png 889w, https:\/\/www.idealpropertymallorca.com\/blog\/wp-content\/uploads\/2024\/04\/finca-son-real-2-768x516.png 768w\" sizes=\"(max-width: 889px) 100vw, 889px\" \/>\t\t\t\t\t\t\t\t\t\t\t\t\t\t\t<\/div>\n\t\t\t\t<\/div>\n\t\t\t\t\t<\/div>\n\t\t<\/div>\n\t\t\t\t<div class=\"elementor-column elementor-col-50 elementor-top-column elementor-element elementor-element-15668ba\" data-id=\"15668ba\" data-element_type=\"column\" data-e-type=\"column\">\n\t\t\t<div class=\"elementor-widget-wrap elementor-element-populated\">\n\t\t\t\t\t\t<div class=\"elementor-element elementor-element-17a8d5c elementor-widget__width-initial elementor-widget elementor-widget-image\" data-id=\"17a8d5c\" data-element_type=\"widget\" data-e-type=\"widget\" data-widget_type=\"image.default\">\n\t\t\t\t<div class=\"elementor-widget-container\">\n\t\t\t\t\t\t\t\t\t\t\t\t\t\t\t<img loading=\"lazy\" decoding=\"async\" width=\"812\" height=\"589\" src=\"https:\/\/www.idealpropertymallorca.com\/blog\/wp-content\/uploads\/2024\/04\/finca-son-real-mapa.png\" class=\"attachment-full size-full wp-image-8001\" alt=\"finca son real\" srcset=\"https:\/\/www.idealpropertymallorca.com\/blog\/wp-content\/uploads\/2024\/04\/finca-son-real-mapa.png 812w, https:\/\/www.idealpropertymallorca.com\/blog\/wp-content\/uploads\/2024\/04\/finca-son-real-mapa-768x557.png 768w\" sizes=\"(max-width: 812px) 100vw, 812px\" \/>\t\t\t\t\t\t\t\t\t\t\t\t\t\t\t<\/div>\n\t\t\t\t<\/div>\n\t\t\t\t\t<\/div>\n\t\t<\/div>\n\t\t\t\t\t<\/div>\n\t\t<\/section>\n\t\t\t\t<section class=\"elementor-section elementor-top-section elementor-element elementor-element-efbc777 elementor-section-boxed elementor-section-height-default elementor-section-height-default\" data-id=\"efbc777\" data-element_type=\"section\" data-e-type=\"section\">\n\t\t\t\t\t\t<div class=\"elementor-container elementor-column-gap-default\">\n\t\t\t\t\t<div class=\"elementor-column elementor-col-100 elementor-top-column elementor-element elementor-element-f784edb\" data-id=\"f784edb\" data-element_type=\"column\" data-e-type=\"column\">\n\t\t\t<div class=\"elementor-widget-wrap elementor-element-populated\">\n\t\t\t\t\t\t<div class=\"elementor-element elementor-element-310ca27 elementor-widget elementor-widget-heading\" data-id=\"310ca27\" data-element_type=\"widget\" data-e-type=\"widget\" data-widget_type=\"heading.default\">\n\t\t\t\t<div class=\"elementor-widget-container\">\n\t\t\t\t\t<h2 class=\"elementor-heading-title elementor-size-default\">Reserva un alquiler vacacional para disfrutar m\u00e1s de Mallorca<\/h2>\t\t\t\t<\/div>\n\t\t\t\t<\/div>\n\t\t\t\t\t<\/div>\n\t\t<\/div>\n\t\t\t\t\t<\/div>\n\t\t<\/section>\n\t\t\t\t<section class=\"elementor-section elementor-top-section elementor-element elementor-element-da9dfac elementor-section-boxed elementor-section-height-default elementor-section-height-default\" data-id=\"da9dfac\" data-element_type=\"section\" data-e-type=\"section\">\n\t\t\t\t\t\t<div class=\"elementor-container elementor-column-gap-default\">\n\t\t\t\t\t<div class=\"elementor-column elementor-col-100 elementor-top-column elementor-element elementor-element-3d02f0a\" data-id=\"3d02f0a\" data-element_type=\"column\" data-e-type=\"column\">\n\t\t\t<div class=\"elementor-widget-wrap elementor-element-populated\">\n\t\t\t\t\t\t<div class=\"elementor-element elementor-element-4a3422b elementor-widget elementor-widget-template\" data-id=\"4a3422b\" data-element_type=\"widget\" data-e-type=\"widget\" data-widget_type=\"template.default\">\n\t\t\t\t<div class=\"elementor-widget-container\">\n\t\t\t\t\t\t\t<div class=\"elementor-template\">\n\t\t\t\t\t<div data-elementor-type=\"section\" data-elementor-id=\"1780\" class=\"elementor elementor-1780\" data-elementor-post-type=\"elementor_library\">\n\t\t\t\t\t<section class=\"elementor-section elementor-top-section elementor-element elementor-element-e53ddb0 elementor-section-boxed elementor-section-height-default elementor-section-height-default\" data-id=\"e53ddb0\" data-element_type=\"section\" data-e-type=\"section\">\n\t\t\t\t\t\t<div class=\"elementor-container elementor-column-gap-default\">\n\t\t\t\t\t<div class=\"elementor-column elementor-col-33 elementor-top-column elementor-element elementor-element-7bd46b6\" data-id=\"7bd46b6\" data-element_type=\"column\" data-e-type=\"column\" data-settings=\"{&quot;background_background&quot;:&quot;classic&quot;}\">\n\t\t\t<div class=\"elementor-widget-wrap elementor-element-populated\">\n\t\t\t\t\t\t<div class=\"elementor-element elementor-element-0cc4752 elementor-align-center elementor-widget elementor-widget-button\" data-id=\"0cc4752\" data-element_type=\"widget\" data-e-type=\"widget\" data-widget_type=\"button.default\">\n\t\t\t\t<div class=\"elementor-widget-container\">\n\t\t\t\t\t\t\t\t\t<div class=\"elementor-button-wrapper\">\n\t\t\t\t\t<a class=\"elementor-button elementor-button-link elementor-size-sm\" href=\"https:\/\/www.idealpropertymallorca.com\/es\/fincas-en-alcudia\/\">\n\t\t\t\t\t\t<span class=\"elementor-button-content-wrapper\">\n\t\t\t\t\t\t\t\t\t<span class=\"elementor-button-text\">Fincas rurales en Alcudia<\/span>\n\t\t\t\t\t<\/span>\n\t\t\t\t\t<\/a>\n\t\t\t\t<\/div>\n\t\t\t\t\t\t\t\t<\/div>\n\t\t\t\t<\/div>\n\t\t\t\t\t<\/div>\n\t\t<\/div>\n\t\t\t\t<div class=\"elementor-column elementor-col-33 elementor-top-column elementor-element elementor-element-b6a5058\" data-id=\"b6a5058\" data-element_type=\"column\" data-e-type=\"column\" data-settings=\"{&quot;background_background&quot;:&quot;classic&quot;}\">\n\t\t\t<div class=\"elementor-widget-wrap elementor-element-populated\">\n\t\t\t\t\t\t<div class=\"elementor-element elementor-element-483f49e elementor-align-center elementor-widget elementor-widget-button\" data-id=\"483f49e\" data-element_type=\"widget\" data-e-type=\"widget\" data-widget_type=\"button.default\">\n\t\t\t\t<div class=\"elementor-widget-container\">\n\t\t\t\t\t\t\t\t\t<div class=\"elementor-button-wrapper\">\n\t\t\t\t\t<a class=\"elementor-button elementor-button-link elementor-size-sm\" href=\"https:\/\/www.idealpropertymallorca.com\/es\/apartamentos-alcudia-mallorca\/\">\n\t\t\t\t\t\t<span class=\"elementor-button-content-wrapper\">\n\t\t\t\t\t\t\t\t\t<span class=\"elementor-button-text\">Apartamentos en Alcudia<\/span>\n\t\t\t\t\t<\/span>\n\t\t\t\t\t<\/a>\n\t\t\t\t<\/div>\n\t\t\t\t\t\t\t\t<\/div>\n\t\t\t\t<\/div>\n\t\t\t\t\t<\/div>\n\t\t<\/div>\n\t\t\t\t<div class=\"elementor-column elementor-col-33 elementor-top-column elementor-element elementor-element-ec11502\" data-id=\"ec11502\" data-element_type=\"column\" data-e-type=\"column\" data-settings=\"{&quot;background_background&quot;:&quot;classic&quot;}\">\n\t\t\t<div class=\"elementor-widget-wrap elementor-element-populated\">\n\t\t\t\t\t\t<div class=\"elementor-element elementor-element-407d5dc elementor-align-center elementor-widget elementor-widget-button\" data-id=\"407d5dc\" data-element_type=\"widget\" data-e-type=\"widget\" data-widget_type=\"button.default\">\n\t\t\t\t<div class=\"elementor-widget-container\">\n\t\t\t\t\t\t\t\t\t<div class=\"elementor-button-wrapper\">\n\t\t\t\t\t<a class=\"elementor-button elementor-button-link elementor-size-sm\" href=\"https:\/\/www.idealpropertymallorca.com\/es\/casas-en-alcudia\/\">\n\t\t\t\t\t\t<span class=\"elementor-button-content-wrapper\">\n\t\t\t\t\t\t\t\t\t<span class=\"elementor-button-text\">Casas vacacionales en Alcudia<\/span>\n\t\t\t\t\t<\/span>\n\t\t\t\t\t<\/a>\n\t\t\t\t<\/div>\n\t\t\t\t\t\t\t\t<\/div>\n\t\t\t\t<\/div>\n\t\t\t\t\t<\/div>\n\t\t<\/div>\n\t\t\t\t\t<\/div>\n\t\t<\/section>\n\t\t\t\t<\/div>\n\t\t\t\t<\/div>\n\t\t\t\t\t\t<\/div>\n\t\t\t\t<\/div>\n\t\t\t\t\t<\/div>\n\t\t<\/div>\n\t\t\t\t\t<\/div>\n\t\t<\/section>\n\t\t\t\t<\/div>\n\t\t","protected":false},"excerpt":{"rendered":"<p>Te presentamos los 10 mejores planes gratuitos que puedes disfrutar de Mallorca sin vaciar tu bolsillo. \u00a1Descubre Mallorca sin gastar un euro!<\/p>\n","protected":false},"author":9,"featured_media":15245,"comment_status":"open","ping_status":"open","sticky":false,"template":"","format":"standard","meta":{"footnotes":""},"categories":[739],"tags":[],"class_list":["post-7142","post","type-post","status-publish","format-standard","has-post-thumbnail","hentry","category-actividades-para-la-familia"],"yoast_head":"<!-- This site is optimized with the Yoast SEO plugin v27.4 - https:\/\/yoast.com\/product\/yoast-seo-wordpress\/ -->\n<title>Top 10 planes gratuitos en Mallorca - Majorca Blog<\/title>\n<meta name=\"description\" content=\"Te presentamos los 10 mejores planes gratuitos que puedes disfrutar en Mallorca sin vaciar tu bolsillo. \u00a1Descubre la isla sin gastar un euro!\" \/>\n<meta name=\"robots\" content=\"index, follow, max-snippet:-1, max-image-preview:large, max-video-preview:-1\" \/>\n<link rel=\"canonical\" href=\"https:\/\/www.idealpropertymallorca.com\/blog\/es\/top-10-planes-gratuitos-en-mallorca\/\" \/>\n<meta property=\"og:locale\" content=\"es_ES\" \/>\n<meta property=\"og:type\" content=\"article\" \/>\n<meta property=\"og:title\" content=\"Top 10 planes gratuitos en Mallorca - Majorca Blog\" \/>\n<meta property=\"og:description\" content=\"Te presentamos los 10 mejores planes gratuitos que puedes disfrutar en Mallorca sin vaciar tu bolsillo. \u00a1Descubre la isla sin gastar un euro!\" \/>\n<meta property=\"og:url\" content=\"https:\/\/www.idealpropertymallorca.com\/blog\/es\/top-10-planes-gratuitos-en-mallorca\/\" \/>\n<meta property=\"og:site_name\" content=\"Majorca Blog\" \/>\n<meta property=\"article:published_time\" content=\"2024-04-13T09:14:56+00:00\" \/>\n<meta property=\"article:modified_time\" content=\"2025-03-07T11:56:54+00:00\" \/>\n<meta property=\"og:image\" content=\"https:\/\/www.idealpropertymallorca.com\/blog\/wp-content\/uploads\/2024\/04\/top-10-planes-gratuitos-en-mallorca-1.webp\" \/>\n\t<meta property=\"og:image:width\" content=\"1920\" \/>\n\t<meta property=\"og:image:height\" content=\"400\" \/>\n\t<meta property=\"og:image:type\" content=\"image\/webp\" \/>\n<meta name=\"author\" content=\"Tatiana\" \/>\n<meta name=\"twitter:card\" content=\"summary_large_image\" \/>\n<meta name=\"twitter:label1\" content=\"Written by\" \/>\n\t<meta name=\"twitter:data1\" content=\"Tatiana\" \/>\n\t<meta name=\"twitter:label2\" content=\"Est. reading time\" \/>\n\t<meta name=\"twitter:data2\" content=\"26 minutes\" \/>\n<script type=\"application\/ld+json\" class=\"yoast-schema-graph\">{\"@context\":\"https:\\\/\\\/schema.org\",\"@graph\":[{\"@type\":\"Article\",\"@id\":\"https:\\\/\\\/www.idealpropertymallorca.com\\\/blog\\\/es\\\/top-10-planes-gratuitos-en-mallorca\\\/#article\",\"isPartOf\":{\"@id\":\"https:\\\/\\\/www.idealpropertymallorca.com\\\/blog\\\/es\\\/top-10-planes-gratuitos-en-mallorca\\\/\"},\"author\":{\"name\":\"Tatiana\",\"@id\":\"https:\\\/\\\/www.idealpropertymallorca.com\\\/blog\\\/es\\\/#\\\/schema\\\/person\\\/3e6672008494e754197397c523aac13d\"},\"headline\":\"Top 10 planes gratuitos en Mallorca\",\"datePublished\":\"2024-04-13T09:14:56+00:00\",\"dateModified\":\"2025-03-07T11:56:54+00:00\",\"mainEntityOfPage\":{\"@id\":\"https:\\\/\\\/www.idealpropertymallorca.com\\\/blog\\\/es\\\/top-10-planes-gratuitos-en-mallorca\\\/\"},\"wordCount\":4509,\"commentCount\":0,\"publisher\":{\"@id\":\"https:\\\/\\\/www.idealpropertymallorca.com\\\/blog\\\/es\\\/#organization\"},\"image\":{\"@id\":\"https:\\\/\\\/www.idealpropertymallorca.com\\\/blog\\\/es\\\/top-10-planes-gratuitos-en-mallorca\\\/#primaryimage\"},\"thumbnailUrl\":\"https:\\\/\\\/www.idealpropertymallorca.com\\\/blog\\\/wp-content\\\/uploads\\\/2024\\\/04\\\/top-10-planes-gratuitos-en-mallorca-1.webp\",\"articleSection\":[\"Actividades para la familia\"],\"inLanguage\":\"es\",\"potentialAction\":[{\"@type\":\"CommentAction\",\"name\":\"Comment\",\"target\":[\"https:\\\/\\\/www.idealpropertymallorca.com\\\/blog\\\/es\\\/top-10-planes-gratuitos-en-mallorca\\\/#respond\"]}]},{\"@type\":\"WebPage\",\"@id\":\"https:\\\/\\\/www.idealpropertymallorca.com\\\/blog\\\/es\\\/top-10-planes-gratuitos-en-mallorca\\\/\",\"url\":\"https:\\\/\\\/www.idealpropertymallorca.com\\\/blog\\\/es\\\/top-10-planes-gratuitos-en-mallorca\\\/\",\"name\":\"Top 10 planes gratuitos en Mallorca - Majorca Blog\",\"isPartOf\":{\"@id\":\"https:\\\/\\\/www.idealpropertymallorca.com\\\/blog\\\/es\\\/#website\"},\"primaryImageOfPage\":{\"@id\":\"https:\\\/\\\/www.idealpropertymallorca.com\\\/blog\\\/es\\\/top-10-planes-gratuitos-en-mallorca\\\/#primaryimage\"},\"image\":{\"@id\":\"https:\\\/\\\/www.idealpropertymallorca.com\\\/blog\\\/es\\\/top-10-planes-gratuitos-en-mallorca\\\/#primaryimage\"},\"thumbnailUrl\":\"https:\\\/\\\/www.idealpropertymallorca.com\\\/blog\\\/wp-content\\\/uploads\\\/2024\\\/04\\\/top-10-planes-gratuitos-en-mallorca-1.webp\",\"datePublished\":\"2024-04-13T09:14:56+00:00\",\"dateModified\":\"2025-03-07T11:56:54+00:00\",\"description\":\"Te presentamos los 10 mejores planes gratuitos que puedes disfrutar en Mallorca sin vaciar tu bolsillo. \u00a1Descubre la isla sin gastar un euro!\",\"inLanguage\":\"es\",\"potentialAction\":[{\"@type\":\"ReadAction\",\"target\":[\"https:\\\/\\\/www.idealpropertymallorca.com\\\/blog\\\/es\\\/top-10-planes-gratuitos-en-mallorca\\\/\"]}]},{\"@type\":\"ImageObject\",\"inLanguage\":\"es\",\"@id\":\"https:\\\/\\\/www.idealpropertymallorca.com\\\/blog\\\/es\\\/top-10-planes-gratuitos-en-mallorca\\\/#primaryimage\",\"url\":\"https:\\\/\\\/www.idealpropertymallorca.com\\\/blog\\\/wp-content\\\/uploads\\\/2024\\\/04\\\/top-10-planes-gratuitos-en-mallorca-1.webp\",\"contentUrl\":\"https:\\\/\\\/www.idealpropertymallorca.com\\\/blog\\\/wp-content\\\/uploads\\\/2024\\\/04\\\/top-10-planes-gratuitos-en-mallorca-1.webp\",\"width\":1920,\"height\":400,\"caption\":\"mallorca turistas\"},{\"@type\":\"WebSite\",\"@id\":\"https:\\\/\\\/www.idealpropertymallorca.com\\\/blog\\\/es\\\/#website\",\"url\":\"https:\\\/\\\/www.idealpropertymallorca.com\\\/blog\\\/es\\\/\",\"name\":\"Majorca Blog\",\"description\":\"Find relevant tourist information to see and do on the island of Mallorca during your holiday. Discover the best places and tips!\",\"publisher\":{\"@id\":\"https:\\\/\\\/www.idealpropertymallorca.com\\\/blog\\\/es\\\/#organization\"},\"potentialAction\":[{\"@type\":\"SearchAction\",\"target\":{\"@type\":\"EntryPoint\",\"urlTemplate\":\"https:\\\/\\\/www.idealpropertymallorca.com\\\/blog\\\/es\\\/?s={search_term_string}\"},\"query-input\":{\"@type\":\"PropertyValueSpecification\",\"valueRequired\":true,\"valueName\":\"search_term_string\"}}],\"inLanguage\":\"es\"},{\"@type\":\"Organization\",\"@id\":\"https:\\\/\\\/www.idealpropertymallorca.com\\\/blog\\\/es\\\/#organization\",\"name\":\"Majorca Blog\",\"url\":\"https:\\\/\\\/www.idealpropertymallorca.com\\\/blog\\\/es\\\/\",\"logo\":{\"@type\":\"ImageObject\",\"inLanguage\":\"es\",\"@id\":\"https:\\\/\\\/www.idealpropertymallorca.com\\\/blog\\\/es\\\/#\\\/schema\\\/logo\\\/image\\\/\",\"url\":\"https:\\\/\\\/www.idealpropertymallorca.com\\\/blog\\\/wp-content\\\/uploads\\\/2024\\\/10\\\/ideal-property-mallorca-blue-mobile.png\",\"contentUrl\":\"https:\\\/\\\/www.idealpropertymallorca.com\\\/blog\\\/wp-content\\\/uploads\\\/2024\\\/10\\\/ideal-property-mallorca-blue-mobile.png\",\"width\":500,\"height\":150,\"caption\":\"Majorca Blog\"},\"image\":{\"@id\":\"https:\\\/\\\/www.idealpropertymallorca.com\\\/blog\\\/es\\\/#\\\/schema\\\/logo\\\/image\\\/\"}},{\"@type\":\"Person\",\"@id\":\"https:\\\/\\\/www.idealpropertymallorca.com\\\/blog\\\/es\\\/#\\\/schema\\\/person\\\/3e6672008494e754197397c523aac13d\",\"name\":\"Tatiana\",\"image\":{\"@type\":\"ImageObject\",\"inLanguage\":\"es\",\"@id\":\"https:\\\/\\\/secure.gravatar.com\\\/avatar\\\/d1f7a61926f15609398032f2f6a1b823942e417fe09d2f38c4cf50bc1d193691?s=96&d=mm&r=g\",\"url\":\"https:\\\/\\\/secure.gravatar.com\\\/avatar\\\/d1f7a61926f15609398032f2f6a1b823942e417fe09d2f38c4cf50bc1d193691?s=96&d=mm&r=g\",\"contentUrl\":\"https:\\\/\\\/secure.gravatar.com\\\/avatar\\\/d1f7a61926f15609398032f2f6a1b823942e417fe09d2f38c4cf50bc1d193691?s=96&d=mm&r=g\",\"caption\":\"Tatiana\"}}]}<\/script>\n<!-- \/ Yoast SEO plugin. -->","yoast_head_json":{"title":"Top 10 planes gratuitos en Mallorca - Majorca Blog","description":"Te presentamos los 10 mejores planes gratuitos que puedes disfrutar en Mallorca sin vaciar tu bolsillo. \u00a1Descubre la isla sin gastar un euro!","robots":{"index":"index","follow":"follow","max-snippet":"max-snippet:-1","max-image-preview":"max-image-preview:large","max-video-preview":"max-video-preview:-1"},"canonical":"https:\/\/www.idealpropertymallorca.com\/blog\/es\/top-10-planes-gratuitos-en-mallorca\/","og_locale":"es_ES","og_type":"article","og_title":"Top 10 planes gratuitos en Mallorca - Majorca Blog","og_description":"Te presentamos los 10 mejores planes gratuitos que puedes disfrutar en Mallorca sin vaciar tu bolsillo. \u00a1Descubre la isla sin gastar un euro!","og_url":"https:\/\/www.idealpropertymallorca.com\/blog\/es\/top-10-planes-gratuitos-en-mallorca\/","og_site_name":"Majorca Blog","article_published_time":"2024-04-13T09:14:56+00:00","article_modified_time":"2025-03-07T11:56:54+00:00","og_image":[{"width":1920,"height":400,"url":"https:\/\/www.idealpropertymallorca.com\/blog\/wp-content\/uploads\/2024\/04\/top-10-planes-gratuitos-en-mallorca-1.webp","type":"image\/webp"}],"author":"Tatiana","twitter_card":"summary_large_image","twitter_misc":{"Written by":"Tatiana","Est. reading time":"26 minutes"},"schema":{"@context":"https:\/\/schema.org","@graph":[{"@type":"Article","@id":"https:\/\/www.idealpropertymallorca.com\/blog\/es\/top-10-planes-gratuitos-en-mallorca\/#article","isPartOf":{"@id":"https:\/\/www.idealpropertymallorca.com\/blog\/es\/top-10-planes-gratuitos-en-mallorca\/"},"author":{"name":"Tatiana","@id":"https:\/\/www.idealpropertymallorca.com\/blog\/es\/#\/schema\/person\/3e6672008494e754197397c523aac13d"},"headline":"Top 10 planes gratuitos en Mallorca","datePublished":"2024-04-13T09:14:56+00:00","dateModified":"2025-03-07T11:56:54+00:00","mainEntityOfPage":{"@id":"https:\/\/www.idealpropertymallorca.com\/blog\/es\/top-10-planes-gratuitos-en-mallorca\/"},"wordCount":4509,"commentCount":0,"publisher":{"@id":"https:\/\/www.idealpropertymallorca.com\/blog\/es\/#organization"},"image":{"@id":"https:\/\/www.idealpropertymallorca.com\/blog\/es\/top-10-planes-gratuitos-en-mallorca\/#primaryimage"},"thumbnailUrl":"https:\/\/www.idealpropertymallorca.com\/blog\/wp-content\/uploads\/2024\/04\/top-10-planes-gratuitos-en-mallorca-1.webp","articleSection":["Actividades para la familia"],"inLanguage":"es","potentialAction":[{"@type":"CommentAction","name":"Comment","target":["https:\/\/www.idealpropertymallorca.com\/blog\/es\/top-10-planes-gratuitos-en-mallorca\/#respond"]}]},{"@type":"WebPage","@id":"https:\/\/www.idealpropertymallorca.com\/blog\/es\/top-10-planes-gratuitos-en-mallorca\/","url":"https:\/\/www.idealpropertymallorca.com\/blog\/es\/top-10-planes-gratuitos-en-mallorca\/","name":"Top 10 planes gratuitos en Mallorca - Majorca Blog","isPartOf":{"@id":"https:\/\/www.idealpropertymallorca.com\/blog\/es\/#website"},"primaryImageOfPage":{"@id":"https:\/\/www.idealpropertymallorca.com\/blog\/es\/top-10-planes-gratuitos-en-mallorca\/#primaryimage"},"image":{"@id":"https:\/\/www.idealpropertymallorca.com\/blog\/es\/top-10-planes-gratuitos-en-mallorca\/#primaryimage"},"thumbnailUrl":"https:\/\/www.idealpropertymallorca.com\/blog\/wp-content\/uploads\/2024\/04\/top-10-planes-gratuitos-en-mallorca-1.webp","datePublished":"2024-04-13T09:14:56+00:00","dateModified":"2025-03-07T11:56:54+00:00","description":"Te presentamos los 10 mejores planes gratuitos que puedes disfrutar en Mallorca sin vaciar tu bolsillo. \u00a1Descubre la isla sin gastar un euro!","inLanguage":"es","potentialAction":[{"@type":"ReadAction","target":["https:\/\/www.idealpropertymallorca.com\/blog\/es\/top-10-planes-gratuitos-en-mallorca\/"]}]},{"@type":"ImageObject","inLanguage":"es","@id":"https:\/\/www.idealpropertymallorca.com\/blog\/es\/top-10-planes-gratuitos-en-mallorca\/#primaryimage","url":"https:\/\/www.idealpropertymallorca.com\/blog\/wp-content\/uploads\/2024\/04\/top-10-planes-gratuitos-en-mallorca-1.webp","contentUrl":"https:\/\/www.idealpropertymallorca.com\/blog\/wp-content\/uploads\/2024\/04\/top-10-planes-gratuitos-en-mallorca-1.webp","width":1920,"height":400,"caption":"mallorca turistas"},{"@type":"WebSite","@id":"https:\/\/www.idealpropertymallorca.com\/blog\/es\/#website","url":"https:\/\/www.idealpropertymallorca.com\/blog\/es\/","name":"Majorca Blog","description":"Find relevant tourist information to see and do on the island of Mallorca during your holiday. Discover the best places and tips!","publisher":{"@id":"https:\/\/www.idealpropertymallorca.com\/blog\/es\/#organization"},"potentialAction":[{"@type":"SearchAction","target":{"@type":"EntryPoint","urlTemplate":"https:\/\/www.idealpropertymallorca.com\/blog\/es\/?s={search_term_string}"},"query-input":{"@type":"PropertyValueSpecification","valueRequired":true,"valueName":"search_term_string"}}],"inLanguage":"es"},{"@type":"Organization","@id":"https:\/\/www.idealpropertymallorca.com\/blog\/es\/#organization","name":"Majorca Blog","url":"https:\/\/www.idealpropertymallorca.com\/blog\/es\/","logo":{"@type":"ImageObject","inLanguage":"es","@id":"https:\/\/www.idealpropertymallorca.com\/blog\/es\/#\/schema\/logo\/image\/","url":"https:\/\/www.idealpropertymallorca.com\/blog\/wp-content\/uploads\/2024\/10\/ideal-property-mallorca-blue-mobile.png","contentUrl":"https:\/\/www.idealpropertymallorca.com\/blog\/wp-content\/uploads\/2024\/10\/ideal-property-mallorca-blue-mobile.png","width":500,"height":150,"caption":"Majorca Blog"},"image":{"@id":"https:\/\/www.idealpropertymallorca.com\/blog\/es\/#\/schema\/logo\/image\/"}},{"@type":"Person","@id":"https:\/\/www.idealpropertymallorca.com\/blog\/es\/#\/schema\/person\/3e6672008494e754197397c523aac13d","name":"Tatiana","image":{"@type":"ImageObject","inLanguage":"es","@id":"https:\/\/secure.gravatar.com\/avatar\/d1f7a61926f15609398032f2f6a1b823942e417fe09d2f38c4cf50bc1d193691?s=96&d=mm&r=g","url":"https:\/\/secure.gravatar.com\/avatar\/d1f7a61926f15609398032f2f6a1b823942e417fe09d2f38c4cf50bc1d193691?s=96&d=mm&r=g","contentUrl":"https:\/\/secure.gravatar.com\/avatar\/d1f7a61926f15609398032f2f6a1b823942e417fe09d2f38c4cf50bc1d193691?s=96&d=mm&r=g","caption":"Tatiana"}}]}},"_links":{"self":[{"href":"https:\/\/www.idealpropertymallorca.com\/blog\/es\/wp-json\/wp\/v2\/posts\/7142","targetHints":{"allow":["GET"]}}],"collection":[{"href":"https:\/\/www.idealpropertymallorca.com\/blog\/es\/wp-json\/wp\/v2\/posts"}],"about":[{"href":"https:\/\/www.idealpropertymallorca.com\/blog\/es\/wp-json\/wp\/v2\/types\/post"}],"author":[{"embeddable":true,"href":"https:\/\/www.idealpropertymallorca.com\/blog\/es\/wp-json\/wp\/v2\/users\/9"}],"replies":[{"embeddable":true,"href":"https:\/\/www.idealpropertymallorca.com\/blog\/es\/wp-json\/wp\/v2\/comments?post=7142"}],"version-history":[{"count":145,"href":"https:\/\/www.idealpropertymallorca.com\/blog\/es\/wp-json\/wp\/v2\/posts\/7142\/revisions"}],"predecessor-version":[{"id":17080,"href":"https:\/\/www.idealpropertymallorca.com\/blog\/es\/wp-json\/wp\/v2\/posts\/7142\/revisions\/17080"}],"wp:featuredmedia":[{"embeddable":true,"href":"https:\/\/www.idealpropertymallorca.com\/blog\/es\/wp-json\/wp\/v2\/media\/15245"}],"wp:attachment":[{"href":"https:\/\/www.idealpropertymallorca.com\/blog\/es\/wp-json\/wp\/v2\/media?parent=7142"}],"wp:term":[{"taxonomy":"category","embeddable":true,"href":"https:\/\/www.idealpropertymallorca.com\/blog\/es\/wp-json\/wp\/v2\/categories?post=7142"},{"taxonomy":"post_tag","embeddable":true,"href":"https:\/\/www.idealpropertymallorca.com\/blog\/es\/wp-json\/wp\/v2\/tags?post=7142"}],"curies":[{"name":"wp","href":"https:\/\/api.w.org\/{rel}","templated":true}]}}