{"id":4421,"date":"2023-11-13T15:11:29","date_gmt":"2023-11-13T15:11:29","guid":{"rendered":"https:\/\/www.idealpropertymallorca.com\/blog\/?p=4421"},"modified":"2024-04-17T08:02:40","modified_gmt":"2024-04-17T08:02:40","slug":"renovar-licencia-vacacional-mallorca","status":"publish","type":"post","link":"https:\/\/www.idealpropertymallorca.com\/blog\/es\/renovar-licencia-vacacional-mallorca\/","title":{"rendered":"Renovar licencia vacacional en Mallorca"},"content":{"rendered":"\t\t<div data-elementor-type=\"wp-post\" data-elementor-id=\"4421\" class=\"elementor elementor-4421\" data-elementor-post-type=\"post\">\n\t\t\t\t\t\t<section class=\"elementor-section elementor-top-section elementor-element elementor-element-313d261 elementor-section-boxed elementor-section-height-default elementor-section-height-default\" data-id=\"313d261\" data-element_type=\"section\" data-e-type=\"section\">\n\t\t\t\t\t\t<div class=\"elementor-container elementor-column-gap-default\">\n\t\t\t\t\t<div class=\"elementor-column elementor-col-100 elementor-top-column elementor-element elementor-element-d8e4aee\" data-id=\"d8e4aee\" data-element_type=\"column\" data-e-type=\"column\">\n\t\t\t<div class=\"elementor-widget-wrap elementor-element-populated\">\n\t\t\t\t\t\t<div class=\"elementor-element elementor-element-b7e5811 elementor-widget elementor-widget-text-editor\" data-id=\"b7e5811\" data-element_type=\"widget\" data-e-type=\"widget\" data-widget_type=\"text-editor.default\">\n\t\t\t\t<div class=\"elementor-widget-container\">\n\t\t\t\t\t\t\t\t\t<p><span style=\"font-weight: 400;\">Mallorca se ha convertido en uno de los destinos tur\u00edsticos m\u00e1s destacados de Espa\u00f1a, atrayendo a visitantes de todas partes del mundo. Si eres propietario de una vivienda destinada al alquiler vacacional en esta hermosa isla, es crucial que est\u00e9s informado de la necesidad de <\/span><b>renovar la licencia vacacional en Mallorca<\/b><span style=\"font-weight: 400;\">. En este art\u00edculo, te proporcionaremos una gu\u00eda detallada sobre c\u00f3mo hacerlo para no infringir la <\/span><b>normativa de alquiler vacacional de Baleares<\/b><span style=\"font-weight: 400;\"> y, de este modo, evitar posibles sanciones. \u00a1Vamos all\u00e1!<\/span><\/p>\t\t\t\t\t\t\t\t<\/div>\n\t\t\t\t<\/div>\n\t\t\t\t\t<\/div>\n\t\t<\/div>\n\t\t\t\t\t<\/div>\n\t\t<\/section>\n\t\t\t\t<section class=\"elementor-section elementor-top-section elementor-element elementor-element-3736e7ea elementor-section-boxed elementor-section-height-default elementor-section-height-default\" data-id=\"3736e7ea\" data-element_type=\"section\" data-e-type=\"section\">\n\t\t\t\t\t\t<div class=\"elementor-container elementor-column-gap-default\">\n\t\t\t\t\t<div class=\"elementor-column elementor-col-100 elementor-top-column elementor-element elementor-element-52b4bacc\" data-id=\"52b4bacc\" data-element_type=\"column\" data-e-type=\"column\">\n\t\t\t<div class=\"elementor-widget-wrap elementor-element-populated\">\n\t\t\t\t\t\t<div class=\"elementor-element elementor-element-3876dcd0 elementor-widget elementor-widget-table-of-contents\" data-id=\"3876dcd0\" data-element_type=\"widget\" data-e-type=\"widget\" data-settings=\"{&quot;headings_by_tags&quot;:[&quot;h2&quot;],&quot;exclude_headings_by_selector&quot;:[],&quot;marker_view&quot;:&quot;bullets&quot;,&quot;icon&quot;:{&quot;value&quot;:&quot;&quot;,&quot;library&quot;:&quot;&quot;},&quot;no_headings_message&quot;:&quot;No headings were found on this page.&quot;,&quot;hierarchical_view&quot;:&quot;yes&quot;,&quot;min_height&quot;:{&quot;unit&quot;:&quot;px&quot;,&quot;size&quot;:&quot;&quot;,&quot;sizes&quot;:[]},&quot;min_height_tablet&quot;:{&quot;unit&quot;:&quot;px&quot;,&quot;size&quot;:&quot;&quot;,&quot;sizes&quot;:[]},&quot;min_height_mobile&quot;:{&quot;unit&quot;:&quot;px&quot;,&quot;size&quot;:&quot;&quot;,&quot;sizes&quot;:[]}}\" data-widget_type=\"table-of-contents.default\">\n\t\t\t\t<div class=\"elementor-widget-container\">\n\t\t\t\t\t\t\t\t\t<div class=\"elementor-toc__header\">\n\t\t\t\t\t\t<div class=\"elementor-toc__header-title\">\n\t\t\t\t\u00cdNDICE\t\t\t<\/div>\n\t\t\t\t\t\t\t\t<\/div>\n\t\t\t\t<div id=\"elementor-toc__3876dcd0\" class=\"elementor-toc__body\">\n\t\t\t<div class=\"elementor-toc__spinner-container\">\n\t\t\t\t<i class=\"elementor-toc__spinner eicon-animation-spin eicon-loading\" aria-hidden=\"true\"><\/i>\t\t\t<\/div>\n\t\t<\/div>\n\t\t\t\t\t\t<\/div>\n\t\t\t\t<\/div>\n\t\t\t\t\t<\/div>\n\t\t<\/div>\n\t\t\t\t\t<\/div>\n\t\t<\/section>\n\t\t\t\t<section class=\"elementor-section elementor-top-section elementor-element elementor-element-3bfdeba4 elementor-section-boxed elementor-section-height-default elementor-section-height-default\" data-id=\"3bfdeba4\" data-element_type=\"section\" data-e-type=\"section\">\n\t\t\t\t\t\t<div class=\"elementor-container elementor-column-gap-default\">\n\t\t\t\t\t<div class=\"elementor-column elementor-col-100 elementor-top-column elementor-element elementor-element-1b7eccb2\" data-id=\"1b7eccb2\" data-element_type=\"column\" data-e-type=\"column\">\n\t\t\t<div class=\"elementor-widget-wrap elementor-element-populated\">\n\t\t\t\t\t\t<div class=\"elementor-element elementor-element-161ce51f elementor-widget elementor-widget-heading\" data-id=\"161ce51f\" data-element_type=\"widget\" data-e-type=\"widget\" data-widget_type=\"heading.default\">\n\t\t\t\t<div class=\"elementor-widget-container\">\n\t\t\t\t\t<h2 class=\"elementor-heading-title elementor-size-default\">\u00bfQu\u00e9 son los alojamientos plurifamiliares?\n<\/h2>\t\t\t\t<\/div>\n\t\t\t\t<\/div>\n\t\t\t\t<div class=\"elementor-element elementor-element-64762e7e elementor-widget elementor-widget-text-editor\" data-id=\"64762e7e\" data-element_type=\"widget\" data-e-type=\"widget\" data-widget_type=\"text-editor.default\">\n\t\t\t\t<div class=\"elementor-widget-container\">\n\t\t\t\t\t\t\t\t\t<p><span style=\"font-weight: 400;\">El t\u00e9rmino TVPL (Tipus d&#8217;Estada Tur\u00edstica en Vivendes Plurifamiliars) hace referencia a un tipo espec\u00edfico de alojamiento tur\u00edstico en Mallorca: las viviendas situadas en edificios plurifamiliares. Esta categor\u00eda dentro de la <\/span><b>licencia ETV de Mallorca<\/b><span style=\"font-weight: 400;\"> (Estancia Tur\u00edstica en Viviendas) es esencial para aquellos que desean <\/span><b>alquilar su propiedad a corto plazo a turistas<\/b><span style=\"font-weight: 400;\">.<\/span><\/p>\n<p><span style=\"font-weight: 400;\">Su obtenci\u00f3n no es simplemente un tr\u00e1mite burocr\u00e1tico, sino un requisito legal. Gracias a esta licencia, se <\/span><b>garantiza que la vivienda cumple con todas las normativas vigentes en t\u00e9rminos de seguridad, calidad y servicios<\/b><span style=\"font-weight: 400;\">. Adem\u00e1s, certifica que se est\u00e1n pagando los impuestos correspondientes por la actividad tur\u00edstica, contribuyendo al desarrollo y mantenimiento de la infraestructura tur\u00edstica de la regi\u00f3n.<\/span><\/p>\t\t\t\t\t\t\t\t<\/div>\n\t\t\t\t<\/div>\n\t\t\t\t\t<\/div>\n\t\t<\/div>\n\t\t\t\t\t<\/div>\n\t\t<\/section>\n\t\t\t\t<section class=\"elementor-section elementor-top-section elementor-element elementor-element-a5b8491 elementor-section-boxed elementor-section-height-default elementor-section-height-default\" data-id=\"a5b8491\" data-element_type=\"section\" data-e-type=\"section\">\n\t\t\t\t\t\t<div class=\"elementor-container elementor-column-gap-default\">\n\t\t\t\t\t<div class=\"elementor-column elementor-col-100 elementor-top-column elementor-element elementor-element-c13d711\" data-id=\"c13d711\" data-element_type=\"column\" data-e-type=\"column\">\n\t\t\t<div class=\"elementor-widget-wrap elementor-element-populated\">\n\t\t\t\t\t\t<div class=\"elementor-element elementor-element-403b8c4 elementor-widget elementor-widget-heading\" data-id=\"403b8c4\" data-element_type=\"widget\" data-e-type=\"widget\" data-widget_type=\"heading.default\">\n\t\t\t\t<div class=\"elementor-widget-container\">\n\t\t\t\t\t<h2 class=\"elementor-heading-title elementor-size-default\">C\u00f3mo renovar tu licencia tur\u00edstica en Mallorca\n<\/h2>\t\t\t\t<\/div>\n\t\t\t\t<\/div>\n\t\t\t\t<div class=\"elementor-element elementor-element-6b4efdd elementor-widget elementor-widget-text-editor\" data-id=\"6b4efdd\" data-element_type=\"widget\" data-e-type=\"widget\" data-widget_type=\"text-editor.default\">\n\t\t\t\t<div class=\"elementor-widget-container\">\n\t\t\t\t\t\t\t\t\t<p><span style=\"font-weight: 400;\">La renovaci\u00f3n de la <\/span><b>licencia tur\u00edstica Mallorca<\/b><span style=\"font-weight: 400;\"> es un proceso fundamental para operar legalmente con tu propiedad vacacional en Mallorca. En esencia, estos son los pasos necesarios para obtenerla:<\/span><\/p>\t\t\t\t\t\t\t\t<\/div>\n\t\t\t\t<\/div>\n\t\t\t\t\t<\/div>\n\t\t<\/div>\n\t\t\t\t\t<\/div>\n\t\t<\/section>\n\t\t\t\t<section class=\"elementor-section elementor-top-section elementor-element elementor-element-af59e53 elementor-section-boxed elementor-section-height-default elementor-section-height-default\" data-id=\"af59e53\" data-element_type=\"section\" data-e-type=\"section\">\n\t\t\t\t\t\t<div class=\"elementor-container elementor-column-gap-default\">\n\t\t\t\t\t<div class=\"elementor-column elementor-col-50 elementor-top-column elementor-element elementor-element-27f291f\" data-id=\"27f291f\" data-element_type=\"column\" data-e-type=\"column\">\n\t\t\t<div class=\"elementor-widget-wrap elementor-element-populated\">\n\t\t\t\t\t\t<div class=\"elementor-element elementor-element-55ea837 elementor-widget elementor-widget-text-editor\" data-id=\"55ea837\" data-element_type=\"widget\" data-e-type=\"widget\" data-widget_type=\"text-editor.default\">\n\t\t\t\t<div class=\"elementor-widget-container\">\n\t\t\t\t\t\t\t\t\t<p><strong>Revisi\u00f3n de documentaci\u00f3n:<\/strong> Antes de iniciar el proceso, aseg\u00farate de tener todos los documentos necesarios en regla: c\u00e9dula de habitabilidad, certificado de eficiencia energ\u00e9tica y seguro de responsabilidad civil.<\/p><p><br \/><strong>Solicitud en l\u00ednea:<\/strong> Visita el sitio web oficial del Gobierno de las Islas Baleares para llevar a cabo tu solicitud de renovaci\u00f3n. Necesitar\u00e1s rellenar el formulario correspondiente y adjuntar la documentaci\u00f3n requerida.<\/p><p><br \/><strong>Pago de tasas:<\/strong> El precio de la licencia de alquiler vacacional en Baleares var\u00eda dependiendo de varios factores, incluyendo el tama\u00f1o de la propiedad y su ubicaci\u00f3n. No te olvides de realizar el pago para completar tu solicitud.<\/p><p><br \/><strong>Inspecci\u00f3n de la propiedad:<\/strong> Tras enviar tu solicitud, las autoridades locales efectuar\u00e1n una inspecci\u00f3n de la propiedad para verificar que supera todos los est\u00e1ndares de calidad y seguridad exigidos.<\/p>\t\t\t\t\t\t\t\t<\/div>\n\t\t\t\t<\/div>\n\t\t\t\t\t<\/div>\n\t\t<\/div>\n\t\t\t\t<div class=\"elementor-column elementor-col-50 elementor-top-column elementor-element elementor-element-0831287\" data-id=\"0831287\" data-element_type=\"column\" data-e-type=\"column\">\n\t\t\t<div class=\"elementor-widget-wrap elementor-element-populated\">\n\t\t\t\t\t\t<div class=\"elementor-element elementor-element-5b23a6b elementor-widget elementor-widget-image\" data-id=\"5b23a6b\" data-element_type=\"widget\" data-e-type=\"widget\" data-widget_type=\"image.default\">\n\t\t\t\t<div class=\"elementor-widget-container\">\n\t\t\t\t\t\t\t\t\t\t\t\t\t\t\t<img fetchpriority=\"high\" decoding=\"async\" width=\"800\" height=\"492\" src=\"https:\/\/www.idealpropertymallorca.com\/blog\/wp-content\/uploads\/2023\/11\/Licencia-turistica-mallorca-1024x630.jpg\" class=\"attachment-large size-large wp-image-4664\" alt=\"Licencia turistica mallorca\" \/>\t\t\t\t\t\t\t\t\t\t\t\t\t\t\t<\/div>\n\t\t\t\t<\/div>\n\t\t\t\t\t<\/div>\n\t\t<\/div>\n\t\t\t\t\t<\/div>\n\t\t<\/section>\n\t\t\t\t<section class=\"elementor-section elementor-top-section elementor-element elementor-element-ca98a6e elementor-section-boxed elementor-section-height-default elementor-section-height-default\" data-id=\"ca98a6e\" data-element_type=\"section\" data-e-type=\"section\">\n\t\t\t\t\t\t<div class=\"elementor-container elementor-column-gap-default\">\n\t\t\t\t\t<div class=\"elementor-column elementor-col-100 elementor-top-column elementor-element elementor-element-bfa1159\" data-id=\"bfa1159\" data-element_type=\"column\" data-e-type=\"column\">\n\t\t\t<div class=\"elementor-widget-wrap elementor-element-populated\">\n\t\t\t\t\t\t<div class=\"elementor-element elementor-element-0584b8e elementor-widget elementor-widget-heading\" data-id=\"0584b8e\" data-element_type=\"widget\" data-e-type=\"widget\" data-widget_type=\"heading.default\">\n\t\t\t\t<div class=\"elementor-widget-container\">\n\t\t\t\t\t<h2 class=\"elementor-heading-title elementor-size-default\">Normativas de cumplimiento y seguridad de la licencia tur\u00edstica\n<\/h2>\t\t\t\t<\/div>\n\t\t\t\t<\/div>\n\t\t\t\t<div class=\"elementor-element elementor-element-72e33b9 elementor-widget elementor-widget-text-editor\" data-id=\"72e33b9\" data-element_type=\"widget\" data-e-type=\"widget\" data-widget_type=\"text-editor.default\">\n\t\t\t\t<div class=\"elementor-widget-container\">\n\t\t\t\t\t\t\t\t\t<p><span style=\"font-weight: 400;\">La correcta aplicaci\u00f3n de la <\/span><b>normativa de alquiler vacacional de Baleares<\/b><span style=\"font-weight: 400;\"> es primordial para operar legalmente y, as\u00ed mismo, garantizar la seguridad de tus hu\u00e9spedes. Para ello, tu propiedad debe responder ante ciertos <\/span><b>est\u00e1ndares de habitabilidad<\/b><span style=\"font-weight: 400;\">, como por ejemplo, una estructura segura, instalaciones el\u00e9ctricas y de fontaner\u00eda en buen estado, y cumplir con los requisitos de higiene y salud. Adem\u00e1s, todos los electrodom\u00e9sticos y mobiliario deben estar en buenas condiciones de funcionamiento.<\/span><\/p>\n<p><span style=\"font-weight: 400;\">Sea cual sea tu caso, <\/span><b>la seguridad de tus hu\u00e9spedes ha de ser tu principal prioridad <\/b><span style=\"font-weight: 400;\">ante todo. Esto implica tambi\u00e9n instalar detectores de humo y extintores, as\u00ed como se\u00f1alizar las salidas de emergencia claramente y hacerlas f\u00e1cilmente accesibles. Igualmente, es recomendable proporcionar un botiqu\u00edn de primeros auxilios y tener un plan de emergencia en caso de incendio o cualquier otro imprevisto.<\/span><\/p>\n<p><span style=\"font-weight: 400;\">Por otro lado, el cumplimiento de las normas incluye <\/span><b>respetar los l\u00edmites de capacidad<\/b><span style=\"font-weight: 400;\"> de tu propiedad y comprobar que los <\/span><b>niveles de ruido no excedan los l\u00edmites permitidos <\/b><span style=\"font-weight: 400;\">para no perturbar a los vecinos. Adem\u00e1s, debes <\/span><b>registrar a todos tus hu\u00e9spedes en la polic\u00eda local<\/b><span style=\"font-weight: 400;\">, como lo exige la ley.<\/span><\/p>\n<p><span style=\"font-weight: 400;\">Finalmente, otro requisito importante es <\/span><b>proporcionar informaci\u00f3n tur\u00edstica y asistencia a tus hu\u00e9spedes <\/b><span style=\"font-weight: 400;\">(folletos o una gu\u00eda disponible con informaci\u00f3n sobre la zona local, transporte p\u00fablico, n\u00fameros de emergencia, recomendaciones de restaurantes y actividades, etc.)<\/span><\/p>\t\t\t\t\t\t\t\t<\/div>\n\t\t\t\t<\/div>\n\t\t\t\t\t<\/div>\n\t\t<\/div>\n\t\t\t\t\t<\/div>\n\t\t<\/section>\n\t\t\t\t<section class=\"elementor-section elementor-top-section elementor-element elementor-element-44a9593 elementor-section-boxed elementor-section-height-default elementor-section-height-default\" data-id=\"44a9593\" data-element_type=\"section\" data-e-type=\"section\">\n\t\t\t\t\t\t<div class=\"elementor-container elementor-column-gap-default\">\n\t\t\t\t\t<div class=\"elementor-column elementor-col-100 elementor-top-column elementor-element elementor-element-83ee7fa\" data-id=\"83ee7fa\" data-element_type=\"column\" data-e-type=\"column\">\n\t\t\t<div class=\"elementor-widget-wrap elementor-element-populated\">\n\t\t\t\t\t\t<div class=\"elementor-element elementor-element-726cbe5 elementor-widget elementor-widget-image\" data-id=\"726cbe5\" data-element_type=\"widget\" data-e-type=\"widget\" data-widget_type=\"image.default\">\n\t\t\t\t<div class=\"elementor-widget-container\">\n\t\t\t\t\t\t\t\t\t\t\t\t\t\t\t<img decoding=\"async\" width=\"800\" height=\"426\" src=\"https:\/\/www.idealpropertymallorca.com\/blog\/wp-content\/uploads\/2023\/06\/waterpark-mallorca-mit-kindern-1183x630.jpg\" class=\"attachment-large size-large wp-image-4163\" alt=\"waterpark mallorca mit kindern\" \/>\t\t\t\t\t\t\t\t\t\t\t\t\t\t\t<\/div>\n\t\t\t\t<\/div>\n\t\t\t\t\t<\/div>\n\t\t<\/div>\n\t\t\t\t\t<\/div>\n\t\t<\/section>\n\t\t\t\t<section class=\"elementor-section elementor-top-section elementor-element elementor-element-f267574 elementor-section-boxed elementor-section-height-default elementor-section-height-default\" data-id=\"f267574\" data-element_type=\"section\" data-e-type=\"section\">\n\t\t\t\t\t\t<div class=\"elementor-container elementor-column-gap-default\">\n\t\t\t\t\t<div class=\"elementor-column elementor-col-100 elementor-top-column elementor-element elementor-element-abd2215\" data-id=\"abd2215\" data-element_type=\"column\" data-e-type=\"column\">\n\t\t\t<div class=\"elementor-widget-wrap elementor-element-populated\">\n\t\t\t\t\t\t<div class=\"elementor-element elementor-element-1ba7688 elementor-widget elementor-widget-heading\" data-id=\"1ba7688\" data-element_type=\"widget\" data-e-type=\"widget\" data-widget_type=\"heading.default\">\n\t\t\t\t<div class=\"elementor-widget-container\">\n\t\t\t\t\t<h2 class=\"elementor-heading-title elementor-size-default\">Mantente informado y obt\u00e9n ayuda\n<\/h2>\t\t\t\t<\/div>\n\t\t\t\t<\/div>\n\t\t\t\t<div class=\"elementor-element elementor-element-7ba2119 elementor-widget elementor-widget-text-editor\" data-id=\"7ba2119\" data-element_type=\"widget\" data-e-type=\"widget\" data-widget_type=\"text-editor.default\">\n\t\t\t\t<div class=\"elementor-widget-container\">\n\t\t\t\t\t\t\t\t\t<p><span style=\"font-weight: 400;\">Las leyes y regulaciones pueden cambiar, as\u00ed que es fundamental que te informes peri\u00f3dicamente para cumplir siempre con todos los requisitos. En ese sentido, <\/span><b>el Gobierno de las Islas Baleares y el <\/b><a href=\"https:\/\/web.conselldemallorca.cat\/es\/turisme\" target=\"_blank\" rel=\"noopener\"><b>Consell de Mallorca<\/b><\/a> <span style=\"font-weight: 400;\">proporcionan informaci\u00f3n actualizada y detallada sobre las licencias de alquiler vacacional y las normativas aplicables. Para no perderte nada, te recomendamos visitar sus sitios web y suscribirte a sus boletines para recibir las \u00faltimas noticias y actualizaciones.<\/span><\/p>\n<p><span style=\"font-weight: 400;\">Asimismo, considera la posibilidad de contratar los servicios de un abogado o un asesor especializado en alquileres vacacionales. Estos profesionales te guiar\u00e1n sobre el proceso de solicitud y renovaci\u00f3n de tu licencia.<\/span><\/p>\n<p><span style=\"font-weight: 400;\">Tambi\u00e9n puedes unirte a redes o comunidades de propietarios de viviendas vacacionales para compartir experiencias, obtener consejos y mantenerte informado. Hay numerosos foros y grupos en l\u00ednea donde los propietarios intercambian informaci\u00f3n y ofrecen apoyo mutuo.<\/span><\/p>\t\t\t\t\t\t\t\t<\/div>\n\t\t\t\t<\/div>\n\t\t\t\t\t<\/div>\n\t\t<\/div>\n\t\t\t\t\t<\/div>\n\t\t<\/section>\n\t\t\t\t<section class=\"elementor-section elementor-top-section elementor-element elementor-element-741e356 elementor-section-boxed elementor-section-height-default elementor-section-height-default\" data-id=\"741e356\" data-element_type=\"section\" data-e-type=\"section\">\n\t\t\t\t\t\t<div class=\"elementor-container elementor-column-gap-default\">\n\t\t\t\t\t<div class=\"elementor-column elementor-col-100 elementor-top-column elementor-element elementor-element-ac73581\" data-id=\"ac73581\" data-element_type=\"column\" data-e-type=\"column\">\n\t\t\t<div class=\"elementor-widget-wrap elementor-element-populated\">\n\t\t\t\t\t\t<div class=\"elementor-element elementor-element-1e02e4e elementor-widget elementor-widget-heading\" data-id=\"1e02e4e\" data-element_type=\"widget\" data-e-type=\"widget\" data-widget_type=\"heading.default\">\n\t\t\t\t<div class=\"elementor-widget-container\">\n\t\t\t\t\t<h2 class=\"elementor-heading-title elementor-size-default\">Transforma tu alquiler vacacional: descubre c\u00f3mo podemos ayudarte\n<\/h2>\t\t\t\t<\/div>\n\t\t\t\t<\/div>\n\t\t\t\t<div class=\"elementor-element elementor-element-7df07e5 elementor-widget elementor-widget-text-editor\" data-id=\"7df07e5\" data-element_type=\"widget\" data-e-type=\"widget\" data-widget_type=\"text-editor.default\">\n\t\t\t\t<div class=\"elementor-widget-container\">\n\t\t\t\t\t\t\t\t\t<p><b>Renovar la licencia vacacional en Mallorca<\/b><span style=\"font-weight: 400;\"> es un proceso crucial para todos los propietarios de viviendas tur\u00edsticas en la regi\u00f3n. Si sigues los pasos mencionados y cumples con todas las normativas, podr\u00e1s operar legalmente y proporcionar a tus hu\u00e9spedes una estancia segura y placentera. En Ideal Property Mallorca, estamos comprometidos en ayudarte a lograrlo. En nuestro <\/span><a href=\"https:\/\/www.idealpropertymallorca.com\/es\/\"><span style=\"font-weight: 400;\">sitio web<\/span><\/a><span style=\"font-weight: 400;\"> encontrar\u00e1s recursos y asesoramiento experto para guiarte a lo largo de todo el proceso.<\/span><\/p>\t\t\t\t\t\t\t\t<\/div>\n\t\t\t\t<\/div>\n\t\t\t\t\t<\/div>\n\t\t<\/div>\n\t\t\t\t\t<\/div>\n\t\t<\/section>\n\t\t\t\t<section class=\"elementor-section elementor-top-section elementor-element elementor-element-70c5664f elementor-section-boxed elementor-section-height-default elementor-section-height-default\" data-id=\"70c5664f\" data-element_type=\"section\" data-e-type=\"section\">\n\t\t\t\t\t\t<div class=\"elementor-container elementor-column-gap-default\">\n\t\t\t\t\t<div class=\"elementor-column elementor-col-33 elementor-top-column elementor-element elementor-element-3bdd04f4\" data-id=\"3bdd04f4\" data-element_type=\"column\" data-e-type=\"column\">\n\t\t\t<div class=\"elementor-widget-wrap elementor-element-populated\">\n\t\t\t\t\t\t<div class=\"elementor-element elementor-element-45909776 elementor-align-center elementor-widget elementor-widget-button\" data-id=\"45909776\" data-element_type=\"widget\" data-e-type=\"widget\" data-widget_type=\"button.default\">\n\t\t\t\t<div class=\"elementor-widget-container\">\n\t\t\t\t\t\t\t\t\t<div class=\"elementor-button-wrapper\">\n\t\t\t\t\t<a class=\"elementor-button elementor-button-link elementor-size-sm\" href=\"https:\/\/www.idealpropertymallorca.com\/es\/alquiler\/alquileres-mallorca-e21\/\">\n\t\t\t\t\t\t<span class=\"elementor-button-content-wrapper\">\n\t\t\t\t\t\t\t\t\t<span class=\"elementor-button-text\">Alojamientos en Mallorca<\/span>\n\t\t\t\t\t<\/span>\n\t\t\t\t\t<\/a>\n\t\t\t\t<\/div>\n\t\t\t\t\t\t\t\t<\/div>\n\t\t\t\t<\/div>\n\t\t\t\t\t<\/div>\n\t\t<\/div>\n\t\t\t\t<div class=\"elementor-column elementor-col-33 elementor-top-column elementor-element elementor-element-1c0cddc0\" data-id=\"1c0cddc0\" data-element_type=\"column\" data-e-type=\"column\">\n\t\t\t<div class=\"elementor-widget-wrap elementor-element-populated\">\n\t\t\t\t\t\t<div class=\"elementor-element elementor-element-78a1803c elementor-align-center elementor-widget elementor-widget-button\" data-id=\"78a1803c\" data-element_type=\"widget\" data-e-type=\"widget\" data-widget_type=\"button.default\">\n\t\t\t\t<div class=\"elementor-widget-container\">\n\t\t\t\t\t\t\t\t\t<div class=\"elementor-button-wrapper\">\n\t\t\t\t\t<a class=\"elementor-button elementor-button-link elementor-size-sm\" href=\"https:\/\/www.idealpropertymallorca.com\/es\/alquiler\/alquileres-alcudia-d1098\/\">\n\t\t\t\t\t\t<span class=\"elementor-button-content-wrapper\">\n\t\t\t\t\t\t\t\t\t<span class=\"elementor-button-text\">Alojamientos en Alcudia<\/span>\n\t\t\t\t\t<\/span>\n\t\t\t\t\t<\/a>\n\t\t\t\t<\/div>\n\t\t\t\t\t\t\t\t<\/div>\n\t\t\t\t<\/div>\n\t\t\t\t\t<\/div>\n\t\t<\/div>\n\t\t\t\t<div class=\"elementor-column elementor-col-33 elementor-top-column elementor-element elementor-element-213400c1\" data-id=\"213400c1\" data-element_type=\"column\" data-e-type=\"column\">\n\t\t\t<div class=\"elementor-widget-wrap elementor-element-populated\">\n\t\t\t\t\t\t<div class=\"elementor-element elementor-element-f5cd5da elementor-align-center elementor-widget elementor-widget-button\" data-id=\"f5cd5da\" data-element_type=\"widget\" data-e-type=\"widget\" data-widget_type=\"button.default\">\n\t\t\t\t<div class=\"elementor-widget-container\">\n\t\t\t\t\t\t\t\t\t<div class=\"elementor-button-wrapper\">\n\t\t\t\t\t<a class=\"elementor-button elementor-button-link elementor-size-sm\" href=\"https:\/\/www.idealpropertymallorca.com\/es\/alquiler\/alquileres-pollensa-d459611\/\">\n\t\t\t\t\t\t<span class=\"elementor-button-content-wrapper\">\n\t\t\t\t\t\t\t\t\t<span class=\"elementor-button-text\">Alojamiento Pollensa<\/span>\n\t\t\t\t\t<\/span>\n\t\t\t\t\t<\/a>\n\t\t\t\t<\/div>\n\t\t\t\t\t\t\t\t<\/div>\n\t\t\t\t<\/div>\n\t\t\t\t\t<\/div>\n\t\t<\/div>\n\t\t\t\t\t<\/div>\n\t\t<\/section>\n\t\t\t\t<\/div>\n\t\t","protected":false},"excerpt":{"rendered":"<p>Mallorca se ha convertido en uno de los destinos tur\u00edsticos m\u00e1s destacados de Espa\u00f1a, atrayendo a visitantes de todas partes del mundo. Si eres propietario de una vivienda destinada al alquiler vacacional en esta hermosa isla, es crucial que est\u00e9s informado de la necesidad de renovar la licencia vacacional en Mallorca. En este art\u00edculo, te [&hellip;]<\/p>\n","protected":false},"author":3,"featured_media":4756,"comment_status":"open","ping_status":"open","sticky":false,"template":"","format":"standard","meta":{"footnotes":""},"categories":[62],"tags":[],"class_list":["post-4421","post","type-post","status-publish","format-standard","has-post-thumbnail","hentry","category-extra-es"],"yoast_head":"<!-- This site is optimized with the Yoast SEO plugin v27.4 - https:\/\/yoast.com\/product\/yoast-seo-wordpress\/ -->\n<title>\u00bfC\u00f3mo renovar licencia vacacional en Mallorca?<\/title>\n<meta name=\"description\" content=\"Descubre los pasos y consejos \u00fatiles para renovar licencia vacacional Mallorca. \u00a1Asegura el \u00e9xito y la legalidad de tu alquiler vacacional!\" \/>\n<meta name=\"robots\" content=\"index, follow, max-snippet:-1, max-image-preview:large, max-video-preview:-1\" \/>\n<link rel=\"canonical\" href=\"https:\/\/www.idealpropertymallorca.com\/blog\/es\/renovar-licencia-vacacional-mallorca\/\" \/>\n<meta property=\"og:locale\" content=\"es_ES\" \/>\n<meta property=\"og:type\" content=\"article\" \/>\n<meta property=\"og:title\" content=\"\u00bfC\u00f3mo renovar licencia vacacional en Mallorca?\" \/>\n<meta property=\"og:description\" content=\"Descubre los pasos y consejos \u00fatiles para renovar licencia vacacional Mallorca. \u00a1Asegura el \u00e9xito y la legalidad de tu alquiler vacacional!\" \/>\n<meta property=\"og:url\" content=\"https:\/\/www.idealpropertymallorca.com\/blog\/es\/renovar-licencia-vacacional-mallorca\/\" \/>\n<meta property=\"og:site_name\" content=\"Majorca Blog\" \/>\n<meta property=\"article:published_time\" content=\"2023-11-13T15:11:29+00:00\" \/>\n<meta property=\"article:modified_time\" content=\"2024-04-17T08:02:40+00:00\" \/>\n<meta property=\"og:image\" content=\"https:\/\/www.idealpropertymallorca.com\/blog\/wp-content\/uploads\/2023\/11\/ETVMALLORCA.jpg\" \/>\n\t<meta property=\"og:image:width\" content=\"2119\" \/>\n\t<meta property=\"og:image:height\" content=\"1414\" \/>\n\t<meta property=\"og:image:type\" content=\"image\/jpeg\" \/>\n<meta name=\"author\" content=\"digitalservices\" \/>\n<meta name=\"twitter:card\" content=\"summary_large_image\" \/>\n<meta name=\"twitter:label1\" content=\"Written by\" \/>\n\t<meta name=\"twitter:data1\" content=\"digitalservices\" \/>\n\t<meta name=\"twitter:label2\" content=\"Est. reading time\" \/>\n\t<meta name=\"twitter:data2\" content=\"5 minutes\" \/>\n<script type=\"application\/ld+json\" class=\"yoast-schema-graph\">{\"@context\":\"https:\\\/\\\/schema.org\",\"@graph\":[{\"@type\":\"Article\",\"@id\":\"https:\\\/\\\/www.idealpropertymallorca.com\\\/blog\\\/es\\\/renovar-licencia-vacacional-mallorca\\\/#article\",\"isPartOf\":{\"@id\":\"https:\\\/\\\/www.idealpropertymallorca.com\\\/blog\\\/es\\\/renovar-licencia-vacacional-mallorca\\\/\"},\"author\":{\"name\":\"digitalservices\",\"@id\":\"https:\\\/\\\/www.idealpropertymallorca.com\\\/blog\\\/es\\\/#\\\/schema\\\/person\\\/8afda339a8de0d6db90fffb895f38917\"},\"headline\":\"Renovar licencia vacacional en Mallorca\",\"datePublished\":\"2023-11-13T15:11:29+00:00\",\"dateModified\":\"2024-04-17T08:02:40+00:00\",\"mainEntityOfPage\":{\"@id\":\"https:\\\/\\\/www.idealpropertymallorca.com\\\/blog\\\/es\\\/renovar-licencia-vacacional-mallorca\\\/\"},\"wordCount\":912,\"commentCount\":0,\"publisher\":{\"@id\":\"https:\\\/\\\/www.idealpropertymallorca.com\\\/blog\\\/es\\\/#organization\"},\"image\":{\"@id\":\"https:\\\/\\\/www.idealpropertymallorca.com\\\/blog\\\/es\\\/renovar-licencia-vacacional-mallorca\\\/#primaryimage\"},\"thumbnailUrl\":\"https:\\\/\\\/www.idealpropertymallorca.com\\\/blog\\\/wp-content\\\/uploads\\\/2023\\\/11\\\/ETVMALLORCA.jpg\",\"articleSection\":[\"Extra\"],\"inLanguage\":\"es\",\"potentialAction\":[{\"@type\":\"CommentAction\",\"name\":\"Comment\",\"target\":[\"https:\\\/\\\/www.idealpropertymallorca.com\\\/blog\\\/es\\\/renovar-licencia-vacacional-mallorca\\\/#respond\"]}]},{\"@type\":\"WebPage\",\"@id\":\"https:\\\/\\\/www.idealpropertymallorca.com\\\/blog\\\/es\\\/renovar-licencia-vacacional-mallorca\\\/\",\"url\":\"https:\\\/\\\/www.idealpropertymallorca.com\\\/blog\\\/es\\\/renovar-licencia-vacacional-mallorca\\\/\",\"name\":\"\u00bfC\u00f3mo renovar licencia vacacional en Mallorca?\",\"isPartOf\":{\"@id\":\"https:\\\/\\\/www.idealpropertymallorca.com\\\/blog\\\/es\\\/#website\"},\"primaryImageOfPage\":{\"@id\":\"https:\\\/\\\/www.idealpropertymallorca.com\\\/blog\\\/es\\\/renovar-licencia-vacacional-mallorca\\\/#primaryimage\"},\"image\":{\"@id\":\"https:\\\/\\\/www.idealpropertymallorca.com\\\/blog\\\/es\\\/renovar-licencia-vacacional-mallorca\\\/#primaryimage\"},\"thumbnailUrl\":\"https:\\\/\\\/www.idealpropertymallorca.com\\\/blog\\\/wp-content\\\/uploads\\\/2023\\\/11\\\/ETVMALLORCA.jpg\",\"datePublished\":\"2023-11-13T15:11:29+00:00\",\"dateModified\":\"2024-04-17T08:02:40+00:00\",\"description\":\"Descubre los pasos y consejos \u00fatiles para renovar licencia vacacional Mallorca. \u00a1Asegura el \u00e9xito y la legalidad de tu alquiler vacacional!\",\"inLanguage\":\"es\",\"potentialAction\":[{\"@type\":\"ReadAction\",\"target\":[\"https:\\\/\\\/www.idealpropertymallorca.com\\\/blog\\\/es\\\/renovar-licencia-vacacional-mallorca\\\/\"]}]},{\"@type\":\"ImageObject\",\"inLanguage\":\"es\",\"@id\":\"https:\\\/\\\/www.idealpropertymallorca.com\\\/blog\\\/es\\\/renovar-licencia-vacacional-mallorca\\\/#primaryimage\",\"url\":\"https:\\\/\\\/www.idealpropertymallorca.com\\\/blog\\\/wp-content\\\/uploads\\\/2023\\\/11\\\/ETVMALLORCA.jpg\",\"contentUrl\":\"https:\\\/\\\/www.idealpropertymallorca.com\\\/blog\\\/wp-content\\\/uploads\\\/2023\\\/11\\\/ETVMALLORCA.jpg\",\"width\":2119,\"height\":1414,\"caption\":\"consell de mallorca\"},{\"@type\":\"WebSite\",\"@id\":\"https:\\\/\\\/www.idealpropertymallorca.com\\\/blog\\\/es\\\/#website\",\"url\":\"https:\\\/\\\/www.idealpropertymallorca.com\\\/blog\\\/es\\\/\",\"name\":\"Majorca Blog\",\"description\":\"Find relevant tourist information to see and do on the island of Mallorca during your holiday. Discover the best places and tips!\",\"publisher\":{\"@id\":\"https:\\\/\\\/www.idealpropertymallorca.com\\\/blog\\\/es\\\/#organization\"},\"potentialAction\":[{\"@type\":\"SearchAction\",\"target\":{\"@type\":\"EntryPoint\",\"urlTemplate\":\"https:\\\/\\\/www.idealpropertymallorca.com\\\/blog\\\/es\\\/?s={search_term_string}\"},\"query-input\":{\"@type\":\"PropertyValueSpecification\",\"valueRequired\":true,\"valueName\":\"search_term_string\"}}],\"inLanguage\":\"es\"},{\"@type\":\"Organization\",\"@id\":\"https:\\\/\\\/www.idealpropertymallorca.com\\\/blog\\\/es\\\/#organization\",\"name\":\"Majorca Blog\",\"url\":\"https:\\\/\\\/www.idealpropertymallorca.com\\\/blog\\\/es\\\/\",\"logo\":{\"@type\":\"ImageObject\",\"inLanguage\":\"es\",\"@id\":\"https:\\\/\\\/www.idealpropertymallorca.com\\\/blog\\\/es\\\/#\\\/schema\\\/logo\\\/image\\\/\",\"url\":\"https:\\\/\\\/www.idealpropertymallorca.com\\\/blog\\\/wp-content\\\/uploads\\\/2024\\\/10\\\/ideal-property-mallorca-blue-mobile.png\",\"contentUrl\":\"https:\\\/\\\/www.idealpropertymallorca.com\\\/blog\\\/wp-content\\\/uploads\\\/2024\\\/10\\\/ideal-property-mallorca-blue-mobile.png\",\"width\":500,\"height\":150,\"caption\":\"Majorca Blog\"},\"image\":{\"@id\":\"https:\\\/\\\/www.idealpropertymallorca.com\\\/blog\\\/es\\\/#\\\/schema\\\/logo\\\/image\\\/\"}},{\"@type\":\"Person\",\"@id\":\"https:\\\/\\\/www.idealpropertymallorca.com\\\/blog\\\/es\\\/#\\\/schema\\\/person\\\/8afda339a8de0d6db90fffb895f38917\",\"name\":\"digitalservices\",\"image\":{\"@type\":\"ImageObject\",\"inLanguage\":\"es\",\"@id\":\"https:\\\/\\\/secure.gravatar.com\\\/avatar\\\/af30f88a1904294c1f3eb09a9d7903eec4ffa18fa2cf40c28a8681014ecdfc20?s=96&d=mm&r=g\",\"url\":\"https:\\\/\\\/secure.gravatar.com\\\/avatar\\\/af30f88a1904294c1f3eb09a9d7903eec4ffa18fa2cf40c28a8681014ecdfc20?s=96&d=mm&r=g\",\"contentUrl\":\"https:\\\/\\\/secure.gravatar.com\\\/avatar\\\/af30f88a1904294c1f3eb09a9d7903eec4ffa18fa2cf40c28a8681014ecdfc20?s=96&d=mm&r=g\",\"caption\":\"digitalservices\"}}]}<\/script>\n<!-- \/ Yoast SEO plugin. -->","yoast_head_json":{"title":"\u00bfC\u00f3mo renovar licencia vacacional en Mallorca?","description":"Descubre los pasos y consejos \u00fatiles para renovar licencia vacacional Mallorca. \u00a1Asegura el \u00e9xito y la legalidad de tu alquiler vacacional!","robots":{"index":"index","follow":"follow","max-snippet":"max-snippet:-1","max-image-preview":"max-image-preview:large","max-video-preview":"max-video-preview:-1"},"canonical":"https:\/\/www.idealpropertymallorca.com\/blog\/es\/renovar-licencia-vacacional-mallorca\/","og_locale":"es_ES","og_type":"article","og_title":"\u00bfC\u00f3mo renovar licencia vacacional en Mallorca?","og_description":"Descubre los pasos y consejos \u00fatiles para renovar licencia vacacional Mallorca. \u00a1Asegura el \u00e9xito y la legalidad de tu alquiler vacacional!","og_url":"https:\/\/www.idealpropertymallorca.com\/blog\/es\/renovar-licencia-vacacional-mallorca\/","og_site_name":"Majorca Blog","article_published_time":"2023-11-13T15:11:29+00:00","article_modified_time":"2024-04-17T08:02:40+00:00","og_image":[{"width":2119,"height":1414,"url":"https:\/\/www.idealpropertymallorca.com\/blog\/wp-content\/uploads\/2023\/11\/ETVMALLORCA.jpg","type":"image\/jpeg"}],"author":"digitalservices","twitter_card":"summary_large_image","twitter_misc":{"Written by":"digitalservices","Est. reading time":"5 minutes"},"schema":{"@context":"https:\/\/schema.org","@graph":[{"@type":"Article","@id":"https:\/\/www.idealpropertymallorca.com\/blog\/es\/renovar-licencia-vacacional-mallorca\/#article","isPartOf":{"@id":"https:\/\/www.idealpropertymallorca.com\/blog\/es\/renovar-licencia-vacacional-mallorca\/"},"author":{"name":"digitalservices","@id":"https:\/\/www.idealpropertymallorca.com\/blog\/es\/#\/schema\/person\/8afda339a8de0d6db90fffb895f38917"},"headline":"Renovar licencia vacacional en Mallorca","datePublished":"2023-11-13T15:11:29+00:00","dateModified":"2024-04-17T08:02:40+00:00","mainEntityOfPage":{"@id":"https:\/\/www.idealpropertymallorca.com\/blog\/es\/renovar-licencia-vacacional-mallorca\/"},"wordCount":912,"commentCount":0,"publisher":{"@id":"https:\/\/www.idealpropertymallorca.com\/blog\/es\/#organization"},"image":{"@id":"https:\/\/www.idealpropertymallorca.com\/blog\/es\/renovar-licencia-vacacional-mallorca\/#primaryimage"},"thumbnailUrl":"https:\/\/www.idealpropertymallorca.com\/blog\/wp-content\/uploads\/2023\/11\/ETVMALLORCA.jpg","articleSection":["Extra"],"inLanguage":"es","potentialAction":[{"@type":"CommentAction","name":"Comment","target":["https:\/\/www.idealpropertymallorca.com\/blog\/es\/renovar-licencia-vacacional-mallorca\/#respond"]}]},{"@type":"WebPage","@id":"https:\/\/www.idealpropertymallorca.com\/blog\/es\/renovar-licencia-vacacional-mallorca\/","url":"https:\/\/www.idealpropertymallorca.com\/blog\/es\/renovar-licencia-vacacional-mallorca\/","name":"\u00bfC\u00f3mo renovar licencia vacacional en Mallorca?","isPartOf":{"@id":"https:\/\/www.idealpropertymallorca.com\/blog\/es\/#website"},"primaryImageOfPage":{"@id":"https:\/\/www.idealpropertymallorca.com\/blog\/es\/renovar-licencia-vacacional-mallorca\/#primaryimage"},"image":{"@id":"https:\/\/www.idealpropertymallorca.com\/blog\/es\/renovar-licencia-vacacional-mallorca\/#primaryimage"},"thumbnailUrl":"https:\/\/www.idealpropertymallorca.com\/blog\/wp-content\/uploads\/2023\/11\/ETVMALLORCA.jpg","datePublished":"2023-11-13T15:11:29+00:00","dateModified":"2024-04-17T08:02:40+00:00","description":"Descubre los pasos y consejos \u00fatiles para renovar licencia vacacional Mallorca. \u00a1Asegura el \u00e9xito y la legalidad de tu alquiler vacacional!","inLanguage":"es","potentialAction":[{"@type":"ReadAction","target":["https:\/\/www.idealpropertymallorca.com\/blog\/es\/renovar-licencia-vacacional-mallorca\/"]}]},{"@type":"ImageObject","inLanguage":"es","@id":"https:\/\/www.idealpropertymallorca.com\/blog\/es\/renovar-licencia-vacacional-mallorca\/#primaryimage","url":"https:\/\/www.idealpropertymallorca.com\/blog\/wp-content\/uploads\/2023\/11\/ETVMALLORCA.jpg","contentUrl":"https:\/\/www.idealpropertymallorca.com\/blog\/wp-content\/uploads\/2023\/11\/ETVMALLORCA.jpg","width":2119,"height":1414,"caption":"consell de mallorca"},{"@type":"WebSite","@id":"https:\/\/www.idealpropertymallorca.com\/blog\/es\/#website","url":"https:\/\/www.idealpropertymallorca.com\/blog\/es\/","name":"Majorca Blog","description":"Find relevant tourist information to see and do on the island of Mallorca during your holiday. Discover the best places and tips!","publisher":{"@id":"https:\/\/www.idealpropertymallorca.com\/blog\/es\/#organization"},"potentialAction":[{"@type":"SearchAction","target":{"@type":"EntryPoint","urlTemplate":"https:\/\/www.idealpropertymallorca.com\/blog\/es\/?s={search_term_string}"},"query-input":{"@type":"PropertyValueSpecification","valueRequired":true,"valueName":"search_term_string"}}],"inLanguage":"es"},{"@type":"Organization","@id":"https:\/\/www.idealpropertymallorca.com\/blog\/es\/#organization","name":"Majorca Blog","url":"https:\/\/www.idealpropertymallorca.com\/blog\/es\/","logo":{"@type":"ImageObject","inLanguage":"es","@id":"https:\/\/www.idealpropertymallorca.com\/blog\/es\/#\/schema\/logo\/image\/","url":"https:\/\/www.idealpropertymallorca.com\/blog\/wp-content\/uploads\/2024\/10\/ideal-property-mallorca-blue-mobile.png","contentUrl":"https:\/\/www.idealpropertymallorca.com\/blog\/wp-content\/uploads\/2024\/10\/ideal-property-mallorca-blue-mobile.png","width":500,"height":150,"caption":"Majorca Blog"},"image":{"@id":"https:\/\/www.idealpropertymallorca.com\/blog\/es\/#\/schema\/logo\/image\/"}},{"@type":"Person","@id":"https:\/\/www.idealpropertymallorca.com\/blog\/es\/#\/schema\/person\/8afda339a8de0d6db90fffb895f38917","name":"digitalservices","image":{"@type":"ImageObject","inLanguage":"es","@id":"https:\/\/secure.gravatar.com\/avatar\/af30f88a1904294c1f3eb09a9d7903eec4ffa18fa2cf40c28a8681014ecdfc20?s=96&d=mm&r=g","url":"https:\/\/secure.gravatar.com\/avatar\/af30f88a1904294c1f3eb09a9d7903eec4ffa18fa2cf40c28a8681014ecdfc20?s=96&d=mm&r=g","contentUrl":"https:\/\/secure.gravatar.com\/avatar\/af30f88a1904294c1f3eb09a9d7903eec4ffa18fa2cf40c28a8681014ecdfc20?s=96&d=mm&r=g","caption":"digitalservices"}}]}},"_links":{"self":[{"href":"https:\/\/www.idealpropertymallorca.com\/blog\/es\/wp-json\/wp\/v2\/posts\/4421","targetHints":{"allow":["GET"]}}],"collection":[{"href":"https:\/\/www.idealpropertymallorca.com\/blog\/es\/wp-json\/wp\/v2\/posts"}],"about":[{"href":"https:\/\/www.idealpropertymallorca.com\/blog\/es\/wp-json\/wp\/v2\/types\/post"}],"author":[{"embeddable":true,"href":"https:\/\/www.idealpropertymallorca.com\/blog\/es\/wp-json\/wp\/v2\/users\/3"}],"replies":[{"embeddable":true,"href":"https:\/\/www.idealpropertymallorca.com\/blog\/es\/wp-json\/wp\/v2\/comments?post=4421"}],"version-history":[{"count":16,"href":"https:\/\/www.idealpropertymallorca.com\/blog\/es\/wp-json\/wp\/v2\/posts\/4421\/revisions"}],"predecessor-version":[{"id":5142,"href":"https:\/\/www.idealpropertymallorca.com\/blog\/es\/wp-json\/wp\/v2\/posts\/4421\/revisions\/5142"}],"wp:featuredmedia":[{"embeddable":true,"href":"https:\/\/www.idealpropertymallorca.com\/blog\/es\/wp-json\/wp\/v2\/media\/4756"}],"wp:attachment":[{"href":"https:\/\/www.idealpropertymallorca.com\/blog\/es\/wp-json\/wp\/v2\/media?parent=4421"}],"wp:term":[{"taxonomy":"category","embeddable":true,"href":"https:\/\/www.idealpropertymallorca.com\/blog\/es\/wp-json\/wp\/v2\/categories?post=4421"},{"taxonomy":"post_tag","embeddable":true,"href":"https:\/\/www.idealpropertymallorca.com\/blog\/es\/wp-json\/wp\/v2\/tags?post=4421"}],"curies":[{"name":"wp","href":"https:\/\/api.w.org\/{rel}","templated":true}]}}