{"id":21825,"date":"2025-10-24T11:30:20","date_gmt":"2025-10-24T11:30:20","guid":{"rendered":"https:\/\/www.idealpropertymallorca.com\/blog\/?p=21825"},"modified":"2025-10-24T11:37:57","modified_gmt":"2025-10-24T11:37:57","slug":"pollenca-golf-club-mallorca","status":"publish","type":"post","link":"https:\/\/www.idealpropertymallorca.com\/blog\/es\/pollenca-golf-club-mallorca\/","title":{"rendered":"Ven a conocer el Pollen\u00e7a Golf Club a Mallorca\u00a0"},"content":{"rendered":"\t\t<div data-elementor-type=\"wp-post\" data-elementor-id=\"21825\" class=\"elementor elementor-21825\" data-elementor-post-type=\"post\">\n\t\t\t\t\t\t<section class=\"elementor-section elementor-top-section elementor-element elementor-element-7616e1d0 elementor-section-boxed elementor-section-height-default elementor-section-height-default\" data-id=\"7616e1d0\" data-element_type=\"section\" data-e-type=\"section\">\n\t\t\t\t\t\t<div class=\"elementor-container elementor-column-gap-default\">\n\t\t\t\t\t<div class=\"elementor-column elementor-col-100 elementor-top-column elementor-element elementor-element-4c699b7f\" data-id=\"4c699b7f\" data-element_type=\"column\" data-e-type=\"column\">\n\t\t\t<div class=\"elementor-widget-wrap elementor-element-populated\">\n\t\t\t\t\t\t<div class=\"elementor-element elementor-element-5b92b918 elementor-widget elementor-widget-text-editor\" data-id=\"5b92b918\" data-element_type=\"widget\" data-e-type=\"widget\" data-widget_type=\"text-editor.default\">\n\t\t\t\t<div class=\"elementor-widget-container\">\n\t\t\t\t\t\t\t\t\t<p style=\"font-weight: 400;\">Mallorca siempre sorprende, pero hay lugares donde la isla puede demostrarte que es a\u00fan m\u00e1s especial, y uno de ellos es el\u00a0Pollen\u00e7a Golf Club. <strong>Est\u00e1 al norte de la isla y lleva ah\u00ed desde 1986, complementando la oferta tur\u00edstica de Pollen\u00e7a<\/strong>, uno de los municipios con m\u00e1s encanto de Mallorca.<\/p><p style=\"font-weight: 400;\">Tanto si eres amante del golf como si vienes a probar este deporte por primera vez, este es el lugar perfecto para hacerlo. <strong>El recorrido es t\u00e9cnico pero amable y el entorno una autentica pasada.<\/strong><\/p><p style=\"font-weight: 400;\">\u00bfQuieres saber m\u00e1s sobre \u00e9l?<\/p>\t\t\t\t\t\t\t\t<\/div>\n\t\t\t\t<\/div>\n\t\t\t\t\t<\/div>\n\t\t<\/div>\n\t\t\t\t\t<\/div>\n\t\t<\/section>\n\t\t\t\t<section class=\"elementor-section elementor-top-section elementor-element elementor-element-719db4ff elementor-section-boxed elementor-section-height-default elementor-section-height-default\" data-id=\"719db4ff\" data-element_type=\"section\" data-e-type=\"section\">\n\t\t\t\t\t\t<div class=\"elementor-container elementor-column-gap-default\">\n\t\t\t\t\t<div class=\"elementor-column elementor-col-100 elementor-top-column elementor-element elementor-element-18cf7bf6\" data-id=\"18cf7bf6\" data-element_type=\"column\" data-e-type=\"column\">\n\t\t\t<div class=\"elementor-widget-wrap elementor-element-populated\">\n\t\t\t\t\t\t<div class=\"elementor-element elementor-element-6c0acda5 elementor-widget elementor-widget-table-of-contents\" data-id=\"6c0acda5\" data-element_type=\"widget\" data-e-type=\"widget\" data-settings=\"{&quot;headings_by_tags&quot;:[&quot;h2&quot;],&quot;exclude_headings_by_selector&quot;:[],&quot;marker_view&quot;:&quot;bullets&quot;,&quot;icon&quot;:{&quot;value&quot;:&quot;&quot;,&quot;library&quot;:&quot;&quot;},&quot;no_headings_message&quot;:&quot;No headings were found on this page.&quot;,&quot;hierarchical_view&quot;:&quot;yes&quot;,&quot;min_height&quot;:{&quot;unit&quot;:&quot;px&quot;,&quot;size&quot;:&quot;&quot;,&quot;sizes&quot;:[]},&quot;min_height_tablet&quot;:{&quot;unit&quot;:&quot;px&quot;,&quot;size&quot;:&quot;&quot;,&quot;sizes&quot;:[]},&quot;min_height_mobile&quot;:{&quot;unit&quot;:&quot;px&quot;,&quot;size&quot;:&quot;&quot;,&quot;sizes&quot;:[]}}\" data-widget_type=\"table-of-contents.default\">\n\t\t\t\t<div class=\"elementor-widget-container\">\n\t\t\t\t\t\t\t\t\t<div class=\"elementor-toc__header\">\n\t\t\t\t\t\t<div class=\"elementor-toc__header-title\">\n\t\t\t\t\u00cdNDICE\t\t\t<\/div>\n\t\t\t\t\t\t\t\t<\/div>\n\t\t\t\t<div id=\"elementor-toc__6c0acda5\" class=\"elementor-toc__body\">\n\t\t\t<div class=\"elementor-toc__spinner-container\">\n\t\t\t\t<i class=\"elementor-toc__spinner eicon-animation-spin eicon-loading\" aria-hidden=\"true\"><\/i>\t\t\t<\/div>\n\t\t<\/div>\n\t\t\t\t\t\t<\/div>\n\t\t\t\t<\/div>\n\t\t\t\t\t<\/div>\n\t\t<\/div>\n\t\t\t\t\t<\/div>\n\t\t<\/section>\n\t\t\t\t<section class=\"elementor-section elementor-top-section elementor-element elementor-element-4f7d5e5f elementor-section-boxed elementor-section-height-default elementor-section-height-default\" data-id=\"4f7d5e5f\" data-element_type=\"section\" data-e-type=\"section\">\n\t\t\t\t\t\t<div class=\"elementor-container elementor-column-gap-default\">\n\t\t\t\t\t<div class=\"elementor-column elementor-col-100 elementor-top-column elementor-element elementor-element-1d3b3401\" data-id=\"1d3b3401\" data-element_type=\"column\" data-e-type=\"column\">\n\t\t\t<div class=\"elementor-widget-wrap elementor-element-populated\">\n\t\t\t\t\t\t<div class=\"elementor-element elementor-element-378d3b74 elementor-widget elementor-widget-heading\" data-id=\"378d3b74\" data-element_type=\"widget\" data-e-type=\"widget\" data-widget_type=\"heading.default\">\n\t\t\t\t<div class=\"elementor-widget-container\">\n\t\t\t\t\t<h2 class=\"elementor-heading-title elementor-size-default\">D\u00f3nde est\u00e1 y c\u00f3mo llegar <\/h2>\t\t\t\t<\/div>\n\t\t\t\t<\/div>\n\t\t\t\t<div class=\"elementor-element elementor-element-5e67e4d4 elementor-widget elementor-widget-text-editor\" data-id=\"5e67e4d4\" data-element_type=\"widget\" data-e-type=\"widget\" data-widget_type=\"text-editor.default\">\n\t\t\t\t<div class=\"elementor-widget-container\">\n\t\t\t\t\t\t\t\t\t<p style=\"font-weight: 400;\">El\u00a0Pollen\u00e7a Golf Club no puede tener un mejor emplazamiento: est\u00e1 en la finca\u00a0Ca\u2019n Porquer, a la entrada del pueblo. Y esto es importante, porque desde aqu\u00ed las vistas son de postal: <strong>al oeste podr\u00e1s divisar la\u00a0Serra de Tramuntana\u00a0y hacia el este la\u00a0<\/strong><a href=\"https:\/\/www.idealpropertymallorca.com\/blog\/es\/bahia-pollensa\/\"><strong>Bah\u00eda de Pollen\u00e7a<\/strong><\/a><strong> y la de Alc\u00fadia, dos de los paisajes m\u00e1s bonitos del norte de Mallorca.<\/strong><\/p><p style=\"font-weight: 400;\">Llegar es muy f\u00e1cil. Si vienes desde\u00a0Palma, solo tienes que tomar la\u00a0Ma-13\u00a0en direcci\u00f3n a Alc\u00fadia. En unos\u00a040 minutos\u00a0estar\u00e1s aparcando frente al club. Y si vienes desde\u00a0Alc\u00fadia\u00a0o desde\u00a0<a href=\"https:\/\/www.idealpropertymallorca.com\/blog\/es\/que-hacer-port-pollenca\/\"><strong>Port de Pollen\u00e7a<\/strong><\/a>, apenas te llevar\u00e1\u00a010 minutos. Al llegar vas a encontrarte con un amplio parking donde puedes dejar el coche.<\/p><p style=\"font-weight: 400;\">Adem\u00e1s, la carretera que te lleva hasta el campo es un peque\u00f1o regalo en s\u00ed misma: est\u00e1 llena de almendros, campos de olivos y vistas que te recuerdan por qu\u00e9 Mallorca enamora.<\/p>\t\t\t\t\t\t\t\t<\/div>\n\t\t\t\t<\/div>\n\t\t\t\t<div class=\"elementor-element elementor-element-f501bc9 elementor-widget elementor-widget-google_maps\" data-id=\"f501bc9\" data-element_type=\"widget\" data-e-type=\"widget\" data-widget_type=\"google_maps.default\">\n\t\t\t\t<div class=\"elementor-widget-container\">\n\t\t\t\t\t\t\t<div class=\"elementor-custom-embed\">\n\t\t\t<iframe loading=\"lazy\"\n\t\t\t\t\tsrc=\"https:\/\/maps.google.com\/maps?q=pollen%C3%A7a%20golf%20club&#038;t=m&#038;z=10&#038;output=embed&#038;iwloc=near\"\n\t\t\t\t\ttitle=\"pollen\u00e7a golf club\"\n\t\t\t\t\taria-label=\"pollen\u00e7a golf club\"\n\t\t\t><\/iframe>\n\t\t<\/div>\n\t\t\t\t\t\t<\/div>\n\t\t\t\t<\/div>\n\t\t\t\t\t<\/div>\n\t\t<\/div>\n\t\t\t\t\t<\/div>\n\t\t<\/section>\n\t\t\t\t<section class=\"elementor-section elementor-top-section elementor-element elementor-element-a14640b elementor-section-boxed elementor-section-height-default elementor-section-height-default\" data-id=\"a14640b\" data-element_type=\"section\" data-e-type=\"section\">\n\t\t\t\t\t\t<div class=\"elementor-container elementor-column-gap-default\">\n\t\t\t\t\t<div class=\"elementor-column elementor-col-100 elementor-top-column elementor-element elementor-element-3a59263\" data-id=\"3a59263\" data-element_type=\"column\" data-e-type=\"column\">\n\t\t\t<div class=\"elementor-widget-wrap elementor-element-populated\">\n\t\t\t\t\t\t<div class=\"elementor-element elementor-element-50f2c64 elementor-widget elementor-widget-heading\" data-id=\"50f2c64\" data-element_type=\"widget\" data-e-type=\"widget\" data-widget_type=\"heading.default\">\n\t\t\t\t<div class=\"elementor-widget-container\">\n\t\t\t\t\t<h2 class=\"elementor-heading-title elementor-size-default\">Caracter\u00edsticas del campo de golf de Pollen\u00e7a <\/h2>\t\t\t\t<\/div>\n\t\t\t\t<\/div>\n\t\t\t\t<div class=\"elementor-element elementor-element-63ccb47 elementor-widget elementor-widget-text-editor\" data-id=\"63ccb47\" data-element_type=\"widget\" data-e-type=\"widget\" data-widget_type=\"text-editor.default\">\n\t\t\t\t<div class=\"elementor-widget-container\">\n\t\t\t\t\t\t\t\t\t<p style=\"font-weight: 400;\">A diferencia de otros campos de la isla,\u00a0Pollen\u00e7a Golf Club cuenta con\u00a09 hoyos\u00a0y un recorrido apto para todos los niveles. Adem\u00e1s, <strong>dos de ellos son de los m\u00e1s largos de Mallorca.<\/strong> Suena a que la partida va a ser emocionante, \u00bfeh?<\/p><p style=\"font-weight: 400;\"><strong>El campo tiene\u00a0par 35\u00a0\u201470 para 18 hoyos\u2014 y est\u00e1 formado por\u00a0tres hoyos par 3,\u00a0dos par 5\u00a0y\u00a0cuatro par 4.<\/strong> Esta configuraci\u00f3n equilibra tramos cortos y largos, ideal para practicar distintos golpes y estrategias. Adem\u00e1s, los <em>greens<\/em> est\u00e1n muy bien cuidados, \u2014r\u00e1pidos y francos\u2014 y los obst\u00e1culos son totalmente naturales.<\/p><p style=\"font-weight: 400;\">En el recorrido vas a sentir que est\u00e1s en Mallorca por su vegetaci\u00f3n: \u00e1rboles, matorrales mediterr\u00e1neos y dos lagos que entran en juego en varios hoyos. Y si viajas con amigos o familia que no practican, podr\u00e1n acompa\u00f1arte en un <em>buggy<\/em> y disfrutar del paisaje.<\/p><p style=\"font-weight: 400;\">\u00bfUn punto m\u00e1s a favor? \u00a0El Pollen\u00e7a Golf Club es un lugar tranquilo, con un trato cercano y familiar, perfecto si lo que buscas es calidad sin agobios ni multitudes. Y si vienes a conocerlo, <strong>\u00a1no te vayas sin disfrutar de una de las <\/strong><a href=\"https:\/\/www.idealpropertymallorca.com\/blog\/es\/puesta-de-sol-mallorca\/\"><strong>mejores puestas de sol de Mallorca<\/strong><\/a><strong>! Desde la zona de juego las vistas son espectaculares.<\/strong>Un final de jornada que, sin duda, vale tanto como la partida.<\/p>\t\t\t\t\t\t\t\t<\/div>\n\t\t\t\t<\/div>\n\t\t\t\t<div class=\"elementor-element elementor-element-bce3035 elementor-widget elementor-widget-image\" data-id=\"bce3035\" data-element_type=\"widget\" data-e-type=\"widget\" data-widget_type=\"image.default\">\n\t\t\t\t<div class=\"elementor-widget-container\">\n\t\t\t\t\t\t\t\t\t\t\t\t\t\t\t<img decoding=\"async\" src=\"https:\/\/www.idealpropertymallorca.com\/blog\/wp-content\/uploads\/elementor\/thumbs\/Pollenca-golf-club-rdal2plww5rrj0pi02fl2y0coypnms0tf03rw56eeo.webp\" title=\"Pollenca-golf-club\" alt=\"Pollenca-golf-club\" loading=\"lazy\" \/>\t\t\t\t\t\t\t\t\t\t\t\t\t\t\t<\/div>\n\t\t\t\t<\/div>\n\t\t\t\t\t<\/div>\n\t\t<\/div>\n\t\t\t\t\t<\/div>\n\t\t<\/section>\n\t\t\t\t<section class=\"elementor-section elementor-top-section elementor-element elementor-element-49a21fa elementor-section-boxed elementor-section-height-default elementor-section-height-default\" data-id=\"49a21fa\" data-element_type=\"section\" data-e-type=\"section\">\n\t\t\t\t\t\t<div class=\"elementor-container elementor-column-gap-default\">\n\t\t\t\t\t<div class=\"elementor-column elementor-col-100 elementor-top-column elementor-element elementor-element-f2c8316\" data-id=\"f2c8316\" data-element_type=\"column\" data-e-type=\"column\">\n\t\t\t<div class=\"elementor-widget-wrap elementor-element-populated\">\n\t\t\t\t\t\t<div class=\"elementor-element elementor-element-6f6ba18 elementor-widget elementor-widget-heading\" data-id=\"6f6ba18\" data-element_type=\"widget\" data-e-type=\"widget\" data-widget_type=\"heading.default\">\n\t\t\t\t<div class=\"elementor-widget-container\">\n\t\t\t\t\t<h2 class=\"elementor-heading-title elementor-size-default\">Servicios e instalaciones del club <\/h2>\t\t\t\t<\/div>\n\t\t\t\t<\/div>\n\t\t\t\t<div class=\"elementor-element elementor-element-24a2ab4 elementor-widget elementor-widget-text-editor\" data-id=\"24a2ab4\" data-element_type=\"widget\" data-e-type=\"widget\" data-widget_type=\"text-editor.default\">\n\t\t\t\t<div class=\"elementor-widget-container\">\n\t\t\t\t\t\t\t\t\t<p style=\"font-weight: 400;\">Aunque el campo es el protagonista,\u00a0Golf Pollen\u00e7a\u00a0ofrece mucho m\u00e1s que eso. Dispone de\u00a0una <strong>casa club con terraza\u00a0y vistas al campo<\/strong>, perfecta para descansar entre hoyo y hoyo. Y a la salida del primer reto del recorrido encontrar\u00e1s un\u00a0<strong>restaurante<\/strong> donde puedes tomar un caf\u00e9, un bocadillo o una comida completa mientras contemplas las monta\u00f1as y los\u00a0<em>fairways<\/em>. <strong>En la carta vas a encontrar platos mediterr\u00e1neos y\u00a0<em>snacks<\/em>\u00a0de todo tipo.<\/strong><\/p><p style=\"font-weight: 400;\">Si vienes sin equipo, todav\u00eda no lo tienes o quieres probar material nuevo, el club tambi\u00e9n cuenta con servicio de\u00a0alquiler de palos y <em>buggies<\/em>.<\/p><p style=\"font-weight: 400;\">Y si quieres mejorar tu juego, la\u00a0<strong>academia de golf<\/strong>\u00a0utiliza el m\u00e9todo\u00a0<em>Golf Natural Guidance<\/em>, desarrollado por el instructor Toni Planells, que combina evaluaci\u00f3n inicial, visi\u00f3n 360\u00b0 y aprendizaje basado en el juego real. <strong>Ofrece cursos de iniciaci\u00f3n, clases de perfeccionamiento y programas para grupos y para p\u00fablico junior.<\/strong> \u00bfTe apuntas?<\/p>\t\t\t\t\t\t\t\t<\/div>\n\t\t\t\t<\/div>\n\t\t\t\t\t<\/div>\n\t\t<\/div>\n\t\t\t\t\t<\/div>\n\t\t<\/section>\n\t\t\t\t<section class=\"elementor-section elementor-top-section elementor-element elementor-element-85cf2c0 elementor-section-boxed elementor-section-height-default elementor-section-height-default\" data-id=\"85cf2c0\" data-element_type=\"section\" data-e-type=\"section\">\n\t\t\t\t\t\t<div class=\"elementor-container elementor-column-gap-default\">\n\t\t\t\t\t<div class=\"elementor-column elementor-col-50 elementor-top-column elementor-element elementor-element-6b36be7\" data-id=\"6b36be7\" data-element_type=\"column\" data-e-type=\"column\">\n\t\t\t<div class=\"elementor-widget-wrap elementor-element-populated\">\n\t\t\t\t\t\t<div class=\"elementor-element elementor-element-bb9c733 elementor-widget elementor-widget-heading\" data-id=\"bb9c733\" data-element_type=\"widget\" data-e-type=\"widget\" data-widget_type=\"heading.default\">\n\t\t\t\t<div class=\"elementor-widget-container\">\n\t\t\t\t\t<h2 class=\"elementor-heading-title elementor-size-default\">Tarifas de Pollen\u00e7a Golf Club <\/h2>\t\t\t\t<\/div>\n\t\t\t\t<\/div>\n\t\t\t\t<div class=\"elementor-element elementor-element-0da1d38 elementor-widget elementor-widget-text-editor\" data-id=\"0da1d38\" data-element_type=\"widget\" data-e-type=\"widget\" data-widget_type=\"text-editor.default\">\n\t\t\t\t<div class=\"elementor-widget-container\">\n\t\t\t\t\t\t\t\t\t<p style=\"font-weight: 400;\">Las tarifas var\u00edan seg\u00fan la temporada, as\u00ed que lo mejor es que eches un vistazo a los <a href=\"https:\/\/golfpollensa.com\/es\/precios-golf-mallorca\/\">precios en su web oficial<\/a> para no llevarte sorpresas.<\/p><p style=\"font-weight: 400;\">Para que te hagas una idea, <strong>en\u00a0temporada alta<\/strong>\u00a0\u2014del 15 de marzo al 21 de noviembre\u2014 <strong>el\u00a0<em>green fee<\/em>\u00a0de 9 hoyos cuesta\u00a045 \u20ac, el de 18 hoyos\u00a075 \u20ac, alquilar palos entre\u00a018 y 25 \u20ac\u00a0y un\u00a0<em>buggy<\/em>\u00a025 o 35 \u20ac.<\/strong><\/p><p style=\"font-weight: 400;\">En\u00a0temporada baja\u00a0\u2014del 22 de noviembre al 14 de marzo\u2014 los precios son m\u00e1s ajustados:\u00a040 \u20ac\u00a0por 9 hoyos y\u00a055 \u20ac por 18 hoyos, con los mismos precios de alquiler de palos y <em>buggies<\/em>.<\/p><p style=\"font-weight: 400;\">Tambi\u00e9n existe un\u00a0<em>voucher<\/em> con descuentos\u00a0por si quieres repetir y un\u00a0\u00e1rea de pr\u00e1cticas\u00a0donde puedes comprar un cubo de 50 bolas por\u00a05 \u20ac\u00a0y acceder al campo por\u00a07 \u20ac\u00a0m\u00e1s. Adem\u00e1s, <strong>hay un\u00a0<em>pro shop\u00a0<\/em>donde puedes conseguir ropa, accesorios y recuerdos.<\/strong><\/p>\t\t\t\t\t\t\t\t<\/div>\n\t\t\t\t<\/div>\n\t\t\t\t\t<\/div>\n\t\t<\/div>\n\t\t\t\t<div class=\"elementor-column elementor-col-50 elementor-top-column elementor-element elementor-element-8f51373\" data-id=\"8f51373\" data-element_type=\"column\" data-e-type=\"column\">\n\t\t\t<div class=\"elementor-widget-wrap elementor-element-populated\">\n\t\t\t\t\t\t<div class=\"elementor-element elementor-element-5781e93 elementor-widget elementor-widget-image\" data-id=\"5781e93\" data-element_type=\"widget\" data-e-type=\"widget\" data-widget_type=\"image.default\">\n\t\t\t\t<div class=\"elementor-widget-container\">\n\t\t\t\t\t\t\t\t\t\t\t\t\t\t\t<img decoding=\"async\" src=\"\" title=\"\" alt=\"course golf club pollen\u00e7a mallorca\" loading=\"lazy\" \/>\t\t\t\t\t\t\t\t\t\t\t\t\t\t\t<\/div>\n\t\t\t\t<\/div>\n\t\t\t\t\t<\/div>\n\t\t<\/div>\n\t\t\t\t\t<\/div>\n\t\t<\/section>\n\t\t\t\t<section class=\"elementor-section elementor-top-section elementor-element elementor-element-78f3007 elementor-section-boxed elementor-section-height-default elementor-section-height-default\" data-id=\"78f3007\" data-element_type=\"section\" data-e-type=\"section\">\n\t\t\t\t\t\t<div class=\"elementor-container elementor-column-gap-default\">\n\t\t\t\t\t<div class=\"elementor-column elementor-col-100 elementor-top-column elementor-element elementor-element-b63dd8b\" data-id=\"b63dd8b\" data-element_type=\"column\" data-e-type=\"column\">\n\t\t\t<div class=\"elementor-widget-wrap elementor-element-populated\">\n\t\t\t\t\t\t<div class=\"elementor-element elementor-element-68c0ab9 elementor-widget elementor-widget-heading\" data-id=\"68c0ab9\" data-element_type=\"widget\" data-e-type=\"widget\" data-widget_type=\"heading.default\">\n\t\t\t\t<div class=\"elementor-widget-container\">\n\t\t\t\t\t<h2 class=\"elementor-heading-title elementor-size-default\">C\u00f3mo reservar <\/h2>\t\t\t\t<\/div>\n\t\t\t\t<\/div>\n\t\t\t\t<div class=\"elementor-element elementor-element-8f4ef23 elementor-widget elementor-widget-text-editor\" data-id=\"8f4ef23\" data-element_type=\"widget\" data-e-type=\"widget\" data-widget_type=\"text-editor.default\">\n\t\t\t\t<div class=\"elementor-widget-container\">\n\t\t\t\t\t\t\t\t\t<p style=\"font-weight: 400;\">Reservar tu partida en\u00a0Pollen\u00e7a Golf Club\u00a0es muy sencillo<strong>. La <\/strong><a href=\"https:\/\/golfpollensa.com\/\"><strong>web oficial<\/strong><\/a><strong> permite elegir d\u00eda, hora y extras como el alquiler de palos o\u00a0<em>buggy<\/em>.<\/strong> Y s\u00ed, puedes ver la disponibilidad en tiempo real. El Club de Golf de Pollen\u00e7a no va a ponerte ninguna traba para disfrutar de tu partida.<\/p><p style=\"font-weight: 400;\">Si prefieres otro m\u00e9todo, tambi\u00e9n puedes llamar por tel\u00e9fono \u2014al\u00a0+34 683 248 469\u2014 o enviar un correo a\u00a0<a href=\"mailto:rec@golfpollensa.com\">rec@golfpollensa.com<\/a> para realizar la reserva.<\/p>\t\t\t\t\t\t\t\t<\/div>\n\t\t\t\t<\/div>\n\t\t\t\t\t<\/div>\n\t\t<\/div>\n\t\t\t\t\t<\/div>\n\t\t<\/section>\n\t\t\t\t<section class=\"elementor-section elementor-top-section elementor-element elementor-element-2b755fa5 elementor-section-boxed elementor-section-height-default elementor-section-height-default\" data-id=\"2b755fa5\" data-element_type=\"section\" data-e-type=\"section\">\n\t\t\t\t\t\t<div class=\"elementor-container elementor-column-gap-default\">\n\t\t\t\t\t<div class=\"elementor-column elementor-col-100 elementor-top-column elementor-element elementor-element-2af2f44\" data-id=\"2af2f44\" data-element_type=\"column\" data-e-type=\"column\">\n\t\t\t<div class=\"elementor-widget-wrap elementor-element-populated\">\n\t\t\t\t\t\t<div class=\"elementor-element elementor-element-4b3dc0fc elementor-widget elementor-widget-heading\" data-id=\"4b3dc0fc\" data-element_type=\"widget\" data-e-type=\"widget\" data-widget_type=\"heading.default\">\n\t\t\t\t<div class=\"elementor-widget-container\">\n\t\t\t\t\t<h2 class=\"elementor-heading-title elementor-size-default\">\u00bfVienes a jugar al Club de Golf de Pollen\u00e7a? <\/h2>\t\t\t\t<\/div>\n\t\t\t\t<\/div>\n\t\t\t\t<div class=\"elementor-element elementor-element-330054b0 elementor-widget elementor-widget-text-editor\" data-id=\"330054b0\" data-element_type=\"widget\" data-e-type=\"widget\" data-widget_type=\"text-editor.default\">\n\t\t\t\t<div class=\"elementor-widget-container\">\n\t\t\t\t\t\t\t\t\t<p style=\"font-weight: 400;\">Echar una partida de <a href=\"https:\/\/www.idealpropertymallorca.com\/blog\/es\/golf-mallorca\/\">golf en Mallorca<\/a> aqu\u00ed es el principio. A esta localidad no solo se viene a disfrutar del deporte, sino tambi\u00e9n del entorno y de un mont\u00f3n de cosas <a href=\"https:\/\/www.idealpropertymallorca.com\/blog\/es\/guia-de-los-12-lugares-mas-increibles-que-ver-en-pollensa\/\">que ver en Pollen\u00e7a<\/a>.<\/p><p style=\"font-weight: 400;\">Y si te quedas unos d\u00edas, mejor a\u00fan. <strong>Podr\u00e1s\u00a0alojarte con <\/strong><a href=\"https:\/\/www.idealpropertymallorca.com\/es\/\"><strong>Ideal Property<\/strong><\/a><strong> en una villa con encanto o en una casa tradicional y usarla como punto de partida para explorar la isla a tu aire.<\/strong><\/p><p style=\"font-weight: 400;\">Desde aqu\u00ed tienes todo cerca: las <a href=\"https:\/\/www.idealpropertymallorca.com\/blog\/es\/calas-mallorca\/\">mejores\u00a0calas de Mallorca<\/a>, miradores\u00a0con vistas incre\u00edbles y otros\u00a0clubs de golf\u00a0en Mallorca que merece la pena conocer.<\/p><p style=\"font-weight: 400;\">\u00a1Ven, juega, descansa y descubre Mallorca como se merece!<\/p>\t\t\t\t\t\t\t\t<\/div>\n\t\t\t\t<\/div>\n\t\t\t\t\t<\/div>\n\t\t<\/div>\n\t\t\t\t\t<\/div>\n\t\t<\/section>\n\t\t\t\t<section class=\"elementor-section elementor-top-section elementor-element elementor-element-6d2f6bac elementor-section-boxed elementor-section-height-default elementor-section-height-default\" data-id=\"6d2f6bac\" data-element_type=\"section\" data-e-type=\"section\">\n\t\t\t\t\t\t<div class=\"elementor-container elementor-column-gap-default\">\n\t\t\t\t\t<div class=\"elementor-column elementor-col-33 elementor-top-column elementor-element elementor-element-2da98e92\" data-id=\"2da98e92\" data-element_type=\"column\" data-e-type=\"column\" data-settings=\"{&quot;background_background&quot;:&quot;classic&quot;}\">\n\t\t\t<div class=\"elementor-widget-wrap elementor-element-populated\">\n\t\t\t\t\t\t<div class=\"elementor-element elementor-element-77c226c0 elementor-align-center elementor-widget elementor-widget-button\" data-id=\"77c226c0\" data-element_type=\"widget\" data-e-type=\"widget\" data-widget_type=\"button.default\">\n\t\t\t\t<div class=\"elementor-widget-container\">\n\t\t\t\t\t\t\t\t\t<div class=\"elementor-button-wrapper\">\n\t\t\t\t\t<a class=\"elementor-button elementor-button-link elementor-size-sm\" href=\"https:\/\/www.idealpropertymallorca.com\/es\/alquiler\/fincas-pollensa-c22d459611\/vista-lista\/\">\n\t\t\t\t\t\t<span class=\"elementor-button-content-wrapper\">\n\t\t\t\t\t\t\t\t\t<span class=\"elementor-button-text\">Fincas rurales en Pollen\u00e7a<\/span>\n\t\t\t\t\t<\/span>\n\t\t\t\t\t<\/a>\n\t\t\t\t<\/div>\n\t\t\t\t\t\t\t\t<\/div>\n\t\t\t\t<\/div>\n\t\t\t\t\t<\/div>\n\t\t<\/div>\n\t\t\t\t<div class=\"elementor-column elementor-col-33 elementor-top-column elementor-element elementor-element-40866fb7\" data-id=\"40866fb7\" data-element_type=\"column\" data-e-type=\"column\" data-settings=\"{&quot;background_background&quot;:&quot;classic&quot;}\">\n\t\t\t<div class=\"elementor-widget-wrap elementor-element-populated\">\n\t\t\t\t\t\t<div class=\"elementor-element elementor-element-6c9b5a3c elementor-align-center elementor-widget elementor-widget-button\" data-id=\"6c9b5a3c\" data-element_type=\"widget\" data-e-type=\"widget\" data-widget_type=\"button.default\">\n\t\t\t\t<div class=\"elementor-widget-container\">\n\t\t\t\t\t\t\t\t\t<div class=\"elementor-button-wrapper\">\n\t\t\t\t\t<a class=\"elementor-button elementor-button-link elementor-size-sm\" href=\"https:\/\/www.idealpropertymallorca.com\/es\/alquiler\/apartamentos-puerto-pollensa-c1d459709\/vista-lista\/\">\n\t\t\t\t\t\t<span class=\"elementor-button-content-wrapper\">\n\t\t\t\t\t\t\t\t\t<span class=\"elementor-button-text\">Apartamentos en Pollen\u00e7a<\/span>\n\t\t\t\t\t<\/span>\n\t\t\t\t\t<\/a>\n\t\t\t\t<\/div>\n\t\t\t\t\t\t\t\t<\/div>\n\t\t\t\t<\/div>\n\t\t\t\t\t<\/div>\n\t\t<\/div>\n\t\t\t\t<div class=\"elementor-column elementor-col-33 elementor-top-column elementor-element elementor-element-23523549\" data-id=\"23523549\" data-element_type=\"column\" data-e-type=\"column\" data-settings=\"{&quot;background_background&quot;:&quot;classic&quot;}\">\n\t\t\t<div class=\"elementor-widget-wrap elementor-element-populated\">\n\t\t\t\t\t\t<div class=\"elementor-element elementor-element-274bb059 elementor-align-center elementor-widget elementor-widget-button\" data-id=\"274bb059\" data-element_type=\"widget\" data-e-type=\"widget\" data-widget_type=\"button.default\">\n\t\t\t\t<div class=\"elementor-widget-container\">\n\t\t\t\t\t\t\t\t\t<div class=\"elementor-button-wrapper\">\n\t\t\t\t\t<a class=\"elementor-button elementor-button-link elementor-size-sm\" href=\"https:\/\/www.idealpropertymallorca.com\/es\/alquiler\/casas-pollensa-c19d459611\/vista-lista\/\">\n\t\t\t\t\t\t<span class=\"elementor-button-content-wrapper\">\n\t\t\t\t\t\t\t\t\t<span class=\"elementor-button-text\">Casas vacacionales en Pollen\u00e7a<\/span>\n\t\t\t\t\t<\/span>\n\t\t\t\t\t<\/a>\n\t\t\t\t<\/div>\n\t\t\t\t\t\t\t\t<\/div>\n\t\t\t\t<\/div>\n\t\t\t\t\t<\/div>\n\t\t<\/div>\n\t\t\t\t\t<\/div>\n\t\t<\/section>\n\t\t\t\t<section class=\"elementor-section elementor-top-section elementor-element elementor-element-642278cd elementor-section-boxed elementor-section-height-default elementor-section-height-default\" data-id=\"642278cd\" data-element_type=\"section\" data-e-type=\"section\">\n\t\t\t\t\t\t<div class=\"elementor-container elementor-column-gap-default\">\n\t\t\t\t\t<div class=\"elementor-column elementor-col-33 elementor-top-column elementor-element elementor-element-2f1c0479\" data-id=\"2f1c0479\" data-element_type=\"column\" data-e-type=\"column\" data-settings=\"{&quot;background_background&quot;:&quot;classic&quot;}\">\n\t\t\t<div class=\"elementor-widget-wrap elementor-element-populated\">\n\t\t\t\t\t\t<div class=\"elementor-element elementor-element-f312633 elementor-align-center elementor-widget elementor-widget-button\" data-id=\"f312633\" data-element_type=\"widget\" data-e-type=\"widget\" data-widget_type=\"button.default\">\n\t\t\t\t<div class=\"elementor-widget-container\">\n\t\t\t\t\t\t\t\t\t<div class=\"elementor-button-wrapper\">\n\t\t\t\t\t<a class=\"elementor-button elementor-button-link elementor-size-sm\" href=\"https:\/\/www.idealpropertymallorca.com\/es\/alquiler\/fincas-pollensa-c22d459611\/vista-lista\/\">\n\t\t\t\t\t\t<span class=\"elementor-button-content-wrapper\">\n\t\t\t\t\t\t\t\t\t<span class=\"elementor-button-text\">Fincas rurales en Pollen\u00e7a<\/span>\n\t\t\t\t\t<\/span>\n\t\t\t\t\t<\/a>\n\t\t\t\t<\/div>\n\t\t\t\t\t\t\t\t<\/div>\n\t\t\t\t<\/div>\n\t\t\t\t\t<\/div>\n\t\t<\/div>\n\t\t\t\t<div class=\"elementor-column elementor-col-33 elementor-top-column elementor-element elementor-element-43a59923\" data-id=\"43a59923\" data-element_type=\"column\" data-e-type=\"column\" data-settings=\"{&quot;background_background&quot;:&quot;classic&quot;}\">\n\t\t\t<div class=\"elementor-widget-wrap elementor-element-populated\">\n\t\t\t\t\t\t<div class=\"elementor-element elementor-element-67005312 elementor-align-center elementor-widget elementor-widget-button\" data-id=\"67005312\" data-element_type=\"widget\" data-e-type=\"widget\" data-widget_type=\"button.default\">\n\t\t\t\t<div class=\"elementor-widget-container\">\n\t\t\t\t\t\t\t\t\t<div class=\"elementor-button-wrapper\">\n\t\t\t\t\t<a class=\"elementor-button elementor-button-link elementor-size-sm\" href=\"https:\/\/www.idealpropertymallorca.com\/es\/alquiler\/apartamentos-puerto-pollensa-c1d459709\/vista-lista\/\">\n\t\t\t\t\t\t<span class=\"elementor-button-content-wrapper\">\n\t\t\t\t\t\t\t\t\t<span class=\"elementor-button-text\">Apartamentos en Pollen\u00e7a<\/span>\n\t\t\t\t\t<\/span>\n\t\t\t\t\t<\/a>\n\t\t\t\t<\/div>\n\t\t\t\t\t\t\t\t<\/div>\n\t\t\t\t<\/div>\n\t\t\t\t\t<\/div>\n\t\t<\/div>\n\t\t\t\t<div class=\"elementor-column elementor-col-33 elementor-top-column elementor-element elementor-element-18bebb60\" data-id=\"18bebb60\" data-element_type=\"column\" data-e-type=\"column\" data-settings=\"{&quot;background_background&quot;:&quot;classic&quot;}\">\n\t\t\t<div class=\"elementor-widget-wrap elementor-element-populated\">\n\t\t\t\t\t\t<div class=\"elementor-element elementor-element-3cdce991 elementor-align-center elementor-widget elementor-widget-button\" data-id=\"3cdce991\" data-element_type=\"widget\" data-e-type=\"widget\" data-widget_type=\"button.default\">\n\t\t\t\t<div class=\"elementor-widget-container\">\n\t\t\t\t\t\t\t\t\t<div class=\"elementor-button-wrapper\">\n\t\t\t\t\t<a class=\"elementor-button elementor-button-link elementor-size-sm\" href=\"https:\/\/www.idealpropertymallorca.com\/es\/alquiler\/casas-pollensa-c19d459611\/vista-lista\/\">\n\t\t\t\t\t\t<span class=\"elementor-button-content-wrapper\">\n\t\t\t\t\t\t\t\t\t<span class=\"elementor-button-text\">Casas vacacionales en Pollen\u00e7a<\/span>\n\t\t\t\t\t<\/span>\n\t\t\t\t\t<\/a>\n\t\t\t\t<\/div>\n\t\t\t\t\t\t\t\t<\/div>\n\t\t\t\t<\/div>\n\t\t\t\t\t<\/div>\n\t\t<\/div>\n\t\t\t\t\t<\/div>\n\t\t<\/section>\n\t\t\t\t<section class=\"elementor-section elementor-top-section elementor-element elementor-element-4180ca8e elementor-section-boxed elementor-section-height-default elementor-section-height-default\" data-id=\"4180ca8e\" data-element_type=\"section\" data-e-type=\"section\">\n\t\t\t\t\t\t<div class=\"elementor-container elementor-column-gap-default\">\n\t\t\t\t\t<div class=\"elementor-column elementor-col-33 elementor-top-column elementor-element elementor-element-7f25dc9a\" data-id=\"7f25dc9a\" data-element_type=\"column\" data-e-type=\"column\" data-settings=\"{&quot;background_background&quot;:&quot;classic&quot;}\">\n\t\t\t<div class=\"elementor-widget-wrap elementor-element-populated\">\n\t\t\t\t\t\t<div class=\"elementor-element elementor-element-2cf150a7 elementor-align-center elementor-widget elementor-widget-button\" data-id=\"2cf150a7\" data-element_type=\"widget\" data-e-type=\"widget\" data-widget_type=\"button.default\">\n\t\t\t\t<div class=\"elementor-widget-container\">\n\t\t\t\t\t\t\t\t\t<div class=\"elementor-button-wrapper\">\n\t\t\t\t\t<a class=\"elementor-button elementor-button-link elementor-size-sm\" href=\"https:\/\/www.idealpropertymallorca.com\/es\/alquiler\/fincas-pollensa-c22d459611\/vista-lista\/\">\n\t\t\t\t\t\t<span class=\"elementor-button-content-wrapper\">\n\t\t\t\t\t\t\t\t\t<span class=\"elementor-button-text\">Fincas rurales en Pollen\u00e7a<\/span>\n\t\t\t\t\t<\/span>\n\t\t\t\t\t<\/a>\n\t\t\t\t<\/div>\n\t\t\t\t\t\t\t\t<\/div>\n\t\t\t\t<\/div>\n\t\t\t\t\t<\/div>\n\t\t<\/div>\n\t\t\t\t<div class=\"elementor-column elementor-col-33 elementor-top-column elementor-element elementor-element-282e2d69\" data-id=\"282e2d69\" data-element_type=\"column\" data-e-type=\"column\" data-settings=\"{&quot;background_background&quot;:&quot;classic&quot;}\">\n\t\t\t<div class=\"elementor-widget-wrap elementor-element-populated\">\n\t\t\t\t\t\t<div class=\"elementor-element elementor-element-30609fba elementor-align-center elementor-widget elementor-widget-button\" data-id=\"30609fba\" data-element_type=\"widget\" data-e-type=\"widget\" data-widget_type=\"button.default\">\n\t\t\t\t<div class=\"elementor-widget-container\">\n\t\t\t\t\t\t\t\t\t<div class=\"elementor-button-wrapper\">\n\t\t\t\t\t<a class=\"elementor-button elementor-button-link elementor-size-sm\" href=\"https:\/\/www.idealpropertymallorca.com\/es\/alquiler\/apartamentos-puerto-pollensa-c1d459709\/vista-lista\/\">\n\t\t\t\t\t\t<span class=\"elementor-button-content-wrapper\">\n\t\t\t\t\t\t\t\t\t<span class=\"elementor-button-text\">Apartamentos en Pollen\u00e7a<\/span>\n\t\t\t\t\t<\/span>\n\t\t\t\t\t<\/a>\n\t\t\t\t<\/div>\n\t\t\t\t\t\t\t\t<\/div>\n\t\t\t\t<\/div>\n\t\t\t\t\t<\/div>\n\t\t<\/div>\n\t\t\t\t<div class=\"elementor-column elementor-col-33 elementor-top-column elementor-element elementor-element-4858e531\" data-id=\"4858e531\" data-element_type=\"column\" data-e-type=\"column\" data-settings=\"{&quot;background_background&quot;:&quot;classic&quot;}\">\n\t\t\t<div class=\"elementor-widget-wrap elementor-element-populated\">\n\t\t\t\t\t\t<div class=\"elementor-element elementor-element-7f70e496 elementor-align-center elementor-widget elementor-widget-button\" data-id=\"7f70e496\" data-element_type=\"widget\" data-e-type=\"widget\" data-widget_type=\"button.default\">\n\t\t\t\t<div class=\"elementor-widget-container\">\n\t\t\t\t\t\t\t\t\t<div class=\"elementor-button-wrapper\">\n\t\t\t\t\t<a class=\"elementor-button elementor-button-link elementor-size-sm\" href=\"https:\/\/www.idealpropertymallorca.com\/es\/alquiler\/casas-pollensa-c19d459611\/vista-lista\/\">\n\t\t\t\t\t\t<span class=\"elementor-button-content-wrapper\">\n\t\t\t\t\t\t\t\t\t<span class=\"elementor-button-text\">Casas vacacionales en Pollen\u00e7a<\/span>\n\t\t\t\t\t<\/span>\n\t\t\t\t\t<\/a>\n\t\t\t\t<\/div>\n\t\t\t\t\t\t\t\t<\/div>\n\t\t\t\t<\/div>\n\t\t\t\t\t<\/div>\n\t\t<\/div>\n\t\t\t\t\t<\/div>\n\t\t<\/section>\n\t\t\t\t<section class=\"elementor-section elementor-top-section elementor-element elementor-element-d792751 elementor-section-boxed elementor-section-height-default elementor-section-height-default\" data-id=\"d792751\" data-element_type=\"section\" data-e-type=\"section\">\n\t\t\t\t\t\t<div class=\"elementor-container elementor-column-gap-default\">\n\t\t\t\t\t<div class=\"elementor-column elementor-col-33 elementor-top-column elementor-element elementor-element-27014e9b\" data-id=\"27014e9b\" data-element_type=\"column\" data-e-type=\"column\" data-settings=\"{&quot;background_background&quot;:&quot;classic&quot;}\">\n\t\t\t<div class=\"elementor-widget-wrap elementor-element-populated\">\n\t\t\t\t\t\t<div class=\"elementor-element elementor-element-48bb7d05 elementor-align-center elementor-widget elementor-widget-button\" data-id=\"48bb7d05\" data-element_type=\"widget\" data-e-type=\"widget\" data-widget_type=\"button.default\">\n\t\t\t\t<div class=\"elementor-widget-container\">\n\t\t\t\t\t\t\t\t\t<div class=\"elementor-button-wrapper\">\n\t\t\t\t\t<a class=\"elementor-button elementor-button-link elementor-size-sm\" href=\"https:\/\/www.idealpropertymallorca.com\/es\/alquiler\/fincas-pollensa-c22d459611\/vista-lista\/\">\n\t\t\t\t\t\t<span class=\"elementor-button-content-wrapper\">\n\t\t\t\t\t\t\t\t\t<span class=\"elementor-button-text\">Fincas rurales en Pollen\u00e7a<\/span>\n\t\t\t\t\t<\/span>\n\t\t\t\t\t<\/a>\n\t\t\t\t<\/div>\n\t\t\t\t\t\t\t\t<\/div>\n\t\t\t\t<\/div>\n\t\t\t\t\t<\/div>\n\t\t<\/div>\n\t\t\t\t<div class=\"elementor-column elementor-col-33 elementor-top-column elementor-element elementor-element-6bbab4d1\" data-id=\"6bbab4d1\" data-element_type=\"column\" data-e-type=\"column\" data-settings=\"{&quot;background_background&quot;:&quot;classic&quot;}\">\n\t\t\t<div class=\"elementor-widget-wrap elementor-element-populated\">\n\t\t\t\t\t\t<div class=\"elementor-element elementor-element-49558553 elementor-align-center elementor-widget elementor-widget-button\" data-id=\"49558553\" data-element_type=\"widget\" data-e-type=\"widget\" data-widget_type=\"button.default\">\n\t\t\t\t<div class=\"elementor-widget-container\">\n\t\t\t\t\t\t\t\t\t<div class=\"elementor-button-wrapper\">\n\t\t\t\t\t<a class=\"elementor-button elementor-button-link elementor-size-sm\" href=\"https:\/\/www.idealpropertymallorca.com\/es\/alquiler\/apartamentos-puerto-pollensa-c1d459709\/vista-lista\/\">\n\t\t\t\t\t\t<span class=\"elementor-button-content-wrapper\">\n\t\t\t\t\t\t\t\t\t<span class=\"elementor-button-text\">Apartamentos en Pollen\u00e7a<\/span>\n\t\t\t\t\t<\/span>\n\t\t\t\t\t<\/a>\n\t\t\t\t<\/div>\n\t\t\t\t\t\t\t\t<\/div>\n\t\t\t\t<\/div>\n\t\t\t\t\t<\/div>\n\t\t<\/div>\n\t\t\t\t<div class=\"elementor-column elementor-col-33 elementor-top-column elementor-element elementor-element-271aa086\" data-id=\"271aa086\" data-element_type=\"column\" data-e-type=\"column\" data-settings=\"{&quot;background_background&quot;:&quot;classic&quot;}\">\n\t\t\t<div class=\"elementor-widget-wrap elementor-element-populated\">\n\t\t\t\t\t\t<div class=\"elementor-element elementor-element-5363615 elementor-align-center elementor-widget elementor-widget-button\" data-id=\"5363615\" data-element_type=\"widget\" data-e-type=\"widget\" data-widget_type=\"button.default\">\n\t\t\t\t<div class=\"elementor-widget-container\">\n\t\t\t\t\t\t\t\t\t<div class=\"elementor-button-wrapper\">\n\t\t\t\t\t<a class=\"elementor-button elementor-button-link elementor-size-sm\" href=\"https:\/\/www.idealpropertymallorca.com\/es\/alquiler\/casas-pollensa-c19d459611\/vista-lista\/\">\n\t\t\t\t\t\t<span class=\"elementor-button-content-wrapper\">\n\t\t\t\t\t\t\t\t\t<span class=\"elementor-button-text\">Casas vacacionales en Pollen\u00e7a<\/span>\n\t\t\t\t\t<\/span>\n\t\t\t\t\t<\/a>\n\t\t\t\t<\/div>\n\t\t\t\t\t\t\t\t<\/div>\n\t\t\t\t<\/div>\n\t\t\t\t\t<\/div>\n\t\t<\/div>\n\t\t\t\t\t<\/div>\n\t\t<\/section>\n\t\t\t\t<\/div>\n\t\t","protected":false},"excerpt":{"rendered":"<p>Mallorca siempre sorprende, pero hay lugares donde la isla puede demostrarte que es a\u00fan m\u00e1s especial, y uno de ellos es el\u00a0Pollen\u00e7a Golf Club. Est\u00e1 al norte de la isla y lleva ah\u00ed desde 1986, complementando la oferta tur\u00edstica de Pollen\u00e7a, uno de los municipios con m\u00e1s encanto de Mallorca. Tanto si eres amante del [&hellip;]<\/p>\n","protected":false},"author":8,"featured_media":22122,"comment_status":"open","ping_status":"open","sticky":false,"template":"","format":"standard","meta":{"footnotes":""},"categories":[739,62],"tags":[],"class_list":["post-21825","post","type-post","status-publish","format-standard","has-post-thumbnail","hentry","category-actividades-para-la-familia","category-extra-es"],"yoast_head":"<!-- This site is optimized with the Yoast SEO plugin v27.4 - https:\/\/yoast.com\/product\/yoast-seo-wordpress\/ -->\n<title>Ven a conocer el Pollen\u00e7a Golf Club a Mallorca\u00a0 - Majorca Blog<\/title>\n<meta name=\"description\" content=\"Explora el Club de Golf de Pollen\u00e7a, un campo para todos los p\u00fablicos ubicado en un entorno espectacular, perfecto para jugar y desconectar en Mallorca.\" \/>\n<meta name=\"robots\" content=\"index, follow, max-snippet:-1, max-image-preview:large, max-video-preview:-1\" \/>\n<link rel=\"canonical\" href=\"https:\/\/www.idealpropertymallorca.com\/blog\/es\/pollenca-golf-club-mallorca\/\" \/>\n<meta property=\"og:locale\" content=\"es_ES\" \/>\n<meta property=\"og:type\" content=\"article\" \/>\n<meta property=\"og:title\" content=\"Ven a conocer el Pollen\u00e7a Golf Club a Mallorca\u00a0 - Majorca Blog\" \/>\n<meta property=\"og:description\" content=\"Explora el Club de Golf de Pollen\u00e7a, un campo para todos los p\u00fablicos ubicado en un entorno espectacular, perfecto para jugar y desconectar en Mallorca.\" \/>\n<meta property=\"og:url\" content=\"https:\/\/www.idealpropertymallorca.com\/blog\/es\/pollenca-golf-club-mallorca\/\" \/>\n<meta property=\"og:site_name\" content=\"Majorca Blog\" \/>\n<meta property=\"article:published_time\" content=\"2025-10-24T11:30:20+00:00\" \/>\n<meta property=\"article:modified_time\" content=\"2025-10-24T11:37:57+00:00\" \/>\n<meta property=\"og:image\" content=\"https:\/\/www.idealpropertymallorca.com\/blog\/wp-content\/uploads\/2025\/10\/Golf-de-Pollenca.jpg\" \/>\n\t<meta property=\"og:image:width\" content=\"1920\" \/>\n\t<meta property=\"og:image:height\" content=\"1000\" \/>\n\t<meta property=\"og:image:type\" content=\"image\/jpeg\" \/>\n<meta name=\"author\" content=\"Laura\" \/>\n<meta name=\"twitter:card\" content=\"summary_large_image\" \/>\n<meta name=\"twitter:label1\" content=\"Written by\" \/>\n\t<meta name=\"twitter:data1\" content=\"Laura\" \/>\n\t<meta name=\"twitter:label2\" content=\"Est. reading time\" \/>\n\t<meta name=\"twitter:data2\" content=\"6 minutes\" \/>\n<script type=\"application\/ld+json\" class=\"yoast-schema-graph\">{\"@context\":\"https:\\\/\\\/schema.org\",\"@graph\":[{\"@type\":\"Article\",\"@id\":\"https:\\\/\\\/www.idealpropertymallorca.com\\\/blog\\\/es\\\/pollenca-golf-club-mallorca\\\/#article\",\"isPartOf\":{\"@id\":\"https:\\\/\\\/www.idealpropertymallorca.com\\\/blog\\\/es\\\/pollenca-golf-club-mallorca\\\/\"},\"author\":{\"name\":\"Laura\",\"@id\":\"https:\\\/\\\/www.idealpropertymallorca.com\\\/blog\\\/es\\\/#\\\/schema\\\/person\\\/53b99bcf6881b706ccaf30eb50de4c8e\"},\"headline\":\"Ven a conocer el Pollen\u00e7a Golf Club a Mallorca\u00a0\",\"datePublished\":\"2025-10-24T11:30:20+00:00\",\"dateModified\":\"2025-10-24T11:37:57+00:00\",\"mainEntityOfPage\":{\"@id\":\"https:\\\/\\\/www.idealpropertymallorca.com\\\/blog\\\/es\\\/pollenca-golf-club-mallorca\\\/\"},\"wordCount\":1082,\"commentCount\":0,\"publisher\":{\"@id\":\"https:\\\/\\\/www.idealpropertymallorca.com\\\/blog\\\/es\\\/#organization\"},\"image\":{\"@id\":\"https:\\\/\\\/www.idealpropertymallorca.com\\\/blog\\\/es\\\/pollenca-golf-club-mallorca\\\/#primaryimage\"},\"thumbnailUrl\":\"https:\\\/\\\/www.idealpropertymallorca.com\\\/blog\\\/wp-content\\\/uploads\\\/2025\\\/10\\\/Golf-de-Pollenca.jpg\",\"articleSection\":[\"Actividades para la familia\",\"Extra\"],\"inLanguage\":\"es\",\"potentialAction\":[{\"@type\":\"CommentAction\",\"name\":\"Comment\",\"target\":[\"https:\\\/\\\/www.idealpropertymallorca.com\\\/blog\\\/es\\\/pollenca-golf-club-mallorca\\\/#respond\"]}]},{\"@type\":\"WebPage\",\"@id\":\"https:\\\/\\\/www.idealpropertymallorca.com\\\/blog\\\/es\\\/pollenca-golf-club-mallorca\\\/\",\"url\":\"https:\\\/\\\/www.idealpropertymallorca.com\\\/blog\\\/es\\\/pollenca-golf-club-mallorca\\\/\",\"name\":\"Ven a conocer el Pollen\u00e7a Golf Club a Mallorca\u00a0 - Majorca Blog\",\"isPartOf\":{\"@id\":\"https:\\\/\\\/www.idealpropertymallorca.com\\\/blog\\\/es\\\/#website\"},\"primaryImageOfPage\":{\"@id\":\"https:\\\/\\\/www.idealpropertymallorca.com\\\/blog\\\/es\\\/pollenca-golf-club-mallorca\\\/#primaryimage\"},\"image\":{\"@id\":\"https:\\\/\\\/www.idealpropertymallorca.com\\\/blog\\\/es\\\/pollenca-golf-club-mallorca\\\/#primaryimage\"},\"thumbnailUrl\":\"https:\\\/\\\/www.idealpropertymallorca.com\\\/blog\\\/wp-content\\\/uploads\\\/2025\\\/10\\\/Golf-de-Pollenca.jpg\",\"datePublished\":\"2025-10-24T11:30:20+00:00\",\"dateModified\":\"2025-10-24T11:37:57+00:00\",\"description\":\"Explora el Club de Golf de Pollen\u00e7a, un campo para todos los p\u00fablicos ubicado en un entorno espectacular, perfecto para jugar y desconectar en Mallorca.\",\"inLanguage\":\"es\",\"potentialAction\":[{\"@type\":\"ReadAction\",\"target\":[\"https:\\\/\\\/www.idealpropertymallorca.com\\\/blog\\\/es\\\/pollenca-golf-club-mallorca\\\/\"]}]},{\"@type\":\"ImageObject\",\"inLanguage\":\"es\",\"@id\":\"https:\\\/\\\/www.idealpropertymallorca.com\\\/blog\\\/es\\\/pollenca-golf-club-mallorca\\\/#primaryimage\",\"url\":\"https:\\\/\\\/www.idealpropertymallorca.com\\\/blog\\\/wp-content\\\/uploads\\\/2025\\\/10\\\/Golf-de-Pollenca.jpg\",\"contentUrl\":\"https:\\\/\\\/www.idealpropertymallorca.com\\\/blog\\\/wp-content\\\/uploads\\\/2025\\\/10\\\/Golf-de-Pollenca.jpg\",\"width\":1920,\"height\":1000,\"caption\":\"Golf de Pollen\u00e7a\"},{\"@type\":\"WebSite\",\"@id\":\"https:\\\/\\\/www.idealpropertymallorca.com\\\/blog\\\/es\\\/#website\",\"url\":\"https:\\\/\\\/www.idealpropertymallorca.com\\\/blog\\\/es\\\/\",\"name\":\"Majorca Blog\",\"description\":\"Find relevant tourist information to see and do on the island of Mallorca during your holiday. Discover the best places and tips!\",\"publisher\":{\"@id\":\"https:\\\/\\\/www.idealpropertymallorca.com\\\/blog\\\/es\\\/#organization\"},\"potentialAction\":[{\"@type\":\"SearchAction\",\"target\":{\"@type\":\"EntryPoint\",\"urlTemplate\":\"https:\\\/\\\/www.idealpropertymallorca.com\\\/blog\\\/es\\\/?s={search_term_string}\"},\"query-input\":{\"@type\":\"PropertyValueSpecification\",\"valueRequired\":true,\"valueName\":\"search_term_string\"}}],\"inLanguage\":\"es\"},{\"@type\":\"Organization\",\"@id\":\"https:\\\/\\\/www.idealpropertymallorca.com\\\/blog\\\/es\\\/#organization\",\"name\":\"Majorca Blog\",\"url\":\"https:\\\/\\\/www.idealpropertymallorca.com\\\/blog\\\/es\\\/\",\"logo\":{\"@type\":\"ImageObject\",\"inLanguage\":\"es\",\"@id\":\"https:\\\/\\\/www.idealpropertymallorca.com\\\/blog\\\/es\\\/#\\\/schema\\\/logo\\\/image\\\/\",\"url\":\"https:\\\/\\\/www.idealpropertymallorca.com\\\/blog\\\/wp-content\\\/uploads\\\/2024\\\/10\\\/ideal-property-mallorca-blue-mobile.png\",\"contentUrl\":\"https:\\\/\\\/www.idealpropertymallorca.com\\\/blog\\\/wp-content\\\/uploads\\\/2024\\\/10\\\/ideal-property-mallorca-blue-mobile.png\",\"width\":500,\"height\":150,\"caption\":\"Majorca Blog\"},\"image\":{\"@id\":\"https:\\\/\\\/www.idealpropertymallorca.com\\\/blog\\\/es\\\/#\\\/schema\\\/logo\\\/image\\\/\"}},{\"@type\":\"Person\",\"@id\":\"https:\\\/\\\/www.idealpropertymallorca.com\\\/blog\\\/es\\\/#\\\/schema\\\/person\\\/53b99bcf6881b706ccaf30eb50de4c8e\",\"name\":\"Laura\",\"image\":{\"@type\":\"ImageObject\",\"inLanguage\":\"es\",\"@id\":\"https:\\\/\\\/secure.gravatar.com\\\/avatar\\\/38b396224481eeb6edadb558d7e4a6d1ff1c8ba1e6abd3951e451527e107c96b?s=96&d=mm&r=g\",\"url\":\"https:\\\/\\\/secure.gravatar.com\\\/avatar\\\/38b396224481eeb6edadb558d7e4a6d1ff1c8ba1e6abd3951e451527e107c96b?s=96&d=mm&r=g\",\"contentUrl\":\"https:\\\/\\\/secure.gravatar.com\\\/avatar\\\/38b396224481eeb6edadb558d7e4a6d1ff1c8ba1e6abd3951e451527e107c96b?s=96&d=mm&r=g\",\"caption\":\"Laura\"}}]}<\/script>\n<!-- \/ Yoast SEO plugin. -->","yoast_head_json":{"title":"Ven a conocer el Pollen\u00e7a Golf Club a Mallorca\u00a0 - Majorca Blog","description":"Explora el Club de Golf de Pollen\u00e7a, un campo para todos los p\u00fablicos ubicado en un entorno espectacular, perfecto para jugar y desconectar en Mallorca.","robots":{"index":"index","follow":"follow","max-snippet":"max-snippet:-1","max-image-preview":"max-image-preview:large","max-video-preview":"max-video-preview:-1"},"canonical":"https:\/\/www.idealpropertymallorca.com\/blog\/es\/pollenca-golf-club-mallorca\/","og_locale":"es_ES","og_type":"article","og_title":"Ven a conocer el Pollen\u00e7a Golf Club a Mallorca\u00a0 - Majorca Blog","og_description":"Explora el Club de Golf de Pollen\u00e7a, un campo para todos los p\u00fablicos ubicado en un entorno espectacular, perfecto para jugar y desconectar en Mallorca.","og_url":"https:\/\/www.idealpropertymallorca.com\/blog\/es\/pollenca-golf-club-mallorca\/","og_site_name":"Majorca Blog","article_published_time":"2025-10-24T11:30:20+00:00","article_modified_time":"2025-10-24T11:37:57+00:00","og_image":[{"width":1920,"height":1000,"url":"https:\/\/www.idealpropertymallorca.com\/blog\/wp-content\/uploads\/2025\/10\/Golf-de-Pollenca.jpg","type":"image\/jpeg"}],"author":"Laura","twitter_card":"summary_large_image","twitter_misc":{"Written by":"Laura","Est. reading time":"6 minutes"},"schema":{"@context":"https:\/\/schema.org","@graph":[{"@type":"Article","@id":"https:\/\/www.idealpropertymallorca.com\/blog\/es\/pollenca-golf-club-mallorca\/#article","isPartOf":{"@id":"https:\/\/www.idealpropertymallorca.com\/blog\/es\/pollenca-golf-club-mallorca\/"},"author":{"name":"Laura","@id":"https:\/\/www.idealpropertymallorca.com\/blog\/es\/#\/schema\/person\/53b99bcf6881b706ccaf30eb50de4c8e"},"headline":"Ven a conocer el Pollen\u00e7a Golf Club a Mallorca\u00a0","datePublished":"2025-10-24T11:30:20+00:00","dateModified":"2025-10-24T11:37:57+00:00","mainEntityOfPage":{"@id":"https:\/\/www.idealpropertymallorca.com\/blog\/es\/pollenca-golf-club-mallorca\/"},"wordCount":1082,"commentCount":0,"publisher":{"@id":"https:\/\/www.idealpropertymallorca.com\/blog\/es\/#organization"},"image":{"@id":"https:\/\/www.idealpropertymallorca.com\/blog\/es\/pollenca-golf-club-mallorca\/#primaryimage"},"thumbnailUrl":"https:\/\/www.idealpropertymallorca.com\/blog\/wp-content\/uploads\/2025\/10\/Golf-de-Pollenca.jpg","articleSection":["Actividades para la familia","Extra"],"inLanguage":"es","potentialAction":[{"@type":"CommentAction","name":"Comment","target":["https:\/\/www.idealpropertymallorca.com\/blog\/es\/pollenca-golf-club-mallorca\/#respond"]}]},{"@type":"WebPage","@id":"https:\/\/www.idealpropertymallorca.com\/blog\/es\/pollenca-golf-club-mallorca\/","url":"https:\/\/www.idealpropertymallorca.com\/blog\/es\/pollenca-golf-club-mallorca\/","name":"Ven a conocer el Pollen\u00e7a Golf Club a Mallorca\u00a0 - Majorca Blog","isPartOf":{"@id":"https:\/\/www.idealpropertymallorca.com\/blog\/es\/#website"},"primaryImageOfPage":{"@id":"https:\/\/www.idealpropertymallorca.com\/blog\/es\/pollenca-golf-club-mallorca\/#primaryimage"},"image":{"@id":"https:\/\/www.idealpropertymallorca.com\/blog\/es\/pollenca-golf-club-mallorca\/#primaryimage"},"thumbnailUrl":"https:\/\/www.idealpropertymallorca.com\/blog\/wp-content\/uploads\/2025\/10\/Golf-de-Pollenca.jpg","datePublished":"2025-10-24T11:30:20+00:00","dateModified":"2025-10-24T11:37:57+00:00","description":"Explora el Club de Golf de Pollen\u00e7a, un campo para todos los p\u00fablicos ubicado en un entorno espectacular, perfecto para jugar y desconectar en Mallorca.","inLanguage":"es","potentialAction":[{"@type":"ReadAction","target":["https:\/\/www.idealpropertymallorca.com\/blog\/es\/pollenca-golf-club-mallorca\/"]}]},{"@type":"ImageObject","inLanguage":"es","@id":"https:\/\/www.idealpropertymallorca.com\/blog\/es\/pollenca-golf-club-mallorca\/#primaryimage","url":"https:\/\/www.idealpropertymallorca.com\/blog\/wp-content\/uploads\/2025\/10\/Golf-de-Pollenca.jpg","contentUrl":"https:\/\/www.idealpropertymallorca.com\/blog\/wp-content\/uploads\/2025\/10\/Golf-de-Pollenca.jpg","width":1920,"height":1000,"caption":"Golf de Pollen\u00e7a"},{"@type":"WebSite","@id":"https:\/\/www.idealpropertymallorca.com\/blog\/es\/#website","url":"https:\/\/www.idealpropertymallorca.com\/blog\/es\/","name":"Majorca Blog","description":"Find relevant tourist information to see and do on the island of Mallorca during your holiday. Discover the best places and tips!","publisher":{"@id":"https:\/\/www.idealpropertymallorca.com\/blog\/es\/#organization"},"potentialAction":[{"@type":"SearchAction","target":{"@type":"EntryPoint","urlTemplate":"https:\/\/www.idealpropertymallorca.com\/blog\/es\/?s={search_term_string}"},"query-input":{"@type":"PropertyValueSpecification","valueRequired":true,"valueName":"search_term_string"}}],"inLanguage":"es"},{"@type":"Organization","@id":"https:\/\/www.idealpropertymallorca.com\/blog\/es\/#organization","name":"Majorca Blog","url":"https:\/\/www.idealpropertymallorca.com\/blog\/es\/","logo":{"@type":"ImageObject","inLanguage":"es","@id":"https:\/\/www.idealpropertymallorca.com\/blog\/es\/#\/schema\/logo\/image\/","url":"https:\/\/www.idealpropertymallorca.com\/blog\/wp-content\/uploads\/2024\/10\/ideal-property-mallorca-blue-mobile.png","contentUrl":"https:\/\/www.idealpropertymallorca.com\/blog\/wp-content\/uploads\/2024\/10\/ideal-property-mallorca-blue-mobile.png","width":500,"height":150,"caption":"Majorca Blog"},"image":{"@id":"https:\/\/www.idealpropertymallorca.com\/blog\/es\/#\/schema\/logo\/image\/"}},{"@type":"Person","@id":"https:\/\/www.idealpropertymallorca.com\/blog\/es\/#\/schema\/person\/53b99bcf6881b706ccaf30eb50de4c8e","name":"Laura","image":{"@type":"ImageObject","inLanguage":"es","@id":"https:\/\/secure.gravatar.com\/avatar\/38b396224481eeb6edadb558d7e4a6d1ff1c8ba1e6abd3951e451527e107c96b?s=96&d=mm&r=g","url":"https:\/\/secure.gravatar.com\/avatar\/38b396224481eeb6edadb558d7e4a6d1ff1c8ba1e6abd3951e451527e107c96b?s=96&d=mm&r=g","contentUrl":"https:\/\/secure.gravatar.com\/avatar\/38b396224481eeb6edadb558d7e4a6d1ff1c8ba1e6abd3951e451527e107c96b?s=96&d=mm&r=g","caption":"Laura"}}]}},"_links":{"self":[{"href":"https:\/\/www.idealpropertymallorca.com\/blog\/es\/wp-json\/wp\/v2\/posts\/21825","targetHints":{"allow":["GET"]}}],"collection":[{"href":"https:\/\/www.idealpropertymallorca.com\/blog\/es\/wp-json\/wp\/v2\/posts"}],"about":[{"href":"https:\/\/www.idealpropertymallorca.com\/blog\/es\/wp-json\/wp\/v2\/types\/post"}],"author":[{"embeddable":true,"href":"https:\/\/www.idealpropertymallorca.com\/blog\/es\/wp-json\/wp\/v2\/users\/8"}],"replies":[{"embeddable":true,"href":"https:\/\/www.idealpropertymallorca.com\/blog\/es\/wp-json\/wp\/v2\/comments?post=21825"}],"version-history":[{"count":8,"href":"https:\/\/www.idealpropertymallorca.com\/blog\/es\/wp-json\/wp\/v2\/posts\/21825\/revisions"}],"predecessor-version":[{"id":22128,"href":"https:\/\/www.idealpropertymallorca.com\/blog\/es\/wp-json\/wp\/v2\/posts\/21825\/revisions\/22128"}],"wp:featuredmedia":[{"embeddable":true,"href":"https:\/\/www.idealpropertymallorca.com\/blog\/es\/wp-json\/wp\/v2\/media\/22122"}],"wp:attachment":[{"href":"https:\/\/www.idealpropertymallorca.com\/blog\/es\/wp-json\/wp\/v2\/media?parent=21825"}],"wp:term":[{"taxonomy":"category","embeddable":true,"href":"https:\/\/www.idealpropertymallorca.com\/blog\/es\/wp-json\/wp\/v2\/categories?post=21825"},{"taxonomy":"post_tag","embeddable":true,"href":"https:\/\/www.idealpropertymallorca.com\/blog\/es\/wp-json\/wp\/v2\/tags?post=21825"}],"curies":[{"name":"wp","href":"https:\/\/api.w.org\/{rel}","templated":true}]}}