{"id":20818,"date":"2025-07-30T12:28:35","date_gmt":"2025-07-30T12:28:35","guid":{"rendered":"https:\/\/www.idealpropertymallorca.com\/blog\/?p=20818"},"modified":"2025-07-30T12:28:37","modified_gmt":"2025-07-30T12:28:37","slug":"gestion-propiedades-mallorca","status":"publish","type":"post","link":"https:\/\/www.idealpropertymallorca.com\/blog\/es\/gestion-propiedades-mallorca\/","title":{"rendered":"Gesti\u00f3n de propiedades en Mallorca"},"content":{"rendered":"\t\t<div data-elementor-type=\"wp-post\" data-elementor-id=\"20818\" class=\"elementor elementor-20818\" data-elementor-post-type=\"post\">\n\t\t\t\t<div class=\"elementor-element elementor-element-f877197 e-flex e-con-boxed e-con e-parent\" data-id=\"f877197\" data-element_type=\"container\" data-e-type=\"container\">\n\t\t\t\t\t<div class=\"e-con-inner\">\n\t\t\t\t\t<\/div>\n\t\t\t\t<\/div>\n\t\t\t\t<\/div>\n\t\t","protected":false},"excerpt":{"rendered":"","protected":false},"author":3,"featured_media":0,"comment_status":"closed","ping_status":"open","sticky":false,"template":"","format":"standard","meta":{"footnotes":""},"categories":[801],"tags":[],"class_list":["post-20818","post","type-post","status-publish","format-standard","hentry","category-ads-es"],"yoast_head":"<!-- This site is optimized with the Yoast SEO plugin v27.4 - https:\/\/yoast.com\/product\/yoast-seo-wordpress\/ -->\n<title>Gesti\u00f3n de propiedades en Mallorca | Ideal Property Mallorca<\/title>\n<meta name=\"description\" content=\"Somos tu empresa de gesti\u00f3n de propiedades en Mallorca. Conf\u00edanos tu vivienda y aumenta su rentabilidad. \u00a1Cont\u00e1ctanos hoy mismo!\" \/>\n<meta name=\"robots\" content=\"index, follow, max-snippet:-1, max-image-preview:large, max-video-preview:-1\" \/>\n<link rel=\"canonical\" href=\"https:\/\/www.idealpropertymallorca.com\/blog\/es\/gestion-propiedades-mallorca\/\" \/>\n<meta property=\"og:locale\" content=\"es_ES\" \/>\n<meta property=\"og:type\" content=\"article\" \/>\n<meta property=\"og:title\" content=\"Gesti\u00f3n de propiedades en Mallorca | Ideal Property Mallorca\" \/>\n<meta property=\"og:description\" content=\"Somos tu empresa de gesti\u00f3n de propiedades en Mallorca. Conf\u00edanos tu vivienda y aumenta su rentabilidad. \u00a1Cont\u00e1ctanos hoy mismo!\" \/>\n<meta property=\"og:url\" content=\"https:\/\/www.idealpropertymallorca.com\/blog\/es\/gestion-propiedades-mallorca\/\" \/>\n<meta property=\"og:site_name\" content=\"Majorca Blog\" \/>\n<meta property=\"article:published_time\" content=\"2025-07-30T12:28:35+00:00\" \/>\n<meta property=\"article:modified_time\" content=\"2025-07-30T12:28:37+00:00\" \/>\n<meta name=\"author\" content=\"digitalservices\" \/>\n<meta name=\"twitter:card\" content=\"summary_large_image\" \/>\n<meta name=\"twitter:label1\" content=\"Written by\" \/>\n\t<meta name=\"twitter:data1\" content=\"digitalservices\" \/>\n<script type=\"application\/ld+json\" class=\"yoast-schema-graph\">{\"@context\":\"https:\\\/\\\/schema.org\",\"@graph\":[{\"@type\":\"Article\",\"@id\":\"https:\\\/\\\/www.idealpropertymallorca.com\\\/blog\\\/es\\\/gestion-propiedades-mallorca\\\/#article\",\"isPartOf\":{\"@id\":\"https:\\\/\\\/www.idealpropertymallorca.com\\\/blog\\\/es\\\/gestion-propiedades-mallorca\\\/\"},\"author\":{\"name\":\"digitalservices\",\"@id\":\"https:\\\/\\\/www.idealpropertymallorca.com\\\/blog\\\/es\\\/#\\\/schema\\\/person\\\/8afda339a8de0d6db90fffb895f38917\"},\"headline\":\"Gesti\u00f3n de propiedades en Mallorca\",\"datePublished\":\"2025-07-30T12:28:35+00:00\",\"dateModified\":\"2025-07-30T12:28:37+00:00\",\"mainEntityOfPage\":{\"@id\":\"https:\\\/\\\/www.idealpropertymallorca.com\\\/blog\\\/es\\\/gestion-propiedades-mallorca\\\/\"},\"wordCount\":6,\"publisher\":{\"@id\":\"https:\\\/\\\/www.idealpropertymallorca.com\\\/blog\\\/es\\\/#organization\"},\"articleSection\":[\"Ads\"],\"inLanguage\":\"es\"},{\"@type\":\"WebPage\",\"@id\":\"https:\\\/\\\/www.idealpropertymallorca.com\\\/blog\\\/es\\\/gestion-propiedades-mallorca\\\/\",\"url\":\"https:\\\/\\\/www.idealpropertymallorca.com\\\/blog\\\/es\\\/gestion-propiedades-mallorca\\\/\",\"name\":\"Gesti\u00f3n de propiedades en Mallorca | Ideal Property Mallorca\",\"isPartOf\":{\"@id\":\"https:\\\/\\\/www.idealpropertymallorca.com\\\/blog\\\/es\\\/#website\"},\"datePublished\":\"2025-07-30T12:28:35+00:00\",\"dateModified\":\"2025-07-30T12:28:37+00:00\",\"description\":\"Somos tu empresa de gesti\u00f3n de propiedades en Mallorca. Conf\u00edanos tu vivienda y aumenta su rentabilidad. \u00a1Cont\u00e1ctanos hoy mismo!\",\"inLanguage\":\"es\",\"potentialAction\":[{\"@type\":\"ReadAction\",\"target\":[\"https:\\\/\\\/www.idealpropertymallorca.com\\\/blog\\\/es\\\/gestion-propiedades-mallorca\\\/\"]}]},{\"@type\":\"WebSite\",\"@id\":\"https:\\\/\\\/www.idealpropertymallorca.com\\\/blog\\\/es\\\/#website\",\"url\":\"https:\\\/\\\/www.idealpropertymallorca.com\\\/blog\\\/es\\\/\",\"name\":\"Majorca Blog\",\"description\":\"Find relevant tourist information to see and do on the island of Mallorca during your holiday. Discover the best places and tips!\",\"publisher\":{\"@id\":\"https:\\\/\\\/www.idealpropertymallorca.com\\\/blog\\\/es\\\/#organization\"},\"potentialAction\":[{\"@type\":\"SearchAction\",\"target\":{\"@type\":\"EntryPoint\",\"urlTemplate\":\"https:\\\/\\\/www.idealpropertymallorca.com\\\/blog\\\/es\\\/?s={search_term_string}\"},\"query-input\":{\"@type\":\"PropertyValueSpecification\",\"valueRequired\":true,\"valueName\":\"search_term_string\"}}],\"inLanguage\":\"es\"},{\"@type\":\"Organization\",\"@id\":\"https:\\\/\\\/www.idealpropertymallorca.com\\\/blog\\\/es\\\/#organization\",\"name\":\"Majorca Blog\",\"url\":\"https:\\\/\\\/www.idealpropertymallorca.com\\\/blog\\\/es\\\/\",\"logo\":{\"@type\":\"ImageObject\",\"inLanguage\":\"es\",\"@id\":\"https:\\\/\\\/www.idealpropertymallorca.com\\\/blog\\\/es\\\/#\\\/schema\\\/logo\\\/image\\\/\",\"url\":\"https:\\\/\\\/www.idealpropertymallorca.com\\\/blog\\\/wp-content\\\/uploads\\\/2024\\\/10\\\/ideal-property-mallorca-blue-mobile.png\",\"contentUrl\":\"https:\\\/\\\/www.idealpropertymallorca.com\\\/blog\\\/wp-content\\\/uploads\\\/2024\\\/10\\\/ideal-property-mallorca-blue-mobile.png\",\"width\":500,\"height\":150,\"caption\":\"Majorca Blog\"},\"image\":{\"@id\":\"https:\\\/\\\/www.idealpropertymallorca.com\\\/blog\\\/es\\\/#\\\/schema\\\/logo\\\/image\\\/\"}},{\"@type\":\"Person\",\"@id\":\"https:\\\/\\\/www.idealpropertymallorca.com\\\/blog\\\/es\\\/#\\\/schema\\\/person\\\/8afda339a8de0d6db90fffb895f38917\",\"name\":\"digitalservices\",\"image\":{\"@type\":\"ImageObject\",\"inLanguage\":\"es\",\"@id\":\"https:\\\/\\\/secure.gravatar.com\\\/avatar\\\/af30f88a1904294c1f3eb09a9d7903eec4ffa18fa2cf40c28a8681014ecdfc20?s=96&d=mm&r=g\",\"url\":\"https:\\\/\\\/secure.gravatar.com\\\/avatar\\\/af30f88a1904294c1f3eb09a9d7903eec4ffa18fa2cf40c28a8681014ecdfc20?s=96&d=mm&r=g\",\"contentUrl\":\"https:\\\/\\\/secure.gravatar.com\\\/avatar\\\/af30f88a1904294c1f3eb09a9d7903eec4ffa18fa2cf40c28a8681014ecdfc20?s=96&d=mm&r=g\",\"caption\":\"digitalservices\"}}]}<\/script>\n<!-- \/ Yoast SEO plugin. -->","yoast_head_json":{"title":"Gesti\u00f3n de propiedades en Mallorca | Ideal Property Mallorca","description":"Somos tu empresa de gesti\u00f3n de propiedades en Mallorca. Conf\u00edanos tu vivienda y aumenta su rentabilidad. \u00a1Cont\u00e1ctanos hoy mismo!","robots":{"index":"index","follow":"follow","max-snippet":"max-snippet:-1","max-image-preview":"max-image-preview:large","max-video-preview":"max-video-preview:-1"},"canonical":"https:\/\/www.idealpropertymallorca.com\/blog\/es\/gestion-propiedades-mallorca\/","og_locale":"es_ES","og_type":"article","og_title":"Gesti\u00f3n de propiedades en Mallorca | Ideal Property Mallorca","og_description":"Somos tu empresa de gesti\u00f3n de propiedades en Mallorca. Conf\u00edanos tu vivienda y aumenta su rentabilidad. \u00a1Cont\u00e1ctanos hoy mismo!","og_url":"https:\/\/www.idealpropertymallorca.com\/blog\/es\/gestion-propiedades-mallorca\/","og_site_name":"Majorca Blog","article_published_time":"2025-07-30T12:28:35+00:00","article_modified_time":"2025-07-30T12:28:37+00:00","author":"digitalservices","twitter_card":"summary_large_image","twitter_misc":{"Written by":"digitalservices"},"schema":{"@context":"https:\/\/schema.org","@graph":[{"@type":"Article","@id":"https:\/\/www.idealpropertymallorca.com\/blog\/es\/gestion-propiedades-mallorca\/#article","isPartOf":{"@id":"https:\/\/www.idealpropertymallorca.com\/blog\/es\/gestion-propiedades-mallorca\/"},"author":{"name":"digitalservices","@id":"https:\/\/www.idealpropertymallorca.com\/blog\/es\/#\/schema\/person\/8afda339a8de0d6db90fffb895f38917"},"headline":"Gesti\u00f3n de propiedades en Mallorca","datePublished":"2025-07-30T12:28:35+00:00","dateModified":"2025-07-30T12:28:37+00:00","mainEntityOfPage":{"@id":"https:\/\/www.idealpropertymallorca.com\/blog\/es\/gestion-propiedades-mallorca\/"},"wordCount":6,"publisher":{"@id":"https:\/\/www.idealpropertymallorca.com\/blog\/es\/#organization"},"articleSection":["Ads"],"inLanguage":"es"},{"@type":"WebPage","@id":"https:\/\/www.idealpropertymallorca.com\/blog\/es\/gestion-propiedades-mallorca\/","url":"https:\/\/www.idealpropertymallorca.com\/blog\/es\/gestion-propiedades-mallorca\/","name":"Gesti\u00f3n de propiedades en Mallorca | Ideal Property Mallorca","isPartOf":{"@id":"https:\/\/www.idealpropertymallorca.com\/blog\/es\/#website"},"datePublished":"2025-07-30T12:28:35+00:00","dateModified":"2025-07-30T12:28:37+00:00","description":"Somos tu empresa de gesti\u00f3n de propiedades en Mallorca. Conf\u00edanos tu vivienda y aumenta su rentabilidad. \u00a1Cont\u00e1ctanos hoy mismo!","inLanguage":"es","potentialAction":[{"@type":"ReadAction","target":["https:\/\/www.idealpropertymallorca.com\/blog\/es\/gestion-propiedades-mallorca\/"]}]},{"@type":"WebSite","@id":"https:\/\/www.idealpropertymallorca.com\/blog\/es\/#website","url":"https:\/\/www.idealpropertymallorca.com\/blog\/es\/","name":"Majorca Blog","description":"Find relevant tourist information to see and do on the island of Mallorca during your holiday. Discover the best places and tips!","publisher":{"@id":"https:\/\/www.idealpropertymallorca.com\/blog\/es\/#organization"},"potentialAction":[{"@type":"SearchAction","target":{"@type":"EntryPoint","urlTemplate":"https:\/\/www.idealpropertymallorca.com\/blog\/es\/?s={search_term_string}"},"query-input":{"@type":"PropertyValueSpecification","valueRequired":true,"valueName":"search_term_string"}}],"inLanguage":"es"},{"@type":"Organization","@id":"https:\/\/www.idealpropertymallorca.com\/blog\/es\/#organization","name":"Majorca Blog","url":"https:\/\/www.idealpropertymallorca.com\/blog\/es\/","logo":{"@type":"ImageObject","inLanguage":"es","@id":"https:\/\/www.idealpropertymallorca.com\/blog\/es\/#\/schema\/logo\/image\/","url":"https:\/\/www.idealpropertymallorca.com\/blog\/wp-content\/uploads\/2024\/10\/ideal-property-mallorca-blue-mobile.png","contentUrl":"https:\/\/www.idealpropertymallorca.com\/blog\/wp-content\/uploads\/2024\/10\/ideal-property-mallorca-blue-mobile.png","width":500,"height":150,"caption":"Majorca Blog"},"image":{"@id":"https:\/\/www.idealpropertymallorca.com\/blog\/es\/#\/schema\/logo\/image\/"}},{"@type":"Person","@id":"https:\/\/www.idealpropertymallorca.com\/blog\/es\/#\/schema\/person\/8afda339a8de0d6db90fffb895f38917","name":"digitalservices","image":{"@type":"ImageObject","inLanguage":"es","@id":"https:\/\/secure.gravatar.com\/avatar\/af30f88a1904294c1f3eb09a9d7903eec4ffa18fa2cf40c28a8681014ecdfc20?s=96&d=mm&r=g","url":"https:\/\/secure.gravatar.com\/avatar\/af30f88a1904294c1f3eb09a9d7903eec4ffa18fa2cf40c28a8681014ecdfc20?s=96&d=mm&r=g","contentUrl":"https:\/\/secure.gravatar.com\/avatar\/af30f88a1904294c1f3eb09a9d7903eec4ffa18fa2cf40c28a8681014ecdfc20?s=96&d=mm&r=g","caption":"digitalservices"}}]}},"_links":{"self":[{"href":"https:\/\/www.idealpropertymallorca.com\/blog\/es\/wp-json\/wp\/v2\/posts\/20818","targetHints":{"allow":["GET"]}}],"collection":[{"href":"https:\/\/www.idealpropertymallorca.com\/blog\/es\/wp-json\/wp\/v2\/posts"}],"about":[{"href":"https:\/\/www.idealpropertymallorca.com\/blog\/es\/wp-json\/wp\/v2\/types\/post"}],"author":[{"embeddable":true,"href":"https:\/\/www.idealpropertymallorca.com\/blog\/es\/wp-json\/wp\/v2\/users\/3"}],"replies":[{"embeddable":true,"href":"https:\/\/www.idealpropertymallorca.com\/blog\/es\/wp-json\/wp\/v2\/comments?post=20818"}],"version-history":[{"count":6,"href":"https:\/\/www.idealpropertymallorca.com\/blog\/es\/wp-json\/wp\/v2\/posts\/20818\/revisions"}],"predecessor-version":[{"id":21001,"href":"https:\/\/www.idealpropertymallorca.com\/blog\/es\/wp-json\/wp\/v2\/posts\/20818\/revisions\/21001"}],"wp:attachment":[{"href":"https:\/\/www.idealpropertymallorca.com\/blog\/es\/wp-json\/wp\/v2\/media?parent=20818"}],"wp:term":[{"taxonomy":"category","embeddable":true,"href":"https:\/\/www.idealpropertymallorca.com\/blog\/es\/wp-json\/wp\/v2\/categories?post=20818"},{"taxonomy":"post_tag","embeddable":true,"href":"https:\/\/www.idealpropertymallorca.com\/blog\/es\/wp-json\/wp\/v2\/tags?post=20818"}],"curies":[{"name":"wp","href":"https:\/\/api.w.org\/{rel}","templated":true}]}}