{"id":20661,"date":"2025-07-22T09:28:24","date_gmt":"2025-07-22T09:28:24","guid":{"rendered":"https:\/\/www.idealpropertymallorca.com\/blog\/?p=20661"},"modified":"2025-07-22T09:42:38","modified_gmt":"2025-07-22T09:42:38","slug":"parc-natural-peninsula-llevant","status":"publish","type":"post","link":"https:\/\/www.idealpropertymallorca.com\/blog\/es\/parc-natural-peninsula-llevant\/","title":{"rendered":"Gu\u00eda para visitar el Parc Natural de la Pen\u00ednsula de Llevant en Mallorca"},"content":{"rendered":"\t\t<div data-elementor-type=\"wp-post\" data-elementor-id=\"20661\" class=\"elementor elementor-20661\" data-elementor-post-type=\"post\">\n\t\t\t\t\t\t<section class=\"elementor-section elementor-top-section elementor-element elementor-element-24539506 elementor-section-boxed elementor-section-height-default elementor-section-height-default\" data-id=\"24539506\" data-element_type=\"section\" data-e-type=\"section\">\n\t\t\t\t\t\t<div class=\"elementor-container elementor-column-gap-default\">\n\t\t\t\t\t<div class=\"elementor-column elementor-col-100 elementor-top-column elementor-element elementor-element-4a6575f1\" data-id=\"4a6575f1\" data-element_type=\"column\" data-e-type=\"column\">\n\t\t\t<div class=\"elementor-widget-wrap elementor-element-populated\">\n\t\t\t\t\t\t<div class=\"elementor-element elementor-element-169f5ecd elementor-widget elementor-widget-text-editor\" data-id=\"169f5ecd\" data-element_type=\"widget\" data-e-type=\"widget\" data-widget_type=\"text-editor.default\">\n\t\t\t\t<div class=\"elementor-widget-container\">\n\t\t\t\t\t\t\t\t\t<p style=\"font-weight: 400;\">En Mallorca hay un para\u00edso que no puedes perderte. S\u00ed, hablamos del\u00a0<strong>Parc Natural de la Pen\u00ednsula de Llevant<\/strong>, un lugar que combina paisajes monta\u00f1osos espectaculares con vistas incre\u00edbles al mar Mediterr\u00e1neo.<\/p><p style=\"font-weight: 400;\">Este parque se extiende a lo largo de <strong>m\u00e1s de 17.000 hect\u00e1reas<\/strong>, combinando estampas monta\u00f1osas, acantilados espectaculares, calas escondidas y una biodiversidad que te va a dejar con la boca abierta.<\/p><p style=\"font-weight: 400;\">Declarado espacio natural protegido, es uno de los rincones m\u00e1s aut\u00e9nticos, menos tur\u00edsticos y tranquilos de la isla. \u00a1Y hoy venimos a contarte todo lo que necesitas saber para planificar tu visita!<\/p>\t\t\t\t\t\t\t\t<\/div>\n\t\t\t\t<\/div>\n\t\t\t\t\t<\/div>\n\t\t<\/div>\n\t\t\t\t\t<\/div>\n\t\t<\/section>\n\t\t\t\t<section class=\"elementor-section elementor-top-section elementor-element elementor-element-1d8200d5 elementor-section-boxed elementor-section-height-default elementor-section-height-default\" data-id=\"1d8200d5\" data-element_type=\"section\" data-e-type=\"section\">\n\t\t\t\t\t\t<div class=\"elementor-container elementor-column-gap-default\">\n\t\t\t\t\t<div class=\"elementor-column elementor-col-100 elementor-top-column elementor-element elementor-element-d8bfbc4\" data-id=\"d8bfbc4\" data-element_type=\"column\" data-e-type=\"column\">\n\t\t\t<div class=\"elementor-widget-wrap elementor-element-populated\">\n\t\t\t\t\t\t<div class=\"elementor-element elementor-element-39e7bd4a elementor-widget elementor-widget-table-of-contents\" data-id=\"39e7bd4a\" data-element_type=\"widget\" data-e-type=\"widget\" data-settings=\"{&quot;headings_by_tags&quot;:[&quot;h2&quot;,&quot;h3&quot;],&quot;exclude_headings_by_selector&quot;:[],&quot;marker_view&quot;:&quot;bullets&quot;,&quot;icon&quot;:{&quot;value&quot;:&quot;&quot;,&quot;library&quot;:&quot;&quot;},&quot;no_headings_message&quot;:&quot;No headings were found on this page.&quot;,&quot;hierarchical_view&quot;:&quot;yes&quot;,&quot;min_height&quot;:{&quot;unit&quot;:&quot;px&quot;,&quot;size&quot;:&quot;&quot;,&quot;sizes&quot;:[]},&quot;min_height_tablet&quot;:{&quot;unit&quot;:&quot;px&quot;,&quot;size&quot;:&quot;&quot;,&quot;sizes&quot;:[]},&quot;min_height_mobile&quot;:{&quot;unit&quot;:&quot;px&quot;,&quot;size&quot;:&quot;&quot;,&quot;sizes&quot;:[]}}\" data-widget_type=\"table-of-contents.default\">\n\t\t\t\t<div class=\"elementor-widget-container\">\n\t\t\t\t\t\t\t\t\t<div class=\"elementor-toc__header\">\n\t\t\t\t\t\t<div class=\"elementor-toc__header-title\">\n\t\t\t\t\u00cdNDICE\t\t\t<\/div>\n\t\t\t\t\t\t\t\t<\/div>\n\t\t\t\t<div id=\"elementor-toc__39e7bd4a\" class=\"elementor-toc__body\">\n\t\t\t<div class=\"elementor-toc__spinner-container\">\n\t\t\t\t<i class=\"elementor-toc__spinner eicon-animation-spin eicon-loading\" aria-hidden=\"true\"><\/i>\t\t\t<\/div>\n\t\t<\/div>\n\t\t\t\t\t\t<\/div>\n\t\t\t\t<\/div>\n\t\t\t\t\t<\/div>\n\t\t<\/div>\n\t\t\t\t\t<\/div>\n\t\t<\/section>\n\t\t\t\t<section class=\"elementor-section elementor-top-section elementor-element elementor-element-29f432c elementor-section-boxed elementor-section-height-default elementor-section-height-default\" data-id=\"29f432c\" data-element_type=\"section\" data-e-type=\"section\">\n\t\t\t\t\t\t<div class=\"elementor-container elementor-column-gap-default\">\n\t\t\t\t\t<div class=\"elementor-column elementor-col-100 elementor-top-column elementor-element elementor-element-3b6499c\" data-id=\"3b6499c\" data-element_type=\"column\" data-e-type=\"column\">\n\t\t\t<div class=\"elementor-widget-wrap elementor-element-populated\">\n\t\t\t\t\t\t<div class=\"elementor-element elementor-element-e66cc24 elementor-widget elementor-widget-heading\" data-id=\"e66cc24\" data-element_type=\"widget\" data-e-type=\"widget\" data-widget_type=\"heading.default\">\n\t\t\t\t<div class=\"elementor-widget-container\">\n\t\t\t\t\t<h2 class=\"elementor-heading-title elementor-size-default\">\u00bfD\u00f3nde est\u00e1 el Parc Natural de la Pen\u00ednsula de Llevant?<\/h2>\t\t\t\t<\/div>\n\t\t\t\t<\/div>\n\t\t\t\t<div class=\"elementor-element elementor-element-716133a elementor-widget elementor-widget-text-editor\" data-id=\"716133a\" data-element_type=\"widget\" data-e-type=\"widget\" data-widget_type=\"text-editor.default\">\n\t\t\t\t<div class=\"elementor-widget-container\">\n\t\t\t\t\t\t\t\t\t<p style=\"font-weight: 400;\">El Parc Natural de la Pen\u00ednsula de Llevant est\u00e1 en el extremo noreste de Mallorca. Abarca parte de los municipios de Art\u00e0, Capdepera, Sant Lloren\u00e7 y Santa Margalida, cubriendo gran parte de la Sierra de Llevant.<\/p><p style=\"font-weight: 400;\"><strong>En este parque se elevan algunas de las cimas m\u00e1s altas de la zona oriental de Mallorca como la Talaia Freda \u2014con 564 m de altura\u2014 y el Bec de Ferrutx \u2014con 519 m\u2014<\/strong>, que dominan el horizonte y ofrecen unas vistas panor\u00e1micas espectaculares.<\/p><p style=\"font-weight: 400;\">Esta zona es un \u00e1rea relativamente remota y poco urbanizada. Al norte limita con la <a href=\"https:\/\/www.idealpropertymallorca.com\/blog\/es\/disfruta-de-la-bahia-de-alcudia-en-mallorca\/\">bah\u00eda de Alc\u00fadia<\/a> y al este con el mar Mediterr\u00e1neo. Esto se traduce en una combinaci\u00f3n \u00fanica de paisajes costeros y de interior como pinares, encinares, matorrales de acebuche \u2014olivo silvestre\u2014, densas \u00e1reas de palmito, as\u00ed como flores y hierbas \u2014peon\u00eda mallorquina, estepa joana, romero y tomillo\u2014.<\/p><p style=\"font-weight: 400;\">Como premio, este parque <strong>forma parte de la Red Natura 2000 europea como Zona Especial de Protecci\u00f3n para las Aves (ZEPA) y Lugar de Importancia Comunitaria (LIC)<\/strong>, porque adem\u00e1s incluye una reserva marina.<\/p>\t\t\t\t\t\t\t\t<\/div>\n\t\t\t\t<\/div>\n\t\t\t\t\t<\/div>\n\t\t<\/div>\n\t\t\t\t\t<\/div>\n\t\t<\/section>\n\t\t<div class=\"elementor-element elementor-element-ca76a79 e-flex e-con-boxed e-con e-parent\" data-id=\"ca76a79\" data-element_type=\"container\" data-e-type=\"container\">\n\t\t\t\t\t<div class=\"e-con-inner\">\n\t\t\t\t<div class=\"elementor-element elementor-element-e346954 elementor-widget elementor-widget-google_maps\" data-id=\"e346954\" data-element_type=\"widget\" data-e-type=\"widget\" data-widget_type=\"google_maps.default\">\n\t\t\t\t<div class=\"elementor-widget-container\">\n\t\t\t\t\t\t\t<div class=\"elementor-custom-embed\">\n\t\t\t<iframe loading=\"lazy\"\n\t\t\t\t\tsrc=\"https:\/\/maps.google.com\/maps?q=Parc%20Natural%20de%20la%20Pen%C3%ADnsula%20de%20Llevant&#038;t=m&#038;z=10&#038;output=embed&#038;iwloc=near\"\n\t\t\t\t\ttitle=\"Parc Natural de la Pen\u00ednsula de Llevant\"\n\t\t\t\t\taria-label=\"Parc Natural de la Pen\u00ednsula de Llevant\"\n\t\t\t><\/iframe>\n\t\t<\/div>\n\t\t\t\t\t\t<\/div>\n\t\t\t\t<\/div>\n\t\t\t\t\t<\/div>\n\t\t\t\t<\/div>\n\t\t\t\t<section class=\"elementor-section elementor-top-section elementor-element elementor-element-7ec6911a elementor-section-boxed elementor-section-height-default elementor-section-height-default\" data-id=\"7ec6911a\" data-element_type=\"section\" data-e-type=\"section\">\n\t\t\t\t\t\t<div class=\"elementor-container elementor-column-gap-default\">\n\t\t\t\t\t<div class=\"elementor-column elementor-col-100 elementor-top-column elementor-element elementor-element-3f8de4e8\" data-id=\"3f8de4e8\" data-element_type=\"column\" data-e-type=\"column\">\n\t\t\t<div class=\"elementor-widget-wrap elementor-element-populated\">\n\t\t\t\t\t\t<div class=\"elementor-element elementor-element-1949de15 elementor-widget elementor-widget-heading\" data-id=\"1949de15\" data-element_type=\"widget\" data-e-type=\"widget\" data-widget_type=\"heading.default\">\n\t\t\t\t<div class=\"elementor-widget-container\">\n\t\t\t\t\t<h2 class=\"elementor-heading-title elementor-size-default\">C\u00f3mo llegar al Parc Natural de la Pen\u00ednsula de Llevant<\/h2>\t\t\t\t<\/div>\n\t\t\t\t<\/div>\n\t\t\t\t<div class=\"elementor-element elementor-element-69b03859 elementor-widget elementor-widget-text-editor\" data-id=\"69b03859\" data-element_type=\"widget\" data-e-type=\"widget\" data-widget_type=\"text-editor.default\">\n\t\t\t\t<div class=\"elementor-widget-container\">\n\t\t\t\t\t\t\t\t\t<p style=\"font-weight: 400;\">Y ahora vamos con lo importante: c\u00f3mo llegar al Parc Natural de Llevant. <strong>Lo m\u00e1s habitual es hacerlo en coche<\/strong>. Debes dirigirte hacia Art\u00e0, que est\u00e1 a unos 70 km de Palma y desde aqu\u00ed tomar la <strong>carretera Ma-3333 en direcci\u00f3n a la Ermita de Betlem<\/strong>. A los pocos kil\u00f3metros ver\u00e1s un desv\u00edo hacia s&#8217;Alqueria Vella, el principal punto de entrada al parque.<\/p><p style=\"font-weight: 400;\">Si no vienes en coche y tampoco te planteas alquilar uno, tranquilo. Tambi\u00e9n puedes llegar en transporte p\u00fablico hasta Art\u00e0 \u2014hay varias l\u00edneas de autob\u00fas que conectan Palma y otras ciudades con esta localidad\u2014 y desde all\u00ed tomar un taxi hasta el parque.<br \/>Otra opci\u00f3n es contratar alguna excursi\u00f3n organizada que incluya transporte; algunas empresas locales ofrecen rutas de senderismo o <em>tours<\/em> guiados por la pen\u00ednsula de Llevant.<\/p><p style=\"font-weight: 400;\">En cualquier caso, ten en cuenta que <strong>el parque es un \u00e1rea natural alejada de las zonas urbanizadas, por lo que es important\u00edsimo que tengas clara cu\u00e1l va a ser la log\u00edstica.<\/strong><\/p>\t\t\t\t\t\t\t\t<\/div>\n\t\t\t\t<\/div>\n\t\t\t\t\t<\/div>\n\t\t<\/div>\n\t\t\t\t\t<\/div>\n\t\t<\/section>\n\t\t\t\t<section class=\"elementor-section elementor-top-section elementor-element elementor-element-9a0b91c elementor-section-boxed elementor-section-height-default elementor-section-height-default\" data-id=\"9a0b91c\" data-element_type=\"section\" data-e-type=\"section\">\n\t\t\t\t\t\t<div class=\"elementor-container elementor-column-gap-default\">\n\t\t\t\t\t<div class=\"elementor-column elementor-col-100 elementor-top-column elementor-element elementor-element-7e8250a\" data-id=\"7e8250a\" data-element_type=\"column\" data-e-type=\"column\">\n\t\t\t<div class=\"elementor-widget-wrap elementor-element-populated\">\n\t\t\t\t\t\t<div class=\"elementor-element elementor-element-003fcae elementor-widget elementor-widget-heading\" data-id=\"003fcae\" data-element_type=\"widget\" data-e-type=\"widget\" data-widget_type=\"heading.default\">\n\t\t\t\t<div class=\"elementor-widget-container\">\n\t\t\t\t\t<h2 class=\"elementor-heading-title elementor-size-default\">Qu\u00e9 ver y hacer en el Parc Natural de la Pen\u00ednsula de Llevant<\/h2>\t\t\t\t<\/div>\n\t\t\t\t<\/div>\n\t\t\t\t<div class=\"elementor-element elementor-element-ab6e551 elementor-widget elementor-widget-text-editor\" data-id=\"ab6e551\" data-element_type=\"widget\" data-e-type=\"widget\" data-widget_type=\"text-editor.default\">\n\t\t\t\t<div class=\"elementor-widget-container\">\n\t\t\t\t\t\t\t\t\t<p style=\"font-weight: 400;\">El Parc Natural de la Pen\u00ednsula de Llevant es el mejor lugar de la isla para vivir experiencias al aire libre.<\/p><p style=\"font-weight: 400;\">Si te gustan las <strong>playas v\u00edrgenes<\/strong>, aqu\u00ed encontrar\u00e1s algunas de las m\u00e1s bonitas y escondidas de Mallorca como Cala Torta, Cala Mitjana o Cala Estreta y otras muy conocidas como Cala Mesquida o <a href=\"https:\/\/www.idealpropertymallorca.com\/blog\/es\/cala-ratjada\/\">Cala Ratjada<\/a> \u2014que est\u00e1n muy cerca\u2014, <strong>de aguas turquesas y arena fina y clara.<\/strong><\/p><p style=\"font-weight: 400;\">Muchas de ellas permanecen pr\u00e1cticamente salvajes y sin ninguna construcci\u00f3n en sus alrededores, por lo que podr\u00e1s ba\u00f1arte o hacer snorkel con total tranquilidad.<\/p><p style=\"font-weight: 400;\">\u00a1Ah! Y no nos podemos olvidar de recomendarte la <strong>playa de S\u2019Arenalet des Verger<\/strong>, <strong>una cala remota de arena dorada a la que solo se puede acceder caminando.<\/strong><\/p><p style=\"font-weight: 400;\">Entre las actividades que te recomendamos est\u00e1 tambi\u00e9n visitar el hist\u00f3rico pueblo de Art\u00e0, <a href=\"https:\/\/www.idealpropertymallorca.com\/blog\/es\/descubre-el-port-de-alcudia\/\">descubrir el Port de Alc\u00fadia<\/a> o recorrer la <a href=\"https:\/\/www.idealpropertymallorca.com\/blog\/es\/bahia-pollensa\/\">Bah\u00eda de Pollen\u00e7a<\/a>.<\/p><p style=\"font-weight: 400;\">Y despu\u00e9s de eso, <a href=\"https:\/\/www.idealpropertymallorca.com\/blog\/es\/comida-tipica-de-mallorca-y-que-comer-en-las-islas\/\">degustar la comida t\u00edpica de Mallorca<\/a> puede ser el broche perfecto para tu d\u00eda.<\/p>\t\t\t\t\t\t\t\t<\/div>\n\t\t\t\t<\/div>\n\t\t\t\t<div class=\"elementor-element elementor-element-95afee8 elementor-widget elementor-widget-image\" data-id=\"95afee8\" data-element_type=\"widget\" data-e-type=\"widget\" data-widget_type=\"image.default\">\n\t\t\t\t<div class=\"elementor-widget-container\">\n\t\t\t\t\t\t\t\t\t\t\t\t\t\t\t<img fetchpriority=\"high\" decoding=\"async\" width=\"1366\" height=\"682\" src=\"https:\/\/www.idealpropertymallorca.com\/blog\/wp-content\/uploads\/2025\/07\/Parc-Natural-de-la-Peninsula-de-Llevant-mallorca.jpg\" class=\"attachment-full size-full wp-image-20693\" alt=\"Parc-Natural-de-la-Peninsula-de-Llevant-mallorca.jpg\" srcset=\"https:\/\/www.idealpropertymallorca.com\/blog\/wp-content\/uploads\/2025\/07\/Parc-Natural-de-la-Peninsula-de-Llevant-mallorca.jpg 1366w, https:\/\/www.idealpropertymallorca.com\/blog\/wp-content\/uploads\/2025\/07\/Parc-Natural-de-la-Peninsula-de-Llevant-mallorca-300x150.jpg 300w, https:\/\/www.idealpropertymallorca.com\/blog\/wp-content\/uploads\/2025\/07\/Parc-Natural-de-la-Peninsula-de-Llevant-mallorca-1024x511.jpg 1024w, https:\/\/www.idealpropertymallorca.com\/blog\/wp-content\/uploads\/2025\/07\/Parc-Natural-de-la-Peninsula-de-Llevant-mallorca-768x383.jpg 768w\" sizes=\"(max-width: 1366px) 100vw, 1366px\" \/>\t\t\t\t\t\t\t\t\t\t\t\t\t\t\t<\/div>\n\t\t\t\t<\/div>\n\t\t\t\t\t<\/div>\n\t\t<\/div>\n\t\t\t\t\t<\/div>\n\t\t<\/section>\n\t\t\t\t<section class=\"elementor-section elementor-top-section elementor-element elementor-element-671b297 elementor-section-boxed elementor-section-height-default elementor-section-height-default\" data-id=\"671b297\" data-element_type=\"section\" data-e-type=\"section\">\n\t\t\t\t\t\t<div class=\"elementor-container elementor-column-gap-default\">\n\t\t\t\t\t<div class=\"elementor-column elementor-col-100 elementor-top-column elementor-element elementor-element-fec470b\" data-id=\"fec470b\" data-element_type=\"column\" data-e-type=\"column\">\n\t\t\t<div class=\"elementor-widget-wrap elementor-element-populated\">\n\t\t\t\t\t\t<div class=\"elementor-element elementor-element-28459f3 elementor-widget elementor-widget-heading\" data-id=\"28459f3\" data-element_type=\"widget\" data-e-type=\"widget\" data-widget_type=\"heading.default\">\n\t\t\t\t<div class=\"elementor-widget-container\">\n\t\t\t\t\t<h2 class=\"elementor-heading-title elementor-size-default\">Rutas de senderismo para elegir<\/h2>\t\t\t\t<\/div>\n\t\t\t\t<\/div>\n\t\t\t\t<div class=\"elementor-element elementor-element-15fb1ff elementor-widget elementor-widget-text-editor\" data-id=\"15fb1ff\" data-element_type=\"widget\" data-e-type=\"widget\" data-widget_type=\"text-editor.default\">\n\t\t\t\t<div class=\"elementor-widget-container\">\n\t\t\t\t\t\t\t\t\t<p style=\"font-weight: 400;\">A mayores de las <a href=\"https:\/\/www.idealpropertymallorca.com\/blog\/es\/rutas-mallorca\/\">rutas por Mallorca<\/a> de las que ya te hemos hablado en otras ocasiones, el Parc Natural de la Pen\u00ednsula de Llevant <strong>cuenta con m\u00faltiples senderos se\u00f1alizados, trece de ellos oficiales.<\/strong> Recorri\u00e9ndolos podr\u00e1s descubrir m\u00e1s <a href=\"https:\/\/www.idealpropertymallorca.com\/blog\/es\/miradores-mallorca\/\">miradores de Mallorca<\/a> como el de Sa Font Celada o el de S\u2019Arenalet.<\/p><p style=\"font-weight: 400;\">Y si te interesa la fotograf\u00eda o el avistamiento de aves, ll\u00e9vate unos prism\u00e1ticos: <strong>el Parc de Llevant es Zona de Especial Protecci\u00f3n para las Aves, hogar de rapaces y de muchas otras especies.<\/strong> Con un poco de suerte, podr\u00e1s divisar en el cielo alg\u00fan buitre, \u00e1guila o cormor\u00e1n.<\/p>\t\t\t\t\t\t\t\t<\/div>\n\t\t\t\t<\/div>\n\t\t\t\t\t<\/div>\n\t\t<\/div>\n\t\t\t\t\t<\/div>\n\t\t<\/section>\n\t\t\t\t<section class=\"elementor-section elementor-top-section elementor-element elementor-element-6994a404 elementor-section-boxed elementor-section-height-default elementor-section-height-default\" data-id=\"6994a404\" data-element_type=\"section\" data-e-type=\"section\">\n\t\t\t\t\t\t<div class=\"elementor-container elementor-column-gap-default\">\n\t\t\t\t\t<div class=\"elementor-column elementor-col-100 elementor-top-column elementor-element elementor-element-1c2c26e3\" data-id=\"1c2c26e3\" data-element_type=\"column\" data-e-type=\"column\">\n\t\t\t<div class=\"elementor-widget-wrap elementor-element-populated\">\n\t\t\t\t\t\t<div class=\"elementor-element elementor-element-798253ac elementor-widget elementor-widget-heading\" data-id=\"798253ac\" data-element_type=\"widget\" data-e-type=\"widget\" data-widget_type=\"heading.default\">\n\t\t\t\t<div class=\"elementor-widget-container\">\n\t\t\t\t\t<h3 class=\"elementor-heading-title elementor-size-default\">Ruta de la Ermita de Betlem<\/h3>\t\t\t\t<\/div>\n\t\t\t\t<\/div>\n\t\t\t\t<div class=\"elementor-element elementor-element-2f6c9676 elementor-widget elementor-widget-text-editor\" data-id=\"2f6c9676\" data-element_type=\"widget\" data-e-type=\"widget\" data-widget_type=\"text-editor.default\">\n\t\t\t\t<div class=\"elementor-widget-container\">\n\t\t\t\t\t\t\t\t\t<p style=\"font-weight: 400;\">Un camino de dificultad moderada que parte desde la peque\u00f1a urbanizaci\u00f3n de Betlem y asciende hasta su Ermita, un antiguo monasterio ubicado en la ladera de la monta\u00f1a. Son unos <strong>7 km<\/strong> de recorrido \u2014ida y vuelta\u2014 <strong>por senderos rodeados de vegetaci\u00f3n mediterr\u00e1nea, con vistas magn\u00edficas a los acantilados y a la bah\u00eda de Alc\u00fadia.<\/strong><\/p>\t\t\t\t\t\t\t\t<\/div>\n\t\t\t\t<\/div>\n\t\t\t\t\t<\/div>\n\t\t<\/div>\n\t\t\t\t\t<\/div>\n\t\t<\/section>\n\t\t\t\t<section class=\"elementor-section elementor-top-section elementor-element elementor-element-0014953 elementor-section-boxed elementor-section-height-default elementor-section-height-default\" data-id=\"0014953\" data-element_type=\"section\" data-e-type=\"section\">\n\t\t\t\t\t\t<div class=\"elementor-container elementor-column-gap-default\">\n\t\t\t\t\t<div class=\"elementor-column elementor-col-100 elementor-top-column elementor-element elementor-element-0a9717b\" data-id=\"0a9717b\" data-element_type=\"column\" data-e-type=\"column\">\n\t\t\t<div class=\"elementor-widget-wrap elementor-element-populated\">\n\t\t\t\t\t\t<div class=\"elementor-element elementor-element-940f158 elementor-widget elementor-widget-heading\" data-id=\"940f158\" data-element_type=\"widget\" data-e-type=\"widget\" data-widget_type=\"heading.default\">\n\t\t\t\t<div class=\"elementor-widget-container\">\n\t\t\t\t\t<h3 class=\"elementor-heading-title elementor-size-default\">Ruta circular de s\u2019Alqueria Vella<\/h3>\t\t\t\t<\/div>\n\t\t\t\t<\/div>\n\t\t\t\t<div class=\"elementor-element elementor-element-3da1033 elementor-widget elementor-widget-text-editor\" data-id=\"3da1033\" data-element_type=\"widget\" data-e-type=\"widget\" data-widget_type=\"text-editor.default\">\n\t\t\t\t<div class=\"elementor-widget-container\">\n\t\t\t\t\t\t\t\t\t<p style=\"font-weight: 400;\">Un itinerario circular de <strong>5 km<\/strong> que comienza y termina en el centro de s\u2019Alqueria Vella, punto central del parque. Est\u00e1 muy bien se\u00f1alizado y recorre el valle de s\u2019Alqueria, pasando por antiguos terrenos de cultivo y <strong>ofreci\u00e9ndote panor\u00e1micas preciosas de la bah\u00eda de Alc\u00fadia y de la Ermita de Betlem.<\/strong><\/p>\t\t\t\t\t\t\t\t<\/div>\n\t\t\t\t<\/div>\n\t\t\t\t\t<\/div>\n\t\t<\/div>\n\t\t\t\t\t<\/div>\n\t\t<\/section>\n\t\t\t\t<section class=\"elementor-section elementor-top-section elementor-element elementor-element-0539b00 elementor-section-boxed elementor-section-height-default elementor-section-height-default\" data-id=\"0539b00\" data-element_type=\"section\" data-e-type=\"section\">\n\t\t\t\t\t\t<div class=\"elementor-container elementor-column-gap-default\">\n\t\t\t\t\t<div class=\"elementor-column elementor-col-100 elementor-top-column elementor-element elementor-element-46c14af\" data-id=\"46c14af\" data-element_type=\"column\" data-e-type=\"column\">\n\t\t\t<div class=\"elementor-widget-wrap elementor-element-populated\">\n\t\t\t\t\t\t<div class=\"elementor-element elementor-element-29ee35d elementor-widget elementor-widget-heading\" data-id=\"29ee35d\" data-element_type=\"widget\" data-e-type=\"widget\" data-widget_type=\"heading.default\">\n\t\t\t\t<div class=\"elementor-widget-container\">\n\t\t\t\t\t<h3 class=\"elementor-heading-title elementor-size-default\">Ruta hasta la playa de S\u2019Arenalet des Verger<\/h3>\t\t\t\t<\/div>\n\t\t\t\t<\/div>\n\t\t\t\t<div class=\"elementor-element elementor-element-52bfd86 elementor-widget elementor-widget-text-editor\" data-id=\"52bfd86\" data-element_type=\"widget\" data-e-type=\"widget\" data-widget_type=\"text-editor.default\">\n\t\t\t\t<div class=\"elementor-widget-container\">\n\t\t\t\t\t\t\t\t\t<p style=\"font-weight: 400;\">Este recorrido te lleva hasta la espectacular playa virgen de S\u2019Arenalet des Verger \u2014de la que te hemos hablado antes\u2014.<br \/>La ruta tiene unos <strong>8 km y pasa por paisajes muy diversos<\/strong>: bosques de pino, tramos con matorral e incluso por el hist\u00f3rico Cam\u00ed dels Presos, un antiguo camino construido por prisioneros de guerra en 1941.<\/p>\t\t\t\t\t\t\t\t<\/div>\n\t\t\t\t<\/div>\n\t\t\t\t\t<\/div>\n\t\t<\/div>\n\t\t\t\t\t<\/div>\n\t\t<\/section>\n\t\t\t\t<section class=\"elementor-section elementor-top-section elementor-element elementor-element-3814c8f elementor-section-boxed elementor-section-height-default elementor-section-height-default\" data-id=\"3814c8f\" data-element_type=\"section\" data-e-type=\"section\">\n\t\t\t\t\t\t<div class=\"elementor-container elementor-column-gap-default\">\n\t\t\t\t\t<div class=\"elementor-column elementor-col-100 elementor-top-column elementor-element elementor-element-af83652\" data-id=\"af83652\" data-element_type=\"column\" data-e-type=\"column\">\n\t\t\t<div class=\"elementor-widget-wrap elementor-element-populated\">\n\t\t\t\t\t\t<div class=\"elementor-element elementor-element-0a5401e elementor-widget elementor-widget-heading\" data-id=\"0a5401e\" data-element_type=\"widget\" data-e-type=\"widget\" data-widget_type=\"heading.default\">\n\t\t\t\t<div class=\"elementor-widget-container\">\n\t\t\t\t\t<h3 class=\"elementor-heading-title elementor-size-default\">Ascenso al Bec de Ferrutx<\/h3>\t\t\t\t<\/div>\n\t\t\t\t<\/div>\n\t\t\t\t<div class=\"elementor-element elementor-element-40952d0 elementor-widget elementor-widget-text-editor\" data-id=\"40952d0\" data-element_type=\"widget\" data-e-type=\"widget\" data-widget_type=\"text-editor.default\">\n\t\t\t\t<div class=\"elementor-widget-container\">\n\t\t\t\t\t\t\t\t\t<p style=\"font-weight: 400;\">Y aqu\u00ed va una ruta pensada para los excursionistas m\u00e1s experimentados<strong>: subir al Bec de Ferrutx<\/strong> conseguir las mejores vistas panor\u00e1micas de la isla. <strong>El recorrido transcurre entre pinares, rocas y antiguos caminos de carboneros<\/strong>. Una vez en lo alto, podr\u00e1s ver el Cabo de Formentor e incluso la silueta de Menorca hacia el este. Eso s\u00ed, es un trayecto con mucho desnivel y de terreno irregular.<\/p>\t\t\t\t\t\t\t\t<\/div>\n\t\t\t\t<\/div>\n\t\t\t\t<div class=\"elementor-element elementor-element-8a21c54 elementor-widget elementor-widget-image\" data-id=\"8a21c54\" data-element_type=\"widget\" data-e-type=\"widget\" data-widget_type=\"image.default\">\n\t\t\t\t<div class=\"elementor-widget-container\">\n\t\t\t\t\t\t\t\t\t\t\t\t\t\t\t<img decoding=\"async\" width=\"1263\" height=\"631\" src=\"https:\/\/www.idealpropertymallorca.com\/blog\/wp-content\/uploads\/2025\/07\/Parc-Natural-de-la-Peninsula-de-Llevant.jpg\" class=\"attachment-full size-full wp-image-20689\" alt=\"Parc-Natural-de-la-Peninsula-de-Llevant.jpg\" srcset=\"https:\/\/www.idealpropertymallorca.com\/blog\/wp-content\/uploads\/2025\/07\/Parc-Natural-de-la-Peninsula-de-Llevant.jpg 1263w, https:\/\/www.idealpropertymallorca.com\/blog\/wp-content\/uploads\/2025\/07\/Parc-Natural-de-la-Peninsula-de-Llevant-300x150.jpg 300w, https:\/\/www.idealpropertymallorca.com\/blog\/wp-content\/uploads\/2025\/07\/Parc-Natural-de-la-Peninsula-de-Llevant-1024x512.jpg 1024w, https:\/\/www.idealpropertymallorca.com\/blog\/wp-content\/uploads\/2025\/07\/Parc-Natural-de-la-Peninsula-de-Llevant-768x384.jpg 768w\" sizes=\"(max-width: 1263px) 100vw, 1263px\" \/>\t\t\t\t\t\t\t\t\t\t\t\t\t\t\t<\/div>\n\t\t\t\t<\/div>\n\t\t\t\t\t<\/div>\n\t\t<\/div>\n\t\t\t\t\t<\/div>\n\t\t<\/section>\n\t\t\t\t<section class=\"elementor-section elementor-top-section elementor-element elementor-element-0bee292 elementor-section-boxed elementor-section-height-default elementor-section-height-default\" data-id=\"0bee292\" data-element_type=\"section\" data-e-type=\"section\">\n\t\t\t\t\t\t<div class=\"elementor-container elementor-column-gap-default\">\n\t\t\t\t\t<div class=\"elementor-column elementor-col-100 elementor-top-column elementor-element elementor-element-84485c3\" data-id=\"84485c3\" data-element_type=\"column\" data-e-type=\"column\">\n\t\t\t<div class=\"elementor-widget-wrap elementor-element-populated\">\n\t\t\t\t\t\t<div class=\"elementor-element elementor-element-5c96284 elementor-widget elementor-widget-heading\" data-id=\"5c96284\" data-element_type=\"widget\" data-e-type=\"widget\" data-widget_type=\"heading.default\">\n\t\t\t\t<div class=\"elementor-widget-container\">\n\t\t\t\t\t<h2 class=\"elementor-heading-title elementor-size-default\">Entrada y normas del Parc Natural de la Pen\u00ednsula de Llevant<\/h2>\t\t\t\t<\/div>\n\t\t\t\t<\/div>\n\t\t\t\t<div class=\"elementor-element elementor-element-f353c6a elementor-widget elementor-widget-text-editor\" data-id=\"f353c6a\" data-element_type=\"widget\" data-e-type=\"widget\" data-widget_type=\"text-editor.default\">\n\t\t\t\t<div class=\"elementor-widget-container\">\n\t\t\t\t\t\t\t\t\t<p style=\"font-weight: 400;\">El acceso al Parc Natural de la Pen\u00ednsula de Llevant <strong>es gratuito; no se cobra entrada para visitar el parque ni por realizar sus senderos.<\/strong><\/p><p style=\"font-weight: 400;\">En cuanto a las normas, es importante seguir las indicaciones para conservar el entorno. \u00bfLo b\u00e1sico? <strong>No dejar basura, no encender fuego ni fumar en zonas forestales, no acampar e intentar no perturbar la fauna.<\/strong><\/p><p style=\"font-weight: 400;\">Y a cuento de esto, que sepas que el parque <strong>es un refugio de caza<\/strong>, lo cual significa que esta pr\u00e1ctica est\u00e1 prohibida en toda el \u00e1rea natural. Tampoco est\u00e1 permitido arrancar plantas, recolectar animales o alimentar a la fauna salvaje. En resumen: aplica el sentido com\u00fan, respeta el espacio y todo ir\u00e1 bien.<\/p>\t\t\t\t\t\t\t\t<\/div>\n\t\t\t\t<\/div>\n\t\t\t\t\t<\/div>\n\t\t<\/div>\n\t\t\t\t\t<\/div>\n\t\t<\/section>\n\t\t\t\t<section class=\"elementor-section elementor-top-section elementor-element elementor-element-7e34f37 elementor-section-boxed elementor-section-height-default elementor-section-height-default\" data-id=\"7e34f37\" data-element_type=\"section\" data-e-type=\"section\">\n\t\t\t\t\t\t<div class=\"elementor-container elementor-column-gap-default\">\n\t\t\t\t\t<div class=\"elementor-column elementor-col-100 elementor-top-column elementor-element elementor-element-9fbde78\" data-id=\"9fbde78\" data-element_type=\"column\" data-e-type=\"column\">\n\t\t\t<div class=\"elementor-widget-wrap elementor-element-populated\">\n\t\t\t\t\t\t<div class=\"elementor-element elementor-element-9290abc elementor-widget elementor-widget-heading\" data-id=\"9290abc\" data-element_type=\"widget\" data-e-type=\"widget\" data-widget_type=\"heading.default\">\n\t\t\t\t<div class=\"elementor-widget-container\">\n\t\t\t\t\t<h2 class=\"elementor-heading-title elementor-size-default\">\u00bfVale la pena visitar el Parc Natural de la Pen\u00ednsula de Llevant?<\/h2>\t\t\t\t<\/div>\n\t\t\t\t<\/div>\n\t\t\t\t<div class=\"elementor-element elementor-element-fab60c0 elementor-widget elementor-widget-text-editor\" data-id=\"fab60c0\" data-element_type=\"widget\" data-e-type=\"widget\" data-widget_type=\"text-editor.default\">\n\t\t\t\t<div class=\"elementor-widget-container\">\n\t\t\t\t\t\t\t\t\t<p style=\"font-weight: 400;\">S\u00ed, definitivamente vale la pena. <strong>El Parc Natural de la Pen\u00ednsula de Llevant es uno de esos lugares que te hacen enamorarte todav\u00eda m\u00e1s de Mallorca<\/strong>, porque aunque no es tan conocido como otros parques mallorquines, te ofrece una riqueza natural inigualable.<\/p><p style=\"font-weight: 400;\">Prepara la mochila, abre bien los ojos y los pulmones y d\u00e9jate maravillar por la belleza de Llevant. Eso s\u00ed, <strong>hazlo desde un alojamiento en el que puedas descansar a pierna suelta<\/strong> despu\u00e9s de recorrerte el parque de arriba abajo.<\/p><p style=\"font-weight: 400;\">Y para eso solo tienes que pinchar en <a href=\"https:\/\/www.idealpropertymallorca.com\/es\/\">este enlace<\/a> y descubrir las casas, pisos y villas que tenemos en Ideal Property.<\/p><p style=\"font-weight: 400;\">El mejor parque natural de Mallorca ten\u00eda que estar acompa\u00f1ado por un alojamiento a la altura, \u00bfno?<\/p>\t\t\t\t\t\t\t\t<\/div>\n\t\t\t\t<\/div>\n\t\t\t\t\t<\/div>\n\t\t<\/div>\n\t\t\t\t\t<\/div>\n\t\t<\/section>\n\t\t\t\t<section class=\"elementor-section elementor-top-section elementor-element elementor-element-517a945f elementor-section-boxed elementor-section-height-default elementor-section-height-default\" data-id=\"517a945f\" data-element_type=\"section\" data-e-type=\"section\">\n\t\t\t\t\t\t<div class=\"elementor-container elementor-column-gap-default\">\n\t\t\t\t\t<div class=\"elementor-column elementor-col-33 elementor-top-column elementor-element elementor-element-63436140\" data-id=\"63436140\" data-element_type=\"column\" data-e-type=\"column\" data-settings=\"{&quot;background_background&quot;:&quot;classic&quot;}\">\n\t\t\t<div class=\"elementor-widget-wrap elementor-element-populated\">\n\t\t\t\t\t\t<div class=\"elementor-element elementor-element-526f776a elementor-align-center elementor-widget elementor-widget-button\" data-id=\"526f776a\" data-element_type=\"widget\" data-e-type=\"widget\" data-widget_type=\"button.default\">\n\t\t\t\t<div class=\"elementor-widget-container\">\n\t\t\t\t\t\t\t\t\t<div class=\"elementor-button-wrapper\">\n\t\t\t\t\t<a class=\"elementor-button elementor-button-link elementor-size-sm\" href=\"https:\/\/www.idealpropertymallorca.com\/es\/alquiler-vacacional-puerto-alcudia\/\">\n\t\t\t\t\t\t<span class=\"elementor-button-content-wrapper\">\n\t\t\t\t\t\t\t\t\t<span class=\"elementor-button-text\">Alojamientos en Port Alcudia<\/span>\n\t\t\t\t\t<\/span>\n\t\t\t\t\t<\/a>\n\t\t\t\t<\/div>\n\t\t\t\t\t\t\t\t<\/div>\n\t\t\t\t<\/div>\n\t\t\t\t\t<\/div>\n\t\t<\/div>\n\t\t\t\t<div class=\"elementor-column elementor-col-33 elementor-top-column elementor-element elementor-element-2595b38b\" data-id=\"2595b38b\" data-element_type=\"column\" data-e-type=\"column\" data-settings=\"{&quot;background_background&quot;:&quot;classic&quot;}\">\n\t\t\t<div class=\"elementor-widget-wrap elementor-element-populated\">\n\t\t\t\t\t\t<div class=\"elementor-element elementor-element-475c04e elementor-align-center elementor-widget elementor-widget-button\" data-id=\"475c04e\" data-element_type=\"widget\" data-e-type=\"widget\" data-widget_type=\"button.default\">\n\t\t\t\t<div class=\"elementor-widget-container\">\n\t\t\t\t\t\t\t\t\t<div class=\"elementor-button-wrapper\">\n\t\t\t\t\t<a class=\"elementor-button elementor-button-link elementor-size-sm\" href=\"https:\/\/www.idealpropertymallorca.com\/es\/alquiler-vacacional-en-sa-pobla\/\">\n\t\t\t\t\t\t<span class=\"elementor-button-content-wrapper\">\n\t\t\t\t\t\t\t\t\t<span class=\"elementor-button-text\">Alojamientos en Sa Pobla<\/span>\n\t\t\t\t\t<\/span>\n\t\t\t\t\t<\/a>\n\t\t\t\t<\/div>\n\t\t\t\t\t\t\t\t<\/div>\n\t\t\t\t<\/div>\n\t\t\t\t\t<\/div>\n\t\t<\/div>\n\t\t\t\t<div class=\"elementor-column elementor-col-33 elementor-top-column elementor-element elementor-element-7b229424\" data-id=\"7b229424\" data-element_type=\"column\" data-e-type=\"column\" data-settings=\"{&quot;background_background&quot;:&quot;classic&quot;}\">\n\t\t\t<div class=\"elementor-widget-wrap elementor-element-populated\">\n\t\t\t\t\t\t<div class=\"elementor-element elementor-element-6dda4fd5 elementor-align-center elementor-widget elementor-widget-button\" data-id=\"6dda4fd5\" data-element_type=\"widget\" data-e-type=\"widget\" data-widget_type=\"button.default\">\n\t\t\t\t<div class=\"elementor-widget-container\">\n\t\t\t\t\t\t\t\t\t<div class=\"elementor-button-wrapper\">\n\t\t\t\t\t<a class=\"elementor-button elementor-button-link elementor-size-sm\" href=\"https:\/\/www.idealpropertymallorca.com\/es\/casas-apartamentos-en-playa-de-muro\/\">\n\t\t\t\t\t\t<span class=\"elementor-button-content-wrapper\">\n\t\t\t\t\t\t\t\t\t<span class=\"elementor-button-text\">Alojamientos en Playa de Muro<\/span>\n\t\t\t\t\t<\/span>\n\t\t\t\t\t<\/a>\n\t\t\t\t<\/div>\n\t\t\t\t\t\t\t\t<\/div>\n\t\t\t\t<\/div>\n\t\t\t\t\t<\/div>\n\t\t<\/div>\n\t\t\t\t\t<\/div>\n\t\t<\/section>\n\t\t\t\t<\/div>\n\t\t","protected":false},"excerpt":{"rendered":"<p>En Mallorca hay un para\u00edso que no puedes perderte. S\u00ed, hablamos del\u00a0Parc Natural de la Pen\u00ednsula de Llevant, un lugar que combina paisajes monta\u00f1osos espectaculares con vistas incre\u00edbles al mar Mediterr\u00e1neo. Este parque se extiende a lo largo de m\u00e1s de 17.000 hect\u00e1reas, combinando estampas monta\u00f1osas, acantilados espectaculares, calas escondidas y una biodiversidad que te [&hellip;]<\/p>\n","protected":false},"author":8,"featured_media":20697,"comment_status":"open","ping_status":"open","sticky":false,"template":"","format":"standard","meta":{"footnotes":""},"categories":[739,759],"tags":[],"class_list":["post-20661","post","type-post","status-publish","format-standard","has-post-thumbnail","hentry","category-actividades-para-la-familia","category-lugares-turisticos"],"yoast_head":"<!-- This site is optimized with the Yoast SEO plugin v27.4 - https:\/\/yoast.com\/product\/yoast-seo-wordpress\/ -->\n<title>Gu\u00eda del Parc Natural de la Pen\u00ednsula de Llevant - Majorca Blog<\/title>\n<meta name=\"description\" content=\"\u00bfTe est\u00e1s preguntando c\u00f3mo llegar, qu\u00e9 ver y qu\u00e9 hacer para disfrutar al m\u00e1ximo del Parc Natural de la Pen\u00ednsula de Llevant? Aqu\u00ed tienes las respuestas.\" \/>\n<meta name=\"robots\" content=\"index, follow, max-snippet:-1, max-image-preview:large, max-video-preview:-1\" \/>\n<link rel=\"canonical\" href=\"https:\/\/www.idealpropertymallorca.com\/blog\/es\/parc-natural-peninsula-llevant\/\" \/>\n<meta property=\"og:locale\" content=\"es_ES\" \/>\n<meta property=\"og:type\" content=\"article\" \/>\n<meta property=\"og:title\" content=\"Gu\u00eda del Parc Natural de la Pen\u00ednsula de Llevant - Majorca Blog\" \/>\n<meta property=\"og:description\" content=\"\u00bfTe est\u00e1s preguntando c\u00f3mo llegar, qu\u00e9 ver y qu\u00e9 hacer para disfrutar al m\u00e1ximo del Parc Natural de la Pen\u00ednsula de Llevant? Aqu\u00ed tienes las respuestas.\" \/>\n<meta property=\"og:url\" content=\"https:\/\/www.idealpropertymallorca.com\/blog\/es\/parc-natural-peninsula-llevant\/\" \/>\n<meta property=\"og:site_name\" content=\"Majorca Blog\" \/>\n<meta property=\"article:published_time\" content=\"2025-07-22T09:28:24+00:00\" \/>\n<meta property=\"article:modified_time\" content=\"2025-07-22T09:42:38+00:00\" \/>\n<meta property=\"og:image\" content=\"https:\/\/www.idealpropertymallorca.com\/blog\/wp-content\/uploads\/2025\/07\/Parc-Natural-de-la-Peninsula-de-Llevant-ruta.jpg\" \/>\n\t<meta property=\"og:image:width\" content=\"1920\" \/>\n\t<meta property=\"og:image:height\" content=\"960\" \/>\n\t<meta property=\"og:image:type\" content=\"image\/jpeg\" \/>\n<meta name=\"author\" content=\"Laura\" \/>\n<meta name=\"twitter:card\" content=\"summary_large_image\" \/>\n<meta name=\"twitter:label1\" content=\"Written by\" \/>\n\t<meta name=\"twitter:data1\" content=\"Laura\" \/>\n\t<meta name=\"twitter:label2\" content=\"Est. reading time\" \/>\n\t<meta name=\"twitter:data2\" content=\"7 minutes\" \/>\n<script type=\"application\/ld+json\" class=\"yoast-schema-graph\">{\"@context\":\"https:\\\/\\\/schema.org\",\"@graph\":[{\"@type\":\"Article\",\"@id\":\"https:\\\/\\\/www.idealpropertymallorca.com\\\/blog\\\/es\\\/parc-natural-peninsula-llevant\\\/#article\",\"isPartOf\":{\"@id\":\"https:\\\/\\\/www.idealpropertymallorca.com\\\/blog\\\/es\\\/parc-natural-peninsula-llevant\\\/\"},\"author\":{\"name\":\"Laura\",\"@id\":\"https:\\\/\\\/www.idealpropertymallorca.com\\\/blog\\\/es\\\/#\\\/schema\\\/person\\\/53b99bcf6881b706ccaf30eb50de4c8e\"},\"headline\":\"Gu\u00eda para visitar el Parc Natural de la Pen\u00ednsula de Llevant en Mallorca\",\"datePublished\":\"2025-07-22T09:28:24+00:00\",\"dateModified\":\"2025-07-22T09:42:38+00:00\",\"mainEntityOfPage\":{\"@id\":\"https:\\\/\\\/www.idealpropertymallorca.com\\\/blog\\\/es\\\/parc-natural-peninsula-llevant\\\/\"},\"wordCount\":1375,\"commentCount\":0,\"publisher\":{\"@id\":\"https:\\\/\\\/www.idealpropertymallorca.com\\\/blog\\\/es\\\/#organization\"},\"image\":{\"@id\":\"https:\\\/\\\/www.idealpropertymallorca.com\\\/blog\\\/es\\\/parc-natural-peninsula-llevant\\\/#primaryimage\"},\"thumbnailUrl\":\"https:\\\/\\\/www.idealpropertymallorca.com\\\/blog\\\/wp-content\\\/uploads\\\/2025\\\/07\\\/Parc-Natural-de-la-Peninsula-de-Llevant-ruta.jpg\",\"articleSection\":[\"Actividades para la familia\",\"Lugares tur\u00edsticos\"],\"inLanguage\":\"es\",\"potentialAction\":[{\"@type\":\"CommentAction\",\"name\":\"Comment\",\"target\":[\"https:\\\/\\\/www.idealpropertymallorca.com\\\/blog\\\/es\\\/parc-natural-peninsula-llevant\\\/#respond\"]}]},{\"@type\":\"WebPage\",\"@id\":\"https:\\\/\\\/www.idealpropertymallorca.com\\\/blog\\\/es\\\/parc-natural-peninsula-llevant\\\/\",\"url\":\"https:\\\/\\\/www.idealpropertymallorca.com\\\/blog\\\/es\\\/parc-natural-peninsula-llevant\\\/\",\"name\":\"Gu\u00eda del Parc Natural de la Pen\u00ednsula de Llevant - Majorca Blog\",\"isPartOf\":{\"@id\":\"https:\\\/\\\/www.idealpropertymallorca.com\\\/blog\\\/es\\\/#website\"},\"primaryImageOfPage\":{\"@id\":\"https:\\\/\\\/www.idealpropertymallorca.com\\\/blog\\\/es\\\/parc-natural-peninsula-llevant\\\/#primaryimage\"},\"image\":{\"@id\":\"https:\\\/\\\/www.idealpropertymallorca.com\\\/blog\\\/es\\\/parc-natural-peninsula-llevant\\\/#primaryimage\"},\"thumbnailUrl\":\"https:\\\/\\\/www.idealpropertymallorca.com\\\/blog\\\/wp-content\\\/uploads\\\/2025\\\/07\\\/Parc-Natural-de-la-Peninsula-de-Llevant-ruta.jpg\",\"datePublished\":\"2025-07-22T09:28:24+00:00\",\"dateModified\":\"2025-07-22T09:42:38+00:00\",\"description\":\"\u00bfTe est\u00e1s preguntando c\u00f3mo llegar, qu\u00e9 ver y qu\u00e9 hacer para disfrutar al m\u00e1ximo del Parc Natural de la Pen\u00ednsula de Llevant? Aqu\u00ed tienes las respuestas.\",\"inLanguage\":\"es\",\"potentialAction\":[{\"@type\":\"ReadAction\",\"target\":[\"https:\\\/\\\/www.idealpropertymallorca.com\\\/blog\\\/es\\\/parc-natural-peninsula-llevant\\\/\"]}]},{\"@type\":\"ImageObject\",\"inLanguage\":\"es\",\"@id\":\"https:\\\/\\\/www.idealpropertymallorca.com\\\/blog\\\/es\\\/parc-natural-peninsula-llevant\\\/#primaryimage\",\"url\":\"https:\\\/\\\/www.idealpropertymallorca.com\\\/blog\\\/wp-content\\\/uploads\\\/2025\\\/07\\\/Parc-Natural-de-la-Peninsula-de-Llevant-ruta.jpg\",\"contentUrl\":\"https:\\\/\\\/www.idealpropertymallorca.com\\\/blog\\\/wp-content\\\/uploads\\\/2025\\\/07\\\/Parc-Natural-de-la-Peninsula-de-Llevant-ruta.jpg\",\"width\":1920,\"height\":960,\"caption\":\"Parc-Natural-de-la-Peninsula-de-Llevant-ruta.jpg\"},{\"@type\":\"WebSite\",\"@id\":\"https:\\\/\\\/www.idealpropertymallorca.com\\\/blog\\\/es\\\/#website\",\"url\":\"https:\\\/\\\/www.idealpropertymallorca.com\\\/blog\\\/es\\\/\",\"name\":\"Majorca Blog\",\"description\":\"Find relevant tourist information to see and do on the island of Mallorca during your holiday. Discover the best places and tips!\",\"publisher\":{\"@id\":\"https:\\\/\\\/www.idealpropertymallorca.com\\\/blog\\\/es\\\/#organization\"},\"potentialAction\":[{\"@type\":\"SearchAction\",\"target\":{\"@type\":\"EntryPoint\",\"urlTemplate\":\"https:\\\/\\\/www.idealpropertymallorca.com\\\/blog\\\/es\\\/?s={search_term_string}\"},\"query-input\":{\"@type\":\"PropertyValueSpecification\",\"valueRequired\":true,\"valueName\":\"search_term_string\"}}],\"inLanguage\":\"es\"},{\"@type\":\"Organization\",\"@id\":\"https:\\\/\\\/www.idealpropertymallorca.com\\\/blog\\\/es\\\/#organization\",\"name\":\"Majorca Blog\",\"url\":\"https:\\\/\\\/www.idealpropertymallorca.com\\\/blog\\\/es\\\/\",\"logo\":{\"@type\":\"ImageObject\",\"inLanguage\":\"es\",\"@id\":\"https:\\\/\\\/www.idealpropertymallorca.com\\\/blog\\\/es\\\/#\\\/schema\\\/logo\\\/image\\\/\",\"url\":\"https:\\\/\\\/www.idealpropertymallorca.com\\\/blog\\\/wp-content\\\/uploads\\\/2024\\\/10\\\/ideal-property-mallorca-blue-mobile.png\",\"contentUrl\":\"https:\\\/\\\/www.idealpropertymallorca.com\\\/blog\\\/wp-content\\\/uploads\\\/2024\\\/10\\\/ideal-property-mallorca-blue-mobile.png\",\"width\":500,\"height\":150,\"caption\":\"Majorca Blog\"},\"image\":{\"@id\":\"https:\\\/\\\/www.idealpropertymallorca.com\\\/blog\\\/es\\\/#\\\/schema\\\/logo\\\/image\\\/\"}},{\"@type\":\"Person\",\"@id\":\"https:\\\/\\\/www.idealpropertymallorca.com\\\/blog\\\/es\\\/#\\\/schema\\\/person\\\/53b99bcf6881b706ccaf30eb50de4c8e\",\"name\":\"Laura\",\"image\":{\"@type\":\"ImageObject\",\"inLanguage\":\"es\",\"@id\":\"https:\\\/\\\/secure.gravatar.com\\\/avatar\\\/38b396224481eeb6edadb558d7e4a6d1ff1c8ba1e6abd3951e451527e107c96b?s=96&d=mm&r=g\",\"url\":\"https:\\\/\\\/secure.gravatar.com\\\/avatar\\\/38b396224481eeb6edadb558d7e4a6d1ff1c8ba1e6abd3951e451527e107c96b?s=96&d=mm&r=g\",\"contentUrl\":\"https:\\\/\\\/secure.gravatar.com\\\/avatar\\\/38b396224481eeb6edadb558d7e4a6d1ff1c8ba1e6abd3951e451527e107c96b?s=96&d=mm&r=g\",\"caption\":\"Laura\"}}]}<\/script>\n<!-- \/ Yoast SEO plugin. -->","yoast_head_json":{"title":"Gu\u00eda del Parc Natural de la Pen\u00ednsula de Llevant - Majorca Blog","description":"\u00bfTe est\u00e1s preguntando c\u00f3mo llegar, qu\u00e9 ver y qu\u00e9 hacer para disfrutar al m\u00e1ximo del Parc Natural de la Pen\u00ednsula de Llevant? Aqu\u00ed tienes las respuestas.","robots":{"index":"index","follow":"follow","max-snippet":"max-snippet:-1","max-image-preview":"max-image-preview:large","max-video-preview":"max-video-preview:-1"},"canonical":"https:\/\/www.idealpropertymallorca.com\/blog\/es\/parc-natural-peninsula-llevant\/","og_locale":"es_ES","og_type":"article","og_title":"Gu\u00eda del Parc Natural de la Pen\u00ednsula de Llevant - Majorca Blog","og_description":"\u00bfTe est\u00e1s preguntando c\u00f3mo llegar, qu\u00e9 ver y qu\u00e9 hacer para disfrutar al m\u00e1ximo del Parc Natural de la Pen\u00ednsula de Llevant? Aqu\u00ed tienes las respuestas.","og_url":"https:\/\/www.idealpropertymallorca.com\/blog\/es\/parc-natural-peninsula-llevant\/","og_site_name":"Majorca Blog","article_published_time":"2025-07-22T09:28:24+00:00","article_modified_time":"2025-07-22T09:42:38+00:00","og_image":[{"width":1920,"height":960,"url":"https:\/\/www.idealpropertymallorca.com\/blog\/wp-content\/uploads\/2025\/07\/Parc-Natural-de-la-Peninsula-de-Llevant-ruta.jpg","type":"image\/jpeg"}],"author":"Laura","twitter_card":"summary_large_image","twitter_misc":{"Written by":"Laura","Est. reading time":"7 minutes"},"schema":{"@context":"https:\/\/schema.org","@graph":[{"@type":"Article","@id":"https:\/\/www.idealpropertymallorca.com\/blog\/es\/parc-natural-peninsula-llevant\/#article","isPartOf":{"@id":"https:\/\/www.idealpropertymallorca.com\/blog\/es\/parc-natural-peninsula-llevant\/"},"author":{"name":"Laura","@id":"https:\/\/www.idealpropertymallorca.com\/blog\/es\/#\/schema\/person\/53b99bcf6881b706ccaf30eb50de4c8e"},"headline":"Gu\u00eda para visitar el Parc Natural de la Pen\u00ednsula de Llevant en Mallorca","datePublished":"2025-07-22T09:28:24+00:00","dateModified":"2025-07-22T09:42:38+00:00","mainEntityOfPage":{"@id":"https:\/\/www.idealpropertymallorca.com\/blog\/es\/parc-natural-peninsula-llevant\/"},"wordCount":1375,"commentCount":0,"publisher":{"@id":"https:\/\/www.idealpropertymallorca.com\/blog\/es\/#organization"},"image":{"@id":"https:\/\/www.idealpropertymallorca.com\/blog\/es\/parc-natural-peninsula-llevant\/#primaryimage"},"thumbnailUrl":"https:\/\/www.idealpropertymallorca.com\/blog\/wp-content\/uploads\/2025\/07\/Parc-Natural-de-la-Peninsula-de-Llevant-ruta.jpg","articleSection":["Actividades para la familia","Lugares tur\u00edsticos"],"inLanguage":"es","potentialAction":[{"@type":"CommentAction","name":"Comment","target":["https:\/\/www.idealpropertymallorca.com\/blog\/es\/parc-natural-peninsula-llevant\/#respond"]}]},{"@type":"WebPage","@id":"https:\/\/www.idealpropertymallorca.com\/blog\/es\/parc-natural-peninsula-llevant\/","url":"https:\/\/www.idealpropertymallorca.com\/blog\/es\/parc-natural-peninsula-llevant\/","name":"Gu\u00eda del Parc Natural de la Pen\u00ednsula de Llevant - Majorca Blog","isPartOf":{"@id":"https:\/\/www.idealpropertymallorca.com\/blog\/es\/#website"},"primaryImageOfPage":{"@id":"https:\/\/www.idealpropertymallorca.com\/blog\/es\/parc-natural-peninsula-llevant\/#primaryimage"},"image":{"@id":"https:\/\/www.idealpropertymallorca.com\/blog\/es\/parc-natural-peninsula-llevant\/#primaryimage"},"thumbnailUrl":"https:\/\/www.idealpropertymallorca.com\/blog\/wp-content\/uploads\/2025\/07\/Parc-Natural-de-la-Peninsula-de-Llevant-ruta.jpg","datePublished":"2025-07-22T09:28:24+00:00","dateModified":"2025-07-22T09:42:38+00:00","description":"\u00bfTe est\u00e1s preguntando c\u00f3mo llegar, qu\u00e9 ver y qu\u00e9 hacer para disfrutar al m\u00e1ximo del Parc Natural de la Pen\u00ednsula de Llevant? Aqu\u00ed tienes las respuestas.","inLanguage":"es","potentialAction":[{"@type":"ReadAction","target":["https:\/\/www.idealpropertymallorca.com\/blog\/es\/parc-natural-peninsula-llevant\/"]}]},{"@type":"ImageObject","inLanguage":"es","@id":"https:\/\/www.idealpropertymallorca.com\/blog\/es\/parc-natural-peninsula-llevant\/#primaryimage","url":"https:\/\/www.idealpropertymallorca.com\/blog\/wp-content\/uploads\/2025\/07\/Parc-Natural-de-la-Peninsula-de-Llevant-ruta.jpg","contentUrl":"https:\/\/www.idealpropertymallorca.com\/blog\/wp-content\/uploads\/2025\/07\/Parc-Natural-de-la-Peninsula-de-Llevant-ruta.jpg","width":1920,"height":960,"caption":"Parc-Natural-de-la-Peninsula-de-Llevant-ruta.jpg"},{"@type":"WebSite","@id":"https:\/\/www.idealpropertymallorca.com\/blog\/es\/#website","url":"https:\/\/www.idealpropertymallorca.com\/blog\/es\/","name":"Majorca Blog","description":"Find relevant tourist information to see and do on the island of Mallorca during your holiday. Discover the best places and tips!","publisher":{"@id":"https:\/\/www.idealpropertymallorca.com\/blog\/es\/#organization"},"potentialAction":[{"@type":"SearchAction","target":{"@type":"EntryPoint","urlTemplate":"https:\/\/www.idealpropertymallorca.com\/blog\/es\/?s={search_term_string}"},"query-input":{"@type":"PropertyValueSpecification","valueRequired":true,"valueName":"search_term_string"}}],"inLanguage":"es"},{"@type":"Organization","@id":"https:\/\/www.idealpropertymallorca.com\/blog\/es\/#organization","name":"Majorca Blog","url":"https:\/\/www.idealpropertymallorca.com\/blog\/es\/","logo":{"@type":"ImageObject","inLanguage":"es","@id":"https:\/\/www.idealpropertymallorca.com\/blog\/es\/#\/schema\/logo\/image\/","url":"https:\/\/www.idealpropertymallorca.com\/blog\/wp-content\/uploads\/2024\/10\/ideal-property-mallorca-blue-mobile.png","contentUrl":"https:\/\/www.idealpropertymallorca.com\/blog\/wp-content\/uploads\/2024\/10\/ideal-property-mallorca-blue-mobile.png","width":500,"height":150,"caption":"Majorca Blog"},"image":{"@id":"https:\/\/www.idealpropertymallorca.com\/blog\/es\/#\/schema\/logo\/image\/"}},{"@type":"Person","@id":"https:\/\/www.idealpropertymallorca.com\/blog\/es\/#\/schema\/person\/53b99bcf6881b706ccaf30eb50de4c8e","name":"Laura","image":{"@type":"ImageObject","inLanguage":"es","@id":"https:\/\/secure.gravatar.com\/avatar\/38b396224481eeb6edadb558d7e4a6d1ff1c8ba1e6abd3951e451527e107c96b?s=96&d=mm&r=g","url":"https:\/\/secure.gravatar.com\/avatar\/38b396224481eeb6edadb558d7e4a6d1ff1c8ba1e6abd3951e451527e107c96b?s=96&d=mm&r=g","contentUrl":"https:\/\/secure.gravatar.com\/avatar\/38b396224481eeb6edadb558d7e4a6d1ff1c8ba1e6abd3951e451527e107c96b?s=96&d=mm&r=g","caption":"Laura"}}]}},"_links":{"self":[{"href":"https:\/\/www.idealpropertymallorca.com\/blog\/es\/wp-json\/wp\/v2\/posts\/20661","targetHints":{"allow":["GET"]}}],"collection":[{"href":"https:\/\/www.idealpropertymallorca.com\/blog\/es\/wp-json\/wp\/v2\/posts"}],"about":[{"href":"https:\/\/www.idealpropertymallorca.com\/blog\/es\/wp-json\/wp\/v2\/types\/post"}],"author":[{"embeddable":true,"href":"https:\/\/www.idealpropertymallorca.com\/blog\/es\/wp-json\/wp\/v2\/users\/8"}],"replies":[{"embeddable":true,"href":"https:\/\/www.idealpropertymallorca.com\/blog\/es\/wp-json\/wp\/v2\/comments?post=20661"}],"version-history":[{"count":10,"href":"https:\/\/www.idealpropertymallorca.com\/blog\/es\/wp-json\/wp\/v2\/posts\/20661\/revisions"}],"predecessor-version":[{"id":20707,"href":"https:\/\/www.idealpropertymallorca.com\/blog\/es\/wp-json\/wp\/v2\/posts\/20661\/revisions\/20707"}],"wp:featuredmedia":[{"embeddable":true,"href":"https:\/\/www.idealpropertymallorca.com\/blog\/es\/wp-json\/wp\/v2\/media\/20697"}],"wp:attachment":[{"href":"https:\/\/www.idealpropertymallorca.com\/blog\/es\/wp-json\/wp\/v2\/media?parent=20661"}],"wp:term":[{"taxonomy":"category","embeddable":true,"href":"https:\/\/www.idealpropertymallorca.com\/blog\/es\/wp-json\/wp\/v2\/categories?post=20661"},{"taxonomy":"post_tag","embeddable":true,"href":"https:\/\/www.idealpropertymallorca.com\/blog\/es\/wp-json\/wp\/v2\/tags?post=20661"}],"curies":[{"name":"wp","href":"https:\/\/api.w.org\/{rel}","templated":true}]}}