{"id":193,"date":"2023-08-23T12:18:00","date_gmt":"2023-08-23T12:18:00","guid":{"rendered":"https:\/\/www.idealpropertymallorca.com\/blog\/?p=193"},"modified":"2025-04-28T13:52:33","modified_gmt":"2025-04-28T13:52:33","slug":"globos-aerostaticos-mallorca","status":"publish","type":"post","link":"https:\/\/www.idealpropertymallorca.com\/blog\/es\/globos-aerostaticos-mallorca\/","title":{"rendered":"Globos Aerostaticos Mallorca: Viaja Arriba de las Nubes"},"content":{"rendered":"\t\t<div data-elementor-type=\"wp-post\" data-elementor-id=\"193\" class=\"elementor elementor-193\" data-elementor-post-type=\"post\">\n\t\t\t\t\t\t<section class=\"elementor-section elementor-top-section elementor-element elementor-element-3bd8d4e elementor-section-boxed elementor-section-height-default elementor-section-height-default\" data-id=\"3bd8d4e\" data-element_type=\"section\" data-e-type=\"section\">\n\t\t\t\t\t\t<div class=\"elementor-container elementor-column-gap-default\">\n\t\t\t\t\t<div class=\"elementor-column elementor-col-100 elementor-top-column elementor-element elementor-element-0f68932\" data-id=\"0f68932\" data-element_type=\"column\" data-e-type=\"column\">\n\t\t\t<div class=\"elementor-widget-wrap elementor-element-populated\">\n\t\t\t\t\t\t<div class=\"elementor-element elementor-element-81dc3b6 elementor-widget elementor-widget-text-editor\" data-id=\"81dc3b6\" data-element_type=\"widget\" data-e-type=\"widget\" data-widget_type=\"text-editor.default\">\n\t\t\t\t<div class=\"elementor-widget-container\">\n\t\t\t\t\t\t\t\t\t<p>Volar en globo aerost\u00e1tico en Mallorca ofrece una forma \u00fanica y sobrecogedora de explorar los impresionantes paisajes de la isla. Derrapa suavemente sobre paisajes pintorescos, vi\u00f1edos y aguas turquesas, capturando impresionantes vistas tanto de la costa como de las monta\u00f1as. Tanto si te gustan las emociones fuertes como si simplemente buscas una escapada serena, un viaje en globo aerost\u00e1tico en Mallorca promete una experiencia inolvidable, que combina aventura y tranquilidad de una forma realmente m\u00e1gica. Las favorables condiciones meteorol\u00f3gicas y la diversidad del terreno de la isla la convierten en un destino perfecto para esta cautivadora aventura. As\u00ed que, emprende esta aventura con nosotros y si quieres saber m\u00e1s sobre ella&#8230; <strong>\u00a1sigue leyendo!<\/strong><\/p>\t\t\t\t\t\t\t\t<\/div>\n\t\t\t\t<\/div>\n\t\t\t\t\t<\/div>\n\t\t<\/div>\n\t\t\t\t\t<\/div>\n\t\t<\/section>\n\t\t\t\t<section class=\"elementor-section elementor-top-section elementor-element elementor-element-8dfb938 elementor-section-boxed elementor-section-height-default elementor-section-height-default\" data-id=\"8dfb938\" data-element_type=\"section\" data-e-type=\"section\">\n\t\t\t\t\t\t<div class=\"elementor-container elementor-column-gap-default\">\n\t\t\t\t\t<div class=\"elementor-column elementor-col-100 elementor-top-column elementor-element elementor-element-d8f8dd6\" data-id=\"d8f8dd6\" data-element_type=\"column\" data-e-type=\"column\">\n\t\t\t<div class=\"elementor-widget-wrap elementor-element-populated\">\n\t\t\t\t\t\t<div class=\"elementor-element elementor-element-1c116c9 elementor-widget elementor-widget-heading\" data-id=\"1c116c9\" data-element_type=\"widget\" data-e-type=\"widget\" data-widget_type=\"heading.default\">\n\t\t\t\t<div class=\"elementor-widget-container\">\n\t\t\t\t\t<h2 class=\"elementor-heading-title elementor-size-default\">\u00bfPor qu\u00e9 volar en globo aerost\u00e1tico en Mallorca es la mejor experiencia? <\/h2>\t\t\t\t<\/div>\n\t\t\t\t<\/div>\n\t\t\t\t<div class=\"elementor-element elementor-element-5c91e13 elementor-widget elementor-widget-text-editor\" data-id=\"5c91e13\" data-element_type=\"widget\" data-e-type=\"widget\" data-widget_type=\"text-editor.default\">\n\t\t\t\t<div class=\"elementor-widget-container\">\n\t\t\t\t\t\t\t\t\t<p>La experiencia de un paseo en globo aerost\u00e1tico en Mallorca destaca como una de las mejores experiencias por varias razones de peso:<\/p>\n<p><strong>Vistas espectaculares:<\/strong> Elevarse por encima de la isla ofrece impresionantes vistas panor\u00e1micas de los impresionantes paisajes de Mallorca, desde sus aguas turquesas y playas doradas hasta su exuberante campi\u00f1a y dram\u00e1ticas monta\u00f1as.<\/p>\n<p><strong>Serenidad sin igual:<\/strong> El vuelo suave y tranquilo proporciona un escape sereno del ajetreo y el bullicio de la vida cotidiana. La tranquilidad de los cielos crea una sensaci\u00f3n \u00fanica de calma y relajaci\u00f3n.<\/p>\n<p><strong>Aventura y tranquilidad:<\/strong> Equilibrando la aventura con la tranquilidad, un paseo en globo aerost\u00e1tico combina la emoci\u00f3n de ascender al cielo con la tranquilidad de deslizarse por el aire, creando una experiencia armoniosa e inolvidable.<\/p>\n<p><strong>Conexi\u00f3n con la naturaleza:<\/strong> Flotar entre las nubes fomenta una profunda conexi\u00f3n con la naturaleza. Observar la belleza de Mallorca desde esta perspectiva \u00fanica permite una profunda apreciaci\u00f3n de sus maravillas naturales.<\/p>\n<p><strong>Momentos memorables:<\/strong> Los recuerdos forjados durante un paseo en globo aerost\u00e1tico se atesoran para siempre. Compartir esta experiencia con los seres queridos o incluso como una aventura en solitario crea momentos que se graban en el coraz\u00f3n.<\/p>\n<p><strong>Superaci\u00f3n personal:<\/strong> Superar el miedo a las alturas o a volar a\u00f1ade un componente de superaci\u00f3n personal a la experiencia. Es una oportunidad para el autodescubrimiento y el crecimiento.<\/p>\n<p><strong>Oportunidades fotogr\u00e1ficas:<\/strong> Capture la magia de Mallorca desde arriba con impresionantes fotograf\u00edas a\u00e9reas. Los \u00e1ngulos \u00fanicos y los colores vibrantes crean tesoros fotogr\u00e1ficos que encapsulan el viaje.<\/p>\n<p><strong>Celebraciones especiales:<\/strong> Ya sea un cumplea\u00f1os, un aniversario o una proposici\u00f3n de matrimonio, un paseo en globo aerost\u00e1tico a\u00f1ade un toque de encanto a las ocasiones especiales, haci\u00e9ndolas a\u00fan m\u00e1s inolvidables.<\/p>\t\t\t\t\t\t\t\t<\/div>\n\t\t\t\t<\/div>\n\t\t\t\t\t<\/div>\n\t\t<\/div>\n\t\t\t\t\t<\/div>\n\t\t<\/section>\n\t\t\t\t<section class=\"elementor-section elementor-top-section elementor-element elementor-element-18f4f3d elementor-section-boxed elementor-section-height-default elementor-section-height-default\" data-id=\"18f4f3d\" data-element_type=\"section\" data-e-type=\"section\">\n\t\t\t\t\t\t<div class=\"elementor-container elementor-column-gap-default\">\n\t\t\t\t\t<div class=\"elementor-column elementor-col-50 elementor-top-column elementor-element elementor-element-bb21440\" data-id=\"bb21440\" data-element_type=\"column\" data-e-type=\"column\">\n\t\t\t<div class=\"elementor-widget-wrap elementor-element-populated\">\n\t\t\t\t\t\t<div class=\"elementor-element elementor-element-d70fdce elementor-widget elementor-widget-image\" data-id=\"d70fdce\" data-element_type=\"widget\" data-e-type=\"widget\" data-widget_type=\"image.default\">\n\t\t\t\t<div class=\"elementor-widget-container\">\n\t\t\t\t\t\t\t\t\t\t\t\t\t\t\t<img fetchpriority=\"high\" decoding=\"async\" width=\"724\" height=\"483\" src=\"https:\/\/www.idealpropertymallorca.com\/blog\/wp-content\/uploads\/2023\/08\/hot-airballoon-mallorca-1.jpg\" class=\"attachment-large size-large wp-image-3942\" alt=\"\" \/>\t\t\t\t\t\t\t\t\t\t\t\t\t\t\t<\/div>\n\t\t\t\t<\/div>\n\t\t\t\t\t<\/div>\n\t\t<\/div>\n\t\t\t\t<div class=\"elementor-column elementor-col-50 elementor-top-column elementor-element elementor-element-bf2179a\" data-id=\"bf2179a\" data-element_type=\"column\" data-e-type=\"column\">\n\t\t\t<div class=\"elementor-widget-wrap elementor-element-populated\">\n\t\t\t\t\t\t<div class=\"elementor-element elementor-element-67f4ce1 elementor-widget elementor-widget-image\" data-id=\"67f4ce1\" data-element_type=\"widget\" data-e-type=\"widget\" data-widget_type=\"image.default\">\n\t\t\t\t<div class=\"elementor-widget-container\">\n\t\t\t\t\t\t\t\t\t\t\t\t\t\t\t<img decoding=\"async\" width=\"788\" height=\"443\" src=\"https:\/\/www.idealpropertymallorca.com\/blog\/wp-content\/uploads\/2023\/08\/couples-air-balloon-mallorca-1.jpg\" class=\"attachment-large size-large wp-image-3945\" alt=\"\" srcset=\"https:\/\/www.idealpropertymallorca.com\/blog\/wp-content\/uploads\/2023\/08\/couples-air-balloon-mallorca-1.jpg 788w, https:\/\/www.idealpropertymallorca.com\/blog\/wp-content\/uploads\/2023\/08\/couples-air-balloon-mallorca-1-768x432.jpg 768w\" sizes=\"(max-width: 788px) 100vw, 788px\" \/>\t\t\t\t\t\t\t\t\t\t\t\t\t\t\t<\/div>\n\t\t\t\t<\/div>\n\t\t\t\t\t<\/div>\n\t\t<\/div>\n\t\t\t\t\t<\/div>\n\t\t<\/section>\n\t\t\t\t<section class=\"elementor-section elementor-top-section elementor-element elementor-element-da82e45 elementor-section-boxed elementor-section-height-default elementor-section-height-default\" data-id=\"da82e45\" data-element_type=\"section\" data-e-type=\"section\">\n\t\t\t\t\t\t<div class=\"elementor-container elementor-column-gap-default\">\n\t\t\t\t\t<div class=\"elementor-column elementor-col-100 elementor-top-column elementor-element elementor-element-55eb193\" data-id=\"55eb193\" data-element_type=\"column\" data-e-type=\"column\">\n\t\t\t<div class=\"elementor-widget-wrap elementor-element-populated\">\n\t\t\t\t\t\t<div class=\"elementor-element elementor-element-f078c8f elementor-widget elementor-widget-heading\" data-id=\"f078c8f\" data-element_type=\"widget\" data-e-type=\"widget\" data-widget_type=\"heading.default\">\n\t\t\t\t<div class=\"elementor-widget-container\">\n\t\t\t\t\t<h2 class=\"elementor-heading-title elementor-size-default\">Te presentamos el mejor servicio de globos aerost\u00e1ticos de Mallorca<\/h2>\t\t\t\t<\/div>\n\t\t\t\t<\/div>\n\t\t\t\t<div class=\"elementor-element elementor-element-a915fe1 elementor-widget elementor-widget-text-editor\" data-id=\"a915fe1\" data-element_type=\"widget\" data-e-type=\"widget\" data-widget_type=\"text-editor.default\">\n\t\t\t\t<div class=\"elementor-widget-container\">\n\t\t\t\t\t\t\t\t\t<p><strong>Mallorca Balloons<\/strong>, fundada en 1988, fue pionera en globos aerost\u00e1ticos en la isla y en vuelos de pasajeros a escala nacional. Con la seguridad como prioridad, los pilotos se someten a controles anuales supervisados por aviaci\u00f3n civil. Poseen un campo oficial de vuelo en globo, lo que refleja nuestro compromiso con la comodidad de los pasajeros. Sus elevados niveles de seguridad son aclamados en Europa. Entre sus actividades m\u00e1s destacadas figuran la organizaci\u00f3n de regatas internacionales, campeonatos y competiciones europeas. Su flota de ocho globos tiene capacidad para grupos de todos los tama\u00f1os. Los pilotos han obtenido galardones en campeonatos espa\u00f1oles e internacionales, lo que demuestra nuestra excelencia en este campo.<\/p>\t\t\t\t\t\t\t\t<\/div>\n\t\t\t\t<\/div>\n\t\t\t\t\t<\/div>\n\t\t<\/div>\n\t\t\t\t\t<\/div>\n\t\t<\/section>\n\t\t\t\t<section class=\"elementor-section elementor-top-section elementor-element elementor-element-c83781a elementor-section-boxed elementor-section-height-default elementor-section-height-default\" data-id=\"c83781a\" data-element_type=\"section\" data-e-type=\"section\">\n\t\t\t\t\t\t<div class=\"elementor-container elementor-column-gap-default\">\n\t\t\t\t\t<div class=\"elementor-column elementor-col-100 elementor-top-column elementor-element elementor-element-37a6f61\" data-id=\"37a6f61\" data-element_type=\"column\" data-e-type=\"column\">\n\t\t\t<div class=\"elementor-widget-wrap elementor-element-populated\">\n\t\t\t\t\t\t<div class=\"elementor-element elementor-element-59bc934 elementor-widget elementor-widget-heading\" data-id=\"59bc934\" data-element_type=\"widget\" data-e-type=\"widget\" data-widget_type=\"heading.default\">\n\t\t\t\t<div class=\"elementor-widget-container\">\n\t\t\t\t\t<h4 class=\"elementor-heading-title elementor-size-default\">La oferta<\/h4>\t\t\t\t<\/div>\n\t\t\t\t<\/div>\n\t\t\t\t\t<\/div>\n\t\t<\/div>\n\t\t\t\t\t<\/div>\n\t\t<\/section>\n\t\t\t\t<section class=\"elementor-section elementor-top-section elementor-element elementor-element-0ae2d40 elementor-section-boxed elementor-section-height-default elementor-section-height-default\" data-id=\"0ae2d40\" data-element_type=\"section\" data-e-type=\"section\">\n\t\t\t\t\t\t<div class=\"elementor-container elementor-column-gap-default\">\n\t\t\t\t\t<div class=\"elementor-column elementor-col-50 elementor-top-column elementor-element elementor-element-54ba151\" data-id=\"54ba151\" data-element_type=\"column\" data-e-type=\"column\">\n\t\t\t<div class=\"elementor-widget-wrap elementor-element-populated\">\n\t\t\t\t\t\t<div class=\"elementor-element elementor-element-6aecfc6 elementor-widget elementor-widget-heading\" data-id=\"6aecfc6\" data-element_type=\"widget\" data-e-type=\"widget\" data-widget_type=\"heading.default\">\n\t\t\t\t<div class=\"elementor-widget-container\">\n\t\t\t\t\t<h3 class=\"elementor-heading-title elementor-size-default\">1. Vuelos en globo <\/h3>\t\t\t\t<\/div>\n\t\t\t\t<\/div>\n\t\t\t\t<div class=\"elementor-element elementor-element-6fe85ca elementor-widget elementor-widget-text-editor\" data-id=\"6fe85ca\" data-element_type=\"widget\" data-e-type=\"widget\" data-widget_type=\"text-editor.default\">\n\t\t\t\t<div class=\"elementor-widget-container\">\n\t\t\t\t\t\t\t\t\t<p>La experiencia comienza en el aeropuerto oficial de globos de Manacor, el \u00fanico aprobado por la aviaci\u00f3n civil. El equipo explica los detalles y la seguridad con calidez. Ayude a construir globos, creando recuerdos inolvidables. Imag\u00ednese flotando rom\u00e1nticamente con su pareja, contemplando Mallorca.<\/p><p>Despegue suave, vuelo sereno: un viaje rom\u00e1ntico y liberador. Pilotos experimentados comparten sus conocimientos. Aterrizaje suave, ayudado por el equipo de tierra. Disfrute del bautismo del aire, certificados, desayuno buffet en el aeropuerto.\u00a0<\/p>\t\t\t\t\t\t\t\t<\/div>\n\t\t\t\t<\/div>\n\t\t\t\t\t<\/div>\n\t\t<\/div>\n\t\t\t\t<div class=\"elementor-column elementor-col-50 elementor-top-column elementor-element elementor-element-c5b0058\" data-id=\"c5b0058\" data-element_type=\"column\" data-e-type=\"column\">\n\t\t\t<div class=\"elementor-widget-wrap elementor-element-populated\">\n\t\t\t\t\t\t<div class=\"elementor-element elementor-element-9c9f4e6 elementor-widget elementor-widget-image\" data-id=\"9c9f4e6\" data-element_type=\"widget\" data-e-type=\"widget\" data-widget_type=\"image.default\">\n\t\t\t\t<div class=\"elementor-widget-container\">\n\t\t\t\t\t\t\t\t\t\t\t\t\t\t\t<img decoding=\"async\" width=\"724\" height=\"483\" src=\"https:\/\/www.idealpropertymallorca.com\/blog\/wp-content\/uploads\/2023\/08\/air-balloon-mallorca-loads-of-people-1.jpg\" class=\"attachment-large size-large wp-image-3949\" alt=\"\" \/>\t\t\t\t\t\t\t\t\t\t\t\t\t\t\t<\/div>\n\t\t\t\t<\/div>\n\t\t\t\t\t<\/div>\n\t\t<\/div>\n\t\t\t\t\t<\/div>\n\t\t<\/section>\n\t\t\t\t<section class=\"elementor-section elementor-top-section elementor-element elementor-element-f95b4b0 elementor-section-boxed elementor-section-height-default elementor-section-height-default\" data-id=\"f95b4b0\" data-element_type=\"section\" data-e-type=\"section\">\n\t\t\t\t\t\t<div class=\"elementor-container elementor-column-gap-default\">\n\t\t\t\t\t<div class=\"elementor-column elementor-col-50 elementor-top-column elementor-element elementor-element-8d1fafc\" data-id=\"8d1fafc\" data-element_type=\"column\" data-e-type=\"column\">\n\t\t\t<div class=\"elementor-widget-wrap elementor-element-populated\">\n\t\t\t\t\t\t<div class=\"elementor-element elementor-element-327d248 elementor-widget elementor-widget-image\" data-id=\"327d248\" data-element_type=\"widget\" data-e-type=\"widget\" data-widget_type=\"image.default\">\n\t\t\t\t<div class=\"elementor-widget-container\">\n\t\t\t\t\t\t\t\t\t\t\t\t\t\t\t<img loading=\"lazy\" decoding=\"async\" width=\"788\" height=\"443\" src=\"https:\/\/www.idealpropertymallorca.com\/blog\/wp-content\/uploads\/2023\/08\/couples-super-sweet-mallorca-air-balloon-1.jpg\" class=\"attachment-large size-large wp-image-3952\" alt=\"\" srcset=\"https:\/\/www.idealpropertymallorca.com\/blog\/wp-content\/uploads\/2023\/08\/couples-super-sweet-mallorca-air-balloon-1.jpg 788w, https:\/\/www.idealpropertymallorca.com\/blog\/wp-content\/uploads\/2023\/08\/couples-super-sweet-mallorca-air-balloon-1-768x432.jpg 768w\" sizes=\"(max-width: 788px) 100vw, 788px\" \/>\t\t\t\t\t\t\t\t\t\t\t\t\t\t\t<\/div>\n\t\t\t\t<\/div>\n\t\t\t\t\t<\/div>\n\t\t<\/div>\n\t\t\t\t<div class=\"elementor-column elementor-col-50 elementor-top-column elementor-element elementor-element-77f7939\" data-id=\"77f7939\" data-element_type=\"column\" data-e-type=\"column\">\n\t\t\t<div class=\"elementor-widget-wrap elementor-element-populated\">\n\t\t\t\t\t\t<div class=\"elementor-element elementor-element-b77b6be elementor-widget elementor-widget-heading\" data-id=\"b77b6be\" data-element_type=\"widget\" data-e-type=\"widget\" data-widget_type=\"heading.default\">\n\t\t\t\t<div class=\"elementor-widget-container\">\n\t\t\t\t\t<h3 class=\"elementor-heading-title elementor-size-default\">2. Vuelos especiales <\/h3>\t\t\t\t<\/div>\n\t\t\t\t<\/div>\n\t\t\t\t<div class=\"elementor-element elementor-element-39d54bf elementor-widget elementor-widget-text-editor\" data-id=\"39d54bf\" data-element_type=\"widget\" data-e-type=\"widget\" data-widget_type=\"text-editor.default\">\n\t\t\t\t<div class=\"elementor-widget-container\">\n\t\t\t\t\t\t\t\t\t<p><strong>Vuelos fletados:<\/strong> Vuelos exclusivos para parejas o personas que buscan soledad, con opciones de desayuno y traslados en helic\u00f3ptero.<\/p><p><strong>Vuelo a la luz de la luna:<\/strong> Experiencia \u00fanica al amanecer, con opciones de desayuno y traslados en helic\u00f3ptero.<\/p><p><strong>Sierra de Tramuntana:<\/strong> Vuelo aventurero sobre la Sierra de Tramuntana, con vistas impresionantes.<\/p><p><strong>Globos Rom\u00e1nticos con Almendros en Flor:<\/strong> Vuelos en enero-febrero para contemplar los almendros en flor, perfectos para el romance.<\/p><p><strong>Vuelo en globo sobre Palma<\/strong>: Exclusivo para residentes, sobrevuela lugares emblem\u00e1ticos, no disponible de junio a septiembre.<\/p>\t\t\t\t\t\t\t\t<\/div>\n\t\t\t\t<\/div>\n\t\t\t\t\t<\/div>\n\t\t<\/div>\n\t\t\t\t\t<\/div>\n\t\t<\/section>\n\t\t\t\t<section class=\"elementor-section elementor-top-section elementor-element elementor-element-65d9353 elementor-section-boxed elementor-section-height-default elementor-section-height-default\" data-id=\"65d9353\" data-element_type=\"section\" data-e-type=\"section\">\n\t\t\t\t\t\t<div class=\"elementor-container elementor-column-gap-default\">\n\t\t\t\t\t<div class=\"elementor-column elementor-col-50 elementor-top-column elementor-element elementor-element-94a0221\" data-id=\"94a0221\" data-element_type=\"column\" data-e-type=\"column\">\n\t\t\t<div class=\"elementor-widget-wrap elementor-element-populated\">\n\t\t\t\t\t\t<div class=\"elementor-element elementor-element-fc485e1 elementor-widget elementor-widget-heading\" data-id=\"fc485e1\" data-element_type=\"widget\" data-e-type=\"widget\" data-widget_type=\"heading.default\">\n\t\t\t\t<div class=\"elementor-widget-container\">\n\t\t\t\t\t<h3 class=\"elementor-heading-title elementor-size-default\">3. Team Building <\/h3>\t\t\t\t<\/div>\n\t\t\t\t<\/div>\n\t\t\t\t<div class=\"elementor-element elementor-element-39a8b2a elementor-widget elementor-widget-text-editor\" data-id=\"39a8b2a\" data-element_type=\"widget\" data-e-type=\"widget\" data-widget_type=\"text-editor.default\">\n\t\t\t\t<div class=\"elementor-widget-container\">\n\t\t\t\t\t\t\t\t\t<div class=\"flex-1 overflow-hidden\">\n<div class=\"react-scroll-to-bottom--css-wzigm-79elbk h-full dark:bg-gray-800\">\n<div class=\"react-scroll-to-bottom--css-wzigm-1n7m0yu\">\n<div class=\"flex flex-col text-sm dark:bg-gray-800\">\n<div class=\"group w-full text-token-text-primary border-b border-black\/10 dark:border-gray-900\/50 bg-gray-50 dark:bg-[#444654]\">\n<div class=\"flex p-4 gap-4 text-base md:gap-6 md:max-w-2xl lg:max-w-[38rem] xl:max-w-3xl md:py-6 lg:px-0 m-auto\">\n<div class=\"relative flex w-[calc(100%-50px)] flex-col gap-1 md:gap-3 lg:w-[calc(100%-115px)]\">\n<div class=\"flex flex-grow flex-col gap-3\">\n<div class=\"min-h-[20px] flex flex-col items-start gap-3 overflow-x-auto whitespace-pre-wrap break-words\">\n<div class=\"markdown prose w-full break-words dark:prose-invert light\">\n<p>Mallorca Balloons encarna la creaci\u00f3n de equipos mediante el montaje y desmontaje de globos en colaboraci\u00f3n, fomentando la alegr\u00eda y la unidad. Sus pilotos, que dominan 9 idiomas y ocupan el puesto 25 en el ranking mundial, imparten sus conocimientos sobre globos. Si no opta por el team building, elija &#8220;Watch &amp; Go&#8221; para una experiencia de pasajero con comodidad pero a un coste superior.<\/p>\n<\/div>\n<\/div>\n<\/div>\n<\/div>\n<\/div>\n<\/div>\n<\/div>\n<\/div>\n<\/div>\n<\/div>\t\t\t\t\t\t\t\t<\/div>\n\t\t\t\t<\/div>\n\t\t\t\t\t<\/div>\n\t\t<\/div>\n\t\t\t\t<div class=\"elementor-column elementor-col-50 elementor-top-column elementor-element elementor-element-b018c2e\" data-id=\"b018c2e\" data-element_type=\"column\" data-e-type=\"column\">\n\t\t\t<div class=\"elementor-widget-wrap elementor-element-populated\">\n\t\t\t\t\t\t<div class=\"elementor-element elementor-element-7768f5f elementor-widget elementor-widget-image\" data-id=\"7768f5f\" data-element_type=\"widget\" data-e-type=\"widget\" data-widget_type=\"image.default\">\n\t\t\t\t<div class=\"elementor-widget-container\">\n\t\t\t\t\t\t\t\t\t\t\t\t\t\t\t<img loading=\"lazy\" decoding=\"async\" width=\"724\" height=\"483\" src=\"https:\/\/www.idealpropertymallorca.com\/blog\/wp-content\/uploads\/2023\/08\/team-building-hot-air-balloon-mallorca-1.jpg\" class=\"attachment-large size-large wp-image-3955\" alt=\"\" \/>\t\t\t\t\t\t\t\t\t\t\t\t\t\t\t<\/div>\n\t\t\t\t<\/div>\n\t\t\t\t\t<\/div>\n\t\t<\/div>\n\t\t\t\t\t<\/div>\n\t\t<\/section>\n\t\t\t\t<section class=\"elementor-section elementor-top-section elementor-element elementor-element-25e5126 elementor-section-boxed elementor-section-height-default elementor-section-height-default\" data-id=\"25e5126\" data-element_type=\"section\" data-e-type=\"section\">\n\t\t\t\t\t\t<div class=\"elementor-container elementor-column-gap-default\">\n\t\t\t\t\t<div class=\"elementor-column elementor-col-50 elementor-top-column elementor-element elementor-element-bafbe0d\" data-id=\"bafbe0d\" data-element_type=\"column\" data-e-type=\"column\">\n\t\t\t<div class=\"elementor-widget-wrap elementor-element-populated\">\n\t\t\t\t\t\t<div class=\"elementor-element elementor-element-d50d889 elementor-widget elementor-widget-image\" data-id=\"d50d889\" data-element_type=\"widget\" data-e-type=\"widget\" data-widget_type=\"image.default\">\n\t\t\t\t<div class=\"elementor-widget-container\">\n\t\t\t\t\t\t\t\t\t\t\t\t\t\t\t<img loading=\"lazy\" decoding=\"async\" width=\"726\" height=\"481\" src=\"https:\/\/www.idealpropertymallorca.com\/blog\/wp-content\/uploads\/2023\/08\/girl-watching-mallorca-in-the-hot-air-balloon-1.jpg\" class=\"attachment-large size-large wp-image-3958\" alt=\"\" \/>\t\t\t\t\t\t\t\t\t\t\t\t\t\t\t<\/div>\n\t\t\t\t<\/div>\n\t\t\t\t\t<\/div>\n\t\t<\/div>\n\t\t\t\t<div class=\"elementor-column elementor-col-50 elementor-top-column elementor-element elementor-element-ac74c58\" data-id=\"ac74c58\" data-element_type=\"column\" data-e-type=\"column\">\n\t\t\t<div class=\"elementor-widget-wrap elementor-element-populated\">\n\t\t\t\t\t\t<div class=\"elementor-element elementor-element-b263e79 elementor-widget elementor-widget-heading\" data-id=\"b263e79\" data-element_type=\"widget\" data-e-type=\"widget\" data-widget_type=\"heading.default\">\n\t\t\t\t<div class=\"elementor-widget-container\">\n\t\t\t\t\t<h3 class=\"elementor-heading-title elementor-size-default\">4.Privados + Recogidas<\/h3>\t\t\t\t<\/div>\n\t\t\t\t<\/div>\n\t\t\t\t<div class=\"elementor-element elementor-element-30ab105 elementor-widget elementor-widget-text-editor\" data-id=\"30ab105\" data-element_type=\"widget\" data-e-type=\"widget\" data-widget_type=\"text-editor.default\">\n\t\t\t\t<div class=\"elementor-widget-container\">\n\t\t\t\t\t\t\t\t\t<p>Mallorca Balloons ofrece recogida en el hotel y transporte opcional al lugar de vuelo. Los vuelos est\u00e1n disponibles por la ma\u00f1ana y por la tarde, recomend\u00e1ndose los de la ma\u00f1ana por su calidad, seguridad, mayor duraci\u00f3n y rentabilidad.<\/p>\n<p>Tambi\u00e9n ofrecen &#8220;Post-vuelo&#8221;: Disfruta de un desayuno opcional con bebidas. Su aeropuerto privado de globos est\u00e1 convenientemente situado cerca de la autopista MA.15 (Palma-Manacor) salida 44. Su centro cuenta con una sala para presentaciones o debates, y en el exterior, un porche y zona de barbacoa para reuniones, bebidas y desayuno (opcional).<\/p>\t\t\t\t\t\t\t\t<\/div>\n\t\t\t\t<\/div>\n\t\t\t\t\t<\/div>\n\t\t<\/div>\n\t\t\t\t\t<\/div>\n\t\t<\/section>\n\t\t\t\t<section class=\"elementor-section elementor-top-section elementor-element elementor-element-99bfbc1 elementor-section-boxed elementor-section-height-default elementor-section-height-default\" data-id=\"99bfbc1\" data-element_type=\"section\" data-e-type=\"section\">\n\t\t\t\t\t\t<div class=\"elementor-container elementor-column-gap-default\">\n\t\t\t\t\t<div class=\"elementor-column elementor-col-100 elementor-top-column elementor-element elementor-element-2913c81\" data-id=\"2913c81\" data-element_type=\"column\" data-e-type=\"column\">\n\t\t\t<div class=\"elementor-widget-wrap elementor-element-populated\">\n\t\t\t\t\t\t<div class=\"elementor-element elementor-element-8fb3827 elementor-widget elementor-widget-text-editor\" data-id=\"8fb3827\" data-element_type=\"widget\" data-e-type=\"widget\" data-widget_type=\"text-editor.default\">\n\t\t\t\t<div class=\"elementor-widget-container\">\n\t\t\t\t\t\t\t\t\t<p class=\"has-text-align-center\" style=\"text-align: left;\">Si reservas en nombre de Ideal Property Mallorca recibir\u00e1s una oferta especial<strong>&nbsp;\u00a15% de oferta especial!<\/strong><\/p>\n<p><\/p>\t\t\t\t\t\t\t\t<\/div>\n\t\t\t\t<\/div>\n\t\t\t\t\t<\/div>\n\t\t<\/div>\n\t\t\t\t\t<\/div>\n\t\t<\/section>\n\t\t\t\t<section class=\"elementor-section elementor-top-section elementor-element elementor-element-7808ec8 elementor-section-boxed elementor-section-height-default elementor-section-height-default\" data-id=\"7808ec8\" data-element_type=\"section\" data-e-type=\"section\">\n\t\t\t\t\t\t<div class=\"elementor-container elementor-column-gap-default\">\n\t\t\t\t\t<div class=\"elementor-column elementor-col-100 elementor-top-column elementor-element elementor-element-c1eff47\" data-id=\"c1eff47\" data-element_type=\"column\" data-e-type=\"column\">\n\t\t\t<div class=\"elementor-widget-wrap elementor-element-populated\">\n\t\t\t\t\t\t<div class=\"elementor-element elementor-element-d57d70d elementor-align-center elementor-widget elementor-widget-button\" data-id=\"d57d70d\" data-element_type=\"widget\" data-e-type=\"widget\" data-widget_type=\"button.default\">\n\t\t\t\t<div class=\"elementor-widget-container\">\n\t\t\t\t\t\t\t\t\t<div class=\"elementor-button-wrapper\">\n\t\t\t\t\t<a class=\"elementor-button elementor-button-link elementor-size-sm\" href=\"https:\/\/booking.mallorcaballoons.com\/index.php?R2wwYjBpZGlvbWE9RVMmcGFydG5lcj05NiZjcmM9MjBHbDBiMA==\">\n\t\t\t\t\t\t<span class=\"elementor-button-content-wrapper\">\n\t\t\t\t\t\t\t\t\t<span class=\"elementor-button-text\">\u00a1Reserva ahora y vuela sobre tus sue\u00f1os!<\/span>\n\t\t\t\t\t<\/span>\n\t\t\t\t\t<\/a>\n\t\t\t\t<\/div>\n\t\t\t\t\t\t\t\t<\/div>\n\t\t\t\t<\/div>\n\t\t\t\t\t<\/div>\n\t\t<\/div>\n\t\t\t\t\t<\/div>\n\t\t<\/section>\n\t\t\t\t<section class=\"elementor-section elementor-top-section elementor-element elementor-element-5ce1c2d elementor-section-boxed elementor-section-height-default elementor-section-height-default\" data-id=\"5ce1c2d\" data-element_type=\"section\" data-e-type=\"section\">\n\t\t\t\t\t\t<div class=\"elementor-container elementor-column-gap-default\">\n\t\t\t\t\t<div class=\"elementor-column elementor-col-100 elementor-top-column elementor-element elementor-element-f073048\" data-id=\"f073048\" data-element_type=\"column\" data-e-type=\"column\">\n\t\t\t<div class=\"elementor-widget-wrap elementor-element-populated\">\n\t\t\t\t\t\t<div class=\"elementor-element elementor-element-554071f elementor-widget elementor-widget-heading\" data-id=\"554071f\" data-element_type=\"widget\" data-e-type=\"widget\" data-widget_type=\"heading.default\">\n\t\t\t\t<div class=\"elementor-widget-container\">\n\t\t\t\t\t<h2 class=\"elementor-heading-title elementor-size-default\">Ahora ya lo sabes: \u00a1El globo aerost\u00e1tico en Mallorca es algo que no te puedes perder! <\/h2>\t\t\t\t<\/div>\n\t\t\t\t<\/div>\n\t\t\t\t<div class=\"elementor-element elementor-element-6582398 elementor-widget elementor-widget-text-editor\" data-id=\"6582398\" data-element_type=\"widget\" data-e-type=\"widget\" data-widget_type=\"text-editor.default\">\n\t\t\t\t<div class=\"elementor-widget-container\">\n\t\t\t\t\t\t\t\t\t<p>Mallorca es, sin duda, un lugar estupendo para hacer montones de cosas. Las variadas atracciones de Mallorca van mucho m\u00e1s all\u00e1 del vuelo en globo. Con sus impresionantes paisajes, su vibrante cultura y sus diversas actividades, la isla ofrece algo para todos los gustos. Desde explorar ciudades hist\u00f3ricas y deleitarse con la <a href=\"https:\/\/www.idealpropertymallorca.com\/blog\/es\/comida-tipica-de-mallorca-y-que-comer-en-las-islas\/\">gastronom\u00eda local<\/a> hasta disfrutar de aventuras al aire libre y relajarse en playas v\u00edrgenes, Mallorca garantiza una experiencia completa y enriquecedora. Tanto si busca una inmersi\u00f3n cultural, explorar al aire libre o relajarse, Mallorca lo tiene todo, lo que la convierte en un destino excepcional m\u00e1s all\u00e1 de los cielos.<\/p>\n<p>Desde Ideal Property Mallorca queremos ofrecerte s\u00f3lo lo mejor porque sabemos cu\u00e1nto te lo mereces, por eso te aconsejamos que reserves alguno de nuestros alojamientos:<\/p>\t\t\t\t\t\t\t\t<\/div>\n\t\t\t\t<\/div>\n\t\t\t\t\t<\/div>\n\t\t<\/div>\n\t\t\t\t\t<\/div>\n\t\t<\/section>\n\t\t\t\t<section class=\"elementor-section elementor-top-section elementor-element elementor-element-d621b98 elementor-section-boxed elementor-section-height-default elementor-section-height-default\" data-id=\"d621b98\" data-element_type=\"section\" data-e-type=\"section\">\n\t\t\t\t\t\t<div class=\"elementor-container elementor-column-gap-default\">\n\t\t\t\t\t<div class=\"elementor-column elementor-col-33 elementor-top-column elementor-element elementor-element-c50db1f\" data-id=\"c50db1f\" data-element_type=\"column\" data-e-type=\"column\">\n\t\t\t<div class=\"elementor-widget-wrap elementor-element-populated\">\n\t\t\t\t\t\t<div class=\"elementor-element elementor-element-ae960b7 elementor-cta--skin-cover elementor-cta--valign-middle elementor-widget__width-initial elementor-animated-content elementor-bg-transform elementor-bg-transform-zoom-in elementor-widget elementor-widget-call-to-action\" data-id=\"ae960b7\" data-element_type=\"widget\" data-e-type=\"widget\" data-widget_type=\"call-to-action.default\">\n\t\t\t\t<div class=\"elementor-widget-container\">\n\t\t\t\t\t\t\t<a class=\"elementor-cta\" href=\"https:\/\/www.idealpropertymallorca.com\/es\/alquiler\/alquileres-alcudia-d1098\/categoria-playa\/\">\n\t\t\t\t\t<div class=\"elementor-cta__bg-wrapper\">\n\t\t\t\t<div class=\"elementor-cta__bg elementor-bg\" style=\"background-image: url(https:\/\/www.idealpropertymallorca.com\/blog\/wp-content\/uploads\/2023\/08\/accomodation-ALcudia-380x350.png);\" role=\"img\" aria-label=\"accomodation-ALcudia.png\"><\/div>\n\t\t\t\t<div class=\"elementor-cta__bg-overlay\"><\/div>\n\t\t\t<\/div>\n\t\t\t\t\t\t\t<div class=\"elementor-cta__content\">\n\t\t\t\t\n\t\t\t\t\t\t\t\t\t<h2 class=\"elementor-cta__title elementor-cta__content-item elementor-content-item elementor-animated-item--grow\">\n\t\t\t\t\t\tAlojamientos Alcudia playa\t\t\t\t\t<\/h2>\n\t\t\t\t\n\t\t\t\t\t\t\t\t\t<div class=\"elementor-cta__description elementor-cta__content-item elementor-content-item elementor-animated-item--grow\">\n\t\t\t\t\t\tLos alojamientos m\u00e1s exquisitos que encontrar\u00e1s en Alcudia\t\t\t\t\t<\/div>\n\t\t\t\t\n\t\t\t\t\t\t\t\t\t<div class=\"elementor-cta__button-wrapper elementor-cta__content-item elementor-content-item elementor-animated-item--grow\">\n\t\t\t\t\t<span class=\"elementor-cta__button elementor-button elementor-size-md\">\n\t\t\t\t\t\t\u00a1Sum\u00e9rgete ya!\t\t\t\t\t<\/span>\n\t\t\t\t\t<\/div>\n\t\t\t\t\t\t\t<\/div>\n\t\t\t\t\t\t<\/a>\n\t\t\t\t\t\t<\/div>\n\t\t\t\t<\/div>\n\t\t\t\t\t<\/div>\n\t\t<\/div>\n\t\t\t\t<div class=\"elementor-column elementor-col-33 elementor-top-column elementor-element elementor-element-16b504f\" data-id=\"16b504f\" data-element_type=\"column\" data-e-type=\"column\">\n\t\t\t<div class=\"elementor-widget-wrap elementor-element-populated\">\n\t\t\t\t\t\t<div class=\"elementor-element elementor-element-06e5d77 elementor-cta--skin-cover elementor-widget__width-initial elementor-animated-content elementor-bg-transform elementor-bg-transform-zoom-in elementor-widget elementor-widget-call-to-action\" data-id=\"06e5d77\" data-element_type=\"widget\" data-e-type=\"widget\" data-widget_type=\"call-to-action.default\">\n\t\t\t\t<div class=\"elementor-widget-container\">\n\t\t\t\t\t\t\t<a class=\"elementor-cta\" href=\"https:\/\/www.idealpropertymallorca.com\/es\/alquiler\/alquileres-can-picafort-d459612\/\">\n\t\t\t\t\t<div class=\"elementor-cta__bg-wrapper\">\n\t\t\t\t<div class=\"elementor-cta__bg elementor-bg\" style=\"background-image: url(https:\/\/www.idealpropertymallorca.com\/blog\/wp-content\/uploads\/2023\/08\/fruit-and-accomodation-380x350.png);\" role=\"img\" aria-label=\"fruit-and-accomodation.png\"><\/div>\n\t\t\t\t<div class=\"elementor-cta__bg-overlay\"><\/div>\n\t\t\t<\/div>\n\t\t\t\t\t\t\t<div class=\"elementor-cta__content\">\n\t\t\t\t\n\t\t\t\t\t\t\t\t\t<h2 class=\"elementor-cta__title elementor-cta__content-item elementor-content-item elementor-animated-item--grow\">\n\t\t\t\t\t\tAlojamientos en Can Picafort\t\t\t\t\t<\/h2>\n\t\t\t\t\n\t\t\t\t\t\t\t\t\t<div class=\"elementor-cta__description elementor-cta__content-item elementor-content-item elementor-animated-item--grow\">\n\t\t\t\t\t\tEnam\u00f3rate de nuestros incre\u00edbles alojamientos en Can Picafort\t\t\t\t\t<\/div>\n\t\t\t\t\n\t\t\t\t\t\t\t\t\t<div class=\"elementor-cta__button-wrapper elementor-cta__content-item elementor-content-item elementor-animated-item--grow\">\n\t\t\t\t\t<span class=\"elementor-cta__button elementor-button elementor-size-md\">\n\t\t\t\t\t\tEcha un vistazo\t\t\t\t\t<\/span>\n\t\t\t\t\t<\/div>\n\t\t\t\t\t\t\t<\/div>\n\t\t\t\t\t\t<\/a>\n\t\t\t\t\t\t<\/div>\n\t\t\t\t<\/div>\n\t\t\t\t\t<\/div>\n\t\t<\/div>\n\t\t\t\t<div class=\"elementor-column elementor-col-33 elementor-top-column elementor-element elementor-element-cb92c5b\" data-id=\"cb92c5b\" data-element_type=\"column\" data-e-type=\"column\">\n\t\t\t<div class=\"elementor-widget-wrap elementor-element-populated\">\n\t\t\t\t\t\t<div class=\"elementor-element elementor-element-a5c066d elementor-cta--skin-cover elementor-animated-content elementor-bg-transform elementor-bg-transform-zoom-in elementor-widget elementor-widget-call-to-action\" data-id=\"a5c066d\" data-element_type=\"widget\" data-e-type=\"widget\" data-widget_type=\"call-to-action.default\">\n\t\t\t\t<div class=\"elementor-widget-container\">\n\t\t\t\t\t\t\t<a class=\"elementor-cta\" href=\"https:\/\/www.idealpropertymallorca.com\/es\/alquiler\/alquileres-inca-d408363\/\">\n\t\t\t\t\t<div class=\"elementor-cta__bg-wrapper\">\n\t\t\t\t<div class=\"elementor-cta__bg elementor-bg\" style=\"background-image: url(https:\/\/www.idealpropertymallorca.com\/blog\/wp-content\/uploads\/2023\/08\/Diseno-sin-titulo-32-1.png);\" role=\"img\" aria-label=\"Diseno-sin-titulo-32-1.png\"><\/div>\n\t\t\t\t<div class=\"elementor-cta__bg-overlay\"><\/div>\n\t\t\t<\/div>\n\t\t\t\t\t\t\t<div class=\"elementor-cta__content\">\n\t\t\t\t\n\t\t\t\t\t\t\t\t\t<h2 class=\"elementor-cta__title elementor-cta__content-item elementor-content-item elementor-animated-item--grow\">\n\t\t\t\t\t\tAlojamientos en Inca\t\t\t\t\t<\/h2>\n\t\t\t\t\n\t\t\t\t\t\t\t\t\t<div class=\"elementor-cta__description elementor-cta__content-item elementor-content-item elementor-animated-item--grow\">\n\t\t\t\t\t\tLos mejores alojamientos que tanto te mereces en Inca\t\t\t\t\t<\/div>\n\t\t\t\t\n\t\t\t\t\t\t\t\t\t<div class=\"elementor-cta__button-wrapper elementor-cta__content-item elementor-content-item elementor-animated-item--grow\">\n\t\t\t\t\t<span class=\"elementor-cta__button elementor-button elementor-size-md\">\n\t\t\t\t\t\tFind out now!\t\t\t\t\t<\/span>\n\t\t\t\t\t<\/div>\n\t\t\t\t\t\t\t<\/div>\n\t\t\t\t\t\t<\/a>\n\t\t\t\t\t\t<\/div>\n\t\t\t\t<\/div>\n\t\t\t\t\t<\/div>\n\t\t<\/div>\n\t\t\t\t\t<\/div>\n\t\t<\/section>\n\t\t\t\t<\/div>\n\t\t","protected":false},"excerpt":{"rendered":"<p>Volar en globo aerost\u00e1tico en Mallorca ofrece una forma \u00fanica y sobrecogedora de explorar los impresionantes paisajes de la isla. Derrapa suavemente sobre paisajes pintorescos, vi\u00f1edos y aguas turquesas, capturando impresionantes vistas tanto de la costa como de las monta\u00f1as. Tanto si te gustan las emociones fuertes como si simplemente buscas una escapada serena, un [&hellip;]<\/p>\n","protected":false},"author":2,"featured_media":3994,"comment_status":"open","ping_status":"open","sticky":false,"template":"","format":"standard","meta":{"footnotes":""},"categories":[730],"tags":[],"class_list":["post-193","post","type-post","status-publish","format-standard","has-post-thumbnail","hentry","category-activities-for-the-family"],"yoast_head":"<!-- This site is optimized with the Yoast SEO plugin v27.4 - https:\/\/yoast.com\/product\/yoast-seo-wordpress\/ -->\n<title>Globos Aerostaticos Mallorca: Vuela m\u00e1s alto que las nubes!<\/title>\n<meta name=\"description\" content=\"Emocionantes globos aerost\u00e1ticos en Mallorca. Disfruta de una experiencia inolvidable. \u00a1Reserva tu aventura ahora!\" \/>\n<meta name=\"robots\" content=\"index, follow, max-snippet:-1, max-image-preview:large, max-video-preview:-1\" \/>\n<link rel=\"canonical\" href=\"https:\/\/www.idealpropertymallorca.com\/blog\/es\/globos-aerostaticos-mallorca\/\" \/>\n<meta property=\"og:locale\" content=\"es_ES\" \/>\n<meta property=\"og:type\" content=\"article\" \/>\n<meta property=\"og:title\" content=\"Globos Aerostaticos Mallorca: Vuela m\u00e1s alto que las nubes!\" \/>\n<meta property=\"og:description\" content=\"Emocionantes globos aerost\u00e1ticos en Mallorca. Disfruta de una experiencia inolvidable. \u00a1Reserva tu aventura ahora!\" \/>\n<meta property=\"og:url\" content=\"https:\/\/www.idealpropertymallorca.com\/blog\/es\/globos-aerostaticos-mallorca\/\" \/>\n<meta property=\"og:site_name\" content=\"Majorca Blog\" \/>\n<meta property=\"article:published_time\" content=\"2023-08-23T12:18:00+00:00\" \/>\n<meta property=\"article:modified_time\" content=\"2025-04-28T13:52:33+00:00\" \/>\n<meta property=\"og:image\" content=\"https:\/\/www.idealpropertymallorca.com\/blog\/wp-content\/uploads\/2023\/08\/globos-mallorca.jpg\" \/>\n\t<meta property=\"og:image:width\" content=\"1920\" \/>\n\t<meta property=\"og:image:height\" content=\"500\" \/>\n\t<meta property=\"og:image:type\" content=\"image\/jpeg\" \/>\n<meta name=\"author\" content=\"idealproperty\" \/>\n<meta name=\"twitter:card\" content=\"summary_large_image\" \/>\n<meta name=\"twitter:label1\" content=\"Written by\" \/>\n\t<meta name=\"twitter:data1\" content=\"idealproperty\" \/>\n\t<meta name=\"twitter:label2\" content=\"Est. reading time\" \/>\n\t<meta name=\"twitter:data2\" content=\"7 minutes\" \/>\n<script type=\"application\/ld+json\" class=\"yoast-schema-graph\">{\"@context\":\"https:\\\/\\\/schema.org\",\"@graph\":[{\"@type\":\"Article\",\"@id\":\"https:\\\/\\\/www.idealpropertymallorca.com\\\/blog\\\/es\\\/globos-aerostaticos-mallorca\\\/#article\",\"isPartOf\":{\"@id\":\"https:\\\/\\\/www.idealpropertymallorca.com\\\/blog\\\/es\\\/globos-aerostaticos-mallorca\\\/\"},\"author\":{\"name\":\"idealproperty\",\"@id\":\"https:\\\/\\\/www.idealpropertymallorca.com\\\/blog\\\/es\\\/#\\\/schema\\\/person\\\/b4ea0c30293348d4019aafb4df69db50\"},\"headline\":\"Globos Aerostaticos Mallorca: Viaja Arriba de las Nubes\",\"datePublished\":\"2023-08-23T12:18:00+00:00\",\"dateModified\":\"2025-04-28T13:52:33+00:00\",\"mainEntityOfPage\":{\"@id\":\"https:\\\/\\\/www.idealpropertymallorca.com\\\/blog\\\/es\\\/globos-aerostaticos-mallorca\\\/\"},\"wordCount\":1143,\"commentCount\":0,\"publisher\":{\"@id\":\"https:\\\/\\\/www.idealpropertymallorca.com\\\/blog\\\/es\\\/#organization\"},\"image\":{\"@id\":\"https:\\\/\\\/www.idealpropertymallorca.com\\\/blog\\\/es\\\/globos-aerostaticos-mallorca\\\/#primaryimage\"},\"thumbnailUrl\":\"https:\\\/\\\/www.idealpropertymallorca.com\\\/blog\\\/wp-content\\\/uploads\\\/2023\\\/08\\\/globos-mallorca.jpg\",\"articleSection\":[\"Activities for the family\"],\"inLanguage\":\"es\",\"potentialAction\":[{\"@type\":\"CommentAction\",\"name\":\"Comment\",\"target\":[\"https:\\\/\\\/www.idealpropertymallorca.com\\\/blog\\\/es\\\/globos-aerostaticos-mallorca\\\/#respond\"]}]},{\"@type\":\"WebPage\",\"@id\":\"https:\\\/\\\/www.idealpropertymallorca.com\\\/blog\\\/es\\\/globos-aerostaticos-mallorca\\\/\",\"url\":\"https:\\\/\\\/www.idealpropertymallorca.com\\\/blog\\\/es\\\/globos-aerostaticos-mallorca\\\/\",\"name\":\"Globos Aerostaticos Mallorca: Vuela m\u00e1s alto que las nubes!\",\"isPartOf\":{\"@id\":\"https:\\\/\\\/www.idealpropertymallorca.com\\\/blog\\\/es\\\/#website\"},\"primaryImageOfPage\":{\"@id\":\"https:\\\/\\\/www.idealpropertymallorca.com\\\/blog\\\/es\\\/globos-aerostaticos-mallorca\\\/#primaryimage\"},\"image\":{\"@id\":\"https:\\\/\\\/www.idealpropertymallorca.com\\\/blog\\\/es\\\/globos-aerostaticos-mallorca\\\/#primaryimage\"},\"thumbnailUrl\":\"https:\\\/\\\/www.idealpropertymallorca.com\\\/blog\\\/wp-content\\\/uploads\\\/2023\\\/08\\\/globos-mallorca.jpg\",\"datePublished\":\"2023-08-23T12:18:00+00:00\",\"dateModified\":\"2025-04-28T13:52:33+00:00\",\"description\":\"Emocionantes globos aerost\u00e1ticos en Mallorca. Disfruta de una experiencia inolvidable. \u00a1Reserva tu aventura ahora!\",\"inLanguage\":\"es\",\"potentialAction\":[{\"@type\":\"ReadAction\",\"target\":[\"https:\\\/\\\/www.idealpropertymallorca.com\\\/blog\\\/es\\\/globos-aerostaticos-mallorca\\\/\"]}]},{\"@type\":\"ImageObject\",\"inLanguage\":\"es\",\"@id\":\"https:\\\/\\\/www.idealpropertymallorca.com\\\/blog\\\/es\\\/globos-aerostaticos-mallorca\\\/#primaryimage\",\"url\":\"https:\\\/\\\/www.idealpropertymallorca.com\\\/blog\\\/wp-content\\\/uploads\\\/2023\\\/08\\\/globos-mallorca.jpg\",\"contentUrl\":\"https:\\\/\\\/www.idealpropertymallorca.com\\\/blog\\\/wp-content\\\/uploads\\\/2023\\\/08\\\/globos-mallorca.jpg\",\"width\":1920,\"height\":500,\"caption\":\"globos mallorca\"},{\"@type\":\"WebSite\",\"@id\":\"https:\\\/\\\/www.idealpropertymallorca.com\\\/blog\\\/es\\\/#website\",\"url\":\"https:\\\/\\\/www.idealpropertymallorca.com\\\/blog\\\/es\\\/\",\"name\":\"Majorca Blog\",\"description\":\"Find relevant tourist information to see and do on the island of Mallorca during your holiday. Discover the best places and tips!\",\"publisher\":{\"@id\":\"https:\\\/\\\/www.idealpropertymallorca.com\\\/blog\\\/es\\\/#organization\"},\"potentialAction\":[{\"@type\":\"SearchAction\",\"target\":{\"@type\":\"EntryPoint\",\"urlTemplate\":\"https:\\\/\\\/www.idealpropertymallorca.com\\\/blog\\\/es\\\/?s={search_term_string}\"},\"query-input\":{\"@type\":\"PropertyValueSpecification\",\"valueRequired\":true,\"valueName\":\"search_term_string\"}}],\"inLanguage\":\"es\"},{\"@type\":\"Organization\",\"@id\":\"https:\\\/\\\/www.idealpropertymallorca.com\\\/blog\\\/es\\\/#organization\",\"name\":\"Majorca Blog\",\"url\":\"https:\\\/\\\/www.idealpropertymallorca.com\\\/blog\\\/es\\\/\",\"logo\":{\"@type\":\"ImageObject\",\"inLanguage\":\"es\",\"@id\":\"https:\\\/\\\/www.idealpropertymallorca.com\\\/blog\\\/es\\\/#\\\/schema\\\/logo\\\/image\\\/\",\"url\":\"https:\\\/\\\/www.idealpropertymallorca.com\\\/blog\\\/wp-content\\\/uploads\\\/2024\\\/10\\\/ideal-property-mallorca-blue-mobile.png\",\"contentUrl\":\"https:\\\/\\\/www.idealpropertymallorca.com\\\/blog\\\/wp-content\\\/uploads\\\/2024\\\/10\\\/ideal-property-mallorca-blue-mobile.png\",\"width\":500,\"height\":150,\"caption\":\"Majorca Blog\"},\"image\":{\"@id\":\"https:\\\/\\\/www.idealpropertymallorca.com\\\/blog\\\/es\\\/#\\\/schema\\\/logo\\\/image\\\/\"}},{\"@type\":\"Person\",\"@id\":\"https:\\\/\\\/www.idealpropertymallorca.com\\\/blog\\\/es\\\/#\\\/schema\\\/person\\\/b4ea0c30293348d4019aafb4df69db50\",\"name\":\"idealproperty\",\"image\":{\"@type\":\"ImageObject\",\"inLanguage\":\"es\",\"@id\":\"https:\\\/\\\/secure.gravatar.com\\\/avatar\\\/2c7067ca407436ce52272363a9c0b6f4d2b57a2c22b168e66d902db05849eaf7?s=96&d=mm&r=g\",\"url\":\"https:\\\/\\\/secure.gravatar.com\\\/avatar\\\/2c7067ca407436ce52272363a9c0b6f4d2b57a2c22b168e66d902db05849eaf7?s=96&d=mm&r=g\",\"contentUrl\":\"https:\\\/\\\/secure.gravatar.com\\\/avatar\\\/2c7067ca407436ce52272363a9c0b6f4d2b57a2c22b168e66d902db05849eaf7?s=96&d=mm&r=g\",\"caption\":\"idealproperty\"}}]}<\/script>\n<!-- \/ Yoast SEO plugin. -->","yoast_head_json":{"title":"Globos Aerostaticos Mallorca: Vuela m\u00e1s alto que las nubes!","description":"Emocionantes globos aerost\u00e1ticos en Mallorca. Disfruta de una experiencia inolvidable. \u00a1Reserva tu aventura ahora!","robots":{"index":"index","follow":"follow","max-snippet":"max-snippet:-1","max-image-preview":"max-image-preview:large","max-video-preview":"max-video-preview:-1"},"canonical":"https:\/\/www.idealpropertymallorca.com\/blog\/es\/globos-aerostaticos-mallorca\/","og_locale":"es_ES","og_type":"article","og_title":"Globos Aerostaticos Mallorca: Vuela m\u00e1s alto que las nubes!","og_description":"Emocionantes globos aerost\u00e1ticos en Mallorca. Disfruta de una experiencia inolvidable. \u00a1Reserva tu aventura ahora!","og_url":"https:\/\/www.idealpropertymallorca.com\/blog\/es\/globos-aerostaticos-mallorca\/","og_site_name":"Majorca Blog","article_published_time":"2023-08-23T12:18:00+00:00","article_modified_time":"2025-04-28T13:52:33+00:00","og_image":[{"width":1920,"height":500,"url":"https:\/\/www.idealpropertymallorca.com\/blog\/wp-content\/uploads\/2023\/08\/globos-mallorca.jpg","type":"image\/jpeg"}],"author":"idealproperty","twitter_card":"summary_large_image","twitter_misc":{"Written by":"idealproperty","Est. reading time":"7 minutes"},"schema":{"@context":"https:\/\/schema.org","@graph":[{"@type":"Article","@id":"https:\/\/www.idealpropertymallorca.com\/blog\/es\/globos-aerostaticos-mallorca\/#article","isPartOf":{"@id":"https:\/\/www.idealpropertymallorca.com\/blog\/es\/globos-aerostaticos-mallorca\/"},"author":{"name":"idealproperty","@id":"https:\/\/www.idealpropertymallorca.com\/blog\/es\/#\/schema\/person\/b4ea0c30293348d4019aafb4df69db50"},"headline":"Globos Aerostaticos Mallorca: Viaja Arriba de las Nubes","datePublished":"2023-08-23T12:18:00+00:00","dateModified":"2025-04-28T13:52:33+00:00","mainEntityOfPage":{"@id":"https:\/\/www.idealpropertymallorca.com\/blog\/es\/globos-aerostaticos-mallorca\/"},"wordCount":1143,"commentCount":0,"publisher":{"@id":"https:\/\/www.idealpropertymallorca.com\/blog\/es\/#organization"},"image":{"@id":"https:\/\/www.idealpropertymallorca.com\/blog\/es\/globos-aerostaticos-mallorca\/#primaryimage"},"thumbnailUrl":"https:\/\/www.idealpropertymallorca.com\/blog\/wp-content\/uploads\/2023\/08\/globos-mallorca.jpg","articleSection":["Activities for the family"],"inLanguage":"es","potentialAction":[{"@type":"CommentAction","name":"Comment","target":["https:\/\/www.idealpropertymallorca.com\/blog\/es\/globos-aerostaticos-mallorca\/#respond"]}]},{"@type":"WebPage","@id":"https:\/\/www.idealpropertymallorca.com\/blog\/es\/globos-aerostaticos-mallorca\/","url":"https:\/\/www.idealpropertymallorca.com\/blog\/es\/globos-aerostaticos-mallorca\/","name":"Globos Aerostaticos Mallorca: Vuela m\u00e1s alto que las nubes!","isPartOf":{"@id":"https:\/\/www.idealpropertymallorca.com\/blog\/es\/#website"},"primaryImageOfPage":{"@id":"https:\/\/www.idealpropertymallorca.com\/blog\/es\/globos-aerostaticos-mallorca\/#primaryimage"},"image":{"@id":"https:\/\/www.idealpropertymallorca.com\/blog\/es\/globos-aerostaticos-mallorca\/#primaryimage"},"thumbnailUrl":"https:\/\/www.idealpropertymallorca.com\/blog\/wp-content\/uploads\/2023\/08\/globos-mallorca.jpg","datePublished":"2023-08-23T12:18:00+00:00","dateModified":"2025-04-28T13:52:33+00:00","description":"Emocionantes globos aerost\u00e1ticos en Mallorca. Disfruta de una experiencia inolvidable. \u00a1Reserva tu aventura ahora!","inLanguage":"es","potentialAction":[{"@type":"ReadAction","target":["https:\/\/www.idealpropertymallorca.com\/blog\/es\/globos-aerostaticos-mallorca\/"]}]},{"@type":"ImageObject","inLanguage":"es","@id":"https:\/\/www.idealpropertymallorca.com\/blog\/es\/globos-aerostaticos-mallorca\/#primaryimage","url":"https:\/\/www.idealpropertymallorca.com\/blog\/wp-content\/uploads\/2023\/08\/globos-mallorca.jpg","contentUrl":"https:\/\/www.idealpropertymallorca.com\/blog\/wp-content\/uploads\/2023\/08\/globos-mallorca.jpg","width":1920,"height":500,"caption":"globos mallorca"},{"@type":"WebSite","@id":"https:\/\/www.idealpropertymallorca.com\/blog\/es\/#website","url":"https:\/\/www.idealpropertymallorca.com\/blog\/es\/","name":"Majorca Blog","description":"Find relevant tourist information to see and do on the island of Mallorca during your holiday. Discover the best places and tips!","publisher":{"@id":"https:\/\/www.idealpropertymallorca.com\/blog\/es\/#organization"},"potentialAction":[{"@type":"SearchAction","target":{"@type":"EntryPoint","urlTemplate":"https:\/\/www.idealpropertymallorca.com\/blog\/es\/?s={search_term_string}"},"query-input":{"@type":"PropertyValueSpecification","valueRequired":true,"valueName":"search_term_string"}}],"inLanguage":"es"},{"@type":"Organization","@id":"https:\/\/www.idealpropertymallorca.com\/blog\/es\/#organization","name":"Majorca Blog","url":"https:\/\/www.idealpropertymallorca.com\/blog\/es\/","logo":{"@type":"ImageObject","inLanguage":"es","@id":"https:\/\/www.idealpropertymallorca.com\/blog\/es\/#\/schema\/logo\/image\/","url":"https:\/\/www.idealpropertymallorca.com\/blog\/wp-content\/uploads\/2024\/10\/ideal-property-mallorca-blue-mobile.png","contentUrl":"https:\/\/www.idealpropertymallorca.com\/blog\/wp-content\/uploads\/2024\/10\/ideal-property-mallorca-blue-mobile.png","width":500,"height":150,"caption":"Majorca Blog"},"image":{"@id":"https:\/\/www.idealpropertymallorca.com\/blog\/es\/#\/schema\/logo\/image\/"}},{"@type":"Person","@id":"https:\/\/www.idealpropertymallorca.com\/blog\/es\/#\/schema\/person\/b4ea0c30293348d4019aafb4df69db50","name":"idealproperty","image":{"@type":"ImageObject","inLanguage":"es","@id":"https:\/\/secure.gravatar.com\/avatar\/2c7067ca407436ce52272363a9c0b6f4d2b57a2c22b168e66d902db05849eaf7?s=96&d=mm&r=g","url":"https:\/\/secure.gravatar.com\/avatar\/2c7067ca407436ce52272363a9c0b6f4d2b57a2c22b168e66d902db05849eaf7?s=96&d=mm&r=g","contentUrl":"https:\/\/secure.gravatar.com\/avatar\/2c7067ca407436ce52272363a9c0b6f4d2b57a2c22b168e66d902db05849eaf7?s=96&d=mm&r=g","caption":"idealproperty"}}]}},"_links":{"self":[{"href":"https:\/\/www.idealpropertymallorca.com\/blog\/es\/wp-json\/wp\/v2\/posts\/193","targetHints":{"allow":["GET"]}}],"collection":[{"href":"https:\/\/www.idealpropertymallorca.com\/blog\/es\/wp-json\/wp\/v2\/posts"}],"about":[{"href":"https:\/\/www.idealpropertymallorca.com\/blog\/es\/wp-json\/wp\/v2\/types\/post"}],"author":[{"embeddable":true,"href":"https:\/\/www.idealpropertymallorca.com\/blog\/es\/wp-json\/wp\/v2\/users\/2"}],"replies":[{"embeddable":true,"href":"https:\/\/www.idealpropertymallorca.com\/blog\/es\/wp-json\/wp\/v2\/comments?post=193"}],"version-history":[{"count":18,"href":"https:\/\/www.idealpropertymallorca.com\/blog\/es\/wp-json\/wp\/v2\/posts\/193\/revisions"}],"predecessor-version":[{"id":19081,"href":"https:\/\/www.idealpropertymallorca.com\/blog\/es\/wp-json\/wp\/v2\/posts\/193\/revisions\/19081"}],"wp:featuredmedia":[{"embeddable":true,"href":"https:\/\/www.idealpropertymallorca.com\/blog\/es\/wp-json\/wp\/v2\/media\/3994"}],"wp:attachment":[{"href":"https:\/\/www.idealpropertymallorca.com\/blog\/es\/wp-json\/wp\/v2\/media?parent=193"}],"wp:term":[{"taxonomy":"category","embeddable":true,"href":"https:\/\/www.idealpropertymallorca.com\/blog\/es\/wp-json\/wp\/v2\/categories?post=193"},{"taxonomy":"post_tag","embeddable":true,"href":"https:\/\/www.idealpropertymallorca.com\/blog\/es\/wp-json\/wp\/v2\/tags?post=193"}],"curies":[{"name":"wp","href":"https:\/\/api.w.org\/{rel}","templated":true}]}}