{"id":1490,"date":"2023-04-11T17:00:15","date_gmt":"2023-04-11T17:00:15","guid":{"rendered":"https:\/\/www.idealpropertymallorca.com\/blog\/?p=1490"},"modified":"2025-07-29T09:53:24","modified_gmt":"2025-07-29T09:53:24","slug":"guia-de-los-12-lugares-mas-increibles-que-ver-en-pollensa","status":"publish","type":"post","link":"https:\/\/www.idealpropertymallorca.com\/blog\/es\/guia-de-los-12-lugares-mas-increibles-que-ver-en-pollensa\/","title":{"rendered":"Gu\u00eda de los 12 lugares que ver en Pollensa"},"content":{"rendered":"\t\t<div data-elementor-type=\"wp-post\" data-elementor-id=\"1490\" class=\"elementor elementor-1490\" data-elementor-post-type=\"post\">\n\t\t\t\t\t\t<section class=\"elementor-section elementor-top-section elementor-element elementor-element-2702e6f elementor-section-boxed elementor-section-height-default elementor-section-height-default\" data-id=\"2702e6f\" data-element_type=\"section\" data-e-type=\"section\">\n\t\t\t\t\t\t<div class=\"elementor-container elementor-column-gap-default\">\n\t\t\t\t\t<div class=\"elementor-column elementor-col-100 elementor-top-column elementor-element elementor-element-28a39a8\" data-id=\"28a39a8\" data-element_type=\"column\" data-e-type=\"column\">\n\t\t\t<div class=\"elementor-widget-wrap elementor-element-populated\">\n\t\t\t\t\t\t<div class=\"elementor-element elementor-element-e49c7a0 elementor-widget elementor-widget-text-editor\" data-id=\"e49c7a0\" data-element_type=\"widget\" data-e-type=\"widget\" data-widget_type=\"text-editor.default\">\n\t\t\t\t<div class=\"elementor-widget-container\">\n\t\t\t\t\t\t\t\t\t<p>\u00bfEstas pensando en las mejores cosas que ver y hacer en Pollensa? Descubre los 12 mejores lugares con Ideal Property.<\/p><p><b>Pollensa <\/b><span style=\"font-weight: 400;\">es uno de los destinos tur\u00edsticos m\u00e1s completos y recomendables de Mallorca. Esta localidad con m\u00e1s de 3000 a\u00f1os de historia y 15 000 habitantes se ubica en el norte de la isla, donde asegura m\u00faltiples vivencias.<\/span><\/p><p><span style=\"font-weight: 400;\">Ofrece playas paradis\u00edacas con aguas turquesas, parajes de impacto, callejuelas adoquinadas plenas de historia, servicios y pasatiempos \u00fanicos. \u00bfQuieres saber cu\u00e1les no deber\u00edas perderte?<\/span><\/p>\t\t\t\t\t\t\t\t<\/div>\n\t\t\t\t<\/div>\n\t\t\t\t\t<\/div>\n\t\t<\/div>\n\t\t\t\t\t<\/div>\n\t\t<\/section>\n\t\t\t\t<section class=\"elementor-section elementor-top-section elementor-element elementor-element-d9d9d4b elementor-section-boxed elementor-section-height-default elementor-section-height-default\" data-id=\"d9d9d4b\" data-element_type=\"section\" data-e-type=\"section\">\n\t\t\t\t\t\t<div class=\"elementor-container elementor-column-gap-default\">\n\t\t\t\t\t<div class=\"elementor-column elementor-col-33 elementor-top-column elementor-element elementor-element-673aa0b\" data-id=\"673aa0b\" data-element_type=\"column\" data-e-type=\"column\">\n\t\t\t<div class=\"elementor-widget-wrap elementor-element-populated\">\n\t\t\t\t\t\t<div class=\"elementor-element elementor-element-52db7f4 elementor-widget elementor-widget-heading\" data-id=\"52db7f4\" data-element_type=\"widget\" data-e-type=\"widget\" data-widget_type=\"heading.default\">\n\t\t\t\t<div class=\"elementor-widget-container\">\n\t\t\t\t\t<h2 class=\"elementor-heading-title elementor-size-default\">1. El puerto de Pollensa<\/h2>\t\t\t\t<\/div>\n\t\t\t\t<\/div>\n\t\t\t\t<div class=\"elementor-element elementor-element-6de7bf4 elementor-widget elementor-widget-text-editor\" data-id=\"6de7bf4\" data-element_type=\"widget\" data-e-type=\"widget\" data-widget_type=\"text-editor.default\">\n\t\t\t\t<div class=\"elementor-widget-container\">\n\t\t\t\t\t\t\t\t\t<p>En verano es el coraz\u00f3n de esta localidad, donde se concentran <strong>la animaci\u00f3n, el ambiente y la mayor cantidad de pasatiempos<\/strong>. Su relajante playa se ubica junto a los espacios habilitados para practicar deportes acu\u00e1ticos. Asimismo, encontrar\u00e1s un largo paseo mar\u00edtimo que conduce hasta el puerto deportivo. Recorrerlo, ver sus embarcaciones y disfrutar de las terrazas circundante es imprescindible. Adem\u00e1s, podr\u00e1s disfrutar de los impresionantes hidroaviones que practican en la base militar.<\/p>\t\t\t\t\t\t\t\t<\/div>\n\t\t\t\t<\/div>\n\t\t\t\t\t<\/div>\n\t\t<\/div>\n\t\t\t\t<div class=\"elementor-column elementor-col-66 elementor-top-column elementor-element elementor-element-4c287c1\" data-id=\"4c287c1\" data-element_type=\"column\" data-e-type=\"column\">\n\t\t\t<div class=\"elementor-widget-wrap elementor-element-populated\">\n\t\t\t\t\t\t<div class=\"elementor-element elementor-element-8ecad23 elementor-widget elementor-widget-image\" data-id=\"8ecad23\" data-element_type=\"widget\" data-e-type=\"widget\" data-widget_type=\"image.default\">\n\t\t\t\t<div class=\"elementor-widget-container\">\n\t\t\t\t\t\t\t\t\t\t\t\t\t\t\t<img fetchpriority=\"high\" decoding=\"async\" width=\"800\" height=\"393\" src=\"https:\/\/www.idealpropertymallorca.com\/blog\/wp-content\/uploads\/2023\/04\/port-de-pollensa-atardecer.jpg\" class=\"attachment-large size-large wp-image-1535\" alt=\"puerto de Pollensa al atardecer\" srcset=\"https:\/\/www.idealpropertymallorca.com\/blog\/wp-content\/uploads\/2023\/04\/port-de-pollensa-atardecer.jpg 1280w, https:\/\/www.idealpropertymallorca.com\/blog\/wp-content\/uploads\/2023\/04\/port-de-pollensa-atardecer-768x377.jpg 768w\" sizes=\"(max-width: 800px) 100vw, 800px\" \/>\t\t\t\t\t\t\t\t\t\t\t\t\t\t\t<\/div>\n\t\t\t\t<\/div>\n\t\t\t\t\t<\/div>\n\t\t<\/div>\n\t\t\t\t\t<\/div>\n\t\t<\/section>\n\t\t\t\t<section class=\"elementor-section elementor-top-section elementor-element elementor-element-b6ec78e elementor-section-boxed elementor-section-height-default elementor-section-height-default\" data-id=\"b6ec78e\" data-element_type=\"section\" data-e-type=\"section\">\n\t\t\t\t\t\t<div class=\"elementor-container elementor-column-gap-default\">\n\t\t\t\t\t<div class=\"elementor-column elementor-col-66 elementor-top-column elementor-element elementor-element-2f46b68\" data-id=\"2f46b68\" data-element_type=\"column\" data-e-type=\"column\">\n\t\t\t<div class=\"elementor-widget-wrap elementor-element-populated\">\n\t\t\t\t\t\t<div class=\"elementor-element elementor-element-c506af5 elementor-widget elementor-widget-image\" data-id=\"c506af5\" data-element_type=\"widget\" data-e-type=\"widget\" data-widget_type=\"image.default\">\n\t\t\t\t<div class=\"elementor-widget-container\">\n\t\t\t\t\t\t\t\t\t\t\t\t\t\t\t<img decoding=\"async\" width=\"700\" height=\"342\" src=\"https:\/\/www.idealpropertymallorca.com\/blog\/wp-content\/uploads\/2023\/04\/que-ver-pollensa-la-fortaleza.jpg\" class=\"attachment-large size-large wp-image-1538\" alt=\"la fortaleza en Pollensa, una de la propiedades m\u00e1s caras\" \/>\t\t\t\t\t\t\t\t\t\t\t\t\t\t\t<\/div>\n\t\t\t\t<\/div>\n\t\t\t\t\t<\/div>\n\t\t<\/div>\n\t\t\t\t<div class=\"elementor-column elementor-col-33 elementor-top-column elementor-element elementor-element-810bb89\" data-id=\"810bb89\" data-element_type=\"column\" data-e-type=\"column\">\n\t\t\t<div class=\"elementor-widget-wrap elementor-element-populated\">\n\t\t\t\t\t\t<div class=\"elementor-element elementor-element-0612897 elementor-widget elementor-widget-heading\" data-id=\"0612897\" data-element_type=\"widget\" data-e-type=\"widget\" data-widget_type=\"heading.default\">\n\t\t\t\t<div class=\"elementor-widget-container\">\n\t\t\t\t\t<h2 class=\"elementor-heading-title elementor-size-default\">2. La fortaleza de Pollensa<\/h2>\t\t\t\t<\/div>\n\t\t\t\t<\/div>\n\t\t\t\t<div class=\"elementor-element elementor-element-fba3cb3 elementor-widget elementor-widget-text-editor\" data-id=\"fba3cb3\" data-element_type=\"widget\" data-e-type=\"widget\" data-widget_type=\"text-editor.default\">\n\t\t\t\t<div class=\"elementor-widget-container\">\n\t\t\t\t\t\t\t\t\t<p><span style=\"font-weight: 400;\">Si bien naci\u00f3 como <\/span><b>torre de vigilancia y punto de defensa antipiratas<\/b><span style=\"font-weight: 400;\">, a principios del siglo XX deriv\u00f3 en un lugar de residencia para artistas. Originaria del siglo XVII, <\/span><b>La Fortaleza<\/b><span style=\"font-weight: 400;\"> est\u00e1 considerada una de las propiedades m\u00e1s caras de Espa\u00f1a y asegura una estampa fascinante. Si quieres conocerla puedes reservar y comer en su <a href=\"https:\/\/caprocat.com\/restaurante-la-fortaleza\/\">restaurante<\/a>.<\/span><\/p>\t\t\t\t\t\t\t\t<\/div>\n\t\t\t\t<\/div>\n\t\t\t\t\t<\/div>\n\t\t<\/div>\n\t\t\t\t\t<\/div>\n\t\t<\/section>\n\t\t\t\t<section class=\"elementor-section elementor-top-section elementor-element elementor-element-05ebafc elementor-section-boxed elementor-section-height-default elementor-section-height-default\" data-id=\"05ebafc\" data-element_type=\"section\" data-e-type=\"section\">\n\t\t\t\t\t\t<div class=\"elementor-container elementor-column-gap-default\">\n\t\t\t\t\t<div class=\"elementor-column elementor-col-33 elementor-top-column elementor-element elementor-element-cac6c67\" data-id=\"cac6c67\" data-element_type=\"column\" data-e-type=\"column\">\n\t\t\t<div class=\"elementor-widget-wrap elementor-element-populated\">\n\t\t\t\t\t\t<div class=\"elementor-element elementor-element-0af2398 elementor-widget elementor-widget-heading\" data-id=\"0af2398\" data-element_type=\"widget\" data-e-type=\"widget\" data-widget_type=\"heading.default\">\n\t\t\t\t<div class=\"elementor-widget-container\">\n\t\t\t\t\t<h2 class=\"elementor-heading-title elementor-size-default\">3. Bah\u00eda de Pollensa<\/h2>\t\t\t\t<\/div>\n\t\t\t\t<\/div>\n\t\t\t\t<div class=\"elementor-element elementor-element-03b0398 elementor-widget elementor-widget-text-editor\" data-id=\"03b0398\" data-element_type=\"widget\" data-e-type=\"widget\" data-widget_type=\"text-editor.default\">\n\t\t\t\t<div class=\"elementor-widget-container\">\n\t\t\t\t\t\t\t\t\t<p><span style=\"font-weight: 400;\">La conexi\u00f3n con el Mediterr\u00e1neo en esta zona se reparte entre sus dos principales pueblos: <\/span><b>Pollensa y Alcudia<\/b><span style=\"font-weight: 400;\">. Ambas son localidades muy bonitas, pr\u00f3ximas a playas naturales \u00fanicas, como Cala de San Vicente. La <\/span><b>Bah\u00eda de Pollensa<\/b><span style=\"font-weight: 400;\"> dispone de muchos itinerarios para ciclistas tanto aficionados como profesionales.<\/span><\/p>\t\t\t\t\t\t\t\t<\/div>\n\t\t\t\t<\/div>\n\t\t\t\t\t<\/div>\n\t\t<\/div>\n\t\t\t\t<div class=\"elementor-column elementor-col-66 elementor-top-column elementor-element elementor-element-9243f93\" data-id=\"9243f93\" data-element_type=\"column\" data-e-type=\"column\">\n\t\t\t<div class=\"elementor-widget-wrap elementor-element-populated\">\n\t\t\t\t\t\t<div class=\"elementor-element elementor-element-45a837a elementor-widget elementor-widget-image\" data-id=\"45a837a\" data-element_type=\"widget\" data-e-type=\"widget\" data-widget_type=\"image.default\">\n\t\t\t\t<div class=\"elementor-widget-container\">\n\t\t\t\t\t\t\t\t\t\t\t\t\t\t\t<img decoding=\"async\" width=\"800\" height=\"393\" src=\"https:\/\/www.idealpropertymallorca.com\/blog\/wp-content\/uploads\/2023\/04\/bahia-de-pollensa.jpg\" class=\"attachment-large size-large wp-image-1496\" alt=\"Bah\u00eda de Pollensa, cosas que ver\" srcset=\"https:\/\/www.idealpropertymallorca.com\/blog\/wp-content\/uploads\/2023\/04\/bahia-de-pollensa.jpg 1280w, https:\/\/www.idealpropertymallorca.com\/blog\/wp-content\/uploads\/2023\/04\/bahia-de-pollensa-768x377.jpg 768w\" sizes=\"(max-width: 800px) 100vw, 800px\" \/>\t\t\t\t\t\t\t\t\t\t\t\t\t\t\t<\/div>\n\t\t\t\t<\/div>\n\t\t\t\t\t<\/div>\n\t\t<\/div>\n\t\t\t\t\t<\/div>\n\t\t<\/section>\n\t\t\t\t<section class=\"elementor-section elementor-top-section elementor-element elementor-element-5952995 elementor-section-boxed elementor-section-height-default elementor-section-height-default\" data-id=\"5952995\" data-element_type=\"section\" data-e-type=\"section\">\n\t\t\t\t\t\t<div class=\"elementor-container elementor-column-gap-default\">\n\t\t\t\t\t<div class=\"elementor-column elementor-col-66 elementor-top-column elementor-element elementor-element-efaaefb\" data-id=\"efaaefb\" data-element_type=\"column\" data-e-type=\"column\">\n\t\t\t<div class=\"elementor-widget-wrap elementor-element-populated\">\n\t\t\t\t\t\t<div class=\"elementor-element elementor-element-82fafe6 elementor-widget elementor-widget-image\" data-id=\"82fafe6\" data-element_type=\"widget\" data-e-type=\"widget\" data-widget_type=\"image.default\">\n\t\t\t\t<div class=\"elementor-widget-container\">\n\t\t\t\t\t\t\t\t\t\t\t\t\t\t\t<img loading=\"lazy\" decoding=\"async\" width=\"700\" height=\"342\" src=\"https:\/\/www.idealpropertymallorca.com\/blog\/wp-content\/uploads\/2023\/04\/cala-san-vicente-en-pollensa-mallorca.jpg\" class=\"attachment-full size-full wp-image-1544\" alt=\"\" \/>\t\t\t\t\t\t\t\t\t\t\t\t\t\t\t<\/div>\n\t\t\t\t<\/div>\n\t\t\t\t\t<\/div>\n\t\t<\/div>\n\t\t\t\t<div class=\"elementor-column elementor-col-33 elementor-top-column elementor-element elementor-element-b2f46bb\" data-id=\"b2f46bb\" data-element_type=\"column\" data-e-type=\"column\">\n\t\t\t<div class=\"elementor-widget-wrap elementor-element-populated\">\n\t\t\t\t\t\t<div class=\"elementor-element elementor-element-777b208 elementor-widget elementor-widget-heading\" data-id=\"777b208\" data-element_type=\"widget\" data-e-type=\"widget\" data-widget_type=\"heading.default\">\n\t\t\t\t<div class=\"elementor-widget-container\">\n\t\t\t\t\t<h2 class=\"elementor-heading-title elementor-size-default\">4. Cala San Vicente de Pollensa<\/h2>\t\t\t\t<\/div>\n\t\t\t\t<\/div>\n\t\t\t\t<div class=\"elementor-element elementor-element-8f29169 elementor-widget elementor-widget-text-editor\" data-id=\"8f29169\" data-element_type=\"widget\" data-e-type=\"widget\" data-widget_type=\"text-editor.default\">\n\t\t\t\t<div class=\"elementor-widget-container\">\n\t\t\t\t\t\t\t\t\t<p>Emplazada en el noroeste de Mallorca, destaca por la transparencia cristalina de sus aguas, los acantilados imponentes y las vistas formidables. Es un remanso mar\u00edtimo perfecto para los <strong>aficionados a las zonas de ba\u00f1o salvajes<\/strong>. Disfruta de sus cuatro calas cada una m\u00e1s distinta a la anterior, si lo que prefieres es disfrutar de la arena y un ambiente familiar prueba con cala Barques o Cala Molins, si tu idea es una playa m\u00e1s \u00edntima la ideal es cala Clara, en cambio, si quieres disfrutar de una cala de piedra donde el factor principal es la naturaleza tienes que ir a Cala Carb\u00f3. Sin embargo, en d\u00edas ventosos est\u00e1 prohibido ba\u00f1arse por el peligro del oleaje. \u00bfQuieres bucear? Esta es una zona excelente.<\/p>\t\t\t\t\t\t\t\t<\/div>\n\t\t\t\t<\/div>\n\t\t\t\t\t<\/div>\n\t\t<\/div>\n\t\t\t\t\t<\/div>\n\t\t<\/section>\n\t\t<div class=\"elementor-element elementor-element-bd7f3a6 e-flex e-con-boxed e-con e-parent\" data-id=\"bd7f3a6\" data-element_type=\"container\" data-e-type=\"container\">\n\t\t\t\t\t<div class=\"e-con-inner\">\n\t\t\t\t<div class=\"elementor-element elementor-element-f4944ff elementor-widget elementor-widget-grid\" data-id=\"f4944ff\" data-element_type=\"widget\" data-e-type=\"widget\" data-widget_type=\"grid.default\">\n\t\t\t\t<div class=\"elementor-widget-container\">\n\t\t\t\t\t\t\t<div class=\"its--row alojamientos-recomendados\">\n\n\t\t\t<div class=\"alojamientos-recomendados-container\">\n\n\t\t\t\t\t\n\t\t\t\t\t<a href=\"https:\/\/www.idealpropertymallorca.com\/es\/alquiler\/finca-pollensa-la-caseta-299291.html\" rel=\"nofollow\" style=\"width: 32%;\">\n\t\t\t\t\t\t<div class=\"apartamento-box\">\n\t\t\t\t\t\t\t<div class=\"imagen_recomendados\">\n\t\t\t\t\t\t\t\t<img decoding=\"async\" src=\"https:\/\/crs.avantio.com\/fotos\/2\/157069175069552473988e58cc0e1a3706403709a1\/big157069177457fc54e5c0cbc2afea5906af21b5821f.jpg\" alt=\"Finca mallorquina Pollensa La Caseta con piscina \">\n\t\t\t\t\t\t\t<\/div>\n\t\t\t\t\t\t\t<div class=\"info\">\n\t\t\t\t\t\t\t\t<div class=\"ubicacion\">\n\t\t\t\t\t\t\t\t\t<i class=\"fa-solid fa-location-dot icono-mapa\"><\/i><span class=\"ubicacion-texto\">Pollensa - Mallorca<\/span>\n\t\t\t\t\t\t\t\t<\/div>\n\t\t\t\t\t\t\t\t<H4 class=\"titulo-alojamiento\">\n\t\t\t\t\t\t\t\t\tFinca mallorquina Pollensa La Caseta con piscina \t\t\t\t\t\t\t\t<\/H4>\n\t\t\t\t\t\t\t\t<p class=\"precio-alojamiento\">Desde <span class=\"precio\">137.50\u20ac<\/span> por noche<\/p>\n\t\t\t\t\t\t\t<\/div>\n\t\t\t\t\t\t<\/div>\n\t\t\t\t\t<\/a> \n\t\t\t\t\t\t\n\t\t\t\t\t<a href=\"https:\/\/www.idealpropertymallorca.com\/es\/alquiler\/casa-pollensa-can-bennassar-299556.html\" rel=\"nofollow\" style=\"width: 32%;\">\n\t\t\t\t\t\t<div class=\"apartamento-box\">\n\t\t\t\t\t\t\t<div class=\"imagen_recomendados\">\n\t\t\t\t\t\t\t\t<img decoding=\"async\" src=\"https:\/\/crs.avantio.com\/fotos\/2\/157106065120b8285bed7401077aaf5fd04b0afaa4\/big15710606534673d861ee7891c84b2e0fdb6ae230b5.jpg\" alt=\"Casa en Pollensa Can Bennassar cerca de la playa\">\n\t\t\t\t\t\t\t<\/div>\n\t\t\t\t\t\t\t<div class=\"info\">\n\t\t\t\t\t\t\t\t<div class=\"ubicacion\">\n\t\t\t\t\t\t\t\t\t<i class=\"fa-solid fa-location-dot icono-mapa\"><\/i><span class=\"ubicacion-texto\">Pollensa - Mallorca<\/span>\n\t\t\t\t\t\t\t\t<\/div>\n\t\t\t\t\t\t\t\t<H4 class=\"titulo-alojamiento\">\n\t\t\t\t\t\t\t\t\tCasa en Pollensa Can Bennassar cerca de la playa\t\t\t\t\t\t\t\t<\/H4>\n\t\t\t\t\t\t\t\t<p class=\"precio-alojamiento\">Desde <span class=\"precio\">143.00\u20ac<\/span> por noche<\/p>\n\t\t\t\t\t\t\t<\/div>\n\t\t\t\t\t\t<\/div>\n\t\t\t\t\t<\/a> \n\t\t\t\t\t\t\n\t\t\t\t\t<a href=\"https:\/\/www.idealpropertymallorca.com\/es\/alquiler\/casa-puerto-pollensa-llenaire-302015.html\" rel=\"nofollow\" style=\"width: 32%;\">\n\t\t\t\t\t\t<div class=\"apartamento-box\">\n\t\t\t\t\t\t\t<div class=\"imagen_recomendados\">\n\t\t\t\t\t\t\t\t<img decoding=\"async\" src=\"https:\/\/crs.avantio.com\/fotos\/2\/1572876498d4dc2da7d05d08dae89d8e9f51bb117b\/big157287650207be4af7536d91a375335173ef3a6361.jpg\" alt=\"Casa Puerto Pollensa Llenaire con piscina\">\n\t\t\t\t\t\t\t<\/div>\n\t\t\t\t\t\t\t<div class=\"info\">\n\t\t\t\t\t\t\t\t<div class=\"ubicacion\">\n\t\t\t\t\t\t\t\t\t<i class=\"fa-solid fa-location-dot icono-mapa\"><\/i><span class=\"ubicacion-texto\">Puerto Pollensa - Mallorca<\/span>\n\t\t\t\t\t\t\t\t<\/div>\n\t\t\t\t\t\t\t\t<H4 class=\"titulo-alojamiento\">\n\t\t\t\t\t\t\t\t\tCasa Puerto Pollensa Llenaire con piscina\t\t\t\t\t\t\t\t<\/H4>\n\t\t\t\t\t\t\t\t<p class=\"precio-alojamiento\">Desde <span class=\"precio\">388.30\u20ac<\/span> por noche<\/p>\n\t\t\t\t\t\t\t<\/div>\n\t\t\t\t\t\t<\/div>\n\t\t\t\t\t<\/a> \n\t\t\t\t\t\t\t\t<\/div>\n\t\t\t<\/div>\n\t\t\t\t\t\t<\/div>\n\t\t\t\t<\/div>\n\t\t\t\t\t<\/div>\n\t\t\t\t<\/div>\n\t\t\t\t<section class=\"elementor-section elementor-top-section elementor-element elementor-element-037052e elementor-section-boxed elementor-section-height-default elementor-section-height-default\" data-id=\"037052e\" data-element_type=\"section\" data-e-type=\"section\">\n\t\t\t\t\t\t<div class=\"elementor-container elementor-column-gap-default\">\n\t\t\t\t\t<div class=\"elementor-column elementor-col-33 elementor-top-column elementor-element elementor-element-6b9045d\" data-id=\"6b9045d\" data-element_type=\"column\" data-e-type=\"column\">\n\t\t\t<div class=\"elementor-widget-wrap elementor-element-populated\">\n\t\t\t\t\t\t<div class=\"elementor-element elementor-element-2cbca28 elementor-widget elementor-widget-heading\" data-id=\"2cbca28\" data-element_type=\"widget\" data-e-type=\"widget\" data-widget_type=\"heading.default\">\n\t\t\t\t<div class=\"elementor-widget-container\">\n\t\t\t\t\t<h2 class=\"elementor-heading-title elementor-size-default\">5. El Calvario, historia de Pollensa<\/h2>\t\t\t\t<\/div>\n\t\t\t\t<\/div>\n\t\t\t\t<div class=\"elementor-element elementor-element-3ae1daf elementor-widget elementor-widget-text-editor\" data-id=\"3ae1daf\" data-element_type=\"widget\" data-e-type=\"widget\" data-widget_type=\"text-editor.default\">\n\t\t\t\t<div class=\"elementor-widget-container\">\n\t\t\t\t\t\t\t\t\t<p>An\u00edmate a realizar esta subida de cuarenta minutos andando que, adem\u00e1s de una actividad f\u00edsica exigente, es un verdadero regalo para los sentidos. En la cima encontrar\u00e1s dos miradores, uno est\u00e1 bastante escondido, \u00a1A ver si lo encuentras! Tambi\u00e9n podr\u00e1s observar la iglesia del calvario que a lo largo de la historia ha pasado por diferentes manos como por ejemplo por los templarios. Un total de <strong>365 escalones, uno por cada d\u00eda del a\u00f1o<\/strong>, te aguardan entre cipreses y cruces, as\u00ed como panor\u00e1micas bell\u00edsimas. Tambi\u00e9n puedes subir o bajar por la cuesta del mirador donde encontraras las 14 cruces que, seg\u00fan la tradici\u00f3n cristiana, sufri\u00f3 Jesucristo en su camino al Monte G\u00f3lgota donde fue crucificado.<\/p><p>El calvario es ideal para visitarlo en semana santa donde cada Viernes Santo el calvario acoge el llamado Descendimiento, uno de los actos de m\u00e1s valor en la semana santa mallorquina, donde podr\u00e1s observar la procesi\u00f3n representativa de la bajada de Cristo.<\/p>\t\t\t\t\t\t\t\t<\/div>\n\t\t\t\t<\/div>\n\t\t\t\t\t<\/div>\n\t\t<\/div>\n\t\t\t\t<div class=\"elementor-column elementor-col-66 elementor-top-column elementor-element elementor-element-876b832\" data-id=\"876b832\" data-element_type=\"column\" data-e-type=\"column\">\n\t\t\t<div class=\"elementor-widget-wrap elementor-element-populated\">\n\t\t\t\t\t\t<div class=\"elementor-element elementor-element-90fd965 elementor-widget__width-initial elementor-widget elementor-widget-image\" data-id=\"90fd965\" data-element_type=\"widget\" data-e-type=\"widget\" data-widget_type=\"image.default\">\n\t\t\t\t<div class=\"elementor-widget-container\">\n\t\t\t\t\t\t\t\t\t\t\t\t\t\t\t<img loading=\"lazy\" decoding=\"async\" width=\"700\" height=\"342\" src=\"https:\/\/www.idealpropertymallorca.com\/blog\/wp-content\/uploads\/2023\/04\/el-calvario-pollensa-que-ver.jpg\" class=\"attachment-large size-large wp-image-1514\" alt=\"lugares historicos de pollensa el calvario\" \/>\t\t\t\t\t\t\t\t\t\t\t\t\t\t\t<\/div>\n\t\t\t\t<\/div>\n\t\t\t\t\t<\/div>\n\t\t<\/div>\n\t\t\t\t\t<\/div>\n\t\t<\/section>\n\t\t\t\t<section class=\"elementor-section elementor-top-section elementor-element elementor-element-b12988c elementor-section-boxed elementor-section-height-default elementor-section-height-default\" data-id=\"b12988c\" data-element_type=\"section\" data-e-type=\"section\">\n\t\t\t\t\t\t<div class=\"elementor-container elementor-column-gap-default\">\n\t\t\t\t\t<div class=\"elementor-column elementor-col-66 elementor-top-column elementor-element elementor-element-e91c5f4\" data-id=\"e91c5f4\" data-element_type=\"column\" data-e-type=\"column\">\n\t\t\t<div class=\"elementor-widget-wrap elementor-element-populated\">\n\t\t\t\t\t\t<div class=\"elementor-element elementor-element-092fbea elementor-widget elementor-widget-image\" data-id=\"092fbea\" data-element_type=\"widget\" data-e-type=\"widget\" data-widget_type=\"image.default\">\n\t\t\t\t<div class=\"elementor-widget-container\">\n\t\t\t\t\t\t\t\t\t\t\t\t\t\t\t<img loading=\"lazy\" decoding=\"async\" width=\"700\" height=\"342\" src=\"https:\/\/www.idealpropertymallorca.com\/blog\/wp-content\/uploads\/2023\/04\/convento-santo-domingo-pollensa.jpg\" class=\"attachment-large size-large wp-image-1547\" alt=\"\" \/>\t\t\t\t\t\t\t\t\t\t\t\t\t\t\t<\/div>\n\t\t\t\t<\/div>\n\t\t\t\t\t<\/div>\n\t\t<\/div>\n\t\t\t\t<div class=\"elementor-column elementor-col-33 elementor-top-column elementor-element elementor-element-c9c7c05\" data-id=\"c9c7c05\" data-element_type=\"column\" data-e-type=\"column\">\n\t\t\t<div class=\"elementor-widget-wrap elementor-element-populated\">\n\t\t\t\t\t\t<div class=\"elementor-element elementor-element-39431ff elementor-widget elementor-widget-heading\" data-id=\"39431ff\" data-element_type=\"widget\" data-e-type=\"widget\" data-widget_type=\"heading.default\">\n\t\t\t\t<div class=\"elementor-widget-container\">\n\t\t\t\t\t<h2 class=\"elementor-heading-title elementor-size-default\">6. El Convento de Santo Domingo<\/h2>\t\t\t\t<\/div>\n\t\t\t\t<\/div>\n\t\t\t\t<div class=\"elementor-element elementor-element-19e3afd elementor-widget elementor-widget-text-editor\" data-id=\"19e3afd\" data-element_type=\"widget\" data-e-type=\"widget\" data-widget_type=\"text-editor.default\">\n\t\t\t\t<div class=\"elementor-widget-container\">\n\t\t\t\t\t\t\t\t\t<p>Los amantes del arte, la cultura y los espacios religiosos van a disfrutar con esta visita tan carism\u00e1tica. No solo <strong>incluye el Museo de Pollensa<\/strong> con sus m\u00faltiples obras art\u00edsticas, tambi\u00e9n destaca por su claustro barroco. Construido entre 1558 y 1616, este edificio un festival de m\u00fasica cl\u00e1sica, el Festival de Pollen\u00e7a. En el museo encontraras el famoso mandala que el Dalai Lama y sus monjes budistas regalaron al pueblo mallorqu\u00edn en su visita el verano de 1990.<\/p>\t\t\t\t\t\t\t\t<\/div>\n\t\t\t\t<\/div>\n\t\t\t\t\t<\/div>\n\t\t<\/div>\n\t\t\t\t\t<\/div>\n\t\t<\/section>\n\t\t\t\t<section class=\"elementor-section elementor-top-section elementor-element elementor-element-31c6aea elementor-section-boxed elementor-section-height-default elementor-section-height-default\" data-id=\"31c6aea\" data-element_type=\"section\" data-e-type=\"section\">\n\t\t\t\t\t\t<div class=\"elementor-container elementor-column-gap-default\">\n\t\t\t\t\t<div class=\"elementor-column elementor-col-100 elementor-top-column elementor-element elementor-element-021f6fe\" data-id=\"021f6fe\" data-element_type=\"column\" data-e-type=\"column\">\n\t\t\t<div class=\"elementor-widget-wrap elementor-element-populated\">\n\t\t\t\t\t\t<div class=\"elementor-element elementor-element-5002bca elementor-button-info elementor-align-justify elementor-widget elementor-widget-button\" data-id=\"5002bca\" data-element_type=\"widget\" data-e-type=\"widget\" data-widget_type=\"button.default\">\n\t\t\t\t<div class=\"elementor-widget-container\">\n\t\t\t\t\t\t\t\t\t<div class=\"elementor-button-wrapper\">\n\t\t\t\t\t<a class=\"elementor-button elementor-button-link elementor-size-sm\" href=\"https:\/\/www.idealpropertymallorca.com\/blog\/es\/las-fiestas-de-la-patrona-de-pollenca\/\">\n\t\t\t\t\t\t<span class=\"elementor-button-content-wrapper\">\n\t\t\t\t\t\t<span class=\"elementor-button-icon\">\n\t\t\t\t<i aria-hidden=\"true\" class=\"far fa-star\"><\/i>\t\t\t<\/span>\n\t\t\t\t\t\t\t\t\t<span class=\"elementor-button-text\">Descubre todo sobre las fiestas de La Patrona Pollen\u00e7a<\/span>\n\t\t\t\t\t<\/span>\n\t\t\t\t\t<\/a>\n\t\t\t\t<\/div>\n\t\t\t\t\t\t\t\t<\/div>\n\t\t\t\t<\/div>\n\t\t\t\t\t<\/div>\n\t\t<\/div>\n\t\t\t\t\t<\/div>\n\t\t<\/section>\n\t\t\t\t<section class=\"elementor-section elementor-top-section elementor-element elementor-element-b339296 elementor-section-boxed elementor-section-height-default elementor-section-height-default\" data-id=\"b339296\" data-element_type=\"section\" data-e-type=\"section\">\n\t\t\t\t\t\t<div class=\"elementor-container elementor-column-gap-default\">\n\t\t\t\t\t<div class=\"elementor-column elementor-col-33 elementor-top-column elementor-element elementor-element-69cd61c\" data-id=\"69cd61c\" data-element_type=\"column\" data-e-type=\"column\">\n\t\t\t<div class=\"elementor-widget-wrap elementor-element-populated\">\n\t\t\t\t\t\t<div class=\"elementor-element elementor-element-5ca9f81 elementor-widget elementor-widget-heading\" data-id=\"5ca9f81\" data-element_type=\"widget\" data-e-type=\"widget\" data-widget_type=\"heading.default\">\n\t\t\t\t<div class=\"elementor-widget-container\">\n\t\t\t\t\t<h2 class=\"elementor-heading-title elementor-size-default\">7. Plaza mayor de Pollensa<\/h2>\t\t\t\t<\/div>\n\t\t\t\t<\/div>\n\t\t\t\t<div class=\"elementor-element elementor-element-ab92518 elementor-widget elementor-widget-text-editor\" data-id=\"ab92518\" data-element_type=\"widget\" data-e-type=\"widget\" data-widget_type=\"text-editor.default\">\n\t\t\t\t<div class=\"elementor-widget-container\">\n\t\t\t\t\t\t\t\t\t<p><span style=\"font-weight: 400;\">Constituye uno de los lugares de referencia en esta localidad. Adem\u00e1s de concentrar animaci\u00f3n y actividad social, incluye la <\/span><b>iglesia parroquial del siglo XVII<\/b><span style=\"font-weight: 400;\">, terrazas tranquilas, restaurantes, cafeter\u00edas y, los domingos, un bullicio especial. \u00a1Es d\u00eda de mercadillo y todo palpita alrededor de esta localizaci\u00f3n!<\/span><\/p>\t\t\t\t\t\t\t\t<\/div>\n\t\t\t\t<\/div>\n\t\t\t\t\t<\/div>\n\t\t<\/div>\n\t\t\t\t<div class=\"elementor-column elementor-col-66 elementor-top-column elementor-element elementor-element-c150126\" data-id=\"c150126\" data-element_type=\"column\" data-e-type=\"column\">\n\t\t\t<div class=\"elementor-widget-wrap elementor-element-populated\">\n\t\t\t\t\t\t<div class=\"elementor-element elementor-element-e16c3b1 elementor-widget elementor-widget-image\" data-id=\"e16c3b1\" data-element_type=\"widget\" data-e-type=\"widget\" data-widget_type=\"image.default\">\n\t\t\t\t<div class=\"elementor-widget-container\">\n\t\t\t\t\t\t\t\t\t\t\t\t\t\t\t<img loading=\"lazy\" decoding=\"async\" width=\"700\" height=\"342\" src=\"https:\/\/www.idealpropertymallorca.com\/blog\/wp-content\/uploads\/2023\/04\/plaza-mayor-pollensa-lugares-que-ver.jpg\" class=\"attachment-large size-large wp-image-1550\" alt=\"plaza mayor uno de los lugares que ver en Pollensa\" \/>\t\t\t\t\t\t\t\t\t\t\t\t\t\t\t<\/div>\n\t\t\t\t<\/div>\n\t\t\t\t\t<\/div>\n\t\t<\/div>\n\t\t\t\t\t<\/div>\n\t\t<\/section>\n\t\t\t\t<section class=\"elementor-section elementor-top-section elementor-element elementor-element-e4ca97e elementor-section-boxed elementor-section-height-default elementor-section-height-default\" data-id=\"e4ca97e\" data-element_type=\"section\" data-e-type=\"section\">\n\t\t\t\t\t\t<div class=\"elementor-container elementor-column-gap-default\">\n\t\t\t\t\t<div class=\"elementor-column elementor-col-66 elementor-top-column elementor-element elementor-element-29da075\" data-id=\"29da075\" data-element_type=\"column\" data-e-type=\"column\">\n\t\t\t<div class=\"elementor-widget-wrap elementor-element-populated\">\n\t\t\t\t\t\t<div class=\"elementor-element elementor-element-4f0fd30 elementor-widget elementor-widget-image\" data-id=\"4f0fd30\" data-element_type=\"widget\" data-e-type=\"widget\" data-widget_type=\"image.default\">\n\t\t\t\t<div class=\"elementor-widget-container\">\n\t\t\t\t\t\t\t\t\t\t\t\t\t\t\t<img loading=\"lazy\" decoding=\"async\" width=\"700\" height=\"342\" src=\"https:\/\/www.idealpropertymallorca.com\/blog\/wp-content\/uploads\/2023\/04\/mercado-pollensa.jpg\" class=\"attachment-large size-large wp-image-1553\" alt=\"Mercado de Pollensa\" \/>\t\t\t\t\t\t\t\t\t\t\t\t\t\t\t<\/div>\n\t\t\t\t<\/div>\n\t\t\t\t\t<\/div>\n\t\t<\/div>\n\t\t\t\t<div class=\"elementor-column elementor-col-33 elementor-top-column elementor-element elementor-element-3940f2b\" data-id=\"3940f2b\" data-element_type=\"column\" data-e-type=\"column\">\n\t\t\t<div class=\"elementor-widget-wrap elementor-element-populated\">\n\t\t\t\t\t\t<div class=\"elementor-element elementor-element-199010d elementor-widget elementor-widget-heading\" data-id=\"199010d\" data-element_type=\"widget\" data-e-type=\"widget\" data-widget_type=\"heading.default\">\n\t\t\t\t<div class=\"elementor-widget-container\">\n\t\t\t\t\t<h2 class=\"elementor-heading-title elementor-size-default\">8. Mercado de Pollensa<\/h2>\t\t\t\t<\/div>\n\t\t\t\t<\/div>\n\t\t\t\t<div class=\"elementor-element elementor-element-16b2ec6 elementor-widget elementor-widget-text-editor\" data-id=\"16b2ec6\" data-element_type=\"widget\" data-e-type=\"widget\" data-widget_type=\"text-editor.default\">\n\t\t\t\t<div class=\"elementor-widget-container\">\n\t\t\t\t\t\t\t\t\t<p><span style=\"font-weight: 400;\">No deber\u00edas perderte este hervidero comercial que combina <\/span><b>alimentaci\u00f3n, textiles, calzado y artesan\u00eda <\/b><span style=\"font-weight: 400;\">de toda condici\u00f3n. Se celebra los domingos en la siempre concurrida Plaza Mayor, entre las ocho de la ma\u00f1ana y la una y media de la tarde. \u00a1Visita el <\/span><b>mercado <\/b><b>de Pollensa <\/b><span style=\"font-weight: 400;\">y prueba los productos frescos locales!<\/span><\/p>\t\t\t\t\t\t\t\t<\/div>\n\t\t\t\t<\/div>\n\t\t\t\t\t<\/div>\n\t\t<\/div>\n\t\t\t\t\t<\/div>\n\t\t<\/section>\n\t\t\t\t<section class=\"elementor-section elementor-top-section elementor-element elementor-element-65d7e11 elementor-section-boxed elementor-section-height-default elementor-section-height-default\" data-id=\"65d7e11\" data-element_type=\"section\" data-e-type=\"section\">\n\t\t\t\t\t\t<div class=\"elementor-container elementor-column-gap-default\">\n\t\t\t\t\t<div class=\"elementor-column elementor-col-33 elementor-top-column elementor-element elementor-element-ef10bf1\" data-id=\"ef10bf1\" data-element_type=\"column\" data-e-type=\"column\">\n\t\t\t<div class=\"elementor-widget-wrap elementor-element-populated\">\n\t\t\t\t\t\t<div class=\"elementor-element elementor-element-07c5431 elementor-widget elementor-widget-heading\" data-id=\"07c5431\" data-element_type=\"widget\" data-e-type=\"widget\" data-widget_type=\"heading.default\">\n\t\t\t\t<div class=\"elementor-widget-container\">\n\t\t\t\t\t<h2 class=\"elementor-heading-title elementor-size-default\">9. Cabo de Formentor y la naturaleza de  Pollensa<\/h2>\t\t\t\t<\/div>\n\t\t\t\t<\/div>\n\t\t\t\t<div class=\"elementor-element elementor-element-842d00d elementor-widget elementor-widget-text-editor\" data-id=\"842d00d\" data-element_type=\"widget\" data-e-type=\"widget\" data-widget_type=\"text-editor.default\">\n\t\t\t\t<div class=\"elementor-widget-container\">\n\t\t\t\t\t\t\t\t\t<p><span style=\"font-weight: 400;\">Esta excursi\u00f3n de media hora en coche te llevar\u00e1 hasta miradores \u00fanicos, como Es Colomer y la Talaia d&#8217;albertcutx. Ver\u00e1s, sin duda, <\/span><b>las mejores vistas de las Baleares<\/b><span style=\"font-weight: 400;\">, sobre todo, si las admiras durante el atardecer desde el Faro de Formentor. Aprovecha el desplazamiento para ba\u00f1arte en Playa de Formentor o Cala Figuera.<\/span><\/p><p>M\u00e1s info <a href=\"http:\/\/www.pollensa.com\/es\/places\/to-visit\/faro-formentor\/\">aqu\u00ed<\/a>.<\/p>\t\t\t\t\t\t\t\t<\/div>\n\t\t\t\t<\/div>\n\t\t\t\t\t<\/div>\n\t\t<\/div>\n\t\t\t\t<div class=\"elementor-column elementor-col-66 elementor-top-column elementor-element elementor-element-27deb74\" data-id=\"27deb74\" data-element_type=\"column\" data-e-type=\"column\">\n\t\t\t<div class=\"elementor-widget-wrap elementor-element-populated\">\n\t\t\t\t\t\t<div class=\"elementor-element elementor-element-2530550 elementor-widget elementor-widget-image\" data-id=\"2530550\" data-element_type=\"widget\" data-e-type=\"widget\" data-widget_type=\"image.default\">\n\t\t\t\t<div class=\"elementor-widget-container\">\n\t\t\t\t\t\t\t\t\t\t\t\t\t\t\t<img loading=\"lazy\" decoding=\"async\" width=\"700\" height=\"342\" src=\"https:\/\/www.idealpropertymallorca.com\/blog\/wp-content\/uploads\/2023\/04\/pollensa-cabo-formentor-mallorca.jpg\" class=\"attachment-large size-large wp-image-1526\" alt=\"pollensa y sus vistas al cabo de formentor\" \/>\t\t\t\t\t\t\t\t\t\t\t\t\t\t\t<\/div>\n\t\t\t\t<\/div>\n\t\t\t\t\t<\/div>\n\t\t<\/div>\n\t\t\t\t\t<\/div>\n\t\t<\/section>\n\t\t\t\t<section class=\"elementor-section elementor-top-section elementor-element elementor-element-ef8e57e elementor-section-boxed elementor-section-height-default elementor-section-height-default\" data-id=\"ef8e57e\" data-element_type=\"section\" data-e-type=\"section\">\n\t\t\t\t\t\t<div class=\"elementor-container elementor-column-gap-default\">\n\t\t\t\t\t<div class=\"elementor-column elementor-col-66 elementor-top-column elementor-element elementor-element-6a509c6\" data-id=\"6a509c6\" data-element_type=\"column\" data-e-type=\"column\">\n\t\t\t<div class=\"elementor-widget-wrap elementor-element-populated\">\n\t\t\t\t\t\t<div class=\"elementor-element elementor-element-a59ad84 elementor-widget elementor-widget-image\" data-id=\"a59ad84\" data-element_type=\"widget\" data-e-type=\"widget\" data-widget_type=\"image.default\">\n\t\t\t\t<div class=\"elementor-widget-container\">\n\t\t\t\t\t\t\t\t\t\t\t\t\t\t\t<img loading=\"lazy\" decoding=\"async\" width=\"700\" height=\"342\" src=\"https:\/\/www.idealpropertymallorca.com\/blog\/wp-content\/uploads\/2023\/04\/cala-murta-lugares-pollensa-mallorca.jpg\" class=\"attachment-large size-large wp-image-1502\" alt=\"cala murta es uno de los lugares top de pollensa\" \/>\t\t\t\t\t\t\t\t\t\t\t\t\t\t\t<\/div>\n\t\t\t\t<\/div>\n\t\t\t\t\t<\/div>\n\t\t<\/div>\n\t\t\t\t<div class=\"elementor-column elementor-col-33 elementor-top-column elementor-element elementor-element-cdbe2c0\" data-id=\"cdbe2c0\" data-element_type=\"column\" data-e-type=\"column\">\n\t\t\t<div class=\"elementor-widget-wrap elementor-element-populated\">\n\t\t\t\t\t\t<div class=\"elementor-element elementor-element-5d58826 elementor-widget elementor-widget-heading\" data-id=\"5d58826\" data-element_type=\"widget\" data-e-type=\"widget\" data-widget_type=\"heading.default\">\n\t\t\t\t<div class=\"elementor-widget-container\">\n\t\t\t\t\t<h2 class=\"elementor-heading-title elementor-size-default\">10. Cala Murta, el rinc\u00f3n escondido de Pollensa<\/h2>\t\t\t\t<\/div>\n\t\t\t\t<\/div>\n\t\t\t\t<div class=\"elementor-element elementor-element-04ddb92 elementor-widget elementor-widget-text-editor\" data-id=\"04ddb92\" data-element_type=\"widget\" data-e-type=\"widget\" data-widget_type=\"text-editor.default\">\n\t\t\t\t<div class=\"elementor-widget-container\">\n\t\t\t\t\t\t\t\t\t<p><span style=\"font-weight: 400;\">Situada a unos 20 kil\u00f3metros del<\/span><b> Puerto de Pollensa, <\/b><span style=\"font-weight: 400;\">se presenta como un sorprendente entrante de mar que alcanza los 180 metros tierra a dentro. La zona de ba\u00f1o est\u00e1 ubicada <\/span><b>entre vegetaci\u00f3n frondosa y poderosos acantilados<\/b><span style=\"font-weight: 400;\">. El espect\u00e1culo crom\u00e1tico del azul de las aguas y el verde forestal es fascinante. Asegura tranquilidad, quiz\u00e1s porque acceder hasta ella no es nada sencillo.<\/span><\/p>\t\t\t\t\t\t\t\t<\/div>\n\t\t\t\t<\/div>\n\t\t\t\t\t<\/div>\n\t\t<\/div>\n\t\t\t\t\t<\/div>\n\t\t<\/section>\n\t\t\t\t<section class=\"elementor-section elementor-top-section elementor-element elementor-element-0090e4d elementor-section-boxed elementor-section-height-default elementor-section-height-default\" data-id=\"0090e4d\" data-element_type=\"section\" data-e-type=\"section\">\n\t\t\t\t\t\t<div class=\"elementor-container elementor-column-gap-default\">\n\t\t\t\t\t<div class=\"elementor-column elementor-col-33 elementor-top-column elementor-element elementor-element-deb4cc1\" data-id=\"deb4cc1\" data-element_type=\"column\" data-e-type=\"column\">\n\t\t\t<div class=\"elementor-widget-wrap elementor-element-populated\">\n\t\t\t\t\t\t<div class=\"elementor-element elementor-element-25f969f elementor-widget elementor-widget-heading\" data-id=\"25f969f\" data-element_type=\"widget\" data-e-type=\"widget\" data-widget_type=\"heading.default\">\n\t\t\t\t<div class=\"elementor-widget-container\">\n\t\t\t\t\t<h2 class=\"elementor-heading-title elementor-size-default\">11. Jardines Joan March<\/h2>\t\t\t\t<\/div>\n\t\t\t\t<\/div>\n\t\t\t\t<div class=\"elementor-element elementor-element-e8c7902 elementor-widget elementor-widget-text-editor\" data-id=\"e8c7902\" data-element_type=\"widget\" data-e-type=\"widget\" data-widget_type=\"text-editor.default\">\n\t\t\t\t<div class=\"elementor-widget-container\">\n\t\t\t\t\t\t\t\t\t<p><span style=\"font-weight: 400;\">Pasear por estos preciosos jardines te llevar\u00e1 hasta la estatua de Joan Mas, un h\u00e9roe local, mientras disfrutas de la vegetaci\u00f3n aut\u00f3ctona. Sin embargo, <\/span><b>el elemento m\u00e1s importante es la Torre Desbrull<\/b><span style=\"font-weight: 400;\">. De estilo g\u00f3tico, perteneci\u00f3 a la casa se\u00f1orial de la familia que le da nombre. No te la pierdas, s\u00e1cate una foto junto a ella para tus redes sociales.<\/span><\/p>\t\t\t\t\t\t\t\t<\/div>\n\t\t\t\t<\/div>\n\t\t\t\t\t<\/div>\n\t\t<\/div>\n\t\t\t\t<div class=\"elementor-column elementor-col-66 elementor-top-column elementor-element elementor-element-f189567\" data-id=\"f189567\" data-element_type=\"column\" data-e-type=\"column\">\n\t\t\t<div class=\"elementor-widget-wrap elementor-element-populated\">\n\t\t\t\t\t\t<div class=\"elementor-element elementor-element-070e903 elementor-widget elementor-widget-image\" data-id=\"070e903\" data-element_type=\"widget\" data-e-type=\"widget\" data-widget_type=\"image.default\">\n\t\t\t\t<div class=\"elementor-widget-container\">\n\t\t\t\t\t\t\t\t\t\t\t\t\t\t\t<img loading=\"lazy\" decoding=\"async\" width=\"700\" height=\"342\" src=\"https:\/\/www.idealpropertymallorca.com\/blog\/wp-content\/uploads\/2023\/04\/jardines-joan-march-pollensa.jpg\" class=\"attachment-large size-large wp-image-1556\" alt=\"jardines joan march de pollensa\" \/>\t\t\t\t\t\t\t\t\t\t\t\t\t\t\t<\/div>\n\t\t\t\t<\/div>\n\t\t\t\t\t<\/div>\n\t\t<\/div>\n\t\t\t\t\t<\/div>\n\t\t<\/section>\n\t\t\t\t<section class=\"elementor-section elementor-top-section elementor-element elementor-element-2eea5f2 elementor-section-boxed elementor-section-height-default elementor-section-height-default\" data-id=\"2eea5f2\" data-element_type=\"section\" data-e-type=\"section\">\n\t\t\t\t\t\t<div class=\"elementor-container elementor-column-gap-default\">\n\t\t\t\t\t<div class=\"elementor-column elementor-col-33 elementor-top-column elementor-element elementor-element-70505d4\" data-id=\"70505d4\" data-element_type=\"column\" data-e-type=\"column\">\n\t\t\t<div class=\"elementor-widget-wrap elementor-element-populated\">\n\t\t\t\t\t\t<div class=\"elementor-element elementor-element-01e12a9 elementor-widget elementor-widget-image\" data-id=\"01e12a9\" data-element_type=\"widget\" data-e-type=\"widget\" data-widget_type=\"image.default\">\n\t\t\t\t<div class=\"elementor-widget-container\">\n\t\t\t\t\t\t\t\t\t\t\t\t\t\t\t<img loading=\"lazy\" decoding=\"async\" width=\"600\" height=\"600\" src=\"https:\/\/www.idealpropertymallorca.com\/blog\/wp-content\/uploads\/2023\/04\/necropolis-cala-varques-pollensa.jpg\" class=\"attachment-large size-large wp-image-1520\" alt=\"necropolis de cala varques en pollensa\" srcset=\"https:\/\/www.idealpropertymallorca.com\/blog\/wp-content\/uploads\/2023\/04\/necropolis-cala-varques-pollensa.jpg 600w, https:\/\/www.idealpropertymallorca.com\/blog\/wp-content\/uploads\/2023\/04\/necropolis-cala-varques-pollensa-150x150.jpg 150w, https:\/\/www.idealpropertymallorca.com\/blog\/wp-content\/uploads\/2023\/04\/necropolis-cala-varques-pollensa-90x90.jpg 90w\" sizes=\"(max-width: 600px) 100vw, 600px\" \/>\t\t\t\t\t\t\t\t\t\t\t\t\t\t\t<\/div>\n\t\t\t\t<\/div>\n\t\t\t\t\t<\/div>\n\t\t<\/div>\n\t\t\t\t<div class=\"elementor-column elementor-col-33 elementor-top-column elementor-element elementor-element-ccf6af0\" data-id=\"ccf6af0\" data-element_type=\"column\" data-e-type=\"column\">\n\t\t\t<div class=\"elementor-widget-wrap elementor-element-populated\">\n\t\t\t\t\t\t<div class=\"elementor-element elementor-element-8fa920e elementor-widget elementor-widget-image\" data-id=\"8fa920e\" data-element_type=\"widget\" data-e-type=\"widget\" data-widget_type=\"image.default\">\n\t\t\t\t<div class=\"elementor-widget-container\">\n\t\t\t\t\t\t\t\t\t\t\t\t\t\t\t<img decoding=\"async\" src=\"https:\/\/www.idealpropertymallorca.com\/blog\/wp-content\/uploads\/elementor\/thumbs\/Cuevas-Alzinaret-qkph0rusj9xciwm11e6gebdhfsuxpiut222y3m6gls.jpeg\" title=\"Cuevas Alzinaret\" alt=\"Cuevas Alzinaret\" loading=\"lazy\" \/>\t\t\t\t\t\t\t\t\t\t\t\t\t\t\t<\/div>\n\t\t\t\t<\/div>\n\t\t\t\t\t<\/div>\n\t\t<\/div>\n\t\t\t\t<div class=\"elementor-column elementor-col-33 elementor-top-column elementor-element elementor-element-aea846c\" data-id=\"aea846c\" data-element_type=\"column\" data-e-type=\"column\">\n\t\t\t<div class=\"elementor-widget-wrap elementor-element-populated\">\n\t\t\t\t\t\t<div class=\"elementor-element elementor-element-e55c32f elementor-widget elementor-widget-heading\" data-id=\"e55c32f\" data-element_type=\"widget\" data-e-type=\"widget\" data-widget_type=\"heading.default\">\n\t\t\t\t<div class=\"elementor-widget-container\">\n\t\t\t\t\t<h2 class=\"elementor-heading-title elementor-size-default\">12. Cuevas de l'Alzinaret<\/h2>\t\t\t\t<\/div>\n\t\t\t\t<\/div>\n\t\t\t\t<div class=\"elementor-element elementor-element-9adfe49 elementor-widget elementor-widget-text-editor\" data-id=\"9adfe49\" data-element_type=\"widget\" data-e-type=\"widget\" data-widget_type=\"text-editor.default\">\n\t\t\t\t<div class=\"elementor-widget-container\">\n\t\t\t\t\t\t\t\t\t<p>Las <strong>cuevas de la Cala de Sant Vicen\u00e7<\/strong> representan el conjunto funerario pretalay\u00f3tico m\u00e1s destacado de Mallorca, aunque lamentablemente han sido saqueadas desde tiempos antiguos, evidenciando su car\u00e1cter funerario. Estas cavernas conforman una necr\u00f3polis del <strong>Bronce Medio<\/strong>, situada en un entorno que posiblemente tuvo un significado sagrado. A lo largo de los a\u00f1os, se han identificado trece cuevas en total, pero lamentablemente cinco de ellas han sido destruidas. A lo largo de un sendero se pueden visitar las seis m\u00e1s espectaculares, cada una con caracter\u00edsticas distintas.<\/p>\t\t\t\t\t\t\t\t<\/div>\n\t\t\t\t<\/div>\n\t\t\t\t\t<\/div>\n\t\t<\/div>\n\t\t\t\t\t<\/div>\n\t\t<\/section>\n\t\t\t\t<section class=\"elementor-section elementor-top-section elementor-element elementor-element-6be97b0 elementor-section-boxed elementor-section-height-default elementor-section-height-default\" data-id=\"6be97b0\" data-element_type=\"section\" data-e-type=\"section\">\n\t\t\t\t\t\t<div class=\"elementor-container elementor-column-gap-default\">\n\t\t\t\t\t<div class=\"elementor-column elementor-col-100 elementor-top-column elementor-element elementor-element-9849a71\" data-id=\"9849a71\" data-element_type=\"column\" data-e-type=\"column\">\n\t\t\t<div class=\"elementor-widget-wrap elementor-element-populated\">\n\t\t\t\t\t\t<div class=\"elementor-element elementor-element-fe10840 elementor-widget elementor-widget-heading\" data-id=\"fe10840\" data-element_type=\"widget\" data-e-type=\"widget\" data-widget_type=\"heading.default\">\n\t\t\t\t<div class=\"elementor-widget-container\">\n\t\t\t\t\t<h2 class=\"elementor-heading-title elementor-size-default\">\u00bfHay alguno de estos lugares en Pollensa que no tengas ganas de conocer? <br>A nosotros nos encantan estos 12 ricones ideales que no deber\u00edas perderte.<\/h2>\t\t\t\t<\/div>\n\t\t\t\t<\/div>\n\t\t\t\t<div class=\"elementor-element elementor-element-2934c1c elementor-widget elementor-widget-text-editor\" data-id=\"2934c1c\" data-element_type=\"widget\" data-e-type=\"widget\" data-widget_type=\"text-editor.default\">\n\t\t\t\t<div class=\"elementor-widget-container\">\n\t\t\t\t\t\t\t\t\t<p><span style=\"font-weight: 400;\">\u00bfA que te apetece much\u00edsimo visitar este para\u00edso? <\/span><b>Los <\/b><a href=\"https:\/\/www.idealpropertymallorca.com\/es\/alquiler\/alquileres-pollensa-d459611\/\"><b>alojamientos en Pollensa<\/b><\/a><b> son una maravilla<\/b><span style=\"font-weight: 400;\">. Puedes encontrar en Ideal Property Mallorca fincas, casas y chal\u00e9s de gran categor\u00eda. \u00bfQu\u00e9 te parece empezar viendo c\u00f3mo son la finca <\/span><span style=\"font-weight: 400;\">La Rosaleda<\/span><span style=\"font-weight: 400;\"> y <\/span><span style=\"font-weight: 400;\">Es Moli<\/span><span style=\"font-weight: 400;\">? Enseguida encontrar\u00e1s lo que deseas. Conoce los lugares m\u00e1s top de Pollensa y al\u00f3jate muy cerca de elos para poder descubrirlos. \u00a1Disfruta de unas vacaciones memorables alguno de nuestros <a href=\"https:\/\/www.idealpropertymallorca.com\/es\/alquiler\/alquileres-mallorca-e21\/\">alojamientos en Mallorca<\/a> para los viajeros exigentes!<\/span><\/p>\t\t\t\t\t\t\t\t<\/div>\n\t\t\t\t<\/div>\n\t\t\t\t\t<\/div>\n\t\t<\/div>\n\t\t\t\t\t<\/div>\n\t\t<\/section>\n\t\t\t\t<section class=\"elementor-section elementor-top-section elementor-element elementor-element-ac490e2 elementor-section-boxed elementor-section-height-default elementor-section-height-default\" data-id=\"ac490e2\" data-element_type=\"section\" data-e-type=\"section\">\n\t\t\t\t\t\t<div class=\"elementor-container elementor-column-gap-default\">\n\t\t\t\t\t<div class=\"elementor-column elementor-col-100 elementor-top-column elementor-element elementor-element-3effd8f\" data-id=\"3effd8f\" data-element_type=\"column\" data-e-type=\"column\">\n\t\t\t<div class=\"elementor-widget-wrap elementor-element-populated\">\n\t\t\t\t\t\t<div class=\"elementor-element elementor-element-4f045da elementor-widget elementor-widget-heading\" data-id=\"4f045da\" data-element_type=\"widget\" data-e-type=\"widget\" data-widget_type=\"heading.default\">\n\t\t\t\t<div class=\"elementor-widget-container\">\n\t\t\t\t\t<h2 class=\"elementor-heading-title elementor-size-default\">Reserva un alquiler vacacional para disfrutar de Mallorca\u200b<\/h2>\t\t\t\t<\/div>\n\t\t\t\t<\/div>\n\t\t\t\t\t<\/div>\n\t\t<\/div>\n\t\t\t\t\t<\/div>\n\t\t<\/section>\n\t\t<div class=\"elementor-element elementor-element-2a0a027 e-flex e-con-boxed e-con e-parent\" data-id=\"2a0a027\" data-element_type=\"container\" data-e-type=\"container\">\n\t\t\t\t\t<div class=\"e-con-inner\">\n\t\t\t\t<div class=\"elementor-element elementor-element-add989a elementor-widget elementor-widget-grid\" data-id=\"add989a\" data-element_type=\"widget\" data-e-type=\"widget\" data-widget_type=\"grid.default\">\n\t\t\t\t<div class=\"elementor-widget-container\">\n\t\t\t\t\t\t\t<div class=\"its--row alojamientos-recomendados\">\n\n\t\t\t<div class=\"alojamientos-recomendados-container\">\n\n\t\t\t\t\t\n\t\t\t\t\t<a href=\"https:\/\/www.idealpropertymallorca.com\/es\/alquiler\/finca-pollensa-la-caseta-299291.html\" rel=\"nofollow\" style=\"width: 32%;\">\n\t\t\t\t\t\t<div class=\"apartamento-box\">\n\t\t\t\t\t\t\t<div class=\"imagen_recomendados\">\n\t\t\t\t\t\t\t\t<img decoding=\"async\" src=\"https:\/\/crs.avantio.com\/fotos\/2\/157069175069552473988e58cc0e1a3706403709a1\/big157069177457fc54e5c0cbc2afea5906af21b5821f.jpg\" alt=\"Finca mallorquina Pollensa La Caseta con piscina \">\n\t\t\t\t\t\t\t<\/div>\n\t\t\t\t\t\t\t<div class=\"info\">\n\t\t\t\t\t\t\t\t<div class=\"ubicacion\">\n\t\t\t\t\t\t\t\t\t<i class=\"fa-solid fa-location-dot icono-mapa\"><\/i><span class=\"ubicacion-texto\">Pollensa - Mallorca<\/span>\n\t\t\t\t\t\t\t\t<\/div>\n\t\t\t\t\t\t\t\t<H4 class=\"titulo-alojamiento\">\n\t\t\t\t\t\t\t\t\tFinca mallorquina Pollensa La Caseta con piscina \t\t\t\t\t\t\t\t<\/H4>\n\t\t\t\t\t\t\t\t<p class=\"precio-alojamiento\">Desde <span class=\"precio\">137.50\u20ac<\/span> por noche<\/p>\n\t\t\t\t\t\t\t<\/div>\n\t\t\t\t\t\t<\/div>\n\t\t\t\t\t<\/a> \n\t\t\t\t\t\t\n\t\t\t\t\t<a href=\"https:\/\/www.idealpropertymallorca.com\/es\/alquiler\/casa-pollensa-can-bennassar-299556.html\" rel=\"nofollow\" style=\"width: 32%;\">\n\t\t\t\t\t\t<div class=\"apartamento-box\">\n\t\t\t\t\t\t\t<div class=\"imagen_recomendados\">\n\t\t\t\t\t\t\t\t<img decoding=\"async\" src=\"https:\/\/crs.avantio.com\/fotos\/2\/157106065120b8285bed7401077aaf5fd04b0afaa4\/big15710606534673d861ee7891c84b2e0fdb6ae230b5.jpg\" alt=\"Casa en Pollensa Can Bennassar cerca de la playa\">\n\t\t\t\t\t\t\t<\/div>\n\t\t\t\t\t\t\t<div class=\"info\">\n\t\t\t\t\t\t\t\t<div class=\"ubicacion\">\n\t\t\t\t\t\t\t\t\t<i class=\"fa-solid fa-location-dot icono-mapa\"><\/i><span class=\"ubicacion-texto\">Pollensa - Mallorca<\/span>\n\t\t\t\t\t\t\t\t<\/div>\n\t\t\t\t\t\t\t\t<H4 class=\"titulo-alojamiento\">\n\t\t\t\t\t\t\t\t\tCasa en Pollensa Can Bennassar cerca de la playa\t\t\t\t\t\t\t\t<\/H4>\n\t\t\t\t\t\t\t\t<p class=\"precio-alojamiento\">Desde <span class=\"precio\">143.00\u20ac<\/span> por noche<\/p>\n\t\t\t\t\t\t\t<\/div>\n\t\t\t\t\t\t<\/div>\n\t\t\t\t\t<\/a> \n\t\t\t\t\t\t\n\t\t\t\t\t<a href=\"https:\/\/www.idealpropertymallorca.com\/es\/alquiler\/casa-puerto-pollensa-llenaire-302015.html\" rel=\"nofollow\" style=\"width: 32%;\">\n\t\t\t\t\t\t<div class=\"apartamento-box\">\n\t\t\t\t\t\t\t<div class=\"imagen_recomendados\">\n\t\t\t\t\t\t\t\t<img decoding=\"async\" src=\"https:\/\/crs.avantio.com\/fotos\/2\/1572876498d4dc2da7d05d08dae89d8e9f51bb117b\/big157287650207be4af7536d91a375335173ef3a6361.jpg\" alt=\"Casa Puerto Pollensa Llenaire con piscina\">\n\t\t\t\t\t\t\t<\/div>\n\t\t\t\t\t\t\t<div class=\"info\">\n\t\t\t\t\t\t\t\t<div class=\"ubicacion\">\n\t\t\t\t\t\t\t\t\t<i class=\"fa-solid fa-location-dot icono-mapa\"><\/i><span class=\"ubicacion-texto\">Puerto Pollensa - Mallorca<\/span>\n\t\t\t\t\t\t\t\t<\/div>\n\t\t\t\t\t\t\t\t<H4 class=\"titulo-alojamiento\">\n\t\t\t\t\t\t\t\t\tCasa Puerto Pollensa Llenaire con piscina\t\t\t\t\t\t\t\t<\/H4>\n\t\t\t\t\t\t\t\t<p class=\"precio-alojamiento\">Desde <span class=\"precio\">388.30\u20ac<\/span> por noche<\/p>\n\t\t\t\t\t\t\t<\/div>\n\t\t\t\t\t\t<\/div>\n\t\t\t\t\t<\/a> \n\t\t\t\t\t\t\t\t<\/div>\n\t\t\t<\/div>\n\t\t\t\t\t\t<\/div>\n\t\t\t\t<\/div>\n\t\t\t\t\t<\/div>\n\t\t\t\t<\/div>\n\t\t\t\t<section class=\"elementor-section elementor-top-section elementor-element elementor-element-0644671 elementor-section-boxed elementor-section-height-default elementor-section-height-default\" data-id=\"0644671\" data-element_type=\"section\" data-e-type=\"section\">\n\t\t\t\t\t\t<div class=\"elementor-container elementor-column-gap-default\">\n\t\t\t\t\t<div class=\"elementor-column elementor-col-100 elementor-top-column elementor-element elementor-element-a42a43d\" data-id=\"a42a43d\" data-element_type=\"column\" data-e-type=\"column\">\n\t\t\t<div class=\"elementor-widget-wrap elementor-element-populated\">\n\t\t\t\t\t\t<div class=\"elementor-element elementor-element-1377b2a elementor-widget elementor-widget-shortcode\" data-id=\"1377b2a\" data-element_type=\"widget\" data-e-type=\"widget\" data-widget_type=\"shortcode.default\">\n\t\t\t\t<div class=\"elementor-widget-container\">\n\t\t\t\t\t\t\t<div class=\"elementor-shortcode\">\t\t<div data-elementor-type=\"page\" data-elementor-id=\"18575\" class=\"elementor elementor-18575\" data-elementor-post-type=\"elementor_library\">\n\t\t\t\t\t\t<section class=\"elementor-section elementor-top-section elementor-element elementor-element-13c7e59a elementor-section-boxed elementor-section-height-default elementor-section-height-default\" data-id=\"13c7e59a\" data-element_type=\"section\" data-e-type=\"section\">\n\t\t\t\t\t\t<div class=\"elementor-container elementor-column-gap-default\">\n\t\t\t\t\t<div class=\"elementor-column elementor-col-33 elementor-top-column elementor-element elementor-element-49508e7d\" data-id=\"49508e7d\" data-element_type=\"column\" data-e-type=\"column\" data-settings=\"{&quot;background_background&quot;:&quot;classic&quot;}\">\n\t\t\t<div class=\"elementor-widget-wrap elementor-element-populated\">\n\t\t\t\t\t\t<div class=\"elementor-element elementor-element-7386f6c2 elementor-align-center elementor-widget elementor-widget-button\" data-id=\"7386f6c2\" data-element_type=\"widget\" data-e-type=\"widget\" data-widget_type=\"button.default\">\n\t\t\t\t<div class=\"elementor-widget-container\">\n\t\t\t\t\t\t\t\t\t<div class=\"elementor-button-wrapper\">\n\t\t\t\t\t<a class=\"elementor-button elementor-button-link elementor-size-sm\" href=\"https:\/\/www.idealpropertymallorca.com\/es\/alquiler\/fincas-pollensa-c22d459611\/vista-lista\/\">\n\t\t\t\t\t\t<span class=\"elementor-button-content-wrapper\">\n\t\t\t\t\t\t\t\t\t<span class=\"elementor-button-text\">Fincas rurales en Pollen\u00e7a<\/span>\n\t\t\t\t\t<\/span>\n\t\t\t\t\t<\/a>\n\t\t\t\t<\/div>\n\t\t\t\t\t\t\t\t<\/div>\n\t\t\t\t<\/div>\n\t\t\t\t\t<\/div>\n\t\t<\/div>\n\t\t\t\t<div class=\"elementor-column elementor-col-33 elementor-top-column elementor-element elementor-element-7fc70513\" data-id=\"7fc70513\" data-element_type=\"column\" data-e-type=\"column\" data-settings=\"{&quot;background_background&quot;:&quot;classic&quot;}\">\n\t\t\t<div class=\"elementor-widget-wrap elementor-element-populated\">\n\t\t\t\t\t\t<div class=\"elementor-element elementor-element-3064837e elementor-align-center elementor-widget elementor-widget-button\" data-id=\"3064837e\" data-element_type=\"widget\" data-e-type=\"widget\" data-widget_type=\"button.default\">\n\t\t\t\t<div class=\"elementor-widget-container\">\n\t\t\t\t\t\t\t\t\t<div class=\"elementor-button-wrapper\">\n\t\t\t\t\t<a class=\"elementor-button elementor-button-link elementor-size-sm\" href=\"https:\/\/www.idealpropertymallorca.com\/es\/alquiler\/apartamentos-puerto-pollensa-c1d459709\/vista-lista\/\">\n\t\t\t\t\t\t<span class=\"elementor-button-content-wrapper\">\n\t\t\t\t\t\t\t\t\t<span class=\"elementor-button-text\">Apartamentos en Pollen\u00e7a<\/span>\n\t\t\t\t\t<\/span>\n\t\t\t\t\t<\/a>\n\t\t\t\t<\/div>\n\t\t\t\t\t\t\t\t<\/div>\n\t\t\t\t<\/div>\n\t\t\t\t\t<\/div>\n\t\t<\/div>\n\t\t\t\t<div class=\"elementor-column elementor-col-33 elementor-top-column elementor-element elementor-element-46132d69\" data-id=\"46132d69\" data-element_type=\"column\" data-e-type=\"column\" data-settings=\"{&quot;background_background&quot;:&quot;classic&quot;}\">\n\t\t\t<div class=\"elementor-widget-wrap elementor-element-populated\">\n\t\t\t\t\t\t<div class=\"elementor-element elementor-element-3a0c58d9 elementor-align-center elementor-widget elementor-widget-button\" data-id=\"3a0c58d9\" data-element_type=\"widget\" data-e-type=\"widget\" data-widget_type=\"button.default\">\n\t\t\t\t<div class=\"elementor-widget-container\">\n\t\t\t\t\t\t\t\t\t<div class=\"elementor-button-wrapper\">\n\t\t\t\t\t<a class=\"elementor-button elementor-button-link elementor-size-sm\" href=\"https:\/\/www.idealpropertymallorca.com\/es\/alquiler\/casas-pollensa-c19d459611\/vista-lista\/\">\n\t\t\t\t\t\t<span class=\"elementor-button-content-wrapper\">\n\t\t\t\t\t\t\t\t\t<span class=\"elementor-button-text\">Casas vacacionales en Pollen\u00e7a<\/span>\n\t\t\t\t\t<\/span>\n\t\t\t\t\t<\/a>\n\t\t\t\t<\/div>\n\t\t\t\t\t\t\t\t<\/div>\n\t\t\t\t<\/div>\n\t\t\t\t\t<\/div>\n\t\t<\/div>\n\t\t\t\t\t<\/div>\n\t\t<\/section>\n\t\t\t\t<\/div>\n\t\t<\/div>\n\t\t\t\t\t\t<\/div>\n\t\t\t\t<\/div>\n\t\t\t\t\t<\/div>\n\t\t<\/div>\n\t\t\t\t\t<\/div>\n\t\t<\/section>\n\t\t\t\t<\/div>\n\t\t","protected":false},"excerpt":{"rendered":"<p>\u00bfEstas pensando en las mejores cosas que ver y hacer en Pollensa? Descubre los 12 mejores lugares con Ideal Property. Pollensa es uno de los destinos tur\u00edsticos m\u00e1s completos y recomendables de Mallorca. Esta localidad con m\u00e1s de 3000 a\u00f1os de historia y 15 000 habitantes se ubica en el norte de la isla, donde [&hellip;]<\/p>\n","protected":false},"author":3,"featured_media":1491,"comment_status":"open","ping_status":"open","sticky":false,"template":"","format":"standard","meta":{"footnotes":""},"categories":[725],"tags":[71],"class_list":["post-1490","post","type-post","status-publish","format-standard","has-post-thumbnail","hentry","category-towns-and-cities","tag-pollensa"],"yoast_head":"<!-- This site is optimized with the Yoast SEO plugin v27.4 - https:\/\/yoast.com\/product\/yoast-seo-wordpress\/ -->\n<title>Gu\u00eda de los 12 lugares m\u00e1s incre\u00edbles que ver en Pollensa<\/title>\n<meta name=\"description\" content=\"Disfruta en Pollensa de unas vacaciones \u00fanicas. \u00bfTe gustar\u00eda descubrir cu\u00e1les son los principales lugares que ver en Pollensa? Es aqu\u00ed.\" \/>\n<meta name=\"robots\" content=\"index, follow, max-snippet:-1, max-image-preview:large, max-video-preview:-1\" \/>\n<link rel=\"canonical\" href=\"https:\/\/www.idealpropertymallorca.com\/blog\/es\/guia-de-los-12-lugares-mas-increibles-que-ver-en-pollensa\/\" \/>\n<meta property=\"og:locale\" content=\"es_ES\" \/>\n<meta property=\"og:type\" content=\"article\" \/>\n<meta property=\"og:title\" content=\"Gu\u00eda de los 12 lugares m\u00e1s incre\u00edbles que ver en Pollensa\" \/>\n<meta property=\"og:description\" content=\"Disfruta en Pollensa de unas vacaciones \u00fanicas. \u00bfTe gustar\u00eda descubrir cu\u00e1les son los principales lugares que ver en Pollensa? Es aqu\u00ed.\" \/>\n<meta property=\"og:url\" content=\"https:\/\/www.idealpropertymallorca.com\/blog\/es\/guia-de-los-12-lugares-mas-increibles-que-ver-en-pollensa\/\" \/>\n<meta property=\"og:site_name\" content=\"Majorca Blog\" \/>\n<meta property=\"article:published_time\" content=\"2023-04-11T17:00:15+00:00\" \/>\n<meta property=\"article:modified_time\" content=\"2025-07-29T09:53:24+00:00\" \/>\n<meta property=\"og:image\" content=\"https:\/\/www.idealpropertymallorca.com\/blog\/wp-content\/uploads\/2023\/04\/12-lugares-que-ver-en-pollensa.jpg\" \/>\n\t<meta property=\"og:image:width\" content=\"1920\" \/>\n\t<meta property=\"og:image:height\" content=\"720\" \/>\n\t<meta property=\"og:image:type\" content=\"image\/jpeg\" \/>\n<meta name=\"author\" content=\"digitalservices\" \/>\n<meta name=\"twitter:card\" content=\"summary_large_image\" \/>\n<meta name=\"twitter:label1\" content=\"Written by\" \/>\n\t<meta name=\"twitter:data1\" content=\"digitalservices\" \/>\n\t<meta name=\"twitter:label2\" content=\"Est. reading time\" \/>\n\t<meta name=\"twitter:data2\" content=\"10 minutes\" \/>\n<script type=\"application\/ld+json\" class=\"yoast-schema-graph\">{\"@context\":\"https:\\\/\\\/schema.org\",\"@graph\":[{\"@type\":\"Article\",\"@id\":\"https:\\\/\\\/www.idealpropertymallorca.com\\\/blog\\\/es\\\/guia-de-los-12-lugares-mas-increibles-que-ver-en-pollensa\\\/#article\",\"isPartOf\":{\"@id\":\"https:\\\/\\\/www.idealpropertymallorca.com\\\/blog\\\/es\\\/guia-de-los-12-lugares-mas-increibles-que-ver-en-pollensa\\\/\"},\"author\":{\"name\":\"digitalservices\",\"@id\":\"https:\\\/\\\/www.idealpropertymallorca.com\\\/blog\\\/es\\\/#\\\/schema\\\/person\\\/8afda339a8de0d6db90fffb895f38917\"},\"headline\":\"Gu\u00eda de los 12 lugares que ver en Pollensa\",\"datePublished\":\"2023-04-11T17:00:15+00:00\",\"dateModified\":\"2025-07-29T09:53:24+00:00\",\"mainEntityOfPage\":{\"@id\":\"https:\\\/\\\/www.idealpropertymallorca.com\\\/blog\\\/es\\\/guia-de-los-12-lugares-mas-increibles-que-ver-en-pollensa\\\/\"},\"wordCount\":1337,\"commentCount\":0,\"publisher\":{\"@id\":\"https:\\\/\\\/www.idealpropertymallorca.com\\\/blog\\\/es\\\/#organization\"},\"image\":{\"@id\":\"https:\\\/\\\/www.idealpropertymallorca.com\\\/blog\\\/es\\\/guia-de-los-12-lugares-mas-increibles-que-ver-en-pollensa\\\/#primaryimage\"},\"thumbnailUrl\":\"https:\\\/\\\/www.idealpropertymallorca.com\\\/blog\\\/wp-content\\\/uploads\\\/2023\\\/04\\\/12-lugares-que-ver-en-pollensa.jpg\",\"keywords\":[\"pollensa\"],\"articleSection\":[\"Towns and cities\"],\"inLanguage\":\"es\",\"potentialAction\":[{\"@type\":\"CommentAction\",\"name\":\"Comment\",\"target\":[\"https:\\\/\\\/www.idealpropertymallorca.com\\\/blog\\\/es\\\/guia-de-los-12-lugares-mas-increibles-que-ver-en-pollensa\\\/#respond\"]}]},{\"@type\":\"WebPage\",\"@id\":\"https:\\\/\\\/www.idealpropertymallorca.com\\\/blog\\\/es\\\/guia-de-los-12-lugares-mas-increibles-que-ver-en-pollensa\\\/\",\"url\":\"https:\\\/\\\/www.idealpropertymallorca.com\\\/blog\\\/es\\\/guia-de-los-12-lugares-mas-increibles-que-ver-en-pollensa\\\/\",\"name\":\"Gu\u00eda de los 12 lugares m\u00e1s incre\u00edbles que ver en Pollensa\",\"isPartOf\":{\"@id\":\"https:\\\/\\\/www.idealpropertymallorca.com\\\/blog\\\/es\\\/#website\"},\"primaryImageOfPage\":{\"@id\":\"https:\\\/\\\/www.idealpropertymallorca.com\\\/blog\\\/es\\\/guia-de-los-12-lugares-mas-increibles-que-ver-en-pollensa\\\/#primaryimage\"},\"image\":{\"@id\":\"https:\\\/\\\/www.idealpropertymallorca.com\\\/blog\\\/es\\\/guia-de-los-12-lugares-mas-increibles-que-ver-en-pollensa\\\/#primaryimage\"},\"thumbnailUrl\":\"https:\\\/\\\/www.idealpropertymallorca.com\\\/blog\\\/wp-content\\\/uploads\\\/2023\\\/04\\\/12-lugares-que-ver-en-pollensa.jpg\",\"datePublished\":\"2023-04-11T17:00:15+00:00\",\"dateModified\":\"2025-07-29T09:53:24+00:00\",\"description\":\"Disfruta en Pollensa de unas vacaciones \u00fanicas. \u00bfTe gustar\u00eda descubrir cu\u00e1les son los principales lugares que ver en Pollensa? Es aqu\u00ed.\",\"inLanguage\":\"es\",\"potentialAction\":[{\"@type\":\"ReadAction\",\"target\":[\"https:\\\/\\\/www.idealpropertymallorca.com\\\/blog\\\/es\\\/guia-de-los-12-lugares-mas-increibles-que-ver-en-pollensa\\\/\"]}]},{\"@type\":\"ImageObject\",\"inLanguage\":\"es\",\"@id\":\"https:\\\/\\\/www.idealpropertymallorca.com\\\/blog\\\/es\\\/guia-de-los-12-lugares-mas-increibles-que-ver-en-pollensa\\\/#primaryimage\",\"url\":\"https:\\\/\\\/www.idealpropertymallorca.com\\\/blog\\\/wp-content\\\/uploads\\\/2023\\\/04\\\/12-lugares-que-ver-en-pollensa.jpg\",\"contentUrl\":\"https:\\\/\\\/www.idealpropertymallorca.com\\\/blog\\\/wp-content\\\/uploads\\\/2023\\\/04\\\/12-lugares-que-ver-en-pollensa.jpg\",\"width\":1920,\"height\":720,\"caption\":\"12 lugares que ver en pollensa\"},{\"@type\":\"WebSite\",\"@id\":\"https:\\\/\\\/www.idealpropertymallorca.com\\\/blog\\\/es\\\/#website\",\"url\":\"https:\\\/\\\/www.idealpropertymallorca.com\\\/blog\\\/es\\\/\",\"name\":\"Majorca Blog\",\"description\":\"Find relevant tourist information to see and do on the island of Mallorca during your holiday. Discover the best places and tips!\",\"publisher\":{\"@id\":\"https:\\\/\\\/www.idealpropertymallorca.com\\\/blog\\\/es\\\/#organization\"},\"potentialAction\":[{\"@type\":\"SearchAction\",\"target\":{\"@type\":\"EntryPoint\",\"urlTemplate\":\"https:\\\/\\\/www.idealpropertymallorca.com\\\/blog\\\/es\\\/?s={search_term_string}\"},\"query-input\":{\"@type\":\"PropertyValueSpecification\",\"valueRequired\":true,\"valueName\":\"search_term_string\"}}],\"inLanguage\":\"es\"},{\"@type\":\"Organization\",\"@id\":\"https:\\\/\\\/www.idealpropertymallorca.com\\\/blog\\\/es\\\/#organization\",\"name\":\"Majorca Blog\",\"url\":\"https:\\\/\\\/www.idealpropertymallorca.com\\\/blog\\\/es\\\/\",\"logo\":{\"@type\":\"ImageObject\",\"inLanguage\":\"es\",\"@id\":\"https:\\\/\\\/www.idealpropertymallorca.com\\\/blog\\\/es\\\/#\\\/schema\\\/logo\\\/image\\\/\",\"url\":\"https:\\\/\\\/www.idealpropertymallorca.com\\\/blog\\\/wp-content\\\/uploads\\\/2024\\\/10\\\/ideal-property-mallorca-blue-mobile.png\",\"contentUrl\":\"https:\\\/\\\/www.idealpropertymallorca.com\\\/blog\\\/wp-content\\\/uploads\\\/2024\\\/10\\\/ideal-property-mallorca-blue-mobile.png\",\"width\":500,\"height\":150,\"caption\":\"Majorca Blog\"},\"image\":{\"@id\":\"https:\\\/\\\/www.idealpropertymallorca.com\\\/blog\\\/es\\\/#\\\/schema\\\/logo\\\/image\\\/\"}},{\"@type\":\"Person\",\"@id\":\"https:\\\/\\\/www.idealpropertymallorca.com\\\/blog\\\/es\\\/#\\\/schema\\\/person\\\/8afda339a8de0d6db90fffb895f38917\",\"name\":\"digitalservices\",\"image\":{\"@type\":\"ImageObject\",\"inLanguage\":\"es\",\"@id\":\"https:\\\/\\\/secure.gravatar.com\\\/avatar\\\/af30f88a1904294c1f3eb09a9d7903eec4ffa18fa2cf40c28a8681014ecdfc20?s=96&d=mm&r=g\",\"url\":\"https:\\\/\\\/secure.gravatar.com\\\/avatar\\\/af30f88a1904294c1f3eb09a9d7903eec4ffa18fa2cf40c28a8681014ecdfc20?s=96&d=mm&r=g\",\"contentUrl\":\"https:\\\/\\\/secure.gravatar.com\\\/avatar\\\/af30f88a1904294c1f3eb09a9d7903eec4ffa18fa2cf40c28a8681014ecdfc20?s=96&d=mm&r=g\",\"caption\":\"digitalservices\"}}]}<\/script>\n<!-- \/ Yoast SEO plugin. -->","yoast_head_json":{"title":"Gu\u00eda de los 12 lugares m\u00e1s incre\u00edbles que ver en Pollensa","description":"Disfruta en Pollensa de unas vacaciones \u00fanicas. \u00bfTe gustar\u00eda descubrir cu\u00e1les son los principales lugares que ver en Pollensa? Es aqu\u00ed.","robots":{"index":"index","follow":"follow","max-snippet":"max-snippet:-1","max-image-preview":"max-image-preview:large","max-video-preview":"max-video-preview:-1"},"canonical":"https:\/\/www.idealpropertymallorca.com\/blog\/es\/guia-de-los-12-lugares-mas-increibles-que-ver-en-pollensa\/","og_locale":"es_ES","og_type":"article","og_title":"Gu\u00eda de los 12 lugares m\u00e1s incre\u00edbles que ver en Pollensa","og_description":"Disfruta en Pollensa de unas vacaciones \u00fanicas. \u00bfTe gustar\u00eda descubrir cu\u00e1les son los principales lugares que ver en Pollensa? Es aqu\u00ed.","og_url":"https:\/\/www.idealpropertymallorca.com\/blog\/es\/guia-de-los-12-lugares-mas-increibles-que-ver-en-pollensa\/","og_site_name":"Majorca Blog","article_published_time":"2023-04-11T17:00:15+00:00","article_modified_time":"2025-07-29T09:53:24+00:00","og_image":[{"width":1920,"height":720,"url":"https:\/\/www.idealpropertymallorca.com\/blog\/wp-content\/uploads\/2023\/04\/12-lugares-que-ver-en-pollensa.jpg","type":"image\/jpeg"}],"author":"digitalservices","twitter_card":"summary_large_image","twitter_misc":{"Written by":"digitalservices","Est. reading time":"10 minutes"},"schema":{"@context":"https:\/\/schema.org","@graph":[{"@type":"Article","@id":"https:\/\/www.idealpropertymallorca.com\/blog\/es\/guia-de-los-12-lugares-mas-increibles-que-ver-en-pollensa\/#article","isPartOf":{"@id":"https:\/\/www.idealpropertymallorca.com\/blog\/es\/guia-de-los-12-lugares-mas-increibles-que-ver-en-pollensa\/"},"author":{"name":"digitalservices","@id":"https:\/\/www.idealpropertymallorca.com\/blog\/es\/#\/schema\/person\/8afda339a8de0d6db90fffb895f38917"},"headline":"Gu\u00eda de los 12 lugares que ver en Pollensa","datePublished":"2023-04-11T17:00:15+00:00","dateModified":"2025-07-29T09:53:24+00:00","mainEntityOfPage":{"@id":"https:\/\/www.idealpropertymallorca.com\/blog\/es\/guia-de-los-12-lugares-mas-increibles-que-ver-en-pollensa\/"},"wordCount":1337,"commentCount":0,"publisher":{"@id":"https:\/\/www.idealpropertymallorca.com\/blog\/es\/#organization"},"image":{"@id":"https:\/\/www.idealpropertymallorca.com\/blog\/es\/guia-de-los-12-lugares-mas-increibles-que-ver-en-pollensa\/#primaryimage"},"thumbnailUrl":"https:\/\/www.idealpropertymallorca.com\/blog\/wp-content\/uploads\/2023\/04\/12-lugares-que-ver-en-pollensa.jpg","keywords":["pollensa"],"articleSection":["Towns and cities"],"inLanguage":"es","potentialAction":[{"@type":"CommentAction","name":"Comment","target":["https:\/\/www.idealpropertymallorca.com\/blog\/es\/guia-de-los-12-lugares-mas-increibles-que-ver-en-pollensa\/#respond"]}]},{"@type":"WebPage","@id":"https:\/\/www.idealpropertymallorca.com\/blog\/es\/guia-de-los-12-lugares-mas-increibles-que-ver-en-pollensa\/","url":"https:\/\/www.idealpropertymallorca.com\/blog\/es\/guia-de-los-12-lugares-mas-increibles-que-ver-en-pollensa\/","name":"Gu\u00eda de los 12 lugares m\u00e1s incre\u00edbles que ver en Pollensa","isPartOf":{"@id":"https:\/\/www.idealpropertymallorca.com\/blog\/es\/#website"},"primaryImageOfPage":{"@id":"https:\/\/www.idealpropertymallorca.com\/blog\/es\/guia-de-los-12-lugares-mas-increibles-que-ver-en-pollensa\/#primaryimage"},"image":{"@id":"https:\/\/www.idealpropertymallorca.com\/blog\/es\/guia-de-los-12-lugares-mas-increibles-que-ver-en-pollensa\/#primaryimage"},"thumbnailUrl":"https:\/\/www.idealpropertymallorca.com\/blog\/wp-content\/uploads\/2023\/04\/12-lugares-que-ver-en-pollensa.jpg","datePublished":"2023-04-11T17:00:15+00:00","dateModified":"2025-07-29T09:53:24+00:00","description":"Disfruta en Pollensa de unas vacaciones \u00fanicas. \u00bfTe gustar\u00eda descubrir cu\u00e1les son los principales lugares que ver en Pollensa? Es aqu\u00ed.","inLanguage":"es","potentialAction":[{"@type":"ReadAction","target":["https:\/\/www.idealpropertymallorca.com\/blog\/es\/guia-de-los-12-lugares-mas-increibles-que-ver-en-pollensa\/"]}]},{"@type":"ImageObject","inLanguage":"es","@id":"https:\/\/www.idealpropertymallorca.com\/blog\/es\/guia-de-los-12-lugares-mas-increibles-que-ver-en-pollensa\/#primaryimage","url":"https:\/\/www.idealpropertymallorca.com\/blog\/wp-content\/uploads\/2023\/04\/12-lugares-que-ver-en-pollensa.jpg","contentUrl":"https:\/\/www.idealpropertymallorca.com\/blog\/wp-content\/uploads\/2023\/04\/12-lugares-que-ver-en-pollensa.jpg","width":1920,"height":720,"caption":"12 lugares que ver en pollensa"},{"@type":"WebSite","@id":"https:\/\/www.idealpropertymallorca.com\/blog\/es\/#website","url":"https:\/\/www.idealpropertymallorca.com\/blog\/es\/","name":"Majorca Blog","description":"Find relevant tourist information to see and do on the island of Mallorca during your holiday. Discover the best places and tips!","publisher":{"@id":"https:\/\/www.idealpropertymallorca.com\/blog\/es\/#organization"},"potentialAction":[{"@type":"SearchAction","target":{"@type":"EntryPoint","urlTemplate":"https:\/\/www.idealpropertymallorca.com\/blog\/es\/?s={search_term_string}"},"query-input":{"@type":"PropertyValueSpecification","valueRequired":true,"valueName":"search_term_string"}}],"inLanguage":"es"},{"@type":"Organization","@id":"https:\/\/www.idealpropertymallorca.com\/blog\/es\/#organization","name":"Majorca Blog","url":"https:\/\/www.idealpropertymallorca.com\/blog\/es\/","logo":{"@type":"ImageObject","inLanguage":"es","@id":"https:\/\/www.idealpropertymallorca.com\/blog\/es\/#\/schema\/logo\/image\/","url":"https:\/\/www.idealpropertymallorca.com\/blog\/wp-content\/uploads\/2024\/10\/ideal-property-mallorca-blue-mobile.png","contentUrl":"https:\/\/www.idealpropertymallorca.com\/blog\/wp-content\/uploads\/2024\/10\/ideal-property-mallorca-blue-mobile.png","width":500,"height":150,"caption":"Majorca Blog"},"image":{"@id":"https:\/\/www.idealpropertymallorca.com\/blog\/es\/#\/schema\/logo\/image\/"}},{"@type":"Person","@id":"https:\/\/www.idealpropertymallorca.com\/blog\/es\/#\/schema\/person\/8afda339a8de0d6db90fffb895f38917","name":"digitalservices","image":{"@type":"ImageObject","inLanguage":"es","@id":"https:\/\/secure.gravatar.com\/avatar\/af30f88a1904294c1f3eb09a9d7903eec4ffa18fa2cf40c28a8681014ecdfc20?s=96&d=mm&r=g","url":"https:\/\/secure.gravatar.com\/avatar\/af30f88a1904294c1f3eb09a9d7903eec4ffa18fa2cf40c28a8681014ecdfc20?s=96&d=mm&r=g","contentUrl":"https:\/\/secure.gravatar.com\/avatar\/af30f88a1904294c1f3eb09a9d7903eec4ffa18fa2cf40c28a8681014ecdfc20?s=96&d=mm&r=g","caption":"digitalservices"}}]}},"_links":{"self":[{"href":"https:\/\/www.idealpropertymallorca.com\/blog\/es\/wp-json\/wp\/v2\/posts\/1490","targetHints":{"allow":["GET"]}}],"collection":[{"href":"https:\/\/www.idealpropertymallorca.com\/blog\/es\/wp-json\/wp\/v2\/posts"}],"about":[{"href":"https:\/\/www.idealpropertymallorca.com\/blog\/es\/wp-json\/wp\/v2\/types\/post"}],"author":[{"embeddable":true,"href":"https:\/\/www.idealpropertymallorca.com\/blog\/es\/wp-json\/wp\/v2\/users\/3"}],"replies":[{"embeddable":true,"href":"https:\/\/www.idealpropertymallorca.com\/blog\/es\/wp-json\/wp\/v2\/comments?post=1490"}],"version-history":[{"count":33,"href":"https:\/\/www.idealpropertymallorca.com\/blog\/es\/wp-json\/wp\/v2\/posts\/1490\/revisions"}],"predecessor-version":[{"id":20770,"href":"https:\/\/www.idealpropertymallorca.com\/blog\/es\/wp-json\/wp\/v2\/posts\/1490\/revisions\/20770"}],"wp:featuredmedia":[{"embeddable":true,"href":"https:\/\/www.idealpropertymallorca.com\/blog\/es\/wp-json\/wp\/v2\/media\/1491"}],"wp:attachment":[{"href":"https:\/\/www.idealpropertymallorca.com\/blog\/es\/wp-json\/wp\/v2\/media?parent=1490"}],"wp:term":[{"taxonomy":"category","embeddable":true,"href":"https:\/\/www.idealpropertymallorca.com\/blog\/es\/wp-json\/wp\/v2\/categories?post=1490"},{"taxonomy":"post_tag","embeddable":true,"href":"https:\/\/www.idealpropertymallorca.com\/blog\/es\/wp-json\/wp\/v2\/tags?post=1490"}],"curies":[{"name":"wp","href":"https:\/\/api.w.org\/{rel}","templated":true}]}}