{"id":1366,"date":"2023-03-06T10:07:48","date_gmt":"2023-03-06T10:07:48","guid":{"rendered":"https:\/\/www.idealpropertymallorca.com\/blog\/?p=1366"},"modified":"2026-01-14T08:52:33","modified_gmt":"2026-01-14T08:52:33","slug":"la-media-ironman-alcudia-mallorca","status":"publish","type":"post","link":"https:\/\/www.idealpropertymallorca.com\/blog\/es\/la-media-ironman-alcudia-mallorca\/","title":{"rendered":"La media Ironman de Alcudia 2026"},"content":{"rendered":"\t\t<div data-elementor-type=\"wp-post\" data-elementor-id=\"1366\" class=\"elementor elementor-1366\" data-elementor-post-type=\"post\">\n\t\t\t\t\t\t<section class=\"elementor-section elementor-top-section elementor-element elementor-element-ac88195 elementor-section-boxed elementor-section-height-default elementor-section-height-default\" data-id=\"ac88195\" data-element_type=\"section\" data-e-type=\"section\">\n\t\t\t\t\t\t<div class=\"elementor-container elementor-column-gap-default\">\n\t\t\t\t\t<div class=\"elementor-column elementor-col-100 elementor-top-column elementor-element elementor-element-5b268c7\" data-id=\"5b268c7\" data-element_type=\"column\" data-e-type=\"column\">\n\t\t\t<div class=\"elementor-widget-wrap elementor-element-populated\">\n\t\t\t\t\t\t<div class=\"elementor-element elementor-element-1756bd3 elementor-widget elementor-widget-text-editor\" data-id=\"1756bd3\" data-element_type=\"widget\" data-e-type=\"widget\" data-widget_type=\"text-editor.default\">\n\t\t\t\t<div class=\"elementor-widget-container\">\n\t\t\t\t\t\t\t\t\t<p>El<strong> Ironman de Alcudia<\/strong> est\u00e1 a la vuelta de la esquina. El pr\u00f3ximo mes de mayo tendr\u00e1 lugar la decimotercera edici\u00f3n de esta prueba, considerada por muchos como la media Ironman m\u00e1s grande del mundo. En este art\u00edculo, te facilitamos informaci\u00f3n relevante sobre el trazado del recorrido, las distancias, la fecha de inscripci\u00f3n y los resultados del<strong> Ironman Alcudia<\/strong> del a\u00f1o pasado para que sepas qu\u00e9 esperar.<\/p>\t\t\t\t\t\t\t\t<\/div>\n\t\t\t\t<\/div>\n\t\t\t\t\t<\/div>\n\t\t<\/div>\n\t\t\t\t\t<\/div>\n\t\t<\/section>\n\t\t\t\t<section class=\"elementor-section elementor-top-section elementor-element elementor-element-e9644b5 elementor-section-boxed elementor-section-height-default elementor-section-height-default\" data-id=\"e9644b5\" data-element_type=\"section\" data-e-type=\"section\">\n\t\t\t\t\t\t<div class=\"elementor-container elementor-column-gap-default\">\n\t\t\t\t\t<div class=\"elementor-column elementor-col-100 elementor-top-column elementor-element elementor-element-45ee80c\" data-id=\"45ee80c\" data-element_type=\"column\" data-e-type=\"column\">\n\t\t\t<div class=\"elementor-widget-wrap elementor-element-populated\">\n\t\t\t\t\t\t<div class=\"elementor-element elementor-element-448f87e elementor-widget elementor-widget-heading\" data-id=\"448f87e\" data-element_type=\"widget\" data-e-type=\"widget\" data-widget_type=\"heading.default\">\n\t\t\t\t<div class=\"elementor-widget-container\">\n\t\t\t\t\t<h2 class=\"elementor-heading-title elementor-size-default\">\u00bfCu\u00e1ndo es el Ironman Mallorca 2026? <\/h2>\t\t\t\t<\/div>\n\t\t\t\t<\/div>\n\t\t\t\t<div class=\"elementor-element elementor-element-c45a1d9 elementor-widget elementor-widget-text-editor\" data-id=\"c45a1d9\" data-element_type=\"widget\" data-e-type=\"widget\" data-widget_type=\"text-editor.default\">\n\t\t\t\t<div class=\"elementor-widget-container\">\n\t\t\t\t\t\t\t\t\t<p>La fecha que debes apuntar es el 9 de mayo de 2026, cuando se celebrar\u00e1 el Zafiro IRONMAN 70.3 Alc\u00fadia\u2011Mallorca en Alc\u00fadia, Mallorca. Este triatl\u00f3n de media distancia (1,9\u202fkm de nataci\u00f3n, 90\u202fkm de ciclismo y 21,1\u202fkm de carrera) empieza temprano por la ma\u00f1ana junto a la bah\u00eda de Alc\u00fadia. Para participar debes registrarte con anterioridad a trav\u00e9s de la p\u00e1gina oficial de IRONMAN o recibir notificaciones de apertura de inscripciones (las plazas generales est\u00e1n agotadas para 2026, pero a\u00fan pueden liberarse lugares especiales). El lema de este a\u00f1o ser\u00e1 \u201cAwaken your Mediterranean soul\u201d \/ \u201cDespierta tu alma mediterr\u00e1nea\u201d.<\/p>\t\t\t\t\t\t\t\t<\/div>\n\t\t\t\t<\/div>\n\t\t\t\t\t<\/div>\n\t\t<\/div>\n\t\t\t\t\t<\/div>\n\t\t<\/section>\n\t\t\t\t<section class=\"elementor-section elementor-top-section elementor-element elementor-element-efc917d elementor-section-boxed elementor-section-height-default elementor-section-height-default\" data-id=\"efc917d\" data-element_type=\"section\" data-e-type=\"section\">\n\t\t\t\t\t\t<div class=\"elementor-container elementor-column-gap-default\">\n\t\t\t\t\t<div class=\"elementor-column elementor-col-100 elementor-top-column elementor-element elementor-element-57e44fb\" data-id=\"57e44fb\" data-element_type=\"column\" data-e-type=\"column\">\n\t\t\t<div class=\"elementor-widget-wrap elementor-element-populated\">\n\t\t\t\t\t\t<div class=\"elementor-element elementor-element-4ae1bdf elementor-widget elementor-widget-heading\" data-id=\"4ae1bdf\" data-element_type=\"widget\" data-e-type=\"widget\" data-widget_type=\"heading.default\">\n\t\t\t\t<div class=\"elementor-widget-container\">\n\t\t\t\t\t<h2 class=\"elementor-heading-title elementor-size-default\">El recorrido y las distancias Ironman en Alcudia                <\/h2>\t\t\t\t<\/div>\n\t\t\t\t<\/div>\n\t\t\t\t<div class=\"elementor-element elementor-element-cbce909 elementor-widget elementor-widget-text-editor\" data-id=\"cbce909\" data-element_type=\"widget\" data-e-type=\"widget\" data-widget_type=\"text-editor.default\">\n\t\t\t\t<div class=\"elementor-widget-container\">\n\t\t\t\t\t\t\t\t\t<p>\u00bfEst\u00e1s entrenando para competir en Alcudia? Te mostramos el recorrido Ironman completo que te espera. Conoce las distancias Ironman de cada disciplina. Analiza las rutas y prep\u00e1rate para marcar un nuevo r\u00e9cord personal.<\/p>\t\t\t\t\t\t\t\t<\/div>\n\t\t\t\t<\/div>\n\t\t\t\t\t<\/div>\n\t\t<\/div>\n\t\t\t\t\t<\/div>\n\t\t<\/section>\n\t\t\t\t<section class=\"elementor-section elementor-top-section elementor-element elementor-element-587fb68 elementor-section-boxed elementor-section-height-default elementor-section-height-default\" data-id=\"587fb68\" data-element_type=\"section\" data-e-type=\"section\">\n\t\t\t\t\t\t<div class=\"elementor-container elementor-column-gap-default\">\n\t\t\t\t\t<div class=\"elementor-column elementor-col-33 elementor-top-column elementor-element elementor-element-4b9482e\" data-id=\"4b9482e\" data-element_type=\"column\" data-e-type=\"column\">\n\t\t\t<div class=\"elementor-widget-wrap elementor-element-populated\">\n\t\t\t\t\t\t<div class=\"elementor-element elementor-element-8b99547 elementor-widget elementor-widget-heading\" data-id=\"8b99547\" data-element_type=\"widget\" data-e-type=\"widget\" data-widget_type=\"heading.default\">\n\t\t\t\t<div class=\"elementor-widget-container\">\n\t\t\t\t\t<h3 class=\"elementor-heading-title elementor-size-default\">Nataci\u00f3n<\/h3>\t\t\t\t<\/div>\n\t\t\t\t<\/div>\n\t\t\t\t\t<\/div>\n\t\t<\/div>\n\t\t\t\t<div class=\"elementor-column elementor-col-33 elementor-top-column elementor-element elementor-element-77c260b\" data-id=\"77c260b\" data-element_type=\"column\" data-e-type=\"column\">\n\t\t\t<div class=\"elementor-widget-wrap elementor-element-populated\">\n\t\t\t\t\t\t<div class=\"elementor-element elementor-element-4a37040 elementor-widget elementor-widget-heading\" data-id=\"4a37040\" data-element_type=\"widget\" data-e-type=\"widget\" data-widget_type=\"heading.default\">\n\t\t\t\t<div class=\"elementor-widget-container\">\n\t\t\t\t\t<h3 class=\"elementor-heading-title elementor-size-default\">Ciclismo<\/h3>\t\t\t\t<\/div>\n\t\t\t\t<\/div>\n\t\t\t\t\t<\/div>\n\t\t<\/div>\n\t\t\t\t<div class=\"elementor-column elementor-col-33 elementor-top-column elementor-element elementor-element-1d4e5e6\" data-id=\"1d4e5e6\" data-element_type=\"column\" data-e-type=\"column\">\n\t\t\t<div class=\"elementor-widget-wrap elementor-element-populated\">\n\t\t\t\t\t\t<div class=\"elementor-element elementor-element-a74ded7 elementor-widget elementor-widget-heading\" data-id=\"a74ded7\" data-element_type=\"widget\" data-e-type=\"widget\" data-widget_type=\"heading.default\">\n\t\t\t\t<div class=\"elementor-widget-container\">\n\t\t\t\t\t<h3 class=\"elementor-heading-title elementor-size-default\">Carrera<\/h3>\t\t\t\t<\/div>\n\t\t\t\t<\/div>\n\t\t\t\t\t<\/div>\n\t\t<\/div>\n\t\t\t\t\t<\/div>\n\t\t<\/section>\n\t\t\t\t<section class=\"elementor-section elementor-top-section elementor-element elementor-element-a62fa72 elementor-section-boxed elementor-section-height-default elementor-section-height-default\" data-id=\"a62fa72\" data-element_type=\"section\" data-e-type=\"section\">\n\t\t\t\t\t\t<div class=\"elementor-container elementor-column-gap-default\">\n\t\t\t\t\t<div class=\"elementor-column elementor-col-33 elementor-top-column elementor-element elementor-element-bba1838\" data-id=\"bba1838\" data-element_type=\"column\" data-e-type=\"column\">\n\t\t\t<div class=\"elementor-widget-wrap elementor-element-populated\">\n\t\t\t\t\t\t<div class=\"elementor-element elementor-element-0c8f72c elementor-widget elementor-widget-text-editor\" data-id=\"0c8f72c\" data-element_type=\"widget\" data-e-type=\"widget\" data-widget_type=\"text-editor.default\">\n\t\t\t\t<div class=\"elementor-widget-container\">\n\t\t\t\t\t\t\t\t\t<p>La primera etapa del IRONMAN 70.3 Alc\u00fadia 2026 consiste en 1.900 metros de nataci\u00f3n en aguas abiertas cerca del puerto de Alc\u00fadia. La temperatura del agua suele rondar los 17\u202f\u00b0C. Durante el recorrido encontrar\u00e1s dos boyas amarillas que deber\u00e1s rodear por el exterior.<\/p><p>Despu\u00e9s, una boya roja te indicar\u00e1 un giro de 90 grados a la izquierda. M\u00e1s adelante, otra boya roja marcar\u00e1 otro giro de 90 grados hacia la costa. Por \u00faltimo, dos boyas amarillas te guiar\u00e1n hasta la orilla para comenzar la siguiente etapa.<\/p>\t\t\t\t\t\t\t\t<\/div>\n\t\t\t\t<\/div>\n\t\t\t\t\t<\/div>\n\t\t<\/div>\n\t\t\t\t<div class=\"elementor-column elementor-col-33 elementor-top-column elementor-element elementor-element-a6bbd11\" data-id=\"a6bbd11\" data-element_type=\"column\" data-e-type=\"column\">\n\t\t\t<div class=\"elementor-widget-wrap elementor-element-populated\">\n\t\t\t\t\t\t<div class=\"elementor-element elementor-element-5a47361 elementor-widget elementor-widget-text-editor\" data-id=\"5a47361\" data-element_type=\"widget\" data-e-type=\"widget\" data-widget_type=\"text-editor.default\">\n\t\t\t\t<div class=\"elementor-widget-container\">\n\t\t\t\t\t\t\t\t\t<p>Tras la transici\u00f3n, los participantes recorrer\u00e1n 90 km en bicicleta. A partir del km 21, la carretera empezar\u00e1 a inclinarse con rampas entre el 1 y el 4\u202f%. Entre los km 24 y 28, se encuentran muros de hasta 15\u202f%, el tramo m\u00e1s exigente del recorrido. Despu\u00e9s, ascender\u00e1s a lo m\u00e1s alto de la Sierra de Tramuntana, coronando el puerto a 565 metros de altura.<\/p><p>Desde el km 35, tras pasar por Lluc, comienza una larga bajada hasta Campanet. Posteriormente, en terreno casi llano, pasar\u00e1s por Muro, girar\u00e1s hacia el norte hasta la Albufera, atravesar\u00e1s La Puebla y regresar\u00e1s a Alc\u00fadia.<\/p>\t\t\t\t\t\t\t\t<\/div>\n\t\t\t\t<\/div>\n\t\t\t\t\t<\/div>\n\t\t<\/div>\n\t\t\t\t<div class=\"elementor-column elementor-col-33 elementor-top-column elementor-element elementor-element-12503e7\" data-id=\"12503e7\" data-element_type=\"column\" data-e-type=\"column\">\n\t\t\t<div class=\"elementor-widget-wrap elementor-element-populated\">\n\t\t\t\t\t\t<div class=\"elementor-element elementor-element-1b7f327 elementor-widget elementor-widget-text-editor\" data-id=\"1b7f327\" data-element_type=\"widget\" data-e-type=\"widget\" data-widget_type=\"text-editor.default\">\n\t\t\t\t<div class=\"elementor-widget-container\">\n\t\t\t\t\t\t\t\t\t<p>Por \u00faltimo, deber\u00e1s recorrer las calles de Alc\u00fadia, gran parte del recorrido al borde de la playa con vistas al Mar Mediterr\u00e1neo.<\/p><p>En esta etapa, se realizar\u00e1n 3 vueltas de 7 km cada una, corriendo por la bah\u00eda. Si el tiempo acompa\u00f1a, podr\u00e1s disfrutar del paisaje y refrescarte en algunos puntos. La meta estar\u00e1 cerca, y al cruzarla habr\u00e1s completado un total de 113 km. La temperatura suele rondar los 25\u202f\u00b0C.<\/p><p>\u00bfA\u00fan tienes dudas? Puedes comprobar toda la informaci\u00f3n sobre la competencia en el <a href=\"https:\/\/www.ironman.com\/im703-mallorca\">sitio oficial<\/a> de Ironman 70.3 Alcudia.<\/p>\t\t\t\t\t\t\t\t<\/div>\n\t\t\t\t<\/div>\n\t\t\t\t\t<\/div>\n\t\t<\/div>\n\t\t\t\t\t<\/div>\n\t\t<\/section>\n\t\t\t\t<section class=\"elementor-section elementor-top-section elementor-element elementor-element-6e5cfe6 elementor-section-boxed elementor-section-height-default elementor-section-height-default\" data-id=\"6e5cfe6\" data-element_type=\"section\" data-e-type=\"section\">\n\t\t\t\t\t\t<div class=\"elementor-container elementor-column-gap-default\">\n\t\t\t\t\t<div class=\"elementor-column elementor-col-100 elementor-top-column elementor-element elementor-element-76e065d\" data-id=\"76e065d\" data-element_type=\"column\" data-e-type=\"column\">\n\t\t\t<div class=\"elementor-widget-wrap elementor-element-populated\">\n\t\t\t\t\t\t<div class=\"elementor-element elementor-element-2a5f4c7 elementor-widget elementor-widget-video\" data-id=\"2a5f4c7\" data-element_type=\"widget\" data-e-type=\"widget\" data-settings=\"{&quot;youtube_url&quot;:&quot;https:\\\/\\\/www.youtube.com\\\/watch?v=QnsehubrKvA&quot;,&quot;video_type&quot;:&quot;youtube&quot;,&quot;controls&quot;:&quot;yes&quot;}\" data-widget_type=\"video.default\">\n\t\t\t\t<div class=\"elementor-widget-container\">\n\t\t\t\t\t\t\t<div class=\"elementor-wrapper elementor-open-inline\">\n\t\t\t<div class=\"elementor-video\"><\/div>\t\t<\/div>\n\t\t\t\t\t\t<\/div>\n\t\t\t\t<\/div>\n\t\t\t\t\t<\/div>\n\t\t<\/div>\n\t\t\t\t\t<\/div>\n\t\t<\/section>\n\t\t\t\t<section class=\"elementor-section elementor-top-section elementor-element elementor-element-c485627 elementor-section-boxed elementor-section-height-default elementor-section-height-default\" data-id=\"c485627\" data-element_type=\"section\" data-e-type=\"section\">\n\t\t\t\t\t\t<div class=\"elementor-container elementor-column-gap-default\">\n\t\t\t\t\t<div class=\"elementor-column elementor-col-100 elementor-top-column elementor-element elementor-element-fe3e581\" data-id=\"fe3e581\" data-element_type=\"column\" data-e-type=\"column\">\n\t\t\t<div class=\"elementor-widget-wrap elementor-element-populated\">\n\t\t\t\t\t\t<div class=\"elementor-element elementor-element-f8d8186 elementor-widget elementor-widget-heading\" data-id=\"f8d8186\" data-element_type=\"widget\" data-e-type=\"widget\" data-widget_type=\"heading.default\">\n\t\t\t\t<div class=\"elementor-widget-container\">\n\t\t\t\t\t<h2 class=\"elementor-heading-title elementor-size-default\">\u00bfCu\u00e1nto se tarda en hacer el medio Ironman?<\/h2>\t\t\t\t<\/div>\n\t\t\t\t<\/div>\n\t\t\t\t<div class=\"elementor-element elementor-element-8e75bd9 elementor-widget elementor-widget-text-editor\" data-id=\"8e75bd9\" data-element_type=\"widget\" data-e-type=\"widget\" data-widget_type=\"text-editor.default\">\n\t\t\t\t<div class=\"elementor-widget-container\">\n\t\t\t\t\t\t\t\t\t<p><span data-sheets-root=\"1\" data-sheets-value=\"{&quot;1&quot;:2,&quot;2&quot;:&quot;El tiempo de un medio Ironman variar\u00e1 enormemente dependiendo de tu entrenamiento. Sin embargo, en funci\u00f3n de la distancia, vamos a hacer una peque\u00f1a aproximaci\u00f3n a un nivel intermedio. El primer sector de nataci\u00f3n puedes completarlo a unos 2 minutos cada 100 metros. En otras palabras, unos 38 minutos. Los 90 km de ciclismo son factibles a una media de 30 km por hora, ya que es bastante favorable. Esto te llevar\u00e1 unas 3 horas.\\n\\nPor \u00faltimo, los 21 km de carrera puedes completarlos en, aproximadamente, una hora y media a unos 15 km por hora. Por tanto, el tiempo total de la prueba ser\u00e1 de unas cinco horas. El ganador de la edici\u00f3n anterior alcanz\u00f3 un tiempo de 3 horas y 57 minutos, algo al alcance de muy pocos participantes.&quot;}\" data-sheets-userformat=\"{&quot;2&quot;:769,&quot;3&quot;:{&quot;1&quot;:0},&quot;11&quot;:4,&quot;12&quot;:0}\">El tiempo de un <strong>medio Ironman<\/strong> variar\u00e1 enormemente dependiendo de tu entrenamiento. Sin embargo, en funci\u00f3n de la distancia, vamos a hacer una peque\u00f1a aproximaci\u00f3n a un nivel intermedio. El primer sector de nataci\u00f3n puedes completarlo a unos 2 minutos cada 100 metros. En otras palabras, unos 38 minutos. Los 90 km de ciclismo son factibles a una media de 30 km por hora, ya que es bastante favorable. Esto te llevar\u00e1 unas 3 horas.<br \/><br \/>Por \u00faltimo, los 21 km de carrera puedes completarlos en, aproximadamente, una hora y media a unos 15 km por hora. Por tanto, el tiempo total de la prueba ser\u00e1 de unas cinco horas. El ganador de la edici\u00f3n anterior alcanz\u00f3 un tiempo de 3 horas y 57 minutos, algo al alcance de muy pocos participantes.<\/span><\/p>\t\t\t\t\t\t\t\t<\/div>\n\t\t\t\t<\/div>\n\t\t\t\t\t<\/div>\n\t\t<\/div>\n\t\t\t\t\t<\/div>\n\t\t<\/section>\n\t\t<div class=\"elementor-element elementor-element-3fb0b31 e-flex e-con-boxed e-con e-parent\" data-id=\"3fb0b31\" data-element_type=\"container\" data-e-type=\"container\">\n\t\t\t\t\t<div class=\"e-con-inner\">\n\t\t\t\t<div class=\"elementor-element elementor-element-af84099 elementor-widget elementor-widget-grid\" data-id=\"af84099\" data-element_type=\"widget\" data-e-type=\"widget\" data-widget_type=\"grid.default\">\n\t\t\t\t<div class=\"elementor-widget-container\">\n\t\t\t\t\t\t\t<div class=\"its--row alojamientos-recomendados\">\n\n\t\t\t<div class=\"alojamientos-recomendados-container\">\n\n\t\t\t\t\t\n\t\t\t\t\t<a href=\"https:\/\/www.idealpropertymallorca.com\/es\/alquiler\/apartamento-alcudia-blue-palm-beach-298566.html\" rel=\"nofollow\" style=\"width: 32%;\">\n\t\t\t\t\t\t<div class=\"apartamento-box\">\n\t\t\t\t\t\t\t<div class=\"imagen_recomendados\">\n\t\t\t\t\t\t\t\t<img decoding=\"async\" src=\"https:\/\/crs.avantio.com\/fotos\/2\/1570696308ccd7dc69140b2697429bfe3803a8c69b\/big15706963102202d269b55e2a5b17b22f50cf71dc89.jpg\" alt=\"Apartamento Blue Palm Beach con vistas al mar\">\n\t\t\t\t\t\t\t<\/div>\n\t\t\t\t\t\t\t<div class=\"info\">\n\t\t\t\t\t\t\t\t<div class=\"ubicacion\">\n\t\t\t\t\t\t\t\t\t<i class=\"fa-solid fa-location-dot icono-mapa\"><\/i><span class=\"ubicacion-texto\">Alc\u00fadia - Mallorca<\/span>\n\t\t\t\t\t\t\t\t<\/div>\n\t\t\t\t\t\t\t\t<H4 class=\"titulo-alojamiento\">\n\t\t\t\t\t\t\t\t\tApartamento Blue Palm Beach con vistas al mar\t\t\t\t\t\t\t\t<\/H4>\n\t\t\t\t\t\t\t\t<p class=\"precio-alojamiento\">Desde <span class=\"precio\">88.00\u20ac<\/span> por noche<\/p>\n\t\t\t\t\t\t\t<\/div>\n\t\t\t\t\t\t<\/div>\n\t\t\t\t\t<\/a> \n\t\t\t\t\t\t\n\t\t\t\t\t<a href=\"https:\/\/www.idealpropertymallorca.com\/es\/alquiler\/apartamento-alcudia-blue-attic-beach-299293.html\" rel=\"nofollow\" style=\"width: 32%;\">\n\t\t\t\t\t\t<div class=\"apartamento-box\">\n\t\t\t\t\t\t\t<div class=\"imagen_recomendados\">\n\t\t\t\t\t\t\t\t<img decoding=\"async\" src=\"https:\/\/crs.avantio.com\/fotos\/2\/1570697171b4cec9396a9a59719fed93ce95397214\/big1570697176419e9115b0897b468deaa25f6c11594d.jpg\" alt=\"Apartamento Blue Attic Beach frente al mar\">\n\t\t\t\t\t\t\t<\/div>\n\t\t\t\t\t\t\t<div class=\"info\">\n\t\t\t\t\t\t\t\t<div class=\"ubicacion\">\n\t\t\t\t\t\t\t\t\t<i class=\"fa-solid fa-location-dot icono-mapa\"><\/i><span class=\"ubicacion-texto\">Alc\u00fadia - Mallorca<\/span>\n\t\t\t\t\t\t\t\t<\/div>\n\t\t\t\t\t\t\t\t<H4 class=\"titulo-alojamiento\">\n\t\t\t\t\t\t\t\t\tApartamento Blue Attic Beach frente al mar\t\t\t\t\t\t\t\t<\/H4>\n\t\t\t\t\t\t\t\t<p class=\"precio-alojamiento\">Desde <span class=\"precio\">110.00\u20ac<\/span> por noche<\/p>\n\t\t\t\t\t\t\t<\/div>\n\t\t\t\t\t\t<\/div>\n\t\t\t\t\t<\/a> \n\t\t\t\t\t\t\n\t\t\t\t\t<a href=\"https:\/\/www.idealpropertymallorca.com\/es\/alquiler\/casa-alcudia-amapola-pf-299302.html\" rel=\"nofollow\" style=\"width: 32%;\">\n\t\t\t\t\t\t<div class=\"apartamento-box\">\n\t\t\t\t\t\t\t<div class=\"imagen_recomendados\">\n\t\t\t\t\t\t\t\t<img decoding=\"async\" src=\"https:\/\/crs.avantio.com\/fotos\/2\/1570704102af9ebdccd052a46f66c00a8ba7fc7876\/big1570704123cc285f533321e3e0579314b0c277038f.jpg\" alt=\"Casa en Alcudia Amapola cerca de la playa\">\n\t\t\t\t\t\t\t<\/div>\n\t\t\t\t\t\t\t<div class=\"info\">\n\t\t\t\t\t\t\t\t<div class=\"ubicacion\">\n\t\t\t\t\t\t\t\t\t<i class=\"fa-solid fa-location-dot icono-mapa\"><\/i><span class=\"ubicacion-texto\">Alc\u00fadia - Mallorca<\/span>\n\t\t\t\t\t\t\t\t<\/div>\n\t\t\t\t\t\t\t\t<H4 class=\"titulo-alojamiento\">\n\t\t\t\t\t\t\t\t\tCasa en Alcudia Amapola cerca de la playa\t\t\t\t\t\t\t\t<\/H4>\n\t\t\t\t\t\t\t\t<p class=\"precio-alojamiento\">Desde <span class=\"precio\">132.00\u20ac<\/span> por noche<\/p>\n\t\t\t\t\t\t\t<\/div>\n\t\t\t\t\t\t<\/div>\n\t\t\t\t\t<\/a> \n\t\t\t\t\t\t\t\t<\/div>\n\t\t\t<\/div>\n\t\t\t\t\t\t<\/div>\n\t\t\t\t<\/div>\n\t\t\t\t\t<\/div>\n\t\t\t\t<\/div>\n\t\t\t\t<section class=\"elementor-section elementor-top-section elementor-element elementor-element-5d7819b elementor-section-boxed elementor-section-height-default elementor-section-height-default\" data-id=\"5d7819b\" data-element_type=\"section\" data-e-type=\"section\">\n\t\t\t\t\t\t<div class=\"elementor-container elementor-column-gap-default\">\n\t\t\t\t\t<div class=\"elementor-column elementor-col-50 elementor-top-column elementor-element elementor-element-099fd2d\" data-id=\"099fd2d\" data-element_type=\"column\" data-e-type=\"column\">\n\t\t\t<div class=\"elementor-widget-wrap elementor-element-populated\">\n\t\t\t\t\t\t<div class=\"elementor-element elementor-element-09a752b elementor-widget elementor-widget-heading\" data-id=\"09a752b\" data-element_type=\"widget\" data-e-type=\"widget\" data-widget_type=\"heading.default\">\n\t\t\t\t<div class=\"elementor-widget-container\">\n\t\t\t\t\t<h2 class=\"elementor-heading-title elementor-size-default\">\u00bfQui\u00e9n tiene el record Ironman hist\u00f3rico?<\/h2>\t\t\t\t<\/div>\n\t\t\t\t<\/div>\n\t\t\t\t<div class=\"elementor-element elementor-element-ac0e395 elementor-widget__width-initial elementor-widget elementor-widget-text-editor\" data-id=\"ac0e395\" data-element_type=\"widget\" data-e-type=\"widget\" data-widget_type=\"text-editor.default\">\n\t\t\t\t<div class=\"elementor-widget-container\">\n\t\t\t\t\t\t\t\t\t<p><span data-sheets-root=\"1\" data-sheets-value=\"{&quot;1&quot;:2,&quot;2&quot;:&quot;Si necesitas un poco de motivaci\u00f3n, mira cu\u00e1n lejos han llegado otros deportistas como t\u00fa. Conoce cu\u00e1l es el record Ironman en cada categor\u00eda. Insp\u00edrate con sus ejemplos y da lo mejor de ti en el medio Ironman Alcudia de este a\u00f1o.&quot;}\" data-sheets-userformat=\"{&quot;2&quot;:6979,&quot;3&quot;:{&quot;1&quot;:0},&quot;4&quot;:{&quot;1&quot;:2,&quot;2&quot;:16777215},&quot;9&quot;:0,&quot;11&quot;:4,&quot;12&quot;:0,&quot;14&quot;:{&quot;1&quot;:2,&quot;2&quot;:0},&quot;15&quot;:&quot;Arial&quot;}\">Si necesitas un poco de motivaci\u00f3n, mira cu\u00e1n lejos han llegado otros deportistas como t\u00fa. Conoce cu\u00e1l es el <strong>record Ironman en cada categor\u00eda<\/strong>. Insp\u00edrate con sus ejemplos y da lo mejor de ti en el medio Ironman Alcudia de este a\u00f1o.<\/span><\/p><h3>Mejor tiempo para hombres<\/h3><ul><li>Ironman &#8211; Kristian Blummenfelt con 7h 21m 12s<\/li><li>Nataci\u00f3n &#8211; Jan Sibbersen con 42m 17s<\/li><li>Ciclismo &#8211; Magnus Ditlev con 7h 23m 24s<\/li><li>Running &#8211; Manoel Messias dos Santos con 2h 26m 50s<\/li><\/ul><h3>Mejor tiempo para mujeres<\/h3><ul><li>Ironman &#8211; Anne Haug con 8h 02m 38s<\/li><li>Nataci\u00f3n &#8211; Amanda Stevens con 45m 04s<\/li><li>Ciclismo &#8211; Daniela Ryf con 4h 22m 56s<\/li><li>Running &#8211; Laura Philipp con 2h 38m 27s<\/li><\/ul>\t\t\t\t\t\t\t\t<\/div>\n\t\t\t\t<\/div>\n\t\t\t\t\t<\/div>\n\t\t<\/div>\n\t\t\t\t<div class=\"elementor-column elementor-col-50 elementor-top-column elementor-element elementor-element-839f5cb\" data-id=\"839f5cb\" data-element_type=\"column\" data-e-type=\"column\">\n\t\t\t<div class=\"elementor-widget-wrap elementor-element-populated\">\n\t\t\t\t\t\t<div class=\"elementor-element elementor-element-cb75dcf elementor-widget elementor-widget-heading\" data-id=\"cb75dcf\" data-element_type=\"widget\" data-e-type=\"widget\" data-widget_type=\"heading.default\">\n\t\t\t\t<div class=\"elementor-widget-container\">\n\t\t\t\t\t<h2 class=\"elementor-heading-title elementor-size-default\">Resultados de la Ironman Mallorca 2026<\/h2>\t\t\t\t<\/div>\n\t\t\t\t<\/div>\n\t\t\t\t<div class=\"elementor-element elementor-element-1619c74 elementor-widget elementor-widget-text-editor\" data-id=\"1619c74\" data-element_type=\"widget\" data-e-type=\"widget\" data-widget_type=\"text-editor.default\">\n\t\t\t\t<div class=\"elementor-widget-container\">\n\t\t\t\t\t\t\t\t\t<span data-sheets-root=\"1\" data-sheets-value=\"{&quot;1&quot;:2,&quot;2&quot;:&quot;Cada a\u00f1o, atletas admirables compiten por mejorar su record Ironman personal. Otros deportistas buscan superar a sus competidores y ganarse un ligar en el podio. Conoce los resultados de la Ironman Alcudia 2023 para saber qu\u00e9 encontrar\u00e1s al llegar a la isla.&quot;}\" data-sheets-userformat=\"{&quot;2&quot;:769,&quot;3&quot;:{&quot;1&quot;:0},&quot;11&quot;:4,&quot;12&quot;:0}\">Cada a\u00f1o, atletas admirables compiten por mejorar su <strong>record Ironman personal<\/strong>. <\/span>\n\n<span data-sheets-root=\"1\" data-sheets-value=\"{&quot;1&quot;:2,&quot;2&quot;:&quot;Cada a\u00f1o, atletas admirables compiten por mejorar su record Ironman personal. Otros deportistas buscan superar a sus competidores y ganarse un ligar en el podio. Conoce los resultados de la Ironman Alcudia 2023 para saber qu\u00e9 encontrar\u00e1s al llegar a la isla.&quot;}\" data-sheets-userformat=\"{&quot;2&quot;:769,&quot;3&quot;:{&quot;1&quot;:0},&quot;11&quot;:4,&quot;12&quot;:0}\">Otros deportistas buscan superar a sus competidores y ganarse un ligar en el podio. <\/span>\n\n<span data-sheets-root=\"1\" data-sheets-value=\"{&quot;1&quot;:2,&quot;2&quot;:&quot;Cada a\u00f1o, atletas admirables compiten por mejorar su record Ironman personal. Otros deportistas buscan superar a sus competidores y ganarse un ligar en el podio. Conoce los resultados de la Ironman Alcudia 2023 para saber qu\u00e9 encontrar\u00e1s al llegar a la isla.&quot;}\" data-sheets-userformat=\"{&quot;2&quot;:769,&quot;3&quot;:{&quot;1&quot;:0},&quot;11&quot;:4,&quot;12&quot;:0}\">Conoce los resultados de la<strong> Ironman Alcudia 2026<\/strong>\u00a0para saber qu\u00e9 encontrar\u00e1s al llegar a la isla.<\/span>\n<h3>Mejores tiempos del medio Ironman<\/h3>\n<ol>\n \t<li data-start=\"113\" data-end=\"141\">Santiago Ascenco \u2013 4:07:36<\/li>\n \t<li data-start=\"145\" data-end=\"173\">Oliver Pritchard \u2013 4:09:16<\/li>\n \t<li data-start=\"177\" data-end=\"205\">Aur\u00e9lio Gauthier \u2013 4:10:39<\/li>\n \t<li data-start=\"209\" data-end=\"237\">Ga\u00ebl Taillandier \u2013 4:10:46<\/li>\n \t<li data-start=\"241\" data-end=\"267\">Antoine Perche \u2013 4:12:02<\/li>\n \t<li data-start=\"271\" data-end=\"294\">Daniel Cope \u2013 4:14:21<\/li>\n \t<li data-start=\"298\" data-end=\"327\">Benjamin Ueltschi \u2013 4:14:32<\/li>\n \t<li data-start=\"331\" data-end=\"355\">Lucas Herzog \u2013 4:14:36<\/li>\n \t<li data-start=\"359\" data-end=\"384\">Julien Daniou \u2013 4:15:18<\/li>\n \t<li data-start=\"389\" data-end=\"415\">Geert Laurysen \u2013 4:15:27<\/li>\n<\/ol>\t\t\t\t\t\t\t\t<\/div>\n\t\t\t\t<\/div>\n\t\t\t\t\t<\/div>\n\t\t<\/div>\n\t\t\t\t\t<\/div>\n\t\t<\/section>\n\t\t\t\t<section class=\"elementor-section elementor-top-section elementor-element elementor-element-e4868cf elementor-section-boxed elementor-section-height-default elementor-section-height-default\" data-id=\"e4868cf\" data-element_type=\"section\" data-e-type=\"section\">\n\t\t\t\t\t\t<div class=\"elementor-container elementor-column-gap-default\">\n\t\t\t\t\t<div class=\"elementor-column elementor-col-33 elementor-top-column elementor-element elementor-element-e1138e6\" data-id=\"e1138e6\" data-element_type=\"column\" data-e-type=\"column\">\n\t\t\t<div class=\"elementor-widget-wrap elementor-element-populated\">\n\t\t\t\t\t\t<div class=\"elementor-element elementor-element-4ccfbce elementor-widget elementor-widget-image\" data-id=\"4ccfbce\" data-element_type=\"widget\" data-e-type=\"widget\" data-widget_type=\"image.default\">\n\t\t\t\t<div class=\"elementor-widget-container\">\n\t\t\t\t\t\t\t\t\t\t\t\t\t\t\t<img fetchpriority=\"high\" decoding=\"async\" width=\"2560\" height=\"1440\" src=\"https:\/\/www.idealpropertymallorca.com\/blog\/wp-content\/uploads\/2023\/03\/iroman-alcudio-mallorca.jpg\" class=\"attachment-full size-full wp-image-1374\" alt=\"Carrera medio iroman Alcudia Mallorca\" srcset=\"https:\/\/www.idealpropertymallorca.com\/blog\/wp-content\/uploads\/2023\/03\/iroman-alcudio-mallorca.jpg 2560w, https:\/\/www.idealpropertymallorca.com\/blog\/wp-content\/uploads\/2023\/03\/iroman-alcudio-mallorca-768x432.jpg 768w, https:\/\/www.idealpropertymallorca.com\/blog\/wp-content\/uploads\/2023\/03\/iroman-alcudio-mallorca-1536x864.jpg 1536w, https:\/\/www.idealpropertymallorca.com\/blog\/wp-content\/uploads\/2023\/03\/iroman-alcudio-mallorca-2048x1152.jpg 2048w\" sizes=\"(max-width: 2560px) 100vw, 2560px\" \/>\t\t\t\t\t\t\t\t\t\t\t\t\t\t\t<\/div>\n\t\t\t\t<\/div>\n\t\t\t\t\t<\/div>\n\t\t<\/div>\n\t\t\t\t<div class=\"elementor-column elementor-col-33 elementor-top-column elementor-element elementor-element-5e05e84\" data-id=\"5e05e84\" data-element_type=\"column\" data-e-type=\"column\">\n\t\t\t<div class=\"elementor-widget-wrap elementor-element-populated\">\n\t\t\t\t\t\t<div class=\"elementor-element elementor-element-52f9550 elementor-widget elementor-widget-image\" data-id=\"52f9550\" data-element_type=\"widget\" data-e-type=\"widget\" data-widget_type=\"image.default\">\n\t\t\t\t<div class=\"elementor-widget-container\">\n\t\t\t\t\t\t\t\t\t\t\t\t\t\t\t<img decoding=\"async\" width=\"1536\" height=\"864\" src=\"https:\/\/www.idealpropertymallorca.com\/blog\/wp-content\/uploads\/2023\/03\/alcudia-iroman-mallorca.jpg\" class=\"attachment-full size-full wp-image-1368\" alt=\"Sector en bicicleta Medio Iroman Alcudia Mallorca\" srcset=\"https:\/\/www.idealpropertymallorca.com\/blog\/wp-content\/uploads\/2023\/03\/alcudia-iroman-mallorca.jpg 1536w, https:\/\/www.idealpropertymallorca.com\/blog\/wp-content\/uploads\/2023\/03\/alcudia-iroman-mallorca-768x432.jpg 768w\" sizes=\"(max-width: 1536px) 100vw, 1536px\" \/>\t\t\t\t\t\t\t\t\t\t\t\t\t\t\t<\/div>\n\t\t\t\t<\/div>\n\t\t\t\t\t<\/div>\n\t\t<\/div>\n\t\t\t\t<div class=\"elementor-column elementor-col-33 elementor-top-column elementor-element elementor-element-14dd3ef\" data-id=\"14dd3ef\" data-element_type=\"column\" data-e-type=\"column\">\n\t\t\t<div class=\"elementor-widget-wrap elementor-element-populated\">\n\t\t\t\t\t\t<div class=\"elementor-element elementor-element-cb0ca78 elementor-widget elementor-widget-image\" data-id=\"cb0ca78\" data-element_type=\"widget\" data-e-type=\"widget\" data-widget_type=\"image.default\">\n\t\t\t\t<div class=\"elementor-widget-container\">\n\t\t\t\t\t\t\t\t\t\t\t\t\t\t\t<img decoding=\"async\" width=\"660\" height=\"371\" src=\"https:\/\/www.idealpropertymallorca.com\/blog\/wp-content\/uploads\/2023\/03\/Iroman-alcudia-mallorca.jpg\" class=\"attachment-large size-large wp-image-1371\" alt=\"Carrera Medio Iroman Alcudia Mallorca\" \/>\t\t\t\t\t\t\t\t\t\t\t\t\t\t\t<\/div>\n\t\t\t\t<\/div>\n\t\t\t\t\t<\/div>\n\t\t<\/div>\n\t\t\t\t\t<\/div>\n\t\t<\/section>\n\t\t\t\t<section class=\"elementor-section elementor-top-section elementor-element elementor-element-2a26ea4 elementor-section-boxed elementor-section-height-default elementor-section-height-default\" data-id=\"2a26ea4\" data-element_type=\"section\" data-e-type=\"section\">\n\t\t\t\t\t\t<div class=\"elementor-container elementor-column-gap-default\">\n\t\t\t\t\t<div class=\"elementor-column elementor-col-100 elementor-top-column elementor-element elementor-element-1e94292\" data-id=\"1e94292\" data-element_type=\"column\" data-e-type=\"column\">\n\t\t\t<div class=\"elementor-widget-wrap elementor-element-populated\">\n\t\t\t\t\t\t<div class=\"elementor-element elementor-element-e6f8c1a elementor-widget elementor-widget-heading\" data-id=\"e6f8c1a\" data-element_type=\"widget\" data-e-type=\"widget\" data-widget_type=\"heading.default\">\n\t\t\t\t<div class=\"elementor-widget-container\">\n\t\t\t\t\t<h2 class=\"elementor-heading-title elementor-size-default\">\u00bfPor qu\u00e9 Ironman Alcudia ya no organiza la larga distancia?<\/h2>\t\t\t\t<\/div>\n\t\t\t\t<\/div>\n\t\t\t\t<div class=\"elementor-element elementor-element-61c1b33 elementor-widget elementor-widget-text-editor\" data-id=\"61c1b33\" data-element_type=\"widget\" data-e-type=\"widget\" data-widget_type=\"text-editor.default\">\n\t\t\t\t<div class=\"elementor-widget-container\">\n\t\t\t\t\t\t\t\t\t<p><span data-sheets-root=\"1\" data-sheets-value=\"{&quot;1&quot;:2,&quot;2&quot;:&quot;La organizaci\u00f3n no ha ofrecido ning\u00fan motivo para no continuar con la larga distancia. A fin de cuentas, todas las ediciones previas fueron un \u00e9xito. Simplemente, parece ser que no les merece la pena organizar en la isla su prueba reina.&quot;}\" data-sheets-userformat=\"{&quot;2&quot;:897,&quot;3&quot;:{&quot;1&quot;:0},&quot;10&quot;:0,&quot;11&quot;:4,&quot;12&quot;:0}\">La organizaci\u00f3n no ha ofrecido ning\u00fan motivo para no continuar con la larga distancia. A fin de cuentas, todas las ediciones previas fueron un \u00e9xito. Simplemente, parece ser que no les merece la pena organizar en la isla su prueba reina.<\/span><\/p>\t\t\t\t\t\t\t\t<\/div>\n\t\t\t\t<\/div>\n\t\t\t\t\t<\/div>\n\t\t<\/div>\n\t\t\t\t\t<\/div>\n\t\t<\/section>\n\t\t\t\t<section class=\"elementor-section elementor-top-section elementor-element elementor-element-95c5e27 elementor-section-boxed elementor-section-height-default elementor-section-height-default\" data-id=\"95c5e27\" data-element_type=\"section\" data-e-type=\"section\">\n\t\t\t\t\t\t<div class=\"elementor-container elementor-column-gap-default\">\n\t\t\t\t\t<div class=\"elementor-column elementor-col-100 elementor-top-column elementor-element elementor-element-8406569\" data-id=\"8406569\" data-element_type=\"column\" data-e-type=\"column\">\n\t\t\t<div class=\"elementor-widget-wrap elementor-element-populated\">\n\t\t\t\t\t\t<div class=\"elementor-element elementor-element-976b530 elementor-widget elementor-widget-heading\" data-id=\"976b530\" data-element_type=\"widget\" data-e-type=\"widget\" data-widget_type=\"heading.default\">\n\t\t\t\t<div class=\"elementor-widget-container\">\n\t\t\t\t\t<h2 class=\"elementor-heading-title elementor-size-default\">Precio de la inscripci\u00f3n<\/h2>\t\t\t\t<\/div>\n\t\t\t\t<\/div>\n\t\t\t\t<div class=\"elementor-element elementor-element-ce3037b elementor-widget elementor-widget-text-editor\" data-id=\"ce3037b\" data-element_type=\"widget\" data-e-type=\"widget\" data-widget_type=\"text-editor.default\">\n\t\t\t\t<div class=\"elementor-widget-container\">\n\t\t\t\t\t\t\t\t\t<p><span data-sheets-root=\"1\" data-sheets-value=\"{&quot;1&quot;:2,&quot;2&quot;:&quot;Los costes de participaci\u00f3n son variables. Cuando se abrieron las reservas era de 364 euros. En estos momentos, la inscripci\u00f3n se encuentra en 430 euros. Adem\u00e1s, debes a\u00f1adir un 10 % adicional como comisi\u00f3n por la inscripci\u00f3n (43 euros). No obstante, a medida que las plazas vayan llen\u00e1ndose, los costes continuar\u00e1n en aumento.\\n\\nPor ejemplo, en caso de cancelaci\u00f3n, no deber\u00e1s hacer frente a ning\u00fan gasto y se te reintegrar\u00e1 todo tu dinero. Eso s\u00ed, siempre que avises, como m\u00ednimo, siete d\u00edas antes del inicio del Ironman Alcudia.&quot;}\" data-sheets-userformat=\"{&quot;2&quot;:769,&quot;3&quot;:{&quot;1&quot;:0},&quot;11&quot;:4,&quot;12&quot;:0}\">Los precios actuales no se encuentran disponibles a\u00fan. Para m\u00e1s informaci\u00f3n, consulta la web oficial. <\/span><\/p>\t\t\t\t\t\t\t\t<\/div>\n\t\t\t\t<\/div>\n\t\t\t\t\t<\/div>\n\t\t<\/div>\n\t\t\t\t\t<\/div>\n\t\t<\/section>\n\t\t\t\t<section class=\"elementor-section elementor-top-section elementor-element elementor-element-a4466ee elementor-section-boxed elementor-section-height-default elementor-section-height-default\" data-id=\"a4466ee\" data-element_type=\"section\" data-e-type=\"section\">\n\t\t\t\t\t\t<div class=\"elementor-container elementor-column-gap-default\">\n\t\t\t\t\t<div class=\"elementor-column elementor-col-100 elementor-top-column elementor-element elementor-element-468dae9\" data-id=\"468dae9\" data-element_type=\"column\" data-e-type=\"column\">\n\t\t\t<div class=\"elementor-widget-wrap elementor-element-populated\">\n\t\t\t\t\t\t<div class=\"elementor-element elementor-element-f643f82 elementor-widget elementor-widget-heading\" data-id=\"f643f82\" data-element_type=\"widget\" data-e-type=\"widget\" data-widget_type=\"heading.default\">\n\t\t\t\t<div class=\"elementor-widget-container\">\n\t\t\t\t\t<h2 class=\"elementor-heading-title elementor-size-default\">\u00bfQuieres apuntarte al medio Ironman Mallorca 2026?<\/h2>\t\t\t\t<\/div>\n\t\t\t\t<\/div>\n\t\t\t\t<div class=\"elementor-element elementor-element-99d3505 elementor-widget elementor-widget-text-editor\" data-id=\"99d3505\" data-element_type=\"widget\" data-e-type=\"widget\" data-widget_type=\"text-editor.default\">\n\t\t\t\t<div class=\"elementor-widget-container\">\n\t\t\t\t\t\t\t\t\t<p><span data-sheets-root=\"1\" data-sheets-value=\"{&quot;1&quot;:2,&quot;2&quot;:&quot;Las inscripciones al medio Ironman Mallorca 2024 suelen agotarse con mucha anticipaci\u00f3n porque es uno de los destinos favoritos de los atletas. Adem\u00e1s los participantes que se registran con m\u00e1s 45 d\u00edas de antelaci\u00f3n al evento consiguen ventajas adicionales. Sin embargo, solo a nivel est\u00e9tico. En estos casos, se proveer\u00e1 de la equipaci\u00f3n que proporciona la organizaci\u00f3n personalizada. Es decir, tanto en el dorsal como en el merchandising, constar\u00e1 tu nombre.\\n\\nAp\u00fantate cuanto antes al Ironman de Alcudia para no quedarte sin tu dorsal. Busca un alojamiento en nuestra web y selecciona el que m\u00e1s te guste. Te estaremos esperando en Alcudia el 11 de mayo.&quot;}\" data-sheets-userformat=\"{&quot;2&quot;:769,&quot;3&quot;:{&quot;1&quot;:0},&quot;11&quot;:4,&quot;12&quot;:0}\">Las inscripciones al medio Ironman Mallorca 2026 suelen agotarse con mucha anticipaci\u00f3n porque es uno de los destinos favoritos de los atletas. Adem\u00e1s los participantes que se registran con m\u00e1s 45 d\u00edas de antelaci\u00f3n al evento consiguen ventajas adicionales. Sin embargo, solo a nivel est\u00e9tico. En estos casos, se proveer\u00e1 de la equipaci\u00f3n que proporciona la organizaci\u00f3n personalizada. Es decir, tanto en el dorsal como en el merchandising, constar\u00e1 tu nombre.<\/span><\/p><p>Ap\u00fantate cuanto antes al Ironman de Alcudia para no quedarte sin tu dorsal. Busca un <a href=\"https:\/\/www.idealpropertymallorca.com\/es\/\">alojamiento en nuestra web<\/a> y selecciona el que m\u00e1s te guste. Te estaremos esperando en Alcudia.<\/p>\t\t\t\t\t\t\t\t<\/div>\n\t\t\t\t<\/div>\n\t\t\t\t\t<\/div>\n\t\t<\/div>\n\t\t\t\t\t<\/div>\n\t\t<\/section>\n\t\t\t\t<section class=\"elementor-section elementor-top-section elementor-element elementor-element-5161f188 elementor-section-boxed elementor-section-height-default elementor-section-height-default\" data-id=\"5161f188\" data-element_type=\"section\" data-e-type=\"section\">\n\t\t\t\t\t\t<div class=\"elementor-container elementor-column-gap-default\">\n\t\t\t\t\t<div class=\"elementor-column elementor-col-33 elementor-top-column elementor-element elementor-element-6c418d77\" data-id=\"6c418d77\" data-element_type=\"column\" data-e-type=\"column\" data-settings=\"{&quot;background_background&quot;:&quot;classic&quot;}\">\n\t\t\t<div class=\"elementor-widget-wrap elementor-element-populated\">\n\t\t\t\t\t\t<div class=\"elementor-element elementor-element-3ceb8d39 elementor-align-center elementor-widget elementor-widget-button\" data-id=\"3ceb8d39\" data-element_type=\"widget\" data-e-type=\"widget\" data-widget_type=\"button.default\">\n\t\t\t\t<div class=\"elementor-widget-container\">\n\t\t\t\t\t\t\t\t\t<div class=\"elementor-button-wrapper\">\n\t\t\t\t\t<a class=\"elementor-button elementor-button-link elementor-size-sm\" href=\"https:\/\/www.idealpropertymallorca.com\/es\/fincas-en-alcudia\/\">\n\t\t\t\t\t\t<span class=\"elementor-button-content-wrapper\">\n\t\t\t\t\t\t\t\t\t<span class=\"elementor-button-text\">Fincas rurales en Alcudia<\/span>\n\t\t\t\t\t<\/span>\n\t\t\t\t\t<\/a>\n\t\t\t\t<\/div>\n\t\t\t\t\t\t\t\t<\/div>\n\t\t\t\t<\/div>\n\t\t\t\t\t<\/div>\n\t\t<\/div>\n\t\t\t\t<div class=\"elementor-column elementor-col-33 elementor-top-column elementor-element elementor-element-4a98af7\" data-id=\"4a98af7\" data-element_type=\"column\" data-e-type=\"column\" data-settings=\"{&quot;background_background&quot;:&quot;classic&quot;}\">\n\t\t\t<div class=\"elementor-widget-wrap elementor-element-populated\">\n\t\t\t\t\t\t<div class=\"elementor-element elementor-element-1e6b0e8d elementor-align-center elementor-widget elementor-widget-button\" data-id=\"1e6b0e8d\" data-element_type=\"widget\" data-e-type=\"widget\" data-widget_type=\"button.default\">\n\t\t\t\t<div class=\"elementor-widget-container\">\n\t\t\t\t\t\t\t\t\t<div class=\"elementor-button-wrapper\">\n\t\t\t\t\t<a class=\"elementor-button elementor-button-link elementor-size-sm\" href=\"https:\/\/www.idealpropertymallorca.com\/es\/apartamentos-alcudia-mallorca\/\">\n\t\t\t\t\t\t<span class=\"elementor-button-content-wrapper\">\n\t\t\t\t\t\t\t\t\t<span class=\"elementor-button-text\">Apartamentos en Alcudia<\/span>\n\t\t\t\t\t<\/span>\n\t\t\t\t\t<\/a>\n\t\t\t\t<\/div>\n\t\t\t\t\t\t\t\t<\/div>\n\t\t\t\t<\/div>\n\t\t\t\t\t<\/div>\n\t\t<\/div>\n\t\t\t\t<div class=\"elementor-column elementor-col-33 elementor-top-column elementor-element elementor-element-72b84ab9\" data-id=\"72b84ab9\" data-element_type=\"column\" data-e-type=\"column\" data-settings=\"{&quot;background_background&quot;:&quot;classic&quot;}\">\n\t\t\t<div class=\"elementor-widget-wrap elementor-element-populated\">\n\t\t\t\t\t\t<div class=\"elementor-element elementor-element-5b3a94dd elementor-align-center elementor-widget elementor-widget-button\" data-id=\"5b3a94dd\" data-element_type=\"widget\" data-e-type=\"widget\" data-widget_type=\"button.default\">\n\t\t\t\t<div class=\"elementor-widget-container\">\n\t\t\t\t\t\t\t\t\t<div class=\"elementor-button-wrapper\">\n\t\t\t\t\t<a class=\"elementor-button elementor-button-link elementor-size-sm\" href=\"https:\/\/www.idealpropertymallorca.com\/es\/casas-en-alcudia\/\">\n\t\t\t\t\t\t<span class=\"elementor-button-content-wrapper\">\n\t\t\t\t\t\t\t\t\t<span class=\"elementor-button-text\">Casas vacacionales en Alcudia<\/span>\n\t\t\t\t\t<\/span>\n\t\t\t\t\t<\/a>\n\t\t\t\t<\/div>\n\t\t\t\t\t\t\t\t<\/div>\n\t\t\t\t<\/div>\n\t\t\t\t\t<\/div>\n\t\t<\/div>\n\t\t\t\t\t<\/div>\n\t\t<\/section>\n\t\t\t\t<\/div>\n\t\t","protected":false},"excerpt":{"rendered":"<p>El Ironman de Alcudia est\u00e1 a la vuelta de la esquina. El pr\u00f3ximo mes de mayo tendr\u00e1 lugar la decimotercera edici\u00f3n de esta prueba, considerada por muchos como la media Ironman m\u00e1s grande del mundo. En este art\u00edculo, te facilitamos informaci\u00f3n relevante sobre el trazado del recorrido, las distancias, la fecha de inscripci\u00f3n y los [&hellip;]<\/p>\n","protected":false},"author":3,"featured_media":15407,"comment_status":"open","ping_status":"open","sticky":false,"template":"","format":"standard","meta":{"footnotes":""},"categories":[765],"tags":[],"class_list":["post-1366","post","type-post","status-publish","format-standard","has-post-thumbnail","hentry","category-sporting-event"],"yoast_head":"<!-- This site is optimized with the Yoast SEO plugin v27.4 - https:\/\/yoast.com\/product\/yoast-seo-wordpress\/ -->\n<title>La media Ironman de Alcudia Mallorca<\/title>\n<meta name=\"description\" content=\"El Ironman de Alcudia est\u00e1 a la vuelta de la esquina. El pr\u00f3ximo mayo tendr\u00e1 lugar la decimosegunda edici\u00f3n de esta prueba\" \/>\n<meta name=\"robots\" content=\"index, follow, max-snippet:-1, max-image-preview:large, max-video-preview:-1\" \/>\n<link rel=\"canonical\" href=\"https:\/\/www.idealpropertymallorca.com\/blog\/es\/la-media-ironman-alcudia-mallorca\/\" \/>\n<meta property=\"og:locale\" content=\"es_ES\" \/>\n<meta property=\"og:type\" content=\"article\" \/>\n<meta property=\"og:title\" content=\"La media Ironman de Alcudia Mallorca\" \/>\n<meta property=\"og:description\" content=\"El Ironman de Alcudia est\u00e1 a la vuelta de la esquina. El pr\u00f3ximo mayo tendr\u00e1 lugar la decimosegunda edici\u00f3n de esta prueba\" \/>\n<meta property=\"og:url\" content=\"https:\/\/www.idealpropertymallorca.com\/blog\/es\/la-media-ironman-alcudia-mallorca\/\" \/>\n<meta property=\"og:site_name\" content=\"Majorca Blog\" \/>\n<meta property=\"article:published_time\" content=\"2023-03-06T10:07:48+00:00\" \/>\n<meta property=\"article:modified_time\" content=\"2026-01-14T08:52:33+00:00\" \/>\n<meta property=\"og:image\" content=\"https:\/\/www.idealpropertymallorca.com\/blog\/wp-content\/uploads\/2024\/09\/ironman-alcudia-portada-1.webp\" \/>\n\t<meta property=\"og:image:width\" content=\"1920\" \/>\n\t<meta property=\"og:image:height\" content=\"400\" \/>\n\t<meta property=\"og:image:type\" content=\"image\/webp\" \/>\n<meta name=\"author\" content=\"digitalservices\" \/>\n<meta name=\"twitter:card\" content=\"summary_large_image\" \/>\n<meta name=\"twitter:label1\" content=\"Written by\" \/>\n\t<meta name=\"twitter:data1\" content=\"digitalservices\" \/>\n\t<meta name=\"twitter:label2\" content=\"Est. reading time\" \/>\n\t<meta name=\"twitter:data2\" content=\"7 minutes\" \/>\n<script type=\"application\/ld+json\" class=\"yoast-schema-graph\">{\"@context\":\"https:\\\/\\\/schema.org\",\"@graph\":[{\"@type\":\"Article\",\"@id\":\"https:\\\/\\\/www.idealpropertymallorca.com\\\/blog\\\/es\\\/la-media-ironman-alcudia-mallorca\\\/#article\",\"isPartOf\":{\"@id\":\"https:\\\/\\\/www.idealpropertymallorca.com\\\/blog\\\/es\\\/la-media-ironman-alcudia-mallorca\\\/\"},\"author\":{\"name\":\"digitalservices\",\"@id\":\"https:\\\/\\\/www.idealpropertymallorca.com\\\/blog\\\/es\\\/#\\\/schema\\\/person\\\/8afda339a8de0d6db90fffb895f38917\"},\"headline\":\"La media Ironman de Alcudia 2026\",\"datePublished\":\"2023-03-06T10:07:48+00:00\",\"dateModified\":\"2026-01-14T08:52:33+00:00\",\"mainEntityOfPage\":{\"@id\":\"https:\\\/\\\/www.idealpropertymallorca.com\\\/blog\\\/es\\\/la-media-ironman-alcudia-mallorca\\\/\"},\"wordCount\":1123,\"commentCount\":0,\"publisher\":{\"@id\":\"https:\\\/\\\/www.idealpropertymallorca.com\\\/blog\\\/es\\\/#organization\"},\"image\":{\"@id\":\"https:\\\/\\\/www.idealpropertymallorca.com\\\/blog\\\/es\\\/la-media-ironman-alcudia-mallorca\\\/#primaryimage\"},\"thumbnailUrl\":\"https:\\\/\\\/www.idealpropertymallorca.com\\\/blog\\\/wp-content\\\/uploads\\\/2024\\\/09\\\/ironman-alcudia-portada-1.webp\",\"articleSection\":[\"Sporting event\"],\"inLanguage\":\"es\",\"potentialAction\":[{\"@type\":\"CommentAction\",\"name\":\"Comment\",\"target\":[\"https:\\\/\\\/www.idealpropertymallorca.com\\\/blog\\\/es\\\/la-media-ironman-alcudia-mallorca\\\/#respond\"]}]},{\"@type\":\"WebPage\",\"@id\":\"https:\\\/\\\/www.idealpropertymallorca.com\\\/blog\\\/es\\\/la-media-ironman-alcudia-mallorca\\\/\",\"url\":\"https:\\\/\\\/www.idealpropertymallorca.com\\\/blog\\\/es\\\/la-media-ironman-alcudia-mallorca\\\/\",\"name\":\"La media Ironman de Alcudia Mallorca\",\"isPartOf\":{\"@id\":\"https:\\\/\\\/www.idealpropertymallorca.com\\\/blog\\\/es\\\/#website\"},\"primaryImageOfPage\":{\"@id\":\"https:\\\/\\\/www.idealpropertymallorca.com\\\/blog\\\/es\\\/la-media-ironman-alcudia-mallorca\\\/#primaryimage\"},\"image\":{\"@id\":\"https:\\\/\\\/www.idealpropertymallorca.com\\\/blog\\\/es\\\/la-media-ironman-alcudia-mallorca\\\/#primaryimage\"},\"thumbnailUrl\":\"https:\\\/\\\/www.idealpropertymallorca.com\\\/blog\\\/wp-content\\\/uploads\\\/2024\\\/09\\\/ironman-alcudia-portada-1.webp\",\"datePublished\":\"2023-03-06T10:07:48+00:00\",\"dateModified\":\"2026-01-14T08:52:33+00:00\",\"description\":\"El Ironman de Alcudia est\u00e1 a la vuelta de la esquina. El pr\u00f3ximo mayo tendr\u00e1 lugar la decimosegunda edici\u00f3n de esta prueba\",\"inLanguage\":\"es\",\"potentialAction\":[{\"@type\":\"ReadAction\",\"target\":[\"https:\\\/\\\/www.idealpropertymallorca.com\\\/blog\\\/es\\\/la-media-ironman-alcudia-mallorca\\\/\"]}]},{\"@type\":\"ImageObject\",\"inLanguage\":\"es\",\"@id\":\"https:\\\/\\\/www.idealpropertymallorca.com\\\/blog\\\/es\\\/la-media-ironman-alcudia-mallorca\\\/#primaryimage\",\"url\":\"https:\\\/\\\/www.idealpropertymallorca.com\\\/blog\\\/wp-content\\\/uploads\\\/2024\\\/09\\\/ironman-alcudia-portada-1.webp\",\"contentUrl\":\"https:\\\/\\\/www.idealpropertymallorca.com\\\/blog\\\/wp-content\\\/uploads\\\/2024\\\/09\\\/ironman-alcudia-portada-1.webp\",\"width\":1920,\"height\":400,\"caption\":\"ironman alcudia\"},{\"@type\":\"WebSite\",\"@id\":\"https:\\\/\\\/www.idealpropertymallorca.com\\\/blog\\\/es\\\/#website\",\"url\":\"https:\\\/\\\/www.idealpropertymallorca.com\\\/blog\\\/es\\\/\",\"name\":\"Majorca Blog\",\"description\":\"Find relevant tourist information to see and do on the island of Mallorca during your holiday. Discover the best places and tips!\",\"publisher\":{\"@id\":\"https:\\\/\\\/www.idealpropertymallorca.com\\\/blog\\\/es\\\/#organization\"},\"potentialAction\":[{\"@type\":\"SearchAction\",\"target\":{\"@type\":\"EntryPoint\",\"urlTemplate\":\"https:\\\/\\\/www.idealpropertymallorca.com\\\/blog\\\/es\\\/?s={search_term_string}\"},\"query-input\":{\"@type\":\"PropertyValueSpecification\",\"valueRequired\":true,\"valueName\":\"search_term_string\"}}],\"inLanguage\":\"es\"},{\"@type\":\"Organization\",\"@id\":\"https:\\\/\\\/www.idealpropertymallorca.com\\\/blog\\\/es\\\/#organization\",\"name\":\"Majorca Blog\",\"url\":\"https:\\\/\\\/www.idealpropertymallorca.com\\\/blog\\\/es\\\/\",\"logo\":{\"@type\":\"ImageObject\",\"inLanguage\":\"es\",\"@id\":\"https:\\\/\\\/www.idealpropertymallorca.com\\\/blog\\\/es\\\/#\\\/schema\\\/logo\\\/image\\\/\",\"url\":\"https:\\\/\\\/www.idealpropertymallorca.com\\\/blog\\\/wp-content\\\/uploads\\\/2024\\\/10\\\/ideal-property-mallorca-blue-mobile.png\",\"contentUrl\":\"https:\\\/\\\/www.idealpropertymallorca.com\\\/blog\\\/wp-content\\\/uploads\\\/2024\\\/10\\\/ideal-property-mallorca-blue-mobile.png\",\"width\":500,\"height\":150,\"caption\":\"Majorca Blog\"},\"image\":{\"@id\":\"https:\\\/\\\/www.idealpropertymallorca.com\\\/blog\\\/es\\\/#\\\/schema\\\/logo\\\/image\\\/\"}},{\"@type\":\"Person\",\"@id\":\"https:\\\/\\\/www.idealpropertymallorca.com\\\/blog\\\/es\\\/#\\\/schema\\\/person\\\/8afda339a8de0d6db90fffb895f38917\",\"name\":\"digitalservices\",\"image\":{\"@type\":\"ImageObject\",\"inLanguage\":\"es\",\"@id\":\"https:\\\/\\\/secure.gravatar.com\\\/avatar\\\/af30f88a1904294c1f3eb09a9d7903eec4ffa18fa2cf40c28a8681014ecdfc20?s=96&d=mm&r=g\",\"url\":\"https:\\\/\\\/secure.gravatar.com\\\/avatar\\\/af30f88a1904294c1f3eb09a9d7903eec4ffa18fa2cf40c28a8681014ecdfc20?s=96&d=mm&r=g\",\"contentUrl\":\"https:\\\/\\\/secure.gravatar.com\\\/avatar\\\/af30f88a1904294c1f3eb09a9d7903eec4ffa18fa2cf40c28a8681014ecdfc20?s=96&d=mm&r=g\",\"caption\":\"digitalservices\"}}]}<\/script>\n<!-- \/ Yoast SEO plugin. -->","yoast_head_json":{"title":"La media Ironman de Alcudia Mallorca","description":"El Ironman de Alcudia est\u00e1 a la vuelta de la esquina. El pr\u00f3ximo mayo tendr\u00e1 lugar la decimosegunda edici\u00f3n de esta prueba","robots":{"index":"index","follow":"follow","max-snippet":"max-snippet:-1","max-image-preview":"max-image-preview:large","max-video-preview":"max-video-preview:-1"},"canonical":"https:\/\/www.idealpropertymallorca.com\/blog\/es\/la-media-ironman-alcudia-mallorca\/","og_locale":"es_ES","og_type":"article","og_title":"La media Ironman de Alcudia Mallorca","og_description":"El Ironman de Alcudia est\u00e1 a la vuelta de la esquina. El pr\u00f3ximo mayo tendr\u00e1 lugar la decimosegunda edici\u00f3n de esta prueba","og_url":"https:\/\/www.idealpropertymallorca.com\/blog\/es\/la-media-ironman-alcudia-mallorca\/","og_site_name":"Majorca Blog","article_published_time":"2023-03-06T10:07:48+00:00","article_modified_time":"2026-01-14T08:52:33+00:00","og_image":[{"width":1920,"height":400,"url":"https:\/\/www.idealpropertymallorca.com\/blog\/wp-content\/uploads\/2024\/09\/ironman-alcudia-portada-1.webp","type":"image\/webp"}],"author":"digitalservices","twitter_card":"summary_large_image","twitter_misc":{"Written by":"digitalservices","Est. reading time":"7 minutes"},"schema":{"@context":"https:\/\/schema.org","@graph":[{"@type":"Article","@id":"https:\/\/www.idealpropertymallorca.com\/blog\/es\/la-media-ironman-alcudia-mallorca\/#article","isPartOf":{"@id":"https:\/\/www.idealpropertymallorca.com\/blog\/es\/la-media-ironman-alcudia-mallorca\/"},"author":{"name":"digitalservices","@id":"https:\/\/www.idealpropertymallorca.com\/blog\/es\/#\/schema\/person\/8afda339a8de0d6db90fffb895f38917"},"headline":"La media Ironman de Alcudia 2026","datePublished":"2023-03-06T10:07:48+00:00","dateModified":"2026-01-14T08:52:33+00:00","mainEntityOfPage":{"@id":"https:\/\/www.idealpropertymallorca.com\/blog\/es\/la-media-ironman-alcudia-mallorca\/"},"wordCount":1123,"commentCount":0,"publisher":{"@id":"https:\/\/www.idealpropertymallorca.com\/blog\/es\/#organization"},"image":{"@id":"https:\/\/www.idealpropertymallorca.com\/blog\/es\/la-media-ironman-alcudia-mallorca\/#primaryimage"},"thumbnailUrl":"https:\/\/www.idealpropertymallorca.com\/blog\/wp-content\/uploads\/2024\/09\/ironman-alcudia-portada-1.webp","articleSection":["Sporting event"],"inLanguage":"es","potentialAction":[{"@type":"CommentAction","name":"Comment","target":["https:\/\/www.idealpropertymallorca.com\/blog\/es\/la-media-ironman-alcudia-mallorca\/#respond"]}]},{"@type":"WebPage","@id":"https:\/\/www.idealpropertymallorca.com\/blog\/es\/la-media-ironman-alcudia-mallorca\/","url":"https:\/\/www.idealpropertymallorca.com\/blog\/es\/la-media-ironman-alcudia-mallorca\/","name":"La media Ironman de Alcudia Mallorca","isPartOf":{"@id":"https:\/\/www.idealpropertymallorca.com\/blog\/es\/#website"},"primaryImageOfPage":{"@id":"https:\/\/www.idealpropertymallorca.com\/blog\/es\/la-media-ironman-alcudia-mallorca\/#primaryimage"},"image":{"@id":"https:\/\/www.idealpropertymallorca.com\/blog\/es\/la-media-ironman-alcudia-mallorca\/#primaryimage"},"thumbnailUrl":"https:\/\/www.idealpropertymallorca.com\/blog\/wp-content\/uploads\/2024\/09\/ironman-alcudia-portada-1.webp","datePublished":"2023-03-06T10:07:48+00:00","dateModified":"2026-01-14T08:52:33+00:00","description":"El Ironman de Alcudia est\u00e1 a la vuelta de la esquina. El pr\u00f3ximo mayo tendr\u00e1 lugar la decimosegunda edici\u00f3n de esta prueba","inLanguage":"es","potentialAction":[{"@type":"ReadAction","target":["https:\/\/www.idealpropertymallorca.com\/blog\/es\/la-media-ironman-alcudia-mallorca\/"]}]},{"@type":"ImageObject","inLanguage":"es","@id":"https:\/\/www.idealpropertymallorca.com\/blog\/es\/la-media-ironman-alcudia-mallorca\/#primaryimage","url":"https:\/\/www.idealpropertymallorca.com\/blog\/wp-content\/uploads\/2024\/09\/ironman-alcudia-portada-1.webp","contentUrl":"https:\/\/www.idealpropertymallorca.com\/blog\/wp-content\/uploads\/2024\/09\/ironman-alcudia-portada-1.webp","width":1920,"height":400,"caption":"ironman alcudia"},{"@type":"WebSite","@id":"https:\/\/www.idealpropertymallorca.com\/blog\/es\/#website","url":"https:\/\/www.idealpropertymallorca.com\/blog\/es\/","name":"Majorca Blog","description":"Find relevant tourist information to see and do on the island of Mallorca during your holiday. Discover the best places and tips!","publisher":{"@id":"https:\/\/www.idealpropertymallorca.com\/blog\/es\/#organization"},"potentialAction":[{"@type":"SearchAction","target":{"@type":"EntryPoint","urlTemplate":"https:\/\/www.idealpropertymallorca.com\/blog\/es\/?s={search_term_string}"},"query-input":{"@type":"PropertyValueSpecification","valueRequired":true,"valueName":"search_term_string"}}],"inLanguage":"es"},{"@type":"Organization","@id":"https:\/\/www.idealpropertymallorca.com\/blog\/es\/#organization","name":"Majorca Blog","url":"https:\/\/www.idealpropertymallorca.com\/blog\/es\/","logo":{"@type":"ImageObject","inLanguage":"es","@id":"https:\/\/www.idealpropertymallorca.com\/blog\/es\/#\/schema\/logo\/image\/","url":"https:\/\/www.idealpropertymallorca.com\/blog\/wp-content\/uploads\/2024\/10\/ideal-property-mallorca-blue-mobile.png","contentUrl":"https:\/\/www.idealpropertymallorca.com\/blog\/wp-content\/uploads\/2024\/10\/ideal-property-mallorca-blue-mobile.png","width":500,"height":150,"caption":"Majorca Blog"},"image":{"@id":"https:\/\/www.idealpropertymallorca.com\/blog\/es\/#\/schema\/logo\/image\/"}},{"@type":"Person","@id":"https:\/\/www.idealpropertymallorca.com\/blog\/es\/#\/schema\/person\/8afda339a8de0d6db90fffb895f38917","name":"digitalservices","image":{"@type":"ImageObject","inLanguage":"es","@id":"https:\/\/secure.gravatar.com\/avatar\/af30f88a1904294c1f3eb09a9d7903eec4ffa18fa2cf40c28a8681014ecdfc20?s=96&d=mm&r=g","url":"https:\/\/secure.gravatar.com\/avatar\/af30f88a1904294c1f3eb09a9d7903eec4ffa18fa2cf40c28a8681014ecdfc20?s=96&d=mm&r=g","contentUrl":"https:\/\/secure.gravatar.com\/avatar\/af30f88a1904294c1f3eb09a9d7903eec4ffa18fa2cf40c28a8681014ecdfc20?s=96&d=mm&r=g","caption":"digitalservices"}}]}},"_links":{"self":[{"href":"https:\/\/www.idealpropertymallorca.com\/blog\/es\/wp-json\/wp\/v2\/posts\/1366","targetHints":{"allow":["GET"]}}],"collection":[{"href":"https:\/\/www.idealpropertymallorca.com\/blog\/es\/wp-json\/wp\/v2\/posts"}],"about":[{"href":"https:\/\/www.idealpropertymallorca.com\/blog\/es\/wp-json\/wp\/v2\/types\/post"}],"author":[{"embeddable":true,"href":"https:\/\/www.idealpropertymallorca.com\/blog\/es\/wp-json\/wp\/v2\/users\/3"}],"replies":[{"embeddable":true,"href":"https:\/\/www.idealpropertymallorca.com\/blog\/es\/wp-json\/wp\/v2\/comments?post=1366"}],"version-history":[{"count":108,"href":"https:\/\/www.idealpropertymallorca.com\/blog\/es\/wp-json\/wp\/v2\/posts\/1366\/revisions"}],"predecessor-version":[{"id":23196,"href":"https:\/\/www.idealpropertymallorca.com\/blog\/es\/wp-json\/wp\/v2\/posts\/1366\/revisions\/23196"}],"wp:featuredmedia":[{"embeddable":true,"href":"https:\/\/www.idealpropertymallorca.com\/blog\/es\/wp-json\/wp\/v2\/media\/15407"}],"wp:attachment":[{"href":"https:\/\/www.idealpropertymallorca.com\/blog\/es\/wp-json\/wp\/v2\/media?parent=1366"}],"wp:term":[{"taxonomy":"category","embeddable":true,"href":"https:\/\/www.idealpropertymallorca.com\/blog\/es\/wp-json\/wp\/v2\/categories?post=1366"},{"taxonomy":"post_tag","embeddable":true,"href":"https:\/\/www.idealpropertymallorca.com\/blog\/es\/wp-json\/wp\/v2\/tags?post=1366"}],"curies":[{"name":"wp","href":"https:\/\/api.w.org\/{rel}","templated":true}]}}