{"id":1277,"date":"2023-02-08T11:47:36","date_gmt":"2023-02-08T11:47:36","guid":{"rendered":"https:\/\/www.idealpropertymallorca.com\/blog\/que-ver-en-alcudia-mallorca\/"},"modified":"2025-06-10T07:19:28","modified_gmt":"2025-06-10T07:19:28","slug":"que-ver-en-alcudia-mallorca-y-como-encontrarel-alojamiento-idoneo","status":"publish","type":"post","link":"https:\/\/www.idealpropertymallorca.com\/blog\/es\/que-ver-en-alcudia-mallorca-y-como-encontrarel-alojamiento-idoneo\/","title":{"rendered":"Te recomendamos qu\u00e9 ver en Alc\u00fadia Mallorca durante tus vacaciones"},"content":{"rendered":"\t\t<div data-elementor-type=\"wp-post\" data-elementor-id=\"1277\" class=\"elementor elementor-1277 elementor-1200\" data-elementor-post-type=\"post\">\n\t\t\t\t\t\t<section class=\"elementor-section elementor-top-section elementor-element elementor-element-982a9cd elementor-section-boxed elementor-section-height-default elementor-section-height-default\" data-id=\"982a9cd\" data-element_type=\"section\" data-e-type=\"section\">\n\t\t\t\t\t\t<div class=\"elementor-container elementor-column-gap-default\">\n\t\t\t\t\t<div class=\"elementor-column elementor-col-100 elementor-top-column elementor-element elementor-element-fda73b1\" data-id=\"fda73b1\" data-element_type=\"column\" data-e-type=\"column\">\n\t\t\t<div class=\"elementor-widget-wrap elementor-element-populated\">\n\t\t\t\t\t\t<div class=\"elementor-element elementor-element-4063839 elementor-widget elementor-widget-text-editor\" data-id=\"4063839\" data-element_type=\"widget\" data-e-type=\"widget\" data-widget_type=\"text-editor.default\">\n\t\t\t\t<div class=\"elementor-widget-container\">\n\t\t\t\t\t\t\t\t\t<p><span style=\"font-weight: 400;\">Si sueles preguntarte <\/span><b>qu\u00e9 ver en Alcudia Mallorca<\/b><span style=\"font-weight: 400;\">, ha llegado el momento de vivirla. Esta localidad alberga playas espectaculares, como Muro y Alcudia, un casco viejo amurallado y bellos edificios. Adem\u00e1s, ir de compras es una delicia. Si eres un aficionado a la cultura, tambi\u00e9n te ofrece interesantes opciones. \u00bfRepasamos juntos sus principales atractivos?<\/span><\/p>\t\t\t\t\t\t\t\t<\/div>\n\t\t\t\t<\/div>\n\t\t\t\t\t<\/div>\n\t\t<\/div>\n\t\t\t\t\t<\/div>\n\t\t<\/section>\n\t\t\t\t<section class=\"elementor-section elementor-top-section elementor-element elementor-element-4d114d41 elementor-section-boxed elementor-section-height-default elementor-section-height-default\" data-id=\"4d114d41\" data-element_type=\"section\" data-e-type=\"section\">\n\t\t\t\t\t\t<div class=\"elementor-container elementor-column-gap-default\">\n\t\t\t\t\t<div class=\"elementor-column elementor-col-100 elementor-top-column elementor-element elementor-element-4b1a430e\" data-id=\"4b1a430e\" data-element_type=\"column\" data-e-type=\"column\">\n\t\t\t<div class=\"elementor-widget-wrap elementor-element-populated\">\n\t\t\t\t\t\t<div class=\"elementor-element elementor-element-13d3b26c elementor-widget elementor-widget-heading\" data-id=\"13d3b26c\" data-element_type=\"widget\" data-e-type=\"widget\" data-widget_type=\"heading.default\">\n\t\t\t\t<div class=\"elementor-widget-container\">\n\t\t\t\t\t<h2 class=\"elementor-heading-title elementor-size-default\">Casco antiguo de Alcudia<\/h2>\t\t\t\t<\/div>\n\t\t\t\t<\/div>\n\t\t\t\t<div class=\"elementor-element elementor-element-3866c925 elementor-widget elementor-widget-text-editor\" data-id=\"3866c925\" data-element_type=\"widget\" data-e-type=\"widget\" data-widget_type=\"text-editor.default\">\n\t\t\t\t<div class=\"elementor-widget-container\">\n\t\t\t\t\t\t\t\t\t<p><span style=\"font-weight: 400;\">Si te gustan los entornos medievales, este entramado de calles estrechas y construcciones con encanto te enamorar\u00e1. La <\/span><b>iglesia de Orati de Santa Ana<\/b><span style=\"font-weight: 400;\">, fechada en el siglo XIII y de estilo g\u00f3tico, es un buen punto de partida para recorrerlo.<\/span><\/p><p><span style=\"font-weight: 400;\">A continuaci\u00f3n, visita el <\/span><b>edificio renacentista del ayuntamiento<\/b><span style=\"font-weight: 400;\"> y las encantadoras plazas que lo rodean, perfectas para el terraceo y la buena gastronom\u00eda. Su imponente torre central con cuatro relojes, uno en cada cara, es el principal reclamo de la Casa Consistorial. <\/span><span style=\"font-weight: 400;\">Callejear por el <\/span><b>casco antiguo de Alcudia<\/b><span style=\"font-weight: 400;\"> nunca cansa: \u00a1siempre se aprecian nuevos matices y detalles!<\/span><\/p>\t\t\t\t\t\t\t\t<\/div>\n\t\t\t\t<\/div>\n\t\t\t\t\t<\/div>\n\t\t<\/div>\n\t\t\t\t\t<\/div>\n\t\t<\/section>\n\t\t\t\t<section class=\"elementor-section elementor-top-section elementor-element elementor-element-d9511f6 elementor-section-boxed elementor-section-height-default elementor-section-height-default\" data-id=\"d9511f6\" data-element_type=\"section\" data-e-type=\"section\">\n\t\t\t\t\t\t<div class=\"elementor-container elementor-column-gap-default\">\n\t\t\t\t\t<div class=\"elementor-column elementor-col-50 elementor-top-column elementor-element elementor-element-6457c226\" data-id=\"6457c226\" data-element_type=\"column\" data-e-type=\"column\">\n\t\t\t<div class=\"elementor-widget-wrap elementor-element-populated\">\n\t\t\t\t\t\t<div class=\"elementor-element elementor-element-20b20fbc elementor-widget elementor-widget-heading\" data-id=\"20b20fbc\" data-element_type=\"widget\" data-e-type=\"widget\" data-widget_type=\"heading.default\">\n\t\t\t\t<div class=\"elementor-widget-container\">\n\t\t\t\t\t<h2 class=\"elementor-heading-title elementor-size-default\">Muralla de Alcudia<\/h2>\t\t\t\t<\/div>\n\t\t\t\t<\/div>\n\t\t\t\t<div class=\"elementor-element elementor-element-6572c495 elementor-widget elementor-widget-text-editor\" data-id=\"6572c495\" data-element_type=\"widget\" data-e-type=\"widget\" data-widget_type=\"text-editor.default\">\n\t\t\t\t<div class=\"elementor-widget-container\">\n\t\t\t\t\t\t\t\t\t<p><span style=\"font-weight: 400;\">Toda la ciudad vieja se encuentra amurallada, lo que le concede un car\u00e1cter a\u00fan m\u00e1s diferencial. De hecho, uno de los pasatiempos favoritos de los viajeros es explorar sus murallas, ricas en <\/span><b>s\u00edmbolos, leyendas e ic\u00f3nicos rincones<\/b><span style=\"font-weight: 400;\">.<\/span><\/p><p><span style=\"font-weight: 400;\">La <\/span><b>Porta del Moll<\/b><span style=\"font-weight: 400;\">, uno de sus accesos m\u00e1s carism\u00e1ticos, est\u00e1 relacionada con el <\/span><b>mercado de Alcudia,<\/b><span style=\"font-weight: 400;\"> del que pronto hablaremos. Desde la <\/span><b>Porta de Vila Roja,<\/b><span style=\"font-weight: 400;\"> puedes acceder al recorrido por la parte de arriba. Tienes a tu disposici\u00f3n un kil\u00f3metro y medio de trayecto sobre la<\/span><b> muralla de Alcudia,<\/b><span style=\"font-weight: 400;\"> la m\u00e1s longeva de toda la isla mallorquina.<\/span><\/p>\t\t\t\t\t\t\t\t<\/div>\n\t\t\t\t<\/div>\n\t\t\t\t\t<\/div>\n\t\t<\/div>\n\t\t\t\t<div class=\"elementor-column elementor-col-50 elementor-top-column elementor-element elementor-element-6b3028e5\" data-id=\"6b3028e5\" data-element_type=\"column\" data-e-type=\"column\">\n\t\t\t<div class=\"elementor-widget-wrap elementor-element-populated\">\n\t\t\t\t\t\t<div class=\"elementor-element elementor-element-562adfe2 elementor-widget elementor-widget-image\" data-id=\"562adfe2\" data-element_type=\"widget\" data-e-type=\"widget\" data-widget_type=\"image.default\">\n\t\t\t\t<div class=\"elementor-widget-container\">\n\t\t\t\t\t\t\t\t\t\t\t\t\t\t\t<img fetchpriority=\"high\" decoding=\"async\" width=\"600\" height=\"404\" src=\"https:\/\/www.idealpropertymallorca.com\/blog\/wp-content\/uploads\/2023\/02\/muralla-alcudia-mallorca.png\" class=\"attachment-medium_large size-medium_large wp-image-1241\" alt=\"muralla de alcudia en mallorca\" \/>\t\t\t\t\t\t\t\t\t\t\t\t\t\t\t<\/div>\n\t\t\t\t<\/div>\n\t\t\t\t\t<\/div>\n\t\t<\/div>\n\t\t\t\t\t<\/div>\n\t\t<\/section>\n\t\t\t\t<section class=\"elementor-section elementor-top-section elementor-element elementor-element-d04765e elementor-section-boxed elementor-section-height-default elementor-section-height-default\" data-id=\"d04765e\" data-element_type=\"section\" data-e-type=\"section\">\n\t\t\t\t\t\t<div class=\"elementor-container elementor-column-gap-default\">\n\t\t\t\t\t<div class=\"elementor-column elementor-col-100 elementor-top-column elementor-element elementor-element-6f55975\" data-id=\"6f55975\" data-element_type=\"column\" data-e-type=\"column\">\n\t\t\t<div class=\"elementor-widget-wrap elementor-element-populated\">\n\t\t\t\t\t\t<div class=\"elementor-element elementor-element-ead6faa elementor-widget elementor-widget-heading\" data-id=\"ead6faa\" data-element_type=\"widget\" data-e-type=\"widget\" data-widget_type=\"heading.default\">\n\t\t\t\t<div class=\"elementor-widget-container\">\n\t\t\t\t\t<h2 class=\"elementor-heading-title elementor-size-default\">Mercado de Alcudia<\/h2>\t\t\t\t<\/div>\n\t\t\t\t<\/div>\n\t\t\t\t<div class=\"elementor-element elementor-element-b35bc86 elementor-widget elementor-widget-text-editor\" data-id=\"b35bc86\" data-element_type=\"widget\" data-e-type=\"widget\" data-widget_type=\"text-editor.default\">\n\t\t\t\t<div class=\"elementor-widget-container\">\n\t\t\t\t\t\t\t\t\t<p><span style=\"font-weight: 400;\">Dos d\u00edas por semana, los martes y los domingos, el <\/span><b>Paseo Mare de D\u00e9u de la Victoria<\/b><span style=\"font-weight: 400;\"> y su entorno se llenan de color, sabor, aromas y vendedores callejeros. Entre las 8 y las 13 horas, muy cerca de la reci\u00e9n mencionada Porta del Moll, la diversi\u00f3n, el bullicio y los productos de calidad est\u00e1n asegurados.<\/span><\/p><p><span style=\"font-weight: 400;\">Sobre todo, podr\u00e1s comprar <\/span><b>artesan\u00eda, ropa, tejidos y alimentos aut\u00f3ctonos<\/b><span style=\"font-weight: 400;\">. El <\/span><b>mercado de Alcudia<\/b><span style=\"font-weight: 400;\"> uno de los m\u00e1s grandes de <\/span><span style=\"font-weight: 400;\">Mallorca,<\/span><span style=\"font-weight: 400;\"> pues se expande por un buen n\u00famero de calles. Si te gusta el mercadeo, no lo dudes, querr\u00e1s repetir tras visitarlo.<\/span><\/p>\t\t\t\t\t\t\t\t<\/div>\n\t\t\t\t<\/div>\n\t\t\t\t\t<\/div>\n\t\t<\/div>\n\t\t\t\t\t<\/div>\n\t\t<\/section>\n\t\t\t\t<section class=\"elementor-section elementor-top-section elementor-element elementor-element-bc6cbca elementor-section-boxed elementor-section-height-default elementor-section-height-default\" data-id=\"bc6cbca\" data-element_type=\"section\" data-e-type=\"section\">\n\t\t\t\t\t\t<div class=\"elementor-container elementor-column-gap-default\">\n\t\t\t\t\t<div class=\"elementor-column elementor-col-100 elementor-top-column elementor-element elementor-element-52e0256\" data-id=\"52e0256\" data-element_type=\"column\" data-e-type=\"column\">\n\t\t\t<div class=\"elementor-widget-wrap elementor-element-populated\">\n\t\t\t\t\t\t<div class=\"elementor-element elementor-element-a508185 elementor-button-info elementor-align-justify elementor-widget elementor-widget-button\" data-id=\"a508185\" data-element_type=\"widget\" data-e-type=\"widget\" data-widget_type=\"button.default\">\n\t\t\t\t<div class=\"elementor-widget-container\">\n\t\t\t\t\t\t\t\t\t<div class=\"elementor-button-wrapper\">\n\t\t\t\t\t<a class=\"elementor-button elementor-button-link elementor-size-sm\" href=\"https:\/\/www.idealpropertymallorca.com\/blog\/es\/playa-de-sant-joan\/\">\n\t\t\t\t\t\t<span class=\"elementor-button-content-wrapper\">\n\t\t\t\t\t\t<span class=\"elementor-button-icon\">\n\t\t\t\t<i aria-hidden=\"true\" class=\"far fa-star\"><\/i>\t\t\t<\/span>\n\t\t\t\t\t\t\t\t\t<span class=\"elementor-button-text\">La playa de Sant Joan en Alc\u00fadia, un lugar para disfrutar de la naturaleza. \u00a1Lee m\u00e1s!<\/span>\n\t\t\t\t\t<\/span>\n\t\t\t\t\t<\/a>\n\t\t\t\t<\/div>\n\t\t\t\t\t\t\t\t<\/div>\n\t\t\t\t<\/div>\n\t\t\t\t\t<\/div>\n\t\t<\/div>\n\t\t\t\t\t<\/div>\n\t\t<\/section>\n\t\t\t\t<section class=\"elementor-section elementor-top-section elementor-element elementor-element-1838af23 elementor-section-boxed elementor-section-height-default elementor-section-height-default\" data-id=\"1838af23\" data-element_type=\"section\" data-e-type=\"section\">\n\t\t\t\t\t\t<div class=\"elementor-container elementor-column-gap-default\">\n\t\t\t\t\t<div class=\"elementor-column elementor-col-50 elementor-top-column elementor-element elementor-element-9c70786\" data-id=\"9c70786\" data-element_type=\"column\" data-e-type=\"column\">\n\t\t\t<div class=\"elementor-widget-wrap elementor-element-populated\">\n\t\t\t\t\t\t<div class=\"elementor-element elementor-element-62d96efd elementor-widget elementor-widget-heading\" data-id=\"62d96efd\" data-element_type=\"widget\" data-e-type=\"widget\" data-widget_type=\"heading.default\">\n\t\t\t\t<div class=\"elementor-widget-container\">\n\t\t\t\t\t<h2 class=\"elementor-heading-title elementor-size-default\">\nPuerto de Alcudia\n<\/h2>\t\t\t\t<\/div>\n\t\t\t\t<\/div>\n\t\t\t\t<div class=\"elementor-element elementor-element-624ce6dc elementor-widget elementor-widget-text-editor\" data-id=\"624ce6dc\" data-element_type=\"widget\" data-e-type=\"widget\" data-widget_type=\"text-editor.default\">\n\t\t\t\t<div class=\"elementor-widget-container\">\n\t\t\t\t\t\t\t\t\t<p><span style=\"font-weight: 400;\">Es el <\/span><b>epicentro tur\u00edstico, cultural y social<\/b><span style=\"font-weight: 400;\"> de la localidad. Dispone de multitud de servicios, bares, restaurantes y atractivos. De hecho, es un punto de encuentro habitual de la gente m\u00e1s <\/span><i><span style=\"font-weight: 400;\">chic.<\/span><\/i><\/p>\n<p><span style=\"font-weight: 400;\">Adem\u00e1s, por supuesto, es el lugar id\u00f3neo para contratar <\/span><b>excursiones mar\u00edtimas<\/b><span style=\"font-weight: 400;\"> o embarcaciones. \u00bfQu\u00e9 te parece hacer una ruta en barco a Formentor, las Cuevas del Drach o Menorca? Tambi\u00e9n hay multitud de <\/span><b>deportes acu\u00e1ticos<\/b><span style=\"font-weight: 400;\">, como el esn\u00f3rquel, <\/span><i><span style=\"font-weight: 400;\">coasteering <\/span><\/i><span style=\"font-weight: 400;\">y <\/span><i><span style=\"font-weight: 400;\">kayak<\/span><\/i><span style=\"font-weight: 400;\">.<\/span><\/p>\n<p><span style=\"font-weight: 400;\">Pasear por sus d\u00e1rsenas y contemplar las naves que lo pueblan te ayudar\u00e1 a sentirte relajado y tranquilo. En buena compa\u00f1\u00eda, puede tornarse en una fant\u00e1stica experiencia rom\u00e1ntica.<\/span><\/p>\t\t\t\t\t\t\t\t<\/div>\n\t\t\t\t<\/div>\n\t\t\t\t\t<\/div>\n\t\t<\/div>\n\t\t\t\t<div class=\"elementor-column elementor-col-50 elementor-top-column elementor-element elementor-element-f457d0e\" data-id=\"f457d0e\" data-element_type=\"column\" data-e-type=\"column\">\n\t\t\t<div class=\"elementor-widget-wrap elementor-element-populated\">\n\t\t\t\t\t\t<div class=\"elementor-element elementor-element-3e830ac8 elementor-widget__width-initial elementor-widget elementor-widget-image\" data-id=\"3e830ac8\" data-element_type=\"widget\" data-e-type=\"widget\" data-widget_type=\"image.default\">\n\t\t\t\t<div class=\"elementor-widget-container\">\n\t\t\t\t\t\t\t\t\t\t\t\t\t\t\t<img decoding=\"async\" src=\"https:\/\/www.idealpropertymallorca.com\/blog\/wp-content\/uploads\/2023\/02\/Captura-de-pantalla-2024-02-29-130533.png\" title=\"Puerto de Alcudia\" alt=\"Alcudia Puerto\" loading=\"lazy\" \/>\t\t\t\t\t\t\t\t\t\t\t\t\t\t\t<\/div>\n\t\t\t\t<\/div>\n\t\t\t\t\t<\/div>\n\t\t<\/div>\n\t\t\t\t\t<\/div>\n\t\t<\/section>\n\t\t\t\t<section class=\"elementor-section elementor-top-section elementor-element elementor-element-9006fe7 elementor-section-boxed elementor-section-height-default elementor-section-height-default\" data-id=\"9006fe7\" data-element_type=\"section\" data-e-type=\"section\">\n\t\t\t\t\t\t<div class=\"elementor-container elementor-column-gap-default\">\n\t\t\t\t\t<div class=\"elementor-column elementor-col-50 elementor-top-column elementor-element elementor-element-f35d42b\" data-id=\"f35d42b\" data-element_type=\"column\" data-e-type=\"column\">\n\t\t\t<div class=\"elementor-widget-wrap elementor-element-populated\">\n\t\t\t\t\t\t<div class=\"elementor-element elementor-element-00113eb elementor-widget elementor-widget-heading\" data-id=\"00113eb\" data-element_type=\"widget\" data-e-type=\"widget\" data-widget_type=\"heading.default\">\n\t\t\t\t<div class=\"elementor-widget-container\">\n\t\t\t\t\t<h2 class=\"elementor-heading-title elementor-size-default\">Playas de Alcudia\n<\/h2>\t\t\t\t<\/div>\n\t\t\t\t<\/div>\n\t\t\t\t<div class=\"elementor-element elementor-element-1bf52d3 elementor-widget elementor-widget-text-editor\" data-id=\"1bf52d3\" data-element_type=\"widget\" data-e-type=\"widget\" data-widget_type=\"text-editor.default\">\n\t\t\t\t<div class=\"elementor-widget-container\">\n\t\t\t\t\t\t\t\t\t<p><span style=\"font-weight: 400;\">Quienes se alojan en esta ciudad tienen la posibilidad de elegir entre estupendas <\/span><a href=\"https:\/\/www.idealpropertymallorca.com\/blog\/es\/cuales-son-las-calas-y-las-playas-de-alcudia-mas-impactantes\/\"><span style=\"font-weight: 400;\">playas.<\/span><\/a><span style=\"font-weight: 400;\"> La m\u00e1s popular entre sus visitantes es la que tiene su nombre, situada junto al Puerto y que, por ello, se beneficia del ambiente social de la zona. La <\/span><b>playa de Alcudia<\/b><span style=\"font-weight: 400;\"> es amplia, c\u00f3moda, tiene buenos servicios y atrae a toda clase de turistas.<\/span><\/p><p><span style=\"font-weight: 400;\">Otra de las playas de Alcudia que no debes perderte es la de <\/span><b>Muro<\/b><span style=\"font-weight: 400;\">. Sus casi 6 kil\u00f3metros de longitud la convierten en la m\u00e1s larga de toda Mallorca. Pide una paella, una mariscada o pescado en sus chiringuitos y te chupar\u00e1s los dedos.<\/span><\/p><p><span style=\"font-weight: 400;\">\u00bfQuieres seguir explorando playas pr\u00f3ximas con alma? Anota estos nombres: <\/span><b>Coll Baix, Sant Pere y San Joan<\/b><span style=\"font-weight: 400;\">. Asimismo, hay una gran cantidad de calas paradis\u00edacas que constituyen bell\u00edsimos templos a la soledad.<\/span><\/p>\t\t\t\t\t\t\t\t<\/div>\n\t\t\t\t<\/div>\n\t\t\t\t\t<\/div>\n\t\t<\/div>\n\t\t\t\t<div class=\"elementor-column elementor-col-50 elementor-top-column elementor-element elementor-element-e0d7f78\" data-id=\"e0d7f78\" data-element_type=\"column\" data-e-type=\"column\">\n\t\t\t<div class=\"elementor-widget-wrap elementor-element-populated\">\n\t\t\t\t\t\t<div class=\"elementor-element elementor-element-6bc3d65 elementor-widget__width-initial elementor-widget elementor-widget-image\" data-id=\"6bc3d65\" data-element_type=\"widget\" data-e-type=\"widget\" data-widget_type=\"image.default\">\n\t\t\t\t<div class=\"elementor-widget-container\">\n\t\t\t\t\t\t\t\t\t\t\t\t\t\t\t<img decoding=\"async\" width=\"800\" height=\"400\" src=\"https:\/\/www.idealpropertymallorca.com\/blog\/wp-content\/uploads\/2023\/02\/Playa-de-Alcudia.png\" class=\"attachment-large size-large wp-image-5605\" alt=\"Playa de Alcudia\" srcset=\"https:\/\/www.idealpropertymallorca.com\/blog\/wp-content\/uploads\/2023\/02\/Playa-de-Alcudia.png 872w, https:\/\/www.idealpropertymallorca.com\/blog\/wp-content\/uploads\/2023\/02\/Playa-de-Alcudia-768x384.png 768w\" sizes=\"(max-width: 800px) 100vw, 800px\" \/>\t\t\t\t\t\t\t\t\t\t\t\t\t\t\t<\/div>\n\t\t\t\t<\/div>\n\t\t\t\t\t<\/div>\n\t\t<\/div>\n\t\t\t\t\t<\/div>\n\t\t<\/section>\n\t\t\t\t<section class=\"elementor-section elementor-top-section elementor-element elementor-element-2b14066 elementor-section-boxed elementor-section-height-default elementor-section-height-default\" data-id=\"2b14066\" data-element_type=\"section\" data-e-type=\"section\">\n\t\t\t\t\t\t<div class=\"elementor-container elementor-column-gap-default\">\n\t\t\t\t\t<div class=\"elementor-column elementor-col-100 elementor-top-column elementor-element elementor-element-95810ef\" data-id=\"95810ef\" data-element_type=\"column\" data-e-type=\"column\">\n\t\t\t<div class=\"elementor-widget-wrap elementor-element-populated\">\n\t\t\t\t\t\t<div class=\"elementor-element elementor-element-2398fd3 elementor-widget elementor-widget-heading\" data-id=\"2398fd3\" data-element_type=\"widget\" data-e-type=\"widget\" data-widget_type=\"heading.default\">\n\t\t\t\t<div class=\"elementor-widget-container\">\n\t\t\t\t\t<h2 class=\"elementor-heading-title elementor-size-default\">Qu\u00e9 m\u00e1s ver en Alcudia y alrededores<\/h2>\t\t\t\t<\/div>\n\t\t\t\t<\/div>\n\t\t\t\t<div class=\"elementor-element elementor-element-b13f500 elementor-widget elementor-widget-text-editor\" data-id=\"b13f500\" data-element_type=\"widget\" data-e-type=\"widget\" data-widget_type=\"text-editor.default\">\n\t\t\t\t<div class=\"elementor-widget-container\">\n\t\t\t\t\t\t\t\t\t<p><span style=\"font-weight: 400;\">Esta localidad y su entorno tienen muchos atractivos. Por ejemplo, el <\/span><b>Museo Sa Bassa Blanca <\/b><span style=\"font-weight: 400;\">es una opci\u00f3n excelente para disfrutar en familia. Las gigantescas esculturas de animales estimulan la imaginaci\u00f3n de los peque\u00f1os en contacto con la naturaleza. Igualmente, incluye obras de arte y bellos edificios. Para llegar hasta \u00e9l solo tendr\u00e1s que desplazarte 7 kil\u00f3metros desde el centro de Alcudia.<\/span><\/p><p><span style=\"font-weight: 400;\">Por otro lado, la <\/span><b>ciudad romana de Pollentia<\/b><span style=\"font-weight: 400;\"> tiene un im\u00e1n para los aficionados a la arqueolog\u00eda y la historia. Se sit\u00faa junto al espacio amurallado de la ciudad y ofrece vestigios de su pasado romano. Y es que Pollentia, fundada en el 123 a. C., lleg\u00f3 a ser la capital balear en aquel tiempo.<\/span><\/p><p><span style=\"font-weight: 400;\">La <\/span><b>iglesia de Sant Jaume<\/b><span style=\"font-weight: 400;\">, por \u00faltimo, es la edificaci\u00f3n religiosa m\u00e1s destacable. De su construcci\u00f3n original del siglo XIV no qued\u00f3 nada tras el inesperado derrumbamiento que sufri\u00f3 a principios del siglo XIX. Despu\u00e9s se reconstruy\u00f3 y acab\u00f3 dedicada a Santiago, el patr\u00f3n alcudiense.<\/span><\/p><p><span style=\"font-weight: 400;\">Ahora ya sabes <\/span><b>qu\u00e9 ver en Alcudia Mallorca<\/b><span style=\"font-weight: 400;\"> y, probablemente, te hemos convencido para visitarla cuanto antes. Utiliza nuestro buscador de <\/span><a href=\"https:\/\/www.idealpropertymallorca.com\/es\/alquiler\/alquileres-alcudia-d1098\/\"><span style=\"font-weight: 400;\">alojamiento Ideal Property Mallorca<\/span><\/a><span style=\"font-weight: 400;\"> para encontrar tu residencia vacacional perfecta en Alcudia. \u00a1Prep\u00e1rate para vivir una escapada inolvidable!<\/span><\/p>\t\t\t\t\t\t\t\t<\/div>\n\t\t\t\t<\/div>\n\t\t\t\t<div class=\"elementor-element elementor-element-d2395da elementor-widget elementor-widget-heading\" data-id=\"d2395da\" data-element_type=\"widget\" data-e-type=\"widget\" data-widget_type=\"heading.default\">\n\t\t\t\t<div class=\"elementor-widget-container\">\n\t\t\t\t\t<h2 class=\"elementor-heading-title elementor-size-default\">\u00bfTe gustar\u00eda alojarte en Alcudia?<\/h2>\t\t\t\t<\/div>\n\t\t\t\t<\/div>\n\t\t\t\t\t<\/div>\n\t\t<\/div>\n\t\t\t\t\t<\/div>\n\t\t<\/section>\n\t\t\t\t<section class=\"elementor-section elementor-top-section elementor-element elementor-element-5330788a elementor-section-boxed elementor-section-height-default elementor-section-height-default\" data-id=\"5330788a\" data-element_type=\"section\" data-e-type=\"section\">\n\t\t\t\t\t\t<div class=\"elementor-container elementor-column-gap-default\">\n\t\t\t\t\t<div class=\"elementor-column elementor-col-33 elementor-top-column elementor-element elementor-element-626c240\" data-id=\"626c240\" data-element_type=\"column\" data-e-type=\"column\" data-settings=\"{&quot;background_background&quot;:&quot;classic&quot;}\">\n\t\t\t<div class=\"elementor-widget-wrap elementor-element-populated\">\n\t\t\t\t\t\t<div class=\"elementor-element elementor-element-7002ed01 elementor-align-center elementor-widget elementor-widget-button\" data-id=\"7002ed01\" data-element_type=\"widget\" data-e-type=\"widget\" data-widget_type=\"button.default\">\n\t\t\t\t<div class=\"elementor-widget-container\">\n\t\t\t\t\t\t\t\t\t<div class=\"elementor-button-wrapper\">\n\t\t\t\t\t<a class=\"elementor-button elementor-button-link elementor-size-sm\" href=\"https:\/\/www.idealpropertymallorca.com\/es\/fincas-en-alcudia\/\">\n\t\t\t\t\t\t<span class=\"elementor-button-content-wrapper\">\n\t\t\t\t\t\t\t\t\t<span class=\"elementor-button-text\">Fincas rurales en Alcudia<\/span>\n\t\t\t\t\t<\/span>\n\t\t\t\t\t<\/a>\n\t\t\t\t<\/div>\n\t\t\t\t\t\t\t\t<\/div>\n\t\t\t\t<\/div>\n\t\t\t\t\t<\/div>\n\t\t<\/div>\n\t\t\t\t<div class=\"elementor-column elementor-col-33 elementor-top-column elementor-element elementor-element-42977176\" data-id=\"42977176\" data-element_type=\"column\" data-e-type=\"column\" data-settings=\"{&quot;background_background&quot;:&quot;classic&quot;}\">\n\t\t\t<div class=\"elementor-widget-wrap elementor-element-populated\">\n\t\t\t\t\t\t<div class=\"elementor-element elementor-element-5509f6e3 elementor-align-center elementor-widget elementor-widget-button\" data-id=\"5509f6e3\" data-element_type=\"widget\" data-e-type=\"widget\" data-widget_type=\"button.default\">\n\t\t\t\t<div class=\"elementor-widget-container\">\n\t\t\t\t\t\t\t\t\t<div class=\"elementor-button-wrapper\">\n\t\t\t\t\t<a class=\"elementor-button elementor-button-link elementor-size-sm\" href=\"https:\/\/www.idealpropertymallorca.com\/es\/apartamentos-alcudia-mallorca\/\">\n\t\t\t\t\t\t<span class=\"elementor-button-content-wrapper\">\n\t\t\t\t\t\t\t\t\t<span class=\"elementor-button-text\">Apartamentos en Alcudia<\/span>\n\t\t\t\t\t<\/span>\n\t\t\t\t\t<\/a>\n\t\t\t\t<\/div>\n\t\t\t\t\t\t\t\t<\/div>\n\t\t\t\t<\/div>\n\t\t\t\t\t<\/div>\n\t\t<\/div>\n\t\t\t\t<div class=\"elementor-column elementor-col-33 elementor-top-column elementor-element elementor-element-3be0375a\" data-id=\"3be0375a\" data-element_type=\"column\" data-e-type=\"column\" data-settings=\"{&quot;background_background&quot;:&quot;classic&quot;}\">\n\t\t\t<div class=\"elementor-widget-wrap elementor-element-populated\">\n\t\t\t\t\t\t<div class=\"elementor-element elementor-element-21f272c6 elementor-align-center elementor-widget elementor-widget-button\" data-id=\"21f272c6\" data-element_type=\"widget\" data-e-type=\"widget\" data-widget_type=\"button.default\">\n\t\t\t\t<div class=\"elementor-widget-container\">\n\t\t\t\t\t\t\t\t\t<div class=\"elementor-button-wrapper\">\n\t\t\t\t\t<a class=\"elementor-button elementor-button-link elementor-size-sm\" href=\"https:\/\/www.idealpropertymallorca.com\/es\/casas-en-alcudia\/\">\n\t\t\t\t\t\t<span class=\"elementor-button-content-wrapper\">\n\t\t\t\t\t\t\t\t\t<span class=\"elementor-button-text\">Casas vacacionales en Alcudia<\/span>\n\t\t\t\t\t<\/span>\n\t\t\t\t\t<\/a>\n\t\t\t\t<\/div>\n\t\t\t\t\t\t\t\t<\/div>\n\t\t\t\t<\/div>\n\t\t\t\t\t<\/div>\n\t\t<\/div>\n\t\t\t\t\t<\/div>\n\t\t<\/section>\n\t\t\t\t<\/div>\n\t\t","protected":false},"excerpt":{"rendered":"<p>Si sueles preguntarte qu\u00e9 ver en Alcudia Mallorca, ha llegado el momento de vivirla. Esta localidad alberga playas espectaculares, como Muro y Alcudia, un casco viejo amurallado y bellos edificios. Adem\u00e1s, ir de compras es una delicia. Si eres un aficionado a la cultura, tambi\u00e9n te ofrece interesantes opciones. \u00bfRepasamos juntos sus principales atractivos? Casco [&hellip;]<\/p>\n","protected":false},"author":3,"featured_media":20192,"comment_status":"open","ping_status":"open","sticky":false,"template":"","format":"standard","meta":{"footnotes":""},"categories":[727],"tags":[64,38,40,42,65],"class_list":["post-1277","post","type-post","status-publish","format-standard","has-post-thumbnail","hentry","category-pueblos-y-ciudades","tag-alcudia-mallorca-es","tag-apartments-alcudia","tag-beaches-alcudia-2","tag-best-beaches-alcudia","tag-mallorca-es"],"yoast_head":"<!-- This site is optimized with the Yoast SEO plugin v27.4 - https:\/\/yoast.com\/product\/yoast-seo-wordpress\/ -->\n<title>Qu\u00e9 ver en Alcudia Mallorca y c\u00f3mo encontrar alojamiento id\u00f3neo<\/title>\n<meta name=\"description\" content=\"\u00bfTe preguntas qu\u00e9 ver en Alcudia Mallorca? Si lees este post, descubrir\u00e1s un destino que lo tiene todo. Disfruta con un alojamiento id\u00f3neo\" \/>\n<meta name=\"robots\" content=\"index, follow, max-snippet:-1, max-image-preview:large, max-video-preview:-1\" \/>\n<link rel=\"canonical\" href=\"https:\/\/www.idealpropertymallorca.com\/blog\/es\/que-ver-en-alcudia-mallorca-y-como-encontrarel-alojamiento-idoneo\/\" \/>\n<meta property=\"og:locale\" content=\"es_ES\" \/>\n<meta property=\"og:type\" content=\"article\" \/>\n<meta property=\"og:title\" content=\"Qu\u00e9 ver en Alcudia Mallorca y c\u00f3mo encontrar alojamiento id\u00f3neo\" \/>\n<meta property=\"og:description\" content=\"\u00bfTe preguntas qu\u00e9 ver en Alcudia Mallorca? Si lees este post, descubrir\u00e1s un destino que lo tiene todo. Disfruta con un alojamiento id\u00f3neo\" \/>\n<meta property=\"og:url\" content=\"https:\/\/www.idealpropertymallorca.com\/blog\/es\/que-ver-en-alcudia-mallorca-y-como-encontrarel-alojamiento-idoneo\/\" \/>\n<meta property=\"og:site_name\" content=\"Majorca Blog\" \/>\n<meta property=\"article:published_time\" content=\"2023-02-08T11:47:36+00:00\" \/>\n<meta property=\"article:modified_time\" content=\"2025-06-10T07:19:28+00:00\" \/>\n<meta property=\"og:image\" content=\"https:\/\/www.idealpropertymallorca.com\/blog\/wp-content\/uploads\/2023\/02\/alcudia-mallorca-rural-que-ver-1-1.webp\" \/>\n\t<meta property=\"og:image:width\" content=\"1920\" \/>\n\t<meta property=\"og:image:height\" content=\"400\" \/>\n\t<meta property=\"og:image:type\" content=\"image\/webp\" \/>\n<meta name=\"author\" content=\"digitalservices\" \/>\n<meta name=\"twitter:card\" content=\"summary_large_image\" \/>\n<meta name=\"twitter:label1\" content=\"Written by\" \/>\n\t<meta name=\"twitter:data1\" content=\"digitalservices\" \/>\n\t<meta name=\"twitter:label2\" content=\"Est. reading time\" \/>\n\t<meta name=\"twitter:data2\" content=\"5 minutes\" \/>\n<script type=\"application\/ld+json\" class=\"yoast-schema-graph\">{\"@context\":\"https:\\\/\\\/schema.org\",\"@graph\":[{\"@type\":\"Article\",\"@id\":\"https:\\\/\\\/www.idealpropertymallorca.com\\\/blog\\\/es\\\/que-ver-en-alcudia-mallorca-y-como-encontrarel-alojamiento-idoneo\\\/#article\",\"isPartOf\":{\"@id\":\"https:\\\/\\\/www.idealpropertymallorca.com\\\/blog\\\/es\\\/que-ver-en-alcudia-mallorca-y-como-encontrarel-alojamiento-idoneo\\\/\"},\"author\":{\"name\":\"digitalservices\",\"@id\":\"https:\\\/\\\/www.idealpropertymallorca.com\\\/blog\\\/es\\\/#\\\/schema\\\/person\\\/8afda339a8de0d6db90fffb895f38917\"},\"headline\":\"Te recomendamos qu\u00e9 ver en Alc\u00fadia Mallorca durante tus vacaciones\",\"datePublished\":\"2023-02-08T11:47:36+00:00\",\"dateModified\":\"2025-06-10T07:19:28+00:00\",\"mainEntityOfPage\":{\"@id\":\"https:\\\/\\\/www.idealpropertymallorca.com\\\/blog\\\/es\\\/que-ver-en-alcudia-mallorca-y-como-encontrarel-alojamiento-idoneo\\\/\"},\"wordCount\":909,\"commentCount\":0,\"publisher\":{\"@id\":\"https:\\\/\\\/www.idealpropertymallorca.com\\\/blog\\\/es\\\/#organization\"},\"image\":{\"@id\":\"https:\\\/\\\/www.idealpropertymallorca.com\\\/blog\\\/es\\\/que-ver-en-alcudia-mallorca-y-como-encontrarel-alojamiento-idoneo\\\/#primaryimage\"},\"thumbnailUrl\":\"https:\\\/\\\/www.idealpropertymallorca.com\\\/blog\\\/wp-content\\\/uploads\\\/2023\\\/02\\\/alcudia-mallorca-rural-que-ver-1-1.webp\",\"keywords\":[\"alcudia mallorca\",\"Apartments Alcudia\",\"Beaches Alcudia\",\"best beaches Alcudia\",\"mallorca\"],\"articleSection\":[\"Pueblos y ciudades\"],\"inLanguage\":\"es\",\"potentialAction\":[{\"@type\":\"CommentAction\",\"name\":\"Comment\",\"target\":[\"https:\\\/\\\/www.idealpropertymallorca.com\\\/blog\\\/es\\\/que-ver-en-alcudia-mallorca-y-como-encontrarel-alojamiento-idoneo\\\/#respond\"]}]},{\"@type\":\"WebPage\",\"@id\":\"https:\\\/\\\/www.idealpropertymallorca.com\\\/blog\\\/es\\\/que-ver-en-alcudia-mallorca-y-como-encontrarel-alojamiento-idoneo\\\/\",\"url\":\"https:\\\/\\\/www.idealpropertymallorca.com\\\/blog\\\/es\\\/que-ver-en-alcudia-mallorca-y-como-encontrarel-alojamiento-idoneo\\\/\",\"name\":\"Qu\u00e9 ver en Alcudia Mallorca y c\u00f3mo encontrar alojamiento id\u00f3neo\",\"isPartOf\":{\"@id\":\"https:\\\/\\\/www.idealpropertymallorca.com\\\/blog\\\/es\\\/#website\"},\"primaryImageOfPage\":{\"@id\":\"https:\\\/\\\/www.idealpropertymallorca.com\\\/blog\\\/es\\\/que-ver-en-alcudia-mallorca-y-como-encontrarel-alojamiento-idoneo\\\/#primaryimage\"},\"image\":{\"@id\":\"https:\\\/\\\/www.idealpropertymallorca.com\\\/blog\\\/es\\\/que-ver-en-alcudia-mallorca-y-como-encontrarel-alojamiento-idoneo\\\/#primaryimage\"},\"thumbnailUrl\":\"https:\\\/\\\/www.idealpropertymallorca.com\\\/blog\\\/wp-content\\\/uploads\\\/2023\\\/02\\\/alcudia-mallorca-rural-que-ver-1-1.webp\",\"datePublished\":\"2023-02-08T11:47:36+00:00\",\"dateModified\":\"2025-06-10T07:19:28+00:00\",\"description\":\"\u00bfTe preguntas qu\u00e9 ver en Alcudia Mallorca? Si lees este post, descubrir\u00e1s un destino que lo tiene todo. Disfruta con un alojamiento id\u00f3neo\",\"inLanguage\":\"es\",\"potentialAction\":[{\"@type\":\"ReadAction\",\"target\":[\"https:\\\/\\\/www.idealpropertymallorca.com\\\/blog\\\/es\\\/que-ver-en-alcudia-mallorca-y-como-encontrarel-alojamiento-idoneo\\\/\"]}]},{\"@type\":\"ImageObject\",\"inLanguage\":\"es\",\"@id\":\"https:\\\/\\\/www.idealpropertymallorca.com\\\/blog\\\/es\\\/que-ver-en-alcudia-mallorca-y-como-encontrarel-alojamiento-idoneo\\\/#primaryimage\",\"url\":\"https:\\\/\\\/www.idealpropertymallorca.com\\\/blog\\\/wp-content\\\/uploads\\\/2023\\\/02\\\/alcudia-mallorca-rural-que-ver-1-1.webp\",\"contentUrl\":\"https:\\\/\\\/www.idealpropertymallorca.com\\\/blog\\\/wp-content\\\/uploads\\\/2023\\\/02\\\/alcudia-mallorca-rural-que-ver-1-1.webp\",\"width\":1920,\"height\":400},{\"@type\":\"WebSite\",\"@id\":\"https:\\\/\\\/www.idealpropertymallorca.com\\\/blog\\\/es\\\/#website\",\"url\":\"https:\\\/\\\/www.idealpropertymallorca.com\\\/blog\\\/es\\\/\",\"name\":\"Majorca Blog\",\"description\":\"Find relevant tourist information to see and do on the island of Mallorca during your holiday. Discover the best places and tips!\",\"publisher\":{\"@id\":\"https:\\\/\\\/www.idealpropertymallorca.com\\\/blog\\\/es\\\/#organization\"},\"potentialAction\":[{\"@type\":\"SearchAction\",\"target\":{\"@type\":\"EntryPoint\",\"urlTemplate\":\"https:\\\/\\\/www.idealpropertymallorca.com\\\/blog\\\/es\\\/?s={search_term_string}\"},\"query-input\":{\"@type\":\"PropertyValueSpecification\",\"valueRequired\":true,\"valueName\":\"search_term_string\"}}],\"inLanguage\":\"es\"},{\"@type\":\"Organization\",\"@id\":\"https:\\\/\\\/www.idealpropertymallorca.com\\\/blog\\\/es\\\/#organization\",\"name\":\"Majorca Blog\",\"url\":\"https:\\\/\\\/www.idealpropertymallorca.com\\\/blog\\\/es\\\/\",\"logo\":{\"@type\":\"ImageObject\",\"inLanguage\":\"es\",\"@id\":\"https:\\\/\\\/www.idealpropertymallorca.com\\\/blog\\\/es\\\/#\\\/schema\\\/logo\\\/image\\\/\",\"url\":\"https:\\\/\\\/www.idealpropertymallorca.com\\\/blog\\\/wp-content\\\/uploads\\\/2024\\\/10\\\/ideal-property-mallorca-blue-mobile.png\",\"contentUrl\":\"https:\\\/\\\/www.idealpropertymallorca.com\\\/blog\\\/wp-content\\\/uploads\\\/2024\\\/10\\\/ideal-property-mallorca-blue-mobile.png\",\"width\":500,\"height\":150,\"caption\":\"Majorca Blog\"},\"image\":{\"@id\":\"https:\\\/\\\/www.idealpropertymallorca.com\\\/blog\\\/es\\\/#\\\/schema\\\/logo\\\/image\\\/\"}},{\"@type\":\"Person\",\"@id\":\"https:\\\/\\\/www.idealpropertymallorca.com\\\/blog\\\/es\\\/#\\\/schema\\\/person\\\/8afda339a8de0d6db90fffb895f38917\",\"name\":\"digitalservices\",\"image\":{\"@type\":\"ImageObject\",\"inLanguage\":\"es\",\"@id\":\"https:\\\/\\\/secure.gravatar.com\\\/avatar\\\/af30f88a1904294c1f3eb09a9d7903eec4ffa18fa2cf40c28a8681014ecdfc20?s=96&d=mm&r=g\",\"url\":\"https:\\\/\\\/secure.gravatar.com\\\/avatar\\\/af30f88a1904294c1f3eb09a9d7903eec4ffa18fa2cf40c28a8681014ecdfc20?s=96&d=mm&r=g\",\"contentUrl\":\"https:\\\/\\\/secure.gravatar.com\\\/avatar\\\/af30f88a1904294c1f3eb09a9d7903eec4ffa18fa2cf40c28a8681014ecdfc20?s=96&d=mm&r=g\",\"caption\":\"digitalservices\"}}]}<\/script>\n<!-- \/ Yoast SEO plugin. -->","yoast_head_json":{"title":"Qu\u00e9 ver en Alcudia Mallorca y c\u00f3mo encontrar alojamiento id\u00f3neo","description":"\u00bfTe preguntas qu\u00e9 ver en Alcudia Mallorca? Si lees este post, descubrir\u00e1s un destino que lo tiene todo. Disfruta con un alojamiento id\u00f3neo","robots":{"index":"index","follow":"follow","max-snippet":"max-snippet:-1","max-image-preview":"max-image-preview:large","max-video-preview":"max-video-preview:-1"},"canonical":"https:\/\/www.idealpropertymallorca.com\/blog\/es\/que-ver-en-alcudia-mallorca-y-como-encontrarel-alojamiento-idoneo\/","og_locale":"es_ES","og_type":"article","og_title":"Qu\u00e9 ver en Alcudia Mallorca y c\u00f3mo encontrar alojamiento id\u00f3neo","og_description":"\u00bfTe preguntas qu\u00e9 ver en Alcudia Mallorca? Si lees este post, descubrir\u00e1s un destino que lo tiene todo. Disfruta con un alojamiento id\u00f3neo","og_url":"https:\/\/www.idealpropertymallorca.com\/blog\/es\/que-ver-en-alcudia-mallorca-y-como-encontrarel-alojamiento-idoneo\/","og_site_name":"Majorca Blog","article_published_time":"2023-02-08T11:47:36+00:00","article_modified_time":"2025-06-10T07:19:28+00:00","og_image":[{"width":1920,"height":400,"url":"https:\/\/www.idealpropertymallorca.com\/blog\/wp-content\/uploads\/2023\/02\/alcudia-mallorca-rural-que-ver-1-1.webp","type":"image\/webp"}],"author":"digitalservices","twitter_card":"summary_large_image","twitter_misc":{"Written by":"digitalservices","Est. reading time":"5 minutes"},"schema":{"@context":"https:\/\/schema.org","@graph":[{"@type":"Article","@id":"https:\/\/www.idealpropertymallorca.com\/blog\/es\/que-ver-en-alcudia-mallorca-y-como-encontrarel-alojamiento-idoneo\/#article","isPartOf":{"@id":"https:\/\/www.idealpropertymallorca.com\/blog\/es\/que-ver-en-alcudia-mallorca-y-como-encontrarel-alojamiento-idoneo\/"},"author":{"name":"digitalservices","@id":"https:\/\/www.idealpropertymallorca.com\/blog\/es\/#\/schema\/person\/8afda339a8de0d6db90fffb895f38917"},"headline":"Te recomendamos qu\u00e9 ver en Alc\u00fadia Mallorca durante tus vacaciones","datePublished":"2023-02-08T11:47:36+00:00","dateModified":"2025-06-10T07:19:28+00:00","mainEntityOfPage":{"@id":"https:\/\/www.idealpropertymallorca.com\/blog\/es\/que-ver-en-alcudia-mallorca-y-como-encontrarel-alojamiento-idoneo\/"},"wordCount":909,"commentCount":0,"publisher":{"@id":"https:\/\/www.idealpropertymallorca.com\/blog\/es\/#organization"},"image":{"@id":"https:\/\/www.idealpropertymallorca.com\/blog\/es\/que-ver-en-alcudia-mallorca-y-como-encontrarel-alojamiento-idoneo\/#primaryimage"},"thumbnailUrl":"https:\/\/www.idealpropertymallorca.com\/blog\/wp-content\/uploads\/2023\/02\/alcudia-mallorca-rural-que-ver-1-1.webp","keywords":["alcudia mallorca","Apartments Alcudia","Beaches Alcudia","best beaches Alcudia","mallorca"],"articleSection":["Pueblos y ciudades"],"inLanguage":"es","potentialAction":[{"@type":"CommentAction","name":"Comment","target":["https:\/\/www.idealpropertymallorca.com\/blog\/es\/que-ver-en-alcudia-mallorca-y-como-encontrarel-alojamiento-idoneo\/#respond"]}]},{"@type":"WebPage","@id":"https:\/\/www.idealpropertymallorca.com\/blog\/es\/que-ver-en-alcudia-mallorca-y-como-encontrarel-alojamiento-idoneo\/","url":"https:\/\/www.idealpropertymallorca.com\/blog\/es\/que-ver-en-alcudia-mallorca-y-como-encontrarel-alojamiento-idoneo\/","name":"Qu\u00e9 ver en Alcudia Mallorca y c\u00f3mo encontrar alojamiento id\u00f3neo","isPartOf":{"@id":"https:\/\/www.idealpropertymallorca.com\/blog\/es\/#website"},"primaryImageOfPage":{"@id":"https:\/\/www.idealpropertymallorca.com\/blog\/es\/que-ver-en-alcudia-mallorca-y-como-encontrarel-alojamiento-idoneo\/#primaryimage"},"image":{"@id":"https:\/\/www.idealpropertymallorca.com\/blog\/es\/que-ver-en-alcudia-mallorca-y-como-encontrarel-alojamiento-idoneo\/#primaryimage"},"thumbnailUrl":"https:\/\/www.idealpropertymallorca.com\/blog\/wp-content\/uploads\/2023\/02\/alcudia-mallorca-rural-que-ver-1-1.webp","datePublished":"2023-02-08T11:47:36+00:00","dateModified":"2025-06-10T07:19:28+00:00","description":"\u00bfTe preguntas qu\u00e9 ver en Alcudia Mallorca? Si lees este post, descubrir\u00e1s un destino que lo tiene todo. Disfruta con un alojamiento id\u00f3neo","inLanguage":"es","potentialAction":[{"@type":"ReadAction","target":["https:\/\/www.idealpropertymallorca.com\/blog\/es\/que-ver-en-alcudia-mallorca-y-como-encontrarel-alojamiento-idoneo\/"]}]},{"@type":"ImageObject","inLanguage":"es","@id":"https:\/\/www.idealpropertymallorca.com\/blog\/es\/que-ver-en-alcudia-mallorca-y-como-encontrarel-alojamiento-idoneo\/#primaryimage","url":"https:\/\/www.idealpropertymallorca.com\/blog\/wp-content\/uploads\/2023\/02\/alcudia-mallorca-rural-que-ver-1-1.webp","contentUrl":"https:\/\/www.idealpropertymallorca.com\/blog\/wp-content\/uploads\/2023\/02\/alcudia-mallorca-rural-que-ver-1-1.webp","width":1920,"height":400},{"@type":"WebSite","@id":"https:\/\/www.idealpropertymallorca.com\/blog\/es\/#website","url":"https:\/\/www.idealpropertymallorca.com\/blog\/es\/","name":"Majorca Blog","description":"Find relevant tourist information to see and do on the island of Mallorca during your holiday. Discover the best places and tips!","publisher":{"@id":"https:\/\/www.idealpropertymallorca.com\/blog\/es\/#organization"},"potentialAction":[{"@type":"SearchAction","target":{"@type":"EntryPoint","urlTemplate":"https:\/\/www.idealpropertymallorca.com\/blog\/es\/?s={search_term_string}"},"query-input":{"@type":"PropertyValueSpecification","valueRequired":true,"valueName":"search_term_string"}}],"inLanguage":"es"},{"@type":"Organization","@id":"https:\/\/www.idealpropertymallorca.com\/blog\/es\/#organization","name":"Majorca Blog","url":"https:\/\/www.idealpropertymallorca.com\/blog\/es\/","logo":{"@type":"ImageObject","inLanguage":"es","@id":"https:\/\/www.idealpropertymallorca.com\/blog\/es\/#\/schema\/logo\/image\/","url":"https:\/\/www.idealpropertymallorca.com\/blog\/wp-content\/uploads\/2024\/10\/ideal-property-mallorca-blue-mobile.png","contentUrl":"https:\/\/www.idealpropertymallorca.com\/blog\/wp-content\/uploads\/2024\/10\/ideal-property-mallorca-blue-mobile.png","width":500,"height":150,"caption":"Majorca Blog"},"image":{"@id":"https:\/\/www.idealpropertymallorca.com\/blog\/es\/#\/schema\/logo\/image\/"}},{"@type":"Person","@id":"https:\/\/www.idealpropertymallorca.com\/blog\/es\/#\/schema\/person\/8afda339a8de0d6db90fffb895f38917","name":"digitalservices","image":{"@type":"ImageObject","inLanguage":"es","@id":"https:\/\/secure.gravatar.com\/avatar\/af30f88a1904294c1f3eb09a9d7903eec4ffa18fa2cf40c28a8681014ecdfc20?s=96&d=mm&r=g","url":"https:\/\/secure.gravatar.com\/avatar\/af30f88a1904294c1f3eb09a9d7903eec4ffa18fa2cf40c28a8681014ecdfc20?s=96&d=mm&r=g","contentUrl":"https:\/\/secure.gravatar.com\/avatar\/af30f88a1904294c1f3eb09a9d7903eec4ffa18fa2cf40c28a8681014ecdfc20?s=96&d=mm&r=g","caption":"digitalservices"}}]}},"_links":{"self":[{"href":"https:\/\/www.idealpropertymallorca.com\/blog\/es\/wp-json\/wp\/v2\/posts\/1277","targetHints":{"allow":["GET"]}}],"collection":[{"href":"https:\/\/www.idealpropertymallorca.com\/blog\/es\/wp-json\/wp\/v2\/posts"}],"about":[{"href":"https:\/\/www.idealpropertymallorca.com\/blog\/es\/wp-json\/wp\/v2\/types\/post"}],"author":[{"embeddable":true,"href":"https:\/\/www.idealpropertymallorca.com\/blog\/es\/wp-json\/wp\/v2\/users\/3"}],"replies":[{"embeddable":true,"href":"https:\/\/www.idealpropertymallorca.com\/blog\/es\/wp-json\/wp\/v2\/comments?post=1277"}],"version-history":[{"count":33,"href":"https:\/\/www.idealpropertymallorca.com\/blog\/es\/wp-json\/wp\/v2\/posts\/1277\/revisions"}],"predecessor-version":[{"id":15448,"href":"https:\/\/www.idealpropertymallorca.com\/blog\/es\/wp-json\/wp\/v2\/posts\/1277\/revisions\/15448"}],"wp:featuredmedia":[{"embeddable":true,"href":"https:\/\/www.idealpropertymallorca.com\/blog\/es\/wp-json\/wp\/v2\/media\/20192"}],"wp:attachment":[{"href":"https:\/\/www.idealpropertymallorca.com\/blog\/es\/wp-json\/wp\/v2\/media?parent=1277"}],"wp:term":[{"taxonomy":"category","embeddable":true,"href":"https:\/\/www.idealpropertymallorca.com\/blog\/es\/wp-json\/wp\/v2\/categories?post=1277"},{"taxonomy":"post_tag","embeddable":true,"href":"https:\/\/www.idealpropertymallorca.com\/blog\/es\/wp-json\/wp\/v2\/tags?post=1277"}],"curies":[{"name":"wp","href":"https:\/\/api.w.org\/{rel}","templated":true}]}}