{"id":12191,"date":"2024-08-19T11:19:21","date_gmt":"2024-08-19T11:19:21","guid":{"rendered":"https:\/\/www.idealpropertymallorca.com\/blog\/?p=12191"},"modified":"2025-11-05T09:56:53","modified_gmt":"2025-11-05T09:56:53","slug":"mallorca-en-octubre","status":"publish","type":"post","link":"https:\/\/www.idealpropertymallorca.com\/blog\/es\/mallorca-en-octubre\/","title":{"rendered":"Ven a visitar Mallorca en octubre"},"content":{"rendered":"\t\t<div data-elementor-type=\"wp-post\" data-elementor-id=\"12191\" class=\"elementor elementor-12191\" data-elementor-post-type=\"post\">\n\t\t\t\t\t\t<section class=\"elementor-section elementor-top-section elementor-element elementor-element-4bc74b38 elementor-section-boxed elementor-section-height-default elementor-section-height-default\" data-id=\"4bc74b38\" data-element_type=\"section\" data-e-type=\"section\">\n\t\t\t\t\t\t<div class=\"elementor-container elementor-column-gap-default\">\n\t\t\t\t\t<div class=\"elementor-column elementor-col-100 elementor-top-column elementor-element elementor-element-1f96ce88\" data-id=\"1f96ce88\" data-element_type=\"column\" data-e-type=\"column\">\n\t\t\t<div class=\"elementor-widget-wrap elementor-element-populated\">\n\t\t\t\t\t\t<div class=\"elementor-element elementor-element-7d218c1e elementor-widget elementor-widget-text-editor\" data-id=\"7d218c1e\" data-element_type=\"widget\" data-e-type=\"widget\" data-widget_type=\"text-editor.default\">\n\t\t\t\t<div class=\"elementor-widget-container\">\n\t\t\t\t\t\t\t\t\t<p style=\"font-weight: 400;\">\u00bfEst\u00e1s pensando en visitar Mallorca en octubre? Esta isla es un destino que atrae a visitantes durante todo el a\u00f1o, y aunque su apogeo es en los meses de verano, octubre es un mes perfecto para explorarla con un clima agradable y escapar de la temporada alta, manteniendo el mismo encanto.<\/p><p style=\"font-weight: 400;\">\u00a1Te contamos m\u00e1s!<\/p>\t\t\t\t\t\t\t\t<\/div>\n\t\t\t\t<\/div>\n\t\t\t\t\t<\/div>\n\t\t<\/div>\n\t\t\t\t\t<\/div>\n\t\t<\/section>\n\t\t\t\t<section class=\"elementor-section elementor-top-section elementor-element elementor-element-7ee119fb elementor-section-boxed elementor-section-height-default elementor-section-height-default\" data-id=\"7ee119fb\" data-element_type=\"section\" data-e-type=\"section\">\n\t\t\t\t\t\t<div class=\"elementor-container elementor-column-gap-default\">\n\t\t\t\t\t<div class=\"elementor-column elementor-col-100 elementor-top-column elementor-element elementor-element-e387ae1\" data-id=\"e387ae1\" data-element_type=\"column\" data-e-type=\"column\">\n\t\t\t<div class=\"elementor-widget-wrap elementor-element-populated\">\n\t\t\t\t\t\t<div class=\"elementor-element elementor-element-4be2ee78 elementor-widget elementor-widget-table-of-contents\" data-id=\"4be2ee78\" data-element_type=\"widget\" data-e-type=\"widget\" data-settings=\"{&quot;headings_by_tags&quot;:[&quot;h2&quot;,&quot;h3&quot;],&quot;exclude_headings_by_selector&quot;:[],&quot;marker_view&quot;:&quot;bullets&quot;,&quot;icon&quot;:{&quot;value&quot;:&quot;&quot;,&quot;library&quot;:&quot;&quot;},&quot;no_headings_message&quot;:&quot;No headings were found on this page.&quot;,&quot;hierarchical_view&quot;:&quot;yes&quot;,&quot;min_height&quot;:{&quot;unit&quot;:&quot;px&quot;,&quot;size&quot;:&quot;&quot;,&quot;sizes&quot;:[]},&quot;min_height_tablet&quot;:{&quot;unit&quot;:&quot;px&quot;,&quot;size&quot;:&quot;&quot;,&quot;sizes&quot;:[]},&quot;min_height_mobile&quot;:{&quot;unit&quot;:&quot;px&quot;,&quot;size&quot;:&quot;&quot;,&quot;sizes&quot;:[]}}\" data-widget_type=\"table-of-contents.default\">\n\t\t\t\t<div class=\"elementor-widget-container\">\n\t\t\t\t\t\t\t\t\t<div class=\"elementor-toc__header\">\n\t\t\t\t\t\t<div class=\"elementor-toc__header-title\">\n\t\t\t\t\u00cdNDICE\t\t\t<\/div>\n\t\t\t\t\t\t\t\t<\/div>\n\t\t\t\t<div id=\"elementor-toc__4be2ee78\" class=\"elementor-toc__body\">\n\t\t\t<div class=\"elementor-toc__spinner-container\">\n\t\t\t\t<i class=\"elementor-toc__spinner eicon-animation-spin eicon-loading\" aria-hidden=\"true\"><\/i>\t\t\t<\/div>\n\t\t<\/div>\n\t\t\t\t\t\t<\/div>\n\t\t\t\t<\/div>\n\t\t\t\t\t<\/div>\n\t\t<\/div>\n\t\t\t\t\t<\/div>\n\t\t<\/section>\n\t\t\t\t<section class=\"elementor-section elementor-top-section elementor-element elementor-element-0a02e19 elementor-section-boxed elementor-section-height-default elementor-section-height-default\" data-id=\"0a02e19\" data-element_type=\"section\" data-e-type=\"section\">\n\t\t\t\t\t\t<div class=\"elementor-container elementor-column-gap-default\">\n\t\t\t\t\t<div class=\"elementor-column elementor-col-100 elementor-top-column elementor-element elementor-element-4ab9aab\" data-id=\"4ab9aab\" data-element_type=\"column\" data-e-type=\"column\">\n\t\t\t<div class=\"elementor-widget-wrap elementor-element-populated\">\n\t\t\t\t\t\t<div class=\"elementor-element elementor-element-7f12754 elementor-widget elementor-widget-heading\" data-id=\"7f12754\" data-element_type=\"widget\" data-e-type=\"widget\" data-widget_type=\"heading.default\">\n\t\t\t\t<div class=\"elementor-widget-container\">\n\t\t\t\t\t<h2 class=\"elementor-heading-title elementor-size-default\">El clima y las condiciones en Mallorca en octubre son inmejorables<\/h2>\t\t\t\t<\/div>\n\t\t\t\t<\/div>\n\t\t\t\t<div class=\"elementor-element elementor-element-8aad2e0 elementor-widget elementor-widget-text-editor\" data-id=\"8aad2e0\" data-element_type=\"widget\" data-e-type=\"widget\" data-widget_type=\"text-editor.default\">\n\t\t\t\t<div class=\"elementor-widget-container\">\n\t\t\t\t\t\t\t\t\t<p style=\"font-weight: 400;\">El tiempo en Mallorca en octubre es muy agradable y suave. <strong>Las temperaturas rondan los 15\u00b0 por la noche y los 25\u00b0 durante el d\u00eda<\/strong>, lo que es ideal para disfrutar de actividades al aire libre sin el calor sofocante del verano. Adem\u00e1s, el mar a\u00fan mantiene una buena temperatura, alrededor de 23\u00b0, por lo que, si quieres, tambi\u00e9n podr\u00e1s darte un chapuz\u00f3n. Eso s\u00ed, tienes que venir preparado porque, en oto\u00f1o, a veces llueve. La media de d\u00edas grises oscila entre cinco y siete jornadas al mes.<\/p>\t\t\t\t\t\t\t\t<\/div>\n\t\t\t\t<\/div>\n\t\t\t\t\t<\/div>\n\t\t<\/div>\n\t\t\t\t\t<\/div>\n\t\t<\/section>\n\t\t\t\t<section class=\"elementor-section elementor-top-section elementor-element elementor-element-b1983a7 elementor-section-boxed elementor-section-height-default elementor-section-height-default\" data-id=\"b1983a7\" data-element_type=\"section\" data-e-type=\"section\">\n\t\t\t\t\t\t<div class=\"elementor-container elementor-column-gap-default\">\n\t\t\t\t\t<div class=\"elementor-column elementor-col-100 elementor-top-column elementor-element elementor-element-bbc966c\" data-id=\"bbc966c\" data-element_type=\"column\" data-e-type=\"column\">\n\t\t\t<div class=\"elementor-widget-wrap elementor-element-populated\">\n\t\t\t\t\t\t<div class=\"elementor-element elementor-element-29b65bb elementor-widget elementor-widget-image\" data-id=\"29b65bb\" data-element_type=\"widget\" data-e-type=\"widget\" data-widget_type=\"image.default\">\n\t\t\t\t<div class=\"elementor-widget-container\">\n\t\t\t\t\t\t\t\t\t\t\t\t\t\t\t<img fetchpriority=\"high\" decoding=\"async\" width=\"1267\" height=\"633\" src=\"https:\/\/www.idealpropertymallorca.com\/blog\/wp-content\/uploads\/2024\/08\/mallorca-otono.jpg\" class=\"attachment-full size-full wp-image-12295\" alt=\"mallorca-otono\" srcset=\"https:\/\/www.idealpropertymallorca.com\/blog\/wp-content\/uploads\/2024\/08\/mallorca-otono.jpg 1267w, https:\/\/www.idealpropertymallorca.com\/blog\/wp-content\/uploads\/2024\/08\/mallorca-otono-768x384.jpg 768w\" sizes=\"(max-width: 1267px) 100vw, 1267px\" \/>\t\t\t\t\t\t\t\t\t\t\t\t\t\t\t<\/div>\n\t\t\t\t<\/div>\n\t\t\t\t\t<\/div>\n\t\t<\/div>\n\t\t\t\t\t<\/div>\n\t\t<\/section>\n\t\t\t\t<section class=\"elementor-section elementor-top-section elementor-element elementor-element-59cd575e elementor-section-boxed elementor-section-height-default elementor-section-height-default\" data-id=\"59cd575e\" data-element_type=\"section\" data-e-type=\"section\">\n\t\t\t\t\t\t<div class=\"elementor-container elementor-column-gap-default\">\n\t\t\t\t\t<div class=\"elementor-column elementor-col-100 elementor-top-column elementor-element elementor-element-33424f85\" data-id=\"33424f85\" data-element_type=\"column\" data-e-type=\"column\">\n\t\t\t<div class=\"elementor-widget-wrap elementor-element-populated\">\n\t\t\t\t\t\t<div class=\"elementor-element elementor-element-3a89b332 elementor-widget elementor-widget-heading\" data-id=\"3a89b332\" data-element_type=\"widget\" data-e-type=\"widget\" data-widget_type=\"heading.default\">\n\t\t\t\t<div class=\"elementor-widget-container\">\n\t\t\t\t\t<h2 class=\"elementor-heading-title elementor-size-default\">Qu\u00e9 hacer en Mallorca en octubre<\/h2>\t\t\t\t<\/div>\n\t\t\t\t<\/div>\n\t\t\t\t<div class=\"elementor-element elementor-element-78bb46c5 elementor-widget elementor-widget-text-editor\" data-id=\"78bb46c5\" data-element_type=\"widget\" data-e-type=\"widget\" data-widget_type=\"text-editor.default\">\n\t\t\t\t<div class=\"elementor-widget-container\">\n\t\t\t\t\t\t\t\t\t<p>Octubre, a pesar de no ser un mes estival, sigue estando lleno de actividades y eventos. Entre ellos, destaca la tradicional <strong>Feria de la Sobrasada en Campos<\/strong>, donde puedes degustar este delicioso embutido t\u00edpico de la isla; la <b>F<\/b><strong>ira de la Llampuga o Feria del Pez Delf\u00edn en <a href=\"https:\/\/www.idealpropertymallorca.com\/blog\/es\/cala-ratjada\/\">Cala Ratjada<\/a><\/strong>, una fiesta que celebra la llegada del delicioso pez delf\u00edn a la isla.<\/p><p style=\"font-weight: 400;\">Tambi\u00e9n es el <strong>mes ideal para hacer senderismo y disfrutar de todas las rutas de la Sierra de Tramuntana<\/strong>, como la famosa <strong>ruta de Sa Calobra<\/strong>, que parte desde el \u00e1rea de Escorca y recorre el impresionante barranco del Torrente de Pareis hasta la playa, o la <strong>ruta de Dei\u00e0 a S\u00f3ller<\/strong>, que conecta ambos pueblos a trav\u00e9s de antiguos caminos de piedra, pasando por olivares, bosques de encinas y con unas vistas privilegiadas al mar Mediterr\u00e1neo.<\/p><p style=\"font-weight: 400;\">Y si prefieres otro deporte, en octubre <strong>tambi\u00e9n puedes jugar al tenis<\/strong> en alguno de los mejores campos de la isla. Tambi\u00e9n puedes <strong>practicar <a href=\"https:\/\/www.idealpropertymallorca.com\/blog\/es\/golf-mallorca\/\">golf en Mallorca<\/a><\/strong>, el para\u00edso de este deporte de precisi\u00f3n; <strong>hacer infinidad de rutas en bicicleta, montar a caballo o, incluso, <a href=\"https:\/\/www.idealpropertymallorca.com\/blog\/es\/catamaran-alcudia\/\">vivir la experiencia de conocer Mallorca en catamar\u00e1n<\/a><\/strong>.<\/p><p style=\"font-weight: 400;\"><strong>Mallorca en octubre tambi\u00e9n es un para\u00edso para los amantes del vino<\/strong>, ya que, aprovechando la temporada de vendimia, las bodegas organizan m\u00e1s visitas y catas, como en la bodega Jos\u00e9 L. Ferrer en Binissalem o en la bodega \u00c1nima Negra en Felanitx.<\/p>\t\t\t\t\t\t\t\t<\/div>\n\t\t\t\t<\/div>\n\t\t\t\t\t<\/div>\n\t\t<\/div>\n\t\t\t\t\t<\/div>\n\t\t<\/section>\n\t\t\t\t<section class=\"elementor-section elementor-top-section elementor-element elementor-element-af54801 elementor-section-boxed elementor-section-height-default elementor-section-height-default\" data-id=\"af54801\" data-element_type=\"section\" data-e-type=\"section\">\n\t\t\t\t\t\t<div class=\"elementor-container elementor-column-gap-default\">\n\t\t\t\t\t<div class=\"elementor-column elementor-col-100 elementor-top-column elementor-element elementor-element-7116bed\" data-id=\"7116bed\" data-element_type=\"column\" data-e-type=\"column\">\n\t\t\t<div class=\"elementor-widget-wrap elementor-element-populated\">\n\t\t\t\t\t\t<div class=\"elementor-element elementor-element-eeb8e91 elementor-widget elementor-widget-heading\" data-id=\"eeb8e91\" data-element_type=\"widget\" data-e-type=\"widget\" data-widget_type=\"heading.default\">\n\t\t\t\t<div class=\"elementor-widget-container\">\n\t\t\t\t\t<h2 class=\"elementor-heading-title elementor-size-default\">Lugares imprescindibles que tienes que visitar en Mallorca en oto\u00f1o<\/h2>\t\t\t\t<\/div>\n\t\t\t\t<\/div>\n\t\t\t\t<div class=\"elementor-element elementor-element-d1ea0cf elementor-widget elementor-widget-text-editor\" data-id=\"d1ea0cf\" data-element_type=\"widget\" data-e-type=\"widget\" data-widget_type=\"text-editor.default\">\n\t\t\t\t<div class=\"elementor-widget-container\">\n\t\t\t\t\t\t\t\t\t<p><span style=\"font-weight: 400;\"><strong>Mallorca en octubre te ofrece la oportunidad de explorar los lugares m\u00e1s emblem\u00e1ticos de la isla sin las aglomeraciones t\u00edpicas del verano<\/strong>. Algunos de los lugares que no puedes perderte son la <\/span><b>Catedral de Palma<\/b>, tambi\u00e9n conocida como La Seu; el <b>Castillo de Bellver<\/b>, con sus impresionantes vistas de la bah\u00eda; los <a style=\"font-weight: 400;\" href=\"https:\/\/www.idealpropertymallorca.com\/blog\/es\/pueblos-bonitos-mallorca\/\">pueblos m\u00e1s pintorescos de la isla<\/a> como Valldemossa; el castillo de Capdepera; la Fortaleza de Sant Salvador en Art\u00e0; explorar el casco antiguo de Alcudia o recorrer el paseo del puerto de Pollen\u00e7a.<\/p><p style=\"font-weight: 400;\">Ah, y <strong>tampoco puedes irte de Mallorca sin visitar alguna de sus impresionantes playas<\/strong> como la de Es Trenc, la de Formentor y aprovechar para subir a su faro, o la de Muro, <strong>y calas<\/strong> como la de Mondrag\u00f3, Varqu\u00e9s o <a href=\"https:\/\/www.idealpropertymallorca.com\/blog\/es\/cala-millor-mallorca\/\">Cala Millor<\/a>.<\/p>\t\t\t\t\t\t\t\t<\/div>\n\t\t\t\t<\/div>\n\t\t\t\t\t<\/div>\n\t\t<\/div>\n\t\t\t\t\t<\/div>\n\t\t<\/section>\n\t\t\t\t<section class=\"elementor-section elementor-top-section elementor-element elementor-element-eeb11cc elementor-section-boxed elementor-section-height-default elementor-section-height-default\" data-id=\"eeb11cc\" data-element_type=\"section\" data-e-type=\"section\">\n\t\t\t\t\t\t<div class=\"elementor-container elementor-column-gap-default\">\n\t\t\t\t\t<div class=\"elementor-column elementor-col-100 elementor-top-column elementor-element elementor-element-300d4df\" data-id=\"300d4df\" data-element_type=\"column\" data-e-type=\"column\">\n\t\t\t<div class=\"elementor-widget-wrap elementor-element-populated\">\n\t\t\t\t\t\t<div class=\"elementor-element elementor-element-bedc032 elementor-widget elementor-widget-image\" data-id=\"bedc032\" data-element_type=\"widget\" data-e-type=\"widget\" data-widget_type=\"image.default\">\n\t\t\t\t<div class=\"elementor-widget-container\">\n\t\t\t\t\t\t\t\t\t\t\t\t\t\t\t<img decoding=\"async\" width=\"1254\" height=\"627\" src=\"https:\/\/www.idealpropertymallorca.com\/blog\/wp-content\/uploads\/2024\/08\/visitar-calas-mallorca-octubre.jpg\" class=\"attachment-full size-full wp-image-12291\" alt=\"visitar-calas-mallorca-octubre\" srcset=\"https:\/\/www.idealpropertymallorca.com\/blog\/wp-content\/uploads\/2024\/08\/visitar-calas-mallorca-octubre.jpg 1254w, https:\/\/www.idealpropertymallorca.com\/blog\/wp-content\/uploads\/2024\/08\/visitar-calas-mallorca-octubre-768x384.jpg 768w\" sizes=\"(max-width: 1254px) 100vw, 1254px\" \/>\t\t\t\t\t\t\t\t\t\t\t\t\t\t\t<\/div>\n\t\t\t\t<\/div>\n\t\t\t\t\t<\/div>\n\t\t<\/div>\n\t\t\t\t\t<\/div>\n\t\t<\/section>\n\t\t\t\t<section class=\"elementor-section elementor-top-section elementor-element elementor-element-dc2f508 elementor-section-boxed elementor-section-height-default elementor-section-height-default\" data-id=\"dc2f508\" data-element_type=\"section\" data-e-type=\"section\">\n\t\t\t\t\t\t<div class=\"elementor-container elementor-column-gap-default\">\n\t\t\t\t\t<div class=\"elementor-column elementor-col-100 elementor-top-column elementor-element elementor-element-0dfd227\" data-id=\"0dfd227\" data-element_type=\"column\" data-e-type=\"column\">\n\t\t\t<div class=\"elementor-widget-wrap elementor-element-populated\">\n\t\t\t\t\t\t<div class=\"elementor-element elementor-element-77abfa1 elementor-widget elementor-widget-heading\" data-id=\"77abfa1\" data-element_type=\"widget\" data-e-type=\"widget\" data-widget_type=\"heading.default\">\n\t\t\t\t<div class=\"elementor-widget-container\">\n\t\t\t\t\t<h2 class=\"elementor-heading-title elementor-size-default\">Consejos para aprovechar al m\u00e1ximo tu visita<\/h2>\t\t\t\t<\/div>\n\t\t\t\t<\/div>\n\t\t\t\t<div class=\"elementor-element elementor-element-2b54f9b elementor-widget elementor-widget-text-editor\" data-id=\"2b54f9b\" data-element_type=\"widget\" data-e-type=\"widget\" data-widget_type=\"text-editor.default\">\n\t\t\t\t<div class=\"elementor-widget-container\">\n\t\t\t\t\t\t\t\t\t<p style=\"font-weight: 400;\">Para aprovechar al m\u00e1ximo tu visita a Mallorca en octubre, adem\u00e1s de tener en cuenta qu\u00e9 planes vas a hacer y c\u00f3mo ser\u00e1 el tiempo, debes planificar tu viaje con antelaci\u00f3n. Al ser temporada baja, <strong>los horarios de los principales atractivos de las ciudades pueden cambiar<\/strong>, as\u00ed como los del transporte p\u00fablico; verif\u00edcalos antes o valora la opci\u00f3n de alquilar un coche, lo que te permitir\u00e1 explorar la isla a tu ritmo.<\/p><p style=\"font-weight: 400;\">\u00bfY en la maleta? Ll\u00e9vate un poco de todo. <strong>Lo ideal es que lleves ropa ligera y a\u00f1adas alguna prenda que sirva en caso de que llueva<\/strong>. Ah, y algo de abrigo para las noches, que refrescan un poco m\u00e1s. Dependiendo de qu\u00e9 actividades vayas a hacer en Mallorca, tendr\u00e1s que a\u00f1adir m\u00e1s cosas: un buen calzado si vas a hacer senderismo, ba\u00f1ador si piensas ba\u00f1arte en alguna de sus calas o playas&#8230; \u00a1lo que sea!<\/p><p style=\"font-weight: 400;\"><strong>Tampoco te olvides de un gorro y protector solar<\/strong>; pueden pasar desapercibidos al hacer la maleta porque est\u00e1s viajando en oto\u00f1o, pero te adelantamos que son elementos m\u00e1s que necesarios para venir a Mallorca en octubre.<\/p>\t\t\t\t\t\t\t\t<\/div>\n\t\t\t\t<\/div>\n\t\t\t\t\t<\/div>\n\t\t<\/div>\n\t\t\t\t\t<\/div>\n\t\t<\/section>\n\t\t\t\t<section class=\"elementor-section elementor-top-section elementor-element elementor-element-6fbf4f2 elementor-section-boxed elementor-section-height-default elementor-section-height-default\" data-id=\"6fbf4f2\" data-element_type=\"section\" data-e-type=\"section\">\n\t\t\t\t\t\t<div class=\"elementor-container elementor-column-gap-default\">\n\t\t\t\t\t<div class=\"elementor-column elementor-col-100 elementor-top-column elementor-element elementor-element-5bbf9ee\" data-id=\"5bbf9ee\" data-element_type=\"column\" data-e-type=\"column\">\n\t\t\t<div class=\"elementor-widget-wrap elementor-element-populated\">\n\t\t\t\t\t\t<div class=\"elementor-element elementor-element-d2a84f7 elementor-widget elementor-widget-heading\" data-id=\"d2a84f7\" data-element_type=\"widget\" data-e-type=\"widget\" data-widget_type=\"heading.default\">\n\t\t\t\t<div class=\"elementor-widget-container\">\n\t\t\t\t\t<h2 class=\"elementor-heading-title elementor-size-default\">La gastronom\u00eda mallorquina est\u00e1 en su mejor momento<\/h2>\t\t\t\t<\/div>\n\t\t\t\t<\/div>\n\t\t\t\t<div class=\"elementor-element elementor-element-b63d431 elementor-widget elementor-widget-text-editor\" data-id=\"b63d431\" data-element_type=\"widget\" data-e-type=\"widget\" data-widget_type=\"text-editor.default\">\n\t\t\t\t<div class=\"elementor-widget-container\">\n\t\t\t\t\t\t\t\t\t<p style=\"font-weight: 400;\">La gastronom\u00eda de Mallorca en octubre sigue siendo mediterr\u00e1nea a m\u00e1s no poder. En esta \u00e9poca, la cocina mallorquina se llena de productos que est\u00e1n en su mejor momento como las setas, las almendras y una gran variedad de frutas y verduras frescas como los higos, las granadas o la col rizada.<\/p><p style=\"font-weight: 400;\">De hecho, <strong>las setas juegan un papel importante en la gastronom\u00eda durante el mes de octubre<\/strong>, justo cuando comienza la temporada de recolecci\u00f3n de estos hongos. Vas a encontrar muchos restaurantes y bares con platos que las incluyen como guisos, revueltos y arroces, el t\u00edpico \u00abarr\u00f2s brut\u00bb; utilizarlas en verano es m\u00e1s inusual.<\/p><p style=\"font-weight: 400;\"><strong>\u00bfY las almendras? Estos frutos secos se cosechan a finales de verano y principios de oto\u00f1o y tambi\u00e9n se utilizan en numerosos postres tradicionales<\/strong> como el \u00abgat\u00f3 de almendra\u00bb, un bizcocho muy esponjoso que se suele acompa\u00f1ar con helado.<\/p><p style=\"font-weight: 400;\">Octubre es tambi\u00e9n un buen momento para disfrutar de las <strong>ensaimadas<\/strong>, un dulce muy consumido en Mallorca, o de la <strong>sobrasada<\/strong>, un embutido tradicional mallorqu\u00edn elaborado con carne de cerdo, piment\u00f3n y especias. <strong>Ambas son especialidades que se disfrutan todo el a\u00f1o y que, en octubre, tampoco pueden faltar.<\/strong><\/p>\t\t\t\t\t\t\t\t<\/div>\n\t\t\t\t<\/div>\n\t\t\t\t\t<\/div>\n\t\t<\/div>\n\t\t\t\t\t<\/div>\n\t\t<\/section>\n\t\t\t\t<section class=\"elementor-section elementor-top-section elementor-element elementor-element-d300adb elementor-section-boxed elementor-section-height-default elementor-section-height-default\" data-id=\"d300adb\" data-element_type=\"section\" data-e-type=\"section\">\n\t\t\t\t\t\t<div class=\"elementor-container elementor-column-gap-default\">\n\t\t\t\t\t<div class=\"elementor-column elementor-col-100 elementor-top-column elementor-element elementor-element-aeb1c99\" data-id=\"aeb1c99\" data-element_type=\"column\" data-e-type=\"column\">\n\t\t\t<div class=\"elementor-widget-wrap\">\n\t\t\t\t\t\t\t<\/div>\n\t\t<\/div>\n\t\t\t\t\t<\/div>\n\t\t<\/section>\n\t\t\t\t<section class=\"elementor-section elementor-top-section elementor-element elementor-element-3a32a078 elementor-section-boxed elementor-section-height-default elementor-section-height-default\" data-id=\"3a32a078\" data-element_type=\"section\" data-e-type=\"section\">\n\t\t\t\t\t\t<div class=\"elementor-container elementor-column-gap-default\">\n\t\t\t\t\t<div class=\"elementor-column elementor-col-100 elementor-top-column elementor-element elementor-element-3cccacd9\" data-id=\"3cccacd9\" data-element_type=\"column\" data-e-type=\"column\">\n\t\t\t<div class=\"elementor-widget-wrap elementor-element-populated\">\n\t\t\t\t\t\t<div class=\"elementor-element elementor-element-2077f353 elementor-widget elementor-widget-heading\" data-id=\"2077f353\" data-element_type=\"widget\" data-e-type=\"widget\" data-widget_type=\"heading.default\">\n\t\t\t\t<div class=\"elementor-widget-container\">\n\t\t\t\t\t<h2 class=\"elementor-heading-title elementor-size-default\">\u00bfTe vienes a Mallorca en octubre?<\/h2>\t\t\t\t<\/div>\n\t\t\t\t<\/div>\n\t\t\t\t<div class=\"elementor-element elementor-element-2d1cf66c elementor-widget elementor-widget-text-editor\" data-id=\"2d1cf66c\" data-element_type=\"widget\" data-e-type=\"widget\" data-widget_type=\"text-editor.default\">\n\t\t\t\t<div class=\"elementor-widget-container\">\n\t\t\t\t\t\t\t\t\t<p style=\"font-weight: 400;\">Mallorca en oto\u00f1o es un destino que combina lo mejor de la naturaleza, la cultura y la gastronom\u00eda, con unas temperaturas muy agradables y un mont\u00f3n de planes. Quiz\u00e1 eso es lo que m\u00e1s te atrae de viajar a Mallorca en octubre, \u00bfno?<\/p><p style=\"font-weight: 400;\">Pues espera, porque tenemos algo que todav\u00eda puede llamar m\u00e1s tu atenci\u00f3n: la infinidad de alojamientos que tenemos en Ideal Property Mallorca, para que, decidas cuando decidas visitar Mallorca, lo hagas con todas las comodidades y sin apenas perder tiempo en buscar d\u00f3nde alojarte.<\/p><p style=\"font-weight: 400;\">\u00bfSuena bien? Pues echa un vistazo a <a href=\"https:\/\/www.idealpropertymallorca.com\/es\/\">nuestra web<\/a> y encuentra tu alojamiento perfecto para viajar a Mallorca en octubre. \u00a1Nos vemos!<\/p>\t\t\t\t\t\t\t\t<\/div>\n\t\t\t\t<\/div>\n\t\t\t\t<div class=\"elementor-element elementor-element-6abdd6e elementor-widget elementor-widget-image\" data-id=\"6abdd6e\" data-element_type=\"widget\" data-e-type=\"widget\" data-widget_type=\"image.default\">\n\t\t\t\t<div class=\"elementor-widget-container\">\n\t\t\t\t\t\t\t\t\t\t\t\t\t\t\t<img decoding=\"async\" width=\"1920\" height=\"750\" src=\"https:\/\/www.idealpropertymallorca.com\/blog\/wp-content\/uploads\/2023\/07\/ensaimadas-comida-tipica-de-mallorca.jpg\" class=\"attachment-full size-full wp-image-2009\" alt=\"ensaimadas comida tipica de mallorca\" srcset=\"https:\/\/www.idealpropertymallorca.com\/blog\/wp-content\/uploads\/2023\/07\/ensaimadas-comida-tipica-de-mallorca.jpg 1920w, https:\/\/www.idealpropertymallorca.com\/blog\/wp-content\/uploads\/2023\/07\/ensaimadas-comida-tipica-de-mallorca-768x300.jpg 768w, https:\/\/www.idealpropertymallorca.com\/blog\/wp-content\/uploads\/2023\/07\/ensaimadas-comida-tipica-de-mallorca-1536x600.jpg 1536w\" sizes=\"(max-width: 1920px) 100vw, 1920px\" \/>\t\t\t\t\t\t\t\t\t\t\t\t\t\t\t<\/div>\n\t\t\t\t<\/div>\n\t\t\t\t\t<\/div>\n\t\t<\/div>\n\t\t\t\t\t<\/div>\n\t\t<\/section>\n\t\t\t\t<section class=\"elementor-section elementor-top-section elementor-element elementor-element-662bf4b3 elementor-section-boxed elementor-section-height-default elementor-section-height-default\" data-id=\"662bf4b3\" data-element_type=\"section\" data-e-type=\"section\">\n\t\t\t\t\t\t<div class=\"elementor-container elementor-column-gap-default\">\n\t\t\t\t\t<div class=\"elementor-column elementor-col-33 elementor-top-column elementor-element elementor-element-69b94a3b\" data-id=\"69b94a3b\" data-element_type=\"column\" data-e-type=\"column\">\n\t\t\t<div class=\"elementor-widget-wrap elementor-element-populated\">\n\t\t\t\t\t\t<div class=\"elementor-element elementor-element-61721ab1 elementor-align-center elementor-widget elementor-widget-button\" data-id=\"61721ab1\" data-element_type=\"widget\" data-e-type=\"widget\" data-widget_type=\"button.default\">\n\t\t\t\t<div class=\"elementor-widget-container\">\n\t\t\t\t\t\t\t\t\t<div class=\"elementor-button-wrapper\">\n\t\t\t\t\t<a class=\"elementor-button elementor-button-link elementor-size-sm\" href=\"https:\/\/www.idealpropertymallorca.com\/es\/alquiler-de-apartamentos-en-mallorca\/\">\n\t\t\t\t\t\t<span class=\"elementor-button-content-wrapper\">\n\t\t\t\t\t\t\t\t\t<span class=\"elementor-button-text\">Apartamentos en Mallorca<\/span>\n\t\t\t\t\t<\/span>\n\t\t\t\t\t<\/a>\n\t\t\t\t<\/div>\n\t\t\t\t\t\t\t\t<\/div>\n\t\t\t\t<\/div>\n\t\t\t\t\t<\/div>\n\t\t<\/div>\n\t\t\t\t<div class=\"elementor-column elementor-col-33 elementor-top-column elementor-element elementor-element-6883b131\" data-id=\"6883b131\" data-element_type=\"column\" data-e-type=\"column\">\n\t\t\t<div class=\"elementor-widget-wrap elementor-element-populated\">\n\t\t\t\t\t\t<div class=\"elementor-element elementor-element-52668fd8 elementor-align-center elementor-widget elementor-widget-button\" data-id=\"52668fd8\" data-element_type=\"widget\" data-e-type=\"widget\" data-widget_type=\"button.default\">\n\t\t\t\t<div class=\"elementor-widget-container\">\n\t\t\t\t\t\t\t\t\t<div class=\"elementor-button-wrapper\">\n\t\t\t\t\t<a class=\"elementor-button elementor-button-link elementor-size-sm\" href=\"https:\/\/www.idealpropertymallorca.com\/es\/casas-vacacionales-en-mallorca\/\">\n\t\t\t\t\t\t<span class=\"elementor-button-content-wrapper\">\n\t\t\t\t\t\t\t\t\t<span class=\"elementor-button-text\">Casas en Mallorca<\/span>\n\t\t\t\t\t<\/span>\n\t\t\t\t\t<\/a>\n\t\t\t\t<\/div>\n\t\t\t\t\t\t\t\t<\/div>\n\t\t\t\t<\/div>\n\t\t\t\t\t<\/div>\n\t\t<\/div>\n\t\t\t\t<div class=\"elementor-column elementor-col-33 elementor-top-column elementor-element elementor-element-7b942bce\" data-id=\"7b942bce\" data-element_type=\"column\" data-e-type=\"column\">\n\t\t\t<div class=\"elementor-widget-wrap elementor-element-populated\">\n\t\t\t\t\t\t<div class=\"elementor-element elementor-element-4c1041be elementor-align-center elementor-widget elementor-widget-button\" data-id=\"4c1041be\" data-element_type=\"widget\" data-e-type=\"widget\" data-widget_type=\"button.default\">\n\t\t\t\t<div class=\"elementor-widget-container\">\n\t\t\t\t\t\t\t\t\t<div class=\"elementor-button-wrapper\">\n\t\t\t\t\t<a class=\"elementor-button elementor-button-link elementor-size-sm\" href=\"https:\/\/www.idealpropertymallorca.com\/es\/alquiler-de-fincas-en-mallorca\/\">\n\t\t\t\t\t\t<span class=\"elementor-button-content-wrapper\">\n\t\t\t\t\t\t\t\t\t<span class=\"elementor-button-text\">Fincas rurales en Mallorca<\/span>\n\t\t\t\t\t<\/span>\n\t\t\t\t\t<\/a>\n\t\t\t\t<\/div>\n\t\t\t\t\t\t\t\t<\/div>\n\t\t\t\t<\/div>\n\t\t\t\t\t<\/div>\n\t\t<\/div>\n\t\t\t\t\t<\/div>\n\t\t<\/section>\n\t\t\t\t<\/div>\n\t\t","protected":false},"excerpt":{"rendered":"<p>\u00bfEst\u00e1s pensando en visitar Mallorca en octubre? Esta isla es un destino que atrae a visitantes durante todo el a\u00f1o, y aunque su apogeo es en los meses de verano, octubre es un mes perfecto para explorarla con un clima agradable y escapar de la temporada alta, manteniendo el mismo encanto. \u00a1Te contamos m\u00e1s! \u00cdNDICE [&hellip;]<\/p>\n","protected":false},"author":8,"featured_media":12299,"comment_status":"open","ping_status":"open","sticky":false,"template":"","format":"standard","meta":{"footnotes":""},"categories":[648],"tags":[],"class_list":["post-12191","post","type-post","status-publish","format-standard","has-post-thumbnail","hentry","category-weather"],"yoast_head":"<!-- This site is optimized with the Yoast SEO plugin v27.4 - https:\/\/yoast.com\/product\/yoast-seo-wordpress\/ -->\n<title>Ven a visitar Mallorca en octubre - Majorca Blog<\/title>\n<meta name=\"description\" content=\"Explora Mallorca en octubre y disfruta de un clima suave, de infinidad de actividades al aire libre y de muchos eventos sin aglomeraciones.\" \/>\n<meta name=\"robots\" content=\"index, follow, max-snippet:-1, max-image-preview:large, max-video-preview:-1\" \/>\n<link rel=\"canonical\" href=\"https:\/\/www.idealpropertymallorca.com\/blog\/es\/mallorca-en-octubre\/\" \/>\n<meta property=\"og:locale\" content=\"es_ES\" \/>\n<meta property=\"og:type\" content=\"article\" \/>\n<meta property=\"og:title\" content=\"Ven a visitar Mallorca en octubre - Majorca Blog\" \/>\n<meta property=\"og:description\" content=\"Explora Mallorca en octubre y disfruta de un clima suave, de infinidad de actividades al aire libre y de muchos eventos sin aglomeraciones.\" \/>\n<meta property=\"og:url\" content=\"https:\/\/www.idealpropertymallorca.com\/blog\/es\/mallorca-en-octubre\/\" \/>\n<meta property=\"og:site_name\" content=\"Majorca Blog\" \/>\n<meta property=\"article:published_time\" content=\"2024-08-19T11:19:21+00:00\" \/>\n<meta property=\"article:modified_time\" content=\"2025-11-05T09:56:53+00:00\" \/>\n<meta property=\"og:image\" content=\"https:\/\/www.idealpropertymallorca.com\/blog\/wp-content\/uploads\/2024\/08\/mallorca-octubre.jpg\" \/>\n\t<meta property=\"og:image:width\" content=\"1920\" \/>\n\t<meta property=\"og:image:height\" content=\"640\" \/>\n\t<meta property=\"og:image:type\" content=\"image\/jpeg\" \/>\n<meta name=\"author\" content=\"Laura\" \/>\n<meta name=\"twitter:card\" content=\"summary_large_image\" \/>\n<meta name=\"twitter:label1\" content=\"Written by\" \/>\n\t<meta name=\"twitter:data1\" content=\"Laura\" \/>\n\t<meta name=\"twitter:label2\" content=\"Est. reading time\" \/>\n\t<meta name=\"twitter:data2\" content=\"6 minutes\" \/>\n<script type=\"application\/ld+json\" class=\"yoast-schema-graph\">{\"@context\":\"https:\\\/\\\/schema.org\",\"@graph\":[{\"@type\":\"Article\",\"@id\":\"https:\\\/\\\/www.idealpropertymallorca.com\\\/blog\\\/es\\\/mallorca-en-octubre\\\/#article\",\"isPartOf\":{\"@id\":\"https:\\\/\\\/www.idealpropertymallorca.com\\\/blog\\\/es\\\/mallorca-en-octubre\\\/\"},\"author\":{\"name\":\"Laura\",\"@id\":\"https:\\\/\\\/www.idealpropertymallorca.com\\\/blog\\\/es\\\/#\\\/schema\\\/person\\\/53b99bcf6881b706ccaf30eb50de4c8e\"},\"headline\":\"Ven a visitar Mallorca en octubre\",\"datePublished\":\"2024-08-19T11:19:21+00:00\",\"dateModified\":\"2025-11-05T09:56:53+00:00\",\"mainEntityOfPage\":{\"@id\":\"https:\\\/\\\/www.idealpropertymallorca.com\\\/blog\\\/es\\\/mallorca-en-octubre\\\/\"},\"wordCount\":1134,\"commentCount\":0,\"publisher\":{\"@id\":\"https:\\\/\\\/www.idealpropertymallorca.com\\\/blog\\\/es\\\/#organization\"},\"image\":{\"@id\":\"https:\\\/\\\/www.idealpropertymallorca.com\\\/blog\\\/es\\\/mallorca-en-octubre\\\/#primaryimage\"},\"thumbnailUrl\":\"https:\\\/\\\/www.idealpropertymallorca.com\\\/blog\\\/wp-content\\\/uploads\\\/2024\\\/08\\\/mallorca-octubre.jpg\",\"articleSection\":[\"Weather\"],\"inLanguage\":\"es\",\"potentialAction\":[{\"@type\":\"CommentAction\",\"name\":\"Comment\",\"target\":[\"https:\\\/\\\/www.idealpropertymallorca.com\\\/blog\\\/es\\\/mallorca-en-octubre\\\/#respond\"]}]},{\"@type\":\"WebPage\",\"@id\":\"https:\\\/\\\/www.idealpropertymallorca.com\\\/blog\\\/es\\\/mallorca-en-octubre\\\/\",\"url\":\"https:\\\/\\\/www.idealpropertymallorca.com\\\/blog\\\/es\\\/mallorca-en-octubre\\\/\",\"name\":\"Ven a visitar Mallorca en octubre - Majorca Blog\",\"isPartOf\":{\"@id\":\"https:\\\/\\\/www.idealpropertymallorca.com\\\/blog\\\/es\\\/#website\"},\"primaryImageOfPage\":{\"@id\":\"https:\\\/\\\/www.idealpropertymallorca.com\\\/blog\\\/es\\\/mallorca-en-octubre\\\/#primaryimage\"},\"image\":{\"@id\":\"https:\\\/\\\/www.idealpropertymallorca.com\\\/blog\\\/es\\\/mallorca-en-octubre\\\/#primaryimage\"},\"thumbnailUrl\":\"https:\\\/\\\/www.idealpropertymallorca.com\\\/blog\\\/wp-content\\\/uploads\\\/2024\\\/08\\\/mallorca-octubre.jpg\",\"datePublished\":\"2024-08-19T11:19:21+00:00\",\"dateModified\":\"2025-11-05T09:56:53+00:00\",\"description\":\"Explora Mallorca en octubre y disfruta de un clima suave, de infinidad de actividades al aire libre y de muchos eventos sin aglomeraciones.\",\"inLanguage\":\"es\",\"potentialAction\":[{\"@type\":\"ReadAction\",\"target\":[\"https:\\\/\\\/www.idealpropertymallorca.com\\\/blog\\\/es\\\/mallorca-en-octubre\\\/\"]}]},{\"@type\":\"ImageObject\",\"inLanguage\":\"es\",\"@id\":\"https:\\\/\\\/www.idealpropertymallorca.com\\\/blog\\\/es\\\/mallorca-en-octubre\\\/#primaryimage\",\"url\":\"https:\\\/\\\/www.idealpropertymallorca.com\\\/blog\\\/wp-content\\\/uploads\\\/2024\\\/08\\\/mallorca-octubre.jpg\",\"contentUrl\":\"https:\\\/\\\/www.idealpropertymallorca.com\\\/blog\\\/wp-content\\\/uploads\\\/2024\\\/08\\\/mallorca-octubre.jpg\",\"width\":1920,\"height\":640,\"caption\":\"mallorca octubre\"},{\"@type\":\"WebSite\",\"@id\":\"https:\\\/\\\/www.idealpropertymallorca.com\\\/blog\\\/es\\\/#website\",\"url\":\"https:\\\/\\\/www.idealpropertymallorca.com\\\/blog\\\/es\\\/\",\"name\":\"Majorca Blog\",\"description\":\"Find relevant tourist information to see and do on the island of Mallorca during your holiday. Discover the best places and tips!\",\"publisher\":{\"@id\":\"https:\\\/\\\/www.idealpropertymallorca.com\\\/blog\\\/es\\\/#organization\"},\"potentialAction\":[{\"@type\":\"SearchAction\",\"target\":{\"@type\":\"EntryPoint\",\"urlTemplate\":\"https:\\\/\\\/www.idealpropertymallorca.com\\\/blog\\\/es\\\/?s={search_term_string}\"},\"query-input\":{\"@type\":\"PropertyValueSpecification\",\"valueRequired\":true,\"valueName\":\"search_term_string\"}}],\"inLanguage\":\"es\"},{\"@type\":\"Organization\",\"@id\":\"https:\\\/\\\/www.idealpropertymallorca.com\\\/blog\\\/es\\\/#organization\",\"name\":\"Majorca Blog\",\"url\":\"https:\\\/\\\/www.idealpropertymallorca.com\\\/blog\\\/es\\\/\",\"logo\":{\"@type\":\"ImageObject\",\"inLanguage\":\"es\",\"@id\":\"https:\\\/\\\/www.idealpropertymallorca.com\\\/blog\\\/es\\\/#\\\/schema\\\/logo\\\/image\\\/\",\"url\":\"https:\\\/\\\/www.idealpropertymallorca.com\\\/blog\\\/wp-content\\\/uploads\\\/2024\\\/10\\\/ideal-property-mallorca-blue-mobile.png\",\"contentUrl\":\"https:\\\/\\\/www.idealpropertymallorca.com\\\/blog\\\/wp-content\\\/uploads\\\/2024\\\/10\\\/ideal-property-mallorca-blue-mobile.png\",\"width\":500,\"height\":150,\"caption\":\"Majorca Blog\"},\"image\":{\"@id\":\"https:\\\/\\\/www.idealpropertymallorca.com\\\/blog\\\/es\\\/#\\\/schema\\\/logo\\\/image\\\/\"}},{\"@type\":\"Person\",\"@id\":\"https:\\\/\\\/www.idealpropertymallorca.com\\\/blog\\\/es\\\/#\\\/schema\\\/person\\\/53b99bcf6881b706ccaf30eb50de4c8e\",\"name\":\"Laura\",\"image\":{\"@type\":\"ImageObject\",\"inLanguage\":\"es\",\"@id\":\"https:\\\/\\\/secure.gravatar.com\\\/avatar\\\/38b396224481eeb6edadb558d7e4a6d1ff1c8ba1e6abd3951e451527e107c96b?s=96&d=mm&r=g\",\"url\":\"https:\\\/\\\/secure.gravatar.com\\\/avatar\\\/38b396224481eeb6edadb558d7e4a6d1ff1c8ba1e6abd3951e451527e107c96b?s=96&d=mm&r=g\",\"contentUrl\":\"https:\\\/\\\/secure.gravatar.com\\\/avatar\\\/38b396224481eeb6edadb558d7e4a6d1ff1c8ba1e6abd3951e451527e107c96b?s=96&d=mm&r=g\",\"caption\":\"Laura\"}}]}<\/script>\n<!-- \/ Yoast SEO plugin. -->","yoast_head_json":{"title":"Ven a visitar Mallorca en octubre - Majorca Blog","description":"Explora Mallorca en octubre y disfruta de un clima suave, de infinidad de actividades al aire libre y de muchos eventos sin aglomeraciones.","robots":{"index":"index","follow":"follow","max-snippet":"max-snippet:-1","max-image-preview":"max-image-preview:large","max-video-preview":"max-video-preview:-1"},"canonical":"https:\/\/www.idealpropertymallorca.com\/blog\/es\/mallorca-en-octubre\/","og_locale":"es_ES","og_type":"article","og_title":"Ven a visitar Mallorca en octubre - Majorca Blog","og_description":"Explora Mallorca en octubre y disfruta de un clima suave, de infinidad de actividades al aire libre y de muchos eventos sin aglomeraciones.","og_url":"https:\/\/www.idealpropertymallorca.com\/blog\/es\/mallorca-en-octubre\/","og_site_name":"Majorca Blog","article_published_time":"2024-08-19T11:19:21+00:00","article_modified_time":"2025-11-05T09:56:53+00:00","og_image":[{"width":1920,"height":640,"url":"https:\/\/www.idealpropertymallorca.com\/blog\/wp-content\/uploads\/2024\/08\/mallorca-octubre.jpg","type":"image\/jpeg"}],"author":"Laura","twitter_card":"summary_large_image","twitter_misc":{"Written by":"Laura","Est. reading time":"6 minutes"},"schema":{"@context":"https:\/\/schema.org","@graph":[{"@type":"Article","@id":"https:\/\/www.idealpropertymallorca.com\/blog\/es\/mallorca-en-octubre\/#article","isPartOf":{"@id":"https:\/\/www.idealpropertymallorca.com\/blog\/es\/mallorca-en-octubre\/"},"author":{"name":"Laura","@id":"https:\/\/www.idealpropertymallorca.com\/blog\/es\/#\/schema\/person\/53b99bcf6881b706ccaf30eb50de4c8e"},"headline":"Ven a visitar Mallorca en octubre","datePublished":"2024-08-19T11:19:21+00:00","dateModified":"2025-11-05T09:56:53+00:00","mainEntityOfPage":{"@id":"https:\/\/www.idealpropertymallorca.com\/blog\/es\/mallorca-en-octubre\/"},"wordCount":1134,"commentCount":0,"publisher":{"@id":"https:\/\/www.idealpropertymallorca.com\/blog\/es\/#organization"},"image":{"@id":"https:\/\/www.idealpropertymallorca.com\/blog\/es\/mallorca-en-octubre\/#primaryimage"},"thumbnailUrl":"https:\/\/www.idealpropertymallorca.com\/blog\/wp-content\/uploads\/2024\/08\/mallorca-octubre.jpg","articleSection":["Weather"],"inLanguage":"es","potentialAction":[{"@type":"CommentAction","name":"Comment","target":["https:\/\/www.idealpropertymallorca.com\/blog\/es\/mallorca-en-octubre\/#respond"]}]},{"@type":"WebPage","@id":"https:\/\/www.idealpropertymallorca.com\/blog\/es\/mallorca-en-octubre\/","url":"https:\/\/www.idealpropertymallorca.com\/blog\/es\/mallorca-en-octubre\/","name":"Ven a visitar Mallorca en octubre - Majorca Blog","isPartOf":{"@id":"https:\/\/www.idealpropertymallorca.com\/blog\/es\/#website"},"primaryImageOfPage":{"@id":"https:\/\/www.idealpropertymallorca.com\/blog\/es\/mallorca-en-octubre\/#primaryimage"},"image":{"@id":"https:\/\/www.idealpropertymallorca.com\/blog\/es\/mallorca-en-octubre\/#primaryimage"},"thumbnailUrl":"https:\/\/www.idealpropertymallorca.com\/blog\/wp-content\/uploads\/2024\/08\/mallorca-octubre.jpg","datePublished":"2024-08-19T11:19:21+00:00","dateModified":"2025-11-05T09:56:53+00:00","description":"Explora Mallorca en octubre y disfruta de un clima suave, de infinidad de actividades al aire libre y de muchos eventos sin aglomeraciones.","inLanguage":"es","potentialAction":[{"@type":"ReadAction","target":["https:\/\/www.idealpropertymallorca.com\/blog\/es\/mallorca-en-octubre\/"]}]},{"@type":"ImageObject","inLanguage":"es","@id":"https:\/\/www.idealpropertymallorca.com\/blog\/es\/mallorca-en-octubre\/#primaryimage","url":"https:\/\/www.idealpropertymallorca.com\/blog\/wp-content\/uploads\/2024\/08\/mallorca-octubre.jpg","contentUrl":"https:\/\/www.idealpropertymallorca.com\/blog\/wp-content\/uploads\/2024\/08\/mallorca-octubre.jpg","width":1920,"height":640,"caption":"mallorca octubre"},{"@type":"WebSite","@id":"https:\/\/www.idealpropertymallorca.com\/blog\/es\/#website","url":"https:\/\/www.idealpropertymallorca.com\/blog\/es\/","name":"Majorca Blog","description":"Find relevant tourist information to see and do on the island of Mallorca during your holiday. Discover the best places and tips!","publisher":{"@id":"https:\/\/www.idealpropertymallorca.com\/blog\/es\/#organization"},"potentialAction":[{"@type":"SearchAction","target":{"@type":"EntryPoint","urlTemplate":"https:\/\/www.idealpropertymallorca.com\/blog\/es\/?s={search_term_string}"},"query-input":{"@type":"PropertyValueSpecification","valueRequired":true,"valueName":"search_term_string"}}],"inLanguage":"es"},{"@type":"Organization","@id":"https:\/\/www.idealpropertymallorca.com\/blog\/es\/#organization","name":"Majorca Blog","url":"https:\/\/www.idealpropertymallorca.com\/blog\/es\/","logo":{"@type":"ImageObject","inLanguage":"es","@id":"https:\/\/www.idealpropertymallorca.com\/blog\/es\/#\/schema\/logo\/image\/","url":"https:\/\/www.idealpropertymallorca.com\/blog\/wp-content\/uploads\/2024\/10\/ideal-property-mallorca-blue-mobile.png","contentUrl":"https:\/\/www.idealpropertymallorca.com\/blog\/wp-content\/uploads\/2024\/10\/ideal-property-mallorca-blue-mobile.png","width":500,"height":150,"caption":"Majorca Blog"},"image":{"@id":"https:\/\/www.idealpropertymallorca.com\/blog\/es\/#\/schema\/logo\/image\/"}},{"@type":"Person","@id":"https:\/\/www.idealpropertymallorca.com\/blog\/es\/#\/schema\/person\/53b99bcf6881b706ccaf30eb50de4c8e","name":"Laura","image":{"@type":"ImageObject","inLanguage":"es","@id":"https:\/\/secure.gravatar.com\/avatar\/38b396224481eeb6edadb558d7e4a6d1ff1c8ba1e6abd3951e451527e107c96b?s=96&d=mm&r=g","url":"https:\/\/secure.gravatar.com\/avatar\/38b396224481eeb6edadb558d7e4a6d1ff1c8ba1e6abd3951e451527e107c96b?s=96&d=mm&r=g","contentUrl":"https:\/\/secure.gravatar.com\/avatar\/38b396224481eeb6edadb558d7e4a6d1ff1c8ba1e6abd3951e451527e107c96b?s=96&d=mm&r=g","caption":"Laura"}}]}},"_links":{"self":[{"href":"https:\/\/www.idealpropertymallorca.com\/blog\/es\/wp-json\/wp\/v2\/posts\/12191","targetHints":{"allow":["GET"]}}],"collection":[{"href":"https:\/\/www.idealpropertymallorca.com\/blog\/es\/wp-json\/wp\/v2\/posts"}],"about":[{"href":"https:\/\/www.idealpropertymallorca.com\/blog\/es\/wp-json\/wp\/v2\/types\/post"}],"author":[{"embeddable":true,"href":"https:\/\/www.idealpropertymallorca.com\/blog\/es\/wp-json\/wp\/v2\/users\/8"}],"replies":[{"embeddable":true,"href":"https:\/\/www.idealpropertymallorca.com\/blog\/es\/wp-json\/wp\/v2\/comments?post=12191"}],"version-history":[{"count":29,"href":"https:\/\/www.idealpropertymallorca.com\/blog\/es\/wp-json\/wp\/v2\/posts\/12191\/revisions"}],"predecessor-version":[{"id":22161,"href":"https:\/\/www.idealpropertymallorca.com\/blog\/es\/wp-json\/wp\/v2\/posts\/12191\/revisions\/22161"}],"wp:featuredmedia":[{"embeddable":true,"href":"https:\/\/www.idealpropertymallorca.com\/blog\/es\/wp-json\/wp\/v2\/media\/12299"}],"wp:attachment":[{"href":"https:\/\/www.idealpropertymallorca.com\/blog\/es\/wp-json\/wp\/v2\/media?parent=12191"}],"wp:term":[{"taxonomy":"category","embeddable":true,"href":"https:\/\/www.idealpropertymallorca.com\/blog\/es\/wp-json\/wp\/v2\/categories?post=12191"},{"taxonomy":"post_tag","embeddable":true,"href":"https:\/\/www.idealpropertymallorca.com\/blog\/es\/wp-json\/wp\/v2\/tags?post=12191"}],"curies":[{"name":"wp","href":"https:\/\/api.w.org\/{rel}","templated":true}]}}