{"id":11267,"date":"2024-07-11T10:01:01","date_gmt":"2024-07-11T10:01:01","guid":{"rendered":"https:\/\/www.idealpropertymallorca.com\/blog\/?p=11267"},"modified":"2025-05-06T14:26:29","modified_gmt":"2025-05-06T14:26:29","slug":"miradores-mallorca","status":"publish","type":"post","link":"https:\/\/www.idealpropertymallorca.com\/blog\/es\/miradores-mallorca\/","title":{"rendered":"Miradores de Mallorca: descubre las vistas m\u00e1s impresionantes"},"content":{"rendered":"\t\t<div data-elementor-type=\"wp-post\" data-elementor-id=\"11267\" class=\"elementor elementor-11267\" data-elementor-post-type=\"post\">\n\t\t\t\t\t\t<section class=\"elementor-section elementor-top-section elementor-element elementor-element-70bc22f9 elementor-section-boxed elementor-section-height-default elementor-section-height-default\" data-id=\"70bc22f9\" data-element_type=\"section\" data-e-type=\"section\">\n\t\t\t\t\t\t<div class=\"elementor-container elementor-column-gap-default\">\n\t\t\t\t\t<div class=\"elementor-column elementor-col-100 elementor-top-column elementor-element elementor-element-eb7394d\" data-id=\"eb7394d\" data-element_type=\"column\" data-e-type=\"column\">\n\t\t\t<div class=\"elementor-widget-wrap elementor-element-populated\">\n\t\t\t\t\t\t<div class=\"elementor-element elementor-element-4d76a78f elementor-widget elementor-widget-text-editor\" data-id=\"4d76a78f\" data-element_type=\"widget\" data-e-type=\"widget\" data-widget_type=\"text-editor.default\">\n\t\t\t\t<div class=\"elementor-widget-container\">\n\t\t\t\t\t\t\t\t\t<p style=\"font-weight: 400;\">\u00bfTienes ganas de disfrutar de la otra cara de Mallorca desde un mirador? Pues \u00a1est\u00e1s de suerte!<\/p><p style=\"font-weight: 400;\"><strong>En la isla hay infinidad de miradores que ofrecen vistas verdaderamente impresionantes del entorno<\/strong>. Estos te permiten conocer m\u00e1s a fondo la belleza de Mallorca, as\u00ed como su geograf\u00eda y su paisaje marino. Y hoy vamos a contarte todo lo que necesitas saber sobre los mejores miradores de Mallorca, para que no te pierdas nada.<\/p>\t\t\t\t\t\t\t\t<\/div>\n\t\t\t\t<\/div>\n\t\t\t\t\t<\/div>\n\t\t<\/div>\n\t\t\t\t\t<\/div>\n\t\t<\/section>\n\t\t\t\t<section class=\"elementor-section elementor-top-section elementor-element elementor-element-1607edd1 elementor-section-boxed elementor-section-height-default elementor-section-height-default\" data-id=\"1607edd1\" data-element_type=\"section\" data-e-type=\"section\">\n\t\t\t\t\t\t<div class=\"elementor-container elementor-column-gap-default\">\n\t\t\t\t\t<div class=\"elementor-column elementor-col-100 elementor-top-column elementor-element elementor-element-73d1109e\" data-id=\"73d1109e\" data-element_type=\"column\" data-e-type=\"column\">\n\t\t\t<div class=\"elementor-widget-wrap elementor-element-populated\">\n\t\t\t\t\t\t<div class=\"elementor-element elementor-element-1076f86b elementor-widget elementor-widget-table-of-contents\" data-id=\"1076f86b\" data-element_type=\"widget\" data-e-type=\"widget\" data-settings=\"{&quot;headings_by_tags&quot;:[&quot;h2&quot;],&quot;exclude_headings_by_selector&quot;:[],&quot;marker_view&quot;:&quot;bullets&quot;,&quot;icon&quot;:{&quot;value&quot;:&quot;&quot;,&quot;library&quot;:&quot;&quot;},&quot;no_headings_message&quot;:&quot;No headings were found on this page.&quot;,&quot;hierarchical_view&quot;:&quot;yes&quot;,&quot;min_height&quot;:{&quot;unit&quot;:&quot;px&quot;,&quot;size&quot;:&quot;&quot;,&quot;sizes&quot;:[]},&quot;min_height_tablet&quot;:{&quot;unit&quot;:&quot;px&quot;,&quot;size&quot;:&quot;&quot;,&quot;sizes&quot;:[]},&quot;min_height_mobile&quot;:{&quot;unit&quot;:&quot;px&quot;,&quot;size&quot;:&quot;&quot;,&quot;sizes&quot;:[]}}\" data-widget_type=\"table-of-contents.default\">\n\t\t\t\t<div class=\"elementor-widget-container\">\n\t\t\t\t\t\t\t\t\t<div class=\"elementor-toc__header\">\n\t\t\t\t\t\t<div class=\"elementor-toc__header-title\">\n\t\t\t\t\u00cdNDICE\t\t\t<\/div>\n\t\t\t\t\t\t\t\t<\/div>\n\t\t\t\t<div id=\"elementor-toc__1076f86b\" class=\"elementor-toc__body\">\n\t\t\t<div class=\"elementor-toc__spinner-container\">\n\t\t\t\t<i class=\"elementor-toc__spinner eicon-animation-spin eicon-loading\" aria-hidden=\"true\"><\/i>\t\t\t<\/div>\n\t\t<\/div>\n\t\t\t\t\t\t<\/div>\n\t\t\t\t<\/div>\n\t\t\t\t\t<\/div>\n\t\t<\/div>\n\t\t\t\t\t<\/div>\n\t\t<\/section>\n\t\t\t\t<section class=\"elementor-section elementor-top-section elementor-element elementor-element-7f896316 elementor-section-boxed elementor-section-height-default elementor-section-height-default\" data-id=\"7f896316\" data-element_type=\"section\" data-e-type=\"section\">\n\t\t\t\t\t\t<div class=\"elementor-container elementor-column-gap-default\">\n\t\t\t\t\t<div class=\"elementor-column elementor-col-100 elementor-top-column elementor-element elementor-element-2ffb2573\" data-id=\"2ffb2573\" data-element_type=\"column\" data-e-type=\"column\">\n\t\t\t<div class=\"elementor-widget-wrap elementor-element-populated\">\n\t\t\t\t\t\t<div class=\"elementor-element elementor-element-2e2e0773 elementor-widget elementor-widget-heading\" data-id=\"2e2e0773\" data-element_type=\"widget\" data-e-type=\"widget\" data-widget_type=\"heading.default\">\n\t\t\t\t<div class=\"elementor-widget-container\">\n\t\t\t\t\t<h2 class=\"elementor-heading-title elementor-size-default\">Los miradores de Mallorca: los mejores lugares para contemplar la belleza de la isla<\/h2>\t\t\t\t<\/div>\n\t\t\t\t<\/div>\n\t\t\t\t<div class=\"elementor-element elementor-element-96600d6 elementor-widget elementor-widget-text-editor\" data-id=\"96600d6\" data-element_type=\"widget\" data-e-type=\"widget\" data-widget_type=\"text-editor.default\">\n\t\t\t\t<div class=\"elementor-widget-container\">\n\t\t\t\t\t\t\t\t\t<p style=\"font-weight: 400;\">Mallorca es un destino que atrae a millones de visitantes cada a\u00f1o gracias a su combinaci\u00f3n perfecta de playas id\u00edlicas, historia y cultura. Pero <strong>m\u00e1s all\u00e1 de sus conocidos atractivos tur\u00edsticos, la isla es hogar de una serie de miradores que ofrecen unas vistas que quitan el hipo<\/strong>. Esta es una forma de conectar con la naturaleza y descubrir su fauna y su flora, porque adem\u00e1s de miradores a pie de carretera, Mallorca tambi\u00e9n posee muchos de ellos a los que hay que llegar atravesando frondosos bosques o largas rutas de senderismo.<\/p><p style=\"font-weight: 400;\">Y lo mejor de todo, es que cada uno de los miradores de Mallorca presenta una vista diferente de la isla que, adem\u00e1s, ofrece un momento perfecto para la fotograf\u00eda. Los contrastes de colores entre el mar, el cielo, la tierra y las rocas, crean <strong>paisajes muy fotog\u00e9nicos que son perfectos para capturar y compartir<\/strong>. Cualquier momento del d\u00eda es ideal para visitar uno de estos miradores de Mallorca, aunque al amanecer, con la luz suave del sol naciente, o al atardecer, con los tonos c\u00e1lidos del ocaso, son nuestros momentos favoritos.<\/p><p style=\"font-weight: 400;\">\u00bfTe gustar\u00eda ir a alguno pero no sabes cu\u00e1les son los mejores miradores de Mallorca? Pues \u00a1te lo contamos!<\/p>\t\t\t\t\t\t\t\t<\/div>\n\t\t\t\t<\/div>\n\t\t\t\t\t<\/div>\n\t\t<\/div>\n\t\t\t\t\t<\/div>\n\t\t<\/section>\n\t\t\t\t<section class=\"elementor-section elementor-top-section elementor-element elementor-element-dd0c90f elementor-section-boxed elementor-section-height-default elementor-section-height-default\" data-id=\"dd0c90f\" data-element_type=\"section\" data-e-type=\"section\">\n\t\t\t\t\t\t<div class=\"elementor-container elementor-column-gap-default\">\n\t\t\t\t\t<div class=\"elementor-column elementor-col-100 elementor-top-column elementor-element elementor-element-bcd583e\" data-id=\"bcd583e\" data-element_type=\"column\" data-e-type=\"column\">\n\t\t\t<div class=\"elementor-widget-wrap elementor-element-populated\">\n\t\t\t\t\t\t<div class=\"elementor-element elementor-element-b35dd8d elementor-widget elementor-widget-heading\" data-id=\"b35dd8d\" data-element_type=\"widget\" data-e-type=\"widget\" data-widget_type=\"heading.default\">\n\t\t\t\t<div class=\"elementor-widget-container\">\n\t\t\t\t\t<h2 class=\"elementor-heading-title elementor-size-default\">Los miradores de Mallorca con las mejores vistas panor\u00e1micas son estos<\/h2>\t\t\t\t<\/div>\n\t\t\t\t<\/div>\n\t\t\t\t<div class=\"elementor-element elementor-element-ffa39ab elementor-widget elementor-widget-text-editor\" data-id=\"ffa39ab\" data-element_type=\"widget\" data-e-type=\"widget\" data-widget_type=\"text-editor.default\">\n\t\t\t\t<div class=\"elementor-widget-container\">\n\t\t\t\t\t\t\t\t\t<p style=\"font-weight: 400;\">Mallorca est\u00e1 repleta de miradores que revelan perfiles \u00fanicos de la isla. Y aqu\u00ed te traemos una peque\u00f1a lista de los que m\u00e1s nos gustan. \u00a1Mira!<\/p>\t\t\t\t\t\t\t\t<\/div>\n\t\t\t\t<\/div>\n\t\t\t\t\t<\/div>\n\t\t<\/div>\n\t\t\t\t\t<\/div>\n\t\t<\/section>\n\t\t\t\t<section class=\"elementor-section elementor-top-section elementor-element elementor-element-7d20db3b elementor-section-boxed elementor-section-height-default elementor-section-height-default\" data-id=\"7d20db3b\" data-element_type=\"section\" data-e-type=\"section\">\n\t\t\t\t\t\t<div class=\"elementor-container elementor-column-gap-default\">\n\t\t\t\t\t<div class=\"elementor-column elementor-col-100 elementor-top-column elementor-element elementor-element-18ce016a\" data-id=\"18ce016a\" data-element_type=\"column\" data-e-type=\"column\">\n\t\t\t<div class=\"elementor-widget-wrap elementor-element-populated\">\n\t\t\t\t\t\t<div class=\"elementor-element elementor-element-77abda24 elementor-widget elementor-widget-heading\" data-id=\"77abda24\" data-element_type=\"widget\" data-e-type=\"widget\" data-widget_type=\"heading.default\">\n\t\t\t\t<div class=\"elementor-widget-container\">\n\t\t\t\t\t<h3 class=\"elementor-heading-title elementor-size-default\">#1 Mirador de Formentor: un balc\u00f3n al mar Mediterr\u00e1neo<\/h3>\t\t\t\t<\/div>\n\t\t\t\t<\/div>\n\t\t\t\t<div class=\"elementor-element elementor-element-15bb3a1e elementor-widget elementor-widget-text-editor\" data-id=\"15bb3a1e\" data-element_type=\"widget\" data-e-type=\"widget\" data-widget_type=\"text-editor.default\">\n\t\t\t\t<div class=\"elementor-widget-container\">\n\t\t\t\t\t\t\t\t\t<p style=\"font-weight: 400;\">Es un destino muy popular tanto para turistas como para locales y tambi\u00e9n es un lugar muy frecuentado por fot\u00f3grafos de todos los lugares del mundo, que buscan capturar las vistas panor\u00e1micas de la costa y del mar.\u00a0<strong>Adem\u00e1s, cerca del Mirador de Formentor est\u00e1 la Torre d&#8217;Albercutx, un antiguo punto de vigilancia construido para avistar barcos piratas.\u00a0Este sitio a\u00f1ade un toque extra de historia al paisaje y ofrece vistas panor\u00e1micas en todas las direcciones, tanto al mar como a la isla.<\/strong><\/p>\t\t\t\t\t\t\t\t<\/div>\n\t\t\t\t<\/div>\n\t\t\t\t\t<\/div>\n\t\t<\/div>\n\t\t\t\t\t<\/div>\n\t\t<\/section>\n\t\t\t\t<section class=\"elementor-section elementor-top-section elementor-element elementor-element-340a620 elementor-section-boxed elementor-section-height-default elementor-section-height-default\" data-id=\"340a620\" data-element_type=\"section\" data-e-type=\"section\">\n\t\t\t\t\t\t<div class=\"elementor-container elementor-column-gap-default\">\n\t\t\t\t\t<div class=\"elementor-column elementor-col-50 elementor-top-column elementor-element elementor-element-afd8f32\" data-id=\"afd8f32\" data-element_type=\"column\" data-e-type=\"column\">\n\t\t\t<div class=\"elementor-widget-wrap elementor-element-populated\">\n\t\t\t\t\t\t<div class=\"elementor-element elementor-element-06b7388 elementor-widget elementor-widget-text-editor\" data-id=\"06b7388\" data-element_type=\"widget\" data-e-type=\"widget\" data-widget_type=\"text-editor.default\">\n\t\t\t\t<div class=\"elementor-widget-container\">\n\t\t\t\t\t\t\t\t\t<p>El Mirador de Formentor, tambi\u00e9n conocido como Mirador Es Colomer,\u00a0<strong>es uno de los puntos de observaci\u00f3n m\u00e1s impresionantes de Mallorca, una verdadera ventana al Mediterr\u00e1neo y tambi\u00e9n a los acantilados de la pen\u00ednsula de Formentor<\/strong>, que est\u00e1 justo en frente. En \u00e9l, disfrutar\u00e1s de unas vistas de infarto sin apenas esfuerzo, porque desde el aparcamiento hay una caminata muy corta y f\u00e1cil hasta el mirador, situado en un acantilado a unos 200 metros sobre el nivel del mar.\u00a0<\/p><p style=\"font-weight: 400;\">\u00bfTiene de todo el Mirador de Formentor de Mallorca? Pues s\u00ed, y es que, cuando te asomas a \u00e9l, que es bastante extenso, te da la sensaci\u00f3n de haber llegado al fin del mundo. Estamos seguros de que la sensaci\u00f3n de amplitud y libertad que ofrecen sus vistas te dejar\u00e1 \u2014como m\u00ednimo\u2014 sin palabras. Muchos visitantes combinan su parada en este mirador de Mallorca con una tarde de <em>relax<\/em> en las calas o playas de los alrededores, como la de Formentor, muy conocida por su arena blanca y aguas cristalinas.<\/p><p style=\"font-weight: 400;\">En resumen, el Mirador de Formentor no solo ofrece vistas impresionantes del Mediterr\u00e1neo, sino que tambi\u00e9n proporciona una conexi\u00f3n con la historia de la isla, sus playas y su naturaleza, ofreci\u00e9ndote una experiencia de viaje complet\u00edsima.<\/p>\t\t\t\t\t\t\t\t<\/div>\n\t\t\t\t<\/div>\n\t\t\t\t\t<\/div>\n\t\t<\/div>\n\t\t\t\t<div class=\"elementor-column elementor-col-50 elementor-top-column elementor-element elementor-element-1441c1a\" data-id=\"1441c1a\" data-element_type=\"column\" data-e-type=\"column\">\n\t\t\t<div class=\"elementor-widget-wrap elementor-element-populated\">\n\t\t\t\t\t\t<div class=\"elementor-element elementor-element-25a7dec elementor-widget elementor-widget-image\" data-id=\"25a7dec\" data-element_type=\"widget\" data-e-type=\"widget\" data-widget_type=\"image.default\">\n\t\t\t\t<div class=\"elementor-widget-container\">\n\t\t\t\t\t\t\t\t\t\t\t\t\t\t\t<img decoding=\"async\" src=\"https:\/\/www.idealpropertymallorca.com\/blog\/wp-content\/uploads\/2024\/07\/cap-de-formentor-751x430.jpg\" title=\"cap-de-formentor\" alt=\"cap-de-formentor\" loading=\"lazy\" \/>\t\t\t\t\t\t\t\t\t\t\t\t\t\t\t<\/div>\n\t\t\t\t<\/div>\n\t\t\t\t\t<\/div>\n\t\t<\/div>\n\t\t\t\t\t<\/div>\n\t\t<\/section>\n\t\t\t\t<section class=\"elementor-section elementor-top-section elementor-element elementor-element-a94bbe1 elementor-section-boxed elementor-section-height-default elementor-section-height-default\" data-id=\"a94bbe1\" data-element_type=\"section\" data-e-type=\"section\">\n\t\t\t\t\t\t<div class=\"elementor-container elementor-column-gap-default\">\n\t\t\t\t\t<div class=\"elementor-column elementor-col-100 elementor-top-column elementor-element elementor-element-1e1a794\" data-id=\"1e1a794\" data-element_type=\"column\" data-e-type=\"column\">\n\t\t\t<div class=\"elementor-widget-wrap elementor-element-populated\">\n\t\t\t\t\t\t<div class=\"elementor-element elementor-element-a13be5b elementor-widget elementor-widget-heading\" data-id=\"a13be5b\" data-element_type=\"widget\" data-e-type=\"widget\" data-widget_type=\"heading.default\">\n\t\t\t\t<div class=\"elementor-widget-container\">\n\t\t\t\t\t<h3 class=\"elementor-heading-title elementor-size-default\">#2 Mirador Talaia de Son Jaume ll: el mirador de Mallorca con amplias vistas al litoral<\/h3>\t\t\t\t<\/div>\n\t\t\t\t<\/div>\n\t\t\t\t\t<\/div>\n\t\t<\/div>\n\t\t\t\t\t<\/div>\n\t\t<\/section>\n\t\t\t\t<section class=\"elementor-section elementor-top-section elementor-element elementor-element-0d75570 elementor-section-boxed elementor-section-height-default elementor-section-height-default\" data-id=\"0d75570\" data-element_type=\"section\" data-e-type=\"section\">\n\t\t\t\t\t\t<div class=\"elementor-container elementor-column-gap-default\">\n\t\t\t\t\t<div class=\"elementor-column elementor-col-50 elementor-top-column elementor-element elementor-element-7353b3e\" data-id=\"7353b3e\" data-element_type=\"column\" data-e-type=\"column\">\n\t\t\t<div class=\"elementor-widget-wrap elementor-element-populated\">\n\t\t\t\t\t\t<div class=\"elementor-element elementor-element-3c1009b elementor-widget elementor-widget-text-editor\" data-id=\"3c1009b\" data-element_type=\"widget\" data-e-type=\"widget\" data-widget_type=\"text-editor.default\">\n\t\t\t\t<div class=\"elementor-widget-container\">\n\t\t\t\t\t\t\t\t\t<p style=\"font-weight: 400;\">El Mirador Talaia de Son Jaume ll es <strong>uno de esos tesoros escondidos que Mallorca reserva para quienes buscan vistas espectaculares del litoral de la isla<\/strong>. Para llegar hasta \u00e9l tendr\u00e1s que pegarte una buena caminata, de unas dos o tres horas&nbsp;\u2014ida y vuelta\u2014. Y aunque el paseo es corto, peca de intenso. Casi todo el tramo es de subida hacia un mont\u00edculo que separa cala Mesquida y Cala Agulla en el que se encuentra una torre atalaya medieval de vigilancia, situada a unos 300 metros de altura.<\/p>\n<p style=\"font-weight: 400;\">Llegar hasta este mirador en Mallorca es posible desde Cala Mesquida o desde Cala Agulla, aunque <strong>la belleza esc\u00e9nica que ofrece iniciar la ruta desde Cala Agulla no tiene comparaci\u00f3n<\/strong>. Desde este punto, cada paso te lleva a trav\u00e9s de paisajes t\u00edpicos mediterr\u00e1neos, culminando con un despliegue de vistas al mar y a gran parte del litoral mallorqu\u00edn.&nbsp;<\/p>\n<p style=\"font-weight: 400;\">Un lugar perfecto para los amantes de la naturaleza y tambi\u00e9n de la fotograf\u00eda que buscan capturar la esencia de Mallorca desde una perspectiva m\u00e1s amplia.<\/p>\t\t\t\t\t\t\t\t<\/div>\n\t\t\t\t<\/div>\n\t\t\t\t\t<\/div>\n\t\t<\/div>\n\t\t\t\t<div class=\"elementor-column elementor-col-50 elementor-top-column elementor-element elementor-element-5a0fb48\" data-id=\"5a0fb48\" data-element_type=\"column\" data-e-type=\"column\">\n\t\t\t<div class=\"elementor-widget-wrap elementor-element-populated\">\n\t\t\t\t\t\t<div class=\"elementor-element elementor-element-8f4de72 elementor-widget elementor-widget-image\" data-id=\"8f4de72\" data-element_type=\"widget\" data-e-type=\"widget\" data-widget_type=\"image.default\">\n\t\t\t\t<div class=\"elementor-widget-container\">\n\t\t\t\t\t\t\t\t\t\t\t\t\t\t\t<img decoding=\"async\" src=\"https:\/\/www.idealpropertymallorca.com\/blog\/wp-content\/uploads\/2024\/07\/Mirador-Talaia-de-Son-Jaumell-751x430.jpg\" title=\"Mirador-Talaia-de-Son-Jaumell\" alt=\"Mirador-Talaia-de-Son-Jaumell\" loading=\"lazy\" \/>\t\t\t\t\t\t\t\t\t\t\t\t\t\t\t<\/div>\n\t\t\t\t<\/div>\n\t\t\t\t\t<\/div>\n\t\t<\/div>\n\t\t\t\t\t<\/div>\n\t\t<\/section>\n\t\t\t\t<section class=\"elementor-section elementor-top-section elementor-element elementor-element-7914713 elementor-section-boxed elementor-section-height-default elementor-section-height-default\" data-id=\"7914713\" data-element_type=\"section\" data-e-type=\"section\">\n\t\t\t\t\t\t<div class=\"elementor-container elementor-column-gap-default\">\n\t\t\t\t\t<div class=\"elementor-column elementor-col-100 elementor-top-column elementor-element elementor-element-e3aa3c5\" data-id=\"e3aa3c5\" data-element_type=\"column\" data-e-type=\"column\">\n\t\t\t<div class=\"elementor-widget-wrap elementor-element-populated\">\n\t\t\t\t\t\t<div class=\"elementor-element elementor-element-066e082 elementor-widget elementor-widget-heading\" data-id=\"066e082\" data-element_type=\"widget\" data-e-type=\"widget\" data-widget_type=\"heading.default\">\n\t\t\t\t<div class=\"elementor-widget-container\">\n\t\t\t\t\t<h3 class=\"elementor-heading-title elementor-size-default\">#3 Mirador Penya des Migdia: otra perspectiva de Formentor, Alc\u00fadia y Pollen\u00e7a<\/h3>\t\t\t\t<\/div>\n\t\t\t\t<\/div>\n\t\t\t\t<div class=\"elementor-element elementor-element-f908ebb elementor-widget elementor-widget-text-editor\" data-id=\"f908ebb\" data-element_type=\"widget\" data-e-type=\"widget\" data-widget_type=\"text-editor.default\">\n\t\t\t\t<div class=\"elementor-widget-container\">\n\t\t\t\t\t\t\t\t\t<p style=\"font-weight: 400;\">La excursi\u00f3n a la Penya des Migdia o Penya Rotja es una ruta de senderismo muy conocida que parte desde la Ermita de la Victoria en Alc\u00fadia y que tiene como punto final el Mirador Penya des Midgia. El camino es muy f\u00e1cil de seguir, pero tiene cierto nivel de peligrosidad en el tramo final, es pedregoso y algo estrecho. Aun as\u00ed, \u00bfte atreves? La recompensa si decides ponerte en marcha son unas <strong>impresionantes vistas panor\u00e1micas de la costa norte de la isla, a m\u00e1s de 350 metros de altura.<\/strong><\/p>\t\t\t\t\t\t\t\t<\/div>\n\t\t\t\t<\/div>\n\t\t\t\t\t<\/div>\n\t\t<\/div>\n\t\t\t\t\t<\/div>\n\t\t<\/section>\n\t\t\t\t<section class=\"elementor-section elementor-top-section elementor-element elementor-element-433eb64 elementor-section-boxed elementor-section-height-default elementor-section-height-default\" data-id=\"433eb64\" data-element_type=\"section\" data-e-type=\"section\">\n\t\t\t\t\t\t<div class=\"elementor-container elementor-column-gap-default\">\n\t\t\t\t\t<div class=\"elementor-column elementor-col-50 elementor-top-column elementor-element elementor-element-ba0a715\" data-id=\"ba0a715\" data-element_type=\"column\" data-e-type=\"column\">\n\t\t\t<div class=\"elementor-widget-wrap elementor-element-populated\">\n\t\t\t\t\t\t<div class=\"elementor-element elementor-element-7eb5306 elementor-widget elementor-widget-text-editor\" data-id=\"7eb5306\" data-element_type=\"widget\" data-e-type=\"widget\" data-widget_type=\"text-editor.default\">\n\t\t\t\t<div class=\"elementor-widget-container\">\n\t\t\t\t\t\t\t\t\t<p style=\"font-weight: 400;\">Durante la ruta, de unas dos horas y media, pasar\u00e1s por tres cruces de piedra bastante grandotes, desde las que podr\u00e1s disfrutar de las primeras vistas panor\u00e1micas\u00a0\u2014no comparables con el punto final, claro\u2014.<\/p><p style=\"font-weight: 400;\">Y en el resto del trayecto, \u00a1hay muchos m\u00e1s atractivos y retos! Hay un peque\u00f1o t\u00fanel de piedra que atraviesa la monta\u00f1a para llevarte directamente a la parte inferior de la Penya del Migdia, tambi\u00e9n unas cadenas y varias ayudas para superar los tramos m\u00e1s complejos, a\u00f1adiendo un punto aventurero a la excursi\u00f3n, la ruta desemboca en una peque\u00f1a explanada en la que <strong>hay varios restos militares de la \u00e9poca en la que los\u00a0corsarios y los piratas asolaban la isla y, en el culmen, hay un inmenso ca\u00f1\u00f3n de bronce que recibe el nombre de \u00abCan\u00f3 des Moro\u00bb, el punto final de la ruta.<\/strong><\/p><p style=\"font-weight: 400;\">Desde ah\u00ed tienes unas vistas de 360\u00b0 que incluyen el Cap Pinar, las bah\u00edas de Alc\u00fadia y Pollen\u00e7a, la pen\u00ednsula de Formentor y parte de la Serra de Tramuntana. Ah, y si hay buena visibilidad, tambi\u00e9n podr\u00e1s disfrutar de unas hermosas vistas a Menorca, la isla vecina. Y tras la ruta, tienes que pasarte s\u00ed o s\u00ed por alguna de las\u00a0<a href=\"https:\/\/www.idealpropertymallorca.com\/blog\/es\/cuales-son-las-calas-y-las-playas-de-alcudia-mas-impactantes\/\">mejores playas de Alc\u00fadia<\/a>, no tienen desperdicio.<\/p>\t\t\t\t\t\t\t\t<\/div>\n\t\t\t\t<\/div>\n\t\t\t\t\t<\/div>\n\t\t<\/div>\n\t\t\t\t<div class=\"elementor-column elementor-col-50 elementor-top-column elementor-element elementor-element-52d6e73\" data-id=\"52d6e73\" data-element_type=\"column\" data-e-type=\"column\">\n\t\t\t<div class=\"elementor-widget-wrap elementor-element-populated\">\n\t\t\t\t\t\t<div class=\"elementor-element elementor-element-2df1f69 elementor-widget elementor-widget-image\" data-id=\"2df1f69\" data-element_type=\"widget\" data-e-type=\"widget\" data-widget_type=\"image.default\">\n\t\t\t\t<div class=\"elementor-widget-container\">\n\t\t\t\t\t\t\t\t\t\t\t\t\t\t\t<img decoding=\"async\" src=\"https:\/\/www.idealpropertymallorca.com\/blog\/wp-content\/uploads\/2024\/07\/Penya-des-Migdia-751x430.jpg\" title=\"Penya-des-Migdia\" alt=\"Penya-des-Migdia\" loading=\"lazy\" \/>\t\t\t\t\t\t\t\t\t\t\t\t\t\t\t<\/div>\n\t\t\t\t<\/div>\n\t\t\t\t\t<\/div>\n\t\t<\/div>\n\t\t\t\t\t<\/div>\n\t\t<\/section>\n\t\t\t\t<section class=\"elementor-section elementor-top-section elementor-element elementor-element-3f507f1 elementor-section-boxed elementor-section-height-default elementor-section-height-default\" data-id=\"3f507f1\" data-element_type=\"section\" data-e-type=\"section\">\n\t\t\t\t\t\t<div class=\"elementor-container elementor-column-gap-default\">\n\t\t\t\t\t<div class=\"elementor-column elementor-col-100 elementor-top-column elementor-element elementor-element-7466a09b\" data-id=\"7466a09b\" data-element_type=\"column\" data-e-type=\"column\">\n\t\t\t<div class=\"elementor-widget-wrap elementor-element-populated\">\n\t\t\t\t\t\t<div class=\"elementor-element elementor-element-12557571 elementor-widget elementor-widget-heading\" data-id=\"12557571\" data-element_type=\"widget\" data-e-type=\"widget\" data-widget_type=\"heading.default\">\n\t\t\t\t<div class=\"elementor-widget-container\">\n\t\t\t\t\t<h2 class=\"elementor-heading-title elementor-size-default\">Ven a visitar los miradores de Mallorca: \u00a1disfruta de vistas inolvidables!<\/h2>\t\t\t\t<\/div>\n\t\t\t\t<\/div>\n\t\t\t\t<div class=\"elementor-element elementor-element-3643251 elementor-widget elementor-widget-text-editor\" data-id=\"3643251\" data-element_type=\"widget\" data-e-type=\"widget\" data-widget_type=\"text-editor.default\">\n\t\t\t\t<div class=\"elementor-widget-container\">\n\t\t\t\t\t\t\t\t\t<p style=\"font-weight: 400;\">\u00bfQu\u00e9 te han parecido estos miradores de Mallorca? \u00bfLos a\u00f1adir\u00edas a tu lista de cosas qu\u00e9 ver en Mallorca?<\/p><p style=\"font-weight: 400;\">Ya\u2026 <strong>Sabemos que antes de ponerte a a\u00f1adir miradores u otros puntos de inter\u00e9s a tu lista de cosas que hacer en Mallorca te falta lo m\u00e1s importante: d\u00f3nde dormir.<\/strong> Eso es quiz\u00e1 lo que m\u00e1s quebraderos de cabeza genera a los viajeros, no solo a ti. Por eso en Ideal Property queremos echarte una mano a buscar tu alojamiento ideal en Mallorca. En nuestra web puedes encontrar infinidad de apartamentos, chalets, fincas y villas con reserva a golpe de\u00a0clic\u00a0y sobre todo, con la seguridad de que est\u00e1s reservando un alojamiento de calidad con todas y cada una de las comodidades que necesitas.<\/p><p style=\"font-weight: 400;\">\u00bfSuena bien? Pues venga, \u00e9chale un ojo a todos los alojamientos que tenemos en <a href=\"https:\/\/www.idealpropertymallorca.com\/es\/\">Ideal Property<\/a> y \u00a1elige el tuyo ya!<\/p>\t\t\t\t\t\t\t\t<\/div>\n\t\t\t\t<\/div>\n\t\t\t\t\t<\/div>\n\t\t<\/div>\n\t\t\t\t\t<\/div>\n\t\t<\/section>\n\t\t\t\t<section class=\"elementor-section elementor-top-section elementor-element elementor-element-abe9517 elementor-section-boxed elementor-section-height-default elementor-section-height-default\" data-id=\"abe9517\" data-element_type=\"section\" data-e-type=\"section\">\n\t\t\t\t\t\t<div class=\"elementor-container elementor-column-gap-default\">\n\t\t\t\t\t<div class=\"elementor-column elementor-col-33 elementor-top-column elementor-element elementor-element-686c9805\" data-id=\"686c9805\" data-element_type=\"column\" data-e-type=\"column\">\n\t\t\t<div class=\"elementor-widget-wrap elementor-element-populated\">\n\t\t\t\t\t\t<div class=\"elementor-element elementor-element-74a0b97a elementor-align-center elementor-widget elementor-widget-button\" data-id=\"74a0b97a\" data-element_type=\"widget\" data-e-type=\"widget\" data-widget_type=\"button.default\">\n\t\t\t\t<div class=\"elementor-widget-container\">\n\t\t\t\t\t\t\t\t\t<div class=\"elementor-button-wrapper\">\n\t\t\t\t\t<a class=\"elementor-button elementor-button-link elementor-size-sm\" href=\"https:\/\/www.idealpropertymallorca.com\/es\/alquiler\/alquileres-mallorca-e21\/\">\n\t\t\t\t\t\t<span class=\"elementor-button-content-wrapper\">\n\t\t\t\t\t\t\t\t\t<span class=\"elementor-button-text\">Alojamientos en Mallorca<\/span>\n\t\t\t\t\t<\/span>\n\t\t\t\t\t<\/a>\n\t\t\t\t<\/div>\n\t\t\t\t\t\t\t\t<\/div>\n\t\t\t\t<\/div>\n\t\t\t\t\t<\/div>\n\t\t<\/div>\n\t\t\t\t<div class=\"elementor-column elementor-col-33 elementor-top-column elementor-element elementor-element-13cda31d\" data-id=\"13cda31d\" data-element_type=\"column\" data-e-type=\"column\">\n\t\t\t<div class=\"elementor-widget-wrap elementor-element-populated\">\n\t\t\t\t\t\t<div class=\"elementor-element elementor-element-3d22f3ab elementor-align-center elementor-widget elementor-widget-button\" data-id=\"3d22f3ab\" data-element_type=\"widget\" data-e-type=\"widget\" data-widget_type=\"button.default\">\n\t\t\t\t<div class=\"elementor-widget-container\">\n\t\t\t\t\t\t\t\t\t<div class=\"elementor-button-wrapper\">\n\t\t\t\t\t<a class=\"elementor-button elementor-button-link elementor-size-sm\" href=\"https:\/\/www.idealpropertymallorca.com\/es\/alquiler\/alquileres-alcudia-d1098\/\">\n\t\t\t\t\t\t<span class=\"elementor-button-content-wrapper\">\n\t\t\t\t\t\t\t\t\t<span class=\"elementor-button-text\">Alojamientos en Alcudia<\/span>\n\t\t\t\t\t<\/span>\n\t\t\t\t\t<\/a>\n\t\t\t\t<\/div>\n\t\t\t\t\t\t\t\t<\/div>\n\t\t\t\t<\/div>\n\t\t\t\t\t<\/div>\n\t\t<\/div>\n\t\t\t\t<div class=\"elementor-column elementor-col-33 elementor-top-column elementor-element elementor-element-40d5c53a\" data-id=\"40d5c53a\" data-element_type=\"column\" data-e-type=\"column\">\n\t\t\t<div class=\"elementor-widget-wrap elementor-element-populated\">\n\t\t\t\t\t\t<div class=\"elementor-element elementor-element-6233ece6 elementor-align-center elementor-widget elementor-widget-button\" data-id=\"6233ece6\" data-element_type=\"widget\" data-e-type=\"widget\" data-widget_type=\"button.default\">\n\t\t\t\t<div class=\"elementor-widget-container\">\n\t\t\t\t\t\t\t\t\t<div class=\"elementor-button-wrapper\">\n\t\t\t\t\t<a class=\"elementor-button elementor-button-link elementor-size-sm\" href=\"https:\/\/www.idealpropertymallorca.com\/es\/alquiler\/alquileres-pollensa-d459611\/\">\n\t\t\t\t\t\t<span class=\"elementor-button-content-wrapper\">\n\t\t\t\t\t\t\t\t\t<span class=\"elementor-button-text\">Alojamiento Pollensa<\/span>\n\t\t\t\t\t<\/span>\n\t\t\t\t\t<\/a>\n\t\t\t\t<\/div>\n\t\t\t\t\t\t\t\t<\/div>\n\t\t\t\t<\/div>\n\t\t\t\t\t<\/div>\n\t\t<\/div>\n\t\t\t\t\t<\/div>\n\t\t<\/section>\n\t\t\t\t<\/div>\n\t\t","protected":false},"excerpt":{"rendered":"<p>\u00bfTienes ganas de disfrutar de la otra cara de Mallorca desde un mirador? Pues \u00a1est\u00e1s de suerte! En la isla hay infinidad de miradores que ofrecen vistas verdaderamente impresionantes del entorno. Estos te permiten conocer m\u00e1s a fondo la belleza de Mallorca, as\u00ed como su geograf\u00eda y su paisaje marino. Y hoy vamos a contarte [&hellip;]<\/p>\n","protected":false},"author":8,"featured_media":11287,"comment_status":"open","ping_status":"open","sticky":false,"template":"","format":"standard","meta":{"footnotes":""},"categories":[62],"tags":[],"class_list":["post-11267","post","type-post","status-publish","format-standard","has-post-thumbnail","hentry","category-extra-es"],"yoast_head":"<!-- This site is optimized with the Yoast SEO plugin v27.4 - https:\/\/yoast.com\/product\/yoast-seo-wordpress\/ -->\n<title>Miradores de Mallorca: descubre las vistas m\u00e1s impresionantes - Majorca Blog<\/title>\n<meta name=\"description\" content=\"\u00bfAnsioso por conocer los mejores miradores de Mallorca? No olvides visitar las mejores vistas de la isla y del Mediterr\u00e1neo.\" \/>\n<meta name=\"robots\" content=\"index, follow, max-snippet:-1, max-image-preview:large, max-video-preview:-1\" \/>\n<link rel=\"canonical\" href=\"https:\/\/www.idealpropertymallorca.com\/blog\/es\/miradores-mallorca\/\" \/>\n<meta property=\"og:locale\" content=\"es_ES\" \/>\n<meta property=\"og:type\" content=\"article\" \/>\n<meta property=\"og:title\" content=\"Miradores de Mallorca: descubre las vistas m\u00e1s impresionantes - Majorca Blog\" \/>\n<meta property=\"og:description\" content=\"\u00bfAnsioso por conocer los mejores miradores de Mallorca? No olvides visitar las mejores vistas de la isla y del Mediterr\u00e1neo.\" \/>\n<meta property=\"og:url\" content=\"https:\/\/www.idealpropertymallorca.com\/blog\/es\/miradores-mallorca\/\" \/>\n<meta property=\"og:site_name\" content=\"Majorca Blog\" \/>\n<meta property=\"article:published_time\" content=\"2024-07-11T10:01:01+00:00\" \/>\n<meta property=\"article:modified_time\" content=\"2025-05-06T14:26:29+00:00\" \/>\n<meta property=\"og:image\" content=\"https:\/\/www.idealpropertymallorca.com\/blog\/wp-content\/uploads\/2024\/07\/miradores-mallorca.jpg\" \/>\n\t<meta property=\"og:image:width\" content=\"1920\" \/>\n\t<meta property=\"og:image:height\" content=\"640\" \/>\n\t<meta property=\"og:image:type\" content=\"image\/jpeg\" \/>\n<meta name=\"author\" content=\"Laura\" \/>\n<meta name=\"twitter:card\" content=\"summary_large_image\" \/>\n<meta name=\"twitter:label1\" content=\"Written by\" \/>\n\t<meta name=\"twitter:data1\" content=\"Laura\" \/>\n\t<meta name=\"twitter:label2\" content=\"Est. reading time\" \/>\n\t<meta name=\"twitter:data2\" content=\"7 minutes\" \/>\n<script type=\"application\/ld+json\" class=\"yoast-schema-graph\">{\"@context\":\"https:\\\/\\\/schema.org\",\"@graph\":[{\"@type\":\"Article\",\"@id\":\"https:\\\/\\\/www.idealpropertymallorca.com\\\/blog\\\/es\\\/miradores-mallorca\\\/#article\",\"isPartOf\":{\"@id\":\"https:\\\/\\\/www.idealpropertymallorca.com\\\/blog\\\/es\\\/miradores-mallorca\\\/\"},\"author\":{\"name\":\"Laura\",\"@id\":\"https:\\\/\\\/www.idealpropertymallorca.com\\\/blog\\\/es\\\/#\\\/schema\\\/person\\\/53b99bcf6881b706ccaf30eb50de4c8e\"},\"headline\":\"Miradores de Mallorca: descubre las vistas m\u00e1s impresionantes\",\"datePublished\":\"2024-07-11T10:01:01+00:00\",\"dateModified\":\"2025-05-06T14:26:29+00:00\",\"mainEntityOfPage\":{\"@id\":\"https:\\\/\\\/www.idealpropertymallorca.com\\\/blog\\\/es\\\/miradores-mallorca\\\/\"},\"wordCount\":1381,\"commentCount\":0,\"publisher\":{\"@id\":\"https:\\\/\\\/www.idealpropertymallorca.com\\\/blog\\\/es\\\/#organization\"},\"image\":{\"@id\":\"https:\\\/\\\/www.idealpropertymallorca.com\\\/blog\\\/es\\\/miradores-mallorca\\\/#primaryimage\"},\"thumbnailUrl\":\"https:\\\/\\\/www.idealpropertymallorca.com\\\/blog\\\/wp-content\\\/uploads\\\/2024\\\/07\\\/miradores-mallorca.jpg\",\"articleSection\":[\"Extra\"],\"inLanguage\":\"es\",\"potentialAction\":[{\"@type\":\"CommentAction\",\"name\":\"Comment\",\"target\":[\"https:\\\/\\\/www.idealpropertymallorca.com\\\/blog\\\/es\\\/miradores-mallorca\\\/#respond\"]}]},{\"@type\":\"WebPage\",\"@id\":\"https:\\\/\\\/www.idealpropertymallorca.com\\\/blog\\\/es\\\/miradores-mallorca\\\/\",\"url\":\"https:\\\/\\\/www.idealpropertymallorca.com\\\/blog\\\/es\\\/miradores-mallorca\\\/\",\"name\":\"Miradores de Mallorca: descubre las vistas m\u00e1s impresionantes - Majorca Blog\",\"isPartOf\":{\"@id\":\"https:\\\/\\\/www.idealpropertymallorca.com\\\/blog\\\/es\\\/#website\"},\"primaryImageOfPage\":{\"@id\":\"https:\\\/\\\/www.idealpropertymallorca.com\\\/blog\\\/es\\\/miradores-mallorca\\\/#primaryimage\"},\"image\":{\"@id\":\"https:\\\/\\\/www.idealpropertymallorca.com\\\/blog\\\/es\\\/miradores-mallorca\\\/#primaryimage\"},\"thumbnailUrl\":\"https:\\\/\\\/www.idealpropertymallorca.com\\\/blog\\\/wp-content\\\/uploads\\\/2024\\\/07\\\/miradores-mallorca.jpg\",\"datePublished\":\"2024-07-11T10:01:01+00:00\",\"dateModified\":\"2025-05-06T14:26:29+00:00\",\"description\":\"\u00bfAnsioso por conocer los mejores miradores de Mallorca? No olvides visitar las mejores vistas de la isla y del Mediterr\u00e1neo.\",\"inLanguage\":\"es\",\"potentialAction\":[{\"@type\":\"ReadAction\",\"target\":[\"https:\\\/\\\/www.idealpropertymallorca.com\\\/blog\\\/es\\\/miradores-mallorca\\\/\"]}]},{\"@type\":\"ImageObject\",\"inLanguage\":\"es\",\"@id\":\"https:\\\/\\\/www.idealpropertymallorca.com\\\/blog\\\/es\\\/miradores-mallorca\\\/#primaryimage\",\"url\":\"https:\\\/\\\/www.idealpropertymallorca.com\\\/blog\\\/wp-content\\\/uploads\\\/2024\\\/07\\\/miradores-mallorca.jpg\",\"contentUrl\":\"https:\\\/\\\/www.idealpropertymallorca.com\\\/blog\\\/wp-content\\\/uploads\\\/2024\\\/07\\\/miradores-mallorca.jpg\",\"width\":1920,\"height\":640,\"caption\":\"miradores mallorca\"},{\"@type\":\"WebSite\",\"@id\":\"https:\\\/\\\/www.idealpropertymallorca.com\\\/blog\\\/es\\\/#website\",\"url\":\"https:\\\/\\\/www.idealpropertymallorca.com\\\/blog\\\/es\\\/\",\"name\":\"Majorca Blog\",\"description\":\"Find relevant tourist information to see and do on the island of Mallorca during your holiday. Discover the best places and tips!\",\"publisher\":{\"@id\":\"https:\\\/\\\/www.idealpropertymallorca.com\\\/blog\\\/es\\\/#organization\"},\"potentialAction\":[{\"@type\":\"SearchAction\",\"target\":{\"@type\":\"EntryPoint\",\"urlTemplate\":\"https:\\\/\\\/www.idealpropertymallorca.com\\\/blog\\\/es\\\/?s={search_term_string}\"},\"query-input\":{\"@type\":\"PropertyValueSpecification\",\"valueRequired\":true,\"valueName\":\"search_term_string\"}}],\"inLanguage\":\"es\"},{\"@type\":\"Organization\",\"@id\":\"https:\\\/\\\/www.idealpropertymallorca.com\\\/blog\\\/es\\\/#organization\",\"name\":\"Majorca Blog\",\"url\":\"https:\\\/\\\/www.idealpropertymallorca.com\\\/blog\\\/es\\\/\",\"logo\":{\"@type\":\"ImageObject\",\"inLanguage\":\"es\",\"@id\":\"https:\\\/\\\/www.idealpropertymallorca.com\\\/blog\\\/es\\\/#\\\/schema\\\/logo\\\/image\\\/\",\"url\":\"https:\\\/\\\/www.idealpropertymallorca.com\\\/blog\\\/wp-content\\\/uploads\\\/2024\\\/10\\\/ideal-property-mallorca-blue-mobile.png\",\"contentUrl\":\"https:\\\/\\\/www.idealpropertymallorca.com\\\/blog\\\/wp-content\\\/uploads\\\/2024\\\/10\\\/ideal-property-mallorca-blue-mobile.png\",\"width\":500,\"height\":150,\"caption\":\"Majorca Blog\"},\"image\":{\"@id\":\"https:\\\/\\\/www.idealpropertymallorca.com\\\/blog\\\/es\\\/#\\\/schema\\\/logo\\\/image\\\/\"}},{\"@type\":\"Person\",\"@id\":\"https:\\\/\\\/www.idealpropertymallorca.com\\\/blog\\\/es\\\/#\\\/schema\\\/person\\\/53b99bcf6881b706ccaf30eb50de4c8e\",\"name\":\"Laura\",\"image\":{\"@type\":\"ImageObject\",\"inLanguage\":\"es\",\"@id\":\"https:\\\/\\\/secure.gravatar.com\\\/avatar\\\/38b396224481eeb6edadb558d7e4a6d1ff1c8ba1e6abd3951e451527e107c96b?s=96&d=mm&r=g\",\"url\":\"https:\\\/\\\/secure.gravatar.com\\\/avatar\\\/38b396224481eeb6edadb558d7e4a6d1ff1c8ba1e6abd3951e451527e107c96b?s=96&d=mm&r=g\",\"contentUrl\":\"https:\\\/\\\/secure.gravatar.com\\\/avatar\\\/38b396224481eeb6edadb558d7e4a6d1ff1c8ba1e6abd3951e451527e107c96b?s=96&d=mm&r=g\",\"caption\":\"Laura\"}}]}<\/script>\n<!-- \/ Yoast SEO plugin. -->","yoast_head_json":{"title":"Miradores de Mallorca: descubre las vistas m\u00e1s impresionantes - Majorca Blog","description":"\u00bfAnsioso por conocer los mejores miradores de Mallorca? No olvides visitar las mejores vistas de la isla y del Mediterr\u00e1neo.","robots":{"index":"index","follow":"follow","max-snippet":"max-snippet:-1","max-image-preview":"max-image-preview:large","max-video-preview":"max-video-preview:-1"},"canonical":"https:\/\/www.idealpropertymallorca.com\/blog\/es\/miradores-mallorca\/","og_locale":"es_ES","og_type":"article","og_title":"Miradores de Mallorca: descubre las vistas m\u00e1s impresionantes - Majorca Blog","og_description":"\u00bfAnsioso por conocer los mejores miradores de Mallorca? No olvides visitar las mejores vistas de la isla y del Mediterr\u00e1neo.","og_url":"https:\/\/www.idealpropertymallorca.com\/blog\/es\/miradores-mallorca\/","og_site_name":"Majorca Blog","article_published_time":"2024-07-11T10:01:01+00:00","article_modified_time":"2025-05-06T14:26:29+00:00","og_image":[{"width":1920,"height":640,"url":"https:\/\/www.idealpropertymallorca.com\/blog\/wp-content\/uploads\/2024\/07\/miradores-mallorca.jpg","type":"image\/jpeg"}],"author":"Laura","twitter_card":"summary_large_image","twitter_misc":{"Written by":"Laura","Est. reading time":"7 minutes"},"schema":{"@context":"https:\/\/schema.org","@graph":[{"@type":"Article","@id":"https:\/\/www.idealpropertymallorca.com\/blog\/es\/miradores-mallorca\/#article","isPartOf":{"@id":"https:\/\/www.idealpropertymallorca.com\/blog\/es\/miradores-mallorca\/"},"author":{"name":"Laura","@id":"https:\/\/www.idealpropertymallorca.com\/blog\/es\/#\/schema\/person\/53b99bcf6881b706ccaf30eb50de4c8e"},"headline":"Miradores de Mallorca: descubre las vistas m\u00e1s impresionantes","datePublished":"2024-07-11T10:01:01+00:00","dateModified":"2025-05-06T14:26:29+00:00","mainEntityOfPage":{"@id":"https:\/\/www.idealpropertymallorca.com\/blog\/es\/miradores-mallorca\/"},"wordCount":1381,"commentCount":0,"publisher":{"@id":"https:\/\/www.idealpropertymallorca.com\/blog\/es\/#organization"},"image":{"@id":"https:\/\/www.idealpropertymallorca.com\/blog\/es\/miradores-mallorca\/#primaryimage"},"thumbnailUrl":"https:\/\/www.idealpropertymallorca.com\/blog\/wp-content\/uploads\/2024\/07\/miradores-mallorca.jpg","articleSection":["Extra"],"inLanguage":"es","potentialAction":[{"@type":"CommentAction","name":"Comment","target":["https:\/\/www.idealpropertymallorca.com\/blog\/es\/miradores-mallorca\/#respond"]}]},{"@type":"WebPage","@id":"https:\/\/www.idealpropertymallorca.com\/blog\/es\/miradores-mallorca\/","url":"https:\/\/www.idealpropertymallorca.com\/blog\/es\/miradores-mallorca\/","name":"Miradores de Mallorca: descubre las vistas m\u00e1s impresionantes - Majorca Blog","isPartOf":{"@id":"https:\/\/www.idealpropertymallorca.com\/blog\/es\/#website"},"primaryImageOfPage":{"@id":"https:\/\/www.idealpropertymallorca.com\/blog\/es\/miradores-mallorca\/#primaryimage"},"image":{"@id":"https:\/\/www.idealpropertymallorca.com\/blog\/es\/miradores-mallorca\/#primaryimage"},"thumbnailUrl":"https:\/\/www.idealpropertymallorca.com\/blog\/wp-content\/uploads\/2024\/07\/miradores-mallorca.jpg","datePublished":"2024-07-11T10:01:01+00:00","dateModified":"2025-05-06T14:26:29+00:00","description":"\u00bfAnsioso por conocer los mejores miradores de Mallorca? No olvides visitar las mejores vistas de la isla y del Mediterr\u00e1neo.","inLanguage":"es","potentialAction":[{"@type":"ReadAction","target":["https:\/\/www.idealpropertymallorca.com\/blog\/es\/miradores-mallorca\/"]}]},{"@type":"ImageObject","inLanguage":"es","@id":"https:\/\/www.idealpropertymallorca.com\/blog\/es\/miradores-mallorca\/#primaryimage","url":"https:\/\/www.idealpropertymallorca.com\/blog\/wp-content\/uploads\/2024\/07\/miradores-mallorca.jpg","contentUrl":"https:\/\/www.idealpropertymallorca.com\/blog\/wp-content\/uploads\/2024\/07\/miradores-mallorca.jpg","width":1920,"height":640,"caption":"miradores mallorca"},{"@type":"WebSite","@id":"https:\/\/www.idealpropertymallorca.com\/blog\/es\/#website","url":"https:\/\/www.idealpropertymallorca.com\/blog\/es\/","name":"Majorca Blog","description":"Find relevant tourist information to see and do on the island of Mallorca during your holiday. Discover the best places and tips!","publisher":{"@id":"https:\/\/www.idealpropertymallorca.com\/blog\/es\/#organization"},"potentialAction":[{"@type":"SearchAction","target":{"@type":"EntryPoint","urlTemplate":"https:\/\/www.idealpropertymallorca.com\/blog\/es\/?s={search_term_string}"},"query-input":{"@type":"PropertyValueSpecification","valueRequired":true,"valueName":"search_term_string"}}],"inLanguage":"es"},{"@type":"Organization","@id":"https:\/\/www.idealpropertymallorca.com\/blog\/es\/#organization","name":"Majorca Blog","url":"https:\/\/www.idealpropertymallorca.com\/blog\/es\/","logo":{"@type":"ImageObject","inLanguage":"es","@id":"https:\/\/www.idealpropertymallorca.com\/blog\/es\/#\/schema\/logo\/image\/","url":"https:\/\/www.idealpropertymallorca.com\/blog\/wp-content\/uploads\/2024\/10\/ideal-property-mallorca-blue-mobile.png","contentUrl":"https:\/\/www.idealpropertymallorca.com\/blog\/wp-content\/uploads\/2024\/10\/ideal-property-mallorca-blue-mobile.png","width":500,"height":150,"caption":"Majorca Blog"},"image":{"@id":"https:\/\/www.idealpropertymallorca.com\/blog\/es\/#\/schema\/logo\/image\/"}},{"@type":"Person","@id":"https:\/\/www.idealpropertymallorca.com\/blog\/es\/#\/schema\/person\/53b99bcf6881b706ccaf30eb50de4c8e","name":"Laura","image":{"@type":"ImageObject","inLanguage":"es","@id":"https:\/\/secure.gravatar.com\/avatar\/38b396224481eeb6edadb558d7e4a6d1ff1c8ba1e6abd3951e451527e107c96b?s=96&d=mm&r=g","url":"https:\/\/secure.gravatar.com\/avatar\/38b396224481eeb6edadb558d7e4a6d1ff1c8ba1e6abd3951e451527e107c96b?s=96&d=mm&r=g","contentUrl":"https:\/\/secure.gravatar.com\/avatar\/38b396224481eeb6edadb558d7e4a6d1ff1c8ba1e6abd3951e451527e107c96b?s=96&d=mm&r=g","caption":"Laura"}}]}},"_links":{"self":[{"href":"https:\/\/www.idealpropertymallorca.com\/blog\/es\/wp-json\/wp\/v2\/posts\/11267","targetHints":{"allow":["GET"]}}],"collection":[{"href":"https:\/\/www.idealpropertymallorca.com\/blog\/es\/wp-json\/wp\/v2\/posts"}],"about":[{"href":"https:\/\/www.idealpropertymallorca.com\/blog\/es\/wp-json\/wp\/v2\/types\/post"}],"author":[{"embeddable":true,"href":"https:\/\/www.idealpropertymallorca.com\/blog\/es\/wp-json\/wp\/v2\/users\/8"}],"replies":[{"embeddable":true,"href":"https:\/\/www.idealpropertymallorca.com\/blog\/es\/wp-json\/wp\/v2\/comments?post=11267"}],"version-history":[{"count":21,"href":"https:\/\/www.idealpropertymallorca.com\/blog\/es\/wp-json\/wp\/v2\/posts\/11267\/revisions"}],"predecessor-version":[{"id":15090,"href":"https:\/\/www.idealpropertymallorca.com\/blog\/es\/wp-json\/wp\/v2\/posts\/11267\/revisions\/15090"}],"wp:featuredmedia":[{"embeddable":true,"href":"https:\/\/www.idealpropertymallorca.com\/blog\/es\/wp-json\/wp\/v2\/media\/11287"}],"wp:attachment":[{"href":"https:\/\/www.idealpropertymallorca.com\/blog\/es\/wp-json\/wp\/v2\/media?parent=11267"}],"wp:term":[{"taxonomy":"category","embeddable":true,"href":"https:\/\/www.idealpropertymallorca.com\/blog\/es\/wp-json\/wp\/v2\/categories?post=11267"},{"taxonomy":"post_tag","embeddable":true,"href":"https:\/\/www.idealpropertymallorca.com\/blog\/es\/wp-json\/wp\/v2\/tags?post=11267"}],"curies":[{"name":"wp","href":"https:\/\/api.w.org\/{rel}","templated":true}]}}