{"id":9237,"date":"2024-05-30T11:30:42","date_gmt":"2024-05-30T11:30:42","guid":{"rendered":"https:\/\/www.idealpropertymallorca.com\/blog\/?p=9237"},"modified":"2025-08-21T06:33:25","modified_gmt":"2025-08-21T06:33:25","slug":"sant-pere-festival-auf-mallorca","status":"publish","type":"post","link":"https:\/\/www.idealpropertymallorca.com\/blog\/de\/sant-pere-festival-auf-mallorca\/","title":{"rendered":"Sant Pere Festival auf Mallorca"},"content":{"rendered":"\t\t<div data-elementor-type=\"wp-post\" data-elementor-id=\"9237\" class=\"elementor elementor-9237 elementor-9106\" data-elementor-post-type=\"post\">\n\t\t\t\t\t\t<section class=\"elementor-section elementor-top-section elementor-element elementor-element-329f0ee elementor-section-boxed elementor-section-height-default elementor-section-height-default\" data-id=\"329f0ee\" data-element_type=\"section\" data-e-type=\"section\">\n\t\t\t\t\t\t<div class=\"elementor-container elementor-column-gap-default\">\n\t\t\t\t\t<div class=\"elementor-column elementor-col-100 elementor-top-column elementor-element elementor-element-186c135\" data-id=\"186c135\" data-element_type=\"column\" data-e-type=\"column\">\n\t\t\t<div class=\"elementor-widget-wrap elementor-element-populated\">\n\t\t\t\t\t\t<div class=\"elementor-element elementor-element-1a45512 elementor-widget elementor-widget-heading\" data-id=\"1a45512\" data-element_type=\"widget\" data-e-type=\"widget\" data-widget_type=\"heading.default\">\n\t\t\t\t<div class=\"elementor-widget-container\">\n\t\t\t\t\t<h2 class=\"elementor-heading-title elementor-size-default\">Wann ist das Fest von Sant Pere 2024?<\/h2>\t\t\t\t<\/div>\n\t\t\t\t<\/div>\n\t\t\t\t<div class=\"elementor-element elementor-element-0e0da13 elementor-widget elementor-widget-text-editor\" data-id=\"0e0da13\" data-element_type=\"widget\" data-e-type=\"widget\" data-widget_type=\"text-editor.default\">\n\t\t\t\t<div class=\"elementor-widget-container\">\n\t\t\t\t\t\t\t\t\t<p>Das Fest von Sant Pere, dem Schutzpatron der Seeleute, wird am 29. Juni gefeiert. An diesem Tag findet eine maritime Prozession statt, bei der die geschm\u00fcckten Boote auslaufen, um das Bild ihres Schutzpatrons zu begleiten und durch die Buchten Mallorcas zu fahren. In der Woche vor und nach den Feierlichkeiten finden in den St\u00e4dten Mallorcas Kultur- und Freizeitaktivit\u00e4ten statt, mit Umz\u00fcgen, Tanzveranstaltungen unter freiem Himmel und verschiedenen musikalischen Darbietungen.<\/p>\t\t\t\t\t\t\t\t<\/div>\n\t\t\t\t<\/div>\n\t\t\t\t\t<\/div>\n\t\t<\/div>\n\t\t\t\t\t<\/div>\n\t\t<\/section>\n\t\t\t\t<section class=\"elementor-section elementor-top-section elementor-element elementor-element-6c6369e elementor-section-boxed elementor-section-height-default elementor-section-height-default\" data-id=\"6c6369e\" data-element_type=\"section\" data-e-type=\"section\">\n\t\t\t\t\t\t<div class=\"elementor-container elementor-column-gap-default\">\n\t\t\t\t\t<div class=\"elementor-column elementor-col-100 elementor-top-column elementor-element elementor-element-056c8ac\" data-id=\"056c8ac\" data-element_type=\"column\" data-e-type=\"column\">\n\t\t\t<div class=\"elementor-widget-wrap elementor-element-populated\">\n\t\t\t\t\t\t<div class=\"elementor-element elementor-element-2241bfb elementor-widget elementor-widget-heading\" data-id=\"2241bfb\" data-element_type=\"widget\" data-e-type=\"widget\" data-widget_type=\"heading.default\">\n\t\t\t\t<div class=\"elementor-widget-container\">\n\t\t\t\t\t<h2 class=\"elementor-heading-title elementor-size-default\">Geschichte des Festes von Sant Pere<\/h2>\t\t\t\t<\/div>\n\t\t\t\t<\/div>\n\t\t\t\t\t<\/div>\n\t\t<\/div>\n\t\t\t\t\t<\/div>\n\t\t<\/section>\n\t\t\t\t<section class=\"elementor-section elementor-top-section elementor-element elementor-element-06f5f49 elementor-section-boxed elementor-section-height-default elementor-section-height-default\" data-id=\"06f5f49\" data-element_type=\"section\" data-e-type=\"section\">\n\t\t\t\t\t\t<div class=\"elementor-container elementor-column-gap-default\">\n\t\t\t\t\t<div class=\"elementor-column elementor-col-50 elementor-top-column elementor-element elementor-element-181bebb\" data-id=\"181bebb\" data-element_type=\"column\" data-e-type=\"column\">\n\t\t\t<div class=\"elementor-widget-wrap elementor-element-populated\">\n\t\t\t\t\t\t<div class=\"elementor-element elementor-element-2ab2801 elementor-widget elementor-widget-text-editor\" data-id=\"2ab2801\" data-element_type=\"widget\" data-e-type=\"widget\" data-widget_type=\"text-editor.default\">\n\t\t\t\t<div class=\"elementor-widget-container\">\n\t\t\t\t\t\t\t\t\t<p>Der Beruf des Seefahrers war in vielen Familien seit vielen Generationen tief verwurzelt. Anfangs bestanden die Feierlichkeiten aus einer Prozession auf dem Meer, an der alle Boote teilnahmen, und der Feier einer feierlichen Messe in der kleinen Kirche. In den letzten 20 Jahren hat sich das Fest von Sant Pere in Alcudia und anderen Orten der Insel zu einem weiteren Patronatsfest entwickelt. Diese Entwicklung hat das Fest bereichert und zieht Einheimische und Touristen gleicherma\u00dfen an, um an den traditionellen Aktivit\u00e4ten teilzunehmen und die lokale Kultur zu genie\u00dfen.<\/p><p>An diesem Tag wird auf Mallorca der Tag des Fischers gefeiert, die perfekte Gelegenheit, um die harte Arbeit dieser tapferen M\u00e4nner und Frauen zu w\u00fcrdigen, die Tag f\u00fcr Tag aufs Meer hinausfahren und einen der wichtigsten Wirtschaftszweige betreiben. Es ist eine Gelegenheit, ihre Tapferkeit und ihr Engagement zu w\u00fcrdigen und \u00fcber die Bedeutung des Meeres f\u00fcr das Leben und die Wirtschaft der Region nachzudenken. Die Gemeinschaft kommt zusammen, um die in der Fischerei Besch\u00e4ftigten zu ehren und ihnen Unterst\u00fctzung und Anerkennung f\u00fcr ihren wichtigen Beitrag zur mallorquinischen Gesellschaft zu geben.<\/p>\t\t\t\t\t\t\t\t<\/div>\n\t\t\t\t<\/div>\n\t\t\t\t\t<\/div>\n\t\t<\/div>\n\t\t\t\t<div class=\"elementor-column elementor-col-50 elementor-top-column elementor-element elementor-element-a764404\" data-id=\"a764404\" data-element_type=\"column\" data-e-type=\"column\">\n\t\t\t<div class=\"elementor-widget-wrap elementor-element-populated\">\n\t\t\t\t\t\t<div class=\"elementor-element elementor-element-3dbd4c5 elementor-widget elementor-widget-image\" data-id=\"3dbd4c5\" data-element_type=\"widget\" data-e-type=\"widget\" data-widget_type=\"image.default\">\n\t\t\t\t<div class=\"elementor-widget-container\">\n\t\t\t\t\t\t\t\t\t\t\t\t\t\t\t<img fetchpriority=\"high\" decoding=\"async\" width=\"1223\" height=\"804\" src=\"https:\/\/www.idealpropertymallorca.com\/blog\/wp-content\/uploads\/2024\/05\/sant-pere-palma.png\" class=\"attachment-full size-full wp-image-9119\" alt=\"sant pere palma\" srcset=\"https:\/\/www.idealpropertymallorca.com\/blog\/wp-content\/uploads\/2024\/05\/sant-pere-palma.png 1223w, https:\/\/www.idealpropertymallorca.com\/blog\/wp-content\/uploads\/2024\/05\/sant-pere-palma-768x505.png 768w\" sizes=\"(max-width: 1223px) 100vw, 1223px\" \/>\t\t\t\t\t\t\t\t\t\t\t\t\t\t\t<\/div>\n\t\t\t\t<\/div>\n\t\t\t\t\t<\/div>\n\t\t<\/div>\n\t\t\t\t\t<\/div>\n\t\t<\/section>\n\t\t\t\t<section class=\"elementor-section elementor-top-section elementor-element elementor-element-8432865 elementor-section-boxed elementor-section-height-default elementor-section-height-default\" data-id=\"8432865\" data-element_type=\"section\" data-e-type=\"section\">\n\t\t\t\t\t\t<div class=\"elementor-container elementor-column-gap-default\">\n\t\t\t\t\t<div class=\"elementor-column elementor-col-100 elementor-top-column elementor-element elementor-element-c3a46da\" data-id=\"c3a46da\" data-element_type=\"column\" data-e-type=\"column\">\n\t\t\t<div class=\"elementor-widget-wrap elementor-element-populated\">\n\t\t\t\t\t\t<div class=\"elementor-element elementor-element-4744d8a elementor-widget elementor-widget-heading\" data-id=\"4744d8a\" data-element_type=\"widget\" data-e-type=\"widget\" data-widget_type=\"heading.default\">\n\t\t\t\t<div class=\"elementor-widget-container\">\n\t\t\t\t\t<h2 class=\"elementor-heading-title elementor-size-default\">Sant Pere in Alcudia<\/h2>\t\t\t\t<\/div>\n\t\t\t\t<\/div>\n\t\t\t\t\t<\/div>\n\t\t<\/div>\n\t\t\t\t\t<\/div>\n\t\t<\/section>\n\t\t\t\t<section class=\"elementor-section elementor-top-section elementor-element elementor-element-d716dde elementor-section-boxed elementor-section-height-default elementor-section-height-default\" data-id=\"d716dde\" data-element_type=\"section\" data-e-type=\"section\">\n\t\t\t\t\t\t<div class=\"elementor-container elementor-column-gap-default\">\n\t\t\t\t\t<div class=\"elementor-column elementor-col-50 elementor-top-column elementor-element elementor-element-2a04e05\" data-id=\"2a04e05\" data-element_type=\"column\" data-e-type=\"column\">\n\t\t\t<div class=\"elementor-widget-wrap elementor-element-populated\">\n\t\t\t\t\t\t<div class=\"elementor-element elementor-element-4f53315 elementor-widget elementor-widget-text-editor\" data-id=\"4f53315\" data-element_type=\"widget\" data-e-type=\"widget\" data-widget_type=\"text-editor.default\">\n\t\t\t\t<div class=\"elementor-widget-container\">\n\t\t\t\t\t\t\t\t\t<p>Feiern Sie das Fest von Sant Pere, dem Schutzpatron der Seeleute, in <a href=\"https:\/\/www.idealpropertymallorca.com\/de\/vermietung\/vermietungen-puerto-de-alcudia-d462321\/\">Alcudia<\/a> mit einer einzigartigen festlichen Atmosph\u00e4re! Nehmen Sie an einer maritimen Prozession teil, bei der geschm\u00fcckte Boote das Bild des Schutzpatrons durch die malerische Bucht eskortieren. Genie\u00dfen Sie vor dem gro\u00dfen Tag eine Woche voller kultureller Aktivit\u00e4ten und Unterhaltung im Hafen, mit Paraden, Eisenkraut und einer vielseitigen Auswahl an musikalischen Darbietungen.\u00a0<\/p><p>Der Spa\u00df beginnt dem 22. Juni, mit einem lebhaften &#8220;Tardeo&#8221; ab 18 Uhr, gefolgt von einer Seemannsparty, bei der Seemannskleidung angesagt ist. W\u00e4hrend der gesamten Woche k\u00f6nnen Sie an Veranstaltungen wie der traditionellen<strong> S<\/strong><b>ardinade<\/b> teilnehmen, die von den \u00f6rtlichen Fischern organisiert wird, und Sportturniere, Kampfsportvorf\u00fchrungen, Live-Musik der Band von Alcudia und eine lebhafte Batucada genie\u00dfen. Zu den Feierlichkeiten geh\u00f6ren auch ein Freilichttheater und Wasseraktivit\u00e4ten f\u00fcr die Kleinen.<\/p>\t\t\t\t\t\t\t\t<\/div>\n\t\t\t\t<\/div>\n\t\t\t\t\t<\/div>\n\t\t<\/div>\n\t\t\t\t<div class=\"elementor-column elementor-col-50 elementor-top-column elementor-element elementor-element-4b126fb\" data-id=\"4b126fb\" data-element_type=\"column\" data-e-type=\"column\">\n\t\t\t<div class=\"elementor-widget-wrap elementor-element-populated\">\n\t\t\t\t\t\t<div class=\"elementor-element elementor-element-4d8172e elementor-widget elementor-widget-image\" data-id=\"4d8172e\" data-element_type=\"widget\" data-e-type=\"widget\" data-widget_type=\"image.default\">\n\t\t\t\t<div class=\"elementor-widget-container\">\n\t\t\t\t\t\t\t\t\t\t\t\t\t\t\t<img decoding=\"async\" width=\"766\" height=\"512\" src=\"https:\/\/www.idealpropertymallorca.com\/blog\/wp-content\/uploads\/2024\/05\/sant-pere-alcudia.png\" class=\"attachment-large size-large wp-image-9116\" alt=\"sant pere alcudia\" \/>\t\t\t\t\t\t\t\t\t\t\t\t\t\t\t<\/div>\n\t\t\t\t<\/div>\n\t\t\t\t\t<\/div>\n\t\t<\/div>\n\t\t\t\t\t<\/div>\n\t\t<\/section>\n\t\t\t\t<section class=\"elementor-section elementor-top-section elementor-element elementor-element-0815439 elementor-section-boxed elementor-section-height-default elementor-section-height-default\" data-id=\"0815439\" data-element_type=\"section\" data-e-type=\"section\">\n\t\t\t\t\t\t<div class=\"elementor-container elementor-column-gap-default\">\n\t\t\t\t\t<div class=\"elementor-column elementor-col-50 elementor-top-column elementor-element elementor-element-a9d53fd\" data-id=\"a9d53fd\" data-element_type=\"column\" data-e-type=\"column\">\n\t\t\t<div class=\"elementor-widget-wrap elementor-element-populated\">\n\t\t\t\t\t\t<div class=\"elementor-element elementor-element-635a3cf elementor-widget elementor-widget-image\" data-id=\"635a3cf\" data-element_type=\"widget\" data-e-type=\"widget\" data-widget_type=\"image.default\">\n\t\t\t\t<div class=\"elementor-widget-container\">\n\t\t\t\t\t\t\t\t\t\t\t\t\t\t\t<img decoding=\"async\" width=\"470\" height=\"310\" src=\"https:\/\/www.idealpropertymallorca.com\/blog\/wp-content\/uploads\/2024\/05\/sant-pere-alcudia-2-1.png\" class=\"attachment-large size-large wp-image-9128\" alt=\"sant pere alcudia\" \/>\t\t\t\t\t\t\t\t\t\t\t\t\t\t\t<\/div>\n\t\t\t\t<\/div>\n\t\t\t\t\t<\/div>\n\t\t<\/div>\n\t\t\t\t<div class=\"elementor-column elementor-col-50 elementor-top-column elementor-element elementor-element-e0b8133\" data-id=\"e0b8133\" data-element_type=\"column\" data-e-type=\"column\">\n\t\t\t<div class=\"elementor-widget-wrap elementor-element-populated\">\n\t\t\t\t\t\t<div class=\"elementor-element elementor-element-d473aa7 elementor-widget elementor-widget-text-editor\" data-id=\"d473aa7\" data-element_type=\"widget\" data-e-type=\"widget\" data-widget_type=\"text-editor.default\">\n\t\t\t\t<div class=\"elementor-widget-container\">\n\t\t\t\t\t\t\t\t\t<p>Der H\u00f6hepunkt findet am <b>29. Juni<\/b> mit einer Prozession zu Lande und zu Wasser statt, die von der Esgl\u00e9sia de la Mare de D\u00e9u del Carme i Sant Pere ausgeht und den Heiligen durch die Stra\u00dfen des Hafens tr\u00e4gt. Der ergreifendste Moment ist, wenn das Bildnis von Sant Pere auf einem Boot eingeschifft wird und in Begleitung von Dutzenden von Booten, die zu diesem Anlass geschm\u00fcckt wurden, durch die Bucht von Alcudia f\u00e4hrt. Der Tag geht weiter mit aufregenden Konzerten und einem Feuerwerk \u00fcber der Bucht, um die Feierlichkeiten zu Sant Pere abzuschlie\u00dfen.<\/p><p>Doch damit ist der Spa\u00df noch nicht zu Ende. Gleich danach gehen die Feierlichkeiten mit dem <b>Fest der Mare de D\u00e9u de la Victoria<\/b> in der malerischen Einsiedelei weiter. Am 1. Juli genie\u00dfen Sie bei Sonnenuntergang ein Eisenkraut mit einem Wettlauf zur Einsiedelei, gefolgt von traditionellen T\u00e4nzen zu Gitarrenkl\u00e4ngen die ganze Nacht hindurch. Der 2. Juli beginnt mit einer Messe, an die sich die traditionelle Darbringung von Manzanilla-Zweigen anschlie\u00dft, und gipfelt in einer k\u00f6stlichen Paella zugunsten der Einsiedelei. Verpassen Sie nicht den Bot-Tanz mit der Banda de M\u00fasica, der vom B\u00fcrgermeister oder der B\u00fcrgermeisterin mit dem Tanz der Jota de La Victoria er\u00f6ffnet wird &#8211; ein einzigartiges Erlebnis voller Tradition und Freude in Alcudia!<\/p>\t\t\t\t\t\t\t\t<\/div>\n\t\t\t\t<\/div>\n\t\t\t\t\t<\/div>\n\t\t<\/div>\n\t\t\t\t\t<\/div>\n\t\t<\/section>\n\t\t\t\t<section class=\"elementor-section elementor-top-section elementor-element elementor-element-467118d elementor-section-boxed elementor-section-height-default elementor-section-height-default\" data-id=\"467118d\" data-element_type=\"section\" data-e-type=\"section\">\n\t\t\t\t\t\t<div class=\"elementor-container elementor-column-gap-default\">\n\t\t\t\t\t<div class=\"elementor-column elementor-col-100 elementor-top-column elementor-element elementor-element-8374c36\" data-id=\"8374c36\" data-element_type=\"column\" data-e-type=\"column\">\n\t\t\t<div class=\"elementor-widget-wrap elementor-element-populated\">\n\t\t\t\t\t\t<div class=\"elementor-element elementor-element-9e13c4c elementor-button-info elementor-align-justify elementor-widget elementor-widget-button\" data-id=\"9e13c4c\" data-element_type=\"widget\" data-e-type=\"widget\" data-widget_type=\"button.default\">\n\t\t\t\t<div class=\"elementor-widget-container\">\n\t\t\t\t\t\t\t\t\t<div class=\"elementor-button-wrapper\">\n\t\t\t\t\t<a class=\"elementor-button elementor-button-link elementor-size-sm\" href=\"https:\/\/www.idealpropertymallorca.com\/blog\/de\/strand-sant-joan-mallorca\/\">\n\t\t\t\t\t\t<span class=\"elementor-button-content-wrapper\">\n\t\t\t\t\t\t<span class=\"elementor-button-icon\">\n\t\t\t\t<i aria-hidden=\"true\" class=\"far fa-star\"><\/i>\t\t\t<\/span>\n\t\t\t\t\t\t\t\t\t<span class=\"elementor-button-text\">Der Strand Sant Joan in Alc\u00fadia \u2013 ein Ort f\u00fcr den Naturgenuss. Mehr lesen!<\/span>\n\t\t\t\t\t<\/span>\n\t\t\t\t\t<\/a>\n\t\t\t\t<\/div>\n\t\t\t\t\t\t\t\t<\/div>\n\t\t\t\t<\/div>\n\t\t\t\t\t<\/div>\n\t\t<\/div>\n\t\t\t\t\t<\/div>\n\t\t<\/section>\n\t\t\t\t<section class=\"elementor-section elementor-top-section elementor-element elementor-element-8cfc258 elementor-section-boxed elementor-section-height-default elementor-section-height-default\" data-id=\"8cfc258\" data-element_type=\"section\" data-e-type=\"section\">\n\t\t\t\t\t\t<div class=\"elementor-container elementor-column-gap-default\">\n\t\t\t\t\t<div class=\"elementor-column elementor-col-100 elementor-top-column elementor-element elementor-element-8999caf\" data-id=\"8999caf\" data-element_type=\"column\" data-e-type=\"column\">\n\t\t\t<div class=\"elementor-widget-wrap elementor-element-populated\">\n\t\t\t\t\t\t<div class=\"elementor-element elementor-element-429493d elementor-widget elementor-widget-heading\" data-id=\"429493d\" data-element_type=\"widget\" data-e-type=\"widget\" data-widget_type=\"heading.default\">\n\t\t\t\t<div class=\"elementor-widget-container\">\n\t\t\t\t\t<h2 class=\"elementor-heading-title elementor-size-default\">Wo sonst wird Sant Pere auf Mallorca gefeiert?<\/h2>\t\t\t\t<\/div>\n\t\t\t\t<\/div>\n\t\t\t\t<div class=\"elementor-element elementor-element-8d85181 elementor-widget elementor-widget-text-editor\" data-id=\"8d85181\" data-element_type=\"widget\" data-e-type=\"widget\" data-widget_type=\"text-editor.default\">\n\t\t\t\t<div class=\"elementor-widget-container\">\n\t\t\t\t\t\t\t\t\t<p>Die H\u00e4fen von Pollen\u00e7a, Esporles, Andratx, Soller und Col\u00f2nia de Sant Pere schm\u00fccken sich Ende Juni zu Ehren des Schutzpatrons der <b>Feste von Sant Pere<\/b>, deren Urspr\u00fcnge auf die Seefahrervergangenheit einiger dieser Orte zur\u00fcckgehen. Prozessionen auf dem Meer, farbenfrohe Umz\u00fcge, lebhafte Stra\u00dfenfeste und gastronomische K\u00f6stlichkeiten bilden die lebendige Festtagsszene, eines der Zeichen f\u00fcr den Beginn des Sommers auf Mallorca. Auch die Inselhauptstadt Palma wird sich mit verschiedenen Veranstaltungen zu Ehren von Sant Pere an den Feierlichkeiten beteiligen.<\/p>\t\t\t\t\t\t\t\t<\/div>\n\t\t\t\t<\/div>\n\t\t\t\t\t<\/div>\n\t\t<\/div>\n\t\t\t\t\t<\/div>\n\t\t<\/section>\n\t\t\t\t<section class=\"elementor-section elementor-top-section elementor-element elementor-element-b44477c elementor-section-boxed elementor-section-height-default elementor-section-height-default\" data-id=\"b44477c\" data-element_type=\"section\" data-e-type=\"section\">\n\t\t\t\t\t\t<div class=\"elementor-container elementor-column-gap-default\">\n\t\t\t\t\t<div class=\"elementor-column elementor-col-50 elementor-top-column elementor-element elementor-element-6fefe7c\" data-id=\"6fefe7c\" data-element_type=\"column\" data-e-type=\"column\">\n\t\t\t<div class=\"elementor-widget-wrap elementor-element-populated\">\n\t\t\t\t\t\t<div class=\"elementor-element elementor-element-849438b elementor-widget elementor-widget-heading\" data-id=\"849438b\" data-element_type=\"widget\" data-e-type=\"widget\" data-widget_type=\"heading.default\">\n\t\t\t\t<div class=\"elementor-widget-container\">\n\t\t\t\t\t<h3 class=\"elementor-heading-title elementor-size-default\">Port de Pollen\u00e7a<\/h3>\t\t\t\t<\/div>\n\t\t\t\t<\/div>\n\t\t\t\t<div class=\"elementor-element elementor-element-f0777e6 elementor-widget elementor-widget-text-editor\" data-id=\"f0777e6\" data-element_type=\"widget\" data-e-type=\"widget\" data-widget_type=\"text-editor.default\">\n\t\t\t\t<div class=\"elementor-widget-container\">\n\t\t\t\t\t\t\t\t\t<p>In <a href=\"https:\/\/www.idealpropertymallorca.com\/de\/vermietung\/vermietungen-puerto-pollensa-d459709\/\">Port de Pollen\u00e7a<\/a> wird das Fest zu Ehren von Sant Pere, dem Schutzpatron der Fischer und der alten Pfarrei, gefeiert. Einige Tage lang, rund um den 29. Juni, herrscht in den Stra\u00dfen von Port de Pollen\u00e7a eine <b>festliche Atmosph\u00e4re<\/b> mit Volkst\u00e4nzen, Dudelsackspielern, Konzerten, Hommagen an die Fischer von einst, Auff\u00fchrungen von Havaneres und einem lebhaften Seefahrermarkt. Auf dem Programm stehen herausragende Veranstaltungen wie eine Sardinade am alten Kai, die von der Musik des <b>Xeremiers Orats<\/b> begleitet wird, und ein malerischer Umzug, an dem unter anderem die Riesen und Gro\u00dfk\u00f6pfe von Pollen\u00e7a <b>L&#8217;Esbart de Sant Jordi<\/b> teilnehmen.<\/p><p>Au\u00dferdem findet <b>vom 28. bis 30. Juni<\/b> ein n\u00e4chtlicher <b>Kunsthandwerkermarkt<\/b> an der alten Mole statt.\u00a0<\/p>\t\t\t\t\t\t\t\t<\/div>\n\t\t\t\t<\/div>\n\t\t\t\t\t<\/div>\n\t\t<\/div>\n\t\t\t\t<div class=\"elementor-column elementor-col-50 elementor-top-column elementor-element elementor-element-6e3a38c\" data-id=\"6e3a38c\" data-element_type=\"column\" data-e-type=\"column\">\n\t\t\t<div class=\"elementor-widget-wrap elementor-element-populated\">\n\t\t\t\t\t\t<div class=\"elementor-element elementor-element-7ae61e1 elementor-widget elementor-widget-image\" data-id=\"7ae61e1\" data-element_type=\"widget\" data-e-type=\"widget\" data-widget_type=\"image.default\">\n\t\t\t\t<div class=\"elementor-widget-container\">\n\t\t\t\t\t\t\t\t\t\t\t\t\t\t\t<img loading=\"lazy\" decoding=\"async\" width=\"525\" height=\"273\" src=\"https:\/\/www.idealpropertymallorca.com\/blog\/wp-content\/uploads\/2024\/05\/sant-pere-pollensa.png\" class=\"attachment-large size-large wp-image-9185\" alt=\"sant pere pollensa\" \/>\t\t\t\t\t\t\t\t\t\t\t\t\t\t\t<\/div>\n\t\t\t\t<\/div>\n\t\t\t\t\t<\/div>\n\t\t<\/div>\n\t\t\t\t\t<\/div>\n\t\t<\/section>\n\t\t\t\t<section class=\"elementor-section elementor-top-section elementor-element elementor-element-87fe764 elementor-section-boxed elementor-section-height-default elementor-section-height-default\" data-id=\"87fe764\" data-element_type=\"section\" data-e-type=\"section\">\n\t\t\t\t\t\t<div class=\"elementor-container elementor-column-gap-default\">\n\t\t\t\t\t<div class=\"elementor-column elementor-col-50 elementor-top-column elementor-element elementor-element-9c1a558\" data-id=\"9c1a558\" data-element_type=\"column\" data-e-type=\"column\">\n\t\t\t<div class=\"elementor-widget-wrap elementor-element-populated\">\n\t\t\t\t\t\t<div class=\"elementor-element elementor-element-a6a2cab elementor-widget elementor-widget-image\" data-id=\"a6a2cab\" data-element_type=\"widget\" data-e-type=\"widget\" data-widget_type=\"image.default\">\n\t\t\t\t<div class=\"elementor-widget-container\">\n\t\t\t\t\t\t\t\t\t\t\t\t\t\t\t<img loading=\"lazy\" decoding=\"async\" width=\"1445\" height=\"873\" src=\"https:\/\/www.idealpropertymallorca.com\/blog\/wp-content\/uploads\/2024\/05\/Sant-pere-colonia-de-snat-pere.png\" class=\"attachment-full size-full wp-image-9188\" alt=\"Sant pere colonia de snat pere\" srcset=\"https:\/\/www.idealpropertymallorca.com\/blog\/wp-content\/uploads\/2024\/05\/Sant-pere-colonia-de-snat-pere.png 1445w, https:\/\/www.idealpropertymallorca.com\/blog\/wp-content\/uploads\/2024\/05\/Sant-pere-colonia-de-snat-pere-768x464.png 768w\" sizes=\"(max-width: 1445px) 100vw, 1445px\" \/>\t\t\t\t\t\t\t\t\t\t\t\t\t\t\t<\/div>\n\t\t\t\t<\/div>\n\t\t\t\t\t<\/div>\n\t\t<\/div>\n\t\t\t\t<div class=\"elementor-column elementor-col-50 elementor-top-column elementor-element elementor-element-2ea1085\" data-id=\"2ea1085\" data-element_type=\"column\" data-e-type=\"column\">\n\t\t\t<div class=\"elementor-widget-wrap elementor-element-populated\">\n\t\t\t\t\t\t<div class=\"elementor-element elementor-element-d6c7979 elementor-widget elementor-widget-heading\" data-id=\"d6c7979\" data-element_type=\"widget\" data-e-type=\"widget\" data-widget_type=\"heading.default\">\n\t\t\t\t<div class=\"elementor-widget-container\">\n\t\t\t\t\t<h3 class=\"elementor-heading-title elementor-size-default\">Col\u00f2nia de Sant Pere<\/h3>\t\t\t\t<\/div>\n\t\t\t\t<\/div>\n\t\t\t\t<div class=\"elementor-element elementor-element-d7be5f3 elementor-widget elementor-widget-text-editor\" data-id=\"d7be5f3\" data-element_type=\"widget\" data-e-type=\"widget\" data-widget_type=\"text-editor.default\">\n\t\t\t\t<div class=\"elementor-widget-container\">\n\t\t\t\t\t\t\t\t\t<p>Das Fest von Sant Pere findet jedes Jahr in <a href=\"https:\/\/www.idealpropertymallorca.com\/de\/vermietung\/vermietungen-mallorca-e21\/\">Col\u00f2nia de Sant Pere<\/a>, in Art\u00e0, statt und ist ein gro\u00dfes Ereignis, das sowohl den Einwohnern als auch den Besuchern eine gute Gelegenheit bietet, an den verschiedenen Aktivit\u00e4ten dieses Festes teilzunehmen. Diese Feierlichkeiten werden durch die Zusammenarbeit zwischen der Anwohnervereinigung, verschiedenen Kollektiven und der aktiven Beteiligung der Bev\u00f6lkerung erm\u00f6glicht.<\/p><p>Das <b>mehrt\u00e4gige<\/b> Veranstaltungsprogramm beginnt am 28. Juni und dauert etwa eine Woche. In dieser Zeit haben die Besucher die M\u00f6glichkeit, an einer Vielzahl von Veranstaltungen teilzunehmen, darunter Kampfsportvorf\u00fchrungen, Auftritte der \u00f6rtlichen Blaskapelle, religi\u00f6se Zeremonien sowie gemeinsame Mittag- und Abendessen. Dar\u00fcber hinaus gibt es <b>Feuerwerke<\/b>, Aktivit\u00e4ten speziell f\u00fcr Kinder, Sportturniere, die von Fu\u00dfball bis zu anderen Sportarten reichen, Geschichtenerz\u00e4hler und nat\u00fcrlich die unz\u00e4hligen Verbenas, die mit Lichtern und Musik gef\u00fcllt sind und dazu einladen, den Geist des Sommers in vollen Z\u00fcgen zu genie\u00dfen. Und das ist nur eine kleine Auswahl, denn es sind noch viele weitere Aktivit\u00e4ten geplant, die f\u00fcr jeden Geschmack und jede Vorliebe geeignet sind!\u00a0<\/p>\t\t\t\t\t\t\t\t<\/div>\n\t\t\t\t<\/div>\n\t\t\t\t\t<\/div>\n\t\t<\/div>\n\t\t\t\t\t<\/div>\n\t\t<\/section>\n\t\t\t\t<section class=\"elementor-section elementor-top-section elementor-element elementor-element-e284087 elementor-section-boxed elementor-section-height-default elementor-section-height-default\" data-id=\"e284087\" data-element_type=\"section\" data-e-type=\"section\">\n\t\t\t\t\t\t<div class=\"elementor-container elementor-column-gap-default\">\n\t\t\t\t\t<div class=\"elementor-column elementor-col-50 elementor-top-column elementor-element elementor-element-25b3a70\" data-id=\"25b3a70\" data-element_type=\"column\" data-e-type=\"column\">\n\t\t\t<div class=\"elementor-widget-wrap elementor-element-populated\">\n\t\t\t\t\t\t<div class=\"elementor-element elementor-element-819bba8 elementor-widget elementor-widget-heading\" data-id=\"819bba8\" data-element_type=\"widget\" data-e-type=\"widget\" data-widget_type=\"heading.default\">\n\t\t\t\t<div class=\"elementor-widget-container\">\n\t\t\t\t\t<h3 class=\"elementor-heading-title elementor-size-default\">Esporles<\/h3>\t\t\t\t<\/div>\n\t\t\t\t<\/div>\n\t\t\t\t<div class=\"elementor-element elementor-element-9203266 elementor-widget elementor-widget-text-editor\" data-id=\"9203266\" data-element_type=\"widget\" data-e-type=\"widget\" data-widget_type=\"text-editor.default\">\n\t\t\t\t<div class=\"elementor-widget-container\">\n\t\t\t\t\t\t\t\t\t<p>W\u00e4hrend der gesamten Festwoche ist ein Besuch in <a href=\"https:\/\/www.idealpropertymallorca.com\/rentals\/rentals-majorca-mallorca-e21\/\">Esporles<\/a> und bei den Feierlichkeiten zu <b>Sant Pere<\/b> ein absolutes Muss und einer der H\u00f6hepunkte, vor allem dank des <b>emblematischen Correfoc<\/b> mit seinem traditionellen Charakter.<\/p><p>W\u00e4hrend dieser Festtage erwartet die Besucher ein breites <b>Spektrum an Aktivit\u00e4ten<\/b>, von erfrischenden Wasserspielen, die ideal sind, um die typische Juni-Hitze auf Mallorca zu bek\u00e4mpfen, bis hin zu den Verbr\u00fcderungsabenden und -mahlzeiten, die im ganzen Dorf stattfinden. Au\u00dferdem gibt es Tanzvorf\u00fchrungen, Ausstellungen, spannende Rennen, stimmungsvolle Konzerte und Sportturniere in verschiedenen Disziplinen. Und nat\u00fcrlich darf der <b>ber\u00fchmte Correfoc<\/b> nicht fehlen, der am letzten Tag der Feierlichkeiten den H\u00f6hepunkt bildet und mit einem <strong>F<\/strong><b>euerwerk<\/b> das Ende der Feierlichkeiten markiert.\u00a0<\/p>\t\t\t\t\t\t\t\t<\/div>\n\t\t\t\t<\/div>\n\t\t\t\t\t<\/div>\n\t\t<\/div>\n\t\t\t\t<div class=\"elementor-column elementor-col-50 elementor-top-column elementor-element elementor-element-15d22c0\" data-id=\"15d22c0\" data-element_type=\"column\" data-e-type=\"column\">\n\t\t\t<div class=\"elementor-widget-wrap elementor-element-populated\">\n\t\t\t\t\t\t<div class=\"elementor-element elementor-element-4d487f9 elementor-widget elementor-widget-image\" data-id=\"4d487f9\" data-element_type=\"widget\" data-e-type=\"widget\" data-widget_type=\"image.default\">\n\t\t\t\t<div class=\"elementor-widget-container\">\n\t\t\t\t\t\t\t\t\t\t\t\t\t\t\t<img loading=\"lazy\" decoding=\"async\" width=\"586\" height=\"552\" src=\"https:\/\/www.idealpropertymallorca.com\/blog\/wp-content\/uploads\/2024\/05\/sant-pere-esporles-1.png\" class=\"attachment-medium_large size-medium_large wp-image-9194\" alt=\"sant pere esporles\" \/>\t\t\t\t\t\t\t\t\t\t\t\t\t\t\t<\/div>\n\t\t\t\t<\/div>\n\t\t\t\t\t<\/div>\n\t\t<\/div>\n\t\t\t\t\t<\/div>\n\t\t<\/section>\n\t\t\t\t<section class=\"elementor-section elementor-top-section elementor-element elementor-element-c473563 elementor-section-boxed elementor-section-height-default elementor-section-height-default\" data-id=\"c473563\" data-element_type=\"section\" data-e-type=\"section\">\n\t\t\t\t\t\t<div class=\"elementor-container elementor-column-gap-default\">\n\t\t\t\t\t<div class=\"elementor-column elementor-col-50 elementor-top-column elementor-element elementor-element-3d748c7\" data-id=\"3d748c7\" data-element_type=\"column\" data-e-type=\"column\">\n\t\t\t<div class=\"elementor-widget-wrap elementor-element-populated\">\n\t\t\t\t\t\t<div class=\"elementor-element elementor-element-2ad1bfa elementor-widget elementor-widget-image\" data-id=\"2ad1bfa\" data-element_type=\"widget\" data-e-type=\"widget\" data-widget_type=\"image.default\">\n\t\t\t\t<div class=\"elementor-widget-container\">\n\t\t\t\t\t\t\t\t\t\t\t\t\t\t\t<img loading=\"lazy\" decoding=\"async\" width=\"748\" height=\"500\" src=\"https:\/\/www.idealpropertymallorca.com\/blog\/wp-content\/uploads\/2024\/05\/sant-pere-andratx.png\" class=\"attachment-large size-large wp-image-9197\" alt=\"sant pere andratx\" \/>\t\t\t\t\t\t\t\t\t\t\t\t\t\t\t<\/div>\n\t\t\t\t<\/div>\n\t\t\t\t\t<\/div>\n\t\t<\/div>\n\t\t\t\t<div class=\"elementor-column elementor-col-50 elementor-top-column elementor-element elementor-element-440d74a\" data-id=\"440d74a\" data-element_type=\"column\" data-e-type=\"column\">\n\t\t\t<div class=\"elementor-widget-wrap elementor-element-populated\">\n\t\t\t\t\t\t<div class=\"elementor-element elementor-element-0b2418c elementor-widget elementor-widget-heading\" data-id=\"0b2418c\" data-element_type=\"widget\" data-e-type=\"widget\" data-widget_type=\"heading.default\">\n\t\t\t\t<div class=\"elementor-widget-container\">\n\t\t\t\t\t<h3 class=\"elementor-heading-title elementor-size-default\">Andratx<\/h3>\t\t\t\t<\/div>\n\t\t\t\t<\/div>\n\t\t\t\t<div class=\"elementor-element elementor-element-6c27de4 elementor-widget elementor-widget-text-editor\" data-id=\"6c27de4\" data-element_type=\"widget\" data-e-type=\"widget\" data-widget_type=\"text-editor.default\">\n\t\t\t\t<div class=\"elementor-widget-container\">\n\t\t\t\t\t\t\t\t\t<p>Sant Pere, der Schutzpatron von <a href=\"https:\/\/www.idealpropertymallorca.com\/rentals\/rentals-majorca-mallorca-e21\/\">Andratx<\/a>, wird mit drei Wochen lebhafter Festlichkeiten geehrt, die diese charmante mallorquinische Stadt verwandeln. Die Stra\u00dfen sind voll von Traditionen, Musik und Spa\u00df und ziehen Einheimische und Besucher an, die auf der Suche nach authentischen, kulturellen Erfahrungen sind.<\/p><p>Das Herz dieser Feste schl\u00e4gt im Rhythmus der Musik, die die Pl\u00e4tze und \u00f6ffentlichen R\u00e4ume mit Leben f\u00fcllt und eine unvergleichliche Festatmosph\u00e4re schafft. F\u00fcr die Kleinen gibt es einen eigenen Bereich, in dem sie sich am\u00fcsieren k\u00f6nnen, mit speziell f\u00fcr sie konzipierten Aktivit\u00e4ten wie Kreativ-Workshops, Spielen und Vorf\u00fchrungen f\u00fcr die ganze Familie. Die Essenz der mallorquinischen Kultur zeigt sich in den traditionellen Musik- und Tanzauff\u00fchrungen. Aber auch der sportliche Geist kommt nicht zu kurz, denn es werden Turniere und Aktivit\u00e4ten angeboten, die Teilnehmer aller Altersgruppen und F\u00e4higkeiten herausfordern und unterhalten. Der Mercat de Camp de Mar bietet ein einzigartiges <b>Erlebnis mit lokalen Produkten und Aktivit\u00e4ten f\u00fcr die ganze Familie<\/b>.<\/p><p>Die Feierlichkeiten gipfeln in der ansteckenden Energie des <b>Brutaltl\u00f3<\/b>, einem kost\u00fcmierten Hindernisparcours, und der <b>Nit de ses penyes<\/b> mit einem einzigartigen Konzert, das allen Besuchern ein unvergessliches Erlebnis beschert. Verpassen Sie nicht das vollst\u00e4ndige Veranstaltungsprogramm, um Ihren Besuch zu planen!\u00a0<\/p>\t\t\t\t\t\t\t\t<\/div>\n\t\t\t\t<\/div>\n\t\t\t\t\t<\/div>\n\t\t<\/div>\n\t\t\t\t\t<\/div>\n\t\t<\/section>\n\t\t\t\t<section class=\"elementor-section elementor-top-section elementor-element elementor-element-954308a elementor-section-boxed elementor-section-height-default elementor-section-height-default\" data-id=\"954308a\" data-element_type=\"section\" data-e-type=\"section\">\n\t\t\t\t\t\t<div class=\"elementor-container elementor-column-gap-default\">\n\t\t\t\t\t<div class=\"elementor-column elementor-col-50 elementor-top-column elementor-element elementor-element-4811776\" data-id=\"4811776\" data-element_type=\"column\" data-e-type=\"column\">\n\t\t\t<div class=\"elementor-widget-wrap elementor-element-populated\">\n\t\t\t\t\t\t<div class=\"elementor-element elementor-element-4d27032 elementor-widget elementor-widget-heading\" data-id=\"4d27032\" data-element_type=\"widget\" data-e-type=\"widget\" data-widget_type=\"heading.default\">\n\t\t\t\t<div class=\"elementor-widget-container\">\n\t\t\t\t\t<h3 class=\"elementor-heading-title elementor-size-default\">Port de S\u00f3ller<\/h3>\t\t\t\t<\/div>\n\t\t\t\t<\/div>\n\t\t\t\t<div class=\"elementor-element elementor-element-5f1440b elementor-widget elementor-widget-text-editor\" data-id=\"5f1440b\" data-element_type=\"widget\" data-e-type=\"widget\" data-widget_type=\"text-editor.default\">\n\t\t\t\t<div class=\"elementor-widget-container\">\n\t\t\t\t\t\t\t\t\t<p>Jedes Jahr Ende Juni schm\u00fcckt sich <a href=\"https:\/\/www.idealpropertymallorca.com\/rentals\/rentals-majorca-mallorca-e21\/\">Port de S\u00f3ller<\/a> zu Ehren seines Schutzpatrons, Sant Pere, mit einem Fest, das den Einwohnern sehr am Herzen liegt. Obwohl der Haupttag der 29. Juni ist, erstrecken sich die Feierlichkeiten \u00fcber mehrere Tage, an denen die Bewohner des K\u00fcstenviertels zu Ehren ihres Schutzpatrons ihre beste Kleidung tragen.<\/p><p>Zu den H\u00f6hepunkten geh\u00f6rt eine feierliche Messe in der <b>Kirche Sant Ramon de Penyafort<\/b>, gefolgt von einer Prozession entlang der Strandpromenade, bei der die Fischer ihre Boote feierlich schm\u00fccken, begleitet von den Beh\u00f6rden und der Stadtkapelle von S\u00f3ller. Zus\u00e4tzlich zu diesen Veranstaltungen werden Sportwettk\u00e4mpfe wie Petanque- und Fu\u00dfballturniere sowie kulturelle Aktivit\u00e4ten, Ausstellungen und musikalische Darbietungen an den Abenden, die so genannten Verbenas, organisiert, die alle in der N\u00e4he des Meeres stattfinden, sowie Aktivit\u00e4ten f\u00fcr die Kleinsten wie Malwettbewerbe und traditionelle Spiele im Viertel Santa Catalina.\u00a0<\/p><p>Eine einmalige Gelegenheit, das Fest von Sant Pere in vollen Z\u00fcgen zu genie\u00dfen, ist eine Fahrt mit dem <a href=\"https:\/\/www.idealpropertymallorca.com\/blog\/de\/zug-und-strassenbahnfahrt-nach-soller\/\">Zug von S\u00f3ller<\/a>, eine gro\u00dfartige, einzigartige und unvergessliche Reise, die man mindestens einmal im Leben erleben sollte.<\/p>\t\t\t\t\t\t\t\t<\/div>\n\t\t\t\t<\/div>\n\t\t\t\t\t<\/div>\n\t\t<\/div>\n\t\t\t\t<div class=\"elementor-column elementor-col-50 elementor-top-column elementor-element elementor-element-1810001\" data-id=\"1810001\" data-element_type=\"column\" data-e-type=\"column\">\n\t\t\t<div class=\"elementor-widget-wrap elementor-element-populated\">\n\t\t\t\t\t\t<div class=\"elementor-element elementor-element-28dc96d elementor-widget elementor-widget-image\" data-id=\"28dc96d\" data-element_type=\"widget\" data-e-type=\"widget\" data-widget_type=\"image.default\">\n\t\t\t\t<div class=\"elementor-widget-container\">\n\t\t\t\t\t\t\t\t\t\t\t\t\t\t\t<img loading=\"lazy\" decoding=\"async\" width=\"702\" height=\"548\" src=\"https:\/\/www.idealpropertymallorca.com\/blog\/wp-content\/uploads\/2024\/05\/sant-pere-soller.png\" class=\"attachment-large size-large wp-image-9203\" alt=\"sant pere soller\" \/>\t\t\t\t\t\t\t\t\t\t\t\t\t\t\t<\/div>\n\t\t\t\t<\/div>\n\t\t\t\t\t<\/div>\n\t\t<\/div>\n\t\t\t\t\t<\/div>\n\t\t<\/section>\n\t\t\t\t<section class=\"elementor-section elementor-top-section elementor-element elementor-element-ca5debc elementor-section-boxed elementor-section-height-default elementor-section-height-default\" data-id=\"ca5debc\" data-element_type=\"section\" data-e-type=\"section\">\n\t\t\t\t\t\t<div class=\"elementor-container elementor-column-gap-default\">\n\t\t\t\t\t<div class=\"elementor-column elementor-col-50 elementor-top-column elementor-element elementor-element-58953a6\" data-id=\"58953a6\" data-element_type=\"column\" data-e-type=\"column\">\n\t\t\t<div class=\"elementor-widget-wrap elementor-element-populated\">\n\t\t\t\t\t\t<div class=\"elementor-element elementor-element-a0ab586 elementor-widget elementor-widget-image\" data-id=\"a0ab586\" data-element_type=\"widget\" data-e-type=\"widget\" data-widget_type=\"image.default\">\n\t\t\t\t<div class=\"elementor-widget-container\">\n\t\t\t\t\t\t\t\t\t\t\t\t\t\t\t<img decoding=\"async\" src=\"https:\/\/www.idealpropertymallorca.com\/blog\/wp-content\/uploads\/2024\/05\/sant-pere-palma-1-751x430.png\" title=\"sant pere palma\" alt=\"sant pere palma\" loading=\"lazy\" \/>\t\t\t\t\t\t\t\t\t\t\t\t\t\t\t<\/div>\n\t\t\t\t<\/div>\n\t\t\t\t\t<\/div>\n\t\t<\/div>\n\t\t\t\t<div class=\"elementor-column elementor-col-50 elementor-top-column elementor-element elementor-element-872674f\" data-id=\"872674f\" data-element_type=\"column\" data-e-type=\"column\">\n\t\t\t<div class=\"elementor-widget-wrap elementor-element-populated\">\n\t\t\t\t\t\t<div class=\"elementor-element elementor-element-5afe04f elementor-widget elementor-widget-heading\" data-id=\"5afe04f\" data-element_type=\"widget\" data-e-type=\"widget\" data-widget_type=\"heading.default\">\n\t\t\t\t<div class=\"elementor-widget-container\">\n\t\t\t\t\t<h3 class=\"elementor-heading-title elementor-size-default\">Palma<\/h3>\t\t\t\t<\/div>\n\t\t\t\t<\/div>\n\t\t\t\t<div class=\"elementor-element elementor-element-877030b elementor-widget elementor-widget-text-editor\" data-id=\"877030b\" data-element_type=\"widget\" data-e-type=\"widget\" data-widget_type=\"text-editor.default\">\n\t\t\t\t<div class=\"elementor-widget-container\">\n\t\t\t\t\t\t\t\t\t<p>In der <a href=\"https:\/\/www.idealpropertymallorca.com\/de\/vermietung\/vermietungen-mallorca-e21\/\">Inselhauptstadt<\/a> ist das Fest vielleicht weniger bekannt, aber deshalb nicht weniger beeindruckend. Am Tag von <b>Sant Pere<\/b> findet im Hafen von Palma eine Prozession statt, die von der Kapelle <b>Sant Telm oder der Kirche Santa Creu<\/b> ausgeht. Die Route f\u00fchrt durch das Fischereigebiet des Hafens und gipfelt in der Aufstellung des Bildes von Sant Pere an Bord eines Fischerbootes, mit dem die Seefahrerprozession beginnt. Im Anschluss an die Prozession findet im gleichen Fischereigebiet des Hafens von Palma ein Abendessen f\u00fcr die \u00d6ffentlichkeit statt.&nbsp;<\/p>\t\t\t\t\t\t\t\t<\/div>\n\t\t\t\t<\/div>\n\t\t\t\t\t<\/div>\n\t\t<\/div>\n\t\t\t\t\t<\/div>\n\t\t<\/section>\n\t\t\t\t<section class=\"elementor-section elementor-top-section elementor-element elementor-element-cd6c8ca elementor-section-boxed elementor-section-height-default elementor-section-height-default\" data-id=\"cd6c8ca\" data-element_type=\"section\" data-e-type=\"section\">\n\t\t\t\t\t\t<div class=\"elementor-container elementor-column-gap-default\">\n\t\t\t\t\t<div class=\"elementor-column elementor-col-100 elementor-top-column elementor-element elementor-element-a66d065\" data-id=\"a66d065\" data-element_type=\"column\" data-e-type=\"column\">\n\t\t\t<div class=\"elementor-widget-wrap elementor-element-populated\">\n\t\t\t\t\t\t<div class=\"elementor-element elementor-element-6fa9ae0 elementor-widget elementor-widget-heading\" data-id=\"6fa9ae0\" data-element_type=\"widget\" data-e-type=\"widget\" data-widget_type=\"heading.default\">\n\t\t\t\t<div class=\"elementor-widget-container\">\n\t\t\t\t\t<h2 class=\"elementor-heading-title elementor-size-default\">Andere Pl\u00e4ne, um den Sommer auf Mallorca zu feiern<\/h2>\t\t\t\t<\/div>\n\t\t\t\t<\/div>\n\t\t\t\t<div class=\"elementor-element elementor-element-d8124e2 elementor-widget elementor-widget-text-editor\" data-id=\"d8124e2\" data-element_type=\"widget\" data-e-type=\"widget\" data-widget_type=\"text-editor.default\">\n\t\t\t\t<div class=\"elementor-widget-container\">\n\t\t\t\t\t\t\t\t\t<p>Der Sommer auf Mallorca bringt eine Vielzahl von Aktivit\u00e4ten, Festen und besonderen Abenden, um die Insel zu genie\u00dfen &#8211; ein Sommer voller M\u00f6glichkeiten auf Mallorca! Vom Beobachten der herrlichen <a href=\"https:\/\/www.idealpropertymallorca.com\/blog\/de\/sonnenuntergang-mallorca\/\">Sonnenunterg\u00e4nge<\/a> bis zum Entspannen auf den Terrassen der Insel gibt es unz\u00e4hlige M\u00f6glichkeiten, diese besondere Jahreszeit zu feiern. Genie\u00dfen Sie die exquisite lokale Gastronomie in den <a href=\"https:\/\/www.idealpropertymallorca.com\/blog\/de\/besten-restaurants-in-alcudia\/\">Restaurants<\/a> am Meer, erkunden Sie die charmanten D\u00f6rfer der Insel oder tauchen Sie in das kristallklare Wasser der <a href=\"https:\/\/www.idealpropertymallorca.com\/blog\/de\/playa-de-muro-auf-mallorca-goldener-sand-und-tuerkisfarbenes-wasser\/\">Str\u00e4nde<\/a> ein.<\/p>\t\t\t\t\t\t\t\t<\/div>\n\t\t\t\t<\/div>\n\t\t\t\t\t<\/div>\n\t\t<\/div>\n\t\t\t\t\t<\/div>\n\t\t<\/section>\n\t\t\t\t<section class=\"elementor-section elementor-top-section elementor-element elementor-element-8a2be46 elementor-section-boxed elementor-section-height-default elementor-section-height-default\" data-id=\"8a2be46\" data-element_type=\"section\" data-e-type=\"section\">\n\t\t\t\t\t\t<div class=\"elementor-container elementor-column-gap-default\">\n\t\t\t\t\t<div class=\"elementor-column elementor-col-100 elementor-top-column elementor-element elementor-element-ea4b611\" data-id=\"ea4b611\" data-element_type=\"column\" data-e-type=\"column\">\n\t\t\t<div class=\"elementor-widget-wrap elementor-element-populated\">\n\t\t\t\t\t\t<div class=\"elementor-element elementor-element-0d6132d elementor-widget elementor-widget-heading\" data-id=\"0d6132d\" data-element_type=\"widget\" data-e-type=\"widget\" data-widget_type=\"heading.default\">\n\t\t\t\t<div class=\"elementor-widget-container\">\n\t\t\t\t\t<h2 class=\"elementor-heading-title elementor-size-default\">Erleben Sie den Zauber von Sant Pere auf Mallorca!<\/h2>\t\t\t\t<\/div>\n\t\t\t\t<\/div>\n\t\t\t\t<div class=\"elementor-element elementor-element-07e40fc elementor-widget elementor-widget-text-editor\" data-id=\"07e40fc\" data-element_type=\"widget\" data-e-type=\"widget\" data-widget_type=\"text-editor.default\">\n\t\t\t\t<div class=\"elementor-widget-container\">\n\t\t\t\t\t\t\t\t\t<p>Die Feierlichkeiten zu <b>Sant Pere auf Mallorca<\/b> sind eine einzigartige Gelegenheit, in das Wesen der Insel einzutauchen. Von Aktivit\u00e4ten, die sich um die lokalen Segler und Fischer drehen, bis hin zu lebhaften Stra\u00dfenfesten in den malerischen D\u00f6rfern der Region, wird jeder Winkel w\u00e4hrend dieses Ereignisses mit Energie und Tradition erf\u00fcllt. Es ist eine Zeit, in der man in ruhigen mallorquinischen H\u00e4fen, wo das sanfte Rauschen des Meeres die Feierlichkeiten begleitet, mit der Natur in Kontakt kommt und Lachen und Freude mit seinen Lieben teilt.<\/p><p>Wenn Sie auf der Suche nach der perfekten Unterkunft sind, um die Festlichkeiten zu genie\u00dfen, bietet <a href=\"https:\/\/www.idealpropertymallorca.com\/de\/vermietung\/vermietungen-mallorca-e21\/\">Ideal Property Mallorca<\/a> eine gro\u00dfe Auswahl an M\u00f6glichkeiten, die Ihren Bed\u00fcrfnissen und Vorlieben entsprechen. Von gem\u00fctlichen Wohnungen bis hin zu luxuri\u00f6sen Villen mit Meerblick finden Sie den idealen Ort, um ein unvergessliches Erlebnis w\u00e4hrend der Feierlichkeiten in Sant Pere zu erleben. Entdecken Sie den Zauber Mallorcas mit <b>Ideal Property Mallorca<\/b> als Ihrem Verb\u00fcndeten bei der Suche nach der perfekten Unterkunft &#8211; lassen Sie sich dieses unvergessliche Erlebnis nicht entgehen!<\/p>\t\t\t\t\t\t\t\t<\/div>\n\t\t\t\t<\/div>\n\t\t\t\t\t<\/div>\n\t\t<\/div>\n\t\t\t\t\t<\/div>\n\t\t<\/section>\n\t\t\t\t<section class=\"elementor-section elementor-top-section elementor-element elementor-element-6fdb7ee0 elementor-section-boxed elementor-section-height-default elementor-section-height-default\" data-id=\"6fdb7ee0\" data-element_type=\"section\" data-e-type=\"section\">\n\t\t\t\t\t\t<div class=\"elementor-container elementor-column-gap-default\">\n\t\t\t\t\t<div class=\"elementor-column elementor-col-33 elementor-top-column elementor-element elementor-element-292a0294\" data-id=\"292a0294\" data-element_type=\"column\" data-e-type=\"column\">\n\t\t\t<div class=\"elementor-widget-wrap elementor-element-populated\">\n\t\t\t\t\t\t<div class=\"elementor-element elementor-element-69003d34 elementor-align-center elementor-widget elementor-widget-button\" data-id=\"69003d34\" data-element_type=\"widget\" data-e-type=\"widget\" data-widget_type=\"button.default\">\n\t\t\t\t<div class=\"elementor-widget-container\">\n\t\t\t\t\t\t\t\t\t<div class=\"elementor-button-wrapper\">\n\t\t\t\t\t<a class=\"elementor-button elementor-button-link elementor-size-sm\" href=\"https:\/\/www.idealpropertymallorca.com\/de\/vermietung\/vermietungen-mallorca-e21\/\">\n\t\t\t\t\t\t<span class=\"elementor-button-content-wrapper\">\n\t\t\t\t\t\t\t\t\t<span class=\"elementor-button-text\">Unterk\u00fcnfte in Mallorca<\/span>\n\t\t\t\t\t<\/span>\n\t\t\t\t\t<\/a>\n\t\t\t\t<\/div>\n\t\t\t\t\t\t\t\t<\/div>\n\t\t\t\t<\/div>\n\t\t\t\t\t<\/div>\n\t\t<\/div>\n\t\t\t\t<div class=\"elementor-column elementor-col-33 elementor-top-column elementor-element elementor-element-258b03b3\" data-id=\"258b03b3\" data-element_type=\"column\" data-e-type=\"column\">\n\t\t\t<div class=\"elementor-widget-wrap elementor-element-populated\">\n\t\t\t\t\t\t<div class=\"elementor-element elementor-element-127f41a9 elementor-align-center elementor-widget elementor-widget-button\" data-id=\"127f41a9\" data-element_type=\"widget\" data-e-type=\"widget\" data-widget_type=\"button.default\">\n\t\t\t\t<div class=\"elementor-widget-container\">\n\t\t\t\t\t\t\t\t\t<div class=\"elementor-button-wrapper\">\n\t\t\t\t\t<a class=\"elementor-button elementor-button-link elementor-size-sm\" href=\"https:\/\/www.idealpropertymallorca.com\/de\/vermietung\/vermietungen-alcudia-d1098\/\">\n\t\t\t\t\t\t<span class=\"elementor-button-content-wrapper\">\n\t\t\t\t\t\t\t\t\t<span class=\"elementor-button-text\">Unterk\u00fcnfte in Alcudia<\/span>\n\t\t\t\t\t<\/span>\n\t\t\t\t\t<\/a>\n\t\t\t\t<\/div>\n\t\t\t\t\t\t\t\t<\/div>\n\t\t\t\t<\/div>\n\t\t\t\t\t<\/div>\n\t\t<\/div>\n\t\t\t\t<div class=\"elementor-column elementor-col-33 elementor-top-column elementor-element elementor-element-1683e5cb\" data-id=\"1683e5cb\" data-element_type=\"column\" data-e-type=\"column\">\n\t\t\t<div class=\"elementor-widget-wrap elementor-element-populated\">\n\t\t\t\t\t\t<div class=\"elementor-element elementor-element-b2b8fc5 elementor-align-center elementor-widget elementor-widget-button\" data-id=\"b2b8fc5\" data-element_type=\"widget\" data-e-type=\"widget\" data-widget_type=\"button.default\">\n\t\t\t\t<div class=\"elementor-widget-container\">\n\t\t\t\t\t\t\t\t\t<div class=\"elementor-button-wrapper\">\n\t\t\t\t\t<a class=\"elementor-button elementor-button-link elementor-size-sm\" href=\"https:\/\/www.idealpropertymallorca.com\/de\/vermietung\/vermietungen-pollensa-d459611\/\">\n\t\t\t\t\t\t<span class=\"elementor-button-content-wrapper\">\n\t\t\t\t\t\t\t\t\t<span class=\"elementor-button-text\">Unterk\u00fcnfte in Pollensa<\/span>\n\t\t\t\t\t<\/span>\n\t\t\t\t\t<\/a>\n\t\t\t\t<\/div>\n\t\t\t\t\t\t\t\t<\/div>\n\t\t\t\t<\/div>\n\t\t\t\t\t<\/div>\n\t\t<\/div>\n\t\t\t\t\t<\/div>\n\t\t<\/section>\n\t\t\t\t<\/div>\n\t\t","protected":false},"excerpt":{"rendered":"<p>Wann ist das Fest von Sant Pere 2024? Das Fest von Sant Pere, dem Schutzpatron der Seeleute, wird am 29. Juni gefeiert. An diesem Tag findet eine maritime Prozession statt, bei der die geschm\u00fcckten Boote auslaufen, um das Bild ihres Schutzpatrons zu begleiten und durch die Buchten Mallorcas zu fahren. In der Woche vor und [&hellip;]<\/p>\n","protected":false},"author":9,"featured_media":20175,"comment_status":"open","ping_status":"open","sticky":false,"template":"","format":"standard","meta":{"footnotes":""},"categories":[737],"tags":[],"class_list":["post-9237","post","type-post","status-publish","format-standard","has-post-thumbnail","hentry","category-aktivitaten-fur-die-familie"],"yoast_head":"<!-- This site is optimized with the Yoast SEO plugin v27.4 - https:\/\/yoast.com\/product\/yoast-seo-wordpress\/ -->\n<title>Sant Pere Festival auf Mallorca - Blog von Mallorca<\/title>\n<meta name=\"description\" content=\"Erleben Sie das Sant Pere Festival auf Mallorca mit Musik und Traditionen der Insel und entdecken Sie die mallorquinische Kultur!\" \/>\n<meta name=\"robots\" content=\"index, follow, max-snippet:-1, max-image-preview:large, max-video-preview:-1\" \/>\n<link rel=\"canonical\" href=\"https:\/\/www.idealpropertymallorca.com\/blog\/de\/sant-pere-festival-auf-mallorca\/\" \/>\n<meta property=\"og:locale\" content=\"de_DE\" \/>\n<meta property=\"og:type\" content=\"article\" \/>\n<meta property=\"og:title\" content=\"Sant Pere Festival auf Mallorca - Blog von Mallorca\" \/>\n<meta property=\"og:description\" content=\"Erleben Sie das Sant Pere Festival auf Mallorca mit Musik und Traditionen der Insel und entdecken Sie die mallorquinische Kultur!\" \/>\n<meta property=\"og:url\" content=\"https:\/\/www.idealpropertymallorca.com\/blog\/de\/sant-pere-festival-auf-mallorca\/\" \/>\n<meta property=\"og:site_name\" content=\"Blog von Mallorca\" \/>\n<meta property=\"article:published_time\" content=\"2024-05-30T11:30:42+00:00\" \/>\n<meta property=\"article:modified_time\" content=\"2025-08-21T06:33:25+00:00\" \/>\n<meta property=\"og:image\" content=\"https:\/\/www.idealpropertymallorca.com\/blog\/wp-content\/uploads\/2024\/05\/sant-pere-mallorca-1.webp\" \/>\n\t<meta property=\"og:image:width\" content=\"1920\" \/>\n\t<meta property=\"og:image:height\" content=\"400\" \/>\n\t<meta property=\"og:image:type\" content=\"image\/webp\" \/>\n<meta name=\"author\" content=\"Tatiana\" \/>\n<meta name=\"twitter:card\" content=\"summary_large_image\" \/>\n<meta name=\"twitter:label1\" content=\"Written by\" \/>\n\t<meta name=\"twitter:data1\" content=\"Tatiana\" \/>\n\t<meta name=\"twitter:label2\" content=\"Est. reading time\" \/>\n\t<meta name=\"twitter:data2\" content=\"12 minutes\" \/>\n<script type=\"application\/ld+json\" class=\"yoast-schema-graph\">{\"@context\":\"https:\\\/\\\/schema.org\",\"@graph\":[{\"@type\":\"Article\",\"@id\":\"https:\\\/\\\/www.idealpropertymallorca.com\\\/blog\\\/de\\\/sant-pere-festival-auf-mallorca\\\/#article\",\"isPartOf\":{\"@id\":\"https:\\\/\\\/www.idealpropertymallorca.com\\\/blog\\\/de\\\/sant-pere-festival-auf-mallorca\\\/\"},\"author\":{\"name\":\"Tatiana\",\"@id\":\"https:\\\/\\\/www.idealpropertymallorca.com\\\/blog\\\/de\\\/#\\\/schema\\\/person\\\/3e6672008494e754197397c523aac13d\"},\"headline\":\"Sant Pere Festival auf Mallorca\",\"datePublished\":\"2024-05-30T11:30:42+00:00\",\"dateModified\":\"2025-08-21T06:33:25+00:00\",\"mainEntityOfPage\":{\"@id\":\"https:\\\/\\\/www.idealpropertymallorca.com\\\/blog\\\/de\\\/sant-pere-festival-auf-mallorca\\\/\"},\"wordCount\":1986,\"commentCount\":0,\"publisher\":{\"@id\":\"https:\\\/\\\/www.idealpropertymallorca.com\\\/blog\\\/de\\\/#organization\"},\"image\":{\"@id\":\"https:\\\/\\\/www.idealpropertymallorca.com\\\/blog\\\/de\\\/sant-pere-festival-auf-mallorca\\\/#primaryimage\"},\"thumbnailUrl\":\"https:\\\/\\\/www.idealpropertymallorca.com\\\/blog\\\/wp-content\\\/uploads\\\/2024\\\/05\\\/sant-pere-mallorca-1.webp\",\"articleSection\":[\"Aktivit\u00e4ten f\u00fcr die Familie\"],\"inLanguage\":\"de\",\"potentialAction\":[{\"@type\":\"CommentAction\",\"name\":\"Comment\",\"target\":[\"https:\\\/\\\/www.idealpropertymallorca.com\\\/blog\\\/de\\\/sant-pere-festival-auf-mallorca\\\/#respond\"]}]},{\"@type\":\"WebPage\",\"@id\":\"https:\\\/\\\/www.idealpropertymallorca.com\\\/blog\\\/de\\\/sant-pere-festival-auf-mallorca\\\/\",\"url\":\"https:\\\/\\\/www.idealpropertymallorca.com\\\/blog\\\/de\\\/sant-pere-festival-auf-mallorca\\\/\",\"name\":\"Sant Pere Festival auf Mallorca - Blog von Mallorca\",\"isPartOf\":{\"@id\":\"https:\\\/\\\/www.idealpropertymallorca.com\\\/blog\\\/de\\\/#website\"},\"primaryImageOfPage\":{\"@id\":\"https:\\\/\\\/www.idealpropertymallorca.com\\\/blog\\\/de\\\/sant-pere-festival-auf-mallorca\\\/#primaryimage\"},\"image\":{\"@id\":\"https:\\\/\\\/www.idealpropertymallorca.com\\\/blog\\\/de\\\/sant-pere-festival-auf-mallorca\\\/#primaryimage\"},\"thumbnailUrl\":\"https:\\\/\\\/www.idealpropertymallorca.com\\\/blog\\\/wp-content\\\/uploads\\\/2024\\\/05\\\/sant-pere-mallorca-1.webp\",\"datePublished\":\"2024-05-30T11:30:42+00:00\",\"dateModified\":\"2025-08-21T06:33:25+00:00\",\"description\":\"Erleben Sie das Sant Pere Festival auf Mallorca mit Musik und Traditionen der Insel und entdecken Sie die mallorquinische Kultur!\",\"inLanguage\":\"de\",\"potentialAction\":[{\"@type\":\"ReadAction\",\"target\":[\"https:\\\/\\\/www.idealpropertymallorca.com\\\/blog\\\/de\\\/sant-pere-festival-auf-mallorca\\\/\"]}]},{\"@type\":\"ImageObject\",\"inLanguage\":\"de\",\"@id\":\"https:\\\/\\\/www.idealpropertymallorca.com\\\/blog\\\/de\\\/sant-pere-festival-auf-mallorca\\\/#primaryimage\",\"url\":\"https:\\\/\\\/www.idealpropertymallorca.com\\\/blog\\\/wp-content\\\/uploads\\\/2024\\\/05\\\/sant-pere-mallorca-1.webp\",\"contentUrl\":\"https:\\\/\\\/www.idealpropertymallorca.com\\\/blog\\\/wp-content\\\/uploads\\\/2024\\\/05\\\/sant-pere-mallorca-1.webp\",\"width\":1920,\"height\":400},{\"@type\":\"WebSite\",\"@id\":\"https:\\\/\\\/www.idealpropertymallorca.com\\\/blog\\\/de\\\/#website\",\"url\":\"https:\\\/\\\/www.idealpropertymallorca.com\\\/blog\\\/de\\\/\",\"name\":\"Blog von Mallorca\",\"description\":\"Finden Sie touristische Informationen dar\u00fcber, was zu sehen und zu tun auf der Insel Mallorca w\u00e4hrend der Ferien. Entdecken Sie die besten Orte!\",\"publisher\":{\"@id\":\"https:\\\/\\\/www.idealpropertymallorca.com\\\/blog\\\/de\\\/#organization\"},\"potentialAction\":[{\"@type\":\"SearchAction\",\"target\":{\"@type\":\"EntryPoint\",\"urlTemplate\":\"https:\\\/\\\/www.idealpropertymallorca.com\\\/blog\\\/de\\\/?s={search_term_string}\"},\"query-input\":{\"@type\":\"PropertyValueSpecification\",\"valueRequired\":true,\"valueName\":\"search_term_string\"}}],\"inLanguage\":\"de\"},{\"@type\":\"Organization\",\"@id\":\"https:\\\/\\\/www.idealpropertymallorca.com\\\/blog\\\/de\\\/#organization\",\"name\":\"Blog von Mallorca\",\"url\":\"https:\\\/\\\/www.idealpropertymallorca.com\\\/blog\\\/de\\\/\",\"logo\":{\"@type\":\"ImageObject\",\"inLanguage\":\"de\",\"@id\":\"https:\\\/\\\/www.idealpropertymallorca.com\\\/blog\\\/de\\\/#\\\/schema\\\/logo\\\/image\\\/\",\"url\":\"https:\\\/\\\/www.idealpropertymallorca.com\\\/blog\\\/wp-content\\\/uploads\\\/2024\\\/10\\\/ideal-property-mallorca-blue-mobile.png\",\"contentUrl\":\"https:\\\/\\\/www.idealpropertymallorca.com\\\/blog\\\/wp-content\\\/uploads\\\/2024\\\/10\\\/ideal-property-mallorca-blue-mobile.png\",\"width\":500,\"height\":150,\"caption\":\"Blog von Mallorca\"},\"image\":{\"@id\":\"https:\\\/\\\/www.idealpropertymallorca.com\\\/blog\\\/de\\\/#\\\/schema\\\/logo\\\/image\\\/\"}},{\"@type\":\"Person\",\"@id\":\"https:\\\/\\\/www.idealpropertymallorca.com\\\/blog\\\/de\\\/#\\\/schema\\\/person\\\/3e6672008494e754197397c523aac13d\",\"name\":\"Tatiana\",\"image\":{\"@type\":\"ImageObject\",\"inLanguage\":\"de\",\"@id\":\"https:\\\/\\\/secure.gravatar.com\\\/avatar\\\/d1f7a61926f15609398032f2f6a1b823942e417fe09d2f38c4cf50bc1d193691?s=96&d=mm&r=g\",\"url\":\"https:\\\/\\\/secure.gravatar.com\\\/avatar\\\/d1f7a61926f15609398032f2f6a1b823942e417fe09d2f38c4cf50bc1d193691?s=96&d=mm&r=g\",\"contentUrl\":\"https:\\\/\\\/secure.gravatar.com\\\/avatar\\\/d1f7a61926f15609398032f2f6a1b823942e417fe09d2f38c4cf50bc1d193691?s=96&d=mm&r=g\",\"caption\":\"Tatiana\"}}]}<\/script>\n<!-- \/ Yoast SEO plugin. -->","yoast_head_json":{"title":"Sant Pere Festival auf Mallorca - Blog von Mallorca","description":"Erleben Sie das Sant Pere Festival auf Mallorca mit Musik und Traditionen der Insel und entdecken Sie die mallorquinische Kultur!","robots":{"index":"index","follow":"follow","max-snippet":"max-snippet:-1","max-image-preview":"max-image-preview:large","max-video-preview":"max-video-preview:-1"},"canonical":"https:\/\/www.idealpropertymallorca.com\/blog\/de\/sant-pere-festival-auf-mallorca\/","og_locale":"de_DE","og_type":"article","og_title":"Sant Pere Festival auf Mallorca - Blog von Mallorca","og_description":"Erleben Sie das Sant Pere Festival auf Mallorca mit Musik und Traditionen der Insel und entdecken Sie die mallorquinische Kultur!","og_url":"https:\/\/www.idealpropertymallorca.com\/blog\/de\/sant-pere-festival-auf-mallorca\/","og_site_name":"Blog von Mallorca","article_published_time":"2024-05-30T11:30:42+00:00","article_modified_time":"2025-08-21T06:33:25+00:00","og_image":[{"width":1920,"height":400,"url":"https:\/\/www.idealpropertymallorca.com\/blog\/wp-content\/uploads\/2024\/05\/sant-pere-mallorca-1.webp","type":"image\/webp"}],"author":"Tatiana","twitter_card":"summary_large_image","twitter_misc":{"Written by":"Tatiana","Est. reading time":"12 minutes"},"schema":{"@context":"https:\/\/schema.org","@graph":[{"@type":"Article","@id":"https:\/\/www.idealpropertymallorca.com\/blog\/de\/sant-pere-festival-auf-mallorca\/#article","isPartOf":{"@id":"https:\/\/www.idealpropertymallorca.com\/blog\/de\/sant-pere-festival-auf-mallorca\/"},"author":{"name":"Tatiana","@id":"https:\/\/www.idealpropertymallorca.com\/blog\/de\/#\/schema\/person\/3e6672008494e754197397c523aac13d"},"headline":"Sant Pere Festival auf Mallorca","datePublished":"2024-05-30T11:30:42+00:00","dateModified":"2025-08-21T06:33:25+00:00","mainEntityOfPage":{"@id":"https:\/\/www.idealpropertymallorca.com\/blog\/de\/sant-pere-festival-auf-mallorca\/"},"wordCount":1986,"commentCount":0,"publisher":{"@id":"https:\/\/www.idealpropertymallorca.com\/blog\/de\/#organization"},"image":{"@id":"https:\/\/www.idealpropertymallorca.com\/blog\/de\/sant-pere-festival-auf-mallorca\/#primaryimage"},"thumbnailUrl":"https:\/\/www.idealpropertymallorca.com\/blog\/wp-content\/uploads\/2024\/05\/sant-pere-mallorca-1.webp","articleSection":["Aktivit\u00e4ten f\u00fcr die Familie"],"inLanguage":"de","potentialAction":[{"@type":"CommentAction","name":"Comment","target":["https:\/\/www.idealpropertymallorca.com\/blog\/de\/sant-pere-festival-auf-mallorca\/#respond"]}]},{"@type":"WebPage","@id":"https:\/\/www.idealpropertymallorca.com\/blog\/de\/sant-pere-festival-auf-mallorca\/","url":"https:\/\/www.idealpropertymallorca.com\/blog\/de\/sant-pere-festival-auf-mallorca\/","name":"Sant Pere Festival auf Mallorca - Blog von Mallorca","isPartOf":{"@id":"https:\/\/www.idealpropertymallorca.com\/blog\/de\/#website"},"primaryImageOfPage":{"@id":"https:\/\/www.idealpropertymallorca.com\/blog\/de\/sant-pere-festival-auf-mallorca\/#primaryimage"},"image":{"@id":"https:\/\/www.idealpropertymallorca.com\/blog\/de\/sant-pere-festival-auf-mallorca\/#primaryimage"},"thumbnailUrl":"https:\/\/www.idealpropertymallorca.com\/blog\/wp-content\/uploads\/2024\/05\/sant-pere-mallorca-1.webp","datePublished":"2024-05-30T11:30:42+00:00","dateModified":"2025-08-21T06:33:25+00:00","description":"Erleben Sie das Sant Pere Festival auf Mallorca mit Musik und Traditionen der Insel und entdecken Sie die mallorquinische Kultur!","inLanguage":"de","potentialAction":[{"@type":"ReadAction","target":["https:\/\/www.idealpropertymallorca.com\/blog\/de\/sant-pere-festival-auf-mallorca\/"]}]},{"@type":"ImageObject","inLanguage":"de","@id":"https:\/\/www.idealpropertymallorca.com\/blog\/de\/sant-pere-festival-auf-mallorca\/#primaryimage","url":"https:\/\/www.idealpropertymallorca.com\/blog\/wp-content\/uploads\/2024\/05\/sant-pere-mallorca-1.webp","contentUrl":"https:\/\/www.idealpropertymallorca.com\/blog\/wp-content\/uploads\/2024\/05\/sant-pere-mallorca-1.webp","width":1920,"height":400},{"@type":"WebSite","@id":"https:\/\/www.idealpropertymallorca.com\/blog\/de\/#website","url":"https:\/\/www.idealpropertymallorca.com\/blog\/de\/","name":"Blog von Mallorca","description":"Finden Sie touristische Informationen dar\u00fcber, was zu sehen und zu tun auf der Insel Mallorca w\u00e4hrend der Ferien. Entdecken Sie die besten Orte!","publisher":{"@id":"https:\/\/www.idealpropertymallorca.com\/blog\/de\/#organization"},"potentialAction":[{"@type":"SearchAction","target":{"@type":"EntryPoint","urlTemplate":"https:\/\/www.idealpropertymallorca.com\/blog\/de\/?s={search_term_string}"},"query-input":{"@type":"PropertyValueSpecification","valueRequired":true,"valueName":"search_term_string"}}],"inLanguage":"de"},{"@type":"Organization","@id":"https:\/\/www.idealpropertymallorca.com\/blog\/de\/#organization","name":"Blog von Mallorca","url":"https:\/\/www.idealpropertymallorca.com\/blog\/de\/","logo":{"@type":"ImageObject","inLanguage":"de","@id":"https:\/\/www.idealpropertymallorca.com\/blog\/de\/#\/schema\/logo\/image\/","url":"https:\/\/www.idealpropertymallorca.com\/blog\/wp-content\/uploads\/2024\/10\/ideal-property-mallorca-blue-mobile.png","contentUrl":"https:\/\/www.idealpropertymallorca.com\/blog\/wp-content\/uploads\/2024\/10\/ideal-property-mallorca-blue-mobile.png","width":500,"height":150,"caption":"Blog von Mallorca"},"image":{"@id":"https:\/\/www.idealpropertymallorca.com\/blog\/de\/#\/schema\/logo\/image\/"}},{"@type":"Person","@id":"https:\/\/www.idealpropertymallorca.com\/blog\/de\/#\/schema\/person\/3e6672008494e754197397c523aac13d","name":"Tatiana","image":{"@type":"ImageObject","inLanguage":"de","@id":"https:\/\/secure.gravatar.com\/avatar\/d1f7a61926f15609398032f2f6a1b823942e417fe09d2f38c4cf50bc1d193691?s=96&d=mm&r=g","url":"https:\/\/secure.gravatar.com\/avatar\/d1f7a61926f15609398032f2f6a1b823942e417fe09d2f38c4cf50bc1d193691?s=96&d=mm&r=g","contentUrl":"https:\/\/secure.gravatar.com\/avatar\/d1f7a61926f15609398032f2f6a1b823942e417fe09d2f38c4cf50bc1d193691?s=96&d=mm&r=g","caption":"Tatiana"}}]}},"_links":{"self":[{"href":"https:\/\/www.idealpropertymallorca.com\/blog\/de\/wp-json\/wp\/v2\/posts\/9237","targetHints":{"allow":["GET"]}}],"collection":[{"href":"https:\/\/www.idealpropertymallorca.com\/blog\/de\/wp-json\/wp\/v2\/posts"}],"about":[{"href":"https:\/\/www.idealpropertymallorca.com\/blog\/de\/wp-json\/wp\/v2\/types\/post"}],"author":[{"embeddable":true,"href":"https:\/\/www.idealpropertymallorca.com\/blog\/de\/wp-json\/wp\/v2\/users\/9"}],"replies":[{"embeddable":true,"href":"https:\/\/www.idealpropertymallorca.com\/blog\/de\/wp-json\/wp\/v2\/comments?post=9237"}],"version-history":[{"count":53,"href":"https:\/\/www.idealpropertymallorca.com\/blog\/de\/wp-json\/wp\/v2\/posts\/9237\/revisions"}],"predecessor-version":[{"id":20184,"href":"https:\/\/www.idealpropertymallorca.com\/blog\/de\/wp-json\/wp\/v2\/posts\/9237\/revisions\/20184"}],"wp:featuredmedia":[{"embeddable":true,"href":"https:\/\/www.idealpropertymallorca.com\/blog\/de\/wp-json\/wp\/v2\/media\/20175"}],"wp:attachment":[{"href":"https:\/\/www.idealpropertymallorca.com\/blog\/de\/wp-json\/wp\/v2\/media?parent=9237"}],"wp:term":[{"taxonomy":"category","embeddable":true,"href":"https:\/\/www.idealpropertymallorca.com\/blog\/de\/wp-json\/wp\/v2\/categories?post=9237"},{"taxonomy":"post_tag","embeddable":true,"href":"https:\/\/www.idealpropertymallorca.com\/blog\/de\/wp-json\/wp\/v2\/tags?post=9237"}],"curies":[{"name":"wp","href":"https:\/\/api.w.org\/{rel}","templated":true}]}}