{"id":4726,"date":"2023-11-22T16:31:17","date_gmt":"2023-11-22T16:31:17","guid":{"rendered":"https:\/\/www.idealpropertymallorca.com\/blog\/?p=4726"},"modified":"2025-03-07T12:39:30","modified_gmt":"2025-03-07T12:39:30","slug":"ferienvermietungslizenz-auf-mallorca-verlaengern","status":"publish","type":"post","link":"https:\/\/www.idealpropertymallorca.com\/blog\/de\/ferienvermietungslizenz-auf-mallorca-verlaengern\/","title":{"rendered":"Vollst\u00e4ndiger Leitfaden zur Verl\u00e4ngerung Ihrer Ferienvermietungslizenz auf Mallorca: alles Wissenswerte"},"content":{"rendered":"\t\t<div data-elementor-type=\"wp-post\" data-elementor-id=\"4726\" class=\"elementor elementor-4726 elementor-4421\" data-elementor-post-type=\"post\">\n\t\t\t\t\t\t<section class=\"elementor-section elementor-top-section elementor-element elementor-element-313d261 elementor-section-boxed elementor-section-height-default elementor-section-height-default\" data-id=\"313d261\" data-element_type=\"section\" data-e-type=\"section\">\n\t\t\t\t\t\t<div class=\"elementor-container elementor-column-gap-default\">\n\t\t\t\t\t<div class=\"elementor-column elementor-col-100 elementor-top-column elementor-element elementor-element-d8e4aee\" data-id=\"d8e4aee\" data-element_type=\"column\" data-e-type=\"column\">\n\t\t\t<div class=\"elementor-widget-wrap elementor-element-populated\">\n\t\t\t\t\t\t<div class=\"elementor-element elementor-element-b7e5811 elementor-widget elementor-widget-text-editor\" data-id=\"b7e5811\" data-element_type=\"widget\" data-e-type=\"widget\" data-widget_type=\"text-editor.default\">\n\t\t\t\t<div class=\"elementor-widget-container\">\n\t\t\t\t\t\t\t\t\t<p><span style=\"font-weight: 400;\">Mallorca hat sich zu einem der beliebtesten Reiseziele in Spanien entwickelt und zieht Besucher aus aller Welt an. Wenn Sie Eigent\u00fcmer eines zur Ferienvermietung vorgesehenen Hauses auf dieser wundersch\u00f6nen Insel sind, sollten Sie unbedingt wissen, dass Sie Ihre <\/span><b>Ferienvermietungslizenz auf Mallorca verl\u00e4ngern <\/b><span style=\"font-weight: 400;\">m\u00fcssen. In diesem Artikel geben wir Ihnen eine detaillierte Anleitung dazu, wie Sie dabei vorgehen sollten, um nicht gegen die<\/span><b> balearischen Ferienvermietungsvorschriften <\/b><span style=\"font-weight: 400;\">zu versto\u00dfen und somit m\u00f6gliche Strafen zu vermeiden. Legen wir also los!<\/span><\/p>\t\t\t\t\t\t\t\t<\/div>\n\t\t\t\t<\/div>\n\t\t\t\t\t<\/div>\n\t\t<\/div>\n\t\t\t\t\t<\/div>\n\t\t<\/section>\n\t\t\t\t<section class=\"elementor-section elementor-top-section elementor-element elementor-element-3736e7ea elementor-section-boxed elementor-section-height-default elementor-section-height-default\" data-id=\"3736e7ea\" data-element_type=\"section\" data-e-type=\"section\">\n\t\t\t\t\t\t<div class=\"elementor-container elementor-column-gap-default\">\n\t\t\t\t\t<div class=\"elementor-column elementor-col-100 elementor-top-column elementor-element elementor-element-52b4bacc\" data-id=\"52b4bacc\" data-element_type=\"column\" data-e-type=\"column\">\n\t\t\t<div class=\"elementor-widget-wrap elementor-element-populated\">\n\t\t\t\t\t\t<div class=\"elementor-element elementor-element-3876dcd0 elementor-widget elementor-widget-table-of-contents\" data-id=\"3876dcd0\" data-element_type=\"widget\" data-e-type=\"widget\" data-settings=\"{&quot;headings_by_tags&quot;:[&quot;h2&quot;],&quot;exclude_headings_by_selector&quot;:[],&quot;marker_view&quot;:&quot;bullets&quot;,&quot;icon&quot;:{&quot;value&quot;:&quot;&quot;,&quot;library&quot;:&quot;&quot;},&quot;no_headings_message&quot;:&quot;No headings were found on this page.&quot;,&quot;hierarchical_view&quot;:&quot;yes&quot;,&quot;min_height&quot;:{&quot;unit&quot;:&quot;px&quot;,&quot;size&quot;:&quot;&quot;,&quot;sizes&quot;:[]},&quot;min_height_tablet&quot;:{&quot;unit&quot;:&quot;px&quot;,&quot;size&quot;:&quot;&quot;,&quot;sizes&quot;:[]},&quot;min_height_mobile&quot;:{&quot;unit&quot;:&quot;px&quot;,&quot;size&quot;:&quot;&quot;,&quot;sizes&quot;:[]}}\" data-widget_type=\"table-of-contents.default\">\n\t\t\t\t<div class=\"elementor-widget-container\">\n\t\t\t\t\t\t\t\t\t<div class=\"elementor-toc__header\">\n\t\t\t\t\t\t<div class=\"elementor-toc__header-title\">\n\t\t\t\tInhaltsverzeichnis\t\t\t<\/div>\n\t\t\t\t\t\t\t\t<\/div>\n\t\t\t\t<div id=\"elementor-toc__3876dcd0\" class=\"elementor-toc__body\">\n\t\t\t<div class=\"elementor-toc__spinner-container\">\n\t\t\t\t<i class=\"elementor-toc__spinner eicon-animation-spin eicon-loading\" aria-hidden=\"true\"><\/i>\t\t\t<\/div>\n\t\t<\/div>\n\t\t\t\t\t\t<\/div>\n\t\t\t\t<\/div>\n\t\t\t\t\t<\/div>\n\t\t<\/div>\n\t\t\t\t\t<\/div>\n\t\t<\/section>\n\t\t\t\t<section class=\"elementor-section elementor-top-section elementor-element elementor-element-3bfdeba4 elementor-section-boxed elementor-section-height-default elementor-section-height-default\" data-id=\"3bfdeba4\" data-element_type=\"section\" data-e-type=\"section\">\n\t\t\t\t\t\t<div class=\"elementor-container elementor-column-gap-default\">\n\t\t\t\t\t<div class=\"elementor-column elementor-col-100 elementor-top-column elementor-element elementor-element-1b7eccb2\" data-id=\"1b7eccb2\" data-element_type=\"column\" data-e-type=\"column\">\n\t\t\t<div class=\"elementor-widget-wrap elementor-element-populated\">\n\t\t\t\t\t\t<div class=\"elementor-element elementor-element-161ce51f elementor-widget elementor-widget-heading\" data-id=\"161ce51f\" data-element_type=\"widget\" data-e-type=\"widget\" data-widget_type=\"heading.default\">\n\t\t\t\t<div class=\"elementor-widget-container\">\n\t\t\t\t\t<h2 class=\"elementor-heading-title elementor-size-default\">Was sind Mehrfamilienunterk\u00fcnfte?\n<\/h2>\t\t\t\t<\/div>\n\t\t\t\t<\/div>\n\t\t\t\t<div class=\"elementor-element elementor-element-64762e7e elementor-widget elementor-widget-text-editor\" data-id=\"64762e7e\" data-element_type=\"widget\" data-e-type=\"widget\" data-widget_type=\"text-editor.default\">\n\t\t\t\t<div class=\"elementor-widget-container\">\n\t\t\t\t\t\t\t\t\t<p><span style=\"font-weight: 400;\">Der Begriff TVPL (Tipus d&#8217;Estada Tur\u00edstica en Vivendes Plurifamiliars) bezieht sich auf eine bestimmte Art von Touristenunterk\u00fcnften auf Mallorca: Wohnungen in Mehrfamilienh\u00e4usern. Diese Kategorie innerhalb der <\/span><b>ETV-Lizenz<\/b><span style=\"font-weight: 400;\"> (Estancia Tur\u00edstica en Viviendas) <\/span><b>auf Mallorca<\/b><span style=\"font-weight: 400;\"> ist f\u00fcr diejenigen unerl\u00e4sslich, die ihre<\/span><b> Immobilie kurzfristig an Touristen vermieten <\/b><span style=\"font-weight: 400;\">m\u00f6chten.<\/span><\/p><p><span style=\"font-weight: 400;\">Die Erlangung einer derartigen Lizenz ist kein blo\u00dfes b\u00fcrokratisches Verfahren, sondern eine gesetzliche Verpflichtung. Dank dieser Lizenz wird <\/span><b>garantiert, dass die Unterkunft allen geltenden Vorschriften in punkto Sicherheit, Qualit\u00e4t und Dienstleistungen entspricht.<\/b><span style=\"font-weight: 400;\"> Dar\u00fcber hinaus bescheinigt sie die Entrichtung der entsprechenden Steuern f\u00fcr touristische Aktivit\u00e4ten, die zur Entwicklung und Erhaltung der touristischen Infrastruktur der Region beitragen.<\/span><\/p>\t\t\t\t\t\t\t\t<\/div>\n\t\t\t\t<\/div>\n\t\t\t\t\t<\/div>\n\t\t<\/div>\n\t\t\t\t\t<\/div>\n\t\t<\/section>\n\t\t\t\t<section class=\"elementor-section elementor-top-section elementor-element elementor-element-a5b8491 elementor-section-boxed elementor-section-height-default elementor-section-height-default\" data-id=\"a5b8491\" data-element_type=\"section\" data-e-type=\"section\">\n\t\t\t\t\t\t<div class=\"elementor-container elementor-column-gap-default\">\n\t\t\t\t\t<div class=\"elementor-column elementor-col-100 elementor-top-column elementor-element elementor-element-c13d711\" data-id=\"c13d711\" data-element_type=\"column\" data-e-type=\"column\">\n\t\t\t<div class=\"elementor-widget-wrap elementor-element-populated\">\n\t\t\t\t\t\t<div class=\"elementor-element elementor-element-403b8c4 elementor-widget elementor-widget-heading\" data-id=\"403b8c4\" data-element_type=\"widget\" data-e-type=\"widget\" data-widget_type=\"heading.default\">\n\t\t\t\t<div class=\"elementor-widget-container\">\n\t\t\t\t\t<h2 class=\"elementor-heading-title elementor-size-default\">So verl\u00e4ngern Sie Ihre Tourismuslizenz auf Mallorca\n<\/h2>\t\t\t\t<\/div>\n\t\t\t\t<\/div>\n\t\t\t\t<div class=\"elementor-element elementor-element-6b4efdd elementor-widget elementor-widget-text-editor\" data-id=\"6b4efdd\" data-element_type=\"widget\" data-e-type=\"widget\" data-widget_type=\"text-editor.default\">\n\t\t\t\t<div class=\"elementor-widget-container\">\n\t\t\t\t\t\t\t\t\t<p><span style=\"font-weight: 400;\">Die Erneuerung Ihrer <\/span><b>Tourismuslizenz auf Mallorca <\/b><span style=\"font-weight: 400;\">ist ein grundlegender Prozess f\u00fcr den legalen Betrieb Ihrer Ferienimmobilie auf Mallorca. Im Wesentlichen sind dies die Schritte, die erforderlich sind, um sie zu erhalten:<\/span><\/p>\t\t\t\t\t\t\t\t<\/div>\n\t\t\t\t<\/div>\n\t\t\t\t\t<\/div>\n\t\t<\/div>\n\t\t\t\t\t<\/div>\n\t\t<\/section>\n\t\t\t\t<section class=\"elementor-section elementor-top-section elementor-element elementor-element-af59e53 elementor-section-boxed elementor-section-height-default elementor-section-height-default\" data-id=\"af59e53\" data-element_type=\"section\" data-e-type=\"section\">\n\t\t\t\t\t\t<div class=\"elementor-container elementor-column-gap-default\">\n\t\t\t\t\t<div class=\"elementor-column elementor-col-50 elementor-top-column elementor-element elementor-element-27f291f\" data-id=\"27f291f\" data-element_type=\"column\" data-e-type=\"column\">\n\t\t\t<div class=\"elementor-widget-wrap elementor-element-populated\">\n\t\t\t\t\t\t<div class=\"elementor-element elementor-element-55ea837 elementor-widget elementor-widget-text-editor\" data-id=\"55ea837\" data-element_type=\"widget\" data-e-type=\"widget\" data-widget_type=\"text-editor.default\">\n\t\t\t\t<div class=\"elementor-widget-container\">\n\t\t\t\t\t\t\t\t\t<p><b>Dokumentenpr\u00fcfung<\/b>: Bevor Sie mit dem Verfahren beginnen, sollten Sie sicherstellen, dass alle erforderlichen Dokumente in Ordnung sind: Wohnbescheinigung, Energieausweis und Haftpflichtversicherung.<\/p><p><br \/><b>Online-Antrag:<\/b> Besuchen Sie die offizielle Website der Regierung der Balearen, um Ihren Verl\u00e4ngerungsantrag zu stellen. F\u00fcllen Sie das entsprechende Formular aus und laden Sie die erforderlichen Unterlagen hoch.<\/p><p><br \/><b>Bezahlung der Steuern: <\/b>Der Preis der Ferienvermietungslizenz auf den Balearen variiert in Abh\u00e4ngigkeit von mehreren Faktoren wie etwa der Gr\u00f6\u00dfe der Immobilie und ihrer Lage. Vergessen Sie nicht, die entsprechende Zahlung zu leisten, um Ihren Antrag abzuschlie\u00dfen.<\/p><p><br \/><b>Inspektion der Unterkunft:<\/b> Nach Einreichung Ihres Antrags f\u00fchren die \u00f6rtlichen Beh\u00f6rden eine Inspektion der Immobilie durch, um sicherzustellen, dass sie allen erforderlichen Qualit\u00e4ts- und Sicherheitsstandards entspricht.<\/p>\t\t\t\t\t\t\t\t<\/div>\n\t\t\t\t<\/div>\n\t\t\t\t\t<\/div>\n\t\t<\/div>\n\t\t\t\t<div class=\"elementor-column elementor-col-50 elementor-top-column elementor-element elementor-element-0831287\" data-id=\"0831287\" data-element_type=\"column\" data-e-type=\"column\">\n\t\t\t<div class=\"elementor-widget-wrap elementor-element-populated\">\n\t\t\t\t\t\t<div class=\"elementor-element elementor-element-5b23a6b elementor-widget elementor-widget-image\" data-id=\"5b23a6b\" data-element_type=\"widget\" data-e-type=\"widget\" data-widget_type=\"image.default\">\n\t\t\t\t<div class=\"elementor-widget-container\">\n\t\t\t\t\t\t\t\t\t\t\t\t\t\t\t<img fetchpriority=\"high\" decoding=\"async\" width=\"800\" height=\"492\" src=\"https:\/\/www.idealpropertymallorca.com\/blog\/wp-content\/uploads\/2023\/11\/Licencia-turistica-mallorca-1024x630.jpg\" class=\"attachment-large size-large wp-image-4666\" alt=\"Licencia turistica mallorca\" \/>\t\t\t\t\t\t\t\t\t\t\t\t\t\t\t<\/div>\n\t\t\t\t<\/div>\n\t\t\t\t\t<\/div>\n\t\t<\/div>\n\t\t\t\t\t<\/div>\n\t\t<\/section>\n\t\t\t\t<section class=\"elementor-section elementor-top-section elementor-element elementor-element-ca98a6e elementor-section-boxed elementor-section-height-default elementor-section-height-default\" data-id=\"ca98a6e\" data-element_type=\"section\" data-e-type=\"section\">\n\t\t\t\t\t\t<div class=\"elementor-container elementor-column-gap-default\">\n\t\t\t\t\t<div class=\"elementor-column elementor-col-100 elementor-top-column elementor-element elementor-element-bfa1159\" data-id=\"bfa1159\" data-element_type=\"column\" data-e-type=\"column\">\n\t\t\t<div class=\"elementor-widget-wrap elementor-element-populated\">\n\t\t\t\t\t\t<div class=\"elementor-element elementor-element-0584b8e elementor-widget elementor-widget-heading\" data-id=\"0584b8e\" data-element_type=\"widget\" data-e-type=\"widget\" data-widget_type=\"heading.default\">\n\t\t\t\t<div class=\"elementor-widget-container\">\n\t\t\t\t\t<h2 class=\"elementor-heading-title elementor-size-default\">Bestimmungen zur Erf\u00fcllung von Vorschriften und Sicherheit der Touristenlizenz\n<\/h2>\t\t\t\t<\/div>\n\t\t\t\t<\/div>\n\t\t\t\t<div class=\"elementor-element elementor-element-72e33b9 elementor-widget elementor-widget-text-editor\" data-id=\"72e33b9\" data-element_type=\"widget\" data-e-type=\"widget\" data-widget_type=\"text-editor.default\">\n\t\t\t\t<div class=\"elementor-widget-container\">\n\t\t\t\t\t\t\t\t\t<p><span style=\"font-weight: 400;\">Die korrekte Anwendung der <\/span><b>balearischen Ferienvermietungsbestimmungen <\/b><span style=\"font-weight: 400;\">ist f\u00fcr den legalen Betrieb und die Gew\u00e4hrleistung der Sicherheit Ihrer G\u00e4ste unerl\u00e4sslich. Dazu muss Ihre Immobilie bestimmte <\/span><b>Bewohnbarkeitsstandards <\/b><span style=\"font-weight: 400;\">erf\u00fcllen wie etwa eine sichere Struktur, Elektro- und Sanit\u00e4rinstallationen in gutem Zustand sowie Hygiene- und Gesundheitsanforderungen. Au\u00dferdem m\u00fcssen alle Ger\u00e4te und M\u00f6bel in einwandfreiem Zustand sein.<\/span><\/p>\n<p><span style=\"font-weight: 400;\">Egal, welche Art von Ferienvermietung Sie betreiben \u2013 <\/span><b>die Sicherheit Ihrer G\u00e4ste muss an oberster Stelle <\/b><span style=\"font-weight: 400;\">stehen. Dazu geh\u00f6rt auch die Installation von Rauchmeldern und Feuerl\u00f6schern sowie die eindeutige Kennzeichnung und Erreichbarkeit von Notausg\u00e4ngen. Zudem ist es ratsam, einen Erste-Hilfe-Kasten sowie einen Notfallplan f\u00fcr den Fall eines Brandes oder eines anderen unvorhergesehenen Ereignisses bereitzustellen.<\/span><\/p>\n<p><span style=\"font-weight: 400;\">Weiterhin geh\u00f6rt zur Erf\u00fcllung der Vorschriften, dass Sie die <\/span><b>Kapazit\u00e4tsgrenzen Ihrer Immobilie einhalten <\/b><span style=\"font-weight: 400;\">und darauf achten, dass der <\/span><b>L\u00e4rmpegel die zul\u00e4ssigen Grenzwerte nicht \u00fcberschreitet<\/b><span style=\"font-weight: 400;\">, um die Nachbarn nicht zu st\u00f6ren. Dar\u00fcber hinaus m\u00fcssen Sie <\/span><b>alle Ihre G\u00e4ste <\/b><span style=\"font-weight: 400;\">gem\u00e4\u00df den gesetzlichen Bestimmungen <\/span><b>bei der \u00f6rtlichen Polizei anmelden<\/b><span style=\"font-weight: 400;\">.<\/span><\/p>\n<p><span style=\"font-weight: 400;\">Eine weitere wichtige Anforderung ist schlie\u00dflich die <\/span><b>Bereitstellung touristischer Informationen und eines Ansprechpartners f\u00fcr Ihre G\u00e4ste<\/b><span style=\"font-weight: 400;\"> (Brosch\u00fcren oder ein Reisef\u00fchrer mit Informationen \u00fcber die Umgebung, \u00f6ffentliche Verkehrsmittel, Notrufnummern, Restaurant- und Aktivit\u00e4tsempfehlungen usw.).<\/span><\/p>\t\t\t\t\t\t\t\t<\/div>\n\t\t\t\t<\/div>\n\t\t\t\t\t<\/div>\n\t\t<\/div>\n\t\t\t\t\t<\/div>\n\t\t<\/section>\n\t\t\t\t<section class=\"elementor-section elementor-top-section elementor-element elementor-element-44a9593 elementor-section-boxed elementor-section-height-default elementor-section-height-default\" data-id=\"44a9593\" data-element_type=\"section\" data-e-type=\"section\">\n\t\t\t\t\t\t<div class=\"elementor-container elementor-column-gap-default\">\n\t\t\t\t\t<div class=\"elementor-column elementor-col-100 elementor-top-column elementor-element elementor-element-83ee7fa\" data-id=\"83ee7fa\" data-element_type=\"column\" data-e-type=\"column\">\n\t\t\t<div class=\"elementor-widget-wrap elementor-element-populated\">\n\t\t\t\t\t\t<div class=\"elementor-element elementor-element-726cbe5 elementor-widget elementor-widget-image\" data-id=\"726cbe5\" data-element_type=\"widget\" data-e-type=\"widget\" data-widget_type=\"image.default\">\n\t\t\t\t<div class=\"elementor-widget-container\">\n\t\t\t\t\t\t\t\t\t\t\t\t\t\t\t<img decoding=\"async\" width=\"800\" height=\"426\" src=\"https:\/\/www.idealpropertymallorca.com\/blog\/wp-content\/uploads\/2023\/06\/waterpark-mallorca-mit-kindern-1183x630.jpg\" class=\"attachment-large size-large wp-image-4161\" alt=\"waterpark mallorca mit kindern\" \/>\t\t\t\t\t\t\t\t\t\t\t\t\t\t\t<\/div>\n\t\t\t\t<\/div>\n\t\t\t\t\t<\/div>\n\t\t<\/div>\n\t\t\t\t\t<\/div>\n\t\t<\/section>\n\t\t\t\t<section class=\"elementor-section elementor-top-section elementor-element elementor-element-f267574 elementor-section-boxed elementor-section-height-default elementor-section-height-default\" data-id=\"f267574\" data-element_type=\"section\" data-e-type=\"section\">\n\t\t\t\t\t\t<div class=\"elementor-container elementor-column-gap-default\">\n\t\t\t\t\t<div class=\"elementor-column elementor-col-100 elementor-top-column elementor-element elementor-element-abd2215\" data-id=\"abd2215\" data-element_type=\"column\" data-e-type=\"column\">\n\t\t\t<div class=\"elementor-widget-wrap elementor-element-populated\">\n\t\t\t\t\t\t<div class=\"elementor-element elementor-element-1ba7688 elementor-widget elementor-widget-heading\" data-id=\"1ba7688\" data-element_type=\"widget\" data-e-type=\"widget\" data-widget_type=\"heading.default\">\n\t\t\t\t<div class=\"elementor-widget-container\">\n\t\t\t\t\t<h2 class=\"elementor-heading-title elementor-size-default\">Informieren Sie sich regelm\u00e4\u00dfig und holen Sie sich Hilfe\n<\/h2>\t\t\t\t<\/div>\n\t\t\t\t<\/div>\n\t\t\t\t<div class=\"elementor-element elementor-element-7ba2119 elementor-widget elementor-widget-text-editor\" data-id=\"7ba2119\" data-element_type=\"widget\" data-e-type=\"widget\" data-widget_type=\"text-editor.default\">\n\t\t\t\t<div class=\"elementor-widget-container\">\n\t\t\t\t\t\t\t\t\t<p><span style=\"font-weight: 400;\">Gesetze und Vorschriften k\u00f6nnen sich \u00e4ndern. Daher ist es wichtig, dass Sie sich regelm\u00e4\u00dfig informieren, um stets alle Anforderungen einzuhalten. In diesem Sinne stellen die <\/span><b>Regierung der Balearen und der <\/b><a href=\"https:\/\/web.conselldemallorca.cat\/es\/turisme\"><b>Consell de Mallorca<\/b><\/a> <span style=\"font-weight: 400;\">aktuelle und detaillierte Informationen zu Ferienvermietungslizenzen und den geltenden Vorschriften zur Verf\u00fcgung. Um nichts zu verpassen, empfehlen wir Ihnen, die entsprechenden Websites zu besuchen und die Newsletter zu abonnieren, um die neuesten Nachrichten und Informationen zu erhalten.<\/span><\/p>\n<p><span style=\"font-weight: 400;\">Ziehen Sie \u00fcberdies die Beauftragung eines Anwalts oder eines Ferienvermietungsberaters in Betracht. Diese Fachleute k\u00f6nnen Sie bei der Beantragung und Verl\u00e4ngerung Ihrer Lizenz betreuen.<\/span><\/p>\n<p><span style=\"font-weight: 400;\">Sie k\u00f6nnen auch Netzwerken oder Gemeinschaften von Ferienhausbesitzern beitreten, um Erfahrungen auszutauschen, Ratschl\u00e4ge zu erhalten und auf dem Laufenden zu bleiben. Es gibt zahlreiche Online-Foren und Gruppen, in denen sich Eigent\u00fcmer austauschen und gegenseitige Unterst\u00fctzung anbieten.<\/span><\/p>\t\t\t\t\t\t\t\t<\/div>\n\t\t\t\t<\/div>\n\t\t\t\t\t<\/div>\n\t\t<\/div>\n\t\t\t\t\t<\/div>\n\t\t<\/section>\n\t\t\t\t<section class=\"elementor-section elementor-top-section elementor-element elementor-element-741e356 elementor-section-boxed elementor-section-height-default elementor-section-height-default\" data-id=\"741e356\" data-element_type=\"section\" data-e-type=\"section\">\n\t\t\t\t\t\t<div class=\"elementor-container elementor-column-gap-default\">\n\t\t\t\t\t<div class=\"elementor-column elementor-col-100 elementor-top-column elementor-element elementor-element-ac73581\" data-id=\"ac73581\" data-element_type=\"column\" data-e-type=\"column\">\n\t\t\t<div class=\"elementor-widget-wrap elementor-element-populated\">\n\t\t\t\t\t\t<div class=\"elementor-element elementor-element-1e02e4e elementor-widget elementor-widget-heading\" data-id=\"1e02e4e\" data-element_type=\"widget\" data-e-type=\"widget\" data-widget_type=\"heading.default\">\n\t\t\t\t<div class=\"elementor-widget-container\">\n\t\t\t\t\t<h2 class=\"elementor-heading-title elementor-size-default\">Ferienvermietung \u2013 wir helfen Ihnen gerne weiter\n<\/h2>\t\t\t\t<\/div>\n\t\t\t\t<\/div>\n\t\t\t\t<div class=\"elementor-element elementor-element-7df07e5 elementor-widget elementor-widget-text-editor\" data-id=\"7df07e5\" data-element_type=\"widget\" data-e-type=\"widget\" data-widget_type=\"text-editor.default\">\n\t\t\t\t<div class=\"elementor-widget-container\">\n\t\t\t\t\t\t\t\t\t<p><b>Die Verl\u00e4ngerung der Ferienlizenz auf Mallorca<\/b><span style=\"font-weight: 400;\"> ist eine wichtige Ma\u00dfnahme f\u00fcr alle Eigent\u00fcmer von Ferienimmobilien in der Region. Indem Sie die oben genannten Schritte befolgen und alle Vorschriften einhalten, k\u00f6nnen Sie legal vorgehen und Ihren G\u00e4sten einen sicheren und angenehmen Aufenthalt bieten. Wir von Ideal Property Mallorca stehen Ihnen bei den Formalit\u00e4ten gerne beratend zur Seite. Auf unserer <\/span><a href=\"https:\/\/www.idealpropertymallorca.com\/es\/\"><span style=\"font-weight: 400;\">Website<\/span><\/a><span style=\"font-weight: 400;\"> finden Sie Ressourcen und Expertenratschl\u00e4ge, die Sie durch den gesamten Prozess f\u00fchren.<\/span><\/p>\t\t\t\t\t\t\t\t<\/div>\n\t\t\t\t<\/div>\n\t\t\t\t\t<\/div>\n\t\t<\/div>\n\t\t\t\t\t<\/div>\n\t\t<\/section>\n\t\t\t\t<section class=\"elementor-section elementor-top-section elementor-element elementor-element-fa1c0a9 elementor-section-boxed elementor-section-height-default elementor-section-height-default\" data-id=\"fa1c0a9\" data-element_type=\"section\" data-e-type=\"section\">\n\t\t\t\t\t\t<div class=\"elementor-container elementor-column-gap-default\">\n\t\t\t\t\t<div class=\"elementor-column elementor-col-33 elementor-top-column elementor-element elementor-element-41b561ac\" data-id=\"41b561ac\" data-element_type=\"column\" data-e-type=\"column\">\n\t\t\t<div class=\"elementor-widget-wrap elementor-element-populated\">\n\t\t\t\t\t\t<div class=\"elementor-element elementor-element-7a547664 elementor-align-center elementor-widget elementor-widget-button\" data-id=\"7a547664\" data-element_type=\"widget\" data-e-type=\"widget\" data-widget_type=\"button.default\">\n\t\t\t\t<div class=\"elementor-widget-container\">\n\t\t\t\t\t\t\t\t\t<div class=\"elementor-button-wrapper\">\n\t\t\t\t\t<a class=\"elementor-button elementor-button-link elementor-size-sm\" href=\"https:\/\/www.idealpropertymallorca.com\/de\/vermietung\/vermietungen-mallorca-e21\/\">\n\t\t\t\t\t\t<span class=\"elementor-button-content-wrapper\">\n\t\t\t\t\t\t\t\t\t<span class=\"elementor-button-text\">Unterk\u00fcnfte in Mallorca<\/span>\n\t\t\t\t\t<\/span>\n\t\t\t\t\t<\/a>\n\t\t\t\t<\/div>\n\t\t\t\t\t\t\t\t<\/div>\n\t\t\t\t<\/div>\n\t\t\t\t\t<\/div>\n\t\t<\/div>\n\t\t\t\t<div class=\"elementor-column elementor-col-33 elementor-top-column elementor-element elementor-element-593794aa\" data-id=\"593794aa\" data-element_type=\"column\" data-e-type=\"column\">\n\t\t\t<div class=\"elementor-widget-wrap elementor-element-populated\">\n\t\t\t\t\t\t<div class=\"elementor-element elementor-element-1b9cd76e elementor-align-center elementor-widget elementor-widget-button\" data-id=\"1b9cd76e\" data-element_type=\"widget\" data-e-type=\"widget\" data-widget_type=\"button.default\">\n\t\t\t\t<div class=\"elementor-widget-container\">\n\t\t\t\t\t\t\t\t\t<div class=\"elementor-button-wrapper\">\n\t\t\t\t\t<a class=\"elementor-button elementor-button-link elementor-size-sm\" href=\"https:\/\/www.idealpropertymallorca.com\/de\/vermietung\/vermietungen-alcudia-d1098\/\">\n\t\t\t\t\t\t<span class=\"elementor-button-content-wrapper\">\n\t\t\t\t\t\t\t\t\t<span class=\"elementor-button-text\">Unterk\u00fcnfte in Alcudia<\/span>\n\t\t\t\t\t<\/span>\n\t\t\t\t\t<\/a>\n\t\t\t\t<\/div>\n\t\t\t\t\t\t\t\t<\/div>\n\t\t\t\t<\/div>\n\t\t\t\t\t<\/div>\n\t\t<\/div>\n\t\t\t\t<div class=\"elementor-column elementor-col-33 elementor-top-column elementor-element elementor-element-266b0198\" data-id=\"266b0198\" data-element_type=\"column\" data-e-type=\"column\">\n\t\t\t<div class=\"elementor-widget-wrap elementor-element-populated\">\n\t\t\t\t\t\t<div class=\"elementor-element elementor-element-44f5970a elementor-align-center elementor-widget elementor-widget-button\" data-id=\"44f5970a\" data-element_type=\"widget\" data-e-type=\"widget\" data-widget_type=\"button.default\">\n\t\t\t\t<div class=\"elementor-widget-container\">\n\t\t\t\t\t\t\t\t\t<div class=\"elementor-button-wrapper\">\n\t\t\t\t\t<a class=\"elementor-button elementor-button-link elementor-size-sm\" href=\"https:\/\/www.idealpropertymallorca.com\/de\/vermietung\/vermietungen-pollensa-d459611\/\">\n\t\t\t\t\t\t<span class=\"elementor-button-content-wrapper\">\n\t\t\t\t\t\t\t\t\t<span class=\"elementor-button-text\">Unterk\u00fcnfte in Pollensa<\/span>\n\t\t\t\t\t<\/span>\n\t\t\t\t\t<\/a>\n\t\t\t\t<\/div>\n\t\t\t\t\t\t\t\t<\/div>\n\t\t\t\t<\/div>\n\t\t\t\t\t<\/div>\n\t\t<\/div>\n\t\t\t\t\t<\/div>\n\t\t<\/section>\n\t\t\t\t<\/div>\n\t\t","protected":false},"excerpt":{"rendered":"<p>Mallorca hat sich zu einem der beliebtesten Reiseziele in Spanien entwickelt und zieht Besucher aus aller Welt an. Wenn Sie Eigent\u00fcmer eines zur Ferienvermietung vorgesehenen Hauses auf dieser wundersch\u00f6nen Insel sind, sollten Sie unbedingt wissen, dass Sie Ihre Ferienvermietungslizenz auf Mallorca verl\u00e4ngern m\u00fcssen. In diesem Artikel geben wir Ihnen eine detaillierte Anleitung dazu, wie Sie [&hellip;]<\/p>\n","protected":false},"author":3,"featured_media":4758,"comment_status":"open","ping_status":"open","sticky":false,"template":"","format":"standard","meta":{"footnotes":""},"categories":[237],"tags":[],"class_list":["post-4726","post","type-post","status-publish","format-standard","has-post-thumbnail","hentry","category-extra-de"],"yoast_head":"<!-- This site is optimized with the Yoast SEO plugin v27.4 - https:\/\/yoast.com\/product\/yoast-seo-wordpress\/ -->\n<title>Ferienvermietungslizenz auf Mallorca verl\u00e4ngern<\/title>\n<meta name=\"description\" content=\"Erfahren Sie die wichtigsten Schritte und holen Sie sich n\u00fctzliche Tipps zur Verl\u00e4ngerung Ihrer Ferienvermietungslizenz auf Mallorca.\" \/>\n<meta name=\"robots\" content=\"index, follow, max-snippet:-1, max-image-preview:large, max-video-preview:-1\" \/>\n<link rel=\"canonical\" href=\"https:\/\/www.idealpropertymallorca.com\/blog\/de\/ferienvermietungslizenz-auf-mallorca-verlaengern\/\" \/>\n<meta property=\"og:locale\" content=\"de_DE\" \/>\n<meta property=\"og:type\" content=\"article\" \/>\n<meta property=\"og:title\" content=\"Ferienvermietungslizenz auf Mallorca verl\u00e4ngern\" \/>\n<meta property=\"og:description\" content=\"Erfahren Sie die wichtigsten Schritte und holen Sie sich n\u00fctzliche Tipps zur Verl\u00e4ngerung Ihrer Ferienvermietungslizenz auf Mallorca.\" \/>\n<meta property=\"og:url\" content=\"https:\/\/www.idealpropertymallorca.com\/blog\/de\/ferienvermietungslizenz-auf-mallorca-verlaengern\/\" \/>\n<meta property=\"og:site_name\" content=\"Blog von Mallorca\" \/>\n<meta property=\"article:published_time\" content=\"2023-11-22T16:31:17+00:00\" \/>\n<meta property=\"article:modified_time\" content=\"2025-03-07T12:39:30+00:00\" \/>\n<meta property=\"og:image\" content=\"https:\/\/www.idealpropertymallorca.com\/blog\/wp-content\/uploads\/2023\/11\/ETVMALLORCA.jpg\" \/>\n\t<meta property=\"og:image:width\" content=\"2119\" \/>\n\t<meta property=\"og:image:height\" content=\"1414\" \/>\n\t<meta property=\"og:image:type\" content=\"image\/jpeg\" \/>\n<meta name=\"author\" content=\"digitalservices\" \/>\n<meta name=\"twitter:card\" content=\"summary_large_image\" \/>\n<meta name=\"twitter:label1\" content=\"Written by\" \/>\n\t<meta name=\"twitter:data1\" content=\"digitalservices\" \/>\n\t<meta name=\"twitter:label2\" content=\"Est. reading time\" \/>\n\t<meta name=\"twitter:data2\" content=\"5 minutes\" \/>\n<script type=\"application\/ld+json\" class=\"yoast-schema-graph\">{\"@context\":\"https:\\\/\\\/schema.org\",\"@graph\":[{\"@type\":\"Article\",\"@id\":\"https:\\\/\\\/www.idealpropertymallorca.com\\\/blog\\\/de\\\/ferienvermietungslizenz-auf-mallorca-verlaengern\\\/#article\",\"isPartOf\":{\"@id\":\"https:\\\/\\\/www.idealpropertymallorca.com\\\/blog\\\/de\\\/ferienvermietungslizenz-auf-mallorca-verlaengern\\\/\"},\"author\":{\"name\":\"digitalservices\",\"@id\":\"https:\\\/\\\/www.idealpropertymallorca.com\\\/blog\\\/de\\\/#\\\/schema\\\/person\\\/8afda339a8de0d6db90fffb895f38917\"},\"headline\":\"Vollst\u00e4ndiger Leitfaden zur Verl\u00e4ngerung Ihrer Ferienvermietungslizenz auf Mallorca: alles Wissenswerte\",\"datePublished\":\"2023-11-22T16:31:17+00:00\",\"dateModified\":\"2025-03-07T12:39:30+00:00\",\"mainEntityOfPage\":{\"@id\":\"https:\\\/\\\/www.idealpropertymallorca.com\\\/blog\\\/de\\\/ferienvermietungslizenz-auf-mallorca-verlaengern\\\/\"},\"wordCount\":843,\"commentCount\":0,\"publisher\":{\"@id\":\"https:\\\/\\\/www.idealpropertymallorca.com\\\/blog\\\/de\\\/#organization\"},\"image\":{\"@id\":\"https:\\\/\\\/www.idealpropertymallorca.com\\\/blog\\\/de\\\/ferienvermietungslizenz-auf-mallorca-verlaengern\\\/#primaryimage\"},\"thumbnailUrl\":\"https:\\\/\\\/www.idealpropertymallorca.com\\\/blog\\\/wp-content\\\/uploads\\\/2023\\\/11\\\/ETVMALLORCA.jpg\",\"articleSection\":[\"Extra\"],\"inLanguage\":\"de\",\"potentialAction\":[{\"@type\":\"CommentAction\",\"name\":\"Comment\",\"target\":[\"https:\\\/\\\/www.idealpropertymallorca.com\\\/blog\\\/de\\\/ferienvermietungslizenz-auf-mallorca-verlaengern\\\/#respond\"]}]},{\"@type\":\"WebPage\",\"@id\":\"https:\\\/\\\/www.idealpropertymallorca.com\\\/blog\\\/de\\\/ferienvermietungslizenz-auf-mallorca-verlaengern\\\/\",\"url\":\"https:\\\/\\\/www.idealpropertymallorca.com\\\/blog\\\/de\\\/ferienvermietungslizenz-auf-mallorca-verlaengern\\\/\",\"name\":\"Ferienvermietungslizenz auf Mallorca verl\u00e4ngern\",\"isPartOf\":{\"@id\":\"https:\\\/\\\/www.idealpropertymallorca.com\\\/blog\\\/de\\\/#website\"},\"primaryImageOfPage\":{\"@id\":\"https:\\\/\\\/www.idealpropertymallorca.com\\\/blog\\\/de\\\/ferienvermietungslizenz-auf-mallorca-verlaengern\\\/#primaryimage\"},\"image\":{\"@id\":\"https:\\\/\\\/www.idealpropertymallorca.com\\\/blog\\\/de\\\/ferienvermietungslizenz-auf-mallorca-verlaengern\\\/#primaryimage\"},\"thumbnailUrl\":\"https:\\\/\\\/www.idealpropertymallorca.com\\\/blog\\\/wp-content\\\/uploads\\\/2023\\\/11\\\/ETVMALLORCA.jpg\",\"datePublished\":\"2023-11-22T16:31:17+00:00\",\"dateModified\":\"2025-03-07T12:39:30+00:00\",\"description\":\"Erfahren Sie die wichtigsten Schritte und holen Sie sich n\u00fctzliche Tipps zur Verl\u00e4ngerung Ihrer Ferienvermietungslizenz auf Mallorca.\",\"inLanguage\":\"de\",\"potentialAction\":[{\"@type\":\"ReadAction\",\"target\":[\"https:\\\/\\\/www.idealpropertymallorca.com\\\/blog\\\/de\\\/ferienvermietungslizenz-auf-mallorca-verlaengern\\\/\"]}]},{\"@type\":\"ImageObject\",\"inLanguage\":\"de\",\"@id\":\"https:\\\/\\\/www.idealpropertymallorca.com\\\/blog\\\/de\\\/ferienvermietungslizenz-auf-mallorca-verlaengern\\\/#primaryimage\",\"url\":\"https:\\\/\\\/www.idealpropertymallorca.com\\\/blog\\\/wp-content\\\/uploads\\\/2023\\\/11\\\/ETVMALLORCA.jpg\",\"contentUrl\":\"https:\\\/\\\/www.idealpropertymallorca.com\\\/blog\\\/wp-content\\\/uploads\\\/2023\\\/11\\\/ETVMALLORCA.jpg\",\"width\":2119,\"height\":1414,\"caption\":\"consell de mallorca\"},{\"@type\":\"WebSite\",\"@id\":\"https:\\\/\\\/www.idealpropertymallorca.com\\\/blog\\\/de\\\/#website\",\"url\":\"https:\\\/\\\/www.idealpropertymallorca.com\\\/blog\\\/de\\\/\",\"name\":\"Blog von Mallorca\",\"description\":\"Finden Sie touristische Informationen dar\u00fcber, was zu sehen und zu tun auf der Insel Mallorca w\u00e4hrend der Ferien. Entdecken Sie die besten Orte!\",\"publisher\":{\"@id\":\"https:\\\/\\\/www.idealpropertymallorca.com\\\/blog\\\/de\\\/#organization\"},\"potentialAction\":[{\"@type\":\"SearchAction\",\"target\":{\"@type\":\"EntryPoint\",\"urlTemplate\":\"https:\\\/\\\/www.idealpropertymallorca.com\\\/blog\\\/de\\\/?s={search_term_string}\"},\"query-input\":{\"@type\":\"PropertyValueSpecification\",\"valueRequired\":true,\"valueName\":\"search_term_string\"}}],\"inLanguage\":\"de\"},{\"@type\":\"Organization\",\"@id\":\"https:\\\/\\\/www.idealpropertymallorca.com\\\/blog\\\/de\\\/#organization\",\"name\":\"Blog von Mallorca\",\"url\":\"https:\\\/\\\/www.idealpropertymallorca.com\\\/blog\\\/de\\\/\",\"logo\":{\"@type\":\"ImageObject\",\"inLanguage\":\"de\",\"@id\":\"https:\\\/\\\/www.idealpropertymallorca.com\\\/blog\\\/de\\\/#\\\/schema\\\/logo\\\/image\\\/\",\"url\":\"https:\\\/\\\/www.idealpropertymallorca.com\\\/blog\\\/wp-content\\\/uploads\\\/2024\\\/10\\\/ideal-property-mallorca-blue-mobile.png\",\"contentUrl\":\"https:\\\/\\\/www.idealpropertymallorca.com\\\/blog\\\/wp-content\\\/uploads\\\/2024\\\/10\\\/ideal-property-mallorca-blue-mobile.png\",\"width\":500,\"height\":150,\"caption\":\"Blog von Mallorca\"},\"image\":{\"@id\":\"https:\\\/\\\/www.idealpropertymallorca.com\\\/blog\\\/de\\\/#\\\/schema\\\/logo\\\/image\\\/\"}},{\"@type\":\"Person\",\"@id\":\"https:\\\/\\\/www.idealpropertymallorca.com\\\/blog\\\/de\\\/#\\\/schema\\\/person\\\/8afda339a8de0d6db90fffb895f38917\",\"name\":\"digitalservices\",\"image\":{\"@type\":\"ImageObject\",\"inLanguage\":\"de\",\"@id\":\"https:\\\/\\\/secure.gravatar.com\\\/avatar\\\/af30f88a1904294c1f3eb09a9d7903eec4ffa18fa2cf40c28a8681014ecdfc20?s=96&d=mm&r=g\",\"url\":\"https:\\\/\\\/secure.gravatar.com\\\/avatar\\\/af30f88a1904294c1f3eb09a9d7903eec4ffa18fa2cf40c28a8681014ecdfc20?s=96&d=mm&r=g\",\"contentUrl\":\"https:\\\/\\\/secure.gravatar.com\\\/avatar\\\/af30f88a1904294c1f3eb09a9d7903eec4ffa18fa2cf40c28a8681014ecdfc20?s=96&d=mm&r=g\",\"caption\":\"digitalservices\"}}]}<\/script>\n<!-- \/ Yoast SEO plugin. -->","yoast_head_json":{"title":"Ferienvermietungslizenz auf Mallorca verl\u00e4ngern","description":"Erfahren Sie die wichtigsten Schritte und holen Sie sich n\u00fctzliche Tipps zur Verl\u00e4ngerung Ihrer Ferienvermietungslizenz auf Mallorca.","robots":{"index":"index","follow":"follow","max-snippet":"max-snippet:-1","max-image-preview":"max-image-preview:large","max-video-preview":"max-video-preview:-1"},"canonical":"https:\/\/www.idealpropertymallorca.com\/blog\/de\/ferienvermietungslizenz-auf-mallorca-verlaengern\/","og_locale":"de_DE","og_type":"article","og_title":"Ferienvermietungslizenz auf Mallorca verl\u00e4ngern","og_description":"Erfahren Sie die wichtigsten Schritte und holen Sie sich n\u00fctzliche Tipps zur Verl\u00e4ngerung Ihrer Ferienvermietungslizenz auf Mallorca.","og_url":"https:\/\/www.idealpropertymallorca.com\/blog\/de\/ferienvermietungslizenz-auf-mallorca-verlaengern\/","og_site_name":"Blog von Mallorca","article_published_time":"2023-11-22T16:31:17+00:00","article_modified_time":"2025-03-07T12:39:30+00:00","og_image":[{"width":2119,"height":1414,"url":"https:\/\/www.idealpropertymallorca.com\/blog\/wp-content\/uploads\/2023\/11\/ETVMALLORCA.jpg","type":"image\/jpeg"}],"author":"digitalservices","twitter_card":"summary_large_image","twitter_misc":{"Written by":"digitalservices","Est. reading time":"5 minutes"},"schema":{"@context":"https:\/\/schema.org","@graph":[{"@type":"Article","@id":"https:\/\/www.idealpropertymallorca.com\/blog\/de\/ferienvermietungslizenz-auf-mallorca-verlaengern\/#article","isPartOf":{"@id":"https:\/\/www.idealpropertymallorca.com\/blog\/de\/ferienvermietungslizenz-auf-mallorca-verlaengern\/"},"author":{"name":"digitalservices","@id":"https:\/\/www.idealpropertymallorca.com\/blog\/de\/#\/schema\/person\/8afda339a8de0d6db90fffb895f38917"},"headline":"Vollst\u00e4ndiger Leitfaden zur Verl\u00e4ngerung Ihrer Ferienvermietungslizenz auf Mallorca: alles Wissenswerte","datePublished":"2023-11-22T16:31:17+00:00","dateModified":"2025-03-07T12:39:30+00:00","mainEntityOfPage":{"@id":"https:\/\/www.idealpropertymallorca.com\/blog\/de\/ferienvermietungslizenz-auf-mallorca-verlaengern\/"},"wordCount":843,"commentCount":0,"publisher":{"@id":"https:\/\/www.idealpropertymallorca.com\/blog\/de\/#organization"},"image":{"@id":"https:\/\/www.idealpropertymallorca.com\/blog\/de\/ferienvermietungslizenz-auf-mallorca-verlaengern\/#primaryimage"},"thumbnailUrl":"https:\/\/www.idealpropertymallorca.com\/blog\/wp-content\/uploads\/2023\/11\/ETVMALLORCA.jpg","articleSection":["Extra"],"inLanguage":"de","potentialAction":[{"@type":"CommentAction","name":"Comment","target":["https:\/\/www.idealpropertymallorca.com\/blog\/de\/ferienvermietungslizenz-auf-mallorca-verlaengern\/#respond"]}]},{"@type":"WebPage","@id":"https:\/\/www.idealpropertymallorca.com\/blog\/de\/ferienvermietungslizenz-auf-mallorca-verlaengern\/","url":"https:\/\/www.idealpropertymallorca.com\/blog\/de\/ferienvermietungslizenz-auf-mallorca-verlaengern\/","name":"Ferienvermietungslizenz auf Mallorca verl\u00e4ngern","isPartOf":{"@id":"https:\/\/www.idealpropertymallorca.com\/blog\/de\/#website"},"primaryImageOfPage":{"@id":"https:\/\/www.idealpropertymallorca.com\/blog\/de\/ferienvermietungslizenz-auf-mallorca-verlaengern\/#primaryimage"},"image":{"@id":"https:\/\/www.idealpropertymallorca.com\/blog\/de\/ferienvermietungslizenz-auf-mallorca-verlaengern\/#primaryimage"},"thumbnailUrl":"https:\/\/www.idealpropertymallorca.com\/blog\/wp-content\/uploads\/2023\/11\/ETVMALLORCA.jpg","datePublished":"2023-11-22T16:31:17+00:00","dateModified":"2025-03-07T12:39:30+00:00","description":"Erfahren Sie die wichtigsten Schritte und holen Sie sich n\u00fctzliche Tipps zur Verl\u00e4ngerung Ihrer Ferienvermietungslizenz auf Mallorca.","inLanguage":"de","potentialAction":[{"@type":"ReadAction","target":["https:\/\/www.idealpropertymallorca.com\/blog\/de\/ferienvermietungslizenz-auf-mallorca-verlaengern\/"]}]},{"@type":"ImageObject","inLanguage":"de","@id":"https:\/\/www.idealpropertymallorca.com\/blog\/de\/ferienvermietungslizenz-auf-mallorca-verlaengern\/#primaryimage","url":"https:\/\/www.idealpropertymallorca.com\/blog\/wp-content\/uploads\/2023\/11\/ETVMALLORCA.jpg","contentUrl":"https:\/\/www.idealpropertymallorca.com\/blog\/wp-content\/uploads\/2023\/11\/ETVMALLORCA.jpg","width":2119,"height":1414,"caption":"consell de mallorca"},{"@type":"WebSite","@id":"https:\/\/www.idealpropertymallorca.com\/blog\/de\/#website","url":"https:\/\/www.idealpropertymallorca.com\/blog\/de\/","name":"Blog von Mallorca","description":"Finden Sie touristische Informationen dar\u00fcber, was zu sehen und zu tun auf der Insel Mallorca w\u00e4hrend der Ferien. Entdecken Sie die besten Orte!","publisher":{"@id":"https:\/\/www.idealpropertymallorca.com\/blog\/de\/#organization"},"potentialAction":[{"@type":"SearchAction","target":{"@type":"EntryPoint","urlTemplate":"https:\/\/www.idealpropertymallorca.com\/blog\/de\/?s={search_term_string}"},"query-input":{"@type":"PropertyValueSpecification","valueRequired":true,"valueName":"search_term_string"}}],"inLanguage":"de"},{"@type":"Organization","@id":"https:\/\/www.idealpropertymallorca.com\/blog\/de\/#organization","name":"Blog von Mallorca","url":"https:\/\/www.idealpropertymallorca.com\/blog\/de\/","logo":{"@type":"ImageObject","inLanguage":"de","@id":"https:\/\/www.idealpropertymallorca.com\/blog\/de\/#\/schema\/logo\/image\/","url":"https:\/\/www.idealpropertymallorca.com\/blog\/wp-content\/uploads\/2024\/10\/ideal-property-mallorca-blue-mobile.png","contentUrl":"https:\/\/www.idealpropertymallorca.com\/blog\/wp-content\/uploads\/2024\/10\/ideal-property-mallorca-blue-mobile.png","width":500,"height":150,"caption":"Blog von Mallorca"},"image":{"@id":"https:\/\/www.idealpropertymallorca.com\/blog\/de\/#\/schema\/logo\/image\/"}},{"@type":"Person","@id":"https:\/\/www.idealpropertymallorca.com\/blog\/de\/#\/schema\/person\/8afda339a8de0d6db90fffb895f38917","name":"digitalservices","image":{"@type":"ImageObject","inLanguage":"de","@id":"https:\/\/secure.gravatar.com\/avatar\/af30f88a1904294c1f3eb09a9d7903eec4ffa18fa2cf40c28a8681014ecdfc20?s=96&d=mm&r=g","url":"https:\/\/secure.gravatar.com\/avatar\/af30f88a1904294c1f3eb09a9d7903eec4ffa18fa2cf40c28a8681014ecdfc20?s=96&d=mm&r=g","contentUrl":"https:\/\/secure.gravatar.com\/avatar\/af30f88a1904294c1f3eb09a9d7903eec4ffa18fa2cf40c28a8681014ecdfc20?s=96&d=mm&r=g","caption":"digitalservices"}}]}},"_links":{"self":[{"href":"https:\/\/www.idealpropertymallorca.com\/blog\/de\/wp-json\/wp\/v2\/posts\/4726","targetHints":{"allow":["GET"]}}],"collection":[{"href":"https:\/\/www.idealpropertymallorca.com\/blog\/de\/wp-json\/wp\/v2\/posts"}],"about":[{"href":"https:\/\/www.idealpropertymallorca.com\/blog\/de\/wp-json\/wp\/v2\/types\/post"}],"author":[{"embeddable":true,"href":"https:\/\/www.idealpropertymallorca.com\/blog\/de\/wp-json\/wp\/v2\/users\/3"}],"replies":[{"embeddable":true,"href":"https:\/\/www.idealpropertymallorca.com\/blog\/de\/wp-json\/wp\/v2\/comments?post=4726"}],"version-history":[{"count":7,"href":"https:\/\/www.idealpropertymallorca.com\/blog\/de\/wp-json\/wp\/v2\/posts\/4726\/revisions"}],"predecessor-version":[{"id":7709,"href":"https:\/\/www.idealpropertymallorca.com\/blog\/de\/wp-json\/wp\/v2\/posts\/4726\/revisions\/7709"}],"wp:featuredmedia":[{"embeddable":true,"href":"https:\/\/www.idealpropertymallorca.com\/blog\/de\/wp-json\/wp\/v2\/media\/4758"}],"wp:attachment":[{"href":"https:\/\/www.idealpropertymallorca.com\/blog\/de\/wp-json\/wp\/v2\/media?parent=4726"}],"wp:term":[{"taxonomy":"category","embeddable":true,"href":"https:\/\/www.idealpropertymallorca.com\/blog\/de\/wp-json\/wp\/v2\/categories?post=4726"},{"taxonomy":"post_tag","embeddable":true,"href":"https:\/\/www.idealpropertymallorca.com\/blog\/de\/wp-json\/wp\/v2\/tags?post=4726"}],"curies":[{"name":"wp","href":"https:\/\/api.w.org\/{rel}","templated":true}]}}