{"id":23892,"date":"2026-04-28T08:13:21","date_gmt":"2026-04-28T08:13:21","guid":{"rendered":"https:\/\/www.idealpropertymallorca.com\/blog\/sa-pedruscada\/"},"modified":"2026-04-28T08:13:29","modified_gmt":"2026-04-28T08:13:29","slug":"sa-pedruscada","status":"publish","type":"post","link":"https:\/\/www.idealpropertymallorca.com\/blog\/de\/sa-pedruscada\/","title":{"rendered":"Sa Pedruscada: die Bucht Mallorcas, die nur wenige kennen"},"content":{"rendered":"\t\t<div data-elementor-type=\"wp-post\" data-elementor-id=\"23892\" class=\"elementor elementor-23892 elementor-23828\" data-elementor-post-type=\"post\">\n\t\t\t\t\t\t<section class=\"elementor-section elementor-top-section elementor-element elementor-element-3410ccc8 elementor-section-boxed elementor-section-height-default elementor-section-height-default\" data-id=\"3410ccc8\" data-element_type=\"section\" data-e-type=\"section\">\n\t\t\t\t\t\t<div class=\"elementor-container elementor-column-gap-default\">\n\t\t\t\t\t<div class=\"elementor-column elementor-col-100 elementor-top-column elementor-element elementor-element-3784cb46\" data-id=\"3784cb46\" data-element_type=\"column\" data-e-type=\"column\">\n\t\t\t<div class=\"elementor-widget-wrap elementor-element-populated\">\n\t\t\t\t\t\t<div class=\"elementor-element elementor-element-2ed8b696 elementor-widget elementor-widget-text-editor\" data-id=\"2ed8b696\" data-element_type=\"widget\" data-e-type=\"widget\" data-widget_type=\"text-editor.default\">\n\t\t\t\t<div class=\"elementor-widget-container\">\n\t\t\t\t\t\t\t\t\t<p style=\"font-weight: 400;\">Sa Pedruscada in Capdepera ist eine dieser Buchten, die Sie entweder kennen, weil Sie aus der Gegend stammen, oder die Sie wahrscheinlich \u00fcbersehen. <strong>Sie erscheint normalerweise nicht in touristischen <em>Spots<\/em>, Nachrichten, Titelseiten oder in herk\u00f6mmlichen Reisef\u00fchrern<\/strong>, aber wir werden Ihnen so viele Dinge \u00fcber sie erz\u00e4hlen, dass wir sicher sind, Sie davon \u00fcberzeugen zu k\u00f6nnen, sie zu besuchen und nat\u00fcrlich eine angenehme \u00dcberraschung zu erleben!<\/p>\t\t\t\t\t\t\t\t<\/div>\n\t\t\t\t<\/div>\n\t\t\t\t\t<\/div>\n\t\t<\/div>\n\t\t\t\t\t<\/div>\n\t\t<\/section>\n\t\t\t\t<section class=\"elementor-section elementor-top-section elementor-element elementor-element-45ca702f elementor-section-boxed elementor-section-height-default elementor-section-height-default\" data-id=\"45ca702f\" data-element_type=\"section\" data-e-type=\"section\">\n\t\t\t\t\t\t<div class=\"elementor-container elementor-column-gap-default\">\n\t\t\t\t\t<div class=\"elementor-column elementor-col-100 elementor-top-column elementor-element elementor-element-7118918c\" data-id=\"7118918c\" data-element_type=\"column\" data-e-type=\"column\">\n\t\t\t<div class=\"elementor-widget-wrap elementor-element-populated\">\n\t\t\t\t\t\t<div class=\"elementor-element elementor-element-41343567 elementor-widget elementor-widget-table-of-contents\" data-id=\"41343567\" data-element_type=\"widget\" data-e-type=\"widget\" data-settings=\"{&quot;headings_by_tags&quot;:[&quot;h2&quot;],&quot;exclude_headings_by_selector&quot;:[],&quot;marker_view&quot;:&quot;bullets&quot;,&quot;icon&quot;:{&quot;value&quot;:&quot;&quot;,&quot;library&quot;:&quot;&quot;},&quot;no_headings_message&quot;:&quot;No headings were found on this page.&quot;,&quot;hierarchical_view&quot;:&quot;yes&quot;,&quot;min_height&quot;:{&quot;unit&quot;:&quot;px&quot;,&quot;size&quot;:&quot;&quot;,&quot;sizes&quot;:[]},&quot;min_height_tablet&quot;:{&quot;unit&quot;:&quot;px&quot;,&quot;size&quot;:&quot;&quot;,&quot;sizes&quot;:[]},&quot;min_height_mobile&quot;:{&quot;unit&quot;:&quot;px&quot;,&quot;size&quot;:&quot;&quot;,&quot;sizes&quot;:[]}}\" data-widget_type=\"table-of-contents.default\">\n\t\t\t\t<div class=\"elementor-widget-container\">\n\t\t\t\t\t\t\t\t\t<div class=\"elementor-toc__header\">\n\t\t\t\t\t\t<div class=\"elementor-toc__header-title\">\n\t\t\t\tINHALTSVERZEICHNIS\t\t\t<\/div>\n\t\t\t\t\t\t\t\t<\/div>\n\t\t\t\t<div id=\"elementor-toc__41343567\" class=\"elementor-toc__body\">\n\t\t\t<div class=\"elementor-toc__spinner-container\">\n\t\t\t\t<i class=\"elementor-toc__spinner eicon-animation-spin eicon-loading\" aria-hidden=\"true\"><\/i>\t\t\t<\/div>\n\t\t<\/div>\n\t\t\t\t\t\t<\/div>\n\t\t\t\t<\/div>\n\t\t\t\t\t<\/div>\n\t\t<\/div>\n\t\t\t\t\t<\/div>\n\t\t<\/section>\n\t\t\t\t<section class=\"elementor-section elementor-top-section elementor-element elementor-element-31065618 elementor-section-boxed elementor-section-height-default elementor-section-height-default\" data-id=\"31065618\" data-element_type=\"section\" data-e-type=\"section\">\n\t\t\t\t\t\t<div class=\"elementor-container elementor-column-gap-default\">\n\t\t\t\t\t<div class=\"elementor-column elementor-col-100 elementor-top-column elementor-element elementor-element-5f7b677b\" data-id=\"5f7b677b\" data-element_type=\"column\" data-e-type=\"column\">\n\t\t\t<div class=\"elementor-widget-wrap elementor-element-populated\">\n\t\t\t\t\t\t<div class=\"elementor-element elementor-element-4a91e085 elementor-widget elementor-widget-heading\" data-id=\"4a91e085\" data-element_type=\"widget\" data-e-type=\"widget\" data-widget_type=\"heading.default\">\n\t\t\t\t<div class=\"elementor-widget-container\">\n\t\t\t\t\t<h2 class=\"elementor-heading-title elementor-size-default\">Lage und Anreise nach Sa Pedruscada von Capdepera aus<\/h2>\t\t\t\t<\/div>\n\t\t\t\t<\/div>\n\t\t\t\t<div class=\"elementor-element elementor-element-352903b elementor-widget elementor-widget-text-editor\" data-id=\"352903b\" data-element_type=\"widget\" data-e-type=\"widget\" data-widget_type=\"text-editor.default\">\n\t\t\t\t<div class=\"elementor-widget-container\">\n\t\t\t\t\t\t\t\t\t<p style=\"font-weight: 400;\">Cala Sa Pedruscada liegt in der Gemeinde Capdepera \u2013 im Nordosten Mallorcas \u2013 nur zwei Kilometer von <a href=\"https:\/\/www.idealpropertymallorca.com\/blog\/de\/jetski-fahren-auf-mallorca\/cala-ratjada-2\/\">Cala Ratjada<\/a> entfernt, einem touristischen Zentrum, das bei Reisenden viel bekannter und frequentierter ist als das eigentliche Zentrum von Capdepera.<\/p><p style=\"font-weight: 400;\">Der Strand selbst ist ein <strong>kleiner und ruhiger Ort<\/strong>, der nicht schwer zu erreichen ist. Wenn Sie mit dem Auto von Capdepera kommen, <strong>folgen Sie den Schildern zur Urbanisation Son Moll<\/strong> und dann nach Sa Pedruscada; Sie k\u00f6nnen in den umliegenden Stra\u00dfen parken. <\/p><p style=\"font-weight: 400;\">Eine weitere M\u00f6glichkeit ist, in Son Moll oder im Zentrum von Cala Ratjada zu parken und zu Fu\u00df zu gehen. Tats\u00e4chlich ist <strong>das Gehen eine der besten Optionen, um die Umgebung kennenzulernen<\/strong>. Vom Strand Son Moll nach S\u00fcden ist Sa Pedruscada etwa 600 bis 700 Meter zu Fu\u00df entfernt und von Cala Ratjada weniger als 2 km.  <\/p><p style=\"font-weight: 400;\">Bevorzugen Sie \u00f6ffentliche Verkehrsmittel? Die <strong>Bushaltestelle<\/strong> befindet sich direkt am Strand und wird von der <strong>Linie 423<\/strong> bedient, die von Sa Font de Sa Cala nach Cala Ratjada und zur\u00fcck f\u00e4hrt. <\/p>\t\t\t\t\t\t\t\t<\/div>\n\t\t\t\t<\/div>\n\t\t\t\t<div class=\"elementor-element elementor-element-74899b5 elementor-widget elementor-widget-google_maps\" data-id=\"74899b5\" data-element_type=\"widget\" data-e-type=\"widget\" data-widget_type=\"google_maps.default\">\n\t\t\t\t<div class=\"elementor-widget-container\">\n\t\t\t\t\t\t\t<div class=\"elementor-custom-embed\">\n\t\t\t<iframe loading=\"lazy\"\n\t\t\t\t\tsrc=\"https:\/\/maps.google.com\/maps?q=sa%20pedruscada&#038;t=m&#038;z=12&#038;output=embed&#038;iwloc=near\"\n\t\t\t\t\ttitle=\"sa pedruscada\"\n\t\t\t\t\taria-label=\"sa pedruscada\"\n\t\t\t><\/iframe>\n\t\t<\/div>\n\t\t\t\t\t\t<\/div>\n\t\t\t\t<\/div>\n\t\t\t\t\t<\/div>\n\t\t<\/div>\n\t\t\t\t\t<\/div>\n\t\t<\/section>\n\t\t\t\t<section class=\"elementor-section elementor-top-section elementor-element elementor-element-231a5a7 elementor-section-boxed elementor-section-height-default elementor-section-height-default\" data-id=\"231a5a7\" data-element_type=\"section\" data-e-type=\"section\">\n\t\t\t\t\t\t<div class=\"elementor-container elementor-column-gap-default\">\n\t\t\t\t\t<div class=\"elementor-column elementor-col-100 elementor-top-column elementor-element elementor-element-a940a10\" data-id=\"a940a10\" data-element_type=\"column\" data-e-type=\"column\">\n\t\t\t<div class=\"elementor-widget-wrap elementor-element-populated\">\n\t\t\t\t\t\t<div class=\"elementor-element elementor-element-c062a78 elementor-widget elementor-widget-heading\" data-id=\"c062a78\" data-element_type=\"widget\" data-e-type=\"widget\" data-widget_type=\"heading.default\">\n\t\t\t\t<div class=\"elementor-widget-container\">\n\t\t\t\t\t<h2 class=\"elementor-heading-title elementor-size-default\">Merkmale von Sa Pedruscada: Sand, Wasser und Meeresboden<\/h2>\t\t\t\t<\/div>\n\t\t\t\t<\/div>\n\t\t\t\t<div class=\"elementor-element elementor-element-9e5b434 elementor-widget elementor-widget-text-editor\" data-id=\"9e5b434\" data-element_type=\"widget\" data-e-type=\"widget\" data-widget_type=\"text-editor.default\">\n\t\t\t\t<div class=\"elementor-widget-container\">\n\t\t\t\t\t\t\t\t\t<p style=\"font-weight: 400;\">Wir werden Sie nicht anl\u00fcgen \u2026 Sa Pedruscada ist klein. <strong>Sie hat eine dreieckige Form und ist etwa 20 Meter lang.<\/strong><\/p><p style=\"font-weight: 400;\">Fragen Sie sich nicht, warum sie so hei\u00dft? <strong>Sie verdankt ihren Namen den Steinen und Kieseln, die diesen Teil der K\u00fcste bilden<\/strong>, wie k\u00f6nnte es anders sein. Und etwas, das in ihrer Bezeichnung nicht enthalten ist, ist das Wasser, das sauber und kristallklar mit felsigem Untergrund ist. Erwarten Sie keine gro\u00dfen Tiefen, aber viel Meeresleben zwischen den Felsen.  <\/p>\t\t\t\t\t\t\t\t<\/div>\n\t\t\t\t<\/div>\n\t\t\t\t\t<\/div>\n\t\t<\/div>\n\t\t\t\t\t<\/div>\n\t\t<\/section>\n\t\t\t\t<section class=\"elementor-section elementor-top-section elementor-element elementor-element-06155d4 elementor-section-boxed elementor-section-height-default elementor-section-height-default\" data-id=\"06155d4\" data-element_type=\"section\" data-e-type=\"section\">\n\t\t\t\t\t\t<div class=\"elementor-container elementor-column-gap-default\">\n\t\t\t\t\t<div class=\"elementor-column elementor-col-100 elementor-top-column elementor-element elementor-element-838f726\" data-id=\"838f726\" data-element_type=\"column\" data-e-type=\"column\">\n\t\t\t<div class=\"elementor-widget-wrap elementor-element-populated\">\n\t\t\t\t\t\t<div class=\"elementor-element elementor-element-e5d308e elementor-widget elementor-widget-heading\" data-id=\"e5d308e\" data-element_type=\"widget\" data-e-type=\"widget\" data-widget_type=\"heading.default\">\n\t\t\t\t<div class=\"elementor-widget-container\">\n\t\t\t\t\t<h2 class=\"elementor-heading-title elementor-size-default\">Was macht Cala Sa Pedruscada besonders? <\/h2>\t\t\t\t<\/div>\n\t\t\t\t<\/div>\n\t\t\t\t<div class=\"elementor-element elementor-element-322a32f elementor-widget elementor-widget-text-editor\" data-id=\"322a32f\" data-element_type=\"widget\" data-e-type=\"widget\" data-widget_type=\"text-editor.default\">\n\t\t\t\t<div class=\"elementor-widget-container\">\n\t\t\t\t\t\t\t\t\t<p style=\"font-weight: 400;\">Was Sa Pedruscada einzigartig macht, sind die <strong>alten Fischerh\u00e4user, die kleinen Boote, die sie umgeben, die nat\u00fcrlichen Felspools und die geringe Besucherzahl<\/strong>. Die erste Strandlinie besteht aus alten Erdgeschossen und einem kleinen Pier am rechten Rand, der manchmal als Anlegestelle dient. <\/p><p style=\"font-weight: 400;\">Und wenn Sie nicht zum Sonnenbaden hierherkommen m\u00f6chten, kommen Sie am Morgen \u2013 ganz fr\u00fch \u2013 und bewundern Sie die Umgebung, oder am sp\u00e4ten Nachmittag und <strong>genie\u00dfen Sie es, zuzusehen, wie die Sonne untergeht und die Steine und das Meer in immer w\u00e4rmere T\u00f6ne taucht<\/strong>.<\/p>\t\t\t\t\t\t\t\t<\/div>\n\t\t\t\t<\/div>\n\t\t\t\t<div class=\"elementor-element elementor-element-01dab87 elementor-widget elementor-widget-image\" data-id=\"01dab87\" data-element_type=\"widget\" data-e-type=\"widget\" data-widget_type=\"image.default\">\n\t\t\t\t<div class=\"elementor-widget-container\">\n\t\t\t\t\t\t\t\t\t\t\t\t\t\t\t<img decoding=\"async\" src=\"https:\/\/www.idealpropertymallorca.com\/blog\/wp-content\/uploads\/elementor\/thumbs\/Sa-Pedruscada-rmfny881jt133hslg55m2szppi0y56who80qfpvuy8.webp\" title=\"Sa-Pedruscada\" alt=\"Sa-Pedruscada\" loading=\"lazy\" \/>\t\t\t\t\t\t\t\t\t\t\t\t\t\t\t<\/div>\n\t\t\t\t<\/div>\n\t\t\t\t\t<\/div>\n\t\t<\/div>\n\t\t\t\t\t<\/div>\n\t\t<\/section>\n\t\t\t\t<section class=\"elementor-section elementor-top-section elementor-element elementor-element-4e1fa58 elementor-section-boxed elementor-section-height-default elementor-section-height-default\" data-id=\"4e1fa58\" data-element_type=\"section\" data-e-type=\"section\">\n\t\t\t\t\t\t<div class=\"elementor-container elementor-column-gap-default\">\n\t\t\t\t\t<div class=\"elementor-column elementor-col-100 elementor-top-column elementor-element elementor-element-aa86384\" data-id=\"aa86384\" data-element_type=\"column\" data-e-type=\"column\">\n\t\t\t<div class=\"elementor-widget-wrap elementor-element-populated\">\n\t\t\t\t\t\t<div class=\"elementor-element elementor-element-20cd4f9 elementor-widget elementor-widget-heading\" data-id=\"20cd4f9\" data-element_type=\"widget\" data-e-type=\"widget\" data-widget_type=\"heading.default\">\n\t\t\t\t<div class=\"elementor-widget-container\">\n\t\t\t\t\t<h2 class=\"elementor-heading-title elementor-size-default\">Dienstleistungen in Sa Pedruscada <\/h2>\t\t\t\t<\/div>\n\t\t\t\t<\/div>\n\t\t\t\t<div class=\"elementor-element elementor-element-90d3efd elementor-widget elementor-widget-text-editor\" data-id=\"90d3efd\" data-element_type=\"widget\" data-e-type=\"widget\" data-widget_type=\"text-editor.default\">\n\t\t\t\t<div class=\"elementor-widget-container\">\n\t\t\t\t\t\t\t\t\t<p style=\"font-weight: 400;\">Es ist keine \u00dcberraschung, dass Sa Pedruscada <strong>v\u00f6llig ohne Dienstleistungen<\/strong> ist, weshalb vielleicht nur wenige Menschen sie f\u00fcr ihren Urlaub auf Mallorca w\u00e4hlen. Allerdings k\u00f6nnen Sie <strong>mit Wasser und etwas zu essen hier den Nachmittag, den Morgen oder den ganzen Tag verbringen und v\u00f6llig ungest\u00f6rt sein.<\/strong> <\/p><p style=\"font-weight: 400;\">Es gibt keine Bars, Strandbars, Duschen, M\u00fclleimer, Rettungsschwimmer und auch keine Verleihe f\u00fcr Wassersportausr\u00fcstung, Sonnenschirme oder Liegen. \u00dcberhaupt nichts. <\/p><p style=\"font-weight: 400;\">Und das ist weit davon entfernt, ein Problem zu sein, sondern Teil ihres Charmes. Die Belohnung ist eine Bucht praktisch ohne \u00dcberf\u00fcllung, mit Wasser und Strand fast nur f\u00fcr Sie. <\/p>\t\t\t\t\t\t\t\t<\/div>\n\t\t\t\t<\/div>\n\t\t\t\t\t<\/div>\n\t\t<\/div>\n\t\t\t\t\t<\/div>\n\t\t<\/section>\n\t\t\t\t<section class=\"elementor-section elementor-top-section elementor-element elementor-element-219b130 elementor-section-boxed elementor-section-height-default elementor-section-height-default\" data-id=\"219b130\" data-element_type=\"section\" data-e-type=\"section\">\n\t\t\t\t\t\t<div class=\"elementor-container elementor-column-gap-default\">\n\t\t\t\t\t<div class=\"elementor-column elementor-col-100 elementor-top-column elementor-element elementor-element-163cb6a\" data-id=\"163cb6a\" data-element_type=\"column\" data-e-type=\"column\">\n\t\t\t<div class=\"elementor-widget-wrap elementor-element-populated\">\n\t\t\t\t\t\t<div class=\"elementor-element elementor-element-816f505 elementor-widget elementor-widget-heading\" data-id=\"816f505\" data-element_type=\"widget\" data-e-type=\"widget\" data-widget_type=\"heading.default\">\n\t\t\t\t<div class=\"elementor-widget-container\">\n\t\t\t\t\t<h2 class=\"elementor-heading-title elementor-size-default\">Was k\u00f6nnen Sie in Sa Pedruscada unternehmen? <\/h2>\t\t\t\t<\/div>\n\t\t\t\t<\/div>\n\t\t\t\t<div class=\"elementor-element elementor-element-1b85b6f elementor-widget elementor-widget-text-editor\" data-id=\"1b85b6f\" data-element_type=\"widget\" data-e-type=\"widget\" data-widget_type=\"text-editor.default\">\n\t\t\t\t<div class=\"elementor-widget-container\">\n\t\t\t\t\t\t\t\t\t<p style=\"font-weight: 400;\"><strong>Schnorcheln ist zweifellos die Hauptaktivit\u00e4t<\/strong>. Die flachen Felsb\u00f6den sind ideal zum Schnorcheln und die Klarheit des Wassers erm\u00f6glicht es Ihnen, das Leben zwischen den Felsen perfekt zu sehen. <\/p><p style=\"font-weight: 400;\">Das <strong>K\u00fcstenwandern<\/strong> ist eine weitere hervorragende Option, denn Sa Pedruscada ist Teil der <strong>Route zwischen Son Moll und Sa Font de Sa Cala<\/strong>, einer Strecke, die kleine Buchten, alte Sommerresidenzen und farbenfrohe Fischerh\u00e4user durchquert. Wenn wir Sie vorher zum Wandern ermutigt haben, hatte das seinen Grund. <\/p><p style=\"font-weight: 400;\">Und wenn Sie ein eigenes Boot haben oder daran denken, eines zu mieten, kann die Plattform der Bucht perfekt zum Zu-Wasser-Lassen eines kleinen Bootes dienen. Der n\u00e4chstgelegene Yachthafen ist der Club N\u00e0utic Cala Ratjada, eine Seemeile entfernt. <\/p>\t\t\t\t\t\t\t\t<\/div>\n\t\t\t\t<\/div>\n\t\t\t\t<div class=\"elementor-element elementor-element-8d0ecc9 elementor-widget elementor-widget-image\" data-id=\"8d0ecc9\" data-element_type=\"widget\" data-e-type=\"widget\" data-widget_type=\"image.default\">\n\t\t\t\t<div class=\"elementor-widget-container\">\n\t\t\t\t\t\t\t\t\t\t\t\t\t\t\t<img decoding=\"async\" src=\"https:\/\/www.idealpropertymallorca.com\/blog\/wp-content\/uploads\/elementor\/thumbs\/Sa-Pedruscada-mallorca-rmfo1r496fusmuo9v608xeyxwini0bw95o3a82npm8.webp\" title=\"Sa-Pedruscada-mallorca\" alt=\"Sa-Pedruscada-mallorca\" loading=\"lazy\" \/>\t\t\t\t\t\t\t\t\t\t\t\t\t\t\t<\/div>\n\t\t\t\t<\/div>\n\t\t\t\t\t<\/div>\n\t\t<\/div>\n\t\t\t\t\t<\/div>\n\t\t<\/section>\n\t\t\t\t<section class=\"elementor-section elementor-top-section elementor-element elementor-element-333331e elementor-section-boxed elementor-section-height-default elementor-section-height-default\" data-id=\"333331e\" data-element_type=\"section\" data-e-type=\"section\">\n\t\t\t\t\t\t<div class=\"elementor-container elementor-column-gap-default\">\n\t\t\t\t\t<div class=\"elementor-column elementor-col-100 elementor-top-column elementor-element elementor-element-8ffae9a\" data-id=\"8ffae9a\" data-element_type=\"column\" data-e-type=\"column\">\n\t\t\t<div class=\"elementor-widget-wrap elementor-element-populated\">\n\t\t\t\t\t\t<div class=\"elementor-element elementor-element-895889f elementor-widget elementor-widget-heading\" data-id=\"895889f\" data-element_type=\"widget\" data-e-type=\"widget\" data-widget_type=\"heading.default\">\n\t\t\t\t<div class=\"elementor-widget-container\">\n\t\t\t\t\t<h2 class=\"elementor-heading-title elementor-size-default\">Wie Sie den Tag bei einem Besuch in Cala Sa Pedruscada abrunden k\u00f6nnen <\/h2>\t\t\t\t<\/div>\n\t\t\t\t<\/div>\n\t\t\t\t<div class=\"elementor-element elementor-element-5637fcc elementor-widget elementor-widget-text-editor\" data-id=\"5637fcc\" data-element_type=\"widget\" data-e-type=\"widget\" data-widget_type=\"text-editor.default\">\n\t\t\t\t<div class=\"elementor-widget-container\">\n\t\t\t\t\t\t\t\t\t<p style=\"font-weight: 400;\">Sa Pedruscada ist perfekt, wenn Sie eine Tour durch den Nordosten Mallorcas planen. Das Richtige ist, <strong>alles zu nutzen, was es <\/strong><strong><a href=\"https:\/\/www.idealpropertymallorca.com\/blog\/de\/capdepera\/\">in Capdepera zu sehen gibt<\/a><\/strong>: das <a href=\"https:\/\/www.idealpropertymallorca.com\/blog\/de\/castell-de-capdepera\/\">Schloss von Capdepera<\/a>, eine mittelalterliche Festung aus dem 14. Jahrhundert mit spektakul\u00e4rer Aussicht, und auch den <a href=\"https:\/\/www.idealpropertymallorca.com\/blog\/de\/leuchtturm-von-capdepera\/\">Leuchtturm von Capdepera<\/a>, den h\u00f6chsten Aussichtspunkt der Gegend, von dem aus man an klaren Tagen Menorca sehen kann. <\/p><p style=\"font-weight: 400;\">Ein weiteres Muss ist <strong>ein Besuch in <\/strong><strong><a href=\"https:\/\/www.idealpropertymallorca.com\/blog\/de\/sa-font-de-sa-cala-mallorca\/\">Sa Font de Sa Cala<\/a><\/strong><strong>, einem weiteren der <a href=\"https:\/\/www.idealpropertymallorca.com\/blog\/de\/strande-capdepera\/\">Str\u00e4nde von Capdepera<\/a><\/strong><strong>, der einen Besuch wert ist und in diesem Fall \u00fcber Dienstleistungen verf\u00fcgt<\/strong> wie Duschen, Toiletten, Verleih von Liegen und Sonnenschirmen und sogar einen Rettungsposten.<\/p><p style=\"font-weight: 400;\">Und wenn Sie die Route entlang der K\u00fcste fortsetzen m\u00f6chten, d\u00fcrfen Sie Cala Agulla oder Cala Mesquida nicht auslassen.<\/p><p style=\"font-weight: 400;\">Wenn es Zeit zum Essen ist, <strong>lassen Sie sich die Gelegenheit nicht entgehen, die <\/strong><strong><a href=\"https:\/\/www.idealpropertymallorca.com\/blog\/de\/typisch-mallorquinische-kuche\/\">typische K\u00fcche Mallorcas<\/a><\/strong> zu probieren: ein gutes <em>Tumbet<\/em> oder <em>Tombet<\/em>, ein <em>Arr\u00f2s brut<\/em>, einen frischen Fisch auf mallorquinische Art oder die typische Sobrasada.<\/p>\t\t\t\t\t\t\t\t<\/div>\n\t\t\t\t<\/div>\n\t\t\t\t\t<\/div>\n\t\t<\/div>\n\t\t\t\t\t<\/div>\n\t\t<\/section>\n\t\t\t\t<section class=\"elementor-section elementor-top-section elementor-element elementor-element-3bc3b26a elementor-section-boxed elementor-section-height-default elementor-section-height-default\" data-id=\"3bc3b26a\" data-element_type=\"section\" data-e-type=\"section\">\n\t\t\t\t\t\t<div class=\"elementor-container elementor-column-gap-default\">\n\t\t\t\t\t<div class=\"elementor-column elementor-col-100 elementor-top-column elementor-element elementor-element-4c633e59\" data-id=\"4c633e59\" data-element_type=\"column\" data-e-type=\"column\">\n\t\t\t<div class=\"elementor-widget-wrap elementor-element-populated\">\n\t\t\t\t\t\t<div class=\"elementor-element elementor-element-231896ff elementor-widget elementor-widget-heading\" data-id=\"231896ff\" data-element_type=\"widget\" data-e-type=\"widget\" data-widget_type=\"heading.default\">\n\t\t\t\t<div class=\"elementor-widget-container\">\n\t\t\t\t\t<h2 class=\"elementor-heading-title elementor-size-default\">Kommen Sie Sa Pedruscada besuchen?<\/h2>\t\t\t\t<\/div>\n\t\t\t\t<\/div>\n\t\t\t\t<div class=\"elementor-element elementor-element-38f90332 elementor-widget elementor-widget-text-editor\" data-id=\"38f90332\" data-element_type=\"widget\" data-e-type=\"widget\" data-widget_type=\"text-editor.default\">\n\t\t\t\t<div class=\"elementor-widget-container\">\n\t\t\t\t\t\t\t\t\t<p style=\"font-weight: 400;\">Wie Sie sehen, ist Cala Sa Pedruscada nicht f\u00fcr alle gedacht; nur f\u00fcr diejenigen, die ihre Sachen mitbringen und den M\u00fcll, den sie erzeugen, wieder mitnehmen m\u00f6chten, und f\u00fcr alle, die <strong>einen wenig \u00fcberf\u00fcllten und \u00e4u\u00dferst sch\u00f6nen Strand<\/strong> suchen. Geh\u00f6ren Sie dazu? <\/p><p style=\"font-weight: 400;\">Dann suchen Sie sich eine Unterkunft in der N\u00e4he von Sa Pedruscada und machen Sie sich auf, die Gegend kennenzulernen. Wir haben Ihnen bereits einige der Dinge vorgestellt, die Sie hier unternehmen k\u00f6nnen, aber glauben Sie uns, wenn wir sagen, dass die Liste endlos ist. Fast so umfangreich wie die Liste der Unterk\u00fcnfte, die wir bei <a href=\"https:\/\/www.idealpropertymallorca.com\/\">Ideal Property<\/a> in Capdepera, Cala Ratjada, Cala Mesquida und in Son Servera haben \u2013 das ebenfalls ganz in der N\u00e4he liegt.  <\/p><p style=\"font-weight: 400;\">Werfen Sie einen Blick darauf und reservieren Sie Ihre? Es gibt H\u00e4user, Villen und Apartments f\u00fcr jeden Geschmack und Bedarf. <\/p>\t\t\t\t\t\t\t\t<\/div>\n\t\t\t\t<\/div>\n\t\t\t\t\t<\/div>\n\t\t<\/div>\n\t\t\t\t\t<\/div>\n\t\t<\/section>\n\t\t\t\t<section class=\"elementor-section elementor-top-section elementor-element elementor-element-49ede411 elementor-section-boxed elementor-section-height-default elementor-section-height-default\" data-id=\"49ede411\" data-element_type=\"section\" data-e-type=\"section\">\n\t\t\t\t\t\t<div class=\"elementor-container elementor-column-gap-default\">\n\t\t\t\t\t<div class=\"elementor-column elementor-col-100 elementor-top-column elementor-element elementor-element-40e01ec8\" data-id=\"40e01ec8\" data-element_type=\"column\" data-e-type=\"column\">\n\t\t\t<div class=\"elementor-widget-wrap elementor-element-populated\">\n\t\t\t\t\t\t<div class=\"elementor-element elementor-element-275cdf43 elementor-widget elementor-widget-shortcode\" data-id=\"275cdf43\" data-element_type=\"widget\" data-e-type=\"widget\" data-widget_type=\"shortcode.default\">\n\t\t\t\t<div class=\"elementor-widget-container\">\n\t\t\t\t\t\t\t<div class=\"elementor-shortcode\">\t\t<div data-elementor-type=\"section\" data-elementor-id=\"14668\" class=\"elementor elementor-14668 elementor-1954 elementor-1954\" data-elementor-post-type=\"elementor_library\">\n\t\t\t\t\t<section class=\"elementor-section elementor-top-section elementor-element elementor-element-5778b12d elementor-section-boxed elementor-section-height-default elementor-section-height-default\" data-id=\"5778b12d\" data-element_type=\"section\" data-e-type=\"section\">\n\t\t\t\t\t\t<div class=\"elementor-container elementor-column-gap-default\">\n\t\t\t\t\t<div class=\"elementor-column elementor-col-33 elementor-top-column elementor-element elementor-element-7b63db41\" data-id=\"7b63db41\" data-element_type=\"column\" data-e-type=\"column\">\n\t\t\t<div class=\"elementor-widget-wrap elementor-element-populated\">\n\t\t\t\t\t\t<div class=\"elementor-element elementor-element-6130cb39 elementor-align-center elementor-widget elementor-widget-button\" data-id=\"6130cb39\" data-element_type=\"widget\" data-e-type=\"widget\" data-widget_type=\"button.default\">\n\t\t\t\t<div class=\"elementor-widget-container\">\n\t\t\t\t\t\t\t\t\t<div class=\"elementor-button-wrapper\">\n\t\t\t\t\t<a class=\"elementor-button elementor-button-link elementor-size-sm\" href=\"https:\/\/www.idealpropertymallorca.com\/de\/wohnungen-zur-miete-auf-mallorca\/\">\n\t\t\t\t\t\t<span class=\"elementor-button-content-wrapper\">\n\t\t\t\t\t\t\t\t\t<span class=\"elementor-button-text\">Ferienwohnungen auf Mallorca<\/span>\n\t\t\t\t\t<\/span>\n\t\t\t\t\t<\/a>\n\t\t\t\t<\/div>\n\t\t\t\t\t\t\t\t<\/div>\n\t\t\t\t<\/div>\n\t\t\t\t\t<\/div>\n\t\t<\/div>\n\t\t\t\t<div class=\"elementor-column elementor-col-33 elementor-top-column elementor-element elementor-element-22b4a260\" data-id=\"22b4a260\" data-element_type=\"column\" data-e-type=\"column\">\n\t\t\t<div class=\"elementor-widget-wrap elementor-element-populated\">\n\t\t\t\t\t\t<div class=\"elementor-element elementor-element-79a06728 elementor-align-center elementor-widget elementor-widget-button\" data-id=\"79a06728\" data-element_type=\"widget\" data-e-type=\"widget\" data-widget_type=\"button.default\">\n\t\t\t\t<div class=\"elementor-widget-container\">\n\t\t\t\t\t\t\t\t\t<div class=\"elementor-button-wrapper\">\n\t\t\t\t\t<a class=\"elementor-button elementor-button-link elementor-size-sm\" href=\"https:\/\/www.idealpropertymallorca.com\/de\/ferienhauser-mallorca-mieten\/\">\n\t\t\t\t\t\t<span class=\"elementor-button-content-wrapper\">\n\t\t\t\t\t\t\t\t\t<span class=\"elementor-button-text\">Ferienh\u00e4user auf Mallorca<\/span>\n\t\t\t\t\t<\/span>\n\t\t\t\t\t<\/a>\n\t\t\t\t<\/div>\n\t\t\t\t\t\t\t\t<\/div>\n\t\t\t\t<\/div>\n\t\t\t\t\t<\/div>\n\t\t<\/div>\n\t\t\t\t<div class=\"elementor-column elementor-col-33 elementor-top-column elementor-element elementor-element-6d69c362\" data-id=\"6d69c362\" data-element_type=\"column\" data-e-type=\"column\">\n\t\t\t<div class=\"elementor-widget-wrap elementor-element-populated\">\n\t\t\t\t\t\t<div class=\"elementor-element elementor-element-2baf2346 elementor-align-center elementor-widget elementor-widget-button\" data-id=\"2baf2346\" data-element_type=\"widget\" data-e-type=\"widget\" data-widget_type=\"button.default\">\n\t\t\t\t<div class=\"elementor-widget-container\">\n\t\t\t\t\t\t\t\t\t<div class=\"elementor-button-wrapper\">\n\t\t\t\t\t<a class=\"elementor-button elementor-button-link elementor-size-sm\" href=\"https:\/\/www.idealpropertymallorca.com\/de\/mieten-finca-mallorca\/\">\n\t\t\t\t\t\t<span class=\"elementor-button-content-wrapper\">\n\t\t\t\t\t\t\t\t\t<span class=\"elementor-button-text\">L\u00e4ndliche Fincas auf Mallorca<\/span>\n\t\t\t\t\t<\/span>\n\t\t\t\t\t<\/a>\n\t\t\t\t<\/div>\n\t\t\t\t\t\t\t\t<\/div>\n\t\t\t\t<\/div>\n\t\t\t\t\t<\/div>\n\t\t<\/div>\n\t\t\t\t\t<\/div>\n\t\t<\/section>\n\t\t\t\t<\/div>\n\t\t<\/div>\n\t\t\t\t\t\t<\/div>\n\t\t\t\t<\/div>\n\t\t\t\t\t<\/div>\n\t\t<\/div>\n\t\t\t\t\t<\/div>\n\t\t<\/section>\n\t\t\t\t<\/div>\n\t\t","protected":false},"excerpt":{"rendered":"<p>Sa Pedruscada in Capdepera ist eine dieser Buchten, die Sie entweder kennen, weil Sie aus der Gegend stammen, oder die Sie wahrscheinlich \u00fcbersehen. Sie erscheint normalerweise nicht in touristischen Spots, Nachrichten, Titelseiten oder in herk\u00f6mmlichen Reisef\u00fchrern, aber wir werden Ihnen so viele Dinge \u00fcber sie erz\u00e4hlen, dass wir sicher sind, Sie davon \u00fcberzeugen zu k\u00f6nnen, [&hellip;]<\/p>\n","protected":false},"author":8,"featured_media":23853,"comment_status":"open","ping_status":"open","sticky":false,"template":"","format":"standard","meta":{"footnotes":""},"categories":[763],"tags":[],"class_list":["post-23892","post","type-post","status-publish","format-standard","has-post-thumbnail","hentry","category-buchten"],"yoast_head":"<!-- This site is optimized with the Yoast SEO plugin v27.4 - https:\/\/yoast.com\/product\/yoast-seo-wordpress\/ -->\n<title>Sa Pedruscada: die Bucht Mallorcas, die nur wenige kennen - Blog von Mallorca<\/title>\n<meta name=\"description\" content=\"Besuchen Sie Sa Pedruscada in Capdepera, eine kleine, wenig bekannte Bucht, die ideal ist, um die K\u00fcste zu genie\u00dfen, zu schnorcheln und die Umgebung zu erkunden.\" \/>\n<meta name=\"robots\" content=\"index, follow, max-snippet:-1, max-image-preview:large, max-video-preview:-1\" \/>\n<link rel=\"canonical\" href=\"https:\/\/www.idealpropertymallorca.com\/blog\/de\/sa-pedruscada\/\" \/>\n<meta property=\"og:locale\" content=\"de_DE\" \/>\n<meta property=\"og:type\" content=\"article\" \/>\n<meta property=\"og:title\" content=\"Sa Pedruscada: die Bucht Mallorcas, die nur wenige kennen - Blog von Mallorca\" \/>\n<meta property=\"og:description\" content=\"Besuchen Sie Sa Pedruscada in Capdepera, eine kleine, wenig bekannte Bucht, die ideal ist, um die K\u00fcste zu genie\u00dfen, zu schnorcheln und die Umgebung zu erkunden.\" \/>\n<meta property=\"og:url\" content=\"https:\/\/www.idealpropertymallorca.com\/blog\/de\/sa-pedruscada\/\" \/>\n<meta property=\"og:site_name\" content=\"Blog von Mallorca\" \/>\n<meta property=\"article:published_time\" content=\"2026-04-28T08:13:21+00:00\" \/>\n<meta property=\"article:modified_time\" content=\"2026-04-28T08:13:29+00:00\" \/>\n<meta property=\"og:image\" content=\"https:\/\/www.idealpropertymallorca.com\/blog\/wp-content\/uploads\/2026\/04\/Sa-Pedruscada-visitar-mallorca-1-1.jpg\" \/>\n\t<meta property=\"og:image:width\" content=\"1655\" \/>\n\t<meta property=\"og:image:height\" content=\"642\" \/>\n\t<meta property=\"og:image:type\" content=\"image\/jpeg\" \/>\n<meta name=\"author\" content=\"Laura\" \/>\n<meta name=\"twitter:card\" content=\"summary_large_image\" \/>\n<meta name=\"twitter:label1\" content=\"Written by\" \/>\n\t<meta name=\"twitter:data1\" content=\"Laura\" \/>\n\t<meta name=\"twitter:label2\" content=\"Est. reading time\" \/>\n\t<meta name=\"twitter:data2\" content=\"5 minutes\" \/>\n<script type=\"application\/ld+json\" class=\"yoast-schema-graph\">{\"@context\":\"https:\\\/\\\/schema.org\",\"@graph\":[{\"@type\":\"Article\",\"@id\":\"https:\\\/\\\/www.idealpropertymallorca.com\\\/blog\\\/de\\\/sa-pedruscada\\\/#article\",\"isPartOf\":{\"@id\":\"https:\\\/\\\/www.idealpropertymallorca.com\\\/blog\\\/de\\\/sa-pedruscada\\\/\"},\"author\":{\"name\":\"Laura\",\"@id\":\"https:\\\/\\\/www.idealpropertymallorca.com\\\/blog\\\/de\\\/#\\\/schema\\\/person\\\/53b99bcf6881b706ccaf30eb50de4c8e\"},\"headline\":\"Sa Pedruscada: die Bucht Mallorcas, die nur wenige kennen\",\"datePublished\":\"2026-04-28T08:13:21+00:00\",\"dateModified\":\"2026-04-28T08:13:29+00:00\",\"mainEntityOfPage\":{\"@id\":\"https:\\\/\\\/www.idealpropertymallorca.com\\\/blog\\\/de\\\/sa-pedruscada\\\/\"},\"wordCount\":1023,\"commentCount\":0,\"publisher\":{\"@id\":\"https:\\\/\\\/www.idealpropertymallorca.com\\\/blog\\\/de\\\/#organization\"},\"image\":{\"@id\":\"https:\\\/\\\/www.idealpropertymallorca.com\\\/blog\\\/de\\\/sa-pedruscada\\\/#primaryimage\"},\"thumbnailUrl\":\"https:\\\/\\\/www.idealpropertymallorca.com\\\/blog\\\/wp-content\\\/uploads\\\/2026\\\/04\\\/Sa-Pedruscada-visitar-mallorca-1-1.jpg\",\"articleSection\":[\"Buchten\"],\"inLanguage\":\"de\",\"potentialAction\":[{\"@type\":\"CommentAction\",\"name\":\"Comment\",\"target\":[\"https:\\\/\\\/www.idealpropertymallorca.com\\\/blog\\\/de\\\/sa-pedruscada\\\/#respond\"]}]},{\"@type\":\"WebPage\",\"@id\":\"https:\\\/\\\/www.idealpropertymallorca.com\\\/blog\\\/de\\\/sa-pedruscada\\\/\",\"url\":\"https:\\\/\\\/www.idealpropertymallorca.com\\\/blog\\\/de\\\/sa-pedruscada\\\/\",\"name\":\"Sa Pedruscada: die Bucht Mallorcas, die nur wenige kennen - Blog von Mallorca\",\"isPartOf\":{\"@id\":\"https:\\\/\\\/www.idealpropertymallorca.com\\\/blog\\\/de\\\/#website\"},\"primaryImageOfPage\":{\"@id\":\"https:\\\/\\\/www.idealpropertymallorca.com\\\/blog\\\/de\\\/sa-pedruscada\\\/#primaryimage\"},\"image\":{\"@id\":\"https:\\\/\\\/www.idealpropertymallorca.com\\\/blog\\\/de\\\/sa-pedruscada\\\/#primaryimage\"},\"thumbnailUrl\":\"https:\\\/\\\/www.idealpropertymallorca.com\\\/blog\\\/wp-content\\\/uploads\\\/2026\\\/04\\\/Sa-Pedruscada-visitar-mallorca-1-1.jpg\",\"datePublished\":\"2026-04-28T08:13:21+00:00\",\"dateModified\":\"2026-04-28T08:13:29+00:00\",\"description\":\"Besuchen Sie Sa Pedruscada in Capdepera, eine kleine, wenig bekannte Bucht, die ideal ist, um die K\u00fcste zu genie\u00dfen, zu schnorcheln und die Umgebung zu erkunden.\",\"inLanguage\":\"de\",\"potentialAction\":[{\"@type\":\"ReadAction\",\"target\":[\"https:\\\/\\\/www.idealpropertymallorca.com\\\/blog\\\/de\\\/sa-pedruscada\\\/\"]}]},{\"@type\":\"ImageObject\",\"inLanguage\":\"de\",\"@id\":\"https:\\\/\\\/www.idealpropertymallorca.com\\\/blog\\\/de\\\/sa-pedruscada\\\/#primaryimage\",\"url\":\"https:\\\/\\\/www.idealpropertymallorca.com\\\/blog\\\/wp-content\\\/uploads\\\/2026\\\/04\\\/Sa-Pedruscada-visitar-mallorca-1-1.jpg\",\"contentUrl\":\"https:\\\/\\\/www.idealpropertymallorca.com\\\/blog\\\/wp-content\\\/uploads\\\/2026\\\/04\\\/Sa-Pedruscada-visitar-mallorca-1-1.jpg\",\"width\":1655,\"height\":642},{\"@type\":\"WebSite\",\"@id\":\"https:\\\/\\\/www.idealpropertymallorca.com\\\/blog\\\/de\\\/#website\",\"url\":\"https:\\\/\\\/www.idealpropertymallorca.com\\\/blog\\\/de\\\/\",\"name\":\"Blog von Mallorca\",\"description\":\"Finden Sie touristische Informationen dar\u00fcber, was zu sehen und zu tun auf der Insel Mallorca w\u00e4hrend der Ferien. Entdecken Sie die besten Orte!\",\"publisher\":{\"@id\":\"https:\\\/\\\/www.idealpropertymallorca.com\\\/blog\\\/de\\\/#organization\"},\"potentialAction\":[{\"@type\":\"SearchAction\",\"target\":{\"@type\":\"EntryPoint\",\"urlTemplate\":\"https:\\\/\\\/www.idealpropertymallorca.com\\\/blog\\\/de\\\/?s={search_term_string}\"},\"query-input\":{\"@type\":\"PropertyValueSpecification\",\"valueRequired\":true,\"valueName\":\"search_term_string\"}}],\"inLanguage\":\"de\"},{\"@type\":\"Organization\",\"@id\":\"https:\\\/\\\/www.idealpropertymallorca.com\\\/blog\\\/de\\\/#organization\",\"name\":\"Blog von Mallorca\",\"url\":\"https:\\\/\\\/www.idealpropertymallorca.com\\\/blog\\\/de\\\/\",\"logo\":{\"@type\":\"ImageObject\",\"inLanguage\":\"de\",\"@id\":\"https:\\\/\\\/www.idealpropertymallorca.com\\\/blog\\\/de\\\/#\\\/schema\\\/logo\\\/image\\\/\",\"url\":\"https:\\\/\\\/www.idealpropertymallorca.com\\\/blog\\\/wp-content\\\/uploads\\\/2024\\\/10\\\/ideal-property-mallorca-blue-mobile.png\",\"contentUrl\":\"https:\\\/\\\/www.idealpropertymallorca.com\\\/blog\\\/wp-content\\\/uploads\\\/2024\\\/10\\\/ideal-property-mallorca-blue-mobile.png\",\"width\":500,\"height\":150,\"caption\":\"Blog von Mallorca\"},\"image\":{\"@id\":\"https:\\\/\\\/www.idealpropertymallorca.com\\\/blog\\\/de\\\/#\\\/schema\\\/logo\\\/image\\\/\"}},{\"@type\":\"Person\",\"@id\":\"https:\\\/\\\/www.idealpropertymallorca.com\\\/blog\\\/de\\\/#\\\/schema\\\/person\\\/53b99bcf6881b706ccaf30eb50de4c8e\",\"name\":\"Laura\",\"image\":{\"@type\":\"ImageObject\",\"inLanguage\":\"de\",\"@id\":\"https:\\\/\\\/secure.gravatar.com\\\/avatar\\\/38b396224481eeb6edadb558d7e4a6d1ff1c8ba1e6abd3951e451527e107c96b?s=96&d=mm&r=g\",\"url\":\"https:\\\/\\\/secure.gravatar.com\\\/avatar\\\/38b396224481eeb6edadb558d7e4a6d1ff1c8ba1e6abd3951e451527e107c96b?s=96&d=mm&r=g\",\"contentUrl\":\"https:\\\/\\\/secure.gravatar.com\\\/avatar\\\/38b396224481eeb6edadb558d7e4a6d1ff1c8ba1e6abd3951e451527e107c96b?s=96&d=mm&r=g\",\"caption\":\"Laura\"}}]}<\/script>\n<!-- \/ Yoast SEO plugin. -->","yoast_head_json":{"title":"Sa Pedruscada: die Bucht Mallorcas, die nur wenige kennen - Blog von Mallorca","description":"Besuchen Sie Sa Pedruscada in Capdepera, eine kleine, wenig bekannte Bucht, die ideal ist, um die K\u00fcste zu genie\u00dfen, zu schnorcheln und die Umgebung zu erkunden.","robots":{"index":"index","follow":"follow","max-snippet":"max-snippet:-1","max-image-preview":"max-image-preview:large","max-video-preview":"max-video-preview:-1"},"canonical":"https:\/\/www.idealpropertymallorca.com\/blog\/de\/sa-pedruscada\/","og_locale":"de_DE","og_type":"article","og_title":"Sa Pedruscada: die Bucht Mallorcas, die nur wenige kennen - Blog von Mallorca","og_description":"Besuchen Sie Sa Pedruscada in Capdepera, eine kleine, wenig bekannte Bucht, die ideal ist, um die K\u00fcste zu genie\u00dfen, zu schnorcheln und die Umgebung zu erkunden.","og_url":"https:\/\/www.idealpropertymallorca.com\/blog\/de\/sa-pedruscada\/","og_site_name":"Blog von Mallorca","article_published_time":"2026-04-28T08:13:21+00:00","article_modified_time":"2026-04-28T08:13:29+00:00","og_image":[{"width":1655,"height":642,"url":"https:\/\/www.idealpropertymallorca.com\/blog\/wp-content\/uploads\/2026\/04\/Sa-Pedruscada-visitar-mallorca-1-1.jpg","type":"image\/jpeg"}],"author":"Laura","twitter_card":"summary_large_image","twitter_misc":{"Written by":"Laura","Est. reading time":"5 minutes"},"schema":{"@context":"https:\/\/schema.org","@graph":[{"@type":"Article","@id":"https:\/\/www.idealpropertymallorca.com\/blog\/de\/sa-pedruscada\/#article","isPartOf":{"@id":"https:\/\/www.idealpropertymallorca.com\/blog\/de\/sa-pedruscada\/"},"author":{"name":"Laura","@id":"https:\/\/www.idealpropertymallorca.com\/blog\/de\/#\/schema\/person\/53b99bcf6881b706ccaf30eb50de4c8e"},"headline":"Sa Pedruscada: die Bucht Mallorcas, die nur wenige kennen","datePublished":"2026-04-28T08:13:21+00:00","dateModified":"2026-04-28T08:13:29+00:00","mainEntityOfPage":{"@id":"https:\/\/www.idealpropertymallorca.com\/blog\/de\/sa-pedruscada\/"},"wordCount":1023,"commentCount":0,"publisher":{"@id":"https:\/\/www.idealpropertymallorca.com\/blog\/de\/#organization"},"image":{"@id":"https:\/\/www.idealpropertymallorca.com\/blog\/de\/sa-pedruscada\/#primaryimage"},"thumbnailUrl":"https:\/\/www.idealpropertymallorca.com\/blog\/wp-content\/uploads\/2026\/04\/Sa-Pedruscada-visitar-mallorca-1-1.jpg","articleSection":["Buchten"],"inLanguage":"de","potentialAction":[{"@type":"CommentAction","name":"Comment","target":["https:\/\/www.idealpropertymallorca.com\/blog\/de\/sa-pedruscada\/#respond"]}]},{"@type":"WebPage","@id":"https:\/\/www.idealpropertymallorca.com\/blog\/de\/sa-pedruscada\/","url":"https:\/\/www.idealpropertymallorca.com\/blog\/de\/sa-pedruscada\/","name":"Sa Pedruscada: die Bucht Mallorcas, die nur wenige kennen - Blog von Mallorca","isPartOf":{"@id":"https:\/\/www.idealpropertymallorca.com\/blog\/de\/#website"},"primaryImageOfPage":{"@id":"https:\/\/www.idealpropertymallorca.com\/blog\/de\/sa-pedruscada\/#primaryimage"},"image":{"@id":"https:\/\/www.idealpropertymallorca.com\/blog\/de\/sa-pedruscada\/#primaryimage"},"thumbnailUrl":"https:\/\/www.idealpropertymallorca.com\/blog\/wp-content\/uploads\/2026\/04\/Sa-Pedruscada-visitar-mallorca-1-1.jpg","datePublished":"2026-04-28T08:13:21+00:00","dateModified":"2026-04-28T08:13:29+00:00","description":"Besuchen Sie Sa Pedruscada in Capdepera, eine kleine, wenig bekannte Bucht, die ideal ist, um die K\u00fcste zu genie\u00dfen, zu schnorcheln und die Umgebung zu erkunden.","inLanguage":"de","potentialAction":[{"@type":"ReadAction","target":["https:\/\/www.idealpropertymallorca.com\/blog\/de\/sa-pedruscada\/"]}]},{"@type":"ImageObject","inLanguage":"de","@id":"https:\/\/www.idealpropertymallorca.com\/blog\/de\/sa-pedruscada\/#primaryimage","url":"https:\/\/www.idealpropertymallorca.com\/blog\/wp-content\/uploads\/2026\/04\/Sa-Pedruscada-visitar-mallorca-1-1.jpg","contentUrl":"https:\/\/www.idealpropertymallorca.com\/blog\/wp-content\/uploads\/2026\/04\/Sa-Pedruscada-visitar-mallorca-1-1.jpg","width":1655,"height":642},{"@type":"WebSite","@id":"https:\/\/www.idealpropertymallorca.com\/blog\/de\/#website","url":"https:\/\/www.idealpropertymallorca.com\/blog\/de\/","name":"Blog von Mallorca","description":"Finden Sie touristische Informationen dar\u00fcber, was zu sehen und zu tun auf der Insel Mallorca w\u00e4hrend der Ferien. Entdecken Sie die besten Orte!","publisher":{"@id":"https:\/\/www.idealpropertymallorca.com\/blog\/de\/#organization"},"potentialAction":[{"@type":"SearchAction","target":{"@type":"EntryPoint","urlTemplate":"https:\/\/www.idealpropertymallorca.com\/blog\/de\/?s={search_term_string}"},"query-input":{"@type":"PropertyValueSpecification","valueRequired":true,"valueName":"search_term_string"}}],"inLanguage":"de"},{"@type":"Organization","@id":"https:\/\/www.idealpropertymallorca.com\/blog\/de\/#organization","name":"Blog von Mallorca","url":"https:\/\/www.idealpropertymallorca.com\/blog\/de\/","logo":{"@type":"ImageObject","inLanguage":"de","@id":"https:\/\/www.idealpropertymallorca.com\/blog\/de\/#\/schema\/logo\/image\/","url":"https:\/\/www.idealpropertymallorca.com\/blog\/wp-content\/uploads\/2024\/10\/ideal-property-mallorca-blue-mobile.png","contentUrl":"https:\/\/www.idealpropertymallorca.com\/blog\/wp-content\/uploads\/2024\/10\/ideal-property-mallorca-blue-mobile.png","width":500,"height":150,"caption":"Blog von Mallorca"},"image":{"@id":"https:\/\/www.idealpropertymallorca.com\/blog\/de\/#\/schema\/logo\/image\/"}},{"@type":"Person","@id":"https:\/\/www.idealpropertymallorca.com\/blog\/de\/#\/schema\/person\/53b99bcf6881b706ccaf30eb50de4c8e","name":"Laura","image":{"@type":"ImageObject","inLanguage":"de","@id":"https:\/\/secure.gravatar.com\/avatar\/38b396224481eeb6edadb558d7e4a6d1ff1c8ba1e6abd3951e451527e107c96b?s=96&d=mm&r=g","url":"https:\/\/secure.gravatar.com\/avatar\/38b396224481eeb6edadb558d7e4a6d1ff1c8ba1e6abd3951e451527e107c96b?s=96&d=mm&r=g","contentUrl":"https:\/\/secure.gravatar.com\/avatar\/38b396224481eeb6edadb558d7e4a6d1ff1c8ba1e6abd3951e451527e107c96b?s=96&d=mm&r=g","caption":"Laura"}}]}},"_links":{"self":[{"href":"https:\/\/www.idealpropertymallorca.com\/blog\/de\/wp-json\/wp\/v2\/posts\/23892","targetHints":{"allow":["GET"]}}],"collection":[{"href":"https:\/\/www.idealpropertymallorca.com\/blog\/de\/wp-json\/wp\/v2\/posts"}],"about":[{"href":"https:\/\/www.idealpropertymallorca.com\/blog\/de\/wp-json\/wp\/v2\/types\/post"}],"author":[{"embeddable":true,"href":"https:\/\/www.idealpropertymallorca.com\/blog\/de\/wp-json\/wp\/v2\/users\/8"}],"replies":[{"embeddable":true,"href":"https:\/\/www.idealpropertymallorca.com\/blog\/de\/wp-json\/wp\/v2\/comments?post=23892"}],"version-history":[{"count":2,"href":"https:\/\/www.idealpropertymallorca.com\/blog\/de\/wp-json\/wp\/v2\/posts\/23892\/revisions"}],"predecessor-version":[{"id":23894,"href":"https:\/\/www.idealpropertymallorca.com\/blog\/de\/wp-json\/wp\/v2\/posts\/23892\/revisions\/23894"}],"wp:featuredmedia":[{"embeddable":true,"href":"https:\/\/www.idealpropertymallorca.com\/blog\/de\/wp-json\/wp\/v2\/media\/23853"}],"wp:attachment":[{"href":"https:\/\/www.idealpropertymallorca.com\/blog\/de\/wp-json\/wp\/v2\/media?parent=23892"}],"wp:term":[{"taxonomy":"category","embeddable":true,"href":"https:\/\/www.idealpropertymallorca.com\/blog\/de\/wp-json\/wp\/v2\/categories?post=23892"},{"taxonomy":"post_tag","embeddable":true,"href":"https:\/\/www.idealpropertymallorca.com\/blog\/de\/wp-json\/wp\/v2\/tags?post=23892"}],"curies":[{"name":"wp","href":"https:\/\/api.w.org\/{rel}","templated":true}]}}