{"id":23420,"date":"2026-01-27T11:56:45","date_gmt":"2026-01-27T11:56:45","guid":{"rendered":"https:\/\/www.idealpropertymallorca.com\/blog\/cuevas-del-drach\/"},"modified":"2026-01-27T11:56:55","modified_gmt":"2026-01-27T11:56:55","slug":"cuevas-del-drach","status":"publish","type":"post","link":"https:\/\/www.idealpropertymallorca.com\/blog\/de\/cuevas-del-drach\/","title":{"rendered":"Cuevas del Drach: Ein Muss bei Ihrer Reise nach Mallorca"},"content":{"rendered":"\t\t<div data-elementor-type=\"wp-post\" data-elementor-id=\"23420\" class=\"elementor elementor-23420 elementor-23369\" data-elementor-post-type=\"post\">\n\t\t\t\t\t\t<section class=\"elementor-section elementor-top-section elementor-element elementor-element-28088eec elementor-section-boxed elementor-section-height-default elementor-section-height-default\" data-id=\"28088eec\" data-element_type=\"section\" data-e-type=\"section\">\n\t\t\t\t\t\t<div class=\"elementor-container elementor-column-gap-default\">\n\t\t\t\t\t<div class=\"elementor-column elementor-col-100 elementor-top-column elementor-element elementor-element-33783838\" data-id=\"33783838\" data-element_type=\"column\" data-e-type=\"column\">\n\t\t\t<div class=\"elementor-widget-wrap elementor-element-populated\">\n\t\t\t\t\t\t<div class=\"elementor-element elementor-element-51f6a77e elementor-widget elementor-widget-text-editor\" data-id=\"51f6a77e\" data-element_type=\"widget\" data-e-type=\"widget\" data-widget_type=\"text-editor.default\">\n\t\t\t\t<div class=\"elementor-widget-container\">\n\t\t\t\t\t\t\t\t\t<p style=\"font-weight: 400;\">Ein Besuch der Cuevas del Drach ist einer dieser Pl\u00e4ne, die nicht viel Vorstellungskraft erfordern. Es spielt keine Rolle, ob es Ihre erste Reise auf die Mittelmeerinsel ist oder ob Sie schon \u00f6fter hier waren; es spielt auch keine Rolle, ob Sie als Paar, als Familie oder auf eigene Faust kommen.  <strong>Das Betreten dieser unterirdischen Welt ist immer ein beeindruckendes Erlebnis.<\/strong><\/p><p style=\"font-weight: 400;\">Denn die Cuevas del Drach sind nicht nur irgendwelche H\u00f6hlen, sondern eine der gro\u00dfen Naturikonen Mallorcas, <strong>wo die Insel ihr stillstes, tiefstes und auch aufregendstes Gesicht zeigt.<\/strong> Und ja, es ist einer dieser Orte, die man mindestens einmal im Leben besuchen muss. M\u00f6chten Sie mehr erfahren? <\/p>\t\t\t\t\t\t\t\t<\/div>\n\t\t\t\t<\/div>\n\t\t\t\t\t<\/div>\n\t\t<\/div>\n\t\t\t\t\t<\/div>\n\t\t<\/section>\n\t\t\t\t<section class=\"elementor-section elementor-top-section elementor-element elementor-element-2bae309d elementor-section-boxed elementor-section-height-default elementor-section-height-default\" data-id=\"2bae309d\" data-element_type=\"section\" data-e-type=\"section\">\n\t\t\t\t\t\t<div class=\"elementor-container elementor-column-gap-default\">\n\t\t\t\t\t<div class=\"elementor-column elementor-col-100 elementor-top-column elementor-element elementor-element-25b89fc6\" data-id=\"25b89fc6\" data-element_type=\"column\" data-e-type=\"column\">\n\t\t\t<div class=\"elementor-widget-wrap elementor-element-populated\">\n\t\t\t\t\t\t<div class=\"elementor-element elementor-element-5d008735 elementor-widget elementor-widget-table-of-contents\" data-id=\"5d008735\" data-element_type=\"widget\" data-e-type=\"widget\" data-settings=\"{&quot;headings_by_tags&quot;:[&quot;h2&quot;,&quot;h3&quot;],&quot;exclude_headings_by_selector&quot;:[],&quot;marker_view&quot;:&quot;bullets&quot;,&quot;icon&quot;:{&quot;value&quot;:&quot;&quot;,&quot;library&quot;:&quot;&quot;},&quot;no_headings_message&quot;:&quot;No headings were found on this page.&quot;,&quot;hierarchical_view&quot;:&quot;yes&quot;,&quot;min_height&quot;:{&quot;unit&quot;:&quot;px&quot;,&quot;size&quot;:&quot;&quot;,&quot;sizes&quot;:[]},&quot;min_height_tablet&quot;:{&quot;unit&quot;:&quot;px&quot;,&quot;size&quot;:&quot;&quot;,&quot;sizes&quot;:[]},&quot;min_height_mobile&quot;:{&quot;unit&quot;:&quot;px&quot;,&quot;size&quot;:&quot;&quot;,&quot;sizes&quot;:[]}}\" data-widget_type=\"table-of-contents.default\">\n\t\t\t\t<div class=\"elementor-widget-container\">\n\t\t\t\t\t\t\t\t\t<div class=\"elementor-toc__header\">\n\t\t\t\t\t\t<div class=\"elementor-toc__header-title\">\n\t\t\t\tINHALTSVERZEICHNIS\t\t\t<\/div>\n\t\t\t\t\t\t\t\t<\/div>\n\t\t\t\t<div id=\"elementor-toc__5d008735\" class=\"elementor-toc__body\">\n\t\t\t<div class=\"elementor-toc__spinner-container\">\n\t\t\t\t<i class=\"elementor-toc__spinner eicon-animation-spin eicon-loading\" aria-hidden=\"true\"><\/i>\t\t\t<\/div>\n\t\t<\/div>\n\t\t\t\t\t\t<\/div>\n\t\t\t\t<\/div>\n\t\t\t\t\t<\/div>\n\t\t<\/div>\n\t\t\t\t\t<\/div>\n\t\t<\/section>\n\t\t\t\t<section class=\"elementor-section elementor-top-section elementor-element elementor-element-29322562 elementor-section-boxed elementor-section-height-default elementor-section-height-default\" data-id=\"29322562\" data-element_type=\"section\" data-e-type=\"section\">\n\t\t\t\t\t\t<div class=\"elementor-container elementor-column-gap-default\">\n\t\t\t\t\t<div class=\"elementor-column elementor-col-100 elementor-top-column elementor-element elementor-element-33d0cc21\" data-id=\"33d0cc21\" data-element_type=\"column\" data-e-type=\"column\">\n\t\t\t<div class=\"elementor-widget-wrap elementor-element-populated\">\n\t\t\t\t\t\t<div class=\"elementor-element elementor-element-acde70a elementor-widget elementor-widget-heading\" data-id=\"acde70a\" data-element_type=\"widget\" data-e-type=\"widget\" data-widget_type=\"heading.default\">\n\t\t\t\t<div class=\"elementor-widget-container\">\n\t\t\t\t\t<h2 class=\"elementor-heading-title elementor-size-default\">Wo sich die Cuevas del Drach befinden und warum sie so besonders sind <\/h2>\t\t\t\t<\/div>\n\t\t\t\t<\/div>\n\t\t\t\t<div class=\"elementor-element elementor-element-6db42675 elementor-widget elementor-widget-text-editor\" data-id=\"6db42675\" data-element_type=\"widget\" data-e-type=\"widget\" data-widget_type=\"text-editor.default\">\n\t\t\t\t<div class=\"elementor-widget-container\">\n\t\t\t\t\t\t\t\t\t<p style=\"font-weight: 400;\">Die Cuevas del Drach befinden sich an der Ostk\u00fcste der Insel, ganz in der N\u00e4he von Porto Cristo. Ihre Lage ist perfekt, wenn Sie in Gegenden wie <a href=\"https:\/\/www.idealpropertymallorca.com\/blog\/de\/cala-millor-mallorca\/\">Cala Millor<\/a>, Cala Bona, Sa Coma untergebracht sind oder sogar, wenn Sie von anderen Orten der Insel kommen, um einen halbt\u00e4gigen Ausflug zu machen. <\/p><p style=\"font-weight: 400;\">Was sie so besonders macht, ist nicht nur ihre Gr\u00f6\u00dfe oder ihr Alter, sondern die Kombination von Elementen, die Sie in ihnen finden werden. <strong>Hier gibt es spektakul\u00e4re Felsformationen, riesige S\u00e4le, Lichtspiele und, als Hauptdarsteller, einen der gr\u00f6\u00dften unterirdischen Seen der Welt.<\/strong> All dies ist von einer Atmosph\u00e4re umgeben, die beeindruckt \u2013 und zwar sehr \u2013, denn die Cuevas del Drach auf Mallorca bilden sich seit Tausenden von Jahren auf nat\u00fcrliche Weise, Tropfen f\u00fcr Tropfen, nichts ist k\u00fcnstlich!<\/p>\t\t\t\t\t\t\t\t<\/div>\n\t\t\t\t<\/div>\n\t\t\t\t<div class=\"elementor-element elementor-element-964c971 elementor-widget elementor-widget-google_maps\" data-id=\"964c971\" data-element_type=\"widget\" data-e-type=\"widget\" data-widget_type=\"google_maps.default\">\n\t\t\t\t<div class=\"elementor-widget-container\">\n\t\t\t\t\t\t\t<div class=\"elementor-custom-embed\">\n\t\t\t<iframe loading=\"lazy\"\n\t\t\t\t\tsrc=\"https:\/\/maps.google.com\/maps?q=cuevas%20del%20drach&#038;t=m&#038;z=10&#038;output=embed&#038;iwloc=near\"\n\t\t\t\t\ttitle=\"cuevas del drach\"\n\t\t\t\t\taria-label=\"cuevas del drach\"\n\t\t\t><\/iframe>\n\t\t<\/div>\n\t\t\t\t\t\t<\/div>\n\t\t\t\t<\/div>\n\t\t\t\t\t<\/div>\n\t\t<\/div>\n\t\t\t\t\t<\/div>\n\t\t<\/section>\n\t\t\t\t<section class=\"elementor-section elementor-top-section elementor-element elementor-element-36cdcdd elementor-section-boxed elementor-section-height-default elementor-section-height-default\" data-id=\"36cdcdd\" data-element_type=\"section\" data-e-type=\"section\">\n\t\t\t\t\t\t<div class=\"elementor-container elementor-column-gap-default\">\n\t\t\t\t\t<div class=\"elementor-column elementor-col-100 elementor-top-column elementor-element elementor-element-7a016d6\" data-id=\"7a016d6\" data-element_type=\"column\" data-e-type=\"column\">\n\t\t\t<div class=\"elementor-widget-wrap elementor-element-populated\">\n\t\t\t\t\t\t<div class=\"elementor-element elementor-element-5c65083 elementor-widget elementor-widget-heading\" data-id=\"5c65083\" data-element_type=\"widget\" data-e-type=\"widget\" data-widget_type=\"heading.default\">\n\t\t\t\t<div class=\"elementor-widget-container\">\n\t\t\t\t\t<h2 class=\"elementor-heading-title elementor-size-default\">Wie der Besuch der Cuevas del Drach auf Mallorca abl\u00e4uft <\/h2>\t\t\t\t<\/div>\n\t\t\t\t<\/div>\n\t\t\t\t<div class=\"elementor-element elementor-element-30a001e elementor-widget elementor-widget-text-editor\" data-id=\"30a001e\" data-element_type=\"widget\" data-e-type=\"widget\" data-widget_type=\"text-editor.default\">\n\t\t\t\t<div class=\"elementor-widget-container\">\n\t\t\t\t\t\t\t\t\t<p style=\"font-weight: 400;\">Das Erlebnis <strong>dauert etwa eine Stunde und f\u00fchrt durch etwa 1.200 Meter unterirdische Galerien<\/strong>, die bis zu 25 Meter tief absteigen. Aber keine Sorge, denn die Innentemperatur bleibt das ganze Jahr \u00fcber stabil \u2013 zwischen 17 und 21\u00b0 \u2013, sodass der Besuch zu jeder Jahreszeit angenehm ist. <\/p><p style=\"font-weight: 400;\"><strong>W\u00e4hrend der Tour passieren Sie Tausende von Formationen, die \u00fcber Jahrhunderte gewachsen sind und die H\u00f6hle in ein echtes Naturspektakel verwandeln: Felsh\u00f6hlen, Stalaktiten, Stalagmiten und kleine Innenteiche, bis Sie zum Hauptdarsteller des Besuchs gelangen: dem riesigen See.<\/strong><\/p><p style=\"font-weight: 400;\">Sie werden von einem F\u00fchrer begleitet, der Ihnen interessante Details \u00fcber die Entstehung der H\u00f6hle, ihre Geschichte und ihre Ausma\u00dfe erkl\u00e4rt.<\/p><p style=\"font-weight: 400;\">Der Besuch ist perfekt organisiert; die Wege sind bequem, gut beleuchtet und haben keine gro\u00dfen H\u00f6henunterschiede, sodass es sich nicht um einen k\u00f6rperlich anstrengenden Besuch handelt.<\/p>\t\t\t\t\t\t\t\t<\/div>\n\t\t\t\t<\/div>\n\t\t\t\t\t<\/div>\n\t\t<\/div>\n\t\t\t\t\t<\/div>\n\t\t<\/section>\n\t\t\t\t<section class=\"elementor-section elementor-top-section elementor-element elementor-element-2fae2efe elementor-section-boxed elementor-section-height-default elementor-section-height-default\" data-id=\"2fae2efe\" data-element_type=\"section\" data-e-type=\"section\">\n\t\t\t\t\t\t<div class=\"elementor-container elementor-column-gap-default\">\n\t\t\t\t\t<div class=\"elementor-column elementor-col-100 elementor-top-column elementor-element elementor-element-45407de2\" data-id=\"45407de2\" data-element_type=\"column\" data-e-type=\"column\">\n\t\t\t<div class=\"elementor-widget-wrap elementor-element-populated\">\n\t\t\t\t\t\t<div class=\"elementor-element elementor-element-6b5a20fc elementor-widget elementor-widget-heading\" data-id=\"6b5a20fc\" data-element_type=\"widget\" data-e-type=\"widget\" data-widget_type=\"heading.default\">\n\t\t\t\t<div class=\"elementor-widget-container\">\n\t\t\t\t\t<h3 class=\"elementor-heading-title elementor-size-default\">Der Martel-See: der gro\u00dfe Moment der Cueva del Drach <\/h3>\t\t\t\t<\/div>\n\t\t\t\t<\/div>\n\t\t\t\t<div class=\"elementor-element elementor-element-483fd0a5 elementor-widget elementor-widget-text-editor\" data-id=\"483fd0a5\" data-element_type=\"widget\" data-e-type=\"widget\" data-widget_type=\"text-editor.default\">\n\t\t\t\t<div class=\"elementor-widget-container\">\n\t\t\t\t\t\t\t\t\t<p style=\"font-weight: 400;\">Es gibt einen Punkt des Besuchs, der die ganze Aufmerksamkeit auf sich zieht: den Martel-See. Hier anzukommen ist beeindruckend. Pl\u00f6tzlich <strong>werden Sie auf einen riesigen unterirdischen See sto\u00dfen<\/strong>.  <\/p><p style=\"font-weight: 400;\">Diese Wassermasse zeichnet sich nicht nur durch ihre Gr\u00f6\u00dfe aus \u2013 die auch \u2013, sondern auch durch das, was in ihr geschieht. W\u00e4hrend des Besuchs und genau an diesem Punkt werden die Lichter gedimmt, um den Beginn eines <strong>kleinen Konzerts klassischer Musik zu geben, das live von einigen Booten aus aufgef\u00fchrt wird.<\/strong> Es dauert etwa zehn Minuten und ist spektakul\u00e4r. <\/p><p style=\"font-weight: 400;\">Und warten Sie, denn nach dem Konzert sind Sie an der Reihe, in ein Boot zu steigen und eine kleine Fahrt \u00fcber den See zu machen.<\/p>\t\t\t\t\t\t\t\t<\/div>\n\t\t\t\t<\/div>\n\t\t\t\t<div class=\"elementor-element elementor-element-1a02237 elementor-widget elementor-widget-image\" data-id=\"1a02237\" data-element_type=\"widget\" data-e-type=\"widget\" data-widget_type=\"image.default\">\n\t\t\t\t<div class=\"elementor-widget-container\">\n\t\t\t\t\t\t\t\t\t\t\t\t\t\t\t<img fetchpriority=\"high\" decoding=\"async\" width=\"1255\" height=\"627\" src=\"https:\/\/www.idealpropertymallorca.com\/blog\/wp-content\/uploads\/2026\/01\/Cuevas-del-drach-lago-martel.jpg\" class=\"attachment-full size-full wp-image-23401\" alt=\"Cuevas-del-drach-lago-martel\" srcset=\"https:\/\/www.idealpropertymallorca.com\/blog\/wp-content\/uploads\/2026\/01\/Cuevas-del-drach-lago-martel.jpg 1255w, https:\/\/www.idealpropertymallorca.com\/blog\/wp-content\/uploads\/2026\/01\/Cuevas-del-drach-lago-martel-300x150.jpg 300w, https:\/\/www.idealpropertymallorca.com\/blog\/wp-content\/uploads\/2026\/01\/Cuevas-del-drach-lago-martel-1024x512.jpg 1024w, https:\/\/www.idealpropertymallorca.com\/blog\/wp-content\/uploads\/2026\/01\/Cuevas-del-drach-lago-martel-768x384.jpg 768w\" sizes=\"(max-width: 1255px) 100vw, 1255px\" \/>\t\t\t\t\t\t\t\t\t\t\t\t\t\t\t<\/div>\n\t\t\t\t<\/div>\n\t\t\t\t\t<\/div>\n\t\t<\/div>\n\t\t\t\t\t<\/div>\n\t\t<\/section>\n\t\t\t\t<section class=\"elementor-section elementor-top-section elementor-element elementor-element-cf8f44b elementor-section-boxed elementor-section-height-default elementor-section-height-default\" data-id=\"cf8f44b\" data-element_type=\"section\" data-e-type=\"section\">\n\t\t\t\t\t\t<div class=\"elementor-container elementor-column-gap-default\">\n\t\t\t\t\t<div class=\"elementor-column elementor-col-100 elementor-top-column elementor-element elementor-element-aecd807\" data-id=\"aecd807\" data-element_type=\"column\" data-e-type=\"column\">\n\t\t\t<div class=\"elementor-widget-wrap elementor-element-populated\">\n\t\t\t\t\t\t<div class=\"elementor-element elementor-element-fd6e153 elementor-widget elementor-widget-heading\" data-id=\"fd6e153\" data-element_type=\"widget\" data-e-type=\"widget\" data-widget_type=\"heading.default\">\n\t\t\t\t<div class=\"elementor-widget-container\">\n\t\t\t\t\t<h2 class=\"elementor-heading-title elementor-size-default\">Preise, Eintrittskarten und einige Kuriosit\u00e4ten, die man wissen sollte<\/h2>\t\t\t\t<\/div>\n\t\t\t\t<\/div>\n\t\t\t\t<div class=\"elementor-element elementor-element-11c69f8 elementor-widget elementor-widget-text-editor\" data-id=\"11c69f8\" data-element_type=\"widget\" data-e-type=\"widget\" data-widget_type=\"text-editor.default\">\n\t\t\t\t<div class=\"elementor-widget-container\">\n\t\t\t\t\t\t\t\t\t<p style=\"font-weight: 400;\">Die Eintrittskarten k\u00f6nnen online oder vor Ort gekauft werden, obwohl es am empfehlenswertesten ist, sie \u00fcber das Internet zu kaufen, da Sie sich nicht nur einen Platz sichern, sondern auch etwas g\u00fcnstiger wegkommen. Der Preis f\u00fcr Erwachsene betr\u00e4gt online 17,50 \u20ac und an der Kasse 18,50 \u20ac. F\u00fcr Kinder kostet der Pass 10,50 \u20ac, wenn Sie ihn online kaufen, und 11,50 \u20ac an der Kasse.  <\/p><p style=\"font-weight: 400;\">Eine wichtige Information ist, dass die H\u00f6hlen im <strong>Dezember und Januar geschlossen<\/strong> sind, aber den Rest des Jahres normal funktionieren. Und nein, <strong>Regen beeintr\u00e4chtigt den Besuch<\/strong> \u00fcberhaupt nicht, daher ist es auch an bew\u00f6lkten oder verregneten Tagen ein perfekter Plan. <\/p><p style=\"font-weight: 400;\">Was die Tour betrifft, so gibt es Stufen und Unebenheiten, sodass der Zugang mit Kinderwagen oder Rollst\u00fchlen nicht gestattet ist. Auch das Rauchen ist im Inneren nicht gestattet und es ist obligatorisch, die Anweisungen des Personals zu befolgen und die markierten Wege nicht zu verlassen. <strong>Was Sie mitnehmen k\u00f6nnen, ist eine Menge Erinnerungsfotos<\/strong>, aber immer ohne <em>Blitz<\/em>. <\/p><p style=\"font-weight: 400;\"><strong>Mit all dem im Hinterkopf bleibt Ihnen nur noch, einen Tag auszuw\u00e4hlen, <a href=\"https:\/\/www.cuevasdeldrach.com\/index.php\">die Eintrittskarte zu kaufen<\/a> und sich \u00fcberraschen zu lassen.<\/strong><\/p>\t\t\t\t\t\t\t\t<\/div>\n\t\t\t\t<\/div>\n\t\t\t\t<div class=\"elementor-element elementor-element-dfa669a elementor-widget elementor-widget-image\" data-id=\"dfa669a\" data-element_type=\"widget\" data-e-type=\"widget\" data-widget_type=\"image.default\">\n\t\t\t\t<div class=\"elementor-widget-container\">\n\t\t\t\t\t\t\t\t\t\t\t\t\t\t\t<img decoding=\"async\" width=\"1232\" height=\"615\" src=\"https:\/\/www.idealpropertymallorca.com\/blog\/wp-content\/uploads\/2026\/01\/entradas-tickets-coves-drach-mallorca.jpg\" class=\"attachment-full size-full wp-image-23405\" alt=\"entradas-tickets-coves-drach-mallorca\" srcset=\"https:\/\/www.idealpropertymallorca.com\/blog\/wp-content\/uploads\/2026\/01\/entradas-tickets-coves-drach-mallorca.jpg 1232w, https:\/\/www.idealpropertymallorca.com\/blog\/wp-content\/uploads\/2026\/01\/entradas-tickets-coves-drach-mallorca-300x150.jpg 300w, https:\/\/www.idealpropertymallorca.com\/blog\/wp-content\/uploads\/2026\/01\/entradas-tickets-coves-drach-mallorca-1024x511.jpg 1024w, https:\/\/www.idealpropertymallorca.com\/blog\/wp-content\/uploads\/2026\/01\/entradas-tickets-coves-drach-mallorca-768x383.jpg 768w\" sizes=\"(max-width: 1232px) 100vw, 1232px\" \/>\t\t\t\t\t\t\t\t\t\t\t\t\t\t\t<\/div>\n\t\t\t\t<\/div>\n\t\t\t\t\t<\/div>\n\t\t<\/div>\n\t\t\t\t\t<\/div>\n\t\t<\/section>\n\t\t\t\t<section class=\"elementor-section elementor-top-section elementor-element elementor-element-436fcbb elementor-section-boxed elementor-section-height-default elementor-section-height-default\" data-id=\"436fcbb\" data-element_type=\"section\" data-e-type=\"section\">\n\t\t\t\t\t\t<div class=\"elementor-container elementor-column-gap-default\">\n\t\t\t\t\t<div class=\"elementor-column elementor-col-100 elementor-top-column elementor-element elementor-element-29ff99f\" data-id=\"29ff99f\" data-element_type=\"column\" data-e-type=\"column\">\n\t\t\t<div class=\"elementor-widget-wrap elementor-element-populated\">\n\t\t\t\t\t\t<div class=\"elementor-element elementor-element-c2a1cb5 elementor-widget elementor-widget-heading\" data-id=\"c2a1cb5\" data-element_type=\"widget\" data-e-type=\"widget\" data-widget_type=\"heading.default\">\n\t\t\t\t<div class=\"elementor-widget-container\">\n\t\t\t\t\t<h2 class=\"elementor-heading-title elementor-size-default\">Was man nach dem Besuch der Cuevas del Drach auf Mallorca unternehmen kann <\/h2>\t\t\t\t<\/div>\n\t\t\t\t<\/div>\n\t\t\t\t<div class=\"elementor-element elementor-element-a48fe32 elementor-widget elementor-widget-text-editor\" data-id=\"a48fe32\" data-element_type=\"widget\" data-e-type=\"widget\" data-widget_type=\"text-editor.default\">\n\t\t\t\t<div class=\"elementor-widget-container\">\n\t\t\t\t\t\t\t\t\t<p style=\"font-weight: 400;\">Da Sie schon einmal hier sind, lohnt es sich, den Tag zu nutzen und diesen Teil der Insel weiter zu entdecken, der mehr Pl\u00e4ne hat, als es auf den ersten Blick scheint.<\/p><p style=\"font-weight: 400;\">Ganz in der N\u00e4he der H\u00f6hlen befindet sich der <strong>Torre dels Falcons, ein altes Wachgeb\u00e4ude mit einer Aussicht, die den Spaziergang wert ist.<\/strong><\/p><p style=\"font-weight: 400;\">Wenn das Wetter mitspielt, ist es logisch, sich dem Meer zu n\u00e4hern. <strong>Sie k\u00f6nnen zwischen Cala Murta, einer kleinen und ruhigen Bucht, die ideal zum Entspannen ist, oder dem Playa de Porto Cristo, der breiter und komfortabler ist, w\u00e4hlen. <\/strong>Wenn es hei\u00df ist, ist es der perfekte Ort, um sich zu sonnen oder ein Bad zu nehmen; und wenn das Wetter nicht zum Baden einl\u00e4dt, k\u00f6nnen Sie jederzeit am Ufer entlang spazieren.<\/p><p style=\"font-weight: 400;\">Und Sie k\u00f6nnen auch nicht gehen, ohne die Ortschaft Porto Cristo in Ruhe zu erkunden und etwas im <a href=\"https:\/\/resto-bar.es\/\">RestoBar Porto Cristo<\/a> zu trinken, eine gute Option, um den Tag ausklingen zu lassen.<\/p>\t\t\t\t\t\t\t\t<\/div>\n\t\t\t\t<\/div>\n\t\t\t\t\t<\/div>\n\t\t<\/div>\n\t\t\t\t\t<\/div>\n\t\t<\/section>\n\t\t\t\t<section class=\"elementor-section elementor-top-section elementor-element elementor-element-cf224be elementor-section-boxed elementor-section-height-default elementor-section-height-default\" data-id=\"cf224be\" data-element_type=\"section\" data-e-type=\"section\">\n\t\t\t\t\t\t<div class=\"elementor-container elementor-column-gap-default\">\n\t\t\t\t\t<div class=\"elementor-column elementor-col-100 elementor-top-column elementor-element elementor-element-2f663733\" data-id=\"2f663733\" data-element_type=\"column\" data-e-type=\"column\">\n\t\t\t<div class=\"elementor-widget-wrap elementor-element-populated\">\n\t\t\t\t\t\t<div class=\"elementor-element elementor-element-56e3424e elementor-widget elementor-widget-heading\" data-id=\"56e3424e\" data-element_type=\"widget\" data-e-type=\"widget\" data-widget_type=\"heading.default\">\n\t\t\t\t<div class=\"elementor-widget-container\">\n\t\t\t\t\t<h2 class=\"elementor-heading-title elementor-size-default\">F\u00fcgen Sie die Cuevas del Drach zu Ihrer Reiseroute durch Mallorca hinzu<\/h2>\t\t\t\t<\/div>\n\t\t\t\t<\/div>\n\t\t\t\t<div class=\"elementor-element elementor-element-6de6fa95 elementor-widget elementor-widget-text-editor\" data-id=\"6de6fa95\" data-element_type=\"widget\" data-e-type=\"widget\" data-widget_type=\"text-editor.default\">\n\t\t\t\t<div class=\"elementor-widget-container\">\n\t\t\t\t\t\t\t\t\t<p style=\"font-weight: 400;\">Es gibt viele Pl\u00e4ne auf Mallorca, die sich lohnen, aber nur wenige haben den \u00dcberraschungseffekt der Cuevas del Drach. <strong>Sie sind nicht vom Klima abh\u00e4ngig, kommen nicht aus der Mode und sind mit nichts zu vergleichen, was Sie zuvor auf der Insel gesehen haben.<\/strong><\/p><p style=\"font-weight: 400;\">Sie sind die Art von Besuch, die perfekt in eine Reise passt, die die <a href=\"https:\/\/www.idealpropertymallorca.com\/blog\/es\/calas-mallorca\/\">besten Buchten Mallorcas<\/a> mit <a href=\"https:\/\/www.idealpropertymallorca.com\/blog\/es\/rutas-mallorca\/\">Wanderrouten<\/a> und <a href=\"https:\/\/www.idealpropertymallorca.com\/blog\/es\/miradores-mallorca\/\">spektakul\u00e4ren Aussichtspunkten<\/a> verbindet. Ein anderer Plan, der diese Tage am Strand und in der Natur mit einem anderen Erlebnis unter der Erde ausgleicht. <\/p><p style=\"font-weight: 400;\">Wenn Sie Ihre Reise planen und Zweifel haben, was Sie einbeziehen und was Sie weglassen sollen, gibt es hier nicht viel zu \u00fcberlegen: <strong>Die Cuevas del Drach sind ein klares Ja.<\/strong> Genauso wie die Unterk\u00fcnfte, die wir in <a href=\"https:\/\/www.idealpropertymallorca.com\/es\/\">Ideal Property<\/a> haben, Apartments, H\u00e4user und Villen, die perfekt zu Ihrem Kurzurlaub auf Mallorca passen.<\/p>\t\t\t\t\t\t\t\t<\/div>\n\t\t\t\t<\/div>\n\t\t\t\t\t<\/div>\n\t\t<\/div>\n\t\t\t\t\t<\/div>\n\t\t<\/section>\n\t\t\t\t<\/div>\n\t\t","protected":false},"excerpt":{"rendered":"<p>Ein Besuch der Cuevas del Drach ist einer dieser Pl\u00e4ne, die nicht viel Vorstellungskraft erfordern. Es spielt keine Rolle, ob es Ihre erste Reise auf die Mittelmeerinsel ist oder ob Sie schon \u00f6fter hier waren; es spielt auch keine Rolle, ob Sie als Paar, als Familie oder auf eigene Faust kommen. Das Betreten dieser unterirdischen [&hellip;]<\/p>\n","protected":false},"author":8,"featured_media":23409,"comment_status":"open","ping_status":"open","sticky":false,"template":"","format":"standard","meta":{"footnotes":""},"categories":[757],"tags":[],"class_list":["post-23420","post","type-post","status-publish","format-standard","has-post-thumbnail","hentry","category-touristenattraktionen"],"yoast_head":"<!-- This site is optimized with the Yoast SEO plugin v27.4 - https:\/\/yoast.com\/product\/yoast-seo-wordpress\/ -->\n<title>Cuevas del Drach: Ein Muss bei Ihrer Reise nach Mallorca - Blog von Mallorca<\/title>\n<meta name=\"description\" content=\"Entdecken Sie die Cuevas del Drach auf Mallorca und erleben Sie ein fantastisches Erlebnis, w\u00e4hrend Sie die komplette Tour machen und den unterirdischen See genie\u00dfen.\" \/>\n<meta name=\"robots\" content=\"index, follow, max-snippet:-1, max-image-preview:large, max-video-preview:-1\" \/>\n<link rel=\"canonical\" href=\"https:\/\/www.idealpropertymallorca.com\/blog\/de\/cuevas-del-drach\/\" \/>\n<meta property=\"og:locale\" content=\"de_DE\" \/>\n<meta property=\"og:type\" content=\"article\" \/>\n<meta property=\"og:title\" content=\"Cuevas del Drach: Ein Muss bei Ihrer Reise nach Mallorca - Blog von Mallorca\" \/>\n<meta property=\"og:description\" content=\"Entdecken Sie die Cuevas del Drach auf Mallorca und erleben Sie ein fantastisches Erlebnis, w\u00e4hrend Sie die komplette Tour machen und den unterirdischen See genie\u00dfen.\" \/>\n<meta property=\"og:url\" content=\"https:\/\/www.idealpropertymallorca.com\/blog\/de\/cuevas-del-drach\/\" \/>\n<meta property=\"og:site_name\" content=\"Blog von Mallorca\" \/>\n<meta property=\"article:published_time\" content=\"2026-01-27T11:56:45+00:00\" \/>\n<meta property=\"article:modified_time\" content=\"2026-01-27T11:56:55+00:00\" \/>\n<meta property=\"og:image\" content=\"https:\/\/www.idealpropertymallorca.com\/blog\/wp-content\/uploads\/2026\/01\/cuevas-del-drach-mallorca.jpg\" \/>\n\t<meta property=\"og:image:width\" content=\"2121\" \/>\n\t<meta property=\"og:image:height\" content=\"707\" \/>\n\t<meta property=\"og:image:type\" content=\"image\/jpeg\" \/>\n<meta name=\"author\" content=\"Laura\" \/>\n<meta name=\"twitter:card\" content=\"summary_large_image\" \/>\n<meta name=\"twitter:label1\" content=\"Written by\" \/>\n\t<meta name=\"twitter:data1\" content=\"Laura\" \/>\n\t<meta name=\"twitter:label2\" content=\"Est. reading time\" \/>\n\t<meta name=\"twitter:data2\" content=\"5 minutes\" \/>\n<script type=\"application\/ld+json\" class=\"yoast-schema-graph\">{\"@context\":\"https:\\\/\\\/schema.org\",\"@graph\":[{\"@type\":\"Article\",\"@id\":\"https:\\\/\\\/www.idealpropertymallorca.com\\\/blog\\\/de\\\/cuevas-del-drach\\\/#article\",\"isPartOf\":{\"@id\":\"https:\\\/\\\/www.idealpropertymallorca.com\\\/blog\\\/de\\\/cuevas-del-drach\\\/\"},\"author\":{\"name\":\"Laura\",\"@id\":\"https:\\\/\\\/www.idealpropertymallorca.com\\\/blog\\\/de\\\/#\\\/schema\\\/person\\\/53b99bcf6881b706ccaf30eb50de4c8e\"},\"headline\":\"Cuevas del Drach: Ein Muss bei Ihrer Reise nach Mallorca\",\"datePublished\":\"2026-01-27T11:56:45+00:00\",\"dateModified\":\"2026-01-27T11:56:55+00:00\",\"mainEntityOfPage\":{\"@id\":\"https:\\\/\\\/www.idealpropertymallorca.com\\\/blog\\\/de\\\/cuevas-del-drach\\\/\"},\"wordCount\":1084,\"commentCount\":0,\"publisher\":{\"@id\":\"https:\\\/\\\/www.idealpropertymallorca.com\\\/blog\\\/de\\\/#organization\"},\"image\":{\"@id\":\"https:\\\/\\\/www.idealpropertymallorca.com\\\/blog\\\/de\\\/cuevas-del-drach\\\/#primaryimage\"},\"thumbnailUrl\":\"https:\\\/\\\/www.idealpropertymallorca.com\\\/blog\\\/wp-content\\\/uploads\\\/2026\\\/01\\\/cuevas-del-drach-mallorca.jpg\",\"articleSection\":[\"Touristenattraktionen\"],\"inLanguage\":\"de\",\"potentialAction\":[{\"@type\":\"CommentAction\",\"name\":\"Comment\",\"target\":[\"https:\\\/\\\/www.idealpropertymallorca.com\\\/blog\\\/de\\\/cuevas-del-drach\\\/#respond\"]}]},{\"@type\":\"WebPage\",\"@id\":\"https:\\\/\\\/www.idealpropertymallorca.com\\\/blog\\\/de\\\/cuevas-del-drach\\\/\",\"url\":\"https:\\\/\\\/www.idealpropertymallorca.com\\\/blog\\\/de\\\/cuevas-del-drach\\\/\",\"name\":\"Cuevas del Drach: Ein Muss bei Ihrer Reise nach Mallorca - Blog von Mallorca\",\"isPartOf\":{\"@id\":\"https:\\\/\\\/www.idealpropertymallorca.com\\\/blog\\\/de\\\/#website\"},\"primaryImageOfPage\":{\"@id\":\"https:\\\/\\\/www.idealpropertymallorca.com\\\/blog\\\/de\\\/cuevas-del-drach\\\/#primaryimage\"},\"image\":{\"@id\":\"https:\\\/\\\/www.idealpropertymallorca.com\\\/blog\\\/de\\\/cuevas-del-drach\\\/#primaryimage\"},\"thumbnailUrl\":\"https:\\\/\\\/www.idealpropertymallorca.com\\\/blog\\\/wp-content\\\/uploads\\\/2026\\\/01\\\/cuevas-del-drach-mallorca.jpg\",\"datePublished\":\"2026-01-27T11:56:45+00:00\",\"dateModified\":\"2026-01-27T11:56:55+00:00\",\"description\":\"Entdecken Sie die Cuevas del Drach auf Mallorca und erleben Sie ein fantastisches Erlebnis, w\u00e4hrend Sie die komplette Tour machen und den unterirdischen See genie\u00dfen.\",\"inLanguage\":\"de\",\"potentialAction\":[{\"@type\":\"ReadAction\",\"target\":[\"https:\\\/\\\/www.idealpropertymallorca.com\\\/blog\\\/de\\\/cuevas-del-drach\\\/\"]}]},{\"@type\":\"ImageObject\",\"inLanguage\":\"de\",\"@id\":\"https:\\\/\\\/www.idealpropertymallorca.com\\\/blog\\\/de\\\/cuevas-del-drach\\\/#primaryimage\",\"url\":\"https:\\\/\\\/www.idealpropertymallorca.com\\\/blog\\\/wp-content\\\/uploads\\\/2026\\\/01\\\/cuevas-del-drach-mallorca.jpg\",\"contentUrl\":\"https:\\\/\\\/www.idealpropertymallorca.com\\\/blog\\\/wp-content\\\/uploads\\\/2026\\\/01\\\/cuevas-del-drach-mallorca.jpg\",\"width\":2121,\"height\":707,\"caption\":\"amazing photos of Drach Caves in Mallorca, Spain, Europe\"},{\"@type\":\"WebSite\",\"@id\":\"https:\\\/\\\/www.idealpropertymallorca.com\\\/blog\\\/de\\\/#website\",\"url\":\"https:\\\/\\\/www.idealpropertymallorca.com\\\/blog\\\/de\\\/\",\"name\":\"Blog von Mallorca\",\"description\":\"Finden Sie touristische Informationen dar\u00fcber, was zu sehen und zu tun auf der Insel Mallorca w\u00e4hrend der Ferien. Entdecken Sie die besten Orte!\",\"publisher\":{\"@id\":\"https:\\\/\\\/www.idealpropertymallorca.com\\\/blog\\\/de\\\/#organization\"},\"potentialAction\":[{\"@type\":\"SearchAction\",\"target\":{\"@type\":\"EntryPoint\",\"urlTemplate\":\"https:\\\/\\\/www.idealpropertymallorca.com\\\/blog\\\/de\\\/?s={search_term_string}\"},\"query-input\":{\"@type\":\"PropertyValueSpecification\",\"valueRequired\":true,\"valueName\":\"search_term_string\"}}],\"inLanguage\":\"de\"},{\"@type\":\"Organization\",\"@id\":\"https:\\\/\\\/www.idealpropertymallorca.com\\\/blog\\\/de\\\/#organization\",\"name\":\"Blog von Mallorca\",\"url\":\"https:\\\/\\\/www.idealpropertymallorca.com\\\/blog\\\/de\\\/\",\"logo\":{\"@type\":\"ImageObject\",\"inLanguage\":\"de\",\"@id\":\"https:\\\/\\\/www.idealpropertymallorca.com\\\/blog\\\/de\\\/#\\\/schema\\\/logo\\\/image\\\/\",\"url\":\"https:\\\/\\\/www.idealpropertymallorca.com\\\/blog\\\/wp-content\\\/uploads\\\/2024\\\/10\\\/ideal-property-mallorca-blue-mobile.png\",\"contentUrl\":\"https:\\\/\\\/www.idealpropertymallorca.com\\\/blog\\\/wp-content\\\/uploads\\\/2024\\\/10\\\/ideal-property-mallorca-blue-mobile.png\",\"width\":500,\"height\":150,\"caption\":\"Blog von Mallorca\"},\"image\":{\"@id\":\"https:\\\/\\\/www.idealpropertymallorca.com\\\/blog\\\/de\\\/#\\\/schema\\\/logo\\\/image\\\/\"}},{\"@type\":\"Person\",\"@id\":\"https:\\\/\\\/www.idealpropertymallorca.com\\\/blog\\\/de\\\/#\\\/schema\\\/person\\\/53b99bcf6881b706ccaf30eb50de4c8e\",\"name\":\"Laura\",\"image\":{\"@type\":\"ImageObject\",\"inLanguage\":\"de\",\"@id\":\"https:\\\/\\\/secure.gravatar.com\\\/avatar\\\/38b396224481eeb6edadb558d7e4a6d1ff1c8ba1e6abd3951e451527e107c96b?s=96&d=mm&r=g\",\"url\":\"https:\\\/\\\/secure.gravatar.com\\\/avatar\\\/38b396224481eeb6edadb558d7e4a6d1ff1c8ba1e6abd3951e451527e107c96b?s=96&d=mm&r=g\",\"contentUrl\":\"https:\\\/\\\/secure.gravatar.com\\\/avatar\\\/38b396224481eeb6edadb558d7e4a6d1ff1c8ba1e6abd3951e451527e107c96b?s=96&d=mm&r=g\",\"caption\":\"Laura\"}}]}<\/script>\n<!-- \/ Yoast SEO plugin. -->","yoast_head_json":{"title":"Cuevas del Drach: Ein Muss bei Ihrer Reise nach Mallorca - Blog von Mallorca","description":"Entdecken Sie die Cuevas del Drach auf Mallorca und erleben Sie ein fantastisches Erlebnis, w\u00e4hrend Sie die komplette Tour machen und den unterirdischen See genie\u00dfen.","robots":{"index":"index","follow":"follow","max-snippet":"max-snippet:-1","max-image-preview":"max-image-preview:large","max-video-preview":"max-video-preview:-1"},"canonical":"https:\/\/www.idealpropertymallorca.com\/blog\/de\/cuevas-del-drach\/","og_locale":"de_DE","og_type":"article","og_title":"Cuevas del Drach: Ein Muss bei Ihrer Reise nach Mallorca - Blog von Mallorca","og_description":"Entdecken Sie die Cuevas del Drach auf Mallorca und erleben Sie ein fantastisches Erlebnis, w\u00e4hrend Sie die komplette Tour machen und den unterirdischen See genie\u00dfen.","og_url":"https:\/\/www.idealpropertymallorca.com\/blog\/de\/cuevas-del-drach\/","og_site_name":"Blog von Mallorca","article_published_time":"2026-01-27T11:56:45+00:00","article_modified_time":"2026-01-27T11:56:55+00:00","og_image":[{"width":2121,"height":707,"url":"https:\/\/www.idealpropertymallorca.com\/blog\/wp-content\/uploads\/2026\/01\/cuevas-del-drach-mallorca.jpg","type":"image\/jpeg"}],"author":"Laura","twitter_card":"summary_large_image","twitter_misc":{"Written by":"Laura","Est. reading time":"5 minutes"},"schema":{"@context":"https:\/\/schema.org","@graph":[{"@type":"Article","@id":"https:\/\/www.idealpropertymallorca.com\/blog\/de\/cuevas-del-drach\/#article","isPartOf":{"@id":"https:\/\/www.idealpropertymallorca.com\/blog\/de\/cuevas-del-drach\/"},"author":{"name":"Laura","@id":"https:\/\/www.idealpropertymallorca.com\/blog\/de\/#\/schema\/person\/53b99bcf6881b706ccaf30eb50de4c8e"},"headline":"Cuevas del Drach: Ein Muss bei Ihrer Reise nach Mallorca","datePublished":"2026-01-27T11:56:45+00:00","dateModified":"2026-01-27T11:56:55+00:00","mainEntityOfPage":{"@id":"https:\/\/www.idealpropertymallorca.com\/blog\/de\/cuevas-del-drach\/"},"wordCount":1084,"commentCount":0,"publisher":{"@id":"https:\/\/www.idealpropertymallorca.com\/blog\/de\/#organization"},"image":{"@id":"https:\/\/www.idealpropertymallorca.com\/blog\/de\/cuevas-del-drach\/#primaryimage"},"thumbnailUrl":"https:\/\/www.idealpropertymallorca.com\/blog\/wp-content\/uploads\/2026\/01\/cuevas-del-drach-mallorca.jpg","articleSection":["Touristenattraktionen"],"inLanguage":"de","potentialAction":[{"@type":"CommentAction","name":"Comment","target":["https:\/\/www.idealpropertymallorca.com\/blog\/de\/cuevas-del-drach\/#respond"]}]},{"@type":"WebPage","@id":"https:\/\/www.idealpropertymallorca.com\/blog\/de\/cuevas-del-drach\/","url":"https:\/\/www.idealpropertymallorca.com\/blog\/de\/cuevas-del-drach\/","name":"Cuevas del Drach: Ein Muss bei Ihrer Reise nach Mallorca - Blog von Mallorca","isPartOf":{"@id":"https:\/\/www.idealpropertymallorca.com\/blog\/de\/#website"},"primaryImageOfPage":{"@id":"https:\/\/www.idealpropertymallorca.com\/blog\/de\/cuevas-del-drach\/#primaryimage"},"image":{"@id":"https:\/\/www.idealpropertymallorca.com\/blog\/de\/cuevas-del-drach\/#primaryimage"},"thumbnailUrl":"https:\/\/www.idealpropertymallorca.com\/blog\/wp-content\/uploads\/2026\/01\/cuevas-del-drach-mallorca.jpg","datePublished":"2026-01-27T11:56:45+00:00","dateModified":"2026-01-27T11:56:55+00:00","description":"Entdecken Sie die Cuevas del Drach auf Mallorca und erleben Sie ein fantastisches Erlebnis, w\u00e4hrend Sie die komplette Tour machen und den unterirdischen See genie\u00dfen.","inLanguage":"de","potentialAction":[{"@type":"ReadAction","target":["https:\/\/www.idealpropertymallorca.com\/blog\/de\/cuevas-del-drach\/"]}]},{"@type":"ImageObject","inLanguage":"de","@id":"https:\/\/www.idealpropertymallorca.com\/blog\/de\/cuevas-del-drach\/#primaryimage","url":"https:\/\/www.idealpropertymallorca.com\/blog\/wp-content\/uploads\/2026\/01\/cuevas-del-drach-mallorca.jpg","contentUrl":"https:\/\/www.idealpropertymallorca.com\/blog\/wp-content\/uploads\/2026\/01\/cuevas-del-drach-mallorca.jpg","width":2121,"height":707,"caption":"amazing photos of Drach Caves in Mallorca, Spain, Europe"},{"@type":"WebSite","@id":"https:\/\/www.idealpropertymallorca.com\/blog\/de\/#website","url":"https:\/\/www.idealpropertymallorca.com\/blog\/de\/","name":"Blog von Mallorca","description":"Finden Sie touristische Informationen dar\u00fcber, was zu sehen und zu tun auf der Insel Mallorca w\u00e4hrend der Ferien. Entdecken Sie die besten Orte!","publisher":{"@id":"https:\/\/www.idealpropertymallorca.com\/blog\/de\/#organization"},"potentialAction":[{"@type":"SearchAction","target":{"@type":"EntryPoint","urlTemplate":"https:\/\/www.idealpropertymallorca.com\/blog\/de\/?s={search_term_string}"},"query-input":{"@type":"PropertyValueSpecification","valueRequired":true,"valueName":"search_term_string"}}],"inLanguage":"de"},{"@type":"Organization","@id":"https:\/\/www.idealpropertymallorca.com\/blog\/de\/#organization","name":"Blog von Mallorca","url":"https:\/\/www.idealpropertymallorca.com\/blog\/de\/","logo":{"@type":"ImageObject","inLanguage":"de","@id":"https:\/\/www.idealpropertymallorca.com\/blog\/de\/#\/schema\/logo\/image\/","url":"https:\/\/www.idealpropertymallorca.com\/blog\/wp-content\/uploads\/2024\/10\/ideal-property-mallorca-blue-mobile.png","contentUrl":"https:\/\/www.idealpropertymallorca.com\/blog\/wp-content\/uploads\/2024\/10\/ideal-property-mallorca-blue-mobile.png","width":500,"height":150,"caption":"Blog von Mallorca"},"image":{"@id":"https:\/\/www.idealpropertymallorca.com\/blog\/de\/#\/schema\/logo\/image\/"}},{"@type":"Person","@id":"https:\/\/www.idealpropertymallorca.com\/blog\/de\/#\/schema\/person\/53b99bcf6881b706ccaf30eb50de4c8e","name":"Laura","image":{"@type":"ImageObject","inLanguage":"de","@id":"https:\/\/secure.gravatar.com\/avatar\/38b396224481eeb6edadb558d7e4a6d1ff1c8ba1e6abd3951e451527e107c96b?s=96&d=mm&r=g","url":"https:\/\/secure.gravatar.com\/avatar\/38b396224481eeb6edadb558d7e4a6d1ff1c8ba1e6abd3951e451527e107c96b?s=96&d=mm&r=g","contentUrl":"https:\/\/secure.gravatar.com\/avatar\/38b396224481eeb6edadb558d7e4a6d1ff1c8ba1e6abd3951e451527e107c96b?s=96&d=mm&r=g","caption":"Laura"}}]}},"_links":{"self":[{"href":"https:\/\/www.idealpropertymallorca.com\/blog\/de\/wp-json\/wp\/v2\/posts\/23420","targetHints":{"allow":["GET"]}}],"collection":[{"href":"https:\/\/www.idealpropertymallorca.com\/blog\/de\/wp-json\/wp\/v2\/posts"}],"about":[{"href":"https:\/\/www.idealpropertymallorca.com\/blog\/de\/wp-json\/wp\/v2\/types\/post"}],"author":[{"embeddable":true,"href":"https:\/\/www.idealpropertymallorca.com\/blog\/de\/wp-json\/wp\/v2\/users\/8"}],"replies":[{"embeddable":true,"href":"https:\/\/www.idealpropertymallorca.com\/blog\/de\/wp-json\/wp\/v2\/comments?post=23420"}],"version-history":[{"count":1,"href":"https:\/\/www.idealpropertymallorca.com\/blog\/de\/wp-json\/wp\/v2\/posts\/23420\/revisions"}],"predecessor-version":[{"id":23421,"href":"https:\/\/www.idealpropertymallorca.com\/blog\/de\/wp-json\/wp\/v2\/posts\/23420\/revisions\/23421"}],"wp:featuredmedia":[{"embeddable":true,"href":"https:\/\/www.idealpropertymallorca.com\/blog\/de\/wp-json\/wp\/v2\/media\/23409"}],"wp:attachment":[{"href":"https:\/\/www.idealpropertymallorca.com\/blog\/de\/wp-json\/wp\/v2\/media?parent=23420"}],"wp:term":[{"taxonomy":"category","embeddable":true,"href":"https:\/\/www.idealpropertymallorca.com\/blog\/de\/wp-json\/wp\/v2\/categories?post=23420"},{"taxonomy":"post_tag","embeddable":true,"href":"https:\/\/www.idealpropertymallorca.com\/blog\/de\/wp-json\/wp\/v2\/tags?post=23420"}],"curies":[{"name":"wp","href":"https:\/\/api.w.org\/{rel}","templated":true}]}}