{"id":23418,"date":"2026-01-27T11:53:44","date_gmt":"2026-01-27T11:53:44","guid":{"rendered":"https:\/\/www.idealpropertymallorca.com\/blog\/cala-bona\/"},"modified":"2026-01-27T11:53:45","modified_gmt":"2026-01-27T11:53:45","slug":"cala-bona","status":"publish","type":"post","link":"https:\/\/www.idealpropertymallorca.com\/blog\/de\/cala-bona\/","title":{"rendered":"Cala Bona, einer der gro\u00dfen Unbekannten Mallorcas"},"content":{"rendered":"\t\t<div data-elementor-type=\"wp-post\" data-elementor-id=\"23418\" class=\"elementor elementor-23418 elementor-23374\" data-elementor-post-type=\"post\">\n\t\t\t\t\t\t<section class=\"elementor-section elementor-top-section elementor-element elementor-element-7023b6e4 elementor-section-boxed elementor-section-height-default elementor-section-height-default\" data-id=\"7023b6e4\" data-element_type=\"section\" data-e-type=\"section\">\n\t\t\t\t\t\t<div class=\"elementor-container elementor-column-gap-default\">\n\t\t\t\t\t<div class=\"elementor-column elementor-col-100 elementor-top-column elementor-element elementor-element-5cff584d\" data-id=\"5cff584d\" data-element_type=\"column\" data-e-type=\"column\">\n\t\t\t<div class=\"elementor-widget-wrap elementor-element-populated\">\n\t\t\t\t\t\t<div class=\"elementor-element elementor-element-594d2fc2 elementor-widget elementor-widget-text-editor\" data-id=\"594d2fc2\" data-element_type=\"widget\" data-e-type=\"widget\" data-widget_type=\"text-editor.default\">\n\t\t\t\t<div class=\"elementor-widget-container\">\n\t\t\t\t\t\t\t\t\t<p style=\"font-weight: 400;\">Cala Bona ist ein kleiner K\u00fcstenort an der Ostk\u00fcste Mallorcas, der f\u00fcr seinen Ursprung als Fischerhafen bekannt ist. Wir wollen Ihnen nichts vormachen: <strong>Es ist weder der Protagonist einer typischen Postkarte der Insel noch ein gro\u00dfer touristischer Anziehungspunkt, und genau das macht ihn so besonders.<\/strong> <\/p><p style=\"font-weight: 400;\">Es lohnt sich, diesen Ort kennenzulernen, weil er eine perfekte Alternative zu anderen, st\u00e4rker frequentierten Gebieten ist. Wenn Sie einen Ort suchen, wo Sie in aller Ruhe \u00fcbernachten, den Tag verbringen oder zum Essen einkehren k\u00f6nnen, dann sind Sie hier genau richtig! Cala Bona hat Str\u00e4nde, Buchten, Restaurants und Pl\u00e4ne f\u00fcr jeden Geschmack.  <\/p>\t\t\t\t\t\t\t\t<\/div>\n\t\t\t\t<\/div>\n\t\t\t\t\t<\/div>\n\t\t<\/div>\n\t\t\t\t\t<\/div>\n\t\t<\/section>\n\t\t\t\t<section class=\"elementor-section elementor-top-section elementor-element elementor-element-425b8127 elementor-section-boxed elementor-section-height-default elementor-section-height-default\" data-id=\"425b8127\" data-element_type=\"section\" data-e-type=\"section\">\n\t\t\t\t\t\t<div class=\"elementor-container elementor-column-gap-default\">\n\t\t\t\t\t<div class=\"elementor-column elementor-col-100 elementor-top-column elementor-element elementor-element-3c54afb3\" data-id=\"3c54afb3\" data-element_type=\"column\" data-e-type=\"column\">\n\t\t\t<div class=\"elementor-widget-wrap elementor-element-populated\">\n\t\t\t\t\t\t<div class=\"elementor-element elementor-element-7b1a827f elementor-widget elementor-widget-table-of-contents\" data-id=\"7b1a827f\" data-element_type=\"widget\" data-e-type=\"widget\" data-settings=\"{&quot;headings_by_tags&quot;:[&quot;h2&quot;],&quot;exclude_headings_by_selector&quot;:[],&quot;marker_view&quot;:&quot;bullets&quot;,&quot;icon&quot;:{&quot;value&quot;:&quot;&quot;,&quot;library&quot;:&quot;&quot;},&quot;no_headings_message&quot;:&quot;No headings were found on this page.&quot;,&quot;hierarchical_view&quot;:&quot;yes&quot;,&quot;min_height&quot;:{&quot;unit&quot;:&quot;px&quot;,&quot;size&quot;:&quot;&quot;,&quot;sizes&quot;:[]},&quot;min_height_tablet&quot;:{&quot;unit&quot;:&quot;px&quot;,&quot;size&quot;:&quot;&quot;,&quot;sizes&quot;:[]},&quot;min_height_mobile&quot;:{&quot;unit&quot;:&quot;px&quot;,&quot;size&quot;:&quot;&quot;,&quot;sizes&quot;:[]}}\" data-widget_type=\"table-of-contents.default\">\n\t\t\t\t<div class=\"elementor-widget-container\">\n\t\t\t\t\t\t\t\t\t<div class=\"elementor-toc__header\">\n\t\t\t\t\t\t<div class=\"elementor-toc__header-title\">\n\t\t\t\tINHALTSVERZEICHNIS\t\t\t<\/div>\n\t\t\t\t\t\t\t\t<\/div>\n\t\t\t\t<div id=\"elementor-toc__7b1a827f\" class=\"elementor-toc__body\">\n\t\t\t<div class=\"elementor-toc__spinner-container\">\n\t\t\t\t<i class=\"elementor-toc__spinner eicon-animation-spin eicon-loading\" aria-hidden=\"true\"><\/i>\t\t\t<\/div>\n\t\t<\/div>\n\t\t\t\t\t\t<\/div>\n\t\t\t\t<\/div>\n\t\t\t\t\t<\/div>\n\t\t<\/div>\n\t\t\t\t\t<\/div>\n\t\t<\/section>\n\t\t\t\t<section class=\"elementor-section elementor-top-section elementor-element elementor-element-c75ae33 elementor-section-boxed elementor-section-height-default elementor-section-height-default\" data-id=\"c75ae33\" data-element_type=\"section\" data-e-type=\"section\">\n\t\t\t\t\t\t<div class=\"elementor-container elementor-column-gap-default\">\n\t\t\t\t\t<div class=\"elementor-column elementor-col-100 elementor-top-column elementor-element elementor-element-2817084f\" data-id=\"2817084f\" data-element_type=\"column\" data-e-type=\"column\">\n\t\t\t<div class=\"elementor-widget-wrap elementor-element-populated\">\n\t\t\t\t\t\t<div class=\"elementor-element elementor-element-2bdb4045 elementor-widget elementor-widget-heading\" data-id=\"2bdb4045\" data-element_type=\"widget\" data-e-type=\"widget\" data-widget_type=\"heading.default\">\n\t\t\t\t<div class=\"elementor-widget-container\">\n\t\t\t\t\t<h2 class=\"elementor-heading-title elementor-size-default\">Anreise und Parken in Cala Bona auf Mallorca <\/h2>\t\t\t\t<\/div>\n\t\t\t\t<\/div>\n\t\t\t\t<div class=\"elementor-element elementor-element-3ede36ae elementor-widget elementor-widget-text-editor\" data-id=\"3ede36ae\" data-element_type=\"widget\" data-e-type=\"widget\" data-widget_type=\"text-editor.default\">\n\t\t\t\t<div class=\"elementor-widget-container\">\n\t\t\t\t\t\t\t\t\t<p style=\"font-weight: 400;\">Cala Bona ist einfach zu erreichen, und das ist ein weiterer Pluspunkt. Es ist gut angebunden, egal ob Sie vom Flughafen kommen oder mit dem Auto \u00fcber die Insel fahren. <\/p><p style=\"font-weight: 400;\"><strong>Vom Flughafen Mallorca aus ben\u00f6tigen Sie mit dem Auto oder Motorrad etwa eine Stunde.<\/strong> Sie m\u00fcssen nur die Stra\u00dfe in Richtung Manacor nehmen und dann weiter in Richtung Son Servera und Cala Bona fahren. Einfacher geht es nicht! <\/p><p style=\"font-weight: 400;\">Sie k\u00f6nnen auch mit \u00f6ffentlichen Verkehrsmitteln anreisen, obwohl dies weniger direkt ist. <strong>Es gibt Busverbindungen von Palma nach Cala Bona<\/strong>, mit der Linie 401 \u2013 bis Cala Millor \u2013 und dann mit der Linie 412. Die gesamte Fahrt dauert etwa zwei Stunden. <\/p><p style=\"font-weight: 400;\">Eine andere M\u00f6glichkeit ist die Fahrt von Palma nach Manacor mit der Buslinie 501 oder dem Zug T3 und von dort mit dem Bus 412 nach Cala Bona. Dies ist eine gute Alternative, wenn Sie es nicht eilig haben und das Auto lieber vermeiden m\u00f6chten. <\/p><p style=\"font-weight: 400;\">Was das Parken betrifft, so ist Cala Bona ein recht dankbarer Ort. Da es sich nicht um ein \u00fcberlaufenes Gebiet handelt, <strong>ist es relativ einfach, einen Parkplatz auf der Stra\u00dfe zu finden<\/strong>, vor allem in den Wohngebieten und etwas weiter von der Strandpromenade entfernt. <\/p>\t\t\t\t\t\t\t\t<\/div>\n\t\t\t\t<\/div>\n\t\t\t\t<div class=\"elementor-element elementor-element-5c9bba7 elementor-widget elementor-widget-google_maps\" data-id=\"5c9bba7\" data-element_type=\"widget\" data-e-type=\"widget\" data-widget_type=\"google_maps.default\">\n\t\t\t\t<div class=\"elementor-widget-container\">\n\t\t\t\t\t\t\t<div class=\"elementor-custom-embed\">\n\t\t\t<iframe loading=\"lazy\"\n\t\t\t\t\tsrc=\"https:\/\/maps.google.com\/maps?q=cala%20bona%20mallorca&#038;t=m&#038;z=12&#038;output=embed&#038;iwloc=near\"\n\t\t\t\t\ttitle=\"cala bona mallorca\"\n\t\t\t\t\taria-label=\"cala bona mallorca\"\n\t\t\t><\/iframe>\n\t\t<\/div>\n\t\t\t\t\t\t<\/div>\n\t\t\t\t<\/div>\n\t\t\t\t\t<\/div>\n\t\t<\/div>\n\t\t\t\t\t<\/div>\n\t\t<\/section>\n\t\t<div class=\"elementor-element elementor-element-adb78f9 e-flex e-con-boxed e-con e-parent\" data-id=\"adb78f9\" data-element_type=\"container\" data-e-type=\"container\">\n\t\t\t\t\t<div class=\"e-con-inner\">\n\t\t<div class=\"elementor-element elementor-element-6cad822 e-con-full e-flex e-con e-child\" data-id=\"6cad822\" data-element_type=\"container\" data-e-type=\"container\">\n\t\t\t\t<div class=\"elementor-element elementor-element-9faaa2b elementor-widget elementor-widget-heading\" data-id=\"9faaa2b\" data-element_type=\"widget\" data-e-type=\"widget\" data-widget_type=\"heading.default\">\n\t\t\t\t<div class=\"elementor-widget-container\">\n\t\t\t\t\t<h2 class=\"elementor-heading-title elementor-size-default\">Was man in Cala Bona sehen kann <\/h2>\t\t\t\t<\/div>\n\t\t\t\t<\/div>\n\t\t\t\t<div class=\"elementor-element elementor-element-157657c elementor-widget elementor-widget-text-editor\" data-id=\"157657c\" data-element_type=\"widget\" data-e-type=\"widget\" data-widget_type=\"text-editor.default\">\n\t\t\t\t<div class=\"elementor-widget-container\">\n\t\t\t\t\t\t\t\t\t<p style=\"font-weight: 400;\">Das Erste, was Sie wissen sollten, ist, dass Cala Bona ein kleiner und sehr ruhiger Ort ist und dass dies Teil seines Charmes ist. <strong>Hier finden Sie keine endlose Liste von Denkm\u00e4lern oder gro\u00dfen Touristenattraktionen<\/strong>, und genau deshalb funktioniert es so gut f\u00fcr einen Urlaub. Hier atmet man Frieden! <\/p><p style=\"font-weight: 400;\">Der <strong>Hafen von Cala Bona<\/strong> auf Mallorca ist zweifellos der interessanteste Punkt des Ortes. Er bewahrt die Atmosph\u00e4re eines alten Fischerhafens mit kleinen Booten, Restaurants und Caf\u00e9s und einer sehr angenehmen Atmosph\u00e4re zum Spazierengehen. Es ist ein guter Ort, um die <em>Lla\u00fcts<\/em>, die traditionellen Boote, die fr\u00fcher benutzt wurden und die noch heute Teil des Hafenbildes sind, aus der N\u00e4he kennenzulernen.  <\/p><p>Von hier aus beginnt die <strong>Strandpromenade, eine weitere der gro\u00dfen Attraktionen von Cala Bona<\/strong> auf Mallorca. Die Promenade ist direkt mit <a href=\"https:\/\/www.idealpropertymallorca.com\/blog\/de\/cala-millor-mallorca\/\">Cala Millor<\/a> verbunden, so dass Sie den Spaziergang so weit verl\u00e4ngern k\u00f6nnen, wie Sie m\u00f6chten, und die Gelegenheit nutzen k\u00f6nnen, einen anderen nahegelegenen Ort mit mehr Ambiente kennenzulernen. <\/p>\t\t\t\t\t\t\t\t<\/div>\n\t\t\t\t<\/div>\n\t\t\t\t<\/div>\n\t\t\t\t\t<\/div>\n\t\t\t\t<\/div>\n\t\t<div class=\"elementor-element elementor-element-18dbbd2 e-flex e-con-boxed e-con e-parent\" data-id=\"18dbbd2\" data-element_type=\"container\" data-e-type=\"container\">\n\t\t\t\t\t<div class=\"e-con-inner\">\n\t\t<div class=\"elementor-element elementor-element-2494165 e-con-full e-flex e-con e-child\" data-id=\"2494165\" data-element_type=\"container\" data-e-type=\"container\">\n\t\t\t\t<div class=\"elementor-element elementor-element-271874d elementor-widget elementor-widget-text-editor\" data-id=\"271874d\" data-element_type=\"widget\" data-e-type=\"widget\" data-widget_type=\"text-editor.default\">\n\t\t\t\t<div class=\"elementor-widget-container\">\n\t\t\t\t\t\t\t\t\t<p style=\"font-weight: 400;\">Aber warten Sie, denn der beliebteste Plan in Cala Bona ist zweifellos der Besuch der <a href=\"https:\/\/www.idealpropertymallorca.com\/blog\/es\/mejores-playas-en-mallorca\/?\">besten Str\u00e4nde Mallorcas<\/a>. Der Ort hat einen Strand, der den gleichen Namen tr\u00e4gt, aber wir empfehlen ihn nicht, er ist recht klein, der Sand ist etwas tr\u00fcb und er ist etwas vernachl\u00e4ssigt. <\/p><p style=\"font-weight: 400;\"><strong>Was sich aber lohnt \u2013 und zwar sehr \u2013 ist der Strand von Cala Millor. Es ist ein breiter Strand mit feinem, klarem Sand, sauberem und flachem Wasser <\/strong>, ideal, um den Tag in Ruhe zu verbringen oder mit der Familie dorthin zu fahren. Au\u00dferdem gibt es Dienstleistungen, Strandbars und eine lange, angenehme Strandpromenade, die den gesamten Sandstrand begleitet. <\/p><p style=\"font-weight: 400;\">Und da Sie schon in der Gegend sind, ist ein weiterer interessanter Besuch das <strong>Castell de la Punta de n\u2019Amer, das sich in einem Naturschutzgebiet befindet.<\/strong> Hier sind die \u00dcberreste eines Verteidigungsturms aus dem 17. Jahrhundert erhalten und die Umgebung ist perfekt f\u00fcr einen etwas anderen Spaziergang mit freiem Blick auf das Meer und einer wenig bebauten Landschaft.<\/p>\t\t\t\t\t\t\t\t<\/div>\n\t\t\t\t<\/div>\n\t\t\t\t<\/div>\n\t\t<div class=\"elementor-element elementor-element-4f0ad6e e-con-full e-flex e-con e-child\" data-id=\"4f0ad6e\" data-element_type=\"container\" data-e-type=\"container\">\n\t\t\t\t<div class=\"elementor-element elementor-element-0a58898 elementor-widget elementor-widget-image\" data-id=\"0a58898\" data-element_type=\"widget\" data-e-type=\"widget\" data-widget_type=\"image.default\">\n\t\t\t\t<div class=\"elementor-widget-container\">\n\t\t\t\t\t\t\t\t\t\t\t\t\t\t\t<img fetchpriority=\"high\" decoding=\"async\" width=\"800\" height=\"723\" src=\"https:\/\/www.idealpropertymallorca.com\/blog\/wp-content\/uploads\/2026\/01\/cala-bona-mallorca.webp\" class=\"attachment-large size-large wp-image-23386\" alt=\"cala-bona-mallorca\" srcset=\"https:\/\/www.idealpropertymallorca.com\/blog\/wp-content\/uploads\/2026\/01\/cala-bona-mallorca.webp 1023w, https:\/\/www.idealpropertymallorca.com\/blog\/wp-content\/uploads\/2026\/01\/cala-bona-mallorca-300x271.webp 300w, https:\/\/www.idealpropertymallorca.com\/blog\/wp-content\/uploads\/2026\/01\/cala-bona-mallorca-768x694.webp 768w\" sizes=\"(max-width: 800px) 100vw, 800px\" \/>\t\t\t\t\t\t\t\t\t\t\t\t\t\t\t<\/div>\n\t\t\t\t<\/div>\n\t\t\t\t<\/div>\n\t\t\t\t\t<\/div>\n\t\t\t\t<\/div>\n\t\t\t\t<section class=\"elementor-section elementor-top-section elementor-element elementor-element-551ee31 elementor-section-boxed elementor-section-height-default elementor-section-height-default\" data-id=\"551ee31\" data-element_type=\"section\" data-e-type=\"section\">\n\t\t\t\t\t\t<div class=\"elementor-container elementor-column-gap-default\">\n\t\t\t\t\t<div class=\"elementor-column elementor-col-100 elementor-top-column elementor-element elementor-element-f50af2e\" data-id=\"f50af2e\" data-element_type=\"column\" data-e-type=\"column\">\n\t\t\t<div class=\"elementor-widget-wrap elementor-element-populated\">\n\t\t\t\t\t\t<div class=\"elementor-element elementor-element-ec5f4ba elementor-widget elementor-widget-heading\" data-id=\"ec5f4ba\" data-element_type=\"widget\" data-e-type=\"widget\" data-widget_type=\"heading.default\">\n\t\t\t\t<div class=\"elementor-widget-container\">\n\t\t\t\t\t<h2 class=\"elementor-heading-title elementor-size-default\">Was man in Cala Bona unternehmen kann <\/h2>\t\t\t\t<\/div>\n\t\t\t\t<\/div>\n\t\t\t\t<div class=\"elementor-element elementor-element-797ab92 elementor-widget elementor-widget-text-editor\" data-id=\"797ab92\" data-element_type=\"widget\" data-e-type=\"widget\" data-widget_type=\"text-editor.default\">\n\t\t\t\t<div class=\"elementor-widget-container\">\n\t\t\t\t\t\t\t\t\t<p style=\"font-weight: 400;\">Obwohl Cala Bona ein ruhiger Ort ist, bedeutet das nicht, dass es an Pl\u00e4nen mangelt. Im Gegenteil. <\/p><p style=\"font-weight: 400;\">Wenn Sie mit der Familie reisen, besorgen Sie sich Eintrittskarten f\u00fcr den <strong><a href=\"https:\/\/www.fantasyparkmallorca.com\/\">Fantasy Park<\/a>, ein Gel\u00e4nde mit Attraktionen, Karts, H\u00fcpfburgen und Spielen f\u00fcr fast alle Altersgruppen.<\/strong> Es ist die Art von Aktivit\u00e4t, die man w\u00e4hlt, wenn man sichergehen und den Tag mit allen zufrieden beenden will \u2013 Kinder und Erwachsene.<\/p><p style=\"font-weight: 400;\">Ein weiterer unumg\u00e4nglicher Plan in der Gegend ist der <strong>Besuch der Cuevas del Drach<\/strong> in Porto Cristo. Sie sind nicht weit entfernt und geh\u00f6ren <strong>zu den spektakul\u00e4rsten Naturr\u00e4umen der Insel, mit unterirdischen Seen und Routen, die selbst dann noch beeindrucken, wenn Sie bereits andere <\/strong><strong><a href=\"https:\/\/www.idealpropertymallorca.com\/blog\/es\/las-10-mejores-rutas-de-cuevas-en-mallorca\/?\">H\u00f6hlen Mallorcas<\/a><\/strong><strong> gesehen haben.<\/strong> <\/p><p style=\"font-weight: 400;\">Und wenn Sie mehr Bewegung w\u00fcnschen, <strong>melden Sie sich f\u00fcr die V\u00eda Verde von Manacor nach Art\u00e0 an<\/strong>, zu Fu\u00df oder mit dem Fahrrad. Es ist eine einfache Strecke, sehr flach und mit einer sehr dankbaren Landschaft. Wenn Sie das Niveau etwas steigern m\u00f6chten, haben Sie auch die M\u00f6glichkeit, <strong>den Puig Penyal oder den Puig de Sa Font zu besteigen<\/strong>, einfache Routen, die aber etwas anspruchsvoller sind als die V\u00eda Verde.  <\/p><p style=\"font-weight: 400;\">Und wenn Sie <a href=\"https:\/\/www.idealpropertymallorca.com\/blog\/de\/golf-mallorca\/\">Golf auf Mallorca<\/a> lieben \u2013 und \u00fcberall auf der Welt \u2013\u2026 dann haben Sie Gl\u00fcck! <strong>Ganz in der N\u00e4he befindet sich das <\/strong><strong><a href=\"https:\/\/www.pulagolf.com\/\">Pula Golf Resort<\/a><\/strong><strong>, einer der bekanntesten Golfpl\u00e4tze der Insel<\/strong> und eine sehr gute Ausrede, um ein paar Stunden auf dem <em>Green<\/em> zu verbringen.<\/p>\t\t\t\t\t\t\t\t<\/div>\n\t\t\t\t<\/div>\n\t\t\t\t\t<\/div>\n\t\t<\/div>\n\t\t\t\t\t<\/div>\n\t\t<\/section>\n\t\t<div class=\"elementor-element elementor-element-3003652 e-flex e-con-boxed e-con e-parent\" data-id=\"3003652\" data-element_type=\"container\" data-e-type=\"container\">\n\t\t\t\t\t<div class=\"e-con-inner\">\n\t\t<div class=\"elementor-element elementor-element-694a797 e-con-full e-flex e-con e-child\" data-id=\"694a797\" data-element_type=\"container\" data-e-type=\"container\">\n\t\t\t\t<div class=\"elementor-element elementor-element-17551a9 elementor-widget elementor-widget-heading\" data-id=\"17551a9\" data-element_type=\"widget\" data-e-type=\"widget\" data-widget_type=\"heading.default\">\n\t\t\t\t<div class=\"elementor-widget-container\">\n\t\t\t\t\t<h2 class=\"elementor-heading-title elementor-size-default\">Was man in Cala Bona unternehmen kann <\/h2>\t\t\t\t<\/div>\n\t\t\t\t<\/div>\n\t\t\t\t<div class=\"elementor-element elementor-element-9a2361c elementor-widget elementor-widget-text-editor\" data-id=\"9a2361c\" data-element_type=\"widget\" data-e-type=\"widget\" data-widget_type=\"text-editor.default\">\n\t\t\t\t<div class=\"elementor-widget-container\">\n\t\t\t\t\t\t\t\t\t<p style=\"font-weight: 400;\">Obwohl Cala Bona ein ruhiger Ort ist, bedeutet das nicht, dass es an Pl\u00e4nen mangelt. Im Gegenteil. <\/p><p style=\"font-weight: 400;\">Wenn Sie mit der Familie reisen, besorgen Sie sich Eintrittskarten f\u00fcr den <strong><a href=\"https:\/\/www.fantasyparkmallorca.com\/\">Fantasy Park<\/a>, ein Gel\u00e4nde mit Attraktionen, Karts, H\u00fcpfburgen und Spielen f\u00fcr fast alle Altersgruppen.<\/strong> Es ist die Art von Aktivit\u00e4t, die man w\u00e4hlt, wenn man sichergehen und den Tag mit allen zufrieden beenden will \u2013 Kinder und Erwachsene.<\/p><p style=\"font-weight: 400;\">Ein weiterer unumg\u00e4nglicher Plan in der Gegend ist der <strong>Besuch der Cuevas del Drach<\/strong> in Porto Cristo. Sie sind nicht weit entfernt und geh\u00f6ren <strong>zu den spektakul\u00e4rsten Naturr\u00e4umen der Insel, mit unterirdischen Seen und Routen, die selbst dann noch beeindrucken, wenn Sie bereits andere <\/strong><strong><a href=\"https:\/\/www.idealpropertymallorca.com\/blog\/es\/las-10-mejores-rutas-de-cuevas-en-mallorca\/?\">H\u00f6hlen Mallorcas<\/a><\/strong><strong> gesehen haben.<\/strong> <\/p><p style=\"font-weight: 400;\">Und wenn Sie mehr Bewegung w\u00fcnschen, <strong>melden Sie sich f\u00fcr die V\u00eda Verde von Manacor nach Art\u00e0 an<\/strong>, zu Fu\u00df oder mit dem Fahrrad. Es ist eine einfache Strecke, sehr flach und mit einer sehr dankbaren Landschaft. Wenn Sie das Niveau etwas steigern m\u00f6chten, haben Sie auch die M\u00f6glichkeit, <strong>den Puig Penyal oder den Puig de Sa Font zu besteigen<\/strong>, einfache Routen, die aber etwas anspruchsvoller sind als die V\u00eda Verde.  <\/p><p style=\"font-weight: 400;\">Und wenn Sie <a href=\"https:\/\/www.idealpropertymallorca.com\/blog\/de\/golf-mallorca\/\">Golf auf Mallorca<\/a> lieben \u2013 und \u00fcberall auf der Welt \u2013\u2026 dann haben Sie Gl\u00fcck! <strong>Ganz in der N\u00e4he befindet sich das <\/strong><strong><a href=\"https:\/\/www.pulagolf.com\/\">Pula Golf Resort<\/a><\/strong><strong>, einer der bekanntesten Golfpl\u00e4tze der Insel<\/strong> und eine sehr gute Ausrede, um ein paar Stunden auf dem <em>Green<\/em> zu verbringen.<\/p>\t\t\t\t\t\t\t\t<\/div>\n\t\t\t\t<\/div>\n\t\t\t\t<\/div>\n\t\t\t\t\t<\/div>\n\t\t\t\t<\/div>\n\t\t\t\t<section class=\"elementor-section elementor-top-section elementor-element elementor-element-7332e16d elementor-section-boxed elementor-section-height-default elementor-section-height-default\" data-id=\"7332e16d\" data-element_type=\"section\" data-e-type=\"section\">\n\t\t\t\t\t\t<div class=\"elementor-container elementor-column-gap-default\">\n\t\t\t\t\t<div class=\"elementor-column elementor-col-100 elementor-top-column elementor-element elementor-element-27fc44e8\" data-id=\"27fc44e8\" data-element_type=\"column\" data-e-type=\"column\">\n\t\t\t<div class=\"elementor-widget-wrap elementor-element-populated\">\n\t\t\t\t\t\t<div class=\"elementor-element elementor-element-ac6227b elementor-widget elementor-widget-image\" data-id=\"ac6227b\" data-element_type=\"widget\" data-e-type=\"widget\" data-widget_type=\"image.default\">\n\t\t\t\t<div class=\"elementor-widget-container\">\n\t\t\t\t\t\t\t\t\t\t\t\t\t\t\t<img decoding=\"async\" src=\"https:\/\/www.idealpropertymallorca.com\/blog\/wp-content\/uploads\/elementor\/thumbs\/playa-cala-bona-ri2kjqf8ntikhk5naswjoo087zdi0hved1agbzgyuo.webp\" title=\"playa-cala-bona\" alt=\"playa-cala-bona\" loading=\"lazy\" \/>\t\t\t\t\t\t\t\t\t\t\t\t\t\t\t<\/div>\n\t\t\t\t<\/div>\n\t\t\t\t\t<\/div>\n\t\t<\/div>\n\t\t\t\t\t<\/div>\n\t\t<\/section>\n\t\t\t\t<section class=\"elementor-section elementor-top-section elementor-element elementor-element-a93ed82 elementor-section-boxed elementor-section-height-default elementor-section-height-default\" data-id=\"a93ed82\" data-element_type=\"section\" data-e-type=\"section\">\n\t\t\t\t\t\t<div class=\"elementor-container elementor-column-gap-default\">\n\t\t\t\t\t<div class=\"elementor-column elementor-col-100 elementor-top-column elementor-element elementor-element-808f4db\" data-id=\"808f4db\" data-element_type=\"column\" data-e-type=\"column\">\n\t\t\t<div class=\"elementor-widget-wrap elementor-element-populated\">\n\t\t\t\t\t\t<div class=\"elementor-element elementor-element-3deedc2 elementor-widget elementor-widget-heading\" data-id=\"3deedc2\" data-element_type=\"widget\" data-e-type=\"widget\" data-widget_type=\"heading.default\">\n\t\t\t\t<div class=\"elementor-widget-container\">\n\t\t\t\t\t<h2 class=\"elementor-heading-title elementor-size-default\">Alles, was Sie brauchen, um Cala Bona auf Mallorca kennenzulernen <\/h2>\t\t\t\t<\/div>\n\t\t\t\t<\/div>\n\t\t\t\t<div class=\"elementor-element elementor-element-381f030 elementor-widget elementor-widget-text-editor\" data-id=\"381f030\" data-element_type=\"widget\" data-e-type=\"widget\" data-widget_type=\"text-editor.default\">\n\t\t\t\t<div class=\"elementor-widget-container\">\n\t\t\t\t\t\t\t\t\t<p style=\"font-weight: 400;\">Damit ein zehnt\u00e4giger Aufenthalt in Cala Bona vollst\u00e4ndig ist, fehlt nur noch eines: zu wissen, wo man gut essen kann. Und hier gibt es nicht viel Diskussion, es gibt einen Namen, der sich von allen anderen abhebt und den man fast schon notieren muss. <strong>Im Restaurant Son Floriana werden Sie hochwertige Produkte und eine au\u00dfergew\u00f6hnliche Hingabe an die K\u00fcche genie\u00dfen<\/strong>.<\/p><p style=\"font-weight: 400;\">Und um das Erlebnis abzurunden, braucht es nat\u00fcrlich eine Unterkunft mit allem Komfort. <strong>Bei <\/strong><strong><a href=\"https:\/\/www.idealpropertymallorca.com\/es\/\">Ideal Property<\/a><\/strong><strong> k\u00f6nnen wir Ihnen mit zwei luxuri\u00f6sen Optionen in der N\u00e4he von Cala Bona helfen<\/strong>, die wunderbar funktionieren, wenn Sie Platz, Privatsph\u00e4re und Erholung suchen: die <a href=\"https:\/\/www.idealpropertymallorca.com\/es\/alquiler\/finca-son-servera-finca-punta-ses-planes-en-mallorca-con-piscina-517894.html\">Finca Punta Ses Planes<\/a> oder die <a href=\"https:\/\/www.idealpropertymallorca.com\/es\/alquiler\/casa-manacor-finca-rosas-28-con-piscina-privada-en-mallorca-302924.html\">Finca Rosas<\/a>.<\/p><p style=\"font-weight: 400;\">Denn wenn man gut essen und gut schlafen kann, genie\u00dft man Cala Bona noch mehr.<\/p>\t\t\t\t\t\t\t\t<\/div>\n\t\t\t\t<\/div>\n\t\t\t\t\t<\/div>\n\t\t<\/div>\n\t\t\t\t\t<\/div>\n\t\t<\/section>\n\t\t\t\t<section class=\"elementor-section elementor-top-section elementor-element elementor-element-2383e38d elementor-section-boxed elementor-section-height-default elementor-section-height-default\" data-id=\"2383e38d\" data-element_type=\"section\" data-e-type=\"section\">\n\t\t\t\t\t\t<div class=\"elementor-container elementor-column-gap-default\">\n\t\t\t\t\t<div class=\"elementor-column elementor-col-100 elementor-top-column elementor-element elementor-element-b5280a9\" data-id=\"b5280a9\" data-element_type=\"column\" data-e-type=\"column\">\n\t\t\t<div class=\"elementor-widget-wrap elementor-element-populated\">\n\t\t\t\t\t\t<div class=\"elementor-element elementor-element-2305d7c1 elementor-widget elementor-widget-shortcode\" data-id=\"2305d7c1\" data-element_type=\"widget\" data-e-type=\"widget\" data-widget_type=\"shortcode.default\">\n\t\t\t\t<div class=\"elementor-widget-container\">\n\t\t\t\t\t\t\t<div class=\"elementor-shortcode\">\t\t<div data-elementor-type=\"section\" data-elementor-id=\"14668\" class=\"elementor elementor-14668 elementor-1954 elementor-1954\" data-elementor-post-type=\"elementor_library\">\n\t\t\t\t\t<section class=\"elementor-section elementor-top-section elementor-element elementor-element-5778b12d elementor-section-boxed elementor-section-height-default elementor-section-height-default\" data-id=\"5778b12d\" data-element_type=\"section\" data-e-type=\"section\">\n\t\t\t\t\t\t<div class=\"elementor-container elementor-column-gap-default\">\n\t\t\t\t\t<div class=\"elementor-column elementor-col-33 elementor-top-column elementor-element elementor-element-7b63db41\" data-id=\"7b63db41\" data-element_type=\"column\" data-e-type=\"column\">\n\t\t\t<div class=\"elementor-widget-wrap elementor-element-populated\">\n\t\t\t\t\t\t<div class=\"elementor-element elementor-element-6130cb39 elementor-align-center elementor-widget elementor-widget-button\" data-id=\"6130cb39\" data-element_type=\"widget\" data-e-type=\"widget\" data-widget_type=\"button.default\">\n\t\t\t\t<div class=\"elementor-widget-container\">\n\t\t\t\t\t\t\t\t\t<div class=\"elementor-button-wrapper\">\n\t\t\t\t\t<a class=\"elementor-button elementor-button-link elementor-size-sm\" href=\"https:\/\/www.idealpropertymallorca.com\/de\/wohnungen-zur-miete-auf-mallorca\/\">\n\t\t\t\t\t\t<span class=\"elementor-button-content-wrapper\">\n\t\t\t\t\t\t\t\t\t<span class=\"elementor-button-text\">Ferienwohnungen auf Mallorca<\/span>\n\t\t\t\t\t<\/span>\n\t\t\t\t\t<\/a>\n\t\t\t\t<\/div>\n\t\t\t\t\t\t\t\t<\/div>\n\t\t\t\t<\/div>\n\t\t\t\t\t<\/div>\n\t\t<\/div>\n\t\t\t\t<div class=\"elementor-column elementor-col-33 elementor-top-column elementor-element elementor-element-22b4a260\" data-id=\"22b4a260\" data-element_type=\"column\" data-e-type=\"column\">\n\t\t\t<div class=\"elementor-widget-wrap elementor-element-populated\">\n\t\t\t\t\t\t<div class=\"elementor-element elementor-element-79a06728 elementor-align-center elementor-widget elementor-widget-button\" data-id=\"79a06728\" data-element_type=\"widget\" data-e-type=\"widget\" data-widget_type=\"button.default\">\n\t\t\t\t<div class=\"elementor-widget-container\">\n\t\t\t\t\t\t\t\t\t<div class=\"elementor-button-wrapper\">\n\t\t\t\t\t<a class=\"elementor-button elementor-button-link elementor-size-sm\" href=\"https:\/\/www.idealpropertymallorca.com\/de\/ferienhauser-mallorca-mieten\/\">\n\t\t\t\t\t\t<span class=\"elementor-button-content-wrapper\">\n\t\t\t\t\t\t\t\t\t<span class=\"elementor-button-text\">Ferienh\u00e4user auf Mallorca<\/span>\n\t\t\t\t\t<\/span>\n\t\t\t\t\t<\/a>\n\t\t\t\t<\/div>\n\t\t\t\t\t\t\t\t<\/div>\n\t\t\t\t<\/div>\n\t\t\t\t\t<\/div>\n\t\t<\/div>\n\t\t\t\t<div class=\"elementor-column elementor-col-33 elementor-top-column elementor-element elementor-element-6d69c362\" data-id=\"6d69c362\" data-element_type=\"column\" data-e-type=\"column\">\n\t\t\t<div class=\"elementor-widget-wrap elementor-element-populated\">\n\t\t\t\t\t\t<div class=\"elementor-element elementor-element-2baf2346 elementor-align-center elementor-widget elementor-widget-button\" data-id=\"2baf2346\" data-element_type=\"widget\" data-e-type=\"widget\" data-widget_type=\"button.default\">\n\t\t\t\t<div class=\"elementor-widget-container\">\n\t\t\t\t\t\t\t\t\t<div class=\"elementor-button-wrapper\">\n\t\t\t\t\t<a class=\"elementor-button elementor-button-link elementor-size-sm\" href=\"https:\/\/www.idealpropertymallorca.com\/de\/mieten-finca-mallorca\/\">\n\t\t\t\t\t\t<span class=\"elementor-button-content-wrapper\">\n\t\t\t\t\t\t\t\t\t<span class=\"elementor-button-text\">L\u00e4ndliche Fincas auf Mallorca<\/span>\n\t\t\t\t\t<\/span>\n\t\t\t\t\t<\/a>\n\t\t\t\t<\/div>\n\t\t\t\t\t\t\t\t<\/div>\n\t\t\t\t<\/div>\n\t\t\t\t\t<\/div>\n\t\t<\/div>\n\t\t\t\t\t<\/div>\n\t\t<\/section>\n\t\t\t\t<\/div>\n\t\t<\/div>\n\t\t\t\t\t\t<\/div>\n\t\t\t\t<\/div>\n\t\t\t\t\t<\/div>\n\t\t<\/div>\n\t\t\t\t\t<\/div>\n\t\t<\/section>\n\t\t\t\t<\/div>\n\t\t","protected":false},"excerpt":{"rendered":"<p>Cala Bona ist ein kleiner K\u00fcstenort an der Ostk\u00fcste Mallorcas, der f\u00fcr seinen Ursprung als Fischerhafen bekannt ist. Wir wollen Ihnen nichts vormachen: Es ist weder der Protagonist einer typischen Postkarte der Insel noch ein gro\u00dfer touristischer Anziehungspunkt, und genau das macht ihn so besonders. Es lohnt sich, diesen Ort kennenzulernen, weil er eine perfekte [&hellip;]<\/p>\n","protected":false},"author":8,"featured_media":23390,"comment_status":"open","ping_status":"open","sticky":false,"template":"","format":"standard","meta":{"footnotes":""},"categories":[763],"tags":[],"class_list":["post-23418","post","type-post","status-publish","format-standard","has-post-thumbnail","hentry","category-buchten"],"yoast_head":"<!-- This site is optimized with the Yoast SEO plugin v27.4 - https:\/\/yoast.com\/product\/yoast-seo-wordpress\/ -->\n<title>Cala Bona, einer der gro\u00dfen Unbekannten Mallorcas - Blog von Mallorca<\/title>\n<meta name=\"description\" content=\"Reisen Sie nach Cala Bona auf Mallorca und entdecken Sie ein ruhiges und angenehmes Reiseziel mit Str\u00e4nden in der N\u00e4he, vielen Outdoor-Aktivit\u00e4ten und guter Gastronomie.\" \/>\n<meta name=\"robots\" content=\"index, follow, max-snippet:-1, max-image-preview:large, max-video-preview:-1\" \/>\n<link rel=\"canonical\" href=\"https:\/\/www.idealpropertymallorca.com\/blog\/de\/cala-bona\/\" \/>\n<meta property=\"og:locale\" content=\"de_DE\" \/>\n<meta property=\"og:type\" content=\"article\" \/>\n<meta property=\"og:title\" content=\"Cala Bona, einer der gro\u00dfen Unbekannten Mallorcas - Blog von Mallorca\" \/>\n<meta property=\"og:description\" content=\"Reisen Sie nach Cala Bona auf Mallorca und entdecken Sie ein ruhiges und angenehmes Reiseziel mit Str\u00e4nden in der N\u00e4he, vielen Outdoor-Aktivit\u00e4ten und guter Gastronomie.\" \/>\n<meta property=\"og:url\" content=\"https:\/\/www.idealpropertymallorca.com\/blog\/de\/cala-bona\/\" \/>\n<meta property=\"og:site_name\" content=\"Blog von Mallorca\" \/>\n<meta property=\"article:published_time\" content=\"2026-01-27T11:53:44+00:00\" \/>\n<meta property=\"article:modified_time\" content=\"2026-01-27T11:53:45+00:00\" \/>\n<meta property=\"og:image\" content=\"https:\/\/www.idealpropertymallorca.com\/blog\/wp-content\/uploads\/2026\/01\/Cala-bona-de-mallorca.webp\" \/>\n\t<meta property=\"og:image:width\" content=\"1360\" \/>\n\t<meta property=\"og:image:height\" content=\"907\" \/>\n\t<meta property=\"og:image:type\" content=\"image\/webp\" \/>\n<meta name=\"author\" content=\"Laura\" \/>\n<meta name=\"twitter:card\" content=\"summary_large_image\" \/>\n<meta name=\"twitter:label1\" content=\"Written by\" \/>\n\t<meta name=\"twitter:data1\" content=\"Laura\" \/>\n\t<meta name=\"twitter:label2\" content=\"Est. reading time\" \/>\n\t<meta name=\"twitter:data2\" content=\"7 minutes\" \/>\n<script type=\"application\/ld+json\" class=\"yoast-schema-graph\">{\"@context\":\"https:\\\/\\\/schema.org\",\"@graph\":[{\"@type\":\"Article\",\"@id\":\"https:\\\/\\\/www.idealpropertymallorca.com\\\/blog\\\/de\\\/cala-bona\\\/#article\",\"isPartOf\":{\"@id\":\"https:\\\/\\\/www.idealpropertymallorca.com\\\/blog\\\/de\\\/cala-bona\\\/\"},\"author\":{\"name\":\"Laura\",\"@id\":\"https:\\\/\\\/www.idealpropertymallorca.com\\\/blog\\\/de\\\/#\\\/schema\\\/person\\\/53b99bcf6881b706ccaf30eb50de4c8e\"},\"headline\":\"Cala Bona, einer der gro\u00dfen Unbekannten Mallorcas\",\"datePublished\":\"2026-01-27T11:53:44+00:00\",\"dateModified\":\"2026-01-27T11:53:45+00:00\",\"mainEntityOfPage\":{\"@id\":\"https:\\\/\\\/www.idealpropertymallorca.com\\\/blog\\\/de\\\/cala-bona\\\/\"},\"wordCount\":1337,\"commentCount\":0,\"publisher\":{\"@id\":\"https:\\\/\\\/www.idealpropertymallorca.com\\\/blog\\\/de\\\/#organization\"},\"image\":{\"@id\":\"https:\\\/\\\/www.idealpropertymallorca.com\\\/blog\\\/de\\\/cala-bona\\\/#primaryimage\"},\"thumbnailUrl\":\"https:\\\/\\\/www.idealpropertymallorca.com\\\/blog\\\/wp-content\\\/uploads\\\/2026\\\/01\\\/Cala-bona-de-mallorca.webp\",\"articleSection\":[\"Buchten\"],\"inLanguage\":\"de\",\"potentialAction\":[{\"@type\":\"CommentAction\",\"name\":\"Comment\",\"target\":[\"https:\\\/\\\/www.idealpropertymallorca.com\\\/blog\\\/de\\\/cala-bona\\\/#respond\"]}]},{\"@type\":\"WebPage\",\"@id\":\"https:\\\/\\\/www.idealpropertymallorca.com\\\/blog\\\/de\\\/cala-bona\\\/\",\"url\":\"https:\\\/\\\/www.idealpropertymallorca.com\\\/blog\\\/de\\\/cala-bona\\\/\",\"name\":\"Cala Bona, einer der gro\u00dfen Unbekannten Mallorcas - Blog von Mallorca\",\"isPartOf\":{\"@id\":\"https:\\\/\\\/www.idealpropertymallorca.com\\\/blog\\\/de\\\/#website\"},\"primaryImageOfPage\":{\"@id\":\"https:\\\/\\\/www.idealpropertymallorca.com\\\/blog\\\/de\\\/cala-bona\\\/#primaryimage\"},\"image\":{\"@id\":\"https:\\\/\\\/www.idealpropertymallorca.com\\\/blog\\\/de\\\/cala-bona\\\/#primaryimage\"},\"thumbnailUrl\":\"https:\\\/\\\/www.idealpropertymallorca.com\\\/blog\\\/wp-content\\\/uploads\\\/2026\\\/01\\\/Cala-bona-de-mallorca.webp\",\"datePublished\":\"2026-01-27T11:53:44+00:00\",\"dateModified\":\"2026-01-27T11:53:45+00:00\",\"description\":\"Reisen Sie nach Cala Bona auf Mallorca und entdecken Sie ein ruhiges und angenehmes Reiseziel mit Str\u00e4nden in der N\u00e4he, vielen Outdoor-Aktivit\u00e4ten und guter Gastronomie.\",\"inLanguage\":\"de\",\"potentialAction\":[{\"@type\":\"ReadAction\",\"target\":[\"https:\\\/\\\/www.idealpropertymallorca.com\\\/blog\\\/de\\\/cala-bona\\\/\"]}]},{\"@type\":\"ImageObject\",\"inLanguage\":\"de\",\"@id\":\"https:\\\/\\\/www.idealpropertymallorca.com\\\/blog\\\/de\\\/cala-bona\\\/#primaryimage\",\"url\":\"https:\\\/\\\/www.idealpropertymallorca.com\\\/blog\\\/wp-content\\\/uploads\\\/2026\\\/01\\\/Cala-bona-de-mallorca.webp\",\"contentUrl\":\"https:\\\/\\\/www.idealpropertymallorca.com\\\/blog\\\/wp-content\\\/uploads\\\/2026\\\/01\\\/Cala-bona-de-mallorca.webp\",\"width\":1360,\"height\":907,\"caption\":\"Cala bona de mallorca\"},{\"@type\":\"WebSite\",\"@id\":\"https:\\\/\\\/www.idealpropertymallorca.com\\\/blog\\\/de\\\/#website\",\"url\":\"https:\\\/\\\/www.idealpropertymallorca.com\\\/blog\\\/de\\\/\",\"name\":\"Blog von Mallorca\",\"description\":\"Finden Sie touristische Informationen dar\u00fcber, was zu sehen und zu tun auf der Insel Mallorca w\u00e4hrend der Ferien. Entdecken Sie die besten Orte!\",\"publisher\":{\"@id\":\"https:\\\/\\\/www.idealpropertymallorca.com\\\/blog\\\/de\\\/#organization\"},\"potentialAction\":[{\"@type\":\"SearchAction\",\"target\":{\"@type\":\"EntryPoint\",\"urlTemplate\":\"https:\\\/\\\/www.idealpropertymallorca.com\\\/blog\\\/de\\\/?s={search_term_string}\"},\"query-input\":{\"@type\":\"PropertyValueSpecification\",\"valueRequired\":true,\"valueName\":\"search_term_string\"}}],\"inLanguage\":\"de\"},{\"@type\":\"Organization\",\"@id\":\"https:\\\/\\\/www.idealpropertymallorca.com\\\/blog\\\/de\\\/#organization\",\"name\":\"Blog von Mallorca\",\"url\":\"https:\\\/\\\/www.idealpropertymallorca.com\\\/blog\\\/de\\\/\",\"logo\":{\"@type\":\"ImageObject\",\"inLanguage\":\"de\",\"@id\":\"https:\\\/\\\/www.idealpropertymallorca.com\\\/blog\\\/de\\\/#\\\/schema\\\/logo\\\/image\\\/\",\"url\":\"https:\\\/\\\/www.idealpropertymallorca.com\\\/blog\\\/wp-content\\\/uploads\\\/2024\\\/10\\\/ideal-property-mallorca-blue-mobile.png\",\"contentUrl\":\"https:\\\/\\\/www.idealpropertymallorca.com\\\/blog\\\/wp-content\\\/uploads\\\/2024\\\/10\\\/ideal-property-mallorca-blue-mobile.png\",\"width\":500,\"height\":150,\"caption\":\"Blog von Mallorca\"},\"image\":{\"@id\":\"https:\\\/\\\/www.idealpropertymallorca.com\\\/blog\\\/de\\\/#\\\/schema\\\/logo\\\/image\\\/\"}},{\"@type\":\"Person\",\"@id\":\"https:\\\/\\\/www.idealpropertymallorca.com\\\/blog\\\/de\\\/#\\\/schema\\\/person\\\/53b99bcf6881b706ccaf30eb50de4c8e\",\"name\":\"Laura\",\"image\":{\"@type\":\"ImageObject\",\"inLanguage\":\"de\",\"@id\":\"https:\\\/\\\/secure.gravatar.com\\\/avatar\\\/38b396224481eeb6edadb558d7e4a6d1ff1c8ba1e6abd3951e451527e107c96b?s=96&d=mm&r=g\",\"url\":\"https:\\\/\\\/secure.gravatar.com\\\/avatar\\\/38b396224481eeb6edadb558d7e4a6d1ff1c8ba1e6abd3951e451527e107c96b?s=96&d=mm&r=g\",\"contentUrl\":\"https:\\\/\\\/secure.gravatar.com\\\/avatar\\\/38b396224481eeb6edadb558d7e4a6d1ff1c8ba1e6abd3951e451527e107c96b?s=96&d=mm&r=g\",\"caption\":\"Laura\"}}]}<\/script>\n<!-- \/ Yoast SEO plugin. -->","yoast_head_json":{"title":"Cala Bona, einer der gro\u00dfen Unbekannten Mallorcas - Blog von Mallorca","description":"Reisen Sie nach Cala Bona auf Mallorca und entdecken Sie ein ruhiges und angenehmes Reiseziel mit Str\u00e4nden in der N\u00e4he, vielen Outdoor-Aktivit\u00e4ten und guter Gastronomie.","robots":{"index":"index","follow":"follow","max-snippet":"max-snippet:-1","max-image-preview":"max-image-preview:large","max-video-preview":"max-video-preview:-1"},"canonical":"https:\/\/www.idealpropertymallorca.com\/blog\/de\/cala-bona\/","og_locale":"de_DE","og_type":"article","og_title":"Cala Bona, einer der gro\u00dfen Unbekannten Mallorcas - Blog von Mallorca","og_description":"Reisen Sie nach Cala Bona auf Mallorca und entdecken Sie ein ruhiges und angenehmes Reiseziel mit Str\u00e4nden in der N\u00e4he, vielen Outdoor-Aktivit\u00e4ten und guter Gastronomie.","og_url":"https:\/\/www.idealpropertymallorca.com\/blog\/de\/cala-bona\/","og_site_name":"Blog von Mallorca","article_published_time":"2026-01-27T11:53:44+00:00","article_modified_time":"2026-01-27T11:53:45+00:00","og_image":[{"width":1360,"height":907,"url":"https:\/\/www.idealpropertymallorca.com\/blog\/wp-content\/uploads\/2026\/01\/Cala-bona-de-mallorca.webp","type":"image\/webp"}],"author":"Laura","twitter_card":"summary_large_image","twitter_misc":{"Written by":"Laura","Est. reading time":"7 minutes"},"schema":{"@context":"https:\/\/schema.org","@graph":[{"@type":"Article","@id":"https:\/\/www.idealpropertymallorca.com\/blog\/de\/cala-bona\/#article","isPartOf":{"@id":"https:\/\/www.idealpropertymallorca.com\/blog\/de\/cala-bona\/"},"author":{"name":"Laura","@id":"https:\/\/www.idealpropertymallorca.com\/blog\/de\/#\/schema\/person\/53b99bcf6881b706ccaf30eb50de4c8e"},"headline":"Cala Bona, einer der gro\u00dfen Unbekannten Mallorcas","datePublished":"2026-01-27T11:53:44+00:00","dateModified":"2026-01-27T11:53:45+00:00","mainEntityOfPage":{"@id":"https:\/\/www.idealpropertymallorca.com\/blog\/de\/cala-bona\/"},"wordCount":1337,"commentCount":0,"publisher":{"@id":"https:\/\/www.idealpropertymallorca.com\/blog\/de\/#organization"},"image":{"@id":"https:\/\/www.idealpropertymallorca.com\/blog\/de\/cala-bona\/#primaryimage"},"thumbnailUrl":"https:\/\/www.idealpropertymallorca.com\/blog\/wp-content\/uploads\/2026\/01\/Cala-bona-de-mallorca.webp","articleSection":["Buchten"],"inLanguage":"de","potentialAction":[{"@type":"CommentAction","name":"Comment","target":["https:\/\/www.idealpropertymallorca.com\/blog\/de\/cala-bona\/#respond"]}]},{"@type":"WebPage","@id":"https:\/\/www.idealpropertymallorca.com\/blog\/de\/cala-bona\/","url":"https:\/\/www.idealpropertymallorca.com\/blog\/de\/cala-bona\/","name":"Cala Bona, einer der gro\u00dfen Unbekannten Mallorcas - Blog von Mallorca","isPartOf":{"@id":"https:\/\/www.idealpropertymallorca.com\/blog\/de\/#website"},"primaryImageOfPage":{"@id":"https:\/\/www.idealpropertymallorca.com\/blog\/de\/cala-bona\/#primaryimage"},"image":{"@id":"https:\/\/www.idealpropertymallorca.com\/blog\/de\/cala-bona\/#primaryimage"},"thumbnailUrl":"https:\/\/www.idealpropertymallorca.com\/blog\/wp-content\/uploads\/2026\/01\/Cala-bona-de-mallorca.webp","datePublished":"2026-01-27T11:53:44+00:00","dateModified":"2026-01-27T11:53:45+00:00","description":"Reisen Sie nach Cala Bona auf Mallorca und entdecken Sie ein ruhiges und angenehmes Reiseziel mit Str\u00e4nden in der N\u00e4he, vielen Outdoor-Aktivit\u00e4ten und guter Gastronomie.","inLanguage":"de","potentialAction":[{"@type":"ReadAction","target":["https:\/\/www.idealpropertymallorca.com\/blog\/de\/cala-bona\/"]}]},{"@type":"ImageObject","inLanguage":"de","@id":"https:\/\/www.idealpropertymallorca.com\/blog\/de\/cala-bona\/#primaryimage","url":"https:\/\/www.idealpropertymallorca.com\/blog\/wp-content\/uploads\/2026\/01\/Cala-bona-de-mallorca.webp","contentUrl":"https:\/\/www.idealpropertymallorca.com\/blog\/wp-content\/uploads\/2026\/01\/Cala-bona-de-mallorca.webp","width":1360,"height":907,"caption":"Cala bona de mallorca"},{"@type":"WebSite","@id":"https:\/\/www.idealpropertymallorca.com\/blog\/de\/#website","url":"https:\/\/www.idealpropertymallorca.com\/blog\/de\/","name":"Blog von Mallorca","description":"Finden Sie touristische Informationen dar\u00fcber, was zu sehen und zu tun auf der Insel Mallorca w\u00e4hrend der Ferien. Entdecken Sie die besten Orte!","publisher":{"@id":"https:\/\/www.idealpropertymallorca.com\/blog\/de\/#organization"},"potentialAction":[{"@type":"SearchAction","target":{"@type":"EntryPoint","urlTemplate":"https:\/\/www.idealpropertymallorca.com\/blog\/de\/?s={search_term_string}"},"query-input":{"@type":"PropertyValueSpecification","valueRequired":true,"valueName":"search_term_string"}}],"inLanguage":"de"},{"@type":"Organization","@id":"https:\/\/www.idealpropertymallorca.com\/blog\/de\/#organization","name":"Blog von Mallorca","url":"https:\/\/www.idealpropertymallorca.com\/blog\/de\/","logo":{"@type":"ImageObject","inLanguage":"de","@id":"https:\/\/www.idealpropertymallorca.com\/blog\/de\/#\/schema\/logo\/image\/","url":"https:\/\/www.idealpropertymallorca.com\/blog\/wp-content\/uploads\/2024\/10\/ideal-property-mallorca-blue-mobile.png","contentUrl":"https:\/\/www.idealpropertymallorca.com\/blog\/wp-content\/uploads\/2024\/10\/ideal-property-mallorca-blue-mobile.png","width":500,"height":150,"caption":"Blog von Mallorca"},"image":{"@id":"https:\/\/www.idealpropertymallorca.com\/blog\/de\/#\/schema\/logo\/image\/"}},{"@type":"Person","@id":"https:\/\/www.idealpropertymallorca.com\/blog\/de\/#\/schema\/person\/53b99bcf6881b706ccaf30eb50de4c8e","name":"Laura","image":{"@type":"ImageObject","inLanguage":"de","@id":"https:\/\/secure.gravatar.com\/avatar\/38b396224481eeb6edadb558d7e4a6d1ff1c8ba1e6abd3951e451527e107c96b?s=96&d=mm&r=g","url":"https:\/\/secure.gravatar.com\/avatar\/38b396224481eeb6edadb558d7e4a6d1ff1c8ba1e6abd3951e451527e107c96b?s=96&d=mm&r=g","contentUrl":"https:\/\/secure.gravatar.com\/avatar\/38b396224481eeb6edadb558d7e4a6d1ff1c8ba1e6abd3951e451527e107c96b?s=96&d=mm&r=g","caption":"Laura"}}]}},"_links":{"self":[{"href":"https:\/\/www.idealpropertymallorca.com\/blog\/de\/wp-json\/wp\/v2\/posts\/23418","targetHints":{"allow":["GET"]}}],"collection":[{"href":"https:\/\/www.idealpropertymallorca.com\/blog\/de\/wp-json\/wp\/v2\/posts"}],"about":[{"href":"https:\/\/www.idealpropertymallorca.com\/blog\/de\/wp-json\/wp\/v2\/types\/post"}],"author":[{"embeddable":true,"href":"https:\/\/www.idealpropertymallorca.com\/blog\/de\/wp-json\/wp\/v2\/users\/8"}],"replies":[{"embeddable":true,"href":"https:\/\/www.idealpropertymallorca.com\/blog\/de\/wp-json\/wp\/v2\/comments?post=23418"}],"version-history":[{"count":1,"href":"https:\/\/www.idealpropertymallorca.com\/blog\/de\/wp-json\/wp\/v2\/posts\/23418\/revisions"}],"predecessor-version":[{"id":23419,"href":"https:\/\/www.idealpropertymallorca.com\/blog\/de\/wp-json\/wp\/v2\/posts\/23418\/revisions\/23419"}],"wp:featuredmedia":[{"embeddable":true,"href":"https:\/\/www.idealpropertymallorca.com\/blog\/de\/wp-json\/wp\/v2\/media\/23390"}],"wp:attachment":[{"href":"https:\/\/www.idealpropertymallorca.com\/blog\/de\/wp-json\/wp\/v2\/media?parent=23418"}],"wp:term":[{"taxonomy":"category","embeddable":true,"href":"https:\/\/www.idealpropertymallorca.com\/blog\/de\/wp-json\/wp\/v2\/categories?post=23418"},{"taxonomy":"post_tag","embeddable":true,"href":"https:\/\/www.idealpropertymallorca.com\/blog\/de\/wp-json\/wp\/v2\/tags?post=23418"}],"curies":[{"name":"wp","href":"https:\/\/api.w.org\/{rel}","templated":true}]}}