{"id":22608,"date":"2025-11-24T10:46:04","date_gmt":"2025-11-24T10:46:04","guid":{"rendered":"https:\/\/www.idealpropertymallorca.com\/blog\/?p=22608"},"modified":"2025-12-30T11:13:13","modified_gmt":"2025-12-30T11:13:13","slug":"typisches-weihnachtsessen-auf-mallorca","status":"publish","type":"post","link":"https:\/\/www.idealpropertymallorca.com\/blog\/de\/typisches-weihnachtsessen-auf-mallorca\/","title":{"rendered":"Weihnachtsessen auf Mallorca Traditionen"},"content":{"rendered":"\t\t<div data-elementor-type=\"wp-post\" data-elementor-id=\"22608\" class=\"elementor elementor-22608 elementor-22338\" data-elementor-post-type=\"post\">\n\t\t\t\t<div class=\"elementor-element elementor-element-0d02ce7 e-flex e-con-boxed e-con e-parent\" data-id=\"0d02ce7\" data-element_type=\"container\" data-e-type=\"container\">\n\t\t\t\t\t<div class=\"e-con-inner\">\n\t\t\t\t<div class=\"elementor-element elementor-element-d95cf79 elementor-widget elementor-widget-text-editor\" data-id=\"d95cf79\" data-element_type=\"widget\" data-e-type=\"widget\" data-widget_type=\"text-editor.default\">\n\t\t\t\t<div class=\"elementor-widget-container\">\n\t\t\t\t\t\t\t\t\tDie Weihnachtszeit auf Mallorca ist eine Zeit voller Licht, Tradition und authentischer Aromen. Die Insel verbindet ihre mediterrane Identit\u00e4t mit tief verwurzelten Familienrezepten, die von Generation zu Generation weitergegeben werden. Daher spiegelt das <strong>typische Weihnachtsessen auf Mallorca<\/strong> diesen Geist wider: herzhafte Suppen, Ofenfleisch, handwerkliche S\u00fc\u00dfspeisen und Eint\u00f6pfe, die nach Zuhause duften \u2013 ein zentraler Teil der Weihnachtsessen auf Mallorca Traditionen.\t\t\t\t\t\t\t\t<\/div>\n\t\t\t\t<\/div>\n\t\t\t\t\t<\/div>\n\t\t\t\t<\/div>\n\t\t<div class=\"elementor-element elementor-element-2647e21 e-flex e-con-boxed e-con e-parent\" data-id=\"2647e21\" data-element_type=\"container\" data-e-type=\"container\">\n\t\t\t\t\t<div class=\"e-con-inner\">\n\t\t\t\t<div class=\"elementor-element elementor-element-fbb1541 elementor-widget elementor-widget-text-editor\" data-id=\"fbb1541\" data-element_type=\"widget\" data-e-type=\"widget\" data-widget_type=\"text-editor.default\">\n\t\t\t\t<div class=\"elementor-widget-container\">\n\t\t\t\t\t\t\t\t\tWenn Sie die Insel im Winter besuchen, k\u00f6nnen Sie <a href=\"https:\/\/www.idealpropertymallorca.com\/blog\/es\/la-magia-de-la-navidad-en-mallorca-mercadillos-y-actividades-para-disfrutar\/\">Weihnachtsm\u00e4rkte<\/a>, beleuchtete Stra\u00dfen und eine gem\u00fctliche Atmosph\u00e4re genie\u00dfen. Und um die Zeit wie ein echter Einheimischer zu erleben, gibt es nichts Besseres, als in einer traditionellen Finca oder einem typischen mallorquinischen Haus zu \u00fcbernachten. <strong>Ideal Property Mallorca<\/strong> bietet die perfekten Unterk\u00fcnfte, um die mallorquinische Weihnacht mitten im Herzen der Insel zu genie\u00dfen.\t\t\t\t\t\t\t\t<\/div>\n\t\t\t\t<\/div>\n\t\t\t\t\t<\/div>\n\t\t\t\t<\/div>\n\t\t<div class=\"elementor-element elementor-element-119f2bc e-flex e-con-boxed e-con e-parent\" data-id=\"119f2bc\" data-element_type=\"container\" data-e-type=\"container\">\n\t\t\t\t\t<div class=\"e-con-inner\">\n\t\t\t\t<div class=\"elementor-element elementor-element-c5fc4b1 elementor-widget elementor-widget-text-editor\" data-id=\"c5fc4b1\" data-element_type=\"widget\" data-e-type=\"widget\" data-widget_type=\"text-editor.default\">\n\t\t\t\t<div class=\"elementor-widget-container\">\n\t\t\t\t\t\t\t\t\tIm Folgenden erkl\u00e4ren wir Ihnen in diesem <strong style=\"color: #00bfff;\">umfassenden Leitfaden<\/strong>, was man auf Mallorca w\u00e4hrend der Festtage isst, woher die einzelnen Gerichte stammen und wo Sie sie genie\u00dfen k\u00f6nnen.\t\t\t\t\t\t\t\t<\/div>\n\t\t\t\t<\/div>\n\t\t\t\t\t<\/div>\n\t\t\t\t<\/div>\n\t\t<div class=\"elementor-element elementor-element-446eb21 e-flex e-con-boxed e-con e-parent\" data-id=\"446eb21\" data-element_type=\"container\" data-e-type=\"container\">\n\t\t\t\t\t<div class=\"e-con-inner\">\n\t\t\t\t<div class=\"elementor-element elementor-element-c1a64ff elementor-widget elementor-widget-heading\" data-id=\"c1a64ff\" data-element_type=\"widget\" data-e-type=\"widget\" data-widget_type=\"heading.default\">\n\t\t\t\t<div class=\"elementor-widget-container\">\n\t\t\t\t\t<h2 class=\"elementor-heading-title elementor-size-default\">Leitfaden f\u00fcr typisches Weihnachtsessen auf Mallorca<\/h2>\t\t\t\t<\/div>\n\t\t\t\t<\/div>\n\t\t\t\t\t<\/div>\n\t\t\t\t<\/div>\n\t\t<div class=\"elementor-element elementor-element-45de44d e-flex e-con-boxed e-con e-parent\" data-id=\"45de44d\" data-element_type=\"container\" data-e-type=\"container\">\n\t\t\t\t\t<div class=\"e-con-inner\">\n\t\t\t\t<div class=\"elementor-element elementor-element-60d7f45 elementor-widget elementor-widget-heading\" data-id=\"60d7f45\" data-element_type=\"widget\" data-e-type=\"widget\" data-widget_type=\"heading.default\">\n\t\t\t\t<div class=\"elementor-widget-container\">\n\t\t\t\t\t<h3 class=\"elementor-heading-title elementor-size-default\">Die Sopa de Nadal: das Gericht, das alle Feierlichkeiten er\u00f6ffnet<\/h3>\t\t\t\t<\/div>\n\t\t\t\t<\/div>\n\t\t\t\t\t<\/div>\n\t\t\t\t<\/div>\n\t\t<div class=\"elementor-element elementor-element-cfb196f e-flex e-con-boxed e-con e-parent\" data-id=\"cfb196f\" data-element_type=\"container\" data-e-type=\"container\">\n\t\t\t\t\t<div class=\"e-con-inner\">\n\t\t<div class=\"elementor-element elementor-element-65687ac e-con-full e-flex e-con e-child\" data-id=\"65687ac\" data-element_type=\"container\" data-e-type=\"container\">\n\t\t\t\t<div class=\"elementor-element elementor-element-28492d8 elementor-widget elementor-widget-text-editor\" data-id=\"28492d8\" data-element_type=\"widget\" data-e-type=\"widget\" data-widget_type=\"text-editor.default\">\n\t\t\t\t<div class=\"elementor-widget-container\">\n\t\t\t\t\t\t\t\t\tDie <strong>Sopa de Nadal<\/strong> ist eines der wichtigsten Gerichte innerhalb des typischen Weihnachtsessens auf Mallorca. \nSie wird mit einer sehr aromatischen Br\u00fche zubereitet, die aus Huhn, Schweinefleisch, Gem\u00fcse und Pasta besteht. Das Ergebnis ist ein einfaches Rezept, das zugleich voller Tradition steckt.\t\t\t\t\t\t\t\t<\/div>\n\t\t\t\t<\/div>\n\t\t\t\t<div class=\"elementor-element elementor-element-4b27d5d elementor-widget elementor-widget-text-editor\" data-id=\"4b27d5d\" data-element_type=\"widget\" data-e-type=\"widget\" data-widget_type=\"text-editor.default\">\n\t\t\t\t<div class=\"elementor-widget-container\">\n\t\t\t\t\t\t\t\t\t<p data-start=\"93\" data-end=\"137\"><strong data-start=\"93\" data-end=\"137\">Traditionelle Variante: die Sopa Rellena<\/strong><\/p><p data-start=\"139\" data-end=\"513\" data-is-last-node=\"\" data-is-only-node=\"\">Unter ihren beliebtesten Varianten sticht die <a href=\"https:\/\/www.recetasmallorquinas.es\/2019\/09\/sopa-de-navidad.html\"><em data-start=\"185\" data-end=\"199\">Sopa Rellena<\/em><\/a> hervor, bei der die gro\u00dfen <em data-start=\"227\" data-end=\"235\">Galets<\/em> \u2013 eine gro\u00dfformatige Pasta \u2013 mit gew\u00fcrztem Hackfleisch gef\u00fcllt werden. Dieses kr\u00e4ftige und wohltuende Gericht wird oft als Auftakt zum gro\u00dfen Mittagessen am 25. Dezember serviert und markiert den Beginn einer tief verwurzelten Familienfeier in der mallorquinischen Gastronomie.<\/p>\t\t\t\t\t\t\t\t<\/div>\n\t\t\t\t<\/div>\n\t\t\t\t<\/div>\n\t\t<div class=\"elementor-element elementor-element-68a39d8 e-con-full e-flex e-con e-child\" data-id=\"68a39d8\" data-element_type=\"container\" data-e-type=\"container\">\n\t\t\t\t<div class=\"elementor-element elementor-element-8355960 elementor-widget elementor-widget-image\" data-id=\"8355960\" data-element_type=\"widget\" data-e-type=\"widget\" data-widget_type=\"image.default\">\n\t\t\t\t<div class=\"elementor-widget-container\">\n\t\t\t\t\t\t\t\t\t\t\t\t\t\t\t<img fetchpriority=\"high\" decoding=\"async\" width=\"800\" height=\"450\" src=\"https:\/\/www.idealpropertymallorca.com\/blog\/wp-content\/uploads\/2025\/11\/sopa-de-navidad-1.jpg\" class=\"attachment-large size-large wp-image-22494\" alt=\"Sopa navidad Mallorca comida t\u00edpica\" srcset=\"https:\/\/www.idealpropertymallorca.com\/blog\/wp-content\/uploads\/2025\/11\/sopa-de-navidad-1.jpg 880w, https:\/\/www.idealpropertymallorca.com\/blog\/wp-content\/uploads\/2025\/11\/sopa-de-navidad-1-300x169.jpg 300w, https:\/\/www.idealpropertymallorca.com\/blog\/wp-content\/uploads\/2025\/11\/sopa-de-navidad-1-768x432.jpg 768w\" sizes=\"(max-width: 800px) 100vw, 800px\" \/>\t\t\t\t\t\t\t\t\t\t\t\t\t\t\t<\/div>\n\t\t\t\t<\/div>\n\t\t\t\t<\/div>\n\t\t\t\t\t<\/div>\n\t\t\t\t<\/div>\n\t\t<div class=\"elementor-element elementor-element-fabde14 e-flex e-con-boxed e-con e-parent\" data-id=\"fabde14\" data-element_type=\"container\" data-e-type=\"container\">\n\t\t\t\t\t<div class=\"e-con-inner\">\n\t\t\t\t<div class=\"elementor-element elementor-element-c5abb9a elementor-widget elementor-widget-heading\" data-id=\"c5abb9a\" data-element_type=\"widget\" data-e-type=\"widget\" data-widget_type=\"heading.default\">\n\t\t\t\t<div class=\"elementor-widget-container\">\n\t\t\t\t\t<h3 class=\"elementor-heading-title elementor-size-default\">Escaldums de Pavo: der typischste Festtagseintopf<\/h3>\t\t\t\t<\/div>\n\t\t\t\t<\/div>\n\t\t\t\t\t<\/div>\n\t\t\t\t<\/div>\n\t\t<div class=\"elementor-element elementor-element-cacc6a3 e-flex e-con-boxed e-con e-parent\" data-id=\"cacc6a3\" data-element_type=\"container\" data-e-type=\"container\">\n\t\t\t\t\t<div class=\"e-con-inner\">\n\t\t<div class=\"elementor-element elementor-element-eb24ec2 e-con-full e-flex e-con e-child\" data-id=\"eb24ec2\" data-element_type=\"container\" data-e-type=\"container\">\n\t\t\t\t<div class=\"elementor-element elementor-element-da348ff elementor-widget elementor-widget-text-editor\" data-id=\"da348ff\" data-element_type=\"widget\" data-e-type=\"widget\" data-widget_type=\"text-editor.default\">\n\t\t\t\t<div class=\"elementor-widget-container\">\n\t\t\t\t\t\t\t\t\tUnter den mallorquinischen Weihnachtseint\u00f6pfen ragt der <a href=\"https:\/\/www.recetasmallorquinas.es\/2017\/02\/escaldums.html\"><strong>Escaldums de Pavo<\/strong><\/a> hervor, ein emblematisches Gericht der mallorquinischen Weihnachtszeit.  \nEs wird aus in St\u00fccke geschnittenem Putenfleisch, einer reichhaltigen Sofrito-Basis aus Zwiebel, Tomate und Knoblauch, Kartoffeln, Wei\u00dfwein sowie einer dicken Sauce zubereitet, die mit mallorquinischen Mandeln, Pinienkernen, aromatischen Kr\u00e4utern und einem Hauch Zimt verfeinert wird.\t\t\t\t\t\t\t\t<\/div>\n\t\t\t\t<\/div>\n\t\t\t\t<div class=\"elementor-element elementor-element-021c4c6 elementor-widget elementor-widget-text-editor\" data-id=\"021c4c6\" data-element_type=\"widget\" data-e-type=\"widget\" data-widget_type=\"text-editor.default\">\n\t\t\t\t<div class=\"elementor-widget-container\">\n\t\t\t\t\t\t\t\t\tEs ist ein warmes und kr\u00e4ftiges Gericht, ideal f\u00fcr die kalten Dezembertage.\n\nBesonders h\u00e4ufig wird es in <strong>Landh\u00e4usern im Pla und im Raiguer<\/strong> zubereitet, wo die Rezepte von Generation zu Generation weitergegeben werden.\n\nEs verk\u00f6rpert wie kaum ein anderes die Essenz des <strong>typischen Weihnachtsessens auf Mallorca<\/strong>.\t\t\t\t\t\t\t\t<\/div>\n\t\t\t\t<\/div>\n\t\t\t\t<\/div>\n\t\t<div class=\"elementor-element elementor-element-64fce97 e-con-full e-flex e-con e-child\" data-id=\"64fce97\" data-element_type=\"container\" data-e-type=\"container\">\n\t\t\t\t<div class=\"elementor-element elementor-element-ec16a71 elementor-widget elementor-widget-image\" data-id=\"ec16a71\" data-element_type=\"widget\" data-e-type=\"widget\" data-widget_type=\"image.default\">\n\t\t\t\t<div class=\"elementor-widget-container\">\n\t\t\t\t\t\t\t\t\t\t\t\t\t\t\t<img decoding=\"async\" width=\"800\" height=\"450\" src=\"https:\/\/www.idealpropertymallorca.com\/blog\/wp-content\/uploads\/2025\/11\/escaldums-pavo.jpg\" class=\"attachment-large size-large wp-image-22514\" alt=\"Comida t\u00edpica mallorca navidad\" srcset=\"https:\/\/www.idealpropertymallorca.com\/blog\/wp-content\/uploads\/2025\/11\/escaldums-pavo.jpg 880w, https:\/\/www.idealpropertymallorca.com\/blog\/wp-content\/uploads\/2025\/11\/escaldums-pavo-300x169.jpg 300w, https:\/\/www.idealpropertymallorca.com\/blog\/wp-content\/uploads\/2025\/11\/escaldums-pavo-768x432.jpg 768w\" sizes=\"(max-width: 800px) 100vw, 800px\" \/>\t\t\t\t\t\t\t\t\t\t\t\t\t\t\t<\/div>\n\t\t\t\t<\/div>\n\t\t\t\t<\/div>\n\t\t\t\t\t<\/div>\n\t\t\t\t<\/div>\n\t\t<div class=\"elementor-element elementor-element-10c1502 e-flex e-con-boxed e-con e-parent\" data-id=\"10c1502\" data-element_type=\"container\" data-e-type=\"container\">\n\t\t\t\t\t<div class=\"e-con-inner\">\n\t\t\t\t<div class=\"elementor-element elementor-element-0cd362e elementor-widget elementor-widget-heading\" data-id=\"0cd362e\" data-element_type=\"widget\" data-e-type=\"widget\" data-widget_type=\"heading.default\">\n\t\t\t\t<div class=\"elementor-widget-container\">\n\t\t\t\t\t<h3 class=\"elementor-heading-title elementor-size-default\">Porcella aus dem Ofen: die K\u00f6nigin des 25. Dezember<\/h3>\t\t\t\t<\/div>\n\t\t\t\t<\/div>\n\t\t\t\t\t<\/div>\n\t\t\t\t<\/div>\n\t\t<div class=\"elementor-element elementor-element-36780a8 e-flex e-con-boxed e-con e-parent\" data-id=\"36780a8\" data-element_type=\"container\" data-e-type=\"container\">\n\t\t\t\t\t<div class=\"e-con-inner\">\n\t\t<div class=\"elementor-element elementor-element-0ad6118 e-con-full e-flex e-con e-child\" data-id=\"0ad6118\" data-element_type=\"container\" data-e-type=\"container\">\n\t\t\t\t<div class=\"elementor-element elementor-element-59d302c elementor-widget elementor-widget-text-editor\" data-id=\"59d302c\" data-element_type=\"widget\" data-e-type=\"widget\" data-widget_type=\"text-editor.default\">\n\t\t\t\t<div class=\"elementor-widget-container\">\n\t\t\t\t\t\t\t\t\tDie <a href=\"https:\/\/www.recetasmallorquinas.es\/2019\/10\/lechona-asada-porcella-rostida.html\"><strong>mallorquinische Porcella<\/strong><\/a>, das traditionelle Spanferkel, geh\u00f6rt zu den am meisten erwarteten Gerichten der Weihnachtszeit.  \nSie wird mit Zitrone, Knoblauch, Lorbeer und Oliven\u00f6l mariniert und langsam im Ofen gegart, bis die Haut knusprig und perfekt goldbraun ist. Dieser langsame Prozess sorgt f\u00fcr eine zarte Textur und einen unverwechselbaren Geschmack.\t\t\t\t\t\t\t\t<\/div>\n\t\t\t\t<\/div>\n\t\t\t\t<div class=\"elementor-element elementor-element-5262140 elementor-widget elementor-widget-text-editor\" data-id=\"5262140\" data-element_type=\"widget\" data-e-type=\"widget\" data-widget_type=\"text-editor.default\">\n\t\t\t\t<div class=\"elementor-widget-container\">\n\t\t\t\t\t\t\t\t\t<strong>Warum ist sie so wichtig?<\/strong>\n<ul>\n \t<li>Es ist ein ausgesprochen <strong>festliches<\/strong> Gericht, typisch f\u00fcr die D\u00f6rfer im Landesinneren wie <strong>Sineu, Llub\u00ed oder Inca<\/strong>.<\/li>\n \t<li>Oft wird es f\u00fcr gro\u00dfe Familientreffen zubereitet.<\/li>\n \t<li>Traditionell wird es mit <strong>Ofenkartoffeln<\/strong>, <strong>S\u00fc\u00dfkartoffeln<\/strong> und <strong>payesischer Salat<\/strong> serviert.<\/li>\n<\/ul>\nF\u00fcr viele Mallorquiner gibt es kein Weihnachten ohne Porcella.\t\t\t\t\t\t\t\t<\/div>\n\t\t\t\t<\/div>\n\t\t\t\t<\/div>\n\t\t<div class=\"elementor-element elementor-element-ef4579c e-con-full e-flex e-con e-child\" data-id=\"ef4579c\" data-element_type=\"container\" data-e-type=\"container\">\n\t\t\t\t<div class=\"elementor-element elementor-element-f011809 elementor-widget elementor-widget-image\" data-id=\"f011809\" data-element_type=\"widget\" data-e-type=\"widget\" data-widget_type=\"image.default\">\n\t\t\t\t<div class=\"elementor-widget-container\">\n\t\t\t\t\t\t\t\t\t\t\t\t\t\t\t<img decoding=\"async\" width=\"800\" height=\"450\" src=\"https:\/\/www.idealpropertymallorca.com\/blog\/wp-content\/uploads\/2025\/11\/porcella-al-horno.jpg\" class=\"attachment-large size-large wp-image-22483\" alt=\"cochinillo mallorca\" srcset=\"https:\/\/www.idealpropertymallorca.com\/blog\/wp-content\/uploads\/2025\/11\/porcella-al-horno.jpg 880w, https:\/\/www.idealpropertymallorca.com\/blog\/wp-content\/uploads\/2025\/11\/porcella-al-horno-300x169.jpg 300w, https:\/\/www.idealpropertymallorca.com\/blog\/wp-content\/uploads\/2025\/11\/porcella-al-horno-768x432.jpg 768w\" sizes=\"(max-width: 800px) 100vw, 800px\" \/>\t\t\t\t\t\t\t\t\t\t\t\t\t\t\t<\/div>\n\t\t\t\t<\/div>\n\t\t\t\t<\/div>\n\t\t\t\t\t<\/div>\n\t\t\t\t<\/div>\n\t\t<div class=\"elementor-element elementor-element-d7ee3ce e-flex e-con-boxed e-con e-parent\" data-id=\"d7ee3ce\" data-element_type=\"container\" data-e-type=\"container\">\n\t\t\t\t\t<div class=\"e-con-inner\">\n\t\t\t\t<div class=\"elementor-element elementor-element-142972f elementor-widget elementor-widget-heading\" data-id=\"142972f\" data-element_type=\"widget\" data-e-type=\"widget\" data-widget_type=\"heading.default\">\n\t\t\t\t<div class=\"elementor-widget-container\">\n\t\t\t\t\t<h3 class=\"elementor-heading-title elementor-size-default\">Fisch- und Meeresgerichte: die K\u00fcstenalternative<\/h3>\t\t\t\t<\/div>\n\t\t\t\t<\/div>\n\t\t\t\t<div class=\"elementor-element elementor-element-6b0337e elementor-widget elementor-widget-text-editor\" data-id=\"6b0337e\" data-element_type=\"widget\" data-e-type=\"widget\" data-widget_type=\"text-editor.default\">\n\t\t\t\t<div class=\"elementor-widget-container\">\n\t\t\t\t\t\t\t\t\tAuch wenn die mallorquinische Weihnachtszeit stark mit Eint\u00f6pfen und Fleischgerichten verbunden ist, \u00e4ndert sich die Tradition an der K\u00fcste: Dort setzt man auf leichtere, mediterrane Speisen. Der maritime Einfluss pr\u00e4gt das <strong>typische Weihnachtsessen auf Mallorca<\/strong> besonders in K\u00fcstenorten wie Alc\u00fadia, Pollen\u00e7a oder Portocolom, wo die Familien historisch vom Meer lebten.\t\t\t\t\t\t\t\t<\/div>\n\t\t\t\t<\/div>\n\t\t\t\t\t<\/div>\n\t\t\t\t<\/div>\n\t\t<div class=\"elementor-element elementor-element-b312169 e-flex e-con-boxed e-con e-parent\" data-id=\"b312169\" data-element_type=\"container\" data-e-type=\"container\">\n\t\t\t\t\t<div class=\"e-con-inner\">\n\t\t\t\t<div class=\"elementor-element elementor-element-2dde172 elementor-widget elementor-widget-text-editor\" data-id=\"2dde172\" data-element_type=\"widget\" data-e-type=\"widget\" data-widget_type=\"text-editor.default\">\n\t\t\t\t<div class=\"elementor-widget-container\">\n\t\t\t\t\t\t\t\t\t<strong>H\u00e4ufigste Gerichte<\/strong>\n<ul>\n \t<li><strong><a href=\"https:\/\/www.recetasmallorquinas.es\/2020\/09\/llampuga-al-horno.html\">Mallorquinischer Ofenfisch<\/a>:<\/strong> \n\tDas repr\u00e4sentativste Gericht ist der mallorquinische Ofenfisch, zubereitet mit lokalen Arten wie Wolfsbarsch, Dorade, Zackenbarsch oder Cap Roig. Er wird auf einer Basis aus Zwiebeln, Kartoffeln, Tomaten und Paprika gegart, mit Oliven\u00f6l betr\u00e4ufelt und mit einem Schuss Wei\u00dfwein oder Zitrone verfeinert. Das Ergebnis ist ein saftiger und aromatischer Fisch, der in den H\u00e4usern im Hafen von Pollen\u00e7a und anderen K\u00fcstenorten besonders typisch ist.<\/li>\n<\/ul>\t\t\t\t\t\t\t\t<\/div>\n\t\t\t\t<\/div>\n\t\t\t\t<div class=\"elementor-element elementor-element-3ba94a3 elementor-widget elementor-widget-text-editor\" data-id=\"3ba94a3\" data-element_type=\"widget\" data-e-type=\"widget\" data-widget_type=\"text-editor.default\">\n\t\t\t\t<div class=\"elementor-widget-container\">\n\t\t\t\t\t\t\t\t\t<ul>\n \t<li><strong><a href=\"https:\/\/www.recetasmallorquinas.es\/2017\/02\/pescado-a-la-mallorquina.html\">Fisch geschmort mit Tomaten, Kartoffeln und Paprika<\/a>:<\/strong> \n\tTypisch sind auch Fischgerichte aus Felsenfisch, der langsam mit geschmorten Zwiebeln, geriebenen Tomaten, roter Paprika, Kartoffeln und mildem Paprikapulver gekocht wird. Das Ergebnis ist ein wohltuendes, aber leichteres Gericht im Vergleich zu Fleischeint\u00f6pfen.<\/li>\n\n \t<li><strong><a href=\"https:\/\/www.recetasmallorquinas.es\/2019\/10\/caldereta-de-bogavante.html\">Leichte Fisch-Caldereta<\/a>:<\/strong>\n\tIn manchen Familien wird eine mildere Fisch-Caldereta zubereitet, im Vergleich zur bekannten Hummer-Caldereta. Sie entsteht aus einer Br\u00fche aus hausgemachtem Fischfond, ger\u00f6stetem Brot, Mandeln, aromatischen Kr\u00e4utern und wei\u00dfem Fisch. Eine perfekte Option f\u00fcr ein leichtes Heiligabendessen, bevor man zur Mitternachtsmesse geht.<\/li>\n<\/ul>\t\t\t\t\t\t\t\t<\/div>\n\t\t\t\t<\/div>\n\t\t\t\t\t<\/div>\n\t\t\t\t<\/div>\n\t\t<div class=\"elementor-element elementor-element-edd2e3c e-con-full e-flex e-con e-parent\" data-id=\"edd2e3c\" data-element_type=\"container\" data-e-type=\"container\">\n\t\t<div class=\"elementor-element elementor-element-e82fbea e-con-full e-flex e-con e-child\" data-id=\"e82fbea\" data-element_type=\"container\" data-e-type=\"container\">\n\t\t\t\t<div class=\"elementor-element elementor-element-69d043d elementor-widget__width-initial elementor-widget elementor-widget-image\" data-id=\"69d043d\" data-element_type=\"widget\" data-e-type=\"widget\" data-widget_type=\"image.default\">\n\t\t\t\t<div class=\"elementor-widget-container\">\n\t\t\t\t\t\t\t\t\t\t\t\t<figure class=\"wp-caption\">\n\t\t\t\t\t\t\t\t\t\t<img loading=\"lazy\" decoding=\"async\" width=\"800\" height=\"450\" src=\"https:\/\/www.idealpropertymallorca.com\/blog\/wp-content\/uploads\/2025\/11\/llampuga-al-horno.jpg\" class=\"attachment-large size-large wp-image-22464\" alt=\"Pescado al horno t\u00edpico Mallorca\" srcset=\"https:\/\/www.idealpropertymallorca.com\/blog\/wp-content\/uploads\/2025\/11\/llampuga-al-horno.jpg 880w, https:\/\/www.idealpropertymallorca.com\/blog\/wp-content\/uploads\/2025\/11\/llampuga-al-horno-300x169.jpg 300w, https:\/\/www.idealpropertymallorca.com\/blog\/wp-content\/uploads\/2025\/11\/llampuga-al-horno-768x432.jpg 768w\" sizes=\"(max-width: 800px) 100vw, 800px\" \/>\t\t\t\t\t\t\t\t\t\t\t<figcaption class=\"widget-image-caption wp-caption-text\">Ofenfisch: Llampuga auf mallorquinische Art<\/figcaption>\n\t\t\t\t\t\t\t\t\t\t<\/figure>\n\t\t\t\t\t\t\t\t\t<\/div>\n\t\t\t\t<\/div>\n\t\t\t\t<\/div>\n\t\t<div class=\"elementor-element elementor-element-0f68a90 e-con-full e-flex e-con e-child\" data-id=\"0f68a90\" data-element_type=\"container\" data-e-type=\"container\">\n\t\t\t\t<div class=\"elementor-element elementor-element-cf5ec61 elementor-widget__width-initial elementor-widget elementor-widget-image\" data-id=\"cf5ec61\" data-element_type=\"widget\" data-e-type=\"widget\" data-widget_type=\"image.default\">\n\t\t\t\t<div class=\"elementor-widget-container\">\n\t\t\t\t\t\t\t\t\t\t\t\t<figure class=\"wp-caption\">\n\t\t\t\t\t\t\t\t\t\t<img loading=\"lazy\" decoding=\"async\" width=\"800\" height=\"450\" src=\"https:\/\/www.idealpropertymallorca.com\/blog\/wp-content\/uploads\/2025\/11\/pescado-a-la-mallorquina.jpg\" class=\"attachment-large size-large wp-image-22479\" alt=\"comida tipica mallorquina\" srcset=\"https:\/\/www.idealpropertymallorca.com\/blog\/wp-content\/uploads\/2025\/11\/pescado-a-la-mallorquina.jpg 880w, https:\/\/www.idealpropertymallorca.com\/blog\/wp-content\/uploads\/2025\/11\/pescado-a-la-mallorquina-300x169.jpg 300w, https:\/\/www.idealpropertymallorca.com\/blog\/wp-content\/uploads\/2025\/11\/pescado-a-la-mallorquina-768x432.jpg 768w\" sizes=\"(max-width: 800px) 100vw, 800px\" \/>\t\t\t\t\t\t\t\t\t\t\t<figcaption class=\"widget-image-caption wp-caption-text\">Fisch auf mallorquinische Art<\/figcaption>\n\t\t\t\t\t\t\t\t\t\t<\/figure>\n\t\t\t\t\t\t\t\t\t<\/div>\n\t\t\t\t<\/div>\n\t\t\t\t<\/div>\n\t\t<div class=\"elementor-element elementor-element-86f8167 e-con-full e-flex e-con e-child\" data-id=\"86f8167\" data-element_type=\"container\" data-e-type=\"container\">\n\t\t\t\t<div class=\"elementor-element elementor-element-1638c1c elementor-widget elementor-widget-image\" data-id=\"1638c1c\" data-element_type=\"widget\" data-e-type=\"widget\" data-widget_type=\"image.default\">\n\t\t\t\t<div class=\"elementor-widget-container\">\n\t\t\t\t\t\t\t\t\t\t\t\t<figure class=\"wp-caption\">\n\t\t\t\t\t\t\t\t\t\t<img loading=\"lazy\" decoding=\"async\" width=\"579\" height=\"320\" src=\"https:\/\/www.idealpropertymallorca.com\/blog\/wp-content\/uploads\/2025\/11\/caldereta-ligera.png\" class=\"attachment-large size-large wp-image-22524\" alt=\"caldereta a la mallorquina\" srcset=\"https:\/\/www.idealpropertymallorca.com\/blog\/wp-content\/uploads\/2025\/11\/caldereta-ligera.png 579w, https:\/\/www.idealpropertymallorca.com\/blog\/wp-content\/uploads\/2025\/11\/caldereta-ligera-300x166.png 300w\" sizes=\"(max-width: 579px) 100vw, 579px\" \/>\t\t\t\t\t\t\t\t\t\t\t<figcaption class=\"widget-image-caption wp-caption-text\">Leichte Fisch-Caldereta<\/figcaption>\n\t\t\t\t\t\t\t\t\t\t<\/figure>\n\t\t\t\t\t\t\t\t\t<\/div>\n\t\t\t\t<\/div>\n\t\t\t\t<\/div>\n\t\t\t\t<\/div>\n\t\t<div class=\"elementor-element elementor-element-5c87496 e-flex e-con-boxed e-con e-parent\" data-id=\"5c87496\" data-element_type=\"container\" data-e-type=\"container\">\n\t\t\t\t\t<div class=\"e-con-inner\">\n\t\t\t\t<div class=\"elementor-element elementor-element-133ec75 elementor-widget elementor-widget-text-editor\" data-id=\"133ec75\" data-element_type=\"widget\" data-e-type=\"widget\" data-widget_type=\"text-editor.default\">\n\t\t\t\t<div class=\"elementor-widget-container\">\n\t\t\t\t\t\t\t\t\tEs sind leichtere Gerichte als Fleischspeisen \u2013 perfekt f\u00fcr alle, die ein <strong>mediterraneres Weihnachtsabendessen<\/strong> suchen.\t\t\t\t\t\t\t\t<\/div>\n\t\t\t\t<\/div>\n\t\t\t\t\t<\/div>\n\t\t\t\t<\/div>\n\t\t<div class=\"elementor-element elementor-element-8f816fc e-flex e-con-boxed e-con e-parent\" data-id=\"8f816fc\" data-element_type=\"container\" data-e-type=\"container\">\n\t\t\t\t\t<div class=\"e-con-inner\">\n\t\t\t\t<div class=\"elementor-element elementor-element-99245fb elementor-widget elementor-widget-heading\" data-id=\"99245fb\" data-element_type=\"widget\" data-e-type=\"widget\" data-widget_type=\"heading.default\">\n\t\t\t\t<div class=\"elementor-widget-container\">\n\t\t\t\t\t<h3 class=\"elementor-heading-title elementor-size-default\">Sopa d\u2019ametlla: das emotionalste Dessert der mallorquinischen Weihnacht<\/h3>\t\t\t\t<\/div>\n\t\t\t\t<\/div>\n\t\t\t\t\t<\/div>\n\t\t\t\t<\/div>\n\t\t<div class=\"elementor-element elementor-element-b91a8bd e-flex e-con-boxed e-con e-parent\" data-id=\"b91a8bd\" data-element_type=\"container\" data-e-type=\"container\">\n\t\t\t\t\t<div class=\"e-con-inner\">\n\t\t<div class=\"elementor-element elementor-element-af718ca e-con-full e-flex e-con e-child\" data-id=\"af718ca\" data-element_type=\"container\" data-e-type=\"container\">\n\t\t\t\t<div class=\"elementor-element elementor-element-bcc22d5 elementor-widget elementor-widget-text-editor\" data-id=\"bcc22d5\" data-element_type=\"widget\" data-e-type=\"widget\" data-widget_type=\"text-editor.default\">\n\t\t\t\t<div class=\"elementor-widget-container\">\n\t\t\t\t\t\t\t\t\tDie <a href=\"https:\/\/www.recetasmallorquinas.es\/2017\/02\/sopa-de-almendra.html\"><strong>Mandel\u00adsuppe<\/strong><\/a> ist eines der herzlichsten und \u00e4ltesten S\u00fc\u00dfgerichte der Insel. Sie wird hei\u00df serviert und erinnert in ihrer Konsistenz an eine leichte Creme aus mallorquinischen Mandeln.\n\nDas Rezept, das von Generation zu Generation weitergegeben wird, kombiniert gemahlene mallorquinische Mandeln \u2013 je nach Familientradition roh oder ger\u00f6stet \u2013 mit Zucker, Zimtstange, Zitronenschale und einer fl\u00fcssigen Basis, die aus Wasser, Milch oder einer sehr leichten Br\u00fche bestehen kann.\t\t\t\t\t\t\t\t<\/div>\n\t\t\t\t<\/div>\n\t\t\t\t<div class=\"elementor-element elementor-element-337cac4 elementor-widget elementor-widget-text-editor\" data-id=\"337cac4\" data-element_type=\"widget\" data-e-type=\"widget\" data-widget_type=\"text-editor.default\">\n\t\t\t\t<div class=\"elementor-widget-container\">\n\t\t\t\t\t\t\t\t\tEr ist besonders mit den Mandelanbaugebieten wie <strong>Porreres, Montu\u00efri, Santa Margalida, Bunyola und Alar\u00f3<\/strong> verbunden.\n\nTats\u00e4chlich wird dieses Dessert vor allem am Abend des 24. Dezember gegessen \u2013 entweder nach dem Abendessen oder bevor man zur Mitternachtsmesse geht.\t\t\t\t\t\t\t\t<\/div>\n\t\t\t\t<\/div>\n\t\t\t\t<\/div>\n\t\t<div class=\"elementor-element elementor-element-7fe247e e-con-full e-flex e-con e-child\" data-id=\"7fe247e\" data-element_type=\"container\" data-e-type=\"container\">\n\t\t\t\t<div class=\"elementor-element elementor-element-4ed1fc0 elementor-widget elementor-widget-image\" data-id=\"4ed1fc0\" data-element_type=\"widget\" data-e-type=\"widget\" data-widget_type=\"image.default\">\n\t\t\t\t<div class=\"elementor-widget-container\">\n\t\t\t\t\t\t\t\t\t\t\t\t\t\t\t<img loading=\"lazy\" decoding=\"async\" width=\"800\" height=\"450\" src=\"https:\/\/www.idealpropertymallorca.com\/blog\/wp-content\/uploads\/2025\/11\/sopa-de-almendras.jpg\" class=\"attachment-large size-large wp-image-22490\" alt=\"sopa de almendras comida tipica navidad mallorca\" srcset=\"https:\/\/www.idealpropertymallorca.com\/blog\/wp-content\/uploads\/2025\/11\/sopa-de-almendras.jpg 880w, https:\/\/www.idealpropertymallorca.com\/blog\/wp-content\/uploads\/2025\/11\/sopa-de-almendras-300x169.jpg 300w, https:\/\/www.idealpropertymallorca.com\/blog\/wp-content\/uploads\/2025\/11\/sopa-de-almendras-768x432.jpg 768w\" sizes=\"(max-width: 800px) 100vw, 800px\" \/>\t\t\t\t\t\t\t\t\t\t\t\t\t\t\t<\/div>\n\t\t\t\t<\/div>\n\t\t\t\t<\/div>\n\t\t\t\t\t<\/div>\n\t\t\t\t<\/div>\n\t\t<div class=\"elementor-element elementor-element-e0edaa3 e-flex e-con-boxed e-con e-parent\" data-id=\"e0edaa3\" data-element_type=\"container\" data-e-type=\"container\">\n\t\t\t\t\t<div class=\"e-con-inner\">\n\t\t\t\t<div class=\"elementor-element elementor-element-57984a0 elementor-widget elementor-widget-text-editor\" data-id=\"57984a0\" data-element_type=\"widget\" data-e-type=\"widget\" data-widget_type=\"text-editor.default\">\n\t\t\t\t<div class=\"elementor-widget-container\">\n\t\t\t\t\t\t\t\t\tIn vielen Haushalten wird sie auch am 25. Dezember als Abschluss des festlichen Mittagessens serviert.\n\nF\u00fcr die mallorquinischen Familien hat sie einen<strong> besonderen emotionalen Wert<\/strong>. Sie besticht nicht nur durch ihren Geschmack, sondern auch dadurch, dass sie in vielen H\u00e4usern mit Mandeln aus den eigenen Fincas zubereitet wird.\t\t\t\t\t\t\t\t<\/div>\n\t\t\t\t<\/div>\n\t\t\t\t\t<\/div>\n\t\t\t\t<\/div>\n\t\t<div class=\"elementor-element elementor-element-f2d9e93 e-flex e-con-boxed e-con e-parent\" data-id=\"f2d9e93\" data-element_type=\"container\" data-e-type=\"container\">\n\t\t\t\t\t<div class=\"e-con-inner\">\n\t\t\t\t<div class=\"elementor-element elementor-element-2677766 elementor-widget elementor-widget-text-editor\" data-id=\"2677766\" data-element_type=\"widget\" data-e-type=\"widget\" data-widget_type=\"text-editor.default\">\n\t\t\t\t<div class=\"elementor-widget-container\">\n\t\t\t\t\t\t\t\t\tHeutzutage findet man die Sopa d\u2019ametlla auch in <strong>traditionellen Restaurants<\/strong> in Orten wie Sineu, Selva oder Valldemossa, wo dieser weihnachtliche Brauch, der an Zuhause, Winter und Tradition erinnert, weiterhin lebendig bleibt.\t\t\t\t\t\t\t\t<\/div>\n\t\t\t\t<\/div>\n\t\t\t\t\t<\/div>\n\t\t\t\t<\/div>\n\t\t<div class=\"elementor-element elementor-element-a648bf7 e-flex e-con-boxed e-con e-parent\" data-id=\"a648bf7\" data-element_type=\"container\" data-e-type=\"container\">\n\t\t\t\t\t<div class=\"e-con-inner\">\n\t\t\t\t<div class=\"elementor-element elementor-element-f2d096b elementor-widget elementor-widget-heading\" data-id=\"f2d096b\" data-element_type=\"widget\" data-e-type=\"widget\" data-widget_type=\"heading.default\">\n\t\t\t\t<div class=\"elementor-widget-container\">\n\t\t\t\t\t<h3 class=\"elementor-heading-title elementor-size-default\">Traditionelles mallorquinisches Weihnachtsgeb\u00e4ck<\/h3>\t\t\t\t<\/div>\n\t\t\t\t<\/div>\n\t\t\t\t\t<\/div>\n\t\t\t\t<\/div>\n\t\t<div class=\"elementor-element elementor-element-654c2e3 e-flex e-con-boxed e-con e-parent\" data-id=\"654c2e3\" data-element_type=\"container\" data-e-type=\"container\">\n\t\t\t\t\t<div class=\"e-con-inner\">\n\t\t\t\t<div class=\"elementor-element elementor-element-2f80d9f elementor-widget elementor-widget-text-editor\" data-id=\"2f80d9f\" data-element_type=\"widget\" data-e-type=\"widget\" data-widget_type=\"text-editor.default\">\n\t\t\t\t<div class=\"elementor-widget-container\">\n\t\t\t\t\t\t\t\t\tDas Weihnachtsgeb\u00e4ck nimmt innerhalb des <strong>typischen Weihnachtsessens auf Mallorca<\/strong> einen besonderen Platz ein. Im Dezember erf\u00fcllen die B\u00e4ckereien der Insel die Luft mit dem Duft von Mandeln, Zimt, Zitrone und Schmalz.\t\t\t\t\t\t\t\t<\/div>\n\t\t\t\t<\/div>\n\t\t\t\t\t<\/div>\n\t\t\t\t<\/div>\n\t\t<div class=\"elementor-element elementor-element-5e258c2 e-flex e-con-boxed e-con e-parent\" data-id=\"5e258c2\" data-element_type=\"container\" data-e-type=\"container\">\n\t\t\t\t\t<div class=\"e-con-inner\">\n\t\t\t\t<div class=\"elementor-element elementor-element-66769f6 elementor-widget elementor-widget-heading\" data-id=\"66769f6\" data-element_type=\"widget\" data-e-type=\"widget\" data-widget_type=\"heading.default\">\n\t\t\t\t<div class=\"elementor-widget-container\">\n\t\t\t\t\t<h4 class=\"elementor-heading-title elementor-size-default\">Typische Weihnachts\u00ads\u00fc\u00dfigkeiten auf Mallorca<\/h4>\t\t\t\t<\/div>\n\t\t\t\t<\/div>\n\t\t\t\t\t<\/div>\n\t\t\t\t<\/div>\n\t\t<div class=\"elementor-element elementor-element-03899f2 e-flex e-con-boxed e-con e-parent\" data-id=\"03899f2\" data-element_type=\"container\" data-e-type=\"container\">\n\t\t\t\t\t<div class=\"e-con-inner\">\n\t\t\t\t<div class=\"elementor-element elementor-element-a10407d elementor-widget elementor-widget-text-editor\" data-id=\"a10407d\" data-element_type=\"widget\" data-e-type=\"widget\" data-widget_type=\"text-editor.default\">\n\t\t\t\t<div class=\"elementor-widget-container\">\n\t\t\t\t\t\t\t\t\t<ul>\n \t<li><a href=\"https:\/\/www.recetasmallorquinas.es\/2019\/09\/coca-torro-torta-turron.html\"><strong>Coca de torr\u00f3<\/strong><\/a>: Mallorquinischer Turr\u00f3n, milder und weniger s\u00fc\u00df als der vom Festland. Er wird aus <strong>gemahlenen rohen Mandeln, Eiwei\u00df, Zucker, Zitronenschale und einem Hauch Zimt<\/strong> hergestellt und in d\u00fcnnen Scheiben serviert. Er geh\u00f6rt zu den h\u00e4ufigsten Geschenken unter Familien.<\/li>\n\n \t<li><a href=\"https:\/\/www.recetasmallorquinas.es\/2019\/09\/tambor-dametlla.html\"><strong>Tamb\u00f3 d\u2019ametlla<\/strong><\/a>: Ein kompaktes und kr\u00e4ftiges Mandelgeb\u00e4ck, typisch f\u00fcr die D\u00f6rfer im Pla. Der Teig wird aus <strong>ger\u00f6steten Mandeln, hei\u00dfem Zucker, Zitrone und Zimt<\/strong> hergestellt. Traditionell bereitete man es so zu, dass es mehrere Wochen haltbar blieb.<\/li>\n\n \t<li><a href=\"https:\/\/www.recetasmallorquinas.es\/2019\/10\/coca-de-navidad.html\"><strong>Coques de nadal<\/strong><\/a> (oder s\u00fc\u00dfe Kartoffelbr\u00f6tchen): Kleine, sehr luftige Br\u00f6tchen aus <strong>gekochter Kartoffel, Mehl, Schmalz, Ei und Zucker<\/strong>. Sie werden oft zum Fr\u00fchst\u00fcck oder zur Merienda gegessen, meist zusammen mit hei\u00dfer Schokolade.<\/li>\n<\/ul>\n\t\t\t\t\t\t\t\t<\/div>\n\t\t\t\t<\/div>\n\t\t\t\t\t<\/div>\n\t\t\t\t<\/div>\n\t\t<div class=\"elementor-element elementor-element-369f8b5 e-flex e-con-boxed e-con e-parent\" data-id=\"369f8b5\" data-element_type=\"container\" data-e-type=\"container\">\n\t\t\t\t\t<div class=\"e-con-inner\">\n\t\t\t\t<div class=\"elementor-element elementor-element-ec5fb29 elementor-widget elementor-widget-text-editor\" data-id=\"ec5fb29\" data-element_type=\"widget\" data-e-type=\"widget\" data-widget_type=\"text-editor.default\">\n\t\t\t\t<div class=\"elementor-widget-container\">\n\t\t\t\t\t\t\t\t\t<ul>\n \t<li><a href=\"https:\/\/www.recetasmallorquinas.es\/2017\/01\/gato-bizcocho-de-almendras.html\"><strong>Gat\u00f3 de almendra<\/strong><\/a>: Einer der emblematischsten Desserts Mallorcas. Er wird aus Zucker, Eiern und gemahlenen Mandeln hergestellt und bietet eine weiche Textur sowie einen traditionellen Geschmack, der jeden begeistert. Oft wird er mit einer Kugel Mandel- oder Vanilleeis serviert.<\/li>\n\n \t<li><a href=\"https:\/\/www.recetasmallorquinas.es\/2019\/09\/mantecados-caseros-de-almendra.html\"><strong>Mantecados aus ger\u00f6steten Mandeln<\/strong><\/a>: Ein weiteres Beispiel f\u00fcr die Bedeutung der mallorquinischen Mandel. Sie werden aus Schweineschmalz, Zucker und ger\u00f6steten Mandeln hergestellt und zergehen f\u00f6rmlich im Mund.<\/li>\n\n \t<li><strong><a href=\"https:\/\/www.recetasmallorquinas.es\/2020\/12\/roscon-de-reyes-casero.html\">Rosc\u00f3n de Reyes<\/a>:<\/strong> Obwohl es ein nationales Geb\u00e4ck ist, erh\u00e4lt es auf Mallorca eine lokale Note: In einigen B\u00e4ckereien wird es mit <strong>gehobelten Mandeln<\/strong>, <strong>Orangenbl\u00fctenwasser<\/strong> und handwerklich kandierten Fr\u00fcchten verfeinert.<\/li>\n<\/ul>\t\t\t\t\t\t\t\t<\/div>\n\t\t\t\t<\/div>\n\t\t\t\t\t<\/div>\n\t\t\t\t<\/div>\n\t\t<div class=\"elementor-element elementor-element-f9578b5 e-flex e-con-boxed e-con e-parent\" data-id=\"f9578b5\" data-element_type=\"container\" data-e-type=\"container\">\n\t\t\t\t\t<div class=\"e-con-inner\">\n\t\t<div class=\"elementor-element elementor-element-fb5fb21 e-con-full e-flex e-con e-child\" data-id=\"fb5fb21\" data-element_type=\"container\" data-e-type=\"container\">\n\t\t\t\t<div class=\"elementor-element elementor-element-3187156 elementor-widget elementor-widget-image\" data-id=\"3187156\" data-element_type=\"widget\" data-e-type=\"widget\" data-widget_type=\"image.default\">\n\t\t\t\t<div class=\"elementor-widget-container\">\n\t\t\t\t\t\t\t\t\t\t\t\t<figure class=\"wp-caption\">\n\t\t\t\t\t\t\t\t\t\t<img loading=\"lazy\" decoding=\"async\" width=\"589\" height=\"386\" src=\"https:\/\/www.idealpropertymallorca.com\/blog\/wp-content\/uploads\/2025\/11\/coca-de-torro.png\" class=\"attachment-large size-large wp-image-22534\" alt=\"coca de torro mallorca\" srcset=\"https:\/\/www.idealpropertymallorca.com\/blog\/wp-content\/uploads\/2025\/11\/coca-de-torro.png 589w, https:\/\/www.idealpropertymallorca.com\/blog\/wp-content\/uploads\/2025\/11\/coca-de-torro-300x197.png 300w\" sizes=\"(max-width: 589px) 100vw, 589px\" \/>\t\t\t\t\t\t\t\t\t\t\t<figcaption class=\"widget-image-caption wp-caption-text\">Coca de Torr\u00f3<\/figcaption>\n\t\t\t\t\t\t\t\t\t\t<\/figure>\n\t\t\t\t\t\t\t\t\t<\/div>\n\t\t\t\t<\/div>\n\t\t\t\t<\/div>\n\t\t<div class=\"elementor-element elementor-element-c7edbf8 e-con-full e-flex e-con e-child\" data-id=\"c7edbf8\" data-element_type=\"container\" data-e-type=\"container\">\n\t\t\t\t<div class=\"elementor-element elementor-element-e23603a elementor-widget elementor-widget-image\" data-id=\"e23603a\" data-element_type=\"widget\" data-e-type=\"widget\" data-widget_type=\"image.default\">\n\t\t\t\t<div class=\"elementor-widget-container\">\n\t\t\t\t\t\t\t\t\t\t\t\t<figure class=\"wp-caption\">\n\t\t\t\t\t\t\t\t\t\t<img loading=\"lazy\" decoding=\"async\" width=\"499\" height=\"333\" src=\"https:\/\/www.idealpropertymallorca.com\/blog\/wp-content\/uploads\/2025\/11\/tambor-de-almendra.jpg\" class=\"attachment-large size-large wp-image-22498\" alt=\"tambor de almendra\" srcset=\"https:\/\/www.idealpropertymallorca.com\/blog\/wp-content\/uploads\/2025\/11\/tambor-de-almendra.jpg 499w, https:\/\/www.idealpropertymallorca.com\/blog\/wp-content\/uploads\/2025\/11\/tambor-de-almendra-300x200.jpg 300w\" sizes=\"(max-width: 499px) 100vw, 499px\" \/>\t\t\t\t\t\t\t\t\t\t\t<figcaption class=\"widget-image-caption wp-caption-text\">Tamb\u00f3 d\u2019ametlla<\/figcaption>\n\t\t\t\t\t\t\t\t\t\t<\/figure>\n\t\t\t\t\t\t\t\t\t<\/div>\n\t\t\t\t<\/div>\n\t\t\t\t<\/div>\n\t\t<div class=\"elementor-element elementor-element-83f1a57 e-con-full e-flex e-con e-child\" data-id=\"83f1a57\" data-element_type=\"container\" data-e-type=\"container\">\n\t\t\t\t<div class=\"elementor-element elementor-element-46c06b3 elementor-widget elementor-widget-image\" data-id=\"46c06b3\" data-element_type=\"widget\" data-e-type=\"widget\" data-widget_type=\"image.default\">\n\t\t\t\t<div class=\"elementor-widget-container\">\n\t\t\t\t\t\t\t\t\t\t\t\t<figure class=\"wp-caption\">\n\t\t\t\t\t\t\t\t\t\t<img loading=\"lazy\" decoding=\"async\" width=\"800\" height=\"534\" src=\"https:\/\/www.idealpropertymallorca.com\/blog\/wp-content\/uploads\/2025\/11\/coca-de-nadal-1024x683.jpg\" class=\"attachment-large size-large wp-image-22444\" alt=\"coca de nadal mallorca\" srcset=\"https:\/\/www.idealpropertymallorca.com\/blog\/wp-content\/uploads\/2025\/11\/coca-de-nadal-1024x683.jpg 1024w, https:\/\/www.idealpropertymallorca.com\/blog\/wp-content\/uploads\/2025\/11\/coca-de-nadal-300x200.jpg 300w, https:\/\/www.idealpropertymallorca.com\/blog\/wp-content\/uploads\/2025\/11\/coca-de-nadal-768x512.jpg 768w, https:\/\/www.idealpropertymallorca.com\/blog\/wp-content\/uploads\/2025\/11\/coca-de-nadal.jpg 1200w\" sizes=\"(max-width: 800px) 100vw, 800px\" \/>\t\t\t\t\t\t\t\t\t\t\t<figcaption class=\"widget-image-caption wp-caption-text\">Coques de nadal<\/figcaption>\n\t\t\t\t\t\t\t\t\t\t<\/figure>\n\t\t\t\t\t\t\t\t\t<\/div>\n\t\t\t\t<\/div>\n\t\t\t\t<\/div>\n\t\t<div class=\"elementor-element elementor-element-b7c08be e-con-full e-flex e-con e-child\" data-id=\"b7c08be\" data-element_type=\"container\" data-e-type=\"container\">\n\t\t\t\t<div class=\"elementor-element elementor-element-ec5f7f2 elementor-widget elementor-widget-image\" data-id=\"ec5f7f2\" data-element_type=\"widget\" data-e-type=\"widget\" data-widget_type=\"image.default\">\n\t\t\t\t<div class=\"elementor-widget-container\">\n\t\t\t\t\t\t\t\t\t\t\t\t<figure class=\"wp-caption\">\n\t\t\t\t\t\t\t\t\t\t<img loading=\"lazy\" decoding=\"async\" width=\"800\" height=\"534\" src=\"https:\/\/www.idealpropertymallorca.com\/blog\/wp-content\/uploads\/2025\/11\/gato-almendra-1024x683.jpg\" class=\"attachment-large size-large wp-image-22460\" alt=\"gato almendra mallorca\" srcset=\"https:\/\/www.idealpropertymallorca.com\/blog\/wp-content\/uploads\/2025\/11\/gato-almendra-1024x683.jpg 1024w, https:\/\/www.idealpropertymallorca.com\/blog\/wp-content\/uploads\/2025\/11\/gato-almendra-300x200.jpg 300w, https:\/\/www.idealpropertymallorca.com\/blog\/wp-content\/uploads\/2025\/11\/gato-almendra-768x512.jpg 768w, https:\/\/www.idealpropertymallorca.com\/blog\/wp-content\/uploads\/2025\/11\/gato-almendra-1536x1024.jpg 1536w, https:\/\/www.idealpropertymallorca.com\/blog\/wp-content\/uploads\/2025\/11\/gato-almendra.jpg 1620w\" sizes=\"(max-width: 800px) 100vw, 800px\" \/>\t\t\t\t\t\t\t\t\t\t\t<figcaption class=\"widget-image-caption wp-caption-text\">Mandel-Gat\u00f3<\/figcaption>\n\t\t\t\t\t\t\t\t\t\t<\/figure>\n\t\t\t\t\t\t\t\t\t<\/div>\n\t\t\t\t<\/div>\n\t\t\t\t<\/div>\n\t\t<div class=\"elementor-element elementor-element-8971cb7 e-con-full e-flex e-con e-child\" data-id=\"8971cb7\" data-element_type=\"container\" data-e-type=\"container\">\n\t\t\t\t<div class=\"elementor-element elementor-element-7a82b83 elementor-widget elementor-widget-image\" data-id=\"7a82b83\" data-element_type=\"widget\" data-e-type=\"widget\" data-widget_type=\"image.default\">\n\t\t\t\t<div class=\"elementor-widget-container\">\n\t\t\t\t\t\t\t\t\t\t\t\t<figure class=\"wp-caption\">\n\t\t\t\t\t\t\t\t\t\t<img loading=\"lazy\" decoding=\"async\" width=\"750\" height=\"500\" src=\"https:\/\/www.idealpropertymallorca.com\/blog\/wp-content\/uploads\/2025\/11\/mantecados-almendra.jpg\" class=\"attachment-large size-large wp-image-22468\" alt=\"mantecados almendra  mallorca\" srcset=\"https:\/\/www.idealpropertymallorca.com\/blog\/wp-content\/uploads\/2025\/11\/mantecados-almendra.jpg 750w, https:\/\/www.idealpropertymallorca.com\/blog\/wp-content\/uploads\/2025\/11\/mantecados-almendra-300x200.jpg 300w\" sizes=\"(max-width: 750px) 100vw, 750px\" \/>\t\t\t\t\t\t\t\t\t\t\t<figcaption class=\"widget-image-caption wp-caption-text\">Mantecados aus ger\u00f6steten Mandeln<\/figcaption>\n\t\t\t\t\t\t\t\t\t\t<\/figure>\n\t\t\t\t\t\t\t\t\t<\/div>\n\t\t\t\t<\/div>\n\t\t\t\t<\/div>\n\t\t<div class=\"elementor-element elementor-element-f6ff939 e-con-full e-flex e-con e-child\" data-id=\"f6ff939\" data-element_type=\"container\" data-e-type=\"container\">\n\t\t\t\t<div class=\"elementor-element elementor-element-d17ef5b elementor-widget elementor-widget-image\" data-id=\"d17ef5b\" data-element_type=\"widget\" data-e-type=\"widget\" data-widget_type=\"image.default\">\n\t\t\t\t<div class=\"elementor-widget-container\">\n\t\t\t\t\t\t\t\t\t\t\t\t<figure class=\"wp-caption\">\n\t\t\t\t\t\t\t\t\t\t<img loading=\"lazy\" decoding=\"async\" width=\"800\" height=\"500\" src=\"https:\/\/www.idealpropertymallorca.com\/blog\/wp-content\/uploads\/2025\/11\/roscon-reyes-1024x640.jpg\" class=\"attachment-large size-large wp-image-22506\" alt=\"Roscon de reyes\" srcset=\"https:\/\/www.idealpropertymallorca.com\/blog\/wp-content\/uploads\/2025\/11\/roscon-reyes-1024x640.jpg 1024w, https:\/\/www.idealpropertymallorca.com\/blog\/wp-content\/uploads\/2025\/11\/roscon-reyes-300x188.jpg 300w, https:\/\/www.idealpropertymallorca.com\/blog\/wp-content\/uploads\/2025\/11\/roscon-reyes-768x480.jpg 768w, https:\/\/www.idealpropertymallorca.com\/blog\/wp-content\/uploads\/2025\/11\/roscon-reyes.jpg 1200w\" sizes=\"(max-width: 800px) 100vw, 800px\" \/>\t\t\t\t\t\t\t\t\t\t\t<figcaption class=\"widget-image-caption wp-caption-text\">Rosc\u00f3n de reyes<\/figcaption>\n\t\t\t\t\t\t\t\t\t\t<\/figure>\n\t\t\t\t\t\t\t\t\t<\/div>\n\t\t\t\t<\/div>\n\t\t\t\t<\/div>\n\t\t\t\t\t<\/div>\n\t\t\t\t<\/div>\n\t\t<div class=\"elementor-element elementor-element-9e76f78 e-flex e-con-boxed e-con e-parent\" data-id=\"9e76f78\" data-element_type=\"container\" data-e-type=\"container\">\n\t\t\t\t\t<div class=\"e-con-inner\">\n\t\t\t\t<div class=\"elementor-element elementor-element-aec7777 elementor-widget elementor-widget-text-editor\" data-id=\"aec7777\" data-element_type=\"widget\" data-e-type=\"widget\" data-widget_type=\"text-editor.default\">\n\t\t\t\t<div class=\"elementor-widget-container\">\n\t\t\t\t\t\t\t\t\tZusammenfassend l\u00e4sst sich sagen, dass die Mandelkultur auf der Insel von grundlegender Bedeutung ist \u2013 daher enthalten so viele S\u00fc\u00dfspeisen diese besonders gesch\u00e4tzte Zutat.\n\t\t\t\t\t\t\t\t<\/div>\n\t\t\t\t<\/div>\n\t\t\t\t\t<\/div>\n\t\t\t\t<\/div>\n\t\t<div class=\"elementor-element elementor-element-7f1be07 e-flex e-con-boxed e-con e-parent\" data-id=\"7f1be07\" data-element_type=\"container\" data-e-type=\"container\">\n\t\t\t\t\t<div class=\"e-con-inner\">\n\t\t\t\t<div class=\"elementor-element elementor-element-b0d79c9 elementor-widget elementor-widget-text-editor\" data-id=\"b0d79c9\" data-element_type=\"widget\" data-e-type=\"widget\" data-widget_type=\"text-editor.default\">\n\t\t\t\t<div class=\"elementor-widget-container\">\n\t\t\t\t\t\t\t\t\t<strong>Wo findet man das beste mallorquinische Weihnachtsgeb\u00e4ck?<\/strong>\n\nEmpfohlene B\u00e4ckereien (traditionell auf der Insel):\n<ul>\n \t<li><strong><a href=\"https:\/\/fornetdelasoca.com\/\">Fornet de la Soca<\/a> (Palma)<\/strong> \u2013 ein Ma\u00dfstab f\u00fcr historische mallorquinische Backkunst.<\/li>\n \t<li><strong><a href=\"https:\/\/www.forndebuger.com\/\">Forn Can Rafel<\/a> (B\u00fager)<\/strong> \u2013 Spezialisten f\u00fcr handwerkliches Weihnachtsgeb\u00e4ck.<\/li>\n \t<li><strong><a href=\"https:\/\/www.fornsantfrancesc.com\/es\/\">Forn de Sant Francesc<\/a> (Inca)<\/strong> \u2013 einer der besten f\u00fcr Cocas und Neules.<\/li>\n \t<li><strong><a href=\"https:\/\/canmolinas.com\/\">Forn Can Molinas<\/a> (Valldemossa)<\/strong> \u2013 bekannt f\u00fcr die Coca de Patata, aber sie stellen auch weihnachtliche S\u00fc\u00dfspeisen her.<\/li>\n<\/ul>\t\t\t\t\t\t\t\t<\/div>\n\t\t\t\t<\/div>\n\t\t\t\t\t<\/div>\n\t\t\t\t<\/div>\n\t\t<div class=\"elementor-element elementor-element-b7c4d64 e-flex e-con-boxed e-con e-parent\" data-id=\"b7c4d64\" data-element_type=\"container\" data-e-type=\"container\">\n\t\t\t\t\t<div class=\"e-con-inner\">\n\t\t\t\t<div class=\"elementor-element elementor-element-c2305ff elementor-widget elementor-widget-heading\" data-id=\"c2305ff\" data-element_type=\"widget\" data-e-type=\"widget\" data-widget_type=\"heading.default\">\n\t\t\t\t<div class=\"elementor-widget-container\">\n\t\t\t\t\t<h2 class=\"elementor-heading-title elementor-size-default\">Traditionen, die das typische Weihnachtsessen auf Mallorca begleiten<\/h2>\t\t\t\t<\/div>\n\t\t\t\t<\/div>\n\t\t\t\t\t<\/div>\n\t\t\t\t<\/div>\n\t\t<div class=\"elementor-element elementor-element-379e96f e-flex e-con-boxed e-con e-parent\" data-id=\"379e96f\" data-element_type=\"container\" data-e-type=\"container\">\n\t\t\t\t\t<div class=\"e-con-inner\">\n\t\t\t\t<div class=\"elementor-element elementor-element-6be8228 elementor-widget elementor-widget-text-editor\" data-id=\"6be8228\" data-element_type=\"widget\" data-e-type=\"widget\" data-widget_type=\"text-editor.default\">\n\t\t\t\t<div class=\"elementor-widget-container\">\n\t\t\t\t\t\t\t\t\tDas typische Weihnachtsessen auf Mallorca ist weit mehr als eine Sammlung von Gerichten: Es ist eine lebendige Tradition, die Familien zusammenbringt, jahrhundertealte Rezepte bewahrt und mediterrane Aromen mit dem authentischsten Wesen der Insel verbindet. Von Heiligabend bis zu den Heiligen Drei K\u00f6nigen <strong>hat jedes Datum sein eigenes kulinarisches Ritual<\/strong>, das von Generation zu Generation weitergegeben wird.\t\t\t\t\t\t\t\t<\/div>\n\t\t\t\t<\/div>\n\t\t\t\t\t<\/div>\n\t\t\t\t<\/div>\n\t\t<div class=\"elementor-element elementor-element-4364741 e-flex e-con-boxed e-con e-parent\" data-id=\"4364741\" data-element_type=\"container\" data-e-type=\"container\">\n\t\t\t\t\t<div class=\"e-con-inner\">\n\t\t\t\t<div class=\"elementor-element elementor-element-761ee52 elementor-widget elementor-widget-heading\" data-id=\"761ee52\" data-element_type=\"widget\" data-e-type=\"widget\" data-widget_type=\"heading.default\">\n\t\t\t\t<div class=\"elementor-widget-container\">\n\t\t\t\t\t<h3 class=\"elementor-heading-title elementor-size-default\">Heiligabend-Abendessen<\/h3>\t\t\t\t<\/div>\n\t\t\t\t<\/div>\n\t\t\t\t\t<\/div>\n\t\t\t\t<\/div>\n\t\t<div class=\"elementor-element elementor-element-01ab503 e-flex e-con-boxed e-con e-parent\" data-id=\"01ab503\" data-element_type=\"container\" data-e-type=\"container\">\n\t\t\t\t\t<div class=\"e-con-inner\">\n\t\t<div class=\"elementor-element elementor-element-8e9cd3e e-con-full e-flex e-con e-child\" data-id=\"8e9cd3e\" data-element_type=\"container\" data-e-type=\"container\">\n\t\t\t\t<div class=\"elementor-element elementor-element-dc43d0a elementor-widget elementor-widget-text-editor\" data-id=\"dc43d0a\" data-element_type=\"widget\" data-e-type=\"widget\" data-widget_type=\"text-editor.default\">\n\t\t\t\t<div class=\"elementor-widget-container\">\n\t\t\t\t\t\t\t\t\tDer <strong>Heiligabend<\/strong> auf Mallorca ist in der Regel eine leichtere und ruhigere Feier. Anders als in anderen Regionen, in denen das Abendessen am 24. besonders \u00fcppig ist, bevorzugen mallorquinische Familien ein sanfteres Men\u00fc, um Kr\u00e4fte f\u00fcr das gro\u00dfe Festmahl am n\u00e4chsten Tag zu sparen.\t\t\t\t\t\t\t\t<\/div>\n\t\t\t\t<\/div>\n\t\t\t\t<div class=\"elementor-element elementor-element-70d57e4 elementor-widget elementor-widget-text-editor\" data-id=\"70d57e4\" data-element_type=\"widget\" data-e-type=\"widget\" data-widget_type=\"text-editor.default\">\n\t\t\t\t<div class=\"elementor-widget-container\">\n\t\t\t\t\t\t\t\t\t\u00dcblicherweise beginnt man mit einer hei\u00dfen Suppe, die w\u00e4rmt und den Appetit anregt, gefolgt von einfach zubereitetem, aber geschmackvollem Fisch: im Ofen mit Kr\u00e4utern, auf mallorquinische Art oder schlicht vom Grill. <strong>Der Abend endet mit einigen traditionellen Weihnachts\u00ads\u00fc\u00dfigkeiten<\/strong> wie Turr\u00f3n, Mantecados oder dem klassischen Mandel-Gat\u00f3 \u2013 ein <strong>perfekt s\u00fc\u00dfer Abschluss<\/strong> ganz ohne \u00dcberma\u00df.\n\t\t\t\t\t\t\t\t<\/div>\n\t\t\t\t<\/div>\n\t\t\t\t<\/div>\n\t\t<div class=\"elementor-element elementor-element-e97f7a8 e-con-full e-flex e-con e-child\" data-id=\"e97f7a8\" data-element_type=\"container\" data-e-type=\"container\">\n\t\t\t\t<div class=\"elementor-element elementor-element-03e7793 elementor-widget elementor-widget-image\" data-id=\"03e7793\" data-element_type=\"widget\" data-e-type=\"widget\" data-widget_type=\"image.default\">\n\t\t\t\t<div class=\"elementor-widget-container\">\n\t\t\t\t\t\t\t\t\t\t\t\t\t\t\t<img loading=\"lazy\" decoding=\"async\" width=\"800\" height=\"530\" src=\"https:\/\/www.idealpropertymallorca.com\/blog\/wp-content\/uploads\/2025\/11\/cena-noche-buena-mallorca.png\" class=\"attachment-large size-large wp-image-22440\" alt=\"cena noche buena mallorca\" srcset=\"https:\/\/www.idealpropertymallorca.com\/blog\/wp-content\/uploads\/2025\/11\/cena-noche-buena-mallorca.png 948w, https:\/\/www.idealpropertymallorca.com\/blog\/wp-content\/uploads\/2025\/11\/cena-noche-buena-mallorca-300x199.png 300w, https:\/\/www.idealpropertymallorca.com\/blog\/wp-content\/uploads\/2025\/11\/cena-noche-buena-mallorca-768x509.png 768w\" sizes=\"(max-width: 800px) 100vw, 800px\" \/>\t\t\t\t\t\t\t\t\t\t\t\t\t\t\t<\/div>\n\t\t\t\t<\/div>\n\t\t\t\t<\/div>\n\t\t\t\t\t<\/div>\n\t\t\t\t<\/div>\n\t\t<div class=\"elementor-element elementor-element-11387e8 e-flex e-con-boxed e-con e-parent\" data-id=\"11387e8\" data-element_type=\"container\" data-e-type=\"container\">\n\t\t\t\t\t<div class=\"e-con-inner\">\n\t\t\t\t<div class=\"elementor-element elementor-element-c2ca600 elementor-widget elementor-widget-heading\" data-id=\"c2ca600\" data-element_type=\"widget\" data-e-type=\"widget\" data-widget_type=\"heading.default\">\n\t\t\t\t<div class=\"elementor-widget-container\">\n\t\t\t\t\t<h3 class=\"elementor-heading-title elementor-size-default\">Weihnachtstag<\/h3>\t\t\t\t<\/div>\n\t\t\t\t<\/div>\n\t\t\t\t\t<\/div>\n\t\t\t\t<\/div>\n\t\t<div class=\"elementor-element elementor-element-4cf7324 e-flex e-con-boxed e-con e-parent\" data-id=\"4cf7324\" data-element_type=\"container\" data-e-type=\"container\">\n\t\t\t\t\t<div class=\"e-con-inner\">\n\t\t<div class=\"elementor-element elementor-element-0c24a40 e-con-full e-flex e-con e-child\" data-id=\"0c24a40\" data-element_type=\"container\" data-e-type=\"container\">\n\t\t\t\t<div class=\"elementor-element elementor-element-8410438 elementor-widget elementor-widget-text-editor\" data-id=\"8410438\" data-element_type=\"widget\" data-e-type=\"widget\" data-widget_type=\"text-editor.default\">\n\t\t\t\t<div class=\"elementor-widget-container\">\n\t\t\t\t\t\t\t\t\tDer <strong>Weihnachtstag<\/strong> stellt dagegen den wichtigsten kulinarischen Moment des Jahres auf Mallorca dar. Das Mittagessen am 25. vereint die ganze Familie und folgt einem fest erwarteten Ritual rund um Gerichte, die die weihnachtliche Tradition der Insel verk\u00f6rpern. Der Tag beginnt meistens mit der bekannten <strong>Sopa de Nadal<\/strong>, einer langsam gekochten hausgemachten Br\u00fche mit spezieller Pasta und \u2013 in vielen Haushalten \u2013 kleinen Fleischb\u00e4llchen, die ihr einen unverwechselbaren Geschmack verleihen.\t\t\t\t\t\t\t\t<\/div>\n\t\t\t\t<\/div>\n\t\t\t\t<div class=\"elementor-element elementor-element-6b7debc elementor-widget elementor-widget-text-editor\" data-id=\"6b7debc\" data-element_type=\"widget\" data-e-type=\"widget\" data-widget_type=\"text-editor.default\">\n\t\t\t\t<div class=\"elementor-widget-container\">\n\t\t\t\t\t\t\t\t\tDas traditionelle Hauptgericht ist die <strong>Porcella<\/strong>, ein Spanferkel, das langsam gebraten wird, bis die Haut knusprig und das Fleisch zart und saftig ist. Dieser Braten ist eine echte Institution innerhalb des typischen Weihnachtsessens auf Mallorca und fehlt in den meisten Haushalten nicht. Beim Nachtisch f\u00fcllen handwerklich hergestellte S\u00fc\u00dfspeisen wie Cocas, Ensaimadas, lokaler Turr\u00f3n und andere Desserts die Tafel und vollenden dieses unvergessliche Festmahl.\t\t\t\t\t\t\t\t<\/div>\n\t\t\t\t<\/div>\n\t\t\t\t<\/div>\n\t\t<div class=\"elementor-element elementor-element-2b24a78 e-con-full e-flex e-con e-child\" data-id=\"2b24a78\" data-element_type=\"container\" data-e-type=\"container\">\n\t\t\t\t<div class=\"elementor-element elementor-element-0da1d29 elementor-widget elementor-widget-image\" data-id=\"0da1d29\" data-element_type=\"widget\" data-e-type=\"widget\" data-widget_type=\"image.default\">\n\t\t\t\t<div class=\"elementor-widget-container\">\n\t\t\t\t\t\t\t\t\t\t\t\t\t\t\t<img loading=\"lazy\" decoding=\"async\" width=\"800\" height=\"572\" src=\"https:\/\/www.idealpropertymallorca.com\/blog\/wp-content\/uploads\/2025\/11\/comida-navidad-1024x732.jpg\" class=\"attachment-large size-large wp-image-22452\" alt=\"comida navidad mallorca\" srcset=\"https:\/\/www.idealpropertymallorca.com\/blog\/wp-content\/uploads\/2025\/11\/comida-navidad-1024x732.jpg 1024w, https:\/\/www.idealpropertymallorca.com\/blog\/wp-content\/uploads\/2025\/11\/comida-navidad-300x215.jpg 300w, https:\/\/www.idealpropertymallorca.com\/blog\/wp-content\/uploads\/2025\/11\/comida-navidad-768x549.jpg 768w, https:\/\/www.idealpropertymallorca.com\/blog\/wp-content\/uploads\/2025\/11\/comida-navidad.jpg 1200w\" sizes=\"(max-width: 800px) 100vw, 800px\" \/>\t\t\t\t\t\t\t\t\t\t\t\t\t\t\t<\/div>\n\t\t\t\t<\/div>\n\t\t\t\t<\/div>\n\t\t\t\t\t<\/div>\n\t\t\t\t<\/div>\n\t\t<div class=\"elementor-element elementor-element-a827342 e-flex e-con-boxed e-con e-parent\" data-id=\"a827342\" data-element_type=\"container\" data-e-type=\"container\">\n\t\t\t\t\t<div class=\"e-con-inner\">\n\t\t\t\t<div class=\"elementor-element elementor-element-491caec elementor-widget elementor-widget-heading\" data-id=\"491caec\" data-element_type=\"widget\" data-e-type=\"widget\" data-widget_type=\"heading.default\">\n\t\t\t\t<div class=\"elementor-widget-container\">\n\t\t\t\t\t<h3 class=\"elementor-heading-title elementor-size-default\">Sant Esteve (26. Dezember)<\/h3>\t\t\t\t<\/div>\n\t\t\t\t<\/div>\n\t\t\t\t\t<\/div>\n\t\t\t\t<\/div>\n\t\t<div class=\"elementor-element elementor-element-42da5d2 e-flex e-con-boxed e-con e-parent\" data-id=\"42da5d2\" data-element_type=\"container\" data-e-type=\"container\">\n\t\t\t\t\t<div class=\"e-con-inner\">\n\t\t<div class=\"elementor-element elementor-element-5991986 e-con-full e-flex e-con e-child\" data-id=\"5991986\" data-element_type=\"container\" data-e-type=\"container\">\n\t\t\t\t<div class=\"elementor-element elementor-element-60c10ef elementor-widget elementor-widget-text-editor\" data-id=\"60c10ef\" data-element_type=\"widget\" data-e-type=\"widget\" data-widget_type=\"text-editor.default\">\n\t\t\t\t<div class=\"elementor-widget-container\">\n\t\t\t\t\t\t\t\t\tAm <strong>26. Dezember, Sant Esteve<\/strong>, wird auf der Insel ebenfalls gefeiert \u2013 ein idealer Tag, um die weihnachtliche Gastronomie in einer entspannteren Atmosph\u00e4re weiter zu genie\u00dfen. Viele Familien nutzen die \u201eReste\u201c des Vortags, um neue Rezepte daraus zu zaubern oder einfach die beliebtesten Gerichte noch einmal zu servieren.\t\t\t\t\t\t\t\t<\/div>\n\t\t\t\t<\/div>\n\t\t\t\t<div class=\"elementor-element elementor-element-7d52fa8 elementor-widget elementor-widget-text-editor\" data-id=\"7d52fa8\" data-element_type=\"widget\" data-e-type=\"widget\" data-widget_type=\"text-editor.default\">\n\t\t\t\t<div class=\"elementor-widget-container\">\n\t\t\t\t\t\t\t\t\tZu den typischsten Gerichten dieses Tages geh\u00f6ren die <strong>Escaldums<\/strong>, ein traditioneller mallorquinischer Eintopf aus Pute oder Huhn, Mandeln, Kartoffeln und einer kr\u00e4ftigen, aromatischen Br\u00fche. Dieses warme und wohltuende Gericht fasst die Essenz der famili\u00e4ren Mahlzeiten in diesen Festtagen perfekt zusammen.\t\t\t\t\t\t\t\t<\/div>\n\t\t\t\t<\/div>\n\t\t\t\t<\/div>\n\t\t<div class=\"elementor-element elementor-element-816e793 e-con-full e-flex e-con e-child\" data-id=\"816e793\" data-element_type=\"container\" data-e-type=\"container\">\n\t\t\t\t<div class=\"elementor-element elementor-element-cfaa626 elementor-widget elementor-widget-image\" data-id=\"cfaa626\" data-element_type=\"widget\" data-e-type=\"widget\" data-widget_type=\"image.default\">\n\t\t\t\t<div class=\"elementor-widget-container\">\n\t\t\t\t\t\t\t\t\t\t\t\t\t\t\t<img loading=\"lazy\" decoding=\"async\" width=\"800\" height=\"530\" src=\"https:\/\/www.idealpropertymallorca.com\/blog\/wp-content\/uploads\/2025\/11\/sant-esteve-mallorca.png\" class=\"attachment-large size-large wp-image-22510\" alt=\"sant esteve mallorca\" srcset=\"https:\/\/www.idealpropertymallorca.com\/blog\/wp-content\/uploads\/2025\/11\/sant-esteve-mallorca.png 929w, https:\/\/www.idealpropertymallorca.com\/blog\/wp-content\/uploads\/2025\/11\/sant-esteve-mallorca-300x199.png 300w, https:\/\/www.idealpropertymallorca.com\/blog\/wp-content\/uploads\/2025\/11\/sant-esteve-mallorca-768x508.png 768w\" sizes=\"(max-width: 800px) 100vw, 800px\" \/>\t\t\t\t\t\t\t\t\t\t\t\t\t\t\t<\/div>\n\t\t\t\t<\/div>\n\t\t\t\t<\/div>\n\t\t\t\t\t<\/div>\n\t\t\t\t<\/div>\n\t\t<div class=\"elementor-element elementor-element-cdba99e e-flex e-con-boxed e-con e-parent\" data-id=\"cdba99e\" data-element_type=\"container\" data-e-type=\"container\">\n\t\t\t\t\t<div class=\"e-con-inner\">\n\t\t\t\t<div class=\"elementor-element elementor-element-5e57029 elementor-widget elementor-widget-heading\" data-id=\"5e57029\" data-element_type=\"widget\" data-e-type=\"widget\" data-widget_type=\"heading.default\">\n\t\t\t\t<div class=\"elementor-widget-container\">\n\t\t\t\t\t<h3 class=\"elementor-heading-title elementor-size-default\">Dreik\u00f6nigstag<\/h3>\t\t\t\t<\/div>\n\t\t\t\t<\/div>\n\t\t\t\t\t<\/div>\n\t\t\t\t<\/div>\n\t\t<div class=\"elementor-element elementor-element-83e7e5a e-flex e-con-boxed e-con e-parent\" data-id=\"83e7e5a\" data-element_type=\"container\" data-e-type=\"container\">\n\t\t\t\t\t<div class=\"e-con-inner\">\n\t\t<div class=\"elementor-element elementor-element-cd0ba3e e-con-full e-flex e-con e-child\" data-id=\"cd0ba3e\" data-element_type=\"container\" data-e-type=\"container\">\n\t\t\t\t<div class=\"elementor-element elementor-element-697b584 elementor-widget elementor-widget-text-editor\" data-id=\"697b584\" data-element_type=\"widget\" data-e-type=\"widget\" data-widget_type=\"text-editor.default\">\n\t\t\t\t<div class=\"elementor-widget-container\">\n\t\t\t\t\t\t\t\t\tAbschlie\u00dfend endet der Weihnachtszyklus mit der Feier der <strong>Heiligen Drei K\u00f6nige<\/strong>, ein Tag, auf den sich sowohl Kinder als auch Erwachsene besonders freuen. Die Familientreffen drehen sich h\u00e4ufig um <strong>ausgedehnte Fr\u00fchst\u00fccke, besondere Nachmittagsmahlzeiten und lange Gespr\u00e4che nach dem Essen<\/strong>, bei denen der klassische Rosc\u00f3n de Reyes geteilt wird \u2013 <strong>fast immer begleitet von hei\u00dfer Schokolade<\/strong>. Dazu d\u00fcrfen handwerkliche S\u00fc\u00dfspeisen, Cocas, Panettones, lokaler Turr\u00f3n und andere kleine K\u00f6stlichkeiten, die den Abschluss der Festtage bilden, nicht fehlen. Es ist ein ruhiger Tag des <strong>Teilens, Gespr\u00e4chs und des Genie\u00dfens der letzten weihnachtlichen Momente im Kreise der Familie<\/strong>.\t\t\t\t\t\t\t\t<\/div>\n\t\t\t\t<\/div>\n\t\t\t\t<\/div>\n\t\t<div class=\"elementor-element elementor-element-8f2424f e-con-full e-flex e-con e-child\" data-id=\"8f2424f\" data-element_type=\"container\" data-e-type=\"container\">\n\t\t\t\t<div class=\"elementor-element elementor-element-5ab09c9 elementor-widget elementor-widget-image\" data-id=\"5ab09c9\" data-element_type=\"widget\" data-e-type=\"widget\" data-widget_type=\"image.default\">\n\t\t\t\t<div class=\"elementor-widget-container\">\n\t\t\t\t\t\t\t\t\t\t\t\t\t\t\t<img loading=\"lazy\" decoding=\"async\" width=\"800\" height=\"530\" src=\"https:\/\/www.idealpropertymallorca.com\/blog\/wp-content\/uploads\/2025\/11\/roscon-reyes-con-chocolate.png\" class=\"attachment-large size-large wp-image-22502\" alt=\"roscon reyes con chocolate\" srcset=\"https:\/\/www.idealpropertymallorca.com\/blog\/wp-content\/uploads\/2025\/11\/roscon-reyes-con-chocolate.png 939w, https:\/\/www.idealpropertymallorca.com\/blog\/wp-content\/uploads\/2025\/11\/roscon-reyes-con-chocolate-300x199.png 300w, https:\/\/www.idealpropertymallorca.com\/blog\/wp-content\/uploads\/2025\/11\/roscon-reyes-con-chocolate-768x509.png 768w\" sizes=\"(max-width: 800px) 100vw, 800px\" \/>\t\t\t\t\t\t\t\t\t\t\t\t\t\t\t<\/div>\n\t\t\t\t<\/div>\n\t\t\t\t<\/div>\n\t\t\t\t\t<\/div>\n\t\t\t\t<\/div>\n\t\t<div class=\"elementor-element elementor-element-9dacd62 e-flex e-con-boxed e-con e-parent\" data-id=\"9dacd62\" data-element_type=\"container\" data-e-type=\"container\">\n\t\t\t\t\t<div class=\"e-con-inner\">\n\t\t\t\t<div class=\"elementor-element elementor-element-9c2fd27 elementor-widget elementor-widget-text-editor\" data-id=\"9c2fd27\" data-element_type=\"widget\" data-e-type=\"widget\" data-widget_type=\"text-editor.default\">\n\t\t\t\t<div class=\"elementor-widget-container\">\n\t\t\t\t\t\t\t\t\tInsgesamt bilden all diese festlichen Tage und Gerichte ein Ritual, das weit \u00fcber das Kulinarische hinausgeht. Das <strong>typische Weihnachtsessen auf Mallorca<\/strong> ist ein kultureller und emotionaler Ausdruck, der famili\u00e4re Bindungen st\u00e4rkt, die mallorquinische Identit\u00e4t feiert und jedes Beisammensein zu einer Erinnerung macht, die man bewahren m\u00f6chte. Die Rezepte, die von Generation zu Generation weitergegeben werden, f\u00fcllen nicht nur den Tisch, sondern auch die Erinnerung all jener, die sie teilen \u2013 und machen die Weihnachtszeit auf der Insel zu einem einzigartigen und unverwechselbaren Erlebnis.\t\t\t\t\t\t\t\t<\/div>\n\t\t\t\t<\/div>\n\t\t\t\t\t<\/div>\n\t\t\t\t<\/div>\n\t\t<div class=\"elementor-element elementor-element-991b343 e-flex e-con-boxed e-con e-parent\" data-id=\"991b343\" data-element_type=\"container\" data-e-type=\"container\">\n\t\t\t\t\t<div class=\"e-con-inner\">\n\t\t\t\t<div class=\"elementor-element elementor-element-707f9fb elementor-widget elementor-widget-heading\" data-id=\"707f9fb\" data-element_type=\"widget\" data-e-type=\"widget\" data-widget_type=\"heading.default\">\n\t\t\t\t<div class=\"elementor-widget-container\">\n\t\t\t\t\t<h2 class=\"elementor-heading-title elementor-size-default\">Geschmack mallorquinischer Tradition<\/h2>\t\t\t\t<\/div>\n\t\t\t\t<\/div>\n\t\t\t\t\t<\/div>\n\t\t\t\t<\/div>\n\t\t<div class=\"elementor-element elementor-element-3688a62 e-flex e-con-boxed e-con e-parent\" data-id=\"3688a62\" data-element_type=\"container\" data-e-type=\"container\">\n\t\t\t\t\t<div class=\"e-con-inner\">\n\t\t<div class=\"elementor-element elementor-element-0afbf2a e-con-full e-flex e-con e-child\" data-id=\"0afbf2a\" data-element_type=\"container\" data-e-type=\"container\">\n\t\t\t\t<div class=\"elementor-element elementor-element-fb315dd elementor-widget elementor-widget-text-editor\" data-id=\"fb315dd\" data-element_type=\"widget\" data-e-type=\"widget\" data-widget_type=\"text-editor.default\">\n\t\t\t\t<div class=\"elementor-widget-container\">\n\t\t\t\t\t\t\t\t\tDas <strong>typische Weihnachtsessen auf Mallorca<\/strong> ist weit mehr als eine Sammlung von Rezepten: Es ist eine Art zu feiern, zusammenzukommen und die Br\u00e4uche der Insel lebendig zu halten. Von der Sopa de Nadal \u00fcber die Porcella bis hin zur Sopa d\u2019ametlla oder den Mandels\u00fc\u00dfigkeiten erz\u00e4hlt jedes Gericht eine Familiengeschichte und ein St\u00fcck mallorquinischer Identit\u00e4t.\t\t\t\t\t\t\t\t<\/div>\n\t\t\t\t<\/div>\n\t\t\t\t<div class=\"elementor-element elementor-element-c8715ba elementor-widget elementor-widget-text-editor\" data-id=\"c8715ba\" data-element_type=\"widget\" data-e-type=\"widget\" data-widget_type=\"text-editor.default\">\n\t\t\t\t<div class=\"elementor-widget-container\">\n\t\t\t\t\t\t\t\t\tWenn Sie Mallorca zu dieser Jahreszeit entdecken m\u00f6chten, erwartet Sie eine ruhige, authentische und voller Charme erf\u00fcllte Insel. Und nat\u00fcrlich k\u00f6nnen Sie all diese Gerichte in einer einzigartigen Umgebung genie\u00dfen \u2013 besonders, wenn Sie sich f\u00fcr eine Finca oder ein gem\u00fctliches Haus von <a href=\"https:\/\/www.idealpropertymallorca.com\/es\/\"><strong>Ideal Property Mallorca<\/strong><\/a> entscheiden, wo Sie Weihnachten wie ein echter Einheimischer erleben k\u00f6nnen.\t\t\t\t\t\t\t\t<\/div>\n\t\t\t\t<\/div>\n\t\t\t\t<\/div>\n\t\t<div class=\"elementor-element elementor-element-3e4afc0 e-con-full e-flex e-con e-child\" data-id=\"3e4afc0\" data-element_type=\"container\" data-e-type=\"container\">\n\t\t\t\t<div class=\"elementor-element elementor-element-8094385 elementor-widget elementor-widget-image\" data-id=\"8094385\" data-element_type=\"widget\" data-e-type=\"widget\" data-widget_type=\"image.default\">\n\t\t\t\t<div class=\"elementor-widget-container\">\n\t\t\t\t\t\t\t\t\t\t\t\t\t\t\t<img loading=\"lazy\" decoding=\"async\" width=\"730\" height=\"499\" src=\"https:\/\/www.idealpropertymallorca.com\/blog\/wp-content\/uploads\/2025\/11\/navidad-ipm.jpg\" class=\"attachment-large size-large wp-image-22475\" alt=\"navidad ipm\" srcset=\"https:\/\/www.idealpropertymallorca.com\/blog\/wp-content\/uploads\/2025\/11\/navidad-ipm.jpg 730w, https:\/\/www.idealpropertymallorca.com\/blog\/wp-content\/uploads\/2025\/11\/navidad-ipm-300x205.jpg 300w\" sizes=\"(max-width: 730px) 100vw, 730px\" \/>\t\t\t\t\t\t\t\t\t\t\t\t\t\t\t<\/div>\n\t\t\t\t<\/div>\n\t\t\t\t<\/div>\n\t\t\t\t\t<\/div>\n\t\t\t\t<\/div>\n\t\t<div class=\"elementor-element elementor-element-6724dc0 e-flex e-con-boxed e-con e-parent\" data-id=\"6724dc0\" data-element_type=\"container\" data-e-type=\"container\">\n\t\t\t\t\t<div class=\"e-con-inner\">\n\t\t\t\t<div class=\"elementor-element elementor-element-9e4c4f9 elementor-widget elementor-widget-heading\" data-id=\"9e4c4f9\" data-element_type=\"widget\" data-e-type=\"widget\" data-widget_type=\"heading.default\">\n\t\t\t\t<div class=\"elementor-widget-container\">\n\t\t\t\t\t<h2 class=\"elementor-heading-title elementor-size-default\">Erleben Sie Weihnachten auf Mallorca mit Ideal Property Mallorca<\/h2>\t\t\t\t<\/div>\n\t\t\t\t<\/div>\n\t\t\t\t\t<\/div>\n\t\t\t\t<\/div>\n\t\t<div class=\"elementor-element elementor-element-b49119b e-flex e-con-boxed e-con e-parent\" data-id=\"b49119b\" data-element_type=\"container\" data-e-type=\"container\">\n\t\t\t\t\t<div class=\"e-con-inner\">\n\t\t\t\t<div class=\"elementor-element elementor-element-8214563 elementor-widget elementor-widget-text-editor\" data-id=\"8214563\" data-element_type=\"widget\" data-e-type=\"widget\" data-widget_type=\"text-editor.default\">\n\t\t\t\t<div class=\"elementor-widget-container\">\n\t\t\t\t\t\t\t\t\tWeihnachten ist einer der sch\u00f6nsten Momente, um <a href=\"https:\/\/www.idealpropertymallorca.com\/es\/\">Mallorca zu entdecken<\/a>: Die Insel wird ruhiger, strahlender und ist voller Tradition. Um diese Zeit in vollen Z\u00fcgen zu genie\u00dfen, gibt es nichts Besseres, als in einem gem\u00fctlichen Zuhause zu wohnen, in dem Sie Gastronomie und festliche Atmosph\u00e4re ganz entspannt erleben k\u00f6nnen.\t\t\t\t\t\t\t\t<\/div>\n\t\t\t\t<\/div>\n\t\t\t\t<div class=\"elementor-element elementor-element-c2762f5 elementor-widget elementor-widget-text-editor\" data-id=\"c2762f5\" data-element_type=\"widget\" data-e-type=\"widget\" data-widget_type=\"text-editor.default\">\n\t\t\t\t<div class=\"elementor-widget-container\">\n\t\t\t\t\t\t\t\t\t<strong>Ideal Property Mallorca<\/strong> bietet eine Auswahl an <a href=\"https:\/\/www.idealpropertymallorca.com\/es\/alquiler-de-fincas-en-mallorca\/\">Fincas<\/a>, <a href=\"https:\/\/www.idealpropertymallorca.com\/es\/alquiler-villas-en-mallorca\/\">Dorfh\u00e4usern<\/a> und <a href=\"https:\/\/www.idealpropertymallorca.com\/es\/alquiler-de-apartamentos-en-mallorca\/\">Apartments<\/a>, die perfekt f\u00fcr diese Jahreszeit sind: Unterk\u00fcnfte mit warmem Ambiente und idealer Lage, um Weihnachtsm\u00e4rkte, charmante D\u00f6rfer oder kulinarische Routen zu entdecken.\n\nMit einer Buchung bei <strong><a href=\"https:\/\/www.idealpropertymallorca.com\/es\/casas-y-villas-de-lujo-en-mallorca\/\">Ideal Property Mallorca<\/a><\/strong> genie\u00dfen Sie einen komfortablen, authentischen Aufenthalt mit pers\u00f6nlicher Betreuung \u2013 damit Sie Weihnachten auf Mallorca wie ein echter Einheimischer erleben k\u00f6nnen.\t\t\t\t\t\t\t\t<\/div>\n\t\t\t\t<\/div>\n\t\t\t\t\t<\/div>\n\t\t\t\t<\/div>\n\t\t\t\t<section class=\"elementor-section elementor-top-section elementor-element elementor-element-8208586 elementor-section-boxed elementor-section-height-default elementor-section-height-default\" data-id=\"8208586\" data-element_type=\"section\" data-e-type=\"section\">\n\t\t\t\t\t\t<div class=\"elementor-container elementor-column-gap-default\">\n\t\t\t\t\t<div class=\"elementor-column elementor-col-33 elementor-top-column elementor-element elementor-element-72b8a79a\" data-id=\"72b8a79a\" data-element_type=\"column\" data-e-type=\"column\" data-settings=\"{&quot;background_background&quot;:&quot;classic&quot;}\">\n\t\t\t<div class=\"elementor-widget-wrap elementor-element-populated\">\n\t\t\t\t\t\t<div class=\"elementor-element elementor-element-4f3a3394 elementor-align-center elementor-widget elementor-widget-button\" data-id=\"4f3a3394\" data-element_type=\"widget\" data-e-type=\"widget\" data-widget_type=\"button.default\">\n\t\t\t\t<div class=\"elementor-widget-container\">\n\t\t\t\t\t\t\t\t\t<div class=\"elementor-button-wrapper\">\n\t\t\t\t\t<a class=\"elementor-button elementor-button-link elementor-size-sm\" href=\"https:\/\/www.idealpropertymallorca.com\/holiday-rentals-puerto-alcudia-majorca\/\">\n\t\t\t\t\t\t<span class=\"elementor-button-content-wrapper\">\n\t\t\t\t\t\t\t\t\t<span class=\"elementor-button-text\">Accomodations in Port Alcudia<\/span>\n\t\t\t\t\t<\/span>\n\t\t\t\t\t<\/a>\n\t\t\t\t<\/div>\n\t\t\t\t\t\t\t\t<\/div>\n\t\t\t\t<\/div>\n\t\t\t\t\t<\/div>\n\t\t<\/div>\n\t\t\t\t<div class=\"elementor-column elementor-col-33 elementor-top-column elementor-element elementor-element-44714019\" data-id=\"44714019\" data-element_type=\"column\" data-e-type=\"column\" data-settings=\"{&quot;background_background&quot;:&quot;classic&quot;}\">\n\t\t\t<div class=\"elementor-widget-wrap elementor-element-populated\">\n\t\t\t\t\t\t<div class=\"elementor-element elementor-element-9b775ec elementor-align-center elementor-widget elementor-widget-button\" data-id=\"9b775ec\" data-element_type=\"widget\" data-e-type=\"widget\" data-widget_type=\"button.default\">\n\t\t\t\t<div class=\"elementor-widget-container\">\n\t\t\t\t\t\t\t\t\t<div class=\"elementor-button-wrapper\">\n\t\t\t\t\t<a class=\"elementor-button elementor-button-link elementor-size-sm\" href=\"https:\/\/www.idealpropertymallorca.com\/vacation-rental-sa-pobla\/\">\n\t\t\t\t\t\t<span class=\"elementor-button-content-wrapper\">\n\t\t\t\t\t\t\t\t\t<span class=\"elementor-button-text\">Accommodations in Sa Pobla<\/span>\n\t\t\t\t\t<\/span>\n\t\t\t\t\t<\/a>\n\t\t\t\t<\/div>\n\t\t\t\t\t\t\t\t<\/div>\n\t\t\t\t<\/div>\n\t\t\t\t\t<\/div>\n\t\t<\/div>\n\t\t\t\t<div class=\"elementor-column elementor-col-33 elementor-top-column elementor-element elementor-element-46ebdf35\" data-id=\"46ebdf35\" data-element_type=\"column\" data-e-type=\"column\" data-settings=\"{&quot;background_background&quot;:&quot;classic&quot;}\">\n\t\t\t<div class=\"elementor-widget-wrap elementor-element-populated\">\n\t\t\t\t\t\t<div class=\"elementor-element elementor-element-531ea490 elementor-align-center elementor-widget elementor-widget-button\" data-id=\"531ea490\" data-element_type=\"widget\" data-e-type=\"widget\" data-widget_type=\"button.default\">\n\t\t\t\t<div class=\"elementor-widget-container\">\n\t\t\t\t\t\t\t\t\t<div class=\"elementor-button-wrapper\">\n\t\t\t\t\t<a class=\"elementor-button elementor-button-link elementor-size-sm\" href=\"https:\/\/www.idealpropertymallorca.com\/houses-and-apartments-in-playa-del-muro\/\">\n\t\t\t\t\t\t<span class=\"elementor-button-content-wrapper\">\n\t\t\t\t\t\t\t\t\t<span class=\"elementor-button-text\">Accommodations in Playa de Muro<\/span>\n\t\t\t\t\t<\/span>\n\t\t\t\t\t<\/a>\n\t\t\t\t<\/div>\n\t\t\t\t\t\t\t\t<\/div>\n\t\t\t\t<\/div>\n\t\t\t\t\t<\/div>\n\t\t<\/div>\n\t\t\t\t\t<\/div>\n\t\t<\/section>\n\t\t\t\t<\/div>\n\t\t","protected":false},"excerpt":{"rendered":"<p>Die Weihnachtszeit auf Mallorca ist eine Zeit voller Licht, Tradition und authentischer Aromen. Die Insel verbindet ihre mediterrane Identit\u00e4t mit tief verwurzelten Familienrezepten, die von Generation zu Generation weitergegeben werden. Daher spiegelt das typische Weihnachtsessen auf Mallorca diesen Geist wider: herzhafte Suppen, Ofenfleisch, handwerkliche S\u00fc\u00dfspeisen und Eint\u00f6pfe, die nach Zuhause duften \u2013 ein zentraler Teil [&hellip;]<\/p>\n","protected":false},"author":9,"featured_media":22436,"comment_status":"open","ping_status":"open","sticky":false,"template":"","format":"standard","meta":{"footnotes":""},"categories":[2],"tags":[],"class_list":["post-22608","post","type-post","status-publish","format-standard","has-post-thumbnail","hentry","category-unkategorisiert"],"yoast_head":"<!-- This site is optimized with the Yoast SEO plugin v27.4 - https:\/\/yoast.com\/product\/yoast-seo-wordpress\/ -->\n<title>Weihnachtsessen auf Mallorca Traditionen - Blog von Mallorca<\/title>\n<meta name=\"description\" content=\"Entdecken Sie die Weihnachtstraditionen Mallorcas mit traditionellen Suppen, Fleischgerichten und s\u00fc\u00dfen Mandelspezialit\u00e4ten.\" \/>\n<meta name=\"robots\" content=\"index, follow, max-snippet:-1, max-image-preview:large, max-video-preview:-1\" \/>\n<link rel=\"canonical\" href=\"https:\/\/www.idealpropertymallorca.com\/blog\/de\/typisches-weihnachtsessen-auf-mallorca\/\" \/>\n<meta property=\"og:locale\" content=\"de_DE\" \/>\n<meta property=\"og:type\" content=\"article\" \/>\n<meta property=\"og:title\" content=\"Weihnachtsessen auf Mallorca Traditionen - Blog von Mallorca\" \/>\n<meta property=\"og:description\" content=\"Entdecken Sie die Weihnachtstraditionen Mallorcas mit traditionellen Suppen, Fleischgerichten und s\u00fc\u00dfen Mandelspezialit\u00e4ten.\" \/>\n<meta property=\"og:url\" content=\"https:\/\/www.idealpropertymallorca.com\/blog\/de\/typisches-weihnachtsessen-auf-mallorca\/\" \/>\n<meta property=\"og:site_name\" content=\"Blog von Mallorca\" \/>\n<meta property=\"article:published_time\" content=\"2025-11-24T10:46:04+00:00\" \/>\n<meta property=\"article:modified_time\" content=\"2025-12-30T11:13:13+00:00\" \/>\n<meta property=\"og:image\" content=\"https:\/\/www.idealpropertymallorca.com\/blog\/wp-content\/uploads\/2025\/11\/caldereta-ligera.jpeg\" \/>\n\t<meta property=\"og:image:width\" content=\"2048\" \/>\n\t<meta property=\"og:image:height\" content=\"1536\" \/>\n\t<meta property=\"og:image:type\" content=\"image\/jpeg\" \/>\n<meta name=\"author\" content=\"Tatiana\" \/>\n<meta name=\"twitter:card\" content=\"summary_large_image\" \/>\n<meta name=\"twitter:label1\" content=\"Written by\" \/>\n\t<meta name=\"twitter:data1\" content=\"Tatiana\" \/>\n\t<meta name=\"twitter:label2\" content=\"Est. reading time\" \/>\n\t<meta name=\"twitter:data2\" content=\"14 minutes\" \/>\n<script type=\"application\/ld+json\" class=\"yoast-schema-graph\">{\"@context\":\"https:\\\/\\\/schema.org\",\"@graph\":[{\"@type\":\"Article\",\"@id\":\"https:\\\/\\\/www.idealpropertymallorca.com\\\/blog\\\/de\\\/typisches-weihnachtsessen-auf-mallorca\\\/#article\",\"isPartOf\":{\"@id\":\"https:\\\/\\\/www.idealpropertymallorca.com\\\/blog\\\/de\\\/typisches-weihnachtsessen-auf-mallorca\\\/\"},\"author\":{\"name\":\"Tatiana\",\"@id\":\"https:\\\/\\\/www.idealpropertymallorca.com\\\/blog\\\/de\\\/#\\\/schema\\\/person\\\/3e6672008494e754197397c523aac13d\"},\"headline\":\"Weihnachtsessen auf Mallorca Traditionen\",\"datePublished\":\"2025-11-24T10:46:04+00:00\",\"dateModified\":\"2025-12-30T11:13:13+00:00\",\"mainEntityOfPage\":{\"@id\":\"https:\\\/\\\/www.idealpropertymallorca.com\\\/blog\\\/de\\\/typisches-weihnachtsessen-auf-mallorca\\\/\"},\"wordCount\":2228,\"commentCount\":0,\"publisher\":{\"@id\":\"https:\\\/\\\/www.idealpropertymallorca.com\\\/blog\\\/de\\\/#organization\"},\"image\":{\"@id\":\"https:\\\/\\\/www.idealpropertymallorca.com\\\/blog\\\/de\\\/typisches-weihnachtsessen-auf-mallorca\\\/#primaryimage\"},\"thumbnailUrl\":\"https:\\\/\\\/www.idealpropertymallorca.com\\\/blog\\\/wp-content\\\/uploads\\\/2025\\\/11\\\/caldereta-ligera.jpeg\",\"articleSection\":[\"Unkategorisiert\"],\"inLanguage\":\"de\",\"potentialAction\":[{\"@type\":\"CommentAction\",\"name\":\"Comment\",\"target\":[\"https:\\\/\\\/www.idealpropertymallorca.com\\\/blog\\\/de\\\/typisches-weihnachtsessen-auf-mallorca\\\/#respond\"]}]},{\"@type\":\"WebPage\",\"@id\":\"https:\\\/\\\/www.idealpropertymallorca.com\\\/blog\\\/de\\\/typisches-weihnachtsessen-auf-mallorca\\\/\",\"url\":\"https:\\\/\\\/www.idealpropertymallorca.com\\\/blog\\\/de\\\/typisches-weihnachtsessen-auf-mallorca\\\/\",\"name\":\"Weihnachtsessen auf Mallorca Traditionen - Blog von Mallorca\",\"isPartOf\":{\"@id\":\"https:\\\/\\\/www.idealpropertymallorca.com\\\/blog\\\/de\\\/#website\"},\"primaryImageOfPage\":{\"@id\":\"https:\\\/\\\/www.idealpropertymallorca.com\\\/blog\\\/de\\\/typisches-weihnachtsessen-auf-mallorca\\\/#primaryimage\"},\"image\":{\"@id\":\"https:\\\/\\\/www.idealpropertymallorca.com\\\/blog\\\/de\\\/typisches-weihnachtsessen-auf-mallorca\\\/#primaryimage\"},\"thumbnailUrl\":\"https:\\\/\\\/www.idealpropertymallorca.com\\\/blog\\\/wp-content\\\/uploads\\\/2025\\\/11\\\/caldereta-ligera.jpeg\",\"datePublished\":\"2025-11-24T10:46:04+00:00\",\"dateModified\":\"2025-12-30T11:13:13+00:00\",\"description\":\"Entdecken Sie die Weihnachtstraditionen Mallorcas mit traditionellen Suppen, Fleischgerichten und s\u00fc\u00dfen Mandelspezialit\u00e4ten.\",\"inLanguage\":\"de\",\"potentialAction\":[{\"@type\":\"ReadAction\",\"target\":[\"https:\\\/\\\/www.idealpropertymallorca.com\\\/blog\\\/de\\\/typisches-weihnachtsessen-auf-mallorca\\\/\"]}]},{\"@type\":\"ImageObject\",\"inLanguage\":\"de\",\"@id\":\"https:\\\/\\\/www.idealpropertymallorca.com\\\/blog\\\/de\\\/typisches-weihnachtsessen-auf-mallorca\\\/#primaryimage\",\"url\":\"https:\\\/\\\/www.idealpropertymallorca.com\\\/blog\\\/wp-content\\\/uploads\\\/2025\\\/11\\\/caldereta-ligera.jpeg\",\"contentUrl\":\"https:\\\/\\\/www.idealpropertymallorca.com\\\/blog\\\/wp-content\\\/uploads\\\/2025\\\/11\\\/caldereta-ligera.jpeg\",\"width\":2048,\"height\":1536,\"caption\":\"comida tipica a la mallorquina\"},{\"@type\":\"WebSite\",\"@id\":\"https:\\\/\\\/www.idealpropertymallorca.com\\\/blog\\\/de\\\/#website\",\"url\":\"https:\\\/\\\/www.idealpropertymallorca.com\\\/blog\\\/de\\\/\",\"name\":\"Blog von Mallorca\",\"description\":\"Finden Sie touristische Informationen dar\u00fcber, was zu sehen und zu tun auf der Insel Mallorca w\u00e4hrend der Ferien. Entdecken Sie die besten Orte!\",\"publisher\":{\"@id\":\"https:\\\/\\\/www.idealpropertymallorca.com\\\/blog\\\/de\\\/#organization\"},\"potentialAction\":[{\"@type\":\"SearchAction\",\"target\":{\"@type\":\"EntryPoint\",\"urlTemplate\":\"https:\\\/\\\/www.idealpropertymallorca.com\\\/blog\\\/de\\\/?s={search_term_string}\"},\"query-input\":{\"@type\":\"PropertyValueSpecification\",\"valueRequired\":true,\"valueName\":\"search_term_string\"}}],\"inLanguage\":\"de\"},{\"@type\":\"Organization\",\"@id\":\"https:\\\/\\\/www.idealpropertymallorca.com\\\/blog\\\/de\\\/#organization\",\"name\":\"Blog von Mallorca\",\"url\":\"https:\\\/\\\/www.idealpropertymallorca.com\\\/blog\\\/de\\\/\",\"logo\":{\"@type\":\"ImageObject\",\"inLanguage\":\"de\",\"@id\":\"https:\\\/\\\/www.idealpropertymallorca.com\\\/blog\\\/de\\\/#\\\/schema\\\/logo\\\/image\\\/\",\"url\":\"https:\\\/\\\/www.idealpropertymallorca.com\\\/blog\\\/wp-content\\\/uploads\\\/2024\\\/10\\\/ideal-property-mallorca-blue-mobile.png\",\"contentUrl\":\"https:\\\/\\\/www.idealpropertymallorca.com\\\/blog\\\/wp-content\\\/uploads\\\/2024\\\/10\\\/ideal-property-mallorca-blue-mobile.png\",\"width\":500,\"height\":150,\"caption\":\"Blog von Mallorca\"},\"image\":{\"@id\":\"https:\\\/\\\/www.idealpropertymallorca.com\\\/blog\\\/de\\\/#\\\/schema\\\/logo\\\/image\\\/\"}},{\"@type\":\"Person\",\"@id\":\"https:\\\/\\\/www.idealpropertymallorca.com\\\/blog\\\/de\\\/#\\\/schema\\\/person\\\/3e6672008494e754197397c523aac13d\",\"name\":\"Tatiana\",\"image\":{\"@type\":\"ImageObject\",\"inLanguage\":\"de\",\"@id\":\"https:\\\/\\\/secure.gravatar.com\\\/avatar\\\/d1f7a61926f15609398032f2f6a1b823942e417fe09d2f38c4cf50bc1d193691?s=96&d=mm&r=g\",\"url\":\"https:\\\/\\\/secure.gravatar.com\\\/avatar\\\/d1f7a61926f15609398032f2f6a1b823942e417fe09d2f38c4cf50bc1d193691?s=96&d=mm&r=g\",\"contentUrl\":\"https:\\\/\\\/secure.gravatar.com\\\/avatar\\\/d1f7a61926f15609398032f2f6a1b823942e417fe09d2f38c4cf50bc1d193691?s=96&d=mm&r=g\",\"caption\":\"Tatiana\"}}]}<\/script>\n<!-- \/ Yoast SEO plugin. -->","yoast_head_json":{"title":"Weihnachtsessen auf Mallorca Traditionen - Blog von Mallorca","description":"Entdecken Sie die Weihnachtstraditionen Mallorcas mit traditionellen Suppen, Fleischgerichten und s\u00fc\u00dfen Mandelspezialit\u00e4ten.","robots":{"index":"index","follow":"follow","max-snippet":"max-snippet:-1","max-image-preview":"max-image-preview:large","max-video-preview":"max-video-preview:-1"},"canonical":"https:\/\/www.idealpropertymallorca.com\/blog\/de\/typisches-weihnachtsessen-auf-mallorca\/","og_locale":"de_DE","og_type":"article","og_title":"Weihnachtsessen auf Mallorca Traditionen - Blog von Mallorca","og_description":"Entdecken Sie die Weihnachtstraditionen Mallorcas mit traditionellen Suppen, Fleischgerichten und s\u00fc\u00dfen Mandelspezialit\u00e4ten.","og_url":"https:\/\/www.idealpropertymallorca.com\/blog\/de\/typisches-weihnachtsessen-auf-mallorca\/","og_site_name":"Blog von Mallorca","article_published_time":"2025-11-24T10:46:04+00:00","article_modified_time":"2025-12-30T11:13:13+00:00","og_image":[{"width":2048,"height":1536,"url":"https:\/\/www.idealpropertymallorca.com\/blog\/wp-content\/uploads\/2025\/11\/caldereta-ligera.jpeg","type":"image\/jpeg"}],"author":"Tatiana","twitter_card":"summary_large_image","twitter_misc":{"Written by":"Tatiana","Est. reading time":"14 minutes"},"schema":{"@context":"https:\/\/schema.org","@graph":[{"@type":"Article","@id":"https:\/\/www.idealpropertymallorca.com\/blog\/de\/typisches-weihnachtsessen-auf-mallorca\/#article","isPartOf":{"@id":"https:\/\/www.idealpropertymallorca.com\/blog\/de\/typisches-weihnachtsessen-auf-mallorca\/"},"author":{"name":"Tatiana","@id":"https:\/\/www.idealpropertymallorca.com\/blog\/de\/#\/schema\/person\/3e6672008494e754197397c523aac13d"},"headline":"Weihnachtsessen auf Mallorca Traditionen","datePublished":"2025-11-24T10:46:04+00:00","dateModified":"2025-12-30T11:13:13+00:00","mainEntityOfPage":{"@id":"https:\/\/www.idealpropertymallorca.com\/blog\/de\/typisches-weihnachtsessen-auf-mallorca\/"},"wordCount":2228,"commentCount":0,"publisher":{"@id":"https:\/\/www.idealpropertymallorca.com\/blog\/de\/#organization"},"image":{"@id":"https:\/\/www.idealpropertymallorca.com\/blog\/de\/typisches-weihnachtsessen-auf-mallorca\/#primaryimage"},"thumbnailUrl":"https:\/\/www.idealpropertymallorca.com\/blog\/wp-content\/uploads\/2025\/11\/caldereta-ligera.jpeg","articleSection":["Unkategorisiert"],"inLanguage":"de","potentialAction":[{"@type":"CommentAction","name":"Comment","target":["https:\/\/www.idealpropertymallorca.com\/blog\/de\/typisches-weihnachtsessen-auf-mallorca\/#respond"]}]},{"@type":"WebPage","@id":"https:\/\/www.idealpropertymallorca.com\/blog\/de\/typisches-weihnachtsessen-auf-mallorca\/","url":"https:\/\/www.idealpropertymallorca.com\/blog\/de\/typisches-weihnachtsessen-auf-mallorca\/","name":"Weihnachtsessen auf Mallorca Traditionen - Blog von Mallorca","isPartOf":{"@id":"https:\/\/www.idealpropertymallorca.com\/blog\/de\/#website"},"primaryImageOfPage":{"@id":"https:\/\/www.idealpropertymallorca.com\/blog\/de\/typisches-weihnachtsessen-auf-mallorca\/#primaryimage"},"image":{"@id":"https:\/\/www.idealpropertymallorca.com\/blog\/de\/typisches-weihnachtsessen-auf-mallorca\/#primaryimage"},"thumbnailUrl":"https:\/\/www.idealpropertymallorca.com\/blog\/wp-content\/uploads\/2025\/11\/caldereta-ligera.jpeg","datePublished":"2025-11-24T10:46:04+00:00","dateModified":"2025-12-30T11:13:13+00:00","description":"Entdecken Sie die Weihnachtstraditionen Mallorcas mit traditionellen Suppen, Fleischgerichten und s\u00fc\u00dfen Mandelspezialit\u00e4ten.","inLanguage":"de","potentialAction":[{"@type":"ReadAction","target":["https:\/\/www.idealpropertymallorca.com\/blog\/de\/typisches-weihnachtsessen-auf-mallorca\/"]}]},{"@type":"ImageObject","inLanguage":"de","@id":"https:\/\/www.idealpropertymallorca.com\/blog\/de\/typisches-weihnachtsessen-auf-mallorca\/#primaryimage","url":"https:\/\/www.idealpropertymallorca.com\/blog\/wp-content\/uploads\/2025\/11\/caldereta-ligera.jpeg","contentUrl":"https:\/\/www.idealpropertymallorca.com\/blog\/wp-content\/uploads\/2025\/11\/caldereta-ligera.jpeg","width":2048,"height":1536,"caption":"comida tipica a la mallorquina"},{"@type":"WebSite","@id":"https:\/\/www.idealpropertymallorca.com\/blog\/de\/#website","url":"https:\/\/www.idealpropertymallorca.com\/blog\/de\/","name":"Blog von Mallorca","description":"Finden Sie touristische Informationen dar\u00fcber, was zu sehen und zu tun auf der Insel Mallorca w\u00e4hrend der Ferien. Entdecken Sie die besten Orte!","publisher":{"@id":"https:\/\/www.idealpropertymallorca.com\/blog\/de\/#organization"},"potentialAction":[{"@type":"SearchAction","target":{"@type":"EntryPoint","urlTemplate":"https:\/\/www.idealpropertymallorca.com\/blog\/de\/?s={search_term_string}"},"query-input":{"@type":"PropertyValueSpecification","valueRequired":true,"valueName":"search_term_string"}}],"inLanguage":"de"},{"@type":"Organization","@id":"https:\/\/www.idealpropertymallorca.com\/blog\/de\/#organization","name":"Blog von Mallorca","url":"https:\/\/www.idealpropertymallorca.com\/blog\/de\/","logo":{"@type":"ImageObject","inLanguage":"de","@id":"https:\/\/www.idealpropertymallorca.com\/blog\/de\/#\/schema\/logo\/image\/","url":"https:\/\/www.idealpropertymallorca.com\/blog\/wp-content\/uploads\/2024\/10\/ideal-property-mallorca-blue-mobile.png","contentUrl":"https:\/\/www.idealpropertymallorca.com\/blog\/wp-content\/uploads\/2024\/10\/ideal-property-mallorca-blue-mobile.png","width":500,"height":150,"caption":"Blog von Mallorca"},"image":{"@id":"https:\/\/www.idealpropertymallorca.com\/blog\/de\/#\/schema\/logo\/image\/"}},{"@type":"Person","@id":"https:\/\/www.idealpropertymallorca.com\/blog\/de\/#\/schema\/person\/3e6672008494e754197397c523aac13d","name":"Tatiana","image":{"@type":"ImageObject","inLanguage":"de","@id":"https:\/\/secure.gravatar.com\/avatar\/d1f7a61926f15609398032f2f6a1b823942e417fe09d2f38c4cf50bc1d193691?s=96&d=mm&r=g","url":"https:\/\/secure.gravatar.com\/avatar\/d1f7a61926f15609398032f2f6a1b823942e417fe09d2f38c4cf50bc1d193691?s=96&d=mm&r=g","contentUrl":"https:\/\/secure.gravatar.com\/avatar\/d1f7a61926f15609398032f2f6a1b823942e417fe09d2f38c4cf50bc1d193691?s=96&d=mm&r=g","caption":"Tatiana"}}]}},"_links":{"self":[{"href":"https:\/\/www.idealpropertymallorca.com\/blog\/de\/wp-json\/wp\/v2\/posts\/22608","targetHints":{"allow":["GET"]}}],"collection":[{"href":"https:\/\/www.idealpropertymallorca.com\/blog\/de\/wp-json\/wp\/v2\/posts"}],"about":[{"href":"https:\/\/www.idealpropertymallorca.com\/blog\/de\/wp-json\/wp\/v2\/types\/post"}],"author":[{"embeddable":true,"href":"https:\/\/www.idealpropertymallorca.com\/blog\/de\/wp-json\/wp\/v2\/users\/9"}],"replies":[{"embeddable":true,"href":"https:\/\/www.idealpropertymallorca.com\/blog\/de\/wp-json\/wp\/v2\/comments?post=22608"}],"version-history":[{"count":27,"href":"https:\/\/www.idealpropertymallorca.com\/blog\/de\/wp-json\/wp\/v2\/posts\/22608\/revisions"}],"predecessor-version":[{"id":22645,"href":"https:\/\/www.idealpropertymallorca.com\/blog\/de\/wp-json\/wp\/v2\/posts\/22608\/revisions\/22645"}],"wp:featuredmedia":[{"embeddable":true,"href":"https:\/\/www.idealpropertymallorca.com\/blog\/de\/wp-json\/wp\/v2\/media\/22436"}],"wp:attachment":[{"href":"https:\/\/www.idealpropertymallorca.com\/blog\/de\/wp-json\/wp\/v2\/media?parent=22608"}],"wp:term":[{"taxonomy":"category","embeddable":true,"href":"https:\/\/www.idealpropertymallorca.com\/blog\/de\/wp-json\/wp\/v2\/categories?post=22608"},{"taxonomy":"post_tag","embeddable":true,"href":"https:\/\/www.idealpropertymallorca.com\/blog\/de\/wp-json\/wp\/v2\/tags?post=22608"}],"curies":[{"name":"wp","href":"https:\/\/api.w.org\/{rel}","templated":true}]}}