{"id":20351,"date":"2025-06-26T14:02:25","date_gmt":"2025-06-26T14:02:25","guid":{"rendered":"https:\/\/www.idealpropertymallorca.com\/blog\/port-pollenca\/"},"modified":"2025-08-21T06:27:47","modified_gmt":"2025-08-21T06:27:47","slug":"port-pollenca","status":"publish","type":"post","link":"https:\/\/www.idealpropertymallorca.com\/blog\/de\/port-pollenca\/","title":{"rendered":"Entdecken Sie Port de Pollen\u00e7a auf Mallorca"},"content":{"rendered":"\t\t<div data-elementor-type=\"wp-post\" data-elementor-id=\"20351\" class=\"elementor elementor-20351 elementor-20288\" data-elementor-post-type=\"post\">\n\t\t\t\t\t\t<section class=\"elementor-section elementor-top-section elementor-element elementor-element-782f294c elementor-section-boxed elementor-section-height-default elementor-section-height-default\" data-id=\"782f294c\" data-element_type=\"section\" data-e-type=\"section\">\n\t\t\t\t\t\t<div class=\"elementor-container elementor-column-gap-default\">\n\t\t\t\t\t<div class=\"elementor-column elementor-col-100 elementor-top-column elementor-element elementor-element-74a8becd\" data-id=\"74a8becd\" data-element_type=\"column\" data-e-type=\"column\">\n\t\t\t<div class=\"elementor-widget-wrap elementor-element-populated\">\n\t\t\t\t\t\t<div class=\"elementor-element elementor-element-6442e778 elementor-widget elementor-widget-text-editor\" data-id=\"6442e778\" data-element_type=\"widget\" data-e-type=\"widget\" data-widget_type=\"text-editor.default\">\n\t\t\t\t<div class=\"elementor-widget-container\">\n\t\t\t\t\t\t\t\t\t<p style=\"font-weight: 400;\">Im Norden Mallorcas k\u00f6nnen Sie eine der charmantesten St\u00e4dte der Insel besuchen: Port de Pollen\u00e7a.<\/p><p style=\"font-weight: 400;\">Am Fu\u00dfe der majest\u00e4tischen Serra de Tramuntana und umgeben von den ruhigen Gew\u00e4ssern der gleichnamigen Bucht liegt <strong>ein Ort, der jeden in seinen Bann zieht, der durch ihn schlendert<\/strong>; fragen Sie nur Agatha Christie, die hier die Inspiration f\u00fcr ihren <em>Bestseller<\/em> \u201eProbleme in der Pollensa-Bucht und andere Geschichten\u201c fand.<\/p><p style=\"font-weight: 400;\">Diese Stadt ist ein Fischerzufluchtsort, der zum Lieblingsziel von K\u00fcnstlern, Schriftstellern und Reisenden wurde, die Inspiration und Ruhe sowie eine Vielfalt an Landschaften suchten. Wenn Sie also Lust auf einen Urlaub haben, der Meer, Berge und Kultur in gro\u00dfz\u00fcgigen Dosen kombiniert, lesen Sie weiter, und wir erz\u00e4hlen Ihnen alles \u00fcber Port de Pollen\u00e7a auf Mallorca.  <\/p>\t\t\t\t\t\t\t\t<\/div>\n\t\t\t\t<\/div>\n\t\t\t\t\t<\/div>\n\t\t<\/div>\n\t\t\t\t\t<\/div>\n\t\t<\/section>\n\t\t\t\t<section class=\"elementor-section elementor-top-section elementor-element elementor-element-3fc3d7c0 elementor-section-boxed elementor-section-height-default elementor-section-height-default\" data-id=\"3fc3d7c0\" data-element_type=\"section\" data-e-type=\"section\">\n\t\t\t\t\t\t<div class=\"elementor-container elementor-column-gap-default\">\n\t\t\t\t\t<div class=\"elementor-column elementor-col-100 elementor-top-column elementor-element elementor-element-1ee519fd\" data-id=\"1ee519fd\" data-element_type=\"column\" data-e-type=\"column\">\n\t\t\t<div class=\"elementor-widget-wrap elementor-element-populated\">\n\t\t\t\t\t\t<div class=\"elementor-element elementor-element-30df0bfd elementor-widget elementor-widget-table-of-contents\" data-id=\"30df0bfd\" data-element_type=\"widget\" data-e-type=\"widget\" data-settings=\"{&quot;headings_by_tags&quot;:[&quot;h2&quot;],&quot;exclude_headings_by_selector&quot;:[],&quot;marker_view&quot;:&quot;bullets&quot;,&quot;icon&quot;:{&quot;value&quot;:&quot;&quot;,&quot;library&quot;:&quot;&quot;},&quot;no_headings_message&quot;:&quot;No headings were found on this page.&quot;,&quot;hierarchical_view&quot;:&quot;yes&quot;,&quot;min_height&quot;:{&quot;unit&quot;:&quot;px&quot;,&quot;size&quot;:&quot;&quot;,&quot;sizes&quot;:[]},&quot;min_height_tablet&quot;:{&quot;unit&quot;:&quot;px&quot;,&quot;size&quot;:&quot;&quot;,&quot;sizes&quot;:[]},&quot;min_height_mobile&quot;:{&quot;unit&quot;:&quot;px&quot;,&quot;size&quot;:&quot;&quot;,&quot;sizes&quot;:[]}}\" data-widget_type=\"table-of-contents.default\">\n\t\t\t\t<div class=\"elementor-widget-container\">\n\t\t\t\t\t\t\t\t\t<div class=\"elementor-toc__header\">\n\t\t\t\t\t\t<div class=\"elementor-toc__header-title\">\n\t\t\t\tInhaltsverzeichnis\t\t\t<\/div>\n\t\t\t\t\t\t\t\t<\/div>\n\t\t\t\t<div id=\"elementor-toc__30df0bfd\" class=\"elementor-toc__body\">\n\t\t\t<div class=\"elementor-toc__spinner-container\">\n\t\t\t\t<i class=\"elementor-toc__spinner eicon-animation-spin eicon-loading\" aria-hidden=\"true\"><\/i>\t\t\t<\/div>\n\t\t<\/div>\n\t\t\t\t\t\t<\/div>\n\t\t\t\t<\/div>\n\t\t\t\t\t<\/div>\n\t\t<\/div>\n\t\t\t\t\t<\/div>\n\t\t<\/section>\n\t\t\t\t<section class=\"elementor-section elementor-top-section elementor-element elementor-element-13c08dcb elementor-section-boxed elementor-section-height-default elementor-section-height-default\" data-id=\"13c08dcb\" data-element_type=\"section\" data-e-type=\"section\">\n\t\t\t\t\t\t<div class=\"elementor-container elementor-column-gap-default\">\n\t\t\t\t\t<div class=\"elementor-column elementor-col-100 elementor-top-column elementor-element elementor-element-6a91ac92\" data-id=\"6a91ac92\" data-element_type=\"column\" data-e-type=\"column\">\n\t\t\t<div class=\"elementor-widget-wrap elementor-element-populated\">\n\t\t\t\t\t\t<div class=\"elementor-element elementor-element-75b18bd7 elementor-widget elementor-widget-heading\" data-id=\"75b18bd7\" data-element_type=\"widget\" data-e-type=\"widget\" data-widget_type=\"heading.default\">\n\t\t\t\t<div class=\"elementor-widget-container\">\n\t\t\t\t\t<h2 class=\"elementor-heading-title elementor-size-default\">Was man in Port de Pollen\u00e7a unternehmen kann<\/h2>\t\t\t\t<\/div>\n\t\t\t\t<\/div>\n\t\t\t\t<div class=\"elementor-element elementor-element-383414c7 elementor-widget elementor-widget-text-editor\" data-id=\"383414c7\" data-element_type=\"widget\" data-e-type=\"widget\" data-widget_type=\"text-editor.default\">\n\t\t\t\t<div class=\"elementor-widget-container\">\n\t\t\t\t\t\t\t\t\t<p style=\"font-weight: 400;\">Wenn Sie ankommen, m\u00fcssen Sie als Erstes &#8211; keine Ausreden &#8211; <strong>ziellos entlang des Pine Walk spazieren<\/strong>, der Fu\u00dfg\u00e4ngerallee, die von verdrehten Kiefern ges\u00e4umt ist und die Luft in der ganzen Stadt parf\u00fcmiert. Und hetzen Sie nicht, nehmen Sie sich Zeit: Halten Sie an und blicken Sie zum Horizont, erst dann werden Sie verstehen, warum so viele Maler diesen Ort immer wieder auf ihren Leinw\u00e4nden festgehalten haben. Wir sprechen von Gr\u00f6\u00dfen wie Tito Cittadini oder Dion\u00eds Benn\u00e0ssar.   <\/p><p style=\"font-weight: 400;\">Au\u00dferdem ist die Promenade voller h\u00f6lzerner Strandbars und Palmen und ziemlich breit, <strong>ideal zum Skaten, Spazieren oder Radfahren<\/strong>, ohne dass Autos im Weg sind.<\/p><p style=\"font-weight: 400;\">Oh! Und wenn Sie fr\u00fch aufstehen, haben Sie die Promenade fast f\u00fcr sich allein, Sie sehen den Sonnenaufgang und h\u00f6ren das Knarren des Holzstegs, wenn die Fischer &#8211; die als Erste auf den Beinen sind &#8211; ihre Netze reinigen.  <\/p>\t\t\t\t\t\t\t\t<\/div>\n\t\t\t\t<\/div>\n\t\t\t\t\t<\/div>\n\t\t<\/div>\n\t\t\t\t\t<\/div>\n\t\t<\/section>\n\t\t<div class=\"elementor-element elementor-element-36af33e e-flex e-con-boxed e-con e-parent\" data-id=\"36af33e\" data-element_type=\"container\" data-e-type=\"container\">\n\t\t\t\t\t<div class=\"e-con-inner\">\n\t\t\t\t<div class=\"elementor-element elementor-element-7f723a5 elementor-widget elementor-widget-image\" data-id=\"7f723a5\" data-element_type=\"widget\" data-e-type=\"widget\" data-widget_type=\"image.default\">\n\t\t\t\t<div class=\"elementor-widget-container\">\n\t\t\t\t\t\t\t\t\t\t\t\t\t\t\t<img fetchpriority=\"high\" decoding=\"async\" width=\"1256\" height=\"627\" src=\"https:\/\/www.idealpropertymallorca.com\/blog\/wp-content\/uploads\/2025\/06\/Que-hacer-en-Port-de-Pollenca.jpg\" class=\"attachment-full size-full wp-image-20316\" alt=\"Que-hacer-en-Port-de-Pollenca.jpg\" srcset=\"https:\/\/www.idealpropertymallorca.com\/blog\/wp-content\/uploads\/2025\/06\/Que-hacer-en-Port-de-Pollenca.jpg 1256w, https:\/\/www.idealpropertymallorca.com\/blog\/wp-content\/uploads\/2025\/06\/Que-hacer-en-Port-de-Pollenca-300x150.jpg 300w, https:\/\/www.idealpropertymallorca.com\/blog\/wp-content\/uploads\/2025\/06\/Que-hacer-en-Port-de-Pollenca-1024x511.jpg 1024w, https:\/\/www.idealpropertymallorca.com\/blog\/wp-content\/uploads\/2025\/06\/Que-hacer-en-Port-de-Pollenca-768x383.jpg 768w\" sizes=\"(max-width: 1256px) 100vw, 1256px\" \/>\t\t\t\t\t\t\t\t\t\t\t\t\t\t\t<\/div>\n\t\t\t\t<\/div>\n\t\t\t\t\t<\/div>\n\t\t\t\t<\/div>\n\t\t\t\t<section class=\"elementor-section elementor-top-section elementor-element elementor-element-80a2052 elementor-section-boxed elementor-section-height-default elementor-section-height-default\" data-id=\"80a2052\" data-element_type=\"section\" data-e-type=\"section\">\n\t\t\t\t\t\t<div class=\"elementor-container elementor-column-gap-default\">\n\t\t\t\t\t<div class=\"elementor-column elementor-col-100 elementor-top-column elementor-element elementor-element-2d15fb1\" data-id=\"2d15fb1\" data-element_type=\"column\" data-e-type=\"column\">\n\t\t\t<div class=\"elementor-widget-wrap elementor-element-populated\">\n\t\t\t\t\t\t<div class=\"elementor-element elementor-element-f681cd6 elementor-widget elementor-widget-heading\" data-id=\"f681cd6\" data-element_type=\"widget\" data-e-type=\"widget\" data-widget_type=\"heading.default\">\n\t\t\t\t<div class=\"elementor-widget-container\">\n\t\t\t\t\t<h2 class=\"elementor-heading-title elementor-size-default\">Aktivit\u00e4ten, die Sie in Port de Pollen\u00e7a nicht verpassen sollten<\/h2>\t\t\t\t<\/div>\n\t\t\t\t<\/div>\n\t\t\t\t<div class=\"elementor-element elementor-element-0fccde6 elementor-widget elementor-widget-text-editor\" data-id=\"0fccde6\" data-element_type=\"widget\" data-e-type=\"widget\" data-widget_type=\"text-editor.default\">\n\t\t\t\t<div class=\"elementor-widget-container\">\n\t\t\t\t\t\t\t\t\t<p style=\"font-weight: 400;\">W\u00e4hlen Sie, wo Sie Ihr Handtuch ausbreiten m\u00f6chten. <strong>Der Hauptstrand des Hafens ist ein goldener Sandstreifen, der sich parallel zur Promenade erstreckt, ideal, wenn Sie nicht weit von der Stadt entfernt sein m\u00f6chten.<\/strong> Wenn Sie Lust haben, ein bisschen zu laufen, gehen Sie weiter bis <strong>Llenaire<\/strong>; hier ist der Badebereich breiter und die Kiefern kommen dem Wasser so nahe, dass Sie nat\u00fcrlichen Schatten haben. M\u00f6chten Sie noch mehr Privatsph\u00e4re? Dann fahren Sie mit dem Auto oder Fahrrad &#8211; nur zehn Minuten entfernt &#8211; zur <strong>Cala de Sant Vicen\u00e7 oder Cala Carb\u00f3<\/strong>. Dies sind kleine Kieselstr\u00e4nde mit kristallklarem Wasser.    <\/p><p style=\"font-weight: 400;\">Und um Port de Pollen\u00e7a voll auszukosten, sollten Sie nicht abreisen, ohne eine <a href=\"https:\/\/www.idealpropertymallorca.com\/blog\/de\/bootsausfluege-mallorca\/\">Bootsfahrt<\/a> zu unternehmen, sei es mit einem Segelboot oder Katamaran. <strong>Vom Hafen in Richtung Cap de Formentor aufzubrechen, Klippen zu entdecken, die ins Mittelmeer st\u00fcrzen, und zum Coll de Femenia hinaufzufahren, sind absolute Muss-Erlebnisse<\/strong>, ebenso wie das Ankern in von Land aus unzug\u00e4nglichen Buchten wie Cala Murta, Cala en Gossalba oder Cala Figuera.<\/p><p style=\"font-weight: 400;\">Dar\u00fcber hinaus k\u00f6nnen Sie in einigen dieser Buchten zwischen Posidonia und bunten Fischschw\u00e4rmen schnorcheln und auch die Nordk\u00fcste vom Deck aus mit der Serra de Tramuntana im Hintergrund betrachten.<\/p><p style=\"font-weight: 400;\">Wenn Sie ein Sportbegeisterter sind, ist der Hafen auch Ihr Spielplatz. <strong>Stand-up-Paddling und Kajakfahren<\/strong> sind die K\u00f6nige der Bucht, da ihre Gew\u00e4sser sehr ruhig sind, besonders am Morgen. Und am Nachmittag, bei einer Brise, k\u00f6nnen Sie sich im <strong>Windsurfen und Kitesurfen<\/strong> versuchen.   <\/p><p style=\"font-weight: 400;\">Und wenn Sie das Radfahren m\u00f6gen, <a href=\"https:\/\/www.idealpropertymallorca.com\/blog\/es\/alquiler-de-bicicletas-mallorca\/\"><strong>leihen Sie sich ein Fahrrad<\/strong><\/a><strong> und nutzen Sie die Nebenstra\u00dfen, die Pollen\u00e7a mit Alc\u00fadia und Lluc verbinden<\/strong>: Sie haben sanfte Steigungen, Mandelb\u00e4ume, Weinberge und mehrere nat\u00fcrliche Aussichtspunkte entlang der Strecke. Und wenn Sie nicht auf R\u00e4dern unterwegs sein m\u00f6chten und lieber zu Fu\u00df gehen, <strong>k\u00f6nnen der Pedra en Sec Weg oder der B\u00f3quer-Tal-Pfad<\/strong> gute Optionen sein, um Ihrem Urlaub Rhythmus zu verleihen.  <\/p><p style=\"font-weight: 400;\">Verpassen Sie nicht den <strong>Sonnenuntergang vom alten Wachturm aus, den Sie auf dem Weg zum Cap de Formentor finden<\/strong>, es ist einer der besten Orte, um den <a href=\"https:\/\/www.idealpropertymallorca.com\/blog\/de\/sonnenuntergang-mallorca\/\">Sonnenuntergang auf Mallorca<\/a> zu sehen.<\/p>\t\t\t\t\t\t\t\t<\/div>\n\t\t\t\t<\/div>\n\t\t\t\t\t<\/div>\n\t\t<\/div>\n\t\t\t\t\t<\/div>\n\t\t<\/section>\n\t\t<div class=\"elementor-element elementor-element-3619b7b e-flex e-con-boxed e-con e-parent\" data-id=\"3619b7b\" data-element_type=\"container\" data-e-type=\"container\">\n\t\t\t\t\t<div class=\"e-con-inner\">\n\t\t\t\t<div class=\"elementor-element elementor-element-8ce8839 elementor-widget elementor-widget-image\" data-id=\"8ce8839\" data-element_type=\"widget\" data-e-type=\"widget\" data-widget_type=\"image.default\">\n\t\t\t\t<div class=\"elementor-widget-container\">\n\t\t\t\t\t\t\t\t\t\t\t\t\t\t\t<img decoding=\"async\" width=\"1280\" height=\"629\" src=\"https:\/\/www.idealpropertymallorca.com\/blog\/wp-content\/uploads\/2023\/04\/port-de-pollensa-atardecer.jpg\" class=\"attachment-full size-full wp-image-1537\" alt=\"puerto de Pollensa al atardecer\" srcset=\"https:\/\/www.idealpropertymallorca.com\/blog\/wp-content\/uploads\/2023\/04\/port-de-pollensa-atardecer.jpg 1280w, https:\/\/www.idealpropertymallorca.com\/blog\/wp-content\/uploads\/2023\/04\/port-de-pollensa-atardecer-768x377.jpg 768w\" sizes=\"(max-width: 1280px) 100vw, 1280px\" \/>\t\t\t\t\t\t\t\t\t\t\t\t\t\t\t<\/div>\n\t\t\t\t<\/div>\n\t\t\t\t\t<\/div>\n\t\t\t\t<\/div>\n\t\t\t\t<section class=\"elementor-section elementor-top-section elementor-element elementor-element-12c2321 elementor-section-boxed elementor-section-height-default elementor-section-height-default\" data-id=\"12c2321\" data-element_type=\"section\" data-e-type=\"section\">\n\t\t\t\t\t\t<div class=\"elementor-container elementor-column-gap-default\">\n\t\t\t\t\t<div class=\"elementor-column elementor-col-100 elementor-top-column elementor-element elementor-element-19466ce\" data-id=\"19466ce\" data-element_type=\"column\" data-e-type=\"column\">\n\t\t\t<div class=\"elementor-widget-wrap elementor-element-populated\">\n\t\t\t\t\t\t<div class=\"elementor-element elementor-element-ed85a80 elementor-widget elementor-widget-heading\" data-id=\"ed85a80\" data-element_type=\"widget\" data-e-type=\"widget\" data-widget_type=\"heading.default\">\n\t\t\t\t<div class=\"elementor-widget-container\">\n\t\t\t\t\t<h2 class=\"elementor-heading-title elementor-size-default\">Gastronomische und kulturelle Pl\u00e4ne in Port de Pollen\u00e7a<\/h2>\t\t\t\t<\/div>\n\t\t\t\t<\/div>\n\t\t\t\t<div class=\"elementor-element elementor-element-8810f74 elementor-widget elementor-widget-text-editor\" data-id=\"8810f74\" data-element_type=\"widget\" data-e-type=\"widget\" data-widget_type=\"text-editor.default\">\n\t\t\t\t<div class=\"elementor-widget-container\">\n\t\t\t\t\t\t\t\t\t<p style=\"font-weight: 400;\">Vergessen Sie generische Men\u00fcs und wagen Sie es, die <a href=\"https:\/\/www.idealpropertymallorca.com\/blog\/de\/typisch-mallorquinische-kuche\/\">typischen Gerichte Mallorcas<\/a> zu probieren. Einige <strong>marinierte Sardellen, ein Rochen \u00e0 la Panadera oder ein frischer <em>Tramp\u00f3<\/em><\/strong>, begleitet von einem guten Wei\u00dfwein aus Binissalem, werden nach einem Tag am Strand oder einer Katamaranexkursion himmlisch schmecken. Und nein, Sie k\u00f6nnen nicht abreisen, ohne einige <a href=\"https:\/\/www.idealpropertymallorca.com\/blog\/de\/ensaimadas-von-mallorca-mit-dem-flugzeug\/\">Ensaimadas zu kaufen, um sie im Flugzeug mit nach Hause zu nehmen<\/a> oder gleich hier zum Fr\u00fchst\u00fcck zu genie\u00dfen, und auch nicht, ohne den Arr\u00f2s brut zu probieren, eines der emblematischsten Gerichte der Insel.   <\/p><p style=\"font-weight: 400;\">\u00dcber das Essen hinaus, wenn Sie Lust auf einen anderen kulturellen Plan haben, <strong>verwandelt sich die Pla\u00e7a Miquel Capllonch mittwochs in einen Handwerksmarkt<\/strong>, der einen Besuch wert ist. <strong>Er hat \u00fcber 200 St\u00e4nde und Sie k\u00f6nnen ihn von 8:00 Uhr bis 13:30 Uhr genie\u00dfen.<\/strong><\/p><p style=\"font-weight: 400;\">Es gibt eine gro\u00dfe Vielfalt an Lebensmitteln, Kleidung und Schuhen zum Verkauf sowie Pflanzen und typische Artikel von der Insel. Es ist der ideale Ort, um nach <em>Siurells<\/em> zu suchen &#8211; kleine dekorative Pfeifen in Wei\u00df mit roten oder gr\u00fcnen Streifen -, den ber\u00fchmten <em>Lleng\u00fces<\/em>-Stoffen oder einem traditionellen Palmkorb.  <\/p><p style=\"font-weight: 400;\">Und f\u00fcr Liebhaber des Pr\u00e4zisionssports bietet die Gegend luxuri\u00f6se Optionen: Es gibt viele <a href=\"https:\/\/www.idealpropertymallorca.com\/blog\/de\/golf-mallorca\/\">Golfpl\u00e4tze auf Mallorca<\/a>. <strong>Sie k\u00f6nnen neun L\u00f6cher im Golf Pollen\u00e7a genie\u00dfen oder den spektakul\u00e4ren 18-Loch-Platz in Alcanada besuchen<\/strong>, nur einen Schritt von Alcudia entfernt.<\/p>\t\t\t\t\t\t\t\t<\/div>\n\t\t\t\t<\/div>\n\t\t\t\t\t<\/div>\n\t\t<\/div>\n\t\t\t\t\t<\/div>\n\t\t<\/section>\n\t\t<div class=\"elementor-element elementor-element-7362225 e-flex e-con-boxed e-con e-parent\" data-id=\"7362225\" data-element_type=\"container\" data-e-type=\"container\">\n\t\t\t\t\t<div class=\"e-con-inner\">\n\t\t\t\t<div class=\"elementor-element elementor-element-ee135a0 elementor-widget elementor-widget-image\" data-id=\"ee135a0\" data-element_type=\"widget\" data-e-type=\"widget\" data-widget_type=\"image.default\">\n\t\t\t\t<div class=\"elementor-widget-container\">\n\t\t\t\t\t\t\t\t\t\t\t\t\t\t\t<img decoding=\"async\" src=\"https:\/\/www.idealpropertymallorca.com\/blog\/wp-content\/uploads\/elementor\/thumbs\/Golf-en-mallorca-1-qnwar4sun9o8ecp2qsfux9hhg0rwbhb9zeug4nbe5s.jpg\" title=\"Golf en mallorca\" alt=\"Golf en mallorca\" loading=\"lazy\" \/>\t\t\t\t\t\t\t\t\t\t\t\t\t\t\t<\/div>\n\t\t\t\t<\/div>\n\t\t\t\t\t<\/div>\n\t\t\t\t<\/div>\n\t\t\t\t<section class=\"elementor-section elementor-top-section elementor-element elementor-element-521c88f4 elementor-section-boxed elementor-section-height-default elementor-section-height-default\" data-id=\"521c88f4\" data-element_type=\"section\" data-e-type=\"section\">\n\t\t\t\t\t\t<div class=\"elementor-container elementor-column-gap-default\">\n\t\t\t\t\t<div class=\"elementor-column elementor-col-100 elementor-top-column elementor-element elementor-element-335f1ebe\" data-id=\"335f1ebe\" data-element_type=\"column\" data-e-type=\"column\">\n\t\t\t<div class=\"elementor-widget-wrap elementor-element-populated\">\n\t\t\t\t\t\t<div class=\"elementor-element elementor-element-2eedf43 elementor-widget elementor-widget-heading\" data-id=\"2eedf43\" data-element_type=\"widget\" data-e-type=\"widget\" data-widget_type=\"heading.default\">\n\t\t\t\t<div class=\"elementor-widget-container\">\n\t\t\t\t\t<h2 class=\"elementor-heading-title elementor-size-default\">Kommen Sie und entspannen Sie in Port de Pollen\u00e7a<\/h2>\t\t\t\t<\/div>\n\t\t\t\t<\/div>\n\t\t\t\t<div class=\"elementor-element elementor-element-565ce27e elementor-widget elementor-widget-text-editor\" data-id=\"565ce27e\" data-element_type=\"widget\" data-e-type=\"widget\" data-widget_type=\"text-editor.default\">\n\t\t\t\t<div class=\"elementor-widget-container\">\n\t\t\t\t\t\t\t\t\t<p style=\"font-weight: 400;\">Port de Pollen\u00e7a ist ein ehemaliger Fischerzufluchtsort, der erheblich gewachsen ist, aber dank Verordnungen, die die Bauh\u00f6he begrenzen, <strong>beh\u00e4lt er eine Skyline frei von Wolkenkratzern, in der sich unz\u00e4hlige niedrige H\u00e4user mit eleganten modernistischen Villen vermischen.<\/strong><\/p><p style=\"font-weight: 400;\">Was als sehr bescheidener Pier begann, ist heute ein ideales Ziel f\u00fcr Radfahrer, Wanderer und Reisende, die einen ruhigen Urlaub verbringen m\u00f6chten. <strong>Also packen Sie Ihre Koffer und kommen Sie, um selbst zu sehen, warum diejenigen, die Port de Pollen\u00e7a in Spanien besuchen, immer wieder kommen, es weiterempfehlen und davon tr\u00e4umen, zur\u00fcckzukehren.<\/strong><\/p><p style=\"font-weight: 400;\">Egal, was Sie vorhaben, entscheiden Sie sich f\u00fcr eine Unterkunft in einem der H\u00e4user, Villen und Apartments, die wir bei <a href=\"https:\/\/www.idealpropertymallorca.com\/es\/\">Ideal Property<\/a> haben: gem\u00fctliche R\u00e4ume, in denen Sie genauso viel Ruhe finden werden wie im Rest von Port de Pollen\u00e7a.<\/p>\t\t\t\t\t\t\t\t<\/div>\n\t\t\t\t<\/div>\n\t\t\t\t\t<\/div>\n\t\t<\/div>\n\t\t\t\t\t<\/div>\n\t\t<\/section>\n\t\t\t\t<section class=\"elementor-section elementor-top-section elementor-element elementor-element-5510dd9c elementor-section-boxed elementor-section-height-default elementor-section-height-default\" data-id=\"5510dd9c\" data-element_type=\"section\" data-e-type=\"section\">\n\t\t\t\t\t\t<div class=\"elementor-container elementor-column-gap-default\">\n\t\t\t\t\t<div class=\"elementor-column elementor-col-100 elementor-top-column elementor-element elementor-element-6cdaf4df\" data-id=\"6cdaf4df\" data-element_type=\"column\" data-e-type=\"column\">\n\t\t\t<div class=\"elementor-widget-wrap elementor-element-populated\">\n\t\t\t\t\t\t<div class=\"elementor-element elementor-element-293a5535 elementor-widget elementor-widget-shortcode\" data-id=\"293a5535\" data-element_type=\"widget\" data-e-type=\"widget\" data-widget_type=\"shortcode.default\">\n\t\t\t\t<div class=\"elementor-widget-container\">\n\t\t\t\t\t\t\t<div class=\"elementor-shortcode\">\t\t<div data-elementor-type=\"section\" data-elementor-id=\"14668\" class=\"elementor elementor-14668 elementor-1954 elementor-1954\" data-elementor-post-type=\"elementor_library\">\n\t\t\t\t\t<section class=\"elementor-section elementor-top-section elementor-element elementor-element-5778b12d elementor-section-boxed elementor-section-height-default elementor-section-height-default\" data-id=\"5778b12d\" data-element_type=\"section\" data-e-type=\"section\">\n\t\t\t\t\t\t<div class=\"elementor-container elementor-column-gap-default\">\n\t\t\t\t\t<div class=\"elementor-column elementor-col-33 elementor-top-column elementor-element elementor-element-7b63db41\" data-id=\"7b63db41\" data-element_type=\"column\" data-e-type=\"column\">\n\t\t\t<div class=\"elementor-widget-wrap elementor-element-populated\">\n\t\t\t\t\t\t<div class=\"elementor-element elementor-element-6130cb39 elementor-align-center elementor-widget elementor-widget-button\" data-id=\"6130cb39\" data-element_type=\"widget\" data-e-type=\"widget\" data-widget_type=\"button.default\">\n\t\t\t\t<div class=\"elementor-widget-container\">\n\t\t\t\t\t\t\t\t\t<div class=\"elementor-button-wrapper\">\n\t\t\t\t\t<a class=\"elementor-button elementor-button-link elementor-size-sm\" href=\"https:\/\/www.idealpropertymallorca.com\/de\/wohnungen-zur-miete-auf-mallorca\/\">\n\t\t\t\t\t\t<span class=\"elementor-button-content-wrapper\">\n\t\t\t\t\t\t\t\t\t<span class=\"elementor-button-text\">Ferienwohnungen auf Mallorca<\/span>\n\t\t\t\t\t<\/span>\n\t\t\t\t\t<\/a>\n\t\t\t\t<\/div>\n\t\t\t\t\t\t\t\t<\/div>\n\t\t\t\t<\/div>\n\t\t\t\t\t<\/div>\n\t\t<\/div>\n\t\t\t\t<div class=\"elementor-column elementor-col-33 elementor-top-column elementor-element elementor-element-22b4a260\" data-id=\"22b4a260\" data-element_type=\"column\" data-e-type=\"column\">\n\t\t\t<div class=\"elementor-widget-wrap elementor-element-populated\">\n\t\t\t\t\t\t<div class=\"elementor-element elementor-element-79a06728 elementor-align-center elementor-widget elementor-widget-button\" data-id=\"79a06728\" data-element_type=\"widget\" data-e-type=\"widget\" data-widget_type=\"button.default\">\n\t\t\t\t<div class=\"elementor-widget-container\">\n\t\t\t\t\t\t\t\t\t<div class=\"elementor-button-wrapper\">\n\t\t\t\t\t<a class=\"elementor-button elementor-button-link elementor-size-sm\" href=\"https:\/\/www.idealpropertymallorca.com\/de\/ferienhauser-mallorca-mieten\/\">\n\t\t\t\t\t\t<span class=\"elementor-button-content-wrapper\">\n\t\t\t\t\t\t\t\t\t<span class=\"elementor-button-text\">Ferienh\u00e4user auf Mallorca<\/span>\n\t\t\t\t\t<\/span>\n\t\t\t\t\t<\/a>\n\t\t\t\t<\/div>\n\t\t\t\t\t\t\t\t<\/div>\n\t\t\t\t<\/div>\n\t\t\t\t\t<\/div>\n\t\t<\/div>\n\t\t\t\t<div class=\"elementor-column elementor-col-33 elementor-top-column elementor-element elementor-element-6d69c362\" data-id=\"6d69c362\" data-element_type=\"column\" data-e-type=\"column\">\n\t\t\t<div class=\"elementor-widget-wrap elementor-element-populated\">\n\t\t\t\t\t\t<div class=\"elementor-element elementor-element-2baf2346 elementor-align-center elementor-widget elementor-widget-button\" data-id=\"2baf2346\" data-element_type=\"widget\" data-e-type=\"widget\" data-widget_type=\"button.default\">\n\t\t\t\t<div class=\"elementor-widget-container\">\n\t\t\t\t\t\t\t\t\t<div class=\"elementor-button-wrapper\">\n\t\t\t\t\t<a class=\"elementor-button elementor-button-link elementor-size-sm\" href=\"https:\/\/www.idealpropertymallorca.com\/de\/mieten-finca-mallorca\/\">\n\t\t\t\t\t\t<span class=\"elementor-button-content-wrapper\">\n\t\t\t\t\t\t\t\t\t<span class=\"elementor-button-text\">L\u00e4ndliche Fincas auf Mallorca<\/span>\n\t\t\t\t\t<\/span>\n\t\t\t\t\t<\/a>\n\t\t\t\t<\/div>\n\t\t\t\t\t\t\t\t<\/div>\n\t\t\t\t<\/div>\n\t\t\t\t\t<\/div>\n\t\t<\/div>\n\t\t\t\t\t<\/div>\n\t\t<\/section>\n\t\t\t\t<\/div>\n\t\t<\/div>\n\t\t\t\t\t\t<\/div>\n\t\t\t\t<\/div>\n\t\t\t\t\t<\/div>\n\t\t<\/div>\n\t\t\t\t\t<\/div>\n\t\t<\/section>\n\t\t\t\t<\/div>\n\t\t","protected":false},"excerpt":{"rendered":"<p>Im Norden Mallorcas k\u00f6nnen Sie eine der charmantesten St\u00e4dte der Insel besuchen: Port de Pollen\u00e7a. Am Fu\u00dfe der majest\u00e4tischen Serra de Tramuntana und umgeben von den ruhigen Gew\u00e4ssern der gleichnamigen Bucht liegt ein Ort, der jeden in seinen Bann zieht, der durch ihn schlendert; fragen Sie nur Agatha Christie, die hier die Inspiration f\u00fcr ihren [&hellip;]<\/p>\n","protected":false},"author":8,"featured_media":20320,"comment_status":"open","ping_status":"open","sticky":false,"template":"","format":"standard","meta":{"footnotes":""},"categories":[728],"tags":[],"class_list":["post-20351","post","type-post","status-publish","format-standard","has-post-thumbnail","hentry","category-stadte"],"yoast_head":"<!-- This site is optimized with the Yoast SEO plugin v27.4 - https:\/\/yoast.com\/product\/yoast-seo-wordpress\/ -->\n<title>Entdecken Sie Port de Pollen\u00e7a auf Mallorca - Blog von Mallorca<\/title>\n<meta name=\"description\" content=\"Kommen Sie und genie\u00dfen Sie Ihren Urlaub in Port de Pollen\u00e7a; ein Ort, der Sie mit vielen Aktivit\u00e4ten \u00fcberraschen wird.\" \/>\n<meta name=\"robots\" content=\"index, follow, max-snippet:-1, max-image-preview:large, max-video-preview:-1\" \/>\n<link rel=\"canonical\" href=\"https:\/\/www.idealpropertymallorca.com\/blog\/de\/port-pollenca\/\" \/>\n<meta property=\"og:locale\" content=\"de_DE\" \/>\n<meta property=\"og:type\" content=\"article\" \/>\n<meta property=\"og:title\" content=\"Entdecken Sie Port de Pollen\u00e7a auf Mallorca - Blog von Mallorca\" \/>\n<meta property=\"og:description\" content=\"Kommen Sie und genie\u00dfen Sie Ihren Urlaub in Port de Pollen\u00e7a; ein Ort, der Sie mit vielen Aktivit\u00e4ten \u00fcberraschen wird.\" \/>\n<meta property=\"og:url\" content=\"https:\/\/www.idealpropertymallorca.com\/blog\/de\/port-pollenca\/\" \/>\n<meta property=\"og:site_name\" content=\"Blog von Mallorca\" \/>\n<meta property=\"article:published_time\" content=\"2025-06-26T14:02:25+00:00\" \/>\n<meta property=\"article:modified_time\" content=\"2025-08-21T06:27:47+00:00\" \/>\n<meta property=\"og:image\" content=\"https:\/\/www.idealpropertymallorca.com\/blog\/wp-content\/uploads\/2025\/06\/que-hacer-port-pollenca.jpg\" \/>\n\t<meta property=\"og:image:width\" content=\"2314\" \/>\n\t<meta property=\"og:image:height\" content=\"771\" \/>\n\t<meta property=\"og:image:type\" content=\"image\/jpeg\" \/>\n<meta name=\"author\" content=\"Laura\" \/>\n<meta name=\"twitter:card\" content=\"summary_large_image\" \/>\n<meta name=\"twitter:label1\" content=\"Written by\" \/>\n\t<meta name=\"twitter:data1\" content=\"Laura\" \/>\n\t<meta name=\"twitter:label2\" content=\"Est. reading time\" \/>\n\t<meta name=\"twitter:data2\" content=\"5 minutes\" \/>\n<script type=\"application\/ld+json\" class=\"yoast-schema-graph\">{\"@context\":\"https:\\\/\\\/schema.org\",\"@graph\":[{\"@type\":\"Article\",\"@id\":\"https:\\\/\\\/www.idealpropertymallorca.com\\\/blog\\\/de\\\/port-pollenca\\\/#article\",\"isPartOf\":{\"@id\":\"https:\\\/\\\/www.idealpropertymallorca.com\\\/blog\\\/de\\\/port-pollenca\\\/\"},\"author\":{\"name\":\"Laura\",\"@id\":\"https:\\\/\\\/www.idealpropertymallorca.com\\\/blog\\\/de\\\/#\\\/schema\\\/person\\\/53b99bcf6881b706ccaf30eb50de4c8e\"},\"headline\":\"Entdecken Sie Port de Pollen\u00e7a auf Mallorca\",\"datePublished\":\"2025-06-26T14:02:25+00:00\",\"dateModified\":\"2025-08-21T06:27:47+00:00\",\"mainEntityOfPage\":{\"@id\":\"https:\\\/\\\/www.idealpropertymallorca.com\\\/blog\\\/de\\\/port-pollenca\\\/\"},\"wordCount\":1078,\"commentCount\":0,\"publisher\":{\"@id\":\"https:\\\/\\\/www.idealpropertymallorca.com\\\/blog\\\/de\\\/#organization\"},\"image\":{\"@id\":\"https:\\\/\\\/www.idealpropertymallorca.com\\\/blog\\\/de\\\/port-pollenca\\\/#primaryimage\"},\"thumbnailUrl\":\"https:\\\/\\\/www.idealpropertymallorca.com\\\/blog\\\/wp-content\\\/uploads\\\/2025\\\/06\\\/que-hacer-port-pollenca.jpg\",\"articleSection\":[\"St\u00e4dte\"],\"inLanguage\":\"de\",\"potentialAction\":[{\"@type\":\"CommentAction\",\"name\":\"Comment\",\"target\":[\"https:\\\/\\\/www.idealpropertymallorca.com\\\/blog\\\/de\\\/port-pollenca\\\/#respond\"]}]},{\"@type\":\"WebPage\",\"@id\":\"https:\\\/\\\/www.idealpropertymallorca.com\\\/blog\\\/de\\\/port-pollenca\\\/\",\"url\":\"https:\\\/\\\/www.idealpropertymallorca.com\\\/blog\\\/de\\\/port-pollenca\\\/\",\"name\":\"Entdecken Sie Port de Pollen\u00e7a auf Mallorca - Blog von Mallorca\",\"isPartOf\":{\"@id\":\"https:\\\/\\\/www.idealpropertymallorca.com\\\/blog\\\/de\\\/#website\"},\"primaryImageOfPage\":{\"@id\":\"https:\\\/\\\/www.idealpropertymallorca.com\\\/blog\\\/de\\\/port-pollenca\\\/#primaryimage\"},\"image\":{\"@id\":\"https:\\\/\\\/www.idealpropertymallorca.com\\\/blog\\\/de\\\/port-pollenca\\\/#primaryimage\"},\"thumbnailUrl\":\"https:\\\/\\\/www.idealpropertymallorca.com\\\/blog\\\/wp-content\\\/uploads\\\/2025\\\/06\\\/que-hacer-port-pollenca.jpg\",\"datePublished\":\"2025-06-26T14:02:25+00:00\",\"dateModified\":\"2025-08-21T06:27:47+00:00\",\"description\":\"Kommen Sie und genie\u00dfen Sie Ihren Urlaub in Port de Pollen\u00e7a; ein Ort, der Sie mit vielen Aktivit\u00e4ten \u00fcberraschen wird.\",\"inLanguage\":\"de\",\"potentialAction\":[{\"@type\":\"ReadAction\",\"target\":[\"https:\\\/\\\/www.idealpropertymallorca.com\\\/blog\\\/de\\\/port-pollenca\\\/\"]}]},{\"@type\":\"ImageObject\",\"inLanguage\":\"de\",\"@id\":\"https:\\\/\\\/www.idealpropertymallorca.com\\\/blog\\\/de\\\/port-pollenca\\\/#primaryimage\",\"url\":\"https:\\\/\\\/www.idealpropertymallorca.com\\\/blog\\\/wp-content\\\/uploads\\\/2025\\\/06\\\/que-hacer-port-pollenca.jpg\",\"contentUrl\":\"https:\\\/\\\/www.idealpropertymallorca.com\\\/blog\\\/wp-content\\\/uploads\\\/2025\\\/06\\\/que-hacer-port-pollenca.jpg\",\"width\":2314,\"height\":771,\"caption\":\"Marina of Puerto de Pollensa, Pollensa, Comarca Sierra de Tramuntana, Pollensa Bay, Mediterranean Sea, Mallorca, Islas Baleares, Spain, Europe\"},{\"@type\":\"WebSite\",\"@id\":\"https:\\\/\\\/www.idealpropertymallorca.com\\\/blog\\\/de\\\/#website\",\"url\":\"https:\\\/\\\/www.idealpropertymallorca.com\\\/blog\\\/de\\\/\",\"name\":\"Blog von Mallorca\",\"description\":\"Finden Sie touristische Informationen dar\u00fcber, was zu sehen und zu tun auf der Insel Mallorca w\u00e4hrend der Ferien. Entdecken Sie die besten Orte!\",\"publisher\":{\"@id\":\"https:\\\/\\\/www.idealpropertymallorca.com\\\/blog\\\/de\\\/#organization\"},\"potentialAction\":[{\"@type\":\"SearchAction\",\"target\":{\"@type\":\"EntryPoint\",\"urlTemplate\":\"https:\\\/\\\/www.idealpropertymallorca.com\\\/blog\\\/de\\\/?s={search_term_string}\"},\"query-input\":{\"@type\":\"PropertyValueSpecification\",\"valueRequired\":true,\"valueName\":\"search_term_string\"}}],\"inLanguage\":\"de\"},{\"@type\":\"Organization\",\"@id\":\"https:\\\/\\\/www.idealpropertymallorca.com\\\/blog\\\/de\\\/#organization\",\"name\":\"Blog von Mallorca\",\"url\":\"https:\\\/\\\/www.idealpropertymallorca.com\\\/blog\\\/de\\\/\",\"logo\":{\"@type\":\"ImageObject\",\"inLanguage\":\"de\",\"@id\":\"https:\\\/\\\/www.idealpropertymallorca.com\\\/blog\\\/de\\\/#\\\/schema\\\/logo\\\/image\\\/\",\"url\":\"https:\\\/\\\/www.idealpropertymallorca.com\\\/blog\\\/wp-content\\\/uploads\\\/2024\\\/10\\\/ideal-property-mallorca-blue-mobile.png\",\"contentUrl\":\"https:\\\/\\\/www.idealpropertymallorca.com\\\/blog\\\/wp-content\\\/uploads\\\/2024\\\/10\\\/ideal-property-mallorca-blue-mobile.png\",\"width\":500,\"height\":150,\"caption\":\"Blog von Mallorca\"},\"image\":{\"@id\":\"https:\\\/\\\/www.idealpropertymallorca.com\\\/blog\\\/de\\\/#\\\/schema\\\/logo\\\/image\\\/\"}},{\"@type\":\"Person\",\"@id\":\"https:\\\/\\\/www.idealpropertymallorca.com\\\/blog\\\/de\\\/#\\\/schema\\\/person\\\/53b99bcf6881b706ccaf30eb50de4c8e\",\"name\":\"Laura\",\"image\":{\"@type\":\"ImageObject\",\"inLanguage\":\"de\",\"@id\":\"https:\\\/\\\/secure.gravatar.com\\\/avatar\\\/38b396224481eeb6edadb558d7e4a6d1ff1c8ba1e6abd3951e451527e107c96b?s=96&d=mm&r=g\",\"url\":\"https:\\\/\\\/secure.gravatar.com\\\/avatar\\\/38b396224481eeb6edadb558d7e4a6d1ff1c8ba1e6abd3951e451527e107c96b?s=96&d=mm&r=g\",\"contentUrl\":\"https:\\\/\\\/secure.gravatar.com\\\/avatar\\\/38b396224481eeb6edadb558d7e4a6d1ff1c8ba1e6abd3951e451527e107c96b?s=96&d=mm&r=g\",\"caption\":\"Laura\"}}]}<\/script>\n<!-- \/ Yoast SEO plugin. -->","yoast_head_json":{"title":"Entdecken Sie Port de Pollen\u00e7a auf Mallorca - Blog von Mallorca","description":"Kommen Sie und genie\u00dfen Sie Ihren Urlaub in Port de Pollen\u00e7a; ein Ort, der Sie mit vielen Aktivit\u00e4ten \u00fcberraschen wird.","robots":{"index":"index","follow":"follow","max-snippet":"max-snippet:-1","max-image-preview":"max-image-preview:large","max-video-preview":"max-video-preview:-1"},"canonical":"https:\/\/www.idealpropertymallorca.com\/blog\/de\/port-pollenca\/","og_locale":"de_DE","og_type":"article","og_title":"Entdecken Sie Port de Pollen\u00e7a auf Mallorca - Blog von Mallorca","og_description":"Kommen Sie und genie\u00dfen Sie Ihren Urlaub in Port de Pollen\u00e7a; ein Ort, der Sie mit vielen Aktivit\u00e4ten \u00fcberraschen wird.","og_url":"https:\/\/www.idealpropertymallorca.com\/blog\/de\/port-pollenca\/","og_site_name":"Blog von Mallorca","article_published_time":"2025-06-26T14:02:25+00:00","article_modified_time":"2025-08-21T06:27:47+00:00","og_image":[{"width":2314,"height":771,"url":"https:\/\/www.idealpropertymallorca.com\/blog\/wp-content\/uploads\/2025\/06\/que-hacer-port-pollenca.jpg","type":"image\/jpeg"}],"author":"Laura","twitter_card":"summary_large_image","twitter_misc":{"Written by":"Laura","Est. reading time":"5 minutes"},"schema":{"@context":"https:\/\/schema.org","@graph":[{"@type":"Article","@id":"https:\/\/www.idealpropertymallorca.com\/blog\/de\/port-pollenca\/#article","isPartOf":{"@id":"https:\/\/www.idealpropertymallorca.com\/blog\/de\/port-pollenca\/"},"author":{"name":"Laura","@id":"https:\/\/www.idealpropertymallorca.com\/blog\/de\/#\/schema\/person\/53b99bcf6881b706ccaf30eb50de4c8e"},"headline":"Entdecken Sie Port de Pollen\u00e7a auf Mallorca","datePublished":"2025-06-26T14:02:25+00:00","dateModified":"2025-08-21T06:27:47+00:00","mainEntityOfPage":{"@id":"https:\/\/www.idealpropertymallorca.com\/blog\/de\/port-pollenca\/"},"wordCount":1078,"commentCount":0,"publisher":{"@id":"https:\/\/www.idealpropertymallorca.com\/blog\/de\/#organization"},"image":{"@id":"https:\/\/www.idealpropertymallorca.com\/blog\/de\/port-pollenca\/#primaryimage"},"thumbnailUrl":"https:\/\/www.idealpropertymallorca.com\/blog\/wp-content\/uploads\/2025\/06\/que-hacer-port-pollenca.jpg","articleSection":["St\u00e4dte"],"inLanguage":"de","potentialAction":[{"@type":"CommentAction","name":"Comment","target":["https:\/\/www.idealpropertymallorca.com\/blog\/de\/port-pollenca\/#respond"]}]},{"@type":"WebPage","@id":"https:\/\/www.idealpropertymallorca.com\/blog\/de\/port-pollenca\/","url":"https:\/\/www.idealpropertymallorca.com\/blog\/de\/port-pollenca\/","name":"Entdecken Sie Port de Pollen\u00e7a auf Mallorca - Blog von Mallorca","isPartOf":{"@id":"https:\/\/www.idealpropertymallorca.com\/blog\/de\/#website"},"primaryImageOfPage":{"@id":"https:\/\/www.idealpropertymallorca.com\/blog\/de\/port-pollenca\/#primaryimage"},"image":{"@id":"https:\/\/www.idealpropertymallorca.com\/blog\/de\/port-pollenca\/#primaryimage"},"thumbnailUrl":"https:\/\/www.idealpropertymallorca.com\/blog\/wp-content\/uploads\/2025\/06\/que-hacer-port-pollenca.jpg","datePublished":"2025-06-26T14:02:25+00:00","dateModified":"2025-08-21T06:27:47+00:00","description":"Kommen Sie und genie\u00dfen Sie Ihren Urlaub in Port de Pollen\u00e7a; ein Ort, der Sie mit vielen Aktivit\u00e4ten \u00fcberraschen wird.","inLanguage":"de","potentialAction":[{"@type":"ReadAction","target":["https:\/\/www.idealpropertymallorca.com\/blog\/de\/port-pollenca\/"]}]},{"@type":"ImageObject","inLanguage":"de","@id":"https:\/\/www.idealpropertymallorca.com\/blog\/de\/port-pollenca\/#primaryimage","url":"https:\/\/www.idealpropertymallorca.com\/blog\/wp-content\/uploads\/2025\/06\/que-hacer-port-pollenca.jpg","contentUrl":"https:\/\/www.idealpropertymallorca.com\/blog\/wp-content\/uploads\/2025\/06\/que-hacer-port-pollenca.jpg","width":2314,"height":771,"caption":"Marina of Puerto de Pollensa, Pollensa, Comarca Sierra de Tramuntana, Pollensa Bay, Mediterranean Sea, Mallorca, Islas Baleares, Spain, Europe"},{"@type":"WebSite","@id":"https:\/\/www.idealpropertymallorca.com\/blog\/de\/#website","url":"https:\/\/www.idealpropertymallorca.com\/blog\/de\/","name":"Blog von Mallorca","description":"Finden Sie touristische Informationen dar\u00fcber, was zu sehen und zu tun auf der Insel Mallorca w\u00e4hrend der Ferien. Entdecken Sie die besten Orte!","publisher":{"@id":"https:\/\/www.idealpropertymallorca.com\/blog\/de\/#organization"},"potentialAction":[{"@type":"SearchAction","target":{"@type":"EntryPoint","urlTemplate":"https:\/\/www.idealpropertymallorca.com\/blog\/de\/?s={search_term_string}"},"query-input":{"@type":"PropertyValueSpecification","valueRequired":true,"valueName":"search_term_string"}}],"inLanguage":"de"},{"@type":"Organization","@id":"https:\/\/www.idealpropertymallorca.com\/blog\/de\/#organization","name":"Blog von Mallorca","url":"https:\/\/www.idealpropertymallorca.com\/blog\/de\/","logo":{"@type":"ImageObject","inLanguage":"de","@id":"https:\/\/www.idealpropertymallorca.com\/blog\/de\/#\/schema\/logo\/image\/","url":"https:\/\/www.idealpropertymallorca.com\/blog\/wp-content\/uploads\/2024\/10\/ideal-property-mallorca-blue-mobile.png","contentUrl":"https:\/\/www.idealpropertymallorca.com\/blog\/wp-content\/uploads\/2024\/10\/ideal-property-mallorca-blue-mobile.png","width":500,"height":150,"caption":"Blog von Mallorca"},"image":{"@id":"https:\/\/www.idealpropertymallorca.com\/blog\/de\/#\/schema\/logo\/image\/"}},{"@type":"Person","@id":"https:\/\/www.idealpropertymallorca.com\/blog\/de\/#\/schema\/person\/53b99bcf6881b706ccaf30eb50de4c8e","name":"Laura","image":{"@type":"ImageObject","inLanguage":"de","@id":"https:\/\/secure.gravatar.com\/avatar\/38b396224481eeb6edadb558d7e4a6d1ff1c8ba1e6abd3951e451527e107c96b?s=96&d=mm&r=g","url":"https:\/\/secure.gravatar.com\/avatar\/38b396224481eeb6edadb558d7e4a6d1ff1c8ba1e6abd3951e451527e107c96b?s=96&d=mm&r=g","contentUrl":"https:\/\/secure.gravatar.com\/avatar\/38b396224481eeb6edadb558d7e4a6d1ff1c8ba1e6abd3951e451527e107c96b?s=96&d=mm&r=g","caption":"Laura"}}]}},"_links":{"self":[{"href":"https:\/\/www.idealpropertymallorca.com\/blog\/de\/wp-json\/wp\/v2\/posts\/20351","targetHints":{"allow":["GET"]}}],"collection":[{"href":"https:\/\/www.idealpropertymallorca.com\/blog\/de\/wp-json\/wp\/v2\/posts"}],"about":[{"href":"https:\/\/www.idealpropertymallorca.com\/blog\/de\/wp-json\/wp\/v2\/types\/post"}],"author":[{"embeddable":true,"href":"https:\/\/www.idealpropertymallorca.com\/blog\/de\/wp-json\/wp\/v2\/users\/8"}],"replies":[{"embeddable":true,"href":"https:\/\/www.idealpropertymallorca.com\/blog\/de\/wp-json\/wp\/v2\/comments?post=20351"}],"version-history":[{"count":1,"href":"https:\/\/www.idealpropertymallorca.com\/blog\/de\/wp-json\/wp\/v2\/posts\/20351\/revisions"}],"predecessor-version":[{"id":20352,"href":"https:\/\/www.idealpropertymallorca.com\/blog\/de\/wp-json\/wp\/v2\/posts\/20351\/revisions\/20352"}],"wp:featuredmedia":[{"embeddable":true,"href":"https:\/\/www.idealpropertymallorca.com\/blog\/de\/wp-json\/wp\/v2\/media\/20320"}],"wp:attachment":[{"href":"https:\/\/www.idealpropertymallorca.com\/blog\/de\/wp-json\/wp\/v2\/media?parent=20351"}],"wp:term":[{"taxonomy":"category","embeddable":true,"href":"https:\/\/www.idealpropertymallorca.com\/blog\/de\/wp-json\/wp\/v2\/categories?post=20351"},{"taxonomy":"post_tag","embeddable":true,"href":"https:\/\/www.idealpropertymallorca.com\/blog\/de\/wp-json\/wp\/v2\/tags?post=20351"}],"curies":[{"name":"wp","href":"https:\/\/api.w.org\/{rel}","templated":true}]}}