{"id":16959,"date":"2025-01-27T14:42:57","date_gmt":"2025-01-27T14:42:57","guid":{"rendered":"https:\/\/www.idealpropertymallorca.com\/blog\/?p=16959"},"modified":"2025-08-21T06:30:23","modified_gmt":"2025-08-21T06:30:23","slug":"ostern-auf-mallorca-reisetipps","status":"publish","type":"post","link":"https:\/\/www.idealpropertymallorca.com\/blog\/de\/ostern-auf-mallorca-reisetipps\/","title":{"rendered":"Ostern auf Mallorca: Veranstaltungen, Wetter und Reisetipps"},"content":{"rendered":"\t\t<div data-elementor-type=\"wp-post\" data-elementor-id=\"16959\" class=\"elementor elementor-16959 elementor-16784\" data-elementor-post-type=\"post\">\n\t\t\t\t\t\t<section class=\"elementor-section elementor-top-section elementor-element elementor-element-f1cf23f elementor-section-boxed elementor-section-height-default elementor-section-height-default\" data-id=\"f1cf23f\" data-element_type=\"section\" data-e-type=\"section\">\n\t\t\t\t\t\t<div class=\"elementor-container elementor-column-gap-default\">\n\t\t\t\t\t<div class=\"elementor-column elementor-col-100 elementor-top-column elementor-element elementor-element-d4fd5c6\" data-id=\"d4fd5c6\" data-element_type=\"column\" data-e-type=\"column\">\n\t\t\t<div class=\"elementor-widget-wrap elementor-element-populated\">\n\t\t\t\t\t\t<div class=\"elementor-element elementor-element-3b58627 elementor-widget elementor-widget-text-editor\" data-id=\"3b58627\" data-element_type=\"widget\" data-e-type=\"widget\" data-widget_type=\"text-editor.default\">\n\t\t\t\t<div class=\"elementor-widget-container\">\n\t\t\t\t\t\t\t\t\t<p>Wenn Sie daran denken, Mallorca w\u00e4hrend der Osterzeit oder Semana Santa zu besuchen, werden Sie eine Mischung aus kulturellen Traditionen und Freizeitaktivit\u00e4ten vorfinden. Egal, ob Sie mit der Familie, als Paar oder allein reisen, es gibt an Ostern auf Mallorca viel zu sehen und zu unternehmen. Dieser Leitfaden hilft Ihnen bei der Planung Ihres Urlaubs und hilft Ihnen, das Beste aus allem zu machen, was die Insel in dieser besonderen Zeit des Jahres zu bieten hat.<\/p>\t\t\t\t\t\t\t\t<\/div>\n\t\t\t\t<\/div>\n\t\t\t\t\t<\/div>\n\t\t<\/div>\n\t\t\t\t\t<\/div>\n\t\t<\/section>\n\t\t\t\t<section class=\"elementor-section elementor-top-section elementor-element elementor-element-56eda20 elementor-section-boxed elementor-section-height-default elementor-section-height-default\" data-id=\"56eda20\" data-element_type=\"section\" data-e-type=\"section\">\n\t\t\t\t\t\t<div class=\"elementor-container elementor-column-gap-default\">\n\t\t\t\t\t<div class=\"elementor-column elementor-col-100 elementor-top-column elementor-element elementor-element-d1fd877\" data-id=\"d1fd877\" data-element_type=\"column\" data-e-type=\"column\">\n\t\t\t<div class=\"elementor-widget-wrap elementor-element-populated\">\n\t\t\t\t\t\t<div class=\"elementor-element elementor-element-dd59ee9 elementor-widget elementor-widget-heading\" data-id=\"dd59ee9\" data-element_type=\"widget\" data-e-type=\"widget\" data-widget_type=\"heading.default\">\n\t\t\t\t<div class=\"elementor-widget-container\">\n\t\t\t\t\t<h2 class=\"elementor-heading-title elementor-size-default\">Ostern Mallorca Erfahrungen: Was gibt es zu sehen?<\/h2>\t\t\t\t<\/div>\n\t\t\t\t<\/div>\n\t\t\t\t<div class=\"elementor-element elementor-element-d5a355a elementor-widget elementor-widget-text-editor\" data-id=\"d5a355a\" data-element_type=\"widget\" data-e-type=\"widget\" data-widget_type=\"text-editor.default\">\n\t\t\t\t<div class=\"elementor-widget-container\">\n\t\t\t\t\t\t\t\t\t<p data-pm-slice=\"1 1 []\">Mallorca \u00fcber Ostern ist gepr\u00e4gt von zahlreichen Veranstaltungen, die die reichen Traditionen der Insel pr\u00e4sentieren. Hier sind einige wichtige Aktivit\u00e4ten, die Sie in Betracht ziehen sollten:<\/p>\t\t\t\t\t\t\t\t<\/div>\n\t\t\t\t<\/div>\n\t\t\t\t\t<\/div>\n\t\t<\/div>\n\t\t\t\t\t<\/div>\n\t\t<\/section>\n\t\t\t\t<section class=\"elementor-section elementor-top-section elementor-element elementor-element-2cba94e elementor-section-boxed elementor-section-height-default elementor-section-height-default\" data-id=\"2cba94e\" data-element_type=\"section\" data-e-type=\"section\">\n\t\t\t\t\t\t<div class=\"elementor-container elementor-column-gap-default\">\n\t\t\t\t\t<div class=\"elementor-column elementor-col-50 elementor-top-column elementor-element elementor-element-196602e\" data-id=\"196602e\" data-element_type=\"column\" data-e-type=\"column\">\n\t\t\t<div class=\"elementor-widget-wrap elementor-element-populated\">\n\t\t\t\t\t\t<div class=\"elementor-element elementor-element-224885f elementor-widget-divider--view-line elementor-widget elementor-widget-divider\" data-id=\"224885f\" data-element_type=\"widget\" data-e-type=\"widget\" data-widget_type=\"divider.default\">\n\t\t\t\t<div class=\"elementor-widget-container\">\n\t\t\t\t\t\t\t<div class=\"elementor-divider\">\n\t\t\t<span class=\"elementor-divider-separator\">\n\t\t\t\t\t\t<\/span>\n\t\t<\/div>\n\t\t\t\t\t\t<\/div>\n\t\t\t\t<\/div>\n\t\t\t\t\t<\/div>\n\t\t<\/div>\n\t\t\t\t<div class=\"elementor-column elementor-col-50 elementor-top-column elementor-element elementor-element-1160b2c\" data-id=\"1160b2c\" data-element_type=\"column\" data-e-type=\"column\">\n\t\t\t<div class=\"elementor-widget-wrap elementor-element-populated\">\n\t\t\t\t\t\t<div class=\"elementor-element elementor-element-39fbe06 elementor-widget elementor-widget-heading\" data-id=\"39fbe06\" data-element_type=\"widget\" data-e-type=\"widget\" data-widget_type=\"heading.default\">\n\t\t\t\t<div class=\"elementor-widget-container\">\n\t\t\t\t\t<h3 class=\"elementor-heading-title elementor-size-default\">Feierlichkeiten<\/h3>\t\t\t\t<\/div>\n\t\t\t\t<\/div>\n\t\t\t\t<div class=\"elementor-element elementor-element-6edb9f8 elementor-widget elementor-widget-text-editor\" data-id=\"6edb9f8\" data-element_type=\"widget\" data-e-type=\"widget\" data-widget_type=\"text-editor.default\">\n\t\t\t\t<div class=\"elementor-widget-container\">\n\t\t\t\t\t\t\t\t\t<div class=\"flex max-w-full flex-col flex-grow\"><div class=\"min-h-8 text-message flex w-full flex-col items-end gap-2 whitespace-normal break-words text-start [.text-message+&amp;]:mt-5\" dir=\"auto\" data-message-author-role=\"assistant\" data-message-id=\"2454982b-b2ad-4e67-abc8-0ffda8dfd2fb\" data-message-model-slug=\"gpt-4o\"><div class=\"flex w-full flex-col gap-1 empty:hidden first:pt-[3px]\"><div class=\"markdown prose w-full break-words dark:prose-invert light\"><p>W\u00e4hrend der Semana Santa erwachen die St\u00e4dte Mallorcas mit einer Vielzahl religi\u00f6ser und kultureller Feierlichkeiten zum Leben. Diese Veranstaltungen sind eine wunderbare Gelegenheit f\u00fcr Besucher, die reichen Traditionen der Insel kennenzulernen, und sie sind f\u00fcr jeden zug\u00e4nglich.<\/p><\/div><\/div><\/div><\/div>\t\t\t\t\t\t\t\t<\/div>\n\t\t\t\t<\/div>\n\t\t\t\t<div class=\"elementor-element elementor-element-31bcae6 elementor-widget elementor-widget-heading\" data-id=\"31bcae6\" data-element_type=\"widget\" data-e-type=\"widget\" data-widget_type=\"heading.default\">\n\t\t\t\t<div class=\"elementor-widget-container\">\n\t\t\t\t\t<h3 class=\"elementor-heading-title elementor-size-default\">Osterparade auf Mallorca<\/h3>\t\t\t\t<\/div>\n\t\t\t\t<\/div>\n\t\t\t\t<div class=\"elementor-element elementor-element-6948f53 elementor-widget elementor-widget-text-editor\" data-id=\"6948f53\" data-element_type=\"widget\" data-e-type=\"widget\" data-widget_type=\"text-editor.default\">\n\t\t\t\t<div class=\"elementor-widget-container\">\n\t\t\t\t\t\t\t\t\t<p data-pm-slice=\"1 1 []\">In Palma, der Hauptstadt, sind die Paraden ein wichtiger Bestandteil der mallorquinischen Osterfeierlichkeiten. Die Umz\u00fcge, an denen die Teilnehmer in traditioneller Kleidung teilnehmen, sind f\u00fcr viele Touristen ein H\u00f6hepunkt.<\/p>\t\t\t\t\t\t\t\t<\/div>\n\t\t\t\t<\/div>\n\t\t\t\t<div class=\"elementor-element elementor-element-564d010 elementor-widget elementor-widget-heading\" data-id=\"564d010\" data-element_type=\"widget\" data-e-type=\"widget\" data-widget_type=\"heading.default\">\n\t\t\t\t<div class=\"elementor-widget-container\">\n\t\t\t\t\t<h3 class=\"elementor-heading-title elementor-size-default\">Mallorca Prozessionen Ostern<\/h3>\t\t\t\t<\/div>\n\t\t\t\t<\/div>\n\t\t\t\t<div class=\"elementor-element elementor-element-06b8b67 elementor-widget elementor-widget-text-editor\" data-id=\"06b8b67\" data-element_type=\"widget\" data-e-type=\"widget\" data-widget_type=\"text-editor.default\">\n\t\t\t\t<div class=\"elementor-widget-container\">\n\t\t\t\t\t\t\t\t\t<div class=\"flex max-w-full flex-col flex-grow\"><div class=\"min-h-8 text-message flex w-full flex-col items-end gap-2 whitespace-normal break-words text-start [.text-message+&amp;]:mt-5\" dir=\"auto\" data-message-author-role=\"assistant\" data-message-id=\"2454982b-b2ad-4e67-abc8-0ffda8dfd2fb\" data-message-model-slug=\"gpt-4o\"><div class=\"flex w-full flex-col gap-1 empty:hidden first:pt-[3px]\"><div class=\"markdown prose w-full break-words dark:prose-invert light\"><p data-pm-slice=\"1 1 []\">Mallorca Prozessionen Ostern sind ein zentrales Element des Osterfestes auf der Insel. In Palma gibt es etwa 18 Prozessionen, jede mit ihrer eigenen Bedeutung und Anh\u00e4ngerschaft. Besonders beeindruckend sind die Prozessionen in Alc\u00fadia, die sich durch die historische Stadtmauer schl\u00e4ngeln und ein einzigartiges Erlebnis bieten.<\/p><\/div><\/div><\/div><\/div>\t\t\t\t\t\t\t\t<\/div>\n\t\t\t\t<\/div>\n\t\t\t\t<div class=\"elementor-element elementor-element-304bdff elementor-widget elementor-widget-heading\" data-id=\"304bdff\" data-element_type=\"widget\" data-e-type=\"widget\" data-widget_type=\"heading.default\">\n\t\t\t\t<div class=\"elementor-widget-container\">\n\t\t\t\t\t<h3 class=\"elementor-heading-title elementor-size-default\">Messen und M\u00e4rkte<\/h3>\t\t\t\t<\/div>\n\t\t\t\t<\/div>\n\t\t\t\t<div class=\"elementor-element elementor-element-bc7603d elementor-widget elementor-widget-text-editor\" data-id=\"bc7603d\" data-element_type=\"widget\" data-e-type=\"widget\" data-widget_type=\"text-editor.default\">\n\t\t\t\t<div class=\"elementor-widget-container\">\n\t\t\t\t\t\t\t\t\t<div class=\"flex max-w-full flex-col flex-grow\"><div class=\"min-h-8 text-message flex w-full flex-col items-end gap-2 whitespace-normal break-words text-start [.text-message+&amp;]:mt-5\" dir=\"auto\" data-message-author-role=\"assistant\" data-message-id=\"2454982b-b2ad-4e67-abc8-0ffda8dfd2fb\" data-message-model-slug=\"gpt-4o\"><div class=\"flex w-full flex-col gap-1 empty:hidden first:pt-[3px]\"><div class=\"markdown prose w-full break-words dark:prose-invert light\"><p data-pm-slice=\"1 1 []\">In verschiedenen St\u00e4dten Mallorcas finden Messen und M\u00e4rkte statt, auf denen lokales Handwerk, Lebensmittel und Unterhaltung angeboten werden. Diese M\u00e4rkte bieten die Gelegenheit, einzigartige Souvenirs zu kaufen und traditionelle mallorquinische Gerichte und Produkte zu probieren.<\/p><\/div><\/div><\/div><\/div>\t\t\t\t\t\t\t\t<\/div>\n\t\t\t\t<\/div>\n\t\t\t\t\t<\/div>\n\t\t<\/div>\n\t\t\t\t\t<\/div>\n\t\t<\/section>\n\t\t\t\t<section class=\"elementor-section elementor-top-section elementor-element elementor-element-94edd6e elementor-section-boxed elementor-section-height-default elementor-section-height-default\" data-id=\"94edd6e\" data-element_type=\"section\" data-e-type=\"section\">\n\t\t\t\t\t\t<div class=\"elementor-container elementor-column-gap-default\">\n\t\t\t\t\t<div class=\"elementor-column elementor-col-33 elementor-top-column elementor-element elementor-element-a4a0438\" data-id=\"a4a0438\" data-element_type=\"column\" data-e-type=\"column\">\n\t\t\t<div class=\"elementor-widget-wrap elementor-element-populated\">\n\t\t\t\t\t\t<div class=\"elementor-element elementor-element-613c88a elementor-hidden-tablet elementor-hidden-mobile elementor-widget elementor-widget-image\" data-id=\"613c88a\" data-element_type=\"widget\" data-e-type=\"widget\" data-widget_type=\"image.default\">\n\t\t\t\t<div class=\"elementor-widget-container\">\n\t\t\t\t\t\t\t\t\t\t\t\t\t\t\t<img fetchpriority=\"high\" decoding=\"async\" width=\"800\" height=\"900\" src=\"https:\/\/www.idealpropertymallorca.com\/blog\/wp-content\/uploads\/2025\/01\/easter-in-majorca-2.webp\" class=\"attachment-large size-large wp-image-16815\" alt=\"Easter in Majorca\" srcset=\"https:\/\/www.idealpropertymallorca.com\/blog\/wp-content\/uploads\/2025\/01\/easter-in-majorca-2.webp 800w, https:\/\/www.idealpropertymallorca.com\/blog\/wp-content\/uploads\/2025\/01\/easter-in-majorca-2-267x300.webp 267w, https:\/\/www.idealpropertymallorca.com\/blog\/wp-content\/uploads\/2025\/01\/easter-in-majorca-2-768x864.webp 768w\" sizes=\"(max-width: 800px) 100vw, 800px\" \/>\t\t\t\t\t\t\t\t\t\t\t\t\t\t\t<\/div>\n\t\t\t\t<\/div>\n\t\t\t\t\t<\/div>\n\t\t<\/div>\n\t\t\t\t<div class=\"elementor-column elementor-col-33 elementor-top-column elementor-element elementor-element-fa10d87\" data-id=\"fa10d87\" data-element_type=\"column\" data-e-type=\"column\">\n\t\t\t<div class=\"elementor-widget-wrap elementor-element-populated\">\n\t\t\t\t\t\t<div class=\"elementor-element elementor-element-2dbdaf6 elementor-hidden-tablet elementor-hidden-mobile elementor-widget elementor-widget-image\" data-id=\"2dbdaf6\" data-element_type=\"widget\" data-e-type=\"widget\" data-widget_type=\"image.default\">\n\t\t\t\t<div class=\"elementor-widget-container\">\n\t\t\t\t\t\t\t\t\t\t\t\t\t\t\t<img decoding=\"async\" width=\"800\" height=\"900\" src=\"https:\/\/www.idealpropertymallorca.com\/blog\/wp-content\/uploads\/2025\/01\/easter-in-majorca-4.webp\" class=\"attachment-large size-large wp-image-16823\" alt=\"Easter in Majorca\" srcset=\"https:\/\/www.idealpropertymallorca.com\/blog\/wp-content\/uploads\/2025\/01\/easter-in-majorca-4.webp 800w, https:\/\/www.idealpropertymallorca.com\/blog\/wp-content\/uploads\/2025\/01\/easter-in-majorca-4-267x300.webp 267w, https:\/\/www.idealpropertymallorca.com\/blog\/wp-content\/uploads\/2025\/01\/easter-in-majorca-4-768x864.webp 768w\" sizes=\"(max-width: 800px) 100vw, 800px\" \/>\t\t\t\t\t\t\t\t\t\t\t\t\t\t\t<\/div>\n\t\t\t\t<\/div>\n\t\t\t\t\t<\/div>\n\t\t<\/div>\n\t\t\t\t<div class=\"elementor-column elementor-col-33 elementor-top-column elementor-element elementor-element-74c5194\" data-id=\"74c5194\" data-element_type=\"column\" data-e-type=\"column\">\n\t\t\t<div class=\"elementor-widget-wrap elementor-element-populated\">\n\t\t\t\t\t\t<div class=\"elementor-element elementor-element-11136c9 elementor-widget elementor-widget-image\" data-id=\"11136c9\" data-element_type=\"widget\" data-e-type=\"widget\" data-widget_type=\"image.default\">\n\t\t\t\t<div class=\"elementor-widget-container\">\n\t\t\t\t\t\t\t\t\t\t\t\t\t\t\t<img decoding=\"async\" width=\"800\" height=\"900\" src=\"https:\/\/www.idealpropertymallorca.com\/blog\/wp-content\/uploads\/2025\/01\/easter-in-majorca-3.webp\" class=\"attachment-large size-large wp-image-16819\" alt=\"Easter in Majorca\" srcset=\"https:\/\/www.idealpropertymallorca.com\/blog\/wp-content\/uploads\/2025\/01\/easter-in-majorca-3.webp 800w, https:\/\/www.idealpropertymallorca.com\/blog\/wp-content\/uploads\/2025\/01\/easter-in-majorca-3-267x300.webp 267w, https:\/\/www.idealpropertymallorca.com\/blog\/wp-content\/uploads\/2025\/01\/easter-in-majorca-3-768x864.webp 768w\" sizes=\"(max-width: 800px) 100vw, 800px\" \/>\t\t\t\t\t\t\t\t\t\t\t\t\t\t\t<\/div>\n\t\t\t\t<\/div>\n\t\t\t\t\t<\/div>\n\t\t<\/div>\n\t\t\t\t\t<\/div>\n\t\t<\/section>\n\t\t\t\t<section class=\"elementor-section elementor-top-section elementor-element elementor-element-e650f23 elementor-section-boxed elementor-section-height-default elementor-section-height-default\" data-id=\"e650f23\" data-element_type=\"section\" data-e-type=\"section\">\n\t\t\t\t\t\t<div class=\"elementor-container elementor-column-gap-default\">\n\t\t\t\t\t<div class=\"elementor-column elementor-col-100 elementor-top-column elementor-element elementor-element-e3e5433\" data-id=\"e3e5433\" data-element_type=\"column\" data-e-type=\"column\">\n\t\t\t<div class=\"elementor-widget-wrap elementor-element-populated\">\n\t\t\t\t\t\t<div class=\"elementor-element elementor-element-a8a1995 elementor-widget elementor-widget-heading\" data-id=\"a8a1995\" data-element_type=\"widget\" data-e-type=\"widget\" data-widget_type=\"heading.default\">\n\t\t\t\t<div class=\"elementor-widget-container\">\n\t\t\t\t\t<h2 class=\"elementor-heading-title elementor-size-default\">Was kann man an Ostern auf Mallorca unternehmen?<\/h2>\t\t\t\t<\/div>\n\t\t\t\t<\/div>\n\t\t\t\t<div class=\"elementor-element elementor-element-634b285 elementor-widget elementor-widget-text-editor\" data-id=\"634b285\" data-element_type=\"widget\" data-e-type=\"widget\" data-widget_type=\"text-editor.default\">\n\t\t\t\t<div class=\"elementor-widget-container\">\n\t\t\t\t\t\t\t\t\t<div class=\"flex-shrink-0 flex flex-col relative items-end\"><div><div class=\"pt-0\"><div class=\"gizmo-bot-avatar flex h-8 w-8 items-center justify-center overflow-hidden rounded-full\"><div class=\"relative p-1 rounded-sm flex items-center justify-center bg-token-main-surface-primary text-token-text-primary h-8 w-8\">Ostern nach Mallorca zu reisen bietet neben den geplanten Veranstaltungen eine Vielzahl von Aktivit\u00e4ten, die Ihr Ostererlebnis bereichern:<\/div><\/div><\/div><\/div><\/div>\t\t\t\t\t\t\t\t<\/div>\n\t\t\t\t<\/div>\n\t\t\t\t\t<\/div>\n\t\t<\/div>\n\t\t\t\t\t<\/div>\n\t\t<\/section>\n\t\t\t\t<section class=\"elementor-section elementor-top-section elementor-element elementor-element-6b4f252 elementor-section-boxed elementor-section-height-default elementor-section-height-default\" data-id=\"6b4f252\" data-element_type=\"section\" data-e-type=\"section\">\n\t\t\t\t\t\t<div class=\"elementor-container elementor-column-gap-default\">\n\t\t\t\t\t<div class=\"elementor-column elementor-col-50 elementor-top-column elementor-element elementor-element-acc19bd\" data-id=\"acc19bd\" data-element_type=\"column\" data-e-type=\"column\">\n\t\t\t<div class=\"elementor-widget-wrap elementor-element-populated\">\n\t\t\t\t\t\t<div class=\"elementor-element elementor-element-ffda727 elementor-widget-divider--view-line elementor-widget elementor-widget-divider\" data-id=\"ffda727\" data-element_type=\"widget\" data-e-type=\"widget\" data-widget_type=\"divider.default\">\n\t\t\t\t<div class=\"elementor-widget-container\">\n\t\t\t\t\t\t\t<div class=\"elementor-divider\">\n\t\t\t<span class=\"elementor-divider-separator\">\n\t\t\t\t\t\t<\/span>\n\t\t<\/div>\n\t\t\t\t\t\t<\/div>\n\t\t\t\t<\/div>\n\t\t\t\t\t<\/div>\n\t\t<\/div>\n\t\t\t\t<div class=\"elementor-column elementor-col-50 elementor-top-column elementor-element elementor-element-22b0e0e\" data-id=\"22b0e0e\" data-element_type=\"column\" data-e-type=\"column\">\n\t\t\t<div class=\"elementor-widget-wrap elementor-element-populated\">\n\t\t\t\t\t\t<div class=\"elementor-element elementor-element-cdfd242 elementor-widget elementor-widget-heading\" data-id=\"cdfd242\" data-element_type=\"widget\" data-e-type=\"widget\" data-widget_type=\"heading.default\">\n\t\t\t\t<div class=\"elementor-widget-container\">\n\t\t\t\t\t<h3 class=\"elementor-heading-title elementor-size-default\">Traditionelle mallorquinische Gerichte probieren<\/h3>\t\t\t\t<\/div>\n\t\t\t\t<\/div>\n\t\t\t\t<div class=\"elementor-element elementor-element-86de3ad elementor-widget elementor-widget-text-editor\" data-id=\"86de3ad\" data-element_type=\"widget\" data-e-type=\"widget\" data-widget_type=\"text-editor.default\">\n\t\t\t\t<div class=\"elementor-widget-container\">\n\t\t\t\t\t\t\t\t\t<div class=\"flex max-w-full flex-col flex-grow\"><div class=\"min-h-8 text-message flex w-full flex-col items-end gap-2 whitespace-normal break-words text-start [.text-message+&amp;]:mt-5\" dir=\"auto\" data-message-author-role=\"assistant\" data-message-id=\"2454982b-b2ad-4e67-abc8-0ffda8dfd2fb\" data-message-model-slug=\"gpt-4o\"><div class=\"flex w-full flex-col gap-1 empty:hidden first:pt-[3px]\"><div class=\"markdown prose w-full break-words dark:prose-invert light\"><p data-pm-slice=\"1 1 []\">Ostern auf Mallorca ist ein Synonym f\u00fcr besondere kulinarische Gen\u00fcsse. Traditionelles Geb\u00e4ck wie Panades\u201e (herzhafte Pasteten), Crespells\u201c und Robiols\u201c (s\u00fc\u00dfes Geb\u00e4ck) werden in dieser Zeit h\u00e4ufig zubereitet. Diese Leckereien sind fester Bestandteil der Osterfeierlichkeiten auf der Insel.<\/p><\/div><\/div><\/div><\/div>\t\t\t\t\t\t\t\t<\/div>\n\t\t\t\t<\/div>\n\t\t\t\t<div class=\"elementor-element elementor-element-c6acfd1 elementor-widget elementor-widget-heading\" data-id=\"c6acfd1\" data-element_type=\"widget\" data-e-type=\"widget\" data-widget_type=\"heading.default\">\n\t\t\t\t<div class=\"elementor-widget-container\">\n\t\t\t\t\t<h3 class=\"elementor-heading-title elementor-size-default\">Wandern gehen<\/h3>\t\t\t\t<\/div>\n\t\t\t\t<\/div>\n\t\t\t\t<div class=\"elementor-element elementor-element-8359878 elementor-widget elementor-widget-text-editor\" data-id=\"8359878\" data-element_type=\"widget\" data-e-type=\"widget\" data-widget_type=\"text-editor.default\">\n\t\t\t\t<div class=\"elementor-widget-container\">\n\t\t\t\t\t\t\t\t\t<p data-pm-slice=\"1 1 []\">Die vielf\u00e4ltigen Landschaften Mallorcas bieten zahlreiche Wanderm\u00f6glichkeiten f\u00fcr jedes Niveau. Die Serra de Tramuntana, ein UNESCO-Weltkulturerbe, bietet Wanderwege mit malerischen Ausblicken auf die nat\u00fcrliche Sch\u00f6nheit der Insel.<\/p>\t\t\t\t\t\t\t\t<\/div>\n\t\t\t\t<\/div>\n\t\t\t\t<div class=\"elementor-element elementor-element-f7ad9f6 elementor-widget elementor-widget-heading\" data-id=\"f7ad9f6\" data-element_type=\"widget\" data-e-type=\"widget\" data-widget_type=\"heading.default\">\n\t\t\t\t<div class=\"elementor-widget-container\">\n\t\t\t\t\t<h3 class=\"elementor-heading-title elementor-size-default\">Besichtigung von Weinbergen und Weinverkostung<\/h3>\t\t\t\t<\/div>\n\t\t\t\t<\/div>\n\t\t\t\t<div class=\"elementor-element elementor-element-c104df6 elementor-widget elementor-widget-text-editor\" data-id=\"c104df6\" data-element_type=\"widget\" data-e-type=\"widget\" data-widget_type=\"text-editor.default\">\n\t\t\t\t<div class=\"elementor-widget-container\">\n\t\t\t\t\t\t\t\t\t<div class=\"flex max-w-full flex-col flex-grow\"><div class=\"min-h-8 text-message flex w-full flex-col items-end gap-2 whitespace-normal break-words text-start [.text-message+&amp;]:mt-5\" dir=\"auto\" data-message-author-role=\"assistant\" data-message-id=\"2454982b-b2ad-4e67-abc8-0ffda8dfd2fb\" data-message-model-slug=\"gpt-4o\"><div class=\"flex w-full flex-col gap-1 empty:hidden first:pt-[3px]\"><div class=\"markdown prose w-full break-words dark:prose-invert light\"><p data-pm-slice=\"1 1 []\">Auf der Insel gibt es mehrere Weing\u00fcter, die Besucher zu Besichtigungen und Verkostungen einladen. Die Besichtigung dieser Weing\u00fcter bietet einen Einblick in die mallorquinische Weinproduktion und erm\u00f6glicht eine Verkostung der lokalen Sorten.<\/p><\/div><\/div><\/div><\/div>\t\t\t\t\t\t\t\t<\/div>\n\t\t\t\t<\/div>\n\t\t\t\t<div class=\"elementor-element elementor-element-74e8e08 elementor-widget elementor-widget-heading\" data-id=\"74e8e08\" data-element_type=\"widget\" data-e-type=\"widget\" data-widget_type=\"heading.default\">\n\t\t\t\t<div class=\"elementor-widget-container\">\n\t\t\t\t\t<h3 class=\"elementor-heading-title elementor-size-default\">Charmante D\u00f6rfer erkunden<\/h3>\t\t\t\t<\/div>\n\t\t\t\t<\/div>\n\t\t\t\t<div class=\"elementor-element elementor-element-a2363e2 elementor-widget elementor-widget-text-editor\" data-id=\"a2363e2\" data-element_type=\"widget\" data-e-type=\"widget\" data-widget_type=\"text-editor.default\">\n\t\t\t\t<div class=\"elementor-widget-container\">\n\t\t\t\t\t\t\t\t\t<div class=\"flex max-w-full flex-col flex-grow\"><div class=\"min-h-8 text-message flex w-full flex-col items-end gap-2 whitespace-normal break-words text-start [.text-message+&amp;]:mt-5\" dir=\"auto\" data-message-author-role=\"assistant\" data-message-id=\"2454982b-b2ad-4e67-abc8-0ffda8dfd2fb\" data-message-model-slug=\"gpt-4o\"><div class=\"flex w-full flex-col gap-1 empty:hidden first:pt-[3px]\"><div class=\"markdown prose w-full break-words dark:prose-invert light\"><div class=\"flex max-w-full flex-col flex-grow\"><div class=\"min-h-8 text-message flex w-full flex-col items-end gap-2 whitespace-normal break-words text-start [.text-message+&amp;]:mt-5\" dir=\"auto\" data-message-author-role=\"assistant\" data-message-id=\"aa211cf7-e9bc-4c19-b4f8-caee3f3ead7c\" data-message-model-slug=\"gpt-4o\"><div class=\"flex w-full flex-col gap-1 empty:hidden first:pt-[3px]\"><div class=\"markdown prose w-full break-words dark:prose-invert light\"><p>Ostern ist die perfekte Gelegenheit, die charmanten D\u00f6rfer im Inselinneren zu erkunden und das angenehme mallorquinische Wetter zu dieser Jahreszeit zu nutzen. St\u00e4dte wie Valldemossa mit seinen malerischen Steinstra\u00dfen und seiner Verbindung zum Komponisten Fr\u00e9d\u00e9ric Chopin, Sineu, das f\u00fcr seinen historischen Wochenmarkt und seine traditionelle mallorquinische Architektur bekannt ist, und Pollen\u00e7a, das f\u00fcr seine beeindruckende Calvari-Treppe und seine lebendige Kulturszene ber\u00fchmt ist, sind wunderbare Ziele, die es im Fr\u00fchling zu entdecken gilt.<\/p><\/div><\/div><\/div><\/div><\/div><\/div><\/div><\/div>\t\t\t\t\t\t\t\t<\/div>\n\t\t\t\t<\/div>\n\t\t\t\t\t<\/div>\n\t\t<\/div>\n\t\t\t\t\t<\/div>\n\t\t<\/section>\n\t\t\t\t<section class=\"elementor-section elementor-top-section elementor-element elementor-element-b38afba elementor-section-boxed elementor-section-height-default elementor-section-height-default\" data-id=\"b38afba\" data-element_type=\"section\" data-e-type=\"section\">\n\t\t\t\t\t\t<div class=\"elementor-container elementor-column-gap-default\">\n\t\t\t\t\t<div class=\"elementor-column elementor-col-33 elementor-top-column elementor-element elementor-element-5d6b06d\" data-id=\"5d6b06d\" data-element_type=\"column\" data-e-type=\"column\">\n\t\t\t<div class=\"elementor-widget-wrap elementor-element-populated\">\n\t\t\t\t\t\t<div class=\"elementor-element elementor-element-c4012af elementor-hidden-tablet elementor-hidden-mobile elementor-widget elementor-widget-image\" data-id=\"c4012af\" data-element_type=\"widget\" data-e-type=\"widget\" data-widget_type=\"image.default\">\n\t\t\t\t<div class=\"elementor-widget-container\">\n\t\t\t\t\t\t\t\t\t\t\t\t\t\t\t<img loading=\"lazy\" decoding=\"async\" width=\"800\" height=\"900\" src=\"https:\/\/www.idealpropertymallorca.com\/blog\/wp-content\/uploads\/2025\/01\/easter-in-majorca-6.webp\" class=\"attachment-large size-large wp-image-16835\" alt=\"Easter in Majorca\" srcset=\"https:\/\/www.idealpropertymallorca.com\/blog\/wp-content\/uploads\/2025\/01\/easter-in-majorca-6.webp 800w, https:\/\/www.idealpropertymallorca.com\/blog\/wp-content\/uploads\/2025\/01\/easter-in-majorca-6-267x300.webp 267w, https:\/\/www.idealpropertymallorca.com\/blog\/wp-content\/uploads\/2025\/01\/easter-in-majorca-6-768x864.webp 768w\" sizes=\"(max-width: 800px) 100vw, 800px\" \/>\t\t\t\t\t\t\t\t\t\t\t\t\t\t\t<\/div>\n\t\t\t\t<\/div>\n\t\t\t\t\t<\/div>\n\t\t<\/div>\n\t\t\t\t<div class=\"elementor-column elementor-col-33 elementor-top-column elementor-element elementor-element-3dd1846\" data-id=\"3dd1846\" data-element_type=\"column\" data-e-type=\"column\">\n\t\t\t<div class=\"elementor-widget-wrap elementor-element-populated\">\n\t\t\t\t\t\t<div class=\"elementor-element elementor-element-5252bfc elementor-hidden-tablet elementor-hidden-mobile elementor-widget elementor-widget-image\" data-id=\"5252bfc\" data-element_type=\"widget\" data-e-type=\"widget\" data-widget_type=\"image.default\">\n\t\t\t\t<div class=\"elementor-widget-container\">\n\t\t\t\t\t\t\t\t\t\t\t\t\t\t\t<img loading=\"lazy\" decoding=\"async\" width=\"800\" height=\"900\" src=\"https:\/\/www.idealpropertymallorca.com\/blog\/wp-content\/uploads\/2025\/01\/easter-in-majorca-5.webp\" class=\"attachment-large size-large wp-image-16827\" alt=\"Easter in Majorca\" srcset=\"https:\/\/www.idealpropertymallorca.com\/blog\/wp-content\/uploads\/2025\/01\/easter-in-majorca-5.webp 800w, https:\/\/www.idealpropertymallorca.com\/blog\/wp-content\/uploads\/2025\/01\/easter-in-majorca-5-267x300.webp 267w, https:\/\/www.idealpropertymallorca.com\/blog\/wp-content\/uploads\/2025\/01\/easter-in-majorca-5-768x864.webp 768w\" sizes=\"(max-width: 800px) 100vw, 800px\" \/>\t\t\t\t\t\t\t\t\t\t\t\t\t\t\t<\/div>\n\t\t\t\t<\/div>\n\t\t\t\t\t<\/div>\n\t\t<\/div>\n\t\t\t\t<div class=\"elementor-column elementor-col-33 elementor-top-column elementor-element elementor-element-3446989\" data-id=\"3446989\" data-element_type=\"column\" data-e-type=\"column\">\n\t\t\t<div class=\"elementor-widget-wrap elementor-element-populated\">\n\t\t\t\t\t\t<div class=\"elementor-element elementor-element-8eaed10 elementor-widget elementor-widget-image\" data-id=\"8eaed10\" data-element_type=\"widget\" data-e-type=\"widget\" data-widget_type=\"image.default\">\n\t\t\t\t<div class=\"elementor-widget-container\">\n\t\t\t\t\t\t\t\t\t\t\t\t\t\t\t<img loading=\"lazy\" decoding=\"async\" width=\"800\" height=\"900\" src=\"https:\/\/www.idealpropertymallorca.com\/blog\/wp-content\/uploads\/2025\/01\/easter-in-majorca-7.webp\" class=\"attachment-large size-large wp-image-16831\" alt=\"Easter in Majorca\" srcset=\"https:\/\/www.idealpropertymallorca.com\/blog\/wp-content\/uploads\/2025\/01\/easter-in-majorca-7.webp 800w, https:\/\/www.idealpropertymallorca.com\/blog\/wp-content\/uploads\/2025\/01\/easter-in-majorca-7-267x300.webp 267w, https:\/\/www.idealpropertymallorca.com\/blog\/wp-content\/uploads\/2025\/01\/easter-in-majorca-7-768x864.webp 768w\" sizes=\"(max-width: 800px) 100vw, 800px\" \/>\t\t\t\t\t\t\t\t\t\t\t\t\t\t\t<\/div>\n\t\t\t\t<\/div>\n\t\t\t\t\t<\/div>\n\t\t<\/div>\n\t\t\t\t\t<\/div>\n\t\t<\/section>\n\t\t\t\t<section class=\"elementor-section elementor-top-section elementor-element elementor-element-faa4d59 elementor-section-boxed elementor-section-height-default elementor-section-height-default\" data-id=\"faa4d59\" data-element_type=\"section\" data-e-type=\"section\">\n\t\t\t\t\t\t<div class=\"elementor-container elementor-column-gap-default\">\n\t\t\t\t\t<div class=\"elementor-column elementor-col-100 elementor-top-column elementor-element elementor-element-59baf0e\" data-id=\"59baf0e\" data-element_type=\"column\" data-e-type=\"column\">\n\t\t\t<div class=\"elementor-widget-wrap elementor-element-populated\">\n\t\t\t\t\t\t<div class=\"elementor-element elementor-element-859c224 elementor-widget elementor-widget-heading\" data-id=\"859c224\" data-element_type=\"widget\" data-e-type=\"widget\" data-widget_type=\"heading.default\">\n\t\t\t\t<div class=\"elementor-widget-container\">\n\t\t\t\t\t<h2 class=\"elementor-heading-title elementor-size-default\">wie wird das wetter ostern auf mallorca?<\/h2>\t\t\t\t<\/div>\n\t\t\t\t<\/div>\n\t\t\t\t<div class=\"elementor-element elementor-element-9332c29 elementor-widget elementor-widget-text-editor\" data-id=\"9332c29\" data-element_type=\"widget\" data-e-type=\"widget\" data-widget_type=\"text-editor.default\">\n\t\t\t\t<div class=\"elementor-widget-container\">\n\t\t\t\t\t\t\t\t\t<p data-pm-slice=\"1 1 []\">Wenn Sie planen, zu Ostern nach Mallorca zu reisen, werden Sie ein mildes und angenehmes Wetter zu Ostern auf Mallorca vorfinden. Die Niederschlagsmenge ist im Allgemeinen gering, und die Winde sind in der Regel schwach, so dass es eine angenehme Zeit f\u00fcr Aktivit\u00e4ten im Freien ist.<\/p>\t\t\t\t\t\t\t\t<\/div>\n\t\t\t\t<\/div>\n\t\t\t\t\t<\/div>\n\t\t<\/div>\n\t\t\t\t\t<\/div>\n\t\t<\/section>\n\t\t\t\t<section class=\"elementor-section elementor-top-section elementor-element elementor-element-b80ad71 elementor-section-boxed elementor-section-height-default elementor-section-height-default\" data-id=\"b80ad71\" data-element_type=\"section\" data-e-type=\"section\">\n\t\t\t\t\t\t<div class=\"elementor-container elementor-column-gap-default\">\n\t\t\t\t\t<div class=\"elementor-column elementor-col-50 elementor-top-column elementor-element elementor-element-c355734\" data-id=\"c355734\" data-element_type=\"column\" data-e-type=\"column\">\n\t\t\t<div class=\"elementor-widget-wrap elementor-element-populated\">\n\t\t\t\t\t\t<div class=\"elementor-element elementor-element-d47f1f5 elementor-widget-divider--view-line elementor-widget elementor-widget-divider\" data-id=\"d47f1f5\" data-element_type=\"widget\" data-e-type=\"widget\" data-widget_type=\"divider.default\">\n\t\t\t\t<div class=\"elementor-widget-container\">\n\t\t\t\t\t\t\t<div class=\"elementor-divider\">\n\t\t\t<span class=\"elementor-divider-separator\">\n\t\t\t\t\t\t<\/span>\n\t\t<\/div>\n\t\t\t\t\t\t<\/div>\n\t\t\t\t<\/div>\n\t\t\t\t\t<\/div>\n\t\t<\/div>\n\t\t\t\t<div class=\"elementor-column elementor-col-50 elementor-top-column elementor-element elementor-element-9c37651\" data-id=\"9c37651\" data-element_type=\"column\" data-e-type=\"column\">\n\t\t\t<div class=\"elementor-widget-wrap elementor-element-populated\">\n\t\t\t\t\t\t<div class=\"elementor-element elementor-element-4be9a40 elementor-widget elementor-widget-heading\" data-id=\"4be9a40\" data-element_type=\"widget\" data-e-type=\"widget\" data-widget_type=\"heading.default\">\n\t\t\t\t<div class=\"elementor-widget-container\">\n\t\t\t\t\t<h3 class=\"elementor-heading-title elementor-size-default\">Wie warm ist es Ostern auf Mallorca?<\/h3>\t\t\t\t<\/div>\n\t\t\t\t<\/div>\n\t\t\t\t<div class=\"elementor-element elementor-element-08071db elementor-widget elementor-widget-text-editor\" data-id=\"08071db\" data-element_type=\"widget\" data-e-type=\"widget\" data-widget_type=\"text-editor.default\">\n\t\t\t\t<div class=\"elementor-widget-container\">\n\t\t\t\t\t\t\t\t\t<div class=\"flex max-w-full flex-col flex-grow\"><div class=\"min-h-8 text-message flex w-full flex-col items-end gap-2 whitespace-normal break-words text-start [.text-message+&amp;]:mt-5\" dir=\"auto\" data-message-author-role=\"assistant\" data-message-id=\"2454982b-b2ad-4e67-abc8-0ffda8dfd2fb\" data-message-model-slug=\"gpt-4o\"><div class=\"flex w-full flex-col gap-1 empty:hidden first:pt-[3px]\"><div class=\"markdown prose w-full break-words dark:prose-invert light\"><p data-pm-slice=\"1 1 []\">Mitte April liegen die Tagestemperaturen auf Mallorca bei durchschnittlich 18 \u00b0C, w\u00e4hrend die Nachttemperaturen auf etwa 8 \u00b0C fallen k\u00f6nnen. Das Wetter \u00fcber Ostern auf Mallorca ist in der Regel mild, aber es k\u00f6nnen auch leichte Temperaturschwankungen auftreten. Es ist daher ratsam, Schichten mitzunehmen, um sich den Temperaturschwankungen auf Mallorca zu Ostern im Laufe des Tages anzupassen.<\/p><\/div><\/div><\/div><\/div>\t\t\t\t\t\t\t\t<\/div>\n\t\t\t\t<\/div>\n\t\t\t\t<div class=\"elementor-element elementor-element-86dba58 elementor-widget elementor-widget-heading\" data-id=\"86dba58\" data-element_type=\"widget\" data-e-type=\"widget\" data-widget_type=\"heading.default\">\n\t\t\t\t<div class=\"elementor-widget-container\">\n\t\t\t\t\t<h3 class=\"elementor-heading-title elementor-size-default\">Mallorcas Meerestemperatur im April<\/h3>\t\t\t\t<\/div>\n\t\t\t\t<\/div>\n\t\t\t\t<div class=\"elementor-element elementor-element-63231fd elementor-widget elementor-widget-text-editor\" data-id=\"63231fd\" data-element_type=\"widget\" data-e-type=\"widget\" data-widget_type=\"text-editor.default\">\n\t\t\t\t<div class=\"elementor-widget-container\">\n\t\t\t\t\t\t\t\t\t<p data-pm-slice=\"1 1 []\">Die Meerestemperatur liegt normalerweise zwischen 16\u00b0C und 18\u00b0C (61\u00b0F bis 64\u00b0F). Es ist immer noch etwas k\u00fchler, so dass Schwimmen erfrischend sein kann. Aber wenn Sie mutig genug sind, k\u00f6nnen Sie schwimmen gehen.<\/p>\t\t\t\t\t\t\t\t<\/div>\n\t\t\t\t<\/div>\n\t\t\t\t\t<\/div>\n\t\t<\/div>\n\t\t\t\t\t<\/div>\n\t\t<\/section>\n\t\t\t\t<section class=\"elementor-section elementor-top-section elementor-element elementor-element-b655268 elementor-section-boxed elementor-section-height-default elementor-section-height-default\" data-id=\"b655268\" data-element_type=\"section\" data-e-type=\"section\">\n\t\t\t\t\t\t<div class=\"elementor-container elementor-column-gap-default\">\n\t\t\t\t\t<div class=\"elementor-column elementor-col-100 elementor-top-column elementor-element elementor-element-4dac8af\" data-id=\"4dac8af\" data-element_type=\"column\" data-e-type=\"column\">\n\t\t\t<div class=\"elementor-widget-wrap elementor-element-populated\">\n\t\t\t\t\t\t<div class=\"elementor-element elementor-element-6d6a578 elementor-hidden-mobile elementor-widget elementor-widget-html\" data-id=\"6d6a578\" data-element_type=\"widget\" data-e-type=\"widget\" data-widget_type=\"html.default\">\n\t\t\t\t<div class=\"elementor-widget-container\">\n\t\t\t\t\t<body>\r\n    <div class=\"board\">\r\n        <div class=\"titulo_grafica\">\r\n            \r\n        <\/div>\r\n        <div class=\"sub_board\">\r\n            <div class=\"sep_board\"><\/div>\r\n            <div class=\"cont_board\">\r\n                <div class=\"graf_board\">\r\n                    <div class=\"barra\">\r\n                        <div class=\"sub_barra b1\">\r\n                            <div class=\"tag_g\">16\u00ba<\/div>\r\n                            <div class=\"tag_leyenda\">der 13. April<\/div>\r\n                        <\/div>\r\n                    <\/div>\r\n                    <div class=\"barra\">\r\n                        <div class=\"sub_barra b2\">\r\n                            <div class=\"tag_g\">17\u00ba<\/div>\r\n                            <div class=\"tag_leyenda\">der 14. April<\/div>\r\n                        <\/div>\r\n                    <\/div>\r\n                    <div class=\"barra\">\r\n                        <div class=\"sub_barra b3\">\r\n                            <div class=\"tag_g\">17\u00ba<\/div>\r\n                            <div class=\"tag_leyenda\">der 15. April<\/div>\r\n                        <\/div>\r\n                    <\/div>\r\n                    <div class=\"barra\">\r\n                        <div class=\"sub_barra b4\">\r\n                            <div class=\"tag_g\">17\u00ba<\/div>\r\n                            <div class=\"tag_leyenda\">der 16. April<\/div>\r\n                        <\/div>\r\n                    <\/div>\r\n                    <div class=\"barra\">\r\n                        <div class=\"sub_barra b5\">\r\n                            <div class=\"tag_g\">18\u00ba<\/div>\r\n                            <div class=\"tag_leyenda\">der 17. April<\/div>\r\n                        <\/div>\r\n                    <\/div>\r\n                   <div class=\"barra\">\r\n                        <div class=\"sub_barra b6\">\r\n                            <div class=\"tag_g\">18\u00ba<\/div>\r\n                            <div class=\"tag_leyenda\">der 18. April<\/div>\r\n                        <\/div>\r\n                    <\/div>\r\n                   <div class=\"barra\">\r\n                        <div class=\"sub_barra b7\">\r\n                            <div class=\"tag_g\">18.5\u00ba<\/div>\r\n                            <div class=\"tag_leyenda\">der 19. April<\/div>\r\n                        <\/div>\r\n                    <\/div>\r\n                   <div class=\"barra\">\r\n                        <div class=\"sub_barra b8\">\r\n                            <div class=\"tag_g\">17.5\u00ba<\/div>\r\n                            <div class=\"tag_leyenda\">der 20. April<\/div>\r\n                        <\/div>\r\n                    <\/div>\r\n                <\/div>\r\n                <div class=\"tag_board\">\r\n                    <div class=\"sub_tag_board\">\r\n                        <div>20\u00ba<\/div>\r\n                        <div>19\u00ba<\/div>\r\n                        <div>18\u00ba<\/div>\r\n                        <div>17\u00ba<\/div>\r\n                        <div>16\u00ba<\/div>\r\n                        <div>15\u00ba<\/div>\r\n                    <\/div>\r\n                <\/div>\r\n           <\/div> \r\n            <div class=\"sep_board\"><\/div>\r\n       <\/div>    \r\n    <\/div>\r\n<\/body>\t\t\t\t<\/div>\n\t\t\t\t<\/div>\n\t\t\t\t\t<\/div>\n\t\t<\/div>\n\t\t\t\t\t<\/div>\n\t\t<\/section>\n\t\t\t\t<section class=\"elementor-section elementor-top-section elementor-element elementor-element-4bb1b8c elementor-section-boxed elementor-section-height-default elementor-section-height-default\" data-id=\"4bb1b8c\" data-element_type=\"section\" data-e-type=\"section\">\n\t\t\t\t\t\t<div class=\"elementor-container elementor-column-gap-default\">\n\t\t\t\t\t<div class=\"elementor-column elementor-col-100 elementor-top-column elementor-element elementor-element-d4db7ba\" data-id=\"d4db7ba\" data-element_type=\"column\" data-e-type=\"column\">\n\t\t\t<div class=\"elementor-widget-wrap elementor-element-populated\">\n\t\t\t\t\t\t<div class=\"elementor-element elementor-element-dfd9c02 elementor-cta--skin-cover elementor-cta--valign-middle elementor-animated-content elementor-bg-transform elementor-bg-transform-zoom-in elementor-widget elementor-widget-call-to-action\" data-id=\"dfd9c02\" data-element_type=\"widget\" data-e-type=\"widget\" data-widget_type=\"call-to-action.default\">\n\t\t\t\t<div class=\"elementor-widget-container\">\n\t\t\t\t\t\t\t<a class=\"elementor-cta\" href=\"https:\/\/www.idealpropertymallorca.com\/de\/mallorca-osterferien\/\">\n\t\t\t\t\t<div class=\"elementor-cta__bg-wrapper\">\n\t\t\t\t<div class=\"elementor-cta__bg elementor-bg\" style=\"background-image: url(https:\/\/www.idealpropertymallorca.com\/blog\/wp-content\/uploads\/2025\/01\/semana-santa-mallorca-30-1024x347.webp);\" role=\"img\" aria-label=\"Easter in Majorca\"><\/div>\n\t\t\t\t<div class=\"elementor-cta__bg-overlay\"><\/div>\n\t\t\t<\/div>\n\t\t\t\t\t\t\t<div class=\"elementor-cta__content\">\n\t\t\t\t\n\t\t\t\t\t\t\t\t\t<h2 class=\"elementor-cta__title elementor-cta__content-item elementor-content-item elementor-animated-item--grow\">\n\t\t\t\t\t\tBuchen Sie die besten Ferienunterk\u00fcnfte\t\t\t\t\t<\/h2>\n\t\t\t\t\n\t\t\t\t\t\t\t\t\t<div class=\"elementor-cta__description elementor-cta__content-item elementor-content-item elementor-animated-item--grow\">\n\t\t\t\t\t\tMieten Sie eine voll ausgestattete Unterkunft f\u00fcr Ihren Osterurlaub auf Mallorca\t\t\t\t\t<\/div>\n\t\t\t\t\n\t\t\t\t\t\t\t\t\t<div class=\"elementor-cta__button-wrapper elementor-cta__content-item elementor-content-item elementor-animated-item--grow\">\n\t\t\t\t\t<span class=\"elementor-cta__button elementor-button elementor-size-\">\n\t\t\t\t\t\tSEHEN SIE SICH UNSERE OBJEKTE AN\t\t\t\t\t<\/span>\n\t\t\t\t\t<\/div>\n\t\t\t\t\t\t\t<\/div>\n\t\t\t\t\t\t<\/a>\n\t\t\t\t\t\t<\/div>\n\t\t\t\t<\/div>\n\t\t\t\t\t<\/div>\n\t\t<\/div>\n\t\t\t\t\t<\/div>\n\t\t<\/section>\n\t\t\t\t<section class=\"elementor-section elementor-top-section elementor-element elementor-element-0c42fed elementor-section-boxed elementor-section-height-default elementor-section-height-default\" data-id=\"0c42fed\" data-element_type=\"section\" data-e-type=\"section\">\n\t\t\t\t\t\t<div class=\"elementor-container elementor-column-gap-default\">\n\t\t\t\t\t<div class=\"elementor-column elementor-col-100 elementor-top-column elementor-element elementor-element-99b48b5\" data-id=\"99b48b5\" data-element_type=\"column\" data-e-type=\"column\">\n\t\t\t<div class=\"elementor-widget-wrap elementor-element-populated\">\n\t\t\t\t\t\t<div class=\"elementor-element elementor-element-3c5dc15 elementor-widget elementor-widget-heading\" data-id=\"3c5dc15\" data-element_type=\"widget\" data-e-type=\"widget\" data-widget_type=\"heading.default\">\n\t\t\t\t<div class=\"elementor-widget-container\">\n\t\t\t\t\t<h2 class=\"elementor-heading-title elementor-size-default\">Wie man den besten Mallorca Urlaub zu Ostern organisiert<\/h2>\t\t\t\t<\/div>\n\t\t\t\t<\/div>\n\t\t\t\t<div class=\"elementor-element elementor-element-52ccd1e elementor-widget elementor-widget-text-editor\" data-id=\"52ccd1e\" data-element_type=\"widget\" data-e-type=\"widget\" data-widget_type=\"text-editor.default\">\n\t\t\t\t<div class=\"elementor-widget-container\">\n\t\t\t\t\t\t\t\t\t<p data-pm-slice=\"1 1 []\">Um das Beste aus Ihrem Ostern auf Mallorca zu machen, beachten Sie die folgenden Tipps von erfahrenen Reisenden:<\/p>\t\t\t\t\t\t\t\t<\/div>\n\t\t\t\t<\/div>\n\t\t\t\t\t<\/div>\n\t\t<\/div>\n\t\t\t\t\t<\/div>\n\t\t<\/section>\n\t\t\t\t<section class=\"elementor-section elementor-top-section elementor-element elementor-element-c6b9f61 elementor-section-boxed elementor-section-height-default elementor-section-height-default\" data-id=\"c6b9f61\" data-element_type=\"section\" data-e-type=\"section\">\n\t\t\t\t\t\t<div class=\"elementor-container elementor-column-gap-default\">\n\t\t\t\t\t<div class=\"elementor-column elementor-col-25 elementor-top-column elementor-element elementor-element-0c0317b\" data-id=\"0c0317b\" data-element_type=\"column\" data-e-type=\"column\">\n\t\t\t<div class=\"elementor-widget-wrap elementor-element-populated\">\n\t\t\t\t\t\t<div class=\"elementor-element elementor-element-2b00a9c elementor-widget elementor-widget-image\" data-id=\"2b00a9c\" data-element_type=\"widget\" data-e-type=\"widget\" data-widget_type=\"image.default\">\n\t\t\t\t<div class=\"elementor-widget-container\">\n\t\t\t\t\t\t\t\t\t\t\t\t\t\t\t<img loading=\"lazy\" decoding=\"async\" width=\"150\" height=\"150\" src=\"https:\/\/www.idealpropertymallorca.com\/blog\/wp-content\/uploads\/2025\/01\/semana-santa-mallorca-11.png\" class=\"attachment-thumbnail size-thumbnail wp-image-16870\" alt=\"Easter in Majorca\" \/>\t\t\t\t\t\t\t\t\t\t\t\t\t\t\t<\/div>\n\t\t\t\t<\/div>\n\t\t\t\t<div class=\"elementor-element elementor-element-7c6695a elementor-widget elementor-widget-heading\" data-id=\"7c6695a\" data-element_type=\"widget\" data-e-type=\"widget\" data-widget_type=\"heading.default\">\n\t\t\t\t<div class=\"elementor-widget-container\">\n\t\t\t\t\t<h3 class=\"elementor-heading-title elementor-size-default\">Planen Sie Ihre Reise im Voraus<\/h3>\t\t\t\t<\/div>\n\t\t\t\t<\/div>\n\t\t\t\t<div class=\"elementor-element elementor-element-2974013 elementor-widget elementor-widget-text-editor\" data-id=\"2974013\" data-element_type=\"widget\" data-e-type=\"widget\" data-widget_type=\"text-editor.default\">\n\t\t\t\t<div class=\"elementor-widget-container\">\n\t\t\t\t\t\t\t\t\t<div class=\"flex max-w-full flex-col flex-grow\"><div class=\"min-h-8 text-message flex w-full flex-col items-end gap-2 whitespace-normal break-words text-start [.text-message+&amp;]:mt-5\" dir=\"auto\" data-message-author-role=\"assistant\" data-message-id=\"2454982b-b2ad-4e67-abc8-0ffda8dfd2fb\" data-message-model-slug=\"gpt-4o\"><div class=\"flex w-full flex-col gap-1 empty:hidden first:pt-[3px]\"><div class=\"markdown prose w-full break-words dark:prose-invert light\"><p data-pm-slice=\"1 1 []\">Wenn Sie Fl\u00fcge und Unterk\u00fcnfte fr\u00fchzeitig buchen, k\u00f6nnen Sie sich bessere Preise und Verf\u00fcgbarkeiten sichern.<\/p><\/div><\/div><\/div><\/div>\t\t\t\t\t\t\t\t<\/div>\n\t\t\t\t<\/div>\n\t\t\t\t\t<\/div>\n\t\t<\/div>\n\t\t\t\t<div class=\"elementor-column elementor-col-25 elementor-top-column elementor-element elementor-element-a17bf36\" data-id=\"a17bf36\" data-element_type=\"column\" data-e-type=\"column\">\n\t\t\t<div class=\"elementor-widget-wrap elementor-element-populated\">\n\t\t\t\t\t\t<div class=\"elementor-element elementor-element-bdced94 elementor-widget elementor-widget-image\" data-id=\"bdced94\" data-element_type=\"widget\" data-e-type=\"widget\" data-widget_type=\"image.default\">\n\t\t\t\t<div class=\"elementor-widget-container\">\n\t\t\t\t\t\t\t\t\t\t\t\t\t\t\t<img loading=\"lazy\" decoding=\"async\" width=\"150\" height=\"150\" src=\"https:\/\/www.idealpropertymallorca.com\/blog\/wp-content\/uploads\/2025\/01\/semana-santa-mallorca-12.png\" class=\"attachment-large size-large wp-image-16874\" alt=\"Easter in Majorca\" \/>\t\t\t\t\t\t\t\t\t\t\t\t\t\t\t<\/div>\n\t\t\t\t<\/div>\n\t\t\t\t<div class=\"elementor-element elementor-element-c197ab1 elementor-widget elementor-widget-heading\" data-id=\"c197ab1\" data-element_type=\"widget\" data-e-type=\"widget\" data-widget_type=\"heading.default\">\n\t\t\t\t<div class=\"elementor-widget-container\">\n\t\t\t\t\t<h3 class=\"elementor-heading-title elementor-size-default\">Feiertage beachten<\/h3>\t\t\t\t<\/div>\n\t\t\t\t<\/div>\n\t\t\t\t<div class=\"elementor-element elementor-element-77dc1c2 elementor-widget elementor-widget-text-editor\" data-id=\"77dc1c2\" data-element_type=\"widget\" data-e-type=\"widget\" data-widget_type=\"text-editor.default\">\n\t\t\t\t<div class=\"elementor-widget-container\">\n\t\t\t\t\t\t\t\t\t<div dir=\"auto\" data-message-author-role=\"assistant\" data-message-id=\"2454982b-b2ad-4e67-abc8-0ffda8dfd2fb\" data-message-model-slug=\"gpt-4o\"><p data-pm-slice=\"1 1 []\">Beachten Sie die Feiertage w\u00e4hrend der Semana Santa, da einige Gesch\u00e4fte und Attraktionen ge\u00e4nderte \u00d6ffnungszeiten oder Schlie\u00dfungen haben k\u00f6nnen.<\/p><\/div>\t\t\t\t\t\t\t\t<\/div>\n\t\t\t\t<\/div>\n\t\t\t\t\t<\/div>\n\t\t<\/div>\n\t\t\t\t<div class=\"elementor-column elementor-col-25 elementor-top-column elementor-element elementor-element-9514218 elementor-hidden-tablet elementor-hidden-mobile\" data-id=\"9514218\" data-element_type=\"column\" data-e-type=\"column\">\n\t\t\t<div class=\"elementor-widget-wrap elementor-element-populated\">\n\t\t\t\t\t\t<div class=\"elementor-element elementor-element-12ed9db elementor-widget elementor-widget-image\" data-id=\"12ed9db\" data-element_type=\"widget\" data-e-type=\"widget\" data-widget_type=\"image.default\">\n\t\t\t\t<div class=\"elementor-widget-container\">\n\t\t\t\t\t\t\t\t\t\t\t\t\t\t\t<img loading=\"lazy\" decoding=\"async\" width=\"150\" height=\"150\" src=\"https:\/\/www.idealpropertymallorca.com\/blog\/wp-content\/uploads\/2025\/01\/semana-santa-mallorca-13.png\" class=\"attachment-large size-large wp-image-16878\" alt=\"Easter in Majorca\" \/>\t\t\t\t\t\t\t\t\t\t\t\t\t\t\t<\/div>\n\t\t\t\t<\/div>\n\t\t\t\t<div class=\"elementor-element elementor-element-513168c elementor-widget elementor-widget-heading\" data-id=\"513168c\" data-element_type=\"widget\" data-e-type=\"widget\" data-widget_type=\"heading.default\">\n\t\t\t\t<div class=\"elementor-widget-container\">\n\t\t\t\t\t<h3 class=\"elementor-heading-title elementor-size-default\">W\u00e4hlen Sie eine gute Unterkunft<\/h3>\t\t\t\t<\/div>\n\t\t\t\t<\/div>\n\t\t\t\t<div class=\"elementor-element elementor-element-9286fca elementor-widget elementor-widget-text-editor\" data-id=\"9286fca\" data-element_type=\"widget\" data-e-type=\"widget\" data-widget_type=\"text-editor.default\">\n\t\t\t\t<div class=\"elementor-widget-container\">\n\t\t\t\t\t\t\t\t\t<div class=\"flex max-w-full flex-col flex-grow\"><div class=\"min-h-8 text-message flex w-full flex-col items-end gap-2 whitespace-normal break-words text-start [.text-message+&amp;]:mt-5\" dir=\"auto\" data-message-author-role=\"assistant\" data-message-id=\"2454982b-b2ad-4e67-abc8-0ffda8dfd2fb\" data-message-model-slug=\"gpt-4o\"><div class=\"flex w-full flex-col gap-1 empty:hidden first:pt-[3px]\"><div class=\"markdown prose w-full break-words dark:prose-invert light\"><p data-pm-slice=\"1 1 []\">Angesichts der k\u00fchleren Abende im April kann die Wahl einer Unterkunft mit Heizung oder einem Kamin Ihren Aufenthalt bereichern.<\/p><\/div><\/div><\/div><\/div>\t\t\t\t\t\t\t\t<\/div>\n\t\t\t\t<\/div>\n\t\t\t\t\t<\/div>\n\t\t<\/div>\n\t\t\t\t<div class=\"elementor-column elementor-col-25 elementor-top-column elementor-element elementor-element-2a206ac elementor-hidden-tablet elementor-hidden-mobile\" data-id=\"2a206ac\" data-element_type=\"column\" data-e-type=\"column\">\n\t\t\t<div class=\"elementor-widget-wrap elementor-element-populated\">\n\t\t\t\t\t\t<div class=\"elementor-element elementor-element-f3bb2ba elementor-widget elementor-widget-image\" data-id=\"f3bb2ba\" data-element_type=\"widget\" data-e-type=\"widget\" data-widget_type=\"image.default\">\n\t\t\t\t<div class=\"elementor-widget-container\">\n\t\t\t\t\t\t\t\t\t\t\t\t\t\t\t<img loading=\"lazy\" decoding=\"async\" width=\"150\" height=\"150\" src=\"https:\/\/www.idealpropertymallorca.com\/blog\/wp-content\/uploads\/2025\/01\/semana-santa-mallorca-10.png\" class=\"attachment-large size-large wp-image-16866\" alt=\"Easter in Majorca\" \/>\t\t\t\t\t\t\t\t\t\t\t\t\t\t\t<\/div>\n\t\t\t\t<\/div>\n\t\t\t\t<div class=\"elementor-element elementor-element-3ec1f7a elementor-widget elementor-widget-heading\" data-id=\"3ec1f7a\" data-element_type=\"widget\" data-e-type=\"widget\" data-widget_type=\"heading.default\">\n\t\t\t\t<div class=\"elementor-widget-container\">\n\t\t\t\t\t<h3 class=\"elementor-heading-title elementor-size-default\">Bleiben Sie gut informiert<\/h3>\t\t\t\t<\/div>\n\t\t\t\t<\/div>\n\t\t\t\t<div class=\"elementor-element elementor-element-64ceb4e elementor-widget elementor-widget-text-editor\" data-id=\"64ceb4e\" data-element_type=\"widget\" data-e-type=\"widget\" data-widget_type=\"text-editor.default\">\n\t\t\t\t<div class=\"elementor-widget-container\">\n\t\t\t\t\t\t\t\t\t<div class=\"flex max-w-full flex-col flex-grow\"><div class=\"min-h-8 text-message flex w-full flex-col items-end gap-2 whitespace-normal break-words text-start [.text-message+&amp;]:mt-5\" dir=\"auto\" data-message-author-role=\"assistant\" data-message-id=\"2454982b-b2ad-4e67-abc8-0ffda8dfd2fb\" data-message-model-slug=\"gpt-4o\"><div class=\"flex w-full flex-col gap-1 empty:hidden first:pt-[3px]\"><div class=\"markdown prose w-full break-words dark:prose-invert light\"><p data-pm-slice=\"1 1 []\">Achten Sie auf die lokalen Veranstaltungskalender, um w\u00e4hrend Ihres Besuchs an verschiedenen Aktivit\u00e4ten und Feierlichkeiten teilnehmen zu k\u00f6nnen.<\/p><\/div><\/div><\/div><\/div>\t\t\t\t\t\t\t\t<\/div>\n\t\t\t\t<\/div>\n\t\t\t\t\t<\/div>\n\t\t<\/div>\n\t\t\t\t\t<\/div>\n\t\t<\/section>\n\t\t\t\t<section class=\"elementor-section elementor-top-section elementor-element elementor-element-267c8e5 elementor-section-boxed elementor-section-height-default elementor-section-height-default\" data-id=\"267c8e5\" data-element_type=\"section\" data-e-type=\"section\">\n\t\t\t\t\t\t<div class=\"elementor-container elementor-column-gap-default\">\n\t\t\t\t\t<div class=\"elementor-column elementor-col-25 elementor-top-column elementor-element elementor-element-402f0ce elementor-hidden-desktop elementor-hidden-tablet elementor-hidden-mobile\" data-id=\"402f0ce\" data-element_type=\"column\" data-e-type=\"column\">\n\t\t\t<div class=\"elementor-widget-wrap elementor-element-populated\">\n\t\t\t\t\t\t<div class=\"elementor-element elementor-element-eb20e11 elementor-widget elementor-widget-image\" data-id=\"eb20e11\" data-element_type=\"widget\" data-e-type=\"widget\" data-widget_type=\"image.default\">\n\t\t\t\t<div class=\"elementor-widget-container\">\n\t\t\t\t\t\t\t\t\t\t\t\t\t\t\t<img loading=\"lazy\" decoding=\"async\" width=\"150\" height=\"150\" src=\"https:\/\/www.idealpropertymallorca.com\/blog\/wp-content\/uploads\/2025\/01\/semana-santa-mallorca-11.png\" class=\"attachment-thumbnail size-thumbnail wp-image-16870\" alt=\"Easter in Majorca\" \/>\t\t\t\t\t\t\t\t\t\t\t\t\t\t\t<\/div>\n\t\t\t\t<\/div>\n\t\t\t\t<div class=\"elementor-element elementor-element-1508517 elementor-widget elementor-widget-heading\" data-id=\"1508517\" data-element_type=\"widget\" data-e-type=\"widget\" data-widget_type=\"heading.default\">\n\t\t\t\t<div class=\"elementor-widget-container\">\n\t\t\t\t\t<h3 class=\"elementor-heading-title elementor-size-default\">Planen Sie Ihre Reise im Voraus\u200b<\/h3>\t\t\t\t<\/div>\n\t\t\t\t<\/div>\n\t\t\t\t<div class=\"elementor-element elementor-element-7e18610 elementor-widget elementor-widget-text-editor\" data-id=\"7e18610\" data-element_type=\"widget\" data-e-type=\"widget\" data-widget_type=\"text-editor.default\">\n\t\t\t\t<div class=\"elementor-widget-container\">\n\t\t\t\t\t\t\t\t\t<div class=\"flex max-w-full flex-col flex-grow\"><div class=\"min-h-8 text-message flex w-full flex-col items-end gap-2 whitespace-normal break-words text-start [.text-message+&amp;]:mt-5\" dir=\"auto\" data-message-author-role=\"assistant\" data-message-id=\"2454982b-b2ad-4e67-abc8-0ffda8dfd2fb\" data-message-model-slug=\"gpt-4o\"><div class=\"flex w-full flex-col gap-1 empty:hidden first:pt-[3px]\"><div class=\"markdown prose w-full break-words dark:prose-invert light\"><p data-pm-slice=\"1 1 []\">Wenn Sie Fl\u00fcge und Unterk\u00fcnfte fr\u00fchzeitig buchen, k\u00f6nnen Sie sich bessere Preise und Verf\u00fcgbarkeiten sichern.<\/p><\/div><\/div><\/div><\/div>\t\t\t\t\t\t\t\t<\/div>\n\t\t\t\t<\/div>\n\t\t\t\t\t<\/div>\n\t\t<\/div>\n\t\t\t\t<div class=\"elementor-column elementor-col-25 elementor-top-column elementor-element elementor-element-500cb47 elementor-hidden-desktop elementor-hidden-tablet elementor-hidden-mobile\" data-id=\"500cb47\" data-element_type=\"column\" data-e-type=\"column\">\n\t\t\t<div class=\"elementor-widget-wrap elementor-element-populated\">\n\t\t\t\t\t\t<div class=\"elementor-element elementor-element-af11d10 elementor-widget elementor-widget-image\" data-id=\"af11d10\" data-element_type=\"widget\" data-e-type=\"widget\" data-widget_type=\"image.default\">\n\t\t\t\t<div class=\"elementor-widget-container\">\n\t\t\t\t\t\t\t\t\t\t\t\t\t\t\t<img loading=\"lazy\" decoding=\"async\" width=\"150\" height=\"150\" src=\"https:\/\/www.idealpropertymallorca.com\/blog\/wp-content\/uploads\/2025\/01\/semana-santa-mallorca-12.png\" class=\"attachment-large size-large wp-image-16874\" alt=\"Easter in Majorca\" \/>\t\t\t\t\t\t\t\t\t\t\t\t\t\t\t<\/div>\n\t\t\t\t<\/div>\n\t\t\t\t<div class=\"elementor-element elementor-element-d33a365 elementor-widget elementor-widget-heading\" data-id=\"d33a365\" data-element_type=\"widget\" data-e-type=\"widget\" data-widget_type=\"heading.default\">\n\t\t\t\t<div class=\"elementor-widget-container\">\n\t\t\t\t\t<h3 class=\"elementor-heading-title elementor-size-default\">Feiertage beachten\u200b<\/h3>\t\t\t\t<\/div>\n\t\t\t\t<\/div>\n\t\t\t\t<div class=\"elementor-element elementor-element-3957fe8 elementor-widget elementor-widget-text-editor\" data-id=\"3957fe8\" data-element_type=\"widget\" data-e-type=\"widget\" data-widget_type=\"text-editor.default\">\n\t\t\t\t<div class=\"elementor-widget-container\">\n\t\t\t\t\t\t\t\t\t<div dir=\"auto\" data-message-author-role=\"assistant\" data-message-id=\"2454982b-b2ad-4e67-abc8-0ffda8dfd2fb\" data-message-model-slug=\"gpt-4o\"><p data-pm-slice=\"1 1 []\">Beachten Sie die Feiertage w\u00e4hrend der Semana Santa, da einige Gesch\u00e4fte und Attraktionen ge\u00e4nderte \u00d6ffnungszeiten oder Schlie\u00dfungen haben k\u00f6nnen.<\/p><\/div>\t\t\t\t\t\t\t\t<\/div>\n\t\t\t\t<\/div>\n\t\t\t\t\t<\/div>\n\t\t<\/div>\n\t\t\t\t<div class=\"elementor-column elementor-col-25 elementor-top-column elementor-element elementor-element-0c2a33c elementor-hidden-desktop\" data-id=\"0c2a33c\" data-element_type=\"column\" data-e-type=\"column\">\n\t\t\t<div class=\"elementor-widget-wrap elementor-element-populated\">\n\t\t\t\t\t\t<div class=\"elementor-element elementor-element-6d2c46b elementor-widget elementor-widget-image\" data-id=\"6d2c46b\" data-element_type=\"widget\" data-e-type=\"widget\" data-widget_type=\"image.default\">\n\t\t\t\t<div class=\"elementor-widget-container\">\n\t\t\t\t\t\t\t\t\t\t\t\t\t\t\t<img loading=\"lazy\" decoding=\"async\" width=\"150\" height=\"150\" src=\"https:\/\/www.idealpropertymallorca.com\/blog\/wp-content\/uploads\/2025\/01\/semana-santa-mallorca-13.png\" class=\"attachment-large size-large wp-image-16878\" alt=\"Easter in Majorca\" \/>\t\t\t\t\t\t\t\t\t\t\t\t\t\t\t<\/div>\n\t\t\t\t<\/div>\n\t\t\t\t<div class=\"elementor-element elementor-element-c656ab4 elementor-widget elementor-widget-heading\" data-id=\"c656ab4\" data-element_type=\"widget\" data-e-type=\"widget\" data-widget_type=\"heading.default\">\n\t\t\t\t<div class=\"elementor-widget-container\">\n\t\t\t\t\t<h3 class=\"elementor-heading-title elementor-size-default\">W\u00e4hlen Sie eine gute Unterkunft<\/h3>\t\t\t\t<\/div>\n\t\t\t\t<\/div>\n\t\t\t\t<div class=\"elementor-element elementor-element-8f700e4 elementor-widget elementor-widget-text-editor\" data-id=\"8f700e4\" data-element_type=\"widget\" data-e-type=\"widget\" data-widget_type=\"text-editor.default\">\n\t\t\t\t<div class=\"elementor-widget-container\">\n\t\t\t\t\t\t\t\t\t<div class=\"flex max-w-full flex-col flex-grow\"><div class=\"min-h-8 text-message flex w-full flex-col items-end gap-2 whitespace-normal break-words text-start [.text-message+&amp;]:mt-5\" dir=\"auto\" data-message-author-role=\"assistant\" data-message-id=\"2454982b-b2ad-4e67-abc8-0ffda8dfd2fb\" data-message-model-slug=\"gpt-4o\"><div class=\"flex w-full flex-col gap-1 empty:hidden first:pt-[3px]\"><div class=\"markdown prose w-full break-words dark:prose-invert light\"><p data-pm-slice=\"1 1 []\">Angesichts der k\u00fchleren Abende im April kann die Wahl einer Unterkunft mit Heizung oder einem Kamin Ihren Aufenthalt bereichern.<\/p><\/div><\/div><\/div><\/div>\t\t\t\t\t\t\t\t<\/div>\n\t\t\t\t<\/div>\n\t\t\t\t\t<\/div>\n\t\t<\/div>\n\t\t\t\t<div class=\"elementor-column elementor-col-25 elementor-top-column elementor-element elementor-element-fba3f56 elementor-hidden-desktop\" data-id=\"fba3f56\" data-element_type=\"column\" data-e-type=\"column\">\n\t\t\t<div class=\"elementor-widget-wrap elementor-element-populated\">\n\t\t\t\t\t\t<div class=\"elementor-element elementor-element-a98e63b elementor-widget elementor-widget-image\" data-id=\"a98e63b\" data-element_type=\"widget\" data-e-type=\"widget\" data-widget_type=\"image.default\">\n\t\t\t\t<div class=\"elementor-widget-container\">\n\t\t\t\t\t\t\t\t\t\t\t\t\t\t\t<img loading=\"lazy\" decoding=\"async\" width=\"150\" height=\"150\" src=\"https:\/\/www.idealpropertymallorca.com\/blog\/wp-content\/uploads\/2025\/01\/semana-santa-mallorca-10.png\" class=\"attachment-large size-large wp-image-16866\" alt=\"Easter in Majorca\" \/>\t\t\t\t\t\t\t\t\t\t\t\t\t\t\t<\/div>\n\t\t\t\t<\/div>\n\t\t\t\t<div class=\"elementor-element elementor-element-f07f5d4 elementor-widget elementor-widget-heading\" data-id=\"f07f5d4\" data-element_type=\"widget\" data-e-type=\"widget\" data-widget_type=\"heading.default\">\n\t\t\t\t<div class=\"elementor-widget-container\">\n\t\t\t\t\t<h3 class=\"elementor-heading-title elementor-size-default\">Bleiben Sie gut informiert<\/h3>\t\t\t\t<\/div>\n\t\t\t\t<\/div>\n\t\t\t\t<div class=\"elementor-element elementor-element-f274775 elementor-widget elementor-widget-text-editor\" data-id=\"f274775\" data-element_type=\"widget\" data-e-type=\"widget\" data-widget_type=\"text-editor.default\">\n\t\t\t\t<div class=\"elementor-widget-container\">\n\t\t\t\t\t\t\t\t\t<p>Achten Sie auf die lokalen Veranstaltungskalender, um w\u00e4hrend Ihres Besuchs an verschiedenen Aktivit\u00e4ten und Feierlichkeiten teilnehmen zu k\u00f6nnen.<\/p>\t\t\t\t\t\t\t\t<\/div>\n\t\t\t\t<\/div>\n\t\t\t\t\t<\/div>\n\t\t<\/div>\n\t\t\t\t\t<\/div>\n\t\t<\/section>\n\t\t\t\t<section class=\"elementor-section elementor-top-section elementor-element elementor-element-3ed11be elementor-section-boxed elementor-section-height-default elementor-section-height-default\" data-id=\"3ed11be\" data-element_type=\"section\" data-e-type=\"section\">\n\t\t\t\t\t\t<div class=\"elementor-container elementor-column-gap-default\">\n\t\t\t\t\t<div class=\"elementor-column elementor-col-50 elementor-top-column elementor-element elementor-element-b9ad352\" data-id=\"b9ad352\" data-element_type=\"column\" data-e-type=\"column\">\n\t\t\t<div class=\"elementor-widget-wrap elementor-element-populated\">\n\t\t\t\t\t\t<div class=\"elementor-element elementor-element-e616ebb elementor-widget elementor-widget-image\" data-id=\"e616ebb\" data-element_type=\"widget\" data-e-type=\"widget\" data-widget_type=\"image.default\">\n\t\t\t\t<div class=\"elementor-widget-container\">\n\t\t\t\t\t\t\t\t\t\t\t\t\t\t\t<img loading=\"lazy\" decoding=\"async\" width=\"800\" height=\"400\" src=\"https:\/\/www.idealpropertymallorca.com\/blog\/wp-content\/uploads\/2025\/01\/easter-in-majorca-12-1024x512.webp\" class=\"attachment-large size-large wp-image-16862\" alt=\"Easter in Majorca\" srcset=\"https:\/\/www.idealpropertymallorca.com\/blog\/wp-content\/uploads\/2025\/01\/easter-in-majorca-12-1024x512.webp 1024w, https:\/\/www.idealpropertymallorca.com\/blog\/wp-content\/uploads\/2025\/01\/easter-in-majorca-12-300x150.webp 300w, https:\/\/www.idealpropertymallorca.com\/blog\/wp-content\/uploads\/2025\/01\/easter-in-majorca-12-768x384.webp 768w, https:\/\/www.idealpropertymallorca.com\/blog\/wp-content\/uploads\/2025\/01\/easter-in-majorca-12.webp 1229w\" sizes=\"(max-width: 800px) 100vw, 800px\" \/>\t\t\t\t\t\t\t\t\t\t\t\t\t\t\t<\/div>\n\t\t\t\t<\/div>\n\t\t\t\t\t<\/div>\n\t\t<\/div>\n\t\t\t\t<div class=\"elementor-column elementor-col-50 elementor-top-column elementor-element elementor-element-3cead52 elementor-hidden-tablet elementor-hidden-mobile\" data-id=\"3cead52\" data-element_type=\"column\" data-e-type=\"column\">\n\t\t\t<div class=\"elementor-widget-wrap elementor-element-populated\">\n\t\t\t\t\t\t<div class=\"elementor-element elementor-element-41525ad elementor-widget elementor-widget-image\" data-id=\"41525ad\" data-element_type=\"widget\" data-e-type=\"widget\" data-widget_type=\"image.default\">\n\t\t\t\t<div class=\"elementor-widget-container\">\n\t\t\t\t\t\t\t\t\t\t\t\t\t\t\t<img loading=\"lazy\" decoding=\"async\" width=\"800\" height=\"400\" src=\"https:\/\/www.idealpropertymallorca.com\/blog\/wp-content\/uploads\/2025\/01\/easter-in-majorca-13-1024x512.webp\" class=\"attachment-large size-large wp-image-16854\" alt=\"Easter in Majorca\" srcset=\"https:\/\/www.idealpropertymallorca.com\/blog\/wp-content\/uploads\/2025\/01\/easter-in-majorca-13-1024x512.webp 1024w, https:\/\/www.idealpropertymallorca.com\/blog\/wp-content\/uploads\/2025\/01\/easter-in-majorca-13-300x150.webp 300w, https:\/\/www.idealpropertymallorca.com\/blog\/wp-content\/uploads\/2025\/01\/easter-in-majorca-13-768x384.webp 768w, https:\/\/www.idealpropertymallorca.com\/blog\/wp-content\/uploads\/2025\/01\/easter-in-majorca-13.webp 1229w\" sizes=\"(max-width: 800px) 100vw, 800px\" \/>\t\t\t\t\t\t\t\t\t\t\t\t\t\t\t<\/div>\n\t\t\t\t<\/div>\n\t\t\t\t\t<\/div>\n\t\t<\/div>\n\t\t\t\t\t<\/div>\n\t\t<\/section>\n\t\t\t\t<section class=\"elementor-section elementor-top-section elementor-element elementor-element-e017c40 elementor-section-boxed elementor-section-height-default elementor-section-height-default\" data-id=\"e017c40\" data-element_type=\"section\" data-e-type=\"section\">\n\t\t\t\t\t\t<div class=\"elementor-container elementor-column-gap-default\">\n\t\t\t\t\t<div class=\"elementor-column elementor-col-100 elementor-top-column elementor-element elementor-element-a47eacb\" data-id=\"a47eacb\" data-element_type=\"column\" data-e-type=\"column\">\n\t\t\t<div class=\"elementor-widget-wrap elementor-element-populated\">\n\t\t\t\t\t\t<div class=\"elementor-element elementor-element-a1744fc elementor-widget elementor-widget-heading\" data-id=\"a1744fc\" data-element_type=\"widget\" data-e-type=\"widget\" data-widget_type=\"heading.default\">\n\t\t\t\t<div class=\"elementor-widget-container\">\n\t\t\t\t\t<h2 class=\"elementor-heading-title elementor-size-default\">Tipps f\u00fcr Mallorca Ostern mit Kindern<\/h2>\t\t\t\t<\/div>\n\t\t\t\t<\/div>\n\t\t\t\t<div class=\"elementor-element elementor-element-568440a elementor-widget elementor-widget-text-editor\" data-id=\"568440a\" data-element_type=\"widget\" data-e-type=\"widget\" data-widget_type=\"text-editor.default\">\n\t\t\t\t<div class=\"elementor-widget-container\">\n\t\t\t\t\t\t\t\t\t<p data-pm-slice=\"1 1 []\">Eine Reise nach Mallorca Ostern mit Kindern kann mit ein wenig Vorbereitung sehr angenehm sein. Sehen Sie sich unsere Empfehlungen an und organisieren Sie alles im Voraus:<\/p>\t\t\t\t\t\t\t\t<\/div>\n\t\t\t\t<\/div>\n\t\t\t\t\t<\/div>\n\t\t<\/div>\n\t\t\t\t\t<\/div>\n\t\t<\/section>\n\t\t\t\t<section class=\"elementor-section elementor-top-section elementor-element elementor-element-b86b21b elementor-section-boxed elementor-section-height-default elementor-section-height-default\" data-id=\"b86b21b\" data-element_type=\"section\" data-e-type=\"section\">\n\t\t\t\t\t\t<div class=\"elementor-container elementor-column-gap-default\">\n\t\t\t\t\t<div class=\"elementor-column elementor-col-25 elementor-top-column elementor-element elementor-element-73cd914\" data-id=\"73cd914\" data-element_type=\"column\" data-e-type=\"column\">\n\t\t\t<div class=\"elementor-widget-wrap elementor-element-populated\">\n\t\t\t\t\t\t<div class=\"elementor-element elementor-element-d45dab4 elementor-widget elementor-widget-image\" data-id=\"d45dab4\" data-element_type=\"widget\" data-e-type=\"widget\" data-widget_type=\"image.default\">\n\t\t\t\t<div class=\"elementor-widget-container\">\n\t\t\t\t\t\t\t\t\t\t\t\t\t\t\t<img loading=\"lazy\" decoding=\"async\" width=\"150\" height=\"150\" src=\"https:\/\/www.idealpropertymallorca.com\/blog\/wp-content\/uploads\/2025\/01\/semana-santa-mallorca-14.png\" class=\"attachment-large size-large wp-image-16882\" alt=\"Easter in Majorca\" \/>\t\t\t\t\t\t\t\t\t\t\t\t\t\t\t<\/div>\n\t\t\t\t<\/div>\n\t\t\t\t<div class=\"elementor-element elementor-element-8498ef6 elementor-widget elementor-widget-heading\" data-id=\"8498ef6\" data-element_type=\"widget\" data-e-type=\"widget\" data-widget_type=\"heading.default\">\n\t\t\t\t<div class=\"elementor-widget-container\">\n\t\t\t\t\t<h3 class=\"elementor-heading-title elementor-size-default\">Park\u00f6ffnungszeiten pr\u00fcfen<\/h3>\t\t\t\t<\/div>\n\t\t\t\t<\/div>\n\t\t\t\t<div class=\"elementor-element elementor-element-bb4ce1b elementor-widget elementor-widget-text-editor\" data-id=\"bb4ce1b\" data-element_type=\"widget\" data-e-type=\"widget\" data-widget_type=\"text-editor.default\">\n\t\t\t\t<div class=\"elementor-widget-container\">\n\t\t\t\t\t\t\t\t\t<div class=\"flex max-w-full flex-col flex-grow\"><div class=\"min-h-8 text-message flex w-full flex-col items-end gap-2 whitespace-normal break-words text-start [.text-message+&amp;]:mt-5\" dir=\"auto\" data-message-author-role=\"assistant\" data-message-id=\"2454982b-b2ad-4e67-abc8-0ffda8dfd2fb\" data-message-model-slug=\"gpt-4o\"><div class=\"flex w-full flex-col gap-1 empty:hidden first:pt-[3px]\"><div class=\"markdown prose w-full break-words dark:prose-invert light\"><p data-pm-slice=\"1 1 []\">Einige Parks, wie das Marineland und der Katmandu-Park, haben w\u00e4hrend der Feiertage m\u00f6glicherweise andere \u00d6ffnungszeiten.<\/p><\/div><\/div><\/div><\/div>\t\t\t\t\t\t\t\t<\/div>\n\t\t\t\t<\/div>\n\t\t\t\t\t<\/div>\n\t\t<\/div>\n\t\t\t\t<div class=\"elementor-column elementor-col-25 elementor-top-column elementor-element elementor-element-cb83771\" data-id=\"cb83771\" data-element_type=\"column\" data-e-type=\"column\">\n\t\t\t<div class=\"elementor-widget-wrap elementor-element-populated\">\n\t\t\t\t\t\t<div class=\"elementor-element elementor-element-6266f3a elementor-widget elementor-widget-image\" data-id=\"6266f3a\" data-element_type=\"widget\" data-e-type=\"widget\" data-widget_type=\"image.default\">\n\t\t\t\t<div class=\"elementor-widget-container\">\n\t\t\t\t\t\t\t\t\t\t\t\t\t\t\t<img loading=\"lazy\" decoding=\"async\" width=\"150\" height=\"150\" src=\"https:\/\/www.idealpropertymallorca.com\/blog\/wp-content\/uploads\/2025\/01\/semana-santa-mallorca-17.png\" class=\"attachment-large size-large wp-image-16894\" alt=\"Easter in Majorca\" \/>\t\t\t\t\t\t\t\t\t\t\t\t\t\t\t<\/div>\n\t\t\t\t<\/div>\n\t\t\t\t<div class=\"elementor-element elementor-element-d8227c7 elementor-widget elementor-widget-heading\" data-id=\"d8227c7\" data-element_type=\"widget\" data-e-type=\"widget\" data-widget_type=\"heading.default\">\n\t\t\t\t<div class=\"elementor-widget-container\">\n\t\t\t\t\t<h3 class=\"elementor-heading-title elementor-size-default\">Nehmen Sie zus\u00e4tzliche Kleidung mit<\/h3>\t\t\t\t<\/div>\n\t\t\t\t<\/div>\n\t\t\t\t<div class=\"elementor-element elementor-element-42cc116 elementor-widget elementor-widget-text-editor\" data-id=\"42cc116\" data-element_type=\"widget\" data-e-type=\"widget\" data-widget_type=\"text-editor.default\">\n\t\t\t\t<div class=\"elementor-widget-container\">\n\t\t\t\t\t\t\t\t\t<div dir=\"auto\" data-message-author-role=\"assistant\" data-message-id=\"2454982b-b2ad-4e67-abc8-0ffda8dfd2fb\" data-message-model-slug=\"gpt-4o\"><p data-pm-slice=\"1 1 []\">Bei Aktivit\u00e4ten im Freien k\u00f6nnen die Kinder nass oder schmutzig werden, daher ist es ratsam, Ersatzkleidung einzupacken.<\/p><\/div>\t\t\t\t\t\t\t\t<\/div>\n\t\t\t\t<\/div>\n\t\t\t\t\t<\/div>\n\t\t<\/div>\n\t\t\t\t<div class=\"elementor-column elementor-col-25 elementor-top-column elementor-element elementor-element-d921508 elementor-hidden-tablet elementor-hidden-mobile\" data-id=\"d921508\" data-element_type=\"column\" data-e-type=\"column\">\n\t\t\t<div class=\"elementor-widget-wrap elementor-element-populated\">\n\t\t\t\t\t\t<div class=\"elementor-element elementor-element-7028688 elementor-widget elementor-widget-image\" data-id=\"7028688\" data-element_type=\"widget\" data-e-type=\"widget\" data-widget_type=\"image.default\">\n\t\t\t\t<div class=\"elementor-widget-container\">\n\t\t\t\t\t\t\t\t\t\t\t\t\t\t\t<img loading=\"lazy\" decoding=\"async\" width=\"150\" height=\"150\" src=\"https:\/\/www.idealpropertymallorca.com\/blog\/wp-content\/uploads\/2025\/01\/semana-santa-mallorca-15.png\" class=\"attachment-large size-large wp-image-16886\" alt=\"Easter in Majorca\" \/>\t\t\t\t\t\t\t\t\t\t\t\t\t\t\t<\/div>\n\t\t\t\t<\/div>\n\t\t\t\t<div class=\"elementor-element elementor-element-252cb92 elementor-widget elementor-widget-heading\" data-id=\"252cb92\" data-element_type=\"widget\" data-e-type=\"widget\" data-widget_type=\"heading.default\">\n\t\t\t\t<div class=\"elementor-widget-container\">\n\t\t\t\t\t<h3 class=\"elementor-heading-title elementor-size-default\">Erkunden Sie familienfreundliche Wanderwege<\/h3>\t\t\t\t<\/div>\n\t\t\t\t<\/div>\n\t\t\t\t<div class=\"elementor-element elementor-element-10e70eb elementor-widget elementor-widget-text-editor\" data-id=\"10e70eb\" data-element_type=\"widget\" data-e-type=\"widget\" data-widget_type=\"text-editor.default\">\n\t\t\t\t<div class=\"elementor-widget-container\">\n\t\t\t\t\t\t\t\t\t<div class=\"flex max-w-full flex-col flex-grow\"><div class=\"min-h-8 text-message flex w-full flex-col items-end gap-2 whitespace-normal break-words text-start [.text-message+&amp;]:mt-5\" dir=\"auto\" data-message-author-role=\"assistant\" data-message-id=\"2454982b-b2ad-4e67-abc8-0ffda8dfd2fb\" data-message-model-slug=\"gpt-4o\"><div class=\"flex w-full flex-col gap-1 empty:hidden first:pt-[3px]\"><div class=\"markdown prose w-full break-words dark:prose-invert light\"><p data-pm-slice=\"1 1 []\">Auf Mallorca gibt es zahlreiche Wanderwege, die f\u00fcr Familien geeignet sind, wie z. B. der Weg durch den ruhigen Naturpark Mondrag\u00f3.<\/p><\/div><\/div><\/div><\/div>\t\t\t\t\t\t\t\t<\/div>\n\t\t\t\t<\/div>\n\t\t\t\t\t<\/div>\n\t\t<\/div>\n\t\t\t\t<div class=\"elementor-column elementor-col-25 elementor-top-column elementor-element elementor-element-3ff7301 elementor-hidden-tablet elementor-hidden-mobile\" data-id=\"3ff7301\" data-element_type=\"column\" data-e-type=\"column\">\n\t\t\t<div class=\"elementor-widget-wrap elementor-element-populated\">\n\t\t\t\t\t\t<div class=\"elementor-element elementor-element-1351a97 elementor-widget elementor-widget-image\" data-id=\"1351a97\" data-element_type=\"widget\" data-e-type=\"widget\" data-widget_type=\"image.default\">\n\t\t\t\t<div class=\"elementor-widget-container\">\n\t\t\t\t\t\t\t\t\t\t\t\t\t\t\t<img loading=\"lazy\" decoding=\"async\" width=\"150\" height=\"150\" src=\"https:\/\/www.idealpropertymallorca.com\/blog\/wp-content\/uploads\/2025\/01\/semana-santa-mallorca-16.png\" class=\"attachment-large size-large wp-image-16890\" alt=\"Easter in Majorca\" \/>\t\t\t\t\t\t\t\t\t\t\t\t\t\t\t<\/div>\n\t\t\t\t<\/div>\n\t\t\t\t<div class=\"elementor-element elementor-element-8a573f9 elementor-widget elementor-widget-heading\" data-id=\"8a573f9\" data-element_type=\"widget\" data-e-type=\"widget\" data-widget_type=\"heading.default\">\n\t\t\t\t<div class=\"elementor-widget-container\">\n\t\t\t\t\t<h3 class=\"elementor-heading-title elementor-size-default\">Nehmen Sie an Workshops teil<\/h3>\t\t\t\t<\/div>\n\t\t\t\t<\/div>\n\t\t\t\t<div class=\"elementor-element elementor-element-b83f4c9 elementor-widget elementor-widget-text-editor\" data-id=\"b83f4c9\" data-element_type=\"widget\" data-e-type=\"widget\" data-widget_type=\"text-editor.default\">\n\t\t\t\t<div class=\"elementor-widget-container\">\n\t\t\t\t\t\t\t\t\t<div class=\"flex max-w-full flex-col flex-grow\"><div class=\"min-h-8 text-message flex w-full flex-col items-end gap-2 whitespace-normal break-words text-start [.text-message+&amp;]:mt-5\" dir=\"auto\" data-message-author-role=\"assistant\" data-message-id=\"2454982b-b2ad-4e67-abc8-0ffda8dfd2fb\" data-message-model-slug=\"gpt-4o\"><div class=\"flex w-full flex-col gap-1 empty:hidden first:pt-[3px]\"><div class=\"markdown prose w-full break-words dark:prose-invert light\"><p data-pm-slice=\"1 1 []\">Museen und Kulturzentren bieten zu Ostern h\u00e4ufig familienfreundliche Workshops an. Informieren Sie sich \u00fcber die Aktivit\u00e4ten in <a href=\"https:\/\/miromallorca.com\/en\/\">Mir\u00f3<\/a> und <a href=\"https:\/\/www.esbaluard.org\/en\/\">Es Baluard<\/a>.<\/p><\/div><\/div><\/div><\/div>\t\t\t\t\t\t\t\t<\/div>\n\t\t\t\t<\/div>\n\t\t\t\t\t<\/div>\n\t\t<\/div>\n\t\t\t\t\t<\/div>\n\t\t<\/section>\n\t\t\t\t<section class=\"elementor-section elementor-top-section elementor-element elementor-element-a24ed79 elementor-section-boxed elementor-section-height-default elementor-section-height-default\" data-id=\"a24ed79\" data-element_type=\"section\" data-e-type=\"section\">\n\t\t\t\t\t\t<div class=\"elementor-container elementor-column-gap-default\">\n\t\t\t\t\t<div class=\"elementor-column elementor-col-25 elementor-top-column elementor-element elementor-element-160f1f8 elementor-hidden-desktop elementor-hidden-tablet elementor-hidden-mobile\" data-id=\"160f1f8\" data-element_type=\"column\" data-e-type=\"column\">\n\t\t\t<div class=\"elementor-widget-wrap elementor-element-populated\">\n\t\t\t\t\t\t<div class=\"elementor-element elementor-element-0e76ad7 elementor-widget elementor-widget-image\" data-id=\"0e76ad7\" data-element_type=\"widget\" data-e-type=\"widget\" data-widget_type=\"image.default\">\n\t\t\t\t<div class=\"elementor-widget-container\">\n\t\t\t\t\t\t\t\t\t\t\t\t\t\t\t<img loading=\"lazy\" decoding=\"async\" width=\"150\" height=\"150\" src=\"https:\/\/www.idealpropertymallorca.com\/blog\/wp-content\/uploads\/2025\/01\/semana-santa-mallorca-14.png\" class=\"attachment-large size-large wp-image-16882\" alt=\"Easter in Majorca\" \/>\t\t\t\t\t\t\t\t\t\t\t\t\t\t\t<\/div>\n\t\t\t\t<\/div>\n\t\t\t\t<div class=\"elementor-element elementor-element-166eec1 elementor-widget elementor-widget-heading\" data-id=\"166eec1\" data-element_type=\"widget\" data-e-type=\"widget\" data-widget_type=\"heading.default\">\n\t\t\t\t<div class=\"elementor-widget-container\">\n\t\t\t\t\t<h3 class=\"elementor-heading-title elementor-size-default\">Park\u00f6ffnungszeiten pr\u00fcfen\u200b<\/h3>\t\t\t\t<\/div>\n\t\t\t\t<\/div>\n\t\t\t\t<div class=\"elementor-element elementor-element-9fae650 elementor-widget elementor-widget-text-editor\" data-id=\"9fae650\" data-element_type=\"widget\" data-e-type=\"widget\" data-widget_type=\"text-editor.default\">\n\t\t\t\t<div class=\"elementor-widget-container\">\n\t\t\t\t\t\t\t\t\t<div class=\"flex max-w-full flex-col flex-grow\"><div class=\"min-h-8 text-message flex w-full flex-col items-end gap-2 whitespace-normal break-words text-start [.text-message+&amp;]:mt-5\" dir=\"auto\" data-message-author-role=\"assistant\" data-message-id=\"2454982b-b2ad-4e67-abc8-0ffda8dfd2fb\" data-message-model-slug=\"gpt-4o\"><div class=\"flex w-full flex-col gap-1 empty:hidden first:pt-[3px]\"><div class=\"markdown prose w-full break-words dark:prose-invert light\"><p data-pm-slice=\"1 1 []\">Einige Parks, wie das Marineland und der Katmandu-Park, haben w\u00e4hrend der Feiertage m\u00f6glicherweise andere \u00d6ffnungszeiten.<\/p><\/div><\/div><\/div><\/div>\t\t\t\t\t\t\t\t<\/div>\n\t\t\t\t<\/div>\n\t\t\t\t\t<\/div>\n\t\t<\/div>\n\t\t\t\t<div class=\"elementor-column elementor-col-25 elementor-top-column elementor-element elementor-element-e74e1ed elementor-hidden-desktop elementor-hidden-tablet elementor-hidden-mobile\" data-id=\"e74e1ed\" data-element_type=\"column\" data-e-type=\"column\">\n\t\t\t<div class=\"elementor-widget-wrap elementor-element-populated\">\n\t\t\t\t\t\t<div class=\"elementor-element elementor-element-aecc09f elementor-widget elementor-widget-image\" data-id=\"aecc09f\" data-element_type=\"widget\" data-e-type=\"widget\" data-widget_type=\"image.default\">\n\t\t\t\t<div class=\"elementor-widget-container\">\n\t\t\t\t\t\t\t\t\t\t\t\t\t\t\t<img loading=\"lazy\" decoding=\"async\" width=\"150\" height=\"150\" src=\"https:\/\/www.idealpropertymallorca.com\/blog\/wp-content\/uploads\/2025\/01\/semana-santa-mallorca-17.png\" class=\"attachment-large size-large wp-image-16894\" alt=\"Easter in Majorca\" \/>\t\t\t\t\t\t\t\t\t\t\t\t\t\t\t<\/div>\n\t\t\t\t<\/div>\n\t\t\t\t<div class=\"elementor-element elementor-element-4f6f760 elementor-widget elementor-widget-heading\" data-id=\"4f6f760\" data-element_type=\"widget\" data-e-type=\"widget\" data-widget_type=\"heading.default\">\n\t\t\t\t<div class=\"elementor-widget-container\">\n\t\t\t\t\t<h3 class=\"elementor-heading-title elementor-size-default\">Nehmen Sie zus\u00e4tzliche Kleidung mit<\/h3>\t\t\t\t<\/div>\n\t\t\t\t<\/div>\n\t\t\t\t<div class=\"elementor-element elementor-element-0f208bd elementor-widget elementor-widget-text-editor\" data-id=\"0f208bd\" data-element_type=\"widget\" data-e-type=\"widget\" data-widget_type=\"text-editor.default\">\n\t\t\t\t<div class=\"elementor-widget-container\">\n\t\t\t\t\t\t\t\t\t<div dir=\"auto\" data-message-author-role=\"assistant\" data-message-id=\"2454982b-b2ad-4e67-abc8-0ffda8dfd2fb\" data-message-model-slug=\"gpt-4o\"><p data-pm-slice=\"1 1 []\">Bei Aktivit\u00e4ten im Freien k\u00f6nnen die Kinder nass oder schmutzig werden, daher ist es ratsam, Ersatzkleidung einzupacken.<\/p><\/div>\t\t\t\t\t\t\t\t<\/div>\n\t\t\t\t<\/div>\n\t\t\t\t\t<\/div>\n\t\t<\/div>\n\t\t\t\t<div class=\"elementor-column elementor-col-25 elementor-top-column elementor-element elementor-element-0b67f09 elementor-hidden-desktop\" data-id=\"0b67f09\" data-element_type=\"column\" data-e-type=\"column\">\n\t\t\t<div class=\"elementor-widget-wrap elementor-element-populated\">\n\t\t\t\t\t\t<div class=\"elementor-element elementor-element-39bcb47 elementor-widget elementor-widget-image\" data-id=\"39bcb47\" data-element_type=\"widget\" data-e-type=\"widget\" data-widget_type=\"image.default\">\n\t\t\t\t<div class=\"elementor-widget-container\">\n\t\t\t\t\t\t\t\t\t\t\t\t\t\t\t<img loading=\"lazy\" decoding=\"async\" width=\"150\" height=\"150\" src=\"https:\/\/www.idealpropertymallorca.com\/blog\/wp-content\/uploads\/2025\/01\/semana-santa-mallorca-15.png\" class=\"attachment-large size-large wp-image-16886\" alt=\"Easter in Majorca\" \/>\t\t\t\t\t\t\t\t\t\t\t\t\t\t\t<\/div>\n\t\t\t\t<\/div>\n\t\t\t\t<div class=\"elementor-element elementor-element-472508e elementor-widget elementor-widget-heading\" data-id=\"472508e\" data-element_type=\"widget\" data-e-type=\"widget\" data-widget_type=\"heading.default\">\n\t\t\t\t<div class=\"elementor-widget-container\">\n\t\t\t\t\t<h3 class=\"elementor-heading-title elementor-size-default\">Erkunden Sie familienfreundliche Wanderwege<\/h3>\t\t\t\t<\/div>\n\t\t\t\t<\/div>\n\t\t\t\t<div class=\"elementor-element elementor-element-8cfa89e elementor-widget elementor-widget-text-editor\" data-id=\"8cfa89e\" data-element_type=\"widget\" data-e-type=\"widget\" data-widget_type=\"text-editor.default\">\n\t\t\t\t<div class=\"elementor-widget-container\">\n\t\t\t\t\t\t\t\t\t<div class=\"flex max-w-full flex-col flex-grow\"><div class=\"min-h-8 text-message flex w-full flex-col items-end gap-2 whitespace-normal break-words text-start [.text-message+&amp;]:mt-5\" dir=\"auto\" data-message-author-role=\"assistant\" data-message-id=\"2454982b-b2ad-4e67-abc8-0ffda8dfd2fb\" data-message-model-slug=\"gpt-4o\"><div class=\"flex w-full flex-col gap-1 empty:hidden first:pt-[3px]\"><div class=\"markdown prose w-full break-words dark:prose-invert light\"><p data-pm-slice=\"1 1 []\">Auf Mallorca gibt es zahlreiche Wanderwege, die f\u00fcr Familien geeignet sind, wie z. B. der Weg durch den ruhigen Naturpark Mondrag\u00f3.<\/p><\/div><\/div><\/div><\/div>\t\t\t\t\t\t\t\t<\/div>\n\t\t\t\t<\/div>\n\t\t\t\t\t<\/div>\n\t\t<\/div>\n\t\t\t\t<div class=\"elementor-column elementor-col-25 elementor-top-column elementor-element elementor-element-ec889a4 elementor-hidden-desktop\" data-id=\"ec889a4\" data-element_type=\"column\" data-e-type=\"column\">\n\t\t\t<div class=\"elementor-widget-wrap elementor-element-populated\">\n\t\t\t\t\t\t<div class=\"elementor-element elementor-element-4998ae5 elementor-widget elementor-widget-image\" data-id=\"4998ae5\" data-element_type=\"widget\" data-e-type=\"widget\" data-widget_type=\"image.default\">\n\t\t\t\t<div class=\"elementor-widget-container\">\n\t\t\t\t\t\t\t\t\t\t\t\t\t\t\t<img loading=\"lazy\" decoding=\"async\" width=\"150\" height=\"150\" src=\"https:\/\/www.idealpropertymallorca.com\/blog\/wp-content\/uploads\/2025\/01\/semana-santa-mallorca-16.png\" class=\"attachment-large size-large wp-image-16890\" alt=\"Easter in Majorca\" \/>\t\t\t\t\t\t\t\t\t\t\t\t\t\t\t<\/div>\n\t\t\t\t<\/div>\n\t\t\t\t<div class=\"elementor-element elementor-element-5d00e1f elementor-widget elementor-widget-heading\" data-id=\"5d00e1f\" data-element_type=\"widget\" data-e-type=\"widget\" data-widget_type=\"heading.default\">\n\t\t\t\t<div class=\"elementor-widget-container\">\n\t\t\t\t\t<h3 class=\"elementor-heading-title elementor-size-default\">Nehmen Sie an Workshops teil<\/h3>\t\t\t\t<\/div>\n\t\t\t\t<\/div>\n\t\t\t\t<div class=\"elementor-element elementor-element-a34bed6 elementor-widget elementor-widget-text-editor\" data-id=\"a34bed6\" data-element_type=\"widget\" data-e-type=\"widget\" data-widget_type=\"text-editor.default\">\n\t\t\t\t<div class=\"elementor-widget-container\">\n\t\t\t\t\t\t\t\t\t<div class=\"flex max-w-full flex-col flex-grow\"><div class=\"min-h-8 text-message flex w-full flex-col items-end gap-2 whitespace-normal break-words text-start [.text-message+&amp;]:mt-5\" dir=\"auto\" data-message-author-role=\"assistant\" data-message-id=\"2454982b-b2ad-4e67-abc8-0ffda8dfd2fb\" data-message-model-slug=\"gpt-4o\"><div class=\"flex w-full flex-col gap-1 empty:hidden first:pt-[3px]\"><div class=\"markdown prose w-full break-words dark:prose-invert light\"><p data-pm-slice=\"1 1 []\">Museen und Kulturzentren bieten zu Ostern h\u00e4ufig familienfreundliche Workshops an. Informieren Sie sich \u00fcber die Aktivit\u00e4ten in <a href=\"https:\/\/miromallorca.com\/en\/\">Mir\u00f3<\/a> und <a href=\"https:\/\/www.esbaluard.org\/en\/\">Es Baluard<\/a>.<\/p><\/div><\/div><\/div><\/div>\t\t\t\t\t\t\t\t<\/div>\n\t\t\t\t<\/div>\n\t\t\t\t\t<\/div>\n\t\t<\/div>\n\t\t\t\t\t<\/div>\n\t\t<\/section>\n\t\t\t\t<section class=\"elementor-section elementor-top-section elementor-element elementor-element-7be8a56 elementor-section-boxed elementor-section-height-default elementor-section-height-default\" data-id=\"7be8a56\" data-element_type=\"section\" data-e-type=\"section\">\n\t\t\t\t\t\t<div class=\"elementor-container elementor-column-gap-default\">\n\t\t\t\t\t<div class=\"elementor-column elementor-col-50 elementor-top-column elementor-element elementor-element-e299a11\" data-id=\"e299a11\" data-element_type=\"column\" data-e-type=\"column\">\n\t\t\t<div class=\"elementor-widget-wrap elementor-element-populated\">\n\t\t\t\t\t\t<div class=\"elementor-element elementor-element-c32764b elementor-widget elementor-widget-image\" data-id=\"c32764b\" data-element_type=\"widget\" data-e-type=\"widget\" data-widget_type=\"image.default\">\n\t\t\t\t<div class=\"elementor-widget-container\">\n\t\t\t\t\t\t\t\t\t\t\t\t\t\t\t<img loading=\"lazy\" decoding=\"async\" width=\"800\" height=\"400\" src=\"https:\/\/www.idealpropertymallorca.com\/blog\/wp-content\/uploads\/2025\/01\/easter-in-majorca-10-1024x512.webp\" class=\"attachment-large size-large wp-image-16842\" alt=\"Easter in Majorca\" srcset=\"https:\/\/www.idealpropertymallorca.com\/blog\/wp-content\/uploads\/2025\/01\/easter-in-majorca-10-1024x512.webp 1024w, https:\/\/www.idealpropertymallorca.com\/blog\/wp-content\/uploads\/2025\/01\/easter-in-majorca-10-300x150.webp 300w, https:\/\/www.idealpropertymallorca.com\/blog\/wp-content\/uploads\/2025\/01\/easter-in-majorca-10-768x384.webp 768w, https:\/\/www.idealpropertymallorca.com\/blog\/wp-content\/uploads\/2025\/01\/easter-in-majorca-10.webp 1229w\" sizes=\"(max-width: 800px) 100vw, 800px\" \/>\t\t\t\t\t\t\t\t\t\t\t\t\t\t\t<\/div>\n\t\t\t\t<\/div>\n\t\t\t\t\t<\/div>\n\t\t<\/div>\n\t\t\t\t<div class=\"elementor-column elementor-col-50 elementor-top-column elementor-element elementor-element-93ee856 elementor-hidden-tablet elementor-hidden-mobile\" data-id=\"93ee856\" data-element_type=\"column\" data-e-type=\"column\">\n\t\t\t<div class=\"elementor-widget-wrap elementor-element-populated\">\n\t\t\t\t\t\t<div class=\"elementor-element elementor-element-df76aca elementor-widget elementor-widget-image\" data-id=\"df76aca\" data-element_type=\"widget\" data-e-type=\"widget\" data-widget_type=\"image.default\">\n\t\t\t\t<div class=\"elementor-widget-container\">\n\t\t\t\t\t\t\t\t\t\t\t\t\t\t\t<img loading=\"lazy\" decoding=\"async\" width=\"800\" height=\"400\" src=\"https:\/\/www.idealpropertymallorca.com\/blog\/wp-content\/uploads\/2025\/01\/easter-in-majorca-11-1024x512.webp\" class=\"attachment-large size-large wp-image-16850\" alt=\"Easter in Majorca\" srcset=\"https:\/\/www.idealpropertymallorca.com\/blog\/wp-content\/uploads\/2025\/01\/easter-in-majorca-11-1024x512.webp 1024w, https:\/\/www.idealpropertymallorca.com\/blog\/wp-content\/uploads\/2025\/01\/easter-in-majorca-11-300x150.webp 300w, https:\/\/www.idealpropertymallorca.com\/blog\/wp-content\/uploads\/2025\/01\/easter-in-majorca-11-768x384.webp 768w, https:\/\/www.idealpropertymallorca.com\/blog\/wp-content\/uploads\/2025\/01\/easter-in-majorca-11.webp 1229w\" sizes=\"(max-width: 800px) 100vw, 800px\" \/>\t\t\t\t\t\t\t\t\t\t\t\t\t\t\t<\/div>\n\t\t\t\t<\/div>\n\t\t\t\t\t<\/div>\n\t\t<\/div>\n\t\t\t\t\t<\/div>\n\t\t<\/section>\n\t\t\t\t<section class=\"elementor-section elementor-top-section elementor-element elementor-element-e38095b elementor-section-boxed elementor-section-height-default elementor-section-height-default\" data-id=\"e38095b\" data-element_type=\"section\" data-e-type=\"section\">\n\t\t\t\t\t\t<div class=\"elementor-container elementor-column-gap-default\">\n\t\t\t\t\t<div class=\"elementor-column elementor-col-100 elementor-top-column elementor-element elementor-element-1dbc71d\" data-id=\"1dbc71d\" data-element_type=\"column\" data-e-type=\"column\">\n\t\t\t<div class=\"elementor-widget-wrap elementor-element-populated\">\n\t\t\t\t\t\t<div class=\"elementor-element elementor-element-3d607f8 elementor-widget elementor-widget-heading\" data-id=\"3d607f8\" data-element_type=\"widget\" data-e-type=\"widget\" data-widget_type=\"heading.default\">\n\t\t\t\t<div class=\"elementor-widget-container\">\n\t\t\t\t\t<h2 class=\"elementor-heading-title elementor-size-default\">N\u00dcTZLICHE ANTWORTEN AUF H\u00c4UFIG GESTELLTE FRAGEN<\/h2>\t\t\t\t<\/div>\n\t\t\t\t<\/div>\n\t\t\t\t<div class=\"elementor-element elementor-element-37ddd82 elementor-widget elementor-widget-text-editor\" data-id=\"37ddd82\" data-element_type=\"widget\" data-e-type=\"widget\" data-widget_type=\"text-editor.default\">\n\t\t\t\t<div class=\"elementor-widget-container\">\n\t\t\t\t\t\t\t\t\t<p data-pm-slice=\"1 1 []\">In diesem Abschnitt haben wir einige n\u00fctzliche Antworten zusammengestellt, die Ihnen bei der Planung Ihrer Reise nach Mallorca helfen sollen. Hier finden Sie Informationen zu Fl\u00fcgen und anderen Themen, damit Sie Ihre Zeit auf der Insel optimal nutzen k\u00f6nnen.<\/p>\t\t\t\t\t\t\t\t<\/div>\n\t\t\t\t<\/div>\n\t\t\t\t\t<\/div>\n\t\t<\/div>\n\t\t\t\t\t<\/div>\n\t\t<\/section>\n\t\t\t\t<section class=\"elementor-section elementor-top-section elementor-element elementor-element-6968fbd elementor-section-boxed elementor-section-height-default elementor-section-height-default\" data-id=\"6968fbd\" data-element_type=\"section\" data-e-type=\"section\">\n\t\t\t\t\t\t<div class=\"elementor-container elementor-column-gap-default\">\n\t\t\t\t\t<div class=\"elementor-column elementor-col-100 elementor-top-column elementor-element elementor-element-44c3e68\" data-id=\"44c3e68\" data-element_type=\"column\" data-e-type=\"column\">\n\t\t\t<div class=\"elementor-widget-wrap elementor-element-populated\">\n\t\t\t\t\t\t<div class=\"elementor-element elementor-element-14b56d7 elementor-testimonial--align-left elementor-testimonial--skin-default elementor-testimonial--layout-image_inline elementor-arrows-yes elementor-pagination-type-bullets elementor-widget elementor-widget-testimonial-carousel\" data-id=\"14b56d7\" data-element_type=\"widget\" data-e-type=\"widget\" data-settings=\"{&quot;autoplay_speed&quot;:8000,&quot;show_arrows&quot;:&quot;yes&quot;,&quot;pagination&quot;:&quot;bullets&quot;,&quot;speed&quot;:500,&quot;autoplay&quot;:&quot;yes&quot;,&quot;loop&quot;:&quot;yes&quot;,&quot;pause_on_hover&quot;:&quot;yes&quot;,&quot;pause_on_interaction&quot;:&quot;yes&quot;,&quot;space_between&quot;:{&quot;unit&quot;:&quot;px&quot;,&quot;size&quot;:10,&quot;sizes&quot;:[]},&quot;space_between_tablet&quot;:{&quot;unit&quot;:&quot;px&quot;,&quot;size&quot;:10,&quot;sizes&quot;:[]},&quot;space_between_mobile&quot;:{&quot;unit&quot;:&quot;px&quot;,&quot;size&quot;:10,&quot;sizes&quot;:[]}}\" data-widget_type=\"testimonial-carousel.default\">\n\t\t\t\t<div class=\"elementor-widget-container\">\n\t\t\t\t\t\t\t\t\t<div class=\"elementor-swiper\">\n\t\t\t\t\t<div class=\"elementor-main-swiper swiper\" role=\"region\" aria-roledescription=\"carousel\" aria-label=\"Slides\">\n\t\t\t\t<div class=\"swiper-wrapper\">\n\t\t\t\t\t\t\t\t\t\t\t<div class=\"swiper-slide\" role=\"group\" aria-roledescription=\"slide\">\n\t\t\t\t\t\t\t\t\t<div class=\"elementor-testimonial\">\n\t\t\t\t\t\t\t<div class=\"elementor-testimonial__content\">\n\t\t\t\t\t<div class=\"elementor-testimonial__text\">\n\t\t\t\t\t\t<H3>Wie viel kosten Fl\u00fcge Mallorca Ostern?<\/H3>\n<p>Der Preis f\u00fcr einen Mallorca Flug Ostern h\u00e4ngt vom Abflugort und davon ab, wie lange im Voraus Sie buchen. Von Deutschland aus kostet ein Flugticket normalerweise zwischen 160 und 450 Euro. Aus dem Vereinigten K\u00f6nigreich kann ein Flug nach Mallorca zu Ostern zwischen 90 und 200 Pfund kosten, w\u00e4hrend ein Flug von Frankreich nach Mallorca ab 70 Euro m\u00f6glich ist.<\/p>\t\t\t\t\t<\/div>\n\t\t\t\t\t\t\t\t\t<\/div>\n\t\t\t\t\t\t<div class=\"elementor-testimonial__footer\">\n\t\t\t\t\t\t\t\t\t\t\t<\/div>\n\t\t<\/div>\n\t\t\t\t\t\t\t\t<\/div>\n\t\t\t\t\t\t\t\t\t\t\t<div class=\"swiper-slide\" role=\"group\" aria-roledescription=\"slide\">\n\t\t\t\t\t\t\t\t\t<div class=\"elementor-testimonial\">\n\t\t\t\t\t\t\t<div class=\"elementor-testimonial__content\">\n\t\t\t\t\t<div class=\"elementor-testimonial__text\">\n\t\t\t\t\t\t<H3>Ist der Ostermontag ein gesetzlicher Feiertag?<\/H3>\n<p>In Spanien ist der Ostermontag ein gesetzlicher Ersatzfeiertag. Er h\u00e4ngt also von der Entscheidung der Autonomen Gemeinschaft ab. Im Jahr 2025 wird der Ostermontag auf den Balearen, in Kantabrien, Katalonien, der Autonomen Gemeinschaft Valencia und im Baskenland ein gesetzlicher Feiertag sein.<\/p>\t\t\t\t\t<\/div>\n\t\t\t\t\t\t\t\t\t<\/div>\n\t\t\t\t\t\t<div class=\"elementor-testimonial__footer\">\n\t\t\t\t\t\t\t\t\t\t\t<\/div>\n\t\t<\/div>\n\t\t\t\t\t\t\t\t<\/div>\n\t\t\t\t\t\t\t\t\t\t\t<div class=\"swiper-slide\" role=\"group\" aria-roledescription=\"slide\">\n\t\t\t\t\t\t\t\t\t<div class=\"elementor-testimonial\">\n\t\t\t\t\t\t\t<div class=\"elementor-testimonial__content\">\n\t\t\t\t\t<div class=\"elementor-testimonial__text\">\n\t\t\t\t\t\t<H3>Sind die Ostern Mallorca Gesch\u00e4fte und Restaurants ge\u00f6ffnet? <\/H3>\n<p>Ja, die meisten Ostern Mallorca Gesch\u00e4fte und Restaurants auf Mallorca sind zu Ostern ge\u00f6ffnet, da dies eine beliebte Zeit f\u00fcr Einheimische und Touristen ist. Einige Restaurants an der K\u00fcste oder Chiringuitos am Strand k\u00f6nnen jedoch geschlossen sein oder eingeschr\u00e4nkte \u00d6ffnungszeiten haben, da Ostern der Beginn der Touristensaison ist, einige Gebiete aber noch als Nebensaison gelten. Es ist immer eine gute Idee, sich im Voraus zu erkundigen, wenn Sie bestimmte Orte ins Auge gefasst haben, vor allem, wenn sie sich in abgelegenen Gebieten oder in Calas befinden.<\/p>\t\t\t\t\t<\/div>\n\t\t\t\t\t\t\t\t\t<\/div>\n\t\t\t\t\t\t<div class=\"elementor-testimonial__footer\">\n\t\t\t\t\t\t\t\t\t\t\t<\/div>\n\t\t<\/div>\n\t\t\t\t\t\t\t\t<\/div>\n\t\t\t\t\t\t\t\t\t<\/div>\n\t\t\t\t\t\t\t\t\t\t\t\t\t\t\t<div class=\"elementor-swiper-button elementor-swiper-button-prev\" role=\"button\" tabindex=\"0\" aria-label=\"Previous\">\n\t\t\t\t\t\t\t<i aria-hidden=\"true\" class=\"eicon-chevron-left\"><\/i>\t\t\t\t\t\t<\/div>\n\t\t\t\t\t\t<div class=\"elementor-swiper-button elementor-swiper-button-next\" role=\"button\" tabindex=\"0\" aria-label=\"Next\">\n\t\t\t\t\t\t\t<i aria-hidden=\"true\" class=\"eicon-chevron-right\"><\/i>\t\t\t\t\t\t<\/div>\n\t\t\t\t\t\t\t\t\t\t\t\t\t\t\t\t<div class=\"swiper-pagination\"><\/div>\n\t\t\t\t\t\t\t\t\t\t\t\t<\/div>\n\t\t\t\t<\/div>\n\t\t\t\t\t\t\t\t<\/div>\n\t\t\t\t<\/div>\n\t\t\t\t\t<\/div>\n\t\t<\/div>\n\t\t\t\t\t<\/div>\n\t\t<\/section>\n\t\t\t\t<section class=\"elementor-section elementor-top-section elementor-element elementor-element-ab2392a elementor-section-boxed elementor-section-height-default elementor-section-height-default\" data-id=\"ab2392a\" data-element_type=\"section\" data-e-type=\"section\">\n\t\t\t\t\t\t<div class=\"elementor-container elementor-column-gap-default\">\n\t\t\t\t\t<div class=\"elementor-column elementor-col-50 elementor-top-column elementor-element elementor-element-a6abf20\" data-id=\"a6abf20\" data-element_type=\"column\" data-e-type=\"column\">\n\t\t\t<div class=\"elementor-widget-wrap elementor-element-populated\">\n\t\t\t\t\t\t<div class=\"elementor-element elementor-element-26aa46a elementor-widget elementor-widget-image\" data-id=\"26aa46a\" data-element_type=\"widget\" data-e-type=\"widget\" data-widget_type=\"image.default\">\n\t\t\t\t<div class=\"elementor-widget-container\">\n\t\t\t\t\t\t\t\t\t\t\t\t\t\t\t<img loading=\"lazy\" decoding=\"async\" width=\"800\" height=\"400\" src=\"https:\/\/www.idealpropertymallorca.com\/blog\/wp-content\/uploads\/2025\/01\/easter-in-majorca-15-1024x512.webp\" class=\"attachment-large size-large wp-image-16846\" alt=\"Easter in Majorca\" srcset=\"https:\/\/www.idealpropertymallorca.com\/blog\/wp-content\/uploads\/2025\/01\/easter-in-majorca-15-1024x512.webp 1024w, https:\/\/www.idealpropertymallorca.com\/blog\/wp-content\/uploads\/2025\/01\/easter-in-majorca-15-300x150.webp 300w, https:\/\/www.idealpropertymallorca.com\/blog\/wp-content\/uploads\/2025\/01\/easter-in-majorca-15-768x384.webp 768w, https:\/\/www.idealpropertymallorca.com\/blog\/wp-content\/uploads\/2025\/01\/easter-in-majorca-15.webp 1229w\" sizes=\"(max-width: 800px) 100vw, 800px\" \/>\t\t\t\t\t\t\t\t\t\t\t\t\t\t\t<\/div>\n\t\t\t\t<\/div>\n\t\t\t\t\t<\/div>\n\t\t<\/div>\n\t\t\t\t<div class=\"elementor-column elementor-col-50 elementor-top-column elementor-element elementor-element-f561071 elementor-hidden-tablet elementor-hidden-mobile\" data-id=\"f561071\" data-element_type=\"column\" data-e-type=\"column\">\n\t\t\t<div class=\"elementor-widget-wrap elementor-element-populated\">\n\t\t\t\t\t\t<div class=\"elementor-element elementor-element-741ed0e elementor-widget elementor-widget-image\" data-id=\"741ed0e\" data-element_type=\"widget\" data-e-type=\"widget\" data-widget_type=\"image.default\">\n\t\t\t\t<div class=\"elementor-widget-container\">\n\t\t\t\t\t\t\t\t\t\t\t\t\t\t\t<img loading=\"lazy\" decoding=\"async\" width=\"800\" height=\"400\" src=\"https:\/\/www.idealpropertymallorca.com\/blog\/wp-content\/uploads\/2025\/01\/easter-in-majorca-14-1024x512.webp\" class=\"attachment-large size-large wp-image-16858\" alt=\"Easter in Majorca\" srcset=\"https:\/\/www.idealpropertymallorca.com\/blog\/wp-content\/uploads\/2025\/01\/easter-in-majorca-14-1024x512.webp 1024w, https:\/\/www.idealpropertymallorca.com\/blog\/wp-content\/uploads\/2025\/01\/easter-in-majorca-14-300x150.webp 300w, https:\/\/www.idealpropertymallorca.com\/blog\/wp-content\/uploads\/2025\/01\/easter-in-majorca-14-768x384.webp 768w, https:\/\/www.idealpropertymallorca.com\/blog\/wp-content\/uploads\/2025\/01\/easter-in-majorca-14.webp 1229w\" sizes=\"(max-width: 800px) 100vw, 800px\" \/>\t\t\t\t\t\t\t\t\t\t\t\t\t\t\t<\/div>\n\t\t\t\t<\/div>\n\t\t\t\t\t<\/div>\n\t\t<\/div>\n\t\t\t\t\t<\/div>\n\t\t<\/section>\n\t\t\t\t<section class=\"elementor-section elementor-top-section elementor-element elementor-element-1c7b742 elementor-section-boxed elementor-section-height-default elementor-section-height-default\" data-id=\"1c7b742\" data-element_type=\"section\" data-e-type=\"section\">\n\t\t\t\t\t\t<div class=\"elementor-container elementor-column-gap-default\">\n\t\t\t\t\t<div class=\"elementor-column elementor-col-100 elementor-top-column elementor-element elementor-element-1317bd4\" data-id=\"1317bd4\" data-element_type=\"column\" data-e-type=\"column\">\n\t\t\t<div class=\"elementor-widget-wrap elementor-element-populated\">\n\t\t\t\t\t\t<div class=\"elementor-element elementor-element-f15345f elementor-widget elementor-widget-heading\" data-id=\"f15345f\" data-element_type=\"widget\" data-e-type=\"widget\" data-widget_type=\"heading.default\">\n\t\t\t\t<div class=\"elementor-widget-container\">\n\t\t\t\t\t<h2 class=\"elementor-heading-title elementor-size-default\">Ostern Mallorca Angebote: Last-Minute-Unterk\u00fcnfte zu den besten Preisen<\/h2>\t\t\t\t<\/div>\n\t\t\t\t<\/div>\n\t\t\t\t<div class=\"elementor-element elementor-element-70369f2 elementor-widget elementor-widget-text-editor\" data-id=\"70369f2\" data-element_type=\"widget\" data-e-type=\"widget\" data-widget_type=\"text-editor.default\">\n\t\t\t\t<div class=\"elementor-widget-container\">\n\t\t\t\t\t\t\t\t\t<p>Wenn Sie auf der Suche nach <strong>Last Minute Mallorca Ostern<\/strong>-Unterk\u00fcnften sind, bietet Ideal Property Mallorca die besten <strong>Ostern Mallorca Angebote<\/strong> f\u00fcr Last-Minute-Reisen. Wir verf\u00fcgen \u00fcber komfortable Unterk\u00fcnfte, die mit allen wichtigen Dienstleistungen und exklusiven Annehmlichkeiten wie beheizten Pools, Grills, Heizung und Kaminen ausgestattet sind und einen gem\u00fctlichen Rahmen f\u00fcr Familientreffen bieten.<\/p><p>Schauen Sie sich unsere Unterk\u00fcnfte an und machen Sie sich bereit f\u00fcr ein einzigartiges Abenteuer!<\/p>\t\t\t\t\t\t\t\t<\/div>\n\t\t\t\t<\/div>\n\t\t\t\t\t<\/div>\n\t\t<\/div>\n\t\t\t\t\t<\/div>\n\t\t<\/section>\n\t\t\t\t<section class=\"elementor-section elementor-top-section elementor-element elementor-element-1260b43 elementor-section-boxed elementor-section-height-default elementor-section-height-default\" data-id=\"1260b43\" data-element_type=\"section\" data-e-type=\"section\">\n\t\t\t\t\t\t<div class=\"elementor-container elementor-column-gap-default\">\n\t\t\t\t\t<div class=\"elementor-column elementor-col-100 elementor-top-column elementor-element elementor-element-03c7fd6\" data-id=\"03c7fd6\" data-element_type=\"column\" data-e-type=\"column\">\n\t\t\t<div class=\"elementor-widget-wrap elementor-element-populated\">\n\t\t\t\t\t\t<div class=\"elementor-element elementor-element-6557725 elementor-widget elementor-widget-shortcode\" data-id=\"6557725\" data-element_type=\"widget\" data-e-type=\"widget\" data-widget_type=\"shortcode.default\">\n\t\t\t\t<div class=\"elementor-widget-container\">\n\t\t\t\t\t\t\t<div class=\"elementor-shortcode\">\t\t<div data-elementor-type=\"section\" data-elementor-id=\"14668\" class=\"elementor elementor-14668 elementor-1954 elementor-1954\" data-elementor-post-type=\"elementor_library\">\n\t\t\t\t\t<section class=\"elementor-section elementor-top-section elementor-element elementor-element-5778b12d elementor-section-boxed elementor-section-height-default elementor-section-height-default\" data-id=\"5778b12d\" data-element_type=\"section\" data-e-type=\"section\">\n\t\t\t\t\t\t<div class=\"elementor-container elementor-column-gap-default\">\n\t\t\t\t\t<div class=\"elementor-column elementor-col-33 elementor-top-column elementor-element elementor-element-7b63db41\" data-id=\"7b63db41\" data-element_type=\"column\" data-e-type=\"column\">\n\t\t\t<div class=\"elementor-widget-wrap elementor-element-populated\">\n\t\t\t\t\t\t<div class=\"elementor-element elementor-element-6130cb39 elementor-align-center elementor-widget elementor-widget-button\" data-id=\"6130cb39\" data-element_type=\"widget\" data-e-type=\"widget\" data-widget_type=\"button.default\">\n\t\t\t\t<div class=\"elementor-widget-container\">\n\t\t\t\t\t\t\t\t\t<div class=\"elementor-button-wrapper\">\n\t\t\t\t\t<a class=\"elementor-button elementor-button-link elementor-size-sm\" href=\"https:\/\/www.idealpropertymallorca.com\/de\/wohnungen-zur-miete-auf-mallorca\/\">\n\t\t\t\t\t\t<span class=\"elementor-button-content-wrapper\">\n\t\t\t\t\t\t\t\t\t<span class=\"elementor-button-text\">Ferienwohnungen auf Mallorca<\/span>\n\t\t\t\t\t<\/span>\n\t\t\t\t\t<\/a>\n\t\t\t\t<\/div>\n\t\t\t\t\t\t\t\t<\/div>\n\t\t\t\t<\/div>\n\t\t\t\t\t<\/div>\n\t\t<\/div>\n\t\t\t\t<div class=\"elementor-column elementor-col-33 elementor-top-column elementor-element elementor-element-22b4a260\" data-id=\"22b4a260\" data-element_type=\"column\" data-e-type=\"column\">\n\t\t\t<div class=\"elementor-widget-wrap elementor-element-populated\">\n\t\t\t\t\t\t<div class=\"elementor-element elementor-element-79a06728 elementor-align-center elementor-widget elementor-widget-button\" data-id=\"79a06728\" data-element_type=\"widget\" data-e-type=\"widget\" data-widget_type=\"button.default\">\n\t\t\t\t<div class=\"elementor-widget-container\">\n\t\t\t\t\t\t\t\t\t<div class=\"elementor-button-wrapper\">\n\t\t\t\t\t<a class=\"elementor-button elementor-button-link elementor-size-sm\" href=\"https:\/\/www.idealpropertymallorca.com\/de\/ferienhauser-mallorca-mieten\/\">\n\t\t\t\t\t\t<span class=\"elementor-button-content-wrapper\">\n\t\t\t\t\t\t\t\t\t<span class=\"elementor-button-text\">Ferienh\u00e4user auf Mallorca<\/span>\n\t\t\t\t\t<\/span>\n\t\t\t\t\t<\/a>\n\t\t\t\t<\/div>\n\t\t\t\t\t\t\t\t<\/div>\n\t\t\t\t<\/div>\n\t\t\t\t\t<\/div>\n\t\t<\/div>\n\t\t\t\t<div class=\"elementor-column elementor-col-33 elementor-top-column elementor-element elementor-element-6d69c362\" data-id=\"6d69c362\" data-element_type=\"column\" data-e-type=\"column\">\n\t\t\t<div class=\"elementor-widget-wrap elementor-element-populated\">\n\t\t\t\t\t\t<div class=\"elementor-element elementor-element-2baf2346 elementor-align-center elementor-widget elementor-widget-button\" data-id=\"2baf2346\" data-element_type=\"widget\" data-e-type=\"widget\" data-widget_type=\"button.default\">\n\t\t\t\t<div class=\"elementor-widget-container\">\n\t\t\t\t\t\t\t\t\t<div class=\"elementor-button-wrapper\">\n\t\t\t\t\t<a class=\"elementor-button elementor-button-link elementor-size-sm\" href=\"https:\/\/www.idealpropertymallorca.com\/de\/mieten-finca-mallorca\/\">\n\t\t\t\t\t\t<span class=\"elementor-button-content-wrapper\">\n\t\t\t\t\t\t\t\t\t<span class=\"elementor-button-text\">L\u00e4ndliche Fincas auf Mallorca<\/span>\n\t\t\t\t\t<\/span>\n\t\t\t\t\t<\/a>\n\t\t\t\t<\/div>\n\t\t\t\t\t\t\t\t<\/div>\n\t\t\t\t<\/div>\n\t\t\t\t\t<\/div>\n\t\t<\/div>\n\t\t\t\t\t<\/div>\n\t\t<\/section>\n\t\t\t\t<\/div>\n\t\t<\/div>\n\t\t\t\t\t\t<\/div>\n\t\t\t\t<\/div>\n\t\t\t\t\t<\/div>\n\t\t<\/div>\n\t\t\t\t\t<\/div>\n\t\t<\/section>\n\t\t\t\t<\/div>\n\t\t","protected":false},"excerpt":{"rendered":"<p>Wenn Sie daran denken, Mallorca w\u00e4hrend der Osterzeit oder Semana Santa zu besuchen, werden Sie eine Mischung aus kulturellen Traditionen und Freizeitaktivit\u00e4ten vorfinden. Egal, ob Sie mit der Familie, als Paar oder allein reisen, es gibt an Ostern auf Mallorca viel zu sehen und zu unternehmen. Dieser Leitfaden hilft Ihnen bei der Planung Ihres Urlaubs [&hellip;]<\/p>\n","protected":false},"author":3,"featured_media":16787,"comment_status":"open","ping_status":"open","sticky":false,"template":"","format":"standard","meta":{"footnotes":""},"categories":[737],"tags":[],"class_list":["post-16959","post","type-post","status-publish","format-standard","has-post-thumbnail","hentry","category-aktivitaten-fur-die-familie"],"yoast_head":"<!-- This site is optimized with the Yoast SEO plugin v27.4 - https:\/\/yoast.com\/product\/yoast-seo-wordpress\/ -->\n<title>Ostern auf Mallorca 2025: Veranstaltungen, Wetter und Reisetipps<\/title>\n<meta name=\"description\" content=\"Sie m\u00f6chten \u00fcber Ostern nach Mallorca reisen? Ohne Zweifel ist es das ideale Reiseziel f\u00fcr 2025. Nutzen Sie unsere besten Tipps!\" \/>\n<meta name=\"robots\" content=\"index, follow, max-snippet:-1, max-image-preview:large, max-video-preview:-1\" \/>\n<link rel=\"canonical\" href=\"https:\/\/www.idealpropertymallorca.com\/blog\/de\/ostern-auf-mallorca-reisetipps\/\" \/>\n<meta property=\"og:locale\" content=\"de_DE\" \/>\n<meta property=\"og:type\" content=\"article\" \/>\n<meta property=\"og:title\" content=\"Ostern auf Mallorca 2025: Veranstaltungen, Wetter und Reisetipps\" \/>\n<meta property=\"og:description\" content=\"Sie m\u00f6chten \u00fcber Ostern nach Mallorca reisen? Ohne Zweifel ist es das ideale Reiseziel f\u00fcr 2025. Nutzen Sie unsere besten Tipps!\" \/>\n<meta property=\"og:url\" content=\"https:\/\/www.idealpropertymallorca.com\/blog\/de\/ostern-auf-mallorca-reisetipps\/\" \/>\n<meta property=\"og:site_name\" content=\"Blog von Mallorca\" \/>\n<meta property=\"article:published_time\" content=\"2025-01-27T14:42:57+00:00\" \/>\n<meta property=\"article:modified_time\" content=\"2025-08-21T06:30:23+00:00\" \/>\n<meta property=\"og:image\" content=\"https:\/\/www.idealpropertymallorca.com\/blog\/wp-content\/uploads\/2025\/01\/semana-santa-mallorca-1.webp\" \/>\n\t<meta property=\"og:image:width\" content=\"1920\" \/>\n\t<meta property=\"og:image:height\" content=\"400\" \/>\n\t<meta property=\"og:image:type\" content=\"image\/webp\" \/>\n<meta name=\"author\" content=\"digitalservices\" \/>\n<meta name=\"twitter:card\" content=\"summary_large_image\" \/>\n<meta name=\"twitter:label1\" content=\"Written by\" \/>\n\t<meta name=\"twitter:data1\" content=\"digitalservices\" \/>\n\t<meta name=\"twitter:label2\" content=\"Est. reading time\" \/>\n\t<meta name=\"twitter:data2\" content=\"13 minutes\" \/>\n<script type=\"application\/ld+json\" class=\"yoast-schema-graph\">{\"@context\":\"https:\\\/\\\/schema.org\",\"@graph\":[{\"@type\":\"Article\",\"@id\":\"https:\\\/\\\/www.idealpropertymallorca.com\\\/blog\\\/de\\\/ostern-auf-mallorca-reisetipps\\\/#article\",\"isPartOf\":{\"@id\":\"https:\\\/\\\/www.idealpropertymallorca.com\\\/blog\\\/de\\\/ostern-auf-mallorca-reisetipps\\\/\"},\"author\":{\"name\":\"digitalservices\",\"@id\":\"https:\\\/\\\/www.idealpropertymallorca.com\\\/blog\\\/de\\\/#\\\/schema\\\/person\\\/8afda339a8de0d6db90fffb895f38917\"},\"headline\":\"Ostern auf Mallorca: Veranstaltungen, Wetter und Reisetipps\",\"datePublished\":\"2025-01-27T14:42:57+00:00\",\"dateModified\":\"2025-08-21T06:30:23+00:00\",\"mainEntityOfPage\":{\"@id\":\"https:\\\/\\\/www.idealpropertymallorca.com\\\/blog\\\/de\\\/ostern-auf-mallorca-reisetipps\\\/\"},\"wordCount\":1547,\"commentCount\":0,\"publisher\":{\"@id\":\"https:\\\/\\\/www.idealpropertymallorca.com\\\/blog\\\/de\\\/#organization\"},\"image\":{\"@id\":\"https:\\\/\\\/www.idealpropertymallorca.com\\\/blog\\\/de\\\/ostern-auf-mallorca-reisetipps\\\/#primaryimage\"},\"thumbnailUrl\":\"https:\\\/\\\/www.idealpropertymallorca.com\\\/blog\\\/wp-content\\\/uploads\\\/2025\\\/01\\\/semana-santa-mallorca-1.webp\",\"articleSection\":[\"Aktivit\u00e4ten f\u00fcr die Familie\"],\"inLanguage\":\"de\",\"potentialAction\":[{\"@type\":\"CommentAction\",\"name\":\"Comment\",\"target\":[\"https:\\\/\\\/www.idealpropertymallorca.com\\\/blog\\\/de\\\/ostern-auf-mallorca-reisetipps\\\/#respond\"]}]},{\"@type\":\"WebPage\",\"@id\":\"https:\\\/\\\/www.idealpropertymallorca.com\\\/blog\\\/de\\\/ostern-auf-mallorca-reisetipps\\\/\",\"url\":\"https:\\\/\\\/www.idealpropertymallorca.com\\\/blog\\\/de\\\/ostern-auf-mallorca-reisetipps\\\/\",\"name\":\"Ostern auf Mallorca 2025: Veranstaltungen, Wetter und Reisetipps\",\"isPartOf\":{\"@id\":\"https:\\\/\\\/www.idealpropertymallorca.com\\\/blog\\\/de\\\/#website\"},\"primaryImageOfPage\":{\"@id\":\"https:\\\/\\\/www.idealpropertymallorca.com\\\/blog\\\/de\\\/ostern-auf-mallorca-reisetipps\\\/#primaryimage\"},\"image\":{\"@id\":\"https:\\\/\\\/www.idealpropertymallorca.com\\\/blog\\\/de\\\/ostern-auf-mallorca-reisetipps\\\/#primaryimage\"},\"thumbnailUrl\":\"https:\\\/\\\/www.idealpropertymallorca.com\\\/blog\\\/wp-content\\\/uploads\\\/2025\\\/01\\\/semana-santa-mallorca-1.webp\",\"datePublished\":\"2025-01-27T14:42:57+00:00\",\"dateModified\":\"2025-08-21T06:30:23+00:00\",\"description\":\"Sie m\u00f6chten \u00fcber Ostern nach Mallorca reisen? Ohne Zweifel ist es das ideale Reiseziel f\u00fcr 2025. Nutzen Sie unsere besten Tipps!\",\"inLanguage\":\"de\",\"potentialAction\":[{\"@type\":\"ReadAction\",\"target\":[\"https:\\\/\\\/www.idealpropertymallorca.com\\\/blog\\\/de\\\/ostern-auf-mallorca-reisetipps\\\/\"]}]},{\"@type\":\"ImageObject\",\"inLanguage\":\"de\",\"@id\":\"https:\\\/\\\/www.idealpropertymallorca.com\\\/blog\\\/de\\\/ostern-auf-mallorca-reisetipps\\\/#primaryimage\",\"url\":\"https:\\\/\\\/www.idealpropertymallorca.com\\\/blog\\\/wp-content\\\/uploads\\\/2025\\\/01\\\/semana-santa-mallorca-1.webp\",\"contentUrl\":\"https:\\\/\\\/www.idealpropertymallorca.com\\\/blog\\\/wp-content\\\/uploads\\\/2025\\\/01\\\/semana-santa-mallorca-1.webp\",\"width\":1920,\"height\":400,\"caption\":\"Easter in Majorca\"},{\"@type\":\"WebSite\",\"@id\":\"https:\\\/\\\/www.idealpropertymallorca.com\\\/blog\\\/de\\\/#website\",\"url\":\"https:\\\/\\\/www.idealpropertymallorca.com\\\/blog\\\/de\\\/\",\"name\":\"Blog von Mallorca\",\"description\":\"Finden Sie touristische Informationen dar\u00fcber, was zu sehen und zu tun auf der Insel Mallorca w\u00e4hrend der Ferien. Entdecken Sie die besten Orte!\",\"publisher\":{\"@id\":\"https:\\\/\\\/www.idealpropertymallorca.com\\\/blog\\\/de\\\/#organization\"},\"potentialAction\":[{\"@type\":\"SearchAction\",\"target\":{\"@type\":\"EntryPoint\",\"urlTemplate\":\"https:\\\/\\\/www.idealpropertymallorca.com\\\/blog\\\/de\\\/?s={search_term_string}\"},\"query-input\":{\"@type\":\"PropertyValueSpecification\",\"valueRequired\":true,\"valueName\":\"search_term_string\"}}],\"inLanguage\":\"de\"},{\"@type\":\"Organization\",\"@id\":\"https:\\\/\\\/www.idealpropertymallorca.com\\\/blog\\\/de\\\/#organization\",\"name\":\"Blog von Mallorca\",\"url\":\"https:\\\/\\\/www.idealpropertymallorca.com\\\/blog\\\/de\\\/\",\"logo\":{\"@type\":\"ImageObject\",\"inLanguage\":\"de\",\"@id\":\"https:\\\/\\\/www.idealpropertymallorca.com\\\/blog\\\/de\\\/#\\\/schema\\\/logo\\\/image\\\/\",\"url\":\"https:\\\/\\\/www.idealpropertymallorca.com\\\/blog\\\/wp-content\\\/uploads\\\/2024\\\/10\\\/ideal-property-mallorca-blue-mobile.png\",\"contentUrl\":\"https:\\\/\\\/www.idealpropertymallorca.com\\\/blog\\\/wp-content\\\/uploads\\\/2024\\\/10\\\/ideal-property-mallorca-blue-mobile.png\",\"width\":500,\"height\":150,\"caption\":\"Blog von Mallorca\"},\"image\":{\"@id\":\"https:\\\/\\\/www.idealpropertymallorca.com\\\/blog\\\/de\\\/#\\\/schema\\\/logo\\\/image\\\/\"}},{\"@type\":\"Person\",\"@id\":\"https:\\\/\\\/www.idealpropertymallorca.com\\\/blog\\\/de\\\/#\\\/schema\\\/person\\\/8afda339a8de0d6db90fffb895f38917\",\"name\":\"digitalservices\",\"image\":{\"@type\":\"ImageObject\",\"inLanguage\":\"de\",\"@id\":\"https:\\\/\\\/secure.gravatar.com\\\/avatar\\\/af30f88a1904294c1f3eb09a9d7903eec4ffa18fa2cf40c28a8681014ecdfc20?s=96&d=mm&r=g\",\"url\":\"https:\\\/\\\/secure.gravatar.com\\\/avatar\\\/af30f88a1904294c1f3eb09a9d7903eec4ffa18fa2cf40c28a8681014ecdfc20?s=96&d=mm&r=g\",\"contentUrl\":\"https:\\\/\\\/secure.gravatar.com\\\/avatar\\\/af30f88a1904294c1f3eb09a9d7903eec4ffa18fa2cf40c28a8681014ecdfc20?s=96&d=mm&r=g\",\"caption\":\"digitalservices\"}}]}<\/script>\n<!-- \/ Yoast SEO plugin. -->","yoast_head_json":{"title":"Ostern auf Mallorca 2025: Veranstaltungen, Wetter und Reisetipps","description":"Sie m\u00f6chten \u00fcber Ostern nach Mallorca reisen? Ohne Zweifel ist es das ideale Reiseziel f\u00fcr 2025. Nutzen Sie unsere besten Tipps!","robots":{"index":"index","follow":"follow","max-snippet":"max-snippet:-1","max-image-preview":"max-image-preview:large","max-video-preview":"max-video-preview:-1"},"canonical":"https:\/\/www.idealpropertymallorca.com\/blog\/de\/ostern-auf-mallorca-reisetipps\/","og_locale":"de_DE","og_type":"article","og_title":"Ostern auf Mallorca 2025: Veranstaltungen, Wetter und Reisetipps","og_description":"Sie m\u00f6chten \u00fcber Ostern nach Mallorca reisen? Ohne Zweifel ist es das ideale Reiseziel f\u00fcr 2025. Nutzen Sie unsere besten Tipps!","og_url":"https:\/\/www.idealpropertymallorca.com\/blog\/de\/ostern-auf-mallorca-reisetipps\/","og_site_name":"Blog von Mallorca","article_published_time":"2025-01-27T14:42:57+00:00","article_modified_time":"2025-08-21T06:30:23+00:00","og_image":[{"width":1920,"height":400,"url":"https:\/\/www.idealpropertymallorca.com\/blog\/wp-content\/uploads\/2025\/01\/semana-santa-mallorca-1.webp","type":"image\/webp"}],"author":"digitalservices","twitter_card":"summary_large_image","twitter_misc":{"Written by":"digitalservices","Est. reading time":"13 minutes"},"schema":{"@context":"https:\/\/schema.org","@graph":[{"@type":"Article","@id":"https:\/\/www.idealpropertymallorca.com\/blog\/de\/ostern-auf-mallorca-reisetipps\/#article","isPartOf":{"@id":"https:\/\/www.idealpropertymallorca.com\/blog\/de\/ostern-auf-mallorca-reisetipps\/"},"author":{"name":"digitalservices","@id":"https:\/\/www.idealpropertymallorca.com\/blog\/de\/#\/schema\/person\/8afda339a8de0d6db90fffb895f38917"},"headline":"Ostern auf Mallorca: Veranstaltungen, Wetter und Reisetipps","datePublished":"2025-01-27T14:42:57+00:00","dateModified":"2025-08-21T06:30:23+00:00","mainEntityOfPage":{"@id":"https:\/\/www.idealpropertymallorca.com\/blog\/de\/ostern-auf-mallorca-reisetipps\/"},"wordCount":1547,"commentCount":0,"publisher":{"@id":"https:\/\/www.idealpropertymallorca.com\/blog\/de\/#organization"},"image":{"@id":"https:\/\/www.idealpropertymallorca.com\/blog\/de\/ostern-auf-mallorca-reisetipps\/#primaryimage"},"thumbnailUrl":"https:\/\/www.idealpropertymallorca.com\/blog\/wp-content\/uploads\/2025\/01\/semana-santa-mallorca-1.webp","articleSection":["Aktivit\u00e4ten f\u00fcr die Familie"],"inLanguage":"de","potentialAction":[{"@type":"CommentAction","name":"Comment","target":["https:\/\/www.idealpropertymallorca.com\/blog\/de\/ostern-auf-mallorca-reisetipps\/#respond"]}]},{"@type":"WebPage","@id":"https:\/\/www.idealpropertymallorca.com\/blog\/de\/ostern-auf-mallorca-reisetipps\/","url":"https:\/\/www.idealpropertymallorca.com\/blog\/de\/ostern-auf-mallorca-reisetipps\/","name":"Ostern auf Mallorca 2025: Veranstaltungen, Wetter und Reisetipps","isPartOf":{"@id":"https:\/\/www.idealpropertymallorca.com\/blog\/de\/#website"},"primaryImageOfPage":{"@id":"https:\/\/www.idealpropertymallorca.com\/blog\/de\/ostern-auf-mallorca-reisetipps\/#primaryimage"},"image":{"@id":"https:\/\/www.idealpropertymallorca.com\/blog\/de\/ostern-auf-mallorca-reisetipps\/#primaryimage"},"thumbnailUrl":"https:\/\/www.idealpropertymallorca.com\/blog\/wp-content\/uploads\/2025\/01\/semana-santa-mallorca-1.webp","datePublished":"2025-01-27T14:42:57+00:00","dateModified":"2025-08-21T06:30:23+00:00","description":"Sie m\u00f6chten \u00fcber Ostern nach Mallorca reisen? Ohne Zweifel ist es das ideale Reiseziel f\u00fcr 2025. Nutzen Sie unsere besten Tipps!","inLanguage":"de","potentialAction":[{"@type":"ReadAction","target":["https:\/\/www.idealpropertymallorca.com\/blog\/de\/ostern-auf-mallorca-reisetipps\/"]}]},{"@type":"ImageObject","inLanguage":"de","@id":"https:\/\/www.idealpropertymallorca.com\/blog\/de\/ostern-auf-mallorca-reisetipps\/#primaryimage","url":"https:\/\/www.idealpropertymallorca.com\/blog\/wp-content\/uploads\/2025\/01\/semana-santa-mallorca-1.webp","contentUrl":"https:\/\/www.idealpropertymallorca.com\/blog\/wp-content\/uploads\/2025\/01\/semana-santa-mallorca-1.webp","width":1920,"height":400,"caption":"Easter in Majorca"},{"@type":"WebSite","@id":"https:\/\/www.idealpropertymallorca.com\/blog\/de\/#website","url":"https:\/\/www.idealpropertymallorca.com\/blog\/de\/","name":"Blog von Mallorca","description":"Finden Sie touristische Informationen dar\u00fcber, was zu sehen und zu tun auf der Insel Mallorca w\u00e4hrend der Ferien. Entdecken Sie die besten Orte!","publisher":{"@id":"https:\/\/www.idealpropertymallorca.com\/blog\/de\/#organization"},"potentialAction":[{"@type":"SearchAction","target":{"@type":"EntryPoint","urlTemplate":"https:\/\/www.idealpropertymallorca.com\/blog\/de\/?s={search_term_string}"},"query-input":{"@type":"PropertyValueSpecification","valueRequired":true,"valueName":"search_term_string"}}],"inLanguage":"de"},{"@type":"Organization","@id":"https:\/\/www.idealpropertymallorca.com\/blog\/de\/#organization","name":"Blog von Mallorca","url":"https:\/\/www.idealpropertymallorca.com\/blog\/de\/","logo":{"@type":"ImageObject","inLanguage":"de","@id":"https:\/\/www.idealpropertymallorca.com\/blog\/de\/#\/schema\/logo\/image\/","url":"https:\/\/www.idealpropertymallorca.com\/blog\/wp-content\/uploads\/2024\/10\/ideal-property-mallorca-blue-mobile.png","contentUrl":"https:\/\/www.idealpropertymallorca.com\/blog\/wp-content\/uploads\/2024\/10\/ideal-property-mallorca-blue-mobile.png","width":500,"height":150,"caption":"Blog von Mallorca"},"image":{"@id":"https:\/\/www.idealpropertymallorca.com\/blog\/de\/#\/schema\/logo\/image\/"}},{"@type":"Person","@id":"https:\/\/www.idealpropertymallorca.com\/blog\/de\/#\/schema\/person\/8afda339a8de0d6db90fffb895f38917","name":"digitalservices","image":{"@type":"ImageObject","inLanguage":"de","@id":"https:\/\/secure.gravatar.com\/avatar\/af30f88a1904294c1f3eb09a9d7903eec4ffa18fa2cf40c28a8681014ecdfc20?s=96&d=mm&r=g","url":"https:\/\/secure.gravatar.com\/avatar\/af30f88a1904294c1f3eb09a9d7903eec4ffa18fa2cf40c28a8681014ecdfc20?s=96&d=mm&r=g","contentUrl":"https:\/\/secure.gravatar.com\/avatar\/af30f88a1904294c1f3eb09a9d7903eec4ffa18fa2cf40c28a8681014ecdfc20?s=96&d=mm&r=g","caption":"digitalservices"}}]}},"_links":{"self":[{"href":"https:\/\/www.idealpropertymallorca.com\/blog\/de\/wp-json\/wp\/v2\/posts\/16959","targetHints":{"allow":["GET"]}}],"collection":[{"href":"https:\/\/www.idealpropertymallorca.com\/blog\/de\/wp-json\/wp\/v2\/posts"}],"about":[{"href":"https:\/\/www.idealpropertymallorca.com\/blog\/de\/wp-json\/wp\/v2\/types\/post"}],"author":[{"embeddable":true,"href":"https:\/\/www.idealpropertymallorca.com\/blog\/de\/wp-json\/wp\/v2\/users\/3"}],"replies":[{"embeddable":true,"href":"https:\/\/www.idealpropertymallorca.com\/blog\/de\/wp-json\/wp\/v2\/comments?post=16959"}],"version-history":[{"count":18,"href":"https:\/\/www.idealpropertymallorca.com\/blog\/de\/wp-json\/wp\/v2\/posts\/16959\/revisions"}],"predecessor-version":[{"id":16977,"href":"https:\/\/www.idealpropertymallorca.com\/blog\/de\/wp-json\/wp\/v2\/posts\/16959\/revisions\/16977"}],"wp:featuredmedia":[{"embeddable":true,"href":"https:\/\/www.idealpropertymallorca.com\/blog\/de\/wp-json\/wp\/v2\/media\/16787"}],"wp:attachment":[{"href":"https:\/\/www.idealpropertymallorca.com\/blog\/de\/wp-json\/wp\/v2\/media?parent=16959"}],"wp:term":[{"taxonomy":"category","embeddable":true,"href":"https:\/\/www.idealpropertymallorca.com\/blog\/de\/wp-json\/wp\/v2\/categories?post=16959"},{"taxonomy":"post_tag","embeddable":true,"href":"https:\/\/www.idealpropertymallorca.com\/blog\/de\/wp-json\/wp\/v2\/tags?post=16959"}],"curies":[{"name":"wp","href":"https:\/\/api.w.org\/{rel}","templated":true}]}}