{"id":16795,"date":"2025-01-30T08:09:30","date_gmt":"2025-01-30T08:09:30","guid":{"rendered":"https:\/\/www.idealpropertymallorca.com\/blog\/?p=16795"},"modified":"2025-05-07T13:06:53","modified_gmt":"2025-05-07T13:06:53","slug":"cala-boquer-eines-der-verborgenen-juwelen-mallorcas","status":"publish","type":"post","link":"https:\/\/www.idealpropertymallorca.com\/blog\/de\/cala-boquer-eines-der-verborgenen-juwelen-mallorcas\/","title":{"rendered":"Cala B\u00f3quer: eines der verborgenen Juwelen Mallorcas"},"content":{"rendered":"\t\t<div data-elementor-type=\"wp-post\" data-elementor-id=\"16795\" class=\"elementor elementor-16795 elementor-16577\" data-elementor-post-type=\"post\">\n\t\t\t\t\t\t<section class=\"elementor-section elementor-top-section elementor-element elementor-element-2b644e7b elementor-section-boxed elementor-section-height-default elementor-section-height-default\" data-id=\"2b644e7b\" data-element_type=\"section\" data-e-type=\"section\">\n\t\t\t\t\t\t<div class=\"elementor-container elementor-column-gap-default\">\n\t\t\t\t\t<div class=\"elementor-column elementor-col-100 elementor-top-column elementor-element elementor-element-2f1822e4\" data-id=\"2f1822e4\" data-element_type=\"column\" data-e-type=\"column\">\n\t\t\t<div class=\"elementor-widget-wrap elementor-element-populated\">\n\t\t\t\t\t\t<div class=\"elementor-element elementor-element-4b3826c9 elementor-widget elementor-widget-text-editor\" data-id=\"4b3826c9\" data-element_type=\"widget\" data-e-type=\"widget\" data-widget_type=\"text-editor.default\">\n\t\t\t\t<div class=\"elementor-widget-container\">\n\t\t\t\t\t\t\t\t\t<p>Wenn Sie an Mallorca denken, kommen Ihnen wahrscheinlich als Erstes Traumstr\u00e4nde, Buchten mit kristallklarem Wasser und mediterrane Landschaften wie aus dem Bilderbuch in den Sinn. Nat\u00fcrlich!<\/p><p>Unter all diesen Wundern befindet sich Cala B\u00f3quer, eine ganz besondere Ecke der Insel. Dieses kleine Paradies im Norden, in der N\u00e4he der charmanten Ortschaft Pollen\u00e7a, ist <strong>perfekt, wenn Sie auf der Suche nach einer authentischeren und weniger konventionellen Seite von Mallorca sind<\/strong>.<\/p><p style=\"font-weight: 400\">Denn Cala B\u00f3quer ist nicht nur ein Strand, sondern ein Ort, der Sie mit der Natur, mit seiner fast unber\u00fchrten Atmosph\u00e4re und seiner Umgebung verbindet. Hier finden Sie keine Sonnenliegen, Strandbars oder die typische \u00dcberf\u00fcllung anderer, beliebterer Ziele auf Mallorca. Stattdessen <strong>erwartet Sie ein ruhiger Ort mit sanften Wellen und viel einheimischer Fauna<\/strong>. Wenn Sie abschalten, frische Luft atmen und sich in der Sch\u00f6nheit des Mittelmeers verlieren m\u00f6chten, lesen Sie weiter!<\/p>\t\t\t\t\t\t\t\t<\/div>\n\t\t\t\t<\/div>\n\t\t\t\t\t<\/div>\n\t\t<\/div>\n\t\t\t\t\t<\/div>\n\t\t<\/section>\n\t\t\t\t<section class=\"elementor-section elementor-top-section elementor-element elementor-element-5f3cc92a elementor-section-boxed elementor-section-height-default elementor-section-height-default\" data-id=\"5f3cc92a\" data-element_type=\"section\" data-e-type=\"section\">\n\t\t\t\t\t\t<div class=\"elementor-container elementor-column-gap-default\">\n\t\t\t\t\t<div class=\"elementor-column elementor-col-100 elementor-top-column elementor-element elementor-element-416dc11f\" data-id=\"416dc11f\" data-element_type=\"column\" data-e-type=\"column\">\n\t\t\t<div class=\"elementor-widget-wrap elementor-element-populated\">\n\t\t\t\t\t\t<div class=\"elementor-element elementor-element-11ed3ca elementor-widget elementor-widget-table-of-contents\" data-id=\"11ed3ca\" data-element_type=\"widget\" data-e-type=\"widget\" data-settings=\"{&quot;headings_by_tags&quot;:[&quot;h2&quot;,&quot;h3&quot;],&quot;exclude_headings_by_selector&quot;:[],&quot;marker_view&quot;:&quot;bullets&quot;,&quot;icon&quot;:{&quot;value&quot;:&quot;&quot;,&quot;library&quot;:&quot;&quot;},&quot;no_headings_message&quot;:&quot;No headings were found on this page.&quot;,&quot;hierarchical_view&quot;:&quot;yes&quot;,&quot;min_height&quot;:{&quot;unit&quot;:&quot;px&quot;,&quot;size&quot;:&quot;&quot;,&quot;sizes&quot;:[]},&quot;min_height_tablet&quot;:{&quot;unit&quot;:&quot;px&quot;,&quot;size&quot;:&quot;&quot;,&quot;sizes&quot;:[]},&quot;min_height_mobile&quot;:{&quot;unit&quot;:&quot;px&quot;,&quot;size&quot;:&quot;&quot;,&quot;sizes&quot;:[]}}\" data-widget_type=\"table-of-contents.default\">\n\t\t\t\t<div class=\"elementor-widget-container\">\n\t\t\t\t\t\t\t\t\t<div class=\"elementor-toc__header\">\n\t\t\t\t\t\t<div class=\"elementor-toc__header-title\">\n\t\t\t\tVerzeichnis\t\t\t<\/div>\n\t\t\t\t\t\t\t\t<\/div>\n\t\t\t\t<div id=\"elementor-toc__11ed3ca\" class=\"elementor-toc__body\">\n\t\t\t<div class=\"elementor-toc__spinner-container\">\n\t\t\t\t<i class=\"elementor-toc__spinner eicon-animation-spin eicon-loading\" aria-hidden=\"true\"><\/i>\t\t\t<\/div>\n\t\t<\/div>\n\t\t\t\t\t\t<\/div>\n\t\t\t\t<\/div>\n\t\t\t\t\t<\/div>\n\t\t<\/div>\n\t\t\t\t\t<\/div>\n\t\t<\/section>\n\t\t\t\t<section class=\"elementor-section elementor-top-section elementor-element elementor-element-74faef elementor-section-boxed elementor-section-height-default elementor-section-height-default\" data-id=\"74faef\" data-element_type=\"section\" data-e-type=\"section\">\n\t\t\t\t\t\t<div class=\"elementor-container elementor-column-gap-default\">\n\t\t\t\t\t<div class=\"elementor-column elementor-col-100 elementor-top-column elementor-element elementor-element-473b62cf\" data-id=\"473b62cf\" data-element_type=\"column\" data-e-type=\"column\">\n\t\t\t<div class=\"elementor-widget-wrap elementor-element-populated\">\n\t\t\t\t\t\t<div class=\"elementor-element elementor-element-1e155b05 elementor-widget elementor-widget-heading\" data-id=\"1e155b05\" data-element_type=\"widget\" data-e-type=\"widget\" data-widget_type=\"heading.default\">\n\t\t\t\t<div class=\"elementor-widget-container\">\n\t\t\t\t\t<h2 class=\"elementor-heading-title elementor-size-default\">Wie man nach Cala B\u00f3quer gelangt<\/h2>\t\t\t\t<\/div>\n\t\t\t\t<\/div>\n\t\t\t\t<div class=\"elementor-element elementor-element-3cbd6afc elementor-widget elementor-widget-text-editor\" data-id=\"3cbd6afc\" data-element_type=\"widget\" data-e-type=\"widget\" data-widget_type=\"text-editor.default\">\n\t\t\t\t<div class=\"elementor-widget-container\">\n\t\t\t\t\t\t\t\t\t<p>Der Zugang zur Cala B\u00f3quer ist ein Erlebnis, das lange vor dem Erreichen des Strandes beginnt. Die Tour, die von Pollen\u00e7a, einem der sch\u00f6nsten D\u00f6rfer Mallorcas, ausgeht, ist an sich schon eine Attraktion, wenn man gerne wandert und die Natur liebt.<\/p><p>Vom Dorfzentrum aus <strong>gehen Sie zum Anfang des Cam\u00ed de B\u00f3quer<\/strong>, einem Weg, der das malerische B\u00f3quer-Tal durchquert. <strong>Die Route ist relativ einfach<\/strong> und f\u00fcr alle Schwierigkeitsgrade geeignet, auch wenn Sie bedenken sollten, dass einige Abschnitte komplexer sind und sogar etwas rutschig sein k\u00f6nnen. Es ist wichtig, dass Sie gutes Schuhwerk tragen.<\/p><p><strong>Die Strecke ist 3 km lang \u2013 wenn man nur den Hinweg z\u00e4hlt \u2013 und dauert zwischen 45 Minuten und 1 Stunde, je nachdem, wie schnell Sie gehen und wie viele Stopps Sie auf dem Weg einlegen m\u00f6chten<\/strong>, wobei Sie angesichts der Aussicht sicher mehr als einen machen werden.<\/p>\t\t\t\t\t\t\t\t<\/div>\n\t\t\t\t<\/div>\n\t\t\t\t\t<\/div>\n\t\t<\/div>\n\t\t\t\t\t<\/div>\n\t\t<\/section>\n\t\t\t\t<section class=\"elementor-section elementor-top-section elementor-element elementor-element-4fee9b1 elementor-section-boxed elementor-section-height-default elementor-section-height-default\" data-id=\"4fee9b1\" data-element_type=\"section\" data-e-type=\"section\">\n\t\t\t\t\t\t<div class=\"elementor-container elementor-column-gap-default\">\n\t\t\t\t\t<div class=\"elementor-column elementor-col-50 elementor-top-column elementor-element elementor-element-55761d6\" data-id=\"55761d6\" data-element_type=\"column\" data-e-type=\"column\">\n\t\t\t<div class=\"elementor-widget-wrap elementor-element-populated\">\n\t\t\t\t\t\t<div class=\"elementor-element elementor-element-e636b55 elementor-widget elementor-widget-text-editor\" data-id=\"e636b55\" data-element_type=\"widget\" data-e-type=\"widget\" data-widget_type=\"text-editor.default\">\n\t\t\t\t<div class=\"elementor-widget-container\">\n\t\t\t\t\t\t\t\t\t<p>Sie werden von einer beeindruckenden Berglandschaft, Kalksteinfelsen und einer vielf\u00e4ltigen einheimischen Flora und Fauna umgeben sein.<\/p><p>Es ist auch sehr wahrscheinlich, dass Sie auf die ber\u00fchmten <strong>mallorquinischen Ziegen<\/strong> treffen, die normalerweise friedlich durch dieses Tal spazieren.<\/p><p>Und warten Sie, denn wenn Wandern nicht Ihr Ding ist, gibt es eine Alternative! Sie k\u00f6nnen im Hafen von Pollen\u00e7a einen Bootsservice mieten, der Sie direkt zur Bucht bringt. Sie haben die Wahl.<\/p>\t\t\t\t\t\t\t\t<\/div>\n\t\t\t\t<\/div>\n\t\t\t\t\t<\/div>\n\t\t<\/div>\n\t\t\t\t<div class=\"elementor-column elementor-col-50 elementor-top-column elementor-element elementor-element-dca615b\" data-id=\"dca615b\" data-element_type=\"column\" data-e-type=\"column\">\n\t\t\t<div class=\"elementor-widget-wrap elementor-element-populated\">\n\t\t\t\t\t\t<div class=\"elementor-element elementor-element-2b97b11 elementor-widget elementor-widget-google_maps\" data-id=\"2b97b11\" data-element_type=\"widget\" data-e-type=\"widget\" data-widget_type=\"google_maps.default\">\n\t\t\t\t<div class=\"elementor-widget-container\">\n\t\t\t\t\t\t\t<div class=\"elementor-custom-embed\">\n\t\t\t<iframe loading=\"lazy\"\n\t\t\t\t\tsrc=\"https:\/\/maps.google.com\/maps?q=cala%20boquer&#038;t=m&#038;z=13&#038;output=embed&#038;iwloc=near\"\n\t\t\t\t\ttitle=\"cala boquer\"\n\t\t\t\t\taria-label=\"cala boquer\"\n\t\t\t><\/iframe>\n\t\t<\/div>\n\t\t\t\t\t\t<\/div>\n\t\t\t\t<\/div>\n\t\t\t\t\t<\/div>\n\t\t<\/div>\n\t\t\t\t\t<\/div>\n\t\t<\/section>\n\t\t\t\t<section class=\"elementor-section elementor-top-section elementor-element elementor-element-01a8a23 elementor-section-boxed elementor-section-height-default elementor-section-height-default\" data-id=\"01a8a23\" data-element_type=\"section\" data-e-type=\"section\">\n\t\t\t\t\t\t<div class=\"elementor-container elementor-column-gap-default\">\n\t\t\t\t\t<div class=\"elementor-column elementor-col-100 elementor-top-column elementor-element elementor-element-168a0c0\" data-id=\"168a0c0\" data-element_type=\"column\" data-e-type=\"column\">\n\t\t\t<div class=\"elementor-widget-wrap elementor-element-populated\">\n\t\t\t\t\t\t<div class=\"elementor-element elementor-element-f59ab60 elementor-widget elementor-widget-heading\" data-id=\"f59ab60\" data-element_type=\"widget\" data-e-type=\"widget\" data-widget_type=\"heading.default\">\n\t\t\t\t<div class=\"elementor-widget-container\">\n\t\t\t\t\t<h2 class=\"elementor-heading-title elementor-size-default\">Was erwartet Sie in Cala B\u00f3quer?\n<\/h2>\t\t\t\t<\/div>\n\t\t\t\t<\/div>\n\t\t\t\t<div class=\"elementor-element elementor-element-dc8d377 elementor-widget elementor-widget-text-editor\" data-id=\"dc8d377\" data-element_type=\"widget\" data-e-type=\"widget\" data-widget_type=\"text-editor.default\">\n\t\t\t\t<div class=\"elementor-widget-container\">\n\t\t\t\t\t\t\t\t\t<p>Wenn Sie in Cala B\u00f3quer ankommen, werden Sie das Gef\u00fchl haben, einen Ort gefunden zu haben, an dem der Tourismus noch nicht angekommen ist. <strong>Die Bucht ist von Klippen umgeben, die dieses St\u00fcck Paradies zu sch\u00fctzen scheinen und ein Gef\u00fchl der Abgeschiedenheit erzeugen, das Ihnen nur wenige Orte bieten k\u00f6nnen.<\/strong><\/p><p>Die Hauptattraktion von Cala B\u00f3quer ist jedoch das <strong>kristallklare Wasser von intensivem T\u00fcrkisblau, das ideal zum Schwimmen und Schnorcheln ist<\/strong>. Der Reichtum an Meeresfauna und -flora, den man hier beobachten kann, endet nicht am Strand, sondern setzt sich im Meer fort. Von farbenpr\u00e4chtigen Fischen bis hin zu kleinen Korallenformationen ist hier alles zu finden. Der Meeresboden von Cala B\u00f3quer ist ein bewundernswertes Schauspiel.<\/p><p><strong>Wenn Sie jedoch das Festland bevorzugen, finden Sie hier eine Mischung aus Sand und Kieselsteinen, die zwar nicht so bequem ist wie andere Str\u00e4nde auf der Insel, aber dennoch viel Charme hat.<\/strong> Bringen Sie ein gutes Handtuch oder sogar eine Matte mit und genie\u00dfen Sie eine entspannte Zeit.<\/p><p style=\"font-weight: 400\">Bitte beachten Sie, dass es in Cala B\u00f3quer keinerlei Einrichtungen wie Toiletten, Duschen oder Strandbars gibt, sodass Sie alles, was Sie f\u00fcr den Tag ben\u00f6tigen, selbst mitbringen m\u00fcssen.<\/p>\t\t\t\t\t\t\t\t<\/div>\n\t\t\t\t<\/div>\n\t\t\t\t\t<\/div>\n\t\t<\/div>\n\t\t\t\t\t<\/div>\n\t\t<\/section>\n\t\t\t\t<section class=\"elementor-section elementor-top-section elementor-element elementor-element-e901fcf elementor-section-boxed elementor-section-height-default elementor-section-height-default\" data-id=\"e901fcf\" data-element_type=\"section\" data-e-type=\"section\">\n\t\t\t\t\t\t<div class=\"elementor-container elementor-column-gap-default\">\n\t\t\t\t\t<div class=\"elementor-column elementor-col-100 elementor-top-column elementor-element elementor-element-884322b\" data-id=\"884322b\" data-element_type=\"column\" data-e-type=\"column\">\n\t\t\t<div class=\"elementor-widget-wrap elementor-element-populated\">\n\t\t\t\t\t\t<div class=\"elementor-element elementor-element-6c0312a elementor-widget elementor-widget-image\" data-id=\"6c0312a\" data-element_type=\"widget\" data-e-type=\"widget\" data-widget_type=\"image.default\">\n\t\t\t\t<div class=\"elementor-widget-container\">\n\t\t\t\t\t\t\t\t\t\t\t\t\t\t\t<img fetchpriority=\"high\" decoding=\"async\" width=\"1254\" height=\"626\" src=\"https:\/\/www.idealpropertymallorca.com\/blog\/wp-content\/uploads\/2025\/01\/Cala-Boquer.jpg\" class=\"attachment-full size-full wp-image-16600\" alt=\"Cala-Boquer\" srcset=\"https:\/\/www.idealpropertymallorca.com\/blog\/wp-content\/uploads\/2025\/01\/Cala-Boquer.jpg 1254w, https:\/\/www.idealpropertymallorca.com\/blog\/wp-content\/uploads\/2025\/01\/Cala-Boquer-300x150.jpg 300w, https:\/\/www.idealpropertymallorca.com\/blog\/wp-content\/uploads\/2025\/01\/Cala-Boquer-1024x511.jpg 1024w, https:\/\/www.idealpropertymallorca.com\/blog\/wp-content\/uploads\/2025\/01\/Cala-Boquer-768x383.jpg 768w\" sizes=\"(max-width: 1254px) 100vw, 1254px\" \/>\t\t\t\t\t\t\t\t\t\t\t\t\t\t\t<\/div>\n\t\t\t\t<\/div>\n\t\t\t\t\t<\/div>\n\t\t<\/div>\n\t\t\t\t\t<\/div>\n\t\t<\/section>\n\t\t\t\t<section class=\"elementor-section elementor-top-section elementor-element elementor-element-f0e3ded elementor-section-boxed elementor-section-height-default elementor-section-height-default\" data-id=\"f0e3ded\" data-element_type=\"section\" data-e-type=\"section\">\n\t\t\t\t\t\t<div class=\"elementor-container elementor-column-gap-default\">\n\t\t\t\t\t<div class=\"elementor-column elementor-col-100 elementor-top-column elementor-element elementor-element-dc30096\" data-id=\"dc30096\" data-element_type=\"column\" data-e-type=\"column\">\n\t\t\t<div class=\"elementor-widget-wrap elementor-element-populated\">\n\t\t\t\t\t\t<div class=\"elementor-element elementor-element-cad5f64 elementor-widget elementor-widget-heading\" data-id=\"cad5f64\" data-element_type=\"widget\" data-e-type=\"widget\" data-widget_type=\"heading.default\">\n\t\t\t\t<div class=\"elementor-widget-container\">\n\t\t\t\t\t<h2 class=\"elementor-heading-title elementor-size-default\">Die beste Zeit f\u00fcr einen Besuch in Cala B\u00f3quer\n<\/h2>\t\t\t\t<\/div>\n\t\t\t\t<\/div>\n\t\t\t\t<div class=\"elementor-element elementor-element-1e509bb elementor-widget elementor-widget-text-editor\" data-id=\"1e509bb\" data-element_type=\"widget\" data-e-type=\"widget\" data-widget_type=\"text-editor.default\">\n\t\t\t\t<div class=\"elementor-widget-container\">\n\t\t\t\t\t\t\t\t\t<p>Wenn Sie sich fragen, wann die beste Jahreszeit f\u00fcr einen Besuch der Cala B\u00f3quer in Pollen\u00e7a ist, sollten Sie gut aufpassen, denn es gibt keine exakte Wissenschaft: Es h\u00e4ngt von Ihren pers\u00f6nlichen Vorlieben ab.<\/p><p><strong>Der Fr\u00fchling ist eine der besten Zeiten, um die Buchten Mallorcas zu erkunden.<\/strong> Das Wetter ist angenehm, mit milden Temperaturen um 20 \u00b0C bis 25 \u00b0C, und die Landschaft ist voller Blumen und Vegetation, die dem B\u00f3quer-Tal Leben einhauchen.<\/p><p>Obwohl im <strong>Sommer<\/strong> auf Mallorca Hochsaison ist, ist Cala B\u00f3quer im Vergleich zu anderen, bekannteren Str\u00e4nden immer noch ein relativ ruhiger Ort. Diese Jahreszeit ist also auch<strong> keine schlechte Idee, solange man die hei\u00dfesten Stunden meidet.<\/strong><\/p><p><strong>Ein weiterer idealer Zeitpunkt f\u00fcr einen Besuch der Cala B\u00f3quer ist der Herbst<\/strong>, wenn die Temperaturen denen des Fr\u00fchlings \u00e4hneln und die warmen Farben des Herbstes der Landschaft eine magische Note verleihen.<\/p><p>Und warten Sie, denn <strong>der Winter hat, obwohl er k\u00fchler ist, seinen ganz eigenen Reiz, da der Weg ins Tal normalerweise fast leer ist<\/strong>.<\/p>\t\t\t\t\t\t\t\t<\/div>\n\t\t\t\t<\/div>\n\t\t\t\t\t<\/div>\n\t\t<\/div>\n\t\t\t\t\t<\/div>\n\t\t<\/section>\n\t\t\t\t<section class=\"elementor-section elementor-top-section elementor-element elementor-element-8e3110b elementor-section-boxed elementor-section-height-default elementor-section-height-default\" data-id=\"8e3110b\" data-element_type=\"section\" data-e-type=\"section\">\n\t\t\t\t\t\t<div class=\"elementor-container elementor-column-gap-default\">\n\t\t\t\t\t<div class=\"elementor-column elementor-col-100 elementor-top-column elementor-element elementor-element-3fd3f7d\" data-id=\"3fd3f7d\" data-element_type=\"column\" data-e-type=\"column\">\n\t\t\t<div class=\"elementor-widget-wrap elementor-element-populated\">\n\t\t\t\t\t\t<div class=\"elementor-element elementor-element-d8e7d4b elementor-widget elementor-widget-image\" data-id=\"d8e7d4b\" data-element_type=\"widget\" data-e-type=\"widget\" data-widget_type=\"image.default\">\n\t\t\t\t<div class=\"elementor-widget-container\">\n\t\t\t\t\t\t\t\t\t\t\t\t\t\t\t<img decoding=\"async\" width=\"1183\" height=\"591\" src=\"https:\/\/www.idealpropertymallorca.com\/blog\/wp-content\/uploads\/2025\/01\/Cala-Boquer-mallorca.jpg\" class=\"attachment-full size-full wp-image-16596\" alt=\"Cala-Boquer-mallorca\" srcset=\"https:\/\/www.idealpropertymallorca.com\/blog\/wp-content\/uploads\/2025\/01\/Cala-Boquer-mallorca.jpg 1183w, https:\/\/www.idealpropertymallorca.com\/blog\/wp-content\/uploads\/2025\/01\/Cala-Boquer-mallorca-300x150.jpg 300w, https:\/\/www.idealpropertymallorca.com\/blog\/wp-content\/uploads\/2025\/01\/Cala-Boquer-mallorca-1024x512.jpg 1024w, https:\/\/www.idealpropertymallorca.com\/blog\/wp-content\/uploads\/2025\/01\/Cala-Boquer-mallorca-768x384.jpg 768w\" sizes=\"(max-width: 1183px) 100vw, 1183px\" \/>\t\t\t\t\t\t\t\t\t\t\t\t\t\t\t<\/div>\n\t\t\t\t<\/div>\n\t\t\t\t\t<\/div>\n\t\t<\/div>\n\t\t\t\t\t<\/div>\n\t\t<\/section>\n\t\t\t\t<section class=\"elementor-section elementor-top-section elementor-element elementor-element-d574818 elementor-section-boxed elementor-section-height-default elementor-section-height-default\" data-id=\"d574818\" data-element_type=\"section\" data-e-type=\"section\">\n\t\t\t\t\t\t<div class=\"elementor-container elementor-column-gap-default\">\n\t\t\t\t\t<div class=\"elementor-column elementor-col-100 elementor-top-column elementor-element elementor-element-f4ec799\" data-id=\"f4ec799\" data-element_type=\"column\" data-e-type=\"column\">\n\t\t\t<div class=\"elementor-widget-wrap elementor-element-populated\">\n\t\t\t\t\t\t<div class=\"elementor-element elementor-element-58bb985 elementor-widget elementor-widget-heading\" data-id=\"58bb985\" data-element_type=\"widget\" data-e-type=\"widget\" data-widget_type=\"heading.default\">\n\t\t\t\t<div class=\"elementor-widget-container\">\n\t\t\t\t\t<h2 class=\"elementor-heading-title elementor-size-default\">Weitere tolle Pl\u00e4ne in der N\u00e4he von Cala B\u00f3quer\n<\/h2>\t\t\t\t<\/div>\n\t\t\t\t<\/div>\n\t\t\t\t<div class=\"elementor-element elementor-element-b3d1aac elementor-widget elementor-widget-text-editor\" data-id=\"b3d1aac\" data-element_type=\"widget\" data-e-type=\"widget\" data-widget_type=\"text-editor.default\">\n\t\t\t\t<div class=\"elementor-widget-container\">\n\t\t\t\t\t\t\t\t\t<p>Wenn Sie sich f\u00fcr einen Besuch der Cala B\u00f3quer entscheiden, d\u00fcrfen Sie sich die anderen Wunder, die die Gegend von Pollen\u00e7a zu bieten hat, nicht entgehen lassen. Nur wenige Autominuten entfernt befindet sich der <strong>Aussichtspunkt Es Colomer<\/strong>, einer der ber\u00fchmtesten Panoramapunkte Mallorcas, von dem aus Sie einen spektakul\u00e4ren Blick auf das Cap Formentor und das Meer genie\u00dfen k\u00f6nnen.<\/p><p><strong>Puerto de Pollen\u00e7a<\/strong> ist ein weiterer Ort, der einen Besuch wert ist. Dieser charmante Hafen bietet eine entspannte Atmosph\u00e4re und ein ausgezeichnetes gastronomisches Angebot zum Fingerlecken. Hier k\u00f6nnen Sie traditionelle Gerichte wie <em>Tumbet<\/em> oder <em>Frit Mallorqu\u00ed<\/em> probieren.<\/p><p>Und wenn Sie sich f\u00fcr Geschichte und Kultur begeistern, wird Sie die <strong>Altstadt von Pollen\u00e7a<\/strong> mit ihren engen Gassen, Steinh\u00e4usern und zahlreichen Wahrzeichen wie der Kirche Nuestra Se\u00f1ora de los \u00c1ngeles und ihrem Wochenmarkt auf dem Hauptplatz in ihren Bann ziehen.<\/p>\t\t\t\t\t\t\t\t<\/div>\n\t\t\t\t<\/div>\n\t\t\t\t\t<\/div>\n\t\t<\/div>\n\t\t\t\t\t<\/div>\n\t\t<\/section>\n\t\t\t\t<section class=\"elementor-section elementor-top-section elementor-element elementor-element-4ff3b473 elementor-section-boxed elementor-section-height-default elementor-section-height-default\" data-id=\"4ff3b473\" data-element_type=\"section\" data-e-type=\"section\">\n\t\t\t\t\t\t<div class=\"elementor-container elementor-column-gap-default\">\n\t\t\t\t\t<div class=\"elementor-column elementor-col-100 elementor-top-column elementor-element elementor-element-4e83e7ec\" data-id=\"4e83e7ec\" data-element_type=\"column\" data-e-type=\"column\">\n\t\t\t<div class=\"elementor-widget-wrap elementor-element-populated\">\n\t\t\t\t\t\t<div class=\"elementor-element elementor-element-29291d21 elementor-widget elementor-widget-heading\" data-id=\"29291d21\" data-element_type=\"widget\" data-e-type=\"widget\" data-widget_type=\"heading.default\">\n\t\t\t\t<div class=\"elementor-widget-container\">\n\t\t\t\t\t<h2 class=\"elementor-heading-title elementor-size-default\">Planen Sie Ihre Reise nach Cala B\u00f3quer\n<\/h2>\t\t\t\t<\/div>\n\t\t\t\t<\/div>\n\t\t\t\t<div class=\"elementor-element elementor-element-1e549085 elementor-widget elementor-widget-text-editor\" data-id=\"1e549085\" data-element_type=\"widget\" data-e-type=\"widget\" data-widget_type=\"text-editor.default\">\n\t\t\t\t<div class=\"elementor-widget-container\">\n\t\t\t\t\t\t\t\t\t<p>Cala B\u00f3quer ist ein Reiseziel, das dazu einl\u00e4dt, die Seele baumeln zu lassen, die andere Seite Mallorcas kennenzulernen und in die Ruhe der Natur einzutauchen.<\/p><p><strong>Die unber\u00fchrte Umgebung, das kristallklare Wasser und der Charme des B\u00f3quer-Tals machen diese Bucht zu einem einzigartigen Ort auf Mallorca, der seinesgleichen sucht.<\/strong> Ob Sie nun gerne wandern, schnorcheln oder einfach nur in der Natur entspannen m\u00f6chten, Sie werden sich in Cala B\u00f3quer verlieben.<\/p><p>Bereiten Sie Ihre Turnschuhe, Ihren Fotoapparat und Ihre Abenteuerlust vor, den Rest erledigen Cala B\u00f3quer und die Unterk\u00fcnfte, die wir bei Ideal Properties anbieten.<\/p>\t\t\t\t\t\t\t\t<\/div>\n\t\t\t\t<\/div>\n\t\t\t\t\t<\/div>\n\t\t<\/div>\n\t\t\t\t\t<\/div>\n\t\t<\/section>\n\t\t\t\t<section class=\"elementor-section elementor-top-section elementor-element elementor-element-403b3a0d elementor-section-boxed elementor-section-height-default elementor-section-height-default\" data-id=\"403b3a0d\" data-element_type=\"section\" data-e-type=\"section\">\n\t\t\t\t\t\t<div class=\"elementor-container elementor-column-gap-default\">\n\t\t\t\t\t<div class=\"elementor-column elementor-col-100 elementor-top-column elementor-element elementor-element-57e578bd\" data-id=\"57e578bd\" data-element_type=\"column\" data-e-type=\"column\">\n\t\t\t<div class=\"elementor-widget-wrap elementor-element-populated\">\n\t\t\t\t\t\t<div class=\"elementor-element elementor-element-1afc04ef elementor-widget elementor-widget-shortcode\" data-id=\"1afc04ef\" data-element_type=\"widget\" data-e-type=\"widget\" data-widget_type=\"shortcode.default\">\n\t\t\t\t<div class=\"elementor-widget-container\">\n\t\t\t\t\t\t\t<div class=\"elementor-shortcode\">\t\t<div data-elementor-type=\"section\" data-elementor-id=\"8465\" class=\"elementor elementor-8465 elementor-1780 elementor-1780\" data-elementor-post-type=\"elementor_library\">\n\t\t\t\t\t<section class=\"elementor-section elementor-top-section elementor-element elementor-element-5b87b80 elementor-section-boxed elementor-section-height-default elementor-section-height-default\" data-id=\"5b87b80\" data-element_type=\"section\" data-e-type=\"section\">\n\t\t\t\t\t\t<div class=\"elementor-container elementor-column-gap-default\">\n\t\t\t\t\t<div class=\"elementor-column elementor-col-33 elementor-top-column elementor-element elementor-element-98c00db\" data-id=\"98c00db\" data-element_type=\"column\" data-e-type=\"column\" data-settings=\"{&quot;background_background&quot;:&quot;classic&quot;}\">\n\t\t\t<div class=\"elementor-widget-wrap elementor-element-populated\">\n\t\t\t\t\t\t<div class=\"elementor-element elementor-element-0d770d9 elementor-align-center elementor-widget elementor-widget-button\" data-id=\"0d770d9\" data-element_type=\"widget\" data-e-type=\"widget\" data-widget_type=\"button.default\">\n\t\t\t\t<div class=\"elementor-widget-container\">\n\t\t\t\t\t\t\t\t\t<div class=\"elementor-button-wrapper\">\n\t\t\t\t\t<a class=\"elementor-button elementor-button-link elementor-size-sm\" href=\"https:\/\/www.idealpropertymallorca.com\/de\/finca-alcudia\/\">\n\t\t\t\t\t\t<span class=\"elementor-button-content-wrapper\">\n\t\t\t\t\t\t\t\t\t<span class=\"elementor-button-text\">L\u00e4ndliche Fincas in Alcudia<\/span>\n\t\t\t\t\t<\/span>\n\t\t\t\t\t<\/a>\n\t\t\t\t<\/div>\n\t\t\t\t\t\t\t\t<\/div>\n\t\t\t\t<\/div>\n\t\t\t\t\t<\/div>\n\t\t<\/div>\n\t\t\t\t<div class=\"elementor-column elementor-col-33 elementor-top-column elementor-element elementor-element-60a71fe\" data-id=\"60a71fe\" data-element_type=\"column\" data-e-type=\"column\" data-settings=\"{&quot;background_background&quot;:&quot;classic&quot;}\">\n\t\t\t<div class=\"elementor-widget-wrap elementor-element-populated\">\n\t\t\t\t\t\t<div class=\"elementor-element elementor-element-42d86a5 elementor-align-center elementor-widget elementor-widget-button\" data-id=\"42d86a5\" data-element_type=\"widget\" data-e-type=\"widget\" data-widget_type=\"button.default\">\n\t\t\t\t<div class=\"elementor-widget-container\">\n\t\t\t\t\t\t\t\t\t<div class=\"elementor-button-wrapper\">\n\t\t\t\t\t<a class=\"elementor-button elementor-button-link elementor-size-sm\" href=\"https:\/\/www.idealpropertymallorca.com\/de\/ferienwohnungen-alcudia-majorca\/\">\n\t\t\t\t\t\t<span class=\"elementor-button-content-wrapper\">\n\t\t\t\t\t\t\t\t\t<span class=\"elementor-button-text\">Ferienwohnungen in Alcudia<\/span>\n\t\t\t\t\t<\/span>\n\t\t\t\t\t<\/a>\n\t\t\t\t<\/div>\n\t\t\t\t\t\t\t\t<\/div>\n\t\t\t\t<\/div>\n\t\t\t\t\t<\/div>\n\t\t<\/div>\n\t\t\t\t<div class=\"elementor-column elementor-col-33 elementor-top-column elementor-element elementor-element-4e0b94d\" data-id=\"4e0b94d\" data-element_type=\"column\" data-e-type=\"column\" data-settings=\"{&quot;background_background&quot;:&quot;classic&quot;}\">\n\t\t\t<div class=\"elementor-widget-wrap elementor-element-populated\">\n\t\t\t\t\t\t<div class=\"elementor-element elementor-element-e2398bd elementor-align-center elementor-widget elementor-widget-button\" data-id=\"e2398bd\" data-element_type=\"widget\" data-e-type=\"widget\" data-widget_type=\"button.default\">\n\t\t\t\t<div class=\"elementor-widget-container\">\n\t\t\t\t\t\t\t\t\t<div class=\"elementor-button-wrapper\">\n\t\t\t\t\t<a class=\"elementor-button elementor-button-link elementor-size-sm\" href=\"https:\/\/www.idealpropertymallorca.com\/de\/ferienhaus-alcudia\/\">\n\t\t\t\t\t\t<span class=\"elementor-button-content-wrapper\">\n\t\t\t\t\t\t\t\t\t<span class=\"elementor-button-text\">Ferienh\u00e4user in Alcudia<\/span>\n\t\t\t\t\t<\/span>\n\t\t\t\t\t<\/a>\n\t\t\t\t<\/div>\n\t\t\t\t\t\t\t\t<\/div>\n\t\t\t\t<\/div>\n\t\t\t\t\t<\/div>\n\t\t<\/div>\n\t\t\t\t\t<\/div>\n\t\t<\/section>\n\t\t\t\t<\/div>\n\t\t<\/div>\n\t\t\t\t\t\t<\/div>\n\t\t\t\t<\/div>\n\t\t\t\t\t<\/div>\n\t\t<\/div>\n\t\t\t\t\t<\/div>\n\t\t<\/section>\n\t\t\t\t<\/div>\n\t\t","protected":false},"excerpt":{"rendered":"<p>Wenn Sie an Mallorca denken, kommen Ihnen wahrscheinlich als Erstes Traumstr\u00e4nde, Buchten mit kristallklarem Wasser und mediterrane Landschaften wie aus dem Bilderbuch in den Sinn. Nat\u00fcrlich! Unter all diesen Wundern befindet sich Cala B\u00f3quer, eine ganz besondere Ecke der Insel. Dieses kleine Paradies im Norden, in der N\u00e4he der charmanten Ortschaft Pollen\u00e7a, ist perfekt, wenn [&hellip;]<\/p>\n","protected":false},"author":3,"featured_media":16605,"comment_status":"open","ping_status":"open","sticky":false,"template":"","format":"standard","meta":{"footnotes":""},"categories":[763],"tags":[],"class_list":["post-16795","post","type-post","status-publish","format-standard","has-post-thumbnail","hentry","category-buchten"],"yoast_head":"<!-- This site is optimized with the Yoast SEO plugin v27.4 - https:\/\/yoast.com\/product\/yoast-seo-wordpress\/ -->\n<title>Cala B\u00f3quer: eines der verborgenen Juwelen Mallorcas - Blog von Mallorca<\/title>\n<meta name=\"robots\" content=\"index, follow, max-snippet:-1, max-image-preview:large, max-video-preview:-1\" \/>\n<link rel=\"canonical\" href=\"https:\/\/www.idealpropertymallorca.com\/blog\/de\/cala-boquer-eines-der-verborgenen-juwelen-mallorcas\/\" \/>\n<meta property=\"og:locale\" content=\"de_DE\" \/>\n<meta property=\"og:type\" content=\"article\" \/>\n<meta property=\"og:title\" content=\"Cala B\u00f3quer: eines der verborgenen Juwelen Mallorcas - Blog von Mallorca\" \/>\n<meta property=\"og:description\" content=\"Wenn Sie an Mallorca denken, kommen Ihnen wahrscheinlich als Erstes Traumstr\u00e4nde, Buchten mit kristallklarem Wasser und mediterrane Landschaften wie aus dem Bilderbuch in den Sinn. Nat\u00fcrlich! Unter all diesen Wundern befindet sich Cala B\u00f3quer, eine ganz besondere Ecke der Insel. Dieses kleine Paradies im Norden, in der N\u00e4he der charmanten Ortschaft Pollen\u00e7a, ist perfekt, wenn [&hellip;]\" \/>\n<meta property=\"og:url\" content=\"https:\/\/www.idealpropertymallorca.com\/blog\/de\/cala-boquer-eines-der-verborgenen-juwelen-mallorcas\/\" \/>\n<meta property=\"og:site_name\" content=\"Blog von Mallorca\" \/>\n<meta property=\"article:published_time\" content=\"2025-01-30T08:09:30+00:00\" \/>\n<meta property=\"article:modified_time\" content=\"2025-05-07T13:06:53+00:00\" \/>\n<meta property=\"og:image\" content=\"https:\/\/www.idealpropertymallorca.com\/blog\/wp-content\/uploads\/2025\/01\/Cala-Boquer-Pollenca.jpg\" \/>\n\t<meta property=\"og:image:width\" content=\"1920\" \/>\n\t<meta property=\"og:image:height\" content=\"640\" \/>\n\t<meta property=\"og:image:type\" content=\"image\/jpeg\" \/>\n<meta name=\"author\" content=\"digitalservices\" \/>\n<meta name=\"twitter:card\" content=\"summary_large_image\" \/>\n<meta name=\"twitter:label1\" content=\"Written by\" \/>\n\t<meta name=\"twitter:data1\" content=\"digitalservices\" \/>\n\t<meta name=\"twitter:label2\" content=\"Est. reading time\" \/>\n\t<meta name=\"twitter:data2\" content=\"7 minutes\" \/>\n<script type=\"application\/ld+json\" class=\"yoast-schema-graph\">{\"@context\":\"https:\\\/\\\/schema.org\",\"@graph\":[{\"@type\":\"Article\",\"@id\":\"https:\\\/\\\/www.idealpropertymallorca.com\\\/blog\\\/de\\\/cala-boquer-eines-der-verborgenen-juwelen-mallorcas\\\/#article\",\"isPartOf\":{\"@id\":\"https:\\\/\\\/www.idealpropertymallorca.com\\\/blog\\\/de\\\/cala-boquer-eines-der-verborgenen-juwelen-mallorcas\\\/\"},\"author\":{\"name\":\"digitalservices\",\"@id\":\"https:\\\/\\\/www.idealpropertymallorca.com\\\/blog\\\/de\\\/#\\\/schema\\\/person\\\/8afda339a8de0d6db90fffb895f38917\"},\"headline\":\"Cala B\u00f3quer: eines der verborgenen Juwelen Mallorcas\",\"datePublished\":\"2025-01-30T08:09:30+00:00\",\"dateModified\":\"2025-05-07T13:06:53+00:00\",\"mainEntityOfPage\":{\"@id\":\"https:\\\/\\\/www.idealpropertymallorca.com\\\/blog\\\/de\\\/cala-boquer-eines-der-verborgenen-juwelen-mallorcas\\\/\"},\"wordCount\":1061,\"commentCount\":0,\"publisher\":{\"@id\":\"https:\\\/\\\/www.idealpropertymallorca.com\\\/blog\\\/de\\\/#organization\"},\"image\":{\"@id\":\"https:\\\/\\\/www.idealpropertymallorca.com\\\/blog\\\/de\\\/cala-boquer-eines-der-verborgenen-juwelen-mallorcas\\\/#primaryimage\"},\"thumbnailUrl\":\"https:\\\/\\\/www.idealpropertymallorca.com\\\/blog\\\/wp-content\\\/uploads\\\/2025\\\/01\\\/Cala-Boquer-Pollenca.jpg\",\"articleSection\":[\"Buchten\"],\"inLanguage\":\"de\",\"potentialAction\":[{\"@type\":\"CommentAction\",\"name\":\"Comment\",\"target\":[\"https:\\\/\\\/www.idealpropertymallorca.com\\\/blog\\\/de\\\/cala-boquer-eines-der-verborgenen-juwelen-mallorcas\\\/#respond\"]}]},{\"@type\":\"WebPage\",\"@id\":\"https:\\\/\\\/www.idealpropertymallorca.com\\\/blog\\\/de\\\/cala-boquer-eines-der-verborgenen-juwelen-mallorcas\\\/\",\"url\":\"https:\\\/\\\/www.idealpropertymallorca.com\\\/blog\\\/de\\\/cala-boquer-eines-der-verborgenen-juwelen-mallorcas\\\/\",\"name\":\"Cala B\u00f3quer: eines der verborgenen Juwelen Mallorcas - Blog von Mallorca\",\"isPartOf\":{\"@id\":\"https:\\\/\\\/www.idealpropertymallorca.com\\\/blog\\\/de\\\/#website\"},\"primaryImageOfPage\":{\"@id\":\"https:\\\/\\\/www.idealpropertymallorca.com\\\/blog\\\/de\\\/cala-boquer-eines-der-verborgenen-juwelen-mallorcas\\\/#primaryimage\"},\"image\":{\"@id\":\"https:\\\/\\\/www.idealpropertymallorca.com\\\/blog\\\/de\\\/cala-boquer-eines-der-verborgenen-juwelen-mallorcas\\\/#primaryimage\"},\"thumbnailUrl\":\"https:\\\/\\\/www.idealpropertymallorca.com\\\/blog\\\/wp-content\\\/uploads\\\/2025\\\/01\\\/Cala-Boquer-Pollenca.jpg\",\"datePublished\":\"2025-01-30T08:09:30+00:00\",\"dateModified\":\"2025-05-07T13:06:53+00:00\",\"inLanguage\":\"de\",\"potentialAction\":[{\"@type\":\"ReadAction\",\"target\":[\"https:\\\/\\\/www.idealpropertymallorca.com\\\/blog\\\/de\\\/cala-boquer-eines-der-verborgenen-juwelen-mallorcas\\\/\"]}]},{\"@type\":\"ImageObject\",\"inLanguage\":\"de\",\"@id\":\"https:\\\/\\\/www.idealpropertymallorca.com\\\/blog\\\/de\\\/cala-boquer-eines-der-verborgenen-juwelen-mallorcas\\\/#primaryimage\",\"url\":\"https:\\\/\\\/www.idealpropertymallorca.com\\\/blog\\\/wp-content\\\/uploads\\\/2025\\\/01\\\/Cala-Boquer-Pollenca.jpg\",\"contentUrl\":\"https:\\\/\\\/www.idealpropertymallorca.com\\\/blog\\\/wp-content\\\/uploads\\\/2025\\\/01\\\/Cala-Boquer-Pollenca.jpg\",\"width\":1920,\"height\":640,\"caption\":\"Cala Boquer Pollen\u00e7a\"},{\"@type\":\"WebSite\",\"@id\":\"https:\\\/\\\/www.idealpropertymallorca.com\\\/blog\\\/de\\\/#website\",\"url\":\"https:\\\/\\\/www.idealpropertymallorca.com\\\/blog\\\/de\\\/\",\"name\":\"Blog von Mallorca\",\"description\":\"Finden Sie touristische Informationen dar\u00fcber, was zu sehen und zu tun auf der Insel Mallorca w\u00e4hrend der Ferien. Entdecken Sie die besten Orte!\",\"publisher\":{\"@id\":\"https:\\\/\\\/www.idealpropertymallorca.com\\\/blog\\\/de\\\/#organization\"},\"potentialAction\":[{\"@type\":\"SearchAction\",\"target\":{\"@type\":\"EntryPoint\",\"urlTemplate\":\"https:\\\/\\\/www.idealpropertymallorca.com\\\/blog\\\/de\\\/?s={search_term_string}\"},\"query-input\":{\"@type\":\"PropertyValueSpecification\",\"valueRequired\":true,\"valueName\":\"search_term_string\"}}],\"inLanguage\":\"de\"},{\"@type\":\"Organization\",\"@id\":\"https:\\\/\\\/www.idealpropertymallorca.com\\\/blog\\\/de\\\/#organization\",\"name\":\"Blog von Mallorca\",\"url\":\"https:\\\/\\\/www.idealpropertymallorca.com\\\/blog\\\/de\\\/\",\"logo\":{\"@type\":\"ImageObject\",\"inLanguage\":\"de\",\"@id\":\"https:\\\/\\\/www.idealpropertymallorca.com\\\/blog\\\/de\\\/#\\\/schema\\\/logo\\\/image\\\/\",\"url\":\"https:\\\/\\\/www.idealpropertymallorca.com\\\/blog\\\/wp-content\\\/uploads\\\/2024\\\/10\\\/ideal-property-mallorca-blue-mobile.png\",\"contentUrl\":\"https:\\\/\\\/www.idealpropertymallorca.com\\\/blog\\\/wp-content\\\/uploads\\\/2024\\\/10\\\/ideal-property-mallorca-blue-mobile.png\",\"width\":500,\"height\":150,\"caption\":\"Blog von Mallorca\"},\"image\":{\"@id\":\"https:\\\/\\\/www.idealpropertymallorca.com\\\/blog\\\/de\\\/#\\\/schema\\\/logo\\\/image\\\/\"}},{\"@type\":\"Person\",\"@id\":\"https:\\\/\\\/www.idealpropertymallorca.com\\\/blog\\\/de\\\/#\\\/schema\\\/person\\\/8afda339a8de0d6db90fffb895f38917\",\"name\":\"digitalservices\",\"image\":{\"@type\":\"ImageObject\",\"inLanguage\":\"de\",\"@id\":\"https:\\\/\\\/secure.gravatar.com\\\/avatar\\\/af30f88a1904294c1f3eb09a9d7903eec4ffa18fa2cf40c28a8681014ecdfc20?s=96&d=mm&r=g\",\"url\":\"https:\\\/\\\/secure.gravatar.com\\\/avatar\\\/af30f88a1904294c1f3eb09a9d7903eec4ffa18fa2cf40c28a8681014ecdfc20?s=96&d=mm&r=g\",\"contentUrl\":\"https:\\\/\\\/secure.gravatar.com\\\/avatar\\\/af30f88a1904294c1f3eb09a9d7903eec4ffa18fa2cf40c28a8681014ecdfc20?s=96&d=mm&r=g\",\"caption\":\"digitalservices\"}}]}<\/script>\n<!-- \/ Yoast SEO plugin. -->","yoast_head_json":{"title":"Cala B\u00f3quer: eines der verborgenen Juwelen Mallorcas - Blog von Mallorca","robots":{"index":"index","follow":"follow","max-snippet":"max-snippet:-1","max-image-preview":"max-image-preview:large","max-video-preview":"max-video-preview:-1"},"canonical":"https:\/\/www.idealpropertymallorca.com\/blog\/de\/cala-boquer-eines-der-verborgenen-juwelen-mallorcas\/","og_locale":"de_DE","og_type":"article","og_title":"Cala B\u00f3quer: eines der verborgenen Juwelen Mallorcas - Blog von Mallorca","og_description":"Wenn Sie an Mallorca denken, kommen Ihnen wahrscheinlich als Erstes Traumstr\u00e4nde, Buchten mit kristallklarem Wasser und mediterrane Landschaften wie aus dem Bilderbuch in den Sinn. Nat\u00fcrlich! Unter all diesen Wundern befindet sich Cala B\u00f3quer, eine ganz besondere Ecke der Insel. Dieses kleine Paradies im Norden, in der N\u00e4he der charmanten Ortschaft Pollen\u00e7a, ist perfekt, wenn [&hellip;]","og_url":"https:\/\/www.idealpropertymallorca.com\/blog\/de\/cala-boquer-eines-der-verborgenen-juwelen-mallorcas\/","og_site_name":"Blog von Mallorca","article_published_time":"2025-01-30T08:09:30+00:00","article_modified_time":"2025-05-07T13:06:53+00:00","og_image":[{"width":1920,"height":640,"url":"https:\/\/www.idealpropertymallorca.com\/blog\/wp-content\/uploads\/2025\/01\/Cala-Boquer-Pollenca.jpg","type":"image\/jpeg"}],"author":"digitalservices","twitter_card":"summary_large_image","twitter_misc":{"Written by":"digitalservices","Est. reading time":"7 minutes"},"schema":{"@context":"https:\/\/schema.org","@graph":[{"@type":"Article","@id":"https:\/\/www.idealpropertymallorca.com\/blog\/de\/cala-boquer-eines-der-verborgenen-juwelen-mallorcas\/#article","isPartOf":{"@id":"https:\/\/www.idealpropertymallorca.com\/blog\/de\/cala-boquer-eines-der-verborgenen-juwelen-mallorcas\/"},"author":{"name":"digitalservices","@id":"https:\/\/www.idealpropertymallorca.com\/blog\/de\/#\/schema\/person\/8afda339a8de0d6db90fffb895f38917"},"headline":"Cala B\u00f3quer: eines der verborgenen Juwelen Mallorcas","datePublished":"2025-01-30T08:09:30+00:00","dateModified":"2025-05-07T13:06:53+00:00","mainEntityOfPage":{"@id":"https:\/\/www.idealpropertymallorca.com\/blog\/de\/cala-boquer-eines-der-verborgenen-juwelen-mallorcas\/"},"wordCount":1061,"commentCount":0,"publisher":{"@id":"https:\/\/www.idealpropertymallorca.com\/blog\/de\/#organization"},"image":{"@id":"https:\/\/www.idealpropertymallorca.com\/blog\/de\/cala-boquer-eines-der-verborgenen-juwelen-mallorcas\/#primaryimage"},"thumbnailUrl":"https:\/\/www.idealpropertymallorca.com\/blog\/wp-content\/uploads\/2025\/01\/Cala-Boquer-Pollenca.jpg","articleSection":["Buchten"],"inLanguage":"de","potentialAction":[{"@type":"CommentAction","name":"Comment","target":["https:\/\/www.idealpropertymallorca.com\/blog\/de\/cala-boquer-eines-der-verborgenen-juwelen-mallorcas\/#respond"]}]},{"@type":"WebPage","@id":"https:\/\/www.idealpropertymallorca.com\/blog\/de\/cala-boquer-eines-der-verborgenen-juwelen-mallorcas\/","url":"https:\/\/www.idealpropertymallorca.com\/blog\/de\/cala-boquer-eines-der-verborgenen-juwelen-mallorcas\/","name":"Cala B\u00f3quer: eines der verborgenen Juwelen Mallorcas - Blog von Mallorca","isPartOf":{"@id":"https:\/\/www.idealpropertymallorca.com\/blog\/de\/#website"},"primaryImageOfPage":{"@id":"https:\/\/www.idealpropertymallorca.com\/blog\/de\/cala-boquer-eines-der-verborgenen-juwelen-mallorcas\/#primaryimage"},"image":{"@id":"https:\/\/www.idealpropertymallorca.com\/blog\/de\/cala-boquer-eines-der-verborgenen-juwelen-mallorcas\/#primaryimage"},"thumbnailUrl":"https:\/\/www.idealpropertymallorca.com\/blog\/wp-content\/uploads\/2025\/01\/Cala-Boquer-Pollenca.jpg","datePublished":"2025-01-30T08:09:30+00:00","dateModified":"2025-05-07T13:06:53+00:00","inLanguage":"de","potentialAction":[{"@type":"ReadAction","target":["https:\/\/www.idealpropertymallorca.com\/blog\/de\/cala-boquer-eines-der-verborgenen-juwelen-mallorcas\/"]}]},{"@type":"ImageObject","inLanguage":"de","@id":"https:\/\/www.idealpropertymallorca.com\/blog\/de\/cala-boquer-eines-der-verborgenen-juwelen-mallorcas\/#primaryimage","url":"https:\/\/www.idealpropertymallorca.com\/blog\/wp-content\/uploads\/2025\/01\/Cala-Boquer-Pollenca.jpg","contentUrl":"https:\/\/www.idealpropertymallorca.com\/blog\/wp-content\/uploads\/2025\/01\/Cala-Boquer-Pollenca.jpg","width":1920,"height":640,"caption":"Cala Boquer Pollen\u00e7a"},{"@type":"WebSite","@id":"https:\/\/www.idealpropertymallorca.com\/blog\/de\/#website","url":"https:\/\/www.idealpropertymallorca.com\/blog\/de\/","name":"Blog von Mallorca","description":"Finden Sie touristische Informationen dar\u00fcber, was zu sehen und zu tun auf der Insel Mallorca w\u00e4hrend der Ferien. Entdecken Sie die besten Orte!","publisher":{"@id":"https:\/\/www.idealpropertymallorca.com\/blog\/de\/#organization"},"potentialAction":[{"@type":"SearchAction","target":{"@type":"EntryPoint","urlTemplate":"https:\/\/www.idealpropertymallorca.com\/blog\/de\/?s={search_term_string}"},"query-input":{"@type":"PropertyValueSpecification","valueRequired":true,"valueName":"search_term_string"}}],"inLanguage":"de"},{"@type":"Organization","@id":"https:\/\/www.idealpropertymallorca.com\/blog\/de\/#organization","name":"Blog von Mallorca","url":"https:\/\/www.idealpropertymallorca.com\/blog\/de\/","logo":{"@type":"ImageObject","inLanguage":"de","@id":"https:\/\/www.idealpropertymallorca.com\/blog\/de\/#\/schema\/logo\/image\/","url":"https:\/\/www.idealpropertymallorca.com\/blog\/wp-content\/uploads\/2024\/10\/ideal-property-mallorca-blue-mobile.png","contentUrl":"https:\/\/www.idealpropertymallorca.com\/blog\/wp-content\/uploads\/2024\/10\/ideal-property-mallorca-blue-mobile.png","width":500,"height":150,"caption":"Blog von Mallorca"},"image":{"@id":"https:\/\/www.idealpropertymallorca.com\/blog\/de\/#\/schema\/logo\/image\/"}},{"@type":"Person","@id":"https:\/\/www.idealpropertymallorca.com\/blog\/de\/#\/schema\/person\/8afda339a8de0d6db90fffb895f38917","name":"digitalservices","image":{"@type":"ImageObject","inLanguage":"de","@id":"https:\/\/secure.gravatar.com\/avatar\/af30f88a1904294c1f3eb09a9d7903eec4ffa18fa2cf40c28a8681014ecdfc20?s=96&d=mm&r=g","url":"https:\/\/secure.gravatar.com\/avatar\/af30f88a1904294c1f3eb09a9d7903eec4ffa18fa2cf40c28a8681014ecdfc20?s=96&d=mm&r=g","contentUrl":"https:\/\/secure.gravatar.com\/avatar\/af30f88a1904294c1f3eb09a9d7903eec4ffa18fa2cf40c28a8681014ecdfc20?s=96&d=mm&r=g","caption":"digitalservices"}}]}},"_links":{"self":[{"href":"https:\/\/www.idealpropertymallorca.com\/blog\/de\/wp-json\/wp\/v2\/posts\/16795","targetHints":{"allow":["GET"]}}],"collection":[{"href":"https:\/\/www.idealpropertymallorca.com\/blog\/de\/wp-json\/wp\/v2\/posts"}],"about":[{"href":"https:\/\/www.idealpropertymallorca.com\/blog\/de\/wp-json\/wp\/v2\/types\/post"}],"author":[{"embeddable":true,"href":"https:\/\/www.idealpropertymallorca.com\/blog\/de\/wp-json\/wp\/v2\/users\/3"}],"replies":[{"embeddable":true,"href":"https:\/\/www.idealpropertymallorca.com\/blog\/de\/wp-json\/wp\/v2\/comments?post=16795"}],"version-history":[{"count":7,"href":"https:\/\/www.idealpropertymallorca.com\/blog\/de\/wp-json\/wp\/v2\/posts\/16795\/revisions"}],"predecessor-version":[{"id":17004,"href":"https:\/\/www.idealpropertymallorca.com\/blog\/de\/wp-json\/wp\/v2\/posts\/16795\/revisions\/17004"}],"wp:featuredmedia":[{"embeddable":true,"href":"https:\/\/www.idealpropertymallorca.com\/blog\/de\/wp-json\/wp\/v2\/media\/16605"}],"wp:attachment":[{"href":"https:\/\/www.idealpropertymallorca.com\/blog\/de\/wp-json\/wp\/v2\/media?parent=16795"}],"wp:term":[{"taxonomy":"category","embeddable":true,"href":"https:\/\/www.idealpropertymallorca.com\/blog\/de\/wp-json\/wp\/v2\/categories?post=16795"},{"taxonomy":"post_tag","embeddable":true,"href":"https:\/\/www.idealpropertymallorca.com\/blog\/de\/wp-json\/wp\/v2\/tags?post=16795"}],"curies":[{"name":"wp","href":"https:\/\/api.w.org\/{rel}","templated":true}]}}